{"id":33748,"date":"2016-10-16T01:20:53","date_gmt":"2016-10-15T23:50:53","guid":{"rendered":"http:\/\/candas365.es\/noticias\/?p=33748"},"modified":"2016-10-16T01:20:53","modified_gmt":"2016-10-15T23:50:53","slug":"merkel-critica-a-autoridades-por-el-suicidio-del-supuesto-terrorista","status":"publish","type":"post","link":"https:\/\/candas365.es\/noticias\/merkel-critica-a-autoridades-por-el-suicidio-del-supuesto-terrorista\/","title":{"rendered":"Merkel critica a autoridades por el suicidio del supuesto terrorista"},"content":{"rendered":"<p> (dpa) &#8211; La canciller alemana, Angela Merkel, critic\u00f3 hoy a las autoridades regionales del estado federado de Sajonia por no haber podido evitar que el supuesto terrorista sirio, acusado de planear un atentado en Alemania, se ahorcara en su celda en la prisi\u00f3n de Leipzig, en el este del pa\u00eds.<\/p>\n<p>\u00abCuando tiene lugar un suicidio en una instalaci\u00f3n penitenciaria, entonces algo ha ido mal puesto que no se han advertido a tiempo las se\u00f1ales de aviso\u00bb, declar\u00f3 su portavoz, Steffen Seibert, sobre el suicidio en la ciudad sajona.<\/p>\n<p>Adem\u00e1s, en el caso de Yaber al Bakr esto significa que no podr\u00e1 ser sometido a ning\u00fan otro interrogatorio, record\u00f3. \u00abEsto hace m\u00e1s dif\u00edcil el trabajo de los investigadores\u00bb, agreg\u00f3.<\/p>\n<p>Merkel se sum\u00f3 as\u00ed a las declaraciones del ministro de Interior, Thomas de Maizi\u00e8re, que lament\u00f3 el jueves la p\u00e9rdida que supone para avanzar en la lucha antiterrorista, ya que la muerte del sirio de 22 a\u00f1os dificulta la investigaci\u00f3n sobre posibles c\u00f3mplices, cerebros y redes implicados en los planes de atentar en Alemania.<\/p>\n<p>La canciller alemana se suma a la exigencia del ministro de Interior de llevar a cabo una investigaci\u00f3n completa y r\u00e1pida de lo sucedido, se\u00f1al\u00f3 Seibert.<\/p>\n<p>Al Bakr, que hab\u00eda llegado a Alemania en 2015 como refugiado, hab\u00eda sido detenido la madrugada del lunes en Leipzig, despu\u00e9s de que tres refugiados sirios que le hab\u00edan dado alojamiento el s\u00e1bado se dieran cuenta de que era el hombre buscado por las autoridades y lo entregaran.<\/p>\n<p>La detenci\u00f3n tuvo lugar dos d\u00edas despu\u00e9s de un intento de la Polic\u00eda de apresarlo en Chemnitz, a 85 kil\u00f3metros de Leipzig. Los efectivos encontraron en su vivienda en Chemnitz 1,5 kilos del explosivo altamente peligroso TATP. De acuerdo con datos de los servicios secretos alemanes, el sirio planeaba un atentado contra un aeropuerto de Berl\u00edn.<\/p>\n","protected":false},"excerpt":{"rendered":"<p>(dpa) &#8211; La canciller alemana, Angela Merkel, critic\u00f3 hoy a las autoridades regionales del estado federado de Sajonia por no haber podido evitar que el supuesto terrorista sirio, acusado de planear un atentado en Alemania, se ahorcara en su celda en la prisi\u00f3n de Leipzig, en el este del pa\u00eds. \u00abCuando tiene lugar un suicidio<\/p>\n","protected":false},"author":1,"featured_media":16457,"comment_status":"closed","ping_status":"closed","sticky":false,"template":"","format":"standard","meta":{"footnotes":""},"categories":[343],"tags":[],"class_list":{"0":"post-33748","1":"post","2":"type-post","3":"status-publish","4":"format-standard","5":"has-post-thumbnail","7":"category-actualidad"},"aioseo_notices":[],"aioseo_head":"\n\t\t<!-- All in One SEO Pro 4.9.6.2 - aioseo.com -->\n\t<meta name=\"description\" content=\"(dpa) - La canciller alemana, Angela Merkel, critic\u00f3 hoy a las autoridades regionales del estado federado de Sajonia por no haber podido evitar que el supuesto terrorista sirio, acusado de planear un atentado en Alemania, se ahorcara en su celda en la prisi\u00f3n de Leipzig, en el este del pa\u00eds. &quot;Cuando tiene lugar un suicidio\" \/>\n\t<meta name=\"robots\" content=\"max-image-preview:large\" \/>\n\t<meta name=\"author\" content=\"Cand\u00e1s 365\"\/>\n\t<meta name=\"google-site-verification\" content=\"UA-32230408-1\" \/>\n\t<meta name=\"msvalidate.01\" content=\"354F3CDFB2DA171B47FBE9ABF1F88D5\" \/>\n\t<meta name=\"keywords\" content=\"actualidad\" \/>\n\t<link rel=\"canonical\" href=\"https:\/\/candas365.es\/noticias\/merkel-critica-a-autoridades-por-el-suicidio-del-supuesto-terrorista\/\" \/>\n\t<meta name=\"generator\" content=\"All in One SEO Pro (AIOSEO) 4.9.6.2\" \/>\n\t\t<meta property=\"og:locale\" content=\"es_ES\" \/>\n\t\t<meta property=\"og:site_name\" content=\"Cand\u00e1s 365\" \/>\n\t\t<meta property=\"og:type\" content=\"article\" \/>\n\t\t<meta property=\"og:title\" content=\"Merkel critica a autoridades por el suicidio del supuesto terrorista | Cand\u00e1s 365\" \/>\n\t\t<meta property=\"og:description\" content=\"(dpa) - La canciller alemana, Angela Merkel, critic\u00f3 hoy a las autoridades regionales del estado federado de Sajonia por no haber podido evitar que el supuesto terrorista sirio, acusado de planear un atentado en Alemania, se ahorcara en su celda en la prisi\u00f3n de Leipzig, en el este del pa\u00eds. &quot;Cuando tiene lugar un suicidio\" \/>\n\t\t<meta property=\"og:url\" content=\"https:\/\/candas365.es\/noticias\/merkel-critica-a-autoridades-por-el-suicidio-del-supuesto-terrorista\/\" \/>\n\t\t<meta property=\"og:image\" content=\"https:\/\/candas365.es\/noticias\/wp-content\/uploads\/2015\/09\/c365noticias.jpg\" \/>\n\t\t<meta property=\"og:image:secure_url\" content=\"https:\/\/candas365.es\/noticias\/wp-content\/uploads\/2015\/09\/c365noticias.jpg\" \/>\n\t\t<meta property=\"og:image:width\" content=\"655\" \/>\n\t\t<meta property=\"og:image:height\" content=\"360\" \/>\n\t\t<meta property=\"article:published_time\" content=\"2016-10-15T23:50:53+00:00\" \/>\n\t\t<meta property=\"article:modified_time\" content=\"2016-10-15T23:50:53+00:00\" \/>\n\t\t<meta property=\"article:publisher\" content=\"https:\/\/www.facebook.com\/Nachofdezber\" \/>\n\t\t<meta property=\"article:author\" content=\"https:\/\/www.facebook.com\/carrenoactualidad\" \/>\n\t\t<meta name=\"twitter:card\" content=\"summary_large_image\" \/>\n\t\t<meta name=\"twitter:site\" content=\"@NabercoDigital\" \/>\n\t\t<meta name=\"twitter:title\" content=\"Merkel critica a autoridades por el suicidio del supuesto terrorista | Cand\u00e1s 365\" \/>\n\t\t<meta name=\"twitter:description\" content=\"(dpa) - La canciller alemana, Angela Merkel, critic\u00f3 hoy a las autoridades regionales del estado federado de Sajonia por no haber podido evitar que el supuesto terrorista sirio, acusado de planear un atentado en Alemania, se ahorcara en su celda en la prisi\u00f3n de Leipzig, en el este del pa\u00eds. &quot;Cuando tiene lugar un suicidio\" \/>\n\t\t<meta name=\"twitter:creator\" content=\"@nbasturias\" \/>\n\t\t<meta name=\"twitter:image\" content=\"https:\/\/candas365.es\/noticias\/wp-content\/uploads\/2015\/09\/c365noticias.jpg\" \/>\n\t\t<meta name=\"twitter:label1\" content=\"Escrito por\" \/>\n\t\t<meta name=\"twitter:data1\" content=\"Cand\u00e1s 365\" \/>\n\t\t<meta name=\"twitter:label2\" content=\"Tiempo de lectura estimado\" \/>\n\t\t<meta name=\"twitter:data2\" content=\"2 minutos\" \/>\n\t\t<script type=\"application\/ld+json\" class=\"aioseo-schema\">\n\t\t\t{\"@context\":\"https:\\\/\\\/schema.org\",\"@graph\":[{\"@type\":\"BreadcrumbList\",\"@id\":\"https:\\\/\\\/candas365.es\\\/noticias\\\/merkel-critica-a-autoridades-por-el-suicidio-del-supuesto-terrorista\\\/#breadcrumblist\",\"itemListElement\":[{\"@type\":\"ListItem\",\"@id\":\"https:\\\/\\\/candas365.es\\\/noticias#listItem\",\"position\":1,\"name\":\"Home\",\"item\":\"https:\\\/\\\/candas365.es\\\/noticias\",\"nextItem\":{\"@type\":\"ListItem\",\"@id\":\"https:\\\/\\\/candas365.es\\\/noticias\\\/category\\\/actualidad\\\/#listItem\",\"name\":\"Actualidad\"}},{\"@type\":\"ListItem\",\"@id\":\"https:\\\/\\\/candas365.es\\\/noticias\\\/category\\\/actualidad\\\/#listItem\",\"position\":2,\"name\":\"Actualidad\",\"item\":\"https:\\\/\\\/candas365.es\\\/noticias\\\/category\\\/actualidad\\\/\",\"nextItem\":{\"@type\":\"ListItem\",\"@id\":\"https:\\\/\\\/candas365.es\\\/noticias\\\/merkel-critica-a-autoridades-por-el-suicidio-del-supuesto-terrorista\\\/#listItem\",\"name\":\"Merkel critica a autoridades por el suicidio del supuesto terrorista\"},\"previousItem\":{\"@type\":\"ListItem\",\"@id\":\"https:\\\/\\\/candas365.es\\\/noticias#listItem\",\"name\":\"Home\"}},{\"@type\":\"ListItem\",\"@id\":\"https:\\\/\\\/candas365.es\\\/noticias\\\/merkel-critica-a-autoridades-por-el-suicidio-del-supuesto-terrorista\\\/#listItem\",\"position\":3,\"name\":\"Merkel critica a autoridades por el suicidio del supuesto terrorista\",\"previousItem\":{\"@type\":\"ListItem\",\"@id\":\"https:\\\/\\\/candas365.es\\\/noticias\\\/category\\\/actualidad\\\/#listItem\",\"name\":\"Actualidad\"}}]},{\"@type\":\"NewsArticle\",\"@id\":\"https:\\\/\\\/candas365.es\\\/noticias\\\/merkel-critica-a-autoridades-por-el-suicidio-del-supuesto-terrorista\\\/#newsarticle\",\"name\":\"Merkel critica a autoridades por el suicidio del supuesto terrorista | Cand\\u00e1s 365\",\"headline\":\"Merkel critica a autoridades por el suicidio del supuesto terrorista\",\"author\":{\"@id\":\"https:\\\/\\\/candas365.es\\\/noticias\\\/author\\\/admin\\\/#author\"},\"publisher\":{\"@id\":\"https:\\\/\\\/candas365.es\\\/noticias\\\/#organization\"},\"image\":{\"@type\":\"ImageObject\",\"url\":\"https:\\\/\\\/candas365.es\\\/noticias\\\/wp-content\\\/uploads\\\/2015\\\/09\\\/c365noticias.jpg\",\"width\":655,\"height\":360},\"datePublished\":\"2016-10-16T01:20:53+02:00\",\"dateModified\":\"2016-10-16T01:20:53+02:00\",\"inLanguage\":\"es-ES\",\"mainEntityOfPage\":{\"@id\":\"https:\\\/\\\/candas365.es\\\/noticias\\\/merkel-critica-a-autoridades-por-el-suicidio-del-supuesto-terrorista\\\/#webpage\"},\"isPartOf\":{\"@id\":\"https:\\\/\\\/candas365.es\\\/noticias\\\/merkel-critica-a-autoridades-por-el-suicidio-del-supuesto-terrorista\\\/#webpage\"},\"articleSection\":\"Actualidad\",\"dateline\":\"Publicado el octubre 16, 2016.\"},{\"@type\":\"Organization\",\"@id\":\"https:\\\/\\\/candas365.es\\\/noticias\\\/#organization\",\"name\":\"Cand\\u00e1s 365\",\"description\":\"Cand\\u00e1s 365 es un diario digital independiente, fundado en 2012, con base en Asturias. Informamos con rigor sobre actualidad, sociedad, cultura y ocio, con una mirada local y global.\",\"url\":\"https:\\\/\\\/candas365.es\\\/noticias\\\/\",\"email\":\"info@candas365.es\",\"telephone\":\"+34652131393\",\"foundingDate\":\"2012-06-10\",\"logo\":{\"@type\":\"ImageObject\",\"url\":\"https:\\\/\\\/candas365.es\\\/noticias\\\/wp-content\\\/uploads\\\/2024\\\/09\\\/Candas-365-Redes.jpg\",\"@id\":\"https:\\\/\\\/candas365.es\\\/noticias\\\/merkel-critica-a-autoridades-por-el-suicidio-del-supuesto-terrorista\\\/#organizationLogo\",\"width\":1152,\"height\":864,\"caption\":\"Cand\\u00e1s 365 Redes\"},\"image\":{\"@id\":\"https:\\\/\\\/candas365.es\\\/noticias\\\/merkel-critica-a-autoridades-por-el-suicidio-del-supuesto-terrorista\\\/#organizationLogo\"},\"sameAs\":[\"https:\\\/\\\/www.facebook.com\\\/Nachofdezber\",\"https:\\\/\\\/x.com\\\/NabercoDigital\",\"https:\\\/\\\/www.instagram.com\\\/nachofdezber\\\/\",\"https:\\\/\\\/www.youtube.com\\\/channel\\\/UCZP-2wLEB9Rv6erhFmqVnvg\"],\"address\":{\"@id\":\"https:\\\/\\\/candas365.es\\\/noticias\\\/#postaladdress\",\"@type\":\"PostalAddress\",\"streetAddress\":\"san antonio 4, san antonio 4\",\"postalCode\":\"33430\",\"addressLocality\":\"Cand\\u00e1s\",\"addressRegion\":\"Asturias\",\"addressCountry\":\"ES\"}},{\"@type\":\"Person\",\"@id\":\"https:\\\/\\\/candas365.es\\\/noticias\\\/author\\\/admin\\\/#author\",\"url\":\"https:\\\/\\\/candas365.es\\\/noticias\\\/author\\\/admin\\\/\",\"name\":\"Cand\\u00e1s 365\",\"image\":{\"@type\":\"ImageObject\",\"@id\":\"https:\\\/\\\/candas365.es\\\/noticias\\\/merkel-critica-a-autoridades-por-el-suicidio-del-supuesto-terrorista\\\/#authorImage\",\"url\":\"https:\\\/\\\/secure.gravatar.com\\\/avatar\\\/496a8e03d0c493ede1718b7934145dbdf8d89be1036b0eec9544e1094c9de390?s=96&d=mm&r=g\",\"width\":96,\"height\":96,\"caption\":\"Cand\\u00e1s 365\"},\"sameAs\":[\"https:\\\/\\\/www.facebook.com\\\/carrenoactualidad\",\"https:\\\/\\\/twitter.com\\\/nbasturias\",\"https:\\\/\\\/www.instagram.com\\\/nachofdezber\\\/\",\"https:\\\/\\\/www.youtube.com\\\/channel\\\/UCZP-2wLEB9Rv6erhFmqVnvg\"]},{\"@type\":\"WebPage\",\"@id\":\"https:\\\/\\\/candas365.es\\\/noticias\\\/merkel-critica-a-autoridades-por-el-suicidio-del-supuesto-terrorista\\\/#webpage\",\"url\":\"https:\\\/\\\/candas365.es\\\/noticias\\\/merkel-critica-a-autoridades-por-el-suicidio-del-supuesto-terrorista\\\/\",\"name\":\"Merkel critica a autoridades por el suicidio del supuesto terrorista | Cand\\u00e1s 365\",\"description\":\"(dpa) - La canciller alemana, Angela Merkel, critic\\u00f3 hoy a las autoridades regionales del estado federado de Sajonia por no haber podido evitar que el supuesto terrorista sirio, acusado de planear un atentado en Alemania, se ahorcara en su celda en la prisi\\u00f3n de Leipzig, en el este del pa\\u00eds. \\\"Cuando tiene lugar un suicidio\",\"inLanguage\":\"es-ES\",\"isPartOf\":{\"@id\":\"https:\\\/\\\/candas365.es\\\/noticias\\\/#website\"},\"breadcrumb\":{\"@id\":\"https:\\\/\\\/candas365.es\\\/noticias\\\/merkel-critica-a-autoridades-por-el-suicidio-del-supuesto-terrorista\\\/#breadcrumblist\"},\"author\":{\"@id\":\"https:\\\/\\\/candas365.es\\\/noticias\\\/author\\\/admin\\\/#author\"},\"creator\":{\"@id\":\"https:\\\/\\\/candas365.es\\\/noticias\\\/author\\\/admin\\\/#author\"},\"image\":{\"@type\":\"ImageObject\",\"url\":\"https:\\\/\\\/candas365.es\\\/noticias\\\/wp-content\\\/uploads\\\/2015\\\/09\\\/c365noticias.jpg\",\"@id\":\"https:\\\/\\\/candas365.es\\\/noticias\\\/merkel-critica-a-autoridades-por-el-suicidio-del-supuesto-terrorista\\\/#mainImage\",\"width\":655,\"height\":360},\"primaryImageOfPage\":{\"@id\":\"https:\\\/\\\/candas365.es\\\/noticias\\\/merkel-critica-a-autoridades-por-el-suicidio-del-supuesto-terrorista\\\/#mainImage\"},\"datePublished\":\"2016-10-16T01:20:53+02:00\",\"dateModified\":\"2016-10-16T01:20:53+02:00\"},{\"@type\":\"WebSite\",\"@id\":\"https:\\\/\\\/candas365.es\\\/noticias\\\/#website\",\"url\":\"https:\\\/\\\/candas365.es\\\/noticias\\\/\",\"name\":\"Cand\\u00e1s 365\",\"alternateName\":\"Cand\\u00e1s 365 Noticias\",\"description\":\"Actualidad desde Carre\\u00f1o para el mundo\",\"inLanguage\":\"es-ES\",\"publisher\":{\"@id\":\"https:\\\/\\\/candas365.es\\\/noticias\\\/#organization\"}}]}\n\t\t<\/script>\n\t\t<!-- All in One SEO Pro -->\r\n\t\t<title>Merkel critica a autoridades por el suicidio del supuesto terrorista | Cand\u00e1s 365<\/title>\n\n","aioseo_head_json":{"title":"Merkel critica a autoridades por el suicidio del supuesto terrorista | Cand\u00e1s 365","description":"(dpa) - La canciller alemana, Angela Merkel, critic\u00f3 hoy a las autoridades regionales del estado federado de Sajonia por no haber podido evitar que el supuesto terrorista sirio, acusado de planear un atentado en Alemania, se ahorcara en su celda en la prisi\u00f3n de Leipzig, en el este del pa\u00eds. \"Cuando tiene lugar un suicidio","canonical_url":"https:\/\/candas365.es\/noticias\/merkel-critica-a-autoridades-por-el-suicidio-del-supuesto-terrorista\/","robots":"max-image-preview:large","keywords":"actualidad","webmasterTools":{"google-site-verification":"UA-32230408-1","msvalidate.01":"354F3CDFB2DA171B47FBE9ABF1F88D5","miscellaneous":""},"schema":{"@context":"https:\/\/schema.org","@graph":[{"@type":"BreadcrumbList","@id":"https:\/\/candas365.es\/noticias\/merkel-critica-a-autoridades-por-el-suicidio-del-supuesto-terrorista\/#breadcrumblist","itemListElement":[{"@type":"ListItem","@id":"https:\/\/candas365.es\/noticias#listItem","position":1,"name":"Home","item":"https:\/\/candas365.es\/noticias","nextItem":{"@type":"ListItem","@id":"https:\/\/candas365.es\/noticias\/category\/actualidad\/#listItem","name":"Actualidad"}},{"@type":"ListItem","@id":"https:\/\/candas365.es\/noticias\/category\/actualidad\/#listItem","position":2,"name":"Actualidad","item":"https:\/\/candas365.es\/noticias\/category\/actualidad\/","nextItem":{"@type":"ListItem","@id":"https:\/\/candas365.es\/noticias\/merkel-critica-a-autoridades-por-el-suicidio-del-supuesto-terrorista\/#listItem","name":"Merkel critica a autoridades por el suicidio del supuesto terrorista"},"previousItem":{"@type":"ListItem","@id":"https:\/\/candas365.es\/noticias#listItem","name":"Home"}},{"@type":"ListItem","@id":"https:\/\/candas365.es\/noticias\/merkel-critica-a-autoridades-por-el-suicidio-del-supuesto-terrorista\/#listItem","position":3,"name":"Merkel critica a autoridades por el suicidio del supuesto terrorista","previousItem":{"@type":"ListItem","@id":"https:\/\/candas365.es\/noticias\/category\/actualidad\/#listItem","name":"Actualidad"}}]},{"@type":"NewsArticle","@id":"https:\/\/candas365.es\/noticias\/merkel-critica-a-autoridades-por-el-suicidio-del-supuesto-terrorista\/#newsarticle","name":"Merkel critica a autoridades por el suicidio del supuesto terrorista | Cand\u00e1s 365","headline":"Merkel critica a autoridades por el suicidio del supuesto terrorista","author":{"@id":"https:\/\/candas365.es\/noticias\/author\/admin\/#author"},"publisher":{"@id":"https:\/\/candas365.es\/noticias\/#organization"},"image":{"@type":"ImageObject","url":"https:\/\/candas365.es\/noticias\/wp-content\/uploads\/2015\/09\/c365noticias.jpg","width":655,"height":360},"datePublished":"2016-10-16T01:20:53+02:00","dateModified":"2016-10-16T01:20:53+02:00","inLanguage":"es-ES","mainEntityOfPage":{"@id":"https:\/\/candas365.es\/noticias\/merkel-critica-a-autoridades-por-el-suicidio-del-supuesto-terrorista\/#webpage"},"isPartOf":{"@id":"https:\/\/candas365.es\/noticias\/merkel-critica-a-autoridades-por-el-suicidio-del-supuesto-terrorista\/#webpage"},"articleSection":"Actualidad","dateline":"Publicado el octubre 16, 2016."},{"@type":"Organization","@id":"https:\/\/candas365.es\/noticias\/#organization","name":"Cand\u00e1s 365","description":"Cand\u00e1s 365 es un diario digital independiente, fundado en 2012, con base en Asturias. Informamos con rigor sobre actualidad, sociedad, cultura y ocio, con una mirada local y global.","url":"https:\/\/candas365.es\/noticias\/","email":"info@candas365.es","telephone":"+34652131393","foundingDate":"2012-06-10","logo":{"@type":"ImageObject","url":"https:\/\/candas365.es\/noticias\/wp-content\/uploads\/2024\/09\/Candas-365-Redes.jpg","@id":"https:\/\/candas365.es\/noticias\/merkel-critica-a-autoridades-por-el-suicidio-del-supuesto-terrorista\/#organizationLogo","width":1152,"height":864,"caption":"Cand\u00e1s 365 Redes"},"image":{"@id":"https:\/\/candas365.es\/noticias\/merkel-critica-a-autoridades-por-el-suicidio-del-supuesto-terrorista\/#organizationLogo"},"sameAs":["https:\/\/www.facebook.com\/Nachofdezber","https:\/\/x.com\/NabercoDigital","https:\/\/www.instagram.com\/nachofdezber\/","https:\/\/www.youtube.com\/channel\/UCZP-2wLEB9Rv6erhFmqVnvg"],"address":{"@id":"https:\/\/candas365.es\/noticias\/#postaladdress","@type":"PostalAddress","streetAddress":"san antonio 4, san antonio 4","postalCode":"33430","addressLocality":"Cand\u00e1s","addressRegion":"Asturias","addressCountry":"ES"}},{"@type":"Person","@id":"https:\/\/candas365.es\/noticias\/author\/admin\/#author","url":"https:\/\/candas365.es\/noticias\/author\/admin\/","name":"Cand\u00e1s 365","image":{"@type":"ImageObject","@id":"https:\/\/candas365.es\/noticias\/merkel-critica-a-autoridades-por-el-suicidio-del-supuesto-terrorista\/#authorImage","url":"https:\/\/secure.gravatar.com\/avatar\/496a8e03d0c493ede1718b7934145dbdf8d89be1036b0eec9544e1094c9de390?s=96&d=mm&r=g","width":96,"height":96,"caption":"Cand\u00e1s 365"},"sameAs":["https:\/\/www.facebook.com\/carrenoactualidad","https:\/\/twitter.com\/nbasturias","https:\/\/www.instagram.com\/nachofdezber\/","https:\/\/www.youtube.com\/channel\/UCZP-2wLEB9Rv6erhFmqVnvg"]},{"@type":"WebPage","@id":"https:\/\/candas365.es\/noticias\/merkel-critica-a-autoridades-por-el-suicidio-del-supuesto-terrorista\/#webpage","url":"https:\/\/candas365.es\/noticias\/merkel-critica-a-autoridades-por-el-suicidio-del-supuesto-terrorista\/","name":"Merkel critica a autoridades por el suicidio del supuesto terrorista | Cand\u00e1s 365","description":"(dpa) - La canciller alemana, Angela Merkel, critic\u00f3 hoy a las autoridades regionales del estado federado de Sajonia por no haber podido evitar que el supuesto terrorista sirio, acusado de planear un atentado en Alemania, se ahorcara en su celda en la prisi\u00f3n de Leipzig, en el este del pa\u00eds. \"Cuando tiene lugar un suicidio","inLanguage":"es-ES","isPartOf":{"@id":"https:\/\/candas365.es\/noticias\/#website"},"breadcrumb":{"@id":"https:\/\/candas365.es\/noticias\/merkel-critica-a-autoridades-por-el-suicidio-del-supuesto-terrorista\/#breadcrumblist"},"author":{"@id":"https:\/\/candas365.es\/noticias\/author\/admin\/#author"},"creator":{"@id":"https:\/\/candas365.es\/noticias\/author\/admin\/#author"},"image":{"@type":"ImageObject","url":"https:\/\/candas365.es\/noticias\/wp-content\/uploads\/2015\/09\/c365noticias.jpg","@id":"https:\/\/candas365.es\/noticias\/merkel-critica-a-autoridades-por-el-suicidio-del-supuesto-terrorista\/#mainImage","width":655,"height":360},"primaryImageOfPage":{"@id":"https:\/\/candas365.es\/noticias\/merkel-critica-a-autoridades-por-el-suicidio-del-supuesto-terrorista\/#mainImage"},"datePublished":"2016-10-16T01:20:53+02:00","dateModified":"2016-10-16T01:20:53+02:00"},{"@type":"WebSite","@id":"https:\/\/candas365.es\/noticias\/#website","url":"https:\/\/candas365.es\/noticias\/","name":"Cand\u00e1s 365","alternateName":"Cand\u00e1s 365 Noticias","description":"Actualidad desde Carre\u00f1o para el mundo","inLanguage":"es-ES","publisher":{"@id":"https:\/\/candas365.es\/noticias\/#organization"}}]},"og:locale":"es_ES","og:site_name":"Cand\u00e1s 365","og:type":"article","og:title":"Merkel critica a autoridades por el suicidio del supuesto terrorista | Cand\u00e1s 365","og:description":"(dpa) - La canciller alemana, Angela Merkel, critic\u00f3 hoy a las autoridades regionales del estado federado de Sajonia por no haber podido evitar que el supuesto terrorista sirio, acusado de planear un atentado en Alemania, se ahorcara en su celda en la prisi\u00f3n de Leipzig, en el este del pa\u00eds. &quot;Cuando tiene lugar un suicidio","og:url":"https:\/\/candas365.es\/noticias\/merkel-critica-a-autoridades-por-el-suicidio-del-supuesto-terrorista\/","og:image":"https:\/\/candas365.es\/noticias\/wp-content\/uploads\/2015\/09\/c365noticias.jpg","og:image:secure_url":"https:\/\/candas365.es\/noticias\/wp-content\/uploads\/2015\/09\/c365noticias.jpg","og:image:width":655,"og:image:height":360,"article:published_time":"2016-10-15T23:50:53+00:00","article:modified_time":"2016-10-15T23:50:53+00:00","article:publisher":"https:\/\/www.facebook.com\/Nachofdezber","article:author":"https:\/\/www.facebook.com\/carrenoactualidad","twitter:card":"summary_large_image","twitter:site":"@NabercoDigital","twitter:title":"Merkel critica a autoridades por el suicidio del supuesto terrorista | Cand\u00e1s 365","twitter:description":"(dpa) - La canciller alemana, Angela Merkel, critic\u00f3 hoy a las autoridades regionales del estado federado de Sajonia por no haber podido evitar que el supuesto terrorista sirio, acusado de planear un atentado en Alemania, se ahorcara en su celda en la prisi\u00f3n de Leipzig, en el este del pa\u00eds. &quot;Cuando tiene lugar un suicidio","twitter:creator":"@nbasturias","twitter:image":"https:\/\/candas365.es\/noticias\/wp-content\/uploads\/2015\/09\/c365noticias.jpg","twitter:label1":"Escrito por","twitter:data1":"Cand\u00e1s 365","twitter:label2":"Tiempo de lectura estimado","twitter:data2":"2 minutos"},"aioseo_meta_data":{"post_id":"33748","title":null,"description":null,"keywords":null,"keyphrases":null,"primary_term":null,"canonical_url":null,"og_title":null,"og_description":null,"og_object_type":"default","og_image_type":"default","og_image_url":null,"og_image_width":null,"og_image_height":null,"og_image_custom_url":null,"og_image_custom_fields":null,"og_video":null,"og_custom_url":null,"og_article_section":null,"og_article_tags":null,"twitter_use_og":false,"twitter_card":"default","twitter_image_type":"default","twitter_image_url":null,"twitter_image_custom_url":null,"twitter_image_custom_fields":null,"twitter_title":null,"twitter_description":null,"schema":{"blockGraphs":[],"customGraphs":[],"default":{"data":{"Article":[],"Course":[],"Dataset":[],"FAQPage":[],"Movie":[],"Person":[],"Product":[],"ProductReview":[],"Car":[],"Recipe":[],"Service":[],"SoftwareApplication":[],"WebPage":[]},"graphName":"","isEnabled":true},"graphs":[]},"schema_type":null,"schema_type_options":null,"pillar_content":false,"robots_default":true,"robots_noindex":false,"robots_noarchive":false,"robots_nosnippet":false,"robots_nofollow":false,"robots_noimageindex":false,"robots_noodp":false,"robots_notranslate":false,"robots_max_snippet":null,"robots_max_videopreview":null,"robots_max_imagepreview":"large","priority":null,"frequency":null,"location":null,"local_seo":null,"seo_analyzer_scan_date":"2025-08-24 16:54:14","breadcrumb_settings":null,"limit_modified_date":false,"reviewed_by":null,"open_ai":null,"ai":null,"created":"2020-12-21 13:06:55","updated":"2025-08-24 16:54:14"},"aioseo_breadcrumb":"<div class=\"aioseo-breadcrumbs\"><span class=\"aioseo-breadcrumb\">\n\t<a href=\"https:\/\/candas365.es\/noticias\" title=\"Home\">Home<\/a>\n<\/span><span class=\"aioseo-breadcrumb-separator\">&ndash;<\/span><span class=\"aioseo-breadcrumb\">\n\t<a href=\"https:\/\/candas365.es\/noticias\/category\/actualidad\/\" title=\"Actualidad\">Actualidad<\/a>\n<\/span><span class=\"aioseo-breadcrumb-separator\">&ndash;<\/span><span class=\"aioseo-breadcrumb\">\n\tMerkel critica a autoridades por el suicidio del supuesto terrorista\n<\/span><\/div>","aioseo_breadcrumb_json":[{"label":"Home","link":"https:\/\/candas365.es\/noticias"},{"label":"Actualidad","link":"https:\/\/candas365.es\/noticias\/category\/actualidad\/"},{"label":"Merkel critica a autoridades por el suicidio del supuesto terrorista","link":"https:\/\/candas365.es\/noticias\/merkel-critica-a-autoridades-por-el-suicidio-del-supuesto-terrorista\/"}],"_links":{"self":[{"href":"https:\/\/candas365.es\/noticias\/wp-json\/wp\/v2\/posts\/33748","targetHints":{"allow":["GET"]}}],"collection":[{"href":"https:\/\/candas365.es\/noticias\/wp-json\/wp\/v2\/posts"}],"about":[{"href":"https:\/\/candas365.es\/noticias\/wp-json\/wp\/v2\/types\/post"}],"author":[{"embeddable":true,"href":"https:\/\/candas365.es\/noticias\/wp-json\/wp\/v2\/users\/1"}],"replies":[{"embeddable":true,"href":"https:\/\/candas365.es\/noticias\/wp-json\/wp\/v2\/comments?post=33748"}],"version-history":[{"count":0,"href":"https:\/\/candas365.es\/noticias\/wp-json\/wp\/v2\/posts\/33748\/revisions"}],"wp:featuredmedia":[{"embeddable":true,"href":"https:\/\/candas365.es\/noticias\/wp-json\/wp\/v2\/media\/16457"}],"wp:attachment":[{"href":"https:\/\/candas365.es\/noticias\/wp-json\/wp\/v2\/media?parent=33748"}],"wp:term":[{"taxonomy":"category","embeddable":true,"href":"https:\/\/candas365.es\/noticias\/wp-json\/wp\/v2\/categories?post=33748"},{"taxonomy":"post_tag","embeddable":true,"href":"https:\/\/candas365.es\/noticias\/wp-json\/wp\/v2\/tags?post=33748"}],"curies":[{"name":"wp","href":"https:\/\/api.w.org\/{rel}","templated":true}]}}