{"id":33297,"date":"2016-08-06T17:00:29","date_gmt":"2016-08-06T15:30:29","guid":{"rendered":"http:\/\/candas365.es\/noticias\/?p=33297"},"modified":"2016-08-06T17:00:29","modified_gmt":"2016-08-06T15:30:29","slug":"partido-de-merkel-no-ve-necesario-modificar-la-politica-de-refugiados","status":"publish","type":"post","link":"https:\/\/candas365.es\/noticias\/partido-de-merkel-no-ve-necesario-modificar-la-politica-de-refugiados\/","title":{"rendered":"Partido de Merkel no ve necesario modificar la pol\u00edtica de refugiados"},"content":{"rendered":"<p>Berl\u00edn, 6 ago (dpa) &#8211; El jefe de la bancada conservadora alemana, Volker Kauder, no ve necesidad alguna de llevar a cabo una modificaci\u00f3n de la pol\u00edtica de refugiados seguida hasta ahora, a pesar de las nuevas cr\u00edticas que volvieron a surgir en el pa\u00eds tras los ataques en Baviera a manos de solicitantes de asilo.<\/p>\n<p>\u00abHemos trabajado con \u00e9xito, no s\u00f3lo con el acuerdo de Turqu\u00eda con la Uni\u00f3n Europea, para reducir en gran n\u00famero los refugiados que llegan al pa\u00eds\u00bb, asegur\u00f3 el jefe de la fracci\u00f3n parlamentaria de la Uni\u00f3n, formada por la Uni\u00f3n Cristianodem\u00f3crata (CDU) de la canciller Angela Merkel y su partido hermanado b\u00e1varo, la Uni\u00f3n Cristianosocial (CSU), en declaraciones publicadas hoy en los diarios del grupo Funke.<\/p>\n<p>Sin embargo, para reducir la llegada de refugiados de manera duradera se debe intensificar la lucha contra las causas que obligan a las personas a huir de sus pa\u00edses, indic\u00f3 al mismo tiempo que record\u00f3 que Alemania est\u00e1 centrada ahora en integrar a aquellos que tienen perspectivas de quedarse en el pa\u00eds.<\/p>\n<p>En los sondeos domina el descontento de la poblaci\u00f3n con la pol\u00edtica de refugiados de Merkel. En la \u00faltima encuesta de la televisi\u00f3n p\u00fablica alemana \u00abDeutschlandtrend\u00bb s\u00f3lo un tercio de los encuestados (34 por ciento) se mostr\u00f3 contento o muy contento con la actuaci\u00f3n de la mandataria alemana.<\/p>\n<p>De acuerdo con el polit\u00f3logo Karl-Rudolf Korte los recientes ataques registrados en Baviera son la causa de esta ca\u00edda en los sondeos. \u00abMuchos han dejado de confiar en la canciller. Angela Merkel es vista como parte del problema de fondo de la actual inseguridad y del miedo a un atentado terrorista en el pa\u00eds\u00bb, asegur\u00f3 en el diario alem\u00e1n \u00abRuhr Nachrichten\u00bb.<\/p>\n<p>En el sondeo \u00abDeutschlandtrend\u00bb publicado el jueves, s\u00f3lo un 47 por ciento se mostr\u00f3 satisfecho con el trabajo de la jefa del Gobierno alem\u00e1n, lo que supone una ca\u00edda de 12 puntos respecto al mes anterior, cuando se registr\u00f3 una subida de nueve puntos porcentuales.<\/p>\n","protected":false},"excerpt":{"rendered":"<p>Berl\u00edn, 6 ago (dpa) &#8211; El jefe de la bancada conservadora alemana, Volker Kauder, no ve necesidad alguna de llevar a cabo una modificaci\u00f3n de la pol\u00edtica de refugiados seguida hasta ahora, a pesar de las nuevas cr\u00edticas que volvieron a surgir en el pa\u00eds tras los ataques en Baviera a manos de solicitantes de<\/p>\n","protected":false},"author":1,"featured_media":16457,"comment_status":"closed","ping_status":"closed","sticky":false,"template":"","format":"standard","meta":{"footnotes":""},"categories":[343],"tags":[],"class_list":{"0":"post-33297","1":"post","2":"type-post","3":"status-publish","4":"format-standard","5":"has-post-thumbnail","7":"category-actualidad"},"aioseo_notices":[],"aioseo_head":"\n\t\t<!-- All in One SEO Pro 4.9.6.2 - aioseo.com -->\n\t<meta name=\"description\" content=\"Berl\u00edn, 6 ago (dpa) - El jefe de la bancada conservadora alemana, Volker Kauder, no ve necesidad alguna de llevar a cabo una modificaci\u00f3n de la pol\u00edtica de refugiados seguida hasta ahora, a pesar de las nuevas cr\u00edticas que volvieron a surgir en el pa\u00eds tras los ataques en Baviera a manos de solicitantes de\" \/>\n\t<meta name=\"robots\" content=\"max-image-preview:large\" \/>\n\t<meta name=\"author\" content=\"Cand\u00e1s 365\"\/>\n\t<meta name=\"google-site-verification\" content=\"UA-32230408-1\" \/>\n\t<meta name=\"msvalidate.01\" content=\"354F3CDFB2DA171B47FBE9ABF1F88D5\" \/>\n\t<meta name=\"keywords\" content=\"actualidad\" \/>\n\t<link rel=\"canonical\" href=\"https:\/\/candas365.es\/noticias\/partido-de-merkel-no-ve-necesario-modificar-la-politica-de-refugiados\/\" \/>\n\t<meta name=\"generator\" content=\"All in One SEO Pro (AIOSEO) 4.9.6.2\" \/>\n\t\t<meta property=\"og:locale\" content=\"es_ES\" \/>\n\t\t<meta property=\"og:site_name\" content=\"Cand\u00e1s 365\" \/>\n\t\t<meta property=\"og:type\" content=\"article\" \/>\n\t\t<meta property=\"og:title\" content=\"Partido de Merkel no ve necesario modificar la pol\u00edtica de refugiados | Cand\u00e1s 365\" \/>\n\t\t<meta property=\"og:description\" content=\"Berl\u00edn, 6 ago (dpa) - El jefe de la bancada conservadora alemana, Volker Kauder, no ve necesidad alguna de llevar a cabo una modificaci\u00f3n de la pol\u00edtica de refugiados seguida hasta ahora, a pesar de las nuevas cr\u00edticas que volvieron a surgir en el pa\u00eds tras los ataques en Baviera a manos de solicitantes de\" \/>\n\t\t<meta property=\"og:url\" content=\"https:\/\/candas365.es\/noticias\/partido-de-merkel-no-ve-necesario-modificar-la-politica-de-refugiados\/\" \/>\n\t\t<meta property=\"og:image\" content=\"https:\/\/candas365.es\/noticias\/wp-content\/uploads\/2015\/09\/c365noticias.jpg\" \/>\n\t\t<meta property=\"og:image:secure_url\" content=\"https:\/\/candas365.es\/noticias\/wp-content\/uploads\/2015\/09\/c365noticias.jpg\" \/>\n\t\t<meta property=\"og:image:width\" content=\"655\" \/>\n\t\t<meta property=\"og:image:height\" content=\"360\" \/>\n\t\t<meta property=\"article:published_time\" content=\"2016-08-06T15:30:29+00:00\" \/>\n\t\t<meta property=\"article:modified_time\" content=\"2016-08-06T15:30:29+00:00\" \/>\n\t\t<meta property=\"article:publisher\" content=\"https:\/\/www.facebook.com\/Nachofdezber\" \/>\n\t\t<meta property=\"article:author\" content=\"https:\/\/www.facebook.com\/carrenoactualidad\" \/>\n\t\t<meta name=\"twitter:card\" content=\"summary_large_image\" \/>\n\t\t<meta name=\"twitter:site\" content=\"@NabercoDigital\" \/>\n\t\t<meta name=\"twitter:title\" content=\"Partido de Merkel no ve necesario modificar la pol\u00edtica de refugiados | Cand\u00e1s 365\" \/>\n\t\t<meta name=\"twitter:description\" content=\"Berl\u00edn, 6 ago (dpa) - El jefe de la bancada conservadora alemana, Volker Kauder, no ve necesidad alguna de llevar a cabo una modificaci\u00f3n de la pol\u00edtica de refugiados seguida hasta ahora, a pesar de las nuevas cr\u00edticas que volvieron a surgir en el pa\u00eds tras los ataques en Baviera a manos de solicitantes de\" \/>\n\t\t<meta name=\"twitter:creator\" content=\"@nbasturias\" \/>\n\t\t<meta name=\"twitter:image\" content=\"https:\/\/candas365.es\/noticias\/wp-content\/uploads\/2015\/09\/c365noticias.jpg\" \/>\n\t\t<meta name=\"twitter:label1\" content=\"Escrito por\" \/>\n\t\t<meta name=\"twitter:data1\" content=\"Cand\u00e1s 365\" \/>\n\t\t<meta name=\"twitter:label2\" content=\"Tiempo de lectura estimado\" \/>\n\t\t<meta name=\"twitter:data2\" content=\"2 minutos\" \/>\n\t\t<script type=\"application\/ld+json\" class=\"aioseo-schema\">\n\t\t\t{\"@context\":\"https:\\\/\\\/schema.org\",\"@graph\":[{\"@type\":\"BreadcrumbList\",\"@id\":\"https:\\\/\\\/candas365.es\\\/noticias\\\/partido-de-merkel-no-ve-necesario-modificar-la-politica-de-refugiados\\\/#breadcrumblist\",\"itemListElement\":[{\"@type\":\"ListItem\",\"@id\":\"https:\\\/\\\/candas365.es\\\/noticias#listItem\",\"position\":1,\"name\":\"Home\",\"item\":\"https:\\\/\\\/candas365.es\\\/noticias\",\"nextItem\":{\"@type\":\"ListItem\",\"@id\":\"https:\\\/\\\/candas365.es\\\/noticias\\\/category\\\/actualidad\\\/#listItem\",\"name\":\"Actualidad\"}},{\"@type\":\"ListItem\",\"@id\":\"https:\\\/\\\/candas365.es\\\/noticias\\\/category\\\/actualidad\\\/#listItem\",\"position\":2,\"name\":\"Actualidad\",\"item\":\"https:\\\/\\\/candas365.es\\\/noticias\\\/category\\\/actualidad\\\/\",\"nextItem\":{\"@type\":\"ListItem\",\"@id\":\"https:\\\/\\\/candas365.es\\\/noticias\\\/partido-de-merkel-no-ve-necesario-modificar-la-politica-de-refugiados\\\/#listItem\",\"name\":\"Partido de Merkel no ve necesario modificar la pol\\u00edtica de refugiados\"},\"previousItem\":{\"@type\":\"ListItem\",\"@id\":\"https:\\\/\\\/candas365.es\\\/noticias#listItem\",\"name\":\"Home\"}},{\"@type\":\"ListItem\",\"@id\":\"https:\\\/\\\/candas365.es\\\/noticias\\\/partido-de-merkel-no-ve-necesario-modificar-la-politica-de-refugiados\\\/#listItem\",\"position\":3,\"name\":\"Partido de Merkel no ve necesario modificar la pol\\u00edtica de refugiados\",\"previousItem\":{\"@type\":\"ListItem\",\"@id\":\"https:\\\/\\\/candas365.es\\\/noticias\\\/category\\\/actualidad\\\/#listItem\",\"name\":\"Actualidad\"}}]},{\"@type\":\"NewsArticle\",\"@id\":\"https:\\\/\\\/candas365.es\\\/noticias\\\/partido-de-merkel-no-ve-necesario-modificar-la-politica-de-refugiados\\\/#newsarticle\",\"name\":\"Partido de Merkel no ve necesario modificar la pol\\u00edtica de refugiados | Cand\\u00e1s 365\",\"headline\":\"Partido de Merkel no ve necesario modificar la pol\\u00edtica de refugiados\",\"author\":{\"@id\":\"https:\\\/\\\/candas365.es\\\/noticias\\\/author\\\/admin\\\/#author\"},\"publisher\":{\"@id\":\"https:\\\/\\\/candas365.es\\\/noticias\\\/#organization\"},\"image\":{\"@type\":\"ImageObject\",\"url\":\"https:\\\/\\\/candas365.es\\\/noticias\\\/wp-content\\\/uploads\\\/2015\\\/09\\\/c365noticias.jpg\",\"width\":655,\"height\":360},\"datePublished\":\"2016-08-06T17:00:29+02:00\",\"dateModified\":\"2016-08-06T17:00:29+02:00\",\"inLanguage\":\"es-ES\",\"mainEntityOfPage\":{\"@id\":\"https:\\\/\\\/candas365.es\\\/noticias\\\/partido-de-merkel-no-ve-necesario-modificar-la-politica-de-refugiados\\\/#webpage\"},\"isPartOf\":{\"@id\":\"https:\\\/\\\/candas365.es\\\/noticias\\\/partido-de-merkel-no-ve-necesario-modificar-la-politica-de-refugiados\\\/#webpage\"},\"articleSection\":\"Actualidad\",\"dateline\":\"Publicado el agosto 6, 2016.\"},{\"@type\":\"Organization\",\"@id\":\"https:\\\/\\\/candas365.es\\\/noticias\\\/#organization\",\"name\":\"Cand\\u00e1s 365\",\"description\":\"Cand\\u00e1s 365 es un diario digital independiente, fundado en 2012, con base en Asturias. Informamos con rigor sobre actualidad, sociedad, cultura y ocio, con una mirada local y global.\",\"url\":\"https:\\\/\\\/candas365.es\\\/noticias\\\/\",\"email\":\"info@candas365.es\",\"telephone\":\"+34652131393\",\"foundingDate\":\"2012-06-10\",\"logo\":{\"@type\":\"ImageObject\",\"url\":\"https:\\\/\\\/candas365.es\\\/noticias\\\/wp-content\\\/uploads\\\/2024\\\/09\\\/Candas-365-Redes.jpg\",\"@id\":\"https:\\\/\\\/candas365.es\\\/noticias\\\/partido-de-merkel-no-ve-necesario-modificar-la-politica-de-refugiados\\\/#organizationLogo\",\"width\":1152,\"height\":864,\"caption\":\"Cand\\u00e1s 365 Redes\"},\"image\":{\"@id\":\"https:\\\/\\\/candas365.es\\\/noticias\\\/partido-de-merkel-no-ve-necesario-modificar-la-politica-de-refugiados\\\/#organizationLogo\"},\"sameAs\":[\"https:\\\/\\\/www.facebook.com\\\/Nachofdezber\",\"https:\\\/\\\/x.com\\\/NabercoDigital\",\"https:\\\/\\\/www.instagram.com\\\/nachofdezber\\\/\",\"https:\\\/\\\/www.youtube.com\\\/channel\\\/UCZP-2wLEB9Rv6erhFmqVnvg\"],\"address\":{\"@id\":\"https:\\\/\\\/candas365.es\\\/noticias\\\/#postaladdress\",\"@type\":\"PostalAddress\",\"streetAddress\":\"san antonio 4, san antonio 4\",\"postalCode\":\"33430\",\"addressLocality\":\"Cand\\u00e1s\",\"addressRegion\":\"Asturias\",\"addressCountry\":\"ES\"}},{\"@type\":\"Person\",\"@id\":\"https:\\\/\\\/candas365.es\\\/noticias\\\/author\\\/admin\\\/#author\",\"url\":\"https:\\\/\\\/candas365.es\\\/noticias\\\/author\\\/admin\\\/\",\"name\":\"Cand\\u00e1s 365\",\"image\":{\"@type\":\"ImageObject\",\"@id\":\"https:\\\/\\\/candas365.es\\\/noticias\\\/partido-de-merkel-no-ve-necesario-modificar-la-politica-de-refugiados\\\/#authorImage\",\"url\":\"https:\\\/\\\/secure.gravatar.com\\\/avatar\\\/496a8e03d0c493ede1718b7934145dbdf8d89be1036b0eec9544e1094c9de390?s=96&d=mm&r=g\",\"width\":96,\"height\":96,\"caption\":\"Cand\\u00e1s 365\"},\"sameAs\":[\"https:\\\/\\\/www.facebook.com\\\/carrenoactualidad\",\"https:\\\/\\\/twitter.com\\\/nbasturias\",\"https:\\\/\\\/www.instagram.com\\\/nachofdezber\\\/\",\"https:\\\/\\\/www.youtube.com\\\/channel\\\/UCZP-2wLEB9Rv6erhFmqVnvg\"]},{\"@type\":\"WebPage\",\"@id\":\"https:\\\/\\\/candas365.es\\\/noticias\\\/partido-de-merkel-no-ve-necesario-modificar-la-politica-de-refugiados\\\/#webpage\",\"url\":\"https:\\\/\\\/candas365.es\\\/noticias\\\/partido-de-merkel-no-ve-necesario-modificar-la-politica-de-refugiados\\\/\",\"name\":\"Partido de Merkel no ve necesario modificar la pol\\u00edtica de refugiados | Cand\\u00e1s 365\",\"description\":\"Berl\\u00edn, 6 ago (dpa) - El jefe de la bancada conservadora alemana, Volker Kauder, no ve necesidad alguna de llevar a cabo una modificaci\\u00f3n de la pol\\u00edtica de refugiados seguida hasta ahora, a pesar de las nuevas cr\\u00edticas que volvieron a surgir en el pa\\u00eds tras los ataques en Baviera a manos de solicitantes de\",\"inLanguage\":\"es-ES\",\"isPartOf\":{\"@id\":\"https:\\\/\\\/candas365.es\\\/noticias\\\/#website\"},\"breadcrumb\":{\"@id\":\"https:\\\/\\\/candas365.es\\\/noticias\\\/partido-de-merkel-no-ve-necesario-modificar-la-politica-de-refugiados\\\/#breadcrumblist\"},\"author\":{\"@id\":\"https:\\\/\\\/candas365.es\\\/noticias\\\/author\\\/admin\\\/#author\"},\"creator\":{\"@id\":\"https:\\\/\\\/candas365.es\\\/noticias\\\/author\\\/admin\\\/#author\"},\"image\":{\"@type\":\"ImageObject\",\"url\":\"https:\\\/\\\/candas365.es\\\/noticias\\\/wp-content\\\/uploads\\\/2015\\\/09\\\/c365noticias.jpg\",\"@id\":\"https:\\\/\\\/candas365.es\\\/noticias\\\/partido-de-merkel-no-ve-necesario-modificar-la-politica-de-refugiados\\\/#mainImage\",\"width\":655,\"height\":360},\"primaryImageOfPage\":{\"@id\":\"https:\\\/\\\/candas365.es\\\/noticias\\\/partido-de-merkel-no-ve-necesario-modificar-la-politica-de-refugiados\\\/#mainImage\"},\"datePublished\":\"2016-08-06T17:00:29+02:00\",\"dateModified\":\"2016-08-06T17:00:29+02:00\"},{\"@type\":\"WebSite\",\"@id\":\"https:\\\/\\\/candas365.es\\\/noticias\\\/#website\",\"url\":\"https:\\\/\\\/candas365.es\\\/noticias\\\/\",\"name\":\"Cand\\u00e1s 365\",\"alternateName\":\"Cand\\u00e1s 365 Noticias\",\"description\":\"Actualidad desde Carre\\u00f1o para el mundo\",\"inLanguage\":\"es-ES\",\"publisher\":{\"@id\":\"https:\\\/\\\/candas365.es\\\/noticias\\\/#organization\"}}]}\n\t\t<\/script>\n\t\t<!-- All in One SEO Pro -->\r\n\t\t<title>Partido de Merkel no ve necesario modificar la pol\u00edtica de refugiados | Cand\u00e1s 365<\/title>\n\n","aioseo_head_json":{"title":"Partido de Merkel no ve necesario modificar la pol\u00edtica de refugiados | Cand\u00e1s 365","description":"Berl\u00edn, 6 ago (dpa) - El jefe de la bancada conservadora alemana, Volker Kauder, no ve necesidad alguna de llevar a cabo una modificaci\u00f3n de la pol\u00edtica de refugiados seguida hasta ahora, a pesar de las nuevas cr\u00edticas que volvieron a surgir en el pa\u00eds tras los ataques en Baviera a manos de solicitantes de","canonical_url":"https:\/\/candas365.es\/noticias\/partido-de-merkel-no-ve-necesario-modificar-la-politica-de-refugiados\/","robots":"max-image-preview:large","keywords":"actualidad","webmasterTools":{"google-site-verification":"UA-32230408-1","msvalidate.01":"354F3CDFB2DA171B47FBE9ABF1F88D5","miscellaneous":""},"schema":{"@context":"https:\/\/schema.org","@graph":[{"@type":"BreadcrumbList","@id":"https:\/\/candas365.es\/noticias\/partido-de-merkel-no-ve-necesario-modificar-la-politica-de-refugiados\/#breadcrumblist","itemListElement":[{"@type":"ListItem","@id":"https:\/\/candas365.es\/noticias#listItem","position":1,"name":"Home","item":"https:\/\/candas365.es\/noticias","nextItem":{"@type":"ListItem","@id":"https:\/\/candas365.es\/noticias\/category\/actualidad\/#listItem","name":"Actualidad"}},{"@type":"ListItem","@id":"https:\/\/candas365.es\/noticias\/category\/actualidad\/#listItem","position":2,"name":"Actualidad","item":"https:\/\/candas365.es\/noticias\/category\/actualidad\/","nextItem":{"@type":"ListItem","@id":"https:\/\/candas365.es\/noticias\/partido-de-merkel-no-ve-necesario-modificar-la-politica-de-refugiados\/#listItem","name":"Partido de Merkel no ve necesario modificar la pol\u00edtica de refugiados"},"previousItem":{"@type":"ListItem","@id":"https:\/\/candas365.es\/noticias#listItem","name":"Home"}},{"@type":"ListItem","@id":"https:\/\/candas365.es\/noticias\/partido-de-merkel-no-ve-necesario-modificar-la-politica-de-refugiados\/#listItem","position":3,"name":"Partido de Merkel no ve necesario modificar la pol\u00edtica de refugiados","previousItem":{"@type":"ListItem","@id":"https:\/\/candas365.es\/noticias\/category\/actualidad\/#listItem","name":"Actualidad"}}]},{"@type":"NewsArticle","@id":"https:\/\/candas365.es\/noticias\/partido-de-merkel-no-ve-necesario-modificar-la-politica-de-refugiados\/#newsarticle","name":"Partido de Merkel no ve necesario modificar la pol\u00edtica de refugiados | Cand\u00e1s 365","headline":"Partido de Merkel no ve necesario modificar la pol\u00edtica de refugiados","author":{"@id":"https:\/\/candas365.es\/noticias\/author\/admin\/#author"},"publisher":{"@id":"https:\/\/candas365.es\/noticias\/#organization"},"image":{"@type":"ImageObject","url":"https:\/\/candas365.es\/noticias\/wp-content\/uploads\/2015\/09\/c365noticias.jpg","width":655,"height":360},"datePublished":"2016-08-06T17:00:29+02:00","dateModified":"2016-08-06T17:00:29+02:00","inLanguage":"es-ES","mainEntityOfPage":{"@id":"https:\/\/candas365.es\/noticias\/partido-de-merkel-no-ve-necesario-modificar-la-politica-de-refugiados\/#webpage"},"isPartOf":{"@id":"https:\/\/candas365.es\/noticias\/partido-de-merkel-no-ve-necesario-modificar-la-politica-de-refugiados\/#webpage"},"articleSection":"Actualidad","dateline":"Publicado el agosto 6, 2016."},{"@type":"Organization","@id":"https:\/\/candas365.es\/noticias\/#organization","name":"Cand\u00e1s 365","description":"Cand\u00e1s 365 es un diario digital independiente, fundado en 2012, con base en Asturias. Informamos con rigor sobre actualidad, sociedad, cultura y ocio, con una mirada local y global.","url":"https:\/\/candas365.es\/noticias\/","email":"info@candas365.es","telephone":"+34652131393","foundingDate":"2012-06-10","logo":{"@type":"ImageObject","url":"https:\/\/candas365.es\/noticias\/wp-content\/uploads\/2024\/09\/Candas-365-Redes.jpg","@id":"https:\/\/candas365.es\/noticias\/partido-de-merkel-no-ve-necesario-modificar-la-politica-de-refugiados\/#organizationLogo","width":1152,"height":864,"caption":"Cand\u00e1s 365 Redes"},"image":{"@id":"https:\/\/candas365.es\/noticias\/partido-de-merkel-no-ve-necesario-modificar-la-politica-de-refugiados\/#organizationLogo"},"sameAs":["https:\/\/www.facebook.com\/Nachofdezber","https:\/\/x.com\/NabercoDigital","https:\/\/www.instagram.com\/nachofdezber\/","https:\/\/www.youtube.com\/channel\/UCZP-2wLEB9Rv6erhFmqVnvg"],"address":{"@id":"https:\/\/candas365.es\/noticias\/#postaladdress","@type":"PostalAddress","streetAddress":"san antonio 4, san antonio 4","postalCode":"33430","addressLocality":"Cand\u00e1s","addressRegion":"Asturias","addressCountry":"ES"}},{"@type":"Person","@id":"https:\/\/candas365.es\/noticias\/author\/admin\/#author","url":"https:\/\/candas365.es\/noticias\/author\/admin\/","name":"Cand\u00e1s 365","image":{"@type":"ImageObject","@id":"https:\/\/candas365.es\/noticias\/partido-de-merkel-no-ve-necesario-modificar-la-politica-de-refugiados\/#authorImage","url":"https:\/\/secure.gravatar.com\/avatar\/496a8e03d0c493ede1718b7934145dbdf8d89be1036b0eec9544e1094c9de390?s=96&d=mm&r=g","width":96,"height":96,"caption":"Cand\u00e1s 365"},"sameAs":["https:\/\/www.facebook.com\/carrenoactualidad","https:\/\/twitter.com\/nbasturias","https:\/\/www.instagram.com\/nachofdezber\/","https:\/\/www.youtube.com\/channel\/UCZP-2wLEB9Rv6erhFmqVnvg"]},{"@type":"WebPage","@id":"https:\/\/candas365.es\/noticias\/partido-de-merkel-no-ve-necesario-modificar-la-politica-de-refugiados\/#webpage","url":"https:\/\/candas365.es\/noticias\/partido-de-merkel-no-ve-necesario-modificar-la-politica-de-refugiados\/","name":"Partido de Merkel no ve necesario modificar la pol\u00edtica de refugiados | Cand\u00e1s 365","description":"Berl\u00edn, 6 ago (dpa) - El jefe de la bancada conservadora alemana, Volker Kauder, no ve necesidad alguna de llevar a cabo una modificaci\u00f3n de la pol\u00edtica de refugiados seguida hasta ahora, a pesar de las nuevas cr\u00edticas que volvieron a surgir en el pa\u00eds tras los ataques en Baviera a manos de solicitantes de","inLanguage":"es-ES","isPartOf":{"@id":"https:\/\/candas365.es\/noticias\/#website"},"breadcrumb":{"@id":"https:\/\/candas365.es\/noticias\/partido-de-merkel-no-ve-necesario-modificar-la-politica-de-refugiados\/#breadcrumblist"},"author":{"@id":"https:\/\/candas365.es\/noticias\/author\/admin\/#author"},"creator":{"@id":"https:\/\/candas365.es\/noticias\/author\/admin\/#author"},"image":{"@type":"ImageObject","url":"https:\/\/candas365.es\/noticias\/wp-content\/uploads\/2015\/09\/c365noticias.jpg","@id":"https:\/\/candas365.es\/noticias\/partido-de-merkel-no-ve-necesario-modificar-la-politica-de-refugiados\/#mainImage","width":655,"height":360},"primaryImageOfPage":{"@id":"https:\/\/candas365.es\/noticias\/partido-de-merkel-no-ve-necesario-modificar-la-politica-de-refugiados\/#mainImage"},"datePublished":"2016-08-06T17:00:29+02:00","dateModified":"2016-08-06T17:00:29+02:00"},{"@type":"WebSite","@id":"https:\/\/candas365.es\/noticias\/#website","url":"https:\/\/candas365.es\/noticias\/","name":"Cand\u00e1s 365","alternateName":"Cand\u00e1s 365 Noticias","description":"Actualidad desde Carre\u00f1o para el mundo","inLanguage":"es-ES","publisher":{"@id":"https:\/\/candas365.es\/noticias\/#organization"}}]},"og:locale":"es_ES","og:site_name":"Cand\u00e1s 365","og:type":"article","og:title":"Partido de Merkel no ve necesario modificar la pol\u00edtica de refugiados | Cand\u00e1s 365","og:description":"Berl\u00edn, 6 ago (dpa) - El jefe de la bancada conservadora alemana, Volker Kauder, no ve necesidad alguna de llevar a cabo una modificaci\u00f3n de la pol\u00edtica de refugiados seguida hasta ahora, a pesar de las nuevas cr\u00edticas que volvieron a surgir en el pa\u00eds tras los ataques en Baviera a manos de solicitantes de","og:url":"https:\/\/candas365.es\/noticias\/partido-de-merkel-no-ve-necesario-modificar-la-politica-de-refugiados\/","og:image":"https:\/\/candas365.es\/noticias\/wp-content\/uploads\/2015\/09\/c365noticias.jpg","og:image:secure_url":"https:\/\/candas365.es\/noticias\/wp-content\/uploads\/2015\/09\/c365noticias.jpg","og:image:width":655,"og:image:height":360,"article:published_time":"2016-08-06T15:30:29+00:00","article:modified_time":"2016-08-06T15:30:29+00:00","article:publisher":"https:\/\/www.facebook.com\/Nachofdezber","article:author":"https:\/\/www.facebook.com\/carrenoactualidad","twitter:card":"summary_large_image","twitter:site":"@NabercoDigital","twitter:title":"Partido de Merkel no ve necesario modificar la pol\u00edtica de refugiados | Cand\u00e1s 365","twitter:description":"Berl\u00edn, 6 ago (dpa) - El jefe de la bancada conservadora alemana, Volker Kauder, no ve necesidad alguna de llevar a cabo una modificaci\u00f3n de la pol\u00edtica de refugiados seguida hasta ahora, a pesar de las nuevas cr\u00edticas que volvieron a surgir en el pa\u00eds tras los ataques en Baviera a manos de solicitantes de","twitter:creator":"@nbasturias","twitter:image":"https:\/\/candas365.es\/noticias\/wp-content\/uploads\/2015\/09\/c365noticias.jpg","twitter:label1":"Escrito por","twitter:data1":"Cand\u00e1s 365","twitter:label2":"Tiempo de lectura estimado","twitter:data2":"2 minutos"},"aioseo_meta_data":{"post_id":"33297","title":null,"description":null,"keywords":null,"keyphrases":null,"primary_term":null,"canonical_url":null,"og_title":null,"og_description":null,"og_object_type":"default","og_image_type":"default","og_image_url":null,"og_image_width":null,"og_image_height":null,"og_image_custom_url":null,"og_image_custom_fields":null,"og_video":null,"og_custom_url":null,"og_article_section":null,"og_article_tags":null,"twitter_use_og":false,"twitter_card":"default","twitter_image_type":"default","twitter_image_url":null,"twitter_image_custom_url":null,"twitter_image_custom_fields":null,"twitter_title":null,"twitter_description":null,"schema":{"blockGraphs":[],"customGraphs":[],"default":{"data":{"Article":[],"Course":[],"Dataset":[],"FAQPage":[],"Movie":[],"Person":[],"Product":[],"ProductReview":[],"Car":[],"Recipe":[],"Service":[],"SoftwareApplication":[],"WebPage":[]},"graphName":"","isEnabled":true},"graphs":[]},"schema_type":null,"schema_type_options":null,"pillar_content":false,"robots_default":true,"robots_noindex":false,"robots_noarchive":false,"robots_nosnippet":false,"robots_nofollow":false,"robots_noimageindex":false,"robots_noodp":false,"robots_notranslate":false,"robots_max_snippet":null,"robots_max_videopreview":null,"robots_max_imagepreview":"large","priority":null,"frequency":null,"location":null,"local_seo":null,"seo_analyzer_scan_date":"2025-08-24 16:42:14","breadcrumb_settings":null,"limit_modified_date":false,"reviewed_by":null,"open_ai":null,"ai":null,"created":"2020-12-21 13:06:20","updated":"2025-08-24 16:42:14"},"aioseo_breadcrumb":"<div class=\"aioseo-breadcrumbs\"><span class=\"aioseo-breadcrumb\">\n\t<a href=\"https:\/\/candas365.es\/noticias\" title=\"Home\">Home<\/a>\n<\/span><span class=\"aioseo-breadcrumb-separator\">&ndash;<\/span><span class=\"aioseo-breadcrumb\">\n\t<a href=\"https:\/\/candas365.es\/noticias\/category\/actualidad\/\" title=\"Actualidad\">Actualidad<\/a>\n<\/span><span class=\"aioseo-breadcrumb-separator\">&ndash;<\/span><span class=\"aioseo-breadcrumb\">\n\tPartido de Merkel no ve necesario modificar la pol\u00edtica de refugiados\n<\/span><\/div>","aioseo_breadcrumb_json":[{"label":"Home","link":"https:\/\/candas365.es\/noticias"},{"label":"Actualidad","link":"https:\/\/candas365.es\/noticias\/category\/actualidad\/"},{"label":"Partido de Merkel no ve necesario modificar la pol\u00edtica de refugiados","link":"https:\/\/candas365.es\/noticias\/partido-de-merkel-no-ve-necesario-modificar-la-politica-de-refugiados\/"}],"_links":{"self":[{"href":"https:\/\/candas365.es\/noticias\/wp-json\/wp\/v2\/posts\/33297","targetHints":{"allow":["GET"]}}],"collection":[{"href":"https:\/\/candas365.es\/noticias\/wp-json\/wp\/v2\/posts"}],"about":[{"href":"https:\/\/candas365.es\/noticias\/wp-json\/wp\/v2\/types\/post"}],"author":[{"embeddable":true,"href":"https:\/\/candas365.es\/noticias\/wp-json\/wp\/v2\/users\/1"}],"replies":[{"embeddable":true,"href":"https:\/\/candas365.es\/noticias\/wp-json\/wp\/v2\/comments?post=33297"}],"version-history":[{"count":0,"href":"https:\/\/candas365.es\/noticias\/wp-json\/wp\/v2\/posts\/33297\/revisions"}],"wp:featuredmedia":[{"embeddable":true,"href":"https:\/\/candas365.es\/noticias\/wp-json\/wp\/v2\/media\/16457"}],"wp:attachment":[{"href":"https:\/\/candas365.es\/noticias\/wp-json\/wp\/v2\/media?parent=33297"}],"wp:term":[{"taxonomy":"category","embeddable":true,"href":"https:\/\/candas365.es\/noticias\/wp-json\/wp\/v2\/categories?post=33297"},{"taxonomy":"post_tag","embeddable":true,"href":"https:\/\/candas365.es\/noticias\/wp-json\/wp\/v2\/tags?post=33297"}],"curies":[{"name":"wp","href":"https:\/\/api.w.org\/{rel}","templated":true}]}}