{"id":33294,"date":"2016-08-06T16:57:52","date_gmt":"2016-08-06T15:27:52","guid":{"rendered":"http:\/\/candas365.es\/noticias\/?p=33294"},"modified":"2016-08-06T16:57:52","modified_gmt":"2016-08-06T15:27:52","slug":"el-plan-de-seguridad-del-80o-descenso-internacional-del-sella-movilizara-a-375-efectivos","status":"publish","type":"post","link":"https:\/\/candas365.es\/noticias\/el-plan-de-seguridad-del-80o-descenso-internacional-del-sella-movilizara-a-375-efectivos\/","title":{"rendered":"El plan de seguridad del 80\u00ba Descenso Internacional del Sella movilizar\u00e1 a 375 efectivos"},"content":{"rendered":"<p><img fetchpriority=\"high\" decoding=\"async\" class=\"alignleft size-medium wp-image-33295\" src=\"https:\/\/candas365.es\/noticias\/wp-content\/uploads\/2016\/08\/2016_08_05-Plan-Descenso-del-Sella-2-360x203.jpg\" alt=\"2016_08_05  Plan Descenso del Sella 2\" width=\"360\" height=\"203\" srcset=\"https:\/\/candas365.es\/noticias\/wp-content\/uploads\/2016\/08\/2016_08_05-Plan-Descenso-del-Sella-2-360x203.jpg 360w, https:\/\/candas365.es\/noticias\/wp-content\/uploads\/2016\/08\/2016_08_05-Plan-Descenso-del-Sella-2-650x366.jpg 650w, https:\/\/candas365.es\/noticias\/wp-content\/uploads\/2016\/08\/2016_08_05-Plan-Descenso-del-Sella-2-768x432.jpg 768w, https:\/\/candas365.es\/noticias\/wp-content\/uploads\/2016\/08\/2016_08_05-Plan-Descenso-del-Sella-2-1536x864.jpg 1536w, https:\/\/candas365.es\/noticias\/wp-content\/uploads\/2016\/08\/2016_08_05-Plan-Descenso-del-Sella-2-2048x1152.jpg 2048w, https:\/\/candas365.es\/noticias\/wp-content\/uploads\/2016\/08\/2016_08_05-Plan-Descenso-del-Sella-2-150x84.jpg 150w, https:\/\/candas365.es\/noticias\/wp-content\/uploads\/2016\/08\/2016_08_05-Plan-Descenso-del-Sella-2-450x253.jpg 450w, https:\/\/candas365.es\/noticias\/wp-content\/uploads\/2016\/08\/2016_08_05-Plan-Descenso-del-Sella-2-1200x675.jpg 1200w, https:\/\/candas365.es\/noticias\/wp-content\/uploads\/2016\/08\/2016_08_05-Plan-Descenso-del-Sella-2-1920x1080.jpg 1920w, https:\/\/candas365.es\/noticias\/wp-content\/uploads\/2016\/08\/2016_08_05-Plan-Descenso-del-Sella-2-655x368.jpg 655w, https:\/\/candas365.es\/noticias\/wp-content\/uploads\/2016\/08\/2016_08_05-Plan-Descenso-del-Sella-2-696x392.jpg 696w, https:\/\/candas365.es\/noticias\/wp-content\/uploads\/2016\/08\/2016_08_05-Plan-Descenso-del-Sella-2-1068x601.jpg 1068w, https:\/\/candas365.es\/noticias\/wp-content\/uploads\/2016\/08\/2016_08_05-Plan-Descenso-del-Sella-2-747x420.jpg 747w, https:\/\/candas365.es\/noticias\/wp-content\/uploads\/2016\/08\/2016_08_05-Plan-Descenso-del-Sella-2-499x280.jpg 499w\" sizes=\"(max-width: 360px) 100vw, 360px\" \/>El consejero de Presidencia y Participaci\u00f3n Ciudadana, Guillermo Mart\u00ednez, ha presentado hoy en Ribadesella el plan de seguridad de la 80\u00aa edici\u00f3n del Descenso Internacional del Sella, dise\u00f1ado por el Servicio de Emergencias del Principado de Asturias (SEPA) y que estar\u00e1 operativo, de forma ininterrumpida, desde las 18 horas de esta tarde hasta las 11 del pr\u00f3ximo domingo. La colaboraci\u00f3n y coordinaci\u00f3n entre las Administraci\u00f3n auton\u00f3mica y los ayuntamientos permitir\u00e1 movilizar a 375 efectivos, a los que se sumar\u00e1n tambi\u00e9n los medios y recursos de las fuerzas de seguridad del Estado.<\/p>\n<p>El objetivo del dispositivo es organizar y planificar la respuesta m\u00e1s r\u00e1pida y eficaz ante las emergencias que puedan producirse estos d\u00edas en los concejos de Ribadesella y Parres, donde la fiesta congregar\u00e1 a decenas de miles de personas. As\u00ed, en las inmediaciones de la plaza de abastos riosellana se constituir\u00e1 un Centro de Coordinaci\u00f3n Operativa (CECOP-SELLA), en el que se integran, bajo un mando \u00fanico, todos los grupos de acci\u00f3n previstos en plan, con independencia del organismo al que pertenezcan: intervenci\u00f3n, orden, sanitario y log\u00edstico y de apoyo.<\/p>\n<p>Este a\u00f1o se movilizar\u00e1n unos 70 veh\u00edculos terrestres, a\u00e9reos y acu\u00e1ticos; entre otros, los camiones de coordinaci\u00f3n y mando del SEPA, el puesto de asistencia m\u00e9dica avanzada del Servicio de Atenci\u00f3n M\u00e9dica Urgente (SAMU), m\u00e1s de cuarenta veh\u00edculos de transporte e intervenci\u00f3n entre los que figuran dos autobombas urbanas ligeras, dos embarcaciones de salvamento, una moto acu\u00e1tica, dos unidades medicalizadas, cuatro ambulancias y el helic\u00f3ptero medicalizado con el grupo de rescate de Bomberos del SEPA, del que forma parte un m\u00e9dico-rescatador.<\/p>\n<p>Este dispositivo se completa con los medios materiales y humanos movilizados por parte de las fuerzas de seguridad del Estado que, por motivos de seguridad, no se detallan en este plan.<\/p>\n<p>\u201cEl plan persigue prevenir situaciones de emergencia y coordinar las medidas de protecci\u00f3n e intervenci\u00f3n para ofrecer una respuesta r\u00e1pida y eficaz\u201d, ha subrayado el titular de Presidencia.<\/p>\n<p>El consejero tambi\u00e9n ha destacado el importante descenso que se produjo el a\u00f1o pasado respecto a las ediciones anteriores, tanto en el n\u00famero de llamadas a emergencias como en el de incidentes. As\u00ed, en 2015 hubo un 46% menos de llamadas que en 2012 y un 44% menos de incidencias. En concreto, en 2015 se recibieron 241 llamadas en el 112, de las cuales 88 exigieron la movilizaci\u00f3n de alg\u00fan recurso del CECOP-SELLA. La mayor parte de las emergencias fueron de car\u00e1cter sanitario, concretamente 47 (34 en Ribadesella y 13 en Parres). Adem\u00e1s, se registraron incidentes relacionados con alteraciones del orden p\u00fablico, robos, agresiones y accidentes de tr\u00e1fico, entre otros.<\/p>\n<p>Mart\u00ednez tambi\u00e9n ha apelado a la responsabilidad y colaboraci\u00f3n ciudadana para que se respeten las normas de convivencia, las medidas de prevenci\u00f3n b\u00e1sicas y los consejos e indicaciones de los efectivos de emergencias y protecci\u00f3n ciudadana.<\/p>\n<p>En la presentaci\u00f3n del dispositivo han participado los alcaldes de Ribadesella y Parres, Rosario Fern\u00e1ndez y Emilio Garc\u00eda Longo, respectivamente, adem\u00e1s del gerente del SEPA, Eugenio Garc\u00eda Rodr\u00edguez.<\/p>\n","protected":false},"excerpt":{"rendered":"<p>El consejero de Presidencia y Participaci\u00f3n Ciudadana, Guillermo Mart\u00ednez, ha presentado hoy en Ribadesella el plan de seguridad de la 80\u00aa edici\u00f3n del Descenso Internacional del Sella, dise\u00f1ado por el Servicio de Emergencias del Principado de Asturias (SEPA) y que estar\u00e1 operativo, de forma ininterrumpida, desde las 18 horas de esta tarde hasta las 11<\/p>\n","protected":false},"author":1,"featured_media":33295,"comment_status":"closed","ping_status":"closed","sticky":false,"template":"","format":"standard","meta":{"footnotes":""},"categories":[343],"tags":[],"class_list":{"0":"post-33294","1":"post","2":"type-post","3":"status-publish","4":"format-standard","5":"has-post-thumbnail","7":"category-actualidad"},"aioseo_notices":[],"aioseo_head":"\n\t\t<!-- All in One SEO Pro 4.9.6.2 - aioseo.com -->\n\t<meta name=\"description\" content=\"El consejero de Presidencia y Participaci\u00f3n Ciudadana, Guillermo Mart\u00ednez, ha presentado hoy en Ribadesella el plan de seguridad de la 80\u00aa edici\u00f3n del Descenso Internacional del Sella, dise\u00f1ado por el Servicio de Emergencias del Principado de Asturias (SEPA) y que estar\u00e1 operativo, de forma ininterrumpida, desde las 18 horas de esta tarde hasta las 11\" \/>\n\t<meta name=\"robots\" content=\"max-image-preview:large\" \/>\n\t<meta name=\"author\" content=\"Cand\u00e1s 365\"\/>\n\t<meta name=\"google-site-verification\" content=\"UA-32230408-1\" \/>\n\t<meta name=\"msvalidate.01\" content=\"354F3CDFB2DA171B47FBE9ABF1F88D5\" \/>\n\t<meta name=\"keywords\" content=\"actualidad\" \/>\n\t<link rel=\"canonical\" href=\"https:\/\/candas365.es\/noticias\/el-plan-de-seguridad-del-80o-descenso-internacional-del-sella-movilizara-a-375-efectivos\/\" \/>\n\t<meta name=\"generator\" content=\"All in One SEO Pro (AIOSEO) 4.9.6.2\" \/>\n\t\t<meta property=\"og:locale\" content=\"es_ES\" \/>\n\t\t<meta property=\"og:site_name\" content=\"Cand\u00e1s 365\" \/>\n\t\t<meta property=\"og:type\" content=\"article\" \/>\n\t\t<meta property=\"og:title\" content=\"El plan de seguridad del 80\u00ba Descenso Internacional del Sella movilizar\u00e1 a 375 efectivos | Cand\u00e1s 365\" \/>\n\t\t<meta property=\"og:description\" content=\"El consejero de Presidencia y Participaci\u00f3n Ciudadana, Guillermo Mart\u00ednez, ha presentado hoy en Ribadesella el plan de seguridad de la 80\u00aa edici\u00f3n del Descenso Internacional del Sella, dise\u00f1ado por el Servicio de Emergencias del Principado de Asturias (SEPA) y que estar\u00e1 operativo, de forma ininterrumpida, desde las 18 horas de esta tarde hasta las 11\" \/>\n\t\t<meta property=\"og:url\" content=\"https:\/\/candas365.es\/noticias\/el-plan-de-seguridad-del-80o-descenso-internacional-del-sella-movilizara-a-375-efectivos\/\" \/>\n\t\t<meta property=\"og:image\" content=\"https:\/\/candas365.es\/noticias\/wp-content\/uploads\/2016\/08\/2016_08_05-Plan-Descenso-del-Sella-2.jpg\" \/>\n\t\t<meta property=\"og:image:secure_url\" content=\"https:\/\/candas365.es\/noticias\/wp-content\/uploads\/2016\/08\/2016_08_05-Plan-Descenso-del-Sella-2.jpg\" \/>\n\t\t<meta property=\"og:image:width\" content=\"2080\" \/>\n\t\t<meta property=\"og:image:height\" content=\"1170\" \/>\n\t\t<meta property=\"article:published_time\" content=\"2016-08-06T15:27:52+00:00\" \/>\n\t\t<meta property=\"article:modified_time\" content=\"2016-08-06T15:27:52+00:00\" \/>\n\t\t<meta property=\"article:publisher\" content=\"https:\/\/www.facebook.com\/Nachofdezber\" \/>\n\t\t<meta property=\"article:author\" content=\"https:\/\/www.facebook.com\/carrenoactualidad\" \/>\n\t\t<meta name=\"twitter:card\" content=\"summary_large_image\" \/>\n\t\t<meta name=\"twitter:site\" content=\"@NabercoDigital\" \/>\n\t\t<meta name=\"twitter:title\" content=\"El plan de seguridad del 80\u00ba Descenso Internacional del Sella movilizar\u00e1 a 375 efectivos | Cand\u00e1s 365\" \/>\n\t\t<meta name=\"twitter:description\" content=\"El consejero de Presidencia y Participaci\u00f3n Ciudadana, Guillermo Mart\u00ednez, ha presentado hoy en Ribadesella el plan de seguridad de la 80\u00aa edici\u00f3n del Descenso Internacional del Sella, dise\u00f1ado por el Servicio de Emergencias del Principado de Asturias (SEPA) y que estar\u00e1 operativo, de forma ininterrumpida, desde las 18 horas de esta tarde hasta las 11\" \/>\n\t\t<meta name=\"twitter:creator\" content=\"@nbasturias\" \/>\n\t\t<meta name=\"twitter:image\" content=\"https:\/\/candas365.es\/noticias\/wp-content\/uploads\/2016\/08\/2016_08_05-Plan-Descenso-del-Sella-2.jpg\" \/>\n\t\t<meta name=\"twitter:label1\" content=\"Escrito por\" \/>\n\t\t<meta name=\"twitter:data1\" content=\"Cand\u00e1s 365\" \/>\n\t\t<meta name=\"twitter:label2\" content=\"Tiempo de lectura estimado\" \/>\n\t\t<meta name=\"twitter:data2\" content=\"3 minutos\" \/>\n\t\t<script type=\"application\/ld+json\" class=\"aioseo-schema\">\n\t\t\t{\"@context\":\"https:\\\/\\\/schema.org\",\"@graph\":[{\"@type\":\"BreadcrumbList\",\"@id\":\"https:\\\/\\\/candas365.es\\\/noticias\\\/el-plan-de-seguridad-del-80o-descenso-internacional-del-sella-movilizara-a-375-efectivos\\\/#breadcrumblist\",\"itemListElement\":[{\"@type\":\"ListItem\",\"@id\":\"https:\\\/\\\/candas365.es\\\/noticias#listItem\",\"position\":1,\"name\":\"Home\",\"item\":\"https:\\\/\\\/candas365.es\\\/noticias\",\"nextItem\":{\"@type\":\"ListItem\",\"@id\":\"https:\\\/\\\/candas365.es\\\/noticias\\\/category\\\/actualidad\\\/#listItem\",\"name\":\"Actualidad\"}},{\"@type\":\"ListItem\",\"@id\":\"https:\\\/\\\/candas365.es\\\/noticias\\\/category\\\/actualidad\\\/#listItem\",\"position\":2,\"name\":\"Actualidad\",\"item\":\"https:\\\/\\\/candas365.es\\\/noticias\\\/category\\\/actualidad\\\/\",\"nextItem\":{\"@type\":\"ListItem\",\"@id\":\"https:\\\/\\\/candas365.es\\\/noticias\\\/el-plan-de-seguridad-del-80o-descenso-internacional-del-sella-movilizara-a-375-efectivos\\\/#listItem\",\"name\":\"El plan de seguridad del 80\\u00ba Descenso Internacional del Sella movilizar\\u00e1 a 375 efectivos\"},\"previousItem\":{\"@type\":\"ListItem\",\"@id\":\"https:\\\/\\\/candas365.es\\\/noticias#listItem\",\"name\":\"Home\"}},{\"@type\":\"ListItem\",\"@id\":\"https:\\\/\\\/candas365.es\\\/noticias\\\/el-plan-de-seguridad-del-80o-descenso-internacional-del-sella-movilizara-a-375-efectivos\\\/#listItem\",\"position\":3,\"name\":\"El plan de seguridad del 80\\u00ba Descenso Internacional del Sella movilizar\\u00e1 a 375 efectivos\",\"previousItem\":{\"@type\":\"ListItem\",\"@id\":\"https:\\\/\\\/candas365.es\\\/noticias\\\/category\\\/actualidad\\\/#listItem\",\"name\":\"Actualidad\"}}]},{\"@type\":\"NewsArticle\",\"@id\":\"https:\\\/\\\/candas365.es\\\/noticias\\\/el-plan-de-seguridad-del-80o-descenso-internacional-del-sella-movilizara-a-375-efectivos\\\/#newsarticle\",\"name\":\"El plan de seguridad del 80\\u00ba Descenso Internacional del Sella movilizar\\u00e1 a 375 efectivos | Cand\\u00e1s 365\",\"headline\":\"El plan de seguridad del 80\\u00ba Descenso Internacional del Sella movilizar\\u00e1 a 375 efectivos\",\"author\":{\"@id\":\"https:\\\/\\\/candas365.es\\\/noticias\\\/author\\\/admin\\\/#author\"},\"publisher\":{\"@id\":\"https:\\\/\\\/candas365.es\\\/noticias\\\/#organization\"},\"image\":{\"@type\":\"ImageObject\",\"url\":\"https:\\\/\\\/candas365.es\\\/noticias\\\/wp-content\\\/uploads\\\/2016\\\/08\\\/2016_08_05-Plan-Descenso-del-Sella-2.jpg\",\"width\":2080,\"height\":1170},\"datePublished\":\"2016-08-06T16:57:52+02:00\",\"dateModified\":\"2016-08-06T16:57:52+02:00\",\"inLanguage\":\"es-ES\",\"mainEntityOfPage\":{\"@id\":\"https:\\\/\\\/candas365.es\\\/noticias\\\/el-plan-de-seguridad-del-80o-descenso-internacional-del-sella-movilizara-a-375-efectivos\\\/#webpage\"},\"isPartOf\":{\"@id\":\"https:\\\/\\\/candas365.es\\\/noticias\\\/el-plan-de-seguridad-del-80o-descenso-internacional-del-sella-movilizara-a-375-efectivos\\\/#webpage\"},\"articleSection\":\"Actualidad\",\"dateline\":\"Publicado el agosto 6, 2016.\"},{\"@type\":\"Organization\",\"@id\":\"https:\\\/\\\/candas365.es\\\/noticias\\\/#organization\",\"name\":\"Cand\\u00e1s 365\",\"description\":\"Cand\\u00e1s 365 es un diario digital independiente, fundado en 2012, con base en Asturias. Informamos con rigor sobre actualidad, sociedad, cultura y ocio, con una mirada local y global.\",\"url\":\"https:\\\/\\\/candas365.es\\\/noticias\\\/\",\"email\":\"info@candas365.es\",\"telephone\":\"+34652131393\",\"foundingDate\":\"2012-06-10\",\"logo\":{\"@type\":\"ImageObject\",\"url\":\"https:\\\/\\\/candas365.es\\\/noticias\\\/wp-content\\\/uploads\\\/2024\\\/09\\\/Candas-365-Redes.jpg\",\"@id\":\"https:\\\/\\\/candas365.es\\\/noticias\\\/el-plan-de-seguridad-del-80o-descenso-internacional-del-sella-movilizara-a-375-efectivos\\\/#organizationLogo\",\"width\":1152,\"height\":864,\"caption\":\"Cand\\u00e1s 365 Redes\"},\"image\":{\"@id\":\"https:\\\/\\\/candas365.es\\\/noticias\\\/el-plan-de-seguridad-del-80o-descenso-internacional-del-sella-movilizara-a-375-efectivos\\\/#organizationLogo\"},\"sameAs\":[\"https:\\\/\\\/www.facebook.com\\\/Nachofdezber\",\"https:\\\/\\\/x.com\\\/NabercoDigital\",\"https:\\\/\\\/www.instagram.com\\\/nachofdezber\\\/\",\"https:\\\/\\\/www.youtube.com\\\/channel\\\/UCZP-2wLEB9Rv6erhFmqVnvg\"],\"address\":{\"@id\":\"https:\\\/\\\/candas365.es\\\/noticias\\\/#postaladdress\",\"@type\":\"PostalAddress\",\"streetAddress\":\"san antonio 4, san antonio 4\",\"postalCode\":\"33430\",\"addressLocality\":\"Cand\\u00e1s\",\"addressRegion\":\"Asturias\",\"addressCountry\":\"ES\"}},{\"@type\":\"Person\",\"@id\":\"https:\\\/\\\/candas365.es\\\/noticias\\\/author\\\/admin\\\/#author\",\"url\":\"https:\\\/\\\/candas365.es\\\/noticias\\\/author\\\/admin\\\/\",\"name\":\"Cand\\u00e1s 365\",\"image\":{\"@type\":\"ImageObject\",\"@id\":\"https:\\\/\\\/candas365.es\\\/noticias\\\/el-plan-de-seguridad-del-80o-descenso-internacional-del-sella-movilizara-a-375-efectivos\\\/#authorImage\",\"url\":\"https:\\\/\\\/secure.gravatar.com\\\/avatar\\\/496a8e03d0c493ede1718b7934145dbdf8d89be1036b0eec9544e1094c9de390?s=96&d=mm&r=g\",\"width\":96,\"height\":96,\"caption\":\"Cand\\u00e1s 365\"},\"sameAs\":[\"https:\\\/\\\/www.facebook.com\\\/carrenoactualidad\",\"https:\\\/\\\/twitter.com\\\/nbasturias\",\"https:\\\/\\\/www.instagram.com\\\/nachofdezber\\\/\",\"https:\\\/\\\/www.youtube.com\\\/channel\\\/UCZP-2wLEB9Rv6erhFmqVnvg\"]},{\"@type\":\"WebPage\",\"@id\":\"https:\\\/\\\/candas365.es\\\/noticias\\\/el-plan-de-seguridad-del-80o-descenso-internacional-del-sella-movilizara-a-375-efectivos\\\/#webpage\",\"url\":\"https:\\\/\\\/candas365.es\\\/noticias\\\/el-plan-de-seguridad-del-80o-descenso-internacional-del-sella-movilizara-a-375-efectivos\\\/\",\"name\":\"El plan de seguridad del 80\\u00ba Descenso Internacional del Sella movilizar\\u00e1 a 375 efectivos | Cand\\u00e1s 365\",\"description\":\"El consejero de Presidencia y Participaci\\u00f3n Ciudadana, Guillermo Mart\\u00ednez, ha presentado hoy en Ribadesella el plan de seguridad de la 80\\u00aa edici\\u00f3n del Descenso Internacional del Sella, dise\\u00f1ado por el Servicio de Emergencias del Principado de Asturias (SEPA) y que estar\\u00e1 operativo, de forma ininterrumpida, desde las 18 horas de esta tarde hasta las 11\",\"inLanguage\":\"es-ES\",\"isPartOf\":{\"@id\":\"https:\\\/\\\/candas365.es\\\/noticias\\\/#website\"},\"breadcrumb\":{\"@id\":\"https:\\\/\\\/candas365.es\\\/noticias\\\/el-plan-de-seguridad-del-80o-descenso-internacional-del-sella-movilizara-a-375-efectivos\\\/#breadcrumblist\"},\"author\":{\"@id\":\"https:\\\/\\\/candas365.es\\\/noticias\\\/author\\\/admin\\\/#author\"},\"creator\":{\"@id\":\"https:\\\/\\\/candas365.es\\\/noticias\\\/author\\\/admin\\\/#author\"},\"image\":{\"@type\":\"ImageObject\",\"url\":\"https:\\\/\\\/candas365.es\\\/noticias\\\/wp-content\\\/uploads\\\/2016\\\/08\\\/2016_08_05-Plan-Descenso-del-Sella-2.jpg\",\"@id\":\"https:\\\/\\\/candas365.es\\\/noticias\\\/el-plan-de-seguridad-del-80o-descenso-internacional-del-sella-movilizara-a-375-efectivos\\\/#mainImage\",\"width\":2080,\"height\":1170},\"primaryImageOfPage\":{\"@id\":\"https:\\\/\\\/candas365.es\\\/noticias\\\/el-plan-de-seguridad-del-80o-descenso-internacional-del-sella-movilizara-a-375-efectivos\\\/#mainImage\"},\"datePublished\":\"2016-08-06T16:57:52+02:00\",\"dateModified\":\"2016-08-06T16:57:52+02:00\"},{\"@type\":\"WebSite\",\"@id\":\"https:\\\/\\\/candas365.es\\\/noticias\\\/#website\",\"url\":\"https:\\\/\\\/candas365.es\\\/noticias\\\/\",\"name\":\"Cand\\u00e1s 365\",\"alternateName\":\"Cand\\u00e1s 365 Noticias\",\"description\":\"Actualidad desde Carre\\u00f1o para el mundo\",\"inLanguage\":\"es-ES\",\"publisher\":{\"@id\":\"https:\\\/\\\/candas365.es\\\/noticias\\\/#organization\"}}]}\n\t\t<\/script>\n\t\t<!-- All in One SEO Pro -->\r\n\t\t<title>El plan de seguridad del 80\u00ba Descenso Internacional del Sella movilizar\u00e1 a 375 efectivos | Cand\u00e1s 365<\/title>\n\n","aioseo_head_json":{"title":"El plan de seguridad del 80\u00ba Descenso Internacional del Sella movilizar\u00e1 a 375 efectivos | Cand\u00e1s 365","description":"El consejero de Presidencia y Participaci\u00f3n Ciudadana, Guillermo Mart\u00ednez, ha presentado hoy en Ribadesella el plan de seguridad de la 80\u00aa edici\u00f3n del Descenso Internacional del Sella, dise\u00f1ado por el Servicio de Emergencias del Principado de Asturias (SEPA) y que estar\u00e1 operativo, de forma ininterrumpida, desde las 18 horas de esta tarde hasta las 11","canonical_url":"https:\/\/candas365.es\/noticias\/el-plan-de-seguridad-del-80o-descenso-internacional-del-sella-movilizara-a-375-efectivos\/","robots":"max-image-preview:large","keywords":"actualidad","webmasterTools":{"google-site-verification":"UA-32230408-1","msvalidate.01":"354F3CDFB2DA171B47FBE9ABF1F88D5","miscellaneous":""},"schema":{"@context":"https:\/\/schema.org","@graph":[{"@type":"BreadcrumbList","@id":"https:\/\/candas365.es\/noticias\/el-plan-de-seguridad-del-80o-descenso-internacional-del-sella-movilizara-a-375-efectivos\/#breadcrumblist","itemListElement":[{"@type":"ListItem","@id":"https:\/\/candas365.es\/noticias#listItem","position":1,"name":"Home","item":"https:\/\/candas365.es\/noticias","nextItem":{"@type":"ListItem","@id":"https:\/\/candas365.es\/noticias\/category\/actualidad\/#listItem","name":"Actualidad"}},{"@type":"ListItem","@id":"https:\/\/candas365.es\/noticias\/category\/actualidad\/#listItem","position":2,"name":"Actualidad","item":"https:\/\/candas365.es\/noticias\/category\/actualidad\/","nextItem":{"@type":"ListItem","@id":"https:\/\/candas365.es\/noticias\/el-plan-de-seguridad-del-80o-descenso-internacional-del-sella-movilizara-a-375-efectivos\/#listItem","name":"El plan de seguridad del 80\u00ba Descenso Internacional del Sella movilizar\u00e1 a 375 efectivos"},"previousItem":{"@type":"ListItem","@id":"https:\/\/candas365.es\/noticias#listItem","name":"Home"}},{"@type":"ListItem","@id":"https:\/\/candas365.es\/noticias\/el-plan-de-seguridad-del-80o-descenso-internacional-del-sella-movilizara-a-375-efectivos\/#listItem","position":3,"name":"El plan de seguridad del 80\u00ba Descenso Internacional del Sella movilizar\u00e1 a 375 efectivos","previousItem":{"@type":"ListItem","@id":"https:\/\/candas365.es\/noticias\/category\/actualidad\/#listItem","name":"Actualidad"}}]},{"@type":"NewsArticle","@id":"https:\/\/candas365.es\/noticias\/el-plan-de-seguridad-del-80o-descenso-internacional-del-sella-movilizara-a-375-efectivos\/#newsarticle","name":"El plan de seguridad del 80\u00ba Descenso Internacional del Sella movilizar\u00e1 a 375 efectivos | Cand\u00e1s 365","headline":"El plan de seguridad del 80\u00ba Descenso Internacional del Sella movilizar\u00e1 a 375 efectivos","author":{"@id":"https:\/\/candas365.es\/noticias\/author\/admin\/#author"},"publisher":{"@id":"https:\/\/candas365.es\/noticias\/#organization"},"image":{"@type":"ImageObject","url":"https:\/\/candas365.es\/noticias\/wp-content\/uploads\/2016\/08\/2016_08_05-Plan-Descenso-del-Sella-2.jpg","width":2080,"height":1170},"datePublished":"2016-08-06T16:57:52+02:00","dateModified":"2016-08-06T16:57:52+02:00","inLanguage":"es-ES","mainEntityOfPage":{"@id":"https:\/\/candas365.es\/noticias\/el-plan-de-seguridad-del-80o-descenso-internacional-del-sella-movilizara-a-375-efectivos\/#webpage"},"isPartOf":{"@id":"https:\/\/candas365.es\/noticias\/el-plan-de-seguridad-del-80o-descenso-internacional-del-sella-movilizara-a-375-efectivos\/#webpage"},"articleSection":"Actualidad","dateline":"Publicado el agosto 6, 2016."},{"@type":"Organization","@id":"https:\/\/candas365.es\/noticias\/#organization","name":"Cand\u00e1s 365","description":"Cand\u00e1s 365 es un diario digital independiente, fundado en 2012, con base en Asturias. Informamos con rigor sobre actualidad, sociedad, cultura y ocio, con una mirada local y global.","url":"https:\/\/candas365.es\/noticias\/","email":"info@candas365.es","telephone":"+34652131393","foundingDate":"2012-06-10","logo":{"@type":"ImageObject","url":"https:\/\/candas365.es\/noticias\/wp-content\/uploads\/2024\/09\/Candas-365-Redes.jpg","@id":"https:\/\/candas365.es\/noticias\/el-plan-de-seguridad-del-80o-descenso-internacional-del-sella-movilizara-a-375-efectivos\/#organizationLogo","width":1152,"height":864,"caption":"Cand\u00e1s 365 Redes"},"image":{"@id":"https:\/\/candas365.es\/noticias\/el-plan-de-seguridad-del-80o-descenso-internacional-del-sella-movilizara-a-375-efectivos\/#organizationLogo"},"sameAs":["https:\/\/www.facebook.com\/Nachofdezber","https:\/\/x.com\/NabercoDigital","https:\/\/www.instagram.com\/nachofdezber\/","https:\/\/www.youtube.com\/channel\/UCZP-2wLEB9Rv6erhFmqVnvg"],"address":{"@id":"https:\/\/candas365.es\/noticias\/#postaladdress","@type":"PostalAddress","streetAddress":"san antonio 4, san antonio 4","postalCode":"33430","addressLocality":"Cand\u00e1s","addressRegion":"Asturias","addressCountry":"ES"}},{"@type":"Person","@id":"https:\/\/candas365.es\/noticias\/author\/admin\/#author","url":"https:\/\/candas365.es\/noticias\/author\/admin\/","name":"Cand\u00e1s 365","image":{"@type":"ImageObject","@id":"https:\/\/candas365.es\/noticias\/el-plan-de-seguridad-del-80o-descenso-internacional-del-sella-movilizara-a-375-efectivos\/#authorImage","url":"https:\/\/secure.gravatar.com\/avatar\/496a8e03d0c493ede1718b7934145dbdf8d89be1036b0eec9544e1094c9de390?s=96&d=mm&r=g","width":96,"height":96,"caption":"Cand\u00e1s 365"},"sameAs":["https:\/\/www.facebook.com\/carrenoactualidad","https:\/\/twitter.com\/nbasturias","https:\/\/www.instagram.com\/nachofdezber\/","https:\/\/www.youtube.com\/channel\/UCZP-2wLEB9Rv6erhFmqVnvg"]},{"@type":"WebPage","@id":"https:\/\/candas365.es\/noticias\/el-plan-de-seguridad-del-80o-descenso-internacional-del-sella-movilizara-a-375-efectivos\/#webpage","url":"https:\/\/candas365.es\/noticias\/el-plan-de-seguridad-del-80o-descenso-internacional-del-sella-movilizara-a-375-efectivos\/","name":"El plan de seguridad del 80\u00ba Descenso Internacional del Sella movilizar\u00e1 a 375 efectivos | Cand\u00e1s 365","description":"El consejero de Presidencia y Participaci\u00f3n Ciudadana, Guillermo Mart\u00ednez, ha presentado hoy en Ribadesella el plan de seguridad de la 80\u00aa edici\u00f3n del Descenso Internacional del Sella, dise\u00f1ado por el Servicio de Emergencias del Principado de Asturias (SEPA) y que estar\u00e1 operativo, de forma ininterrumpida, desde las 18 horas de esta tarde hasta las 11","inLanguage":"es-ES","isPartOf":{"@id":"https:\/\/candas365.es\/noticias\/#website"},"breadcrumb":{"@id":"https:\/\/candas365.es\/noticias\/el-plan-de-seguridad-del-80o-descenso-internacional-del-sella-movilizara-a-375-efectivos\/#breadcrumblist"},"author":{"@id":"https:\/\/candas365.es\/noticias\/author\/admin\/#author"},"creator":{"@id":"https:\/\/candas365.es\/noticias\/author\/admin\/#author"},"image":{"@type":"ImageObject","url":"https:\/\/candas365.es\/noticias\/wp-content\/uploads\/2016\/08\/2016_08_05-Plan-Descenso-del-Sella-2.jpg","@id":"https:\/\/candas365.es\/noticias\/el-plan-de-seguridad-del-80o-descenso-internacional-del-sella-movilizara-a-375-efectivos\/#mainImage","width":2080,"height":1170},"primaryImageOfPage":{"@id":"https:\/\/candas365.es\/noticias\/el-plan-de-seguridad-del-80o-descenso-internacional-del-sella-movilizara-a-375-efectivos\/#mainImage"},"datePublished":"2016-08-06T16:57:52+02:00","dateModified":"2016-08-06T16:57:52+02:00"},{"@type":"WebSite","@id":"https:\/\/candas365.es\/noticias\/#website","url":"https:\/\/candas365.es\/noticias\/","name":"Cand\u00e1s 365","alternateName":"Cand\u00e1s 365 Noticias","description":"Actualidad desde Carre\u00f1o para el mundo","inLanguage":"es-ES","publisher":{"@id":"https:\/\/candas365.es\/noticias\/#organization"}}]},"og:locale":"es_ES","og:site_name":"Cand\u00e1s 365","og:type":"article","og:title":"El plan de seguridad del 80\u00ba Descenso Internacional del Sella movilizar\u00e1 a 375 efectivos | Cand\u00e1s 365","og:description":"El consejero de Presidencia y Participaci\u00f3n Ciudadana, Guillermo Mart\u00ednez, ha presentado hoy en Ribadesella el plan de seguridad de la 80\u00aa edici\u00f3n del Descenso Internacional del Sella, dise\u00f1ado por el Servicio de Emergencias del Principado de Asturias (SEPA) y que estar\u00e1 operativo, de forma ininterrumpida, desde las 18 horas de esta tarde hasta las 11","og:url":"https:\/\/candas365.es\/noticias\/el-plan-de-seguridad-del-80o-descenso-internacional-del-sella-movilizara-a-375-efectivos\/","og:image":"https:\/\/candas365.es\/noticias\/wp-content\/uploads\/2016\/08\/2016_08_05-Plan-Descenso-del-Sella-2.jpg","og:image:secure_url":"https:\/\/candas365.es\/noticias\/wp-content\/uploads\/2016\/08\/2016_08_05-Plan-Descenso-del-Sella-2.jpg","og:image:width":2080,"og:image:height":1170,"article:published_time":"2016-08-06T15:27:52+00:00","article:modified_time":"2016-08-06T15:27:52+00:00","article:publisher":"https:\/\/www.facebook.com\/Nachofdezber","article:author":"https:\/\/www.facebook.com\/carrenoactualidad","twitter:card":"summary_large_image","twitter:site":"@NabercoDigital","twitter:title":"El plan de seguridad del 80\u00ba Descenso Internacional del Sella movilizar\u00e1 a 375 efectivos | Cand\u00e1s 365","twitter:description":"El consejero de Presidencia y Participaci\u00f3n Ciudadana, Guillermo Mart\u00ednez, ha presentado hoy en Ribadesella el plan de seguridad de la 80\u00aa edici\u00f3n del Descenso Internacional del Sella, dise\u00f1ado por el Servicio de Emergencias del Principado de Asturias (SEPA) y que estar\u00e1 operativo, de forma ininterrumpida, desde las 18 horas de esta tarde hasta las 11","twitter:creator":"@nbasturias","twitter:image":"https:\/\/candas365.es\/noticias\/wp-content\/uploads\/2016\/08\/2016_08_05-Plan-Descenso-del-Sella-2.jpg","twitter:label1":"Escrito por","twitter:data1":"Cand\u00e1s 365","twitter:label2":"Tiempo de lectura estimado","twitter:data2":"3 minutos"},"aioseo_meta_data":{"post_id":"33294","title":null,"description":null,"keywords":null,"keyphrases":null,"primary_term":null,"canonical_url":null,"og_title":null,"og_description":null,"og_object_type":"default","og_image_type":"default","og_image_url":null,"og_image_width":null,"og_image_height":null,"og_image_custom_url":null,"og_image_custom_fields":null,"og_video":null,"og_custom_url":null,"og_article_section":null,"og_article_tags":null,"twitter_use_og":false,"twitter_card":"default","twitter_image_type":"default","twitter_image_url":null,"twitter_image_custom_url":null,"twitter_image_custom_fields":null,"twitter_title":null,"twitter_description":null,"schema":{"blockGraphs":[],"customGraphs":[],"default":{"data":{"Article":[],"Course":[],"Dataset":[],"FAQPage":[],"Movie":[],"Person":[],"Product":[],"ProductReview":[],"Car":[],"Recipe":[],"Service":[],"SoftwareApplication":[],"WebPage":[]},"graphName":"","isEnabled":true},"graphs":[]},"schema_type":null,"schema_type_options":null,"pillar_content":false,"robots_default":true,"robots_noindex":false,"robots_noarchive":false,"robots_nosnippet":false,"robots_nofollow":false,"robots_noimageindex":false,"robots_noodp":false,"robots_notranslate":false,"robots_max_snippet":null,"robots_max_videopreview":null,"robots_max_imagepreview":"large","priority":null,"frequency":null,"location":null,"local_seo":null,"seo_analyzer_scan_date":"2025-08-24 16:42:12","breadcrumb_settings":null,"limit_modified_date":false,"reviewed_by":null,"open_ai":null,"ai":null,"created":"2020-12-21 13:06:20","updated":"2025-08-24 16:42:12"},"aioseo_breadcrumb":"<div class=\"aioseo-breadcrumbs\"><span class=\"aioseo-breadcrumb\">\n\t<a href=\"https:\/\/candas365.es\/noticias\" title=\"Home\">Home<\/a>\n<\/span><span class=\"aioseo-breadcrumb-separator\">&ndash;<\/span><span class=\"aioseo-breadcrumb\">\n\t<a href=\"https:\/\/candas365.es\/noticias\/category\/actualidad\/\" title=\"Actualidad\">Actualidad<\/a>\n<\/span><span class=\"aioseo-breadcrumb-separator\">&ndash;<\/span><span class=\"aioseo-breadcrumb\">\n\tEl plan de seguridad del 80\u00ba Descenso Internacional del Sella movilizar\u00e1 a 375 efectivos\n<\/span><\/div>","aioseo_breadcrumb_json":[{"label":"Home","link":"https:\/\/candas365.es\/noticias"},{"label":"Actualidad","link":"https:\/\/candas365.es\/noticias\/category\/actualidad\/"},{"label":"El plan de seguridad del 80\u00ba Descenso Internacional del Sella movilizar\u00e1 a 375 efectivos","link":"https:\/\/candas365.es\/noticias\/el-plan-de-seguridad-del-80o-descenso-internacional-del-sella-movilizara-a-375-efectivos\/"}],"_links":{"self":[{"href":"https:\/\/candas365.es\/noticias\/wp-json\/wp\/v2\/posts\/33294","targetHints":{"allow":["GET"]}}],"collection":[{"href":"https:\/\/candas365.es\/noticias\/wp-json\/wp\/v2\/posts"}],"about":[{"href":"https:\/\/candas365.es\/noticias\/wp-json\/wp\/v2\/types\/post"}],"author":[{"embeddable":true,"href":"https:\/\/candas365.es\/noticias\/wp-json\/wp\/v2\/users\/1"}],"replies":[{"embeddable":true,"href":"https:\/\/candas365.es\/noticias\/wp-json\/wp\/v2\/comments?post=33294"}],"version-history":[{"count":0,"href":"https:\/\/candas365.es\/noticias\/wp-json\/wp\/v2\/posts\/33294\/revisions"}],"wp:featuredmedia":[{"embeddable":true,"href":"https:\/\/candas365.es\/noticias\/wp-json\/wp\/v2\/media\/33295"}],"wp:attachment":[{"href":"https:\/\/candas365.es\/noticias\/wp-json\/wp\/v2\/media?parent=33294"}],"wp:term":[{"taxonomy":"category","embeddable":true,"href":"https:\/\/candas365.es\/noticias\/wp-json\/wp\/v2\/categories?post=33294"},{"taxonomy":"post_tag","embeddable":true,"href":"https:\/\/candas365.es\/noticias\/wp-json\/wp\/v2\/tags?post=33294"}],"curies":[{"name":"wp","href":"https:\/\/api.w.org\/{rel}","templated":true}]}}