{"id":33269,"date":"2016-08-05T20:40:52","date_gmt":"2016-08-05T19:10:52","guid":{"rendered":"http:\/\/candas365.es\/noticias\/?p=33269"},"modified":"2016-08-05T20:40:52","modified_gmt":"2016-08-05T19:10:52","slug":"alemania-no-ve-razon-alguna-para-un-plan-b-al-acuerdo-con-turquia","status":"publish","type":"post","link":"https:\/\/candas365.es\/noticias\/alemania-no-ve-razon-alguna-para-un-plan-b-al-acuerdo-con-turquia\/","title":{"rendered":"Alemania no ve raz\u00f3n alguna para un \u00abPlan B\u00bb al acuerdo con Turqu\u00eda"},"content":{"rendered":"<p>Berl\u00edn, 5 ago (dpa) &#8211; El Gobierno alem\u00e1n mantiene su confianza en el acuerdo firmado entre la Uni\u00f3n Europea (UE) y Turqu\u00eda sobre refugiados, seg\u00fan indic\u00f3 el jefe de gabinete de la canciller Angela Merkel, Peter Altmaier, en declaraciones publicadas hoy por el diario alem\u00e1n \u00abBerliner Zeitung\u00bb.<\/p>\n<p>\u00abNo hay raz\u00f3n alguna para un plan B\u00bb, afirm\u00f3 Altmaier. El acuerdo, con el que se impide la afluencia de refugiados a la UE, no se ha visto afectado actualmente por las consecuencias del golpe militar fallido, indic\u00f3.<\/p>\n<p>\u00abNo tenemos indicio alguno que apunte a que las personas que son acogidas por Turqu\u00eda o que son mandadas de vuelta all\u00ed, sean tratadas mal\u00bb, declar\u00f3. \u00abActualmente se realiza todo como tiene que ser tras el acuerdo\u00bb, agreg\u00f3.<\/p>\n<p>Estas declaraciones contrastan con la recomendaci\u00f3n del responsable de derechos humanos del Gobierno alem\u00e1n, B\u00e4rbel Kofler, de revisar el acuerdo ya que los principios jur\u00eddicos-estatales no se cumplen en Turqu\u00eda.<\/p>\n<p>Respecto a las amenazas del Gobierno turco de dar por concluido el acuerdo con la UE si Bruselas no elimina la obligaci\u00f3n de visado para los ciudadanos turcos, Altmaier se mostr\u00f3 convencido de que el pacto se mantendr\u00e1. \u00abNo es s\u00f3lo en inter\u00e9s de Alemania y Europa, sino tambi\u00e9n en inter\u00e9s de Turqu\u00eda, que acoge a muchos m\u00e1s refugiados que cualquier otro pa\u00eds europeo\u00bb, se\u00f1al\u00f3.<\/p>\n<p>En este punto, Altmaier record\u00f3 que para poder eliminar el visado deben cumplirse una serie de condiciones, entre las que se encuentra modificar la ley antiterrorista turca. \u00abEso lo sabe el Gobierno turco\u00bb, agreg\u00f3.<\/p>\n","protected":false},"excerpt":{"rendered":"<p>Berl\u00edn, 5 ago (dpa) &#8211; El Gobierno alem\u00e1n mantiene su confianza en el acuerdo firmado entre la Uni\u00f3n Europea (UE) y Turqu\u00eda sobre refugiados, seg\u00fan indic\u00f3 el jefe de gabinete de la canciller Angela Merkel, Peter Altmaier, en declaraciones publicadas hoy por el diario alem\u00e1n \u00abBerliner Zeitung\u00bb. \u00abNo hay raz\u00f3n alguna para un plan B\u00bb,<\/p>\n","protected":false},"author":1,"featured_media":16457,"comment_status":"closed","ping_status":"closed","sticky":false,"template":"","format":"standard","meta":{"footnotes":""},"categories":[343],"tags":[],"class_list":{"0":"post-33269","1":"post","2":"type-post","3":"status-publish","4":"format-standard","5":"has-post-thumbnail","7":"category-actualidad"},"aioseo_notices":[],"aioseo_head":"\n\t\t<!-- All in One SEO Pro 4.9.6.2 - aioseo.com -->\n\t<meta name=\"description\" content=\"Berl\u00edn, 5 ago (dpa) - El Gobierno alem\u00e1n mantiene su confianza en el acuerdo firmado entre la Uni\u00f3n Europea (UE) y Turqu\u00eda sobre refugiados, seg\u00fan indic\u00f3 el jefe de gabinete de la canciller Angela Merkel, Peter Altmaier, en declaraciones publicadas hoy por el diario alem\u00e1n &quot;Berliner Zeitung&quot;. &quot;No hay raz\u00f3n alguna para un plan B&quot;,\" \/>\n\t<meta name=\"robots\" content=\"max-image-preview:large\" \/>\n\t<meta name=\"author\" content=\"Cand\u00e1s 365\"\/>\n\t<meta name=\"google-site-verification\" content=\"UA-32230408-1\" \/>\n\t<meta name=\"msvalidate.01\" content=\"354F3CDFB2DA171B47FBE9ABF1F88D5\" \/>\n\t<meta name=\"keywords\" content=\"actualidad\" \/>\n\t<link rel=\"canonical\" href=\"https:\/\/candas365.es\/noticias\/alemania-no-ve-razon-alguna-para-un-plan-b-al-acuerdo-con-turquia\/\" \/>\n\t<meta name=\"generator\" content=\"All in One SEO Pro (AIOSEO) 4.9.6.2\" \/>\n\t\t<meta property=\"og:locale\" content=\"es_ES\" \/>\n\t\t<meta property=\"og:site_name\" content=\"Cand\u00e1s 365\" \/>\n\t\t<meta property=\"og:type\" content=\"article\" \/>\n\t\t<meta property=\"og:title\" content=\"Alemania no ve raz\u00f3n alguna para un \u00abPlan B\u00bb al acuerdo con Turqu\u00eda | Cand\u00e1s 365\" \/>\n\t\t<meta property=\"og:description\" content=\"Berl\u00edn, 5 ago (dpa) - El Gobierno alem\u00e1n mantiene su confianza en el acuerdo firmado entre la Uni\u00f3n Europea (UE) y Turqu\u00eda sobre refugiados, seg\u00fan indic\u00f3 el jefe de gabinete de la canciller Angela Merkel, Peter Altmaier, en declaraciones publicadas hoy por el diario alem\u00e1n &quot;Berliner Zeitung&quot;. &quot;No hay raz\u00f3n alguna para un plan B&quot;,\" \/>\n\t\t<meta property=\"og:url\" content=\"https:\/\/candas365.es\/noticias\/alemania-no-ve-razon-alguna-para-un-plan-b-al-acuerdo-con-turquia\/\" \/>\n\t\t<meta property=\"og:image\" content=\"https:\/\/candas365.es\/noticias\/wp-content\/uploads\/2015\/09\/c365noticias.jpg\" \/>\n\t\t<meta property=\"og:image:secure_url\" content=\"https:\/\/candas365.es\/noticias\/wp-content\/uploads\/2015\/09\/c365noticias.jpg\" \/>\n\t\t<meta property=\"og:image:width\" content=\"655\" \/>\n\t\t<meta property=\"og:image:height\" content=\"360\" \/>\n\t\t<meta property=\"article:published_time\" content=\"2016-08-05T19:10:52+00:00\" \/>\n\t\t<meta property=\"article:modified_time\" content=\"2016-08-05T19:10:52+00:00\" \/>\n\t\t<meta property=\"article:publisher\" content=\"https:\/\/www.facebook.com\/Nachofdezber\" \/>\n\t\t<meta property=\"article:author\" content=\"https:\/\/www.facebook.com\/carrenoactualidad\" \/>\n\t\t<meta name=\"twitter:card\" content=\"summary_large_image\" \/>\n\t\t<meta name=\"twitter:site\" content=\"@NabercoDigital\" \/>\n\t\t<meta name=\"twitter:title\" content=\"Alemania no ve raz\u00f3n alguna para un \u00abPlan B\u00bb al acuerdo con Turqu\u00eda | Cand\u00e1s 365\" \/>\n\t\t<meta name=\"twitter:description\" content=\"Berl\u00edn, 5 ago (dpa) - El Gobierno alem\u00e1n mantiene su confianza en el acuerdo firmado entre la Uni\u00f3n Europea (UE) y Turqu\u00eda sobre refugiados, seg\u00fan indic\u00f3 el jefe de gabinete de la canciller Angela Merkel, Peter Altmaier, en declaraciones publicadas hoy por el diario alem\u00e1n &quot;Berliner Zeitung&quot;. &quot;No hay raz\u00f3n alguna para un plan B&quot;,\" \/>\n\t\t<meta name=\"twitter:creator\" content=\"@nbasturias\" \/>\n\t\t<meta name=\"twitter:image\" content=\"https:\/\/candas365.es\/noticias\/wp-content\/uploads\/2015\/09\/c365noticias.jpg\" \/>\n\t\t<meta name=\"twitter:label1\" content=\"Escrito por\" \/>\n\t\t<meta name=\"twitter:data1\" content=\"Cand\u00e1s 365\" \/>\n\t\t<meta name=\"twitter:label2\" content=\"Tiempo de lectura estimado\" \/>\n\t\t<meta name=\"twitter:data2\" content=\"1 minuto\" \/>\n\t\t<script type=\"application\/ld+json\" class=\"aioseo-schema\">\n\t\t\t{\"@context\":\"https:\\\/\\\/schema.org\",\"@graph\":[{\"@type\":\"BreadcrumbList\",\"@id\":\"https:\\\/\\\/candas365.es\\\/noticias\\\/alemania-no-ve-razon-alguna-para-un-plan-b-al-acuerdo-con-turquia\\\/#breadcrumblist\",\"itemListElement\":[{\"@type\":\"ListItem\",\"@id\":\"https:\\\/\\\/candas365.es\\\/noticias#listItem\",\"position\":1,\"name\":\"Home\",\"item\":\"https:\\\/\\\/candas365.es\\\/noticias\",\"nextItem\":{\"@type\":\"ListItem\",\"@id\":\"https:\\\/\\\/candas365.es\\\/noticias\\\/category\\\/actualidad\\\/#listItem\",\"name\":\"Actualidad\"}},{\"@type\":\"ListItem\",\"@id\":\"https:\\\/\\\/candas365.es\\\/noticias\\\/category\\\/actualidad\\\/#listItem\",\"position\":2,\"name\":\"Actualidad\",\"item\":\"https:\\\/\\\/candas365.es\\\/noticias\\\/category\\\/actualidad\\\/\",\"nextItem\":{\"@type\":\"ListItem\",\"@id\":\"https:\\\/\\\/candas365.es\\\/noticias\\\/alemania-no-ve-razon-alguna-para-un-plan-b-al-acuerdo-con-turquia\\\/#listItem\",\"name\":\"Alemania no ve raz\\u00f3n alguna para un \\u00abPlan B\\u00bb al acuerdo con Turqu\\u00eda\"},\"previousItem\":{\"@type\":\"ListItem\",\"@id\":\"https:\\\/\\\/candas365.es\\\/noticias#listItem\",\"name\":\"Home\"}},{\"@type\":\"ListItem\",\"@id\":\"https:\\\/\\\/candas365.es\\\/noticias\\\/alemania-no-ve-razon-alguna-para-un-plan-b-al-acuerdo-con-turquia\\\/#listItem\",\"position\":3,\"name\":\"Alemania no ve raz\\u00f3n alguna para un \\u00abPlan B\\u00bb al acuerdo con Turqu\\u00eda\",\"previousItem\":{\"@type\":\"ListItem\",\"@id\":\"https:\\\/\\\/candas365.es\\\/noticias\\\/category\\\/actualidad\\\/#listItem\",\"name\":\"Actualidad\"}}]},{\"@type\":\"NewsArticle\",\"@id\":\"https:\\\/\\\/candas365.es\\\/noticias\\\/alemania-no-ve-razon-alguna-para-un-plan-b-al-acuerdo-con-turquia\\\/#newsarticle\",\"name\":\"Alemania no ve raz\\u00f3n alguna para un \\u00abPlan B\\u00bb al acuerdo con Turqu\\u00eda | Cand\\u00e1s 365\",\"headline\":\"Alemania no ve raz\\u00f3n alguna para un \\u00abPlan B\\u00bb al acuerdo con Turqu\\u00eda\",\"author\":{\"@id\":\"https:\\\/\\\/candas365.es\\\/noticias\\\/author\\\/admin\\\/#author\"},\"publisher\":{\"@id\":\"https:\\\/\\\/candas365.es\\\/noticias\\\/#organization\"},\"image\":{\"@type\":\"ImageObject\",\"url\":\"https:\\\/\\\/candas365.es\\\/noticias\\\/wp-content\\\/uploads\\\/2015\\\/09\\\/c365noticias.jpg\",\"width\":655,\"height\":360},\"datePublished\":\"2016-08-05T20:40:52+02:00\",\"dateModified\":\"2016-08-05T20:40:52+02:00\",\"inLanguage\":\"es-ES\",\"mainEntityOfPage\":{\"@id\":\"https:\\\/\\\/candas365.es\\\/noticias\\\/alemania-no-ve-razon-alguna-para-un-plan-b-al-acuerdo-con-turquia\\\/#webpage\"},\"isPartOf\":{\"@id\":\"https:\\\/\\\/candas365.es\\\/noticias\\\/alemania-no-ve-razon-alguna-para-un-plan-b-al-acuerdo-con-turquia\\\/#webpage\"},\"articleSection\":\"Actualidad\",\"dateline\":\"Publicado el agosto 5, 2016.\"},{\"@type\":\"Organization\",\"@id\":\"https:\\\/\\\/candas365.es\\\/noticias\\\/#organization\",\"name\":\"Cand\\u00e1s 365\",\"description\":\"Cand\\u00e1s 365 es un diario digital independiente, fundado en 2012, con base en Asturias. Informamos con rigor sobre actualidad, sociedad, cultura y ocio, con una mirada local y global.\",\"url\":\"https:\\\/\\\/candas365.es\\\/noticias\\\/\",\"email\":\"info@candas365.es\",\"telephone\":\"+34652131393\",\"foundingDate\":\"2012-06-10\",\"logo\":{\"@type\":\"ImageObject\",\"url\":\"https:\\\/\\\/candas365.es\\\/noticias\\\/wp-content\\\/uploads\\\/2024\\\/09\\\/Candas-365-Redes.jpg\",\"@id\":\"https:\\\/\\\/candas365.es\\\/noticias\\\/alemania-no-ve-razon-alguna-para-un-plan-b-al-acuerdo-con-turquia\\\/#organizationLogo\",\"width\":1152,\"height\":864,\"caption\":\"Cand\\u00e1s 365 Redes\"},\"image\":{\"@id\":\"https:\\\/\\\/candas365.es\\\/noticias\\\/alemania-no-ve-razon-alguna-para-un-plan-b-al-acuerdo-con-turquia\\\/#organizationLogo\"},\"sameAs\":[\"https:\\\/\\\/www.facebook.com\\\/Nachofdezber\",\"https:\\\/\\\/x.com\\\/NabercoDigital\",\"https:\\\/\\\/www.instagram.com\\\/nachofdezber\\\/\",\"https:\\\/\\\/www.youtube.com\\\/channel\\\/UCZP-2wLEB9Rv6erhFmqVnvg\"],\"address\":{\"@id\":\"https:\\\/\\\/candas365.es\\\/noticias\\\/#postaladdress\",\"@type\":\"PostalAddress\",\"streetAddress\":\"san antonio 4, san antonio 4\",\"postalCode\":\"33430\",\"addressLocality\":\"Cand\\u00e1s\",\"addressRegion\":\"Asturias\",\"addressCountry\":\"ES\"}},{\"@type\":\"Person\",\"@id\":\"https:\\\/\\\/candas365.es\\\/noticias\\\/author\\\/admin\\\/#author\",\"url\":\"https:\\\/\\\/candas365.es\\\/noticias\\\/author\\\/admin\\\/\",\"name\":\"Cand\\u00e1s 365\",\"image\":{\"@type\":\"ImageObject\",\"@id\":\"https:\\\/\\\/candas365.es\\\/noticias\\\/alemania-no-ve-razon-alguna-para-un-plan-b-al-acuerdo-con-turquia\\\/#authorImage\",\"url\":\"https:\\\/\\\/secure.gravatar.com\\\/avatar\\\/496a8e03d0c493ede1718b7934145dbdf8d89be1036b0eec9544e1094c9de390?s=96&d=mm&r=g\",\"width\":96,\"height\":96,\"caption\":\"Cand\\u00e1s 365\"},\"sameAs\":[\"https:\\\/\\\/www.facebook.com\\\/carrenoactualidad\",\"https:\\\/\\\/twitter.com\\\/nbasturias\",\"https:\\\/\\\/www.instagram.com\\\/nachofdezber\\\/\",\"https:\\\/\\\/www.youtube.com\\\/channel\\\/UCZP-2wLEB9Rv6erhFmqVnvg\"]},{\"@type\":\"WebPage\",\"@id\":\"https:\\\/\\\/candas365.es\\\/noticias\\\/alemania-no-ve-razon-alguna-para-un-plan-b-al-acuerdo-con-turquia\\\/#webpage\",\"url\":\"https:\\\/\\\/candas365.es\\\/noticias\\\/alemania-no-ve-razon-alguna-para-un-plan-b-al-acuerdo-con-turquia\\\/\",\"name\":\"Alemania no ve raz\\u00f3n alguna para un \\u00abPlan B\\u00bb al acuerdo con Turqu\\u00eda | Cand\\u00e1s 365\",\"description\":\"Berl\\u00edn, 5 ago (dpa) - El Gobierno alem\\u00e1n mantiene su confianza en el acuerdo firmado entre la Uni\\u00f3n Europea (UE) y Turqu\\u00eda sobre refugiados, seg\\u00fan indic\\u00f3 el jefe de gabinete de la canciller Angela Merkel, Peter Altmaier, en declaraciones publicadas hoy por el diario alem\\u00e1n \\\"Berliner Zeitung\\\". \\\"No hay raz\\u00f3n alguna para un plan B\\\",\",\"inLanguage\":\"es-ES\",\"isPartOf\":{\"@id\":\"https:\\\/\\\/candas365.es\\\/noticias\\\/#website\"},\"breadcrumb\":{\"@id\":\"https:\\\/\\\/candas365.es\\\/noticias\\\/alemania-no-ve-razon-alguna-para-un-plan-b-al-acuerdo-con-turquia\\\/#breadcrumblist\"},\"author\":{\"@id\":\"https:\\\/\\\/candas365.es\\\/noticias\\\/author\\\/admin\\\/#author\"},\"creator\":{\"@id\":\"https:\\\/\\\/candas365.es\\\/noticias\\\/author\\\/admin\\\/#author\"},\"image\":{\"@type\":\"ImageObject\",\"url\":\"https:\\\/\\\/candas365.es\\\/noticias\\\/wp-content\\\/uploads\\\/2015\\\/09\\\/c365noticias.jpg\",\"@id\":\"https:\\\/\\\/candas365.es\\\/noticias\\\/alemania-no-ve-razon-alguna-para-un-plan-b-al-acuerdo-con-turquia\\\/#mainImage\",\"width\":655,\"height\":360},\"primaryImageOfPage\":{\"@id\":\"https:\\\/\\\/candas365.es\\\/noticias\\\/alemania-no-ve-razon-alguna-para-un-plan-b-al-acuerdo-con-turquia\\\/#mainImage\"},\"datePublished\":\"2016-08-05T20:40:52+02:00\",\"dateModified\":\"2016-08-05T20:40:52+02:00\"},{\"@type\":\"WebSite\",\"@id\":\"https:\\\/\\\/candas365.es\\\/noticias\\\/#website\",\"url\":\"https:\\\/\\\/candas365.es\\\/noticias\\\/\",\"name\":\"Cand\\u00e1s 365\",\"alternateName\":\"Cand\\u00e1s 365 Noticias\",\"description\":\"Actualidad desde Carre\\u00f1o para el mundo\",\"inLanguage\":\"es-ES\",\"publisher\":{\"@id\":\"https:\\\/\\\/candas365.es\\\/noticias\\\/#organization\"}}]}\n\t\t<\/script>\n\t\t<!-- All in One SEO Pro -->\r\n\t\t<title>Alemania no ve raz\u00f3n alguna para un \u00abPlan B\u00bb al acuerdo con Turqu\u00eda | Cand\u00e1s 365<\/title>\n\n","aioseo_head_json":{"title":"Alemania no ve raz\u00f3n alguna para un \u00abPlan B\u00bb al acuerdo con Turqu\u00eda | Cand\u00e1s 365","description":"Berl\u00edn, 5 ago (dpa) - El Gobierno alem\u00e1n mantiene su confianza en el acuerdo firmado entre la Uni\u00f3n Europea (UE) y Turqu\u00eda sobre refugiados, seg\u00fan indic\u00f3 el jefe de gabinete de la canciller Angela Merkel, Peter Altmaier, en declaraciones publicadas hoy por el diario alem\u00e1n \"Berliner Zeitung\". \"No hay raz\u00f3n alguna para un plan B\",","canonical_url":"https:\/\/candas365.es\/noticias\/alemania-no-ve-razon-alguna-para-un-plan-b-al-acuerdo-con-turquia\/","robots":"max-image-preview:large","keywords":"actualidad","webmasterTools":{"google-site-verification":"UA-32230408-1","msvalidate.01":"354F3CDFB2DA171B47FBE9ABF1F88D5","miscellaneous":""},"schema":{"@context":"https:\/\/schema.org","@graph":[{"@type":"BreadcrumbList","@id":"https:\/\/candas365.es\/noticias\/alemania-no-ve-razon-alguna-para-un-plan-b-al-acuerdo-con-turquia\/#breadcrumblist","itemListElement":[{"@type":"ListItem","@id":"https:\/\/candas365.es\/noticias#listItem","position":1,"name":"Home","item":"https:\/\/candas365.es\/noticias","nextItem":{"@type":"ListItem","@id":"https:\/\/candas365.es\/noticias\/category\/actualidad\/#listItem","name":"Actualidad"}},{"@type":"ListItem","@id":"https:\/\/candas365.es\/noticias\/category\/actualidad\/#listItem","position":2,"name":"Actualidad","item":"https:\/\/candas365.es\/noticias\/category\/actualidad\/","nextItem":{"@type":"ListItem","@id":"https:\/\/candas365.es\/noticias\/alemania-no-ve-razon-alguna-para-un-plan-b-al-acuerdo-con-turquia\/#listItem","name":"Alemania no ve raz\u00f3n alguna para un \u00abPlan B\u00bb al acuerdo con Turqu\u00eda"},"previousItem":{"@type":"ListItem","@id":"https:\/\/candas365.es\/noticias#listItem","name":"Home"}},{"@type":"ListItem","@id":"https:\/\/candas365.es\/noticias\/alemania-no-ve-razon-alguna-para-un-plan-b-al-acuerdo-con-turquia\/#listItem","position":3,"name":"Alemania no ve raz\u00f3n alguna para un \u00abPlan B\u00bb al acuerdo con Turqu\u00eda","previousItem":{"@type":"ListItem","@id":"https:\/\/candas365.es\/noticias\/category\/actualidad\/#listItem","name":"Actualidad"}}]},{"@type":"NewsArticle","@id":"https:\/\/candas365.es\/noticias\/alemania-no-ve-razon-alguna-para-un-plan-b-al-acuerdo-con-turquia\/#newsarticle","name":"Alemania no ve raz\u00f3n alguna para un \u00abPlan B\u00bb al acuerdo con Turqu\u00eda | Cand\u00e1s 365","headline":"Alemania no ve raz\u00f3n alguna para un \u00abPlan B\u00bb al acuerdo con Turqu\u00eda","author":{"@id":"https:\/\/candas365.es\/noticias\/author\/admin\/#author"},"publisher":{"@id":"https:\/\/candas365.es\/noticias\/#organization"},"image":{"@type":"ImageObject","url":"https:\/\/candas365.es\/noticias\/wp-content\/uploads\/2015\/09\/c365noticias.jpg","width":655,"height":360},"datePublished":"2016-08-05T20:40:52+02:00","dateModified":"2016-08-05T20:40:52+02:00","inLanguage":"es-ES","mainEntityOfPage":{"@id":"https:\/\/candas365.es\/noticias\/alemania-no-ve-razon-alguna-para-un-plan-b-al-acuerdo-con-turquia\/#webpage"},"isPartOf":{"@id":"https:\/\/candas365.es\/noticias\/alemania-no-ve-razon-alguna-para-un-plan-b-al-acuerdo-con-turquia\/#webpage"},"articleSection":"Actualidad","dateline":"Publicado el agosto 5, 2016."},{"@type":"Organization","@id":"https:\/\/candas365.es\/noticias\/#organization","name":"Cand\u00e1s 365","description":"Cand\u00e1s 365 es un diario digital independiente, fundado en 2012, con base en Asturias. Informamos con rigor sobre actualidad, sociedad, cultura y ocio, con una mirada local y global.","url":"https:\/\/candas365.es\/noticias\/","email":"info@candas365.es","telephone":"+34652131393","foundingDate":"2012-06-10","logo":{"@type":"ImageObject","url":"https:\/\/candas365.es\/noticias\/wp-content\/uploads\/2024\/09\/Candas-365-Redes.jpg","@id":"https:\/\/candas365.es\/noticias\/alemania-no-ve-razon-alguna-para-un-plan-b-al-acuerdo-con-turquia\/#organizationLogo","width":1152,"height":864,"caption":"Cand\u00e1s 365 Redes"},"image":{"@id":"https:\/\/candas365.es\/noticias\/alemania-no-ve-razon-alguna-para-un-plan-b-al-acuerdo-con-turquia\/#organizationLogo"},"sameAs":["https:\/\/www.facebook.com\/Nachofdezber","https:\/\/x.com\/NabercoDigital","https:\/\/www.instagram.com\/nachofdezber\/","https:\/\/www.youtube.com\/channel\/UCZP-2wLEB9Rv6erhFmqVnvg"],"address":{"@id":"https:\/\/candas365.es\/noticias\/#postaladdress","@type":"PostalAddress","streetAddress":"san antonio 4, san antonio 4","postalCode":"33430","addressLocality":"Cand\u00e1s","addressRegion":"Asturias","addressCountry":"ES"}},{"@type":"Person","@id":"https:\/\/candas365.es\/noticias\/author\/admin\/#author","url":"https:\/\/candas365.es\/noticias\/author\/admin\/","name":"Cand\u00e1s 365","image":{"@type":"ImageObject","@id":"https:\/\/candas365.es\/noticias\/alemania-no-ve-razon-alguna-para-un-plan-b-al-acuerdo-con-turquia\/#authorImage","url":"https:\/\/secure.gravatar.com\/avatar\/496a8e03d0c493ede1718b7934145dbdf8d89be1036b0eec9544e1094c9de390?s=96&d=mm&r=g","width":96,"height":96,"caption":"Cand\u00e1s 365"},"sameAs":["https:\/\/www.facebook.com\/carrenoactualidad","https:\/\/twitter.com\/nbasturias","https:\/\/www.instagram.com\/nachofdezber\/","https:\/\/www.youtube.com\/channel\/UCZP-2wLEB9Rv6erhFmqVnvg"]},{"@type":"WebPage","@id":"https:\/\/candas365.es\/noticias\/alemania-no-ve-razon-alguna-para-un-plan-b-al-acuerdo-con-turquia\/#webpage","url":"https:\/\/candas365.es\/noticias\/alemania-no-ve-razon-alguna-para-un-plan-b-al-acuerdo-con-turquia\/","name":"Alemania no ve raz\u00f3n alguna para un \u00abPlan B\u00bb al acuerdo con Turqu\u00eda | Cand\u00e1s 365","description":"Berl\u00edn, 5 ago (dpa) - El Gobierno alem\u00e1n mantiene su confianza en el acuerdo firmado entre la Uni\u00f3n Europea (UE) y Turqu\u00eda sobre refugiados, seg\u00fan indic\u00f3 el jefe de gabinete de la canciller Angela Merkel, Peter Altmaier, en declaraciones publicadas hoy por el diario alem\u00e1n \"Berliner Zeitung\". \"No hay raz\u00f3n alguna para un plan B\",","inLanguage":"es-ES","isPartOf":{"@id":"https:\/\/candas365.es\/noticias\/#website"},"breadcrumb":{"@id":"https:\/\/candas365.es\/noticias\/alemania-no-ve-razon-alguna-para-un-plan-b-al-acuerdo-con-turquia\/#breadcrumblist"},"author":{"@id":"https:\/\/candas365.es\/noticias\/author\/admin\/#author"},"creator":{"@id":"https:\/\/candas365.es\/noticias\/author\/admin\/#author"},"image":{"@type":"ImageObject","url":"https:\/\/candas365.es\/noticias\/wp-content\/uploads\/2015\/09\/c365noticias.jpg","@id":"https:\/\/candas365.es\/noticias\/alemania-no-ve-razon-alguna-para-un-plan-b-al-acuerdo-con-turquia\/#mainImage","width":655,"height":360},"primaryImageOfPage":{"@id":"https:\/\/candas365.es\/noticias\/alemania-no-ve-razon-alguna-para-un-plan-b-al-acuerdo-con-turquia\/#mainImage"},"datePublished":"2016-08-05T20:40:52+02:00","dateModified":"2016-08-05T20:40:52+02:00"},{"@type":"WebSite","@id":"https:\/\/candas365.es\/noticias\/#website","url":"https:\/\/candas365.es\/noticias\/","name":"Cand\u00e1s 365","alternateName":"Cand\u00e1s 365 Noticias","description":"Actualidad desde Carre\u00f1o para el mundo","inLanguage":"es-ES","publisher":{"@id":"https:\/\/candas365.es\/noticias\/#organization"}}]},"og:locale":"es_ES","og:site_name":"Cand\u00e1s 365","og:type":"article","og:title":"Alemania no ve raz\u00f3n alguna para un \u00abPlan B\u00bb al acuerdo con Turqu\u00eda | Cand\u00e1s 365","og:description":"Berl\u00edn, 5 ago (dpa) - El Gobierno alem\u00e1n mantiene su confianza en el acuerdo firmado entre la Uni\u00f3n Europea (UE) y Turqu\u00eda sobre refugiados, seg\u00fan indic\u00f3 el jefe de gabinete de la canciller Angela Merkel, Peter Altmaier, en declaraciones publicadas hoy por el diario alem\u00e1n &quot;Berliner Zeitung&quot;. &quot;No hay raz\u00f3n alguna para un plan B&quot;,","og:url":"https:\/\/candas365.es\/noticias\/alemania-no-ve-razon-alguna-para-un-plan-b-al-acuerdo-con-turquia\/","og:image":"https:\/\/candas365.es\/noticias\/wp-content\/uploads\/2015\/09\/c365noticias.jpg","og:image:secure_url":"https:\/\/candas365.es\/noticias\/wp-content\/uploads\/2015\/09\/c365noticias.jpg","og:image:width":655,"og:image:height":360,"article:published_time":"2016-08-05T19:10:52+00:00","article:modified_time":"2016-08-05T19:10:52+00:00","article:publisher":"https:\/\/www.facebook.com\/Nachofdezber","article:author":"https:\/\/www.facebook.com\/carrenoactualidad","twitter:card":"summary_large_image","twitter:site":"@NabercoDigital","twitter:title":"Alemania no ve raz\u00f3n alguna para un \u00abPlan B\u00bb al acuerdo con Turqu\u00eda | Cand\u00e1s 365","twitter:description":"Berl\u00edn, 5 ago (dpa) - El Gobierno alem\u00e1n mantiene su confianza en el acuerdo firmado entre la Uni\u00f3n Europea (UE) y Turqu\u00eda sobre refugiados, seg\u00fan indic\u00f3 el jefe de gabinete de la canciller Angela Merkel, Peter Altmaier, en declaraciones publicadas hoy por el diario alem\u00e1n &quot;Berliner Zeitung&quot;. &quot;No hay raz\u00f3n alguna para un plan B&quot;,","twitter:creator":"@nbasturias","twitter:image":"https:\/\/candas365.es\/noticias\/wp-content\/uploads\/2015\/09\/c365noticias.jpg","twitter:label1":"Escrito por","twitter:data1":"Cand\u00e1s 365","twitter:label2":"Tiempo de lectura estimado","twitter:data2":"1 minuto"},"aioseo_meta_data":{"post_id":"33269","title":null,"description":null,"keywords":null,"keyphrases":null,"primary_term":null,"canonical_url":null,"og_title":null,"og_description":null,"og_object_type":"default","og_image_type":"default","og_image_url":null,"og_image_width":null,"og_image_height":null,"og_image_custom_url":null,"og_image_custom_fields":null,"og_video":null,"og_custom_url":null,"og_article_section":null,"og_article_tags":null,"twitter_use_og":false,"twitter_card":"default","twitter_image_type":"default","twitter_image_url":null,"twitter_image_custom_url":null,"twitter_image_custom_fields":null,"twitter_title":null,"twitter_description":null,"schema":{"blockGraphs":[],"customGraphs":[],"default":{"data":{"Article":[],"Course":[],"Dataset":[],"FAQPage":[],"Movie":[],"Person":[],"Product":[],"ProductReview":[],"Car":[],"Recipe":[],"Service":[],"SoftwareApplication":[],"WebPage":[]},"graphName":"","isEnabled":true},"graphs":[],"defaultGraph":"","defaultPostTypeGraph":""},"schema_type":null,"schema_type_options":null,"pillar_content":false,"robots_default":true,"robots_noindex":false,"robots_noarchive":false,"robots_nosnippet":false,"robots_nofollow":false,"robots_noimageindex":false,"robots_noodp":false,"robots_notranslate":false,"robots_max_snippet":null,"robots_max_videopreview":null,"robots_max_imagepreview":"large","priority":null,"frequency":null,"location":null,"local_seo":null,"seo_analyzer_scan_date":"2025-08-24 16:40:12","breadcrumb_settings":null,"limit_modified_date":false,"reviewed_by":null,"open_ai":null,"ai":null,"created":"2020-12-21 13:06:19","updated":"2025-08-24 16:40:12"},"aioseo_breadcrumb":"<div class=\"aioseo-breadcrumbs\"><span class=\"aioseo-breadcrumb\">\n\t<a href=\"https:\/\/candas365.es\/noticias\" title=\"Home\">Home<\/a>\n<\/span><span class=\"aioseo-breadcrumb-separator\">&ndash;<\/span><span class=\"aioseo-breadcrumb\">\n\t<a href=\"https:\/\/candas365.es\/noticias\/category\/actualidad\/\" title=\"Actualidad\">Actualidad<\/a>\n<\/span><span class=\"aioseo-breadcrumb-separator\">&ndash;<\/span><span class=\"aioseo-breadcrumb\">\n\tAlemania no ve raz\u00f3n alguna para un \u00abPlan B\u00bb al acuerdo con Turqu\u00eda\n<\/span><\/div>","aioseo_breadcrumb_json":[{"label":"Home","link":"https:\/\/candas365.es\/noticias"},{"label":"Actualidad","link":"https:\/\/candas365.es\/noticias\/category\/actualidad\/"},{"label":"Alemania no ve raz\u00f3n alguna para un \u00abPlan B\u00bb al acuerdo con Turqu\u00eda","link":"https:\/\/candas365.es\/noticias\/alemania-no-ve-razon-alguna-para-un-plan-b-al-acuerdo-con-turquia\/"}],"_links":{"self":[{"href":"https:\/\/candas365.es\/noticias\/wp-json\/wp\/v2\/posts\/33269","targetHints":{"allow":["GET"]}}],"collection":[{"href":"https:\/\/candas365.es\/noticias\/wp-json\/wp\/v2\/posts"}],"about":[{"href":"https:\/\/candas365.es\/noticias\/wp-json\/wp\/v2\/types\/post"}],"author":[{"embeddable":true,"href":"https:\/\/candas365.es\/noticias\/wp-json\/wp\/v2\/users\/1"}],"replies":[{"embeddable":true,"href":"https:\/\/candas365.es\/noticias\/wp-json\/wp\/v2\/comments?post=33269"}],"version-history":[{"count":0,"href":"https:\/\/candas365.es\/noticias\/wp-json\/wp\/v2\/posts\/33269\/revisions"}],"wp:featuredmedia":[{"embeddable":true,"href":"https:\/\/candas365.es\/noticias\/wp-json\/wp\/v2\/media\/16457"}],"wp:attachment":[{"href":"https:\/\/candas365.es\/noticias\/wp-json\/wp\/v2\/media?parent=33269"}],"wp:term":[{"taxonomy":"category","embeddable":true,"href":"https:\/\/candas365.es\/noticias\/wp-json\/wp\/v2\/categories?post=33269"},{"taxonomy":"post_tag","embeddable":true,"href":"https:\/\/candas365.es\/noticias\/wp-json\/wp\/v2\/tags?post=33269"}],"curies":[{"name":"wp","href":"https:\/\/api.w.org\/{rel}","templated":true}]}}