{"id":33265,"date":"2016-08-05T20:38:18","date_gmt":"2016-08-05T19:08:18","guid":{"rendered":"http:\/\/candas365.es\/noticias\/?p=33265"},"modified":"2016-08-05T20:38:18","modified_gmt":"2016-08-05T19:08:18","slug":"los-atacantes-de-las-ciudades-alemanas-tuvieron-contacto-con-ei-en-arabia-saudi","status":"publish","type":"post","link":"https:\/\/candas365.es\/noticias\/los-atacantes-de-las-ciudades-alemanas-tuvieron-contacto-con-ei-en-arabia-saudi\/","title":{"rendered":"Los atacantes de las ciudades alemanas tuvieron contacto con EI en Arabia Saud\u00ed"},"content":{"rendered":"<p>Berl\u00edn, 5 ago (dpa) &#8211; Los atacantes de las ciudades alemanas de Ansbach y Wurzburgo recibieron consejo de presuntos miembros del Estado Isl\u00e1mico (EI) en Arabia-Saud\u00ed, seg\u00fan publica hoy la revista \u00abDer Spiegel\u00bb en su edici\u00f3n online.<\/p>\n<p>Los dos entraron en contacto con los supuestos terroristas a trav\u00e9s de varios n\u00fameros de tel\u00e9fono, entre otros, en Arabia-Saud\u00ed, seg\u00fan pudieron saber las autoridades alemanes al investigar chats, escribi\u00f3 la publicaci\u00f3n alemana.<\/p>\n<p>El refugiado supuestamente de Afganist\u00e1n, de 17 a\u00f1os, que el pasado 18 de julio atac\u00f3 con hacha y cuchillo en un tren regional cerca de Wurzburgo, hiriendo a cinco personas, entre ellas cuatro turistas de Hong Kong, se despidi\u00f3 diciendo: \u00abNos vemos en el para\u00edso\u00bb. Muri\u00f3 abatido por la Polic\u00eda.<\/p>\n<p>Previamente en un chat, su contacto con el EI le propuso proyectar su coche contra una multitud de personas. Sin embargo, el joven lo rechaz\u00f3 diciendo que no ten\u00eda carnet de conducir. En su lugar, el refugiado le inform\u00f3 que subir\u00eda a un tren y atacar\u00eda a los pasajeros.<\/p>\n<p>Respecto al solicitante de asilo sirio que pocos d\u00edas despu\u00e9s de lo de Wurzburgo se suicid\u00f3 y caus\u00f3 heridas a 15 personas al detonar una bomba en su mochila en la entrada de un concierto en la localidad de Ansbach, las autoridades alemanas creen que no ten\u00eda previsto suicidarse y que fue un accidente.<\/p>\n<p>Supuestamente hab\u00eda previsto depositar la mochila llena de material explosivo entre la multitud en el festival que se celebraba en la ciudad y activarla desde la distancia.<\/p>\n<p>Poco antes del atentado, su contacto en un chat le hab\u00eda pedido que filmara la explosi\u00f3n y el consecuente infierno y se lo enviara al EI. Sin embargo, la bomba explot\u00f3 supuestamente antes de tiempo y lo mat\u00f3 a \u00e9l e hiri\u00f3 a 15 personas.<\/p>\n<p>En el chat se habl\u00f3 tambi\u00e9n de que el refugiado cometiera despu\u00e9s m\u00e1s atentados, algo que corrobora el video de reivindicaci\u00f3n que grab\u00f3 encapuchado y que los investigadores encontraron en su piso junto con material para construir bombas.<\/p>\n<p>&nbsp;<\/p>\n","protected":false},"excerpt":{"rendered":"<p>Berl\u00edn, 5 ago (dpa) &#8211; Los atacantes de las ciudades alemanas de Ansbach y Wurzburgo recibieron consejo de presuntos miembros del Estado Isl\u00e1mico (EI) en Arabia-Saud\u00ed, seg\u00fan publica hoy la revista \u00abDer Spiegel\u00bb en su edici\u00f3n online. Los dos entraron en contacto con los supuestos terroristas a trav\u00e9s de varios n\u00fameros de tel\u00e9fono, entre otros,<\/p>\n","protected":false},"author":1,"featured_media":16457,"comment_status":"closed","ping_status":"closed","sticky":false,"template":"","format":"standard","meta":{"footnotes":""},"categories":[343],"tags":[],"class_list":{"0":"post-33265","1":"post","2":"type-post","3":"status-publish","4":"format-standard","5":"has-post-thumbnail","7":"category-actualidad"},"aioseo_notices":[],"aioseo_head":"\n\t\t<!-- All in One SEO Pro 4.9.6.2 - aioseo.com -->\n\t<meta name=\"description\" content=\"Berl\u00edn, 5 ago (dpa) - Los atacantes de las ciudades alemanas de Ansbach y Wurzburgo recibieron consejo de presuntos miembros del Estado Isl\u00e1mico (EI) en Arabia-Saud\u00ed, seg\u00fan publica hoy la revista &quot;Der Spiegel&quot; en su edici\u00f3n online. Los dos entraron en contacto con los supuestos terroristas a trav\u00e9s de varios n\u00fameros de tel\u00e9fono, entre otros,\" \/>\n\t<meta name=\"robots\" content=\"max-image-preview:large\" \/>\n\t<meta name=\"author\" content=\"Cand\u00e1s 365\"\/>\n\t<meta name=\"google-site-verification\" content=\"UA-32230408-1\" \/>\n\t<meta name=\"msvalidate.01\" content=\"354F3CDFB2DA171B47FBE9ABF1F88D5\" \/>\n\t<meta name=\"keywords\" content=\"actualidad\" \/>\n\t<link rel=\"canonical\" href=\"https:\/\/candas365.es\/noticias\/los-atacantes-de-las-ciudades-alemanas-tuvieron-contacto-con-ei-en-arabia-saudi\/\" \/>\n\t<meta name=\"generator\" content=\"All in One SEO Pro (AIOSEO) 4.9.6.2\" \/>\n\t\t<meta property=\"og:locale\" content=\"es_ES\" \/>\n\t\t<meta property=\"og:site_name\" content=\"Cand\u00e1s 365\" \/>\n\t\t<meta property=\"og:type\" content=\"article\" \/>\n\t\t<meta property=\"og:title\" content=\"Los atacantes de las ciudades alemanas tuvieron contacto con EI en Arabia Saud\u00ed | Cand\u00e1s 365\" \/>\n\t\t<meta property=\"og:description\" content=\"Berl\u00edn, 5 ago (dpa) - Los atacantes de las ciudades alemanas de Ansbach y Wurzburgo recibieron consejo de presuntos miembros del Estado Isl\u00e1mico (EI) en Arabia-Saud\u00ed, seg\u00fan publica hoy la revista &quot;Der Spiegel&quot; en su edici\u00f3n online. Los dos entraron en contacto con los supuestos terroristas a trav\u00e9s de varios n\u00fameros de tel\u00e9fono, entre otros,\" \/>\n\t\t<meta property=\"og:url\" content=\"https:\/\/candas365.es\/noticias\/los-atacantes-de-las-ciudades-alemanas-tuvieron-contacto-con-ei-en-arabia-saudi\/\" \/>\n\t\t<meta property=\"og:image\" content=\"https:\/\/candas365.es\/noticias\/wp-content\/uploads\/2015\/09\/c365noticias.jpg\" \/>\n\t\t<meta property=\"og:image:secure_url\" content=\"https:\/\/candas365.es\/noticias\/wp-content\/uploads\/2015\/09\/c365noticias.jpg\" \/>\n\t\t<meta property=\"og:image:width\" content=\"655\" \/>\n\t\t<meta property=\"og:image:height\" content=\"360\" \/>\n\t\t<meta property=\"article:published_time\" content=\"2016-08-05T19:08:18+00:00\" \/>\n\t\t<meta property=\"article:modified_time\" content=\"2016-08-05T19:08:18+00:00\" \/>\n\t\t<meta property=\"article:publisher\" content=\"https:\/\/www.facebook.com\/Nachofdezber\" \/>\n\t\t<meta property=\"article:author\" content=\"https:\/\/www.facebook.com\/carrenoactualidad\" \/>\n\t\t<meta name=\"twitter:card\" content=\"summary_large_image\" \/>\n\t\t<meta name=\"twitter:site\" content=\"@NabercoDigital\" \/>\n\t\t<meta name=\"twitter:title\" content=\"Los atacantes de las ciudades alemanas tuvieron contacto con EI en Arabia Saud\u00ed | Cand\u00e1s 365\" \/>\n\t\t<meta name=\"twitter:description\" content=\"Berl\u00edn, 5 ago (dpa) - Los atacantes de las ciudades alemanas de Ansbach y Wurzburgo recibieron consejo de presuntos miembros del Estado Isl\u00e1mico (EI) en Arabia-Saud\u00ed, seg\u00fan publica hoy la revista &quot;Der Spiegel&quot; en su edici\u00f3n online. Los dos entraron en contacto con los supuestos terroristas a trav\u00e9s de varios n\u00fameros de tel\u00e9fono, entre otros,\" \/>\n\t\t<meta name=\"twitter:creator\" content=\"@nbasturias\" \/>\n\t\t<meta name=\"twitter:image\" content=\"https:\/\/candas365.es\/noticias\/wp-content\/uploads\/2015\/09\/c365noticias.jpg\" \/>\n\t\t<meta name=\"twitter:label1\" content=\"Escrito por\" \/>\n\t\t<meta name=\"twitter:data1\" content=\"Cand\u00e1s 365\" \/>\n\t\t<meta name=\"twitter:label2\" content=\"Tiempo de lectura estimado\" \/>\n\t\t<meta name=\"twitter:data2\" content=\"2 minutos\" \/>\n\t\t<script type=\"application\/ld+json\" class=\"aioseo-schema\">\n\t\t\t{\"@context\":\"https:\\\/\\\/schema.org\",\"@graph\":[{\"@type\":\"BreadcrumbList\",\"@id\":\"https:\\\/\\\/candas365.es\\\/noticias\\\/los-atacantes-de-las-ciudades-alemanas-tuvieron-contacto-con-ei-en-arabia-saudi\\\/#breadcrumblist\",\"itemListElement\":[{\"@type\":\"ListItem\",\"@id\":\"https:\\\/\\\/candas365.es\\\/noticias#listItem\",\"position\":1,\"name\":\"Home\",\"item\":\"https:\\\/\\\/candas365.es\\\/noticias\",\"nextItem\":{\"@type\":\"ListItem\",\"@id\":\"https:\\\/\\\/candas365.es\\\/noticias\\\/category\\\/actualidad\\\/#listItem\",\"name\":\"Actualidad\"}},{\"@type\":\"ListItem\",\"@id\":\"https:\\\/\\\/candas365.es\\\/noticias\\\/category\\\/actualidad\\\/#listItem\",\"position\":2,\"name\":\"Actualidad\",\"item\":\"https:\\\/\\\/candas365.es\\\/noticias\\\/category\\\/actualidad\\\/\",\"nextItem\":{\"@type\":\"ListItem\",\"@id\":\"https:\\\/\\\/candas365.es\\\/noticias\\\/los-atacantes-de-las-ciudades-alemanas-tuvieron-contacto-con-ei-en-arabia-saudi\\\/#listItem\",\"name\":\"Los atacantes de las ciudades alemanas tuvieron contacto con EI en Arabia Saud\\u00ed\"},\"previousItem\":{\"@type\":\"ListItem\",\"@id\":\"https:\\\/\\\/candas365.es\\\/noticias#listItem\",\"name\":\"Home\"}},{\"@type\":\"ListItem\",\"@id\":\"https:\\\/\\\/candas365.es\\\/noticias\\\/los-atacantes-de-las-ciudades-alemanas-tuvieron-contacto-con-ei-en-arabia-saudi\\\/#listItem\",\"position\":3,\"name\":\"Los atacantes de las ciudades alemanas tuvieron contacto con EI en Arabia Saud\\u00ed\",\"previousItem\":{\"@type\":\"ListItem\",\"@id\":\"https:\\\/\\\/candas365.es\\\/noticias\\\/category\\\/actualidad\\\/#listItem\",\"name\":\"Actualidad\"}}]},{\"@type\":\"NewsArticle\",\"@id\":\"https:\\\/\\\/candas365.es\\\/noticias\\\/los-atacantes-de-las-ciudades-alemanas-tuvieron-contacto-con-ei-en-arabia-saudi\\\/#newsarticle\",\"name\":\"Los atacantes de las ciudades alemanas tuvieron contacto con EI en Arabia Saud\\u00ed | Cand\\u00e1s 365\",\"headline\":\"Los atacantes de las ciudades alemanas tuvieron contacto con EI en Arabia Saud\\u00ed\",\"author\":{\"@id\":\"https:\\\/\\\/candas365.es\\\/noticias\\\/author\\\/admin\\\/#author\"},\"publisher\":{\"@id\":\"https:\\\/\\\/candas365.es\\\/noticias\\\/#organization\"},\"image\":{\"@type\":\"ImageObject\",\"url\":\"https:\\\/\\\/candas365.es\\\/noticias\\\/wp-content\\\/uploads\\\/2015\\\/09\\\/c365noticias.jpg\",\"width\":655,\"height\":360},\"datePublished\":\"2016-08-05T20:38:18+02:00\",\"dateModified\":\"2016-08-05T20:38:18+02:00\",\"inLanguage\":\"es-ES\",\"mainEntityOfPage\":{\"@id\":\"https:\\\/\\\/candas365.es\\\/noticias\\\/los-atacantes-de-las-ciudades-alemanas-tuvieron-contacto-con-ei-en-arabia-saudi\\\/#webpage\"},\"isPartOf\":{\"@id\":\"https:\\\/\\\/candas365.es\\\/noticias\\\/los-atacantes-de-las-ciudades-alemanas-tuvieron-contacto-con-ei-en-arabia-saudi\\\/#webpage\"},\"articleSection\":\"Actualidad\",\"dateline\":\"Publicado el agosto 5, 2016.\"},{\"@type\":\"Organization\",\"@id\":\"https:\\\/\\\/candas365.es\\\/noticias\\\/#organization\",\"name\":\"Cand\\u00e1s 365\",\"description\":\"Cand\\u00e1s 365 es un diario digital independiente, fundado en 2012, con base en Asturias. Informamos con rigor sobre actualidad, sociedad, cultura y ocio, con una mirada local y global.\",\"url\":\"https:\\\/\\\/candas365.es\\\/noticias\\\/\",\"email\":\"info@candas365.es\",\"telephone\":\"+34652131393\",\"foundingDate\":\"2012-06-10\",\"logo\":{\"@type\":\"ImageObject\",\"url\":\"https:\\\/\\\/candas365.es\\\/noticias\\\/wp-content\\\/uploads\\\/2024\\\/09\\\/Candas-365-Redes.jpg\",\"@id\":\"https:\\\/\\\/candas365.es\\\/noticias\\\/los-atacantes-de-las-ciudades-alemanas-tuvieron-contacto-con-ei-en-arabia-saudi\\\/#organizationLogo\",\"width\":1152,\"height\":864,\"caption\":\"Cand\\u00e1s 365 Redes\"},\"image\":{\"@id\":\"https:\\\/\\\/candas365.es\\\/noticias\\\/los-atacantes-de-las-ciudades-alemanas-tuvieron-contacto-con-ei-en-arabia-saudi\\\/#organizationLogo\"},\"sameAs\":[\"https:\\\/\\\/www.facebook.com\\\/Nachofdezber\",\"https:\\\/\\\/x.com\\\/NabercoDigital\",\"https:\\\/\\\/www.instagram.com\\\/nachofdezber\\\/\",\"https:\\\/\\\/www.youtube.com\\\/channel\\\/UCZP-2wLEB9Rv6erhFmqVnvg\"],\"address\":{\"@id\":\"https:\\\/\\\/candas365.es\\\/noticias\\\/#postaladdress\",\"@type\":\"PostalAddress\",\"streetAddress\":\"san antonio 4, san antonio 4\",\"postalCode\":\"33430\",\"addressLocality\":\"Cand\\u00e1s\",\"addressRegion\":\"Asturias\",\"addressCountry\":\"ES\"}},{\"@type\":\"Person\",\"@id\":\"https:\\\/\\\/candas365.es\\\/noticias\\\/author\\\/admin\\\/#author\",\"url\":\"https:\\\/\\\/candas365.es\\\/noticias\\\/author\\\/admin\\\/\",\"name\":\"Cand\\u00e1s 365\",\"image\":{\"@type\":\"ImageObject\",\"@id\":\"https:\\\/\\\/candas365.es\\\/noticias\\\/los-atacantes-de-las-ciudades-alemanas-tuvieron-contacto-con-ei-en-arabia-saudi\\\/#authorImage\",\"url\":\"https:\\\/\\\/secure.gravatar.com\\\/avatar\\\/496a8e03d0c493ede1718b7934145dbdf8d89be1036b0eec9544e1094c9de390?s=96&d=mm&r=g\",\"width\":96,\"height\":96,\"caption\":\"Cand\\u00e1s 365\"},\"sameAs\":[\"https:\\\/\\\/www.facebook.com\\\/carrenoactualidad\",\"https:\\\/\\\/twitter.com\\\/nbasturias\",\"https:\\\/\\\/www.instagram.com\\\/nachofdezber\\\/\",\"https:\\\/\\\/www.youtube.com\\\/channel\\\/UCZP-2wLEB9Rv6erhFmqVnvg\"]},{\"@type\":\"WebPage\",\"@id\":\"https:\\\/\\\/candas365.es\\\/noticias\\\/los-atacantes-de-las-ciudades-alemanas-tuvieron-contacto-con-ei-en-arabia-saudi\\\/#webpage\",\"url\":\"https:\\\/\\\/candas365.es\\\/noticias\\\/los-atacantes-de-las-ciudades-alemanas-tuvieron-contacto-con-ei-en-arabia-saudi\\\/\",\"name\":\"Los atacantes de las ciudades alemanas tuvieron contacto con EI en Arabia Saud\\u00ed | Cand\\u00e1s 365\",\"description\":\"Berl\\u00edn, 5 ago (dpa) - Los atacantes de las ciudades alemanas de Ansbach y Wurzburgo recibieron consejo de presuntos miembros del Estado Isl\\u00e1mico (EI) en Arabia-Saud\\u00ed, seg\\u00fan publica hoy la revista \\\"Der Spiegel\\\" en su edici\\u00f3n online. Los dos entraron en contacto con los supuestos terroristas a trav\\u00e9s de varios n\\u00fameros de tel\\u00e9fono, entre otros,\",\"inLanguage\":\"es-ES\",\"isPartOf\":{\"@id\":\"https:\\\/\\\/candas365.es\\\/noticias\\\/#website\"},\"breadcrumb\":{\"@id\":\"https:\\\/\\\/candas365.es\\\/noticias\\\/los-atacantes-de-las-ciudades-alemanas-tuvieron-contacto-con-ei-en-arabia-saudi\\\/#breadcrumblist\"},\"author\":{\"@id\":\"https:\\\/\\\/candas365.es\\\/noticias\\\/author\\\/admin\\\/#author\"},\"creator\":{\"@id\":\"https:\\\/\\\/candas365.es\\\/noticias\\\/author\\\/admin\\\/#author\"},\"image\":{\"@type\":\"ImageObject\",\"url\":\"https:\\\/\\\/candas365.es\\\/noticias\\\/wp-content\\\/uploads\\\/2015\\\/09\\\/c365noticias.jpg\",\"@id\":\"https:\\\/\\\/candas365.es\\\/noticias\\\/los-atacantes-de-las-ciudades-alemanas-tuvieron-contacto-con-ei-en-arabia-saudi\\\/#mainImage\",\"width\":655,\"height\":360},\"primaryImageOfPage\":{\"@id\":\"https:\\\/\\\/candas365.es\\\/noticias\\\/los-atacantes-de-las-ciudades-alemanas-tuvieron-contacto-con-ei-en-arabia-saudi\\\/#mainImage\"},\"datePublished\":\"2016-08-05T20:38:18+02:00\",\"dateModified\":\"2016-08-05T20:38:18+02:00\"},{\"@type\":\"WebSite\",\"@id\":\"https:\\\/\\\/candas365.es\\\/noticias\\\/#website\",\"url\":\"https:\\\/\\\/candas365.es\\\/noticias\\\/\",\"name\":\"Cand\\u00e1s 365\",\"alternateName\":\"Cand\\u00e1s 365 Noticias\",\"description\":\"Actualidad desde Carre\\u00f1o para el mundo\",\"inLanguage\":\"es-ES\",\"publisher\":{\"@id\":\"https:\\\/\\\/candas365.es\\\/noticias\\\/#organization\"}}]}\n\t\t<\/script>\n\t\t<!-- All in One SEO Pro -->\r\n\t\t<title>Los atacantes de las ciudades alemanas tuvieron contacto con EI en Arabia Saud\u00ed | Cand\u00e1s 365<\/title>\n\n","aioseo_head_json":{"title":"Los atacantes de las ciudades alemanas tuvieron contacto con EI en Arabia Saud\u00ed | Cand\u00e1s 365","description":"Berl\u00edn, 5 ago (dpa) - Los atacantes de las ciudades alemanas de Ansbach y Wurzburgo recibieron consejo de presuntos miembros del Estado Isl\u00e1mico (EI) en Arabia-Saud\u00ed, seg\u00fan publica hoy la revista \"Der Spiegel\" en su edici\u00f3n online. Los dos entraron en contacto con los supuestos terroristas a trav\u00e9s de varios n\u00fameros de tel\u00e9fono, entre otros,","canonical_url":"https:\/\/candas365.es\/noticias\/los-atacantes-de-las-ciudades-alemanas-tuvieron-contacto-con-ei-en-arabia-saudi\/","robots":"max-image-preview:large","keywords":"actualidad","webmasterTools":{"google-site-verification":"UA-32230408-1","msvalidate.01":"354F3CDFB2DA171B47FBE9ABF1F88D5","miscellaneous":""},"schema":{"@context":"https:\/\/schema.org","@graph":[{"@type":"BreadcrumbList","@id":"https:\/\/candas365.es\/noticias\/los-atacantes-de-las-ciudades-alemanas-tuvieron-contacto-con-ei-en-arabia-saudi\/#breadcrumblist","itemListElement":[{"@type":"ListItem","@id":"https:\/\/candas365.es\/noticias#listItem","position":1,"name":"Home","item":"https:\/\/candas365.es\/noticias","nextItem":{"@type":"ListItem","@id":"https:\/\/candas365.es\/noticias\/category\/actualidad\/#listItem","name":"Actualidad"}},{"@type":"ListItem","@id":"https:\/\/candas365.es\/noticias\/category\/actualidad\/#listItem","position":2,"name":"Actualidad","item":"https:\/\/candas365.es\/noticias\/category\/actualidad\/","nextItem":{"@type":"ListItem","@id":"https:\/\/candas365.es\/noticias\/los-atacantes-de-las-ciudades-alemanas-tuvieron-contacto-con-ei-en-arabia-saudi\/#listItem","name":"Los atacantes de las ciudades alemanas tuvieron contacto con EI en Arabia Saud\u00ed"},"previousItem":{"@type":"ListItem","@id":"https:\/\/candas365.es\/noticias#listItem","name":"Home"}},{"@type":"ListItem","@id":"https:\/\/candas365.es\/noticias\/los-atacantes-de-las-ciudades-alemanas-tuvieron-contacto-con-ei-en-arabia-saudi\/#listItem","position":3,"name":"Los atacantes de las ciudades alemanas tuvieron contacto con EI en Arabia Saud\u00ed","previousItem":{"@type":"ListItem","@id":"https:\/\/candas365.es\/noticias\/category\/actualidad\/#listItem","name":"Actualidad"}}]},{"@type":"NewsArticle","@id":"https:\/\/candas365.es\/noticias\/los-atacantes-de-las-ciudades-alemanas-tuvieron-contacto-con-ei-en-arabia-saudi\/#newsarticle","name":"Los atacantes de las ciudades alemanas tuvieron contacto con EI en Arabia Saud\u00ed | Cand\u00e1s 365","headline":"Los atacantes de las ciudades alemanas tuvieron contacto con EI en Arabia Saud\u00ed","author":{"@id":"https:\/\/candas365.es\/noticias\/author\/admin\/#author"},"publisher":{"@id":"https:\/\/candas365.es\/noticias\/#organization"},"image":{"@type":"ImageObject","url":"https:\/\/candas365.es\/noticias\/wp-content\/uploads\/2015\/09\/c365noticias.jpg","width":655,"height":360},"datePublished":"2016-08-05T20:38:18+02:00","dateModified":"2016-08-05T20:38:18+02:00","inLanguage":"es-ES","mainEntityOfPage":{"@id":"https:\/\/candas365.es\/noticias\/los-atacantes-de-las-ciudades-alemanas-tuvieron-contacto-con-ei-en-arabia-saudi\/#webpage"},"isPartOf":{"@id":"https:\/\/candas365.es\/noticias\/los-atacantes-de-las-ciudades-alemanas-tuvieron-contacto-con-ei-en-arabia-saudi\/#webpage"},"articleSection":"Actualidad","dateline":"Publicado el agosto 5, 2016."},{"@type":"Organization","@id":"https:\/\/candas365.es\/noticias\/#organization","name":"Cand\u00e1s 365","description":"Cand\u00e1s 365 es un diario digital independiente, fundado en 2012, con base en Asturias. Informamos con rigor sobre actualidad, sociedad, cultura y ocio, con una mirada local y global.","url":"https:\/\/candas365.es\/noticias\/","email":"info@candas365.es","telephone":"+34652131393","foundingDate":"2012-06-10","logo":{"@type":"ImageObject","url":"https:\/\/candas365.es\/noticias\/wp-content\/uploads\/2024\/09\/Candas-365-Redes.jpg","@id":"https:\/\/candas365.es\/noticias\/los-atacantes-de-las-ciudades-alemanas-tuvieron-contacto-con-ei-en-arabia-saudi\/#organizationLogo","width":1152,"height":864,"caption":"Cand\u00e1s 365 Redes"},"image":{"@id":"https:\/\/candas365.es\/noticias\/los-atacantes-de-las-ciudades-alemanas-tuvieron-contacto-con-ei-en-arabia-saudi\/#organizationLogo"},"sameAs":["https:\/\/www.facebook.com\/Nachofdezber","https:\/\/x.com\/NabercoDigital","https:\/\/www.instagram.com\/nachofdezber\/","https:\/\/www.youtube.com\/channel\/UCZP-2wLEB9Rv6erhFmqVnvg"],"address":{"@id":"https:\/\/candas365.es\/noticias\/#postaladdress","@type":"PostalAddress","streetAddress":"san antonio 4, san antonio 4","postalCode":"33430","addressLocality":"Cand\u00e1s","addressRegion":"Asturias","addressCountry":"ES"}},{"@type":"Person","@id":"https:\/\/candas365.es\/noticias\/author\/admin\/#author","url":"https:\/\/candas365.es\/noticias\/author\/admin\/","name":"Cand\u00e1s 365","image":{"@type":"ImageObject","@id":"https:\/\/candas365.es\/noticias\/los-atacantes-de-las-ciudades-alemanas-tuvieron-contacto-con-ei-en-arabia-saudi\/#authorImage","url":"https:\/\/secure.gravatar.com\/avatar\/496a8e03d0c493ede1718b7934145dbdf8d89be1036b0eec9544e1094c9de390?s=96&d=mm&r=g","width":96,"height":96,"caption":"Cand\u00e1s 365"},"sameAs":["https:\/\/www.facebook.com\/carrenoactualidad","https:\/\/twitter.com\/nbasturias","https:\/\/www.instagram.com\/nachofdezber\/","https:\/\/www.youtube.com\/channel\/UCZP-2wLEB9Rv6erhFmqVnvg"]},{"@type":"WebPage","@id":"https:\/\/candas365.es\/noticias\/los-atacantes-de-las-ciudades-alemanas-tuvieron-contacto-con-ei-en-arabia-saudi\/#webpage","url":"https:\/\/candas365.es\/noticias\/los-atacantes-de-las-ciudades-alemanas-tuvieron-contacto-con-ei-en-arabia-saudi\/","name":"Los atacantes de las ciudades alemanas tuvieron contacto con EI en Arabia Saud\u00ed | Cand\u00e1s 365","description":"Berl\u00edn, 5 ago (dpa) - Los atacantes de las ciudades alemanas de Ansbach y Wurzburgo recibieron consejo de presuntos miembros del Estado Isl\u00e1mico (EI) en Arabia-Saud\u00ed, seg\u00fan publica hoy la revista \"Der Spiegel\" en su edici\u00f3n online. Los dos entraron en contacto con los supuestos terroristas a trav\u00e9s de varios n\u00fameros de tel\u00e9fono, entre otros,","inLanguage":"es-ES","isPartOf":{"@id":"https:\/\/candas365.es\/noticias\/#website"},"breadcrumb":{"@id":"https:\/\/candas365.es\/noticias\/los-atacantes-de-las-ciudades-alemanas-tuvieron-contacto-con-ei-en-arabia-saudi\/#breadcrumblist"},"author":{"@id":"https:\/\/candas365.es\/noticias\/author\/admin\/#author"},"creator":{"@id":"https:\/\/candas365.es\/noticias\/author\/admin\/#author"},"image":{"@type":"ImageObject","url":"https:\/\/candas365.es\/noticias\/wp-content\/uploads\/2015\/09\/c365noticias.jpg","@id":"https:\/\/candas365.es\/noticias\/los-atacantes-de-las-ciudades-alemanas-tuvieron-contacto-con-ei-en-arabia-saudi\/#mainImage","width":655,"height":360},"primaryImageOfPage":{"@id":"https:\/\/candas365.es\/noticias\/los-atacantes-de-las-ciudades-alemanas-tuvieron-contacto-con-ei-en-arabia-saudi\/#mainImage"},"datePublished":"2016-08-05T20:38:18+02:00","dateModified":"2016-08-05T20:38:18+02:00"},{"@type":"WebSite","@id":"https:\/\/candas365.es\/noticias\/#website","url":"https:\/\/candas365.es\/noticias\/","name":"Cand\u00e1s 365","alternateName":"Cand\u00e1s 365 Noticias","description":"Actualidad desde Carre\u00f1o para el mundo","inLanguage":"es-ES","publisher":{"@id":"https:\/\/candas365.es\/noticias\/#organization"}}]},"og:locale":"es_ES","og:site_name":"Cand\u00e1s 365","og:type":"article","og:title":"Los atacantes de las ciudades alemanas tuvieron contacto con EI en Arabia Saud\u00ed | Cand\u00e1s 365","og:description":"Berl\u00edn, 5 ago (dpa) - Los atacantes de las ciudades alemanas de Ansbach y Wurzburgo recibieron consejo de presuntos miembros del Estado Isl\u00e1mico (EI) en Arabia-Saud\u00ed, seg\u00fan publica hoy la revista &quot;Der Spiegel&quot; en su edici\u00f3n online. Los dos entraron en contacto con los supuestos terroristas a trav\u00e9s de varios n\u00fameros de tel\u00e9fono, entre otros,","og:url":"https:\/\/candas365.es\/noticias\/los-atacantes-de-las-ciudades-alemanas-tuvieron-contacto-con-ei-en-arabia-saudi\/","og:image":"https:\/\/candas365.es\/noticias\/wp-content\/uploads\/2015\/09\/c365noticias.jpg","og:image:secure_url":"https:\/\/candas365.es\/noticias\/wp-content\/uploads\/2015\/09\/c365noticias.jpg","og:image:width":655,"og:image:height":360,"article:published_time":"2016-08-05T19:08:18+00:00","article:modified_time":"2016-08-05T19:08:18+00:00","article:publisher":"https:\/\/www.facebook.com\/Nachofdezber","article:author":"https:\/\/www.facebook.com\/carrenoactualidad","twitter:card":"summary_large_image","twitter:site":"@NabercoDigital","twitter:title":"Los atacantes de las ciudades alemanas tuvieron contacto con EI en Arabia Saud\u00ed | Cand\u00e1s 365","twitter:description":"Berl\u00edn, 5 ago (dpa) - Los atacantes de las ciudades alemanas de Ansbach y Wurzburgo recibieron consejo de presuntos miembros del Estado Isl\u00e1mico (EI) en Arabia-Saud\u00ed, seg\u00fan publica hoy la revista &quot;Der Spiegel&quot; en su edici\u00f3n online. Los dos entraron en contacto con los supuestos terroristas a trav\u00e9s de varios n\u00fameros de tel\u00e9fono, entre otros,","twitter:creator":"@nbasturias","twitter:image":"https:\/\/candas365.es\/noticias\/wp-content\/uploads\/2015\/09\/c365noticias.jpg","twitter:label1":"Escrito por","twitter:data1":"Cand\u00e1s 365","twitter:label2":"Tiempo de lectura estimado","twitter:data2":"2 minutos"},"aioseo_meta_data":{"post_id":"33265","title":null,"description":null,"keywords":null,"keyphrases":null,"primary_term":null,"canonical_url":null,"og_title":null,"og_description":null,"og_object_type":"default","og_image_type":"default","og_image_url":null,"og_image_width":null,"og_image_height":null,"og_image_custom_url":null,"og_image_custom_fields":null,"og_video":null,"og_custom_url":null,"og_article_section":null,"og_article_tags":null,"twitter_use_og":false,"twitter_card":"default","twitter_image_type":"default","twitter_image_url":null,"twitter_image_custom_url":null,"twitter_image_custom_fields":null,"twitter_title":null,"twitter_description":null,"schema":{"blockGraphs":[],"customGraphs":[],"default":{"data":{"Article":[],"Course":[],"Dataset":[],"FAQPage":[],"Movie":[],"Person":[],"Product":[],"ProductReview":[],"Car":[],"Recipe":[],"Service":[],"SoftwareApplication":[],"WebPage":[]},"graphName":"","isEnabled":true},"graphs":[],"defaultGraph":"","defaultPostTypeGraph":""},"schema_type":null,"schema_type_options":null,"pillar_content":false,"robots_default":true,"robots_noindex":false,"robots_noarchive":false,"robots_nosnippet":false,"robots_nofollow":false,"robots_noimageindex":false,"robots_noodp":false,"robots_notranslate":false,"robots_max_snippet":null,"robots_max_videopreview":null,"robots_max_imagepreview":"large","priority":null,"frequency":null,"location":null,"local_seo":null,"seo_analyzer_scan_date":"2025-08-24 16:40:10","breadcrumb_settings":null,"limit_modified_date":false,"reviewed_by":null,"open_ai":null,"ai":null,"created":"2020-12-21 13:06:19","updated":"2025-08-24 16:40:10"},"aioseo_breadcrumb":"<div class=\"aioseo-breadcrumbs\"><span class=\"aioseo-breadcrumb\">\n\t<a href=\"https:\/\/candas365.es\/noticias\" title=\"Home\">Home<\/a>\n<\/span><span class=\"aioseo-breadcrumb-separator\">&ndash;<\/span><span class=\"aioseo-breadcrumb\">\n\t<a href=\"https:\/\/candas365.es\/noticias\/category\/actualidad\/\" title=\"Actualidad\">Actualidad<\/a>\n<\/span><span class=\"aioseo-breadcrumb-separator\">&ndash;<\/span><span class=\"aioseo-breadcrumb\">\n\tLos atacantes de las ciudades alemanas tuvieron contacto con EI en Arabia Saud\u00ed\n<\/span><\/div>","aioseo_breadcrumb_json":[{"label":"Home","link":"https:\/\/candas365.es\/noticias"},{"label":"Actualidad","link":"https:\/\/candas365.es\/noticias\/category\/actualidad\/"},{"label":"Los atacantes de las ciudades alemanas tuvieron contacto con EI en Arabia Saud\u00ed","link":"https:\/\/candas365.es\/noticias\/los-atacantes-de-las-ciudades-alemanas-tuvieron-contacto-con-ei-en-arabia-saudi\/"}],"_links":{"self":[{"href":"https:\/\/candas365.es\/noticias\/wp-json\/wp\/v2\/posts\/33265","targetHints":{"allow":["GET"]}}],"collection":[{"href":"https:\/\/candas365.es\/noticias\/wp-json\/wp\/v2\/posts"}],"about":[{"href":"https:\/\/candas365.es\/noticias\/wp-json\/wp\/v2\/types\/post"}],"author":[{"embeddable":true,"href":"https:\/\/candas365.es\/noticias\/wp-json\/wp\/v2\/users\/1"}],"replies":[{"embeddable":true,"href":"https:\/\/candas365.es\/noticias\/wp-json\/wp\/v2\/comments?post=33265"}],"version-history":[{"count":0,"href":"https:\/\/candas365.es\/noticias\/wp-json\/wp\/v2\/posts\/33265\/revisions"}],"wp:featuredmedia":[{"embeddable":true,"href":"https:\/\/candas365.es\/noticias\/wp-json\/wp\/v2\/media\/16457"}],"wp:attachment":[{"href":"https:\/\/candas365.es\/noticias\/wp-json\/wp\/v2\/media?parent=33265"}],"wp:term":[{"taxonomy":"category","embeddable":true,"href":"https:\/\/candas365.es\/noticias\/wp-json\/wp\/v2\/categories?post=33265"},{"taxonomy":"post_tag","embeddable":true,"href":"https:\/\/candas365.es\/noticias\/wp-json\/wp\/v2\/tags?post=33265"}],"curies":[{"name":"wp","href":"https:\/\/api.w.org\/{rel}","templated":true}]}}