{"id":33263,"date":"2016-08-05T20:10:52","date_gmt":"2016-08-05T18:40:52","guid":{"rendered":"http:\/\/candas365.es\/noticias\/?p=33263"},"modified":"2016-08-05T20:10:52","modified_gmt":"2016-08-05T18:40:52","slug":"polemica-en-socialdemocracia-alemana-por-diputada-que-mintio-en-cv","status":"publish","type":"post","link":"https:\/\/candas365.es\/noticias\/polemica-en-socialdemocracia-alemana-por-diputada-que-mintio-en-cv\/","title":{"rendered":"Pol\u00e9mica en socialdemocracia alemana por diputada que minti\u00f3 en CV"},"content":{"rendered":"<p><img fetchpriority=\"high\" decoding=\"async\" class=\"alignleft size-medium wp-image-16457\" src=\"https:\/\/candas365.es\/noticias\/wp-content\/uploads\/2015\/09\/c365noticias-360x198.jpg\" alt=\"c365noticias\" width=\"360\" height=\"198\" srcset=\"https:\/\/candas365.es\/noticias\/wp-content\/uploads\/2015\/09\/c365noticias-360x198.jpg 360w, https:\/\/candas365.es\/noticias\/wp-content\/uploads\/2015\/09\/c365noticias-650x357.jpg 650w, https:\/\/candas365.es\/noticias\/wp-content\/uploads\/2015\/09\/c365noticias-150x82.jpg 150w, https:\/\/candas365.es\/noticias\/wp-content\/uploads\/2015\/09\/c365noticias-450x247.jpg 450w, https:\/\/candas365.es\/noticias\/wp-content\/uploads\/2015\/09\/c365noticias.jpg 655w\" sizes=\"(max-width: 360px) 100vw, 360px\" \/>Essen (Alemania), 5 ago (dpa) &#8211; La diputada del Partido Socialdem\u00f3crata (SPD) alem\u00e1n Petra Hinz, que reconoci\u00f3 haber mentido en su curr\u00edculum, sigue aferrada a su puesto en el Parlamento (Bundestag) a pesar de las presiones de su grupo pol\u00edtico, socio en el Gobierno de la canciller Angela Merkel.<\/p>\n<p>Sin embargo, la pol\u00edtica dejar\u00e1 todos los cargos p\u00fablicos en su partido y en su asociaci\u00f3n local en Essen, inform\u00f3 ayer el presidente del SPD en la ciudad alemana y ministro de Justicia de Renania del Norte-Westfalia, Thomas Kutschaty.<\/p>\n<p>La diputada de 54 a\u00f1os inform\u00f3 al respecto a sus compa\u00f1eros de partido de Essen, en el oeste de Alemania, en un e-mail y anunci\u00f3 que se pronunciar\u00e1 p\u00fablicamente m\u00e1s adelante.<\/p>\n<p>Hinz comunic\u00f3 a finales de julio que dejar\u00eda su cargo en el Bundestag despu\u00e9s de admitir haber falsificado partes importantes de su CV, como que hab\u00eda terminado sus estudios de ense\u00f1anza secundaria y estudiado Derecho. De acuerdo con su abogado, Hinz realiz\u00f3 simplemente estudios de formaci\u00f3n profesional.<\/p>\n<p>El SPD la emplaz\u00f3 esta semana a dejar su esca\u00f1o en las pr\u00f3ximas 48 horas. El plazo venci\u00f3 el mi\u00e9rcoles por la tarde sin que Hinz hubiera emitido ning\u00fan comunicado. \u00abNo hemos recibido respuesta alguna de Hinz a nuestra petici\u00f3n de dejar su esca\u00f1o\u00bb, declar\u00f3 Kutschaty en la televisi\u00f3n p\u00fablica alemana.<\/p>\n<p>Kutschaty inform\u00f3 que la fracci\u00f3n parlamentaria del SPD quiere debatir sobre \u00abel caso Hinz\u00bb en la primera reuni\u00f3n tras la pausa de verano boreal.<\/p>\n<p>Desde que la prensa sacara a la luz que la diputada no tiene el bachillerato, por lo que no pudo acceder a una carrera universitaria, la pol\u00edtica se encuentra de baja por enfermedad e ilocalizable.<\/p>\n<p>\u00abHasta lo que yo s\u00e9 se encuentra actualmente hospitalizada\u00bb, indic\u00f3 esta semana el l\u00edder del SPD, Sigmar Gabriel. Seg\u00fan el diario \u00abBild\u00bb se encuentra recibiendo atenci\u00f3n psiqui\u00e1trica.<\/p>\n<p>Este caso recuerda a los ministros alemanes que vieron pasar bajo la lupa sus tesis doctorales. Al ex ministro de Defensa Karl-Theodor zu Guttenberg se le retir\u00f3 en 2011 el doctorado en Derecho por plagio y se vio obligado a dimitir. Lo mismo pas\u00f3 con la ex ministra de Educaci\u00f3n Annette Schavan dos a\u00f1os despu\u00e9s. Por el contrario, la ministra de Defensa, Ursula von der Leyen, pudo mantener recientemente su doctorado en medicina.<\/p>\n","protected":false},"excerpt":{"rendered":"<p>Essen (Alemania), 5 ago (dpa) &#8211; La diputada del Partido Socialdem\u00f3crata (SPD) alem\u00e1n Petra Hinz, que reconoci\u00f3 haber mentido en su curr\u00edculum, sigue aferrada a su puesto en el Parlamento (Bundestag) a pesar de las presiones de su grupo pol\u00edtico, socio en el Gobierno de la canciller Angela Merkel. Sin embargo, la pol\u00edtica dejar\u00e1 todos<\/p>\n","protected":false},"author":1,"featured_media":16457,"comment_status":"closed","ping_status":"closed","sticky":false,"template":"","format":"standard","meta":{"footnotes":""},"categories":[343],"tags":[],"class_list":{"0":"post-33263","1":"post","2":"type-post","3":"status-publish","4":"format-standard","5":"has-post-thumbnail","7":"category-actualidad"},"aioseo_notices":[],"aioseo_head":"\n\t\t<!-- All in One SEO Pro 4.9.6.2 - aioseo.com -->\n\t<meta name=\"description\" content=\"Essen (Alemania), 5 ago (dpa) - La diputada del Partido Socialdem\u00f3crata (SPD) alem\u00e1n Petra Hinz, que reconoci\u00f3 haber mentido en su curr\u00edculum, sigue aferrada a su puesto en el Parlamento (Bundestag) a pesar de las presiones de su grupo pol\u00edtico, socio en el Gobierno de la canciller Angela Merkel. Sin embargo, la pol\u00edtica dejar\u00e1 todos\" \/>\n\t<meta name=\"robots\" content=\"max-image-preview:large\" \/>\n\t<meta name=\"author\" content=\"Cand\u00e1s 365\"\/>\n\t<meta name=\"google-site-verification\" content=\"UA-32230408-1\" \/>\n\t<meta name=\"msvalidate.01\" content=\"354F3CDFB2DA171B47FBE9ABF1F88D5\" \/>\n\t<meta name=\"keywords\" content=\"actualidad\" \/>\n\t<link rel=\"canonical\" href=\"https:\/\/candas365.es\/noticias\/polemica-en-socialdemocracia-alemana-por-diputada-que-mintio-en-cv\/\" \/>\n\t<meta name=\"generator\" content=\"All in One SEO Pro (AIOSEO) 4.9.6.2\" \/>\n\t\t<meta property=\"og:locale\" content=\"es_ES\" \/>\n\t\t<meta property=\"og:site_name\" content=\"Cand\u00e1s 365\" \/>\n\t\t<meta property=\"og:type\" content=\"article\" \/>\n\t\t<meta property=\"og:title\" content=\"Pol\u00e9mica en socialdemocracia alemana por diputada que minti\u00f3 en CV | Cand\u00e1s 365\" \/>\n\t\t<meta property=\"og:description\" content=\"Essen (Alemania), 5 ago (dpa) - La diputada del Partido Socialdem\u00f3crata (SPD) alem\u00e1n Petra Hinz, que reconoci\u00f3 haber mentido en su curr\u00edculum, sigue aferrada a su puesto en el Parlamento (Bundestag) a pesar de las presiones de su grupo pol\u00edtico, socio en el Gobierno de la canciller Angela Merkel. Sin embargo, la pol\u00edtica dejar\u00e1 todos\" \/>\n\t\t<meta property=\"og:url\" content=\"https:\/\/candas365.es\/noticias\/polemica-en-socialdemocracia-alemana-por-diputada-que-mintio-en-cv\/\" \/>\n\t\t<meta property=\"og:image\" content=\"https:\/\/candas365.es\/noticias\/wp-content\/uploads\/2015\/09\/c365noticias.jpg\" \/>\n\t\t<meta property=\"og:image:secure_url\" content=\"https:\/\/candas365.es\/noticias\/wp-content\/uploads\/2015\/09\/c365noticias.jpg\" \/>\n\t\t<meta property=\"og:image:width\" content=\"655\" \/>\n\t\t<meta property=\"og:image:height\" content=\"360\" \/>\n\t\t<meta property=\"article:published_time\" content=\"2016-08-05T18:40:52+00:00\" \/>\n\t\t<meta property=\"article:modified_time\" content=\"2016-08-05T18:40:52+00:00\" \/>\n\t\t<meta property=\"article:publisher\" content=\"https:\/\/www.facebook.com\/Nachofdezber\" \/>\n\t\t<meta property=\"article:author\" content=\"https:\/\/www.facebook.com\/carrenoactualidad\" \/>\n\t\t<meta name=\"twitter:card\" content=\"summary_large_image\" \/>\n\t\t<meta name=\"twitter:site\" content=\"@NabercoDigital\" \/>\n\t\t<meta name=\"twitter:title\" content=\"Pol\u00e9mica en socialdemocracia alemana por diputada que minti\u00f3 en CV | Cand\u00e1s 365\" \/>\n\t\t<meta name=\"twitter:description\" content=\"Essen (Alemania), 5 ago (dpa) - La diputada del Partido Socialdem\u00f3crata (SPD) alem\u00e1n Petra Hinz, que reconoci\u00f3 haber mentido en su curr\u00edculum, sigue aferrada a su puesto en el Parlamento (Bundestag) a pesar de las presiones de su grupo pol\u00edtico, socio en el Gobierno de la canciller Angela Merkel. Sin embargo, la pol\u00edtica dejar\u00e1 todos\" \/>\n\t\t<meta name=\"twitter:creator\" content=\"@nbasturias\" \/>\n\t\t<meta name=\"twitter:image\" content=\"https:\/\/candas365.es\/noticias\/wp-content\/uploads\/2015\/09\/c365noticias.jpg\" \/>\n\t\t<meta name=\"twitter:label1\" content=\"Escrito por\" \/>\n\t\t<meta name=\"twitter:data1\" content=\"Cand\u00e1s 365\" \/>\n\t\t<meta name=\"twitter:label2\" content=\"Tiempo de lectura estimado\" \/>\n\t\t<meta name=\"twitter:data2\" content=\"2 minutos\" \/>\n\t\t<script type=\"application\/ld+json\" class=\"aioseo-schema\">\n\t\t\t{\"@context\":\"https:\\\/\\\/schema.org\",\"@graph\":[{\"@type\":\"BreadcrumbList\",\"@id\":\"https:\\\/\\\/candas365.es\\\/noticias\\\/polemica-en-socialdemocracia-alemana-por-diputada-que-mintio-en-cv\\\/#breadcrumblist\",\"itemListElement\":[{\"@type\":\"ListItem\",\"@id\":\"https:\\\/\\\/candas365.es\\\/noticias#listItem\",\"position\":1,\"name\":\"Home\",\"item\":\"https:\\\/\\\/candas365.es\\\/noticias\",\"nextItem\":{\"@type\":\"ListItem\",\"@id\":\"https:\\\/\\\/candas365.es\\\/noticias\\\/category\\\/actualidad\\\/#listItem\",\"name\":\"Actualidad\"}},{\"@type\":\"ListItem\",\"@id\":\"https:\\\/\\\/candas365.es\\\/noticias\\\/category\\\/actualidad\\\/#listItem\",\"position\":2,\"name\":\"Actualidad\",\"item\":\"https:\\\/\\\/candas365.es\\\/noticias\\\/category\\\/actualidad\\\/\",\"nextItem\":{\"@type\":\"ListItem\",\"@id\":\"https:\\\/\\\/candas365.es\\\/noticias\\\/polemica-en-socialdemocracia-alemana-por-diputada-que-mintio-en-cv\\\/#listItem\",\"name\":\"Pol\\u00e9mica en socialdemocracia alemana por diputada que minti\\u00f3 en CV\"},\"previousItem\":{\"@type\":\"ListItem\",\"@id\":\"https:\\\/\\\/candas365.es\\\/noticias#listItem\",\"name\":\"Home\"}},{\"@type\":\"ListItem\",\"@id\":\"https:\\\/\\\/candas365.es\\\/noticias\\\/polemica-en-socialdemocracia-alemana-por-diputada-que-mintio-en-cv\\\/#listItem\",\"position\":3,\"name\":\"Pol\\u00e9mica en socialdemocracia alemana por diputada que minti\\u00f3 en CV\",\"previousItem\":{\"@type\":\"ListItem\",\"@id\":\"https:\\\/\\\/candas365.es\\\/noticias\\\/category\\\/actualidad\\\/#listItem\",\"name\":\"Actualidad\"}}]},{\"@type\":\"NewsArticle\",\"@id\":\"https:\\\/\\\/candas365.es\\\/noticias\\\/polemica-en-socialdemocracia-alemana-por-diputada-que-mintio-en-cv\\\/#newsarticle\",\"name\":\"Pol\\u00e9mica en socialdemocracia alemana por diputada que minti\\u00f3 en CV | Cand\\u00e1s 365\",\"headline\":\"Pol\\u00e9mica en socialdemocracia alemana por diputada que minti\\u00f3 en CV\",\"author\":{\"@id\":\"https:\\\/\\\/candas365.es\\\/noticias\\\/author\\\/admin\\\/#author\"},\"publisher\":{\"@id\":\"https:\\\/\\\/candas365.es\\\/noticias\\\/#organization\"},\"image\":{\"@type\":\"ImageObject\",\"url\":\"https:\\\/\\\/candas365.es\\\/noticias\\\/wp-content\\\/uploads\\\/2015\\\/09\\\/c365noticias.jpg\",\"width\":655,\"height\":360},\"datePublished\":\"2016-08-05T20:10:52+02:00\",\"dateModified\":\"2016-08-05T20:10:52+02:00\",\"inLanguage\":\"es-ES\",\"mainEntityOfPage\":{\"@id\":\"https:\\\/\\\/candas365.es\\\/noticias\\\/polemica-en-socialdemocracia-alemana-por-diputada-que-mintio-en-cv\\\/#webpage\"},\"isPartOf\":{\"@id\":\"https:\\\/\\\/candas365.es\\\/noticias\\\/polemica-en-socialdemocracia-alemana-por-diputada-que-mintio-en-cv\\\/#webpage\"},\"articleSection\":\"Actualidad\",\"dateline\":\"Publicado el agosto 5, 2016.\"},{\"@type\":\"Organization\",\"@id\":\"https:\\\/\\\/candas365.es\\\/noticias\\\/#organization\",\"name\":\"Cand\\u00e1s 365\",\"description\":\"Cand\\u00e1s 365 es un diario digital independiente, fundado en 2012, con base en Asturias. Informamos con rigor sobre actualidad, sociedad, cultura y ocio, con una mirada local y global.\",\"url\":\"https:\\\/\\\/candas365.es\\\/noticias\\\/\",\"email\":\"info@candas365.es\",\"telephone\":\"+34652131393\",\"foundingDate\":\"2012-06-10\",\"logo\":{\"@type\":\"ImageObject\",\"url\":\"https:\\\/\\\/candas365.es\\\/noticias\\\/wp-content\\\/uploads\\\/2024\\\/09\\\/Candas-365-Redes.jpg\",\"@id\":\"https:\\\/\\\/candas365.es\\\/noticias\\\/polemica-en-socialdemocracia-alemana-por-diputada-que-mintio-en-cv\\\/#organizationLogo\",\"width\":1152,\"height\":864,\"caption\":\"Cand\\u00e1s 365 Redes\"},\"image\":{\"@id\":\"https:\\\/\\\/candas365.es\\\/noticias\\\/polemica-en-socialdemocracia-alemana-por-diputada-que-mintio-en-cv\\\/#organizationLogo\"},\"sameAs\":[\"https:\\\/\\\/www.facebook.com\\\/Nachofdezber\",\"https:\\\/\\\/x.com\\\/NabercoDigital\",\"https:\\\/\\\/www.instagram.com\\\/nachofdezber\\\/\",\"https:\\\/\\\/www.youtube.com\\\/channel\\\/UCZP-2wLEB9Rv6erhFmqVnvg\"],\"address\":{\"@id\":\"https:\\\/\\\/candas365.es\\\/noticias\\\/#postaladdress\",\"@type\":\"PostalAddress\",\"streetAddress\":\"san antonio 4, san antonio 4\",\"postalCode\":\"33430\",\"addressLocality\":\"Cand\\u00e1s\",\"addressRegion\":\"Asturias\",\"addressCountry\":\"ES\"}},{\"@type\":\"Person\",\"@id\":\"https:\\\/\\\/candas365.es\\\/noticias\\\/author\\\/admin\\\/#author\",\"url\":\"https:\\\/\\\/candas365.es\\\/noticias\\\/author\\\/admin\\\/\",\"name\":\"Cand\\u00e1s 365\",\"image\":{\"@type\":\"ImageObject\",\"@id\":\"https:\\\/\\\/candas365.es\\\/noticias\\\/polemica-en-socialdemocracia-alemana-por-diputada-que-mintio-en-cv\\\/#authorImage\",\"url\":\"https:\\\/\\\/secure.gravatar.com\\\/avatar\\\/496a8e03d0c493ede1718b7934145dbdf8d89be1036b0eec9544e1094c9de390?s=96&d=mm&r=g\",\"width\":96,\"height\":96,\"caption\":\"Cand\\u00e1s 365\"},\"sameAs\":[\"https:\\\/\\\/www.facebook.com\\\/carrenoactualidad\",\"https:\\\/\\\/twitter.com\\\/nbasturias\",\"https:\\\/\\\/www.instagram.com\\\/nachofdezber\\\/\",\"https:\\\/\\\/www.youtube.com\\\/channel\\\/UCZP-2wLEB9Rv6erhFmqVnvg\"]},{\"@type\":\"WebPage\",\"@id\":\"https:\\\/\\\/candas365.es\\\/noticias\\\/polemica-en-socialdemocracia-alemana-por-diputada-que-mintio-en-cv\\\/#webpage\",\"url\":\"https:\\\/\\\/candas365.es\\\/noticias\\\/polemica-en-socialdemocracia-alemana-por-diputada-que-mintio-en-cv\\\/\",\"name\":\"Pol\\u00e9mica en socialdemocracia alemana por diputada que minti\\u00f3 en CV | Cand\\u00e1s 365\",\"description\":\"Essen (Alemania), 5 ago (dpa) - La diputada del Partido Socialdem\\u00f3crata (SPD) alem\\u00e1n Petra Hinz, que reconoci\\u00f3 haber mentido en su curr\\u00edculum, sigue aferrada a su puesto en el Parlamento (Bundestag) a pesar de las presiones de su grupo pol\\u00edtico, socio en el Gobierno de la canciller Angela Merkel. Sin embargo, la pol\\u00edtica dejar\\u00e1 todos\",\"inLanguage\":\"es-ES\",\"isPartOf\":{\"@id\":\"https:\\\/\\\/candas365.es\\\/noticias\\\/#website\"},\"breadcrumb\":{\"@id\":\"https:\\\/\\\/candas365.es\\\/noticias\\\/polemica-en-socialdemocracia-alemana-por-diputada-que-mintio-en-cv\\\/#breadcrumblist\"},\"author\":{\"@id\":\"https:\\\/\\\/candas365.es\\\/noticias\\\/author\\\/admin\\\/#author\"},\"creator\":{\"@id\":\"https:\\\/\\\/candas365.es\\\/noticias\\\/author\\\/admin\\\/#author\"},\"image\":{\"@type\":\"ImageObject\",\"url\":\"https:\\\/\\\/candas365.es\\\/noticias\\\/wp-content\\\/uploads\\\/2015\\\/09\\\/c365noticias.jpg\",\"@id\":\"https:\\\/\\\/candas365.es\\\/noticias\\\/polemica-en-socialdemocracia-alemana-por-diputada-que-mintio-en-cv\\\/#mainImage\",\"width\":655,\"height\":360},\"primaryImageOfPage\":{\"@id\":\"https:\\\/\\\/candas365.es\\\/noticias\\\/polemica-en-socialdemocracia-alemana-por-diputada-que-mintio-en-cv\\\/#mainImage\"},\"datePublished\":\"2016-08-05T20:10:52+02:00\",\"dateModified\":\"2016-08-05T20:10:52+02:00\"},{\"@type\":\"WebSite\",\"@id\":\"https:\\\/\\\/candas365.es\\\/noticias\\\/#website\",\"url\":\"https:\\\/\\\/candas365.es\\\/noticias\\\/\",\"name\":\"Cand\\u00e1s 365\",\"alternateName\":\"Cand\\u00e1s 365 Noticias\",\"description\":\"Actualidad desde Carre\\u00f1o para el mundo\",\"inLanguage\":\"es-ES\",\"publisher\":{\"@id\":\"https:\\\/\\\/candas365.es\\\/noticias\\\/#organization\"}}]}\n\t\t<\/script>\n\t\t<!-- All in One SEO Pro -->\r\n\t\t<title>Pol\u00e9mica en socialdemocracia alemana por diputada que minti\u00f3 en CV | Cand\u00e1s 365<\/title>\n\n","aioseo_head_json":{"title":"Pol\u00e9mica en socialdemocracia alemana por diputada que minti\u00f3 en CV | Cand\u00e1s 365","description":"Essen (Alemania), 5 ago (dpa) - La diputada del Partido Socialdem\u00f3crata (SPD) alem\u00e1n Petra Hinz, que reconoci\u00f3 haber mentido en su curr\u00edculum, sigue aferrada a su puesto en el Parlamento (Bundestag) a pesar de las presiones de su grupo pol\u00edtico, socio en el Gobierno de la canciller Angela Merkel. Sin embargo, la pol\u00edtica dejar\u00e1 todos","canonical_url":"https:\/\/candas365.es\/noticias\/polemica-en-socialdemocracia-alemana-por-diputada-que-mintio-en-cv\/","robots":"max-image-preview:large","keywords":"actualidad","webmasterTools":{"google-site-verification":"UA-32230408-1","msvalidate.01":"354F3CDFB2DA171B47FBE9ABF1F88D5","miscellaneous":""},"schema":{"@context":"https:\/\/schema.org","@graph":[{"@type":"BreadcrumbList","@id":"https:\/\/candas365.es\/noticias\/polemica-en-socialdemocracia-alemana-por-diputada-que-mintio-en-cv\/#breadcrumblist","itemListElement":[{"@type":"ListItem","@id":"https:\/\/candas365.es\/noticias#listItem","position":1,"name":"Home","item":"https:\/\/candas365.es\/noticias","nextItem":{"@type":"ListItem","@id":"https:\/\/candas365.es\/noticias\/category\/actualidad\/#listItem","name":"Actualidad"}},{"@type":"ListItem","@id":"https:\/\/candas365.es\/noticias\/category\/actualidad\/#listItem","position":2,"name":"Actualidad","item":"https:\/\/candas365.es\/noticias\/category\/actualidad\/","nextItem":{"@type":"ListItem","@id":"https:\/\/candas365.es\/noticias\/polemica-en-socialdemocracia-alemana-por-diputada-que-mintio-en-cv\/#listItem","name":"Pol\u00e9mica en socialdemocracia alemana por diputada que minti\u00f3 en CV"},"previousItem":{"@type":"ListItem","@id":"https:\/\/candas365.es\/noticias#listItem","name":"Home"}},{"@type":"ListItem","@id":"https:\/\/candas365.es\/noticias\/polemica-en-socialdemocracia-alemana-por-diputada-que-mintio-en-cv\/#listItem","position":3,"name":"Pol\u00e9mica en socialdemocracia alemana por diputada que minti\u00f3 en CV","previousItem":{"@type":"ListItem","@id":"https:\/\/candas365.es\/noticias\/category\/actualidad\/#listItem","name":"Actualidad"}}]},{"@type":"NewsArticle","@id":"https:\/\/candas365.es\/noticias\/polemica-en-socialdemocracia-alemana-por-diputada-que-mintio-en-cv\/#newsarticle","name":"Pol\u00e9mica en socialdemocracia alemana por diputada que minti\u00f3 en CV | Cand\u00e1s 365","headline":"Pol\u00e9mica en socialdemocracia alemana por diputada que minti\u00f3 en CV","author":{"@id":"https:\/\/candas365.es\/noticias\/author\/admin\/#author"},"publisher":{"@id":"https:\/\/candas365.es\/noticias\/#organization"},"image":{"@type":"ImageObject","url":"https:\/\/candas365.es\/noticias\/wp-content\/uploads\/2015\/09\/c365noticias.jpg","width":655,"height":360},"datePublished":"2016-08-05T20:10:52+02:00","dateModified":"2016-08-05T20:10:52+02:00","inLanguage":"es-ES","mainEntityOfPage":{"@id":"https:\/\/candas365.es\/noticias\/polemica-en-socialdemocracia-alemana-por-diputada-que-mintio-en-cv\/#webpage"},"isPartOf":{"@id":"https:\/\/candas365.es\/noticias\/polemica-en-socialdemocracia-alemana-por-diputada-que-mintio-en-cv\/#webpage"},"articleSection":"Actualidad","dateline":"Publicado el agosto 5, 2016."},{"@type":"Organization","@id":"https:\/\/candas365.es\/noticias\/#organization","name":"Cand\u00e1s 365","description":"Cand\u00e1s 365 es un diario digital independiente, fundado en 2012, con base en Asturias. Informamos con rigor sobre actualidad, sociedad, cultura y ocio, con una mirada local y global.","url":"https:\/\/candas365.es\/noticias\/","email":"info@candas365.es","telephone":"+34652131393","foundingDate":"2012-06-10","logo":{"@type":"ImageObject","url":"https:\/\/candas365.es\/noticias\/wp-content\/uploads\/2024\/09\/Candas-365-Redes.jpg","@id":"https:\/\/candas365.es\/noticias\/polemica-en-socialdemocracia-alemana-por-diputada-que-mintio-en-cv\/#organizationLogo","width":1152,"height":864,"caption":"Cand\u00e1s 365 Redes"},"image":{"@id":"https:\/\/candas365.es\/noticias\/polemica-en-socialdemocracia-alemana-por-diputada-que-mintio-en-cv\/#organizationLogo"},"sameAs":["https:\/\/www.facebook.com\/Nachofdezber","https:\/\/x.com\/NabercoDigital","https:\/\/www.instagram.com\/nachofdezber\/","https:\/\/www.youtube.com\/channel\/UCZP-2wLEB9Rv6erhFmqVnvg"],"address":{"@id":"https:\/\/candas365.es\/noticias\/#postaladdress","@type":"PostalAddress","streetAddress":"san antonio 4, san antonio 4","postalCode":"33430","addressLocality":"Cand\u00e1s","addressRegion":"Asturias","addressCountry":"ES"}},{"@type":"Person","@id":"https:\/\/candas365.es\/noticias\/author\/admin\/#author","url":"https:\/\/candas365.es\/noticias\/author\/admin\/","name":"Cand\u00e1s 365","image":{"@type":"ImageObject","@id":"https:\/\/candas365.es\/noticias\/polemica-en-socialdemocracia-alemana-por-diputada-que-mintio-en-cv\/#authorImage","url":"https:\/\/secure.gravatar.com\/avatar\/496a8e03d0c493ede1718b7934145dbdf8d89be1036b0eec9544e1094c9de390?s=96&d=mm&r=g","width":96,"height":96,"caption":"Cand\u00e1s 365"},"sameAs":["https:\/\/www.facebook.com\/carrenoactualidad","https:\/\/twitter.com\/nbasturias","https:\/\/www.instagram.com\/nachofdezber\/","https:\/\/www.youtube.com\/channel\/UCZP-2wLEB9Rv6erhFmqVnvg"]},{"@type":"WebPage","@id":"https:\/\/candas365.es\/noticias\/polemica-en-socialdemocracia-alemana-por-diputada-que-mintio-en-cv\/#webpage","url":"https:\/\/candas365.es\/noticias\/polemica-en-socialdemocracia-alemana-por-diputada-que-mintio-en-cv\/","name":"Pol\u00e9mica en socialdemocracia alemana por diputada que minti\u00f3 en CV | Cand\u00e1s 365","description":"Essen (Alemania), 5 ago (dpa) - La diputada del Partido Socialdem\u00f3crata (SPD) alem\u00e1n Petra Hinz, que reconoci\u00f3 haber mentido en su curr\u00edculum, sigue aferrada a su puesto en el Parlamento (Bundestag) a pesar de las presiones de su grupo pol\u00edtico, socio en el Gobierno de la canciller Angela Merkel. Sin embargo, la pol\u00edtica dejar\u00e1 todos","inLanguage":"es-ES","isPartOf":{"@id":"https:\/\/candas365.es\/noticias\/#website"},"breadcrumb":{"@id":"https:\/\/candas365.es\/noticias\/polemica-en-socialdemocracia-alemana-por-diputada-que-mintio-en-cv\/#breadcrumblist"},"author":{"@id":"https:\/\/candas365.es\/noticias\/author\/admin\/#author"},"creator":{"@id":"https:\/\/candas365.es\/noticias\/author\/admin\/#author"},"image":{"@type":"ImageObject","url":"https:\/\/candas365.es\/noticias\/wp-content\/uploads\/2015\/09\/c365noticias.jpg","@id":"https:\/\/candas365.es\/noticias\/polemica-en-socialdemocracia-alemana-por-diputada-que-mintio-en-cv\/#mainImage","width":655,"height":360},"primaryImageOfPage":{"@id":"https:\/\/candas365.es\/noticias\/polemica-en-socialdemocracia-alemana-por-diputada-que-mintio-en-cv\/#mainImage"},"datePublished":"2016-08-05T20:10:52+02:00","dateModified":"2016-08-05T20:10:52+02:00"},{"@type":"WebSite","@id":"https:\/\/candas365.es\/noticias\/#website","url":"https:\/\/candas365.es\/noticias\/","name":"Cand\u00e1s 365","alternateName":"Cand\u00e1s 365 Noticias","description":"Actualidad desde Carre\u00f1o para el mundo","inLanguage":"es-ES","publisher":{"@id":"https:\/\/candas365.es\/noticias\/#organization"}}]},"og:locale":"es_ES","og:site_name":"Cand\u00e1s 365","og:type":"article","og:title":"Pol\u00e9mica en socialdemocracia alemana por diputada que minti\u00f3 en CV | Cand\u00e1s 365","og:description":"Essen (Alemania), 5 ago (dpa) - La diputada del Partido Socialdem\u00f3crata (SPD) alem\u00e1n Petra Hinz, que reconoci\u00f3 haber mentido en su curr\u00edculum, sigue aferrada a su puesto en el Parlamento (Bundestag) a pesar de las presiones de su grupo pol\u00edtico, socio en el Gobierno de la canciller Angela Merkel. Sin embargo, la pol\u00edtica dejar\u00e1 todos","og:url":"https:\/\/candas365.es\/noticias\/polemica-en-socialdemocracia-alemana-por-diputada-que-mintio-en-cv\/","og:image":"https:\/\/candas365.es\/noticias\/wp-content\/uploads\/2015\/09\/c365noticias.jpg","og:image:secure_url":"https:\/\/candas365.es\/noticias\/wp-content\/uploads\/2015\/09\/c365noticias.jpg","og:image:width":655,"og:image:height":360,"article:published_time":"2016-08-05T18:40:52+00:00","article:modified_time":"2016-08-05T18:40:52+00:00","article:publisher":"https:\/\/www.facebook.com\/Nachofdezber","article:author":"https:\/\/www.facebook.com\/carrenoactualidad","twitter:card":"summary_large_image","twitter:site":"@NabercoDigital","twitter:title":"Pol\u00e9mica en socialdemocracia alemana por diputada que minti\u00f3 en CV | Cand\u00e1s 365","twitter:description":"Essen (Alemania), 5 ago (dpa) - La diputada del Partido Socialdem\u00f3crata (SPD) alem\u00e1n Petra Hinz, que reconoci\u00f3 haber mentido en su curr\u00edculum, sigue aferrada a su puesto en el Parlamento (Bundestag) a pesar de las presiones de su grupo pol\u00edtico, socio en el Gobierno de la canciller Angela Merkel. Sin embargo, la pol\u00edtica dejar\u00e1 todos","twitter:creator":"@nbasturias","twitter:image":"https:\/\/candas365.es\/noticias\/wp-content\/uploads\/2015\/09\/c365noticias.jpg","twitter:label1":"Escrito por","twitter:data1":"Cand\u00e1s 365","twitter:label2":"Tiempo de lectura estimado","twitter:data2":"2 minutos"},"aioseo_meta_data":{"post_id":"33263","title":null,"description":null,"keywords":null,"keyphrases":null,"primary_term":null,"canonical_url":null,"og_title":null,"og_description":null,"og_object_type":"default","og_image_type":"default","og_image_url":null,"og_image_width":null,"og_image_height":null,"og_image_custom_url":null,"og_image_custom_fields":null,"og_video":null,"og_custom_url":null,"og_article_section":null,"og_article_tags":null,"twitter_use_og":false,"twitter_card":"default","twitter_image_type":"default","twitter_image_url":null,"twitter_image_custom_url":null,"twitter_image_custom_fields":null,"twitter_title":null,"twitter_description":null,"schema":{"blockGraphs":[],"customGraphs":[],"default":{"data":{"Article":[],"Course":[],"Dataset":[],"FAQPage":[],"Movie":[],"Person":[],"Product":[],"ProductReview":[],"Car":[],"Recipe":[],"Service":[],"SoftwareApplication":[],"WebPage":[]},"graphName":"","isEnabled":true},"graphs":[],"defaultGraph":"","defaultPostTypeGraph":""},"schema_type":null,"schema_type_options":null,"pillar_content":false,"robots_default":true,"robots_noindex":false,"robots_noarchive":false,"robots_nosnippet":false,"robots_nofollow":false,"robots_noimageindex":false,"robots_noodp":false,"robots_notranslate":false,"robots_max_snippet":null,"robots_max_videopreview":null,"robots_max_imagepreview":"large","priority":null,"frequency":null,"location":null,"local_seo":null,"seo_analyzer_scan_date":"2025-08-24 16:40:09","breadcrumb_settings":null,"limit_modified_date":false,"reviewed_by":null,"open_ai":null,"ai":null,"created":"2020-12-21 13:06:19","updated":"2025-08-24 16:40:09"},"aioseo_breadcrumb":"<div class=\"aioseo-breadcrumbs\"><span class=\"aioseo-breadcrumb\">\n\t<a href=\"https:\/\/candas365.es\/noticias\" title=\"Home\">Home<\/a>\n<\/span><span class=\"aioseo-breadcrumb-separator\">&ndash;<\/span><span class=\"aioseo-breadcrumb\">\n\t<a href=\"https:\/\/candas365.es\/noticias\/category\/actualidad\/\" title=\"Actualidad\">Actualidad<\/a>\n<\/span><span class=\"aioseo-breadcrumb-separator\">&ndash;<\/span><span class=\"aioseo-breadcrumb\">\n\tPol\u00e9mica en socialdemocracia alemana por diputada que minti\u00f3 en CV\n<\/span><\/div>","aioseo_breadcrumb_json":[{"label":"Home","link":"https:\/\/candas365.es\/noticias"},{"label":"Actualidad","link":"https:\/\/candas365.es\/noticias\/category\/actualidad\/"},{"label":"Pol\u00e9mica en socialdemocracia alemana por diputada que minti\u00f3 en CV","link":"https:\/\/candas365.es\/noticias\/polemica-en-socialdemocracia-alemana-por-diputada-que-mintio-en-cv\/"}],"_links":{"self":[{"href":"https:\/\/candas365.es\/noticias\/wp-json\/wp\/v2\/posts\/33263","targetHints":{"allow":["GET"]}}],"collection":[{"href":"https:\/\/candas365.es\/noticias\/wp-json\/wp\/v2\/posts"}],"about":[{"href":"https:\/\/candas365.es\/noticias\/wp-json\/wp\/v2\/types\/post"}],"author":[{"embeddable":true,"href":"https:\/\/candas365.es\/noticias\/wp-json\/wp\/v2\/users\/1"}],"replies":[{"embeddable":true,"href":"https:\/\/candas365.es\/noticias\/wp-json\/wp\/v2\/comments?post=33263"}],"version-history":[{"count":0,"href":"https:\/\/candas365.es\/noticias\/wp-json\/wp\/v2\/posts\/33263\/revisions"}],"wp:featuredmedia":[{"embeddable":true,"href":"https:\/\/candas365.es\/noticias\/wp-json\/wp\/v2\/media\/16457"}],"wp:attachment":[{"href":"https:\/\/candas365.es\/noticias\/wp-json\/wp\/v2\/media?parent=33263"}],"wp:term":[{"taxonomy":"category","embeddable":true,"href":"https:\/\/candas365.es\/noticias\/wp-json\/wp\/v2\/categories?post=33263"},{"taxonomy":"post_tag","embeddable":true,"href":"https:\/\/candas365.es\/noticias\/wp-json\/wp\/v2\/tags?post=33263"}],"curies":[{"name":"wp","href":"https:\/\/api.w.org\/{rel}","templated":true}]}}