{"id":33261,"date":"2016-08-05T20:09:57","date_gmt":"2016-08-05T18:39:57","guid":{"rendered":"http:\/\/candas365.es\/noticias\/?p=33261"},"modified":"2016-08-05T20:09:57","modified_gmt":"2016-08-05T18:39:57","slug":"emotivo-funeral-de-sacerdote-aleman-benefactor-de-pobres-en-bolivia","status":"publish","type":"post","link":"https:\/\/candas365.es\/noticias\/emotivo-funeral-de-sacerdote-aleman-benefactor-de-pobres-en-bolivia\/","title":{"rendered":"Emotivo funeral de sacerdote alem\u00e1n benefactor de pobres en Bolivia"},"content":{"rendered":"<p>La Paz, 5 ago (dpa) &#8211; La ciudad boliviana de El Alto se despidi\u00f3 ayer con un emotivo funeral del sacerdote alem\u00e1n Sebastian Obermaier, de 81 a\u00f1os, que fue benefactor de los pobres del mayor asentamiento humano en los Andes sudamericanos.<\/p>\n<p>\u00abEn los ni\u00f1os abandonados y en los ancianos olvidados encontr\u00f3 a dios. Su vida fue sin mancha y por eso era querido por todos. As\u00ed lo comprobamos en los tres d\u00edas de su velorio en la parroquia &#8216;Cuerpo de Cristo'\u00bb, destac\u00f3 el obispo de El Alto, monse\u00f1or Eugenio Scarpellini.<\/p>\n<p>Con aporte de la comunidad cat\u00f3lica de Alemania logr\u00f3 crear la \u00abFundaci\u00f3n Cuerpo de Cristo\u00bb, dedicada a diversas tareas a favor de los hu\u00e9rfanos, ancianos, mujeres abandonadas y enfermos de sida, adem\u00e1s de promover el arte, la cultura y la comunicaci\u00f3n.<\/p>\n<p>El sacerdote hab\u00eda nacido el 24 de octubre de 1934 en Rosenheim, Alemania. Vivi\u00f3 y sufri\u00f3 de ni\u00f1o los rigores de la Segunda Guerra Mundial. Luego opt\u00f3 por ser religioso. Antes de llegar a Bolivia permaneci\u00f3 11 a\u00f1os en Venezuela.<\/p>\n<p>El padre Obermaier, que era amigo personal de papa em\u00e9rito Benedicto XVI, hizo estudios en teolog\u00eda y arquitectura, lo que le permiti\u00f3 dise\u00f1ar las 72 iglesias que construy\u00f3 en 38 a\u00f1os en distintos barrios de El Alto, ciudad vecina a La Paz.<\/p>\n<p>Cada a\u00f1o, el sacerdote realizaba una recreaci\u00f3n del Domingo de Ramos y recorr\u00eda montando en un burro por el barrio de Villa Adela, donde vivi\u00f3 desde 1978 hasta su muerte el 2 de agosto pasado.<\/p>\n<p>El padre Obermaier ten\u00eda un gran afecto por los animales, sobre todo los perros. En la festividad de San Roque, el 16 de agosto, sol\u00eda bendecir a esos animales y organizaba un desfile canino que era tradicional en su parroquia.<\/p>\n<p>En los \u00faltimos 20 a\u00f1os organizaba campa\u00f1as de recolecci\u00f3n de juguetes para los ni\u00f1os pobres de El Alto. La entrega se realizaba cada Navidad.<\/p>\n<p>Su velorio fue el m\u00e1s concurrido que recuerden los pobladores de El Alto. Hasta la parroquia \u00abCuerpo de Cristo\u00bb llegaron miles de personas, entre ellos el presidente boliviano Evo Morales, ex mandatarios, el obispo de la ciudad de Sucre monse\u00f1or Jes\u00fas Ju\u00e1rez y otras personalidades.<\/p>\n<p>A pedido de los pobladores de Villa Adela el cuerpo del sacerdote alem\u00e1n fue enterrado en el campanario del templo del barrio alte\u00f1o, tal como era el deseo del cura alem\u00e1n.<\/p>\n","protected":false},"excerpt":{"rendered":"<p>La Paz, 5 ago (dpa) &#8211; La ciudad boliviana de El Alto se despidi\u00f3 ayer con un emotivo funeral del sacerdote alem\u00e1n Sebastian Obermaier, de 81 a\u00f1os, que fue benefactor de los pobres del mayor asentamiento humano en los Andes sudamericanos. \u00abEn los ni\u00f1os abandonados y en los ancianos olvidados encontr\u00f3 a dios. Su vida<\/p>\n","protected":false},"author":1,"featured_media":16457,"comment_status":"closed","ping_status":"closed","sticky":false,"template":"","format":"standard","meta":{"footnotes":""},"categories":[343],"tags":[],"class_list":{"0":"post-33261","1":"post","2":"type-post","3":"status-publish","4":"format-standard","5":"has-post-thumbnail","7":"category-actualidad"},"aioseo_notices":[],"aioseo_head":"\n\t\t<!-- All in One SEO Pro 4.9.6.2 - aioseo.com -->\n\t<meta name=\"description\" content=\"La Paz, 5 ago (dpa) - La ciudad boliviana de El Alto se despidi\u00f3 ayer con un emotivo funeral del sacerdote alem\u00e1n Sebastian Obermaier, de 81 a\u00f1os, que fue benefactor de los pobres del mayor asentamiento humano en los Andes sudamericanos. &quot;En los ni\u00f1os abandonados y en los ancianos olvidados encontr\u00f3 a dios. Su vida\" \/>\n\t<meta name=\"robots\" content=\"max-image-preview:large\" \/>\n\t<meta name=\"author\" content=\"Cand\u00e1s 365\"\/>\n\t<meta name=\"google-site-verification\" content=\"UA-32230408-1\" \/>\n\t<meta name=\"msvalidate.01\" content=\"354F3CDFB2DA171B47FBE9ABF1F88D5\" \/>\n\t<meta name=\"keywords\" content=\"actualidad\" \/>\n\t<link rel=\"canonical\" href=\"https:\/\/candas365.es\/noticias\/emotivo-funeral-de-sacerdote-aleman-benefactor-de-pobres-en-bolivia\/\" \/>\n\t<meta name=\"generator\" content=\"All in One SEO Pro (AIOSEO) 4.9.6.2\" \/>\n\t\t<meta property=\"og:locale\" content=\"es_ES\" \/>\n\t\t<meta property=\"og:site_name\" content=\"Cand\u00e1s 365\" \/>\n\t\t<meta property=\"og:type\" content=\"article\" \/>\n\t\t<meta property=\"og:title\" content=\"Emotivo funeral de sacerdote alem\u00e1n benefactor de pobres en Bolivia | Cand\u00e1s 365\" \/>\n\t\t<meta property=\"og:description\" content=\"La Paz, 5 ago (dpa) - La ciudad boliviana de El Alto se despidi\u00f3 ayer con un emotivo funeral del sacerdote alem\u00e1n Sebastian Obermaier, de 81 a\u00f1os, que fue benefactor de los pobres del mayor asentamiento humano en los Andes sudamericanos. &quot;En los ni\u00f1os abandonados y en los ancianos olvidados encontr\u00f3 a dios. Su vida\" \/>\n\t\t<meta property=\"og:url\" content=\"https:\/\/candas365.es\/noticias\/emotivo-funeral-de-sacerdote-aleman-benefactor-de-pobres-en-bolivia\/\" \/>\n\t\t<meta property=\"og:image\" content=\"https:\/\/candas365.es\/noticias\/wp-content\/uploads\/2015\/09\/c365noticias.jpg\" \/>\n\t\t<meta property=\"og:image:secure_url\" content=\"https:\/\/candas365.es\/noticias\/wp-content\/uploads\/2015\/09\/c365noticias.jpg\" \/>\n\t\t<meta property=\"og:image:width\" content=\"655\" \/>\n\t\t<meta property=\"og:image:height\" content=\"360\" \/>\n\t\t<meta property=\"article:published_time\" content=\"2016-08-05T18:39:57+00:00\" \/>\n\t\t<meta property=\"article:modified_time\" content=\"2016-08-05T18:39:57+00:00\" \/>\n\t\t<meta property=\"article:publisher\" content=\"https:\/\/www.facebook.com\/Nachofdezber\" \/>\n\t\t<meta property=\"article:author\" content=\"https:\/\/www.facebook.com\/carrenoactualidad\" \/>\n\t\t<meta name=\"twitter:card\" content=\"summary_large_image\" \/>\n\t\t<meta name=\"twitter:site\" content=\"@NabercoDigital\" \/>\n\t\t<meta name=\"twitter:title\" content=\"Emotivo funeral de sacerdote alem\u00e1n benefactor de pobres en Bolivia | Cand\u00e1s 365\" \/>\n\t\t<meta name=\"twitter:description\" content=\"La Paz, 5 ago (dpa) - La ciudad boliviana de El Alto se despidi\u00f3 ayer con un emotivo funeral del sacerdote alem\u00e1n Sebastian Obermaier, de 81 a\u00f1os, que fue benefactor de los pobres del mayor asentamiento humano en los Andes sudamericanos. &quot;En los ni\u00f1os abandonados y en los ancianos olvidados encontr\u00f3 a dios. Su vida\" \/>\n\t\t<meta name=\"twitter:creator\" content=\"@nbasturias\" \/>\n\t\t<meta name=\"twitter:image\" content=\"https:\/\/candas365.es\/noticias\/wp-content\/uploads\/2015\/09\/c365noticias.jpg\" \/>\n\t\t<meta name=\"twitter:label1\" content=\"Escrito por\" \/>\n\t\t<meta name=\"twitter:data1\" content=\"Cand\u00e1s 365\" \/>\n\t\t<meta name=\"twitter:label2\" content=\"Tiempo de lectura estimado\" \/>\n\t\t<meta name=\"twitter:data2\" content=\"2 minutos\" \/>\n\t\t<script type=\"application\/ld+json\" class=\"aioseo-schema\">\n\t\t\t{\"@context\":\"https:\\\/\\\/schema.org\",\"@graph\":[{\"@type\":\"BreadcrumbList\",\"@id\":\"https:\\\/\\\/candas365.es\\\/noticias\\\/emotivo-funeral-de-sacerdote-aleman-benefactor-de-pobres-en-bolivia\\\/#breadcrumblist\",\"itemListElement\":[{\"@type\":\"ListItem\",\"@id\":\"https:\\\/\\\/candas365.es\\\/noticias#listItem\",\"position\":1,\"name\":\"Home\",\"item\":\"https:\\\/\\\/candas365.es\\\/noticias\",\"nextItem\":{\"@type\":\"ListItem\",\"@id\":\"https:\\\/\\\/candas365.es\\\/noticias\\\/category\\\/actualidad\\\/#listItem\",\"name\":\"Actualidad\"}},{\"@type\":\"ListItem\",\"@id\":\"https:\\\/\\\/candas365.es\\\/noticias\\\/category\\\/actualidad\\\/#listItem\",\"position\":2,\"name\":\"Actualidad\",\"item\":\"https:\\\/\\\/candas365.es\\\/noticias\\\/category\\\/actualidad\\\/\",\"nextItem\":{\"@type\":\"ListItem\",\"@id\":\"https:\\\/\\\/candas365.es\\\/noticias\\\/emotivo-funeral-de-sacerdote-aleman-benefactor-de-pobres-en-bolivia\\\/#listItem\",\"name\":\"Emotivo funeral de sacerdote alem\\u00e1n benefactor de pobres en Bolivia\"},\"previousItem\":{\"@type\":\"ListItem\",\"@id\":\"https:\\\/\\\/candas365.es\\\/noticias#listItem\",\"name\":\"Home\"}},{\"@type\":\"ListItem\",\"@id\":\"https:\\\/\\\/candas365.es\\\/noticias\\\/emotivo-funeral-de-sacerdote-aleman-benefactor-de-pobres-en-bolivia\\\/#listItem\",\"position\":3,\"name\":\"Emotivo funeral de sacerdote alem\\u00e1n benefactor de pobres en Bolivia\",\"previousItem\":{\"@type\":\"ListItem\",\"@id\":\"https:\\\/\\\/candas365.es\\\/noticias\\\/category\\\/actualidad\\\/#listItem\",\"name\":\"Actualidad\"}}]},{\"@type\":\"NewsArticle\",\"@id\":\"https:\\\/\\\/candas365.es\\\/noticias\\\/emotivo-funeral-de-sacerdote-aleman-benefactor-de-pobres-en-bolivia\\\/#newsarticle\",\"name\":\"Emotivo funeral de sacerdote alem\\u00e1n benefactor de pobres en Bolivia | Cand\\u00e1s 365\",\"headline\":\"Emotivo funeral de sacerdote alem\\u00e1n benefactor de pobres en Bolivia\",\"author\":{\"@id\":\"https:\\\/\\\/candas365.es\\\/noticias\\\/author\\\/admin\\\/#author\"},\"publisher\":{\"@id\":\"https:\\\/\\\/candas365.es\\\/noticias\\\/#organization\"},\"image\":{\"@type\":\"ImageObject\",\"url\":\"https:\\\/\\\/candas365.es\\\/noticias\\\/wp-content\\\/uploads\\\/2015\\\/09\\\/c365noticias.jpg\",\"width\":655,\"height\":360},\"datePublished\":\"2016-08-05T20:09:57+02:00\",\"dateModified\":\"2016-08-05T20:09:57+02:00\",\"inLanguage\":\"es-ES\",\"mainEntityOfPage\":{\"@id\":\"https:\\\/\\\/candas365.es\\\/noticias\\\/emotivo-funeral-de-sacerdote-aleman-benefactor-de-pobres-en-bolivia\\\/#webpage\"},\"isPartOf\":{\"@id\":\"https:\\\/\\\/candas365.es\\\/noticias\\\/emotivo-funeral-de-sacerdote-aleman-benefactor-de-pobres-en-bolivia\\\/#webpage\"},\"articleSection\":\"Actualidad\",\"dateline\":\"Publicado el agosto 5, 2016.\"},{\"@type\":\"Organization\",\"@id\":\"https:\\\/\\\/candas365.es\\\/noticias\\\/#organization\",\"name\":\"Cand\\u00e1s 365\",\"description\":\"Cand\\u00e1s 365 es un diario digital independiente, fundado en 2012, con base en Asturias. Informamos con rigor sobre actualidad, sociedad, cultura y ocio, con una mirada local y global.\",\"url\":\"https:\\\/\\\/candas365.es\\\/noticias\\\/\",\"email\":\"info@candas365.es\",\"telephone\":\"+34652131393\",\"foundingDate\":\"2012-06-10\",\"logo\":{\"@type\":\"ImageObject\",\"url\":\"https:\\\/\\\/candas365.es\\\/noticias\\\/wp-content\\\/uploads\\\/2024\\\/09\\\/Candas-365-Redes.jpg\",\"@id\":\"https:\\\/\\\/candas365.es\\\/noticias\\\/emotivo-funeral-de-sacerdote-aleman-benefactor-de-pobres-en-bolivia\\\/#organizationLogo\",\"width\":1152,\"height\":864,\"caption\":\"Cand\\u00e1s 365 Redes\"},\"image\":{\"@id\":\"https:\\\/\\\/candas365.es\\\/noticias\\\/emotivo-funeral-de-sacerdote-aleman-benefactor-de-pobres-en-bolivia\\\/#organizationLogo\"},\"sameAs\":[\"https:\\\/\\\/www.facebook.com\\\/Nachofdezber\",\"https:\\\/\\\/x.com\\\/NabercoDigital\",\"https:\\\/\\\/www.instagram.com\\\/nachofdezber\\\/\",\"https:\\\/\\\/www.youtube.com\\\/channel\\\/UCZP-2wLEB9Rv6erhFmqVnvg\"],\"address\":{\"@id\":\"https:\\\/\\\/candas365.es\\\/noticias\\\/#postaladdress\",\"@type\":\"PostalAddress\",\"streetAddress\":\"san antonio 4, san antonio 4\",\"postalCode\":\"33430\",\"addressLocality\":\"Cand\\u00e1s\",\"addressRegion\":\"Asturias\",\"addressCountry\":\"ES\"}},{\"@type\":\"Person\",\"@id\":\"https:\\\/\\\/candas365.es\\\/noticias\\\/author\\\/admin\\\/#author\",\"url\":\"https:\\\/\\\/candas365.es\\\/noticias\\\/author\\\/admin\\\/\",\"name\":\"Cand\\u00e1s 365\",\"image\":{\"@type\":\"ImageObject\",\"@id\":\"https:\\\/\\\/candas365.es\\\/noticias\\\/emotivo-funeral-de-sacerdote-aleman-benefactor-de-pobres-en-bolivia\\\/#authorImage\",\"url\":\"https:\\\/\\\/secure.gravatar.com\\\/avatar\\\/496a8e03d0c493ede1718b7934145dbdf8d89be1036b0eec9544e1094c9de390?s=96&d=mm&r=g\",\"width\":96,\"height\":96,\"caption\":\"Cand\\u00e1s 365\"},\"sameAs\":[\"https:\\\/\\\/www.facebook.com\\\/carrenoactualidad\",\"https:\\\/\\\/twitter.com\\\/nbasturias\",\"https:\\\/\\\/www.instagram.com\\\/nachofdezber\\\/\",\"https:\\\/\\\/www.youtube.com\\\/channel\\\/UCZP-2wLEB9Rv6erhFmqVnvg\"]},{\"@type\":\"WebPage\",\"@id\":\"https:\\\/\\\/candas365.es\\\/noticias\\\/emotivo-funeral-de-sacerdote-aleman-benefactor-de-pobres-en-bolivia\\\/#webpage\",\"url\":\"https:\\\/\\\/candas365.es\\\/noticias\\\/emotivo-funeral-de-sacerdote-aleman-benefactor-de-pobres-en-bolivia\\\/\",\"name\":\"Emotivo funeral de sacerdote alem\\u00e1n benefactor de pobres en Bolivia | Cand\\u00e1s 365\",\"description\":\"La Paz, 5 ago (dpa) - La ciudad boliviana de El Alto se despidi\\u00f3 ayer con un emotivo funeral del sacerdote alem\\u00e1n Sebastian Obermaier, de 81 a\\u00f1os, que fue benefactor de los pobres del mayor asentamiento humano en los Andes sudamericanos. \\\"En los ni\\u00f1os abandonados y en los ancianos olvidados encontr\\u00f3 a dios. Su vida\",\"inLanguage\":\"es-ES\",\"isPartOf\":{\"@id\":\"https:\\\/\\\/candas365.es\\\/noticias\\\/#website\"},\"breadcrumb\":{\"@id\":\"https:\\\/\\\/candas365.es\\\/noticias\\\/emotivo-funeral-de-sacerdote-aleman-benefactor-de-pobres-en-bolivia\\\/#breadcrumblist\"},\"author\":{\"@id\":\"https:\\\/\\\/candas365.es\\\/noticias\\\/author\\\/admin\\\/#author\"},\"creator\":{\"@id\":\"https:\\\/\\\/candas365.es\\\/noticias\\\/author\\\/admin\\\/#author\"},\"image\":{\"@type\":\"ImageObject\",\"url\":\"https:\\\/\\\/candas365.es\\\/noticias\\\/wp-content\\\/uploads\\\/2015\\\/09\\\/c365noticias.jpg\",\"@id\":\"https:\\\/\\\/candas365.es\\\/noticias\\\/emotivo-funeral-de-sacerdote-aleman-benefactor-de-pobres-en-bolivia\\\/#mainImage\",\"width\":655,\"height\":360},\"primaryImageOfPage\":{\"@id\":\"https:\\\/\\\/candas365.es\\\/noticias\\\/emotivo-funeral-de-sacerdote-aleman-benefactor-de-pobres-en-bolivia\\\/#mainImage\"},\"datePublished\":\"2016-08-05T20:09:57+02:00\",\"dateModified\":\"2016-08-05T20:09:57+02:00\"},{\"@type\":\"WebSite\",\"@id\":\"https:\\\/\\\/candas365.es\\\/noticias\\\/#website\",\"url\":\"https:\\\/\\\/candas365.es\\\/noticias\\\/\",\"name\":\"Cand\\u00e1s 365\",\"alternateName\":\"Cand\\u00e1s 365 Noticias\",\"description\":\"Actualidad desde Carre\\u00f1o para el mundo\",\"inLanguage\":\"es-ES\",\"publisher\":{\"@id\":\"https:\\\/\\\/candas365.es\\\/noticias\\\/#organization\"}}]}\n\t\t<\/script>\n\t\t<!-- All in One SEO Pro -->\r\n\t\t<title>Emotivo funeral de sacerdote alem\u00e1n benefactor de pobres en Bolivia | Cand\u00e1s 365<\/title>\n\n","aioseo_head_json":{"title":"Emotivo funeral de sacerdote alem\u00e1n benefactor de pobres en Bolivia | Cand\u00e1s 365","description":"La Paz, 5 ago (dpa) - La ciudad boliviana de El Alto se despidi\u00f3 ayer con un emotivo funeral del sacerdote alem\u00e1n Sebastian Obermaier, de 81 a\u00f1os, que fue benefactor de los pobres del mayor asentamiento humano en los Andes sudamericanos. \"En los ni\u00f1os abandonados y en los ancianos olvidados encontr\u00f3 a dios. Su vida","canonical_url":"https:\/\/candas365.es\/noticias\/emotivo-funeral-de-sacerdote-aleman-benefactor-de-pobres-en-bolivia\/","robots":"max-image-preview:large","keywords":"actualidad","webmasterTools":{"google-site-verification":"UA-32230408-1","msvalidate.01":"354F3CDFB2DA171B47FBE9ABF1F88D5","miscellaneous":""},"schema":{"@context":"https:\/\/schema.org","@graph":[{"@type":"BreadcrumbList","@id":"https:\/\/candas365.es\/noticias\/emotivo-funeral-de-sacerdote-aleman-benefactor-de-pobres-en-bolivia\/#breadcrumblist","itemListElement":[{"@type":"ListItem","@id":"https:\/\/candas365.es\/noticias#listItem","position":1,"name":"Home","item":"https:\/\/candas365.es\/noticias","nextItem":{"@type":"ListItem","@id":"https:\/\/candas365.es\/noticias\/category\/actualidad\/#listItem","name":"Actualidad"}},{"@type":"ListItem","@id":"https:\/\/candas365.es\/noticias\/category\/actualidad\/#listItem","position":2,"name":"Actualidad","item":"https:\/\/candas365.es\/noticias\/category\/actualidad\/","nextItem":{"@type":"ListItem","@id":"https:\/\/candas365.es\/noticias\/emotivo-funeral-de-sacerdote-aleman-benefactor-de-pobres-en-bolivia\/#listItem","name":"Emotivo funeral de sacerdote alem\u00e1n benefactor de pobres en Bolivia"},"previousItem":{"@type":"ListItem","@id":"https:\/\/candas365.es\/noticias#listItem","name":"Home"}},{"@type":"ListItem","@id":"https:\/\/candas365.es\/noticias\/emotivo-funeral-de-sacerdote-aleman-benefactor-de-pobres-en-bolivia\/#listItem","position":3,"name":"Emotivo funeral de sacerdote alem\u00e1n benefactor de pobres en Bolivia","previousItem":{"@type":"ListItem","@id":"https:\/\/candas365.es\/noticias\/category\/actualidad\/#listItem","name":"Actualidad"}}]},{"@type":"NewsArticle","@id":"https:\/\/candas365.es\/noticias\/emotivo-funeral-de-sacerdote-aleman-benefactor-de-pobres-en-bolivia\/#newsarticle","name":"Emotivo funeral de sacerdote alem\u00e1n benefactor de pobres en Bolivia | Cand\u00e1s 365","headline":"Emotivo funeral de sacerdote alem\u00e1n benefactor de pobres en Bolivia","author":{"@id":"https:\/\/candas365.es\/noticias\/author\/admin\/#author"},"publisher":{"@id":"https:\/\/candas365.es\/noticias\/#organization"},"image":{"@type":"ImageObject","url":"https:\/\/candas365.es\/noticias\/wp-content\/uploads\/2015\/09\/c365noticias.jpg","width":655,"height":360},"datePublished":"2016-08-05T20:09:57+02:00","dateModified":"2016-08-05T20:09:57+02:00","inLanguage":"es-ES","mainEntityOfPage":{"@id":"https:\/\/candas365.es\/noticias\/emotivo-funeral-de-sacerdote-aleman-benefactor-de-pobres-en-bolivia\/#webpage"},"isPartOf":{"@id":"https:\/\/candas365.es\/noticias\/emotivo-funeral-de-sacerdote-aleman-benefactor-de-pobres-en-bolivia\/#webpage"},"articleSection":"Actualidad","dateline":"Publicado el agosto 5, 2016."},{"@type":"Organization","@id":"https:\/\/candas365.es\/noticias\/#organization","name":"Cand\u00e1s 365","description":"Cand\u00e1s 365 es un diario digital independiente, fundado en 2012, con base en Asturias. Informamos con rigor sobre actualidad, sociedad, cultura y ocio, con una mirada local y global.","url":"https:\/\/candas365.es\/noticias\/","email":"info@candas365.es","telephone":"+34652131393","foundingDate":"2012-06-10","logo":{"@type":"ImageObject","url":"https:\/\/candas365.es\/noticias\/wp-content\/uploads\/2024\/09\/Candas-365-Redes.jpg","@id":"https:\/\/candas365.es\/noticias\/emotivo-funeral-de-sacerdote-aleman-benefactor-de-pobres-en-bolivia\/#organizationLogo","width":1152,"height":864,"caption":"Cand\u00e1s 365 Redes"},"image":{"@id":"https:\/\/candas365.es\/noticias\/emotivo-funeral-de-sacerdote-aleman-benefactor-de-pobres-en-bolivia\/#organizationLogo"},"sameAs":["https:\/\/www.facebook.com\/Nachofdezber","https:\/\/x.com\/NabercoDigital","https:\/\/www.instagram.com\/nachofdezber\/","https:\/\/www.youtube.com\/channel\/UCZP-2wLEB9Rv6erhFmqVnvg"],"address":{"@id":"https:\/\/candas365.es\/noticias\/#postaladdress","@type":"PostalAddress","streetAddress":"san antonio 4, san antonio 4","postalCode":"33430","addressLocality":"Cand\u00e1s","addressRegion":"Asturias","addressCountry":"ES"}},{"@type":"Person","@id":"https:\/\/candas365.es\/noticias\/author\/admin\/#author","url":"https:\/\/candas365.es\/noticias\/author\/admin\/","name":"Cand\u00e1s 365","image":{"@type":"ImageObject","@id":"https:\/\/candas365.es\/noticias\/emotivo-funeral-de-sacerdote-aleman-benefactor-de-pobres-en-bolivia\/#authorImage","url":"https:\/\/secure.gravatar.com\/avatar\/496a8e03d0c493ede1718b7934145dbdf8d89be1036b0eec9544e1094c9de390?s=96&d=mm&r=g","width":96,"height":96,"caption":"Cand\u00e1s 365"},"sameAs":["https:\/\/www.facebook.com\/carrenoactualidad","https:\/\/twitter.com\/nbasturias","https:\/\/www.instagram.com\/nachofdezber\/","https:\/\/www.youtube.com\/channel\/UCZP-2wLEB9Rv6erhFmqVnvg"]},{"@type":"WebPage","@id":"https:\/\/candas365.es\/noticias\/emotivo-funeral-de-sacerdote-aleman-benefactor-de-pobres-en-bolivia\/#webpage","url":"https:\/\/candas365.es\/noticias\/emotivo-funeral-de-sacerdote-aleman-benefactor-de-pobres-en-bolivia\/","name":"Emotivo funeral de sacerdote alem\u00e1n benefactor de pobres en Bolivia | Cand\u00e1s 365","description":"La Paz, 5 ago (dpa) - La ciudad boliviana de El Alto se despidi\u00f3 ayer con un emotivo funeral del sacerdote alem\u00e1n Sebastian Obermaier, de 81 a\u00f1os, que fue benefactor de los pobres del mayor asentamiento humano en los Andes sudamericanos. \"En los ni\u00f1os abandonados y en los ancianos olvidados encontr\u00f3 a dios. Su vida","inLanguage":"es-ES","isPartOf":{"@id":"https:\/\/candas365.es\/noticias\/#website"},"breadcrumb":{"@id":"https:\/\/candas365.es\/noticias\/emotivo-funeral-de-sacerdote-aleman-benefactor-de-pobres-en-bolivia\/#breadcrumblist"},"author":{"@id":"https:\/\/candas365.es\/noticias\/author\/admin\/#author"},"creator":{"@id":"https:\/\/candas365.es\/noticias\/author\/admin\/#author"},"image":{"@type":"ImageObject","url":"https:\/\/candas365.es\/noticias\/wp-content\/uploads\/2015\/09\/c365noticias.jpg","@id":"https:\/\/candas365.es\/noticias\/emotivo-funeral-de-sacerdote-aleman-benefactor-de-pobres-en-bolivia\/#mainImage","width":655,"height":360},"primaryImageOfPage":{"@id":"https:\/\/candas365.es\/noticias\/emotivo-funeral-de-sacerdote-aleman-benefactor-de-pobres-en-bolivia\/#mainImage"},"datePublished":"2016-08-05T20:09:57+02:00","dateModified":"2016-08-05T20:09:57+02:00"},{"@type":"WebSite","@id":"https:\/\/candas365.es\/noticias\/#website","url":"https:\/\/candas365.es\/noticias\/","name":"Cand\u00e1s 365","alternateName":"Cand\u00e1s 365 Noticias","description":"Actualidad desde Carre\u00f1o para el mundo","inLanguage":"es-ES","publisher":{"@id":"https:\/\/candas365.es\/noticias\/#organization"}}]},"og:locale":"es_ES","og:site_name":"Cand\u00e1s 365","og:type":"article","og:title":"Emotivo funeral de sacerdote alem\u00e1n benefactor de pobres en Bolivia | Cand\u00e1s 365","og:description":"La Paz, 5 ago (dpa) - La ciudad boliviana de El Alto se despidi\u00f3 ayer con un emotivo funeral del sacerdote alem\u00e1n Sebastian Obermaier, de 81 a\u00f1os, que fue benefactor de los pobres del mayor asentamiento humano en los Andes sudamericanos. &quot;En los ni\u00f1os abandonados y en los ancianos olvidados encontr\u00f3 a dios. Su vida","og:url":"https:\/\/candas365.es\/noticias\/emotivo-funeral-de-sacerdote-aleman-benefactor-de-pobres-en-bolivia\/","og:image":"https:\/\/candas365.es\/noticias\/wp-content\/uploads\/2015\/09\/c365noticias.jpg","og:image:secure_url":"https:\/\/candas365.es\/noticias\/wp-content\/uploads\/2015\/09\/c365noticias.jpg","og:image:width":655,"og:image:height":360,"article:published_time":"2016-08-05T18:39:57+00:00","article:modified_time":"2016-08-05T18:39:57+00:00","article:publisher":"https:\/\/www.facebook.com\/Nachofdezber","article:author":"https:\/\/www.facebook.com\/carrenoactualidad","twitter:card":"summary_large_image","twitter:site":"@NabercoDigital","twitter:title":"Emotivo funeral de sacerdote alem\u00e1n benefactor de pobres en Bolivia | Cand\u00e1s 365","twitter:description":"La Paz, 5 ago (dpa) - La ciudad boliviana de El Alto se despidi\u00f3 ayer con un emotivo funeral del sacerdote alem\u00e1n Sebastian Obermaier, de 81 a\u00f1os, que fue benefactor de los pobres del mayor asentamiento humano en los Andes sudamericanos. &quot;En los ni\u00f1os abandonados y en los ancianos olvidados encontr\u00f3 a dios. Su vida","twitter:creator":"@nbasturias","twitter:image":"https:\/\/candas365.es\/noticias\/wp-content\/uploads\/2015\/09\/c365noticias.jpg","twitter:label1":"Escrito por","twitter:data1":"Cand\u00e1s 365","twitter:label2":"Tiempo de lectura estimado","twitter:data2":"2 minutos"},"aioseo_meta_data":{"post_id":"33261","title":null,"description":null,"keywords":null,"keyphrases":null,"primary_term":null,"canonical_url":null,"og_title":null,"og_description":null,"og_object_type":"default","og_image_type":"default","og_image_url":null,"og_image_width":null,"og_image_height":null,"og_image_custom_url":null,"og_image_custom_fields":null,"og_video":null,"og_custom_url":null,"og_article_section":null,"og_article_tags":null,"twitter_use_og":false,"twitter_card":"default","twitter_image_type":"default","twitter_image_url":null,"twitter_image_custom_url":null,"twitter_image_custom_fields":null,"twitter_title":null,"twitter_description":null,"schema":{"blockGraphs":[],"customGraphs":[],"default":{"data":{"Article":[],"Course":[],"Dataset":[],"FAQPage":[],"Movie":[],"Person":[],"Product":[],"ProductReview":[],"Car":[],"Recipe":[],"Service":[],"SoftwareApplication":[],"WebPage":[]},"graphName":"","isEnabled":true},"graphs":[],"defaultGraph":"","defaultPostTypeGraph":""},"schema_type":null,"schema_type_options":null,"pillar_content":false,"robots_default":true,"robots_noindex":false,"robots_noarchive":false,"robots_nosnippet":false,"robots_nofollow":false,"robots_noimageindex":false,"robots_noodp":false,"robots_notranslate":false,"robots_max_snippet":null,"robots_max_videopreview":null,"robots_max_imagepreview":"large","priority":null,"frequency":null,"location":null,"local_seo":null,"seo_analyzer_scan_date":"2025-08-24 16:38:16","breadcrumb_settings":null,"limit_modified_date":false,"reviewed_by":null,"open_ai":null,"ai":null,"created":"2020-12-21 13:06:19","updated":"2025-08-24 16:38:16"},"aioseo_breadcrumb":"<div class=\"aioseo-breadcrumbs\"><span class=\"aioseo-breadcrumb\">\n\t<a href=\"https:\/\/candas365.es\/noticias\" title=\"Home\">Home<\/a>\n<\/span><span class=\"aioseo-breadcrumb-separator\">&ndash;<\/span><span class=\"aioseo-breadcrumb\">\n\t<a href=\"https:\/\/candas365.es\/noticias\/category\/actualidad\/\" title=\"Actualidad\">Actualidad<\/a>\n<\/span><span class=\"aioseo-breadcrumb-separator\">&ndash;<\/span><span class=\"aioseo-breadcrumb\">\n\tEmotivo funeral de sacerdote alem\u00e1n benefactor de pobres en Bolivia\n<\/span><\/div>","aioseo_breadcrumb_json":[{"label":"Home","link":"https:\/\/candas365.es\/noticias"},{"label":"Actualidad","link":"https:\/\/candas365.es\/noticias\/category\/actualidad\/"},{"label":"Emotivo funeral de sacerdote alem\u00e1n benefactor de pobres en Bolivia","link":"https:\/\/candas365.es\/noticias\/emotivo-funeral-de-sacerdote-aleman-benefactor-de-pobres-en-bolivia\/"}],"_links":{"self":[{"href":"https:\/\/candas365.es\/noticias\/wp-json\/wp\/v2\/posts\/33261","targetHints":{"allow":["GET"]}}],"collection":[{"href":"https:\/\/candas365.es\/noticias\/wp-json\/wp\/v2\/posts"}],"about":[{"href":"https:\/\/candas365.es\/noticias\/wp-json\/wp\/v2\/types\/post"}],"author":[{"embeddable":true,"href":"https:\/\/candas365.es\/noticias\/wp-json\/wp\/v2\/users\/1"}],"replies":[{"embeddable":true,"href":"https:\/\/candas365.es\/noticias\/wp-json\/wp\/v2\/comments?post=33261"}],"version-history":[{"count":0,"href":"https:\/\/candas365.es\/noticias\/wp-json\/wp\/v2\/posts\/33261\/revisions"}],"wp:featuredmedia":[{"embeddable":true,"href":"https:\/\/candas365.es\/noticias\/wp-json\/wp\/v2\/media\/16457"}],"wp:attachment":[{"href":"https:\/\/candas365.es\/noticias\/wp-json\/wp\/v2\/media?parent=33261"}],"wp:term":[{"taxonomy":"category","embeddable":true,"href":"https:\/\/candas365.es\/noticias\/wp-json\/wp\/v2\/categories?post=33261"},{"taxonomy":"post_tag","embeddable":true,"href":"https:\/\/candas365.es\/noticias\/wp-json\/wp\/v2\/tags?post=33261"}],"curies":[{"name":"wp","href":"https:\/\/api.w.org\/{rel}","templated":true}]}}