{"id":33257,"date":"2016-08-05T20:08:12","date_gmt":"2016-08-05T18:38:12","guid":{"rendered":"http:\/\/candas365.es\/noticias\/?p=33257"},"modified":"2016-08-05T20:08:12","modified_gmt":"2016-08-05T18:38:12","slug":"mexico-inicia-la-defensa-del-oro-olimpico-con-un-empate-ante-alemania","status":"publish","type":"post","link":"https:\/\/candas365.es\/noticias\/mexico-inicia-la-defensa-del-oro-olimpico-con-un-empate-ante-alemania\/","title":{"rendered":"M\u00e9xico inicia la defensa del oro ol\u00edmpico con un empate ante Alemania"},"content":{"rendered":"<p>Salvador de Bah\u00eda (Brasil), 5 ago (dpa) &#8211; La selecci\u00f3n mexicana de f\u00fatbol masculino, \u00faltimo campe\u00f3n ol\u00edmpico, inici\u00f3 ayer su aventura en R\u00edo 2016 con un empate por 2-2 contra Alemania.<\/p>\n<p>El \u00abTri\u00bb, que volvi\u00f3 a reposar en la figura de su estrella Oribe Peralta, autor de uno de los goles (52 minutos), no pudo defender dos ventajas en el resultado y cedi\u00f3 dos puntos en los \u00faltimos 12 minutos de juego.<\/p>\n<p>Pese a la igualdad, el atacante del Am\u00e9rica reedit\u00f3 as\u00ed su idilio ol\u00edmpico con el conjunto nacional de su pa\u00eds. Cuatro a\u00f1os atr\u00e1s, anot\u00f3 los dos goles de la final de Londres 2012, en la que su equipo derrot\u00f3 por 2-1 a Brasil, y ahora ya acumula cinco tantos en todas sus participaciones ol\u00edmpicas.<\/p>\n<p>El segundo gol del equipo conducido por Ra\u00fal Guti\u00e9rrez fue convertido por Rodolfo Pizarro (61&#8242;). En tanto, los germanos lograron igualar el duelo en dos oportunidades mediante los tantos de Serge Gnabry (58&#8242;), quien ingres\u00f3 desde el banquillo, y Matthias Ginter (78&#8242;).<\/p>\n<p>El partido, disputado en el Arena Fonte Nova de Salvador De Bah\u00eda, reflej\u00f3 a un equipo mexicano con destellos de gran juego, en especial durante la segunda parte, cuando consigui\u00f3 generar peligro mediante los centros desde la izquierda.<\/p>\n<p>Sin embargo, las ventajas conseguidas gracias al tanto de cabeza de Oribe y al rebote debajo de la porter\u00eda de Pizarro fueron frustradas con un buena definici\u00f3n en mano a mano de Gnabry y un s\u00f3lido cabezazo de Ginter, despu\u00e9s de que Jorge Torres Nilo perdiera la marca.<\/p>\n<p>As\u00ed y todo, el sabor amargo qued\u00f3 en ambos bandos. El conjunto germano volv\u00eda a participar del f\u00fatbol ol\u00edmpico despu\u00e9s de 28 a\u00f1os (desde Se\u00fal 1988) y buscaba celebrar el reencuentro con una victoria en su debut.<\/p>\n<p>Los dos equipos comparten la primera posici\u00f3n del Grupo C, a la espera del encuentro entre Corea del Sur y Fiyi, tambi\u00e9n en Salvador.<\/p>\n","protected":false},"excerpt":{"rendered":"<p>Salvador de Bah\u00eda (Brasil), 5 ago (dpa) &#8211; La selecci\u00f3n mexicana de f\u00fatbol masculino, \u00faltimo campe\u00f3n ol\u00edmpico, inici\u00f3 ayer su aventura en R\u00edo 2016 con un empate por 2-2 contra Alemania. El \u00abTri\u00bb, que volvi\u00f3 a reposar en la figura de su estrella Oribe Peralta, autor de uno de los goles (52 minutos), no pudo<\/p>\n","protected":false},"author":1,"featured_media":16457,"comment_status":"closed","ping_status":"closed","sticky":false,"template":"","format":"standard","meta":{"footnotes":""},"categories":[343],"tags":[],"class_list":{"0":"post-33257","1":"post","2":"type-post","3":"status-publish","4":"format-standard","5":"has-post-thumbnail","7":"category-actualidad"},"aioseo_notices":[],"aioseo_head":"\n\t\t<!-- All in One SEO Pro 4.9.6.2 - aioseo.com -->\n\t<meta name=\"description\" content=\"Salvador de Bah\u00eda (Brasil), 5 ago (dpa) - La selecci\u00f3n mexicana de f\u00fatbol masculino, \u00faltimo campe\u00f3n ol\u00edmpico, inici\u00f3 ayer su aventura en R\u00edo 2016 con un empate por 2-2 contra Alemania. El &quot;Tri&quot;, que volvi\u00f3 a reposar en la figura de su estrella Oribe Peralta, autor de uno de los goles (52 minutos), no pudo\" \/>\n\t<meta name=\"robots\" content=\"max-image-preview:large\" \/>\n\t<meta name=\"author\" content=\"Cand\u00e1s 365\"\/>\n\t<meta name=\"google-site-verification\" content=\"UA-32230408-1\" \/>\n\t<meta name=\"msvalidate.01\" content=\"354F3CDFB2DA171B47FBE9ABF1F88D5\" \/>\n\t<meta name=\"keywords\" content=\"actualidad\" \/>\n\t<link rel=\"canonical\" href=\"https:\/\/candas365.es\/noticias\/mexico-inicia-la-defensa-del-oro-olimpico-con-un-empate-ante-alemania\/\" \/>\n\t<meta name=\"generator\" content=\"All in One SEO Pro (AIOSEO) 4.9.6.2\" \/>\n\t\t<meta property=\"og:locale\" content=\"es_ES\" \/>\n\t\t<meta property=\"og:site_name\" content=\"Cand\u00e1s 365\" \/>\n\t\t<meta property=\"og:type\" content=\"article\" \/>\n\t\t<meta property=\"og:title\" content=\"M\u00e9xico inicia la defensa del oro ol\u00edmpico con un empate ante Alemania | Cand\u00e1s 365\" \/>\n\t\t<meta property=\"og:description\" content=\"Salvador de Bah\u00eda (Brasil), 5 ago (dpa) - La selecci\u00f3n mexicana de f\u00fatbol masculino, \u00faltimo campe\u00f3n ol\u00edmpico, inici\u00f3 ayer su aventura en R\u00edo 2016 con un empate por 2-2 contra Alemania. El &quot;Tri&quot;, que volvi\u00f3 a reposar en la figura de su estrella Oribe Peralta, autor de uno de los goles (52 minutos), no pudo\" \/>\n\t\t<meta property=\"og:url\" content=\"https:\/\/candas365.es\/noticias\/mexico-inicia-la-defensa-del-oro-olimpico-con-un-empate-ante-alemania\/\" \/>\n\t\t<meta property=\"og:image\" content=\"https:\/\/candas365.es\/noticias\/wp-content\/uploads\/2015\/09\/c365noticias.jpg\" \/>\n\t\t<meta property=\"og:image:secure_url\" content=\"https:\/\/candas365.es\/noticias\/wp-content\/uploads\/2015\/09\/c365noticias.jpg\" \/>\n\t\t<meta property=\"og:image:width\" content=\"655\" \/>\n\t\t<meta property=\"og:image:height\" content=\"360\" \/>\n\t\t<meta property=\"article:published_time\" content=\"2016-08-05T18:38:12+00:00\" \/>\n\t\t<meta property=\"article:modified_time\" content=\"2016-08-05T18:38:12+00:00\" \/>\n\t\t<meta property=\"article:publisher\" content=\"https:\/\/www.facebook.com\/Nachofdezber\" \/>\n\t\t<meta property=\"article:author\" content=\"https:\/\/www.facebook.com\/carrenoactualidad\" \/>\n\t\t<meta name=\"twitter:card\" content=\"summary_large_image\" \/>\n\t\t<meta name=\"twitter:site\" content=\"@NabercoDigital\" \/>\n\t\t<meta name=\"twitter:title\" content=\"M\u00e9xico inicia la defensa del oro ol\u00edmpico con un empate ante Alemania | Cand\u00e1s 365\" \/>\n\t\t<meta name=\"twitter:description\" content=\"Salvador de Bah\u00eda (Brasil), 5 ago (dpa) - La selecci\u00f3n mexicana de f\u00fatbol masculino, \u00faltimo campe\u00f3n ol\u00edmpico, inici\u00f3 ayer su aventura en R\u00edo 2016 con un empate por 2-2 contra Alemania. El &quot;Tri&quot;, que volvi\u00f3 a reposar en la figura de su estrella Oribe Peralta, autor de uno de los goles (52 minutos), no pudo\" \/>\n\t\t<meta name=\"twitter:creator\" content=\"@nbasturias\" \/>\n\t\t<meta name=\"twitter:image\" content=\"https:\/\/candas365.es\/noticias\/wp-content\/uploads\/2015\/09\/c365noticias.jpg\" \/>\n\t\t<meta name=\"twitter:label1\" content=\"Escrito por\" \/>\n\t\t<meta name=\"twitter:data1\" content=\"Cand\u00e1s 365\" \/>\n\t\t<meta name=\"twitter:label2\" content=\"Tiempo de lectura estimado\" \/>\n\t\t<meta name=\"twitter:data2\" content=\"2 minutos\" \/>\n\t\t<script type=\"application\/ld+json\" class=\"aioseo-schema\">\n\t\t\t{\"@context\":\"https:\\\/\\\/schema.org\",\"@graph\":[{\"@type\":\"BreadcrumbList\",\"@id\":\"https:\\\/\\\/candas365.es\\\/noticias\\\/mexico-inicia-la-defensa-del-oro-olimpico-con-un-empate-ante-alemania\\\/#breadcrumblist\",\"itemListElement\":[{\"@type\":\"ListItem\",\"@id\":\"https:\\\/\\\/candas365.es\\\/noticias#listItem\",\"position\":1,\"name\":\"Home\",\"item\":\"https:\\\/\\\/candas365.es\\\/noticias\",\"nextItem\":{\"@type\":\"ListItem\",\"@id\":\"https:\\\/\\\/candas365.es\\\/noticias\\\/category\\\/actualidad\\\/#listItem\",\"name\":\"Actualidad\"}},{\"@type\":\"ListItem\",\"@id\":\"https:\\\/\\\/candas365.es\\\/noticias\\\/category\\\/actualidad\\\/#listItem\",\"position\":2,\"name\":\"Actualidad\",\"item\":\"https:\\\/\\\/candas365.es\\\/noticias\\\/category\\\/actualidad\\\/\",\"nextItem\":{\"@type\":\"ListItem\",\"@id\":\"https:\\\/\\\/candas365.es\\\/noticias\\\/mexico-inicia-la-defensa-del-oro-olimpico-con-un-empate-ante-alemania\\\/#listItem\",\"name\":\"M\\u00e9xico inicia la defensa del oro ol\\u00edmpico con un empate ante Alemania\"},\"previousItem\":{\"@type\":\"ListItem\",\"@id\":\"https:\\\/\\\/candas365.es\\\/noticias#listItem\",\"name\":\"Home\"}},{\"@type\":\"ListItem\",\"@id\":\"https:\\\/\\\/candas365.es\\\/noticias\\\/mexico-inicia-la-defensa-del-oro-olimpico-con-un-empate-ante-alemania\\\/#listItem\",\"position\":3,\"name\":\"M\\u00e9xico inicia la defensa del oro ol\\u00edmpico con un empate ante Alemania\",\"previousItem\":{\"@type\":\"ListItem\",\"@id\":\"https:\\\/\\\/candas365.es\\\/noticias\\\/category\\\/actualidad\\\/#listItem\",\"name\":\"Actualidad\"}}]},{\"@type\":\"NewsArticle\",\"@id\":\"https:\\\/\\\/candas365.es\\\/noticias\\\/mexico-inicia-la-defensa-del-oro-olimpico-con-un-empate-ante-alemania\\\/#newsarticle\",\"name\":\"M\\u00e9xico inicia la defensa del oro ol\\u00edmpico con un empate ante Alemania | Cand\\u00e1s 365\",\"headline\":\"M\\u00e9xico inicia la defensa del oro ol\\u00edmpico con un empate ante Alemania\",\"author\":{\"@id\":\"https:\\\/\\\/candas365.es\\\/noticias\\\/author\\\/admin\\\/#author\"},\"publisher\":{\"@id\":\"https:\\\/\\\/candas365.es\\\/noticias\\\/#organization\"},\"image\":{\"@type\":\"ImageObject\",\"url\":\"https:\\\/\\\/candas365.es\\\/noticias\\\/wp-content\\\/uploads\\\/2015\\\/09\\\/c365noticias.jpg\",\"width\":655,\"height\":360},\"datePublished\":\"2016-08-05T20:08:12+02:00\",\"dateModified\":\"2016-08-05T20:08:12+02:00\",\"inLanguage\":\"es-ES\",\"mainEntityOfPage\":{\"@id\":\"https:\\\/\\\/candas365.es\\\/noticias\\\/mexico-inicia-la-defensa-del-oro-olimpico-con-un-empate-ante-alemania\\\/#webpage\"},\"isPartOf\":{\"@id\":\"https:\\\/\\\/candas365.es\\\/noticias\\\/mexico-inicia-la-defensa-del-oro-olimpico-con-un-empate-ante-alemania\\\/#webpage\"},\"articleSection\":\"Actualidad\",\"dateline\":\"Publicado el agosto 5, 2016.\"},{\"@type\":\"Organization\",\"@id\":\"https:\\\/\\\/candas365.es\\\/noticias\\\/#organization\",\"name\":\"Cand\\u00e1s 365\",\"description\":\"Cand\\u00e1s 365 es un diario digital independiente, fundado en 2012, con base en Asturias. Informamos con rigor sobre actualidad, sociedad, cultura y ocio, con una mirada local y global.\",\"url\":\"https:\\\/\\\/candas365.es\\\/noticias\\\/\",\"email\":\"info@candas365.es\",\"telephone\":\"+34652131393\",\"foundingDate\":\"2012-06-10\",\"logo\":{\"@type\":\"ImageObject\",\"url\":\"https:\\\/\\\/candas365.es\\\/noticias\\\/wp-content\\\/uploads\\\/2024\\\/09\\\/Candas-365-Redes.jpg\",\"@id\":\"https:\\\/\\\/candas365.es\\\/noticias\\\/mexico-inicia-la-defensa-del-oro-olimpico-con-un-empate-ante-alemania\\\/#organizationLogo\",\"width\":1152,\"height\":864,\"caption\":\"Cand\\u00e1s 365 Redes\"},\"image\":{\"@id\":\"https:\\\/\\\/candas365.es\\\/noticias\\\/mexico-inicia-la-defensa-del-oro-olimpico-con-un-empate-ante-alemania\\\/#organizationLogo\"},\"sameAs\":[\"https:\\\/\\\/www.facebook.com\\\/Nachofdezber\",\"https:\\\/\\\/x.com\\\/NabercoDigital\",\"https:\\\/\\\/www.instagram.com\\\/nachofdezber\\\/\",\"https:\\\/\\\/www.youtube.com\\\/channel\\\/UCZP-2wLEB9Rv6erhFmqVnvg\"],\"address\":{\"@id\":\"https:\\\/\\\/candas365.es\\\/noticias\\\/#postaladdress\",\"@type\":\"PostalAddress\",\"streetAddress\":\"san antonio 4, san antonio 4\",\"postalCode\":\"33430\",\"addressLocality\":\"Cand\\u00e1s\",\"addressRegion\":\"Asturias\",\"addressCountry\":\"ES\"}},{\"@type\":\"Person\",\"@id\":\"https:\\\/\\\/candas365.es\\\/noticias\\\/author\\\/admin\\\/#author\",\"url\":\"https:\\\/\\\/candas365.es\\\/noticias\\\/author\\\/admin\\\/\",\"name\":\"Cand\\u00e1s 365\",\"image\":{\"@type\":\"ImageObject\",\"@id\":\"https:\\\/\\\/candas365.es\\\/noticias\\\/mexico-inicia-la-defensa-del-oro-olimpico-con-un-empate-ante-alemania\\\/#authorImage\",\"url\":\"https:\\\/\\\/secure.gravatar.com\\\/avatar\\\/496a8e03d0c493ede1718b7934145dbdf8d89be1036b0eec9544e1094c9de390?s=96&d=mm&r=g\",\"width\":96,\"height\":96,\"caption\":\"Cand\\u00e1s 365\"},\"sameAs\":[\"https:\\\/\\\/www.facebook.com\\\/carrenoactualidad\",\"https:\\\/\\\/twitter.com\\\/nbasturias\",\"https:\\\/\\\/www.instagram.com\\\/nachofdezber\\\/\",\"https:\\\/\\\/www.youtube.com\\\/channel\\\/UCZP-2wLEB9Rv6erhFmqVnvg\"]},{\"@type\":\"WebPage\",\"@id\":\"https:\\\/\\\/candas365.es\\\/noticias\\\/mexico-inicia-la-defensa-del-oro-olimpico-con-un-empate-ante-alemania\\\/#webpage\",\"url\":\"https:\\\/\\\/candas365.es\\\/noticias\\\/mexico-inicia-la-defensa-del-oro-olimpico-con-un-empate-ante-alemania\\\/\",\"name\":\"M\\u00e9xico inicia la defensa del oro ol\\u00edmpico con un empate ante Alemania | Cand\\u00e1s 365\",\"description\":\"Salvador de Bah\\u00eda (Brasil), 5 ago (dpa) - La selecci\\u00f3n mexicana de f\\u00fatbol masculino, \\u00faltimo campe\\u00f3n ol\\u00edmpico, inici\\u00f3 ayer su aventura en R\\u00edo 2016 con un empate por 2-2 contra Alemania. El \\\"Tri\\\", que volvi\\u00f3 a reposar en la figura de su estrella Oribe Peralta, autor de uno de los goles (52 minutos), no pudo\",\"inLanguage\":\"es-ES\",\"isPartOf\":{\"@id\":\"https:\\\/\\\/candas365.es\\\/noticias\\\/#website\"},\"breadcrumb\":{\"@id\":\"https:\\\/\\\/candas365.es\\\/noticias\\\/mexico-inicia-la-defensa-del-oro-olimpico-con-un-empate-ante-alemania\\\/#breadcrumblist\"},\"author\":{\"@id\":\"https:\\\/\\\/candas365.es\\\/noticias\\\/author\\\/admin\\\/#author\"},\"creator\":{\"@id\":\"https:\\\/\\\/candas365.es\\\/noticias\\\/author\\\/admin\\\/#author\"},\"image\":{\"@type\":\"ImageObject\",\"url\":\"https:\\\/\\\/candas365.es\\\/noticias\\\/wp-content\\\/uploads\\\/2015\\\/09\\\/c365noticias.jpg\",\"@id\":\"https:\\\/\\\/candas365.es\\\/noticias\\\/mexico-inicia-la-defensa-del-oro-olimpico-con-un-empate-ante-alemania\\\/#mainImage\",\"width\":655,\"height\":360},\"primaryImageOfPage\":{\"@id\":\"https:\\\/\\\/candas365.es\\\/noticias\\\/mexico-inicia-la-defensa-del-oro-olimpico-con-un-empate-ante-alemania\\\/#mainImage\"},\"datePublished\":\"2016-08-05T20:08:12+02:00\",\"dateModified\":\"2016-08-05T20:08:12+02:00\"},{\"@type\":\"WebSite\",\"@id\":\"https:\\\/\\\/candas365.es\\\/noticias\\\/#website\",\"url\":\"https:\\\/\\\/candas365.es\\\/noticias\\\/\",\"name\":\"Cand\\u00e1s 365\",\"alternateName\":\"Cand\\u00e1s 365 Noticias\",\"description\":\"Actualidad desde Carre\\u00f1o para el mundo\",\"inLanguage\":\"es-ES\",\"publisher\":{\"@id\":\"https:\\\/\\\/candas365.es\\\/noticias\\\/#organization\"}}]}\n\t\t<\/script>\n\t\t<!-- All in One SEO Pro -->\r\n\t\t<title>M\u00e9xico inicia la defensa del oro ol\u00edmpico con un empate ante Alemania | Cand\u00e1s 365<\/title>\n\n","aioseo_head_json":{"title":"M\u00e9xico inicia la defensa del oro ol\u00edmpico con un empate ante Alemania | Cand\u00e1s 365","description":"Salvador de Bah\u00eda (Brasil), 5 ago (dpa) - La selecci\u00f3n mexicana de f\u00fatbol masculino, \u00faltimo campe\u00f3n ol\u00edmpico, inici\u00f3 ayer su aventura en R\u00edo 2016 con un empate por 2-2 contra Alemania. El \"Tri\", que volvi\u00f3 a reposar en la figura de su estrella Oribe Peralta, autor de uno de los goles (52 minutos), no pudo","canonical_url":"https:\/\/candas365.es\/noticias\/mexico-inicia-la-defensa-del-oro-olimpico-con-un-empate-ante-alemania\/","robots":"max-image-preview:large","keywords":"actualidad","webmasterTools":{"google-site-verification":"UA-32230408-1","msvalidate.01":"354F3CDFB2DA171B47FBE9ABF1F88D5","miscellaneous":""},"schema":{"@context":"https:\/\/schema.org","@graph":[{"@type":"BreadcrumbList","@id":"https:\/\/candas365.es\/noticias\/mexico-inicia-la-defensa-del-oro-olimpico-con-un-empate-ante-alemania\/#breadcrumblist","itemListElement":[{"@type":"ListItem","@id":"https:\/\/candas365.es\/noticias#listItem","position":1,"name":"Home","item":"https:\/\/candas365.es\/noticias","nextItem":{"@type":"ListItem","@id":"https:\/\/candas365.es\/noticias\/category\/actualidad\/#listItem","name":"Actualidad"}},{"@type":"ListItem","@id":"https:\/\/candas365.es\/noticias\/category\/actualidad\/#listItem","position":2,"name":"Actualidad","item":"https:\/\/candas365.es\/noticias\/category\/actualidad\/","nextItem":{"@type":"ListItem","@id":"https:\/\/candas365.es\/noticias\/mexico-inicia-la-defensa-del-oro-olimpico-con-un-empate-ante-alemania\/#listItem","name":"M\u00e9xico inicia la defensa del oro ol\u00edmpico con un empate ante Alemania"},"previousItem":{"@type":"ListItem","@id":"https:\/\/candas365.es\/noticias#listItem","name":"Home"}},{"@type":"ListItem","@id":"https:\/\/candas365.es\/noticias\/mexico-inicia-la-defensa-del-oro-olimpico-con-un-empate-ante-alemania\/#listItem","position":3,"name":"M\u00e9xico inicia la defensa del oro ol\u00edmpico con un empate ante Alemania","previousItem":{"@type":"ListItem","@id":"https:\/\/candas365.es\/noticias\/category\/actualidad\/#listItem","name":"Actualidad"}}]},{"@type":"NewsArticle","@id":"https:\/\/candas365.es\/noticias\/mexico-inicia-la-defensa-del-oro-olimpico-con-un-empate-ante-alemania\/#newsarticle","name":"M\u00e9xico inicia la defensa del oro ol\u00edmpico con un empate ante Alemania | Cand\u00e1s 365","headline":"M\u00e9xico inicia la defensa del oro ol\u00edmpico con un empate ante Alemania","author":{"@id":"https:\/\/candas365.es\/noticias\/author\/admin\/#author"},"publisher":{"@id":"https:\/\/candas365.es\/noticias\/#organization"},"image":{"@type":"ImageObject","url":"https:\/\/candas365.es\/noticias\/wp-content\/uploads\/2015\/09\/c365noticias.jpg","width":655,"height":360},"datePublished":"2016-08-05T20:08:12+02:00","dateModified":"2016-08-05T20:08:12+02:00","inLanguage":"es-ES","mainEntityOfPage":{"@id":"https:\/\/candas365.es\/noticias\/mexico-inicia-la-defensa-del-oro-olimpico-con-un-empate-ante-alemania\/#webpage"},"isPartOf":{"@id":"https:\/\/candas365.es\/noticias\/mexico-inicia-la-defensa-del-oro-olimpico-con-un-empate-ante-alemania\/#webpage"},"articleSection":"Actualidad","dateline":"Publicado el agosto 5, 2016."},{"@type":"Organization","@id":"https:\/\/candas365.es\/noticias\/#organization","name":"Cand\u00e1s 365","description":"Cand\u00e1s 365 es un diario digital independiente, fundado en 2012, con base en Asturias. Informamos con rigor sobre actualidad, sociedad, cultura y ocio, con una mirada local y global.","url":"https:\/\/candas365.es\/noticias\/","email":"info@candas365.es","telephone":"+34652131393","foundingDate":"2012-06-10","logo":{"@type":"ImageObject","url":"https:\/\/candas365.es\/noticias\/wp-content\/uploads\/2024\/09\/Candas-365-Redes.jpg","@id":"https:\/\/candas365.es\/noticias\/mexico-inicia-la-defensa-del-oro-olimpico-con-un-empate-ante-alemania\/#organizationLogo","width":1152,"height":864,"caption":"Cand\u00e1s 365 Redes"},"image":{"@id":"https:\/\/candas365.es\/noticias\/mexico-inicia-la-defensa-del-oro-olimpico-con-un-empate-ante-alemania\/#organizationLogo"},"sameAs":["https:\/\/www.facebook.com\/Nachofdezber","https:\/\/x.com\/NabercoDigital","https:\/\/www.instagram.com\/nachofdezber\/","https:\/\/www.youtube.com\/channel\/UCZP-2wLEB9Rv6erhFmqVnvg"],"address":{"@id":"https:\/\/candas365.es\/noticias\/#postaladdress","@type":"PostalAddress","streetAddress":"san antonio 4, san antonio 4","postalCode":"33430","addressLocality":"Cand\u00e1s","addressRegion":"Asturias","addressCountry":"ES"}},{"@type":"Person","@id":"https:\/\/candas365.es\/noticias\/author\/admin\/#author","url":"https:\/\/candas365.es\/noticias\/author\/admin\/","name":"Cand\u00e1s 365","image":{"@type":"ImageObject","@id":"https:\/\/candas365.es\/noticias\/mexico-inicia-la-defensa-del-oro-olimpico-con-un-empate-ante-alemania\/#authorImage","url":"https:\/\/secure.gravatar.com\/avatar\/496a8e03d0c493ede1718b7934145dbdf8d89be1036b0eec9544e1094c9de390?s=96&d=mm&r=g","width":96,"height":96,"caption":"Cand\u00e1s 365"},"sameAs":["https:\/\/www.facebook.com\/carrenoactualidad","https:\/\/twitter.com\/nbasturias","https:\/\/www.instagram.com\/nachofdezber\/","https:\/\/www.youtube.com\/channel\/UCZP-2wLEB9Rv6erhFmqVnvg"]},{"@type":"WebPage","@id":"https:\/\/candas365.es\/noticias\/mexico-inicia-la-defensa-del-oro-olimpico-con-un-empate-ante-alemania\/#webpage","url":"https:\/\/candas365.es\/noticias\/mexico-inicia-la-defensa-del-oro-olimpico-con-un-empate-ante-alemania\/","name":"M\u00e9xico inicia la defensa del oro ol\u00edmpico con un empate ante Alemania | Cand\u00e1s 365","description":"Salvador de Bah\u00eda (Brasil), 5 ago (dpa) - La selecci\u00f3n mexicana de f\u00fatbol masculino, \u00faltimo campe\u00f3n ol\u00edmpico, inici\u00f3 ayer su aventura en R\u00edo 2016 con un empate por 2-2 contra Alemania. El \"Tri\", que volvi\u00f3 a reposar en la figura de su estrella Oribe Peralta, autor de uno de los goles (52 minutos), no pudo","inLanguage":"es-ES","isPartOf":{"@id":"https:\/\/candas365.es\/noticias\/#website"},"breadcrumb":{"@id":"https:\/\/candas365.es\/noticias\/mexico-inicia-la-defensa-del-oro-olimpico-con-un-empate-ante-alemania\/#breadcrumblist"},"author":{"@id":"https:\/\/candas365.es\/noticias\/author\/admin\/#author"},"creator":{"@id":"https:\/\/candas365.es\/noticias\/author\/admin\/#author"},"image":{"@type":"ImageObject","url":"https:\/\/candas365.es\/noticias\/wp-content\/uploads\/2015\/09\/c365noticias.jpg","@id":"https:\/\/candas365.es\/noticias\/mexico-inicia-la-defensa-del-oro-olimpico-con-un-empate-ante-alemania\/#mainImage","width":655,"height":360},"primaryImageOfPage":{"@id":"https:\/\/candas365.es\/noticias\/mexico-inicia-la-defensa-del-oro-olimpico-con-un-empate-ante-alemania\/#mainImage"},"datePublished":"2016-08-05T20:08:12+02:00","dateModified":"2016-08-05T20:08:12+02:00"},{"@type":"WebSite","@id":"https:\/\/candas365.es\/noticias\/#website","url":"https:\/\/candas365.es\/noticias\/","name":"Cand\u00e1s 365","alternateName":"Cand\u00e1s 365 Noticias","description":"Actualidad desde Carre\u00f1o para el mundo","inLanguage":"es-ES","publisher":{"@id":"https:\/\/candas365.es\/noticias\/#organization"}}]},"og:locale":"es_ES","og:site_name":"Cand\u00e1s 365","og:type":"article","og:title":"M\u00e9xico inicia la defensa del oro ol\u00edmpico con un empate ante Alemania | Cand\u00e1s 365","og:description":"Salvador de Bah\u00eda (Brasil), 5 ago (dpa) - La selecci\u00f3n mexicana de f\u00fatbol masculino, \u00faltimo campe\u00f3n ol\u00edmpico, inici\u00f3 ayer su aventura en R\u00edo 2016 con un empate por 2-2 contra Alemania. El &quot;Tri&quot;, que volvi\u00f3 a reposar en la figura de su estrella Oribe Peralta, autor de uno de los goles (52 minutos), no pudo","og:url":"https:\/\/candas365.es\/noticias\/mexico-inicia-la-defensa-del-oro-olimpico-con-un-empate-ante-alemania\/","og:image":"https:\/\/candas365.es\/noticias\/wp-content\/uploads\/2015\/09\/c365noticias.jpg","og:image:secure_url":"https:\/\/candas365.es\/noticias\/wp-content\/uploads\/2015\/09\/c365noticias.jpg","og:image:width":655,"og:image:height":360,"article:published_time":"2016-08-05T18:38:12+00:00","article:modified_time":"2016-08-05T18:38:12+00:00","article:publisher":"https:\/\/www.facebook.com\/Nachofdezber","article:author":"https:\/\/www.facebook.com\/carrenoactualidad","twitter:card":"summary_large_image","twitter:site":"@NabercoDigital","twitter:title":"M\u00e9xico inicia la defensa del oro ol\u00edmpico con un empate ante Alemania | Cand\u00e1s 365","twitter:description":"Salvador de Bah\u00eda (Brasil), 5 ago (dpa) - La selecci\u00f3n mexicana de f\u00fatbol masculino, \u00faltimo campe\u00f3n ol\u00edmpico, inici\u00f3 ayer su aventura en R\u00edo 2016 con un empate por 2-2 contra Alemania. El &quot;Tri&quot;, que volvi\u00f3 a reposar en la figura de su estrella Oribe Peralta, autor de uno de los goles (52 minutos), no pudo","twitter:creator":"@nbasturias","twitter:image":"https:\/\/candas365.es\/noticias\/wp-content\/uploads\/2015\/09\/c365noticias.jpg","twitter:label1":"Escrito por","twitter:data1":"Cand\u00e1s 365","twitter:label2":"Tiempo de lectura estimado","twitter:data2":"2 minutos"},"aioseo_meta_data":{"post_id":"33257","title":null,"description":null,"keywords":null,"keyphrases":null,"primary_term":null,"canonical_url":null,"og_title":null,"og_description":null,"og_object_type":"default","og_image_type":"default","og_image_url":null,"og_image_width":null,"og_image_height":null,"og_image_custom_url":null,"og_image_custom_fields":null,"og_video":null,"og_custom_url":null,"og_article_section":null,"og_article_tags":null,"twitter_use_og":false,"twitter_card":"default","twitter_image_type":"default","twitter_image_url":null,"twitter_image_custom_url":null,"twitter_image_custom_fields":null,"twitter_title":null,"twitter_description":null,"schema":{"blockGraphs":[],"customGraphs":[],"default":{"data":{"Article":[],"Course":[],"Dataset":[],"FAQPage":[],"Movie":[],"Person":[],"Product":[],"ProductReview":[],"Car":[],"Recipe":[],"Service":[],"SoftwareApplication":[],"WebPage":[]},"graphName":"","isEnabled":true},"graphs":[]},"schema_type":null,"schema_type_options":null,"pillar_content":false,"robots_default":true,"robots_noindex":false,"robots_noarchive":false,"robots_nosnippet":false,"robots_nofollow":false,"robots_noimageindex":false,"robots_noodp":false,"robots_notranslate":false,"robots_max_snippet":null,"robots_max_videopreview":null,"robots_max_imagepreview":"large","priority":null,"frequency":null,"location":null,"local_seo":null,"seo_analyzer_scan_date":"2025-08-24 16:38:14","breadcrumb_settings":null,"limit_modified_date":false,"reviewed_by":null,"open_ai":null,"ai":null,"created":"2020-12-21 13:06:19","updated":"2025-08-24 16:38:14"},"aioseo_breadcrumb":"<div class=\"aioseo-breadcrumbs\"><span class=\"aioseo-breadcrumb\">\n\t<a href=\"https:\/\/candas365.es\/noticias\" title=\"Home\">Home<\/a>\n<\/span><span class=\"aioseo-breadcrumb-separator\">&ndash;<\/span><span class=\"aioseo-breadcrumb\">\n\t<a href=\"https:\/\/candas365.es\/noticias\/category\/actualidad\/\" title=\"Actualidad\">Actualidad<\/a>\n<\/span><span class=\"aioseo-breadcrumb-separator\">&ndash;<\/span><span class=\"aioseo-breadcrumb\">\n\tM\u00e9xico inicia la defensa del oro ol\u00edmpico con un empate ante Alemania\n<\/span><\/div>","aioseo_breadcrumb_json":[{"label":"Home","link":"https:\/\/candas365.es\/noticias"},{"label":"Actualidad","link":"https:\/\/candas365.es\/noticias\/category\/actualidad\/"},{"label":"M\u00e9xico inicia la defensa del oro ol\u00edmpico con un empate ante Alemania","link":"https:\/\/candas365.es\/noticias\/mexico-inicia-la-defensa-del-oro-olimpico-con-un-empate-ante-alemania\/"}],"_links":{"self":[{"href":"https:\/\/candas365.es\/noticias\/wp-json\/wp\/v2\/posts\/33257","targetHints":{"allow":["GET"]}}],"collection":[{"href":"https:\/\/candas365.es\/noticias\/wp-json\/wp\/v2\/posts"}],"about":[{"href":"https:\/\/candas365.es\/noticias\/wp-json\/wp\/v2\/types\/post"}],"author":[{"embeddable":true,"href":"https:\/\/candas365.es\/noticias\/wp-json\/wp\/v2\/users\/1"}],"replies":[{"embeddable":true,"href":"https:\/\/candas365.es\/noticias\/wp-json\/wp\/v2\/comments?post=33257"}],"version-history":[{"count":0,"href":"https:\/\/candas365.es\/noticias\/wp-json\/wp\/v2\/posts\/33257\/revisions"}],"wp:featuredmedia":[{"embeddable":true,"href":"https:\/\/candas365.es\/noticias\/wp-json\/wp\/v2\/media\/16457"}],"wp:attachment":[{"href":"https:\/\/candas365.es\/noticias\/wp-json\/wp\/v2\/media?parent=33257"}],"wp:term":[{"taxonomy":"category","embeddable":true,"href":"https:\/\/candas365.es\/noticias\/wp-json\/wp\/v2\/categories?post=33257"},{"taxonomy":"post_tag","embeddable":true,"href":"https:\/\/candas365.es\/noticias\/wp-json\/wp\/v2\/tags?post=33257"}],"curies":[{"name":"wp","href":"https:\/\/api.w.org\/{rel}","templated":true}]}}