{"id":33229,"date":"2016-08-05T03:17:52","date_gmt":"2016-08-05T01:47:52","guid":{"rendered":"http:\/\/candas365.es\/noticias\/?p=33229"},"modified":"2016-08-05T03:17:52","modified_gmt":"2016-08-05T01:47:52","slug":"siemens-eleva-pronostico-anual-tras-buenos-resultados-ultimos-meses","status":"publish","type":"post","link":"https:\/\/candas365.es\/noticias\/siemens-eleva-pronostico-anual-tras-buenos-resultados-ultimos-meses\/","title":{"rendered":"Siemens eleva pron\u00f3stico anual tras buenos resultados \u00faltimos meses"},"content":{"rendered":"<p>M\u00fanich, 4 ago (dpa) &#8211; El gigante alem\u00e1n de ingenier\u00eda y energ\u00eda Siemens elev\u00f3 hoy su pron\u00f3stico de beneficio anual tras un fuerte tercer trimestre del presente ejercicio fiscal.<\/p>\n<p>El mayor grupo electr\u00f3nico de Europa registr\u00f3 una subida notable de su facturaci\u00f3n y de su resultado de explotaci\u00f3n y alcanz\u00f3 gracias a la entrada de grandes pedidos para centrales energ\u00e9ticas y parques e\u00f3licos la mayor cartera de pedidos en la historia de la empresa.<\/p>\n<p>En condiciones de mercado complicadas Siemens convenci\u00f3, sobre todo, en comparaci\u00f3n con los competidores, indic\u00f3 el jefe de la junta directiva, Joe Kaeser, en M\u00fanich. \u00abLa ca\u00edda de crecimiento se ha detenido\u00bb, agreg\u00f3.<\/p>\n<p>En vistas del fuerte crecimiento, Siemens elev\u00f3 su pron\u00f3stico de beneficio desde al menos seis euros por acci\u00f3n a al menos 6,50 euros por acci\u00f3n, lo que supone un beneficio del grupo de al menos 5.525 millones de euros en el a\u00f1o fiscal que cierra en septiembre.<\/p>\n<p>El volumen de ventas en el tercer trimestre de su ejercicio fiscal subi\u00f3 un cinco por ciento, hasta los 19.800 millones de euros y la cartera de pedidos un seis por ciento, hasta los 21.000 millones de euros.<\/p>\n<p>&nbsp;<\/p>\n","protected":false},"excerpt":{"rendered":"<p>M\u00fanich, 4 ago (dpa) &#8211; El gigante alem\u00e1n de ingenier\u00eda y energ\u00eda Siemens elev\u00f3 hoy su pron\u00f3stico de beneficio anual tras un fuerte tercer trimestre del presente ejercicio fiscal. El mayor grupo electr\u00f3nico de Europa registr\u00f3 una subida notable de su facturaci\u00f3n y de su resultado de explotaci\u00f3n y alcanz\u00f3 gracias a la entrada de<\/p>\n","protected":false},"author":1,"featured_media":19556,"comment_status":"closed","ping_status":"closed","sticky":false,"template":"","format":"standard","meta":{"footnotes":""},"categories":[343],"tags":[],"class_list":{"0":"post-33229","1":"post","2":"type-post","3":"status-publish","4":"format-standard","5":"has-post-thumbnail","7":"category-actualidad"},"aioseo_notices":[],"aioseo_head":"\n\t\t<!-- All in One SEO Pro 4.9.6.2 - aioseo.com -->\n\t<meta name=\"description\" content=\"M\u00fanich, 4 ago (dpa) - El gigante alem\u00e1n de ingenier\u00eda y energ\u00eda Siemens elev\u00f3 hoy su pron\u00f3stico de beneficio anual tras un fuerte tercer trimestre del presente ejercicio fiscal. El mayor grupo electr\u00f3nico de Europa registr\u00f3 una subida notable de su facturaci\u00f3n y de su resultado de explotaci\u00f3n y alcanz\u00f3 gracias a la entrada de\" \/>\n\t<meta name=\"robots\" content=\"max-image-preview:large\" \/>\n\t<meta name=\"author\" content=\"Cand\u00e1s 365\"\/>\n\t<meta name=\"google-site-verification\" content=\"UA-32230408-1\" \/>\n\t<meta name=\"msvalidate.01\" content=\"354F3CDFB2DA171B47FBE9ABF1F88D5\" \/>\n\t<meta name=\"keywords\" content=\"actualidad\" \/>\n\t<link rel=\"canonical\" href=\"https:\/\/candas365.es\/noticias\/siemens-eleva-pronostico-anual-tras-buenos-resultados-ultimos-meses\/\" \/>\n\t<meta name=\"generator\" content=\"All in One SEO Pro (AIOSEO) 4.9.6.2\" \/>\n\t\t<meta property=\"og:locale\" content=\"es_ES\" \/>\n\t\t<meta property=\"og:site_name\" content=\"Cand\u00e1s 365\" \/>\n\t\t<meta property=\"og:type\" content=\"article\" \/>\n\t\t<meta property=\"og:title\" content=\"Siemens eleva pron\u00f3stico anual tras buenos resultados \u00faltimos meses | Cand\u00e1s 365\" \/>\n\t\t<meta property=\"og:description\" content=\"M\u00fanich, 4 ago (dpa) - El gigante alem\u00e1n de ingenier\u00eda y energ\u00eda Siemens elev\u00f3 hoy su pron\u00f3stico de beneficio anual tras un fuerte tercer trimestre del presente ejercicio fiscal. El mayor grupo electr\u00f3nico de Europa registr\u00f3 una subida notable de su facturaci\u00f3n y de su resultado de explotaci\u00f3n y alcanz\u00f3 gracias a la entrada de\" \/>\n\t\t<meta property=\"og:url\" content=\"https:\/\/candas365.es\/noticias\/siemens-eleva-pronostico-anual-tras-buenos-resultados-ultimos-meses\/\" \/>\n\t\t<meta property=\"og:image\" content=\"https:\/\/candas365.es\/noticias\/wp-content\/uploads\/2015\/11\/euros.jpg\" \/>\n\t\t<meta property=\"og:image:secure_url\" content=\"https:\/\/candas365.es\/noticias\/wp-content\/uploads\/2015\/11\/euros.jpg\" \/>\n\t\t<meta property=\"og:image:width\" content=\"655\" \/>\n\t\t<meta property=\"og:image:height\" content=\"360\" \/>\n\t\t<meta property=\"article:published_time\" content=\"2016-08-05T01:47:52+00:00\" \/>\n\t\t<meta property=\"article:modified_time\" content=\"2016-08-05T01:47:52+00:00\" \/>\n\t\t<meta property=\"article:publisher\" content=\"https:\/\/www.facebook.com\/Nachofdezber\" \/>\n\t\t<meta property=\"article:author\" content=\"https:\/\/www.facebook.com\/carrenoactualidad\" \/>\n\t\t<meta name=\"twitter:card\" content=\"summary_large_image\" \/>\n\t\t<meta name=\"twitter:site\" content=\"@NabercoDigital\" \/>\n\t\t<meta name=\"twitter:title\" content=\"Siemens eleva pron\u00f3stico anual tras buenos resultados \u00faltimos meses | Cand\u00e1s 365\" \/>\n\t\t<meta name=\"twitter:description\" content=\"M\u00fanich, 4 ago (dpa) - El gigante alem\u00e1n de ingenier\u00eda y energ\u00eda Siemens elev\u00f3 hoy su pron\u00f3stico de beneficio anual tras un fuerte tercer trimestre del presente ejercicio fiscal. El mayor grupo electr\u00f3nico de Europa registr\u00f3 una subida notable de su facturaci\u00f3n y de su resultado de explotaci\u00f3n y alcanz\u00f3 gracias a la entrada de\" \/>\n\t\t<meta name=\"twitter:creator\" content=\"@nbasturias\" \/>\n\t\t<meta name=\"twitter:image\" content=\"https:\/\/candas365.es\/noticias\/wp-content\/uploads\/2015\/11\/euros.jpg\" \/>\n\t\t<meta name=\"twitter:label1\" content=\"Escrito por\" \/>\n\t\t<meta name=\"twitter:data1\" content=\"Cand\u00e1s 365\" \/>\n\t\t<meta name=\"twitter:label2\" content=\"Tiempo de lectura estimado\" \/>\n\t\t<meta name=\"twitter:data2\" content=\"1 minuto\" \/>\n\t\t<script type=\"application\/ld+json\" class=\"aioseo-schema\">\n\t\t\t{\"@context\":\"https:\\\/\\\/schema.org\",\"@graph\":[{\"@type\":\"BreadcrumbList\",\"@id\":\"https:\\\/\\\/candas365.es\\\/noticias\\\/siemens-eleva-pronostico-anual-tras-buenos-resultados-ultimos-meses\\\/#breadcrumblist\",\"itemListElement\":[{\"@type\":\"ListItem\",\"@id\":\"https:\\\/\\\/candas365.es\\\/noticias#listItem\",\"position\":1,\"name\":\"Home\",\"item\":\"https:\\\/\\\/candas365.es\\\/noticias\",\"nextItem\":{\"@type\":\"ListItem\",\"@id\":\"https:\\\/\\\/candas365.es\\\/noticias\\\/category\\\/actualidad\\\/#listItem\",\"name\":\"Actualidad\"}},{\"@type\":\"ListItem\",\"@id\":\"https:\\\/\\\/candas365.es\\\/noticias\\\/category\\\/actualidad\\\/#listItem\",\"position\":2,\"name\":\"Actualidad\",\"item\":\"https:\\\/\\\/candas365.es\\\/noticias\\\/category\\\/actualidad\\\/\",\"nextItem\":{\"@type\":\"ListItem\",\"@id\":\"https:\\\/\\\/candas365.es\\\/noticias\\\/siemens-eleva-pronostico-anual-tras-buenos-resultados-ultimos-meses\\\/#listItem\",\"name\":\"Siemens eleva pron\\u00f3stico anual tras buenos resultados \\u00faltimos meses\"},\"previousItem\":{\"@type\":\"ListItem\",\"@id\":\"https:\\\/\\\/candas365.es\\\/noticias#listItem\",\"name\":\"Home\"}},{\"@type\":\"ListItem\",\"@id\":\"https:\\\/\\\/candas365.es\\\/noticias\\\/siemens-eleva-pronostico-anual-tras-buenos-resultados-ultimos-meses\\\/#listItem\",\"position\":3,\"name\":\"Siemens eleva pron\\u00f3stico anual tras buenos resultados \\u00faltimos meses\",\"previousItem\":{\"@type\":\"ListItem\",\"@id\":\"https:\\\/\\\/candas365.es\\\/noticias\\\/category\\\/actualidad\\\/#listItem\",\"name\":\"Actualidad\"}}]},{\"@type\":\"NewsArticle\",\"@id\":\"https:\\\/\\\/candas365.es\\\/noticias\\\/siemens-eleva-pronostico-anual-tras-buenos-resultados-ultimos-meses\\\/#newsarticle\",\"name\":\"Siemens eleva pron\\u00f3stico anual tras buenos resultados \\u00faltimos meses | Cand\\u00e1s 365\",\"headline\":\"Siemens eleva pron\\u00f3stico anual tras buenos resultados \\u00faltimos meses\",\"author\":{\"@id\":\"https:\\\/\\\/candas365.es\\\/noticias\\\/author\\\/admin\\\/#author\"},\"publisher\":{\"@id\":\"https:\\\/\\\/candas365.es\\\/noticias\\\/#organization\"},\"image\":{\"@type\":\"ImageObject\",\"url\":\"https:\\\/\\\/candas365.es\\\/noticias\\\/wp-content\\\/uploads\\\/2015\\\/11\\\/euros.jpg\",\"width\":655,\"height\":360},\"datePublished\":\"2016-08-05T03:17:52+02:00\",\"dateModified\":\"2016-08-05T03:17:52+02:00\",\"inLanguage\":\"es-ES\",\"mainEntityOfPage\":{\"@id\":\"https:\\\/\\\/candas365.es\\\/noticias\\\/siemens-eleva-pronostico-anual-tras-buenos-resultados-ultimos-meses\\\/#webpage\"},\"isPartOf\":{\"@id\":\"https:\\\/\\\/candas365.es\\\/noticias\\\/siemens-eleva-pronostico-anual-tras-buenos-resultados-ultimos-meses\\\/#webpage\"},\"articleSection\":\"Actualidad\",\"dateline\":\"Publicado el agosto 5, 2016.\"},{\"@type\":\"Organization\",\"@id\":\"https:\\\/\\\/candas365.es\\\/noticias\\\/#organization\",\"name\":\"Cand\\u00e1s 365\",\"description\":\"Cand\\u00e1s 365 es un diario digital independiente, fundado en 2012, con base en Asturias. Informamos con rigor sobre actualidad, sociedad, cultura y ocio, con una mirada local y global.\",\"url\":\"https:\\\/\\\/candas365.es\\\/noticias\\\/\",\"email\":\"info@candas365.es\",\"telephone\":\"+34652131393\",\"foundingDate\":\"2012-06-10\",\"logo\":{\"@type\":\"ImageObject\",\"url\":\"https:\\\/\\\/candas365.es\\\/noticias\\\/wp-content\\\/uploads\\\/2024\\\/09\\\/Candas-365-Redes.jpg\",\"@id\":\"https:\\\/\\\/candas365.es\\\/noticias\\\/siemens-eleva-pronostico-anual-tras-buenos-resultados-ultimos-meses\\\/#organizationLogo\",\"width\":1152,\"height\":864,\"caption\":\"Cand\\u00e1s 365 Redes\"},\"image\":{\"@id\":\"https:\\\/\\\/candas365.es\\\/noticias\\\/siemens-eleva-pronostico-anual-tras-buenos-resultados-ultimos-meses\\\/#organizationLogo\"},\"sameAs\":[\"https:\\\/\\\/www.facebook.com\\\/Nachofdezber\",\"https:\\\/\\\/x.com\\\/NabercoDigital\",\"https:\\\/\\\/www.instagram.com\\\/nachofdezber\\\/\",\"https:\\\/\\\/www.youtube.com\\\/channel\\\/UCZP-2wLEB9Rv6erhFmqVnvg\"],\"address\":{\"@id\":\"https:\\\/\\\/candas365.es\\\/noticias\\\/#postaladdress\",\"@type\":\"PostalAddress\",\"streetAddress\":\"san antonio 4, san antonio 4\",\"postalCode\":\"33430\",\"addressLocality\":\"Cand\\u00e1s\",\"addressRegion\":\"Asturias\",\"addressCountry\":\"ES\"}},{\"@type\":\"Person\",\"@id\":\"https:\\\/\\\/candas365.es\\\/noticias\\\/author\\\/admin\\\/#author\",\"url\":\"https:\\\/\\\/candas365.es\\\/noticias\\\/author\\\/admin\\\/\",\"name\":\"Cand\\u00e1s 365\",\"image\":{\"@type\":\"ImageObject\",\"@id\":\"https:\\\/\\\/candas365.es\\\/noticias\\\/siemens-eleva-pronostico-anual-tras-buenos-resultados-ultimos-meses\\\/#authorImage\",\"url\":\"https:\\\/\\\/secure.gravatar.com\\\/avatar\\\/496a8e03d0c493ede1718b7934145dbdf8d89be1036b0eec9544e1094c9de390?s=96&d=mm&r=g\",\"width\":96,\"height\":96,\"caption\":\"Cand\\u00e1s 365\"},\"sameAs\":[\"https:\\\/\\\/www.facebook.com\\\/carrenoactualidad\",\"https:\\\/\\\/twitter.com\\\/nbasturias\",\"https:\\\/\\\/www.instagram.com\\\/nachofdezber\\\/\",\"https:\\\/\\\/www.youtube.com\\\/channel\\\/UCZP-2wLEB9Rv6erhFmqVnvg\"]},{\"@type\":\"WebPage\",\"@id\":\"https:\\\/\\\/candas365.es\\\/noticias\\\/siemens-eleva-pronostico-anual-tras-buenos-resultados-ultimos-meses\\\/#webpage\",\"url\":\"https:\\\/\\\/candas365.es\\\/noticias\\\/siemens-eleva-pronostico-anual-tras-buenos-resultados-ultimos-meses\\\/\",\"name\":\"Siemens eleva pron\\u00f3stico anual tras buenos resultados \\u00faltimos meses | Cand\\u00e1s 365\",\"description\":\"M\\u00fanich, 4 ago (dpa) - El gigante alem\\u00e1n de ingenier\\u00eda y energ\\u00eda Siemens elev\\u00f3 hoy su pron\\u00f3stico de beneficio anual tras un fuerte tercer trimestre del presente ejercicio fiscal. El mayor grupo electr\\u00f3nico de Europa registr\\u00f3 una subida notable de su facturaci\\u00f3n y de su resultado de explotaci\\u00f3n y alcanz\\u00f3 gracias a la entrada de\",\"inLanguage\":\"es-ES\",\"isPartOf\":{\"@id\":\"https:\\\/\\\/candas365.es\\\/noticias\\\/#website\"},\"breadcrumb\":{\"@id\":\"https:\\\/\\\/candas365.es\\\/noticias\\\/siemens-eleva-pronostico-anual-tras-buenos-resultados-ultimos-meses\\\/#breadcrumblist\"},\"author\":{\"@id\":\"https:\\\/\\\/candas365.es\\\/noticias\\\/author\\\/admin\\\/#author\"},\"creator\":{\"@id\":\"https:\\\/\\\/candas365.es\\\/noticias\\\/author\\\/admin\\\/#author\"},\"image\":{\"@type\":\"ImageObject\",\"url\":\"https:\\\/\\\/candas365.es\\\/noticias\\\/wp-content\\\/uploads\\\/2015\\\/11\\\/euros.jpg\",\"@id\":\"https:\\\/\\\/candas365.es\\\/noticias\\\/siemens-eleva-pronostico-anual-tras-buenos-resultados-ultimos-meses\\\/#mainImage\",\"width\":655,\"height\":360},\"primaryImageOfPage\":{\"@id\":\"https:\\\/\\\/candas365.es\\\/noticias\\\/siemens-eleva-pronostico-anual-tras-buenos-resultados-ultimos-meses\\\/#mainImage\"},\"datePublished\":\"2016-08-05T03:17:52+02:00\",\"dateModified\":\"2016-08-05T03:17:52+02:00\"},{\"@type\":\"WebSite\",\"@id\":\"https:\\\/\\\/candas365.es\\\/noticias\\\/#website\",\"url\":\"https:\\\/\\\/candas365.es\\\/noticias\\\/\",\"name\":\"Cand\\u00e1s 365\",\"alternateName\":\"Cand\\u00e1s 365 Noticias\",\"description\":\"Actualidad desde Carre\\u00f1o para el mundo\",\"inLanguage\":\"es-ES\",\"publisher\":{\"@id\":\"https:\\\/\\\/candas365.es\\\/noticias\\\/#organization\"}}]}\n\t\t<\/script>\n\t\t<!-- All in One SEO Pro -->\r\n\t\t<title>Siemens eleva pron\u00f3stico anual tras buenos resultados \u00faltimos meses | Cand\u00e1s 365<\/title>\n\n","aioseo_head_json":{"title":"Siemens eleva pron\u00f3stico anual tras buenos resultados \u00faltimos meses | Cand\u00e1s 365","description":"M\u00fanich, 4 ago (dpa) - El gigante alem\u00e1n de ingenier\u00eda y energ\u00eda Siemens elev\u00f3 hoy su pron\u00f3stico de beneficio anual tras un fuerte tercer trimestre del presente ejercicio fiscal. El mayor grupo electr\u00f3nico de Europa registr\u00f3 una subida notable de su facturaci\u00f3n y de su resultado de explotaci\u00f3n y alcanz\u00f3 gracias a la entrada de","canonical_url":"https:\/\/candas365.es\/noticias\/siemens-eleva-pronostico-anual-tras-buenos-resultados-ultimos-meses\/","robots":"max-image-preview:large","keywords":"actualidad","webmasterTools":{"google-site-verification":"UA-32230408-1","msvalidate.01":"354F3CDFB2DA171B47FBE9ABF1F88D5","miscellaneous":""},"schema":{"@context":"https:\/\/schema.org","@graph":[{"@type":"BreadcrumbList","@id":"https:\/\/candas365.es\/noticias\/siemens-eleva-pronostico-anual-tras-buenos-resultados-ultimos-meses\/#breadcrumblist","itemListElement":[{"@type":"ListItem","@id":"https:\/\/candas365.es\/noticias#listItem","position":1,"name":"Home","item":"https:\/\/candas365.es\/noticias","nextItem":{"@type":"ListItem","@id":"https:\/\/candas365.es\/noticias\/category\/actualidad\/#listItem","name":"Actualidad"}},{"@type":"ListItem","@id":"https:\/\/candas365.es\/noticias\/category\/actualidad\/#listItem","position":2,"name":"Actualidad","item":"https:\/\/candas365.es\/noticias\/category\/actualidad\/","nextItem":{"@type":"ListItem","@id":"https:\/\/candas365.es\/noticias\/siemens-eleva-pronostico-anual-tras-buenos-resultados-ultimos-meses\/#listItem","name":"Siemens eleva pron\u00f3stico anual tras buenos resultados \u00faltimos meses"},"previousItem":{"@type":"ListItem","@id":"https:\/\/candas365.es\/noticias#listItem","name":"Home"}},{"@type":"ListItem","@id":"https:\/\/candas365.es\/noticias\/siemens-eleva-pronostico-anual-tras-buenos-resultados-ultimos-meses\/#listItem","position":3,"name":"Siemens eleva pron\u00f3stico anual tras buenos resultados \u00faltimos meses","previousItem":{"@type":"ListItem","@id":"https:\/\/candas365.es\/noticias\/category\/actualidad\/#listItem","name":"Actualidad"}}]},{"@type":"NewsArticle","@id":"https:\/\/candas365.es\/noticias\/siemens-eleva-pronostico-anual-tras-buenos-resultados-ultimos-meses\/#newsarticle","name":"Siemens eleva pron\u00f3stico anual tras buenos resultados \u00faltimos meses | Cand\u00e1s 365","headline":"Siemens eleva pron\u00f3stico anual tras buenos resultados \u00faltimos meses","author":{"@id":"https:\/\/candas365.es\/noticias\/author\/admin\/#author"},"publisher":{"@id":"https:\/\/candas365.es\/noticias\/#organization"},"image":{"@type":"ImageObject","url":"https:\/\/candas365.es\/noticias\/wp-content\/uploads\/2015\/11\/euros.jpg","width":655,"height":360},"datePublished":"2016-08-05T03:17:52+02:00","dateModified":"2016-08-05T03:17:52+02:00","inLanguage":"es-ES","mainEntityOfPage":{"@id":"https:\/\/candas365.es\/noticias\/siemens-eleva-pronostico-anual-tras-buenos-resultados-ultimos-meses\/#webpage"},"isPartOf":{"@id":"https:\/\/candas365.es\/noticias\/siemens-eleva-pronostico-anual-tras-buenos-resultados-ultimos-meses\/#webpage"},"articleSection":"Actualidad","dateline":"Publicado el agosto 5, 2016."},{"@type":"Organization","@id":"https:\/\/candas365.es\/noticias\/#organization","name":"Cand\u00e1s 365","description":"Cand\u00e1s 365 es un diario digital independiente, fundado en 2012, con base en Asturias. Informamos con rigor sobre actualidad, sociedad, cultura y ocio, con una mirada local y global.","url":"https:\/\/candas365.es\/noticias\/","email":"info@candas365.es","telephone":"+34652131393","foundingDate":"2012-06-10","logo":{"@type":"ImageObject","url":"https:\/\/candas365.es\/noticias\/wp-content\/uploads\/2024\/09\/Candas-365-Redes.jpg","@id":"https:\/\/candas365.es\/noticias\/siemens-eleva-pronostico-anual-tras-buenos-resultados-ultimos-meses\/#organizationLogo","width":1152,"height":864,"caption":"Cand\u00e1s 365 Redes"},"image":{"@id":"https:\/\/candas365.es\/noticias\/siemens-eleva-pronostico-anual-tras-buenos-resultados-ultimos-meses\/#organizationLogo"},"sameAs":["https:\/\/www.facebook.com\/Nachofdezber","https:\/\/x.com\/NabercoDigital","https:\/\/www.instagram.com\/nachofdezber\/","https:\/\/www.youtube.com\/channel\/UCZP-2wLEB9Rv6erhFmqVnvg"],"address":{"@id":"https:\/\/candas365.es\/noticias\/#postaladdress","@type":"PostalAddress","streetAddress":"san antonio 4, san antonio 4","postalCode":"33430","addressLocality":"Cand\u00e1s","addressRegion":"Asturias","addressCountry":"ES"}},{"@type":"Person","@id":"https:\/\/candas365.es\/noticias\/author\/admin\/#author","url":"https:\/\/candas365.es\/noticias\/author\/admin\/","name":"Cand\u00e1s 365","image":{"@type":"ImageObject","@id":"https:\/\/candas365.es\/noticias\/siemens-eleva-pronostico-anual-tras-buenos-resultados-ultimos-meses\/#authorImage","url":"https:\/\/secure.gravatar.com\/avatar\/496a8e03d0c493ede1718b7934145dbdf8d89be1036b0eec9544e1094c9de390?s=96&d=mm&r=g","width":96,"height":96,"caption":"Cand\u00e1s 365"},"sameAs":["https:\/\/www.facebook.com\/carrenoactualidad","https:\/\/twitter.com\/nbasturias","https:\/\/www.instagram.com\/nachofdezber\/","https:\/\/www.youtube.com\/channel\/UCZP-2wLEB9Rv6erhFmqVnvg"]},{"@type":"WebPage","@id":"https:\/\/candas365.es\/noticias\/siemens-eleva-pronostico-anual-tras-buenos-resultados-ultimos-meses\/#webpage","url":"https:\/\/candas365.es\/noticias\/siemens-eleva-pronostico-anual-tras-buenos-resultados-ultimos-meses\/","name":"Siemens eleva pron\u00f3stico anual tras buenos resultados \u00faltimos meses | Cand\u00e1s 365","description":"M\u00fanich, 4 ago (dpa) - El gigante alem\u00e1n de ingenier\u00eda y energ\u00eda Siemens elev\u00f3 hoy su pron\u00f3stico de beneficio anual tras un fuerte tercer trimestre del presente ejercicio fiscal. El mayor grupo electr\u00f3nico de Europa registr\u00f3 una subida notable de su facturaci\u00f3n y de su resultado de explotaci\u00f3n y alcanz\u00f3 gracias a la entrada de","inLanguage":"es-ES","isPartOf":{"@id":"https:\/\/candas365.es\/noticias\/#website"},"breadcrumb":{"@id":"https:\/\/candas365.es\/noticias\/siemens-eleva-pronostico-anual-tras-buenos-resultados-ultimos-meses\/#breadcrumblist"},"author":{"@id":"https:\/\/candas365.es\/noticias\/author\/admin\/#author"},"creator":{"@id":"https:\/\/candas365.es\/noticias\/author\/admin\/#author"},"image":{"@type":"ImageObject","url":"https:\/\/candas365.es\/noticias\/wp-content\/uploads\/2015\/11\/euros.jpg","@id":"https:\/\/candas365.es\/noticias\/siemens-eleva-pronostico-anual-tras-buenos-resultados-ultimos-meses\/#mainImage","width":655,"height":360},"primaryImageOfPage":{"@id":"https:\/\/candas365.es\/noticias\/siemens-eleva-pronostico-anual-tras-buenos-resultados-ultimos-meses\/#mainImage"},"datePublished":"2016-08-05T03:17:52+02:00","dateModified":"2016-08-05T03:17:52+02:00"},{"@type":"WebSite","@id":"https:\/\/candas365.es\/noticias\/#website","url":"https:\/\/candas365.es\/noticias\/","name":"Cand\u00e1s 365","alternateName":"Cand\u00e1s 365 Noticias","description":"Actualidad desde Carre\u00f1o para el mundo","inLanguage":"es-ES","publisher":{"@id":"https:\/\/candas365.es\/noticias\/#organization"}}]},"og:locale":"es_ES","og:site_name":"Cand\u00e1s 365","og:type":"article","og:title":"Siemens eleva pron\u00f3stico anual tras buenos resultados \u00faltimos meses | Cand\u00e1s 365","og:description":"M\u00fanich, 4 ago (dpa) - El gigante alem\u00e1n de ingenier\u00eda y energ\u00eda Siemens elev\u00f3 hoy su pron\u00f3stico de beneficio anual tras un fuerte tercer trimestre del presente ejercicio fiscal. El mayor grupo electr\u00f3nico de Europa registr\u00f3 una subida notable de su facturaci\u00f3n y de su resultado de explotaci\u00f3n y alcanz\u00f3 gracias a la entrada de","og:url":"https:\/\/candas365.es\/noticias\/siemens-eleva-pronostico-anual-tras-buenos-resultados-ultimos-meses\/","og:image":"https:\/\/candas365.es\/noticias\/wp-content\/uploads\/2015\/11\/euros.jpg","og:image:secure_url":"https:\/\/candas365.es\/noticias\/wp-content\/uploads\/2015\/11\/euros.jpg","og:image:width":655,"og:image:height":360,"article:published_time":"2016-08-05T01:47:52+00:00","article:modified_time":"2016-08-05T01:47:52+00:00","article:publisher":"https:\/\/www.facebook.com\/Nachofdezber","article:author":"https:\/\/www.facebook.com\/carrenoactualidad","twitter:card":"summary_large_image","twitter:site":"@NabercoDigital","twitter:title":"Siemens eleva pron\u00f3stico anual tras buenos resultados \u00faltimos meses | Cand\u00e1s 365","twitter:description":"M\u00fanich, 4 ago (dpa) - El gigante alem\u00e1n de ingenier\u00eda y energ\u00eda Siemens elev\u00f3 hoy su pron\u00f3stico de beneficio anual tras un fuerte tercer trimestre del presente ejercicio fiscal. El mayor grupo electr\u00f3nico de Europa registr\u00f3 una subida notable de su facturaci\u00f3n y de su resultado de explotaci\u00f3n y alcanz\u00f3 gracias a la entrada de","twitter:creator":"@nbasturias","twitter:image":"https:\/\/candas365.es\/noticias\/wp-content\/uploads\/2015\/11\/euros.jpg","twitter:label1":"Escrito por","twitter:data1":"Cand\u00e1s 365","twitter:label2":"Tiempo de lectura estimado","twitter:data2":"1 minuto"},"aioseo_meta_data":{"post_id":"33229","title":null,"description":null,"keywords":null,"keyphrases":null,"primary_term":null,"canonical_url":null,"og_title":null,"og_description":null,"og_object_type":"default","og_image_type":"default","og_image_url":null,"og_image_width":null,"og_image_height":null,"og_image_custom_url":null,"og_image_custom_fields":null,"og_video":null,"og_custom_url":null,"og_article_section":null,"og_article_tags":null,"twitter_use_og":false,"twitter_card":"default","twitter_image_type":"default","twitter_image_url":null,"twitter_image_custom_url":null,"twitter_image_custom_fields":null,"twitter_title":null,"twitter_description":null,"schema":{"blockGraphs":[],"customGraphs":[],"default":{"data":{"Article":[],"Course":[],"Dataset":[],"FAQPage":[],"Movie":[],"Person":[],"Product":[],"ProductReview":[],"Car":[],"Recipe":[],"Service":[],"SoftwareApplication":[],"WebPage":[]},"graphName":"","isEnabled":true},"graphs":[],"defaultGraph":"","defaultPostTypeGraph":""},"schema_type":null,"schema_type_options":null,"pillar_content":false,"robots_default":true,"robots_noindex":false,"robots_noarchive":false,"robots_nosnippet":false,"robots_nofollow":false,"robots_noimageindex":false,"robots_noodp":false,"robots_notranslate":false,"robots_max_snippet":null,"robots_max_videopreview":null,"robots_max_imagepreview":"large","priority":null,"frequency":null,"location":null,"local_seo":null,"seo_analyzer_scan_date":"2025-08-24 16:36:13","breadcrumb_settings":null,"limit_modified_date":false,"reviewed_by":null,"open_ai":null,"ai":null,"created":"2020-12-21 13:06:19","updated":"2025-08-24 16:36:13"},"aioseo_breadcrumb":"<div class=\"aioseo-breadcrumbs\"><span class=\"aioseo-breadcrumb\">\n\t<a href=\"https:\/\/candas365.es\/noticias\" title=\"Home\">Home<\/a>\n<\/span><span class=\"aioseo-breadcrumb-separator\">&ndash;<\/span><span class=\"aioseo-breadcrumb\">\n\t<a href=\"https:\/\/candas365.es\/noticias\/category\/actualidad\/\" title=\"Actualidad\">Actualidad<\/a>\n<\/span><span class=\"aioseo-breadcrumb-separator\">&ndash;<\/span><span class=\"aioseo-breadcrumb\">\n\tSiemens eleva pron\u00f3stico anual tras buenos resultados \u00faltimos meses\n<\/span><\/div>","aioseo_breadcrumb_json":[{"label":"Home","link":"https:\/\/candas365.es\/noticias"},{"label":"Actualidad","link":"https:\/\/candas365.es\/noticias\/category\/actualidad\/"},{"label":"Siemens eleva pron\u00f3stico anual tras buenos resultados \u00faltimos meses","link":"https:\/\/candas365.es\/noticias\/siemens-eleva-pronostico-anual-tras-buenos-resultados-ultimos-meses\/"}],"_links":{"self":[{"href":"https:\/\/candas365.es\/noticias\/wp-json\/wp\/v2\/posts\/33229","targetHints":{"allow":["GET"]}}],"collection":[{"href":"https:\/\/candas365.es\/noticias\/wp-json\/wp\/v2\/posts"}],"about":[{"href":"https:\/\/candas365.es\/noticias\/wp-json\/wp\/v2\/types\/post"}],"author":[{"embeddable":true,"href":"https:\/\/candas365.es\/noticias\/wp-json\/wp\/v2\/users\/1"}],"replies":[{"embeddable":true,"href":"https:\/\/candas365.es\/noticias\/wp-json\/wp\/v2\/comments?post=33229"}],"version-history":[{"count":0,"href":"https:\/\/candas365.es\/noticias\/wp-json\/wp\/v2\/posts\/33229\/revisions"}],"wp:featuredmedia":[{"embeddable":true,"href":"https:\/\/candas365.es\/noticias\/wp-json\/wp\/v2\/media\/19556"}],"wp:attachment":[{"href":"https:\/\/candas365.es\/noticias\/wp-json\/wp\/v2\/media?parent=33229"}],"wp:term":[{"taxonomy":"category","embeddable":true,"href":"https:\/\/candas365.es\/noticias\/wp-json\/wp\/v2\/categories?post=33229"},{"taxonomy":"post_tag","embeddable":true,"href":"https:\/\/candas365.es\/noticias\/wp-json\/wp\/v2\/tags?post=33229"}],"curies":[{"name":"wp","href":"https:\/\/api.w.org\/{rel}","templated":true}]}}