{"id":33225,"date":"2016-08-05T03:14:00","date_gmt":"2016-08-05T01:44:00","guid":{"rendered":"http:\/\/candas365.es\/noticias\/?p=33225"},"modified":"2016-08-05T03:14:00","modified_gmt":"2016-08-05T01:44:00","slug":"gobierno-aleman-revisa-concepto-de-defensa-civil-tras-ataques","status":"publish","type":"post","link":"https:\/\/candas365.es\/noticias\/gobierno-aleman-revisa-concepto-de-defensa-civil-tras-ataques\/","title":{"rendered":"Gobierno alem\u00e1n revisa concepto de defensa civil tras ataques"},"content":{"rendered":"<p>Berl\u00edn, 4 ago (dpa) &#8211; El Gobierno alem\u00e1n revisa actualmente su concepto de \u00abDefensa civil\u00bb, por primera vez desde 1995, tras los ataques registrados en el pa\u00eds en julio, seg\u00fan informa hoy el diario \u00abBild\u00bb.<\/p>\n<p>En base a un borrador de 69 p\u00e1ginas del Ministerio de Interior al que ha tenido acceso el rotativo m\u00e1s vendido de Alemania, el Ejecutivo de la canciller Angela Merkel quiere modificar el concepto debido a que \u00abel contexto de pol\u00edtica de seguridad ha cambiado en los \u00faltimos diez a\u00f1os\u00bb. El nuevo concepto revisado ser\u00e1 acordado el 24 de agosto por el gabinete de Gobierno.<\/p>\n<p>\u00abLa creciente vulnerabilidad de las infraestructuras modernas y la dependencia de recursos ofrecen numerosos puntos de ataque\u00bb, escribi\u00f3 el Ministerio en el borrador.<\/p>\n<p>De acuerdo con el diario, entre las nuevas medidas del Estado, los Estados federados y los municipios para proteger a los ciudadanos en caso de un atentado terrorista se encuentra, entre otras cosas, aumentar las reservas de vacunas contra la viruela y los antibi\u00f3ticos.<\/p>\n<p>Asimismo, se establecer\u00e1 un servicio para alertar a los ciudadanos de un peligro inminente a trav\u00e9s de la radio, la televisi\u00f3n, sirenas, anuncios emitidos a trav\u00e9s de un altavoz, as\u00ed como en los ferrocarriles alemanes (Deutsche Bahn), pero tambi\u00e9n por sms y a trav\u00e9s de Internet. Adem\u00e1s, el estado y los Estados federados trabajan tambi\u00e9n en un concepto conjunto para proporcionar energ\u00eda en caso de emergencia.<\/p>\n<p>Alemania fue sacudida por una serie de hechos sucesos desde el 18 de julio, cuando un refugiado de 17 a\u00f1os, probablemente de Afganist\u00e1n, protagoniz\u00f3 un ataque con hacha y cuchillo en un tren regional, hiriendo a cinco personas, entre ellas cuatro turistas de Hong Kong.<\/p>\n<p>Pocos d\u00edas despu\u00e9s, un refugiado sirio se suicid\u00f3 y caus\u00f3 heridas a 15 personas al detonar una bomba en su mochila en la entrada de un concierto en la localidad de Ansbach. La milicia terrorista Estado Isl\u00e1mico reclam\u00f3 la autor\u00eda de ambos atentados.<\/p>\n","protected":false},"excerpt":{"rendered":"<p>Berl\u00edn, 4 ago (dpa) &#8211; El Gobierno alem\u00e1n revisa actualmente su concepto de \u00abDefensa civil\u00bb, por primera vez desde 1995, tras los ataques registrados en el pa\u00eds en julio, seg\u00fan informa hoy el diario \u00abBild\u00bb. En base a un borrador de 69 p\u00e1ginas del Ministerio de Interior al que ha tenido acceso el rotativo m\u00e1s<\/p>\n","protected":false},"author":1,"featured_media":16457,"comment_status":"closed","ping_status":"closed","sticky":false,"template":"","format":"standard","meta":{"footnotes":""},"categories":[343],"tags":[],"class_list":{"0":"post-33225","1":"post","2":"type-post","3":"status-publish","4":"format-standard","5":"has-post-thumbnail","7":"category-actualidad"},"aioseo_notices":[],"aioseo_head":"\n\t\t<!-- All in One SEO Pro 4.9.6.2 - aioseo.com -->\n\t<meta name=\"description\" content=\"Berl\u00edn, 4 ago (dpa) - El Gobierno alem\u00e1n revisa actualmente su concepto de &quot;Defensa civil&quot;, por primera vez desde 1995, tras los ataques registrados en el pa\u00eds en julio, seg\u00fan informa hoy el diario &quot;Bild&quot;. En base a un borrador de 69 p\u00e1ginas del Ministerio de Interior al que ha tenido acceso el rotativo m\u00e1s\" \/>\n\t<meta name=\"robots\" content=\"max-image-preview:large\" \/>\n\t<meta name=\"author\" content=\"Cand\u00e1s 365\"\/>\n\t<meta name=\"google-site-verification\" content=\"UA-32230408-1\" \/>\n\t<meta name=\"msvalidate.01\" content=\"354F3CDFB2DA171B47FBE9ABF1F88D5\" \/>\n\t<meta name=\"keywords\" content=\"actualidad\" \/>\n\t<link rel=\"canonical\" href=\"https:\/\/candas365.es\/noticias\/gobierno-aleman-revisa-concepto-de-defensa-civil-tras-ataques\/\" \/>\n\t<meta name=\"generator\" content=\"All in One SEO Pro (AIOSEO) 4.9.6.2\" \/>\n\t\t<meta property=\"og:locale\" content=\"es_ES\" \/>\n\t\t<meta property=\"og:site_name\" content=\"Cand\u00e1s 365\" \/>\n\t\t<meta property=\"og:type\" content=\"article\" \/>\n\t\t<meta property=\"og:title\" content=\"Gobierno alem\u00e1n revisa concepto de defensa civil tras ataques | Cand\u00e1s 365\" \/>\n\t\t<meta property=\"og:description\" content=\"Berl\u00edn, 4 ago (dpa) - El Gobierno alem\u00e1n revisa actualmente su concepto de &quot;Defensa civil&quot;, por primera vez desde 1995, tras los ataques registrados en el pa\u00eds en julio, seg\u00fan informa hoy el diario &quot;Bild&quot;. En base a un borrador de 69 p\u00e1ginas del Ministerio de Interior al que ha tenido acceso el rotativo m\u00e1s\" \/>\n\t\t<meta property=\"og:url\" content=\"https:\/\/candas365.es\/noticias\/gobierno-aleman-revisa-concepto-de-defensa-civil-tras-ataques\/\" \/>\n\t\t<meta property=\"og:image\" content=\"https:\/\/candas365.es\/noticias\/wp-content\/uploads\/2015\/09\/c365noticias.jpg\" \/>\n\t\t<meta property=\"og:image:secure_url\" content=\"https:\/\/candas365.es\/noticias\/wp-content\/uploads\/2015\/09\/c365noticias.jpg\" \/>\n\t\t<meta property=\"og:image:width\" content=\"655\" \/>\n\t\t<meta property=\"og:image:height\" content=\"360\" \/>\n\t\t<meta property=\"article:published_time\" content=\"2016-08-05T01:44:00+00:00\" \/>\n\t\t<meta property=\"article:modified_time\" content=\"2016-08-05T01:44:00+00:00\" \/>\n\t\t<meta property=\"article:publisher\" content=\"https:\/\/www.facebook.com\/Nachofdezber\" \/>\n\t\t<meta property=\"article:author\" content=\"https:\/\/www.facebook.com\/carrenoactualidad\" \/>\n\t\t<meta name=\"twitter:card\" content=\"summary_large_image\" \/>\n\t\t<meta name=\"twitter:site\" content=\"@NabercoDigital\" \/>\n\t\t<meta name=\"twitter:title\" content=\"Gobierno alem\u00e1n revisa concepto de defensa civil tras ataques | Cand\u00e1s 365\" \/>\n\t\t<meta name=\"twitter:description\" content=\"Berl\u00edn, 4 ago (dpa) - El Gobierno alem\u00e1n revisa actualmente su concepto de &quot;Defensa civil&quot;, por primera vez desde 1995, tras los ataques registrados en el pa\u00eds en julio, seg\u00fan informa hoy el diario &quot;Bild&quot;. En base a un borrador de 69 p\u00e1ginas del Ministerio de Interior al que ha tenido acceso el rotativo m\u00e1s\" \/>\n\t\t<meta name=\"twitter:creator\" content=\"@nbasturias\" \/>\n\t\t<meta name=\"twitter:image\" content=\"https:\/\/candas365.es\/noticias\/wp-content\/uploads\/2015\/09\/c365noticias.jpg\" \/>\n\t\t<meta name=\"twitter:label1\" content=\"Escrito por\" \/>\n\t\t<meta name=\"twitter:data1\" content=\"Cand\u00e1s 365\" \/>\n\t\t<meta name=\"twitter:label2\" content=\"Tiempo de lectura estimado\" \/>\n\t\t<meta name=\"twitter:data2\" content=\"2 minutos\" \/>\n\t\t<script type=\"application\/ld+json\" class=\"aioseo-schema\">\n\t\t\t{\"@context\":\"https:\\\/\\\/schema.org\",\"@graph\":[{\"@type\":\"BreadcrumbList\",\"@id\":\"https:\\\/\\\/candas365.es\\\/noticias\\\/gobierno-aleman-revisa-concepto-de-defensa-civil-tras-ataques\\\/#breadcrumblist\",\"itemListElement\":[{\"@type\":\"ListItem\",\"@id\":\"https:\\\/\\\/candas365.es\\\/noticias#listItem\",\"position\":1,\"name\":\"Home\",\"item\":\"https:\\\/\\\/candas365.es\\\/noticias\",\"nextItem\":{\"@type\":\"ListItem\",\"@id\":\"https:\\\/\\\/candas365.es\\\/noticias\\\/category\\\/actualidad\\\/#listItem\",\"name\":\"Actualidad\"}},{\"@type\":\"ListItem\",\"@id\":\"https:\\\/\\\/candas365.es\\\/noticias\\\/category\\\/actualidad\\\/#listItem\",\"position\":2,\"name\":\"Actualidad\",\"item\":\"https:\\\/\\\/candas365.es\\\/noticias\\\/category\\\/actualidad\\\/\",\"nextItem\":{\"@type\":\"ListItem\",\"@id\":\"https:\\\/\\\/candas365.es\\\/noticias\\\/gobierno-aleman-revisa-concepto-de-defensa-civil-tras-ataques\\\/#listItem\",\"name\":\"Gobierno alem\\u00e1n revisa concepto de defensa civil tras ataques\"},\"previousItem\":{\"@type\":\"ListItem\",\"@id\":\"https:\\\/\\\/candas365.es\\\/noticias#listItem\",\"name\":\"Home\"}},{\"@type\":\"ListItem\",\"@id\":\"https:\\\/\\\/candas365.es\\\/noticias\\\/gobierno-aleman-revisa-concepto-de-defensa-civil-tras-ataques\\\/#listItem\",\"position\":3,\"name\":\"Gobierno alem\\u00e1n revisa concepto de defensa civil tras ataques\",\"previousItem\":{\"@type\":\"ListItem\",\"@id\":\"https:\\\/\\\/candas365.es\\\/noticias\\\/category\\\/actualidad\\\/#listItem\",\"name\":\"Actualidad\"}}]},{\"@type\":\"NewsArticle\",\"@id\":\"https:\\\/\\\/candas365.es\\\/noticias\\\/gobierno-aleman-revisa-concepto-de-defensa-civil-tras-ataques\\\/#newsarticle\",\"name\":\"Gobierno alem\\u00e1n revisa concepto de defensa civil tras ataques | Cand\\u00e1s 365\",\"headline\":\"Gobierno alem\\u00e1n revisa concepto de defensa civil tras ataques\",\"author\":{\"@id\":\"https:\\\/\\\/candas365.es\\\/noticias\\\/author\\\/admin\\\/#author\"},\"publisher\":{\"@id\":\"https:\\\/\\\/candas365.es\\\/noticias\\\/#organization\"},\"image\":{\"@type\":\"ImageObject\",\"url\":\"https:\\\/\\\/candas365.es\\\/noticias\\\/wp-content\\\/uploads\\\/2015\\\/09\\\/c365noticias.jpg\",\"width\":655,\"height\":360},\"datePublished\":\"2016-08-05T03:14:00+02:00\",\"dateModified\":\"2016-08-05T03:14:00+02:00\",\"inLanguage\":\"es-ES\",\"mainEntityOfPage\":{\"@id\":\"https:\\\/\\\/candas365.es\\\/noticias\\\/gobierno-aleman-revisa-concepto-de-defensa-civil-tras-ataques\\\/#webpage\"},\"isPartOf\":{\"@id\":\"https:\\\/\\\/candas365.es\\\/noticias\\\/gobierno-aleman-revisa-concepto-de-defensa-civil-tras-ataques\\\/#webpage\"},\"articleSection\":\"Actualidad\",\"dateline\":\"Publicado el agosto 5, 2016.\"},{\"@type\":\"Organization\",\"@id\":\"https:\\\/\\\/candas365.es\\\/noticias\\\/#organization\",\"name\":\"Cand\\u00e1s 365\",\"description\":\"Cand\\u00e1s 365 es un diario digital independiente, fundado en 2012, con base en Asturias. Informamos con rigor sobre actualidad, sociedad, cultura y ocio, con una mirada local y global.\",\"url\":\"https:\\\/\\\/candas365.es\\\/noticias\\\/\",\"email\":\"info@candas365.es\",\"telephone\":\"+34652131393\",\"foundingDate\":\"2012-06-10\",\"logo\":{\"@type\":\"ImageObject\",\"url\":\"https:\\\/\\\/candas365.es\\\/noticias\\\/wp-content\\\/uploads\\\/2024\\\/09\\\/Candas-365-Redes.jpg\",\"@id\":\"https:\\\/\\\/candas365.es\\\/noticias\\\/gobierno-aleman-revisa-concepto-de-defensa-civil-tras-ataques\\\/#organizationLogo\",\"width\":1152,\"height\":864,\"caption\":\"Cand\\u00e1s 365 Redes\"},\"image\":{\"@id\":\"https:\\\/\\\/candas365.es\\\/noticias\\\/gobierno-aleman-revisa-concepto-de-defensa-civil-tras-ataques\\\/#organizationLogo\"},\"sameAs\":[\"https:\\\/\\\/www.facebook.com\\\/Nachofdezber\",\"https:\\\/\\\/x.com\\\/NabercoDigital\",\"https:\\\/\\\/www.instagram.com\\\/nachofdezber\\\/\",\"https:\\\/\\\/www.youtube.com\\\/channel\\\/UCZP-2wLEB9Rv6erhFmqVnvg\"],\"address\":{\"@id\":\"https:\\\/\\\/candas365.es\\\/noticias\\\/#postaladdress\",\"@type\":\"PostalAddress\",\"streetAddress\":\"san antonio 4, san antonio 4\",\"postalCode\":\"33430\",\"addressLocality\":\"Cand\\u00e1s\",\"addressRegion\":\"Asturias\",\"addressCountry\":\"ES\"}},{\"@type\":\"Person\",\"@id\":\"https:\\\/\\\/candas365.es\\\/noticias\\\/author\\\/admin\\\/#author\",\"url\":\"https:\\\/\\\/candas365.es\\\/noticias\\\/author\\\/admin\\\/\",\"name\":\"Cand\\u00e1s 365\",\"image\":{\"@type\":\"ImageObject\",\"@id\":\"https:\\\/\\\/candas365.es\\\/noticias\\\/gobierno-aleman-revisa-concepto-de-defensa-civil-tras-ataques\\\/#authorImage\",\"url\":\"https:\\\/\\\/secure.gravatar.com\\\/avatar\\\/496a8e03d0c493ede1718b7934145dbdf8d89be1036b0eec9544e1094c9de390?s=96&d=mm&r=g\",\"width\":96,\"height\":96,\"caption\":\"Cand\\u00e1s 365\"},\"sameAs\":[\"https:\\\/\\\/www.facebook.com\\\/carrenoactualidad\",\"https:\\\/\\\/twitter.com\\\/nbasturias\",\"https:\\\/\\\/www.instagram.com\\\/nachofdezber\\\/\",\"https:\\\/\\\/www.youtube.com\\\/channel\\\/UCZP-2wLEB9Rv6erhFmqVnvg\"]},{\"@type\":\"WebPage\",\"@id\":\"https:\\\/\\\/candas365.es\\\/noticias\\\/gobierno-aleman-revisa-concepto-de-defensa-civil-tras-ataques\\\/#webpage\",\"url\":\"https:\\\/\\\/candas365.es\\\/noticias\\\/gobierno-aleman-revisa-concepto-de-defensa-civil-tras-ataques\\\/\",\"name\":\"Gobierno alem\\u00e1n revisa concepto de defensa civil tras ataques | Cand\\u00e1s 365\",\"description\":\"Berl\\u00edn, 4 ago (dpa) - El Gobierno alem\\u00e1n revisa actualmente su concepto de \\\"Defensa civil\\\", por primera vez desde 1995, tras los ataques registrados en el pa\\u00eds en julio, seg\\u00fan informa hoy el diario \\\"Bild\\\". En base a un borrador de 69 p\\u00e1ginas del Ministerio de Interior al que ha tenido acceso el rotativo m\\u00e1s\",\"inLanguage\":\"es-ES\",\"isPartOf\":{\"@id\":\"https:\\\/\\\/candas365.es\\\/noticias\\\/#website\"},\"breadcrumb\":{\"@id\":\"https:\\\/\\\/candas365.es\\\/noticias\\\/gobierno-aleman-revisa-concepto-de-defensa-civil-tras-ataques\\\/#breadcrumblist\"},\"author\":{\"@id\":\"https:\\\/\\\/candas365.es\\\/noticias\\\/author\\\/admin\\\/#author\"},\"creator\":{\"@id\":\"https:\\\/\\\/candas365.es\\\/noticias\\\/author\\\/admin\\\/#author\"},\"image\":{\"@type\":\"ImageObject\",\"url\":\"https:\\\/\\\/candas365.es\\\/noticias\\\/wp-content\\\/uploads\\\/2015\\\/09\\\/c365noticias.jpg\",\"@id\":\"https:\\\/\\\/candas365.es\\\/noticias\\\/gobierno-aleman-revisa-concepto-de-defensa-civil-tras-ataques\\\/#mainImage\",\"width\":655,\"height\":360},\"primaryImageOfPage\":{\"@id\":\"https:\\\/\\\/candas365.es\\\/noticias\\\/gobierno-aleman-revisa-concepto-de-defensa-civil-tras-ataques\\\/#mainImage\"},\"datePublished\":\"2016-08-05T03:14:00+02:00\",\"dateModified\":\"2016-08-05T03:14:00+02:00\"},{\"@type\":\"WebSite\",\"@id\":\"https:\\\/\\\/candas365.es\\\/noticias\\\/#website\",\"url\":\"https:\\\/\\\/candas365.es\\\/noticias\\\/\",\"name\":\"Cand\\u00e1s 365\",\"alternateName\":\"Cand\\u00e1s 365 Noticias\",\"description\":\"Actualidad desde Carre\\u00f1o para el mundo\",\"inLanguage\":\"es-ES\",\"publisher\":{\"@id\":\"https:\\\/\\\/candas365.es\\\/noticias\\\/#organization\"}}]}\n\t\t<\/script>\n\t\t<!-- All in One SEO Pro -->\r\n\t\t<title>Gobierno alem\u00e1n revisa concepto de defensa civil tras ataques | Cand\u00e1s 365<\/title>\n\n","aioseo_head_json":{"title":"Gobierno alem\u00e1n revisa concepto de defensa civil tras ataques | Cand\u00e1s 365","description":"Berl\u00edn, 4 ago (dpa) - El Gobierno alem\u00e1n revisa actualmente su concepto de \"Defensa civil\", por primera vez desde 1995, tras los ataques registrados en el pa\u00eds en julio, seg\u00fan informa hoy el diario \"Bild\". En base a un borrador de 69 p\u00e1ginas del Ministerio de Interior al que ha tenido acceso el rotativo m\u00e1s","canonical_url":"https:\/\/candas365.es\/noticias\/gobierno-aleman-revisa-concepto-de-defensa-civil-tras-ataques\/","robots":"max-image-preview:large","keywords":"actualidad","webmasterTools":{"google-site-verification":"UA-32230408-1","msvalidate.01":"354F3CDFB2DA171B47FBE9ABF1F88D5","miscellaneous":""},"schema":{"@context":"https:\/\/schema.org","@graph":[{"@type":"BreadcrumbList","@id":"https:\/\/candas365.es\/noticias\/gobierno-aleman-revisa-concepto-de-defensa-civil-tras-ataques\/#breadcrumblist","itemListElement":[{"@type":"ListItem","@id":"https:\/\/candas365.es\/noticias#listItem","position":1,"name":"Home","item":"https:\/\/candas365.es\/noticias","nextItem":{"@type":"ListItem","@id":"https:\/\/candas365.es\/noticias\/category\/actualidad\/#listItem","name":"Actualidad"}},{"@type":"ListItem","@id":"https:\/\/candas365.es\/noticias\/category\/actualidad\/#listItem","position":2,"name":"Actualidad","item":"https:\/\/candas365.es\/noticias\/category\/actualidad\/","nextItem":{"@type":"ListItem","@id":"https:\/\/candas365.es\/noticias\/gobierno-aleman-revisa-concepto-de-defensa-civil-tras-ataques\/#listItem","name":"Gobierno alem\u00e1n revisa concepto de defensa civil tras ataques"},"previousItem":{"@type":"ListItem","@id":"https:\/\/candas365.es\/noticias#listItem","name":"Home"}},{"@type":"ListItem","@id":"https:\/\/candas365.es\/noticias\/gobierno-aleman-revisa-concepto-de-defensa-civil-tras-ataques\/#listItem","position":3,"name":"Gobierno alem\u00e1n revisa concepto de defensa civil tras ataques","previousItem":{"@type":"ListItem","@id":"https:\/\/candas365.es\/noticias\/category\/actualidad\/#listItem","name":"Actualidad"}}]},{"@type":"NewsArticle","@id":"https:\/\/candas365.es\/noticias\/gobierno-aleman-revisa-concepto-de-defensa-civil-tras-ataques\/#newsarticle","name":"Gobierno alem\u00e1n revisa concepto de defensa civil tras ataques | Cand\u00e1s 365","headline":"Gobierno alem\u00e1n revisa concepto de defensa civil tras ataques","author":{"@id":"https:\/\/candas365.es\/noticias\/author\/admin\/#author"},"publisher":{"@id":"https:\/\/candas365.es\/noticias\/#organization"},"image":{"@type":"ImageObject","url":"https:\/\/candas365.es\/noticias\/wp-content\/uploads\/2015\/09\/c365noticias.jpg","width":655,"height":360},"datePublished":"2016-08-05T03:14:00+02:00","dateModified":"2016-08-05T03:14:00+02:00","inLanguage":"es-ES","mainEntityOfPage":{"@id":"https:\/\/candas365.es\/noticias\/gobierno-aleman-revisa-concepto-de-defensa-civil-tras-ataques\/#webpage"},"isPartOf":{"@id":"https:\/\/candas365.es\/noticias\/gobierno-aleman-revisa-concepto-de-defensa-civil-tras-ataques\/#webpage"},"articleSection":"Actualidad","dateline":"Publicado el agosto 5, 2016."},{"@type":"Organization","@id":"https:\/\/candas365.es\/noticias\/#organization","name":"Cand\u00e1s 365","description":"Cand\u00e1s 365 es un diario digital independiente, fundado en 2012, con base en Asturias. Informamos con rigor sobre actualidad, sociedad, cultura y ocio, con una mirada local y global.","url":"https:\/\/candas365.es\/noticias\/","email":"info@candas365.es","telephone":"+34652131393","foundingDate":"2012-06-10","logo":{"@type":"ImageObject","url":"https:\/\/candas365.es\/noticias\/wp-content\/uploads\/2024\/09\/Candas-365-Redes.jpg","@id":"https:\/\/candas365.es\/noticias\/gobierno-aleman-revisa-concepto-de-defensa-civil-tras-ataques\/#organizationLogo","width":1152,"height":864,"caption":"Cand\u00e1s 365 Redes"},"image":{"@id":"https:\/\/candas365.es\/noticias\/gobierno-aleman-revisa-concepto-de-defensa-civil-tras-ataques\/#organizationLogo"},"sameAs":["https:\/\/www.facebook.com\/Nachofdezber","https:\/\/x.com\/NabercoDigital","https:\/\/www.instagram.com\/nachofdezber\/","https:\/\/www.youtube.com\/channel\/UCZP-2wLEB9Rv6erhFmqVnvg"],"address":{"@id":"https:\/\/candas365.es\/noticias\/#postaladdress","@type":"PostalAddress","streetAddress":"san antonio 4, san antonio 4","postalCode":"33430","addressLocality":"Cand\u00e1s","addressRegion":"Asturias","addressCountry":"ES"}},{"@type":"Person","@id":"https:\/\/candas365.es\/noticias\/author\/admin\/#author","url":"https:\/\/candas365.es\/noticias\/author\/admin\/","name":"Cand\u00e1s 365","image":{"@type":"ImageObject","@id":"https:\/\/candas365.es\/noticias\/gobierno-aleman-revisa-concepto-de-defensa-civil-tras-ataques\/#authorImage","url":"https:\/\/secure.gravatar.com\/avatar\/496a8e03d0c493ede1718b7934145dbdf8d89be1036b0eec9544e1094c9de390?s=96&d=mm&r=g","width":96,"height":96,"caption":"Cand\u00e1s 365"},"sameAs":["https:\/\/www.facebook.com\/carrenoactualidad","https:\/\/twitter.com\/nbasturias","https:\/\/www.instagram.com\/nachofdezber\/","https:\/\/www.youtube.com\/channel\/UCZP-2wLEB9Rv6erhFmqVnvg"]},{"@type":"WebPage","@id":"https:\/\/candas365.es\/noticias\/gobierno-aleman-revisa-concepto-de-defensa-civil-tras-ataques\/#webpage","url":"https:\/\/candas365.es\/noticias\/gobierno-aleman-revisa-concepto-de-defensa-civil-tras-ataques\/","name":"Gobierno alem\u00e1n revisa concepto de defensa civil tras ataques | Cand\u00e1s 365","description":"Berl\u00edn, 4 ago (dpa) - El Gobierno alem\u00e1n revisa actualmente su concepto de \"Defensa civil\", por primera vez desde 1995, tras los ataques registrados en el pa\u00eds en julio, seg\u00fan informa hoy el diario \"Bild\". En base a un borrador de 69 p\u00e1ginas del Ministerio de Interior al que ha tenido acceso el rotativo m\u00e1s","inLanguage":"es-ES","isPartOf":{"@id":"https:\/\/candas365.es\/noticias\/#website"},"breadcrumb":{"@id":"https:\/\/candas365.es\/noticias\/gobierno-aleman-revisa-concepto-de-defensa-civil-tras-ataques\/#breadcrumblist"},"author":{"@id":"https:\/\/candas365.es\/noticias\/author\/admin\/#author"},"creator":{"@id":"https:\/\/candas365.es\/noticias\/author\/admin\/#author"},"image":{"@type":"ImageObject","url":"https:\/\/candas365.es\/noticias\/wp-content\/uploads\/2015\/09\/c365noticias.jpg","@id":"https:\/\/candas365.es\/noticias\/gobierno-aleman-revisa-concepto-de-defensa-civil-tras-ataques\/#mainImage","width":655,"height":360},"primaryImageOfPage":{"@id":"https:\/\/candas365.es\/noticias\/gobierno-aleman-revisa-concepto-de-defensa-civil-tras-ataques\/#mainImage"},"datePublished":"2016-08-05T03:14:00+02:00","dateModified":"2016-08-05T03:14:00+02:00"},{"@type":"WebSite","@id":"https:\/\/candas365.es\/noticias\/#website","url":"https:\/\/candas365.es\/noticias\/","name":"Cand\u00e1s 365","alternateName":"Cand\u00e1s 365 Noticias","description":"Actualidad desde Carre\u00f1o para el mundo","inLanguage":"es-ES","publisher":{"@id":"https:\/\/candas365.es\/noticias\/#organization"}}]},"og:locale":"es_ES","og:site_name":"Cand\u00e1s 365","og:type":"article","og:title":"Gobierno alem\u00e1n revisa concepto de defensa civil tras ataques | Cand\u00e1s 365","og:description":"Berl\u00edn, 4 ago (dpa) - El Gobierno alem\u00e1n revisa actualmente su concepto de &quot;Defensa civil&quot;, por primera vez desde 1995, tras los ataques registrados en el pa\u00eds en julio, seg\u00fan informa hoy el diario &quot;Bild&quot;. En base a un borrador de 69 p\u00e1ginas del Ministerio de Interior al que ha tenido acceso el rotativo m\u00e1s","og:url":"https:\/\/candas365.es\/noticias\/gobierno-aleman-revisa-concepto-de-defensa-civil-tras-ataques\/","og:image":"https:\/\/candas365.es\/noticias\/wp-content\/uploads\/2015\/09\/c365noticias.jpg","og:image:secure_url":"https:\/\/candas365.es\/noticias\/wp-content\/uploads\/2015\/09\/c365noticias.jpg","og:image:width":655,"og:image:height":360,"article:published_time":"2016-08-05T01:44:00+00:00","article:modified_time":"2016-08-05T01:44:00+00:00","article:publisher":"https:\/\/www.facebook.com\/Nachofdezber","article:author":"https:\/\/www.facebook.com\/carrenoactualidad","twitter:card":"summary_large_image","twitter:site":"@NabercoDigital","twitter:title":"Gobierno alem\u00e1n revisa concepto de defensa civil tras ataques | Cand\u00e1s 365","twitter:description":"Berl\u00edn, 4 ago (dpa) - El Gobierno alem\u00e1n revisa actualmente su concepto de &quot;Defensa civil&quot;, por primera vez desde 1995, tras los ataques registrados en el pa\u00eds en julio, seg\u00fan informa hoy el diario &quot;Bild&quot;. En base a un borrador de 69 p\u00e1ginas del Ministerio de Interior al que ha tenido acceso el rotativo m\u00e1s","twitter:creator":"@nbasturias","twitter:image":"https:\/\/candas365.es\/noticias\/wp-content\/uploads\/2015\/09\/c365noticias.jpg","twitter:label1":"Escrito por","twitter:data1":"Cand\u00e1s 365","twitter:label2":"Tiempo de lectura estimado","twitter:data2":"2 minutos"},"aioseo_meta_data":{"post_id":"33225","title":null,"description":null,"keywords":null,"keyphrases":null,"primary_term":null,"canonical_url":null,"og_title":null,"og_description":null,"og_object_type":"default","og_image_type":"default","og_image_url":null,"og_image_width":null,"og_image_height":null,"og_image_custom_url":null,"og_image_custom_fields":null,"og_video":null,"og_custom_url":null,"og_article_section":null,"og_article_tags":null,"twitter_use_og":false,"twitter_card":"default","twitter_image_type":"default","twitter_image_url":null,"twitter_image_custom_url":null,"twitter_image_custom_fields":null,"twitter_title":null,"twitter_description":null,"schema":{"blockGraphs":[],"customGraphs":[],"default":{"data":{"Article":[],"Course":[],"Dataset":[],"FAQPage":[],"Movie":[],"Person":[],"Product":[],"ProductReview":[],"Car":[],"Recipe":[],"Service":[],"SoftwareApplication":[],"WebPage":[]},"graphName":"","isEnabled":true},"graphs":[],"defaultGraph":"","defaultPostTypeGraph":""},"schema_type":null,"schema_type_options":null,"pillar_content":false,"robots_default":true,"robots_noindex":false,"robots_noarchive":false,"robots_nosnippet":false,"robots_nofollow":false,"robots_noimageindex":false,"robots_noodp":false,"robots_notranslate":false,"robots_max_snippet":null,"robots_max_videopreview":null,"robots_max_imagepreview":"large","priority":null,"frequency":null,"location":null,"local_seo":null,"seo_analyzer_scan_date":"2025-08-24 16:36:10","breadcrumb_settings":null,"limit_modified_date":false,"reviewed_by":null,"open_ai":null,"ai":null,"created":"2020-12-21 13:06:19","updated":"2025-08-24 16:36:10"},"aioseo_breadcrumb":"<div class=\"aioseo-breadcrumbs\"><span class=\"aioseo-breadcrumb\">\n\t<a href=\"https:\/\/candas365.es\/noticias\" title=\"Home\">Home<\/a>\n<\/span><span class=\"aioseo-breadcrumb-separator\">&ndash;<\/span><span class=\"aioseo-breadcrumb\">\n\t<a href=\"https:\/\/candas365.es\/noticias\/category\/actualidad\/\" title=\"Actualidad\">Actualidad<\/a>\n<\/span><span class=\"aioseo-breadcrumb-separator\">&ndash;<\/span><span class=\"aioseo-breadcrumb\">\n\tGobierno alem\u00e1n revisa concepto de defensa civil tras ataques\n<\/span><\/div>","aioseo_breadcrumb_json":[{"label":"Home","link":"https:\/\/candas365.es\/noticias"},{"label":"Actualidad","link":"https:\/\/candas365.es\/noticias\/category\/actualidad\/"},{"label":"Gobierno alem\u00e1n revisa concepto de defensa civil tras ataques","link":"https:\/\/candas365.es\/noticias\/gobierno-aleman-revisa-concepto-de-defensa-civil-tras-ataques\/"}],"_links":{"self":[{"href":"https:\/\/candas365.es\/noticias\/wp-json\/wp\/v2\/posts\/33225","targetHints":{"allow":["GET"]}}],"collection":[{"href":"https:\/\/candas365.es\/noticias\/wp-json\/wp\/v2\/posts"}],"about":[{"href":"https:\/\/candas365.es\/noticias\/wp-json\/wp\/v2\/types\/post"}],"author":[{"embeddable":true,"href":"https:\/\/candas365.es\/noticias\/wp-json\/wp\/v2\/users\/1"}],"replies":[{"embeddable":true,"href":"https:\/\/candas365.es\/noticias\/wp-json\/wp\/v2\/comments?post=33225"}],"version-history":[{"count":0,"href":"https:\/\/candas365.es\/noticias\/wp-json\/wp\/v2\/posts\/33225\/revisions"}],"wp:featuredmedia":[{"embeddable":true,"href":"https:\/\/candas365.es\/noticias\/wp-json\/wp\/v2\/media\/16457"}],"wp:attachment":[{"href":"https:\/\/candas365.es\/noticias\/wp-json\/wp\/v2\/media?parent=33225"}],"wp:term":[{"taxonomy":"category","embeddable":true,"href":"https:\/\/candas365.es\/noticias\/wp-json\/wp\/v2\/categories?post=33225"},{"taxonomy":"post_tag","embeddable":true,"href":"https:\/\/candas365.es\/noticias\/wp-json\/wp\/v2\/tags?post=33225"}],"curies":[{"name":"wp","href":"https:\/\/api.w.org\/{rel}","templated":true}]}}