{"id":33223,"date":"2016-08-05T03:12:39","date_gmt":"2016-08-05T01:42:39","guid":{"rendered":"http:\/\/candas365.es\/noticias\/?p=33223"},"modified":"2016-08-05T03:12:39","modified_gmt":"2016-08-05T01:42:39","slug":"ministro-aleman-rree-apela-a-evitar-una-catastrofe-aun-peor-en-alepo","status":"publish","type":"post","link":"https:\/\/candas365.es\/noticias\/ministro-aleman-rree-apela-a-evitar-una-catastrofe-aun-peor-en-alepo\/","title":{"rendered":"Ministro alem\u00e1n RREE apela a evitar una cat\u00e1strofe a\u00fan peor en Alepo"},"content":{"rendered":"<p>Berl\u00edn, 4 ago (dpa) &#8211; El ministro alem\u00e1n de Exteriores, Frank-Walter Steinmeier, reclam\u00f3 la apertura de accesos controlados por la ONU a Alepo para poder proveer a los ciudadanos de la ciudad del norte de Siria, seg\u00fan declaraciones publicadas hoy en el diario alem\u00e1n \u00abBild\u00bb.<\/p>\n<p>\u00abAhora se trata de evitar una cat\u00e1strofe a\u00fan peor para la poblaci\u00f3n civil\u00bb, indic\u00f3 el pol\u00edtico socialdem\u00f3crata. \u00abPara que la ayuda llegue tambi\u00e9n a las personas, reclamamos a las fuerzas beligerantes un alto el fuego humanitario inmediato\u00bb, agreg\u00f3.<\/p>\n<p>El jefe de la diplomacia alemana pidi\u00f3 el cese inmediato de los ataques del r\u00e9gimen sirio contra la poblaci\u00f3n civil. \u00abTambi\u00e9n Rusia, que apoya al Ej\u00e9rcito sirio, tiene la responsabilidad de evitar la amenazadora cat\u00e1strofe humanitaria\u00bb, apel\u00f3.<\/p>\n<p>Las tropas del Gobierno han sitiado la ciudad. La situaci\u00f3n de los hasta 300.000 habitantes cercados all\u00ed es cada vez m\u00e1s dram\u00e1tica. Las organizaciones humanitarias hablan de uno de los mayores desaf\u00edos desde que comenz\u00f3 la guerra en el pa\u00eds hace m\u00e1s de cinco a\u00f1os.<\/p>\n","protected":false},"excerpt":{"rendered":"<p>Berl\u00edn, 4 ago (dpa) &#8211; El ministro alem\u00e1n de Exteriores, Frank-Walter Steinmeier, reclam\u00f3 la apertura de accesos controlados por la ONU a Alepo para poder proveer a los ciudadanos de la ciudad del norte de Siria, seg\u00fan declaraciones publicadas hoy en el diario alem\u00e1n \u00abBild\u00bb. \u00abAhora se trata de evitar una cat\u00e1strofe a\u00fan peor para<\/p>\n","protected":false},"author":1,"featured_media":335,"comment_status":"closed","ping_status":"closed","sticky":false,"template":"","format":"standard","meta":{"footnotes":""},"categories":[343],"tags":[],"class_list":{"0":"post-33223","1":"post","2":"type-post","3":"status-publish","4":"format-standard","5":"has-post-thumbnail","7":"category-actualidad"},"aioseo_notices":[],"aioseo_head":"\n\t\t<!-- All in One SEO Pro 4.9.6.2 - aioseo.com -->\n\t<meta name=\"description\" content=\"Berl\u00edn, 4 ago (dpa) - El ministro alem\u00e1n de Exteriores, Frank-Walter Steinmeier, reclam\u00f3 la apertura de accesos controlados por la ONU a Alepo para poder proveer a los ciudadanos de la ciudad del norte de Siria, seg\u00fan declaraciones publicadas hoy en el diario alem\u00e1n &quot;Bild&quot;. &quot;Ahora se trata de evitar una cat\u00e1strofe a\u00fan peor para\" \/>\n\t<meta name=\"robots\" content=\"max-image-preview:large\" \/>\n\t<meta name=\"author\" content=\"Cand\u00e1s 365\"\/>\n\t<meta name=\"google-site-verification\" content=\"UA-32230408-1\" \/>\n\t<meta name=\"msvalidate.01\" content=\"354F3CDFB2DA171B47FBE9ABF1F88D5\" \/>\n\t<meta name=\"keywords\" content=\"actualidad\" \/>\n\t<link rel=\"canonical\" href=\"https:\/\/candas365.es\/noticias\/ministro-aleman-rree-apela-a-evitar-una-catastrofe-aun-peor-en-alepo\/\" \/>\n\t<meta name=\"generator\" content=\"All in One SEO Pro (AIOSEO) 4.9.6.2\" \/>\n\t\t<meta property=\"og:locale\" content=\"es_ES\" \/>\n\t\t<meta property=\"og:site_name\" content=\"Cand\u00e1s 365\" \/>\n\t\t<meta property=\"og:type\" content=\"article\" \/>\n\t\t<meta property=\"og:title\" content=\"Ministro alem\u00e1n RREE apela a evitar una cat\u00e1strofe a\u00fan peor en Alepo | Cand\u00e1s 365\" \/>\n\t\t<meta property=\"og:description\" content=\"Berl\u00edn, 4 ago (dpa) - El ministro alem\u00e1n de Exteriores, Frank-Walter Steinmeier, reclam\u00f3 la apertura de accesos controlados por la ONU a Alepo para poder proveer a los ciudadanos de la ciudad del norte de Siria, seg\u00fan declaraciones publicadas hoy en el diario alem\u00e1n &quot;Bild&quot;. &quot;Ahora se trata de evitar una cat\u00e1strofe a\u00fan peor para\" \/>\n\t\t<meta property=\"og:url\" content=\"https:\/\/candas365.es\/noticias\/ministro-aleman-rree-apela-a-evitar-una-catastrofe-aun-peor-en-alepo\/\" \/>\n\t\t<meta property=\"og:image\" content=\"https:\/\/candas365.es\/noticias\/wp-content\/uploads\/2014\/09\/siria2.jpg\" \/>\n\t\t<meta property=\"og:image:secure_url\" content=\"https:\/\/candas365.es\/noticias\/wp-content\/uploads\/2014\/09\/siria2.jpg\" \/>\n\t\t<meta property=\"og:image:width\" content=\"360\" \/>\n\t\t<meta property=\"og:image:height\" content=\"238\" \/>\n\t\t<meta property=\"article:published_time\" content=\"2016-08-05T01:42:39+00:00\" \/>\n\t\t<meta property=\"article:modified_time\" content=\"2016-08-05T01:42:39+00:00\" \/>\n\t\t<meta property=\"article:publisher\" content=\"https:\/\/www.facebook.com\/Nachofdezber\" \/>\n\t\t<meta property=\"article:author\" content=\"https:\/\/www.facebook.com\/carrenoactualidad\" \/>\n\t\t<meta name=\"twitter:card\" content=\"summary_large_image\" \/>\n\t\t<meta name=\"twitter:site\" content=\"@NabercoDigital\" \/>\n\t\t<meta name=\"twitter:title\" content=\"Ministro alem\u00e1n RREE apela a evitar una cat\u00e1strofe a\u00fan peor en Alepo | Cand\u00e1s 365\" \/>\n\t\t<meta name=\"twitter:description\" content=\"Berl\u00edn, 4 ago (dpa) - El ministro alem\u00e1n de Exteriores, Frank-Walter Steinmeier, reclam\u00f3 la apertura de accesos controlados por la ONU a Alepo para poder proveer a los ciudadanos de la ciudad del norte de Siria, seg\u00fan declaraciones publicadas hoy en el diario alem\u00e1n &quot;Bild&quot;. &quot;Ahora se trata de evitar una cat\u00e1strofe a\u00fan peor para\" \/>\n\t\t<meta name=\"twitter:creator\" content=\"@nbasturias\" \/>\n\t\t<meta name=\"twitter:image\" content=\"https:\/\/candas365.es\/noticias\/wp-content\/uploads\/2014\/09\/siria2.jpg\" \/>\n\t\t<meta name=\"twitter:label1\" content=\"Escrito por\" \/>\n\t\t<meta name=\"twitter:data1\" content=\"Cand\u00e1s 365\" \/>\n\t\t<meta name=\"twitter:label2\" content=\"Tiempo de lectura estimado\" \/>\n\t\t<meta name=\"twitter:data2\" content=\"1 minuto\" \/>\n\t\t<script type=\"application\/ld+json\" class=\"aioseo-schema\">\n\t\t\t{\"@context\":\"https:\\\/\\\/schema.org\",\"@graph\":[{\"@type\":\"BreadcrumbList\",\"@id\":\"https:\\\/\\\/candas365.es\\\/noticias\\\/ministro-aleman-rree-apela-a-evitar-una-catastrofe-aun-peor-en-alepo\\\/#breadcrumblist\",\"itemListElement\":[{\"@type\":\"ListItem\",\"@id\":\"https:\\\/\\\/candas365.es\\\/noticias#listItem\",\"position\":1,\"name\":\"Home\",\"item\":\"https:\\\/\\\/candas365.es\\\/noticias\",\"nextItem\":{\"@type\":\"ListItem\",\"@id\":\"https:\\\/\\\/candas365.es\\\/noticias\\\/category\\\/actualidad\\\/#listItem\",\"name\":\"Actualidad\"}},{\"@type\":\"ListItem\",\"@id\":\"https:\\\/\\\/candas365.es\\\/noticias\\\/category\\\/actualidad\\\/#listItem\",\"position\":2,\"name\":\"Actualidad\",\"item\":\"https:\\\/\\\/candas365.es\\\/noticias\\\/category\\\/actualidad\\\/\",\"nextItem\":{\"@type\":\"ListItem\",\"@id\":\"https:\\\/\\\/candas365.es\\\/noticias\\\/ministro-aleman-rree-apela-a-evitar-una-catastrofe-aun-peor-en-alepo\\\/#listItem\",\"name\":\"Ministro alem\\u00e1n RREE apela a evitar una cat\\u00e1strofe a\\u00fan peor en Alepo\"},\"previousItem\":{\"@type\":\"ListItem\",\"@id\":\"https:\\\/\\\/candas365.es\\\/noticias#listItem\",\"name\":\"Home\"}},{\"@type\":\"ListItem\",\"@id\":\"https:\\\/\\\/candas365.es\\\/noticias\\\/ministro-aleman-rree-apela-a-evitar-una-catastrofe-aun-peor-en-alepo\\\/#listItem\",\"position\":3,\"name\":\"Ministro alem\\u00e1n RREE apela a evitar una cat\\u00e1strofe a\\u00fan peor en Alepo\",\"previousItem\":{\"@type\":\"ListItem\",\"@id\":\"https:\\\/\\\/candas365.es\\\/noticias\\\/category\\\/actualidad\\\/#listItem\",\"name\":\"Actualidad\"}}]},{\"@type\":\"NewsArticle\",\"@id\":\"https:\\\/\\\/candas365.es\\\/noticias\\\/ministro-aleman-rree-apela-a-evitar-una-catastrofe-aun-peor-en-alepo\\\/#newsarticle\",\"name\":\"Ministro alem\\u00e1n RREE apela a evitar una cat\\u00e1strofe a\\u00fan peor en Alepo | Cand\\u00e1s 365\",\"headline\":\"Ministro alem\\u00e1n RREE apela a evitar una cat\\u00e1strofe a\\u00fan peor en Alepo\",\"author\":{\"@id\":\"https:\\\/\\\/candas365.es\\\/noticias\\\/author\\\/admin\\\/#author\"},\"publisher\":{\"@id\":\"https:\\\/\\\/candas365.es\\\/noticias\\\/#organization\"},\"image\":{\"@type\":\"ImageObject\",\"url\":\"https:\\\/\\\/candas365.es\\\/noticias\\\/wp-content\\\/uploads\\\/2014\\\/09\\\/siria2.jpg\",\"width\":360,\"height\":238},\"datePublished\":\"2016-08-05T03:12:39+02:00\",\"dateModified\":\"2016-08-05T03:12:39+02:00\",\"inLanguage\":\"es-ES\",\"mainEntityOfPage\":{\"@id\":\"https:\\\/\\\/candas365.es\\\/noticias\\\/ministro-aleman-rree-apela-a-evitar-una-catastrofe-aun-peor-en-alepo\\\/#webpage\"},\"isPartOf\":{\"@id\":\"https:\\\/\\\/candas365.es\\\/noticias\\\/ministro-aleman-rree-apela-a-evitar-una-catastrofe-aun-peor-en-alepo\\\/#webpage\"},\"articleSection\":\"Actualidad\",\"dateline\":\"Publicado el agosto 5, 2016.\"},{\"@type\":\"Organization\",\"@id\":\"https:\\\/\\\/candas365.es\\\/noticias\\\/#organization\",\"name\":\"Cand\\u00e1s 365\",\"description\":\"Cand\\u00e1s 365 es un diario digital independiente, fundado en 2012, con base en Asturias. Informamos con rigor sobre actualidad, sociedad, cultura y ocio, con una mirada local y global.\",\"url\":\"https:\\\/\\\/candas365.es\\\/noticias\\\/\",\"email\":\"info@candas365.es\",\"telephone\":\"+34652131393\",\"foundingDate\":\"2012-06-10\",\"logo\":{\"@type\":\"ImageObject\",\"url\":\"https:\\\/\\\/candas365.es\\\/noticias\\\/wp-content\\\/uploads\\\/2024\\\/09\\\/Candas-365-Redes.jpg\",\"@id\":\"https:\\\/\\\/candas365.es\\\/noticias\\\/ministro-aleman-rree-apela-a-evitar-una-catastrofe-aun-peor-en-alepo\\\/#organizationLogo\",\"width\":1152,\"height\":864,\"caption\":\"Cand\\u00e1s 365 Redes\"},\"image\":{\"@id\":\"https:\\\/\\\/candas365.es\\\/noticias\\\/ministro-aleman-rree-apela-a-evitar-una-catastrofe-aun-peor-en-alepo\\\/#organizationLogo\"},\"sameAs\":[\"https:\\\/\\\/www.facebook.com\\\/Nachofdezber\",\"https:\\\/\\\/x.com\\\/NabercoDigital\",\"https:\\\/\\\/www.instagram.com\\\/nachofdezber\\\/\",\"https:\\\/\\\/www.youtube.com\\\/channel\\\/UCZP-2wLEB9Rv6erhFmqVnvg\"],\"address\":{\"@id\":\"https:\\\/\\\/candas365.es\\\/noticias\\\/#postaladdress\",\"@type\":\"PostalAddress\",\"streetAddress\":\"san antonio 4, san antonio 4\",\"postalCode\":\"33430\",\"addressLocality\":\"Cand\\u00e1s\",\"addressRegion\":\"Asturias\",\"addressCountry\":\"ES\"}},{\"@type\":\"Person\",\"@id\":\"https:\\\/\\\/candas365.es\\\/noticias\\\/author\\\/admin\\\/#author\",\"url\":\"https:\\\/\\\/candas365.es\\\/noticias\\\/author\\\/admin\\\/\",\"name\":\"Cand\\u00e1s 365\",\"image\":{\"@type\":\"ImageObject\",\"@id\":\"https:\\\/\\\/candas365.es\\\/noticias\\\/ministro-aleman-rree-apela-a-evitar-una-catastrofe-aun-peor-en-alepo\\\/#authorImage\",\"url\":\"https:\\\/\\\/secure.gravatar.com\\\/avatar\\\/496a8e03d0c493ede1718b7934145dbdf8d89be1036b0eec9544e1094c9de390?s=96&d=mm&r=g\",\"width\":96,\"height\":96,\"caption\":\"Cand\\u00e1s 365\"},\"sameAs\":[\"https:\\\/\\\/www.facebook.com\\\/carrenoactualidad\",\"https:\\\/\\\/twitter.com\\\/nbasturias\",\"https:\\\/\\\/www.instagram.com\\\/nachofdezber\\\/\",\"https:\\\/\\\/www.youtube.com\\\/channel\\\/UCZP-2wLEB9Rv6erhFmqVnvg\"]},{\"@type\":\"WebPage\",\"@id\":\"https:\\\/\\\/candas365.es\\\/noticias\\\/ministro-aleman-rree-apela-a-evitar-una-catastrofe-aun-peor-en-alepo\\\/#webpage\",\"url\":\"https:\\\/\\\/candas365.es\\\/noticias\\\/ministro-aleman-rree-apela-a-evitar-una-catastrofe-aun-peor-en-alepo\\\/\",\"name\":\"Ministro alem\\u00e1n RREE apela a evitar una cat\\u00e1strofe a\\u00fan peor en Alepo | Cand\\u00e1s 365\",\"description\":\"Berl\\u00edn, 4 ago (dpa) - El ministro alem\\u00e1n de Exteriores, Frank-Walter Steinmeier, reclam\\u00f3 la apertura de accesos controlados por la ONU a Alepo para poder proveer a los ciudadanos de la ciudad del norte de Siria, seg\\u00fan declaraciones publicadas hoy en el diario alem\\u00e1n \\\"Bild\\\". \\\"Ahora se trata de evitar una cat\\u00e1strofe a\\u00fan peor para\",\"inLanguage\":\"es-ES\",\"isPartOf\":{\"@id\":\"https:\\\/\\\/candas365.es\\\/noticias\\\/#website\"},\"breadcrumb\":{\"@id\":\"https:\\\/\\\/candas365.es\\\/noticias\\\/ministro-aleman-rree-apela-a-evitar-una-catastrofe-aun-peor-en-alepo\\\/#breadcrumblist\"},\"author\":{\"@id\":\"https:\\\/\\\/candas365.es\\\/noticias\\\/author\\\/admin\\\/#author\"},\"creator\":{\"@id\":\"https:\\\/\\\/candas365.es\\\/noticias\\\/author\\\/admin\\\/#author\"},\"image\":{\"@type\":\"ImageObject\",\"url\":\"https:\\\/\\\/candas365.es\\\/noticias\\\/wp-content\\\/uploads\\\/2014\\\/09\\\/siria2.jpg\",\"@id\":\"https:\\\/\\\/candas365.es\\\/noticias\\\/ministro-aleman-rree-apela-a-evitar-una-catastrofe-aun-peor-en-alepo\\\/#mainImage\",\"width\":360,\"height\":238},\"primaryImageOfPage\":{\"@id\":\"https:\\\/\\\/candas365.es\\\/noticias\\\/ministro-aleman-rree-apela-a-evitar-una-catastrofe-aun-peor-en-alepo\\\/#mainImage\"},\"datePublished\":\"2016-08-05T03:12:39+02:00\",\"dateModified\":\"2016-08-05T03:12:39+02:00\"},{\"@type\":\"WebSite\",\"@id\":\"https:\\\/\\\/candas365.es\\\/noticias\\\/#website\",\"url\":\"https:\\\/\\\/candas365.es\\\/noticias\\\/\",\"name\":\"Cand\\u00e1s 365\",\"alternateName\":\"Cand\\u00e1s 365 Noticias\",\"description\":\"Actualidad desde Carre\\u00f1o para el mundo\",\"inLanguage\":\"es-ES\",\"publisher\":{\"@id\":\"https:\\\/\\\/candas365.es\\\/noticias\\\/#organization\"}}]}\n\t\t<\/script>\n\t\t<!-- All in One SEO Pro -->\r\n\t\t<title>Ministro alem\u00e1n RREE apela a evitar una cat\u00e1strofe a\u00fan peor en Alepo | Cand\u00e1s 365<\/title>\n\n","aioseo_head_json":{"title":"Ministro alem\u00e1n RREE apela a evitar una cat\u00e1strofe a\u00fan peor en Alepo | Cand\u00e1s 365","description":"Berl\u00edn, 4 ago (dpa) - El ministro alem\u00e1n de Exteriores, Frank-Walter Steinmeier, reclam\u00f3 la apertura de accesos controlados por la ONU a Alepo para poder proveer a los ciudadanos de la ciudad del norte de Siria, seg\u00fan declaraciones publicadas hoy en el diario alem\u00e1n \"Bild\". \"Ahora se trata de evitar una cat\u00e1strofe a\u00fan peor para","canonical_url":"https:\/\/candas365.es\/noticias\/ministro-aleman-rree-apela-a-evitar-una-catastrofe-aun-peor-en-alepo\/","robots":"max-image-preview:large","keywords":"actualidad","webmasterTools":{"google-site-verification":"UA-32230408-1","msvalidate.01":"354F3CDFB2DA171B47FBE9ABF1F88D5","miscellaneous":""},"schema":{"@context":"https:\/\/schema.org","@graph":[{"@type":"BreadcrumbList","@id":"https:\/\/candas365.es\/noticias\/ministro-aleman-rree-apela-a-evitar-una-catastrofe-aun-peor-en-alepo\/#breadcrumblist","itemListElement":[{"@type":"ListItem","@id":"https:\/\/candas365.es\/noticias#listItem","position":1,"name":"Home","item":"https:\/\/candas365.es\/noticias","nextItem":{"@type":"ListItem","@id":"https:\/\/candas365.es\/noticias\/category\/actualidad\/#listItem","name":"Actualidad"}},{"@type":"ListItem","@id":"https:\/\/candas365.es\/noticias\/category\/actualidad\/#listItem","position":2,"name":"Actualidad","item":"https:\/\/candas365.es\/noticias\/category\/actualidad\/","nextItem":{"@type":"ListItem","@id":"https:\/\/candas365.es\/noticias\/ministro-aleman-rree-apela-a-evitar-una-catastrofe-aun-peor-en-alepo\/#listItem","name":"Ministro alem\u00e1n RREE apela a evitar una cat\u00e1strofe a\u00fan peor en Alepo"},"previousItem":{"@type":"ListItem","@id":"https:\/\/candas365.es\/noticias#listItem","name":"Home"}},{"@type":"ListItem","@id":"https:\/\/candas365.es\/noticias\/ministro-aleman-rree-apela-a-evitar-una-catastrofe-aun-peor-en-alepo\/#listItem","position":3,"name":"Ministro alem\u00e1n RREE apela a evitar una cat\u00e1strofe a\u00fan peor en Alepo","previousItem":{"@type":"ListItem","@id":"https:\/\/candas365.es\/noticias\/category\/actualidad\/#listItem","name":"Actualidad"}}]},{"@type":"NewsArticle","@id":"https:\/\/candas365.es\/noticias\/ministro-aleman-rree-apela-a-evitar-una-catastrofe-aun-peor-en-alepo\/#newsarticle","name":"Ministro alem\u00e1n RREE apela a evitar una cat\u00e1strofe a\u00fan peor en Alepo | Cand\u00e1s 365","headline":"Ministro alem\u00e1n RREE apela a evitar una cat\u00e1strofe a\u00fan peor en Alepo","author":{"@id":"https:\/\/candas365.es\/noticias\/author\/admin\/#author"},"publisher":{"@id":"https:\/\/candas365.es\/noticias\/#organization"},"image":{"@type":"ImageObject","url":"https:\/\/candas365.es\/noticias\/wp-content\/uploads\/2014\/09\/siria2.jpg","width":360,"height":238},"datePublished":"2016-08-05T03:12:39+02:00","dateModified":"2016-08-05T03:12:39+02:00","inLanguage":"es-ES","mainEntityOfPage":{"@id":"https:\/\/candas365.es\/noticias\/ministro-aleman-rree-apela-a-evitar-una-catastrofe-aun-peor-en-alepo\/#webpage"},"isPartOf":{"@id":"https:\/\/candas365.es\/noticias\/ministro-aleman-rree-apela-a-evitar-una-catastrofe-aun-peor-en-alepo\/#webpage"},"articleSection":"Actualidad","dateline":"Publicado el agosto 5, 2016."},{"@type":"Organization","@id":"https:\/\/candas365.es\/noticias\/#organization","name":"Cand\u00e1s 365","description":"Cand\u00e1s 365 es un diario digital independiente, fundado en 2012, con base en Asturias. Informamos con rigor sobre actualidad, sociedad, cultura y ocio, con una mirada local y global.","url":"https:\/\/candas365.es\/noticias\/","email":"info@candas365.es","telephone":"+34652131393","foundingDate":"2012-06-10","logo":{"@type":"ImageObject","url":"https:\/\/candas365.es\/noticias\/wp-content\/uploads\/2024\/09\/Candas-365-Redes.jpg","@id":"https:\/\/candas365.es\/noticias\/ministro-aleman-rree-apela-a-evitar-una-catastrofe-aun-peor-en-alepo\/#organizationLogo","width":1152,"height":864,"caption":"Cand\u00e1s 365 Redes"},"image":{"@id":"https:\/\/candas365.es\/noticias\/ministro-aleman-rree-apela-a-evitar-una-catastrofe-aun-peor-en-alepo\/#organizationLogo"},"sameAs":["https:\/\/www.facebook.com\/Nachofdezber","https:\/\/x.com\/NabercoDigital","https:\/\/www.instagram.com\/nachofdezber\/","https:\/\/www.youtube.com\/channel\/UCZP-2wLEB9Rv6erhFmqVnvg"],"address":{"@id":"https:\/\/candas365.es\/noticias\/#postaladdress","@type":"PostalAddress","streetAddress":"san antonio 4, san antonio 4","postalCode":"33430","addressLocality":"Cand\u00e1s","addressRegion":"Asturias","addressCountry":"ES"}},{"@type":"Person","@id":"https:\/\/candas365.es\/noticias\/author\/admin\/#author","url":"https:\/\/candas365.es\/noticias\/author\/admin\/","name":"Cand\u00e1s 365","image":{"@type":"ImageObject","@id":"https:\/\/candas365.es\/noticias\/ministro-aleman-rree-apela-a-evitar-una-catastrofe-aun-peor-en-alepo\/#authorImage","url":"https:\/\/secure.gravatar.com\/avatar\/496a8e03d0c493ede1718b7934145dbdf8d89be1036b0eec9544e1094c9de390?s=96&d=mm&r=g","width":96,"height":96,"caption":"Cand\u00e1s 365"},"sameAs":["https:\/\/www.facebook.com\/carrenoactualidad","https:\/\/twitter.com\/nbasturias","https:\/\/www.instagram.com\/nachofdezber\/","https:\/\/www.youtube.com\/channel\/UCZP-2wLEB9Rv6erhFmqVnvg"]},{"@type":"WebPage","@id":"https:\/\/candas365.es\/noticias\/ministro-aleman-rree-apela-a-evitar-una-catastrofe-aun-peor-en-alepo\/#webpage","url":"https:\/\/candas365.es\/noticias\/ministro-aleman-rree-apela-a-evitar-una-catastrofe-aun-peor-en-alepo\/","name":"Ministro alem\u00e1n RREE apela a evitar una cat\u00e1strofe a\u00fan peor en Alepo | Cand\u00e1s 365","description":"Berl\u00edn, 4 ago (dpa) - El ministro alem\u00e1n de Exteriores, Frank-Walter Steinmeier, reclam\u00f3 la apertura de accesos controlados por la ONU a Alepo para poder proveer a los ciudadanos de la ciudad del norte de Siria, seg\u00fan declaraciones publicadas hoy en el diario alem\u00e1n \"Bild\". \"Ahora se trata de evitar una cat\u00e1strofe a\u00fan peor para","inLanguage":"es-ES","isPartOf":{"@id":"https:\/\/candas365.es\/noticias\/#website"},"breadcrumb":{"@id":"https:\/\/candas365.es\/noticias\/ministro-aleman-rree-apela-a-evitar-una-catastrofe-aun-peor-en-alepo\/#breadcrumblist"},"author":{"@id":"https:\/\/candas365.es\/noticias\/author\/admin\/#author"},"creator":{"@id":"https:\/\/candas365.es\/noticias\/author\/admin\/#author"},"image":{"@type":"ImageObject","url":"https:\/\/candas365.es\/noticias\/wp-content\/uploads\/2014\/09\/siria2.jpg","@id":"https:\/\/candas365.es\/noticias\/ministro-aleman-rree-apela-a-evitar-una-catastrofe-aun-peor-en-alepo\/#mainImage","width":360,"height":238},"primaryImageOfPage":{"@id":"https:\/\/candas365.es\/noticias\/ministro-aleman-rree-apela-a-evitar-una-catastrofe-aun-peor-en-alepo\/#mainImage"},"datePublished":"2016-08-05T03:12:39+02:00","dateModified":"2016-08-05T03:12:39+02:00"},{"@type":"WebSite","@id":"https:\/\/candas365.es\/noticias\/#website","url":"https:\/\/candas365.es\/noticias\/","name":"Cand\u00e1s 365","alternateName":"Cand\u00e1s 365 Noticias","description":"Actualidad desde Carre\u00f1o para el mundo","inLanguage":"es-ES","publisher":{"@id":"https:\/\/candas365.es\/noticias\/#organization"}}]},"og:locale":"es_ES","og:site_name":"Cand\u00e1s 365","og:type":"article","og:title":"Ministro alem\u00e1n RREE apela a evitar una cat\u00e1strofe a\u00fan peor en Alepo | Cand\u00e1s 365","og:description":"Berl\u00edn, 4 ago (dpa) - El ministro alem\u00e1n de Exteriores, Frank-Walter Steinmeier, reclam\u00f3 la apertura de accesos controlados por la ONU a Alepo para poder proveer a los ciudadanos de la ciudad del norte de Siria, seg\u00fan declaraciones publicadas hoy en el diario alem\u00e1n &quot;Bild&quot;. &quot;Ahora se trata de evitar una cat\u00e1strofe a\u00fan peor para","og:url":"https:\/\/candas365.es\/noticias\/ministro-aleman-rree-apela-a-evitar-una-catastrofe-aun-peor-en-alepo\/","og:image":"https:\/\/candas365.es\/noticias\/wp-content\/uploads\/2014\/09\/siria2.jpg","og:image:secure_url":"https:\/\/candas365.es\/noticias\/wp-content\/uploads\/2014\/09\/siria2.jpg","og:image:width":360,"og:image:height":238,"article:published_time":"2016-08-05T01:42:39+00:00","article:modified_time":"2016-08-05T01:42:39+00:00","article:publisher":"https:\/\/www.facebook.com\/Nachofdezber","article:author":"https:\/\/www.facebook.com\/carrenoactualidad","twitter:card":"summary_large_image","twitter:site":"@NabercoDigital","twitter:title":"Ministro alem\u00e1n RREE apela a evitar una cat\u00e1strofe a\u00fan peor en Alepo | Cand\u00e1s 365","twitter:description":"Berl\u00edn, 4 ago (dpa) - El ministro alem\u00e1n de Exteriores, Frank-Walter Steinmeier, reclam\u00f3 la apertura de accesos controlados por la ONU a Alepo para poder proveer a los ciudadanos de la ciudad del norte de Siria, seg\u00fan declaraciones publicadas hoy en el diario alem\u00e1n &quot;Bild&quot;. &quot;Ahora se trata de evitar una cat\u00e1strofe a\u00fan peor para","twitter:creator":"@nbasturias","twitter:image":"https:\/\/candas365.es\/noticias\/wp-content\/uploads\/2014\/09\/siria2.jpg","twitter:label1":"Escrito por","twitter:data1":"Cand\u00e1s 365","twitter:label2":"Tiempo de lectura estimado","twitter:data2":"1 minuto"},"aioseo_meta_data":{"post_id":"33223","title":null,"description":null,"keywords":null,"keyphrases":null,"primary_term":null,"canonical_url":null,"og_title":null,"og_description":null,"og_object_type":"default","og_image_type":"default","og_image_url":null,"og_image_width":null,"og_image_height":null,"og_image_custom_url":null,"og_image_custom_fields":null,"og_video":null,"og_custom_url":null,"og_article_section":null,"og_article_tags":null,"twitter_use_og":false,"twitter_card":"default","twitter_image_type":"default","twitter_image_url":null,"twitter_image_custom_url":null,"twitter_image_custom_fields":null,"twitter_title":null,"twitter_description":null,"schema":{"blockGraphs":[],"customGraphs":[],"default":{"data":{"Article":[],"Course":[],"Dataset":[],"FAQPage":[],"Movie":[],"Person":[],"Product":[],"ProductReview":[],"Car":[],"Recipe":[],"Service":[],"SoftwareApplication":[],"WebPage":[]},"graphName":"","isEnabled":true},"graphs":[]},"schema_type":null,"schema_type_options":null,"pillar_content":false,"robots_default":true,"robots_noindex":false,"robots_noarchive":false,"robots_nosnippet":false,"robots_nofollow":false,"robots_noimageindex":false,"robots_noodp":false,"robots_notranslate":false,"robots_max_snippet":null,"robots_max_videopreview":null,"robots_max_imagepreview":"large","priority":null,"frequency":null,"location":null,"local_seo":null,"seo_analyzer_scan_date":"2025-08-24 16:36:10","breadcrumb_settings":null,"limit_modified_date":false,"reviewed_by":null,"open_ai":null,"ai":null,"created":"2020-12-21 13:06:19","updated":"2025-08-24 16:36:10"},"aioseo_breadcrumb":"<div class=\"aioseo-breadcrumbs\"><span class=\"aioseo-breadcrumb\">\n\t<a href=\"https:\/\/candas365.es\/noticias\" title=\"Home\">Home<\/a>\n<\/span><span class=\"aioseo-breadcrumb-separator\">&ndash;<\/span><span class=\"aioseo-breadcrumb\">\n\t<a href=\"https:\/\/candas365.es\/noticias\/category\/actualidad\/\" title=\"Actualidad\">Actualidad<\/a>\n<\/span><span class=\"aioseo-breadcrumb-separator\">&ndash;<\/span><span class=\"aioseo-breadcrumb\">\n\tMinistro alem\u00e1n RREE apela a evitar una cat\u00e1strofe a\u00fan peor en Alepo\n<\/span><\/div>","aioseo_breadcrumb_json":[{"label":"Home","link":"https:\/\/candas365.es\/noticias"},{"label":"Actualidad","link":"https:\/\/candas365.es\/noticias\/category\/actualidad\/"},{"label":"Ministro alem\u00e1n RREE apela a evitar una cat\u00e1strofe a\u00fan peor en Alepo","link":"https:\/\/candas365.es\/noticias\/ministro-aleman-rree-apela-a-evitar-una-catastrofe-aun-peor-en-alepo\/"}],"_links":{"self":[{"href":"https:\/\/candas365.es\/noticias\/wp-json\/wp\/v2\/posts\/33223","targetHints":{"allow":["GET"]}}],"collection":[{"href":"https:\/\/candas365.es\/noticias\/wp-json\/wp\/v2\/posts"}],"about":[{"href":"https:\/\/candas365.es\/noticias\/wp-json\/wp\/v2\/types\/post"}],"author":[{"embeddable":true,"href":"https:\/\/candas365.es\/noticias\/wp-json\/wp\/v2\/users\/1"}],"replies":[{"embeddable":true,"href":"https:\/\/candas365.es\/noticias\/wp-json\/wp\/v2\/comments?post=33223"}],"version-history":[{"count":0,"href":"https:\/\/candas365.es\/noticias\/wp-json\/wp\/v2\/posts\/33223\/revisions"}],"wp:featuredmedia":[{"embeddable":true,"href":"https:\/\/candas365.es\/noticias\/wp-json\/wp\/v2\/media\/335"}],"wp:attachment":[{"href":"https:\/\/candas365.es\/noticias\/wp-json\/wp\/v2\/media?parent=33223"}],"wp:term":[{"taxonomy":"category","embeddable":true,"href":"https:\/\/candas365.es\/noticias\/wp-json\/wp\/v2\/categories?post=33223"},{"taxonomy":"post_tag","embeddable":true,"href":"https:\/\/candas365.es\/noticias\/wp-json\/wp\/v2\/tags?post=33223"}],"curies":[{"name":"wp","href":"https:\/\/api.w.org\/{rel}","templated":true}]}}