{"id":33188,"date":"2016-08-03T19:38:47","date_gmt":"2016-08-03T18:08:47","guid":{"rendered":"http:\/\/candas365.es\/noticias\/?p=33188"},"modified":"2016-08-03T19:38:47","modified_gmt":"2016-08-03T18:08:47","slug":"karl-heinz-rummenigge-ancelotti-no-quiere-que-todos-lo-quieran","status":"publish","type":"post","link":"https:\/\/candas365.es\/noticias\/karl-heinz-rummenigge-ancelotti-no-quiere-que-todos-lo-quieran\/","title":{"rendered":"Karl-Heinz Rummenigge: \u00abAncelotti no quiere que todos lo quieran\u00bb"},"content":{"rendered":"<p><img fetchpriority=\"high\" decoding=\"async\" class=\"alignleft size-medium wp-image-33189\" src=\"https:\/\/candas365.es\/noticias\/wp-content\/uploads\/2016\/08\/Rummenigge-360x198.jpg\" alt=\"Rummenigge\" width=\"360\" height=\"198\" srcset=\"https:\/\/candas365.es\/noticias\/wp-content\/uploads\/2016\/08\/Rummenigge-360x198.jpg 360w, https:\/\/candas365.es\/noticias\/wp-content\/uploads\/2016\/08\/Rummenigge-650x357.jpg 650w, https:\/\/candas365.es\/noticias\/wp-content\/uploads\/2016\/08\/Rummenigge-150x82.jpg 150w, https:\/\/candas365.es\/noticias\/wp-content\/uploads\/2016\/08\/Rummenigge-450x247.jpg 450w, https:\/\/candas365.es\/noticias\/wp-content\/uploads\/2016\/08\/Rummenigge.jpg 655w\" sizes=\"(max-width: 360px) 100vw, 360px\" \/>Nueva York, 3 ago (dpa) &#8211; El jefe de la junta directiva del Bayern M\u00fanich, Karl-Heinz Rummenigge, asegur\u00f3 que el italiano Carlo Ancelotti no tendr\u00e1 problemas en tomar decisiones dr\u00e1sticas al frente del campe\u00f3n del f\u00fatbol alem\u00e1n a pesar de la fama de apacible que le persigue.<\/p>\n<p>\u00abEn la relaci\u00f3n con los jugadores se preocupa de cuidar un estilo amistoso, pero tambi\u00e9n exige disciplina dentro y fuera de la cancha\u00bb, dijo Rummenigge, de 60 a\u00f1os, en una entrevista con la agencia dpa en Nueva York, donde el Bayern pondr\u00e1 hoy fin a su gira de pretemporada en Estados Unidos con un amistoso ante el Real Madrid.<\/p>\n<p>\u00abEs un hombre muy agradable y un entrenador consolidado que ha ganado todo lo que se puede ganar en el f\u00fatbol de clubes\u00bb, a\u00f1ade el ex futbolista en una conversaci\u00f3n en la que pide a la FIFA y a la UEFA que reduzcan el calendario internacional.<\/p>\n<p>\u00abHa llegado el momento de hacer menos pol\u00edtica y m\u00e1s f\u00fatbol\u00bb, proclama Rummenigge.<\/p>\n<p><strong>dpa: Se acaba la gira de pretemporada por Estados Unidos. \u00bfSe cumpli\u00f3 el prop\u00f3sito desde el punto de vista comercial y deportivo pese a que faltaron grandes estrellas como Thomas M\u00fcller, Manuel Neuer, Mats Hummels o Robert Lewandowski?<\/strong><\/p>\n<p>Rummenigge: Las expectativas se superaron. El equipo se vendi\u00f3 bien. Ya en los partidos de Chicago y Charlotte se pudo ver que tenemos un gran n\u00famero de seguidores en Estados Unidos. Fue incre\u00edble ver a tantos fans con la camiseta del Bayern en el estadio y estoy sorprendido por el n\u00famero de hinchas que hemos ganado aqu\u00ed. Para m\u00ed es una prueba de que hicimos lo correcto cuando abrimos en 2014 una oficina en Nueva York, donde nuestra gente hace un gran trabajo.<\/p>\n<p><strong>dpa: Ancelotti decidi\u00f3 dar m\u00e1s descanso del habitual a los internacionales despu\u00e9s de la Eurocopa y seguramente sum\u00f3 alg\u00fan punto en su relaci\u00f3n con M\u00fcller y compa\u00f1\u00eda. \u00bfEs Ancelotti un hombre listo?<\/strong><\/p>\n<p>Rummenigge: Es b\u00e1sicamente un tipo inteligente. Por supuesto que a los jugadores les gusta que les den m\u00e1s vacaciones. Pero la filosof\u00eda de nuestro club fue y es \u00abel f\u00fatbol est\u00e1 por delante del marketing\u00bb. \u00a1Y esa f\u00f3rmula no va a cambiar! Es cierto que tenemos que ganar dinero para invertir en nuestra plantilla. Y mantener la calidad es algo muy costoso.<\/p>\n<p><strong>dpa: Da la sensaci\u00f3n de que Ancelotti parece a veces m\u00e1s un compa\u00f1ero que un entrenador. \u00bfC\u00f3mo lo ve?<\/strong><\/p>\n<p>Rummenigge: Es un hombre muy agradable y un entrenador consolidado que ha ganado todo lo que se puede ganar en el f\u00fatbol de clubes. Asumi\u00f3 el cargo sin exigir. Despu\u00e9s del los fichajes de Mats Hummels y Renato Sanches le pregunt\u00e9: \u00ab\u00bfTienes alg\u00fan deseo m\u00e1s?\u00bb Su respuesta fue: \u00abNo, tenemos un gran equipo, estoy totalmente satisfecho\u00bb. En la relaci\u00f3n con los jugadores se preocupa de cuidar un estilo amistoso, pero tambi\u00e9n exige disciplina dentro y fuera de la cancha. No quiere que todos los quieran.<\/p>\n<p><strong>dpa: Y se preocupa de cuidar que no haya una mala conducta, como cuando se acerc\u00f3 a Franck Rib\u00e9ry en una pausa del amistoso ante el Inter de Mil\u00e1n. (Rib\u00e9ry se enzarz\u00f3 con un rival)<\/strong><\/p>\n<p>Rummenigge: S\u00ed, tom\u00f3 las riendas de esa situaci\u00f3n enseguida. Carlo hace un buen trabajo. Tiene 57 a\u00f1os y una basta experiencia. Quer\u00edamos a un entrenador que llevara las cosas con calma.<\/p>\n<p><strong>dpa: M\u00fcller acab\u00f3 la \u00faltima temporada agotado entre el Bayern y la Eurocopa con Alemania. \u00bfEst\u00e1 preocupado en ese sentido?<\/strong><\/p>\n<p>Rummenigge: Thomas fue el jugador que m\u00e1s partidos disput\u00f3 en la \u00faltima temporada. Jug\u00f3 casi cada partido del Bayern y de la selecci\u00f3n alemana. En la Eurocopa sinti\u00f3 cansancio por primera vez. Tenemos que tener cuidado y no exprimir el f\u00fatbol. Me preocupan especialmente las federaciones internacionales, que hinchan cada vez m\u00e1s sus competiciones. Hay Mundial y Eurocopa y ahora llegan la Copa de Naciones de la UEFA y la Copa Confederaciones. Los jugadores no pueden respirar m\u00e1s. Yo hago un llamamiento a la FIFA y a la UEFA: ha llegado el momento de hacer menos pol\u00edtica y m\u00e1s f\u00fatbol.<\/p>\n<p><strong>dpa: Ha hablado usted de la Copa Confederaciones. Alemania jugar\u00e1 la de 2017 como campeona del mundo. \u00bfTiene previsto el Bayern, quiz\u00e1s con otros equipos de la Bundesliga, pedir a la federaci\u00f3n alemana y al seleccionador Joachim L\u00f6w que lleve a un equipo sin todas las grandes estrellas?<\/strong><\/p>\n<p>Rummenigge: Espero que podamos alcanzar un equilibrio. Tendremos que reunirnos con la federaci\u00f3n y especialmente con Joachim L\u00f6w para hablar. Este a\u00f1o tuvimos Eurocopa, en 2017 hay Copa Confederaciones y en 2018 tenemos Mundial. Eso quiere decir que los internacionales van a tener otra vez muy poco tiempo para recuperarse en los pr\u00f3ximos dos a\u00f1os. Mientras tanto, la Copa Confederaciones es una competici\u00f3n sin valor. Se celebra \u00fanicamente para que el anfitri\u00f3n del Mundial pueda probar sus estadios. Que yo sepa, la Copa Confederaciones de Rusia 2017 ser\u00e1 la \u00faltima y luego ser\u00e1 probablemente suprimida del calendario.<\/p>\n<p>KARL-HEINZRUMMENIGGE: naci\u00f3 el 25 de septiembre de 1955. En 1074 dej\u00f3 el Lippstadt y fich\u00f3 por el Bayern M\u00fanich, donde jug\u00f3 hasta 1984, a\u00f1o en el que fue traspasado al Inter de Mil\u00e1n. Disput\u00f3 310 partido s del Bundesliga y marc\u00f3 162 goles. Gan\u00f3 numerosos t\u00edtulos con el Bayern. Desde 2002 es el presidente de la junta directiva del campe\u00f3n alem\u00e1n.<\/p>\n<p><span class=\" readonly\" title=\"\"><em>Por Klaus Bergmann <\/em><\/span><\/p>\n","protected":false},"excerpt":{"rendered":"<p>Nueva York, 3 ago (dpa) &#8211; El jefe de la junta directiva del Bayern M\u00fanich, Karl-Heinz Rummenigge, asegur\u00f3 que el italiano Carlo Ancelotti no tendr\u00e1 problemas en tomar decisiones dr\u00e1sticas al frente del campe\u00f3n del f\u00fatbol alem\u00e1n a pesar de la fama de apacible que le persigue. \u00abEn la relaci\u00f3n con los jugadores se preocupa<\/p>\n","protected":false},"author":1,"featured_media":33189,"comment_status":"closed","ping_status":"closed","sticky":false,"template":"","format":"standard","meta":{"footnotes":""},"categories":[343],"tags":[],"class_list":{"0":"post-33188","1":"post","2":"type-post","3":"status-publish","4":"format-standard","5":"has-post-thumbnail","7":"category-actualidad"},"aioseo_notices":[],"aioseo_head":"\n\t\t<!-- All in One SEO Pro 4.9.6.2 - aioseo.com -->\n\t<meta name=\"description\" content=\"Nueva York, 3 ago (dpa) - El jefe de la junta directiva del Bayern M\u00fanich, Karl-Heinz Rummenigge, asegur\u00f3 que el italiano Carlo Ancelotti no tendr\u00e1 problemas en tomar decisiones dr\u00e1sticas al frente del campe\u00f3n del f\u00fatbol alem\u00e1n a pesar de la fama de apacible que le persigue. &quot;En la relaci\u00f3n con los jugadores se preocupa\" \/>\n\t<meta name=\"robots\" content=\"max-image-preview:large\" \/>\n\t<meta name=\"author\" content=\"Cand\u00e1s 365\"\/>\n\t<meta name=\"google-site-verification\" content=\"UA-32230408-1\" \/>\n\t<meta name=\"msvalidate.01\" content=\"354F3CDFB2DA171B47FBE9ABF1F88D5\" \/>\n\t<meta name=\"keywords\" content=\"actualidad\" \/>\n\t<link rel=\"canonical\" href=\"https:\/\/candas365.es\/noticias\/karl-heinz-rummenigge-ancelotti-no-quiere-que-todos-lo-quieran\/\" \/>\n\t<meta name=\"generator\" content=\"All in One SEO Pro (AIOSEO) 4.9.6.2\" \/>\n\t\t<meta property=\"og:locale\" content=\"es_ES\" \/>\n\t\t<meta property=\"og:site_name\" content=\"Cand\u00e1s 365\" \/>\n\t\t<meta property=\"og:type\" content=\"article\" \/>\n\t\t<meta property=\"og:title\" content=\"Karl-Heinz Rummenigge: \u00abAncelotti no quiere que todos lo quieran\u00bb | Cand\u00e1s 365\" \/>\n\t\t<meta property=\"og:description\" content=\"Nueva York, 3 ago (dpa) - El jefe de la junta directiva del Bayern M\u00fanich, Karl-Heinz Rummenigge, asegur\u00f3 que el italiano Carlo Ancelotti no tendr\u00e1 problemas en tomar decisiones dr\u00e1sticas al frente del campe\u00f3n del f\u00fatbol alem\u00e1n a pesar de la fama de apacible que le persigue. &quot;En la relaci\u00f3n con los jugadores se preocupa\" \/>\n\t\t<meta property=\"og:url\" content=\"https:\/\/candas365.es\/noticias\/karl-heinz-rummenigge-ancelotti-no-quiere-que-todos-lo-quieran\/\" \/>\n\t\t<meta property=\"og:image\" content=\"https:\/\/candas365.es\/noticias\/wp-content\/uploads\/2016\/08\/Rummenigge.jpg\" \/>\n\t\t<meta property=\"og:image:secure_url\" content=\"https:\/\/candas365.es\/noticias\/wp-content\/uploads\/2016\/08\/Rummenigge.jpg\" \/>\n\t\t<meta property=\"og:image:width\" content=\"655\" \/>\n\t\t<meta property=\"og:image:height\" content=\"360\" \/>\n\t\t<meta property=\"article:published_time\" content=\"2016-08-03T18:08:47+00:00\" \/>\n\t\t<meta property=\"article:modified_time\" content=\"2016-08-03T18:08:47+00:00\" \/>\n\t\t<meta property=\"article:publisher\" content=\"https:\/\/www.facebook.com\/Nachofdezber\" \/>\n\t\t<meta property=\"article:author\" content=\"https:\/\/www.facebook.com\/carrenoactualidad\" \/>\n\t\t<meta name=\"twitter:card\" content=\"summary_large_image\" \/>\n\t\t<meta name=\"twitter:site\" content=\"@NabercoDigital\" \/>\n\t\t<meta name=\"twitter:title\" content=\"Karl-Heinz Rummenigge: \u00abAncelotti no quiere que todos lo quieran\u00bb | Cand\u00e1s 365\" \/>\n\t\t<meta name=\"twitter:description\" content=\"Nueva York, 3 ago (dpa) - El jefe de la junta directiva del Bayern M\u00fanich, Karl-Heinz Rummenigge, asegur\u00f3 que el italiano Carlo Ancelotti no tendr\u00e1 problemas en tomar decisiones dr\u00e1sticas al frente del campe\u00f3n del f\u00fatbol alem\u00e1n a pesar de la fama de apacible que le persigue. &quot;En la relaci\u00f3n con los jugadores se preocupa\" \/>\n\t\t<meta name=\"twitter:creator\" content=\"@nbasturias\" \/>\n\t\t<meta name=\"twitter:image\" content=\"https:\/\/candas365.es\/noticias\/wp-content\/uploads\/2016\/08\/Rummenigge.jpg\" \/>\n\t\t<meta name=\"twitter:label1\" content=\"Escrito por\" \/>\n\t\t<meta name=\"twitter:data1\" content=\"Cand\u00e1s 365\" \/>\n\t\t<meta name=\"twitter:label2\" content=\"Tiempo de lectura estimado\" \/>\n\t\t<meta name=\"twitter:data2\" content=\"5 minutos\" \/>\n\t\t<script type=\"application\/ld+json\" class=\"aioseo-schema\">\n\t\t\t{\"@context\":\"https:\\\/\\\/schema.org\",\"@graph\":[{\"@type\":\"BreadcrumbList\",\"@id\":\"https:\\\/\\\/candas365.es\\\/noticias\\\/karl-heinz-rummenigge-ancelotti-no-quiere-que-todos-lo-quieran\\\/#breadcrumblist\",\"itemListElement\":[{\"@type\":\"ListItem\",\"@id\":\"https:\\\/\\\/candas365.es\\\/noticias#listItem\",\"position\":1,\"name\":\"Home\",\"item\":\"https:\\\/\\\/candas365.es\\\/noticias\",\"nextItem\":{\"@type\":\"ListItem\",\"@id\":\"https:\\\/\\\/candas365.es\\\/noticias\\\/category\\\/actualidad\\\/#listItem\",\"name\":\"Actualidad\"}},{\"@type\":\"ListItem\",\"@id\":\"https:\\\/\\\/candas365.es\\\/noticias\\\/category\\\/actualidad\\\/#listItem\",\"position\":2,\"name\":\"Actualidad\",\"item\":\"https:\\\/\\\/candas365.es\\\/noticias\\\/category\\\/actualidad\\\/\",\"nextItem\":{\"@type\":\"ListItem\",\"@id\":\"https:\\\/\\\/candas365.es\\\/noticias\\\/karl-heinz-rummenigge-ancelotti-no-quiere-que-todos-lo-quieran\\\/#listItem\",\"name\":\"Karl-Heinz Rummenigge: \\u00abAncelotti no quiere que todos lo quieran\\u00bb\"},\"previousItem\":{\"@type\":\"ListItem\",\"@id\":\"https:\\\/\\\/candas365.es\\\/noticias#listItem\",\"name\":\"Home\"}},{\"@type\":\"ListItem\",\"@id\":\"https:\\\/\\\/candas365.es\\\/noticias\\\/karl-heinz-rummenigge-ancelotti-no-quiere-que-todos-lo-quieran\\\/#listItem\",\"position\":3,\"name\":\"Karl-Heinz Rummenigge: \\u00abAncelotti no quiere que todos lo quieran\\u00bb\",\"previousItem\":{\"@type\":\"ListItem\",\"@id\":\"https:\\\/\\\/candas365.es\\\/noticias\\\/category\\\/actualidad\\\/#listItem\",\"name\":\"Actualidad\"}}]},{\"@type\":\"NewsArticle\",\"@id\":\"https:\\\/\\\/candas365.es\\\/noticias\\\/karl-heinz-rummenigge-ancelotti-no-quiere-que-todos-lo-quieran\\\/#newsarticle\",\"name\":\"Karl-Heinz Rummenigge: \\u00abAncelotti no quiere que todos lo quieran\\u00bb | Cand\\u00e1s 365\",\"headline\":\"Karl-Heinz Rummenigge: \\u00abAncelotti no quiere que todos lo quieran\\u00bb\",\"author\":{\"@id\":\"https:\\\/\\\/candas365.es\\\/noticias\\\/author\\\/admin\\\/#author\"},\"publisher\":{\"@id\":\"https:\\\/\\\/candas365.es\\\/noticias\\\/#organization\"},\"image\":{\"@type\":\"ImageObject\",\"url\":\"https:\\\/\\\/candas365.es\\\/noticias\\\/wp-content\\\/uploads\\\/2016\\\/08\\\/Rummenigge.jpg\",\"width\":655,\"height\":360},\"datePublished\":\"2016-08-03T19:38:47+02:00\",\"dateModified\":\"2016-08-03T19:38:47+02:00\",\"inLanguage\":\"es-ES\",\"mainEntityOfPage\":{\"@id\":\"https:\\\/\\\/candas365.es\\\/noticias\\\/karl-heinz-rummenigge-ancelotti-no-quiere-que-todos-lo-quieran\\\/#webpage\"},\"isPartOf\":{\"@id\":\"https:\\\/\\\/candas365.es\\\/noticias\\\/karl-heinz-rummenigge-ancelotti-no-quiere-que-todos-lo-quieran\\\/#webpage\"},\"articleSection\":\"Actualidad\",\"dateline\":\"Publicado el agosto 3, 2016.\"},{\"@type\":\"Organization\",\"@id\":\"https:\\\/\\\/candas365.es\\\/noticias\\\/#organization\",\"name\":\"Cand\\u00e1s 365\",\"description\":\"Cand\\u00e1s 365 es un diario digital independiente, fundado en 2012, con base en Asturias. Informamos con rigor sobre actualidad, sociedad, cultura y ocio, con una mirada local y global.\",\"url\":\"https:\\\/\\\/candas365.es\\\/noticias\\\/\",\"email\":\"info@candas365.es\",\"telephone\":\"+34652131393\",\"foundingDate\":\"2012-06-10\",\"logo\":{\"@type\":\"ImageObject\",\"url\":\"https:\\\/\\\/candas365.es\\\/noticias\\\/wp-content\\\/uploads\\\/2024\\\/09\\\/Candas-365-Redes.jpg\",\"@id\":\"https:\\\/\\\/candas365.es\\\/noticias\\\/karl-heinz-rummenigge-ancelotti-no-quiere-que-todos-lo-quieran\\\/#organizationLogo\",\"width\":1152,\"height\":864,\"caption\":\"Cand\\u00e1s 365 Redes\"},\"image\":{\"@id\":\"https:\\\/\\\/candas365.es\\\/noticias\\\/karl-heinz-rummenigge-ancelotti-no-quiere-que-todos-lo-quieran\\\/#organizationLogo\"},\"sameAs\":[\"https:\\\/\\\/www.facebook.com\\\/Nachofdezber\",\"https:\\\/\\\/x.com\\\/NabercoDigital\",\"https:\\\/\\\/www.instagram.com\\\/nachofdezber\\\/\",\"https:\\\/\\\/www.youtube.com\\\/channel\\\/UCZP-2wLEB9Rv6erhFmqVnvg\"],\"address\":{\"@id\":\"https:\\\/\\\/candas365.es\\\/noticias\\\/#postaladdress\",\"@type\":\"PostalAddress\",\"streetAddress\":\"san antonio 4, san antonio 4\",\"postalCode\":\"33430\",\"addressLocality\":\"Cand\\u00e1s\",\"addressRegion\":\"Asturias\",\"addressCountry\":\"ES\"}},{\"@type\":\"Person\",\"@id\":\"https:\\\/\\\/candas365.es\\\/noticias\\\/author\\\/admin\\\/#author\",\"url\":\"https:\\\/\\\/candas365.es\\\/noticias\\\/author\\\/admin\\\/\",\"name\":\"Cand\\u00e1s 365\",\"image\":{\"@type\":\"ImageObject\",\"@id\":\"https:\\\/\\\/candas365.es\\\/noticias\\\/karl-heinz-rummenigge-ancelotti-no-quiere-que-todos-lo-quieran\\\/#authorImage\",\"url\":\"https:\\\/\\\/secure.gravatar.com\\\/avatar\\\/496a8e03d0c493ede1718b7934145dbdf8d89be1036b0eec9544e1094c9de390?s=96&d=mm&r=g\",\"width\":96,\"height\":96,\"caption\":\"Cand\\u00e1s 365\"},\"sameAs\":[\"https:\\\/\\\/www.facebook.com\\\/carrenoactualidad\",\"https:\\\/\\\/twitter.com\\\/nbasturias\",\"https:\\\/\\\/www.instagram.com\\\/nachofdezber\\\/\",\"https:\\\/\\\/www.youtube.com\\\/channel\\\/UCZP-2wLEB9Rv6erhFmqVnvg\"]},{\"@type\":\"WebPage\",\"@id\":\"https:\\\/\\\/candas365.es\\\/noticias\\\/karl-heinz-rummenigge-ancelotti-no-quiere-que-todos-lo-quieran\\\/#webpage\",\"url\":\"https:\\\/\\\/candas365.es\\\/noticias\\\/karl-heinz-rummenigge-ancelotti-no-quiere-que-todos-lo-quieran\\\/\",\"name\":\"Karl-Heinz Rummenigge: \\u00abAncelotti no quiere que todos lo quieran\\u00bb | Cand\\u00e1s 365\",\"description\":\"Nueva York, 3 ago (dpa) - El jefe de la junta directiva del Bayern M\\u00fanich, Karl-Heinz Rummenigge, asegur\\u00f3 que el italiano Carlo Ancelotti no tendr\\u00e1 problemas en tomar decisiones dr\\u00e1sticas al frente del campe\\u00f3n del f\\u00fatbol alem\\u00e1n a pesar de la fama de apacible que le persigue. \\\"En la relaci\\u00f3n con los jugadores se preocupa\",\"inLanguage\":\"es-ES\",\"isPartOf\":{\"@id\":\"https:\\\/\\\/candas365.es\\\/noticias\\\/#website\"},\"breadcrumb\":{\"@id\":\"https:\\\/\\\/candas365.es\\\/noticias\\\/karl-heinz-rummenigge-ancelotti-no-quiere-que-todos-lo-quieran\\\/#breadcrumblist\"},\"author\":{\"@id\":\"https:\\\/\\\/candas365.es\\\/noticias\\\/author\\\/admin\\\/#author\"},\"creator\":{\"@id\":\"https:\\\/\\\/candas365.es\\\/noticias\\\/author\\\/admin\\\/#author\"},\"image\":{\"@type\":\"ImageObject\",\"url\":\"https:\\\/\\\/candas365.es\\\/noticias\\\/wp-content\\\/uploads\\\/2016\\\/08\\\/Rummenigge.jpg\",\"@id\":\"https:\\\/\\\/candas365.es\\\/noticias\\\/karl-heinz-rummenigge-ancelotti-no-quiere-que-todos-lo-quieran\\\/#mainImage\",\"width\":655,\"height\":360},\"primaryImageOfPage\":{\"@id\":\"https:\\\/\\\/candas365.es\\\/noticias\\\/karl-heinz-rummenigge-ancelotti-no-quiere-que-todos-lo-quieran\\\/#mainImage\"},\"datePublished\":\"2016-08-03T19:38:47+02:00\",\"dateModified\":\"2016-08-03T19:38:47+02:00\"},{\"@type\":\"WebSite\",\"@id\":\"https:\\\/\\\/candas365.es\\\/noticias\\\/#website\",\"url\":\"https:\\\/\\\/candas365.es\\\/noticias\\\/\",\"name\":\"Cand\\u00e1s 365\",\"alternateName\":\"Cand\\u00e1s 365 Noticias\",\"description\":\"Actualidad desde Carre\\u00f1o para el mundo\",\"inLanguage\":\"es-ES\",\"publisher\":{\"@id\":\"https:\\\/\\\/candas365.es\\\/noticias\\\/#organization\"}}]}\n\t\t<\/script>\n\t\t<!-- All in One SEO Pro -->\r\n\t\t<title>Karl-Heinz Rummenigge: \u00abAncelotti no quiere que todos lo quieran\u00bb | Cand\u00e1s 365<\/title>\n\n","aioseo_head_json":{"title":"Karl-Heinz Rummenigge: \u00abAncelotti no quiere que todos lo quieran\u00bb | Cand\u00e1s 365","description":"Nueva York, 3 ago (dpa) - El jefe de la junta directiva del Bayern M\u00fanich, Karl-Heinz Rummenigge, asegur\u00f3 que el italiano Carlo Ancelotti no tendr\u00e1 problemas en tomar decisiones dr\u00e1sticas al frente del campe\u00f3n del f\u00fatbol alem\u00e1n a pesar de la fama de apacible que le persigue. \"En la relaci\u00f3n con los jugadores se preocupa","canonical_url":"https:\/\/candas365.es\/noticias\/karl-heinz-rummenigge-ancelotti-no-quiere-que-todos-lo-quieran\/","robots":"max-image-preview:large","keywords":"actualidad","webmasterTools":{"google-site-verification":"UA-32230408-1","msvalidate.01":"354F3CDFB2DA171B47FBE9ABF1F88D5","miscellaneous":""},"schema":{"@context":"https:\/\/schema.org","@graph":[{"@type":"BreadcrumbList","@id":"https:\/\/candas365.es\/noticias\/karl-heinz-rummenigge-ancelotti-no-quiere-que-todos-lo-quieran\/#breadcrumblist","itemListElement":[{"@type":"ListItem","@id":"https:\/\/candas365.es\/noticias#listItem","position":1,"name":"Home","item":"https:\/\/candas365.es\/noticias","nextItem":{"@type":"ListItem","@id":"https:\/\/candas365.es\/noticias\/category\/actualidad\/#listItem","name":"Actualidad"}},{"@type":"ListItem","@id":"https:\/\/candas365.es\/noticias\/category\/actualidad\/#listItem","position":2,"name":"Actualidad","item":"https:\/\/candas365.es\/noticias\/category\/actualidad\/","nextItem":{"@type":"ListItem","@id":"https:\/\/candas365.es\/noticias\/karl-heinz-rummenigge-ancelotti-no-quiere-que-todos-lo-quieran\/#listItem","name":"Karl-Heinz Rummenigge: \u00abAncelotti no quiere que todos lo quieran\u00bb"},"previousItem":{"@type":"ListItem","@id":"https:\/\/candas365.es\/noticias#listItem","name":"Home"}},{"@type":"ListItem","@id":"https:\/\/candas365.es\/noticias\/karl-heinz-rummenigge-ancelotti-no-quiere-que-todos-lo-quieran\/#listItem","position":3,"name":"Karl-Heinz Rummenigge: \u00abAncelotti no quiere que todos lo quieran\u00bb","previousItem":{"@type":"ListItem","@id":"https:\/\/candas365.es\/noticias\/category\/actualidad\/#listItem","name":"Actualidad"}}]},{"@type":"NewsArticle","@id":"https:\/\/candas365.es\/noticias\/karl-heinz-rummenigge-ancelotti-no-quiere-que-todos-lo-quieran\/#newsarticle","name":"Karl-Heinz Rummenigge: \u00abAncelotti no quiere que todos lo quieran\u00bb | Cand\u00e1s 365","headline":"Karl-Heinz Rummenigge: \u00abAncelotti no quiere que todos lo quieran\u00bb","author":{"@id":"https:\/\/candas365.es\/noticias\/author\/admin\/#author"},"publisher":{"@id":"https:\/\/candas365.es\/noticias\/#organization"},"image":{"@type":"ImageObject","url":"https:\/\/candas365.es\/noticias\/wp-content\/uploads\/2016\/08\/Rummenigge.jpg","width":655,"height":360},"datePublished":"2016-08-03T19:38:47+02:00","dateModified":"2016-08-03T19:38:47+02:00","inLanguage":"es-ES","mainEntityOfPage":{"@id":"https:\/\/candas365.es\/noticias\/karl-heinz-rummenigge-ancelotti-no-quiere-que-todos-lo-quieran\/#webpage"},"isPartOf":{"@id":"https:\/\/candas365.es\/noticias\/karl-heinz-rummenigge-ancelotti-no-quiere-que-todos-lo-quieran\/#webpage"},"articleSection":"Actualidad","dateline":"Publicado el agosto 3, 2016."},{"@type":"Organization","@id":"https:\/\/candas365.es\/noticias\/#organization","name":"Cand\u00e1s 365","description":"Cand\u00e1s 365 es un diario digital independiente, fundado en 2012, con base en Asturias. Informamos con rigor sobre actualidad, sociedad, cultura y ocio, con una mirada local y global.","url":"https:\/\/candas365.es\/noticias\/","email":"info@candas365.es","telephone":"+34652131393","foundingDate":"2012-06-10","logo":{"@type":"ImageObject","url":"https:\/\/candas365.es\/noticias\/wp-content\/uploads\/2024\/09\/Candas-365-Redes.jpg","@id":"https:\/\/candas365.es\/noticias\/karl-heinz-rummenigge-ancelotti-no-quiere-que-todos-lo-quieran\/#organizationLogo","width":1152,"height":864,"caption":"Cand\u00e1s 365 Redes"},"image":{"@id":"https:\/\/candas365.es\/noticias\/karl-heinz-rummenigge-ancelotti-no-quiere-que-todos-lo-quieran\/#organizationLogo"},"sameAs":["https:\/\/www.facebook.com\/Nachofdezber","https:\/\/x.com\/NabercoDigital","https:\/\/www.instagram.com\/nachofdezber\/","https:\/\/www.youtube.com\/channel\/UCZP-2wLEB9Rv6erhFmqVnvg"],"address":{"@id":"https:\/\/candas365.es\/noticias\/#postaladdress","@type":"PostalAddress","streetAddress":"san antonio 4, san antonio 4","postalCode":"33430","addressLocality":"Cand\u00e1s","addressRegion":"Asturias","addressCountry":"ES"}},{"@type":"Person","@id":"https:\/\/candas365.es\/noticias\/author\/admin\/#author","url":"https:\/\/candas365.es\/noticias\/author\/admin\/","name":"Cand\u00e1s 365","image":{"@type":"ImageObject","@id":"https:\/\/candas365.es\/noticias\/karl-heinz-rummenigge-ancelotti-no-quiere-que-todos-lo-quieran\/#authorImage","url":"https:\/\/secure.gravatar.com\/avatar\/496a8e03d0c493ede1718b7934145dbdf8d89be1036b0eec9544e1094c9de390?s=96&d=mm&r=g","width":96,"height":96,"caption":"Cand\u00e1s 365"},"sameAs":["https:\/\/www.facebook.com\/carrenoactualidad","https:\/\/twitter.com\/nbasturias","https:\/\/www.instagram.com\/nachofdezber\/","https:\/\/www.youtube.com\/channel\/UCZP-2wLEB9Rv6erhFmqVnvg"]},{"@type":"WebPage","@id":"https:\/\/candas365.es\/noticias\/karl-heinz-rummenigge-ancelotti-no-quiere-que-todos-lo-quieran\/#webpage","url":"https:\/\/candas365.es\/noticias\/karl-heinz-rummenigge-ancelotti-no-quiere-que-todos-lo-quieran\/","name":"Karl-Heinz Rummenigge: \u00abAncelotti no quiere que todos lo quieran\u00bb | Cand\u00e1s 365","description":"Nueva York, 3 ago (dpa) - El jefe de la junta directiva del Bayern M\u00fanich, Karl-Heinz Rummenigge, asegur\u00f3 que el italiano Carlo Ancelotti no tendr\u00e1 problemas en tomar decisiones dr\u00e1sticas al frente del campe\u00f3n del f\u00fatbol alem\u00e1n a pesar de la fama de apacible que le persigue. \"En la relaci\u00f3n con los jugadores se preocupa","inLanguage":"es-ES","isPartOf":{"@id":"https:\/\/candas365.es\/noticias\/#website"},"breadcrumb":{"@id":"https:\/\/candas365.es\/noticias\/karl-heinz-rummenigge-ancelotti-no-quiere-que-todos-lo-quieran\/#breadcrumblist"},"author":{"@id":"https:\/\/candas365.es\/noticias\/author\/admin\/#author"},"creator":{"@id":"https:\/\/candas365.es\/noticias\/author\/admin\/#author"},"image":{"@type":"ImageObject","url":"https:\/\/candas365.es\/noticias\/wp-content\/uploads\/2016\/08\/Rummenigge.jpg","@id":"https:\/\/candas365.es\/noticias\/karl-heinz-rummenigge-ancelotti-no-quiere-que-todos-lo-quieran\/#mainImage","width":655,"height":360},"primaryImageOfPage":{"@id":"https:\/\/candas365.es\/noticias\/karl-heinz-rummenigge-ancelotti-no-quiere-que-todos-lo-quieran\/#mainImage"},"datePublished":"2016-08-03T19:38:47+02:00","dateModified":"2016-08-03T19:38:47+02:00"},{"@type":"WebSite","@id":"https:\/\/candas365.es\/noticias\/#website","url":"https:\/\/candas365.es\/noticias\/","name":"Cand\u00e1s 365","alternateName":"Cand\u00e1s 365 Noticias","description":"Actualidad desde Carre\u00f1o para el mundo","inLanguage":"es-ES","publisher":{"@id":"https:\/\/candas365.es\/noticias\/#organization"}}]},"og:locale":"es_ES","og:site_name":"Cand\u00e1s 365","og:type":"article","og:title":"Karl-Heinz Rummenigge: \u00abAncelotti no quiere que todos lo quieran\u00bb | Cand\u00e1s 365","og:description":"Nueva York, 3 ago (dpa) - El jefe de la junta directiva del Bayern M\u00fanich, Karl-Heinz Rummenigge, asegur\u00f3 que el italiano Carlo Ancelotti no tendr\u00e1 problemas en tomar decisiones dr\u00e1sticas al frente del campe\u00f3n del f\u00fatbol alem\u00e1n a pesar de la fama de apacible que le persigue. &quot;En la relaci\u00f3n con los jugadores se preocupa","og:url":"https:\/\/candas365.es\/noticias\/karl-heinz-rummenigge-ancelotti-no-quiere-que-todos-lo-quieran\/","og:image":"https:\/\/candas365.es\/noticias\/wp-content\/uploads\/2016\/08\/Rummenigge.jpg","og:image:secure_url":"https:\/\/candas365.es\/noticias\/wp-content\/uploads\/2016\/08\/Rummenigge.jpg","og:image:width":655,"og:image:height":360,"article:published_time":"2016-08-03T18:08:47+00:00","article:modified_time":"2016-08-03T18:08:47+00:00","article:publisher":"https:\/\/www.facebook.com\/Nachofdezber","article:author":"https:\/\/www.facebook.com\/carrenoactualidad","twitter:card":"summary_large_image","twitter:site":"@NabercoDigital","twitter:title":"Karl-Heinz Rummenigge: \u00abAncelotti no quiere que todos lo quieran\u00bb | Cand\u00e1s 365","twitter:description":"Nueva York, 3 ago (dpa) - El jefe de la junta directiva del Bayern M\u00fanich, Karl-Heinz Rummenigge, asegur\u00f3 que el italiano Carlo Ancelotti no tendr\u00e1 problemas en tomar decisiones dr\u00e1sticas al frente del campe\u00f3n del f\u00fatbol alem\u00e1n a pesar de la fama de apacible que le persigue. &quot;En la relaci\u00f3n con los jugadores se preocupa","twitter:creator":"@nbasturias","twitter:image":"https:\/\/candas365.es\/noticias\/wp-content\/uploads\/2016\/08\/Rummenigge.jpg","twitter:label1":"Escrito por","twitter:data1":"Cand\u00e1s 365","twitter:label2":"Tiempo de lectura estimado","twitter:data2":"5 minutos"},"aioseo_meta_data":{"post_id":"33188","title":null,"description":null,"keywords":null,"keyphrases":null,"primary_term":null,"canonical_url":null,"og_title":null,"og_description":null,"og_object_type":"default","og_image_type":"default","og_image_url":null,"og_image_width":null,"og_image_height":null,"og_image_custom_url":null,"og_image_custom_fields":null,"og_video":null,"og_custom_url":null,"og_article_section":null,"og_article_tags":null,"twitter_use_og":false,"twitter_card":"default","twitter_image_type":"default","twitter_image_url":null,"twitter_image_custom_url":null,"twitter_image_custom_fields":null,"twitter_title":null,"twitter_description":null,"schema":{"blockGraphs":[],"customGraphs":[],"default":{"data":{"Article":[],"Course":[],"Dataset":[],"FAQPage":[],"Movie":[],"Person":[],"Product":[],"ProductReview":[],"Car":[],"Recipe":[],"Service":[],"SoftwareApplication":[],"WebPage":[]},"graphName":"","isEnabled":true},"graphs":[]},"schema_type":null,"schema_type_options":null,"pillar_content":false,"robots_default":true,"robots_noindex":false,"robots_noarchive":false,"robots_nosnippet":false,"robots_nofollow":false,"robots_noimageindex":false,"robots_noodp":false,"robots_notranslate":false,"robots_max_snippet":null,"robots_max_videopreview":null,"robots_max_imagepreview":"large","priority":null,"frequency":null,"location":null,"local_seo":null,"seo_analyzer_scan_date":"2025-08-24 16:33:08","breadcrumb_settings":null,"limit_modified_date":false,"reviewed_by":null,"open_ai":null,"ai":null,"created":"2020-12-21 13:06:04","updated":"2025-08-24 16:33:08"},"aioseo_breadcrumb":"<div class=\"aioseo-breadcrumbs\"><span class=\"aioseo-breadcrumb\">\n\t<a href=\"https:\/\/candas365.es\/noticias\" title=\"Home\">Home<\/a>\n<\/span><span class=\"aioseo-breadcrumb-separator\">&ndash;<\/span><span class=\"aioseo-breadcrumb\">\n\t<a href=\"https:\/\/candas365.es\/noticias\/category\/actualidad\/\" title=\"Actualidad\">Actualidad<\/a>\n<\/span><span class=\"aioseo-breadcrumb-separator\">&ndash;<\/span><span class=\"aioseo-breadcrumb\">\n\tKarl-Heinz Rummenigge: \u00abAncelotti no quiere que todos lo quieran\u00bb\n<\/span><\/div>","aioseo_breadcrumb_json":[{"label":"Home","link":"https:\/\/candas365.es\/noticias"},{"label":"Actualidad","link":"https:\/\/candas365.es\/noticias\/category\/actualidad\/"},{"label":"Karl-Heinz Rummenigge: \u00abAncelotti no quiere que todos lo quieran\u00bb","link":"https:\/\/candas365.es\/noticias\/karl-heinz-rummenigge-ancelotti-no-quiere-que-todos-lo-quieran\/"}],"_links":{"self":[{"href":"https:\/\/candas365.es\/noticias\/wp-json\/wp\/v2\/posts\/33188","targetHints":{"allow":["GET"]}}],"collection":[{"href":"https:\/\/candas365.es\/noticias\/wp-json\/wp\/v2\/posts"}],"about":[{"href":"https:\/\/candas365.es\/noticias\/wp-json\/wp\/v2\/types\/post"}],"author":[{"embeddable":true,"href":"https:\/\/candas365.es\/noticias\/wp-json\/wp\/v2\/users\/1"}],"replies":[{"embeddable":true,"href":"https:\/\/candas365.es\/noticias\/wp-json\/wp\/v2\/comments?post=33188"}],"version-history":[{"count":0,"href":"https:\/\/candas365.es\/noticias\/wp-json\/wp\/v2\/posts\/33188\/revisions"}],"wp:featuredmedia":[{"embeddable":true,"href":"https:\/\/candas365.es\/noticias\/wp-json\/wp\/v2\/media\/33189"}],"wp:attachment":[{"href":"https:\/\/candas365.es\/noticias\/wp-json\/wp\/v2\/media?parent=33188"}],"wp:term":[{"taxonomy":"category","embeddable":true,"href":"https:\/\/candas365.es\/noticias\/wp-json\/wp\/v2\/categories?post=33188"},{"taxonomy":"post_tag","embeddable":true,"href":"https:\/\/candas365.es\/noticias\/wp-json\/wp\/v2\/tags?post=33188"}],"curies":[{"name":"wp","href":"https:\/\/api.w.org\/{rel}","templated":true}]}}