{"id":33183,"date":"2016-08-03T19:32:45","date_gmt":"2016-08-03T18:02:45","guid":{"rendered":"http:\/\/candas365.es\/noticias\/?p=33183"},"modified":"2016-08-03T19:32:45","modified_gmt":"2016-08-03T18:02:45","slug":"guerra-total-la-pelea-por-el-arco-del-barcelona-pasa-a-otro-nivel","status":"publish","type":"post","link":"https:\/\/candas365.es\/noticias\/guerra-total-la-pelea-por-el-arco-del-barcelona-pasa-a-otro-nivel\/","title":{"rendered":"\u00abGuerra total\u00bb: la pelea por el arco del Barcelona pasa a otro nivel"},"content":{"rendered":"<p><img fetchpriority=\"high\" decoding=\"async\" class=\"alignleft size-medium wp-image-33184\" src=\"https:\/\/candas365.es\/noticias\/wp-content\/uploads\/2016\/08\/ter-stegen-360x198.jpg\" alt=\"ter stegen\" width=\"360\" height=\"198\" srcset=\"https:\/\/candas365.es\/noticias\/wp-content\/uploads\/2016\/08\/ter-stegen-360x198.jpg 360w, https:\/\/candas365.es\/noticias\/wp-content\/uploads\/2016\/08\/ter-stegen-650x357.jpg 650w, https:\/\/candas365.es\/noticias\/wp-content\/uploads\/2016\/08\/ter-stegen-150x82.jpg 150w, https:\/\/candas365.es\/noticias\/wp-content\/uploads\/2016\/08\/ter-stegen-450x247.jpg 450w, https:\/\/candas365.es\/noticias\/wp-content\/uploads\/2016\/08\/ter-stegen.jpg 655w\" sizes=\"(max-width: 360px) 100vw, 360px\" \/>Madrid\/Barcelona, 3 ago (dpa) &#8211; Nada dur\u00f3 la tregua y la pelea por la porter\u00eda del Barcelona pas\u00f3 a otro nivel, de tal forma que ya se habla de \u00abguerra total\u00bb.<\/p>\n<p>Los hechos se precipitaron el martes, apenas un d\u00eda despu\u00e9s de que el chileno Claudio Bravo y el alem\u00e1n Marc-Andr\u00e9 Ter Stegen iniciaran los entrenamientos de pretemporada y, con ello, la lucha por la titularidad.<\/p>\n<p>Ter Stegen sorprendi\u00f3 a la prensa al aparecer indisimuladamente junto a su representante en las oficinas del Camp Nou. En un principio, el Barcelona habl\u00f3 de \u00abreuni\u00f3n rutinaria\u00bb, pero tan as\u00e9ptica definici\u00f3n qued\u00f3 relegada al olvido en cuesti\u00f3n de minutos.<\/p>\n<p>Los medios de Barcelona no tardaron en soltar la \u00abbomba\u00bb: Ter Stegen habr\u00eda exigido la titularidad y tambi\u00e9n habr\u00eda amenazado con marcharse esgrimiendo una oferta del Manchester City. Como respuesta, el club se habr\u00eda remitido a su cl\u00e1usula de rescisi\u00f3n, de 80 millones de euros (casi 90 millones de d\u00f3lares).<\/p>\n<p>La prensa de Barcelona expres\u00f3 hoy la sorpresa e incomodidad por la situaci\u00f3n. \u00abEl problema es sencillo: Ter Stegen quiere jugar, algo normal, y el club le dice que esto debe decidirlo el entrenador, algo tambi\u00e9n muy normal. \u00bfY el entrenador? Veremos c\u00f3mo gestiona esta dif\u00edcil situaci\u00f3n en los pr\u00f3ximos partidos\u00bb, explic\u00f3 \u00abSport\u00bb.<\/p>\n<p>\u00abTer Stegen no tiene ninguna cl\u00e1usula por la cual se le debe entregar enteramente la porter\u00eda, ni es nadie para presionar al t\u00e9cnico, ni mucho menos para ningunear el trabajo de un profesional como Bravo\u00bb, argument\u00f3 \u00abMundo Deportivo\u00bb.<\/p>\n<p>Pero resulta que, seg\u00fan diferentes informaciones, el chileno tampoco se qued\u00f3 con los brazos cruzados y, como su compa\u00f1ero, exigi\u00f3 la titularidad.<\/p>\n<p>As\u00ed lo asegur\u00f3 \u00abCatalunya Radio\u00bb, que habl\u00f3 de una reuni\u00f3n mantenida el viernes entre el Bravo y el club para solicitar mayor protagonismo.<\/p>\n<p>Durante los dos \u00faltimos a\u00f1os, el entrenador del Barcelona, Luis Enrique, sostuvo un dif\u00edcil equilibrio en la porter\u00eda, dando a Bravo los partidos de la Liga espa\u00f1ola y situando a Ter Stegen como su arquero para la Liga de Campeones y la Copa del Rey.<\/p>\n<p>Pero el arreglo parece que ya no tiene m\u00e1s recorrido y los dos porteros elevaron el nivel de competencia al dirigirse al club para pedir la titularidad, seg\u00fan las informaciones.<\/p>\n<p>Ahora falta por ver la reacci\u00f3n de Luis Enrique, un entrenador que no se caracteriza por su diplomacia ni por aceptar con cordialidad los movimientos \u00abexternos\u00bb de los futbolistas.<\/p>\n<p>Mientras tanto, la presi\u00f3n sigue aumentando y \u00abSport\u00bb public\u00f3 hoy que el Barcelona ya pens\u00f3 en el brasile\u00f1o Diego Alves, del Valencia, por si se marcha alguno de sus porteros.<\/p>\n<p>\u00abLa situaci\u00f3n es casi insostenible y podr\u00eda explotar en cualquier momento con la salida de uno de los porteros, preferiblemente el chileno. Para ello, el club azulgrana tiene pr\u00e1cticamente pactada la incorporaci\u00f3n de Diego Alves, portero que el Valencia ha puesto en el mercado porque no puede pagarle la ficha\u00bb, public\u00f3.<\/p>\n<p>Por Alberto Bravo<\/p>\n","protected":false},"excerpt":{"rendered":"<p>Madrid\/Barcelona, 3 ago (dpa) &#8211; Nada dur\u00f3 la tregua y la pelea por la porter\u00eda del Barcelona pas\u00f3 a otro nivel, de tal forma que ya se habla de \u00abguerra total\u00bb. Los hechos se precipitaron el martes, apenas un d\u00eda despu\u00e9s de que el chileno Claudio Bravo y el alem\u00e1n Marc-Andr\u00e9 Ter Stegen iniciaran los<\/p>\n","protected":false},"author":1,"featured_media":33184,"comment_status":"closed","ping_status":"closed","sticky":false,"template":"","format":"standard","meta":{"footnotes":""},"categories":[343],"tags":[],"class_list":{"0":"post-33183","1":"post","2":"type-post","3":"status-publish","4":"format-standard","5":"has-post-thumbnail","7":"category-actualidad"},"aioseo_notices":[],"aioseo_head":"\n\t\t<!-- All in One SEO Pro 4.9.6.2 - aioseo.com -->\n\t<meta name=\"description\" content=\"Madrid\/Barcelona, 3 ago (dpa) - Nada dur\u00f3 la tregua y la pelea por la porter\u00eda del Barcelona pas\u00f3 a otro nivel, de tal forma que ya se habla de &quot;guerra total&quot;. Los hechos se precipitaron el martes, apenas un d\u00eda despu\u00e9s de que el chileno Claudio Bravo y el alem\u00e1n Marc-Andr\u00e9 Ter Stegen iniciaran los\" \/>\n\t<meta name=\"robots\" content=\"max-image-preview:large\" \/>\n\t<meta name=\"author\" content=\"Cand\u00e1s 365\"\/>\n\t<meta name=\"google-site-verification\" content=\"UA-32230408-1\" \/>\n\t<meta name=\"msvalidate.01\" content=\"354F3CDFB2DA171B47FBE9ABF1F88D5\" \/>\n\t<meta name=\"keywords\" content=\"actualidad\" \/>\n\t<link rel=\"canonical\" href=\"https:\/\/candas365.es\/noticias\/guerra-total-la-pelea-por-el-arco-del-barcelona-pasa-a-otro-nivel\/\" \/>\n\t<meta name=\"generator\" content=\"All in One SEO Pro (AIOSEO) 4.9.6.2\" \/>\n\t\t<meta property=\"og:locale\" content=\"es_ES\" \/>\n\t\t<meta property=\"og:site_name\" content=\"Cand\u00e1s 365\" \/>\n\t\t<meta property=\"og:type\" content=\"article\" \/>\n\t\t<meta property=\"og:title\" content=\"\u00abGuerra total\u00bb: la pelea por el arco del Barcelona pasa a otro nivel | Cand\u00e1s 365\" \/>\n\t\t<meta property=\"og:description\" content=\"Madrid\/Barcelona, 3 ago (dpa) - Nada dur\u00f3 la tregua y la pelea por la porter\u00eda del Barcelona pas\u00f3 a otro nivel, de tal forma que ya se habla de &quot;guerra total&quot;. Los hechos se precipitaron el martes, apenas un d\u00eda despu\u00e9s de que el chileno Claudio Bravo y el alem\u00e1n Marc-Andr\u00e9 Ter Stegen iniciaran los\" \/>\n\t\t<meta property=\"og:url\" content=\"https:\/\/candas365.es\/noticias\/guerra-total-la-pelea-por-el-arco-del-barcelona-pasa-a-otro-nivel\/\" \/>\n\t\t<meta property=\"og:image\" content=\"https:\/\/candas365.es\/noticias\/wp-content\/uploads\/2016\/08\/ter-stegen.jpg\" \/>\n\t\t<meta property=\"og:image:secure_url\" content=\"https:\/\/candas365.es\/noticias\/wp-content\/uploads\/2016\/08\/ter-stegen.jpg\" \/>\n\t\t<meta property=\"og:image:width\" content=\"655\" \/>\n\t\t<meta property=\"og:image:height\" content=\"360\" \/>\n\t\t<meta property=\"article:published_time\" content=\"2016-08-03T18:02:45+00:00\" \/>\n\t\t<meta property=\"article:modified_time\" content=\"2016-08-03T18:02:45+00:00\" \/>\n\t\t<meta property=\"article:publisher\" content=\"https:\/\/www.facebook.com\/Nachofdezber\" \/>\n\t\t<meta property=\"article:author\" content=\"https:\/\/www.facebook.com\/carrenoactualidad\" \/>\n\t\t<meta name=\"twitter:card\" content=\"summary_large_image\" \/>\n\t\t<meta name=\"twitter:site\" content=\"@NabercoDigital\" \/>\n\t\t<meta name=\"twitter:title\" content=\"\u00abGuerra total\u00bb: la pelea por el arco del Barcelona pasa a otro nivel | Cand\u00e1s 365\" \/>\n\t\t<meta name=\"twitter:description\" content=\"Madrid\/Barcelona, 3 ago (dpa) - Nada dur\u00f3 la tregua y la pelea por la porter\u00eda del Barcelona pas\u00f3 a otro nivel, de tal forma que ya se habla de &quot;guerra total&quot;. Los hechos se precipitaron el martes, apenas un d\u00eda despu\u00e9s de que el chileno Claudio Bravo y el alem\u00e1n Marc-Andr\u00e9 Ter Stegen iniciaran los\" \/>\n\t\t<meta name=\"twitter:creator\" content=\"@nbasturias\" \/>\n\t\t<meta name=\"twitter:image\" content=\"https:\/\/candas365.es\/noticias\/wp-content\/uploads\/2016\/08\/ter-stegen.jpg\" \/>\n\t\t<meta name=\"twitter:label1\" content=\"Escrito por\" \/>\n\t\t<meta name=\"twitter:data1\" content=\"Cand\u00e1s 365\" \/>\n\t\t<meta name=\"twitter:label2\" content=\"Tiempo de lectura estimado\" \/>\n\t\t<meta name=\"twitter:data2\" content=\"3 minutos\" \/>\n\t\t<script type=\"application\/ld+json\" class=\"aioseo-schema\">\n\t\t\t{\"@context\":\"https:\\\/\\\/schema.org\",\"@graph\":[{\"@type\":\"BreadcrumbList\",\"@id\":\"https:\\\/\\\/candas365.es\\\/noticias\\\/guerra-total-la-pelea-por-el-arco-del-barcelona-pasa-a-otro-nivel\\\/#breadcrumblist\",\"itemListElement\":[{\"@type\":\"ListItem\",\"@id\":\"https:\\\/\\\/candas365.es\\\/noticias#listItem\",\"position\":1,\"name\":\"Home\",\"item\":\"https:\\\/\\\/candas365.es\\\/noticias\",\"nextItem\":{\"@type\":\"ListItem\",\"@id\":\"https:\\\/\\\/candas365.es\\\/noticias\\\/category\\\/actualidad\\\/#listItem\",\"name\":\"Actualidad\"}},{\"@type\":\"ListItem\",\"@id\":\"https:\\\/\\\/candas365.es\\\/noticias\\\/category\\\/actualidad\\\/#listItem\",\"position\":2,\"name\":\"Actualidad\",\"item\":\"https:\\\/\\\/candas365.es\\\/noticias\\\/category\\\/actualidad\\\/\",\"nextItem\":{\"@type\":\"ListItem\",\"@id\":\"https:\\\/\\\/candas365.es\\\/noticias\\\/guerra-total-la-pelea-por-el-arco-del-barcelona-pasa-a-otro-nivel\\\/#listItem\",\"name\":\"\\u00abGuerra total\\u00bb: la pelea por el arco del Barcelona pasa a otro nivel\"},\"previousItem\":{\"@type\":\"ListItem\",\"@id\":\"https:\\\/\\\/candas365.es\\\/noticias#listItem\",\"name\":\"Home\"}},{\"@type\":\"ListItem\",\"@id\":\"https:\\\/\\\/candas365.es\\\/noticias\\\/guerra-total-la-pelea-por-el-arco-del-barcelona-pasa-a-otro-nivel\\\/#listItem\",\"position\":3,\"name\":\"\\u00abGuerra total\\u00bb: la pelea por el arco del Barcelona pasa a otro nivel\",\"previousItem\":{\"@type\":\"ListItem\",\"@id\":\"https:\\\/\\\/candas365.es\\\/noticias\\\/category\\\/actualidad\\\/#listItem\",\"name\":\"Actualidad\"}}]},{\"@type\":\"NewsArticle\",\"@id\":\"https:\\\/\\\/candas365.es\\\/noticias\\\/guerra-total-la-pelea-por-el-arco-del-barcelona-pasa-a-otro-nivel\\\/#newsarticle\",\"name\":\"\\u00abGuerra total\\u00bb: la pelea por el arco del Barcelona pasa a otro nivel | Cand\\u00e1s 365\",\"headline\":\"\\u00abGuerra total\\u00bb: la pelea por el arco del Barcelona pasa a otro nivel\",\"author\":{\"@id\":\"https:\\\/\\\/candas365.es\\\/noticias\\\/author\\\/admin\\\/#author\"},\"publisher\":{\"@id\":\"https:\\\/\\\/candas365.es\\\/noticias\\\/#organization\"},\"image\":{\"@type\":\"ImageObject\",\"url\":\"https:\\\/\\\/candas365.es\\\/noticias\\\/wp-content\\\/uploads\\\/2016\\\/08\\\/ter-stegen.jpg\",\"width\":655,\"height\":360},\"datePublished\":\"2016-08-03T19:32:45+02:00\",\"dateModified\":\"2016-08-03T19:32:45+02:00\",\"inLanguage\":\"es-ES\",\"mainEntityOfPage\":{\"@id\":\"https:\\\/\\\/candas365.es\\\/noticias\\\/guerra-total-la-pelea-por-el-arco-del-barcelona-pasa-a-otro-nivel\\\/#webpage\"},\"isPartOf\":{\"@id\":\"https:\\\/\\\/candas365.es\\\/noticias\\\/guerra-total-la-pelea-por-el-arco-del-barcelona-pasa-a-otro-nivel\\\/#webpage\"},\"articleSection\":\"Actualidad\",\"dateline\":\"Publicado el agosto 3, 2016.\"},{\"@type\":\"Organization\",\"@id\":\"https:\\\/\\\/candas365.es\\\/noticias\\\/#organization\",\"name\":\"Cand\\u00e1s 365\",\"description\":\"Cand\\u00e1s 365 es un diario digital independiente, fundado en 2012, con base en Asturias. Informamos con rigor sobre actualidad, sociedad, cultura y ocio, con una mirada local y global.\",\"url\":\"https:\\\/\\\/candas365.es\\\/noticias\\\/\",\"email\":\"info@candas365.es\",\"telephone\":\"+34652131393\",\"foundingDate\":\"2012-06-10\",\"logo\":{\"@type\":\"ImageObject\",\"url\":\"https:\\\/\\\/candas365.es\\\/noticias\\\/wp-content\\\/uploads\\\/2024\\\/09\\\/Candas-365-Redes.jpg\",\"@id\":\"https:\\\/\\\/candas365.es\\\/noticias\\\/guerra-total-la-pelea-por-el-arco-del-barcelona-pasa-a-otro-nivel\\\/#organizationLogo\",\"width\":1152,\"height\":864,\"caption\":\"Cand\\u00e1s 365 Redes\"},\"image\":{\"@id\":\"https:\\\/\\\/candas365.es\\\/noticias\\\/guerra-total-la-pelea-por-el-arco-del-barcelona-pasa-a-otro-nivel\\\/#organizationLogo\"},\"sameAs\":[\"https:\\\/\\\/www.facebook.com\\\/Nachofdezber\",\"https:\\\/\\\/x.com\\\/NabercoDigital\",\"https:\\\/\\\/www.instagram.com\\\/nachofdezber\\\/\",\"https:\\\/\\\/www.youtube.com\\\/channel\\\/UCZP-2wLEB9Rv6erhFmqVnvg\"],\"address\":{\"@id\":\"https:\\\/\\\/candas365.es\\\/noticias\\\/#postaladdress\",\"@type\":\"PostalAddress\",\"streetAddress\":\"san antonio 4, san antonio 4\",\"postalCode\":\"33430\",\"addressLocality\":\"Cand\\u00e1s\",\"addressRegion\":\"Asturias\",\"addressCountry\":\"ES\"}},{\"@type\":\"Person\",\"@id\":\"https:\\\/\\\/candas365.es\\\/noticias\\\/author\\\/admin\\\/#author\",\"url\":\"https:\\\/\\\/candas365.es\\\/noticias\\\/author\\\/admin\\\/\",\"name\":\"Cand\\u00e1s 365\",\"image\":{\"@type\":\"ImageObject\",\"@id\":\"https:\\\/\\\/candas365.es\\\/noticias\\\/guerra-total-la-pelea-por-el-arco-del-barcelona-pasa-a-otro-nivel\\\/#authorImage\",\"url\":\"https:\\\/\\\/secure.gravatar.com\\\/avatar\\\/496a8e03d0c493ede1718b7934145dbdf8d89be1036b0eec9544e1094c9de390?s=96&d=mm&r=g\",\"width\":96,\"height\":96,\"caption\":\"Cand\\u00e1s 365\"},\"sameAs\":[\"https:\\\/\\\/www.facebook.com\\\/carrenoactualidad\",\"https:\\\/\\\/twitter.com\\\/nbasturias\",\"https:\\\/\\\/www.instagram.com\\\/nachofdezber\\\/\",\"https:\\\/\\\/www.youtube.com\\\/channel\\\/UCZP-2wLEB9Rv6erhFmqVnvg\"]},{\"@type\":\"WebPage\",\"@id\":\"https:\\\/\\\/candas365.es\\\/noticias\\\/guerra-total-la-pelea-por-el-arco-del-barcelona-pasa-a-otro-nivel\\\/#webpage\",\"url\":\"https:\\\/\\\/candas365.es\\\/noticias\\\/guerra-total-la-pelea-por-el-arco-del-barcelona-pasa-a-otro-nivel\\\/\",\"name\":\"\\u00abGuerra total\\u00bb: la pelea por el arco del Barcelona pasa a otro nivel | Cand\\u00e1s 365\",\"description\":\"Madrid\\\/Barcelona, 3 ago (dpa) - Nada dur\\u00f3 la tregua y la pelea por la porter\\u00eda del Barcelona pas\\u00f3 a otro nivel, de tal forma que ya se habla de \\\"guerra total\\\". Los hechos se precipitaron el martes, apenas un d\\u00eda despu\\u00e9s de que el chileno Claudio Bravo y el alem\\u00e1n Marc-Andr\\u00e9 Ter Stegen iniciaran los\",\"inLanguage\":\"es-ES\",\"isPartOf\":{\"@id\":\"https:\\\/\\\/candas365.es\\\/noticias\\\/#website\"},\"breadcrumb\":{\"@id\":\"https:\\\/\\\/candas365.es\\\/noticias\\\/guerra-total-la-pelea-por-el-arco-del-barcelona-pasa-a-otro-nivel\\\/#breadcrumblist\"},\"author\":{\"@id\":\"https:\\\/\\\/candas365.es\\\/noticias\\\/author\\\/admin\\\/#author\"},\"creator\":{\"@id\":\"https:\\\/\\\/candas365.es\\\/noticias\\\/author\\\/admin\\\/#author\"},\"image\":{\"@type\":\"ImageObject\",\"url\":\"https:\\\/\\\/candas365.es\\\/noticias\\\/wp-content\\\/uploads\\\/2016\\\/08\\\/ter-stegen.jpg\",\"@id\":\"https:\\\/\\\/candas365.es\\\/noticias\\\/guerra-total-la-pelea-por-el-arco-del-barcelona-pasa-a-otro-nivel\\\/#mainImage\",\"width\":655,\"height\":360},\"primaryImageOfPage\":{\"@id\":\"https:\\\/\\\/candas365.es\\\/noticias\\\/guerra-total-la-pelea-por-el-arco-del-barcelona-pasa-a-otro-nivel\\\/#mainImage\"},\"datePublished\":\"2016-08-03T19:32:45+02:00\",\"dateModified\":\"2016-08-03T19:32:45+02:00\"},{\"@type\":\"WebSite\",\"@id\":\"https:\\\/\\\/candas365.es\\\/noticias\\\/#website\",\"url\":\"https:\\\/\\\/candas365.es\\\/noticias\\\/\",\"name\":\"Cand\\u00e1s 365\",\"alternateName\":\"Cand\\u00e1s 365 Noticias\",\"description\":\"Actualidad desde Carre\\u00f1o para el mundo\",\"inLanguage\":\"es-ES\",\"publisher\":{\"@id\":\"https:\\\/\\\/candas365.es\\\/noticias\\\/#organization\"}}]}\n\t\t<\/script>\n\t\t<!-- All in One SEO Pro -->\r\n\t\t<title>\u00abGuerra total\u00bb: la pelea por el arco del Barcelona pasa a otro nivel | Cand\u00e1s 365<\/title>\n\n","aioseo_head_json":{"title":"\u00abGuerra total\u00bb: la pelea por el arco del Barcelona pasa a otro nivel | Cand\u00e1s 365","description":"Madrid\/Barcelona, 3 ago (dpa) - Nada dur\u00f3 la tregua y la pelea por la porter\u00eda del Barcelona pas\u00f3 a otro nivel, de tal forma que ya se habla de \"guerra total\". Los hechos se precipitaron el martes, apenas un d\u00eda despu\u00e9s de que el chileno Claudio Bravo y el alem\u00e1n Marc-Andr\u00e9 Ter Stegen iniciaran los","canonical_url":"https:\/\/candas365.es\/noticias\/guerra-total-la-pelea-por-el-arco-del-barcelona-pasa-a-otro-nivel\/","robots":"max-image-preview:large","keywords":"actualidad","webmasterTools":{"google-site-verification":"UA-32230408-1","msvalidate.01":"354F3CDFB2DA171B47FBE9ABF1F88D5","miscellaneous":""},"schema":{"@context":"https:\/\/schema.org","@graph":[{"@type":"BreadcrumbList","@id":"https:\/\/candas365.es\/noticias\/guerra-total-la-pelea-por-el-arco-del-barcelona-pasa-a-otro-nivel\/#breadcrumblist","itemListElement":[{"@type":"ListItem","@id":"https:\/\/candas365.es\/noticias#listItem","position":1,"name":"Home","item":"https:\/\/candas365.es\/noticias","nextItem":{"@type":"ListItem","@id":"https:\/\/candas365.es\/noticias\/category\/actualidad\/#listItem","name":"Actualidad"}},{"@type":"ListItem","@id":"https:\/\/candas365.es\/noticias\/category\/actualidad\/#listItem","position":2,"name":"Actualidad","item":"https:\/\/candas365.es\/noticias\/category\/actualidad\/","nextItem":{"@type":"ListItem","@id":"https:\/\/candas365.es\/noticias\/guerra-total-la-pelea-por-el-arco-del-barcelona-pasa-a-otro-nivel\/#listItem","name":"\u00abGuerra total\u00bb: la pelea por el arco del Barcelona pasa a otro nivel"},"previousItem":{"@type":"ListItem","@id":"https:\/\/candas365.es\/noticias#listItem","name":"Home"}},{"@type":"ListItem","@id":"https:\/\/candas365.es\/noticias\/guerra-total-la-pelea-por-el-arco-del-barcelona-pasa-a-otro-nivel\/#listItem","position":3,"name":"\u00abGuerra total\u00bb: la pelea por el arco del Barcelona pasa a otro nivel","previousItem":{"@type":"ListItem","@id":"https:\/\/candas365.es\/noticias\/category\/actualidad\/#listItem","name":"Actualidad"}}]},{"@type":"NewsArticle","@id":"https:\/\/candas365.es\/noticias\/guerra-total-la-pelea-por-el-arco-del-barcelona-pasa-a-otro-nivel\/#newsarticle","name":"\u00abGuerra total\u00bb: la pelea por el arco del Barcelona pasa a otro nivel | Cand\u00e1s 365","headline":"\u00abGuerra total\u00bb: la pelea por el arco del Barcelona pasa a otro nivel","author":{"@id":"https:\/\/candas365.es\/noticias\/author\/admin\/#author"},"publisher":{"@id":"https:\/\/candas365.es\/noticias\/#organization"},"image":{"@type":"ImageObject","url":"https:\/\/candas365.es\/noticias\/wp-content\/uploads\/2016\/08\/ter-stegen.jpg","width":655,"height":360},"datePublished":"2016-08-03T19:32:45+02:00","dateModified":"2016-08-03T19:32:45+02:00","inLanguage":"es-ES","mainEntityOfPage":{"@id":"https:\/\/candas365.es\/noticias\/guerra-total-la-pelea-por-el-arco-del-barcelona-pasa-a-otro-nivel\/#webpage"},"isPartOf":{"@id":"https:\/\/candas365.es\/noticias\/guerra-total-la-pelea-por-el-arco-del-barcelona-pasa-a-otro-nivel\/#webpage"},"articleSection":"Actualidad","dateline":"Publicado el agosto 3, 2016."},{"@type":"Organization","@id":"https:\/\/candas365.es\/noticias\/#organization","name":"Cand\u00e1s 365","description":"Cand\u00e1s 365 es un diario digital independiente, fundado en 2012, con base en Asturias. Informamos con rigor sobre actualidad, sociedad, cultura y ocio, con una mirada local y global.","url":"https:\/\/candas365.es\/noticias\/","email":"info@candas365.es","telephone":"+34652131393","foundingDate":"2012-06-10","logo":{"@type":"ImageObject","url":"https:\/\/candas365.es\/noticias\/wp-content\/uploads\/2024\/09\/Candas-365-Redes.jpg","@id":"https:\/\/candas365.es\/noticias\/guerra-total-la-pelea-por-el-arco-del-barcelona-pasa-a-otro-nivel\/#organizationLogo","width":1152,"height":864,"caption":"Cand\u00e1s 365 Redes"},"image":{"@id":"https:\/\/candas365.es\/noticias\/guerra-total-la-pelea-por-el-arco-del-barcelona-pasa-a-otro-nivel\/#organizationLogo"},"sameAs":["https:\/\/www.facebook.com\/Nachofdezber","https:\/\/x.com\/NabercoDigital","https:\/\/www.instagram.com\/nachofdezber\/","https:\/\/www.youtube.com\/channel\/UCZP-2wLEB9Rv6erhFmqVnvg"],"address":{"@id":"https:\/\/candas365.es\/noticias\/#postaladdress","@type":"PostalAddress","streetAddress":"san antonio 4, san antonio 4","postalCode":"33430","addressLocality":"Cand\u00e1s","addressRegion":"Asturias","addressCountry":"ES"}},{"@type":"Person","@id":"https:\/\/candas365.es\/noticias\/author\/admin\/#author","url":"https:\/\/candas365.es\/noticias\/author\/admin\/","name":"Cand\u00e1s 365","image":{"@type":"ImageObject","@id":"https:\/\/candas365.es\/noticias\/guerra-total-la-pelea-por-el-arco-del-barcelona-pasa-a-otro-nivel\/#authorImage","url":"https:\/\/secure.gravatar.com\/avatar\/496a8e03d0c493ede1718b7934145dbdf8d89be1036b0eec9544e1094c9de390?s=96&d=mm&r=g","width":96,"height":96,"caption":"Cand\u00e1s 365"},"sameAs":["https:\/\/www.facebook.com\/carrenoactualidad","https:\/\/twitter.com\/nbasturias","https:\/\/www.instagram.com\/nachofdezber\/","https:\/\/www.youtube.com\/channel\/UCZP-2wLEB9Rv6erhFmqVnvg"]},{"@type":"WebPage","@id":"https:\/\/candas365.es\/noticias\/guerra-total-la-pelea-por-el-arco-del-barcelona-pasa-a-otro-nivel\/#webpage","url":"https:\/\/candas365.es\/noticias\/guerra-total-la-pelea-por-el-arco-del-barcelona-pasa-a-otro-nivel\/","name":"\u00abGuerra total\u00bb: la pelea por el arco del Barcelona pasa a otro nivel | Cand\u00e1s 365","description":"Madrid\/Barcelona, 3 ago (dpa) - Nada dur\u00f3 la tregua y la pelea por la porter\u00eda del Barcelona pas\u00f3 a otro nivel, de tal forma que ya se habla de \"guerra total\". Los hechos se precipitaron el martes, apenas un d\u00eda despu\u00e9s de que el chileno Claudio Bravo y el alem\u00e1n Marc-Andr\u00e9 Ter Stegen iniciaran los","inLanguage":"es-ES","isPartOf":{"@id":"https:\/\/candas365.es\/noticias\/#website"},"breadcrumb":{"@id":"https:\/\/candas365.es\/noticias\/guerra-total-la-pelea-por-el-arco-del-barcelona-pasa-a-otro-nivel\/#breadcrumblist"},"author":{"@id":"https:\/\/candas365.es\/noticias\/author\/admin\/#author"},"creator":{"@id":"https:\/\/candas365.es\/noticias\/author\/admin\/#author"},"image":{"@type":"ImageObject","url":"https:\/\/candas365.es\/noticias\/wp-content\/uploads\/2016\/08\/ter-stegen.jpg","@id":"https:\/\/candas365.es\/noticias\/guerra-total-la-pelea-por-el-arco-del-barcelona-pasa-a-otro-nivel\/#mainImage","width":655,"height":360},"primaryImageOfPage":{"@id":"https:\/\/candas365.es\/noticias\/guerra-total-la-pelea-por-el-arco-del-barcelona-pasa-a-otro-nivel\/#mainImage"},"datePublished":"2016-08-03T19:32:45+02:00","dateModified":"2016-08-03T19:32:45+02:00"},{"@type":"WebSite","@id":"https:\/\/candas365.es\/noticias\/#website","url":"https:\/\/candas365.es\/noticias\/","name":"Cand\u00e1s 365","alternateName":"Cand\u00e1s 365 Noticias","description":"Actualidad desde Carre\u00f1o para el mundo","inLanguage":"es-ES","publisher":{"@id":"https:\/\/candas365.es\/noticias\/#organization"}}]},"og:locale":"es_ES","og:site_name":"Cand\u00e1s 365","og:type":"article","og:title":"\u00abGuerra total\u00bb: la pelea por el arco del Barcelona pasa a otro nivel | Cand\u00e1s 365","og:description":"Madrid\/Barcelona, 3 ago (dpa) - Nada dur\u00f3 la tregua y la pelea por la porter\u00eda del Barcelona pas\u00f3 a otro nivel, de tal forma que ya se habla de &quot;guerra total&quot;. Los hechos se precipitaron el martes, apenas un d\u00eda despu\u00e9s de que el chileno Claudio Bravo y el alem\u00e1n Marc-Andr\u00e9 Ter Stegen iniciaran los","og:url":"https:\/\/candas365.es\/noticias\/guerra-total-la-pelea-por-el-arco-del-barcelona-pasa-a-otro-nivel\/","og:image":"https:\/\/candas365.es\/noticias\/wp-content\/uploads\/2016\/08\/ter-stegen.jpg","og:image:secure_url":"https:\/\/candas365.es\/noticias\/wp-content\/uploads\/2016\/08\/ter-stegen.jpg","og:image:width":655,"og:image:height":360,"article:published_time":"2016-08-03T18:02:45+00:00","article:modified_time":"2016-08-03T18:02:45+00:00","article:publisher":"https:\/\/www.facebook.com\/Nachofdezber","article:author":"https:\/\/www.facebook.com\/carrenoactualidad","twitter:card":"summary_large_image","twitter:site":"@NabercoDigital","twitter:title":"\u00abGuerra total\u00bb: la pelea por el arco del Barcelona pasa a otro nivel | Cand\u00e1s 365","twitter:description":"Madrid\/Barcelona, 3 ago (dpa) - Nada dur\u00f3 la tregua y la pelea por la porter\u00eda del Barcelona pas\u00f3 a otro nivel, de tal forma que ya se habla de &quot;guerra total&quot;. Los hechos se precipitaron el martes, apenas un d\u00eda despu\u00e9s de que el chileno Claudio Bravo y el alem\u00e1n Marc-Andr\u00e9 Ter Stegen iniciaran los","twitter:creator":"@nbasturias","twitter:image":"https:\/\/candas365.es\/noticias\/wp-content\/uploads\/2016\/08\/ter-stegen.jpg","twitter:label1":"Escrito por","twitter:data1":"Cand\u00e1s 365","twitter:label2":"Tiempo de lectura estimado","twitter:data2":"3 minutos"},"aioseo_meta_data":{"post_id":"33183","title":null,"description":null,"keywords":null,"keyphrases":null,"primary_term":null,"canonical_url":null,"og_title":null,"og_description":null,"og_object_type":"default","og_image_type":"default","og_image_url":null,"og_image_width":null,"og_image_height":null,"og_image_custom_url":null,"og_image_custom_fields":null,"og_video":null,"og_custom_url":null,"og_article_section":null,"og_article_tags":null,"twitter_use_og":false,"twitter_card":"default","twitter_image_type":"default","twitter_image_url":null,"twitter_image_custom_url":null,"twitter_image_custom_fields":null,"twitter_title":null,"twitter_description":null,"schema":{"blockGraphs":[],"customGraphs":[],"default":{"data":{"Article":[],"Course":[],"Dataset":[],"FAQPage":[],"Movie":[],"Person":[],"Product":[],"ProductReview":[],"Car":[],"Recipe":[],"Service":[],"SoftwareApplication":[],"WebPage":[]},"graphName":"","isEnabled":true},"graphs":[]},"schema_type":null,"schema_type_options":null,"pillar_content":false,"robots_default":true,"robots_noindex":false,"robots_noarchive":false,"robots_nosnippet":false,"robots_nofollow":false,"robots_noimageindex":false,"robots_noodp":false,"robots_notranslate":false,"robots_max_snippet":null,"robots_max_videopreview":null,"robots_max_imagepreview":"large","priority":null,"frequency":null,"location":null,"local_seo":null,"seo_analyzer_scan_date":"2025-08-24 16:32:10","breadcrumb_settings":null,"limit_modified_date":false,"reviewed_by":null,"open_ai":null,"ai":null,"created":"2020-12-21 13:06:04","updated":"2025-08-24 16:32:10"},"aioseo_breadcrumb":"<div class=\"aioseo-breadcrumbs\"><span class=\"aioseo-breadcrumb\">\n\t<a href=\"https:\/\/candas365.es\/noticias\" title=\"Home\">Home<\/a>\n<\/span><span class=\"aioseo-breadcrumb-separator\">&ndash;<\/span><span class=\"aioseo-breadcrumb\">\n\t<a href=\"https:\/\/candas365.es\/noticias\/category\/actualidad\/\" title=\"Actualidad\">Actualidad<\/a>\n<\/span><span class=\"aioseo-breadcrumb-separator\">&ndash;<\/span><span class=\"aioseo-breadcrumb\">\n\t\u00abGuerra total\u00bb: la pelea por el arco del Barcelona pasa a otro nivel\n<\/span><\/div>","aioseo_breadcrumb_json":[{"label":"Home","link":"https:\/\/candas365.es\/noticias"},{"label":"Actualidad","link":"https:\/\/candas365.es\/noticias\/category\/actualidad\/"},{"label":"\u00abGuerra total\u00bb: la pelea por el arco del Barcelona pasa a otro nivel","link":"https:\/\/candas365.es\/noticias\/guerra-total-la-pelea-por-el-arco-del-barcelona-pasa-a-otro-nivel\/"}],"_links":{"self":[{"href":"https:\/\/candas365.es\/noticias\/wp-json\/wp\/v2\/posts\/33183","targetHints":{"allow":["GET"]}}],"collection":[{"href":"https:\/\/candas365.es\/noticias\/wp-json\/wp\/v2\/posts"}],"about":[{"href":"https:\/\/candas365.es\/noticias\/wp-json\/wp\/v2\/types\/post"}],"author":[{"embeddable":true,"href":"https:\/\/candas365.es\/noticias\/wp-json\/wp\/v2\/users\/1"}],"replies":[{"embeddable":true,"href":"https:\/\/candas365.es\/noticias\/wp-json\/wp\/v2\/comments?post=33183"}],"version-history":[{"count":0,"href":"https:\/\/candas365.es\/noticias\/wp-json\/wp\/v2\/posts\/33183\/revisions"}],"wp:featuredmedia":[{"embeddable":true,"href":"https:\/\/candas365.es\/noticias\/wp-json\/wp\/v2\/media\/33184"}],"wp:attachment":[{"href":"https:\/\/candas365.es\/noticias\/wp-json\/wp\/v2\/media?parent=33183"}],"wp:term":[{"taxonomy":"category","embeddable":true,"href":"https:\/\/candas365.es\/noticias\/wp-json\/wp\/v2\/categories?post=33183"},{"taxonomy":"post_tag","embeddable":true,"href":"https:\/\/candas365.es\/noticias\/wp-json\/wp\/v2\/tags?post=33183"}],"curies":[{"name":"wp","href":"https:\/\/api.w.org\/{rel}","templated":true}]}}