{"id":33137,"date":"2016-08-02T23:47:21","date_gmt":"2016-08-02T22:17:21","guid":{"rendered":"http:\/\/candas365.es\/noticias\/?p=33137"},"modified":"2016-08-02T23:47:21","modified_gmt":"2016-08-02T22:17:21","slug":"baviera-demandara-a-volkswagen-por-el-escandalo-de-los-motores-diesel-2","status":"publish","type":"post","link":"https:\/\/candas365.es\/noticias\/baviera-demandara-a-volkswagen-por-el-escandalo-de-los-motores-diesel-2\/","title":{"rendered":"Baviera demandar\u00e1 a Volkswagen por el esc\u00e1ndalo de los motores di\u00e9sel"},"content":{"rendered":"<p>N\u00faremberg (Alemania), 2 ago (dpa) &#8211; Baviera demandar\u00e1 al gigante automotor alem\u00e1n Volkswagen (VW) por da\u00f1os y perjuicios por los efectos derivados del esc\u00e1ndalo de la manipulaci\u00f3n de las emisiones de los motores di\u00e9sel, inform\u00f3 hoy el ministro de Finanzas de ese Estado federado, Markus S\u00f6der.<\/p>\n<p>La regi\u00f3n del sur de Alemania reclama a VW una compensaci\u00f3n econ\u00f3mica por la p\u00e9rdida de valor de las acciones de la compa\u00f1\u00eda que ha afectado a los fondos de pensiones b\u00e1varos, que poseen parte de estas acciones, explic\u00f3 a dpa el ministro.<\/p>\n<p>Baviera es el primer Estado federado alem\u00e1n que demanda a la automotriz en relaci\u00f3n con el esc\u00e1ndalo de los motores. \u00abBaviera debe demandar a VW\u00bb, indic\u00f3 S\u00f6der. \u00abEl fondo de pensiones presentar\u00e1 una demanda de indemnizaci\u00f3n por da\u00f1os y perjuicios en septiembre ante el tribunal de Braunschweig\u00bb, agreg\u00f3.<\/p>\n<p>La demanda tiene lugar por la gran p\u00e9rdida de valor de las acciones de VW tras el esc\u00e1ndalo que sali\u00f3 a la luz el pasado septiembre. Desde entonces, las acciones preferentes de VW han perdido m\u00e1s de un 40 por ciento de su valor.<\/p>\n<p>Baviera contaba en septiembre de 2015 con cerca de 58.000 acciones preferentes dentro de un fondo de pensiones de miles de millones para los trabajadores del Estado federado.<\/p>\n<p>\u00abDebido a la infracci\u00f3n cometida por parte de VW al no cumplir con la obligaci\u00f3n de informar, VW deber\u00eda tambi\u00e9n aceptar pagar la diferencia de la cotizaci\u00f3n a los fondos de pensiones b\u00e1varos. Queremos recuperar el dinero de VW. En concreto, se trata de un m\u00e1ximo de 700.000 euros\u00bb, indic\u00f3.<\/p>\n<p>Por su parte, el Estado alem\u00e1n asegur\u00f3 que no planea emprender ning\u00fan paso legal contra VW como el anunciado por Baviera. No hay intenci\u00f3n alguna de presentar una demanda, asegur\u00f3 un portavoz del Ministerio de Finanzas, en Berl\u00edn.<\/p>\n<p>El Estado alem\u00e1n cuenta con un fondo de pensiones para sus trabajadores que puede invertir hasta un diez por ciento en acciones. El dinero se invierte no en acciones individuales, sino en fondos de \u00edndices, como por ejemplo, el Dax, en el que cotiza VW.<\/p>\n<p>La automotriz VW qued\u00f3 sumida en la peor crisis de su historia al salir a la luz en septiembre de 2015 que hab\u00eda manipulado los motores de 11 millones de coches en todo el mundo para simular menores emisiones de gases contaminantes.<\/p>\n<p>&nbsp;<\/p>\n","protected":false},"excerpt":{"rendered":"<p>N\u00faremberg (Alemania), 2 ago (dpa) &#8211; Baviera demandar\u00e1 al gigante automotor alem\u00e1n Volkswagen (VW) por da\u00f1os y perjuicios por los efectos derivados del esc\u00e1ndalo de la manipulaci\u00f3n de las emisiones de los motores di\u00e9sel, inform\u00f3 hoy el ministro de Finanzas de ese Estado federado, Markus S\u00f6der. La regi\u00f3n del sur de Alemania reclama a VW<\/p>\n","protected":false},"author":1,"featured_media":11776,"comment_status":"closed","ping_status":"closed","sticky":false,"template":"","format":"standard","meta":{"footnotes":""},"categories":[343],"tags":[],"class_list":{"0":"post-33137","1":"post","2":"type-post","3":"status-publish","4":"format-standard","5":"has-post-thumbnail","7":"category-actualidad"},"aioseo_notices":[],"aioseo_head":"\n\t\t<!-- All in One SEO Pro 4.9.6.2 - aioseo.com -->\n\t<meta name=\"description\" content=\"N\u00faremberg (Alemania), 2 ago (dpa) - Baviera demandar\u00e1 al gigante automotor alem\u00e1n Volkswagen (VW) por da\u00f1os y perjuicios por los efectos derivados del esc\u00e1ndalo de la manipulaci\u00f3n de las emisiones de los motores di\u00e9sel, inform\u00f3 hoy el ministro de Finanzas de ese Estado federado, Markus S\u00f6der. La regi\u00f3n del sur de Alemania reclama a VW\" \/>\n\t<meta name=\"robots\" content=\"max-image-preview:large\" \/>\n\t<meta name=\"author\" content=\"Cand\u00e1s 365\"\/>\n\t<meta name=\"google-site-verification\" content=\"UA-32230408-1\" \/>\n\t<meta name=\"msvalidate.01\" content=\"354F3CDFB2DA171B47FBE9ABF1F88D5\" \/>\n\t<meta name=\"keywords\" content=\"actualidad\" \/>\n\t<link rel=\"canonical\" href=\"https:\/\/candas365.es\/noticias\/baviera-demandara-a-volkswagen-por-el-escandalo-de-los-motores-diesel-2\/\" \/>\n\t<meta name=\"generator\" content=\"All in One SEO Pro (AIOSEO) 4.9.6.2\" \/>\n\t\t<meta property=\"og:locale\" content=\"es_ES\" \/>\n\t\t<meta property=\"og:site_name\" content=\"Cand\u00e1s 365\" \/>\n\t\t<meta property=\"og:type\" content=\"article\" \/>\n\t\t<meta property=\"og:title\" content=\"Baviera demandar\u00e1 a Volkswagen por el esc\u00e1ndalo de los motores di\u00e9sel | Cand\u00e1s 365\" \/>\n\t\t<meta property=\"og:description\" content=\"N\u00faremberg (Alemania), 2 ago (dpa) - Baviera demandar\u00e1 al gigante automotor alem\u00e1n Volkswagen (VW) por da\u00f1os y perjuicios por los efectos derivados del esc\u00e1ndalo de la manipulaci\u00f3n de las emisiones de los motores di\u00e9sel, inform\u00f3 hoy el ministro de Finanzas de ese Estado federado, Markus S\u00f6der. La regi\u00f3n del sur de Alemania reclama a VW\" \/>\n\t\t<meta property=\"og:url\" content=\"https:\/\/candas365.es\/noticias\/baviera-demandara-a-volkswagen-por-el-escandalo-de-los-motores-diesel-2\/\" \/>\n\t\t<meta property=\"og:image\" content=\"https:\/\/candas365.es\/noticias\/wp-content\/uploads\/2015\/06\/carretera.jpg\" \/>\n\t\t<meta property=\"og:image:secure_url\" content=\"https:\/\/candas365.es\/noticias\/wp-content\/uploads\/2015\/06\/carretera.jpg\" \/>\n\t\t<meta property=\"og:image:width\" content=\"655\" \/>\n\t\t<meta property=\"og:image:height\" content=\"360\" \/>\n\t\t<meta property=\"article:published_time\" content=\"2016-08-02T22:17:21+00:00\" \/>\n\t\t<meta property=\"article:modified_time\" content=\"2016-08-02T22:17:21+00:00\" \/>\n\t\t<meta property=\"article:publisher\" content=\"https:\/\/www.facebook.com\/Nachofdezber\" \/>\n\t\t<meta property=\"article:author\" content=\"https:\/\/www.facebook.com\/carrenoactualidad\" \/>\n\t\t<meta name=\"twitter:card\" content=\"summary_large_image\" \/>\n\t\t<meta name=\"twitter:site\" content=\"@NabercoDigital\" \/>\n\t\t<meta name=\"twitter:title\" content=\"Baviera demandar\u00e1 a Volkswagen por el esc\u00e1ndalo de los motores di\u00e9sel | Cand\u00e1s 365\" \/>\n\t\t<meta name=\"twitter:description\" content=\"N\u00faremberg (Alemania), 2 ago (dpa) - Baviera demandar\u00e1 al gigante automotor alem\u00e1n Volkswagen (VW) por da\u00f1os y perjuicios por los efectos derivados del esc\u00e1ndalo de la manipulaci\u00f3n de las emisiones de los motores di\u00e9sel, inform\u00f3 hoy el ministro de Finanzas de ese Estado federado, Markus S\u00f6der. La regi\u00f3n del sur de Alemania reclama a VW\" \/>\n\t\t<meta name=\"twitter:creator\" content=\"@nbasturias\" \/>\n\t\t<meta name=\"twitter:image\" content=\"https:\/\/candas365.es\/noticias\/wp-content\/uploads\/2015\/06\/carretera.jpg\" \/>\n\t\t<meta name=\"twitter:label1\" content=\"Escrito por\" \/>\n\t\t<meta name=\"twitter:data1\" content=\"Cand\u00e1s 365\" \/>\n\t\t<meta name=\"twitter:label2\" content=\"Tiempo de lectura estimado\" \/>\n\t\t<meta name=\"twitter:data2\" content=\"2 minutos\" \/>\n\t\t<script type=\"application\/ld+json\" class=\"aioseo-schema\">\n\t\t\t{\"@context\":\"https:\\\/\\\/schema.org\",\"@graph\":[{\"@type\":\"BreadcrumbList\",\"@id\":\"https:\\\/\\\/candas365.es\\\/noticias\\\/baviera-demandara-a-volkswagen-por-el-escandalo-de-los-motores-diesel-2\\\/#breadcrumblist\",\"itemListElement\":[{\"@type\":\"ListItem\",\"@id\":\"https:\\\/\\\/candas365.es\\\/noticias#listItem\",\"position\":1,\"name\":\"Home\",\"item\":\"https:\\\/\\\/candas365.es\\\/noticias\",\"nextItem\":{\"@type\":\"ListItem\",\"@id\":\"https:\\\/\\\/candas365.es\\\/noticias\\\/category\\\/actualidad\\\/#listItem\",\"name\":\"Actualidad\"}},{\"@type\":\"ListItem\",\"@id\":\"https:\\\/\\\/candas365.es\\\/noticias\\\/category\\\/actualidad\\\/#listItem\",\"position\":2,\"name\":\"Actualidad\",\"item\":\"https:\\\/\\\/candas365.es\\\/noticias\\\/category\\\/actualidad\\\/\",\"nextItem\":{\"@type\":\"ListItem\",\"@id\":\"https:\\\/\\\/candas365.es\\\/noticias\\\/baviera-demandara-a-volkswagen-por-el-escandalo-de-los-motores-diesel-2\\\/#listItem\",\"name\":\"Baviera demandar\\u00e1 a Volkswagen por el esc\\u00e1ndalo de los motores di\\u00e9sel\"},\"previousItem\":{\"@type\":\"ListItem\",\"@id\":\"https:\\\/\\\/candas365.es\\\/noticias#listItem\",\"name\":\"Home\"}},{\"@type\":\"ListItem\",\"@id\":\"https:\\\/\\\/candas365.es\\\/noticias\\\/baviera-demandara-a-volkswagen-por-el-escandalo-de-los-motores-diesel-2\\\/#listItem\",\"position\":3,\"name\":\"Baviera demandar\\u00e1 a Volkswagen por el esc\\u00e1ndalo de los motores di\\u00e9sel\",\"previousItem\":{\"@type\":\"ListItem\",\"@id\":\"https:\\\/\\\/candas365.es\\\/noticias\\\/category\\\/actualidad\\\/#listItem\",\"name\":\"Actualidad\"}}]},{\"@type\":\"NewsArticle\",\"@id\":\"https:\\\/\\\/candas365.es\\\/noticias\\\/baviera-demandara-a-volkswagen-por-el-escandalo-de-los-motores-diesel-2\\\/#newsarticle\",\"name\":\"Baviera demandar\\u00e1 a Volkswagen por el esc\\u00e1ndalo de los motores di\\u00e9sel | Cand\\u00e1s 365\",\"headline\":\"Baviera demandar\\u00e1 a Volkswagen por el esc\\u00e1ndalo de los motores di\\u00e9sel\",\"author\":{\"@id\":\"https:\\\/\\\/candas365.es\\\/noticias\\\/author\\\/admin\\\/#author\"},\"publisher\":{\"@id\":\"https:\\\/\\\/candas365.es\\\/noticias\\\/#organization\"},\"image\":{\"@type\":\"ImageObject\",\"url\":\"https:\\\/\\\/candas365.es\\\/noticias\\\/wp-content\\\/uploads\\\/2015\\\/06\\\/carretera.jpg\",\"width\":655,\"height\":360},\"datePublished\":\"2016-08-02T23:47:21+02:00\",\"dateModified\":\"2016-08-02T23:47:21+02:00\",\"inLanguage\":\"es-ES\",\"mainEntityOfPage\":{\"@id\":\"https:\\\/\\\/candas365.es\\\/noticias\\\/baviera-demandara-a-volkswagen-por-el-escandalo-de-los-motores-diesel-2\\\/#webpage\"},\"isPartOf\":{\"@id\":\"https:\\\/\\\/candas365.es\\\/noticias\\\/baviera-demandara-a-volkswagen-por-el-escandalo-de-los-motores-diesel-2\\\/#webpage\"},\"articleSection\":\"Actualidad\",\"dateline\":\"Publicado el agosto 2, 2016.\"},{\"@type\":\"Organization\",\"@id\":\"https:\\\/\\\/candas365.es\\\/noticias\\\/#organization\",\"name\":\"Cand\\u00e1s 365\",\"description\":\"Cand\\u00e1s 365 es un diario digital independiente, fundado en 2012, con base en Asturias. Informamos con rigor sobre actualidad, sociedad, cultura y ocio, con una mirada local y global.\",\"url\":\"https:\\\/\\\/candas365.es\\\/noticias\\\/\",\"email\":\"info@candas365.es\",\"telephone\":\"+34652131393\",\"foundingDate\":\"2012-06-10\",\"logo\":{\"@type\":\"ImageObject\",\"url\":\"https:\\\/\\\/candas365.es\\\/noticias\\\/wp-content\\\/uploads\\\/2024\\\/09\\\/Candas-365-Redes.jpg\",\"@id\":\"https:\\\/\\\/candas365.es\\\/noticias\\\/baviera-demandara-a-volkswagen-por-el-escandalo-de-los-motores-diesel-2\\\/#organizationLogo\",\"width\":1152,\"height\":864,\"caption\":\"Cand\\u00e1s 365 Redes\"},\"image\":{\"@id\":\"https:\\\/\\\/candas365.es\\\/noticias\\\/baviera-demandara-a-volkswagen-por-el-escandalo-de-los-motores-diesel-2\\\/#organizationLogo\"},\"sameAs\":[\"https:\\\/\\\/www.facebook.com\\\/Nachofdezber\",\"https:\\\/\\\/x.com\\\/NabercoDigital\",\"https:\\\/\\\/www.instagram.com\\\/nachofdezber\\\/\",\"https:\\\/\\\/www.youtube.com\\\/channel\\\/UCZP-2wLEB9Rv6erhFmqVnvg\"],\"address\":{\"@id\":\"https:\\\/\\\/candas365.es\\\/noticias\\\/#postaladdress\",\"@type\":\"PostalAddress\",\"streetAddress\":\"san antonio 4, san antonio 4\",\"postalCode\":\"33430\",\"addressLocality\":\"Cand\\u00e1s\",\"addressRegion\":\"Asturias\",\"addressCountry\":\"ES\"}},{\"@type\":\"Person\",\"@id\":\"https:\\\/\\\/candas365.es\\\/noticias\\\/author\\\/admin\\\/#author\",\"url\":\"https:\\\/\\\/candas365.es\\\/noticias\\\/author\\\/admin\\\/\",\"name\":\"Cand\\u00e1s 365\",\"image\":{\"@type\":\"ImageObject\",\"@id\":\"https:\\\/\\\/candas365.es\\\/noticias\\\/baviera-demandara-a-volkswagen-por-el-escandalo-de-los-motores-diesel-2\\\/#authorImage\",\"url\":\"https:\\\/\\\/secure.gravatar.com\\\/avatar\\\/496a8e03d0c493ede1718b7934145dbdf8d89be1036b0eec9544e1094c9de390?s=96&d=mm&r=g\",\"width\":96,\"height\":96,\"caption\":\"Cand\\u00e1s 365\"},\"sameAs\":[\"https:\\\/\\\/www.facebook.com\\\/carrenoactualidad\",\"https:\\\/\\\/twitter.com\\\/nbasturias\",\"https:\\\/\\\/www.instagram.com\\\/nachofdezber\\\/\",\"https:\\\/\\\/www.youtube.com\\\/channel\\\/UCZP-2wLEB9Rv6erhFmqVnvg\"]},{\"@type\":\"WebPage\",\"@id\":\"https:\\\/\\\/candas365.es\\\/noticias\\\/baviera-demandara-a-volkswagen-por-el-escandalo-de-los-motores-diesel-2\\\/#webpage\",\"url\":\"https:\\\/\\\/candas365.es\\\/noticias\\\/baviera-demandara-a-volkswagen-por-el-escandalo-de-los-motores-diesel-2\\\/\",\"name\":\"Baviera demandar\\u00e1 a Volkswagen por el esc\\u00e1ndalo de los motores di\\u00e9sel | Cand\\u00e1s 365\",\"description\":\"N\\u00faremberg (Alemania), 2 ago (dpa) - Baviera demandar\\u00e1 al gigante automotor alem\\u00e1n Volkswagen (VW) por da\\u00f1os y perjuicios por los efectos derivados del esc\\u00e1ndalo de la manipulaci\\u00f3n de las emisiones de los motores di\\u00e9sel, inform\\u00f3 hoy el ministro de Finanzas de ese Estado federado, Markus S\\u00f6der. La regi\\u00f3n del sur de Alemania reclama a VW\",\"inLanguage\":\"es-ES\",\"isPartOf\":{\"@id\":\"https:\\\/\\\/candas365.es\\\/noticias\\\/#website\"},\"breadcrumb\":{\"@id\":\"https:\\\/\\\/candas365.es\\\/noticias\\\/baviera-demandara-a-volkswagen-por-el-escandalo-de-los-motores-diesel-2\\\/#breadcrumblist\"},\"author\":{\"@id\":\"https:\\\/\\\/candas365.es\\\/noticias\\\/author\\\/admin\\\/#author\"},\"creator\":{\"@id\":\"https:\\\/\\\/candas365.es\\\/noticias\\\/author\\\/admin\\\/#author\"},\"image\":{\"@type\":\"ImageObject\",\"url\":\"https:\\\/\\\/candas365.es\\\/noticias\\\/wp-content\\\/uploads\\\/2015\\\/06\\\/carretera.jpg\",\"@id\":\"https:\\\/\\\/candas365.es\\\/noticias\\\/baviera-demandara-a-volkswagen-por-el-escandalo-de-los-motores-diesel-2\\\/#mainImage\",\"width\":655,\"height\":360},\"primaryImageOfPage\":{\"@id\":\"https:\\\/\\\/candas365.es\\\/noticias\\\/baviera-demandara-a-volkswagen-por-el-escandalo-de-los-motores-diesel-2\\\/#mainImage\"},\"datePublished\":\"2016-08-02T23:47:21+02:00\",\"dateModified\":\"2016-08-02T23:47:21+02:00\"},{\"@type\":\"WebSite\",\"@id\":\"https:\\\/\\\/candas365.es\\\/noticias\\\/#website\",\"url\":\"https:\\\/\\\/candas365.es\\\/noticias\\\/\",\"name\":\"Cand\\u00e1s 365\",\"alternateName\":\"Cand\\u00e1s 365 Noticias\",\"description\":\"Actualidad desde Carre\\u00f1o para el mundo\",\"inLanguage\":\"es-ES\",\"publisher\":{\"@id\":\"https:\\\/\\\/candas365.es\\\/noticias\\\/#organization\"}}]}\n\t\t<\/script>\n\t\t<!-- All in One SEO Pro -->\r\n\t\t<title>Baviera demandar\u00e1 a Volkswagen por el esc\u00e1ndalo de los motores di\u00e9sel | Cand\u00e1s 365<\/title>\n\n","aioseo_head_json":{"title":"Baviera demandar\u00e1 a Volkswagen por el esc\u00e1ndalo de los motores di\u00e9sel | Cand\u00e1s 365","description":"N\u00faremberg (Alemania), 2 ago (dpa) - Baviera demandar\u00e1 al gigante automotor alem\u00e1n Volkswagen (VW) por da\u00f1os y perjuicios por los efectos derivados del esc\u00e1ndalo de la manipulaci\u00f3n de las emisiones de los motores di\u00e9sel, inform\u00f3 hoy el ministro de Finanzas de ese Estado federado, Markus S\u00f6der. La regi\u00f3n del sur de Alemania reclama a VW","canonical_url":"https:\/\/candas365.es\/noticias\/baviera-demandara-a-volkswagen-por-el-escandalo-de-los-motores-diesel-2\/","robots":"max-image-preview:large","keywords":"actualidad","webmasterTools":{"google-site-verification":"UA-32230408-1","msvalidate.01":"354F3CDFB2DA171B47FBE9ABF1F88D5","miscellaneous":""},"schema":{"@context":"https:\/\/schema.org","@graph":[{"@type":"BreadcrumbList","@id":"https:\/\/candas365.es\/noticias\/baviera-demandara-a-volkswagen-por-el-escandalo-de-los-motores-diesel-2\/#breadcrumblist","itemListElement":[{"@type":"ListItem","@id":"https:\/\/candas365.es\/noticias#listItem","position":1,"name":"Home","item":"https:\/\/candas365.es\/noticias","nextItem":{"@type":"ListItem","@id":"https:\/\/candas365.es\/noticias\/category\/actualidad\/#listItem","name":"Actualidad"}},{"@type":"ListItem","@id":"https:\/\/candas365.es\/noticias\/category\/actualidad\/#listItem","position":2,"name":"Actualidad","item":"https:\/\/candas365.es\/noticias\/category\/actualidad\/","nextItem":{"@type":"ListItem","@id":"https:\/\/candas365.es\/noticias\/baviera-demandara-a-volkswagen-por-el-escandalo-de-los-motores-diesel-2\/#listItem","name":"Baviera demandar\u00e1 a Volkswagen por el esc\u00e1ndalo de los motores di\u00e9sel"},"previousItem":{"@type":"ListItem","@id":"https:\/\/candas365.es\/noticias#listItem","name":"Home"}},{"@type":"ListItem","@id":"https:\/\/candas365.es\/noticias\/baviera-demandara-a-volkswagen-por-el-escandalo-de-los-motores-diesel-2\/#listItem","position":3,"name":"Baviera demandar\u00e1 a Volkswagen por el esc\u00e1ndalo de los motores di\u00e9sel","previousItem":{"@type":"ListItem","@id":"https:\/\/candas365.es\/noticias\/category\/actualidad\/#listItem","name":"Actualidad"}}]},{"@type":"NewsArticle","@id":"https:\/\/candas365.es\/noticias\/baviera-demandara-a-volkswagen-por-el-escandalo-de-los-motores-diesel-2\/#newsarticle","name":"Baviera demandar\u00e1 a Volkswagen por el esc\u00e1ndalo de los motores di\u00e9sel | Cand\u00e1s 365","headline":"Baviera demandar\u00e1 a Volkswagen por el esc\u00e1ndalo de los motores di\u00e9sel","author":{"@id":"https:\/\/candas365.es\/noticias\/author\/admin\/#author"},"publisher":{"@id":"https:\/\/candas365.es\/noticias\/#organization"},"image":{"@type":"ImageObject","url":"https:\/\/candas365.es\/noticias\/wp-content\/uploads\/2015\/06\/carretera.jpg","width":655,"height":360},"datePublished":"2016-08-02T23:47:21+02:00","dateModified":"2016-08-02T23:47:21+02:00","inLanguage":"es-ES","mainEntityOfPage":{"@id":"https:\/\/candas365.es\/noticias\/baviera-demandara-a-volkswagen-por-el-escandalo-de-los-motores-diesel-2\/#webpage"},"isPartOf":{"@id":"https:\/\/candas365.es\/noticias\/baviera-demandara-a-volkswagen-por-el-escandalo-de-los-motores-diesel-2\/#webpage"},"articleSection":"Actualidad","dateline":"Publicado el agosto 2, 2016."},{"@type":"Organization","@id":"https:\/\/candas365.es\/noticias\/#organization","name":"Cand\u00e1s 365","description":"Cand\u00e1s 365 es un diario digital independiente, fundado en 2012, con base en Asturias. Informamos con rigor sobre actualidad, sociedad, cultura y ocio, con una mirada local y global.","url":"https:\/\/candas365.es\/noticias\/","email":"info@candas365.es","telephone":"+34652131393","foundingDate":"2012-06-10","logo":{"@type":"ImageObject","url":"https:\/\/candas365.es\/noticias\/wp-content\/uploads\/2024\/09\/Candas-365-Redes.jpg","@id":"https:\/\/candas365.es\/noticias\/baviera-demandara-a-volkswagen-por-el-escandalo-de-los-motores-diesel-2\/#organizationLogo","width":1152,"height":864,"caption":"Cand\u00e1s 365 Redes"},"image":{"@id":"https:\/\/candas365.es\/noticias\/baviera-demandara-a-volkswagen-por-el-escandalo-de-los-motores-diesel-2\/#organizationLogo"},"sameAs":["https:\/\/www.facebook.com\/Nachofdezber","https:\/\/x.com\/NabercoDigital","https:\/\/www.instagram.com\/nachofdezber\/","https:\/\/www.youtube.com\/channel\/UCZP-2wLEB9Rv6erhFmqVnvg"],"address":{"@id":"https:\/\/candas365.es\/noticias\/#postaladdress","@type":"PostalAddress","streetAddress":"san antonio 4, san antonio 4","postalCode":"33430","addressLocality":"Cand\u00e1s","addressRegion":"Asturias","addressCountry":"ES"}},{"@type":"Person","@id":"https:\/\/candas365.es\/noticias\/author\/admin\/#author","url":"https:\/\/candas365.es\/noticias\/author\/admin\/","name":"Cand\u00e1s 365","image":{"@type":"ImageObject","@id":"https:\/\/candas365.es\/noticias\/baviera-demandara-a-volkswagen-por-el-escandalo-de-los-motores-diesel-2\/#authorImage","url":"https:\/\/secure.gravatar.com\/avatar\/496a8e03d0c493ede1718b7934145dbdf8d89be1036b0eec9544e1094c9de390?s=96&d=mm&r=g","width":96,"height":96,"caption":"Cand\u00e1s 365"},"sameAs":["https:\/\/www.facebook.com\/carrenoactualidad","https:\/\/twitter.com\/nbasturias","https:\/\/www.instagram.com\/nachofdezber\/","https:\/\/www.youtube.com\/channel\/UCZP-2wLEB9Rv6erhFmqVnvg"]},{"@type":"WebPage","@id":"https:\/\/candas365.es\/noticias\/baviera-demandara-a-volkswagen-por-el-escandalo-de-los-motores-diesel-2\/#webpage","url":"https:\/\/candas365.es\/noticias\/baviera-demandara-a-volkswagen-por-el-escandalo-de-los-motores-diesel-2\/","name":"Baviera demandar\u00e1 a Volkswagen por el esc\u00e1ndalo de los motores di\u00e9sel | Cand\u00e1s 365","description":"N\u00faremberg (Alemania), 2 ago (dpa) - Baviera demandar\u00e1 al gigante automotor alem\u00e1n Volkswagen (VW) por da\u00f1os y perjuicios por los efectos derivados del esc\u00e1ndalo de la manipulaci\u00f3n de las emisiones de los motores di\u00e9sel, inform\u00f3 hoy el ministro de Finanzas de ese Estado federado, Markus S\u00f6der. La regi\u00f3n del sur de Alemania reclama a VW","inLanguage":"es-ES","isPartOf":{"@id":"https:\/\/candas365.es\/noticias\/#website"},"breadcrumb":{"@id":"https:\/\/candas365.es\/noticias\/baviera-demandara-a-volkswagen-por-el-escandalo-de-los-motores-diesel-2\/#breadcrumblist"},"author":{"@id":"https:\/\/candas365.es\/noticias\/author\/admin\/#author"},"creator":{"@id":"https:\/\/candas365.es\/noticias\/author\/admin\/#author"},"image":{"@type":"ImageObject","url":"https:\/\/candas365.es\/noticias\/wp-content\/uploads\/2015\/06\/carretera.jpg","@id":"https:\/\/candas365.es\/noticias\/baviera-demandara-a-volkswagen-por-el-escandalo-de-los-motores-diesel-2\/#mainImage","width":655,"height":360},"primaryImageOfPage":{"@id":"https:\/\/candas365.es\/noticias\/baviera-demandara-a-volkswagen-por-el-escandalo-de-los-motores-diesel-2\/#mainImage"},"datePublished":"2016-08-02T23:47:21+02:00","dateModified":"2016-08-02T23:47:21+02:00"},{"@type":"WebSite","@id":"https:\/\/candas365.es\/noticias\/#website","url":"https:\/\/candas365.es\/noticias\/","name":"Cand\u00e1s 365","alternateName":"Cand\u00e1s 365 Noticias","description":"Actualidad desde Carre\u00f1o para el mundo","inLanguage":"es-ES","publisher":{"@id":"https:\/\/candas365.es\/noticias\/#organization"}}]},"og:locale":"es_ES","og:site_name":"Cand\u00e1s 365","og:type":"article","og:title":"Baviera demandar\u00e1 a Volkswagen por el esc\u00e1ndalo de los motores di\u00e9sel | Cand\u00e1s 365","og:description":"N\u00faremberg (Alemania), 2 ago (dpa) - Baviera demandar\u00e1 al gigante automotor alem\u00e1n Volkswagen (VW) por da\u00f1os y perjuicios por los efectos derivados del esc\u00e1ndalo de la manipulaci\u00f3n de las emisiones de los motores di\u00e9sel, inform\u00f3 hoy el ministro de Finanzas de ese Estado federado, Markus S\u00f6der. La regi\u00f3n del sur de Alemania reclama a VW","og:url":"https:\/\/candas365.es\/noticias\/baviera-demandara-a-volkswagen-por-el-escandalo-de-los-motores-diesel-2\/","og:image":"https:\/\/candas365.es\/noticias\/wp-content\/uploads\/2015\/06\/carretera.jpg","og:image:secure_url":"https:\/\/candas365.es\/noticias\/wp-content\/uploads\/2015\/06\/carretera.jpg","og:image:width":655,"og:image:height":360,"article:published_time":"2016-08-02T22:17:21+00:00","article:modified_time":"2016-08-02T22:17:21+00:00","article:publisher":"https:\/\/www.facebook.com\/Nachofdezber","article:author":"https:\/\/www.facebook.com\/carrenoactualidad","twitter:card":"summary_large_image","twitter:site":"@NabercoDigital","twitter:title":"Baviera demandar\u00e1 a Volkswagen por el esc\u00e1ndalo de los motores di\u00e9sel | Cand\u00e1s 365","twitter:description":"N\u00faremberg (Alemania), 2 ago (dpa) - Baviera demandar\u00e1 al gigante automotor alem\u00e1n Volkswagen (VW) por da\u00f1os y perjuicios por los efectos derivados del esc\u00e1ndalo de la manipulaci\u00f3n de las emisiones de los motores di\u00e9sel, inform\u00f3 hoy el ministro de Finanzas de ese Estado federado, Markus S\u00f6der. La regi\u00f3n del sur de Alemania reclama a VW","twitter:creator":"@nbasturias","twitter:image":"https:\/\/candas365.es\/noticias\/wp-content\/uploads\/2015\/06\/carretera.jpg","twitter:label1":"Escrito por","twitter:data1":"Cand\u00e1s 365","twitter:label2":"Tiempo de lectura estimado","twitter:data2":"2 minutos"},"aioseo_meta_data":{"post_id":"33137","title":null,"description":null,"keywords":null,"keyphrases":null,"primary_term":null,"canonical_url":null,"og_title":null,"og_description":null,"og_object_type":"default","og_image_type":"default","og_image_url":null,"og_image_width":null,"og_image_height":null,"og_image_custom_url":null,"og_image_custom_fields":null,"og_video":null,"og_custom_url":null,"og_article_section":null,"og_article_tags":null,"twitter_use_og":false,"twitter_card":"default","twitter_image_type":"default","twitter_image_url":null,"twitter_image_custom_url":null,"twitter_image_custom_fields":null,"twitter_title":null,"twitter_description":null,"schema":{"blockGraphs":[],"customGraphs":[],"default":{"data":{"Article":[],"Course":[],"Dataset":[],"FAQPage":[],"Movie":[],"Person":[],"Product":[],"ProductReview":[],"Car":[],"Recipe":[],"Service":[],"SoftwareApplication":[],"WebPage":[]},"graphName":"","isEnabled":true},"graphs":[],"defaultGraph":"","defaultPostTypeGraph":""},"schema_type":null,"schema_type_options":null,"pillar_content":false,"robots_default":true,"robots_noindex":false,"robots_noarchive":false,"robots_nosnippet":false,"robots_nofollow":false,"robots_noimageindex":false,"robots_noodp":false,"robots_notranslate":false,"robots_max_snippet":null,"robots_max_videopreview":null,"robots_max_imagepreview":"large","priority":null,"frequency":null,"location":null,"local_seo":null,"seo_analyzer_scan_date":"2025-08-24 16:28:10","breadcrumb_settings":null,"limit_modified_date":false,"reviewed_by":null,"open_ai":null,"ai":null,"created":"2020-12-21 13:06:03","updated":"2025-08-24 16:28:10"},"aioseo_breadcrumb":"<div class=\"aioseo-breadcrumbs\"><span class=\"aioseo-breadcrumb\">\n\t<a href=\"https:\/\/candas365.es\/noticias\" title=\"Home\">Home<\/a>\n<\/span><span class=\"aioseo-breadcrumb-separator\">&ndash;<\/span><span class=\"aioseo-breadcrumb\">\n\t<a href=\"https:\/\/candas365.es\/noticias\/category\/actualidad\/\" title=\"Actualidad\">Actualidad<\/a>\n<\/span><span class=\"aioseo-breadcrumb-separator\">&ndash;<\/span><span class=\"aioseo-breadcrumb\">\n\tBaviera demandar\u00e1 a Volkswagen por el esc\u00e1ndalo de los motores di\u00e9sel\n<\/span><\/div>","aioseo_breadcrumb_json":[{"label":"Home","link":"https:\/\/candas365.es\/noticias"},{"label":"Actualidad","link":"https:\/\/candas365.es\/noticias\/category\/actualidad\/"},{"label":"Baviera demandar\u00e1 a Volkswagen por el esc\u00e1ndalo de los motores di\u00e9sel","link":"https:\/\/candas365.es\/noticias\/baviera-demandara-a-volkswagen-por-el-escandalo-de-los-motores-diesel-2\/"}],"_links":{"self":[{"href":"https:\/\/candas365.es\/noticias\/wp-json\/wp\/v2\/posts\/33137","targetHints":{"allow":["GET"]}}],"collection":[{"href":"https:\/\/candas365.es\/noticias\/wp-json\/wp\/v2\/posts"}],"about":[{"href":"https:\/\/candas365.es\/noticias\/wp-json\/wp\/v2\/types\/post"}],"author":[{"embeddable":true,"href":"https:\/\/candas365.es\/noticias\/wp-json\/wp\/v2\/users\/1"}],"replies":[{"embeddable":true,"href":"https:\/\/candas365.es\/noticias\/wp-json\/wp\/v2\/comments?post=33137"}],"version-history":[{"count":0,"href":"https:\/\/candas365.es\/noticias\/wp-json\/wp\/v2\/posts\/33137\/revisions"}],"wp:featuredmedia":[{"embeddable":true,"href":"https:\/\/candas365.es\/noticias\/wp-json\/wp\/v2\/media\/11776"}],"wp:attachment":[{"href":"https:\/\/candas365.es\/noticias\/wp-json\/wp\/v2\/media?parent=33137"}],"wp:term":[{"taxonomy":"category","embeddable":true,"href":"https:\/\/candas365.es\/noticias\/wp-json\/wp\/v2\/categories?post=33137"},{"taxonomy":"post_tag","embeddable":true,"href":"https:\/\/candas365.es\/noticias\/wp-json\/wp\/v2\/tags?post=33137"}],"curies":[{"name":"wp","href":"https:\/\/api.w.org\/{rel}","templated":true}]}}