{"id":33135,"date":"2016-08-02T23:44:51","date_gmt":"2016-08-02T22:14:51","guid":{"rendered":"http:\/\/candas365.es\/noticias\/?p=33135"},"modified":"2016-08-02T23:44:51","modified_gmt":"2016-08-02T22:14:51","slug":"murio-el-sacerdote-aleman-que-edifico-mas-de-70-iglesias-en-bolivia","status":"publish","type":"post","link":"https:\/\/candas365.es\/noticias\/murio-el-sacerdote-aleman-que-edifico-mas-de-70-iglesias-en-bolivia\/","title":{"rendered":"Muri\u00f3 el sacerdote alem\u00e1n que edific\u00f3 m\u00e1s de 70 iglesias en Bolivia"},"content":{"rendered":"<p>La Paz, 2 ago (dpa) &#8211; El sacerdote alem\u00e1n Sebasti\u00e1n Obermaier, que construy\u00f3 decenas de templos cat\u00f3licos en la ciudad de El Alto, de ra\u00edces aymaras y vecina de La Paz, sede del Gobierno de Bolivia, muri\u00f3 hoy a los 82 a\u00f1os de un paro card\u00edaco.<\/p>\n<p>\u00abEl padre Sebasti\u00e1n fue un gigante para la Iglesia cat\u00f3lica de Bolivia. Hizo tantas obras desde su llegada en 1978 al barrio alte\u00f1o de Villa Adela, donde se hizo cargo de la parroquia Cuerpo de Cristo\u00bb, dijo a radio Fides el ex Obispo de El Alto, monse\u00f1or Jes\u00fas Ju\u00e1rez.<\/p>\n<p>El sacerdote hab\u00eda nacido el 24 de octubre de 1934 en Rosenheim, Alemania. Vivi\u00f3 y sufri\u00f3 de ni\u00f1o los rigores de la Segunda Guerra Mundial. Luego opt\u00f3 por ser religioso. Antes de llegar a Bolivia permaneci\u00f3 11 a\u00f1os en Venezuela.<\/p>\n<p>El padre Obermaier era doctor en teolog\u00eda e hizo estudios de arquitectura, lo que le permiti\u00f3 dise\u00f1ar las 72 iglesias que construy\u00f3 en 38 a\u00f1os en distintos barrios de El Alto, la mayor ciudad en el altiplano sudamericano y segunda ciudad m\u00e1s poblada de Bolivia.<\/p>\n<p>Con aporte de la comunidad cat\u00f3lica de Alemania logr\u00f3 crear la \u00abFundaci\u00f3n Cuerpo de Cristo\u00bb, dedicada a diversas tareas a favor delos ni\u00f1os abandonados, ancianos, mujeres abandonadas y enfermos de sida, adem\u00e1s de promover el arte, la cultura y la comunicaci\u00f3n.<\/p>\n<p>\u00abLos templos del padre Sebasti\u00e1n y su obra social marcar\u00e1n su paso por la vida\u00bb, se\u00f1al\u00f3 monse\u00f1or Jes\u00fas Ju\u00e1rez.<\/p>\n<p>Obermaier tambi\u00e9n mostr\u00f3 todo su humanismo en la llamada \u00abGuerra del Gas\u00bb, de octubre de 2003, cuando hubo 60 muertos en El Alto y el sacerdote no se cans\u00f3 de transportar el cuerpo de las v\u00edctimas desde la morgue de La Paz hasta sus domicilios para su velatorio y posterior entierro.<\/p>\n<p>Cada a\u00f1o, el padre realizaba una recreaci\u00f3n del Domingo de Ramos y recorr\u00eda montando en un burro por el barrio de Villa Adela, donde vivi\u00f3 desde 1978 hasta su muerte.<\/p>\n<p>El sacerdote ten\u00eda un gran afecto por los animales, sobre todo los perros. En la festividad de San Roque, el 16 de agosto, sol\u00eda bendecir a esos animales y organizaba un desfile canino que era tradicional en su parroquia.<\/p>\n<p>En los \u00faltimos 20 a\u00f1os organizaba campa\u00f1as de recolecci\u00f3n de juguetes para los ni\u00f1os pobres de El Alto. La entrega se realizaba cada Navidad.<\/p>\n<p>El padre Obermaier opt\u00f3 por predicar el mensaje cat\u00f3lico por una canal de televisi\u00f3n que funcionaba en Villa Adela bajo su iniciativa.<\/p>\n<p>\u00abLa muerte del padre Obermaier ser\u00e1 sentida por todos. Era din\u00e1mico, dorm\u00eda a las once de la noche y ya estaba de pie a las cuatro de la madrugada. Era exigente para que todo funcione bien en los 14 programas de la &#8216;Fundaci\u00f3n Cuerpo de Cristo'\u00bb, se\u00f1al\u00f3 el actual obispo de El Alto, monse\u00f1or Eugenio Scarpellini.<\/p>\n<p>El velatorio del sacerdote ser\u00e1 en la parroquia \u00abCuerpo de Cristo\u00bb, de Villa Adela, y su cuerpo ser\u00e1 sepultado en El Alto.<\/p>\n","protected":false},"excerpt":{"rendered":"<p>La Paz, 2 ago (dpa) &#8211; El sacerdote alem\u00e1n Sebasti\u00e1n Obermaier, que construy\u00f3 decenas de templos cat\u00f3licos en la ciudad de El Alto, de ra\u00edces aymaras y vecina de La Paz, sede del Gobierno de Bolivia, muri\u00f3 hoy a los 82 a\u00f1os de un paro card\u00edaco. \u00abEl padre Sebasti\u00e1n fue un gigante para la Iglesia<\/p>\n","protected":false},"author":1,"featured_media":16457,"comment_status":"closed","ping_status":"closed","sticky":false,"template":"","format":"standard","meta":{"footnotes":""},"categories":[343],"tags":[],"class_list":{"0":"post-33135","1":"post","2":"type-post","3":"status-publish","4":"format-standard","5":"has-post-thumbnail","7":"category-actualidad"},"aioseo_notices":[],"aioseo_head":"\n\t\t<!-- All in One SEO Pro 4.9.6.2 - aioseo.com -->\n\t<meta name=\"description\" content=\"La Paz, 2 ago (dpa) - El sacerdote alem\u00e1n Sebasti\u00e1n Obermaier, que construy\u00f3 decenas de templos cat\u00f3licos en la ciudad de El Alto, de ra\u00edces aymaras y vecina de La Paz, sede del Gobierno de Bolivia, muri\u00f3 hoy a los 82 a\u00f1os de un paro card\u00edaco. &quot;El padre Sebasti\u00e1n fue un gigante para la Iglesia\" \/>\n\t<meta name=\"robots\" content=\"max-image-preview:large\" \/>\n\t<meta name=\"author\" content=\"Cand\u00e1s 365\"\/>\n\t<meta name=\"google-site-verification\" content=\"UA-32230408-1\" \/>\n\t<meta name=\"msvalidate.01\" content=\"354F3CDFB2DA171B47FBE9ABF1F88D5\" \/>\n\t<meta name=\"keywords\" content=\"actualidad\" \/>\n\t<link rel=\"canonical\" href=\"https:\/\/candas365.es\/noticias\/murio-el-sacerdote-aleman-que-edifico-mas-de-70-iglesias-en-bolivia\/\" \/>\n\t<meta name=\"generator\" content=\"All in One SEO Pro (AIOSEO) 4.9.6.2\" \/>\n\t\t<meta property=\"og:locale\" content=\"es_ES\" \/>\n\t\t<meta property=\"og:site_name\" content=\"Cand\u00e1s 365\" \/>\n\t\t<meta property=\"og:type\" content=\"article\" \/>\n\t\t<meta property=\"og:title\" content=\"Muri\u00f3 el sacerdote alem\u00e1n que edific\u00f3 m\u00e1s de 70 iglesias en Bolivia | Cand\u00e1s 365\" \/>\n\t\t<meta property=\"og:description\" content=\"La Paz, 2 ago (dpa) - El sacerdote alem\u00e1n Sebasti\u00e1n Obermaier, que construy\u00f3 decenas de templos cat\u00f3licos en la ciudad de El Alto, de ra\u00edces aymaras y vecina de La Paz, sede del Gobierno de Bolivia, muri\u00f3 hoy a los 82 a\u00f1os de un paro card\u00edaco. &quot;El padre Sebasti\u00e1n fue un gigante para la Iglesia\" \/>\n\t\t<meta property=\"og:url\" content=\"https:\/\/candas365.es\/noticias\/murio-el-sacerdote-aleman-que-edifico-mas-de-70-iglesias-en-bolivia\/\" \/>\n\t\t<meta property=\"og:image\" content=\"https:\/\/candas365.es\/noticias\/wp-content\/uploads\/2015\/09\/c365noticias.jpg\" \/>\n\t\t<meta property=\"og:image:secure_url\" content=\"https:\/\/candas365.es\/noticias\/wp-content\/uploads\/2015\/09\/c365noticias.jpg\" \/>\n\t\t<meta property=\"og:image:width\" content=\"655\" \/>\n\t\t<meta property=\"og:image:height\" content=\"360\" \/>\n\t\t<meta property=\"article:published_time\" content=\"2016-08-02T22:14:51+00:00\" \/>\n\t\t<meta property=\"article:modified_time\" content=\"2016-08-02T22:14:51+00:00\" \/>\n\t\t<meta property=\"article:publisher\" content=\"https:\/\/www.facebook.com\/Nachofdezber\" \/>\n\t\t<meta property=\"article:author\" content=\"https:\/\/www.facebook.com\/carrenoactualidad\" \/>\n\t\t<meta name=\"twitter:card\" content=\"summary_large_image\" \/>\n\t\t<meta name=\"twitter:site\" content=\"@NabercoDigital\" \/>\n\t\t<meta name=\"twitter:title\" content=\"Muri\u00f3 el sacerdote alem\u00e1n que edific\u00f3 m\u00e1s de 70 iglesias en Bolivia | Cand\u00e1s 365\" \/>\n\t\t<meta name=\"twitter:description\" content=\"La Paz, 2 ago (dpa) - El sacerdote alem\u00e1n Sebasti\u00e1n Obermaier, que construy\u00f3 decenas de templos cat\u00f3licos en la ciudad de El Alto, de ra\u00edces aymaras y vecina de La Paz, sede del Gobierno de Bolivia, muri\u00f3 hoy a los 82 a\u00f1os de un paro card\u00edaco. &quot;El padre Sebasti\u00e1n fue un gigante para la Iglesia\" \/>\n\t\t<meta name=\"twitter:creator\" content=\"@nbasturias\" \/>\n\t\t<meta name=\"twitter:image\" content=\"https:\/\/candas365.es\/noticias\/wp-content\/uploads\/2015\/09\/c365noticias.jpg\" \/>\n\t\t<meta name=\"twitter:label1\" content=\"Escrito por\" \/>\n\t\t<meta name=\"twitter:data1\" content=\"Cand\u00e1s 365\" \/>\n\t\t<meta name=\"twitter:label2\" content=\"Tiempo de lectura estimado\" \/>\n\t\t<meta name=\"twitter:data2\" content=\"3 minutos\" \/>\n\t\t<script type=\"application\/ld+json\" class=\"aioseo-schema\">\n\t\t\t{\"@context\":\"https:\\\/\\\/schema.org\",\"@graph\":[{\"@type\":\"BreadcrumbList\",\"@id\":\"https:\\\/\\\/candas365.es\\\/noticias\\\/murio-el-sacerdote-aleman-que-edifico-mas-de-70-iglesias-en-bolivia\\\/#breadcrumblist\",\"itemListElement\":[{\"@type\":\"ListItem\",\"@id\":\"https:\\\/\\\/candas365.es\\\/noticias#listItem\",\"position\":1,\"name\":\"Home\",\"item\":\"https:\\\/\\\/candas365.es\\\/noticias\",\"nextItem\":{\"@type\":\"ListItem\",\"@id\":\"https:\\\/\\\/candas365.es\\\/noticias\\\/category\\\/actualidad\\\/#listItem\",\"name\":\"Actualidad\"}},{\"@type\":\"ListItem\",\"@id\":\"https:\\\/\\\/candas365.es\\\/noticias\\\/category\\\/actualidad\\\/#listItem\",\"position\":2,\"name\":\"Actualidad\",\"item\":\"https:\\\/\\\/candas365.es\\\/noticias\\\/category\\\/actualidad\\\/\",\"nextItem\":{\"@type\":\"ListItem\",\"@id\":\"https:\\\/\\\/candas365.es\\\/noticias\\\/murio-el-sacerdote-aleman-que-edifico-mas-de-70-iglesias-en-bolivia\\\/#listItem\",\"name\":\"Muri\\u00f3 el sacerdote alem\\u00e1n que edific\\u00f3 m\\u00e1s de 70 iglesias en Bolivia\"},\"previousItem\":{\"@type\":\"ListItem\",\"@id\":\"https:\\\/\\\/candas365.es\\\/noticias#listItem\",\"name\":\"Home\"}},{\"@type\":\"ListItem\",\"@id\":\"https:\\\/\\\/candas365.es\\\/noticias\\\/murio-el-sacerdote-aleman-que-edifico-mas-de-70-iglesias-en-bolivia\\\/#listItem\",\"position\":3,\"name\":\"Muri\\u00f3 el sacerdote alem\\u00e1n que edific\\u00f3 m\\u00e1s de 70 iglesias en Bolivia\",\"previousItem\":{\"@type\":\"ListItem\",\"@id\":\"https:\\\/\\\/candas365.es\\\/noticias\\\/category\\\/actualidad\\\/#listItem\",\"name\":\"Actualidad\"}}]},{\"@type\":\"NewsArticle\",\"@id\":\"https:\\\/\\\/candas365.es\\\/noticias\\\/murio-el-sacerdote-aleman-que-edifico-mas-de-70-iglesias-en-bolivia\\\/#newsarticle\",\"name\":\"Muri\\u00f3 el sacerdote alem\\u00e1n que edific\\u00f3 m\\u00e1s de 70 iglesias en Bolivia | Cand\\u00e1s 365\",\"headline\":\"Muri\\u00f3 el sacerdote alem\\u00e1n que edific\\u00f3 m\\u00e1s de 70 iglesias en Bolivia\",\"author\":{\"@id\":\"https:\\\/\\\/candas365.es\\\/noticias\\\/author\\\/admin\\\/#author\"},\"publisher\":{\"@id\":\"https:\\\/\\\/candas365.es\\\/noticias\\\/#organization\"},\"image\":{\"@type\":\"ImageObject\",\"url\":\"https:\\\/\\\/candas365.es\\\/noticias\\\/wp-content\\\/uploads\\\/2015\\\/09\\\/c365noticias.jpg\",\"width\":655,\"height\":360},\"datePublished\":\"2016-08-02T23:44:51+02:00\",\"dateModified\":\"2016-08-02T23:44:51+02:00\",\"inLanguage\":\"es-ES\",\"mainEntityOfPage\":{\"@id\":\"https:\\\/\\\/candas365.es\\\/noticias\\\/murio-el-sacerdote-aleman-que-edifico-mas-de-70-iglesias-en-bolivia\\\/#webpage\"},\"isPartOf\":{\"@id\":\"https:\\\/\\\/candas365.es\\\/noticias\\\/murio-el-sacerdote-aleman-que-edifico-mas-de-70-iglesias-en-bolivia\\\/#webpage\"},\"articleSection\":\"Actualidad\",\"dateline\":\"Publicado el agosto 2, 2016.\"},{\"@type\":\"Organization\",\"@id\":\"https:\\\/\\\/candas365.es\\\/noticias\\\/#organization\",\"name\":\"Cand\\u00e1s 365\",\"description\":\"Cand\\u00e1s 365 es un diario digital independiente, fundado en 2012, con base en Asturias. Informamos con rigor sobre actualidad, sociedad, cultura y ocio, con una mirada local y global.\",\"url\":\"https:\\\/\\\/candas365.es\\\/noticias\\\/\",\"email\":\"info@candas365.es\",\"telephone\":\"+34652131393\",\"foundingDate\":\"2012-06-10\",\"logo\":{\"@type\":\"ImageObject\",\"url\":\"https:\\\/\\\/candas365.es\\\/noticias\\\/wp-content\\\/uploads\\\/2024\\\/09\\\/Candas-365-Redes.jpg\",\"@id\":\"https:\\\/\\\/candas365.es\\\/noticias\\\/murio-el-sacerdote-aleman-que-edifico-mas-de-70-iglesias-en-bolivia\\\/#organizationLogo\",\"width\":1152,\"height\":864,\"caption\":\"Cand\\u00e1s 365 Redes\"},\"image\":{\"@id\":\"https:\\\/\\\/candas365.es\\\/noticias\\\/murio-el-sacerdote-aleman-que-edifico-mas-de-70-iglesias-en-bolivia\\\/#organizationLogo\"},\"sameAs\":[\"https:\\\/\\\/www.facebook.com\\\/Nachofdezber\",\"https:\\\/\\\/x.com\\\/NabercoDigital\",\"https:\\\/\\\/www.instagram.com\\\/nachofdezber\\\/\",\"https:\\\/\\\/www.youtube.com\\\/channel\\\/UCZP-2wLEB9Rv6erhFmqVnvg\"],\"address\":{\"@id\":\"https:\\\/\\\/candas365.es\\\/noticias\\\/#postaladdress\",\"@type\":\"PostalAddress\",\"streetAddress\":\"san antonio 4, san antonio 4\",\"postalCode\":\"33430\",\"addressLocality\":\"Cand\\u00e1s\",\"addressRegion\":\"Asturias\",\"addressCountry\":\"ES\"}},{\"@type\":\"Person\",\"@id\":\"https:\\\/\\\/candas365.es\\\/noticias\\\/author\\\/admin\\\/#author\",\"url\":\"https:\\\/\\\/candas365.es\\\/noticias\\\/author\\\/admin\\\/\",\"name\":\"Cand\\u00e1s 365\",\"image\":{\"@type\":\"ImageObject\",\"@id\":\"https:\\\/\\\/candas365.es\\\/noticias\\\/murio-el-sacerdote-aleman-que-edifico-mas-de-70-iglesias-en-bolivia\\\/#authorImage\",\"url\":\"https:\\\/\\\/secure.gravatar.com\\\/avatar\\\/496a8e03d0c493ede1718b7934145dbdf8d89be1036b0eec9544e1094c9de390?s=96&d=mm&r=g\",\"width\":96,\"height\":96,\"caption\":\"Cand\\u00e1s 365\"},\"sameAs\":[\"https:\\\/\\\/www.facebook.com\\\/carrenoactualidad\",\"https:\\\/\\\/twitter.com\\\/nbasturias\",\"https:\\\/\\\/www.instagram.com\\\/nachofdezber\\\/\",\"https:\\\/\\\/www.youtube.com\\\/channel\\\/UCZP-2wLEB9Rv6erhFmqVnvg\"]},{\"@type\":\"WebPage\",\"@id\":\"https:\\\/\\\/candas365.es\\\/noticias\\\/murio-el-sacerdote-aleman-que-edifico-mas-de-70-iglesias-en-bolivia\\\/#webpage\",\"url\":\"https:\\\/\\\/candas365.es\\\/noticias\\\/murio-el-sacerdote-aleman-que-edifico-mas-de-70-iglesias-en-bolivia\\\/\",\"name\":\"Muri\\u00f3 el sacerdote alem\\u00e1n que edific\\u00f3 m\\u00e1s de 70 iglesias en Bolivia | Cand\\u00e1s 365\",\"description\":\"La Paz, 2 ago (dpa) - El sacerdote alem\\u00e1n Sebasti\\u00e1n Obermaier, que construy\\u00f3 decenas de templos cat\\u00f3licos en la ciudad de El Alto, de ra\\u00edces aymaras y vecina de La Paz, sede del Gobierno de Bolivia, muri\\u00f3 hoy a los 82 a\\u00f1os de un paro card\\u00edaco. \\\"El padre Sebasti\\u00e1n fue un gigante para la Iglesia\",\"inLanguage\":\"es-ES\",\"isPartOf\":{\"@id\":\"https:\\\/\\\/candas365.es\\\/noticias\\\/#website\"},\"breadcrumb\":{\"@id\":\"https:\\\/\\\/candas365.es\\\/noticias\\\/murio-el-sacerdote-aleman-que-edifico-mas-de-70-iglesias-en-bolivia\\\/#breadcrumblist\"},\"author\":{\"@id\":\"https:\\\/\\\/candas365.es\\\/noticias\\\/author\\\/admin\\\/#author\"},\"creator\":{\"@id\":\"https:\\\/\\\/candas365.es\\\/noticias\\\/author\\\/admin\\\/#author\"},\"image\":{\"@type\":\"ImageObject\",\"url\":\"https:\\\/\\\/candas365.es\\\/noticias\\\/wp-content\\\/uploads\\\/2015\\\/09\\\/c365noticias.jpg\",\"@id\":\"https:\\\/\\\/candas365.es\\\/noticias\\\/murio-el-sacerdote-aleman-que-edifico-mas-de-70-iglesias-en-bolivia\\\/#mainImage\",\"width\":655,\"height\":360},\"primaryImageOfPage\":{\"@id\":\"https:\\\/\\\/candas365.es\\\/noticias\\\/murio-el-sacerdote-aleman-que-edifico-mas-de-70-iglesias-en-bolivia\\\/#mainImage\"},\"datePublished\":\"2016-08-02T23:44:51+02:00\",\"dateModified\":\"2016-08-02T23:44:51+02:00\"},{\"@type\":\"WebSite\",\"@id\":\"https:\\\/\\\/candas365.es\\\/noticias\\\/#website\",\"url\":\"https:\\\/\\\/candas365.es\\\/noticias\\\/\",\"name\":\"Cand\\u00e1s 365\",\"alternateName\":\"Cand\\u00e1s 365 Noticias\",\"description\":\"Actualidad desde Carre\\u00f1o para el mundo\",\"inLanguage\":\"es-ES\",\"publisher\":{\"@id\":\"https:\\\/\\\/candas365.es\\\/noticias\\\/#organization\"}}]}\n\t\t<\/script>\n\t\t<!-- All in One SEO Pro -->\r\n\t\t<title>Muri\u00f3 el sacerdote alem\u00e1n que edific\u00f3 m\u00e1s de 70 iglesias en Bolivia | Cand\u00e1s 365<\/title>\n\n","aioseo_head_json":{"title":"Muri\u00f3 el sacerdote alem\u00e1n que edific\u00f3 m\u00e1s de 70 iglesias en Bolivia | Cand\u00e1s 365","description":"La Paz, 2 ago (dpa) - El sacerdote alem\u00e1n Sebasti\u00e1n Obermaier, que construy\u00f3 decenas de templos cat\u00f3licos en la ciudad de El Alto, de ra\u00edces aymaras y vecina de La Paz, sede del Gobierno de Bolivia, muri\u00f3 hoy a los 82 a\u00f1os de un paro card\u00edaco. \"El padre Sebasti\u00e1n fue un gigante para la Iglesia","canonical_url":"https:\/\/candas365.es\/noticias\/murio-el-sacerdote-aleman-que-edifico-mas-de-70-iglesias-en-bolivia\/","robots":"max-image-preview:large","keywords":"actualidad","webmasterTools":{"google-site-verification":"UA-32230408-1","msvalidate.01":"354F3CDFB2DA171B47FBE9ABF1F88D5","miscellaneous":""},"schema":{"@context":"https:\/\/schema.org","@graph":[{"@type":"BreadcrumbList","@id":"https:\/\/candas365.es\/noticias\/murio-el-sacerdote-aleman-que-edifico-mas-de-70-iglesias-en-bolivia\/#breadcrumblist","itemListElement":[{"@type":"ListItem","@id":"https:\/\/candas365.es\/noticias#listItem","position":1,"name":"Home","item":"https:\/\/candas365.es\/noticias","nextItem":{"@type":"ListItem","@id":"https:\/\/candas365.es\/noticias\/category\/actualidad\/#listItem","name":"Actualidad"}},{"@type":"ListItem","@id":"https:\/\/candas365.es\/noticias\/category\/actualidad\/#listItem","position":2,"name":"Actualidad","item":"https:\/\/candas365.es\/noticias\/category\/actualidad\/","nextItem":{"@type":"ListItem","@id":"https:\/\/candas365.es\/noticias\/murio-el-sacerdote-aleman-que-edifico-mas-de-70-iglesias-en-bolivia\/#listItem","name":"Muri\u00f3 el sacerdote alem\u00e1n que edific\u00f3 m\u00e1s de 70 iglesias en Bolivia"},"previousItem":{"@type":"ListItem","@id":"https:\/\/candas365.es\/noticias#listItem","name":"Home"}},{"@type":"ListItem","@id":"https:\/\/candas365.es\/noticias\/murio-el-sacerdote-aleman-que-edifico-mas-de-70-iglesias-en-bolivia\/#listItem","position":3,"name":"Muri\u00f3 el sacerdote alem\u00e1n que edific\u00f3 m\u00e1s de 70 iglesias en Bolivia","previousItem":{"@type":"ListItem","@id":"https:\/\/candas365.es\/noticias\/category\/actualidad\/#listItem","name":"Actualidad"}}]},{"@type":"NewsArticle","@id":"https:\/\/candas365.es\/noticias\/murio-el-sacerdote-aleman-que-edifico-mas-de-70-iglesias-en-bolivia\/#newsarticle","name":"Muri\u00f3 el sacerdote alem\u00e1n que edific\u00f3 m\u00e1s de 70 iglesias en Bolivia | Cand\u00e1s 365","headline":"Muri\u00f3 el sacerdote alem\u00e1n que edific\u00f3 m\u00e1s de 70 iglesias en Bolivia","author":{"@id":"https:\/\/candas365.es\/noticias\/author\/admin\/#author"},"publisher":{"@id":"https:\/\/candas365.es\/noticias\/#organization"},"image":{"@type":"ImageObject","url":"https:\/\/candas365.es\/noticias\/wp-content\/uploads\/2015\/09\/c365noticias.jpg","width":655,"height":360},"datePublished":"2016-08-02T23:44:51+02:00","dateModified":"2016-08-02T23:44:51+02:00","inLanguage":"es-ES","mainEntityOfPage":{"@id":"https:\/\/candas365.es\/noticias\/murio-el-sacerdote-aleman-que-edifico-mas-de-70-iglesias-en-bolivia\/#webpage"},"isPartOf":{"@id":"https:\/\/candas365.es\/noticias\/murio-el-sacerdote-aleman-que-edifico-mas-de-70-iglesias-en-bolivia\/#webpage"},"articleSection":"Actualidad","dateline":"Publicado el agosto 2, 2016."},{"@type":"Organization","@id":"https:\/\/candas365.es\/noticias\/#organization","name":"Cand\u00e1s 365","description":"Cand\u00e1s 365 es un diario digital independiente, fundado en 2012, con base en Asturias. Informamos con rigor sobre actualidad, sociedad, cultura y ocio, con una mirada local y global.","url":"https:\/\/candas365.es\/noticias\/","email":"info@candas365.es","telephone":"+34652131393","foundingDate":"2012-06-10","logo":{"@type":"ImageObject","url":"https:\/\/candas365.es\/noticias\/wp-content\/uploads\/2024\/09\/Candas-365-Redes.jpg","@id":"https:\/\/candas365.es\/noticias\/murio-el-sacerdote-aleman-que-edifico-mas-de-70-iglesias-en-bolivia\/#organizationLogo","width":1152,"height":864,"caption":"Cand\u00e1s 365 Redes"},"image":{"@id":"https:\/\/candas365.es\/noticias\/murio-el-sacerdote-aleman-que-edifico-mas-de-70-iglesias-en-bolivia\/#organizationLogo"},"sameAs":["https:\/\/www.facebook.com\/Nachofdezber","https:\/\/x.com\/NabercoDigital","https:\/\/www.instagram.com\/nachofdezber\/","https:\/\/www.youtube.com\/channel\/UCZP-2wLEB9Rv6erhFmqVnvg"],"address":{"@id":"https:\/\/candas365.es\/noticias\/#postaladdress","@type":"PostalAddress","streetAddress":"san antonio 4, san antonio 4","postalCode":"33430","addressLocality":"Cand\u00e1s","addressRegion":"Asturias","addressCountry":"ES"}},{"@type":"Person","@id":"https:\/\/candas365.es\/noticias\/author\/admin\/#author","url":"https:\/\/candas365.es\/noticias\/author\/admin\/","name":"Cand\u00e1s 365","image":{"@type":"ImageObject","@id":"https:\/\/candas365.es\/noticias\/murio-el-sacerdote-aleman-que-edifico-mas-de-70-iglesias-en-bolivia\/#authorImage","url":"https:\/\/secure.gravatar.com\/avatar\/496a8e03d0c493ede1718b7934145dbdf8d89be1036b0eec9544e1094c9de390?s=96&d=mm&r=g","width":96,"height":96,"caption":"Cand\u00e1s 365"},"sameAs":["https:\/\/www.facebook.com\/carrenoactualidad","https:\/\/twitter.com\/nbasturias","https:\/\/www.instagram.com\/nachofdezber\/","https:\/\/www.youtube.com\/channel\/UCZP-2wLEB9Rv6erhFmqVnvg"]},{"@type":"WebPage","@id":"https:\/\/candas365.es\/noticias\/murio-el-sacerdote-aleman-que-edifico-mas-de-70-iglesias-en-bolivia\/#webpage","url":"https:\/\/candas365.es\/noticias\/murio-el-sacerdote-aleman-que-edifico-mas-de-70-iglesias-en-bolivia\/","name":"Muri\u00f3 el sacerdote alem\u00e1n que edific\u00f3 m\u00e1s de 70 iglesias en Bolivia | Cand\u00e1s 365","description":"La Paz, 2 ago (dpa) - El sacerdote alem\u00e1n Sebasti\u00e1n Obermaier, que construy\u00f3 decenas de templos cat\u00f3licos en la ciudad de El Alto, de ra\u00edces aymaras y vecina de La Paz, sede del Gobierno de Bolivia, muri\u00f3 hoy a los 82 a\u00f1os de un paro card\u00edaco. \"El padre Sebasti\u00e1n fue un gigante para la Iglesia","inLanguage":"es-ES","isPartOf":{"@id":"https:\/\/candas365.es\/noticias\/#website"},"breadcrumb":{"@id":"https:\/\/candas365.es\/noticias\/murio-el-sacerdote-aleman-que-edifico-mas-de-70-iglesias-en-bolivia\/#breadcrumblist"},"author":{"@id":"https:\/\/candas365.es\/noticias\/author\/admin\/#author"},"creator":{"@id":"https:\/\/candas365.es\/noticias\/author\/admin\/#author"},"image":{"@type":"ImageObject","url":"https:\/\/candas365.es\/noticias\/wp-content\/uploads\/2015\/09\/c365noticias.jpg","@id":"https:\/\/candas365.es\/noticias\/murio-el-sacerdote-aleman-que-edifico-mas-de-70-iglesias-en-bolivia\/#mainImage","width":655,"height":360},"primaryImageOfPage":{"@id":"https:\/\/candas365.es\/noticias\/murio-el-sacerdote-aleman-que-edifico-mas-de-70-iglesias-en-bolivia\/#mainImage"},"datePublished":"2016-08-02T23:44:51+02:00","dateModified":"2016-08-02T23:44:51+02:00"},{"@type":"WebSite","@id":"https:\/\/candas365.es\/noticias\/#website","url":"https:\/\/candas365.es\/noticias\/","name":"Cand\u00e1s 365","alternateName":"Cand\u00e1s 365 Noticias","description":"Actualidad desde Carre\u00f1o para el mundo","inLanguage":"es-ES","publisher":{"@id":"https:\/\/candas365.es\/noticias\/#organization"}}]},"og:locale":"es_ES","og:site_name":"Cand\u00e1s 365","og:type":"article","og:title":"Muri\u00f3 el sacerdote alem\u00e1n que edific\u00f3 m\u00e1s de 70 iglesias en Bolivia | Cand\u00e1s 365","og:description":"La Paz, 2 ago (dpa) - El sacerdote alem\u00e1n Sebasti\u00e1n Obermaier, que construy\u00f3 decenas de templos cat\u00f3licos en la ciudad de El Alto, de ra\u00edces aymaras y vecina de La Paz, sede del Gobierno de Bolivia, muri\u00f3 hoy a los 82 a\u00f1os de un paro card\u00edaco. &quot;El padre Sebasti\u00e1n fue un gigante para la Iglesia","og:url":"https:\/\/candas365.es\/noticias\/murio-el-sacerdote-aleman-que-edifico-mas-de-70-iglesias-en-bolivia\/","og:image":"https:\/\/candas365.es\/noticias\/wp-content\/uploads\/2015\/09\/c365noticias.jpg","og:image:secure_url":"https:\/\/candas365.es\/noticias\/wp-content\/uploads\/2015\/09\/c365noticias.jpg","og:image:width":655,"og:image:height":360,"article:published_time":"2016-08-02T22:14:51+00:00","article:modified_time":"2016-08-02T22:14:51+00:00","article:publisher":"https:\/\/www.facebook.com\/Nachofdezber","article:author":"https:\/\/www.facebook.com\/carrenoactualidad","twitter:card":"summary_large_image","twitter:site":"@NabercoDigital","twitter:title":"Muri\u00f3 el sacerdote alem\u00e1n que edific\u00f3 m\u00e1s de 70 iglesias en Bolivia | Cand\u00e1s 365","twitter:description":"La Paz, 2 ago (dpa) - El sacerdote alem\u00e1n Sebasti\u00e1n Obermaier, que construy\u00f3 decenas de templos cat\u00f3licos en la ciudad de El Alto, de ra\u00edces aymaras y vecina de La Paz, sede del Gobierno de Bolivia, muri\u00f3 hoy a los 82 a\u00f1os de un paro card\u00edaco. &quot;El padre Sebasti\u00e1n fue un gigante para la Iglesia","twitter:creator":"@nbasturias","twitter:image":"https:\/\/candas365.es\/noticias\/wp-content\/uploads\/2015\/09\/c365noticias.jpg","twitter:label1":"Escrito por","twitter:data1":"Cand\u00e1s 365","twitter:label2":"Tiempo de lectura estimado","twitter:data2":"3 minutos"},"aioseo_meta_data":{"post_id":"33135","title":null,"description":null,"keywords":null,"keyphrases":null,"primary_term":null,"canonical_url":null,"og_title":null,"og_description":null,"og_object_type":"default","og_image_type":"default","og_image_url":null,"og_image_width":null,"og_image_height":null,"og_image_custom_url":null,"og_image_custom_fields":null,"og_video":null,"og_custom_url":null,"og_article_section":null,"og_article_tags":null,"twitter_use_og":false,"twitter_card":"default","twitter_image_type":"default","twitter_image_url":null,"twitter_image_custom_url":null,"twitter_image_custom_fields":null,"twitter_title":null,"twitter_description":null,"schema":{"blockGraphs":[],"customGraphs":[],"default":{"data":{"Article":[],"Course":[],"Dataset":[],"FAQPage":[],"Movie":[],"Person":[],"Product":[],"ProductReview":[],"Car":[],"Recipe":[],"Service":[],"SoftwareApplication":[],"WebPage":[]},"graphName":"","isEnabled":true},"graphs":[]},"schema_type":null,"schema_type_options":null,"pillar_content":false,"robots_default":true,"robots_noindex":false,"robots_noarchive":false,"robots_nosnippet":false,"robots_nofollow":false,"robots_noimageindex":false,"robots_noodp":false,"robots_notranslate":false,"robots_max_snippet":null,"robots_max_videopreview":null,"robots_max_imagepreview":"large","priority":null,"frequency":null,"location":null,"local_seo":null,"seo_analyzer_scan_date":"2025-08-24 16:28:09","breadcrumb_settings":null,"limit_modified_date":false,"reviewed_by":null,"open_ai":null,"ai":null,"created":"2020-12-21 13:06:03","updated":"2025-08-24 16:28:09"},"aioseo_breadcrumb":"<div class=\"aioseo-breadcrumbs\"><span class=\"aioseo-breadcrumb\">\n\t<a href=\"https:\/\/candas365.es\/noticias\" title=\"Home\">Home<\/a>\n<\/span><span class=\"aioseo-breadcrumb-separator\">&ndash;<\/span><span class=\"aioseo-breadcrumb\">\n\t<a href=\"https:\/\/candas365.es\/noticias\/category\/actualidad\/\" title=\"Actualidad\">Actualidad<\/a>\n<\/span><span class=\"aioseo-breadcrumb-separator\">&ndash;<\/span><span class=\"aioseo-breadcrumb\">\n\tMuri\u00f3 el sacerdote alem\u00e1n que edific\u00f3 m\u00e1s de 70 iglesias en Bolivia\n<\/span><\/div>","aioseo_breadcrumb_json":[{"label":"Home","link":"https:\/\/candas365.es\/noticias"},{"label":"Actualidad","link":"https:\/\/candas365.es\/noticias\/category\/actualidad\/"},{"label":"Muri\u00f3 el sacerdote alem\u00e1n que edific\u00f3 m\u00e1s de 70 iglesias en Bolivia","link":"https:\/\/candas365.es\/noticias\/murio-el-sacerdote-aleman-que-edifico-mas-de-70-iglesias-en-bolivia\/"}],"_links":{"self":[{"href":"https:\/\/candas365.es\/noticias\/wp-json\/wp\/v2\/posts\/33135","targetHints":{"allow":["GET"]}}],"collection":[{"href":"https:\/\/candas365.es\/noticias\/wp-json\/wp\/v2\/posts"}],"about":[{"href":"https:\/\/candas365.es\/noticias\/wp-json\/wp\/v2\/types\/post"}],"author":[{"embeddable":true,"href":"https:\/\/candas365.es\/noticias\/wp-json\/wp\/v2\/users\/1"}],"replies":[{"embeddable":true,"href":"https:\/\/candas365.es\/noticias\/wp-json\/wp\/v2\/comments?post=33135"}],"version-history":[{"count":0,"href":"https:\/\/candas365.es\/noticias\/wp-json\/wp\/v2\/posts\/33135\/revisions"}],"wp:featuredmedia":[{"embeddable":true,"href":"https:\/\/candas365.es\/noticias\/wp-json\/wp\/v2\/media\/16457"}],"wp:attachment":[{"href":"https:\/\/candas365.es\/noticias\/wp-json\/wp\/v2\/media?parent=33135"}],"wp:term":[{"taxonomy":"category","embeddable":true,"href":"https:\/\/candas365.es\/noticias\/wp-json\/wp\/v2\/categories?post=33135"},{"taxonomy":"post_tag","embeddable":true,"href":"https:\/\/candas365.es\/noticias\/wp-json\/wp\/v2\/tags?post=33135"}],"curies":[{"name":"wp","href":"https:\/\/api.w.org\/{rel}","templated":true}]}}