{"id":33133,"date":"2016-08-02T23:43:15","date_gmt":"2016-08-02T22:13:15","guid":{"rendered":"http:\/\/candas365.es\/noticias\/?p=33133"},"modified":"2016-08-02T23:43:15","modified_gmt":"2016-08-02T22:13:15","slug":"alemania-termina-de-registrar-a-los-refugiados-que-llegaron-en-2015","status":"publish","type":"post","link":"https:\/\/candas365.es\/noticias\/alemania-termina-de-registrar-a-los-refugiados-que-llegaron-en-2015\/","title":{"rendered":"Alemania termina de registrar a los refugiados que llegaron en 2015"},"content":{"rendered":"<p>N\u00faremberg (Alemania), 2 ago (dpa) &#8211; Todos los refugiados que llegaron a Alemania el pasado a\u00f1o han sido ya registrados, inform\u00f3 hoy la Oficina Federal de Migraci\u00f3n y Refugiados (BAMF).<\/p>\n<p>Se les ha tomado una foto y los datos personales y se les ha realizado un examen policial, indic\u00f3 la directora del departamento operativo en la BAMF, Katja Wilken-Klin, en la televisi\u00f3n p\u00fablica alemana ZDF. \u00abEsto aporta fundamentalmente seguridad al ver qui\u00e9n est\u00e1 en el pa\u00eds\u00bb, explic\u00f3.<\/p>\n<p>Los organismos alemanes no toman, sin embargo, las huellas dactilares a todos los solicitantes de asilo que llegan. Esto deber\u00e1 modificarse antes del oto\u00f1o boreal. Todas las personas estar\u00e1n registradas entonces en un sistema de datos com\u00fan al que podr\u00e1n acceder todos los organismos pertinentes.<\/p>\n<p>Alemania se vio desbordada el pasado a\u00f1o ante el aluvi\u00f3n de solicitudes de asilo, que lleg\u00f3 hasta los 1,1 millones de refugiados a finales de a\u00f1o. Los organismos alemanes fueron duramente criticados. Mientras, el ministro de Interior de Baviera, Joachim Herrmann, alert\u00f3 de que con este descontrol tambi\u00e9n podr\u00edan colarse terroristas en el pa\u00eds.<\/p>\n<p>En las pr\u00f3ximas ocho semanas, la BAMF tiene previsto recibir las \u00faltimas solicitudes de asilo de los \u00faltimos refugiados que han llegado al pa\u00eds. Hasta mediados de julio, de acuerdo con sus datos, hab\u00eda cerca de 150.000 personas en Alemania que a\u00fan no hab\u00edan podido presentar su solicitud.<\/p>\n<p>Asimismo, hasta finales de a\u00f1o, la BAMF quiere concluir el proceso \u00abde la mayor parte\u00bb de los casi 496.000 expedientes pendientes de resoluci\u00f3n, inform\u00f3 Wilken-Klein, algo que ya ha sido declarado en varias ocasiones por el jefe del organismo, Frank-J\u00fcrgen Weise.<\/p>\n<p>Dentro de los 1,1 millones de refugiados registrados en Alemania en 2015, se comprob\u00f3 que hubo duplicidad de registros, ya que muchos de los solicitantes viajaron a otro Estado federado posteriormente y volvieron a registrarse all\u00ed.<\/p>\n<p>Para evitar esto, se cre\u00f3 en febrero de 2016 un sistema integrado de identidad con el \u00abdocumento de llegada\u00bb, que desde entonces reciben todos los refugiados que entran por primera vez en contacto con un organismo alem\u00e1n. Se guarda su identidad y sus datos y se intercambia con otros organismos.<\/p>\n","protected":false},"excerpt":{"rendered":"<p>N\u00faremberg (Alemania), 2 ago (dpa) &#8211; Todos los refugiados que llegaron a Alemania el pasado a\u00f1o han sido ya registrados, inform\u00f3 hoy la Oficina Federal de Migraci\u00f3n y Refugiados (BAMF). Se les ha tomado una foto y los datos personales y se les ha realizado un examen policial, indic\u00f3 la directora del departamento operativo en<\/p>\n","protected":false},"author":1,"featured_media":16457,"comment_status":"closed","ping_status":"closed","sticky":false,"template":"","format":"standard","meta":{"footnotes":""},"categories":[343],"tags":[],"class_list":{"0":"post-33133","1":"post","2":"type-post","3":"status-publish","4":"format-standard","5":"has-post-thumbnail","7":"category-actualidad"},"aioseo_notices":[],"aioseo_head":"\n\t\t<!-- All in One SEO Pro 4.9.6.2 - aioseo.com -->\n\t<meta name=\"description\" content=\"N\u00faremberg (Alemania), 2 ago (dpa) - Todos los refugiados que llegaron a Alemania el pasado a\u00f1o han sido ya registrados, inform\u00f3 hoy la Oficina Federal de Migraci\u00f3n y Refugiados (BAMF). Se les ha tomado una foto y los datos personales y se les ha realizado un examen policial, indic\u00f3 la directora del departamento operativo en\" \/>\n\t<meta name=\"robots\" content=\"max-image-preview:large\" \/>\n\t<meta name=\"author\" content=\"Cand\u00e1s 365\"\/>\n\t<meta name=\"google-site-verification\" content=\"UA-32230408-1\" \/>\n\t<meta name=\"msvalidate.01\" content=\"354F3CDFB2DA171B47FBE9ABF1F88D5\" \/>\n\t<meta name=\"keywords\" content=\"actualidad\" \/>\n\t<link rel=\"canonical\" href=\"https:\/\/candas365.es\/noticias\/alemania-termina-de-registrar-a-los-refugiados-que-llegaron-en-2015\/\" \/>\n\t<meta name=\"generator\" content=\"All in One SEO Pro (AIOSEO) 4.9.6.2\" \/>\n\t\t<meta property=\"og:locale\" content=\"es_ES\" \/>\n\t\t<meta property=\"og:site_name\" content=\"Cand\u00e1s 365\" \/>\n\t\t<meta property=\"og:type\" content=\"article\" \/>\n\t\t<meta property=\"og:title\" content=\"Alemania termina de registrar a los refugiados que llegaron en 2015 | Cand\u00e1s 365\" \/>\n\t\t<meta property=\"og:description\" content=\"N\u00faremberg (Alemania), 2 ago (dpa) - Todos los refugiados que llegaron a Alemania el pasado a\u00f1o han sido ya registrados, inform\u00f3 hoy la Oficina Federal de Migraci\u00f3n y Refugiados (BAMF). Se les ha tomado una foto y los datos personales y se les ha realizado un examen policial, indic\u00f3 la directora del departamento operativo en\" \/>\n\t\t<meta property=\"og:url\" content=\"https:\/\/candas365.es\/noticias\/alemania-termina-de-registrar-a-los-refugiados-que-llegaron-en-2015\/\" \/>\n\t\t<meta property=\"og:image\" content=\"https:\/\/candas365.es\/noticias\/wp-content\/uploads\/2015\/09\/c365noticias.jpg\" \/>\n\t\t<meta property=\"og:image:secure_url\" content=\"https:\/\/candas365.es\/noticias\/wp-content\/uploads\/2015\/09\/c365noticias.jpg\" \/>\n\t\t<meta property=\"og:image:width\" content=\"655\" \/>\n\t\t<meta property=\"og:image:height\" content=\"360\" \/>\n\t\t<meta property=\"article:published_time\" content=\"2016-08-02T22:13:15+00:00\" \/>\n\t\t<meta property=\"article:modified_time\" content=\"2016-08-02T22:13:15+00:00\" \/>\n\t\t<meta property=\"article:publisher\" content=\"https:\/\/www.facebook.com\/Nachofdezber\" \/>\n\t\t<meta property=\"article:author\" content=\"https:\/\/www.facebook.com\/carrenoactualidad\" \/>\n\t\t<meta name=\"twitter:card\" content=\"summary_large_image\" \/>\n\t\t<meta name=\"twitter:site\" content=\"@NabercoDigital\" \/>\n\t\t<meta name=\"twitter:title\" content=\"Alemania termina de registrar a los refugiados que llegaron en 2015 | Cand\u00e1s 365\" \/>\n\t\t<meta name=\"twitter:description\" content=\"N\u00faremberg (Alemania), 2 ago (dpa) - Todos los refugiados que llegaron a Alemania el pasado a\u00f1o han sido ya registrados, inform\u00f3 hoy la Oficina Federal de Migraci\u00f3n y Refugiados (BAMF). Se les ha tomado una foto y los datos personales y se les ha realizado un examen policial, indic\u00f3 la directora del departamento operativo en\" \/>\n\t\t<meta name=\"twitter:creator\" content=\"@nbasturias\" \/>\n\t\t<meta name=\"twitter:image\" content=\"https:\/\/candas365.es\/noticias\/wp-content\/uploads\/2015\/09\/c365noticias.jpg\" \/>\n\t\t<meta name=\"twitter:label1\" content=\"Escrito por\" \/>\n\t\t<meta name=\"twitter:data1\" content=\"Cand\u00e1s 365\" \/>\n\t\t<meta name=\"twitter:label2\" content=\"Tiempo de lectura estimado\" \/>\n\t\t<meta name=\"twitter:data2\" content=\"2 minutos\" \/>\n\t\t<script type=\"application\/ld+json\" class=\"aioseo-schema\">\n\t\t\t{\"@context\":\"https:\\\/\\\/schema.org\",\"@graph\":[{\"@type\":\"BreadcrumbList\",\"@id\":\"https:\\\/\\\/candas365.es\\\/noticias\\\/alemania-termina-de-registrar-a-los-refugiados-que-llegaron-en-2015\\\/#breadcrumblist\",\"itemListElement\":[{\"@type\":\"ListItem\",\"@id\":\"https:\\\/\\\/candas365.es\\\/noticias#listItem\",\"position\":1,\"name\":\"Home\",\"item\":\"https:\\\/\\\/candas365.es\\\/noticias\",\"nextItem\":{\"@type\":\"ListItem\",\"@id\":\"https:\\\/\\\/candas365.es\\\/noticias\\\/category\\\/actualidad\\\/#listItem\",\"name\":\"Actualidad\"}},{\"@type\":\"ListItem\",\"@id\":\"https:\\\/\\\/candas365.es\\\/noticias\\\/category\\\/actualidad\\\/#listItem\",\"position\":2,\"name\":\"Actualidad\",\"item\":\"https:\\\/\\\/candas365.es\\\/noticias\\\/category\\\/actualidad\\\/\",\"nextItem\":{\"@type\":\"ListItem\",\"@id\":\"https:\\\/\\\/candas365.es\\\/noticias\\\/alemania-termina-de-registrar-a-los-refugiados-que-llegaron-en-2015\\\/#listItem\",\"name\":\"Alemania termina de registrar a los refugiados que llegaron en 2015\"},\"previousItem\":{\"@type\":\"ListItem\",\"@id\":\"https:\\\/\\\/candas365.es\\\/noticias#listItem\",\"name\":\"Home\"}},{\"@type\":\"ListItem\",\"@id\":\"https:\\\/\\\/candas365.es\\\/noticias\\\/alemania-termina-de-registrar-a-los-refugiados-que-llegaron-en-2015\\\/#listItem\",\"position\":3,\"name\":\"Alemania termina de registrar a los refugiados que llegaron en 2015\",\"previousItem\":{\"@type\":\"ListItem\",\"@id\":\"https:\\\/\\\/candas365.es\\\/noticias\\\/category\\\/actualidad\\\/#listItem\",\"name\":\"Actualidad\"}}]},{\"@type\":\"NewsArticle\",\"@id\":\"https:\\\/\\\/candas365.es\\\/noticias\\\/alemania-termina-de-registrar-a-los-refugiados-que-llegaron-en-2015\\\/#newsarticle\",\"name\":\"Alemania termina de registrar a los refugiados que llegaron en 2015 | Cand\\u00e1s 365\",\"headline\":\"Alemania termina de registrar a los refugiados que llegaron en 2015\",\"author\":{\"@id\":\"https:\\\/\\\/candas365.es\\\/noticias\\\/author\\\/admin\\\/#author\"},\"publisher\":{\"@id\":\"https:\\\/\\\/candas365.es\\\/noticias\\\/#organization\"},\"image\":{\"@type\":\"ImageObject\",\"url\":\"https:\\\/\\\/candas365.es\\\/noticias\\\/wp-content\\\/uploads\\\/2015\\\/09\\\/c365noticias.jpg\",\"width\":655,\"height\":360},\"datePublished\":\"2016-08-02T23:43:15+02:00\",\"dateModified\":\"2016-08-02T23:43:15+02:00\",\"inLanguage\":\"es-ES\",\"mainEntityOfPage\":{\"@id\":\"https:\\\/\\\/candas365.es\\\/noticias\\\/alemania-termina-de-registrar-a-los-refugiados-que-llegaron-en-2015\\\/#webpage\"},\"isPartOf\":{\"@id\":\"https:\\\/\\\/candas365.es\\\/noticias\\\/alemania-termina-de-registrar-a-los-refugiados-que-llegaron-en-2015\\\/#webpage\"},\"articleSection\":\"Actualidad\",\"dateline\":\"Publicado el agosto 2, 2016.\"},{\"@type\":\"Organization\",\"@id\":\"https:\\\/\\\/candas365.es\\\/noticias\\\/#organization\",\"name\":\"Cand\\u00e1s 365\",\"description\":\"Cand\\u00e1s 365 es un diario digital independiente, fundado en 2012, con base en Asturias. Informamos con rigor sobre actualidad, sociedad, cultura y ocio, con una mirada local y global.\",\"url\":\"https:\\\/\\\/candas365.es\\\/noticias\\\/\",\"email\":\"info@candas365.es\",\"telephone\":\"+34652131393\",\"foundingDate\":\"2012-06-10\",\"logo\":{\"@type\":\"ImageObject\",\"url\":\"https:\\\/\\\/candas365.es\\\/noticias\\\/wp-content\\\/uploads\\\/2024\\\/09\\\/Candas-365-Redes.jpg\",\"@id\":\"https:\\\/\\\/candas365.es\\\/noticias\\\/alemania-termina-de-registrar-a-los-refugiados-que-llegaron-en-2015\\\/#organizationLogo\",\"width\":1152,\"height\":864,\"caption\":\"Cand\\u00e1s 365 Redes\"},\"image\":{\"@id\":\"https:\\\/\\\/candas365.es\\\/noticias\\\/alemania-termina-de-registrar-a-los-refugiados-que-llegaron-en-2015\\\/#organizationLogo\"},\"sameAs\":[\"https:\\\/\\\/www.facebook.com\\\/Nachofdezber\",\"https:\\\/\\\/x.com\\\/NabercoDigital\",\"https:\\\/\\\/www.instagram.com\\\/nachofdezber\\\/\",\"https:\\\/\\\/www.youtube.com\\\/channel\\\/UCZP-2wLEB9Rv6erhFmqVnvg\"],\"address\":{\"@id\":\"https:\\\/\\\/candas365.es\\\/noticias\\\/#postaladdress\",\"@type\":\"PostalAddress\",\"streetAddress\":\"san antonio 4, san antonio 4\",\"postalCode\":\"33430\",\"addressLocality\":\"Cand\\u00e1s\",\"addressRegion\":\"Asturias\",\"addressCountry\":\"ES\"}},{\"@type\":\"Person\",\"@id\":\"https:\\\/\\\/candas365.es\\\/noticias\\\/author\\\/admin\\\/#author\",\"url\":\"https:\\\/\\\/candas365.es\\\/noticias\\\/author\\\/admin\\\/\",\"name\":\"Cand\\u00e1s 365\",\"image\":{\"@type\":\"ImageObject\",\"@id\":\"https:\\\/\\\/candas365.es\\\/noticias\\\/alemania-termina-de-registrar-a-los-refugiados-que-llegaron-en-2015\\\/#authorImage\",\"url\":\"https:\\\/\\\/secure.gravatar.com\\\/avatar\\\/496a8e03d0c493ede1718b7934145dbdf8d89be1036b0eec9544e1094c9de390?s=96&d=mm&r=g\",\"width\":96,\"height\":96,\"caption\":\"Cand\\u00e1s 365\"},\"sameAs\":[\"https:\\\/\\\/www.facebook.com\\\/carrenoactualidad\",\"https:\\\/\\\/twitter.com\\\/nbasturias\",\"https:\\\/\\\/www.instagram.com\\\/nachofdezber\\\/\",\"https:\\\/\\\/www.youtube.com\\\/channel\\\/UCZP-2wLEB9Rv6erhFmqVnvg\"]},{\"@type\":\"WebPage\",\"@id\":\"https:\\\/\\\/candas365.es\\\/noticias\\\/alemania-termina-de-registrar-a-los-refugiados-que-llegaron-en-2015\\\/#webpage\",\"url\":\"https:\\\/\\\/candas365.es\\\/noticias\\\/alemania-termina-de-registrar-a-los-refugiados-que-llegaron-en-2015\\\/\",\"name\":\"Alemania termina de registrar a los refugiados que llegaron en 2015 | Cand\\u00e1s 365\",\"description\":\"N\\u00faremberg (Alemania), 2 ago (dpa) - Todos los refugiados que llegaron a Alemania el pasado a\\u00f1o han sido ya registrados, inform\\u00f3 hoy la Oficina Federal de Migraci\\u00f3n y Refugiados (BAMF). Se les ha tomado una foto y los datos personales y se les ha realizado un examen policial, indic\\u00f3 la directora del departamento operativo en\",\"inLanguage\":\"es-ES\",\"isPartOf\":{\"@id\":\"https:\\\/\\\/candas365.es\\\/noticias\\\/#website\"},\"breadcrumb\":{\"@id\":\"https:\\\/\\\/candas365.es\\\/noticias\\\/alemania-termina-de-registrar-a-los-refugiados-que-llegaron-en-2015\\\/#breadcrumblist\"},\"author\":{\"@id\":\"https:\\\/\\\/candas365.es\\\/noticias\\\/author\\\/admin\\\/#author\"},\"creator\":{\"@id\":\"https:\\\/\\\/candas365.es\\\/noticias\\\/author\\\/admin\\\/#author\"},\"image\":{\"@type\":\"ImageObject\",\"url\":\"https:\\\/\\\/candas365.es\\\/noticias\\\/wp-content\\\/uploads\\\/2015\\\/09\\\/c365noticias.jpg\",\"@id\":\"https:\\\/\\\/candas365.es\\\/noticias\\\/alemania-termina-de-registrar-a-los-refugiados-que-llegaron-en-2015\\\/#mainImage\",\"width\":655,\"height\":360},\"primaryImageOfPage\":{\"@id\":\"https:\\\/\\\/candas365.es\\\/noticias\\\/alemania-termina-de-registrar-a-los-refugiados-que-llegaron-en-2015\\\/#mainImage\"},\"datePublished\":\"2016-08-02T23:43:15+02:00\",\"dateModified\":\"2016-08-02T23:43:15+02:00\"},{\"@type\":\"WebSite\",\"@id\":\"https:\\\/\\\/candas365.es\\\/noticias\\\/#website\",\"url\":\"https:\\\/\\\/candas365.es\\\/noticias\\\/\",\"name\":\"Cand\\u00e1s 365\",\"alternateName\":\"Cand\\u00e1s 365 Noticias\",\"description\":\"Actualidad desde Carre\\u00f1o para el mundo\",\"inLanguage\":\"es-ES\",\"publisher\":{\"@id\":\"https:\\\/\\\/candas365.es\\\/noticias\\\/#organization\"}}]}\n\t\t<\/script>\n\t\t<!-- All in One SEO Pro -->\r\n\t\t<title>Alemania termina de registrar a los refugiados que llegaron en 2015 | Cand\u00e1s 365<\/title>\n\n","aioseo_head_json":{"title":"Alemania termina de registrar a los refugiados que llegaron en 2015 | Cand\u00e1s 365","description":"N\u00faremberg (Alemania), 2 ago (dpa) - Todos los refugiados que llegaron a Alemania el pasado a\u00f1o han sido ya registrados, inform\u00f3 hoy la Oficina Federal de Migraci\u00f3n y Refugiados (BAMF). Se les ha tomado una foto y los datos personales y se les ha realizado un examen policial, indic\u00f3 la directora del departamento operativo en","canonical_url":"https:\/\/candas365.es\/noticias\/alemania-termina-de-registrar-a-los-refugiados-que-llegaron-en-2015\/","robots":"max-image-preview:large","keywords":"actualidad","webmasterTools":{"google-site-verification":"UA-32230408-1","msvalidate.01":"354F3CDFB2DA171B47FBE9ABF1F88D5","miscellaneous":""},"schema":{"@context":"https:\/\/schema.org","@graph":[{"@type":"BreadcrumbList","@id":"https:\/\/candas365.es\/noticias\/alemania-termina-de-registrar-a-los-refugiados-que-llegaron-en-2015\/#breadcrumblist","itemListElement":[{"@type":"ListItem","@id":"https:\/\/candas365.es\/noticias#listItem","position":1,"name":"Home","item":"https:\/\/candas365.es\/noticias","nextItem":{"@type":"ListItem","@id":"https:\/\/candas365.es\/noticias\/category\/actualidad\/#listItem","name":"Actualidad"}},{"@type":"ListItem","@id":"https:\/\/candas365.es\/noticias\/category\/actualidad\/#listItem","position":2,"name":"Actualidad","item":"https:\/\/candas365.es\/noticias\/category\/actualidad\/","nextItem":{"@type":"ListItem","@id":"https:\/\/candas365.es\/noticias\/alemania-termina-de-registrar-a-los-refugiados-que-llegaron-en-2015\/#listItem","name":"Alemania termina de registrar a los refugiados que llegaron en 2015"},"previousItem":{"@type":"ListItem","@id":"https:\/\/candas365.es\/noticias#listItem","name":"Home"}},{"@type":"ListItem","@id":"https:\/\/candas365.es\/noticias\/alemania-termina-de-registrar-a-los-refugiados-que-llegaron-en-2015\/#listItem","position":3,"name":"Alemania termina de registrar a los refugiados que llegaron en 2015","previousItem":{"@type":"ListItem","@id":"https:\/\/candas365.es\/noticias\/category\/actualidad\/#listItem","name":"Actualidad"}}]},{"@type":"NewsArticle","@id":"https:\/\/candas365.es\/noticias\/alemania-termina-de-registrar-a-los-refugiados-que-llegaron-en-2015\/#newsarticle","name":"Alemania termina de registrar a los refugiados que llegaron en 2015 | Cand\u00e1s 365","headline":"Alemania termina de registrar a los refugiados que llegaron en 2015","author":{"@id":"https:\/\/candas365.es\/noticias\/author\/admin\/#author"},"publisher":{"@id":"https:\/\/candas365.es\/noticias\/#organization"},"image":{"@type":"ImageObject","url":"https:\/\/candas365.es\/noticias\/wp-content\/uploads\/2015\/09\/c365noticias.jpg","width":655,"height":360},"datePublished":"2016-08-02T23:43:15+02:00","dateModified":"2016-08-02T23:43:15+02:00","inLanguage":"es-ES","mainEntityOfPage":{"@id":"https:\/\/candas365.es\/noticias\/alemania-termina-de-registrar-a-los-refugiados-que-llegaron-en-2015\/#webpage"},"isPartOf":{"@id":"https:\/\/candas365.es\/noticias\/alemania-termina-de-registrar-a-los-refugiados-que-llegaron-en-2015\/#webpage"},"articleSection":"Actualidad","dateline":"Publicado el agosto 2, 2016."},{"@type":"Organization","@id":"https:\/\/candas365.es\/noticias\/#organization","name":"Cand\u00e1s 365","description":"Cand\u00e1s 365 es un diario digital independiente, fundado en 2012, con base en Asturias. Informamos con rigor sobre actualidad, sociedad, cultura y ocio, con una mirada local y global.","url":"https:\/\/candas365.es\/noticias\/","email":"info@candas365.es","telephone":"+34652131393","foundingDate":"2012-06-10","logo":{"@type":"ImageObject","url":"https:\/\/candas365.es\/noticias\/wp-content\/uploads\/2024\/09\/Candas-365-Redes.jpg","@id":"https:\/\/candas365.es\/noticias\/alemania-termina-de-registrar-a-los-refugiados-que-llegaron-en-2015\/#organizationLogo","width":1152,"height":864,"caption":"Cand\u00e1s 365 Redes"},"image":{"@id":"https:\/\/candas365.es\/noticias\/alemania-termina-de-registrar-a-los-refugiados-que-llegaron-en-2015\/#organizationLogo"},"sameAs":["https:\/\/www.facebook.com\/Nachofdezber","https:\/\/x.com\/NabercoDigital","https:\/\/www.instagram.com\/nachofdezber\/","https:\/\/www.youtube.com\/channel\/UCZP-2wLEB9Rv6erhFmqVnvg"],"address":{"@id":"https:\/\/candas365.es\/noticias\/#postaladdress","@type":"PostalAddress","streetAddress":"san antonio 4, san antonio 4","postalCode":"33430","addressLocality":"Cand\u00e1s","addressRegion":"Asturias","addressCountry":"ES"}},{"@type":"Person","@id":"https:\/\/candas365.es\/noticias\/author\/admin\/#author","url":"https:\/\/candas365.es\/noticias\/author\/admin\/","name":"Cand\u00e1s 365","image":{"@type":"ImageObject","@id":"https:\/\/candas365.es\/noticias\/alemania-termina-de-registrar-a-los-refugiados-que-llegaron-en-2015\/#authorImage","url":"https:\/\/secure.gravatar.com\/avatar\/496a8e03d0c493ede1718b7934145dbdf8d89be1036b0eec9544e1094c9de390?s=96&d=mm&r=g","width":96,"height":96,"caption":"Cand\u00e1s 365"},"sameAs":["https:\/\/www.facebook.com\/carrenoactualidad","https:\/\/twitter.com\/nbasturias","https:\/\/www.instagram.com\/nachofdezber\/","https:\/\/www.youtube.com\/channel\/UCZP-2wLEB9Rv6erhFmqVnvg"]},{"@type":"WebPage","@id":"https:\/\/candas365.es\/noticias\/alemania-termina-de-registrar-a-los-refugiados-que-llegaron-en-2015\/#webpage","url":"https:\/\/candas365.es\/noticias\/alemania-termina-de-registrar-a-los-refugiados-que-llegaron-en-2015\/","name":"Alemania termina de registrar a los refugiados que llegaron en 2015 | Cand\u00e1s 365","description":"N\u00faremberg (Alemania), 2 ago (dpa) - Todos los refugiados que llegaron a Alemania el pasado a\u00f1o han sido ya registrados, inform\u00f3 hoy la Oficina Federal de Migraci\u00f3n y Refugiados (BAMF). Se les ha tomado una foto y los datos personales y se les ha realizado un examen policial, indic\u00f3 la directora del departamento operativo en","inLanguage":"es-ES","isPartOf":{"@id":"https:\/\/candas365.es\/noticias\/#website"},"breadcrumb":{"@id":"https:\/\/candas365.es\/noticias\/alemania-termina-de-registrar-a-los-refugiados-que-llegaron-en-2015\/#breadcrumblist"},"author":{"@id":"https:\/\/candas365.es\/noticias\/author\/admin\/#author"},"creator":{"@id":"https:\/\/candas365.es\/noticias\/author\/admin\/#author"},"image":{"@type":"ImageObject","url":"https:\/\/candas365.es\/noticias\/wp-content\/uploads\/2015\/09\/c365noticias.jpg","@id":"https:\/\/candas365.es\/noticias\/alemania-termina-de-registrar-a-los-refugiados-que-llegaron-en-2015\/#mainImage","width":655,"height":360},"primaryImageOfPage":{"@id":"https:\/\/candas365.es\/noticias\/alemania-termina-de-registrar-a-los-refugiados-que-llegaron-en-2015\/#mainImage"},"datePublished":"2016-08-02T23:43:15+02:00","dateModified":"2016-08-02T23:43:15+02:00"},{"@type":"WebSite","@id":"https:\/\/candas365.es\/noticias\/#website","url":"https:\/\/candas365.es\/noticias\/","name":"Cand\u00e1s 365","alternateName":"Cand\u00e1s 365 Noticias","description":"Actualidad desde Carre\u00f1o para el mundo","inLanguage":"es-ES","publisher":{"@id":"https:\/\/candas365.es\/noticias\/#organization"}}]},"og:locale":"es_ES","og:site_name":"Cand\u00e1s 365","og:type":"article","og:title":"Alemania termina de registrar a los refugiados que llegaron en 2015 | Cand\u00e1s 365","og:description":"N\u00faremberg (Alemania), 2 ago (dpa) - Todos los refugiados que llegaron a Alemania el pasado a\u00f1o han sido ya registrados, inform\u00f3 hoy la Oficina Federal de Migraci\u00f3n y Refugiados (BAMF). Se les ha tomado una foto y los datos personales y se les ha realizado un examen policial, indic\u00f3 la directora del departamento operativo en","og:url":"https:\/\/candas365.es\/noticias\/alemania-termina-de-registrar-a-los-refugiados-que-llegaron-en-2015\/","og:image":"https:\/\/candas365.es\/noticias\/wp-content\/uploads\/2015\/09\/c365noticias.jpg","og:image:secure_url":"https:\/\/candas365.es\/noticias\/wp-content\/uploads\/2015\/09\/c365noticias.jpg","og:image:width":655,"og:image:height":360,"article:published_time":"2016-08-02T22:13:15+00:00","article:modified_time":"2016-08-02T22:13:15+00:00","article:publisher":"https:\/\/www.facebook.com\/Nachofdezber","article:author":"https:\/\/www.facebook.com\/carrenoactualidad","twitter:card":"summary_large_image","twitter:site":"@NabercoDigital","twitter:title":"Alemania termina de registrar a los refugiados que llegaron en 2015 | Cand\u00e1s 365","twitter:description":"N\u00faremberg (Alemania), 2 ago (dpa) - Todos los refugiados que llegaron a Alemania el pasado a\u00f1o han sido ya registrados, inform\u00f3 hoy la Oficina Federal de Migraci\u00f3n y Refugiados (BAMF). Se les ha tomado una foto y los datos personales y se les ha realizado un examen policial, indic\u00f3 la directora del departamento operativo en","twitter:creator":"@nbasturias","twitter:image":"https:\/\/candas365.es\/noticias\/wp-content\/uploads\/2015\/09\/c365noticias.jpg","twitter:label1":"Escrito por","twitter:data1":"Cand\u00e1s 365","twitter:label2":"Tiempo de lectura estimado","twitter:data2":"2 minutos"},"aioseo_meta_data":{"post_id":"33133","title":null,"description":null,"keywords":null,"keyphrases":null,"primary_term":null,"canonical_url":null,"og_title":null,"og_description":null,"og_object_type":"default","og_image_type":"default","og_image_url":null,"og_image_width":null,"og_image_height":null,"og_image_custom_url":null,"og_image_custom_fields":null,"og_video":null,"og_custom_url":null,"og_article_section":null,"og_article_tags":null,"twitter_use_og":false,"twitter_card":"default","twitter_image_type":"default","twitter_image_url":null,"twitter_image_custom_url":null,"twitter_image_custom_fields":null,"twitter_title":null,"twitter_description":null,"schema":{"blockGraphs":[],"customGraphs":[],"default":{"data":{"Article":[],"Course":[],"Dataset":[],"FAQPage":[],"Movie":[],"Person":[],"Product":[],"ProductReview":[],"Car":[],"Recipe":[],"Service":[],"SoftwareApplication":[],"WebPage":[]},"graphName":"","isEnabled":true},"graphs":[],"defaultGraph":"","defaultPostTypeGraph":""},"schema_type":null,"schema_type_options":null,"pillar_content":false,"robots_default":true,"robots_noindex":false,"robots_noarchive":false,"robots_nosnippet":false,"robots_nofollow":false,"robots_noimageindex":false,"robots_noodp":false,"robots_notranslate":false,"robots_max_snippet":null,"robots_max_videopreview":null,"robots_max_imagepreview":"large","priority":null,"frequency":null,"location":null,"local_seo":null,"seo_analyzer_scan_date":"2025-08-24 16:27:14","breadcrumb_settings":null,"limit_modified_date":false,"reviewed_by":null,"open_ai":null,"ai":null,"created":"2020-12-21 13:06:03","updated":"2025-08-24 16:27:14"},"aioseo_breadcrumb":"<div class=\"aioseo-breadcrumbs\"><span class=\"aioseo-breadcrumb\">\n\t<a href=\"https:\/\/candas365.es\/noticias\" title=\"Home\">Home<\/a>\n<\/span><span class=\"aioseo-breadcrumb-separator\">&ndash;<\/span><span class=\"aioseo-breadcrumb\">\n\t<a href=\"https:\/\/candas365.es\/noticias\/category\/actualidad\/\" title=\"Actualidad\">Actualidad<\/a>\n<\/span><span class=\"aioseo-breadcrumb-separator\">&ndash;<\/span><span class=\"aioseo-breadcrumb\">\n\tAlemania termina de registrar a los refugiados que llegaron en 2015\n<\/span><\/div>","aioseo_breadcrumb_json":[{"label":"Home","link":"https:\/\/candas365.es\/noticias"},{"label":"Actualidad","link":"https:\/\/candas365.es\/noticias\/category\/actualidad\/"},{"label":"Alemania termina de registrar a los refugiados que llegaron en 2015","link":"https:\/\/candas365.es\/noticias\/alemania-termina-de-registrar-a-los-refugiados-que-llegaron-en-2015\/"}],"_links":{"self":[{"href":"https:\/\/candas365.es\/noticias\/wp-json\/wp\/v2\/posts\/33133","targetHints":{"allow":["GET"]}}],"collection":[{"href":"https:\/\/candas365.es\/noticias\/wp-json\/wp\/v2\/posts"}],"about":[{"href":"https:\/\/candas365.es\/noticias\/wp-json\/wp\/v2\/types\/post"}],"author":[{"embeddable":true,"href":"https:\/\/candas365.es\/noticias\/wp-json\/wp\/v2\/users\/1"}],"replies":[{"embeddable":true,"href":"https:\/\/candas365.es\/noticias\/wp-json\/wp\/v2\/comments?post=33133"}],"version-history":[{"count":0,"href":"https:\/\/candas365.es\/noticias\/wp-json\/wp\/v2\/posts\/33133\/revisions"}],"wp:featuredmedia":[{"embeddable":true,"href":"https:\/\/candas365.es\/noticias\/wp-json\/wp\/v2\/media\/16457"}],"wp:attachment":[{"href":"https:\/\/candas365.es\/noticias\/wp-json\/wp\/v2\/media?parent=33133"}],"wp:term":[{"taxonomy":"category","embeddable":true,"href":"https:\/\/candas365.es\/noticias\/wp-json\/wp\/v2\/categories?post=33133"},{"taxonomy":"post_tag","embeddable":true,"href":"https:\/\/candas365.es\/noticias\/wp-json\/wp\/v2\/tags?post=33133"}],"curies":[{"name":"wp","href":"https:\/\/api.w.org\/{rel}","templated":true}]}}