{"id":33131,"date":"2016-08-02T23:42:12","date_gmt":"2016-08-02T22:12:12","guid":{"rendered":"http:\/\/candas365.es\/noticias\/?p=33131"},"modified":"2016-08-02T23:42:12","modified_gmt":"2016-08-02T22:12:12","slug":"lufthansa-evita-fijar-objetivos-anuales-por-miedo-al-terrorismo","status":"publish","type":"post","link":"https:\/\/candas365.es\/noticias\/lufthansa-evita-fijar-objetivos-anuales-por-miedo-al-terrorismo\/","title":{"rendered":"Lufthansa evita fijar objetivos anuales por miedo al terrorismo"},"content":{"rendered":"<p>Fr\u00e1ncfort, 2 ago (dpa) &#8211; La mayor aerol\u00ednea de Alemania, Lufthansa, evit\u00f3 hoy fijar objetivos concretos de beneficios para 2016 debido al miedo a ataques terroristas y a una disminuci\u00f3n de las reservas de billetes de avi\u00f3n.<\/p>\n<p>\u00abA pesar del empeoramiento del escenario, seguimos esperando uno de los mejores resultados operativos de todos los tiempos\u00bb, intent\u00f3 calmar a los accionistas el presidente de la junta directiva, Carsten Spohr. Sin embargo, el r\u00e9cord de los 1.800 millones de euros logrados el a\u00f1o pasado no se repetir\u00e1 m\u00e1s, reconoci\u00f3 la compa\u00f1\u00eda.<\/p>\n<p>Para el 2016 la firma espera un resultado por debajo del a\u00f1o anterior. \u00abDaremos un pron\u00f3stico anual m\u00e1s claro en el tercer trimestre\u00bb, asegur\u00f3 la directora financiera de Lufthansa, Simone Menne. Los analistas esperan unos 1.450 millones de euros, lo que supondr\u00eda un retroceso de un 20 por ciento.<\/p>\n<p>En plena temporada alta, la \u00e9poca del a\u00f1o m\u00e1s importante para el sector de viajes, la junta directiva tiene dificultades para estimar cu\u00e1ntas personas comprar\u00e1n un billete a corto plazo, indic\u00f3 la compa\u00f1\u00eda.<\/p>\n<p>Faltaron muchas reservas de grupos procedentes de Asia y de Estados Unidos, indic\u00f3 Menne. Los atentados terroristas en Europa parecen haber afectado a las ganas de viajar desde lejos del continente, a\u00f1adi\u00f3.<\/p>\n<p>La inseguridad presiona tambi\u00e9n el precio de los billetes de avi\u00f3n, explic\u00f3 la jefa financiera de Lufthansa dos semanas despu\u00e9s de que la compa\u00f1\u00eda recortara de forma inesperada su pron\u00f3stico de beneficios para este a\u00f1o.<\/p>\n<p>Los ataques terroristas y la creciente incertidumbre pol\u00edtica y econ\u00f3mica han causado una marcada merma de las reservas de vuelos, se\u00f1al\u00f3 la compa\u00f1\u00eda a\u00e9rea entonces.<\/p>\n<p>Al miedo a atentados hay que sumar los bajos precios del petr\u00f3leo y la competencia, que empujaron a la baja los precios de los billetes. No obstante, la compa\u00f1\u00eda sigue obteniendo beneficios en los trayectos de larga distancia.<\/p>\n<p>En la primera mitad del a\u00f1o el negocio transcurri\u00f3 en conjunto de manera positiva: sobre todo el negocio de pasajeros ayud\u00f3 al grupo Lufthansa a obtener un elevado beneficio operativo.<\/p>\n<p>Mientras el volumen de negocio del grupo se redujo un dos por ciento, hasta los 15.000 millones de euros, debido a la bajada de los precios de billetes, el beneficio antes de impuestos (Ebit) aument\u00f3 un 13 por ciento, hasta los 529 millones de euros.<\/p>\n","protected":false},"excerpt":{"rendered":"<p>Fr\u00e1ncfort, 2 ago (dpa) &#8211; La mayor aerol\u00ednea de Alemania, Lufthansa, evit\u00f3 hoy fijar objetivos concretos de beneficios para 2016 debido al miedo a ataques terroristas y a una disminuci\u00f3n de las reservas de billetes de avi\u00f3n. \u00abA pesar del empeoramiento del escenario, seguimos esperando uno de los mejores resultados operativos de todos los tiempos\u00bb,<\/p>\n","protected":false},"author":1,"featured_media":16457,"comment_status":"closed","ping_status":"closed","sticky":false,"template":"","format":"standard","meta":{"footnotes":""},"categories":[343],"tags":[],"class_list":{"0":"post-33131","1":"post","2":"type-post","3":"status-publish","4":"format-standard","5":"has-post-thumbnail","7":"category-actualidad"},"aioseo_notices":[],"aioseo_head":"\n\t\t<!-- All in One SEO Pro 4.9.6.2 - aioseo.com -->\n\t<meta name=\"description\" content=\"Fr\u00e1ncfort, 2 ago (dpa) - La mayor aerol\u00ednea de Alemania, Lufthansa, evit\u00f3 hoy fijar objetivos concretos de beneficios para 2016 debido al miedo a ataques terroristas y a una disminuci\u00f3n de las reservas de billetes de avi\u00f3n. &quot;A pesar del empeoramiento del escenario, seguimos esperando uno de los mejores resultados operativos de todos los tiempos&quot;,\" \/>\n\t<meta name=\"robots\" content=\"max-image-preview:large\" \/>\n\t<meta name=\"author\" content=\"Cand\u00e1s 365\"\/>\n\t<meta name=\"google-site-verification\" content=\"UA-32230408-1\" \/>\n\t<meta name=\"msvalidate.01\" content=\"354F3CDFB2DA171B47FBE9ABF1F88D5\" \/>\n\t<meta name=\"keywords\" content=\"actualidad\" \/>\n\t<link rel=\"canonical\" href=\"https:\/\/candas365.es\/noticias\/lufthansa-evita-fijar-objetivos-anuales-por-miedo-al-terrorismo\/\" \/>\n\t<meta name=\"generator\" content=\"All in One SEO Pro (AIOSEO) 4.9.6.2\" \/>\n\t\t<meta property=\"og:locale\" content=\"es_ES\" \/>\n\t\t<meta property=\"og:site_name\" content=\"Cand\u00e1s 365\" \/>\n\t\t<meta property=\"og:type\" content=\"article\" \/>\n\t\t<meta property=\"og:title\" content=\"Lufthansa evita fijar objetivos anuales por miedo al terrorismo | Cand\u00e1s 365\" \/>\n\t\t<meta property=\"og:description\" content=\"Fr\u00e1ncfort, 2 ago (dpa) - La mayor aerol\u00ednea de Alemania, Lufthansa, evit\u00f3 hoy fijar objetivos concretos de beneficios para 2016 debido al miedo a ataques terroristas y a una disminuci\u00f3n de las reservas de billetes de avi\u00f3n. &quot;A pesar del empeoramiento del escenario, seguimos esperando uno de los mejores resultados operativos de todos los tiempos&quot;,\" \/>\n\t\t<meta property=\"og:url\" content=\"https:\/\/candas365.es\/noticias\/lufthansa-evita-fijar-objetivos-anuales-por-miedo-al-terrorismo\/\" \/>\n\t\t<meta property=\"og:image\" content=\"https:\/\/candas365.es\/noticias\/wp-content\/uploads\/2015\/09\/c365noticias.jpg\" \/>\n\t\t<meta property=\"og:image:secure_url\" content=\"https:\/\/candas365.es\/noticias\/wp-content\/uploads\/2015\/09\/c365noticias.jpg\" \/>\n\t\t<meta property=\"og:image:width\" content=\"655\" \/>\n\t\t<meta property=\"og:image:height\" content=\"360\" \/>\n\t\t<meta property=\"article:published_time\" content=\"2016-08-02T22:12:12+00:00\" \/>\n\t\t<meta property=\"article:modified_time\" content=\"2016-08-02T22:12:12+00:00\" \/>\n\t\t<meta property=\"article:publisher\" content=\"https:\/\/www.facebook.com\/Nachofdezber\" \/>\n\t\t<meta property=\"article:author\" content=\"https:\/\/www.facebook.com\/carrenoactualidad\" \/>\n\t\t<meta name=\"twitter:card\" content=\"summary_large_image\" \/>\n\t\t<meta name=\"twitter:site\" content=\"@NabercoDigital\" \/>\n\t\t<meta name=\"twitter:title\" content=\"Lufthansa evita fijar objetivos anuales por miedo al terrorismo | Cand\u00e1s 365\" \/>\n\t\t<meta name=\"twitter:description\" content=\"Fr\u00e1ncfort, 2 ago (dpa) - La mayor aerol\u00ednea de Alemania, Lufthansa, evit\u00f3 hoy fijar objetivos concretos de beneficios para 2016 debido al miedo a ataques terroristas y a una disminuci\u00f3n de las reservas de billetes de avi\u00f3n. &quot;A pesar del empeoramiento del escenario, seguimos esperando uno de los mejores resultados operativos de todos los tiempos&quot;,\" \/>\n\t\t<meta name=\"twitter:creator\" content=\"@nbasturias\" \/>\n\t\t<meta name=\"twitter:image\" content=\"https:\/\/candas365.es\/noticias\/wp-content\/uploads\/2015\/09\/c365noticias.jpg\" \/>\n\t\t<meta name=\"twitter:label1\" content=\"Escrito por\" \/>\n\t\t<meta name=\"twitter:data1\" content=\"Cand\u00e1s 365\" \/>\n\t\t<meta name=\"twitter:label2\" content=\"Tiempo de lectura estimado\" \/>\n\t\t<meta name=\"twitter:data2\" content=\"2 minutos\" \/>\n\t\t<script type=\"application\/ld+json\" class=\"aioseo-schema\">\n\t\t\t{\"@context\":\"https:\\\/\\\/schema.org\",\"@graph\":[{\"@type\":\"BreadcrumbList\",\"@id\":\"https:\\\/\\\/candas365.es\\\/noticias\\\/lufthansa-evita-fijar-objetivos-anuales-por-miedo-al-terrorismo\\\/#breadcrumblist\",\"itemListElement\":[{\"@type\":\"ListItem\",\"@id\":\"https:\\\/\\\/candas365.es\\\/noticias#listItem\",\"position\":1,\"name\":\"Home\",\"item\":\"https:\\\/\\\/candas365.es\\\/noticias\",\"nextItem\":{\"@type\":\"ListItem\",\"@id\":\"https:\\\/\\\/candas365.es\\\/noticias\\\/category\\\/actualidad\\\/#listItem\",\"name\":\"Actualidad\"}},{\"@type\":\"ListItem\",\"@id\":\"https:\\\/\\\/candas365.es\\\/noticias\\\/category\\\/actualidad\\\/#listItem\",\"position\":2,\"name\":\"Actualidad\",\"item\":\"https:\\\/\\\/candas365.es\\\/noticias\\\/category\\\/actualidad\\\/\",\"nextItem\":{\"@type\":\"ListItem\",\"@id\":\"https:\\\/\\\/candas365.es\\\/noticias\\\/lufthansa-evita-fijar-objetivos-anuales-por-miedo-al-terrorismo\\\/#listItem\",\"name\":\"Lufthansa evita fijar objetivos anuales por miedo al terrorismo\"},\"previousItem\":{\"@type\":\"ListItem\",\"@id\":\"https:\\\/\\\/candas365.es\\\/noticias#listItem\",\"name\":\"Home\"}},{\"@type\":\"ListItem\",\"@id\":\"https:\\\/\\\/candas365.es\\\/noticias\\\/lufthansa-evita-fijar-objetivos-anuales-por-miedo-al-terrorismo\\\/#listItem\",\"position\":3,\"name\":\"Lufthansa evita fijar objetivos anuales por miedo al terrorismo\",\"previousItem\":{\"@type\":\"ListItem\",\"@id\":\"https:\\\/\\\/candas365.es\\\/noticias\\\/category\\\/actualidad\\\/#listItem\",\"name\":\"Actualidad\"}}]},{\"@type\":\"NewsArticle\",\"@id\":\"https:\\\/\\\/candas365.es\\\/noticias\\\/lufthansa-evita-fijar-objetivos-anuales-por-miedo-al-terrorismo\\\/#newsarticle\",\"name\":\"Lufthansa evita fijar objetivos anuales por miedo al terrorismo | Cand\\u00e1s 365\",\"headline\":\"Lufthansa evita fijar objetivos anuales por miedo al terrorismo\",\"author\":{\"@id\":\"https:\\\/\\\/candas365.es\\\/noticias\\\/author\\\/admin\\\/#author\"},\"publisher\":{\"@id\":\"https:\\\/\\\/candas365.es\\\/noticias\\\/#organization\"},\"image\":{\"@type\":\"ImageObject\",\"url\":\"https:\\\/\\\/candas365.es\\\/noticias\\\/wp-content\\\/uploads\\\/2015\\\/09\\\/c365noticias.jpg\",\"width\":655,\"height\":360},\"datePublished\":\"2016-08-02T23:42:12+02:00\",\"dateModified\":\"2016-08-02T23:42:12+02:00\",\"inLanguage\":\"es-ES\",\"mainEntityOfPage\":{\"@id\":\"https:\\\/\\\/candas365.es\\\/noticias\\\/lufthansa-evita-fijar-objetivos-anuales-por-miedo-al-terrorismo\\\/#webpage\"},\"isPartOf\":{\"@id\":\"https:\\\/\\\/candas365.es\\\/noticias\\\/lufthansa-evita-fijar-objetivos-anuales-por-miedo-al-terrorismo\\\/#webpage\"},\"articleSection\":\"Actualidad\",\"dateline\":\"Publicado el agosto 2, 2016.\"},{\"@type\":\"Organization\",\"@id\":\"https:\\\/\\\/candas365.es\\\/noticias\\\/#organization\",\"name\":\"Cand\\u00e1s 365\",\"description\":\"Cand\\u00e1s 365 es un diario digital independiente, fundado en 2012, con base en Asturias. Informamos con rigor sobre actualidad, sociedad, cultura y ocio, con una mirada local y global.\",\"url\":\"https:\\\/\\\/candas365.es\\\/noticias\\\/\",\"email\":\"info@candas365.es\",\"telephone\":\"+34652131393\",\"foundingDate\":\"2012-06-10\",\"logo\":{\"@type\":\"ImageObject\",\"url\":\"https:\\\/\\\/candas365.es\\\/noticias\\\/wp-content\\\/uploads\\\/2024\\\/09\\\/Candas-365-Redes.jpg\",\"@id\":\"https:\\\/\\\/candas365.es\\\/noticias\\\/lufthansa-evita-fijar-objetivos-anuales-por-miedo-al-terrorismo\\\/#organizationLogo\",\"width\":1152,\"height\":864,\"caption\":\"Cand\\u00e1s 365 Redes\"},\"image\":{\"@id\":\"https:\\\/\\\/candas365.es\\\/noticias\\\/lufthansa-evita-fijar-objetivos-anuales-por-miedo-al-terrorismo\\\/#organizationLogo\"},\"sameAs\":[\"https:\\\/\\\/www.facebook.com\\\/Nachofdezber\",\"https:\\\/\\\/x.com\\\/NabercoDigital\",\"https:\\\/\\\/www.instagram.com\\\/nachofdezber\\\/\",\"https:\\\/\\\/www.youtube.com\\\/channel\\\/UCZP-2wLEB9Rv6erhFmqVnvg\"],\"address\":{\"@id\":\"https:\\\/\\\/candas365.es\\\/noticias\\\/#postaladdress\",\"@type\":\"PostalAddress\",\"streetAddress\":\"san antonio 4, san antonio 4\",\"postalCode\":\"33430\",\"addressLocality\":\"Cand\\u00e1s\",\"addressRegion\":\"Asturias\",\"addressCountry\":\"ES\"}},{\"@type\":\"Person\",\"@id\":\"https:\\\/\\\/candas365.es\\\/noticias\\\/author\\\/admin\\\/#author\",\"url\":\"https:\\\/\\\/candas365.es\\\/noticias\\\/author\\\/admin\\\/\",\"name\":\"Cand\\u00e1s 365\",\"image\":{\"@type\":\"ImageObject\",\"@id\":\"https:\\\/\\\/candas365.es\\\/noticias\\\/lufthansa-evita-fijar-objetivos-anuales-por-miedo-al-terrorismo\\\/#authorImage\",\"url\":\"https:\\\/\\\/secure.gravatar.com\\\/avatar\\\/496a8e03d0c493ede1718b7934145dbdf8d89be1036b0eec9544e1094c9de390?s=96&d=mm&r=g\",\"width\":96,\"height\":96,\"caption\":\"Cand\\u00e1s 365\"},\"sameAs\":[\"https:\\\/\\\/www.facebook.com\\\/carrenoactualidad\",\"https:\\\/\\\/twitter.com\\\/nbasturias\",\"https:\\\/\\\/www.instagram.com\\\/nachofdezber\\\/\",\"https:\\\/\\\/www.youtube.com\\\/channel\\\/UCZP-2wLEB9Rv6erhFmqVnvg\"]},{\"@type\":\"WebPage\",\"@id\":\"https:\\\/\\\/candas365.es\\\/noticias\\\/lufthansa-evita-fijar-objetivos-anuales-por-miedo-al-terrorismo\\\/#webpage\",\"url\":\"https:\\\/\\\/candas365.es\\\/noticias\\\/lufthansa-evita-fijar-objetivos-anuales-por-miedo-al-terrorismo\\\/\",\"name\":\"Lufthansa evita fijar objetivos anuales por miedo al terrorismo | Cand\\u00e1s 365\",\"description\":\"Fr\\u00e1ncfort, 2 ago (dpa) - La mayor aerol\\u00ednea de Alemania, Lufthansa, evit\\u00f3 hoy fijar objetivos concretos de beneficios para 2016 debido al miedo a ataques terroristas y a una disminuci\\u00f3n de las reservas de billetes de avi\\u00f3n. \\\"A pesar del empeoramiento del escenario, seguimos esperando uno de los mejores resultados operativos de todos los tiempos\\\",\",\"inLanguage\":\"es-ES\",\"isPartOf\":{\"@id\":\"https:\\\/\\\/candas365.es\\\/noticias\\\/#website\"},\"breadcrumb\":{\"@id\":\"https:\\\/\\\/candas365.es\\\/noticias\\\/lufthansa-evita-fijar-objetivos-anuales-por-miedo-al-terrorismo\\\/#breadcrumblist\"},\"author\":{\"@id\":\"https:\\\/\\\/candas365.es\\\/noticias\\\/author\\\/admin\\\/#author\"},\"creator\":{\"@id\":\"https:\\\/\\\/candas365.es\\\/noticias\\\/author\\\/admin\\\/#author\"},\"image\":{\"@type\":\"ImageObject\",\"url\":\"https:\\\/\\\/candas365.es\\\/noticias\\\/wp-content\\\/uploads\\\/2015\\\/09\\\/c365noticias.jpg\",\"@id\":\"https:\\\/\\\/candas365.es\\\/noticias\\\/lufthansa-evita-fijar-objetivos-anuales-por-miedo-al-terrorismo\\\/#mainImage\",\"width\":655,\"height\":360},\"primaryImageOfPage\":{\"@id\":\"https:\\\/\\\/candas365.es\\\/noticias\\\/lufthansa-evita-fijar-objetivos-anuales-por-miedo-al-terrorismo\\\/#mainImage\"},\"datePublished\":\"2016-08-02T23:42:12+02:00\",\"dateModified\":\"2016-08-02T23:42:12+02:00\"},{\"@type\":\"WebSite\",\"@id\":\"https:\\\/\\\/candas365.es\\\/noticias\\\/#website\",\"url\":\"https:\\\/\\\/candas365.es\\\/noticias\\\/\",\"name\":\"Cand\\u00e1s 365\",\"alternateName\":\"Cand\\u00e1s 365 Noticias\",\"description\":\"Actualidad desde Carre\\u00f1o para el mundo\",\"inLanguage\":\"es-ES\",\"publisher\":{\"@id\":\"https:\\\/\\\/candas365.es\\\/noticias\\\/#organization\"}}]}\n\t\t<\/script>\n\t\t<!-- All in One SEO Pro -->\r\n\t\t<title>Lufthansa evita fijar objetivos anuales por miedo al terrorismo | Cand\u00e1s 365<\/title>\n\n","aioseo_head_json":{"title":"Lufthansa evita fijar objetivos anuales por miedo al terrorismo | Cand\u00e1s 365","description":"Fr\u00e1ncfort, 2 ago (dpa) - La mayor aerol\u00ednea de Alemania, Lufthansa, evit\u00f3 hoy fijar objetivos concretos de beneficios para 2016 debido al miedo a ataques terroristas y a una disminuci\u00f3n de las reservas de billetes de avi\u00f3n. \"A pesar del empeoramiento del escenario, seguimos esperando uno de los mejores resultados operativos de todos los tiempos\",","canonical_url":"https:\/\/candas365.es\/noticias\/lufthansa-evita-fijar-objetivos-anuales-por-miedo-al-terrorismo\/","robots":"max-image-preview:large","keywords":"actualidad","webmasterTools":{"google-site-verification":"UA-32230408-1","msvalidate.01":"354F3CDFB2DA171B47FBE9ABF1F88D5","miscellaneous":""},"schema":{"@context":"https:\/\/schema.org","@graph":[{"@type":"BreadcrumbList","@id":"https:\/\/candas365.es\/noticias\/lufthansa-evita-fijar-objetivos-anuales-por-miedo-al-terrorismo\/#breadcrumblist","itemListElement":[{"@type":"ListItem","@id":"https:\/\/candas365.es\/noticias#listItem","position":1,"name":"Home","item":"https:\/\/candas365.es\/noticias","nextItem":{"@type":"ListItem","@id":"https:\/\/candas365.es\/noticias\/category\/actualidad\/#listItem","name":"Actualidad"}},{"@type":"ListItem","@id":"https:\/\/candas365.es\/noticias\/category\/actualidad\/#listItem","position":2,"name":"Actualidad","item":"https:\/\/candas365.es\/noticias\/category\/actualidad\/","nextItem":{"@type":"ListItem","@id":"https:\/\/candas365.es\/noticias\/lufthansa-evita-fijar-objetivos-anuales-por-miedo-al-terrorismo\/#listItem","name":"Lufthansa evita fijar objetivos anuales por miedo al terrorismo"},"previousItem":{"@type":"ListItem","@id":"https:\/\/candas365.es\/noticias#listItem","name":"Home"}},{"@type":"ListItem","@id":"https:\/\/candas365.es\/noticias\/lufthansa-evita-fijar-objetivos-anuales-por-miedo-al-terrorismo\/#listItem","position":3,"name":"Lufthansa evita fijar objetivos anuales por miedo al terrorismo","previousItem":{"@type":"ListItem","@id":"https:\/\/candas365.es\/noticias\/category\/actualidad\/#listItem","name":"Actualidad"}}]},{"@type":"NewsArticle","@id":"https:\/\/candas365.es\/noticias\/lufthansa-evita-fijar-objetivos-anuales-por-miedo-al-terrorismo\/#newsarticle","name":"Lufthansa evita fijar objetivos anuales por miedo al terrorismo | Cand\u00e1s 365","headline":"Lufthansa evita fijar objetivos anuales por miedo al terrorismo","author":{"@id":"https:\/\/candas365.es\/noticias\/author\/admin\/#author"},"publisher":{"@id":"https:\/\/candas365.es\/noticias\/#organization"},"image":{"@type":"ImageObject","url":"https:\/\/candas365.es\/noticias\/wp-content\/uploads\/2015\/09\/c365noticias.jpg","width":655,"height":360},"datePublished":"2016-08-02T23:42:12+02:00","dateModified":"2016-08-02T23:42:12+02:00","inLanguage":"es-ES","mainEntityOfPage":{"@id":"https:\/\/candas365.es\/noticias\/lufthansa-evita-fijar-objetivos-anuales-por-miedo-al-terrorismo\/#webpage"},"isPartOf":{"@id":"https:\/\/candas365.es\/noticias\/lufthansa-evita-fijar-objetivos-anuales-por-miedo-al-terrorismo\/#webpage"},"articleSection":"Actualidad","dateline":"Publicado el agosto 2, 2016."},{"@type":"Organization","@id":"https:\/\/candas365.es\/noticias\/#organization","name":"Cand\u00e1s 365","description":"Cand\u00e1s 365 es un diario digital independiente, fundado en 2012, con base en Asturias. Informamos con rigor sobre actualidad, sociedad, cultura y ocio, con una mirada local y global.","url":"https:\/\/candas365.es\/noticias\/","email":"info@candas365.es","telephone":"+34652131393","foundingDate":"2012-06-10","logo":{"@type":"ImageObject","url":"https:\/\/candas365.es\/noticias\/wp-content\/uploads\/2024\/09\/Candas-365-Redes.jpg","@id":"https:\/\/candas365.es\/noticias\/lufthansa-evita-fijar-objetivos-anuales-por-miedo-al-terrorismo\/#organizationLogo","width":1152,"height":864,"caption":"Cand\u00e1s 365 Redes"},"image":{"@id":"https:\/\/candas365.es\/noticias\/lufthansa-evita-fijar-objetivos-anuales-por-miedo-al-terrorismo\/#organizationLogo"},"sameAs":["https:\/\/www.facebook.com\/Nachofdezber","https:\/\/x.com\/NabercoDigital","https:\/\/www.instagram.com\/nachofdezber\/","https:\/\/www.youtube.com\/channel\/UCZP-2wLEB9Rv6erhFmqVnvg"],"address":{"@id":"https:\/\/candas365.es\/noticias\/#postaladdress","@type":"PostalAddress","streetAddress":"san antonio 4, san antonio 4","postalCode":"33430","addressLocality":"Cand\u00e1s","addressRegion":"Asturias","addressCountry":"ES"}},{"@type":"Person","@id":"https:\/\/candas365.es\/noticias\/author\/admin\/#author","url":"https:\/\/candas365.es\/noticias\/author\/admin\/","name":"Cand\u00e1s 365","image":{"@type":"ImageObject","@id":"https:\/\/candas365.es\/noticias\/lufthansa-evita-fijar-objetivos-anuales-por-miedo-al-terrorismo\/#authorImage","url":"https:\/\/secure.gravatar.com\/avatar\/496a8e03d0c493ede1718b7934145dbdf8d89be1036b0eec9544e1094c9de390?s=96&d=mm&r=g","width":96,"height":96,"caption":"Cand\u00e1s 365"},"sameAs":["https:\/\/www.facebook.com\/carrenoactualidad","https:\/\/twitter.com\/nbasturias","https:\/\/www.instagram.com\/nachofdezber\/","https:\/\/www.youtube.com\/channel\/UCZP-2wLEB9Rv6erhFmqVnvg"]},{"@type":"WebPage","@id":"https:\/\/candas365.es\/noticias\/lufthansa-evita-fijar-objetivos-anuales-por-miedo-al-terrorismo\/#webpage","url":"https:\/\/candas365.es\/noticias\/lufthansa-evita-fijar-objetivos-anuales-por-miedo-al-terrorismo\/","name":"Lufthansa evita fijar objetivos anuales por miedo al terrorismo | Cand\u00e1s 365","description":"Fr\u00e1ncfort, 2 ago (dpa) - La mayor aerol\u00ednea de Alemania, Lufthansa, evit\u00f3 hoy fijar objetivos concretos de beneficios para 2016 debido al miedo a ataques terroristas y a una disminuci\u00f3n de las reservas de billetes de avi\u00f3n. \"A pesar del empeoramiento del escenario, seguimos esperando uno de los mejores resultados operativos de todos los tiempos\",","inLanguage":"es-ES","isPartOf":{"@id":"https:\/\/candas365.es\/noticias\/#website"},"breadcrumb":{"@id":"https:\/\/candas365.es\/noticias\/lufthansa-evita-fijar-objetivos-anuales-por-miedo-al-terrorismo\/#breadcrumblist"},"author":{"@id":"https:\/\/candas365.es\/noticias\/author\/admin\/#author"},"creator":{"@id":"https:\/\/candas365.es\/noticias\/author\/admin\/#author"},"image":{"@type":"ImageObject","url":"https:\/\/candas365.es\/noticias\/wp-content\/uploads\/2015\/09\/c365noticias.jpg","@id":"https:\/\/candas365.es\/noticias\/lufthansa-evita-fijar-objetivos-anuales-por-miedo-al-terrorismo\/#mainImage","width":655,"height":360},"primaryImageOfPage":{"@id":"https:\/\/candas365.es\/noticias\/lufthansa-evita-fijar-objetivos-anuales-por-miedo-al-terrorismo\/#mainImage"},"datePublished":"2016-08-02T23:42:12+02:00","dateModified":"2016-08-02T23:42:12+02:00"},{"@type":"WebSite","@id":"https:\/\/candas365.es\/noticias\/#website","url":"https:\/\/candas365.es\/noticias\/","name":"Cand\u00e1s 365","alternateName":"Cand\u00e1s 365 Noticias","description":"Actualidad desde Carre\u00f1o para el mundo","inLanguage":"es-ES","publisher":{"@id":"https:\/\/candas365.es\/noticias\/#organization"}}]},"og:locale":"es_ES","og:site_name":"Cand\u00e1s 365","og:type":"article","og:title":"Lufthansa evita fijar objetivos anuales por miedo al terrorismo | Cand\u00e1s 365","og:description":"Fr\u00e1ncfort, 2 ago (dpa) - La mayor aerol\u00ednea de Alemania, Lufthansa, evit\u00f3 hoy fijar objetivos concretos de beneficios para 2016 debido al miedo a ataques terroristas y a una disminuci\u00f3n de las reservas de billetes de avi\u00f3n. &quot;A pesar del empeoramiento del escenario, seguimos esperando uno de los mejores resultados operativos de todos los tiempos&quot;,","og:url":"https:\/\/candas365.es\/noticias\/lufthansa-evita-fijar-objetivos-anuales-por-miedo-al-terrorismo\/","og:image":"https:\/\/candas365.es\/noticias\/wp-content\/uploads\/2015\/09\/c365noticias.jpg","og:image:secure_url":"https:\/\/candas365.es\/noticias\/wp-content\/uploads\/2015\/09\/c365noticias.jpg","og:image:width":655,"og:image:height":360,"article:published_time":"2016-08-02T22:12:12+00:00","article:modified_time":"2016-08-02T22:12:12+00:00","article:publisher":"https:\/\/www.facebook.com\/Nachofdezber","article:author":"https:\/\/www.facebook.com\/carrenoactualidad","twitter:card":"summary_large_image","twitter:site":"@NabercoDigital","twitter:title":"Lufthansa evita fijar objetivos anuales por miedo al terrorismo | Cand\u00e1s 365","twitter:description":"Fr\u00e1ncfort, 2 ago (dpa) - La mayor aerol\u00ednea de Alemania, Lufthansa, evit\u00f3 hoy fijar objetivos concretos de beneficios para 2016 debido al miedo a ataques terroristas y a una disminuci\u00f3n de las reservas de billetes de avi\u00f3n. &quot;A pesar del empeoramiento del escenario, seguimos esperando uno de los mejores resultados operativos de todos los tiempos&quot;,","twitter:creator":"@nbasturias","twitter:image":"https:\/\/candas365.es\/noticias\/wp-content\/uploads\/2015\/09\/c365noticias.jpg","twitter:label1":"Escrito por","twitter:data1":"Cand\u00e1s 365","twitter:label2":"Tiempo de lectura estimado","twitter:data2":"2 minutos"},"aioseo_meta_data":{"post_id":"33131","title":null,"description":null,"keywords":null,"keyphrases":null,"primary_term":null,"canonical_url":null,"og_title":null,"og_description":null,"og_object_type":"default","og_image_type":"default","og_image_url":null,"og_image_width":null,"og_image_height":null,"og_image_custom_url":null,"og_image_custom_fields":null,"og_video":null,"og_custom_url":null,"og_article_section":null,"og_article_tags":null,"twitter_use_og":false,"twitter_card":"default","twitter_image_type":"default","twitter_image_url":null,"twitter_image_custom_url":null,"twitter_image_custom_fields":null,"twitter_title":null,"twitter_description":null,"schema":{"blockGraphs":[],"customGraphs":[],"default":{"data":{"Article":[],"Course":[],"Dataset":[],"FAQPage":[],"Movie":[],"Person":[],"Product":[],"ProductReview":[],"Car":[],"Recipe":[],"Service":[],"SoftwareApplication":[],"WebPage":[]},"graphName":"","isEnabled":true},"graphs":[]},"schema_type":null,"schema_type_options":null,"pillar_content":false,"robots_default":true,"robots_noindex":false,"robots_noarchive":false,"robots_nosnippet":false,"robots_nofollow":false,"robots_noimageindex":false,"robots_noodp":false,"robots_notranslate":false,"robots_max_snippet":null,"robots_max_videopreview":null,"robots_max_imagepreview":"large","priority":null,"frequency":null,"location":null,"local_seo":null,"seo_analyzer_scan_date":"2025-08-24 16:27:13","breadcrumb_settings":null,"limit_modified_date":false,"reviewed_by":null,"open_ai":null,"ai":null,"created":"2020-12-21 13:06:03","updated":"2025-08-24 16:27:13"},"aioseo_breadcrumb":"<div class=\"aioseo-breadcrumbs\"><span class=\"aioseo-breadcrumb\">\n\t<a href=\"https:\/\/candas365.es\/noticias\" title=\"Home\">Home<\/a>\n<\/span><span class=\"aioseo-breadcrumb-separator\">&ndash;<\/span><span class=\"aioseo-breadcrumb\">\n\t<a href=\"https:\/\/candas365.es\/noticias\/category\/actualidad\/\" title=\"Actualidad\">Actualidad<\/a>\n<\/span><span class=\"aioseo-breadcrumb-separator\">&ndash;<\/span><span class=\"aioseo-breadcrumb\">\n\tLufthansa evita fijar objetivos anuales por miedo al terrorismo\n<\/span><\/div>","aioseo_breadcrumb_json":[{"label":"Home","link":"https:\/\/candas365.es\/noticias"},{"label":"Actualidad","link":"https:\/\/candas365.es\/noticias\/category\/actualidad\/"},{"label":"Lufthansa evita fijar objetivos anuales por miedo al terrorismo","link":"https:\/\/candas365.es\/noticias\/lufthansa-evita-fijar-objetivos-anuales-por-miedo-al-terrorismo\/"}],"_links":{"self":[{"href":"https:\/\/candas365.es\/noticias\/wp-json\/wp\/v2\/posts\/33131","targetHints":{"allow":["GET"]}}],"collection":[{"href":"https:\/\/candas365.es\/noticias\/wp-json\/wp\/v2\/posts"}],"about":[{"href":"https:\/\/candas365.es\/noticias\/wp-json\/wp\/v2\/types\/post"}],"author":[{"embeddable":true,"href":"https:\/\/candas365.es\/noticias\/wp-json\/wp\/v2\/users\/1"}],"replies":[{"embeddable":true,"href":"https:\/\/candas365.es\/noticias\/wp-json\/wp\/v2\/comments?post=33131"}],"version-history":[{"count":0,"href":"https:\/\/candas365.es\/noticias\/wp-json\/wp\/v2\/posts\/33131\/revisions"}],"wp:featuredmedia":[{"embeddable":true,"href":"https:\/\/candas365.es\/noticias\/wp-json\/wp\/v2\/media\/16457"}],"wp:attachment":[{"href":"https:\/\/candas365.es\/noticias\/wp-json\/wp\/v2\/media?parent=33131"}],"wp:term":[{"taxonomy":"category","embeddable":true,"href":"https:\/\/candas365.es\/noticias\/wp-json\/wp\/v2\/categories?post=33131"},{"taxonomy":"post_tag","embeddable":true,"href":"https:\/\/candas365.es\/noticias\/wp-json\/wp\/v2\/tags?post=33131"}],"curies":[{"name":"wp","href":"https:\/\/api.w.org\/{rel}","templated":true}]}}