{"id":33123,"date":"2016-08-02T23:36:58","date_gmt":"2016-08-02T22:06:58","guid":{"rendered":"http:\/\/candas365.es\/noticias\/?p=33123"},"modified":"2016-08-02T23:36:58","modified_gmt":"2016-08-02T22:06:58","slug":"el-manchester-city-ficha-al-aleman-leroy-sane","status":"publish","type":"post","link":"https:\/\/candas365.es\/noticias\/el-manchester-city-ficha-al-aleman-leroy-sane\/","title":{"rendered":"El Manchester City ficha al alem\u00e1n Leroy San\u00e9"},"content":{"rendered":"<p>Manchester\/Gelsenkirchen, 2 ago (dpa) &#8211; El futbolista alem\u00e1n Leroy San\u00e9, del Schalke, jugar\u00e1 a partir de la pr\u00f3xima temporada a las \u00f3rdenes del espa\u00f1ol Josep Guardiola en el Manchester City, anunciaron hoy los dos clubes.<\/p>\n<p>\u00abLeroy San\u00e9 se va al Manchester City. Gracias y te deseamos todo lo mejor, Leroy\u00bb, escribi\u00f3 el club alem\u00e1n en su cuenta de Twitter.<\/p>\n<p>El futbolista, de 20 a\u00f1os, pas\u00f3 el lunes en Manchester la prueba m\u00e9dica con su nuevo club, con quien firm\u00f3 un contrato de cinco a\u00f1os, hasta 2021.<\/p>\n<p>\u00abMe siento bien. Estoy contento de estar aqu\u00ed y contento con que todo haya funcionado\u00bb, coment\u00f3 San\u00e9 en un comunicado del club ingl\u00e9s.<\/p>\n<p>Como uno de los argumentos decisivos para el cambio de club, el internacional alem\u00e1n nombr\u00f3 a Guardiola. \u00ab\u00c9l me convenci\u00f3 de venir aqu\u00ed y que podr\u00eda continuar avanzando en mi carrera\u00bb, explic\u00f3.<\/p>\n<p>Para el club alem\u00e1n supone una gran p\u00e9rdida. \u00abA todos se nos ha partido un poco el coraz\u00f3n\u00bb, coment\u00f3 Christian Heidel, manager del Schalke. \u00abCon Leroy perdemos un gran futbolista con un buen car\u00e1cter, que tiene algo que agradecer al Schalke\u00bb.<\/p>\n<p>El City habr\u00eda desembolsado en la operaci\u00f3n cerca de 50 millones de euros (55,8 millones de d\u00f3lares), seg\u00fan medios. Si se confirma esta cifra, San\u00e9 se convertir\u00eda en el segundo futbolista m\u00e1s caro vendido a otra liga en la historia de la Bundesliga, por detr\u00e1s de Kevin De Bruyne, que en 2015 fue traspasado del Wolfsburgo al Manchester City por 75 millones de euros.<\/p>\n<p>Adem\u00e1s, ser\u00eda el fichaje de un internacional alem\u00e1n m\u00e1s caro de todos los tiempos, por delante de Mesut \u00d6zil, cuyo fichaje del Real Madrid al Arsenal se tas\u00f3 en 44 millones de euros.<\/p>\n<p>San\u00e9, que jugaba desde 2005 para el Schalke, ha disputado hasta el momento 47 partidos de la Bundesliga, en los que ha anotado 11 goles. Ten\u00eda contrato con el Schalke hasta 2019. En la selecci\u00f3n alemana debut\u00f3 en noviembre de 2013.<\/p>\n","protected":false},"excerpt":{"rendered":"<p>Manchester\/Gelsenkirchen, 2 ago (dpa) &#8211; El futbolista alem\u00e1n Leroy San\u00e9, del Schalke, jugar\u00e1 a partir de la pr\u00f3xima temporada a las \u00f3rdenes del espa\u00f1ol Josep Guardiola en el Manchester City, anunciaron hoy los dos clubes. \u00abLeroy San\u00e9 se va al Manchester City. Gracias y te deseamos todo lo mejor, Leroy\u00bb, escribi\u00f3 el club alem\u00e1n en<\/p>\n","protected":false},"author":1,"featured_media":16457,"comment_status":"closed","ping_status":"closed","sticky":false,"template":"","format":"standard","meta":{"footnotes":""},"categories":[343],"tags":[],"class_list":{"0":"post-33123","1":"post","2":"type-post","3":"status-publish","4":"format-standard","5":"has-post-thumbnail","7":"category-actualidad"},"aioseo_notices":[],"aioseo_head":"\n\t\t<!-- All in One SEO Pro 4.9.6.2 - aioseo.com -->\n\t<meta name=\"description\" content=\"Manchester\/Gelsenkirchen, 2 ago (dpa) - El futbolista alem\u00e1n Leroy San\u00e9, del Schalke, jugar\u00e1 a partir de la pr\u00f3xima temporada a las \u00f3rdenes del espa\u00f1ol Josep Guardiola en el Manchester City, anunciaron hoy los dos clubes. &quot;Leroy San\u00e9 se va al Manchester City. Gracias y te deseamos todo lo mejor, Leroy&quot;, escribi\u00f3 el club alem\u00e1n en\" \/>\n\t<meta name=\"robots\" content=\"max-image-preview:large\" \/>\n\t<meta name=\"author\" content=\"Cand\u00e1s 365\"\/>\n\t<meta name=\"google-site-verification\" content=\"UA-32230408-1\" \/>\n\t<meta name=\"msvalidate.01\" content=\"354F3CDFB2DA171B47FBE9ABF1F88D5\" \/>\n\t<meta name=\"keywords\" content=\"actualidad\" \/>\n\t<link rel=\"canonical\" href=\"https:\/\/candas365.es\/noticias\/el-manchester-city-ficha-al-aleman-leroy-sane\/\" \/>\n\t<meta name=\"generator\" content=\"All in One SEO Pro (AIOSEO) 4.9.6.2\" \/>\n\t\t<meta property=\"og:locale\" content=\"es_ES\" \/>\n\t\t<meta property=\"og:site_name\" content=\"Cand\u00e1s 365\" \/>\n\t\t<meta property=\"og:type\" content=\"article\" \/>\n\t\t<meta property=\"og:title\" content=\"El Manchester City ficha al alem\u00e1n Leroy San\u00e9 | Cand\u00e1s 365\" \/>\n\t\t<meta property=\"og:description\" content=\"Manchester\/Gelsenkirchen, 2 ago (dpa) - El futbolista alem\u00e1n Leroy San\u00e9, del Schalke, jugar\u00e1 a partir de la pr\u00f3xima temporada a las \u00f3rdenes del espa\u00f1ol Josep Guardiola en el Manchester City, anunciaron hoy los dos clubes. &quot;Leroy San\u00e9 se va al Manchester City. Gracias y te deseamos todo lo mejor, Leroy&quot;, escribi\u00f3 el club alem\u00e1n en\" \/>\n\t\t<meta property=\"og:url\" content=\"https:\/\/candas365.es\/noticias\/el-manchester-city-ficha-al-aleman-leroy-sane\/\" \/>\n\t\t<meta property=\"og:image\" content=\"https:\/\/candas365.es\/noticias\/wp-content\/uploads\/2015\/09\/c365noticias.jpg\" \/>\n\t\t<meta property=\"og:image:secure_url\" content=\"https:\/\/candas365.es\/noticias\/wp-content\/uploads\/2015\/09\/c365noticias.jpg\" \/>\n\t\t<meta property=\"og:image:width\" content=\"655\" \/>\n\t\t<meta property=\"og:image:height\" content=\"360\" \/>\n\t\t<meta property=\"article:published_time\" content=\"2016-08-02T22:06:58+00:00\" \/>\n\t\t<meta property=\"article:modified_time\" content=\"2016-08-02T22:06:58+00:00\" \/>\n\t\t<meta property=\"article:publisher\" content=\"https:\/\/www.facebook.com\/Nachofdezber\" \/>\n\t\t<meta property=\"article:author\" content=\"https:\/\/www.facebook.com\/carrenoactualidad\" \/>\n\t\t<meta name=\"twitter:card\" content=\"summary_large_image\" \/>\n\t\t<meta name=\"twitter:site\" content=\"@NabercoDigital\" \/>\n\t\t<meta name=\"twitter:title\" content=\"El Manchester City ficha al alem\u00e1n Leroy San\u00e9 | Cand\u00e1s 365\" \/>\n\t\t<meta name=\"twitter:description\" content=\"Manchester\/Gelsenkirchen, 2 ago (dpa) - El futbolista alem\u00e1n Leroy San\u00e9, del Schalke, jugar\u00e1 a partir de la pr\u00f3xima temporada a las \u00f3rdenes del espa\u00f1ol Josep Guardiola en el Manchester City, anunciaron hoy los dos clubes. &quot;Leroy San\u00e9 se va al Manchester City. Gracias y te deseamos todo lo mejor, Leroy&quot;, escribi\u00f3 el club alem\u00e1n en\" \/>\n\t\t<meta name=\"twitter:creator\" content=\"@nbasturias\" \/>\n\t\t<meta name=\"twitter:image\" content=\"https:\/\/candas365.es\/noticias\/wp-content\/uploads\/2015\/09\/c365noticias.jpg\" \/>\n\t\t<meta name=\"twitter:label1\" content=\"Escrito por\" \/>\n\t\t<meta name=\"twitter:data1\" content=\"Cand\u00e1s 365\" \/>\n\t\t<meta name=\"twitter:label2\" content=\"Tiempo de lectura estimado\" \/>\n\t\t<meta name=\"twitter:data2\" content=\"2 minutos\" \/>\n\t\t<script type=\"application\/ld+json\" class=\"aioseo-schema\">\n\t\t\t{\"@context\":\"https:\\\/\\\/schema.org\",\"@graph\":[{\"@type\":\"BreadcrumbList\",\"@id\":\"https:\\\/\\\/candas365.es\\\/noticias\\\/el-manchester-city-ficha-al-aleman-leroy-sane\\\/#breadcrumblist\",\"itemListElement\":[{\"@type\":\"ListItem\",\"@id\":\"https:\\\/\\\/candas365.es\\\/noticias#listItem\",\"position\":1,\"name\":\"Home\",\"item\":\"https:\\\/\\\/candas365.es\\\/noticias\",\"nextItem\":{\"@type\":\"ListItem\",\"@id\":\"https:\\\/\\\/candas365.es\\\/noticias\\\/category\\\/actualidad\\\/#listItem\",\"name\":\"Actualidad\"}},{\"@type\":\"ListItem\",\"@id\":\"https:\\\/\\\/candas365.es\\\/noticias\\\/category\\\/actualidad\\\/#listItem\",\"position\":2,\"name\":\"Actualidad\",\"item\":\"https:\\\/\\\/candas365.es\\\/noticias\\\/category\\\/actualidad\\\/\",\"nextItem\":{\"@type\":\"ListItem\",\"@id\":\"https:\\\/\\\/candas365.es\\\/noticias\\\/el-manchester-city-ficha-al-aleman-leroy-sane\\\/#listItem\",\"name\":\"El Manchester City ficha al alem\\u00e1n Leroy San\\u00e9\"},\"previousItem\":{\"@type\":\"ListItem\",\"@id\":\"https:\\\/\\\/candas365.es\\\/noticias#listItem\",\"name\":\"Home\"}},{\"@type\":\"ListItem\",\"@id\":\"https:\\\/\\\/candas365.es\\\/noticias\\\/el-manchester-city-ficha-al-aleman-leroy-sane\\\/#listItem\",\"position\":3,\"name\":\"El Manchester City ficha al alem\\u00e1n Leroy San\\u00e9\",\"previousItem\":{\"@type\":\"ListItem\",\"@id\":\"https:\\\/\\\/candas365.es\\\/noticias\\\/category\\\/actualidad\\\/#listItem\",\"name\":\"Actualidad\"}}]},{\"@type\":\"NewsArticle\",\"@id\":\"https:\\\/\\\/candas365.es\\\/noticias\\\/el-manchester-city-ficha-al-aleman-leroy-sane\\\/#newsarticle\",\"name\":\"El Manchester City ficha al alem\\u00e1n Leroy San\\u00e9 | Cand\\u00e1s 365\",\"headline\":\"El Manchester City ficha al alem\\u00e1n Leroy San\\u00e9\",\"author\":{\"@id\":\"https:\\\/\\\/candas365.es\\\/noticias\\\/author\\\/admin\\\/#author\"},\"publisher\":{\"@id\":\"https:\\\/\\\/candas365.es\\\/noticias\\\/#organization\"},\"image\":{\"@type\":\"ImageObject\",\"url\":\"https:\\\/\\\/candas365.es\\\/noticias\\\/wp-content\\\/uploads\\\/2015\\\/09\\\/c365noticias.jpg\",\"width\":655,\"height\":360},\"datePublished\":\"2016-08-02T23:36:58+02:00\",\"dateModified\":\"2016-08-02T23:36:58+02:00\",\"inLanguage\":\"es-ES\",\"mainEntityOfPage\":{\"@id\":\"https:\\\/\\\/candas365.es\\\/noticias\\\/el-manchester-city-ficha-al-aleman-leroy-sane\\\/#webpage\"},\"isPartOf\":{\"@id\":\"https:\\\/\\\/candas365.es\\\/noticias\\\/el-manchester-city-ficha-al-aleman-leroy-sane\\\/#webpage\"},\"articleSection\":\"Actualidad\",\"dateline\":\"Publicado el agosto 2, 2016.\"},{\"@type\":\"Organization\",\"@id\":\"https:\\\/\\\/candas365.es\\\/noticias\\\/#organization\",\"name\":\"Cand\\u00e1s 365\",\"description\":\"Cand\\u00e1s 365 es un diario digital independiente, fundado en 2012, con base en Asturias. Informamos con rigor sobre actualidad, sociedad, cultura y ocio, con una mirada local y global.\",\"url\":\"https:\\\/\\\/candas365.es\\\/noticias\\\/\",\"email\":\"info@candas365.es\",\"telephone\":\"+34652131393\",\"foundingDate\":\"2012-06-10\",\"logo\":{\"@type\":\"ImageObject\",\"url\":\"https:\\\/\\\/candas365.es\\\/noticias\\\/wp-content\\\/uploads\\\/2024\\\/09\\\/Candas-365-Redes.jpg\",\"@id\":\"https:\\\/\\\/candas365.es\\\/noticias\\\/el-manchester-city-ficha-al-aleman-leroy-sane\\\/#organizationLogo\",\"width\":1152,\"height\":864,\"caption\":\"Cand\\u00e1s 365 Redes\"},\"image\":{\"@id\":\"https:\\\/\\\/candas365.es\\\/noticias\\\/el-manchester-city-ficha-al-aleman-leroy-sane\\\/#organizationLogo\"},\"sameAs\":[\"https:\\\/\\\/www.facebook.com\\\/Nachofdezber\",\"https:\\\/\\\/x.com\\\/NabercoDigital\",\"https:\\\/\\\/www.instagram.com\\\/nachofdezber\\\/\",\"https:\\\/\\\/www.youtube.com\\\/channel\\\/UCZP-2wLEB9Rv6erhFmqVnvg\"],\"address\":{\"@id\":\"https:\\\/\\\/candas365.es\\\/noticias\\\/#postaladdress\",\"@type\":\"PostalAddress\",\"streetAddress\":\"san antonio 4, san antonio 4\",\"postalCode\":\"33430\",\"addressLocality\":\"Cand\\u00e1s\",\"addressRegion\":\"Asturias\",\"addressCountry\":\"ES\"}},{\"@type\":\"Person\",\"@id\":\"https:\\\/\\\/candas365.es\\\/noticias\\\/author\\\/admin\\\/#author\",\"url\":\"https:\\\/\\\/candas365.es\\\/noticias\\\/author\\\/admin\\\/\",\"name\":\"Cand\\u00e1s 365\",\"image\":{\"@type\":\"ImageObject\",\"@id\":\"https:\\\/\\\/candas365.es\\\/noticias\\\/el-manchester-city-ficha-al-aleman-leroy-sane\\\/#authorImage\",\"url\":\"https:\\\/\\\/secure.gravatar.com\\\/avatar\\\/496a8e03d0c493ede1718b7934145dbdf8d89be1036b0eec9544e1094c9de390?s=96&d=mm&r=g\",\"width\":96,\"height\":96,\"caption\":\"Cand\\u00e1s 365\"},\"sameAs\":[\"https:\\\/\\\/www.facebook.com\\\/carrenoactualidad\",\"https:\\\/\\\/twitter.com\\\/nbasturias\",\"https:\\\/\\\/www.instagram.com\\\/nachofdezber\\\/\",\"https:\\\/\\\/www.youtube.com\\\/channel\\\/UCZP-2wLEB9Rv6erhFmqVnvg\"]},{\"@type\":\"WebPage\",\"@id\":\"https:\\\/\\\/candas365.es\\\/noticias\\\/el-manchester-city-ficha-al-aleman-leroy-sane\\\/#webpage\",\"url\":\"https:\\\/\\\/candas365.es\\\/noticias\\\/el-manchester-city-ficha-al-aleman-leroy-sane\\\/\",\"name\":\"El Manchester City ficha al alem\\u00e1n Leroy San\\u00e9 | Cand\\u00e1s 365\",\"description\":\"Manchester\\\/Gelsenkirchen, 2 ago (dpa) - El futbolista alem\\u00e1n Leroy San\\u00e9, del Schalke, jugar\\u00e1 a partir de la pr\\u00f3xima temporada a las \\u00f3rdenes del espa\\u00f1ol Josep Guardiola en el Manchester City, anunciaron hoy los dos clubes. \\\"Leroy San\\u00e9 se va al Manchester City. Gracias y te deseamos todo lo mejor, Leroy\\\", escribi\\u00f3 el club alem\\u00e1n en\",\"inLanguage\":\"es-ES\",\"isPartOf\":{\"@id\":\"https:\\\/\\\/candas365.es\\\/noticias\\\/#website\"},\"breadcrumb\":{\"@id\":\"https:\\\/\\\/candas365.es\\\/noticias\\\/el-manchester-city-ficha-al-aleman-leroy-sane\\\/#breadcrumblist\"},\"author\":{\"@id\":\"https:\\\/\\\/candas365.es\\\/noticias\\\/author\\\/admin\\\/#author\"},\"creator\":{\"@id\":\"https:\\\/\\\/candas365.es\\\/noticias\\\/author\\\/admin\\\/#author\"},\"image\":{\"@type\":\"ImageObject\",\"url\":\"https:\\\/\\\/candas365.es\\\/noticias\\\/wp-content\\\/uploads\\\/2015\\\/09\\\/c365noticias.jpg\",\"@id\":\"https:\\\/\\\/candas365.es\\\/noticias\\\/el-manchester-city-ficha-al-aleman-leroy-sane\\\/#mainImage\",\"width\":655,\"height\":360},\"primaryImageOfPage\":{\"@id\":\"https:\\\/\\\/candas365.es\\\/noticias\\\/el-manchester-city-ficha-al-aleman-leroy-sane\\\/#mainImage\"},\"datePublished\":\"2016-08-02T23:36:58+02:00\",\"dateModified\":\"2016-08-02T23:36:58+02:00\"},{\"@type\":\"WebSite\",\"@id\":\"https:\\\/\\\/candas365.es\\\/noticias\\\/#website\",\"url\":\"https:\\\/\\\/candas365.es\\\/noticias\\\/\",\"name\":\"Cand\\u00e1s 365\",\"alternateName\":\"Cand\\u00e1s 365 Noticias\",\"description\":\"Actualidad desde Carre\\u00f1o para el mundo\",\"inLanguage\":\"es-ES\",\"publisher\":{\"@id\":\"https:\\\/\\\/candas365.es\\\/noticias\\\/#organization\"}}]}\n\t\t<\/script>\n\t\t<!-- All in One SEO Pro -->\r\n\t\t<title>El Manchester City ficha al alem\u00e1n Leroy San\u00e9 | Cand\u00e1s 365<\/title>\n\n","aioseo_head_json":{"title":"El Manchester City ficha al alem\u00e1n Leroy San\u00e9 | Cand\u00e1s 365","description":"Manchester\/Gelsenkirchen, 2 ago (dpa) - El futbolista alem\u00e1n Leroy San\u00e9, del Schalke, jugar\u00e1 a partir de la pr\u00f3xima temporada a las \u00f3rdenes del espa\u00f1ol Josep Guardiola en el Manchester City, anunciaron hoy los dos clubes. \"Leroy San\u00e9 se va al Manchester City. Gracias y te deseamos todo lo mejor, Leroy\", escribi\u00f3 el club alem\u00e1n en","canonical_url":"https:\/\/candas365.es\/noticias\/el-manchester-city-ficha-al-aleman-leroy-sane\/","robots":"max-image-preview:large","keywords":"actualidad","webmasterTools":{"google-site-verification":"UA-32230408-1","msvalidate.01":"354F3CDFB2DA171B47FBE9ABF1F88D5","miscellaneous":""},"schema":{"@context":"https:\/\/schema.org","@graph":[{"@type":"BreadcrumbList","@id":"https:\/\/candas365.es\/noticias\/el-manchester-city-ficha-al-aleman-leroy-sane\/#breadcrumblist","itemListElement":[{"@type":"ListItem","@id":"https:\/\/candas365.es\/noticias#listItem","position":1,"name":"Home","item":"https:\/\/candas365.es\/noticias","nextItem":{"@type":"ListItem","@id":"https:\/\/candas365.es\/noticias\/category\/actualidad\/#listItem","name":"Actualidad"}},{"@type":"ListItem","@id":"https:\/\/candas365.es\/noticias\/category\/actualidad\/#listItem","position":2,"name":"Actualidad","item":"https:\/\/candas365.es\/noticias\/category\/actualidad\/","nextItem":{"@type":"ListItem","@id":"https:\/\/candas365.es\/noticias\/el-manchester-city-ficha-al-aleman-leroy-sane\/#listItem","name":"El Manchester City ficha al alem\u00e1n Leroy San\u00e9"},"previousItem":{"@type":"ListItem","@id":"https:\/\/candas365.es\/noticias#listItem","name":"Home"}},{"@type":"ListItem","@id":"https:\/\/candas365.es\/noticias\/el-manchester-city-ficha-al-aleman-leroy-sane\/#listItem","position":3,"name":"El Manchester City ficha al alem\u00e1n Leroy San\u00e9","previousItem":{"@type":"ListItem","@id":"https:\/\/candas365.es\/noticias\/category\/actualidad\/#listItem","name":"Actualidad"}}]},{"@type":"NewsArticle","@id":"https:\/\/candas365.es\/noticias\/el-manchester-city-ficha-al-aleman-leroy-sane\/#newsarticle","name":"El Manchester City ficha al alem\u00e1n Leroy San\u00e9 | Cand\u00e1s 365","headline":"El Manchester City ficha al alem\u00e1n Leroy San\u00e9","author":{"@id":"https:\/\/candas365.es\/noticias\/author\/admin\/#author"},"publisher":{"@id":"https:\/\/candas365.es\/noticias\/#organization"},"image":{"@type":"ImageObject","url":"https:\/\/candas365.es\/noticias\/wp-content\/uploads\/2015\/09\/c365noticias.jpg","width":655,"height":360},"datePublished":"2016-08-02T23:36:58+02:00","dateModified":"2016-08-02T23:36:58+02:00","inLanguage":"es-ES","mainEntityOfPage":{"@id":"https:\/\/candas365.es\/noticias\/el-manchester-city-ficha-al-aleman-leroy-sane\/#webpage"},"isPartOf":{"@id":"https:\/\/candas365.es\/noticias\/el-manchester-city-ficha-al-aleman-leroy-sane\/#webpage"},"articleSection":"Actualidad","dateline":"Publicado el agosto 2, 2016."},{"@type":"Organization","@id":"https:\/\/candas365.es\/noticias\/#organization","name":"Cand\u00e1s 365","description":"Cand\u00e1s 365 es un diario digital independiente, fundado en 2012, con base en Asturias. Informamos con rigor sobre actualidad, sociedad, cultura y ocio, con una mirada local y global.","url":"https:\/\/candas365.es\/noticias\/","email":"info@candas365.es","telephone":"+34652131393","foundingDate":"2012-06-10","logo":{"@type":"ImageObject","url":"https:\/\/candas365.es\/noticias\/wp-content\/uploads\/2024\/09\/Candas-365-Redes.jpg","@id":"https:\/\/candas365.es\/noticias\/el-manchester-city-ficha-al-aleman-leroy-sane\/#organizationLogo","width":1152,"height":864,"caption":"Cand\u00e1s 365 Redes"},"image":{"@id":"https:\/\/candas365.es\/noticias\/el-manchester-city-ficha-al-aleman-leroy-sane\/#organizationLogo"},"sameAs":["https:\/\/www.facebook.com\/Nachofdezber","https:\/\/x.com\/NabercoDigital","https:\/\/www.instagram.com\/nachofdezber\/","https:\/\/www.youtube.com\/channel\/UCZP-2wLEB9Rv6erhFmqVnvg"],"address":{"@id":"https:\/\/candas365.es\/noticias\/#postaladdress","@type":"PostalAddress","streetAddress":"san antonio 4, san antonio 4","postalCode":"33430","addressLocality":"Cand\u00e1s","addressRegion":"Asturias","addressCountry":"ES"}},{"@type":"Person","@id":"https:\/\/candas365.es\/noticias\/author\/admin\/#author","url":"https:\/\/candas365.es\/noticias\/author\/admin\/","name":"Cand\u00e1s 365","image":{"@type":"ImageObject","@id":"https:\/\/candas365.es\/noticias\/el-manchester-city-ficha-al-aleman-leroy-sane\/#authorImage","url":"https:\/\/secure.gravatar.com\/avatar\/496a8e03d0c493ede1718b7934145dbdf8d89be1036b0eec9544e1094c9de390?s=96&d=mm&r=g","width":96,"height":96,"caption":"Cand\u00e1s 365"},"sameAs":["https:\/\/www.facebook.com\/carrenoactualidad","https:\/\/twitter.com\/nbasturias","https:\/\/www.instagram.com\/nachofdezber\/","https:\/\/www.youtube.com\/channel\/UCZP-2wLEB9Rv6erhFmqVnvg"]},{"@type":"WebPage","@id":"https:\/\/candas365.es\/noticias\/el-manchester-city-ficha-al-aleman-leroy-sane\/#webpage","url":"https:\/\/candas365.es\/noticias\/el-manchester-city-ficha-al-aleman-leroy-sane\/","name":"El Manchester City ficha al alem\u00e1n Leroy San\u00e9 | Cand\u00e1s 365","description":"Manchester\/Gelsenkirchen, 2 ago (dpa) - El futbolista alem\u00e1n Leroy San\u00e9, del Schalke, jugar\u00e1 a partir de la pr\u00f3xima temporada a las \u00f3rdenes del espa\u00f1ol Josep Guardiola en el Manchester City, anunciaron hoy los dos clubes. \"Leroy San\u00e9 se va al Manchester City. Gracias y te deseamos todo lo mejor, Leroy\", escribi\u00f3 el club alem\u00e1n en","inLanguage":"es-ES","isPartOf":{"@id":"https:\/\/candas365.es\/noticias\/#website"},"breadcrumb":{"@id":"https:\/\/candas365.es\/noticias\/el-manchester-city-ficha-al-aleman-leroy-sane\/#breadcrumblist"},"author":{"@id":"https:\/\/candas365.es\/noticias\/author\/admin\/#author"},"creator":{"@id":"https:\/\/candas365.es\/noticias\/author\/admin\/#author"},"image":{"@type":"ImageObject","url":"https:\/\/candas365.es\/noticias\/wp-content\/uploads\/2015\/09\/c365noticias.jpg","@id":"https:\/\/candas365.es\/noticias\/el-manchester-city-ficha-al-aleman-leroy-sane\/#mainImage","width":655,"height":360},"primaryImageOfPage":{"@id":"https:\/\/candas365.es\/noticias\/el-manchester-city-ficha-al-aleman-leroy-sane\/#mainImage"},"datePublished":"2016-08-02T23:36:58+02:00","dateModified":"2016-08-02T23:36:58+02:00"},{"@type":"WebSite","@id":"https:\/\/candas365.es\/noticias\/#website","url":"https:\/\/candas365.es\/noticias\/","name":"Cand\u00e1s 365","alternateName":"Cand\u00e1s 365 Noticias","description":"Actualidad desde Carre\u00f1o para el mundo","inLanguage":"es-ES","publisher":{"@id":"https:\/\/candas365.es\/noticias\/#organization"}}]},"og:locale":"es_ES","og:site_name":"Cand\u00e1s 365","og:type":"article","og:title":"El Manchester City ficha al alem\u00e1n Leroy San\u00e9 | Cand\u00e1s 365","og:description":"Manchester\/Gelsenkirchen, 2 ago (dpa) - El futbolista alem\u00e1n Leroy San\u00e9, del Schalke, jugar\u00e1 a partir de la pr\u00f3xima temporada a las \u00f3rdenes del espa\u00f1ol Josep Guardiola en el Manchester City, anunciaron hoy los dos clubes. &quot;Leroy San\u00e9 se va al Manchester City. Gracias y te deseamos todo lo mejor, Leroy&quot;, escribi\u00f3 el club alem\u00e1n en","og:url":"https:\/\/candas365.es\/noticias\/el-manchester-city-ficha-al-aleman-leroy-sane\/","og:image":"https:\/\/candas365.es\/noticias\/wp-content\/uploads\/2015\/09\/c365noticias.jpg","og:image:secure_url":"https:\/\/candas365.es\/noticias\/wp-content\/uploads\/2015\/09\/c365noticias.jpg","og:image:width":655,"og:image:height":360,"article:published_time":"2016-08-02T22:06:58+00:00","article:modified_time":"2016-08-02T22:06:58+00:00","article:publisher":"https:\/\/www.facebook.com\/Nachofdezber","article:author":"https:\/\/www.facebook.com\/carrenoactualidad","twitter:card":"summary_large_image","twitter:site":"@NabercoDigital","twitter:title":"El Manchester City ficha al alem\u00e1n Leroy San\u00e9 | Cand\u00e1s 365","twitter:description":"Manchester\/Gelsenkirchen, 2 ago (dpa) - El futbolista alem\u00e1n Leroy San\u00e9, del Schalke, jugar\u00e1 a partir de la pr\u00f3xima temporada a las \u00f3rdenes del espa\u00f1ol Josep Guardiola en el Manchester City, anunciaron hoy los dos clubes. &quot;Leroy San\u00e9 se va al Manchester City. Gracias y te deseamos todo lo mejor, Leroy&quot;, escribi\u00f3 el club alem\u00e1n en","twitter:creator":"@nbasturias","twitter:image":"https:\/\/candas365.es\/noticias\/wp-content\/uploads\/2015\/09\/c365noticias.jpg","twitter:label1":"Escrito por","twitter:data1":"Cand\u00e1s 365","twitter:label2":"Tiempo de lectura estimado","twitter:data2":"2 minutos"},"aioseo_meta_data":{"post_id":"33123","title":null,"description":null,"keywords":null,"keyphrases":null,"primary_term":null,"canonical_url":null,"og_title":null,"og_description":null,"og_object_type":"default","og_image_type":"default","og_image_url":null,"og_image_width":null,"og_image_height":null,"og_image_custom_url":null,"og_image_custom_fields":null,"og_video":null,"og_custom_url":null,"og_article_section":null,"og_article_tags":null,"twitter_use_og":false,"twitter_card":"default","twitter_image_type":"default","twitter_image_url":null,"twitter_image_custom_url":null,"twitter_image_custom_fields":null,"twitter_title":null,"twitter_description":null,"schema":{"blockGraphs":[],"customGraphs":[],"default":{"data":{"Article":[],"Course":[],"Dataset":[],"FAQPage":[],"Movie":[],"Person":[],"Product":[],"ProductReview":[],"Car":[],"Recipe":[],"Service":[],"SoftwareApplication":[],"WebPage":[]},"graphName":"","isEnabled":true},"graphs":[],"defaultGraph":"","defaultPostTypeGraph":""},"schema_type":null,"schema_type_options":null,"pillar_content":false,"robots_default":true,"robots_noindex":false,"robots_noarchive":false,"robots_nosnippet":false,"robots_nofollow":false,"robots_noimageindex":false,"robots_noodp":false,"robots_notranslate":false,"robots_max_snippet":null,"robots_max_videopreview":null,"robots_max_imagepreview":"large","priority":null,"frequency":null,"location":null,"local_seo":null,"seo_analyzer_scan_date":"2025-08-24 16:26:11","breadcrumb_settings":null,"limit_modified_date":false,"reviewed_by":null,"open_ai":null,"ai":null,"created":"2020-12-21 13:06:03","updated":"2025-08-24 16:26:11"},"aioseo_breadcrumb":"<div class=\"aioseo-breadcrumbs\"><span class=\"aioseo-breadcrumb\">\n\t<a href=\"https:\/\/candas365.es\/noticias\" title=\"Home\">Home<\/a>\n<\/span><span class=\"aioseo-breadcrumb-separator\">&ndash;<\/span><span class=\"aioseo-breadcrumb\">\n\t<a href=\"https:\/\/candas365.es\/noticias\/category\/actualidad\/\" title=\"Actualidad\">Actualidad<\/a>\n<\/span><span class=\"aioseo-breadcrumb-separator\">&ndash;<\/span><span class=\"aioseo-breadcrumb\">\n\tEl Manchester City ficha al alem\u00e1n Leroy San\u00e9\n<\/span><\/div>","aioseo_breadcrumb_json":[{"label":"Home","link":"https:\/\/candas365.es\/noticias"},{"label":"Actualidad","link":"https:\/\/candas365.es\/noticias\/category\/actualidad\/"},{"label":"El Manchester City ficha al alem\u00e1n Leroy San\u00e9","link":"https:\/\/candas365.es\/noticias\/el-manchester-city-ficha-al-aleman-leroy-sane\/"}],"_links":{"self":[{"href":"https:\/\/candas365.es\/noticias\/wp-json\/wp\/v2\/posts\/33123","targetHints":{"allow":["GET"]}}],"collection":[{"href":"https:\/\/candas365.es\/noticias\/wp-json\/wp\/v2\/posts"}],"about":[{"href":"https:\/\/candas365.es\/noticias\/wp-json\/wp\/v2\/types\/post"}],"author":[{"embeddable":true,"href":"https:\/\/candas365.es\/noticias\/wp-json\/wp\/v2\/users\/1"}],"replies":[{"embeddable":true,"href":"https:\/\/candas365.es\/noticias\/wp-json\/wp\/v2\/comments?post=33123"}],"version-history":[{"count":0,"href":"https:\/\/candas365.es\/noticias\/wp-json\/wp\/v2\/posts\/33123\/revisions"}],"wp:featuredmedia":[{"embeddable":true,"href":"https:\/\/candas365.es\/noticias\/wp-json\/wp\/v2\/media\/16457"}],"wp:attachment":[{"href":"https:\/\/candas365.es\/noticias\/wp-json\/wp\/v2\/media?parent=33123"}],"wp:term":[{"taxonomy":"category","embeddable":true,"href":"https:\/\/candas365.es\/noticias\/wp-json\/wp\/v2\/categories?post=33123"},{"taxonomy":"post_tag","embeddable":true,"href":"https:\/\/candas365.es\/noticias\/wp-json\/wp\/v2\/tags?post=33123"}],"curies":[{"name":"wp","href":"https:\/\/api.w.org\/{rel}","templated":true}]}}