{"id":33120,"date":"2016-08-02T23:35:25","date_gmt":"2016-08-02T22:05:25","guid":{"rendered":"http:\/\/candas365.es\/noticias\/?p=33120"},"modified":"2016-08-02T23:35:59","modified_gmt":"2016-08-02T22:05:59","slug":"commerzbank-revisa-a-la-baja-objetivos-anuales-tras-caida-beneficios","status":"publish","type":"post","link":"https:\/\/candas365.es\/noticias\/commerzbank-revisa-a-la-baja-objetivos-anuales-tras-caida-beneficios\/","title":{"rendered":"Commerzbank revisa a la baja objetivos anuales tras ca\u00edda beneficios"},"content":{"rendered":"<p>Fr\u00e1ncfort, 2 ago (dpa) &#8211; El Commerzbank revis\u00f3 hoy a la baja sus objetivos para 2016 tras registrar un menor beneficio en los \u00faltimos seis meses respecto al a\u00f1o anterior, inform\u00f3 el banco alem\u00e1n.<\/p>\n<p>El segundo mayor banco de Alemania vio reducido el beneficio neto atribuido a los accionistas en el primer semestre del a\u00f1o hasta los 372 millones de euros, lo que supone un 42,3 por ciento menos que el a\u00f1o anterior. El beneficio operativo cay\u00f3 en los seis primeros meses del a\u00f1o un 43,5 por ciento, a 615 millones de euros.<\/p>\n<p>Junto con estos resultados, el banco lucha, sobre todo, contra los bajos tipos de inter\u00e9s y la inseguridad reinante en los mercados de capital.<\/p>\n<p>\u00abLos bajos tipos de inter\u00e9s y la continua reserva de los clientes continuar\u00e1n lastrando el beneficio a pesar del crecimiento\u00bb, inform\u00f3 el banco. \u00abPor ello esperamos para el conjunto de 2016 un resultado operativo y un resultado del grupo por debajo del nivel del a\u00f1o anterior\u00bb, agreg\u00f3.<\/p>\n<p>Anteriormente el banco hab\u00eda esperado a\u00fan volver a repetir un beneficio neto de cerca de 1.000 millones de euros como el del a\u00f1o anterior. Sin embargo, este objetivo se ha mostrado \u00abambicioso\u00bb, se\u00f1al\u00f3 el Commerzbank.<\/p>\n<p>Al mismo tiempo, las provisiones para cr\u00e9ditos morosos tambi\u00e9n bajaron en el primer semestre hasta los 335 millones de euros, un 23,5 por menos que el mismo periodo de 2015. La buena situaci\u00f3n de la econom\u00eda en Alemania ayud\u00f3 a ello. No obstante, el banco ha dispuesto elevar pronto de nuevo sus reservas para hacer frente a posibles impagos de cr\u00e9ditos.<\/p>\n<p>&nbsp;<\/p>\n","protected":false},"excerpt":{"rendered":"<p>Fr\u00e1ncfort, 2 ago (dpa) &#8211; El Commerzbank revis\u00f3 hoy a la baja sus objetivos para 2016 tras registrar un menor beneficio en los \u00faltimos seis meses respecto al a\u00f1o anterior, inform\u00f3 el banco alem\u00e1n. El segundo mayor banco de Alemania vio reducido el beneficio neto atribuido a los accionistas en el primer semestre del a\u00f1o<\/p>\n","protected":false},"author":1,"featured_media":16457,"comment_status":"closed","ping_status":"closed","sticky":false,"template":"","format":"standard","meta":{"footnotes":""},"categories":[343],"tags":[],"class_list":{"0":"post-33120","1":"post","2":"type-post","3":"status-publish","4":"format-standard","5":"has-post-thumbnail","7":"category-actualidad"},"aioseo_notices":[],"aioseo_head":"\n\t\t<!-- All in One SEO Pro 4.9.6.2 - aioseo.com -->\n\t<meta name=\"description\" content=\"Fr\u00e1ncfort, 2 ago (dpa) - El Commerzbank revis\u00f3 hoy a la baja sus objetivos para 2016 tras registrar un menor beneficio en los \u00faltimos seis meses respecto al a\u00f1o anterior, inform\u00f3 el banco alem\u00e1n. El segundo mayor banco de Alemania vio reducido el beneficio neto atribuido a los accionistas en el primer semestre del a\u00f1o\" \/>\n\t<meta name=\"robots\" content=\"max-image-preview:large\" \/>\n\t<meta name=\"author\" content=\"Cand\u00e1s 365\"\/>\n\t<meta name=\"google-site-verification\" content=\"UA-32230408-1\" \/>\n\t<meta name=\"msvalidate.01\" content=\"354F3CDFB2DA171B47FBE9ABF1F88D5\" \/>\n\t<meta name=\"keywords\" content=\"actualidad\" \/>\n\t<link rel=\"canonical\" href=\"https:\/\/candas365.es\/noticias\/commerzbank-revisa-a-la-baja-objetivos-anuales-tras-caida-beneficios\/\" \/>\n\t<meta name=\"generator\" content=\"All in One SEO Pro (AIOSEO) 4.9.6.2\" \/>\n\t\t<meta property=\"og:locale\" content=\"es_ES\" \/>\n\t\t<meta property=\"og:site_name\" content=\"Cand\u00e1s 365\" \/>\n\t\t<meta property=\"og:type\" content=\"article\" \/>\n\t\t<meta property=\"og:title\" content=\"Commerzbank revisa a la baja objetivos anuales tras ca\u00edda beneficios | Cand\u00e1s 365\" \/>\n\t\t<meta property=\"og:description\" content=\"Fr\u00e1ncfort, 2 ago (dpa) - El Commerzbank revis\u00f3 hoy a la baja sus objetivos para 2016 tras registrar un menor beneficio en los \u00faltimos seis meses respecto al a\u00f1o anterior, inform\u00f3 el banco alem\u00e1n. El segundo mayor banco de Alemania vio reducido el beneficio neto atribuido a los accionistas en el primer semestre del a\u00f1o\" \/>\n\t\t<meta property=\"og:url\" content=\"https:\/\/candas365.es\/noticias\/commerzbank-revisa-a-la-baja-objetivos-anuales-tras-caida-beneficios\/\" \/>\n\t\t<meta property=\"og:image\" content=\"https:\/\/candas365.es\/noticias\/wp-content\/uploads\/2015\/09\/c365noticias.jpg\" \/>\n\t\t<meta property=\"og:image:secure_url\" content=\"https:\/\/candas365.es\/noticias\/wp-content\/uploads\/2015\/09\/c365noticias.jpg\" \/>\n\t\t<meta property=\"og:image:width\" content=\"655\" \/>\n\t\t<meta property=\"og:image:height\" content=\"360\" \/>\n\t\t<meta property=\"article:published_time\" content=\"2016-08-02T22:05:25+00:00\" \/>\n\t\t<meta property=\"article:modified_time\" content=\"2016-08-02T22:05:59+00:00\" \/>\n\t\t<meta property=\"article:publisher\" content=\"https:\/\/www.facebook.com\/Nachofdezber\" \/>\n\t\t<meta property=\"article:author\" content=\"https:\/\/www.facebook.com\/carrenoactualidad\" \/>\n\t\t<meta name=\"twitter:card\" content=\"summary_large_image\" \/>\n\t\t<meta name=\"twitter:site\" content=\"@NabercoDigital\" \/>\n\t\t<meta name=\"twitter:title\" content=\"Commerzbank revisa a la baja objetivos anuales tras ca\u00edda beneficios | Cand\u00e1s 365\" \/>\n\t\t<meta name=\"twitter:description\" content=\"Fr\u00e1ncfort, 2 ago (dpa) - El Commerzbank revis\u00f3 hoy a la baja sus objetivos para 2016 tras registrar un menor beneficio en los \u00faltimos seis meses respecto al a\u00f1o anterior, inform\u00f3 el banco alem\u00e1n. El segundo mayor banco de Alemania vio reducido el beneficio neto atribuido a los accionistas en el primer semestre del a\u00f1o\" \/>\n\t\t<meta name=\"twitter:creator\" content=\"@nbasturias\" \/>\n\t\t<meta name=\"twitter:image\" content=\"https:\/\/candas365.es\/noticias\/wp-content\/uploads\/2015\/09\/c365noticias.jpg\" \/>\n\t\t<meta name=\"twitter:label1\" content=\"Escrito por\" \/>\n\t\t<meta name=\"twitter:data1\" content=\"Cand\u00e1s 365\" \/>\n\t\t<meta name=\"twitter:label2\" content=\"Tiempo de lectura estimado\" \/>\n\t\t<meta name=\"twitter:data2\" content=\"1 minuto\" \/>\n\t\t<script type=\"application\/ld+json\" class=\"aioseo-schema\">\n\t\t\t{\"@context\":\"https:\\\/\\\/schema.org\",\"@graph\":[{\"@type\":\"BreadcrumbList\",\"@id\":\"https:\\\/\\\/candas365.es\\\/noticias\\\/commerzbank-revisa-a-la-baja-objetivos-anuales-tras-caida-beneficios\\\/#breadcrumblist\",\"itemListElement\":[{\"@type\":\"ListItem\",\"@id\":\"https:\\\/\\\/candas365.es\\\/noticias#listItem\",\"position\":1,\"name\":\"Home\",\"item\":\"https:\\\/\\\/candas365.es\\\/noticias\",\"nextItem\":{\"@type\":\"ListItem\",\"@id\":\"https:\\\/\\\/candas365.es\\\/noticias\\\/category\\\/actualidad\\\/#listItem\",\"name\":\"Actualidad\"}},{\"@type\":\"ListItem\",\"@id\":\"https:\\\/\\\/candas365.es\\\/noticias\\\/category\\\/actualidad\\\/#listItem\",\"position\":2,\"name\":\"Actualidad\",\"item\":\"https:\\\/\\\/candas365.es\\\/noticias\\\/category\\\/actualidad\\\/\",\"nextItem\":{\"@type\":\"ListItem\",\"@id\":\"https:\\\/\\\/candas365.es\\\/noticias\\\/commerzbank-revisa-a-la-baja-objetivos-anuales-tras-caida-beneficios\\\/#listItem\",\"name\":\"Commerzbank revisa a la baja objetivos anuales tras ca\\u00edda beneficios\"},\"previousItem\":{\"@type\":\"ListItem\",\"@id\":\"https:\\\/\\\/candas365.es\\\/noticias#listItem\",\"name\":\"Home\"}},{\"@type\":\"ListItem\",\"@id\":\"https:\\\/\\\/candas365.es\\\/noticias\\\/commerzbank-revisa-a-la-baja-objetivos-anuales-tras-caida-beneficios\\\/#listItem\",\"position\":3,\"name\":\"Commerzbank revisa a la baja objetivos anuales tras ca\\u00edda beneficios\",\"previousItem\":{\"@type\":\"ListItem\",\"@id\":\"https:\\\/\\\/candas365.es\\\/noticias\\\/category\\\/actualidad\\\/#listItem\",\"name\":\"Actualidad\"}}]},{\"@type\":\"NewsArticle\",\"@id\":\"https:\\\/\\\/candas365.es\\\/noticias\\\/commerzbank-revisa-a-la-baja-objetivos-anuales-tras-caida-beneficios\\\/#newsarticle\",\"name\":\"Commerzbank revisa a la baja objetivos anuales tras ca\\u00edda beneficios | Cand\\u00e1s 365\",\"headline\":\"Commerzbank revisa a la baja objetivos anuales tras ca\\u00edda beneficios\",\"author\":{\"@id\":\"https:\\\/\\\/candas365.es\\\/noticias\\\/author\\\/admin\\\/#author\"},\"publisher\":{\"@id\":\"https:\\\/\\\/candas365.es\\\/noticias\\\/#organization\"},\"image\":{\"@type\":\"ImageObject\",\"url\":\"https:\\\/\\\/candas365.es\\\/noticias\\\/wp-content\\\/uploads\\\/2015\\\/09\\\/c365noticias.jpg\",\"width\":655,\"height\":360},\"datePublished\":\"2016-08-02T23:35:25+02:00\",\"dateModified\":\"2016-08-02T23:35:59+02:00\",\"inLanguage\":\"es-ES\",\"mainEntityOfPage\":{\"@id\":\"https:\\\/\\\/candas365.es\\\/noticias\\\/commerzbank-revisa-a-la-baja-objetivos-anuales-tras-caida-beneficios\\\/#webpage\"},\"isPartOf\":{\"@id\":\"https:\\\/\\\/candas365.es\\\/noticias\\\/commerzbank-revisa-a-la-baja-objetivos-anuales-tras-caida-beneficios\\\/#webpage\"},\"articleSection\":\"Actualidad\",\"dateline\":\"Publicado el agosto 2, 2016.\"},{\"@type\":\"Organization\",\"@id\":\"https:\\\/\\\/candas365.es\\\/noticias\\\/#organization\",\"name\":\"Cand\\u00e1s 365\",\"description\":\"Cand\\u00e1s 365 es un diario digital independiente, fundado en 2012, con base en Asturias. Informamos con rigor sobre actualidad, sociedad, cultura y ocio, con una mirada local y global.\",\"url\":\"https:\\\/\\\/candas365.es\\\/noticias\\\/\",\"email\":\"info@candas365.es\",\"telephone\":\"+34652131393\",\"foundingDate\":\"2012-06-10\",\"logo\":{\"@type\":\"ImageObject\",\"url\":\"https:\\\/\\\/candas365.es\\\/noticias\\\/wp-content\\\/uploads\\\/2024\\\/09\\\/Candas-365-Redes.jpg\",\"@id\":\"https:\\\/\\\/candas365.es\\\/noticias\\\/commerzbank-revisa-a-la-baja-objetivos-anuales-tras-caida-beneficios\\\/#organizationLogo\",\"width\":1152,\"height\":864,\"caption\":\"Cand\\u00e1s 365 Redes\"},\"image\":{\"@id\":\"https:\\\/\\\/candas365.es\\\/noticias\\\/commerzbank-revisa-a-la-baja-objetivos-anuales-tras-caida-beneficios\\\/#organizationLogo\"},\"sameAs\":[\"https:\\\/\\\/www.facebook.com\\\/Nachofdezber\",\"https:\\\/\\\/x.com\\\/NabercoDigital\",\"https:\\\/\\\/www.instagram.com\\\/nachofdezber\\\/\",\"https:\\\/\\\/www.youtube.com\\\/channel\\\/UCZP-2wLEB9Rv6erhFmqVnvg\"],\"address\":{\"@id\":\"https:\\\/\\\/candas365.es\\\/noticias\\\/#postaladdress\",\"@type\":\"PostalAddress\",\"streetAddress\":\"san antonio 4, san antonio 4\",\"postalCode\":\"33430\",\"addressLocality\":\"Cand\\u00e1s\",\"addressRegion\":\"Asturias\",\"addressCountry\":\"ES\"}},{\"@type\":\"Person\",\"@id\":\"https:\\\/\\\/candas365.es\\\/noticias\\\/author\\\/admin\\\/#author\",\"url\":\"https:\\\/\\\/candas365.es\\\/noticias\\\/author\\\/admin\\\/\",\"name\":\"Cand\\u00e1s 365\",\"image\":{\"@type\":\"ImageObject\",\"@id\":\"https:\\\/\\\/candas365.es\\\/noticias\\\/commerzbank-revisa-a-la-baja-objetivos-anuales-tras-caida-beneficios\\\/#authorImage\",\"url\":\"https:\\\/\\\/secure.gravatar.com\\\/avatar\\\/496a8e03d0c493ede1718b7934145dbdf8d89be1036b0eec9544e1094c9de390?s=96&d=mm&r=g\",\"width\":96,\"height\":96,\"caption\":\"Cand\\u00e1s 365\"},\"sameAs\":[\"https:\\\/\\\/www.facebook.com\\\/carrenoactualidad\",\"https:\\\/\\\/twitter.com\\\/nbasturias\",\"https:\\\/\\\/www.instagram.com\\\/nachofdezber\\\/\",\"https:\\\/\\\/www.youtube.com\\\/channel\\\/UCZP-2wLEB9Rv6erhFmqVnvg\"]},{\"@type\":\"WebPage\",\"@id\":\"https:\\\/\\\/candas365.es\\\/noticias\\\/commerzbank-revisa-a-la-baja-objetivos-anuales-tras-caida-beneficios\\\/#webpage\",\"url\":\"https:\\\/\\\/candas365.es\\\/noticias\\\/commerzbank-revisa-a-la-baja-objetivos-anuales-tras-caida-beneficios\\\/\",\"name\":\"Commerzbank revisa a la baja objetivos anuales tras ca\\u00edda beneficios | Cand\\u00e1s 365\",\"description\":\"Fr\\u00e1ncfort, 2 ago (dpa) - El Commerzbank revis\\u00f3 hoy a la baja sus objetivos para 2016 tras registrar un menor beneficio en los \\u00faltimos seis meses respecto al a\\u00f1o anterior, inform\\u00f3 el banco alem\\u00e1n. El segundo mayor banco de Alemania vio reducido el beneficio neto atribuido a los accionistas en el primer semestre del a\\u00f1o\",\"inLanguage\":\"es-ES\",\"isPartOf\":{\"@id\":\"https:\\\/\\\/candas365.es\\\/noticias\\\/#website\"},\"breadcrumb\":{\"@id\":\"https:\\\/\\\/candas365.es\\\/noticias\\\/commerzbank-revisa-a-la-baja-objetivos-anuales-tras-caida-beneficios\\\/#breadcrumblist\"},\"author\":{\"@id\":\"https:\\\/\\\/candas365.es\\\/noticias\\\/author\\\/admin\\\/#author\"},\"creator\":{\"@id\":\"https:\\\/\\\/candas365.es\\\/noticias\\\/author\\\/admin\\\/#author\"},\"image\":{\"@type\":\"ImageObject\",\"url\":\"https:\\\/\\\/candas365.es\\\/noticias\\\/wp-content\\\/uploads\\\/2015\\\/09\\\/c365noticias.jpg\",\"@id\":\"https:\\\/\\\/candas365.es\\\/noticias\\\/commerzbank-revisa-a-la-baja-objetivos-anuales-tras-caida-beneficios\\\/#mainImage\",\"width\":655,\"height\":360},\"primaryImageOfPage\":{\"@id\":\"https:\\\/\\\/candas365.es\\\/noticias\\\/commerzbank-revisa-a-la-baja-objetivos-anuales-tras-caida-beneficios\\\/#mainImage\"},\"datePublished\":\"2016-08-02T23:35:25+02:00\",\"dateModified\":\"2016-08-02T23:35:59+02:00\"},{\"@type\":\"WebSite\",\"@id\":\"https:\\\/\\\/candas365.es\\\/noticias\\\/#website\",\"url\":\"https:\\\/\\\/candas365.es\\\/noticias\\\/\",\"name\":\"Cand\\u00e1s 365\",\"alternateName\":\"Cand\\u00e1s 365 Noticias\",\"description\":\"Actualidad desde Carre\\u00f1o para el mundo\",\"inLanguage\":\"es-ES\",\"publisher\":{\"@id\":\"https:\\\/\\\/candas365.es\\\/noticias\\\/#organization\"}}]}\n\t\t<\/script>\n\t\t<!-- All in One SEO Pro -->\r\n\t\t<title>Commerzbank revisa a la baja objetivos anuales tras ca\u00edda beneficios | Cand\u00e1s 365<\/title>\n\n","aioseo_head_json":{"title":"Commerzbank revisa a la baja objetivos anuales tras ca\u00edda beneficios | Cand\u00e1s 365","description":"Fr\u00e1ncfort, 2 ago (dpa) - El Commerzbank revis\u00f3 hoy a la baja sus objetivos para 2016 tras registrar un menor beneficio en los \u00faltimos seis meses respecto al a\u00f1o anterior, inform\u00f3 el banco alem\u00e1n. El segundo mayor banco de Alemania vio reducido el beneficio neto atribuido a los accionistas en el primer semestre del a\u00f1o","canonical_url":"https:\/\/candas365.es\/noticias\/commerzbank-revisa-a-la-baja-objetivos-anuales-tras-caida-beneficios\/","robots":"max-image-preview:large","keywords":"actualidad","webmasterTools":{"google-site-verification":"UA-32230408-1","msvalidate.01":"354F3CDFB2DA171B47FBE9ABF1F88D5","miscellaneous":""},"schema":{"@context":"https:\/\/schema.org","@graph":[{"@type":"BreadcrumbList","@id":"https:\/\/candas365.es\/noticias\/commerzbank-revisa-a-la-baja-objetivos-anuales-tras-caida-beneficios\/#breadcrumblist","itemListElement":[{"@type":"ListItem","@id":"https:\/\/candas365.es\/noticias#listItem","position":1,"name":"Home","item":"https:\/\/candas365.es\/noticias","nextItem":{"@type":"ListItem","@id":"https:\/\/candas365.es\/noticias\/category\/actualidad\/#listItem","name":"Actualidad"}},{"@type":"ListItem","@id":"https:\/\/candas365.es\/noticias\/category\/actualidad\/#listItem","position":2,"name":"Actualidad","item":"https:\/\/candas365.es\/noticias\/category\/actualidad\/","nextItem":{"@type":"ListItem","@id":"https:\/\/candas365.es\/noticias\/commerzbank-revisa-a-la-baja-objetivos-anuales-tras-caida-beneficios\/#listItem","name":"Commerzbank revisa a la baja objetivos anuales tras ca\u00edda beneficios"},"previousItem":{"@type":"ListItem","@id":"https:\/\/candas365.es\/noticias#listItem","name":"Home"}},{"@type":"ListItem","@id":"https:\/\/candas365.es\/noticias\/commerzbank-revisa-a-la-baja-objetivos-anuales-tras-caida-beneficios\/#listItem","position":3,"name":"Commerzbank revisa a la baja objetivos anuales tras ca\u00edda beneficios","previousItem":{"@type":"ListItem","@id":"https:\/\/candas365.es\/noticias\/category\/actualidad\/#listItem","name":"Actualidad"}}]},{"@type":"NewsArticle","@id":"https:\/\/candas365.es\/noticias\/commerzbank-revisa-a-la-baja-objetivos-anuales-tras-caida-beneficios\/#newsarticle","name":"Commerzbank revisa a la baja objetivos anuales tras ca\u00edda beneficios | Cand\u00e1s 365","headline":"Commerzbank revisa a la baja objetivos anuales tras ca\u00edda beneficios","author":{"@id":"https:\/\/candas365.es\/noticias\/author\/admin\/#author"},"publisher":{"@id":"https:\/\/candas365.es\/noticias\/#organization"},"image":{"@type":"ImageObject","url":"https:\/\/candas365.es\/noticias\/wp-content\/uploads\/2015\/09\/c365noticias.jpg","width":655,"height":360},"datePublished":"2016-08-02T23:35:25+02:00","dateModified":"2016-08-02T23:35:59+02:00","inLanguage":"es-ES","mainEntityOfPage":{"@id":"https:\/\/candas365.es\/noticias\/commerzbank-revisa-a-la-baja-objetivos-anuales-tras-caida-beneficios\/#webpage"},"isPartOf":{"@id":"https:\/\/candas365.es\/noticias\/commerzbank-revisa-a-la-baja-objetivos-anuales-tras-caida-beneficios\/#webpage"},"articleSection":"Actualidad","dateline":"Publicado el agosto 2, 2016."},{"@type":"Organization","@id":"https:\/\/candas365.es\/noticias\/#organization","name":"Cand\u00e1s 365","description":"Cand\u00e1s 365 es un diario digital independiente, fundado en 2012, con base en Asturias. Informamos con rigor sobre actualidad, sociedad, cultura y ocio, con una mirada local y global.","url":"https:\/\/candas365.es\/noticias\/","email":"info@candas365.es","telephone":"+34652131393","foundingDate":"2012-06-10","logo":{"@type":"ImageObject","url":"https:\/\/candas365.es\/noticias\/wp-content\/uploads\/2024\/09\/Candas-365-Redes.jpg","@id":"https:\/\/candas365.es\/noticias\/commerzbank-revisa-a-la-baja-objetivos-anuales-tras-caida-beneficios\/#organizationLogo","width":1152,"height":864,"caption":"Cand\u00e1s 365 Redes"},"image":{"@id":"https:\/\/candas365.es\/noticias\/commerzbank-revisa-a-la-baja-objetivos-anuales-tras-caida-beneficios\/#organizationLogo"},"sameAs":["https:\/\/www.facebook.com\/Nachofdezber","https:\/\/x.com\/NabercoDigital","https:\/\/www.instagram.com\/nachofdezber\/","https:\/\/www.youtube.com\/channel\/UCZP-2wLEB9Rv6erhFmqVnvg"],"address":{"@id":"https:\/\/candas365.es\/noticias\/#postaladdress","@type":"PostalAddress","streetAddress":"san antonio 4, san antonio 4","postalCode":"33430","addressLocality":"Cand\u00e1s","addressRegion":"Asturias","addressCountry":"ES"}},{"@type":"Person","@id":"https:\/\/candas365.es\/noticias\/author\/admin\/#author","url":"https:\/\/candas365.es\/noticias\/author\/admin\/","name":"Cand\u00e1s 365","image":{"@type":"ImageObject","@id":"https:\/\/candas365.es\/noticias\/commerzbank-revisa-a-la-baja-objetivos-anuales-tras-caida-beneficios\/#authorImage","url":"https:\/\/secure.gravatar.com\/avatar\/496a8e03d0c493ede1718b7934145dbdf8d89be1036b0eec9544e1094c9de390?s=96&d=mm&r=g","width":96,"height":96,"caption":"Cand\u00e1s 365"},"sameAs":["https:\/\/www.facebook.com\/carrenoactualidad","https:\/\/twitter.com\/nbasturias","https:\/\/www.instagram.com\/nachofdezber\/","https:\/\/www.youtube.com\/channel\/UCZP-2wLEB9Rv6erhFmqVnvg"]},{"@type":"WebPage","@id":"https:\/\/candas365.es\/noticias\/commerzbank-revisa-a-la-baja-objetivos-anuales-tras-caida-beneficios\/#webpage","url":"https:\/\/candas365.es\/noticias\/commerzbank-revisa-a-la-baja-objetivos-anuales-tras-caida-beneficios\/","name":"Commerzbank revisa a la baja objetivos anuales tras ca\u00edda beneficios | Cand\u00e1s 365","description":"Fr\u00e1ncfort, 2 ago (dpa) - El Commerzbank revis\u00f3 hoy a la baja sus objetivos para 2016 tras registrar un menor beneficio en los \u00faltimos seis meses respecto al a\u00f1o anterior, inform\u00f3 el banco alem\u00e1n. El segundo mayor banco de Alemania vio reducido el beneficio neto atribuido a los accionistas en el primer semestre del a\u00f1o","inLanguage":"es-ES","isPartOf":{"@id":"https:\/\/candas365.es\/noticias\/#website"},"breadcrumb":{"@id":"https:\/\/candas365.es\/noticias\/commerzbank-revisa-a-la-baja-objetivos-anuales-tras-caida-beneficios\/#breadcrumblist"},"author":{"@id":"https:\/\/candas365.es\/noticias\/author\/admin\/#author"},"creator":{"@id":"https:\/\/candas365.es\/noticias\/author\/admin\/#author"},"image":{"@type":"ImageObject","url":"https:\/\/candas365.es\/noticias\/wp-content\/uploads\/2015\/09\/c365noticias.jpg","@id":"https:\/\/candas365.es\/noticias\/commerzbank-revisa-a-la-baja-objetivos-anuales-tras-caida-beneficios\/#mainImage","width":655,"height":360},"primaryImageOfPage":{"@id":"https:\/\/candas365.es\/noticias\/commerzbank-revisa-a-la-baja-objetivos-anuales-tras-caida-beneficios\/#mainImage"},"datePublished":"2016-08-02T23:35:25+02:00","dateModified":"2016-08-02T23:35:59+02:00"},{"@type":"WebSite","@id":"https:\/\/candas365.es\/noticias\/#website","url":"https:\/\/candas365.es\/noticias\/","name":"Cand\u00e1s 365","alternateName":"Cand\u00e1s 365 Noticias","description":"Actualidad desde Carre\u00f1o para el mundo","inLanguage":"es-ES","publisher":{"@id":"https:\/\/candas365.es\/noticias\/#organization"}}]},"og:locale":"es_ES","og:site_name":"Cand\u00e1s 365","og:type":"article","og:title":"Commerzbank revisa a la baja objetivos anuales tras ca\u00edda beneficios | Cand\u00e1s 365","og:description":"Fr\u00e1ncfort, 2 ago (dpa) - El Commerzbank revis\u00f3 hoy a la baja sus objetivos para 2016 tras registrar un menor beneficio en los \u00faltimos seis meses respecto al a\u00f1o anterior, inform\u00f3 el banco alem\u00e1n. El segundo mayor banco de Alemania vio reducido el beneficio neto atribuido a los accionistas en el primer semestre del a\u00f1o","og:url":"https:\/\/candas365.es\/noticias\/commerzbank-revisa-a-la-baja-objetivos-anuales-tras-caida-beneficios\/","og:image":"https:\/\/candas365.es\/noticias\/wp-content\/uploads\/2015\/09\/c365noticias.jpg","og:image:secure_url":"https:\/\/candas365.es\/noticias\/wp-content\/uploads\/2015\/09\/c365noticias.jpg","og:image:width":655,"og:image:height":360,"article:published_time":"2016-08-02T22:05:25+00:00","article:modified_time":"2016-08-02T22:05:59+00:00","article:publisher":"https:\/\/www.facebook.com\/Nachofdezber","article:author":"https:\/\/www.facebook.com\/carrenoactualidad","twitter:card":"summary_large_image","twitter:site":"@NabercoDigital","twitter:title":"Commerzbank revisa a la baja objetivos anuales tras ca\u00edda beneficios | Cand\u00e1s 365","twitter:description":"Fr\u00e1ncfort, 2 ago (dpa) - El Commerzbank revis\u00f3 hoy a la baja sus objetivos para 2016 tras registrar un menor beneficio en los \u00faltimos seis meses respecto al a\u00f1o anterior, inform\u00f3 el banco alem\u00e1n. El segundo mayor banco de Alemania vio reducido el beneficio neto atribuido a los accionistas en el primer semestre del a\u00f1o","twitter:creator":"@nbasturias","twitter:image":"https:\/\/candas365.es\/noticias\/wp-content\/uploads\/2015\/09\/c365noticias.jpg","twitter:label1":"Escrito por","twitter:data1":"Cand\u00e1s 365","twitter:label2":"Tiempo de lectura estimado","twitter:data2":"1 minuto"},"aioseo_meta_data":{"post_id":"33120","title":null,"description":null,"keywords":null,"keyphrases":null,"primary_term":null,"canonical_url":null,"og_title":null,"og_description":null,"og_object_type":"default","og_image_type":"default","og_image_url":null,"og_image_width":null,"og_image_height":null,"og_image_custom_url":null,"og_image_custom_fields":null,"og_video":null,"og_custom_url":null,"og_article_section":null,"og_article_tags":null,"twitter_use_og":false,"twitter_card":"default","twitter_image_type":"default","twitter_image_url":null,"twitter_image_custom_url":null,"twitter_image_custom_fields":null,"twitter_title":null,"twitter_description":null,"schema":{"blockGraphs":[],"customGraphs":[],"default":{"data":{"Article":[],"Course":[],"Dataset":[],"FAQPage":[],"Movie":[],"Person":[],"Product":[],"ProductReview":[],"Car":[],"Recipe":[],"Service":[],"SoftwareApplication":[],"WebPage":[]},"graphName":"","isEnabled":true},"graphs":[],"defaultGraph":"","defaultPostTypeGraph":""},"schema_type":null,"schema_type_options":null,"pillar_content":false,"robots_default":true,"robots_noindex":false,"robots_noarchive":false,"robots_nosnippet":false,"robots_nofollow":false,"robots_noimageindex":false,"robots_noodp":false,"robots_notranslate":false,"robots_max_snippet":null,"robots_max_videopreview":null,"robots_max_imagepreview":"large","priority":null,"frequency":null,"location":null,"local_seo":null,"seo_analyzer_scan_date":"2025-08-24 16:26:10","breadcrumb_settings":null,"limit_modified_date":false,"reviewed_by":null,"open_ai":null,"ai":null,"created":"2020-12-21 13:06:03","updated":"2025-08-24 16:26:10"},"aioseo_breadcrumb":"<div class=\"aioseo-breadcrumbs\"><span class=\"aioseo-breadcrumb\">\n\t<a href=\"https:\/\/candas365.es\/noticias\" title=\"Home\">Home<\/a>\n<\/span><span class=\"aioseo-breadcrumb-separator\">&ndash;<\/span><span class=\"aioseo-breadcrumb\">\n\t<a href=\"https:\/\/candas365.es\/noticias\/category\/actualidad\/\" title=\"Actualidad\">Actualidad<\/a>\n<\/span><span class=\"aioseo-breadcrumb-separator\">&ndash;<\/span><span class=\"aioseo-breadcrumb\">\n\tCommerzbank revisa a la baja objetivos anuales tras ca\u00edda beneficios\n<\/span><\/div>","aioseo_breadcrumb_json":[{"label":"Home","link":"https:\/\/candas365.es\/noticias"},{"label":"Actualidad","link":"https:\/\/candas365.es\/noticias\/category\/actualidad\/"},{"label":"Commerzbank revisa a la baja objetivos anuales tras ca\u00edda beneficios","link":"https:\/\/candas365.es\/noticias\/commerzbank-revisa-a-la-baja-objetivos-anuales-tras-caida-beneficios\/"}],"_links":{"self":[{"href":"https:\/\/candas365.es\/noticias\/wp-json\/wp\/v2\/posts\/33120","targetHints":{"allow":["GET"]}}],"collection":[{"href":"https:\/\/candas365.es\/noticias\/wp-json\/wp\/v2\/posts"}],"about":[{"href":"https:\/\/candas365.es\/noticias\/wp-json\/wp\/v2\/types\/post"}],"author":[{"embeddable":true,"href":"https:\/\/candas365.es\/noticias\/wp-json\/wp\/v2\/users\/1"}],"replies":[{"embeddable":true,"href":"https:\/\/candas365.es\/noticias\/wp-json\/wp\/v2\/comments?post=33120"}],"version-history":[{"count":0,"href":"https:\/\/candas365.es\/noticias\/wp-json\/wp\/v2\/posts\/33120\/revisions"}],"wp:featuredmedia":[{"embeddable":true,"href":"https:\/\/candas365.es\/noticias\/wp-json\/wp\/v2\/media\/16457"}],"wp:attachment":[{"href":"https:\/\/candas365.es\/noticias\/wp-json\/wp\/v2\/media?parent=33120"}],"wp:term":[{"taxonomy":"category","embeddable":true,"href":"https:\/\/candas365.es\/noticias\/wp-json\/wp\/v2\/categories?post=33120"},{"taxonomy":"post_tag","embeddable":true,"href":"https:\/\/candas365.es\/noticias\/wp-json\/wp\/v2\/tags?post=33120"}],"curies":[{"name":"wp","href":"https:\/\/api.w.org\/{rel}","templated":true}]}}