{"id":33116,"date":"2016-08-02T23:32:56","date_gmt":"2016-08-02T22:02:56","guid":{"rendered":"http:\/\/candas365.es\/noticias\/?p=33116"},"modified":"2016-08-02T23:32:56","modified_gmt":"2016-08-02T22:02:56","slug":"ministro-aleman-rree-insiste-turquia-debe-cumplir-las-condiciones","status":"publish","type":"post","link":"https:\/\/candas365.es\/noticias\/ministro-aleman-rree-insiste-turquia-debe-cumplir-las-condiciones\/","title":{"rendered":"Ministro alem\u00e1n RREE insiste: Turqu\u00eda debe cumplir las condiciones"},"content":{"rendered":"<p>Berl\u00edn, 2 ago (dpa) &#8211; El ministro alem\u00e1n de Exteriores, Frank-Walter Steinmeier, insisti\u00f3 hoy en su intenci\u00f3n de hablar con Turqu\u00eda sobre la exenci\u00f3n de visado una vez que el Gobierno cumpla con todas las condiciones para ello, seg\u00fan unas declaraciones publicadas hoy en el diario alem\u00e1n \u00abRheinische Post\u00bb.<\/p>\n<p>\u00abExisten condiciones para la eliminaci\u00f3n de visado y \u00e9stas son conocidas por todas las partes\u00bb, afirm\u00f3 el pol\u00edtico socialdem\u00f3crata (SPD).<\/p>\n<p>Turqu\u00eda se comprometi\u00f3 a dar los pasos necesarios para cumplir con estas condiciones, record\u00f3. \u00abSin embargo, hasta el momento no ha sido el caso y Turqu\u00eda tiene a\u00fan trabajo por delante\u00bb, agreg\u00f3.<\/p>\n<p>La Comisi\u00f3n de la Uni\u00f3n Europea no ha levantado a\u00fan la obligaci\u00f3n de visado para los ciudadanos turcos, ya que Ankara no ha cumplido todas las 72 condiciones fijadas, entre las que se encuentra la reforma de la ley antiterrorista.<\/p>\n<p>El Gobierno turco amenaz\u00f3 a la UE con poner fin al acuerdo sobre los refugiados si no se elimina pr\u00f3ximamente la obligaci\u00f3n de visado para los turcos.<\/p>\n<p>A pesar de que las relaciones de Turqu\u00eda con Alemania y Bruselas no atraviesan su mejor momento, Steinmeier abog\u00f3 por no romper las conversaciones de adhesi\u00f3n a la UE. \u00abAcabar con las relaciones es el peor medio de la pol\u00edtica imaginable\u00bb, declar\u00f3. No obstante, si Turqu\u00eda reintroduce la pena de muerte, esto tendr\u00eda influencia en las negociaciones. \u00abNo ser\u00eda compatible con los valores europeos\u00bb, advirti\u00f3 el jefe de la diplomacia alemana.<\/p>\n<p>&nbsp;<\/p>\n","protected":false},"excerpt":{"rendered":"<p>Berl\u00edn, 2 ago (dpa) &#8211; El ministro alem\u00e1n de Exteriores, Frank-Walter Steinmeier, insisti\u00f3 hoy en su intenci\u00f3n de hablar con Turqu\u00eda sobre la exenci\u00f3n de visado una vez que el Gobierno cumpla con todas las condiciones para ello, seg\u00fan unas declaraciones publicadas hoy en el diario alem\u00e1n \u00abRheinische Post\u00bb. \u00abExisten condiciones para la eliminaci\u00f3n de<\/p>\n","protected":false},"author":1,"featured_media":16457,"comment_status":"closed","ping_status":"closed","sticky":false,"template":"","format":"standard","meta":{"footnotes":""},"categories":[343],"tags":[],"class_list":{"0":"post-33116","1":"post","2":"type-post","3":"status-publish","4":"format-standard","5":"has-post-thumbnail","7":"category-actualidad"},"aioseo_notices":[],"aioseo_head":"\n\t\t<!-- All in One SEO Pro 4.9.6.2 - aioseo.com -->\n\t<meta name=\"description\" content=\"Berl\u00edn, 2 ago (dpa) - El ministro alem\u00e1n de Exteriores, Frank-Walter Steinmeier, insisti\u00f3 hoy en su intenci\u00f3n de hablar con Turqu\u00eda sobre la exenci\u00f3n de visado una vez que el Gobierno cumpla con todas las condiciones para ello, seg\u00fan unas declaraciones publicadas hoy en el diario alem\u00e1n &quot;Rheinische Post&quot;. &quot;Existen condiciones para la eliminaci\u00f3n de\" \/>\n\t<meta name=\"robots\" content=\"max-image-preview:large\" \/>\n\t<meta name=\"author\" content=\"Cand\u00e1s 365\"\/>\n\t<meta name=\"google-site-verification\" content=\"UA-32230408-1\" \/>\n\t<meta name=\"msvalidate.01\" content=\"354F3CDFB2DA171B47FBE9ABF1F88D5\" \/>\n\t<meta name=\"keywords\" content=\"actualidad\" \/>\n\t<link rel=\"canonical\" href=\"https:\/\/candas365.es\/noticias\/ministro-aleman-rree-insiste-turquia-debe-cumplir-las-condiciones\/\" \/>\n\t<meta name=\"generator\" content=\"All in One SEO Pro (AIOSEO) 4.9.6.2\" \/>\n\t\t<meta property=\"og:locale\" content=\"es_ES\" \/>\n\t\t<meta property=\"og:site_name\" content=\"Cand\u00e1s 365\" \/>\n\t\t<meta property=\"og:type\" content=\"article\" \/>\n\t\t<meta property=\"og:title\" content=\"Ministro alem\u00e1n RREE insiste: Turqu\u00eda debe cumplir las condiciones | Cand\u00e1s 365\" \/>\n\t\t<meta property=\"og:description\" content=\"Berl\u00edn, 2 ago (dpa) - El ministro alem\u00e1n de Exteriores, Frank-Walter Steinmeier, insisti\u00f3 hoy en su intenci\u00f3n de hablar con Turqu\u00eda sobre la exenci\u00f3n de visado una vez que el Gobierno cumpla con todas las condiciones para ello, seg\u00fan unas declaraciones publicadas hoy en el diario alem\u00e1n &quot;Rheinische Post&quot;. &quot;Existen condiciones para la eliminaci\u00f3n de\" \/>\n\t\t<meta property=\"og:url\" content=\"https:\/\/candas365.es\/noticias\/ministro-aleman-rree-insiste-turquia-debe-cumplir-las-condiciones\/\" \/>\n\t\t<meta property=\"og:image\" content=\"https:\/\/candas365.es\/noticias\/wp-content\/uploads\/2015\/09\/c365noticias.jpg\" \/>\n\t\t<meta property=\"og:image:secure_url\" content=\"https:\/\/candas365.es\/noticias\/wp-content\/uploads\/2015\/09\/c365noticias.jpg\" \/>\n\t\t<meta property=\"og:image:width\" content=\"655\" \/>\n\t\t<meta property=\"og:image:height\" content=\"360\" \/>\n\t\t<meta property=\"article:published_time\" content=\"2016-08-02T22:02:56+00:00\" \/>\n\t\t<meta property=\"article:modified_time\" content=\"2016-08-02T22:02:56+00:00\" \/>\n\t\t<meta property=\"article:publisher\" content=\"https:\/\/www.facebook.com\/Nachofdezber\" \/>\n\t\t<meta property=\"article:author\" content=\"https:\/\/www.facebook.com\/carrenoactualidad\" \/>\n\t\t<meta name=\"twitter:card\" content=\"summary_large_image\" \/>\n\t\t<meta name=\"twitter:site\" content=\"@NabercoDigital\" \/>\n\t\t<meta name=\"twitter:title\" content=\"Ministro alem\u00e1n RREE insiste: Turqu\u00eda debe cumplir las condiciones | Cand\u00e1s 365\" \/>\n\t\t<meta name=\"twitter:description\" content=\"Berl\u00edn, 2 ago (dpa) - El ministro alem\u00e1n de Exteriores, Frank-Walter Steinmeier, insisti\u00f3 hoy en su intenci\u00f3n de hablar con Turqu\u00eda sobre la exenci\u00f3n de visado una vez que el Gobierno cumpla con todas las condiciones para ello, seg\u00fan unas declaraciones publicadas hoy en el diario alem\u00e1n &quot;Rheinische Post&quot;. &quot;Existen condiciones para la eliminaci\u00f3n de\" \/>\n\t\t<meta name=\"twitter:creator\" content=\"@nbasturias\" \/>\n\t\t<meta name=\"twitter:image\" content=\"https:\/\/candas365.es\/noticias\/wp-content\/uploads\/2015\/09\/c365noticias.jpg\" \/>\n\t\t<meta name=\"twitter:label1\" content=\"Escrito por\" \/>\n\t\t<meta name=\"twitter:data1\" content=\"Cand\u00e1s 365\" \/>\n\t\t<meta name=\"twitter:label2\" content=\"Tiempo de lectura estimado\" \/>\n\t\t<meta name=\"twitter:data2\" content=\"1 minuto\" \/>\n\t\t<script type=\"application\/ld+json\" class=\"aioseo-schema\">\n\t\t\t{\"@context\":\"https:\\\/\\\/schema.org\",\"@graph\":[{\"@type\":\"BreadcrumbList\",\"@id\":\"https:\\\/\\\/candas365.es\\\/noticias\\\/ministro-aleman-rree-insiste-turquia-debe-cumplir-las-condiciones\\\/#breadcrumblist\",\"itemListElement\":[{\"@type\":\"ListItem\",\"@id\":\"https:\\\/\\\/candas365.es\\\/noticias#listItem\",\"position\":1,\"name\":\"Home\",\"item\":\"https:\\\/\\\/candas365.es\\\/noticias\",\"nextItem\":{\"@type\":\"ListItem\",\"@id\":\"https:\\\/\\\/candas365.es\\\/noticias\\\/category\\\/actualidad\\\/#listItem\",\"name\":\"Actualidad\"}},{\"@type\":\"ListItem\",\"@id\":\"https:\\\/\\\/candas365.es\\\/noticias\\\/category\\\/actualidad\\\/#listItem\",\"position\":2,\"name\":\"Actualidad\",\"item\":\"https:\\\/\\\/candas365.es\\\/noticias\\\/category\\\/actualidad\\\/\",\"nextItem\":{\"@type\":\"ListItem\",\"@id\":\"https:\\\/\\\/candas365.es\\\/noticias\\\/ministro-aleman-rree-insiste-turquia-debe-cumplir-las-condiciones\\\/#listItem\",\"name\":\"Ministro alem\\u00e1n RREE insiste: Turqu\\u00eda debe cumplir las condiciones\"},\"previousItem\":{\"@type\":\"ListItem\",\"@id\":\"https:\\\/\\\/candas365.es\\\/noticias#listItem\",\"name\":\"Home\"}},{\"@type\":\"ListItem\",\"@id\":\"https:\\\/\\\/candas365.es\\\/noticias\\\/ministro-aleman-rree-insiste-turquia-debe-cumplir-las-condiciones\\\/#listItem\",\"position\":3,\"name\":\"Ministro alem\\u00e1n RREE insiste: Turqu\\u00eda debe cumplir las condiciones\",\"previousItem\":{\"@type\":\"ListItem\",\"@id\":\"https:\\\/\\\/candas365.es\\\/noticias\\\/category\\\/actualidad\\\/#listItem\",\"name\":\"Actualidad\"}}]},{\"@type\":\"NewsArticle\",\"@id\":\"https:\\\/\\\/candas365.es\\\/noticias\\\/ministro-aleman-rree-insiste-turquia-debe-cumplir-las-condiciones\\\/#newsarticle\",\"name\":\"Ministro alem\\u00e1n RREE insiste: Turqu\\u00eda debe cumplir las condiciones | Cand\\u00e1s 365\",\"headline\":\"Ministro alem\\u00e1n RREE insiste: Turqu\\u00eda debe cumplir las condiciones\",\"author\":{\"@id\":\"https:\\\/\\\/candas365.es\\\/noticias\\\/author\\\/admin\\\/#author\"},\"publisher\":{\"@id\":\"https:\\\/\\\/candas365.es\\\/noticias\\\/#organization\"},\"image\":{\"@type\":\"ImageObject\",\"url\":\"https:\\\/\\\/candas365.es\\\/noticias\\\/wp-content\\\/uploads\\\/2015\\\/09\\\/c365noticias.jpg\",\"width\":655,\"height\":360},\"datePublished\":\"2016-08-02T23:32:56+02:00\",\"dateModified\":\"2016-08-02T23:32:56+02:00\",\"inLanguage\":\"es-ES\",\"mainEntityOfPage\":{\"@id\":\"https:\\\/\\\/candas365.es\\\/noticias\\\/ministro-aleman-rree-insiste-turquia-debe-cumplir-las-condiciones\\\/#webpage\"},\"isPartOf\":{\"@id\":\"https:\\\/\\\/candas365.es\\\/noticias\\\/ministro-aleman-rree-insiste-turquia-debe-cumplir-las-condiciones\\\/#webpage\"},\"articleSection\":\"Actualidad\",\"dateline\":\"Publicado el agosto 2, 2016.\"},{\"@type\":\"Organization\",\"@id\":\"https:\\\/\\\/candas365.es\\\/noticias\\\/#organization\",\"name\":\"Cand\\u00e1s 365\",\"description\":\"Cand\\u00e1s 365 es un diario digital independiente, fundado en 2012, con base en Asturias. Informamos con rigor sobre actualidad, sociedad, cultura y ocio, con una mirada local y global.\",\"url\":\"https:\\\/\\\/candas365.es\\\/noticias\\\/\",\"email\":\"info@candas365.es\",\"telephone\":\"+34652131393\",\"foundingDate\":\"2012-06-10\",\"logo\":{\"@type\":\"ImageObject\",\"url\":\"https:\\\/\\\/candas365.es\\\/noticias\\\/wp-content\\\/uploads\\\/2024\\\/09\\\/Candas-365-Redes.jpg\",\"@id\":\"https:\\\/\\\/candas365.es\\\/noticias\\\/ministro-aleman-rree-insiste-turquia-debe-cumplir-las-condiciones\\\/#organizationLogo\",\"width\":1152,\"height\":864,\"caption\":\"Cand\\u00e1s 365 Redes\"},\"image\":{\"@id\":\"https:\\\/\\\/candas365.es\\\/noticias\\\/ministro-aleman-rree-insiste-turquia-debe-cumplir-las-condiciones\\\/#organizationLogo\"},\"sameAs\":[\"https:\\\/\\\/www.facebook.com\\\/Nachofdezber\",\"https:\\\/\\\/x.com\\\/NabercoDigital\",\"https:\\\/\\\/www.instagram.com\\\/nachofdezber\\\/\",\"https:\\\/\\\/www.youtube.com\\\/channel\\\/UCZP-2wLEB9Rv6erhFmqVnvg\"],\"address\":{\"@id\":\"https:\\\/\\\/candas365.es\\\/noticias\\\/#postaladdress\",\"@type\":\"PostalAddress\",\"streetAddress\":\"san antonio 4, san antonio 4\",\"postalCode\":\"33430\",\"addressLocality\":\"Cand\\u00e1s\",\"addressRegion\":\"Asturias\",\"addressCountry\":\"ES\"}},{\"@type\":\"Person\",\"@id\":\"https:\\\/\\\/candas365.es\\\/noticias\\\/author\\\/admin\\\/#author\",\"url\":\"https:\\\/\\\/candas365.es\\\/noticias\\\/author\\\/admin\\\/\",\"name\":\"Cand\\u00e1s 365\",\"image\":{\"@type\":\"ImageObject\",\"@id\":\"https:\\\/\\\/candas365.es\\\/noticias\\\/ministro-aleman-rree-insiste-turquia-debe-cumplir-las-condiciones\\\/#authorImage\",\"url\":\"https:\\\/\\\/secure.gravatar.com\\\/avatar\\\/496a8e03d0c493ede1718b7934145dbdf8d89be1036b0eec9544e1094c9de390?s=96&d=mm&r=g\",\"width\":96,\"height\":96,\"caption\":\"Cand\\u00e1s 365\"},\"sameAs\":[\"https:\\\/\\\/www.facebook.com\\\/carrenoactualidad\",\"https:\\\/\\\/twitter.com\\\/nbasturias\",\"https:\\\/\\\/www.instagram.com\\\/nachofdezber\\\/\",\"https:\\\/\\\/www.youtube.com\\\/channel\\\/UCZP-2wLEB9Rv6erhFmqVnvg\"]},{\"@type\":\"WebPage\",\"@id\":\"https:\\\/\\\/candas365.es\\\/noticias\\\/ministro-aleman-rree-insiste-turquia-debe-cumplir-las-condiciones\\\/#webpage\",\"url\":\"https:\\\/\\\/candas365.es\\\/noticias\\\/ministro-aleman-rree-insiste-turquia-debe-cumplir-las-condiciones\\\/\",\"name\":\"Ministro alem\\u00e1n RREE insiste: Turqu\\u00eda debe cumplir las condiciones | Cand\\u00e1s 365\",\"description\":\"Berl\\u00edn, 2 ago (dpa) - El ministro alem\\u00e1n de Exteriores, Frank-Walter Steinmeier, insisti\\u00f3 hoy en su intenci\\u00f3n de hablar con Turqu\\u00eda sobre la exenci\\u00f3n de visado una vez que el Gobierno cumpla con todas las condiciones para ello, seg\\u00fan unas declaraciones publicadas hoy en el diario alem\\u00e1n \\\"Rheinische Post\\\". \\\"Existen condiciones para la eliminaci\\u00f3n de\",\"inLanguage\":\"es-ES\",\"isPartOf\":{\"@id\":\"https:\\\/\\\/candas365.es\\\/noticias\\\/#website\"},\"breadcrumb\":{\"@id\":\"https:\\\/\\\/candas365.es\\\/noticias\\\/ministro-aleman-rree-insiste-turquia-debe-cumplir-las-condiciones\\\/#breadcrumblist\"},\"author\":{\"@id\":\"https:\\\/\\\/candas365.es\\\/noticias\\\/author\\\/admin\\\/#author\"},\"creator\":{\"@id\":\"https:\\\/\\\/candas365.es\\\/noticias\\\/author\\\/admin\\\/#author\"},\"image\":{\"@type\":\"ImageObject\",\"url\":\"https:\\\/\\\/candas365.es\\\/noticias\\\/wp-content\\\/uploads\\\/2015\\\/09\\\/c365noticias.jpg\",\"@id\":\"https:\\\/\\\/candas365.es\\\/noticias\\\/ministro-aleman-rree-insiste-turquia-debe-cumplir-las-condiciones\\\/#mainImage\",\"width\":655,\"height\":360},\"primaryImageOfPage\":{\"@id\":\"https:\\\/\\\/candas365.es\\\/noticias\\\/ministro-aleman-rree-insiste-turquia-debe-cumplir-las-condiciones\\\/#mainImage\"},\"datePublished\":\"2016-08-02T23:32:56+02:00\",\"dateModified\":\"2016-08-02T23:32:56+02:00\"},{\"@type\":\"WebSite\",\"@id\":\"https:\\\/\\\/candas365.es\\\/noticias\\\/#website\",\"url\":\"https:\\\/\\\/candas365.es\\\/noticias\\\/\",\"name\":\"Cand\\u00e1s 365\",\"alternateName\":\"Cand\\u00e1s 365 Noticias\",\"description\":\"Actualidad desde Carre\\u00f1o para el mundo\",\"inLanguage\":\"es-ES\",\"publisher\":{\"@id\":\"https:\\\/\\\/candas365.es\\\/noticias\\\/#organization\"}}]}\n\t\t<\/script>\n\t\t<!-- All in One SEO Pro -->\r\n\t\t<title>Ministro alem\u00e1n RREE insiste: Turqu\u00eda debe cumplir las condiciones | Cand\u00e1s 365<\/title>\n\n","aioseo_head_json":{"title":"Ministro alem\u00e1n RREE insiste: Turqu\u00eda debe cumplir las condiciones | Cand\u00e1s 365","description":"Berl\u00edn, 2 ago (dpa) - El ministro alem\u00e1n de Exteriores, Frank-Walter Steinmeier, insisti\u00f3 hoy en su intenci\u00f3n de hablar con Turqu\u00eda sobre la exenci\u00f3n de visado una vez que el Gobierno cumpla con todas las condiciones para ello, seg\u00fan unas declaraciones publicadas hoy en el diario alem\u00e1n \"Rheinische Post\". \"Existen condiciones para la eliminaci\u00f3n de","canonical_url":"https:\/\/candas365.es\/noticias\/ministro-aleman-rree-insiste-turquia-debe-cumplir-las-condiciones\/","robots":"max-image-preview:large","keywords":"actualidad","webmasterTools":{"google-site-verification":"UA-32230408-1","msvalidate.01":"354F3CDFB2DA171B47FBE9ABF1F88D5","miscellaneous":""},"schema":{"@context":"https:\/\/schema.org","@graph":[{"@type":"BreadcrumbList","@id":"https:\/\/candas365.es\/noticias\/ministro-aleman-rree-insiste-turquia-debe-cumplir-las-condiciones\/#breadcrumblist","itemListElement":[{"@type":"ListItem","@id":"https:\/\/candas365.es\/noticias#listItem","position":1,"name":"Home","item":"https:\/\/candas365.es\/noticias","nextItem":{"@type":"ListItem","@id":"https:\/\/candas365.es\/noticias\/category\/actualidad\/#listItem","name":"Actualidad"}},{"@type":"ListItem","@id":"https:\/\/candas365.es\/noticias\/category\/actualidad\/#listItem","position":2,"name":"Actualidad","item":"https:\/\/candas365.es\/noticias\/category\/actualidad\/","nextItem":{"@type":"ListItem","@id":"https:\/\/candas365.es\/noticias\/ministro-aleman-rree-insiste-turquia-debe-cumplir-las-condiciones\/#listItem","name":"Ministro alem\u00e1n RREE insiste: Turqu\u00eda debe cumplir las condiciones"},"previousItem":{"@type":"ListItem","@id":"https:\/\/candas365.es\/noticias#listItem","name":"Home"}},{"@type":"ListItem","@id":"https:\/\/candas365.es\/noticias\/ministro-aleman-rree-insiste-turquia-debe-cumplir-las-condiciones\/#listItem","position":3,"name":"Ministro alem\u00e1n RREE insiste: Turqu\u00eda debe cumplir las condiciones","previousItem":{"@type":"ListItem","@id":"https:\/\/candas365.es\/noticias\/category\/actualidad\/#listItem","name":"Actualidad"}}]},{"@type":"NewsArticle","@id":"https:\/\/candas365.es\/noticias\/ministro-aleman-rree-insiste-turquia-debe-cumplir-las-condiciones\/#newsarticle","name":"Ministro alem\u00e1n RREE insiste: Turqu\u00eda debe cumplir las condiciones | Cand\u00e1s 365","headline":"Ministro alem\u00e1n RREE insiste: Turqu\u00eda debe cumplir las condiciones","author":{"@id":"https:\/\/candas365.es\/noticias\/author\/admin\/#author"},"publisher":{"@id":"https:\/\/candas365.es\/noticias\/#organization"},"image":{"@type":"ImageObject","url":"https:\/\/candas365.es\/noticias\/wp-content\/uploads\/2015\/09\/c365noticias.jpg","width":655,"height":360},"datePublished":"2016-08-02T23:32:56+02:00","dateModified":"2016-08-02T23:32:56+02:00","inLanguage":"es-ES","mainEntityOfPage":{"@id":"https:\/\/candas365.es\/noticias\/ministro-aleman-rree-insiste-turquia-debe-cumplir-las-condiciones\/#webpage"},"isPartOf":{"@id":"https:\/\/candas365.es\/noticias\/ministro-aleman-rree-insiste-turquia-debe-cumplir-las-condiciones\/#webpage"},"articleSection":"Actualidad","dateline":"Publicado el agosto 2, 2016."},{"@type":"Organization","@id":"https:\/\/candas365.es\/noticias\/#organization","name":"Cand\u00e1s 365","description":"Cand\u00e1s 365 es un diario digital independiente, fundado en 2012, con base en Asturias. Informamos con rigor sobre actualidad, sociedad, cultura y ocio, con una mirada local y global.","url":"https:\/\/candas365.es\/noticias\/","email":"info@candas365.es","telephone":"+34652131393","foundingDate":"2012-06-10","logo":{"@type":"ImageObject","url":"https:\/\/candas365.es\/noticias\/wp-content\/uploads\/2024\/09\/Candas-365-Redes.jpg","@id":"https:\/\/candas365.es\/noticias\/ministro-aleman-rree-insiste-turquia-debe-cumplir-las-condiciones\/#organizationLogo","width":1152,"height":864,"caption":"Cand\u00e1s 365 Redes"},"image":{"@id":"https:\/\/candas365.es\/noticias\/ministro-aleman-rree-insiste-turquia-debe-cumplir-las-condiciones\/#organizationLogo"},"sameAs":["https:\/\/www.facebook.com\/Nachofdezber","https:\/\/x.com\/NabercoDigital","https:\/\/www.instagram.com\/nachofdezber\/","https:\/\/www.youtube.com\/channel\/UCZP-2wLEB9Rv6erhFmqVnvg"],"address":{"@id":"https:\/\/candas365.es\/noticias\/#postaladdress","@type":"PostalAddress","streetAddress":"san antonio 4, san antonio 4","postalCode":"33430","addressLocality":"Cand\u00e1s","addressRegion":"Asturias","addressCountry":"ES"}},{"@type":"Person","@id":"https:\/\/candas365.es\/noticias\/author\/admin\/#author","url":"https:\/\/candas365.es\/noticias\/author\/admin\/","name":"Cand\u00e1s 365","image":{"@type":"ImageObject","@id":"https:\/\/candas365.es\/noticias\/ministro-aleman-rree-insiste-turquia-debe-cumplir-las-condiciones\/#authorImage","url":"https:\/\/secure.gravatar.com\/avatar\/496a8e03d0c493ede1718b7934145dbdf8d89be1036b0eec9544e1094c9de390?s=96&d=mm&r=g","width":96,"height":96,"caption":"Cand\u00e1s 365"},"sameAs":["https:\/\/www.facebook.com\/carrenoactualidad","https:\/\/twitter.com\/nbasturias","https:\/\/www.instagram.com\/nachofdezber\/","https:\/\/www.youtube.com\/channel\/UCZP-2wLEB9Rv6erhFmqVnvg"]},{"@type":"WebPage","@id":"https:\/\/candas365.es\/noticias\/ministro-aleman-rree-insiste-turquia-debe-cumplir-las-condiciones\/#webpage","url":"https:\/\/candas365.es\/noticias\/ministro-aleman-rree-insiste-turquia-debe-cumplir-las-condiciones\/","name":"Ministro alem\u00e1n RREE insiste: Turqu\u00eda debe cumplir las condiciones | Cand\u00e1s 365","description":"Berl\u00edn, 2 ago (dpa) - El ministro alem\u00e1n de Exteriores, Frank-Walter Steinmeier, insisti\u00f3 hoy en su intenci\u00f3n de hablar con Turqu\u00eda sobre la exenci\u00f3n de visado una vez que el Gobierno cumpla con todas las condiciones para ello, seg\u00fan unas declaraciones publicadas hoy en el diario alem\u00e1n \"Rheinische Post\". \"Existen condiciones para la eliminaci\u00f3n de","inLanguage":"es-ES","isPartOf":{"@id":"https:\/\/candas365.es\/noticias\/#website"},"breadcrumb":{"@id":"https:\/\/candas365.es\/noticias\/ministro-aleman-rree-insiste-turquia-debe-cumplir-las-condiciones\/#breadcrumblist"},"author":{"@id":"https:\/\/candas365.es\/noticias\/author\/admin\/#author"},"creator":{"@id":"https:\/\/candas365.es\/noticias\/author\/admin\/#author"},"image":{"@type":"ImageObject","url":"https:\/\/candas365.es\/noticias\/wp-content\/uploads\/2015\/09\/c365noticias.jpg","@id":"https:\/\/candas365.es\/noticias\/ministro-aleman-rree-insiste-turquia-debe-cumplir-las-condiciones\/#mainImage","width":655,"height":360},"primaryImageOfPage":{"@id":"https:\/\/candas365.es\/noticias\/ministro-aleman-rree-insiste-turquia-debe-cumplir-las-condiciones\/#mainImage"},"datePublished":"2016-08-02T23:32:56+02:00","dateModified":"2016-08-02T23:32:56+02:00"},{"@type":"WebSite","@id":"https:\/\/candas365.es\/noticias\/#website","url":"https:\/\/candas365.es\/noticias\/","name":"Cand\u00e1s 365","alternateName":"Cand\u00e1s 365 Noticias","description":"Actualidad desde Carre\u00f1o para el mundo","inLanguage":"es-ES","publisher":{"@id":"https:\/\/candas365.es\/noticias\/#organization"}}]},"og:locale":"es_ES","og:site_name":"Cand\u00e1s 365","og:type":"article","og:title":"Ministro alem\u00e1n RREE insiste: Turqu\u00eda debe cumplir las condiciones | Cand\u00e1s 365","og:description":"Berl\u00edn, 2 ago (dpa) - El ministro alem\u00e1n de Exteriores, Frank-Walter Steinmeier, insisti\u00f3 hoy en su intenci\u00f3n de hablar con Turqu\u00eda sobre la exenci\u00f3n de visado una vez que el Gobierno cumpla con todas las condiciones para ello, seg\u00fan unas declaraciones publicadas hoy en el diario alem\u00e1n &quot;Rheinische Post&quot;. &quot;Existen condiciones para la eliminaci\u00f3n de","og:url":"https:\/\/candas365.es\/noticias\/ministro-aleman-rree-insiste-turquia-debe-cumplir-las-condiciones\/","og:image":"https:\/\/candas365.es\/noticias\/wp-content\/uploads\/2015\/09\/c365noticias.jpg","og:image:secure_url":"https:\/\/candas365.es\/noticias\/wp-content\/uploads\/2015\/09\/c365noticias.jpg","og:image:width":655,"og:image:height":360,"article:published_time":"2016-08-02T22:02:56+00:00","article:modified_time":"2016-08-02T22:02:56+00:00","article:publisher":"https:\/\/www.facebook.com\/Nachofdezber","article:author":"https:\/\/www.facebook.com\/carrenoactualidad","twitter:card":"summary_large_image","twitter:site":"@NabercoDigital","twitter:title":"Ministro alem\u00e1n RREE insiste: Turqu\u00eda debe cumplir las condiciones | Cand\u00e1s 365","twitter:description":"Berl\u00edn, 2 ago (dpa) - El ministro alem\u00e1n de Exteriores, Frank-Walter Steinmeier, insisti\u00f3 hoy en su intenci\u00f3n de hablar con Turqu\u00eda sobre la exenci\u00f3n de visado una vez que el Gobierno cumpla con todas las condiciones para ello, seg\u00fan unas declaraciones publicadas hoy en el diario alem\u00e1n &quot;Rheinische Post&quot;. &quot;Existen condiciones para la eliminaci\u00f3n de","twitter:creator":"@nbasturias","twitter:image":"https:\/\/candas365.es\/noticias\/wp-content\/uploads\/2015\/09\/c365noticias.jpg","twitter:label1":"Escrito por","twitter:data1":"Cand\u00e1s 365","twitter:label2":"Tiempo de lectura estimado","twitter:data2":"1 minuto"},"aioseo_meta_data":{"post_id":"33116","title":null,"description":null,"keywords":null,"keyphrases":null,"primary_term":null,"canonical_url":null,"og_title":null,"og_description":null,"og_object_type":"default","og_image_type":"default","og_image_url":null,"og_image_width":null,"og_image_height":null,"og_image_custom_url":null,"og_image_custom_fields":null,"og_video":null,"og_custom_url":null,"og_article_section":null,"og_article_tags":null,"twitter_use_og":false,"twitter_card":"default","twitter_image_type":"default","twitter_image_url":null,"twitter_image_custom_url":null,"twitter_image_custom_fields":null,"twitter_title":null,"twitter_description":null,"schema":{"blockGraphs":[],"customGraphs":[],"default":{"data":{"Article":[],"Course":[],"Dataset":[],"FAQPage":[],"Movie":[],"Person":[],"Product":[],"ProductReview":[],"Car":[],"Recipe":[],"Service":[],"SoftwareApplication":[],"WebPage":[]},"graphName":"","isEnabled":true},"graphs":[],"defaultGraph":"","defaultPostTypeGraph":""},"schema_type":null,"schema_type_options":null,"pillar_content":false,"robots_default":true,"robots_noindex":false,"robots_noarchive":false,"robots_nosnippet":false,"robots_nofollow":false,"robots_noimageindex":false,"robots_noodp":false,"robots_notranslate":false,"robots_max_snippet":null,"robots_max_videopreview":null,"robots_max_imagepreview":"large","priority":null,"frequency":null,"location":null,"local_seo":null,"seo_analyzer_scan_date":"2025-08-24 16:26:08","breadcrumb_settings":null,"limit_modified_date":false,"reviewed_by":null,"open_ai":null,"ai":null,"created":"2020-12-21 13:06:03","updated":"2025-08-24 16:26:08"},"aioseo_breadcrumb":"<div class=\"aioseo-breadcrumbs\"><span class=\"aioseo-breadcrumb\">\n\t<a href=\"https:\/\/candas365.es\/noticias\" title=\"Home\">Home<\/a>\n<\/span><span class=\"aioseo-breadcrumb-separator\">&ndash;<\/span><span class=\"aioseo-breadcrumb\">\n\t<a href=\"https:\/\/candas365.es\/noticias\/category\/actualidad\/\" title=\"Actualidad\">Actualidad<\/a>\n<\/span><span class=\"aioseo-breadcrumb-separator\">&ndash;<\/span><span class=\"aioseo-breadcrumb\">\n\tMinistro alem\u00e1n RREE insiste: Turqu\u00eda debe cumplir las condiciones\n<\/span><\/div>","aioseo_breadcrumb_json":[{"label":"Home","link":"https:\/\/candas365.es\/noticias"},{"label":"Actualidad","link":"https:\/\/candas365.es\/noticias\/category\/actualidad\/"},{"label":"Ministro alem\u00e1n RREE insiste: Turqu\u00eda debe cumplir las condiciones","link":"https:\/\/candas365.es\/noticias\/ministro-aleman-rree-insiste-turquia-debe-cumplir-las-condiciones\/"}],"_links":{"self":[{"href":"https:\/\/candas365.es\/noticias\/wp-json\/wp\/v2\/posts\/33116","targetHints":{"allow":["GET"]}}],"collection":[{"href":"https:\/\/candas365.es\/noticias\/wp-json\/wp\/v2\/posts"}],"about":[{"href":"https:\/\/candas365.es\/noticias\/wp-json\/wp\/v2\/types\/post"}],"author":[{"embeddable":true,"href":"https:\/\/candas365.es\/noticias\/wp-json\/wp\/v2\/users\/1"}],"replies":[{"embeddable":true,"href":"https:\/\/candas365.es\/noticias\/wp-json\/wp\/v2\/comments?post=33116"}],"version-history":[{"count":0,"href":"https:\/\/candas365.es\/noticias\/wp-json\/wp\/v2\/posts\/33116\/revisions"}],"wp:featuredmedia":[{"embeddable":true,"href":"https:\/\/candas365.es\/noticias\/wp-json\/wp\/v2\/media\/16457"}],"wp:attachment":[{"href":"https:\/\/candas365.es\/noticias\/wp-json\/wp\/v2\/media?parent=33116"}],"wp:term":[{"taxonomy":"category","embeddable":true,"href":"https:\/\/candas365.es\/noticias\/wp-json\/wp\/v2\/categories?post=33116"},{"taxonomy":"post_tag","embeddable":true,"href":"https:\/\/candas365.es\/noticias\/wp-json\/wp\/v2\/tags?post=33116"}],"curies":[{"name":"wp","href":"https:\/\/api.w.org\/{rel}","templated":true}]}}