{"id":33114,"date":"2016-08-02T23:31:36","date_gmt":"2016-08-02T22:01:36","guid":{"rendered":"http:\/\/candas365.es\/noticias\/?p=33114"},"modified":"2016-08-02T23:31:36","modified_gmt":"2016-08-02T22:01:36","slug":"barenboim-insta-a-sudamerica-a-recibir-refugiados-sirios","status":"publish","type":"post","link":"https:\/\/candas365.es\/noticias\/barenboim-insta-a-sudamerica-a-recibir-refugiados-sirios\/","title":{"rendered":"Barenboim insta a Sudam\u00e9rica a recibir refugiados sirios"},"content":{"rendered":"<p>Buenos Aires, 2 ago (dpa) &#8211; El pianista y director de orquesta argentino-israel\u00ed Daniel Barenboim inst\u00f3 a los gobiernos sudamericanos a dar asilo a refugiados sirios.<\/p>\n<p>\u00abLas fuertes comunidades isl\u00e1micas, cristianas y musulmanas en Argentina, Brasil y Chile, en coordinaci\u00f3n con sus gobiernos, pueden recibir refugiados sirios. Y no hay que tener miedo a alg\u00fan que otro atentado, siempre lo va a haber. Si se deja pasar a los refugiados sirios puede haber alg\u00fan atentado. Pero cerrar las puertas es peor\u00bb, declar\u00f3 Barenboim.<\/p>\n<p>El prestigioso m\u00fasico particip\u00f3 junto al ex presidente espa\u00f1ol Felipe Gonz\u00e1lez en la noche del domingo en el simposio \u00abEl conflicto en Oriente Medio, una crisis global\u00bb que se llev\u00f3 a cabo en el marco del Festival Barenboim de M\u00fasica y Reflexi\u00f3n en el Teatro Col\u00f3n, con el objetivo de fomentar la convivencia y el di\u00e1logo intercultural.<\/p>\n<p>Barenboim se present\u00f3 en el festival junto a su West Eastern Divan Orchestra y el domingo protagoniz\u00f3 un espect\u00e1culo magistral en un concierto de piano a cuatro manos junto a la argentina Martha Argerich en el m\u00e1ximo coliseo de Buenos Aires.<\/p>\n<p>\u00abLa Argentina siempre fue un pa\u00eds acogedor. As\u00ed como vinieron mis abuelos y los abuelos de Martha Argerich fueron bien recibidos. La Argentina es el \u00fanico pa\u00eds donde es evidente y se entiende por s\u00ed mismo que hay la posibilidad y a veces la necesidad de identidades m\u00faltiples\u00bb, expres\u00f3 Barenboim.<\/p>\n<p>El pianista subray\u00f3 que \u00abse puede ser \u00e1rabe, jud\u00edo, polaco o ruso y por eso no menos argentino\u00bb. \u00abEs as\u00ed como yo me siento. Y por eso espero que sientan el v\u00ednculo que es absolutamente necesario y muy fuerte entre los m\u00fasicos de la West Eastern Divan Orchestra y la Argentina\u00bb, sostuvo.<\/p>\n<p>Barenboim consider\u00f3 que el conflicto sirio \u00abes un problema global que Alemania y Europa solas no van a poder resolver nunca\u00bb.<\/p>\n<p>En tanto, Gonz\u00e1lez advirti\u00f3 que es un conflicto \u00abcon repercusiones globales que si no se aborda con compromiso por parte de todos va a durar mucho tiempo\u00bb.<\/p>\n<p>\u00abHay nuevos actores que deben comprometerse, como China y la India. Esta (Am\u00e9rica Latina) es la \u00fanica regi\u00f3n del mundo donde la convivencia entre las religiones es la m\u00e1s pac\u00edfica, la m\u00e1s cordial, la menos tensa. Eso no pasa en ning\u00fan otro lugar del planeta\u00bb, destac\u00f3 el ex presidente espa\u00f1ol.<\/p>\n<p>&nbsp;<\/p>\n","protected":false},"excerpt":{"rendered":"<p>Buenos Aires, 2 ago (dpa) &#8211; El pianista y director de orquesta argentino-israel\u00ed Daniel Barenboim inst\u00f3 a los gobiernos sudamericanos a dar asilo a refugiados sirios. \u00abLas fuertes comunidades isl\u00e1micas, cristianas y musulmanas en Argentina, Brasil y Chile, en coordinaci\u00f3n con sus gobiernos, pueden recibir refugiados sirios. Y no hay que tener miedo a alg\u00fan<\/p>\n","protected":false},"author":1,"featured_media":16457,"comment_status":"closed","ping_status":"closed","sticky":false,"template":"","format":"standard","meta":{"footnotes":""},"categories":[343],"tags":[],"class_list":{"0":"post-33114","1":"post","2":"type-post","3":"status-publish","4":"format-standard","5":"has-post-thumbnail","7":"category-actualidad"},"aioseo_notices":[],"aioseo_head":"\n\t\t<!-- All in One SEO Pro 4.9.6.2 - aioseo.com -->\n\t<meta name=\"description\" content=\"Buenos Aires, 2 ago (dpa) - El pianista y director de orquesta argentino-israel\u00ed Daniel Barenboim inst\u00f3 a los gobiernos sudamericanos a dar asilo a refugiados sirios. &quot;Las fuertes comunidades isl\u00e1micas, cristianas y musulmanas en Argentina, Brasil y Chile, en coordinaci\u00f3n con sus gobiernos, pueden recibir refugiados sirios. Y no hay que tener miedo a alg\u00fan\" \/>\n\t<meta name=\"robots\" content=\"max-image-preview:large\" \/>\n\t<meta name=\"author\" content=\"Cand\u00e1s 365\"\/>\n\t<meta name=\"google-site-verification\" content=\"UA-32230408-1\" \/>\n\t<meta name=\"msvalidate.01\" content=\"354F3CDFB2DA171B47FBE9ABF1F88D5\" \/>\n\t<meta name=\"keywords\" content=\"actualidad\" \/>\n\t<link rel=\"canonical\" href=\"https:\/\/candas365.es\/noticias\/barenboim-insta-a-sudamerica-a-recibir-refugiados-sirios\/\" \/>\n\t<meta name=\"generator\" content=\"All in One SEO Pro (AIOSEO) 4.9.6.2\" \/>\n\t\t<meta property=\"og:locale\" content=\"es_ES\" \/>\n\t\t<meta property=\"og:site_name\" content=\"Cand\u00e1s 365\" \/>\n\t\t<meta property=\"og:type\" content=\"article\" \/>\n\t\t<meta property=\"og:title\" content=\"Barenboim insta a Sudam\u00e9rica a recibir refugiados sirios | Cand\u00e1s 365\" \/>\n\t\t<meta property=\"og:description\" content=\"Buenos Aires, 2 ago (dpa) - El pianista y director de orquesta argentino-israel\u00ed Daniel Barenboim inst\u00f3 a los gobiernos sudamericanos a dar asilo a refugiados sirios. &quot;Las fuertes comunidades isl\u00e1micas, cristianas y musulmanas en Argentina, Brasil y Chile, en coordinaci\u00f3n con sus gobiernos, pueden recibir refugiados sirios. Y no hay que tener miedo a alg\u00fan\" \/>\n\t\t<meta property=\"og:url\" content=\"https:\/\/candas365.es\/noticias\/barenboim-insta-a-sudamerica-a-recibir-refugiados-sirios\/\" \/>\n\t\t<meta property=\"og:image\" content=\"https:\/\/candas365.es\/noticias\/wp-content\/uploads\/2015\/09\/c365noticias.jpg\" \/>\n\t\t<meta property=\"og:image:secure_url\" content=\"https:\/\/candas365.es\/noticias\/wp-content\/uploads\/2015\/09\/c365noticias.jpg\" \/>\n\t\t<meta property=\"og:image:width\" content=\"655\" \/>\n\t\t<meta property=\"og:image:height\" content=\"360\" \/>\n\t\t<meta property=\"article:published_time\" content=\"2016-08-02T22:01:36+00:00\" \/>\n\t\t<meta property=\"article:modified_time\" content=\"2016-08-02T22:01:36+00:00\" \/>\n\t\t<meta property=\"article:publisher\" content=\"https:\/\/www.facebook.com\/Nachofdezber\" \/>\n\t\t<meta property=\"article:author\" content=\"https:\/\/www.facebook.com\/carrenoactualidad\" \/>\n\t\t<meta name=\"twitter:card\" content=\"summary_large_image\" \/>\n\t\t<meta name=\"twitter:site\" content=\"@NabercoDigital\" \/>\n\t\t<meta name=\"twitter:title\" content=\"Barenboim insta a Sudam\u00e9rica a recibir refugiados sirios | Cand\u00e1s 365\" \/>\n\t\t<meta name=\"twitter:description\" content=\"Buenos Aires, 2 ago (dpa) - El pianista y director de orquesta argentino-israel\u00ed Daniel Barenboim inst\u00f3 a los gobiernos sudamericanos a dar asilo a refugiados sirios. &quot;Las fuertes comunidades isl\u00e1micas, cristianas y musulmanas en Argentina, Brasil y Chile, en coordinaci\u00f3n con sus gobiernos, pueden recibir refugiados sirios. Y no hay que tener miedo a alg\u00fan\" \/>\n\t\t<meta name=\"twitter:creator\" content=\"@nbasturias\" \/>\n\t\t<meta name=\"twitter:image\" content=\"https:\/\/candas365.es\/noticias\/wp-content\/uploads\/2015\/09\/c365noticias.jpg\" \/>\n\t\t<meta name=\"twitter:label1\" content=\"Escrito por\" \/>\n\t\t<meta name=\"twitter:data1\" content=\"Cand\u00e1s 365\" \/>\n\t\t<meta name=\"twitter:label2\" content=\"Tiempo de lectura estimado\" \/>\n\t\t<meta name=\"twitter:data2\" content=\"2 minutos\" \/>\n\t\t<script type=\"application\/ld+json\" class=\"aioseo-schema\">\n\t\t\t{\"@context\":\"https:\\\/\\\/schema.org\",\"@graph\":[{\"@type\":\"BreadcrumbList\",\"@id\":\"https:\\\/\\\/candas365.es\\\/noticias\\\/barenboim-insta-a-sudamerica-a-recibir-refugiados-sirios\\\/#breadcrumblist\",\"itemListElement\":[{\"@type\":\"ListItem\",\"@id\":\"https:\\\/\\\/candas365.es\\\/noticias#listItem\",\"position\":1,\"name\":\"Home\",\"item\":\"https:\\\/\\\/candas365.es\\\/noticias\",\"nextItem\":{\"@type\":\"ListItem\",\"@id\":\"https:\\\/\\\/candas365.es\\\/noticias\\\/category\\\/actualidad\\\/#listItem\",\"name\":\"Actualidad\"}},{\"@type\":\"ListItem\",\"@id\":\"https:\\\/\\\/candas365.es\\\/noticias\\\/category\\\/actualidad\\\/#listItem\",\"position\":2,\"name\":\"Actualidad\",\"item\":\"https:\\\/\\\/candas365.es\\\/noticias\\\/category\\\/actualidad\\\/\",\"nextItem\":{\"@type\":\"ListItem\",\"@id\":\"https:\\\/\\\/candas365.es\\\/noticias\\\/barenboim-insta-a-sudamerica-a-recibir-refugiados-sirios\\\/#listItem\",\"name\":\"Barenboim insta a Sudam\\u00e9rica a recibir refugiados sirios\"},\"previousItem\":{\"@type\":\"ListItem\",\"@id\":\"https:\\\/\\\/candas365.es\\\/noticias#listItem\",\"name\":\"Home\"}},{\"@type\":\"ListItem\",\"@id\":\"https:\\\/\\\/candas365.es\\\/noticias\\\/barenboim-insta-a-sudamerica-a-recibir-refugiados-sirios\\\/#listItem\",\"position\":3,\"name\":\"Barenboim insta a Sudam\\u00e9rica a recibir refugiados sirios\",\"previousItem\":{\"@type\":\"ListItem\",\"@id\":\"https:\\\/\\\/candas365.es\\\/noticias\\\/category\\\/actualidad\\\/#listItem\",\"name\":\"Actualidad\"}}]},{\"@type\":\"NewsArticle\",\"@id\":\"https:\\\/\\\/candas365.es\\\/noticias\\\/barenboim-insta-a-sudamerica-a-recibir-refugiados-sirios\\\/#newsarticle\",\"name\":\"Barenboim insta a Sudam\\u00e9rica a recibir refugiados sirios | Cand\\u00e1s 365\",\"headline\":\"Barenboim insta a Sudam\\u00e9rica a recibir refugiados sirios\",\"author\":{\"@id\":\"https:\\\/\\\/candas365.es\\\/noticias\\\/author\\\/admin\\\/#author\"},\"publisher\":{\"@id\":\"https:\\\/\\\/candas365.es\\\/noticias\\\/#organization\"},\"image\":{\"@type\":\"ImageObject\",\"url\":\"https:\\\/\\\/candas365.es\\\/noticias\\\/wp-content\\\/uploads\\\/2015\\\/09\\\/c365noticias.jpg\",\"width\":655,\"height\":360},\"datePublished\":\"2016-08-02T23:31:36+02:00\",\"dateModified\":\"2016-08-02T23:31:36+02:00\",\"inLanguage\":\"es-ES\",\"mainEntityOfPage\":{\"@id\":\"https:\\\/\\\/candas365.es\\\/noticias\\\/barenboim-insta-a-sudamerica-a-recibir-refugiados-sirios\\\/#webpage\"},\"isPartOf\":{\"@id\":\"https:\\\/\\\/candas365.es\\\/noticias\\\/barenboim-insta-a-sudamerica-a-recibir-refugiados-sirios\\\/#webpage\"},\"articleSection\":\"Actualidad\",\"dateline\":\"Publicado el agosto 2, 2016.\"},{\"@type\":\"Organization\",\"@id\":\"https:\\\/\\\/candas365.es\\\/noticias\\\/#organization\",\"name\":\"Cand\\u00e1s 365\",\"description\":\"Cand\\u00e1s 365 es un diario digital independiente, fundado en 2012, con base en Asturias. Informamos con rigor sobre actualidad, sociedad, cultura y ocio, con una mirada local y global.\",\"url\":\"https:\\\/\\\/candas365.es\\\/noticias\\\/\",\"email\":\"info@candas365.es\",\"telephone\":\"+34652131393\",\"foundingDate\":\"2012-06-10\",\"logo\":{\"@type\":\"ImageObject\",\"url\":\"https:\\\/\\\/candas365.es\\\/noticias\\\/wp-content\\\/uploads\\\/2024\\\/09\\\/Candas-365-Redes.jpg\",\"@id\":\"https:\\\/\\\/candas365.es\\\/noticias\\\/barenboim-insta-a-sudamerica-a-recibir-refugiados-sirios\\\/#organizationLogo\",\"width\":1152,\"height\":864,\"caption\":\"Cand\\u00e1s 365 Redes\"},\"image\":{\"@id\":\"https:\\\/\\\/candas365.es\\\/noticias\\\/barenboim-insta-a-sudamerica-a-recibir-refugiados-sirios\\\/#organizationLogo\"},\"sameAs\":[\"https:\\\/\\\/www.facebook.com\\\/Nachofdezber\",\"https:\\\/\\\/x.com\\\/NabercoDigital\",\"https:\\\/\\\/www.instagram.com\\\/nachofdezber\\\/\",\"https:\\\/\\\/www.youtube.com\\\/channel\\\/UCZP-2wLEB9Rv6erhFmqVnvg\"],\"address\":{\"@id\":\"https:\\\/\\\/candas365.es\\\/noticias\\\/#postaladdress\",\"@type\":\"PostalAddress\",\"streetAddress\":\"san antonio 4, san antonio 4\",\"postalCode\":\"33430\",\"addressLocality\":\"Cand\\u00e1s\",\"addressRegion\":\"Asturias\",\"addressCountry\":\"ES\"}},{\"@type\":\"Person\",\"@id\":\"https:\\\/\\\/candas365.es\\\/noticias\\\/author\\\/admin\\\/#author\",\"url\":\"https:\\\/\\\/candas365.es\\\/noticias\\\/author\\\/admin\\\/\",\"name\":\"Cand\\u00e1s 365\",\"image\":{\"@type\":\"ImageObject\",\"@id\":\"https:\\\/\\\/candas365.es\\\/noticias\\\/barenboim-insta-a-sudamerica-a-recibir-refugiados-sirios\\\/#authorImage\",\"url\":\"https:\\\/\\\/secure.gravatar.com\\\/avatar\\\/496a8e03d0c493ede1718b7934145dbdf8d89be1036b0eec9544e1094c9de390?s=96&d=mm&r=g\",\"width\":96,\"height\":96,\"caption\":\"Cand\\u00e1s 365\"},\"sameAs\":[\"https:\\\/\\\/www.facebook.com\\\/carrenoactualidad\",\"https:\\\/\\\/twitter.com\\\/nbasturias\",\"https:\\\/\\\/www.instagram.com\\\/nachofdezber\\\/\",\"https:\\\/\\\/www.youtube.com\\\/channel\\\/UCZP-2wLEB9Rv6erhFmqVnvg\"]},{\"@type\":\"WebPage\",\"@id\":\"https:\\\/\\\/candas365.es\\\/noticias\\\/barenboim-insta-a-sudamerica-a-recibir-refugiados-sirios\\\/#webpage\",\"url\":\"https:\\\/\\\/candas365.es\\\/noticias\\\/barenboim-insta-a-sudamerica-a-recibir-refugiados-sirios\\\/\",\"name\":\"Barenboim insta a Sudam\\u00e9rica a recibir refugiados sirios | Cand\\u00e1s 365\",\"description\":\"Buenos Aires, 2 ago (dpa) - El pianista y director de orquesta argentino-israel\\u00ed Daniel Barenboim inst\\u00f3 a los gobiernos sudamericanos a dar asilo a refugiados sirios. \\\"Las fuertes comunidades isl\\u00e1micas, cristianas y musulmanas en Argentina, Brasil y Chile, en coordinaci\\u00f3n con sus gobiernos, pueden recibir refugiados sirios. Y no hay que tener miedo a alg\\u00fan\",\"inLanguage\":\"es-ES\",\"isPartOf\":{\"@id\":\"https:\\\/\\\/candas365.es\\\/noticias\\\/#website\"},\"breadcrumb\":{\"@id\":\"https:\\\/\\\/candas365.es\\\/noticias\\\/barenboim-insta-a-sudamerica-a-recibir-refugiados-sirios\\\/#breadcrumblist\"},\"author\":{\"@id\":\"https:\\\/\\\/candas365.es\\\/noticias\\\/author\\\/admin\\\/#author\"},\"creator\":{\"@id\":\"https:\\\/\\\/candas365.es\\\/noticias\\\/author\\\/admin\\\/#author\"},\"image\":{\"@type\":\"ImageObject\",\"url\":\"https:\\\/\\\/candas365.es\\\/noticias\\\/wp-content\\\/uploads\\\/2015\\\/09\\\/c365noticias.jpg\",\"@id\":\"https:\\\/\\\/candas365.es\\\/noticias\\\/barenboim-insta-a-sudamerica-a-recibir-refugiados-sirios\\\/#mainImage\",\"width\":655,\"height\":360},\"primaryImageOfPage\":{\"@id\":\"https:\\\/\\\/candas365.es\\\/noticias\\\/barenboim-insta-a-sudamerica-a-recibir-refugiados-sirios\\\/#mainImage\"},\"datePublished\":\"2016-08-02T23:31:36+02:00\",\"dateModified\":\"2016-08-02T23:31:36+02:00\"},{\"@type\":\"WebSite\",\"@id\":\"https:\\\/\\\/candas365.es\\\/noticias\\\/#website\",\"url\":\"https:\\\/\\\/candas365.es\\\/noticias\\\/\",\"name\":\"Cand\\u00e1s 365\",\"alternateName\":\"Cand\\u00e1s 365 Noticias\",\"description\":\"Actualidad desde Carre\\u00f1o para el mundo\",\"inLanguage\":\"es-ES\",\"publisher\":{\"@id\":\"https:\\\/\\\/candas365.es\\\/noticias\\\/#organization\"}}]}\n\t\t<\/script>\n\t\t<!-- All in One SEO Pro -->\r\n\t\t<title>Barenboim insta a Sudam\u00e9rica a recibir refugiados sirios | Cand\u00e1s 365<\/title>\n\n","aioseo_head_json":{"title":"Barenboim insta a Sudam\u00e9rica a recibir refugiados sirios | Cand\u00e1s 365","description":"Buenos Aires, 2 ago (dpa) - El pianista y director de orquesta argentino-israel\u00ed Daniel Barenboim inst\u00f3 a los gobiernos sudamericanos a dar asilo a refugiados sirios. \"Las fuertes comunidades isl\u00e1micas, cristianas y musulmanas en Argentina, Brasil y Chile, en coordinaci\u00f3n con sus gobiernos, pueden recibir refugiados sirios. Y no hay que tener miedo a alg\u00fan","canonical_url":"https:\/\/candas365.es\/noticias\/barenboim-insta-a-sudamerica-a-recibir-refugiados-sirios\/","robots":"max-image-preview:large","keywords":"actualidad","webmasterTools":{"google-site-verification":"UA-32230408-1","msvalidate.01":"354F3CDFB2DA171B47FBE9ABF1F88D5","miscellaneous":""},"schema":{"@context":"https:\/\/schema.org","@graph":[{"@type":"BreadcrumbList","@id":"https:\/\/candas365.es\/noticias\/barenboim-insta-a-sudamerica-a-recibir-refugiados-sirios\/#breadcrumblist","itemListElement":[{"@type":"ListItem","@id":"https:\/\/candas365.es\/noticias#listItem","position":1,"name":"Home","item":"https:\/\/candas365.es\/noticias","nextItem":{"@type":"ListItem","@id":"https:\/\/candas365.es\/noticias\/category\/actualidad\/#listItem","name":"Actualidad"}},{"@type":"ListItem","@id":"https:\/\/candas365.es\/noticias\/category\/actualidad\/#listItem","position":2,"name":"Actualidad","item":"https:\/\/candas365.es\/noticias\/category\/actualidad\/","nextItem":{"@type":"ListItem","@id":"https:\/\/candas365.es\/noticias\/barenboim-insta-a-sudamerica-a-recibir-refugiados-sirios\/#listItem","name":"Barenboim insta a Sudam\u00e9rica a recibir refugiados sirios"},"previousItem":{"@type":"ListItem","@id":"https:\/\/candas365.es\/noticias#listItem","name":"Home"}},{"@type":"ListItem","@id":"https:\/\/candas365.es\/noticias\/barenboim-insta-a-sudamerica-a-recibir-refugiados-sirios\/#listItem","position":3,"name":"Barenboim insta a Sudam\u00e9rica a recibir refugiados sirios","previousItem":{"@type":"ListItem","@id":"https:\/\/candas365.es\/noticias\/category\/actualidad\/#listItem","name":"Actualidad"}}]},{"@type":"NewsArticle","@id":"https:\/\/candas365.es\/noticias\/barenboim-insta-a-sudamerica-a-recibir-refugiados-sirios\/#newsarticle","name":"Barenboim insta a Sudam\u00e9rica a recibir refugiados sirios | Cand\u00e1s 365","headline":"Barenboim insta a Sudam\u00e9rica a recibir refugiados sirios","author":{"@id":"https:\/\/candas365.es\/noticias\/author\/admin\/#author"},"publisher":{"@id":"https:\/\/candas365.es\/noticias\/#organization"},"image":{"@type":"ImageObject","url":"https:\/\/candas365.es\/noticias\/wp-content\/uploads\/2015\/09\/c365noticias.jpg","width":655,"height":360},"datePublished":"2016-08-02T23:31:36+02:00","dateModified":"2016-08-02T23:31:36+02:00","inLanguage":"es-ES","mainEntityOfPage":{"@id":"https:\/\/candas365.es\/noticias\/barenboim-insta-a-sudamerica-a-recibir-refugiados-sirios\/#webpage"},"isPartOf":{"@id":"https:\/\/candas365.es\/noticias\/barenboim-insta-a-sudamerica-a-recibir-refugiados-sirios\/#webpage"},"articleSection":"Actualidad","dateline":"Publicado el agosto 2, 2016."},{"@type":"Organization","@id":"https:\/\/candas365.es\/noticias\/#organization","name":"Cand\u00e1s 365","description":"Cand\u00e1s 365 es un diario digital independiente, fundado en 2012, con base en Asturias. Informamos con rigor sobre actualidad, sociedad, cultura y ocio, con una mirada local y global.","url":"https:\/\/candas365.es\/noticias\/","email":"info@candas365.es","telephone":"+34652131393","foundingDate":"2012-06-10","logo":{"@type":"ImageObject","url":"https:\/\/candas365.es\/noticias\/wp-content\/uploads\/2024\/09\/Candas-365-Redes.jpg","@id":"https:\/\/candas365.es\/noticias\/barenboim-insta-a-sudamerica-a-recibir-refugiados-sirios\/#organizationLogo","width":1152,"height":864,"caption":"Cand\u00e1s 365 Redes"},"image":{"@id":"https:\/\/candas365.es\/noticias\/barenboim-insta-a-sudamerica-a-recibir-refugiados-sirios\/#organizationLogo"},"sameAs":["https:\/\/www.facebook.com\/Nachofdezber","https:\/\/x.com\/NabercoDigital","https:\/\/www.instagram.com\/nachofdezber\/","https:\/\/www.youtube.com\/channel\/UCZP-2wLEB9Rv6erhFmqVnvg"],"address":{"@id":"https:\/\/candas365.es\/noticias\/#postaladdress","@type":"PostalAddress","streetAddress":"san antonio 4, san antonio 4","postalCode":"33430","addressLocality":"Cand\u00e1s","addressRegion":"Asturias","addressCountry":"ES"}},{"@type":"Person","@id":"https:\/\/candas365.es\/noticias\/author\/admin\/#author","url":"https:\/\/candas365.es\/noticias\/author\/admin\/","name":"Cand\u00e1s 365","image":{"@type":"ImageObject","@id":"https:\/\/candas365.es\/noticias\/barenboim-insta-a-sudamerica-a-recibir-refugiados-sirios\/#authorImage","url":"https:\/\/secure.gravatar.com\/avatar\/496a8e03d0c493ede1718b7934145dbdf8d89be1036b0eec9544e1094c9de390?s=96&d=mm&r=g","width":96,"height":96,"caption":"Cand\u00e1s 365"},"sameAs":["https:\/\/www.facebook.com\/carrenoactualidad","https:\/\/twitter.com\/nbasturias","https:\/\/www.instagram.com\/nachofdezber\/","https:\/\/www.youtube.com\/channel\/UCZP-2wLEB9Rv6erhFmqVnvg"]},{"@type":"WebPage","@id":"https:\/\/candas365.es\/noticias\/barenboim-insta-a-sudamerica-a-recibir-refugiados-sirios\/#webpage","url":"https:\/\/candas365.es\/noticias\/barenboim-insta-a-sudamerica-a-recibir-refugiados-sirios\/","name":"Barenboim insta a Sudam\u00e9rica a recibir refugiados sirios | Cand\u00e1s 365","description":"Buenos Aires, 2 ago (dpa) - El pianista y director de orquesta argentino-israel\u00ed Daniel Barenboim inst\u00f3 a los gobiernos sudamericanos a dar asilo a refugiados sirios. \"Las fuertes comunidades isl\u00e1micas, cristianas y musulmanas en Argentina, Brasil y Chile, en coordinaci\u00f3n con sus gobiernos, pueden recibir refugiados sirios. Y no hay que tener miedo a alg\u00fan","inLanguage":"es-ES","isPartOf":{"@id":"https:\/\/candas365.es\/noticias\/#website"},"breadcrumb":{"@id":"https:\/\/candas365.es\/noticias\/barenboim-insta-a-sudamerica-a-recibir-refugiados-sirios\/#breadcrumblist"},"author":{"@id":"https:\/\/candas365.es\/noticias\/author\/admin\/#author"},"creator":{"@id":"https:\/\/candas365.es\/noticias\/author\/admin\/#author"},"image":{"@type":"ImageObject","url":"https:\/\/candas365.es\/noticias\/wp-content\/uploads\/2015\/09\/c365noticias.jpg","@id":"https:\/\/candas365.es\/noticias\/barenboim-insta-a-sudamerica-a-recibir-refugiados-sirios\/#mainImage","width":655,"height":360},"primaryImageOfPage":{"@id":"https:\/\/candas365.es\/noticias\/barenboim-insta-a-sudamerica-a-recibir-refugiados-sirios\/#mainImage"},"datePublished":"2016-08-02T23:31:36+02:00","dateModified":"2016-08-02T23:31:36+02:00"},{"@type":"WebSite","@id":"https:\/\/candas365.es\/noticias\/#website","url":"https:\/\/candas365.es\/noticias\/","name":"Cand\u00e1s 365","alternateName":"Cand\u00e1s 365 Noticias","description":"Actualidad desde Carre\u00f1o para el mundo","inLanguage":"es-ES","publisher":{"@id":"https:\/\/candas365.es\/noticias\/#organization"}}]},"og:locale":"es_ES","og:site_name":"Cand\u00e1s 365","og:type":"article","og:title":"Barenboim insta a Sudam\u00e9rica a recibir refugiados sirios | Cand\u00e1s 365","og:description":"Buenos Aires, 2 ago (dpa) - El pianista y director de orquesta argentino-israel\u00ed Daniel Barenboim inst\u00f3 a los gobiernos sudamericanos a dar asilo a refugiados sirios. &quot;Las fuertes comunidades isl\u00e1micas, cristianas y musulmanas en Argentina, Brasil y Chile, en coordinaci\u00f3n con sus gobiernos, pueden recibir refugiados sirios. Y no hay que tener miedo a alg\u00fan","og:url":"https:\/\/candas365.es\/noticias\/barenboim-insta-a-sudamerica-a-recibir-refugiados-sirios\/","og:image":"https:\/\/candas365.es\/noticias\/wp-content\/uploads\/2015\/09\/c365noticias.jpg","og:image:secure_url":"https:\/\/candas365.es\/noticias\/wp-content\/uploads\/2015\/09\/c365noticias.jpg","og:image:width":655,"og:image:height":360,"article:published_time":"2016-08-02T22:01:36+00:00","article:modified_time":"2016-08-02T22:01:36+00:00","article:publisher":"https:\/\/www.facebook.com\/Nachofdezber","article:author":"https:\/\/www.facebook.com\/carrenoactualidad","twitter:card":"summary_large_image","twitter:site":"@NabercoDigital","twitter:title":"Barenboim insta a Sudam\u00e9rica a recibir refugiados sirios | Cand\u00e1s 365","twitter:description":"Buenos Aires, 2 ago (dpa) - El pianista y director de orquesta argentino-israel\u00ed Daniel Barenboim inst\u00f3 a los gobiernos sudamericanos a dar asilo a refugiados sirios. &quot;Las fuertes comunidades isl\u00e1micas, cristianas y musulmanas en Argentina, Brasil y Chile, en coordinaci\u00f3n con sus gobiernos, pueden recibir refugiados sirios. Y no hay que tener miedo a alg\u00fan","twitter:creator":"@nbasturias","twitter:image":"https:\/\/candas365.es\/noticias\/wp-content\/uploads\/2015\/09\/c365noticias.jpg","twitter:label1":"Escrito por","twitter:data1":"Cand\u00e1s 365","twitter:label2":"Tiempo de lectura estimado","twitter:data2":"2 minutos"},"aioseo_meta_data":{"post_id":"33114","title":null,"description":null,"keywords":null,"keyphrases":null,"primary_term":null,"canonical_url":null,"og_title":null,"og_description":null,"og_object_type":"default","og_image_type":"default","og_image_url":null,"og_image_width":null,"og_image_height":null,"og_image_custom_url":null,"og_image_custom_fields":null,"og_video":null,"og_custom_url":null,"og_article_section":null,"og_article_tags":null,"twitter_use_og":false,"twitter_card":"default","twitter_image_type":"default","twitter_image_url":null,"twitter_image_custom_url":null,"twitter_image_custom_fields":null,"twitter_title":null,"twitter_description":null,"schema":{"blockGraphs":[],"customGraphs":[],"default":{"data":{"Article":[],"Course":[],"Dataset":[],"FAQPage":[],"Movie":[],"Person":[],"Product":[],"ProductReview":[],"Car":[],"Recipe":[],"Service":[],"SoftwareApplication":[],"WebPage":[]},"graphName":"","isEnabled":true},"graphs":[],"defaultGraph":"","defaultPostTypeGraph":""},"schema_type":null,"schema_type_options":null,"pillar_content":false,"robots_default":true,"robots_noindex":false,"robots_noarchive":false,"robots_nosnippet":false,"robots_nofollow":false,"robots_noimageindex":false,"robots_noodp":false,"robots_notranslate":false,"robots_max_snippet":null,"robots_max_videopreview":null,"robots_max_imagepreview":"large","priority":null,"frequency":null,"location":null,"local_seo":null,"seo_analyzer_scan_date":"2025-08-24 16:26:07","breadcrumb_settings":null,"limit_modified_date":false,"reviewed_by":null,"open_ai":null,"ai":null,"created":"2020-12-21 13:06:03","updated":"2025-08-24 16:26:07"},"aioseo_breadcrumb":"<div class=\"aioseo-breadcrumbs\"><span class=\"aioseo-breadcrumb\">\n\t<a href=\"https:\/\/candas365.es\/noticias\" title=\"Home\">Home<\/a>\n<\/span><span class=\"aioseo-breadcrumb-separator\">&ndash;<\/span><span class=\"aioseo-breadcrumb\">\n\t<a href=\"https:\/\/candas365.es\/noticias\/category\/actualidad\/\" title=\"Actualidad\">Actualidad<\/a>\n<\/span><span class=\"aioseo-breadcrumb-separator\">&ndash;<\/span><span class=\"aioseo-breadcrumb\">\n\tBarenboim insta a Sudam\u00e9rica a recibir refugiados sirios\n<\/span><\/div>","aioseo_breadcrumb_json":[{"label":"Home","link":"https:\/\/candas365.es\/noticias"},{"label":"Actualidad","link":"https:\/\/candas365.es\/noticias\/category\/actualidad\/"},{"label":"Barenboim insta a Sudam\u00e9rica a recibir refugiados sirios","link":"https:\/\/candas365.es\/noticias\/barenboim-insta-a-sudamerica-a-recibir-refugiados-sirios\/"}],"_links":{"self":[{"href":"https:\/\/candas365.es\/noticias\/wp-json\/wp\/v2\/posts\/33114","targetHints":{"allow":["GET"]}}],"collection":[{"href":"https:\/\/candas365.es\/noticias\/wp-json\/wp\/v2\/posts"}],"about":[{"href":"https:\/\/candas365.es\/noticias\/wp-json\/wp\/v2\/types\/post"}],"author":[{"embeddable":true,"href":"https:\/\/candas365.es\/noticias\/wp-json\/wp\/v2\/users\/1"}],"replies":[{"embeddable":true,"href":"https:\/\/candas365.es\/noticias\/wp-json\/wp\/v2\/comments?post=33114"}],"version-history":[{"count":0,"href":"https:\/\/candas365.es\/noticias\/wp-json\/wp\/v2\/posts\/33114\/revisions"}],"wp:featuredmedia":[{"embeddable":true,"href":"https:\/\/candas365.es\/noticias\/wp-json\/wp\/v2\/media\/16457"}],"wp:attachment":[{"href":"https:\/\/candas365.es\/noticias\/wp-json\/wp\/v2\/media?parent=33114"}],"wp:term":[{"taxonomy":"category","embeddable":true,"href":"https:\/\/candas365.es\/noticias\/wp-json\/wp\/v2\/categories?post=33114"},{"taxonomy":"post_tag","embeddable":true,"href":"https:\/\/candas365.es\/noticias\/wp-json\/wp\/v2\/tags?post=33114"}],"curies":[{"name":"wp","href":"https:\/\/api.w.org\/{rel}","templated":true}]}}