{"id":33112,"date":"2016-08-02T23:30:40","date_gmt":"2016-08-02T22:00:40","guid":{"rendered":"http:\/\/candas365.es\/noticias\/?p=33112"},"modified":"2016-08-02T23:30:40","modified_gmt":"2016-08-02T22:00:40","slug":"mourinho-prescinde-de-schweinsteiger-y-lo-manda-al-reserva","status":"publish","type":"post","link":"https:\/\/candas365.es\/noticias\/mourinho-prescinde-de-schweinsteiger-y-lo-manda-al-reserva\/","title":{"rendered":"Mourinho prescinde de Schweinsteiger y lo manda al reserva"},"content":{"rendered":"<p><img fetchpriority=\"high\" decoding=\"async\" class=\"alignleft size-medium wp-image-32908\" src=\"https:\/\/candas365.es\/noticias\/wp-content\/uploads\/2016\/07\/Bastian-360x198.jpg\" alt=\"Bastian\" width=\"360\" height=\"198\" srcset=\"https:\/\/candas365.es\/noticias\/wp-content\/uploads\/2016\/07\/Bastian-360x198.jpg 360w, https:\/\/candas365.es\/noticias\/wp-content\/uploads\/2016\/07\/Bastian-650x357.jpg 650w, https:\/\/candas365.es\/noticias\/wp-content\/uploads\/2016\/07\/Bastian-150x82.jpg 150w, https:\/\/candas365.es\/noticias\/wp-content\/uploads\/2016\/07\/Bastian-450x247.jpg 450w, https:\/\/candas365.es\/noticias\/wp-content\/uploads\/2016\/07\/Bastian.jpg 655w\" sizes=\"(max-width: 360px) 100vw, 360px\" \/>Manchester (R. Unido), 2 ago (dpa) &#8211; El alem\u00e1n Bastian Schweinsteiger deber\u00e1 entrenarse con los juveniles del Manchester United hasta que consiga un nuevo equipo, seg\u00fan lo dispuso ayer el entrenador del club ingl\u00e9s, el portug\u00e9s Jos\u00e9 Mourinho.<\/p>\n<p>Justo el d\u00eda de su cumplea\u00f1os 32 y tres d\u00edas despu\u00e9s de anunciar su alejamiento de la selecci\u00f3n alemana, Schweinsteiger debi\u00f3 tomar sus pertenencias del vestuario y dirigirse a practicar con el equipo de reserva del club que milita en la Liga inglesa, informaron los medios brit\u00e1nicos.<\/p>\n<p>Mourinho ya hab\u00eda anticipado que no ten\u00eda previsto contar con el mediocampista alem\u00e1n, campe\u00f3n del mundo en Brasil 2014. En el amistoso del s\u00e1bado ante el Galatasaray, el portugu\u00e9s no lo aline\u00f3 ni entre los titulares ni entre los suplentes.<\/p>\n<p>\u00abAl jugador que no tengo en los planes, no lo voy a colocar ni un minuto. Y no lo quiero en el plantel\u00bb, dijo el ex t\u00e9cnico del Real Madrid, el Inter de Mil\u00e1n y el Chelsea, entre otros, despu\u00e9s de ese partido a la se\u00f1al de televisi\u00f3n del club.<\/p>\n<p>De acuerdo a la informaci\u00f3n del diario \u00abDaily Mail\u00bb, tanto el Inter como el Milan est\u00e1n interesados en contratar al futbolista.<\/p>\n<p>&nbsp;<\/p>\n","protected":false},"excerpt":{"rendered":"<p>Manchester (R. Unido), 2 ago (dpa) &#8211; El alem\u00e1n Bastian Schweinsteiger deber\u00e1 entrenarse con los juveniles del Manchester United hasta que consiga un nuevo equipo, seg\u00fan lo dispuso ayer el entrenador del club ingl\u00e9s, el portug\u00e9s Jos\u00e9 Mourinho. Justo el d\u00eda de su cumplea\u00f1os 32 y tres d\u00edas despu\u00e9s de anunciar su alejamiento de la<\/p>\n","protected":false},"author":1,"featured_media":32908,"comment_status":"closed","ping_status":"closed","sticky":false,"template":"","format":"standard","meta":{"footnotes":""},"categories":[343],"tags":[],"class_list":{"0":"post-33112","1":"post","2":"type-post","3":"status-publish","4":"format-standard","5":"has-post-thumbnail","7":"category-actualidad"},"aioseo_notices":[],"aioseo_head":"\n\t\t<!-- All in One SEO Pro 4.9.6.2 - aioseo.com -->\n\t<meta name=\"description\" content=\"Manchester (R. Unido), 2 ago (dpa) - El alem\u00e1n Bastian Schweinsteiger deber\u00e1 entrenarse con los juveniles del Manchester United hasta que consiga un nuevo equipo, seg\u00fan lo dispuso ayer el entrenador del club ingl\u00e9s, el portug\u00e9s Jos\u00e9 Mourinho. Justo el d\u00eda de su cumplea\u00f1os 32 y tres d\u00edas despu\u00e9s de anunciar su alejamiento de la\" \/>\n\t<meta name=\"robots\" content=\"max-image-preview:large\" \/>\n\t<meta name=\"author\" content=\"Cand\u00e1s 365\"\/>\n\t<meta name=\"google-site-verification\" content=\"UA-32230408-1\" \/>\n\t<meta name=\"msvalidate.01\" content=\"354F3CDFB2DA171B47FBE9ABF1F88D5\" \/>\n\t<meta name=\"keywords\" content=\"actualidad\" \/>\n\t<link rel=\"canonical\" href=\"https:\/\/candas365.es\/noticias\/mourinho-prescinde-de-schweinsteiger-y-lo-manda-al-reserva\/\" \/>\n\t<meta name=\"generator\" content=\"All in One SEO Pro (AIOSEO) 4.9.6.2\" \/>\n\t\t<meta property=\"og:locale\" content=\"es_ES\" \/>\n\t\t<meta property=\"og:site_name\" content=\"Cand\u00e1s 365\" \/>\n\t\t<meta property=\"og:type\" content=\"article\" \/>\n\t\t<meta property=\"og:title\" content=\"Mourinho prescinde de Schweinsteiger y lo manda al reserva | Cand\u00e1s 365\" \/>\n\t\t<meta property=\"og:description\" content=\"Manchester (R. Unido), 2 ago (dpa) - El alem\u00e1n Bastian Schweinsteiger deber\u00e1 entrenarse con los juveniles del Manchester United hasta que consiga un nuevo equipo, seg\u00fan lo dispuso ayer el entrenador del club ingl\u00e9s, el portug\u00e9s Jos\u00e9 Mourinho. Justo el d\u00eda de su cumplea\u00f1os 32 y tres d\u00edas despu\u00e9s de anunciar su alejamiento de la\" \/>\n\t\t<meta property=\"og:url\" content=\"https:\/\/candas365.es\/noticias\/mourinho-prescinde-de-schweinsteiger-y-lo-manda-al-reserva\/\" \/>\n\t\t<meta property=\"og:image\" content=\"https:\/\/candas365.es\/noticias\/wp-content\/uploads\/2016\/07\/Bastian.jpg\" \/>\n\t\t<meta property=\"og:image:secure_url\" content=\"https:\/\/candas365.es\/noticias\/wp-content\/uploads\/2016\/07\/Bastian.jpg\" \/>\n\t\t<meta property=\"og:image:width\" content=\"655\" \/>\n\t\t<meta property=\"og:image:height\" content=\"360\" \/>\n\t\t<meta property=\"article:published_time\" content=\"2016-08-02T22:00:40+00:00\" \/>\n\t\t<meta property=\"article:modified_time\" content=\"2016-08-02T22:00:40+00:00\" \/>\n\t\t<meta property=\"article:publisher\" content=\"https:\/\/www.facebook.com\/Nachofdezber\" \/>\n\t\t<meta property=\"article:author\" content=\"https:\/\/www.facebook.com\/carrenoactualidad\" \/>\n\t\t<meta name=\"twitter:card\" content=\"summary_large_image\" \/>\n\t\t<meta name=\"twitter:site\" content=\"@NabercoDigital\" \/>\n\t\t<meta name=\"twitter:title\" content=\"Mourinho prescinde de Schweinsteiger y lo manda al reserva | Cand\u00e1s 365\" \/>\n\t\t<meta name=\"twitter:description\" content=\"Manchester (R. Unido), 2 ago (dpa) - El alem\u00e1n Bastian Schweinsteiger deber\u00e1 entrenarse con los juveniles del Manchester United hasta que consiga un nuevo equipo, seg\u00fan lo dispuso ayer el entrenador del club ingl\u00e9s, el portug\u00e9s Jos\u00e9 Mourinho. Justo el d\u00eda de su cumplea\u00f1os 32 y tres d\u00edas despu\u00e9s de anunciar su alejamiento de la\" \/>\n\t\t<meta name=\"twitter:creator\" content=\"@nbasturias\" \/>\n\t\t<meta name=\"twitter:image\" content=\"https:\/\/candas365.es\/noticias\/wp-content\/uploads\/2016\/07\/Bastian.jpg\" \/>\n\t\t<meta name=\"twitter:label1\" content=\"Escrito por\" \/>\n\t\t<meta name=\"twitter:data1\" content=\"Cand\u00e1s 365\" \/>\n\t\t<meta name=\"twitter:label2\" content=\"Tiempo de lectura estimado\" \/>\n\t\t<meta name=\"twitter:data2\" content=\"1 minuto\" \/>\n\t\t<script type=\"application\/ld+json\" class=\"aioseo-schema\">\n\t\t\t{\"@context\":\"https:\\\/\\\/schema.org\",\"@graph\":[{\"@type\":\"BreadcrumbList\",\"@id\":\"https:\\\/\\\/candas365.es\\\/noticias\\\/mourinho-prescinde-de-schweinsteiger-y-lo-manda-al-reserva\\\/#breadcrumblist\",\"itemListElement\":[{\"@type\":\"ListItem\",\"@id\":\"https:\\\/\\\/candas365.es\\\/noticias#listItem\",\"position\":1,\"name\":\"Home\",\"item\":\"https:\\\/\\\/candas365.es\\\/noticias\",\"nextItem\":{\"@type\":\"ListItem\",\"@id\":\"https:\\\/\\\/candas365.es\\\/noticias\\\/category\\\/actualidad\\\/#listItem\",\"name\":\"Actualidad\"}},{\"@type\":\"ListItem\",\"@id\":\"https:\\\/\\\/candas365.es\\\/noticias\\\/category\\\/actualidad\\\/#listItem\",\"position\":2,\"name\":\"Actualidad\",\"item\":\"https:\\\/\\\/candas365.es\\\/noticias\\\/category\\\/actualidad\\\/\",\"nextItem\":{\"@type\":\"ListItem\",\"@id\":\"https:\\\/\\\/candas365.es\\\/noticias\\\/mourinho-prescinde-de-schweinsteiger-y-lo-manda-al-reserva\\\/#listItem\",\"name\":\"Mourinho prescinde de Schweinsteiger y lo manda al reserva\"},\"previousItem\":{\"@type\":\"ListItem\",\"@id\":\"https:\\\/\\\/candas365.es\\\/noticias#listItem\",\"name\":\"Home\"}},{\"@type\":\"ListItem\",\"@id\":\"https:\\\/\\\/candas365.es\\\/noticias\\\/mourinho-prescinde-de-schweinsteiger-y-lo-manda-al-reserva\\\/#listItem\",\"position\":3,\"name\":\"Mourinho prescinde de Schweinsteiger y lo manda al reserva\",\"previousItem\":{\"@type\":\"ListItem\",\"@id\":\"https:\\\/\\\/candas365.es\\\/noticias\\\/category\\\/actualidad\\\/#listItem\",\"name\":\"Actualidad\"}}]},{\"@type\":\"NewsArticle\",\"@id\":\"https:\\\/\\\/candas365.es\\\/noticias\\\/mourinho-prescinde-de-schweinsteiger-y-lo-manda-al-reserva\\\/#newsarticle\",\"name\":\"Mourinho prescinde de Schweinsteiger y lo manda al reserva | Cand\\u00e1s 365\",\"headline\":\"Mourinho prescinde de Schweinsteiger y lo manda al reserva\",\"author\":{\"@id\":\"https:\\\/\\\/candas365.es\\\/noticias\\\/author\\\/admin\\\/#author\"},\"publisher\":{\"@id\":\"https:\\\/\\\/candas365.es\\\/noticias\\\/#organization\"},\"image\":{\"@type\":\"ImageObject\",\"url\":\"https:\\\/\\\/candas365.es\\\/noticias\\\/wp-content\\\/uploads\\\/2016\\\/07\\\/Bastian.jpg\",\"width\":655,\"height\":360},\"datePublished\":\"2016-08-02T23:30:40+02:00\",\"dateModified\":\"2016-08-02T23:30:40+02:00\",\"inLanguage\":\"es-ES\",\"mainEntityOfPage\":{\"@id\":\"https:\\\/\\\/candas365.es\\\/noticias\\\/mourinho-prescinde-de-schweinsteiger-y-lo-manda-al-reserva\\\/#webpage\"},\"isPartOf\":{\"@id\":\"https:\\\/\\\/candas365.es\\\/noticias\\\/mourinho-prescinde-de-schweinsteiger-y-lo-manda-al-reserva\\\/#webpage\"},\"articleSection\":\"Actualidad\",\"dateline\":\"Publicado el agosto 2, 2016.\"},{\"@type\":\"Organization\",\"@id\":\"https:\\\/\\\/candas365.es\\\/noticias\\\/#organization\",\"name\":\"Cand\\u00e1s 365\",\"description\":\"Cand\\u00e1s 365 es un diario digital independiente, fundado en 2012, con base en Asturias. Informamos con rigor sobre actualidad, sociedad, cultura y ocio, con una mirada local y global.\",\"url\":\"https:\\\/\\\/candas365.es\\\/noticias\\\/\",\"email\":\"info@candas365.es\",\"telephone\":\"+34652131393\",\"foundingDate\":\"2012-06-10\",\"logo\":{\"@type\":\"ImageObject\",\"url\":\"https:\\\/\\\/candas365.es\\\/noticias\\\/wp-content\\\/uploads\\\/2024\\\/09\\\/Candas-365-Redes.jpg\",\"@id\":\"https:\\\/\\\/candas365.es\\\/noticias\\\/mourinho-prescinde-de-schweinsteiger-y-lo-manda-al-reserva\\\/#organizationLogo\",\"width\":1152,\"height\":864,\"caption\":\"Cand\\u00e1s 365 Redes\"},\"image\":{\"@id\":\"https:\\\/\\\/candas365.es\\\/noticias\\\/mourinho-prescinde-de-schweinsteiger-y-lo-manda-al-reserva\\\/#organizationLogo\"},\"sameAs\":[\"https:\\\/\\\/www.facebook.com\\\/Nachofdezber\",\"https:\\\/\\\/x.com\\\/NabercoDigital\",\"https:\\\/\\\/www.instagram.com\\\/nachofdezber\\\/\",\"https:\\\/\\\/www.youtube.com\\\/channel\\\/UCZP-2wLEB9Rv6erhFmqVnvg\"],\"address\":{\"@id\":\"https:\\\/\\\/candas365.es\\\/noticias\\\/#postaladdress\",\"@type\":\"PostalAddress\",\"streetAddress\":\"san antonio 4, san antonio 4\",\"postalCode\":\"33430\",\"addressLocality\":\"Cand\\u00e1s\",\"addressRegion\":\"Asturias\",\"addressCountry\":\"ES\"}},{\"@type\":\"Person\",\"@id\":\"https:\\\/\\\/candas365.es\\\/noticias\\\/author\\\/admin\\\/#author\",\"url\":\"https:\\\/\\\/candas365.es\\\/noticias\\\/author\\\/admin\\\/\",\"name\":\"Cand\\u00e1s 365\",\"image\":{\"@type\":\"ImageObject\",\"@id\":\"https:\\\/\\\/candas365.es\\\/noticias\\\/mourinho-prescinde-de-schweinsteiger-y-lo-manda-al-reserva\\\/#authorImage\",\"url\":\"https:\\\/\\\/secure.gravatar.com\\\/avatar\\\/496a8e03d0c493ede1718b7934145dbdf8d89be1036b0eec9544e1094c9de390?s=96&d=mm&r=g\",\"width\":96,\"height\":96,\"caption\":\"Cand\\u00e1s 365\"},\"sameAs\":[\"https:\\\/\\\/www.facebook.com\\\/carrenoactualidad\",\"https:\\\/\\\/twitter.com\\\/nbasturias\",\"https:\\\/\\\/www.instagram.com\\\/nachofdezber\\\/\",\"https:\\\/\\\/www.youtube.com\\\/channel\\\/UCZP-2wLEB9Rv6erhFmqVnvg\"]},{\"@type\":\"WebPage\",\"@id\":\"https:\\\/\\\/candas365.es\\\/noticias\\\/mourinho-prescinde-de-schweinsteiger-y-lo-manda-al-reserva\\\/#webpage\",\"url\":\"https:\\\/\\\/candas365.es\\\/noticias\\\/mourinho-prescinde-de-schweinsteiger-y-lo-manda-al-reserva\\\/\",\"name\":\"Mourinho prescinde de Schweinsteiger y lo manda al reserva | Cand\\u00e1s 365\",\"description\":\"Manchester (R. Unido), 2 ago (dpa) - El alem\\u00e1n Bastian Schweinsteiger deber\\u00e1 entrenarse con los juveniles del Manchester United hasta que consiga un nuevo equipo, seg\\u00fan lo dispuso ayer el entrenador del club ingl\\u00e9s, el portug\\u00e9s Jos\\u00e9 Mourinho. Justo el d\\u00eda de su cumplea\\u00f1os 32 y tres d\\u00edas despu\\u00e9s de anunciar su alejamiento de la\",\"inLanguage\":\"es-ES\",\"isPartOf\":{\"@id\":\"https:\\\/\\\/candas365.es\\\/noticias\\\/#website\"},\"breadcrumb\":{\"@id\":\"https:\\\/\\\/candas365.es\\\/noticias\\\/mourinho-prescinde-de-schweinsteiger-y-lo-manda-al-reserva\\\/#breadcrumblist\"},\"author\":{\"@id\":\"https:\\\/\\\/candas365.es\\\/noticias\\\/author\\\/admin\\\/#author\"},\"creator\":{\"@id\":\"https:\\\/\\\/candas365.es\\\/noticias\\\/author\\\/admin\\\/#author\"},\"image\":{\"@type\":\"ImageObject\",\"url\":\"https:\\\/\\\/candas365.es\\\/noticias\\\/wp-content\\\/uploads\\\/2016\\\/07\\\/Bastian.jpg\",\"@id\":\"https:\\\/\\\/candas365.es\\\/noticias\\\/mourinho-prescinde-de-schweinsteiger-y-lo-manda-al-reserva\\\/#mainImage\",\"width\":655,\"height\":360},\"primaryImageOfPage\":{\"@id\":\"https:\\\/\\\/candas365.es\\\/noticias\\\/mourinho-prescinde-de-schweinsteiger-y-lo-manda-al-reserva\\\/#mainImage\"},\"datePublished\":\"2016-08-02T23:30:40+02:00\",\"dateModified\":\"2016-08-02T23:30:40+02:00\"},{\"@type\":\"WebSite\",\"@id\":\"https:\\\/\\\/candas365.es\\\/noticias\\\/#website\",\"url\":\"https:\\\/\\\/candas365.es\\\/noticias\\\/\",\"name\":\"Cand\\u00e1s 365\",\"alternateName\":\"Cand\\u00e1s 365 Noticias\",\"description\":\"Actualidad desde Carre\\u00f1o para el mundo\",\"inLanguage\":\"es-ES\",\"publisher\":{\"@id\":\"https:\\\/\\\/candas365.es\\\/noticias\\\/#organization\"}}]}\n\t\t<\/script>\n\t\t<!-- All in One SEO Pro -->\r\n\t\t<title>Mourinho prescinde de Schweinsteiger y lo manda al reserva | Cand\u00e1s 365<\/title>\n\n","aioseo_head_json":{"title":"Mourinho prescinde de Schweinsteiger y lo manda al reserva | Cand\u00e1s 365","description":"Manchester (R. Unido), 2 ago (dpa) - El alem\u00e1n Bastian Schweinsteiger deber\u00e1 entrenarse con los juveniles del Manchester United hasta que consiga un nuevo equipo, seg\u00fan lo dispuso ayer el entrenador del club ingl\u00e9s, el portug\u00e9s Jos\u00e9 Mourinho. Justo el d\u00eda de su cumplea\u00f1os 32 y tres d\u00edas despu\u00e9s de anunciar su alejamiento de la","canonical_url":"https:\/\/candas365.es\/noticias\/mourinho-prescinde-de-schweinsteiger-y-lo-manda-al-reserva\/","robots":"max-image-preview:large","keywords":"actualidad","webmasterTools":{"google-site-verification":"UA-32230408-1","msvalidate.01":"354F3CDFB2DA171B47FBE9ABF1F88D5","miscellaneous":""},"schema":{"@context":"https:\/\/schema.org","@graph":[{"@type":"BreadcrumbList","@id":"https:\/\/candas365.es\/noticias\/mourinho-prescinde-de-schweinsteiger-y-lo-manda-al-reserva\/#breadcrumblist","itemListElement":[{"@type":"ListItem","@id":"https:\/\/candas365.es\/noticias#listItem","position":1,"name":"Home","item":"https:\/\/candas365.es\/noticias","nextItem":{"@type":"ListItem","@id":"https:\/\/candas365.es\/noticias\/category\/actualidad\/#listItem","name":"Actualidad"}},{"@type":"ListItem","@id":"https:\/\/candas365.es\/noticias\/category\/actualidad\/#listItem","position":2,"name":"Actualidad","item":"https:\/\/candas365.es\/noticias\/category\/actualidad\/","nextItem":{"@type":"ListItem","@id":"https:\/\/candas365.es\/noticias\/mourinho-prescinde-de-schweinsteiger-y-lo-manda-al-reserva\/#listItem","name":"Mourinho prescinde de Schweinsteiger y lo manda al reserva"},"previousItem":{"@type":"ListItem","@id":"https:\/\/candas365.es\/noticias#listItem","name":"Home"}},{"@type":"ListItem","@id":"https:\/\/candas365.es\/noticias\/mourinho-prescinde-de-schweinsteiger-y-lo-manda-al-reserva\/#listItem","position":3,"name":"Mourinho prescinde de Schweinsteiger y lo manda al reserva","previousItem":{"@type":"ListItem","@id":"https:\/\/candas365.es\/noticias\/category\/actualidad\/#listItem","name":"Actualidad"}}]},{"@type":"NewsArticle","@id":"https:\/\/candas365.es\/noticias\/mourinho-prescinde-de-schweinsteiger-y-lo-manda-al-reserva\/#newsarticle","name":"Mourinho prescinde de Schweinsteiger y lo manda al reserva | Cand\u00e1s 365","headline":"Mourinho prescinde de Schweinsteiger y lo manda al reserva","author":{"@id":"https:\/\/candas365.es\/noticias\/author\/admin\/#author"},"publisher":{"@id":"https:\/\/candas365.es\/noticias\/#organization"},"image":{"@type":"ImageObject","url":"https:\/\/candas365.es\/noticias\/wp-content\/uploads\/2016\/07\/Bastian.jpg","width":655,"height":360},"datePublished":"2016-08-02T23:30:40+02:00","dateModified":"2016-08-02T23:30:40+02:00","inLanguage":"es-ES","mainEntityOfPage":{"@id":"https:\/\/candas365.es\/noticias\/mourinho-prescinde-de-schweinsteiger-y-lo-manda-al-reserva\/#webpage"},"isPartOf":{"@id":"https:\/\/candas365.es\/noticias\/mourinho-prescinde-de-schweinsteiger-y-lo-manda-al-reserva\/#webpage"},"articleSection":"Actualidad","dateline":"Publicado el agosto 2, 2016."},{"@type":"Organization","@id":"https:\/\/candas365.es\/noticias\/#organization","name":"Cand\u00e1s 365","description":"Cand\u00e1s 365 es un diario digital independiente, fundado en 2012, con base en Asturias. Informamos con rigor sobre actualidad, sociedad, cultura y ocio, con una mirada local y global.","url":"https:\/\/candas365.es\/noticias\/","email":"info@candas365.es","telephone":"+34652131393","foundingDate":"2012-06-10","logo":{"@type":"ImageObject","url":"https:\/\/candas365.es\/noticias\/wp-content\/uploads\/2024\/09\/Candas-365-Redes.jpg","@id":"https:\/\/candas365.es\/noticias\/mourinho-prescinde-de-schweinsteiger-y-lo-manda-al-reserva\/#organizationLogo","width":1152,"height":864,"caption":"Cand\u00e1s 365 Redes"},"image":{"@id":"https:\/\/candas365.es\/noticias\/mourinho-prescinde-de-schweinsteiger-y-lo-manda-al-reserva\/#organizationLogo"},"sameAs":["https:\/\/www.facebook.com\/Nachofdezber","https:\/\/x.com\/NabercoDigital","https:\/\/www.instagram.com\/nachofdezber\/","https:\/\/www.youtube.com\/channel\/UCZP-2wLEB9Rv6erhFmqVnvg"],"address":{"@id":"https:\/\/candas365.es\/noticias\/#postaladdress","@type":"PostalAddress","streetAddress":"san antonio 4, san antonio 4","postalCode":"33430","addressLocality":"Cand\u00e1s","addressRegion":"Asturias","addressCountry":"ES"}},{"@type":"Person","@id":"https:\/\/candas365.es\/noticias\/author\/admin\/#author","url":"https:\/\/candas365.es\/noticias\/author\/admin\/","name":"Cand\u00e1s 365","image":{"@type":"ImageObject","@id":"https:\/\/candas365.es\/noticias\/mourinho-prescinde-de-schweinsteiger-y-lo-manda-al-reserva\/#authorImage","url":"https:\/\/secure.gravatar.com\/avatar\/496a8e03d0c493ede1718b7934145dbdf8d89be1036b0eec9544e1094c9de390?s=96&d=mm&r=g","width":96,"height":96,"caption":"Cand\u00e1s 365"},"sameAs":["https:\/\/www.facebook.com\/carrenoactualidad","https:\/\/twitter.com\/nbasturias","https:\/\/www.instagram.com\/nachofdezber\/","https:\/\/www.youtube.com\/channel\/UCZP-2wLEB9Rv6erhFmqVnvg"]},{"@type":"WebPage","@id":"https:\/\/candas365.es\/noticias\/mourinho-prescinde-de-schweinsteiger-y-lo-manda-al-reserva\/#webpage","url":"https:\/\/candas365.es\/noticias\/mourinho-prescinde-de-schweinsteiger-y-lo-manda-al-reserva\/","name":"Mourinho prescinde de Schweinsteiger y lo manda al reserva | Cand\u00e1s 365","description":"Manchester (R. Unido), 2 ago (dpa) - El alem\u00e1n Bastian Schweinsteiger deber\u00e1 entrenarse con los juveniles del Manchester United hasta que consiga un nuevo equipo, seg\u00fan lo dispuso ayer el entrenador del club ingl\u00e9s, el portug\u00e9s Jos\u00e9 Mourinho. Justo el d\u00eda de su cumplea\u00f1os 32 y tres d\u00edas despu\u00e9s de anunciar su alejamiento de la","inLanguage":"es-ES","isPartOf":{"@id":"https:\/\/candas365.es\/noticias\/#website"},"breadcrumb":{"@id":"https:\/\/candas365.es\/noticias\/mourinho-prescinde-de-schweinsteiger-y-lo-manda-al-reserva\/#breadcrumblist"},"author":{"@id":"https:\/\/candas365.es\/noticias\/author\/admin\/#author"},"creator":{"@id":"https:\/\/candas365.es\/noticias\/author\/admin\/#author"},"image":{"@type":"ImageObject","url":"https:\/\/candas365.es\/noticias\/wp-content\/uploads\/2016\/07\/Bastian.jpg","@id":"https:\/\/candas365.es\/noticias\/mourinho-prescinde-de-schweinsteiger-y-lo-manda-al-reserva\/#mainImage","width":655,"height":360},"primaryImageOfPage":{"@id":"https:\/\/candas365.es\/noticias\/mourinho-prescinde-de-schweinsteiger-y-lo-manda-al-reserva\/#mainImage"},"datePublished":"2016-08-02T23:30:40+02:00","dateModified":"2016-08-02T23:30:40+02:00"},{"@type":"WebSite","@id":"https:\/\/candas365.es\/noticias\/#website","url":"https:\/\/candas365.es\/noticias\/","name":"Cand\u00e1s 365","alternateName":"Cand\u00e1s 365 Noticias","description":"Actualidad desde Carre\u00f1o para el mundo","inLanguage":"es-ES","publisher":{"@id":"https:\/\/candas365.es\/noticias\/#organization"}}]},"og:locale":"es_ES","og:site_name":"Cand\u00e1s 365","og:type":"article","og:title":"Mourinho prescinde de Schweinsteiger y lo manda al reserva | Cand\u00e1s 365","og:description":"Manchester (R. Unido), 2 ago (dpa) - El alem\u00e1n Bastian Schweinsteiger deber\u00e1 entrenarse con los juveniles del Manchester United hasta que consiga un nuevo equipo, seg\u00fan lo dispuso ayer el entrenador del club ingl\u00e9s, el portug\u00e9s Jos\u00e9 Mourinho. Justo el d\u00eda de su cumplea\u00f1os 32 y tres d\u00edas despu\u00e9s de anunciar su alejamiento de la","og:url":"https:\/\/candas365.es\/noticias\/mourinho-prescinde-de-schweinsteiger-y-lo-manda-al-reserva\/","og:image":"https:\/\/candas365.es\/noticias\/wp-content\/uploads\/2016\/07\/Bastian.jpg","og:image:secure_url":"https:\/\/candas365.es\/noticias\/wp-content\/uploads\/2016\/07\/Bastian.jpg","og:image:width":655,"og:image:height":360,"article:published_time":"2016-08-02T22:00:40+00:00","article:modified_time":"2016-08-02T22:00:40+00:00","article:publisher":"https:\/\/www.facebook.com\/Nachofdezber","article:author":"https:\/\/www.facebook.com\/carrenoactualidad","twitter:card":"summary_large_image","twitter:site":"@NabercoDigital","twitter:title":"Mourinho prescinde de Schweinsteiger y lo manda al reserva | Cand\u00e1s 365","twitter:description":"Manchester (R. Unido), 2 ago (dpa) - El alem\u00e1n Bastian Schweinsteiger deber\u00e1 entrenarse con los juveniles del Manchester United hasta que consiga un nuevo equipo, seg\u00fan lo dispuso ayer el entrenador del club ingl\u00e9s, el portug\u00e9s Jos\u00e9 Mourinho. Justo el d\u00eda de su cumplea\u00f1os 32 y tres d\u00edas despu\u00e9s de anunciar su alejamiento de la","twitter:creator":"@nbasturias","twitter:image":"https:\/\/candas365.es\/noticias\/wp-content\/uploads\/2016\/07\/Bastian.jpg","twitter:label1":"Escrito por","twitter:data1":"Cand\u00e1s 365","twitter:label2":"Tiempo de lectura estimado","twitter:data2":"1 minuto"},"aioseo_meta_data":{"post_id":"33112","title":null,"description":null,"keywords":null,"keyphrases":null,"primary_term":null,"canonical_url":null,"og_title":null,"og_description":null,"og_object_type":"default","og_image_type":"default","og_image_url":null,"og_image_width":null,"og_image_height":null,"og_image_custom_url":null,"og_image_custom_fields":null,"og_video":null,"og_custom_url":null,"og_article_section":null,"og_article_tags":null,"twitter_use_og":false,"twitter_card":"default","twitter_image_type":"default","twitter_image_url":null,"twitter_image_custom_url":null,"twitter_image_custom_fields":null,"twitter_title":null,"twitter_description":null,"schema":{"blockGraphs":[],"customGraphs":[],"default":{"data":{"Article":[],"Course":[],"Dataset":[],"FAQPage":[],"Movie":[],"Person":[],"Product":[],"ProductReview":[],"Car":[],"Recipe":[],"Service":[],"SoftwareApplication":[],"WebPage":[]},"graphName":"","isEnabled":true},"graphs":[],"defaultGraph":"","defaultPostTypeGraph":""},"schema_type":null,"schema_type_options":null,"pillar_content":false,"robots_default":true,"robots_noindex":false,"robots_noarchive":false,"robots_nosnippet":false,"robots_nofollow":false,"robots_noimageindex":false,"robots_noodp":false,"robots_notranslate":false,"robots_max_snippet":null,"robots_max_videopreview":null,"robots_max_imagepreview":"large","priority":null,"frequency":null,"location":null,"local_seo":null,"seo_analyzer_scan_date":"2025-08-24 16:25:12","breadcrumb_settings":null,"limit_modified_date":false,"reviewed_by":null,"open_ai":null,"ai":null,"created":"2020-12-21 13:06:03","updated":"2025-08-24 16:25:12"},"aioseo_breadcrumb":"<div class=\"aioseo-breadcrumbs\"><span class=\"aioseo-breadcrumb\">\n\t<a href=\"https:\/\/candas365.es\/noticias\" title=\"Home\">Home<\/a>\n<\/span><span class=\"aioseo-breadcrumb-separator\">&ndash;<\/span><span class=\"aioseo-breadcrumb\">\n\t<a href=\"https:\/\/candas365.es\/noticias\/category\/actualidad\/\" title=\"Actualidad\">Actualidad<\/a>\n<\/span><span class=\"aioseo-breadcrumb-separator\">&ndash;<\/span><span class=\"aioseo-breadcrumb\">\n\tMourinho prescinde de Schweinsteiger y lo manda al reserva\n<\/span><\/div>","aioseo_breadcrumb_json":[{"label":"Home","link":"https:\/\/candas365.es\/noticias"},{"label":"Actualidad","link":"https:\/\/candas365.es\/noticias\/category\/actualidad\/"},{"label":"Mourinho prescinde de Schweinsteiger y lo manda al reserva","link":"https:\/\/candas365.es\/noticias\/mourinho-prescinde-de-schweinsteiger-y-lo-manda-al-reserva\/"}],"_links":{"self":[{"href":"https:\/\/candas365.es\/noticias\/wp-json\/wp\/v2\/posts\/33112","targetHints":{"allow":["GET"]}}],"collection":[{"href":"https:\/\/candas365.es\/noticias\/wp-json\/wp\/v2\/posts"}],"about":[{"href":"https:\/\/candas365.es\/noticias\/wp-json\/wp\/v2\/types\/post"}],"author":[{"embeddable":true,"href":"https:\/\/candas365.es\/noticias\/wp-json\/wp\/v2\/users\/1"}],"replies":[{"embeddable":true,"href":"https:\/\/candas365.es\/noticias\/wp-json\/wp\/v2\/comments?post=33112"}],"version-history":[{"count":0,"href":"https:\/\/candas365.es\/noticias\/wp-json\/wp\/v2\/posts\/33112\/revisions"}],"wp:featuredmedia":[{"embeddable":true,"href":"https:\/\/candas365.es\/noticias\/wp-json\/wp\/v2\/media\/32908"}],"wp:attachment":[{"href":"https:\/\/candas365.es\/noticias\/wp-json\/wp\/v2\/media?parent=33112"}],"wp:term":[{"taxonomy":"category","embeddable":true,"href":"https:\/\/candas365.es\/noticias\/wp-json\/wp\/v2\/categories?post=33112"},{"taxonomy":"post_tag","embeddable":true,"href":"https:\/\/candas365.es\/noticias\/wp-json\/wp\/v2\/tags?post=33112"}],"curies":[{"name":"wp","href":"https:\/\/api.w.org\/{rel}","templated":true}]}}