{"id":33063,"date":"2016-08-02T02:39:16","date_gmt":"2016-08-02T01:09:16","guid":{"rendered":"http:\/\/candas365.es\/noticias\/?p=33063"},"modified":"2016-08-02T02:39:16","modified_gmt":"2016-08-02T01:09:16","slug":"la-mayoria-del-personal-domestico-en-alemania-trabaja-en-negro","status":"publish","type":"post","link":"https:\/\/candas365.es\/noticias\/la-mayoria-del-personal-domestico-en-alemania-trabaja-en-negro\/","title":{"rendered":"La mayor\u00eda del personal dom\u00e9stico en Alemania trabaja en negro"},"content":{"rendered":"<p>Colonia (Alemania), 1 ago (dpa) &#8211; La mayor\u00eda del personal dom\u00e9stico en Alemania trabaja en negro, seg\u00fan un estudio publicado hoy por el Instituto de Econom\u00eda Alem\u00e1n (IW).<\/p>\n<p>En concreto, cerca de un 80 por ciento del personal de ayuda en los hogares, lo que supone cerca de tres millones de personas, trabaj\u00f3 ilegalmente el pasado a\u00f1o en la mayor econom\u00eda de Europa.<\/p>\n<p>El experto en econom\u00eda sumergida Friedrich Schneider, de la Universidad de Linz, sostiene que esta estimaci\u00f3n es realista. El n\u00famero de personal dom\u00e9stico ilegal sigue siendo muy elevado, coment\u00f3 Schneider, que estima que la suma total de salarios en negro en los hogares alemanes alcanz\u00f3 ese a\u00f1o entre 25.000 y 30.000 millones de euros (33.500 millones de d\u00f3lares).<\/p>\n<p>El problema es que el trabajo sin declarar aporta beneficios tanto al que contrata como al trabajador, explic\u00f3 el experto. Para los hogares es m\u00e1s barato y para el personal es mejor para evitar impuestos, agreg\u00f3.<\/p>\n<p>De acuerdo con el IW, los hogares que suelen tener este tipo de trabajadores son los de personas mayores o los de personas con alto nivel de ingresos. Debido a que no se necesitan a tiempo completo, s\u00f3lo algunos pocos los registran oficialmente, indic\u00f3 el instituto.<\/p>\n","protected":false},"excerpt":{"rendered":"<p>Colonia (Alemania), 1 ago (dpa) &#8211; La mayor\u00eda del personal dom\u00e9stico en Alemania trabaja en negro, seg\u00fan un estudio publicado hoy por el Instituto de Econom\u00eda Alem\u00e1n (IW). En concreto, cerca de un 80 por ciento del personal de ayuda en los hogares, lo que supone cerca de tres millones de personas, trabaj\u00f3 ilegalmente el<\/p>\n","protected":false},"author":1,"featured_media":19556,"comment_status":"closed","ping_status":"closed","sticky":false,"template":"","format":"standard","meta":{"footnotes":""},"categories":[343],"tags":[],"class_list":{"0":"post-33063","1":"post","2":"type-post","3":"status-publish","4":"format-standard","5":"has-post-thumbnail","7":"category-actualidad"},"aioseo_notices":[],"aioseo_head":"\n\t\t<!-- All in One SEO Pro 4.9.6.2 - aioseo.com -->\n\t<meta name=\"description\" content=\"Colonia (Alemania), 1 ago (dpa) - La mayor\u00eda del personal dom\u00e9stico en Alemania trabaja en negro, seg\u00fan un estudio publicado hoy por el Instituto de Econom\u00eda Alem\u00e1n (IW). En concreto, cerca de un 80 por ciento del personal de ayuda en los hogares, lo que supone cerca de tres millones de personas, trabaj\u00f3 ilegalmente el\" \/>\n\t<meta name=\"robots\" content=\"max-image-preview:large\" \/>\n\t<meta name=\"author\" content=\"Cand\u00e1s 365\"\/>\n\t<meta name=\"google-site-verification\" content=\"UA-32230408-1\" \/>\n\t<meta name=\"msvalidate.01\" content=\"354F3CDFB2DA171B47FBE9ABF1F88D5\" \/>\n\t<meta name=\"keywords\" content=\"actualidad\" \/>\n\t<link rel=\"canonical\" href=\"https:\/\/candas365.es\/noticias\/la-mayoria-del-personal-domestico-en-alemania-trabaja-en-negro\/\" \/>\n\t<meta name=\"generator\" content=\"All in One SEO Pro (AIOSEO) 4.9.6.2\" \/>\n\t\t<meta property=\"og:locale\" content=\"es_ES\" \/>\n\t\t<meta property=\"og:site_name\" content=\"Cand\u00e1s 365\" \/>\n\t\t<meta property=\"og:type\" content=\"article\" \/>\n\t\t<meta property=\"og:title\" content=\"La mayor\u00eda del personal dom\u00e9stico en Alemania trabaja en negro | Cand\u00e1s 365\" \/>\n\t\t<meta property=\"og:description\" content=\"Colonia (Alemania), 1 ago (dpa) - La mayor\u00eda del personal dom\u00e9stico en Alemania trabaja en negro, seg\u00fan un estudio publicado hoy por el Instituto de Econom\u00eda Alem\u00e1n (IW). En concreto, cerca de un 80 por ciento del personal de ayuda en los hogares, lo que supone cerca de tres millones de personas, trabaj\u00f3 ilegalmente el\" \/>\n\t\t<meta property=\"og:url\" content=\"https:\/\/candas365.es\/noticias\/la-mayoria-del-personal-domestico-en-alemania-trabaja-en-negro\/\" \/>\n\t\t<meta property=\"og:image\" content=\"https:\/\/candas365.es\/noticias\/wp-content\/uploads\/2015\/11\/euros.jpg\" \/>\n\t\t<meta property=\"og:image:secure_url\" content=\"https:\/\/candas365.es\/noticias\/wp-content\/uploads\/2015\/11\/euros.jpg\" \/>\n\t\t<meta property=\"og:image:width\" content=\"655\" \/>\n\t\t<meta property=\"og:image:height\" content=\"360\" \/>\n\t\t<meta property=\"article:published_time\" content=\"2016-08-02T01:09:16+00:00\" \/>\n\t\t<meta property=\"article:modified_time\" content=\"2016-08-02T01:09:16+00:00\" \/>\n\t\t<meta property=\"article:publisher\" content=\"https:\/\/www.facebook.com\/Nachofdezber\" \/>\n\t\t<meta property=\"article:author\" content=\"https:\/\/www.facebook.com\/carrenoactualidad\" \/>\n\t\t<meta name=\"twitter:card\" content=\"summary_large_image\" \/>\n\t\t<meta name=\"twitter:site\" content=\"@NabercoDigital\" \/>\n\t\t<meta name=\"twitter:title\" content=\"La mayor\u00eda del personal dom\u00e9stico en Alemania trabaja en negro | Cand\u00e1s 365\" \/>\n\t\t<meta name=\"twitter:description\" content=\"Colonia (Alemania), 1 ago (dpa) - La mayor\u00eda del personal dom\u00e9stico en Alemania trabaja en negro, seg\u00fan un estudio publicado hoy por el Instituto de Econom\u00eda Alem\u00e1n (IW). En concreto, cerca de un 80 por ciento del personal de ayuda en los hogares, lo que supone cerca de tres millones de personas, trabaj\u00f3 ilegalmente el\" \/>\n\t\t<meta name=\"twitter:creator\" content=\"@nbasturias\" \/>\n\t\t<meta name=\"twitter:image\" content=\"https:\/\/candas365.es\/noticias\/wp-content\/uploads\/2015\/11\/euros.jpg\" \/>\n\t\t<meta name=\"twitter:label1\" content=\"Escrito por\" \/>\n\t\t<meta name=\"twitter:data1\" content=\"Cand\u00e1s 365\" \/>\n\t\t<meta name=\"twitter:label2\" content=\"Tiempo de lectura estimado\" \/>\n\t\t<meta name=\"twitter:data2\" content=\"1 minuto\" \/>\n\t\t<script type=\"application\/ld+json\" class=\"aioseo-schema\">\n\t\t\t{\"@context\":\"https:\\\/\\\/schema.org\",\"@graph\":[{\"@type\":\"BreadcrumbList\",\"@id\":\"https:\\\/\\\/candas365.es\\\/noticias\\\/la-mayoria-del-personal-domestico-en-alemania-trabaja-en-negro\\\/#breadcrumblist\",\"itemListElement\":[{\"@type\":\"ListItem\",\"@id\":\"https:\\\/\\\/candas365.es\\\/noticias#listItem\",\"position\":1,\"name\":\"Home\",\"item\":\"https:\\\/\\\/candas365.es\\\/noticias\",\"nextItem\":{\"@type\":\"ListItem\",\"@id\":\"https:\\\/\\\/candas365.es\\\/noticias\\\/category\\\/actualidad\\\/#listItem\",\"name\":\"Actualidad\"}},{\"@type\":\"ListItem\",\"@id\":\"https:\\\/\\\/candas365.es\\\/noticias\\\/category\\\/actualidad\\\/#listItem\",\"position\":2,\"name\":\"Actualidad\",\"item\":\"https:\\\/\\\/candas365.es\\\/noticias\\\/category\\\/actualidad\\\/\",\"nextItem\":{\"@type\":\"ListItem\",\"@id\":\"https:\\\/\\\/candas365.es\\\/noticias\\\/la-mayoria-del-personal-domestico-en-alemania-trabaja-en-negro\\\/#listItem\",\"name\":\"La mayor\\u00eda del personal dom\\u00e9stico en Alemania trabaja en negro\"},\"previousItem\":{\"@type\":\"ListItem\",\"@id\":\"https:\\\/\\\/candas365.es\\\/noticias#listItem\",\"name\":\"Home\"}},{\"@type\":\"ListItem\",\"@id\":\"https:\\\/\\\/candas365.es\\\/noticias\\\/la-mayoria-del-personal-domestico-en-alemania-trabaja-en-negro\\\/#listItem\",\"position\":3,\"name\":\"La mayor\\u00eda del personal dom\\u00e9stico en Alemania trabaja en negro\",\"previousItem\":{\"@type\":\"ListItem\",\"@id\":\"https:\\\/\\\/candas365.es\\\/noticias\\\/category\\\/actualidad\\\/#listItem\",\"name\":\"Actualidad\"}}]},{\"@type\":\"NewsArticle\",\"@id\":\"https:\\\/\\\/candas365.es\\\/noticias\\\/la-mayoria-del-personal-domestico-en-alemania-trabaja-en-negro\\\/#newsarticle\",\"name\":\"La mayor\\u00eda del personal dom\\u00e9stico en Alemania trabaja en negro | Cand\\u00e1s 365\",\"headline\":\"La mayor\\u00eda del personal dom\\u00e9stico en Alemania trabaja en negro\",\"author\":{\"@id\":\"https:\\\/\\\/candas365.es\\\/noticias\\\/author\\\/admin\\\/#author\"},\"publisher\":{\"@id\":\"https:\\\/\\\/candas365.es\\\/noticias\\\/#organization\"},\"image\":{\"@type\":\"ImageObject\",\"url\":\"https:\\\/\\\/candas365.es\\\/noticias\\\/wp-content\\\/uploads\\\/2015\\\/11\\\/euros.jpg\",\"width\":655,\"height\":360},\"datePublished\":\"2016-08-02T02:39:16+02:00\",\"dateModified\":\"2016-08-02T02:39:16+02:00\",\"inLanguage\":\"es-ES\",\"mainEntityOfPage\":{\"@id\":\"https:\\\/\\\/candas365.es\\\/noticias\\\/la-mayoria-del-personal-domestico-en-alemania-trabaja-en-negro\\\/#webpage\"},\"isPartOf\":{\"@id\":\"https:\\\/\\\/candas365.es\\\/noticias\\\/la-mayoria-del-personal-domestico-en-alemania-trabaja-en-negro\\\/#webpage\"},\"articleSection\":\"Actualidad\",\"dateline\":\"Publicado el agosto 2, 2016.\"},{\"@type\":\"Organization\",\"@id\":\"https:\\\/\\\/candas365.es\\\/noticias\\\/#organization\",\"name\":\"Cand\\u00e1s 365\",\"description\":\"Cand\\u00e1s 365 es un diario digital independiente, fundado en 2012, con base en Asturias. Informamos con rigor sobre actualidad, sociedad, cultura y ocio, con una mirada local y global.\",\"url\":\"https:\\\/\\\/candas365.es\\\/noticias\\\/\",\"email\":\"info@candas365.es\",\"telephone\":\"+34652131393\",\"foundingDate\":\"2012-06-10\",\"logo\":{\"@type\":\"ImageObject\",\"url\":\"https:\\\/\\\/candas365.es\\\/noticias\\\/wp-content\\\/uploads\\\/2024\\\/09\\\/Candas-365-Redes.jpg\",\"@id\":\"https:\\\/\\\/candas365.es\\\/noticias\\\/la-mayoria-del-personal-domestico-en-alemania-trabaja-en-negro\\\/#organizationLogo\",\"width\":1152,\"height\":864,\"caption\":\"Cand\\u00e1s 365 Redes\"},\"image\":{\"@id\":\"https:\\\/\\\/candas365.es\\\/noticias\\\/la-mayoria-del-personal-domestico-en-alemania-trabaja-en-negro\\\/#organizationLogo\"},\"sameAs\":[\"https:\\\/\\\/www.facebook.com\\\/Nachofdezber\",\"https:\\\/\\\/x.com\\\/NabercoDigital\",\"https:\\\/\\\/www.instagram.com\\\/nachofdezber\\\/\",\"https:\\\/\\\/www.youtube.com\\\/channel\\\/UCZP-2wLEB9Rv6erhFmqVnvg\"],\"address\":{\"@id\":\"https:\\\/\\\/candas365.es\\\/noticias\\\/#postaladdress\",\"@type\":\"PostalAddress\",\"streetAddress\":\"san antonio 4, san antonio 4\",\"postalCode\":\"33430\",\"addressLocality\":\"Cand\\u00e1s\",\"addressRegion\":\"Asturias\",\"addressCountry\":\"ES\"}},{\"@type\":\"Person\",\"@id\":\"https:\\\/\\\/candas365.es\\\/noticias\\\/author\\\/admin\\\/#author\",\"url\":\"https:\\\/\\\/candas365.es\\\/noticias\\\/author\\\/admin\\\/\",\"name\":\"Cand\\u00e1s 365\",\"image\":{\"@type\":\"ImageObject\",\"@id\":\"https:\\\/\\\/candas365.es\\\/noticias\\\/la-mayoria-del-personal-domestico-en-alemania-trabaja-en-negro\\\/#authorImage\",\"url\":\"https:\\\/\\\/secure.gravatar.com\\\/avatar\\\/496a8e03d0c493ede1718b7934145dbdf8d89be1036b0eec9544e1094c9de390?s=96&d=mm&r=g\",\"width\":96,\"height\":96,\"caption\":\"Cand\\u00e1s 365\"},\"sameAs\":[\"https:\\\/\\\/www.facebook.com\\\/carrenoactualidad\",\"https:\\\/\\\/twitter.com\\\/nbasturias\",\"https:\\\/\\\/www.instagram.com\\\/nachofdezber\\\/\",\"https:\\\/\\\/www.youtube.com\\\/channel\\\/UCZP-2wLEB9Rv6erhFmqVnvg\"]},{\"@type\":\"WebPage\",\"@id\":\"https:\\\/\\\/candas365.es\\\/noticias\\\/la-mayoria-del-personal-domestico-en-alemania-trabaja-en-negro\\\/#webpage\",\"url\":\"https:\\\/\\\/candas365.es\\\/noticias\\\/la-mayoria-del-personal-domestico-en-alemania-trabaja-en-negro\\\/\",\"name\":\"La mayor\\u00eda del personal dom\\u00e9stico en Alemania trabaja en negro | Cand\\u00e1s 365\",\"description\":\"Colonia (Alemania), 1 ago (dpa) - La mayor\\u00eda del personal dom\\u00e9stico en Alemania trabaja en negro, seg\\u00fan un estudio publicado hoy por el Instituto de Econom\\u00eda Alem\\u00e1n (IW). En concreto, cerca de un 80 por ciento del personal de ayuda en los hogares, lo que supone cerca de tres millones de personas, trabaj\\u00f3 ilegalmente el\",\"inLanguage\":\"es-ES\",\"isPartOf\":{\"@id\":\"https:\\\/\\\/candas365.es\\\/noticias\\\/#website\"},\"breadcrumb\":{\"@id\":\"https:\\\/\\\/candas365.es\\\/noticias\\\/la-mayoria-del-personal-domestico-en-alemania-trabaja-en-negro\\\/#breadcrumblist\"},\"author\":{\"@id\":\"https:\\\/\\\/candas365.es\\\/noticias\\\/author\\\/admin\\\/#author\"},\"creator\":{\"@id\":\"https:\\\/\\\/candas365.es\\\/noticias\\\/author\\\/admin\\\/#author\"},\"image\":{\"@type\":\"ImageObject\",\"url\":\"https:\\\/\\\/candas365.es\\\/noticias\\\/wp-content\\\/uploads\\\/2015\\\/11\\\/euros.jpg\",\"@id\":\"https:\\\/\\\/candas365.es\\\/noticias\\\/la-mayoria-del-personal-domestico-en-alemania-trabaja-en-negro\\\/#mainImage\",\"width\":655,\"height\":360},\"primaryImageOfPage\":{\"@id\":\"https:\\\/\\\/candas365.es\\\/noticias\\\/la-mayoria-del-personal-domestico-en-alemania-trabaja-en-negro\\\/#mainImage\"},\"datePublished\":\"2016-08-02T02:39:16+02:00\",\"dateModified\":\"2016-08-02T02:39:16+02:00\"},{\"@type\":\"WebSite\",\"@id\":\"https:\\\/\\\/candas365.es\\\/noticias\\\/#website\",\"url\":\"https:\\\/\\\/candas365.es\\\/noticias\\\/\",\"name\":\"Cand\\u00e1s 365\",\"alternateName\":\"Cand\\u00e1s 365 Noticias\",\"description\":\"Actualidad desde Carre\\u00f1o para el mundo\",\"inLanguage\":\"es-ES\",\"publisher\":{\"@id\":\"https:\\\/\\\/candas365.es\\\/noticias\\\/#organization\"}}]}\n\t\t<\/script>\n\t\t<!-- All in One SEO Pro -->\r\n\t\t<title>La mayor\u00eda del personal dom\u00e9stico en Alemania trabaja en negro | Cand\u00e1s 365<\/title>\n\n","aioseo_head_json":{"title":"La mayor\u00eda del personal dom\u00e9stico en Alemania trabaja en negro | Cand\u00e1s 365","description":"Colonia (Alemania), 1 ago (dpa) - La mayor\u00eda del personal dom\u00e9stico en Alemania trabaja en negro, seg\u00fan un estudio publicado hoy por el Instituto de Econom\u00eda Alem\u00e1n (IW). En concreto, cerca de un 80 por ciento del personal de ayuda en los hogares, lo que supone cerca de tres millones de personas, trabaj\u00f3 ilegalmente el","canonical_url":"https:\/\/candas365.es\/noticias\/la-mayoria-del-personal-domestico-en-alemania-trabaja-en-negro\/","robots":"max-image-preview:large","keywords":"actualidad","webmasterTools":{"google-site-verification":"UA-32230408-1","msvalidate.01":"354F3CDFB2DA171B47FBE9ABF1F88D5","miscellaneous":""},"schema":{"@context":"https:\/\/schema.org","@graph":[{"@type":"BreadcrumbList","@id":"https:\/\/candas365.es\/noticias\/la-mayoria-del-personal-domestico-en-alemania-trabaja-en-negro\/#breadcrumblist","itemListElement":[{"@type":"ListItem","@id":"https:\/\/candas365.es\/noticias#listItem","position":1,"name":"Home","item":"https:\/\/candas365.es\/noticias","nextItem":{"@type":"ListItem","@id":"https:\/\/candas365.es\/noticias\/category\/actualidad\/#listItem","name":"Actualidad"}},{"@type":"ListItem","@id":"https:\/\/candas365.es\/noticias\/category\/actualidad\/#listItem","position":2,"name":"Actualidad","item":"https:\/\/candas365.es\/noticias\/category\/actualidad\/","nextItem":{"@type":"ListItem","@id":"https:\/\/candas365.es\/noticias\/la-mayoria-del-personal-domestico-en-alemania-trabaja-en-negro\/#listItem","name":"La mayor\u00eda del personal dom\u00e9stico en Alemania trabaja en negro"},"previousItem":{"@type":"ListItem","@id":"https:\/\/candas365.es\/noticias#listItem","name":"Home"}},{"@type":"ListItem","@id":"https:\/\/candas365.es\/noticias\/la-mayoria-del-personal-domestico-en-alemania-trabaja-en-negro\/#listItem","position":3,"name":"La mayor\u00eda del personal dom\u00e9stico en Alemania trabaja en negro","previousItem":{"@type":"ListItem","@id":"https:\/\/candas365.es\/noticias\/category\/actualidad\/#listItem","name":"Actualidad"}}]},{"@type":"NewsArticle","@id":"https:\/\/candas365.es\/noticias\/la-mayoria-del-personal-domestico-en-alemania-trabaja-en-negro\/#newsarticle","name":"La mayor\u00eda del personal dom\u00e9stico en Alemania trabaja en negro | Cand\u00e1s 365","headline":"La mayor\u00eda del personal dom\u00e9stico en Alemania trabaja en negro","author":{"@id":"https:\/\/candas365.es\/noticias\/author\/admin\/#author"},"publisher":{"@id":"https:\/\/candas365.es\/noticias\/#organization"},"image":{"@type":"ImageObject","url":"https:\/\/candas365.es\/noticias\/wp-content\/uploads\/2015\/11\/euros.jpg","width":655,"height":360},"datePublished":"2016-08-02T02:39:16+02:00","dateModified":"2016-08-02T02:39:16+02:00","inLanguage":"es-ES","mainEntityOfPage":{"@id":"https:\/\/candas365.es\/noticias\/la-mayoria-del-personal-domestico-en-alemania-trabaja-en-negro\/#webpage"},"isPartOf":{"@id":"https:\/\/candas365.es\/noticias\/la-mayoria-del-personal-domestico-en-alemania-trabaja-en-negro\/#webpage"},"articleSection":"Actualidad","dateline":"Publicado el agosto 2, 2016."},{"@type":"Organization","@id":"https:\/\/candas365.es\/noticias\/#organization","name":"Cand\u00e1s 365","description":"Cand\u00e1s 365 es un diario digital independiente, fundado en 2012, con base en Asturias. Informamos con rigor sobre actualidad, sociedad, cultura y ocio, con una mirada local y global.","url":"https:\/\/candas365.es\/noticias\/","email":"info@candas365.es","telephone":"+34652131393","foundingDate":"2012-06-10","logo":{"@type":"ImageObject","url":"https:\/\/candas365.es\/noticias\/wp-content\/uploads\/2024\/09\/Candas-365-Redes.jpg","@id":"https:\/\/candas365.es\/noticias\/la-mayoria-del-personal-domestico-en-alemania-trabaja-en-negro\/#organizationLogo","width":1152,"height":864,"caption":"Cand\u00e1s 365 Redes"},"image":{"@id":"https:\/\/candas365.es\/noticias\/la-mayoria-del-personal-domestico-en-alemania-trabaja-en-negro\/#organizationLogo"},"sameAs":["https:\/\/www.facebook.com\/Nachofdezber","https:\/\/x.com\/NabercoDigital","https:\/\/www.instagram.com\/nachofdezber\/","https:\/\/www.youtube.com\/channel\/UCZP-2wLEB9Rv6erhFmqVnvg"],"address":{"@id":"https:\/\/candas365.es\/noticias\/#postaladdress","@type":"PostalAddress","streetAddress":"san antonio 4, san antonio 4","postalCode":"33430","addressLocality":"Cand\u00e1s","addressRegion":"Asturias","addressCountry":"ES"}},{"@type":"Person","@id":"https:\/\/candas365.es\/noticias\/author\/admin\/#author","url":"https:\/\/candas365.es\/noticias\/author\/admin\/","name":"Cand\u00e1s 365","image":{"@type":"ImageObject","@id":"https:\/\/candas365.es\/noticias\/la-mayoria-del-personal-domestico-en-alemania-trabaja-en-negro\/#authorImage","url":"https:\/\/secure.gravatar.com\/avatar\/496a8e03d0c493ede1718b7934145dbdf8d89be1036b0eec9544e1094c9de390?s=96&d=mm&r=g","width":96,"height":96,"caption":"Cand\u00e1s 365"},"sameAs":["https:\/\/www.facebook.com\/carrenoactualidad","https:\/\/twitter.com\/nbasturias","https:\/\/www.instagram.com\/nachofdezber\/","https:\/\/www.youtube.com\/channel\/UCZP-2wLEB9Rv6erhFmqVnvg"]},{"@type":"WebPage","@id":"https:\/\/candas365.es\/noticias\/la-mayoria-del-personal-domestico-en-alemania-trabaja-en-negro\/#webpage","url":"https:\/\/candas365.es\/noticias\/la-mayoria-del-personal-domestico-en-alemania-trabaja-en-negro\/","name":"La mayor\u00eda del personal dom\u00e9stico en Alemania trabaja en negro | Cand\u00e1s 365","description":"Colonia (Alemania), 1 ago (dpa) - La mayor\u00eda del personal dom\u00e9stico en Alemania trabaja en negro, seg\u00fan un estudio publicado hoy por el Instituto de Econom\u00eda Alem\u00e1n (IW). En concreto, cerca de un 80 por ciento del personal de ayuda en los hogares, lo que supone cerca de tres millones de personas, trabaj\u00f3 ilegalmente el","inLanguage":"es-ES","isPartOf":{"@id":"https:\/\/candas365.es\/noticias\/#website"},"breadcrumb":{"@id":"https:\/\/candas365.es\/noticias\/la-mayoria-del-personal-domestico-en-alemania-trabaja-en-negro\/#breadcrumblist"},"author":{"@id":"https:\/\/candas365.es\/noticias\/author\/admin\/#author"},"creator":{"@id":"https:\/\/candas365.es\/noticias\/author\/admin\/#author"},"image":{"@type":"ImageObject","url":"https:\/\/candas365.es\/noticias\/wp-content\/uploads\/2015\/11\/euros.jpg","@id":"https:\/\/candas365.es\/noticias\/la-mayoria-del-personal-domestico-en-alemania-trabaja-en-negro\/#mainImage","width":655,"height":360},"primaryImageOfPage":{"@id":"https:\/\/candas365.es\/noticias\/la-mayoria-del-personal-domestico-en-alemania-trabaja-en-negro\/#mainImage"},"datePublished":"2016-08-02T02:39:16+02:00","dateModified":"2016-08-02T02:39:16+02:00"},{"@type":"WebSite","@id":"https:\/\/candas365.es\/noticias\/#website","url":"https:\/\/candas365.es\/noticias\/","name":"Cand\u00e1s 365","alternateName":"Cand\u00e1s 365 Noticias","description":"Actualidad desde Carre\u00f1o para el mundo","inLanguage":"es-ES","publisher":{"@id":"https:\/\/candas365.es\/noticias\/#organization"}}]},"og:locale":"es_ES","og:site_name":"Cand\u00e1s 365","og:type":"article","og:title":"La mayor\u00eda del personal dom\u00e9stico en Alemania trabaja en negro | Cand\u00e1s 365","og:description":"Colonia (Alemania), 1 ago (dpa) - La mayor\u00eda del personal dom\u00e9stico en Alemania trabaja en negro, seg\u00fan un estudio publicado hoy por el Instituto de Econom\u00eda Alem\u00e1n (IW). En concreto, cerca de un 80 por ciento del personal de ayuda en los hogares, lo que supone cerca de tres millones de personas, trabaj\u00f3 ilegalmente el","og:url":"https:\/\/candas365.es\/noticias\/la-mayoria-del-personal-domestico-en-alemania-trabaja-en-negro\/","og:image":"https:\/\/candas365.es\/noticias\/wp-content\/uploads\/2015\/11\/euros.jpg","og:image:secure_url":"https:\/\/candas365.es\/noticias\/wp-content\/uploads\/2015\/11\/euros.jpg","og:image:width":655,"og:image:height":360,"article:published_time":"2016-08-02T01:09:16+00:00","article:modified_time":"2016-08-02T01:09:16+00:00","article:publisher":"https:\/\/www.facebook.com\/Nachofdezber","article:author":"https:\/\/www.facebook.com\/carrenoactualidad","twitter:card":"summary_large_image","twitter:site":"@NabercoDigital","twitter:title":"La mayor\u00eda del personal dom\u00e9stico en Alemania trabaja en negro | Cand\u00e1s 365","twitter:description":"Colonia (Alemania), 1 ago (dpa) - La mayor\u00eda del personal dom\u00e9stico en Alemania trabaja en negro, seg\u00fan un estudio publicado hoy por el Instituto de Econom\u00eda Alem\u00e1n (IW). En concreto, cerca de un 80 por ciento del personal de ayuda en los hogares, lo que supone cerca de tres millones de personas, trabaj\u00f3 ilegalmente el","twitter:creator":"@nbasturias","twitter:image":"https:\/\/candas365.es\/noticias\/wp-content\/uploads\/2015\/11\/euros.jpg","twitter:label1":"Escrito por","twitter:data1":"Cand\u00e1s 365","twitter:label2":"Tiempo de lectura estimado","twitter:data2":"1 minuto"},"aioseo_meta_data":{"post_id":"33063","title":null,"description":null,"keywords":null,"keyphrases":null,"primary_term":null,"canonical_url":null,"og_title":null,"og_description":null,"og_object_type":"default","og_image_type":"default","og_image_url":null,"og_image_width":null,"og_image_height":null,"og_image_custom_url":null,"og_image_custom_fields":null,"og_video":null,"og_custom_url":null,"og_article_section":null,"og_article_tags":null,"twitter_use_og":false,"twitter_card":"default","twitter_image_type":"default","twitter_image_url":null,"twitter_image_custom_url":null,"twitter_image_custom_fields":null,"twitter_title":null,"twitter_description":null,"schema":{"blockGraphs":[],"customGraphs":[],"default":{"data":{"Article":[],"Course":[],"Dataset":[],"FAQPage":[],"Movie":[],"Person":[],"Product":[],"ProductReview":[],"Car":[],"Recipe":[],"Service":[],"SoftwareApplication":[],"WebPage":[]},"graphName":"","isEnabled":true},"graphs":[],"defaultGraph":"","defaultPostTypeGraph":""},"schema_type":null,"schema_type_options":null,"pillar_content":false,"robots_default":true,"robots_noindex":false,"robots_noarchive":false,"robots_nosnippet":false,"robots_nofollow":false,"robots_noimageindex":false,"robots_noodp":false,"robots_notranslate":false,"robots_max_snippet":null,"robots_max_videopreview":null,"robots_max_imagepreview":"large","priority":null,"frequency":null,"location":null,"local_seo":null,"seo_analyzer_scan_date":"2025-08-24 16:20:17","breadcrumb_settings":null,"limit_modified_date":false,"reviewed_by":null,"open_ai":null,"ai":null,"created":"2020-12-21 13:05:48","updated":"2025-08-24 16:20:17"},"aioseo_breadcrumb":"<div class=\"aioseo-breadcrumbs\"><span class=\"aioseo-breadcrumb\">\n\t<a href=\"https:\/\/candas365.es\/noticias\" title=\"Home\">Home<\/a>\n<\/span><span class=\"aioseo-breadcrumb-separator\">&ndash;<\/span><span class=\"aioseo-breadcrumb\">\n\t<a href=\"https:\/\/candas365.es\/noticias\/category\/actualidad\/\" title=\"Actualidad\">Actualidad<\/a>\n<\/span><span class=\"aioseo-breadcrumb-separator\">&ndash;<\/span><span class=\"aioseo-breadcrumb\">\n\tLa mayor\u00eda del personal dom\u00e9stico en Alemania trabaja en negro\n<\/span><\/div>","aioseo_breadcrumb_json":[{"label":"Home","link":"https:\/\/candas365.es\/noticias"},{"label":"Actualidad","link":"https:\/\/candas365.es\/noticias\/category\/actualidad\/"},{"label":"La mayor\u00eda del personal dom\u00e9stico en Alemania trabaja en negro","link":"https:\/\/candas365.es\/noticias\/la-mayoria-del-personal-domestico-en-alemania-trabaja-en-negro\/"}],"_links":{"self":[{"href":"https:\/\/candas365.es\/noticias\/wp-json\/wp\/v2\/posts\/33063","targetHints":{"allow":["GET"]}}],"collection":[{"href":"https:\/\/candas365.es\/noticias\/wp-json\/wp\/v2\/posts"}],"about":[{"href":"https:\/\/candas365.es\/noticias\/wp-json\/wp\/v2\/types\/post"}],"author":[{"embeddable":true,"href":"https:\/\/candas365.es\/noticias\/wp-json\/wp\/v2\/users\/1"}],"replies":[{"embeddable":true,"href":"https:\/\/candas365.es\/noticias\/wp-json\/wp\/v2\/comments?post=33063"}],"version-history":[{"count":0,"href":"https:\/\/candas365.es\/noticias\/wp-json\/wp\/v2\/posts\/33063\/revisions"}],"wp:featuredmedia":[{"embeddable":true,"href":"https:\/\/candas365.es\/noticias\/wp-json\/wp\/v2\/media\/19556"}],"wp:attachment":[{"href":"https:\/\/candas365.es\/noticias\/wp-json\/wp\/v2\/media?parent=33063"}],"wp:term":[{"taxonomy":"category","embeddable":true,"href":"https:\/\/candas365.es\/noticias\/wp-json\/wp\/v2\/categories?post=33063"},{"taxonomy":"post_tag","embeddable":true,"href":"https:\/\/candas365.es\/noticias\/wp-json\/wp\/v2\/tags?post=33063"}],"curies":[{"name":"wp","href":"https:\/\/api.w.org\/{rel}","templated":true}]}}