{"id":33061,"date":"2016-08-02T02:38:14","date_gmt":"2016-08-02T01:08:14","guid":{"rendered":"http:\/\/candas365.es\/noticias\/?p=33061"},"modified":"2016-08-02T02:38:14","modified_gmt":"2016-08-02T01:08:14","slug":"blaszczykowski-ficha-por-el-wolfsburgo","status":"publish","type":"post","link":"https:\/\/candas365.es\/noticias\/blaszczykowski-ficha-por-el-wolfsburgo\/","title":{"rendered":"Blaszczykowski ficha por el Wolfsburgo"},"content":{"rendered":"<p>Wolfsburgo (Alemania), 1 ago (dpa) &#8211; El internacional polaco Jakub Blaszczykowski cambiar\u00e1 la camiseta del Borussia Dortmund por la del Wolfsburgo la pr\u00f3xima temporada y hasta 2019, inform\u00f3 hoy su nuevo club.<\/p>\n<p>El centrocampista de 30 a\u00f1os firm\u00f3 hoy un contrato por tres temporadas con el club de Baja Sajonia. Se estima que el traspaso asciende a cerca de cuatro millones de euros (4,46 millones de d\u00f3lares). La pasada temporada el futbolista jug\u00f3 cedido en la Fiorentina.<\/p>\n<p>\u00abJakub Blaszczykowski es un jugador que le viene bien a cualquier equipo. No s\u00f3lo por su calidad futbol\u00edstica, sino tambi\u00e9n porque es un ejemplo de esfuerzo, disposici\u00f3n al rendimiento y pasi\u00f3n, y se identifica al cien por ciento con su equipo. Nos alegramos mucho de que lleve en el futuro la camiseta del Wolfsburgo\u00bb, declar\u00f3 el gerente del club, Klaus Allofs, en un comunicado colgado en su web.<\/p>\n<p>\u00abCon \u00e9l elevamos una vez m\u00e1s notablemente nuestra variabilidad y eficacia en la banda derecha. Adem\u00e1s, Jakub nos aportar\u00e1 su gran experiencia. Supone un enorme beneficio para nosotros\u00bb, apunt\u00f3 por su parte el entrenador del club alem\u00e1n, Dieter Hecking.<\/p>\n","protected":false},"excerpt":{"rendered":"<p>Wolfsburgo (Alemania), 1 ago (dpa) &#8211; El internacional polaco Jakub Blaszczykowski cambiar\u00e1 la camiseta del Borussia Dortmund por la del Wolfsburgo la pr\u00f3xima temporada y hasta 2019, inform\u00f3 hoy su nuevo club. El centrocampista de 30 a\u00f1os firm\u00f3 hoy un contrato por tres temporadas con el club de Baja Sajonia. Se estima que el traspaso<\/p>\n","protected":false},"author":1,"featured_media":16457,"comment_status":"closed","ping_status":"closed","sticky":false,"template":"","format":"standard","meta":{"footnotes":""},"categories":[343],"tags":[],"class_list":{"0":"post-33061","1":"post","2":"type-post","3":"status-publish","4":"format-standard","5":"has-post-thumbnail","7":"category-actualidad"},"aioseo_notices":[],"aioseo_head":"\n\t\t<!-- All in One SEO Pro 4.9.6.2 - aioseo.com -->\n\t<meta name=\"description\" content=\"Wolfsburgo (Alemania), 1 ago (dpa) - El internacional polaco Jakub Blaszczykowski cambiar\u00e1 la camiseta del Borussia Dortmund por la del Wolfsburgo la pr\u00f3xima temporada y hasta 2019, inform\u00f3 hoy su nuevo club. El centrocampista de 30 a\u00f1os firm\u00f3 hoy un contrato por tres temporadas con el club de Baja Sajonia. Se estima que el traspaso\" \/>\n\t<meta name=\"robots\" content=\"max-image-preview:large\" \/>\n\t<meta name=\"author\" content=\"Cand\u00e1s 365\"\/>\n\t<meta name=\"google-site-verification\" content=\"UA-32230408-1\" \/>\n\t<meta name=\"msvalidate.01\" content=\"354F3CDFB2DA171B47FBE9ABF1F88D5\" \/>\n\t<meta name=\"keywords\" content=\"actualidad\" \/>\n\t<link rel=\"canonical\" href=\"https:\/\/candas365.es\/noticias\/blaszczykowski-ficha-por-el-wolfsburgo\/\" \/>\n\t<meta name=\"generator\" content=\"All in One SEO Pro (AIOSEO) 4.9.6.2\" \/>\n\t\t<meta property=\"og:locale\" content=\"es_ES\" \/>\n\t\t<meta property=\"og:site_name\" content=\"Cand\u00e1s 365\" \/>\n\t\t<meta property=\"og:type\" content=\"article\" \/>\n\t\t<meta property=\"og:title\" content=\"Blaszczykowski ficha por el Wolfsburgo | Cand\u00e1s 365\" \/>\n\t\t<meta property=\"og:description\" content=\"Wolfsburgo (Alemania), 1 ago (dpa) - El internacional polaco Jakub Blaszczykowski cambiar\u00e1 la camiseta del Borussia Dortmund por la del Wolfsburgo la pr\u00f3xima temporada y hasta 2019, inform\u00f3 hoy su nuevo club. El centrocampista de 30 a\u00f1os firm\u00f3 hoy un contrato por tres temporadas con el club de Baja Sajonia. Se estima que el traspaso\" \/>\n\t\t<meta property=\"og:url\" content=\"https:\/\/candas365.es\/noticias\/blaszczykowski-ficha-por-el-wolfsburgo\/\" \/>\n\t\t<meta property=\"og:image\" content=\"https:\/\/candas365.es\/noticias\/wp-content\/uploads\/2015\/09\/c365noticias.jpg\" \/>\n\t\t<meta property=\"og:image:secure_url\" content=\"https:\/\/candas365.es\/noticias\/wp-content\/uploads\/2015\/09\/c365noticias.jpg\" \/>\n\t\t<meta property=\"og:image:width\" content=\"655\" \/>\n\t\t<meta property=\"og:image:height\" content=\"360\" \/>\n\t\t<meta property=\"article:published_time\" content=\"2016-08-02T01:08:14+00:00\" \/>\n\t\t<meta property=\"article:modified_time\" content=\"2016-08-02T01:08:14+00:00\" \/>\n\t\t<meta property=\"article:publisher\" content=\"https:\/\/www.facebook.com\/Nachofdezber\" \/>\n\t\t<meta property=\"article:author\" content=\"https:\/\/www.facebook.com\/carrenoactualidad\" \/>\n\t\t<meta name=\"twitter:card\" content=\"summary_large_image\" \/>\n\t\t<meta name=\"twitter:site\" content=\"@NabercoDigital\" \/>\n\t\t<meta name=\"twitter:title\" content=\"Blaszczykowski ficha por el Wolfsburgo | Cand\u00e1s 365\" \/>\n\t\t<meta name=\"twitter:description\" content=\"Wolfsburgo (Alemania), 1 ago (dpa) - El internacional polaco Jakub Blaszczykowski cambiar\u00e1 la camiseta del Borussia Dortmund por la del Wolfsburgo la pr\u00f3xima temporada y hasta 2019, inform\u00f3 hoy su nuevo club. El centrocampista de 30 a\u00f1os firm\u00f3 hoy un contrato por tres temporadas con el club de Baja Sajonia. Se estima que el traspaso\" \/>\n\t\t<meta name=\"twitter:creator\" content=\"@nbasturias\" \/>\n\t\t<meta name=\"twitter:image\" content=\"https:\/\/candas365.es\/noticias\/wp-content\/uploads\/2015\/09\/c365noticias.jpg\" \/>\n\t\t<meta name=\"twitter:label1\" content=\"Escrito por\" \/>\n\t\t<meta name=\"twitter:data1\" content=\"Cand\u00e1s 365\" \/>\n\t\t<meta name=\"twitter:label2\" content=\"Tiempo de lectura estimado\" \/>\n\t\t<meta name=\"twitter:data2\" content=\"1 minuto\" \/>\n\t\t<script type=\"application\/ld+json\" class=\"aioseo-schema\">\n\t\t\t{\"@context\":\"https:\\\/\\\/schema.org\",\"@graph\":[{\"@type\":\"BreadcrumbList\",\"@id\":\"https:\\\/\\\/candas365.es\\\/noticias\\\/blaszczykowski-ficha-por-el-wolfsburgo\\\/#breadcrumblist\",\"itemListElement\":[{\"@type\":\"ListItem\",\"@id\":\"https:\\\/\\\/candas365.es\\\/noticias#listItem\",\"position\":1,\"name\":\"Home\",\"item\":\"https:\\\/\\\/candas365.es\\\/noticias\",\"nextItem\":{\"@type\":\"ListItem\",\"@id\":\"https:\\\/\\\/candas365.es\\\/noticias\\\/category\\\/actualidad\\\/#listItem\",\"name\":\"Actualidad\"}},{\"@type\":\"ListItem\",\"@id\":\"https:\\\/\\\/candas365.es\\\/noticias\\\/category\\\/actualidad\\\/#listItem\",\"position\":2,\"name\":\"Actualidad\",\"item\":\"https:\\\/\\\/candas365.es\\\/noticias\\\/category\\\/actualidad\\\/\",\"nextItem\":{\"@type\":\"ListItem\",\"@id\":\"https:\\\/\\\/candas365.es\\\/noticias\\\/blaszczykowski-ficha-por-el-wolfsburgo\\\/#listItem\",\"name\":\"Blaszczykowski ficha por el Wolfsburgo\"},\"previousItem\":{\"@type\":\"ListItem\",\"@id\":\"https:\\\/\\\/candas365.es\\\/noticias#listItem\",\"name\":\"Home\"}},{\"@type\":\"ListItem\",\"@id\":\"https:\\\/\\\/candas365.es\\\/noticias\\\/blaszczykowski-ficha-por-el-wolfsburgo\\\/#listItem\",\"position\":3,\"name\":\"Blaszczykowski ficha por el Wolfsburgo\",\"previousItem\":{\"@type\":\"ListItem\",\"@id\":\"https:\\\/\\\/candas365.es\\\/noticias\\\/category\\\/actualidad\\\/#listItem\",\"name\":\"Actualidad\"}}]},{\"@type\":\"NewsArticle\",\"@id\":\"https:\\\/\\\/candas365.es\\\/noticias\\\/blaszczykowski-ficha-por-el-wolfsburgo\\\/#newsarticle\",\"name\":\"Blaszczykowski ficha por el Wolfsburgo | Cand\\u00e1s 365\",\"headline\":\"Blaszczykowski ficha por el Wolfsburgo\",\"author\":{\"@id\":\"https:\\\/\\\/candas365.es\\\/noticias\\\/author\\\/admin\\\/#author\"},\"publisher\":{\"@id\":\"https:\\\/\\\/candas365.es\\\/noticias\\\/#organization\"},\"image\":{\"@type\":\"ImageObject\",\"url\":\"https:\\\/\\\/candas365.es\\\/noticias\\\/wp-content\\\/uploads\\\/2015\\\/09\\\/c365noticias.jpg\",\"width\":655,\"height\":360},\"datePublished\":\"2016-08-02T02:38:14+02:00\",\"dateModified\":\"2016-08-02T02:38:14+02:00\",\"inLanguage\":\"es-ES\",\"mainEntityOfPage\":{\"@id\":\"https:\\\/\\\/candas365.es\\\/noticias\\\/blaszczykowski-ficha-por-el-wolfsburgo\\\/#webpage\"},\"isPartOf\":{\"@id\":\"https:\\\/\\\/candas365.es\\\/noticias\\\/blaszczykowski-ficha-por-el-wolfsburgo\\\/#webpage\"},\"articleSection\":\"Actualidad\",\"dateline\":\"Publicado el agosto 2, 2016.\"},{\"@type\":\"Organization\",\"@id\":\"https:\\\/\\\/candas365.es\\\/noticias\\\/#organization\",\"name\":\"Cand\\u00e1s 365\",\"description\":\"Cand\\u00e1s 365 es un diario digital independiente, fundado en 2012, con base en Asturias. Informamos con rigor sobre actualidad, sociedad, cultura y ocio, con una mirada local y global.\",\"url\":\"https:\\\/\\\/candas365.es\\\/noticias\\\/\",\"email\":\"info@candas365.es\",\"telephone\":\"+34652131393\",\"foundingDate\":\"2012-06-10\",\"logo\":{\"@type\":\"ImageObject\",\"url\":\"https:\\\/\\\/candas365.es\\\/noticias\\\/wp-content\\\/uploads\\\/2024\\\/09\\\/Candas-365-Redes.jpg\",\"@id\":\"https:\\\/\\\/candas365.es\\\/noticias\\\/blaszczykowski-ficha-por-el-wolfsburgo\\\/#organizationLogo\",\"width\":1152,\"height\":864,\"caption\":\"Cand\\u00e1s 365 Redes\"},\"image\":{\"@id\":\"https:\\\/\\\/candas365.es\\\/noticias\\\/blaszczykowski-ficha-por-el-wolfsburgo\\\/#organizationLogo\"},\"sameAs\":[\"https:\\\/\\\/www.facebook.com\\\/Nachofdezber\",\"https:\\\/\\\/x.com\\\/NabercoDigital\",\"https:\\\/\\\/www.instagram.com\\\/nachofdezber\\\/\",\"https:\\\/\\\/www.youtube.com\\\/channel\\\/UCZP-2wLEB9Rv6erhFmqVnvg\"],\"address\":{\"@id\":\"https:\\\/\\\/candas365.es\\\/noticias\\\/#postaladdress\",\"@type\":\"PostalAddress\",\"streetAddress\":\"san antonio 4, san antonio 4\",\"postalCode\":\"33430\",\"addressLocality\":\"Cand\\u00e1s\",\"addressRegion\":\"Asturias\",\"addressCountry\":\"ES\"}},{\"@type\":\"Person\",\"@id\":\"https:\\\/\\\/candas365.es\\\/noticias\\\/author\\\/admin\\\/#author\",\"url\":\"https:\\\/\\\/candas365.es\\\/noticias\\\/author\\\/admin\\\/\",\"name\":\"Cand\\u00e1s 365\",\"image\":{\"@type\":\"ImageObject\",\"@id\":\"https:\\\/\\\/candas365.es\\\/noticias\\\/blaszczykowski-ficha-por-el-wolfsburgo\\\/#authorImage\",\"url\":\"https:\\\/\\\/secure.gravatar.com\\\/avatar\\\/496a8e03d0c493ede1718b7934145dbdf8d89be1036b0eec9544e1094c9de390?s=96&d=mm&r=g\",\"width\":96,\"height\":96,\"caption\":\"Cand\\u00e1s 365\"},\"sameAs\":[\"https:\\\/\\\/www.facebook.com\\\/carrenoactualidad\",\"https:\\\/\\\/twitter.com\\\/nbasturias\",\"https:\\\/\\\/www.instagram.com\\\/nachofdezber\\\/\",\"https:\\\/\\\/www.youtube.com\\\/channel\\\/UCZP-2wLEB9Rv6erhFmqVnvg\"]},{\"@type\":\"WebPage\",\"@id\":\"https:\\\/\\\/candas365.es\\\/noticias\\\/blaszczykowski-ficha-por-el-wolfsburgo\\\/#webpage\",\"url\":\"https:\\\/\\\/candas365.es\\\/noticias\\\/blaszczykowski-ficha-por-el-wolfsburgo\\\/\",\"name\":\"Blaszczykowski ficha por el Wolfsburgo | Cand\\u00e1s 365\",\"description\":\"Wolfsburgo (Alemania), 1 ago (dpa) - El internacional polaco Jakub Blaszczykowski cambiar\\u00e1 la camiseta del Borussia Dortmund por la del Wolfsburgo la pr\\u00f3xima temporada y hasta 2019, inform\\u00f3 hoy su nuevo club. El centrocampista de 30 a\\u00f1os firm\\u00f3 hoy un contrato por tres temporadas con el club de Baja Sajonia. Se estima que el traspaso\",\"inLanguage\":\"es-ES\",\"isPartOf\":{\"@id\":\"https:\\\/\\\/candas365.es\\\/noticias\\\/#website\"},\"breadcrumb\":{\"@id\":\"https:\\\/\\\/candas365.es\\\/noticias\\\/blaszczykowski-ficha-por-el-wolfsburgo\\\/#breadcrumblist\"},\"author\":{\"@id\":\"https:\\\/\\\/candas365.es\\\/noticias\\\/author\\\/admin\\\/#author\"},\"creator\":{\"@id\":\"https:\\\/\\\/candas365.es\\\/noticias\\\/author\\\/admin\\\/#author\"},\"image\":{\"@type\":\"ImageObject\",\"url\":\"https:\\\/\\\/candas365.es\\\/noticias\\\/wp-content\\\/uploads\\\/2015\\\/09\\\/c365noticias.jpg\",\"@id\":\"https:\\\/\\\/candas365.es\\\/noticias\\\/blaszczykowski-ficha-por-el-wolfsburgo\\\/#mainImage\",\"width\":655,\"height\":360},\"primaryImageOfPage\":{\"@id\":\"https:\\\/\\\/candas365.es\\\/noticias\\\/blaszczykowski-ficha-por-el-wolfsburgo\\\/#mainImage\"},\"datePublished\":\"2016-08-02T02:38:14+02:00\",\"dateModified\":\"2016-08-02T02:38:14+02:00\"},{\"@type\":\"WebSite\",\"@id\":\"https:\\\/\\\/candas365.es\\\/noticias\\\/#website\",\"url\":\"https:\\\/\\\/candas365.es\\\/noticias\\\/\",\"name\":\"Cand\\u00e1s 365\",\"alternateName\":\"Cand\\u00e1s 365 Noticias\",\"description\":\"Actualidad desde Carre\\u00f1o para el mundo\",\"inLanguage\":\"es-ES\",\"publisher\":{\"@id\":\"https:\\\/\\\/candas365.es\\\/noticias\\\/#organization\"}}]}\n\t\t<\/script>\n\t\t<!-- All in One SEO Pro -->\r\n\t\t<title>Blaszczykowski ficha por el Wolfsburgo | Cand\u00e1s 365<\/title>\n\n","aioseo_head_json":{"title":"Blaszczykowski ficha por el Wolfsburgo | Cand\u00e1s 365","description":"Wolfsburgo (Alemania), 1 ago (dpa) - El internacional polaco Jakub Blaszczykowski cambiar\u00e1 la camiseta del Borussia Dortmund por la del Wolfsburgo la pr\u00f3xima temporada y hasta 2019, inform\u00f3 hoy su nuevo club. El centrocampista de 30 a\u00f1os firm\u00f3 hoy un contrato por tres temporadas con el club de Baja Sajonia. Se estima que el traspaso","canonical_url":"https:\/\/candas365.es\/noticias\/blaszczykowski-ficha-por-el-wolfsburgo\/","robots":"max-image-preview:large","keywords":"actualidad","webmasterTools":{"google-site-verification":"UA-32230408-1","msvalidate.01":"354F3CDFB2DA171B47FBE9ABF1F88D5","miscellaneous":""},"schema":{"@context":"https:\/\/schema.org","@graph":[{"@type":"BreadcrumbList","@id":"https:\/\/candas365.es\/noticias\/blaszczykowski-ficha-por-el-wolfsburgo\/#breadcrumblist","itemListElement":[{"@type":"ListItem","@id":"https:\/\/candas365.es\/noticias#listItem","position":1,"name":"Home","item":"https:\/\/candas365.es\/noticias","nextItem":{"@type":"ListItem","@id":"https:\/\/candas365.es\/noticias\/category\/actualidad\/#listItem","name":"Actualidad"}},{"@type":"ListItem","@id":"https:\/\/candas365.es\/noticias\/category\/actualidad\/#listItem","position":2,"name":"Actualidad","item":"https:\/\/candas365.es\/noticias\/category\/actualidad\/","nextItem":{"@type":"ListItem","@id":"https:\/\/candas365.es\/noticias\/blaszczykowski-ficha-por-el-wolfsburgo\/#listItem","name":"Blaszczykowski ficha por el Wolfsburgo"},"previousItem":{"@type":"ListItem","@id":"https:\/\/candas365.es\/noticias#listItem","name":"Home"}},{"@type":"ListItem","@id":"https:\/\/candas365.es\/noticias\/blaszczykowski-ficha-por-el-wolfsburgo\/#listItem","position":3,"name":"Blaszczykowski ficha por el Wolfsburgo","previousItem":{"@type":"ListItem","@id":"https:\/\/candas365.es\/noticias\/category\/actualidad\/#listItem","name":"Actualidad"}}]},{"@type":"NewsArticle","@id":"https:\/\/candas365.es\/noticias\/blaszczykowski-ficha-por-el-wolfsburgo\/#newsarticle","name":"Blaszczykowski ficha por el Wolfsburgo | Cand\u00e1s 365","headline":"Blaszczykowski ficha por el Wolfsburgo","author":{"@id":"https:\/\/candas365.es\/noticias\/author\/admin\/#author"},"publisher":{"@id":"https:\/\/candas365.es\/noticias\/#organization"},"image":{"@type":"ImageObject","url":"https:\/\/candas365.es\/noticias\/wp-content\/uploads\/2015\/09\/c365noticias.jpg","width":655,"height":360},"datePublished":"2016-08-02T02:38:14+02:00","dateModified":"2016-08-02T02:38:14+02:00","inLanguage":"es-ES","mainEntityOfPage":{"@id":"https:\/\/candas365.es\/noticias\/blaszczykowski-ficha-por-el-wolfsburgo\/#webpage"},"isPartOf":{"@id":"https:\/\/candas365.es\/noticias\/blaszczykowski-ficha-por-el-wolfsburgo\/#webpage"},"articleSection":"Actualidad","dateline":"Publicado el agosto 2, 2016."},{"@type":"Organization","@id":"https:\/\/candas365.es\/noticias\/#organization","name":"Cand\u00e1s 365","description":"Cand\u00e1s 365 es un diario digital independiente, fundado en 2012, con base en Asturias. Informamos con rigor sobre actualidad, sociedad, cultura y ocio, con una mirada local y global.","url":"https:\/\/candas365.es\/noticias\/","email":"info@candas365.es","telephone":"+34652131393","foundingDate":"2012-06-10","logo":{"@type":"ImageObject","url":"https:\/\/candas365.es\/noticias\/wp-content\/uploads\/2024\/09\/Candas-365-Redes.jpg","@id":"https:\/\/candas365.es\/noticias\/blaszczykowski-ficha-por-el-wolfsburgo\/#organizationLogo","width":1152,"height":864,"caption":"Cand\u00e1s 365 Redes"},"image":{"@id":"https:\/\/candas365.es\/noticias\/blaszczykowski-ficha-por-el-wolfsburgo\/#organizationLogo"},"sameAs":["https:\/\/www.facebook.com\/Nachofdezber","https:\/\/x.com\/NabercoDigital","https:\/\/www.instagram.com\/nachofdezber\/","https:\/\/www.youtube.com\/channel\/UCZP-2wLEB9Rv6erhFmqVnvg"],"address":{"@id":"https:\/\/candas365.es\/noticias\/#postaladdress","@type":"PostalAddress","streetAddress":"san antonio 4, san antonio 4","postalCode":"33430","addressLocality":"Cand\u00e1s","addressRegion":"Asturias","addressCountry":"ES"}},{"@type":"Person","@id":"https:\/\/candas365.es\/noticias\/author\/admin\/#author","url":"https:\/\/candas365.es\/noticias\/author\/admin\/","name":"Cand\u00e1s 365","image":{"@type":"ImageObject","@id":"https:\/\/candas365.es\/noticias\/blaszczykowski-ficha-por-el-wolfsburgo\/#authorImage","url":"https:\/\/secure.gravatar.com\/avatar\/496a8e03d0c493ede1718b7934145dbdf8d89be1036b0eec9544e1094c9de390?s=96&d=mm&r=g","width":96,"height":96,"caption":"Cand\u00e1s 365"},"sameAs":["https:\/\/www.facebook.com\/carrenoactualidad","https:\/\/twitter.com\/nbasturias","https:\/\/www.instagram.com\/nachofdezber\/","https:\/\/www.youtube.com\/channel\/UCZP-2wLEB9Rv6erhFmqVnvg"]},{"@type":"WebPage","@id":"https:\/\/candas365.es\/noticias\/blaszczykowski-ficha-por-el-wolfsburgo\/#webpage","url":"https:\/\/candas365.es\/noticias\/blaszczykowski-ficha-por-el-wolfsburgo\/","name":"Blaszczykowski ficha por el Wolfsburgo | Cand\u00e1s 365","description":"Wolfsburgo (Alemania), 1 ago (dpa) - El internacional polaco Jakub Blaszczykowski cambiar\u00e1 la camiseta del Borussia Dortmund por la del Wolfsburgo la pr\u00f3xima temporada y hasta 2019, inform\u00f3 hoy su nuevo club. El centrocampista de 30 a\u00f1os firm\u00f3 hoy un contrato por tres temporadas con el club de Baja Sajonia. Se estima que el traspaso","inLanguage":"es-ES","isPartOf":{"@id":"https:\/\/candas365.es\/noticias\/#website"},"breadcrumb":{"@id":"https:\/\/candas365.es\/noticias\/blaszczykowski-ficha-por-el-wolfsburgo\/#breadcrumblist"},"author":{"@id":"https:\/\/candas365.es\/noticias\/author\/admin\/#author"},"creator":{"@id":"https:\/\/candas365.es\/noticias\/author\/admin\/#author"},"image":{"@type":"ImageObject","url":"https:\/\/candas365.es\/noticias\/wp-content\/uploads\/2015\/09\/c365noticias.jpg","@id":"https:\/\/candas365.es\/noticias\/blaszczykowski-ficha-por-el-wolfsburgo\/#mainImage","width":655,"height":360},"primaryImageOfPage":{"@id":"https:\/\/candas365.es\/noticias\/blaszczykowski-ficha-por-el-wolfsburgo\/#mainImage"},"datePublished":"2016-08-02T02:38:14+02:00","dateModified":"2016-08-02T02:38:14+02:00"},{"@type":"WebSite","@id":"https:\/\/candas365.es\/noticias\/#website","url":"https:\/\/candas365.es\/noticias\/","name":"Cand\u00e1s 365","alternateName":"Cand\u00e1s 365 Noticias","description":"Actualidad desde Carre\u00f1o para el mundo","inLanguage":"es-ES","publisher":{"@id":"https:\/\/candas365.es\/noticias\/#organization"}}]},"og:locale":"es_ES","og:site_name":"Cand\u00e1s 365","og:type":"article","og:title":"Blaszczykowski ficha por el Wolfsburgo | Cand\u00e1s 365","og:description":"Wolfsburgo (Alemania), 1 ago (dpa) - El internacional polaco Jakub Blaszczykowski cambiar\u00e1 la camiseta del Borussia Dortmund por la del Wolfsburgo la pr\u00f3xima temporada y hasta 2019, inform\u00f3 hoy su nuevo club. El centrocampista de 30 a\u00f1os firm\u00f3 hoy un contrato por tres temporadas con el club de Baja Sajonia. Se estima que el traspaso","og:url":"https:\/\/candas365.es\/noticias\/blaszczykowski-ficha-por-el-wolfsburgo\/","og:image":"https:\/\/candas365.es\/noticias\/wp-content\/uploads\/2015\/09\/c365noticias.jpg","og:image:secure_url":"https:\/\/candas365.es\/noticias\/wp-content\/uploads\/2015\/09\/c365noticias.jpg","og:image:width":655,"og:image:height":360,"article:published_time":"2016-08-02T01:08:14+00:00","article:modified_time":"2016-08-02T01:08:14+00:00","article:publisher":"https:\/\/www.facebook.com\/Nachofdezber","article:author":"https:\/\/www.facebook.com\/carrenoactualidad","twitter:card":"summary_large_image","twitter:site":"@NabercoDigital","twitter:title":"Blaszczykowski ficha por el Wolfsburgo | Cand\u00e1s 365","twitter:description":"Wolfsburgo (Alemania), 1 ago (dpa) - El internacional polaco Jakub Blaszczykowski cambiar\u00e1 la camiseta del Borussia Dortmund por la del Wolfsburgo la pr\u00f3xima temporada y hasta 2019, inform\u00f3 hoy su nuevo club. El centrocampista de 30 a\u00f1os firm\u00f3 hoy un contrato por tres temporadas con el club de Baja Sajonia. Se estima que el traspaso","twitter:creator":"@nbasturias","twitter:image":"https:\/\/candas365.es\/noticias\/wp-content\/uploads\/2015\/09\/c365noticias.jpg","twitter:label1":"Escrito por","twitter:data1":"Cand\u00e1s 365","twitter:label2":"Tiempo de lectura estimado","twitter:data2":"1 minuto"},"aioseo_meta_data":{"post_id":"33061","title":null,"description":null,"keywords":null,"keyphrases":null,"primary_term":null,"canonical_url":null,"og_title":null,"og_description":null,"og_object_type":"default","og_image_type":"default","og_image_url":null,"og_image_width":null,"og_image_height":null,"og_image_custom_url":null,"og_image_custom_fields":null,"og_video":null,"og_custom_url":null,"og_article_section":null,"og_article_tags":null,"twitter_use_og":false,"twitter_card":"default","twitter_image_type":"default","twitter_image_url":null,"twitter_image_custom_url":null,"twitter_image_custom_fields":null,"twitter_title":null,"twitter_description":null,"schema":{"blockGraphs":[],"customGraphs":[],"default":{"data":{"Article":[],"Course":[],"Dataset":[],"FAQPage":[],"Movie":[],"Person":[],"Product":[],"ProductReview":[],"Car":[],"Recipe":[],"Service":[],"SoftwareApplication":[],"WebPage":[]},"graphName":"","isEnabled":true},"graphs":[],"defaultGraph":"","defaultPostTypeGraph":""},"schema_type":null,"schema_type_options":null,"pillar_content":false,"robots_default":true,"robots_noindex":false,"robots_noarchive":false,"robots_nosnippet":false,"robots_nofollow":false,"robots_noimageindex":false,"robots_noodp":false,"robots_notranslate":false,"robots_max_snippet":null,"robots_max_videopreview":null,"robots_max_imagepreview":"large","priority":null,"frequency":null,"location":null,"local_seo":null,"seo_analyzer_scan_date":"2025-08-24 16:20:16","breadcrumb_settings":null,"limit_modified_date":false,"reviewed_by":null,"open_ai":null,"ai":null,"created":"2020-12-21 13:05:48","updated":"2025-08-24 16:20:16"},"aioseo_breadcrumb":"<div class=\"aioseo-breadcrumbs\"><span class=\"aioseo-breadcrumb\">\n\t<a href=\"https:\/\/candas365.es\/noticias\" title=\"Home\">Home<\/a>\n<\/span><span class=\"aioseo-breadcrumb-separator\">&ndash;<\/span><span class=\"aioseo-breadcrumb\">\n\t<a href=\"https:\/\/candas365.es\/noticias\/category\/actualidad\/\" title=\"Actualidad\">Actualidad<\/a>\n<\/span><span class=\"aioseo-breadcrumb-separator\">&ndash;<\/span><span class=\"aioseo-breadcrumb\">\n\tBlaszczykowski ficha por el Wolfsburgo\n<\/span><\/div>","aioseo_breadcrumb_json":[{"label":"Home","link":"https:\/\/candas365.es\/noticias"},{"label":"Actualidad","link":"https:\/\/candas365.es\/noticias\/category\/actualidad\/"},{"label":"Blaszczykowski ficha por el Wolfsburgo","link":"https:\/\/candas365.es\/noticias\/blaszczykowski-ficha-por-el-wolfsburgo\/"}],"_links":{"self":[{"href":"https:\/\/candas365.es\/noticias\/wp-json\/wp\/v2\/posts\/33061","targetHints":{"allow":["GET"]}}],"collection":[{"href":"https:\/\/candas365.es\/noticias\/wp-json\/wp\/v2\/posts"}],"about":[{"href":"https:\/\/candas365.es\/noticias\/wp-json\/wp\/v2\/types\/post"}],"author":[{"embeddable":true,"href":"https:\/\/candas365.es\/noticias\/wp-json\/wp\/v2\/users\/1"}],"replies":[{"embeddable":true,"href":"https:\/\/candas365.es\/noticias\/wp-json\/wp\/v2\/comments?post=33061"}],"version-history":[{"count":0,"href":"https:\/\/candas365.es\/noticias\/wp-json\/wp\/v2\/posts\/33061\/revisions"}],"wp:featuredmedia":[{"embeddable":true,"href":"https:\/\/candas365.es\/noticias\/wp-json\/wp\/v2\/media\/16457"}],"wp:attachment":[{"href":"https:\/\/candas365.es\/noticias\/wp-json\/wp\/v2\/media?parent=33061"}],"wp:term":[{"taxonomy":"category","embeddable":true,"href":"https:\/\/candas365.es\/noticias\/wp-json\/wp\/v2\/categories?post=33061"},{"taxonomy":"post_tag","embeddable":true,"href":"https:\/\/candas365.es\/noticias\/wp-json\/wp\/v2\/tags?post=33061"}],"curies":[{"name":"wp","href":"https:\/\/api.w.org\/{rel}","templated":true}]}}