{"id":33059,"date":"2016-08-02T02:37:31","date_gmt":"2016-08-02T01:07:31","guid":{"rendered":"http:\/\/candas365.es\/noticias\/?p=33059"},"modified":"2016-08-02T02:37:31","modified_gmt":"2016-08-02T01:07:31","slug":"ministra-alemana-defensa-ejercito-se-prepara-para-misiones-internas","status":"publish","type":"post","link":"https:\/\/candas365.es\/noticias\/ministra-alemana-defensa-ejercito-se-prepara-para-misiones-internas\/","title":{"rendered":"Ministra alemana Defensa: Ej\u00e9rcito se prepara para misiones internas"},"content":{"rendered":"<p>Berl\u00edn, 1 ago (dpa) &#8211; La ministra alemana de Defensa, Ursula von der Leyen, quiere contar pronto con las bases para que el Ej\u00e9rcito pueda llevar a cabo misiones en el interior del pa\u00eds en caso de atentados terroristas, seg\u00fan declaraciones publicadas hoy en el diario alem\u00e1n \u00abBild\u00bb.<\/p>\n<p>\u00abA finales de verano decidiremos con la conferencia de ministros regionales de Interior de los Estados federados qu\u00e9 escenarios de misiones debemos practicar\u00bb, afirm\u00f3 la pol\u00edtica cristianodem\u00f3crata (CDU).<\/p>\n<p>\u00abEn caso de urgencia debe haber una cadena de alarma, estar claras las competencias y contar con suficiente personal disponible\u00bb, explic\u00f3 la ministra sobre la pol\u00e9mica decisi\u00f3n de que el Ej\u00e9rcito pueda actuar en el pa\u00eds para apoyar a la Polic\u00eda.<\/p>\n<p>Para Von der Leyen, la discusi\u00f3n sobre una posible misi\u00f3n antiterrorista del Ej\u00e9rcito es \u00abcorrecta e importante\u00bb. Todos esperan que nunca se produzca un \u00abgran escenario\u00bb en el que sea necesario una misi\u00f3n de este tipo, pero los atentados en Par\u00eds abrieron los ojos a todos, indic\u00f3. \u00abPrefiero el escepticismo ahora a que despu\u00e9s nos critiquen por no haber estado preparados\u00bb, agreg\u00f3.<\/p>\n<p>Sin embargo, desde la Polic\u00eda creen que no es necesaria la ayuda del Ej\u00e9rcito para luchar contra el terrorismo. \u00abLa ayuda que nosotros necesitamos no puede ofrec\u00e9rnosla para nada el Ej\u00e9rcito\u00bb, asegur\u00f3 el presidente del sindicato de la Polic\u00eda (GdP), Oliver Malchow, en la televisi\u00f3n p\u00fablica alemana ZDF.<\/p>\n<p>\u00abNecesitamos investigadores, necesitamos polic\u00edas, con formaci\u00f3n jur\u00eddica, y en el marco de la conveniencia de los medios tomar las medidas necesarias\u00bb, indic\u00f3. \u00c9sa es una tarea complicada para la que se necesita una elevada cualificaci\u00f3n y no la puede proporcionar el Ej\u00e9rcito, explic\u00f3.<\/p>\n<p>Quien crea que para tener seguridad interior se necesita poner a \u00abpersonas en uniforme, con casco y armas largas\u00bb en el centro de las ciudades, se equivoca, afirm\u00f3. \u00abEsto eleva m\u00e1s bien el sentimiento de inseguridad de la poblaci\u00f3n\u00bb, agreg\u00f3.<\/p>\n<p>Hasta ahora, las misiones antiterroristas en Alemania estaban reservadas a la Polic\u00eda. No obstante, la creciente inseguridad llev\u00f3 al Gobierno a acordar en el denominado \u00abLibro Blanco\u00bb, donde se fijan las directrices en pol\u00edtica de seguridad, el despliegue del Ej\u00e9rcito en caso de grandes atentados terroristas, evacuaciones o emergencias sanitarias.<\/p>\n<p>Posteriormente, tras los ataques registrados en julio en Baviera -un presunto afgano de 17 a\u00f1os atac\u00f3 a los pasajeros de un tren regional, en Wurzburgo y un sirio de 27 a\u00f1os deton\u00f3 una bomba que llevaba en una mochila en Ansbach-, la canciller Angela Merkel decidi\u00f3 acelerar la participaci\u00f3n del Ej\u00e9rcito en el interior, que incluy\u00f3 en un plan de nueve puntos para mejorar la seguridad en Alemania.<\/p>\n","protected":false},"excerpt":{"rendered":"<p>Berl\u00edn, 1 ago (dpa) &#8211; La ministra alemana de Defensa, Ursula von der Leyen, quiere contar pronto con las bases para que el Ej\u00e9rcito pueda llevar a cabo misiones en el interior del pa\u00eds en caso de atentados terroristas, seg\u00fan declaraciones publicadas hoy en el diario alem\u00e1n \u00abBild\u00bb. \u00abA finales de verano decidiremos con la<\/p>\n","protected":false},"author":1,"featured_media":16457,"comment_status":"closed","ping_status":"closed","sticky":false,"template":"","format":"standard","meta":{"footnotes":""},"categories":[343],"tags":[],"class_list":{"0":"post-33059","1":"post","2":"type-post","3":"status-publish","4":"format-standard","5":"has-post-thumbnail","7":"category-actualidad"},"aioseo_notices":[],"aioseo_head":"\n\t\t<!-- All in One SEO Pro 4.9.6.2 - aioseo.com -->\n\t<meta name=\"description\" content=\"Berl\u00edn, 1 ago (dpa) - La ministra alemana de Defensa, Ursula von der Leyen, quiere contar pronto con las bases para que el Ej\u00e9rcito pueda llevar a cabo misiones en el interior del pa\u00eds en caso de atentados terroristas, seg\u00fan declaraciones publicadas hoy en el diario alem\u00e1n &quot;Bild&quot;. &quot;A finales de verano decidiremos con la\" \/>\n\t<meta name=\"robots\" content=\"max-image-preview:large\" \/>\n\t<meta name=\"author\" content=\"Cand\u00e1s 365\"\/>\n\t<meta name=\"google-site-verification\" content=\"UA-32230408-1\" \/>\n\t<meta name=\"msvalidate.01\" content=\"354F3CDFB2DA171B47FBE9ABF1F88D5\" \/>\n\t<meta name=\"keywords\" content=\"actualidad\" \/>\n\t<link rel=\"canonical\" href=\"https:\/\/candas365.es\/noticias\/ministra-alemana-defensa-ejercito-se-prepara-para-misiones-internas\/\" \/>\n\t<meta name=\"generator\" content=\"All in One SEO Pro (AIOSEO) 4.9.6.2\" \/>\n\t\t<meta property=\"og:locale\" content=\"es_ES\" \/>\n\t\t<meta property=\"og:site_name\" content=\"Cand\u00e1s 365\" \/>\n\t\t<meta property=\"og:type\" content=\"article\" \/>\n\t\t<meta property=\"og:title\" content=\"Ministra alemana Defensa: Ej\u00e9rcito se prepara para misiones internas | Cand\u00e1s 365\" \/>\n\t\t<meta property=\"og:description\" content=\"Berl\u00edn, 1 ago (dpa) - La ministra alemana de Defensa, Ursula von der Leyen, quiere contar pronto con las bases para que el Ej\u00e9rcito pueda llevar a cabo misiones en el interior del pa\u00eds en caso de atentados terroristas, seg\u00fan declaraciones publicadas hoy en el diario alem\u00e1n &quot;Bild&quot;. &quot;A finales de verano decidiremos con la\" \/>\n\t\t<meta property=\"og:url\" content=\"https:\/\/candas365.es\/noticias\/ministra-alemana-defensa-ejercito-se-prepara-para-misiones-internas\/\" \/>\n\t\t<meta property=\"og:image\" content=\"https:\/\/candas365.es\/noticias\/wp-content\/uploads\/2015\/09\/c365noticias.jpg\" \/>\n\t\t<meta property=\"og:image:secure_url\" content=\"https:\/\/candas365.es\/noticias\/wp-content\/uploads\/2015\/09\/c365noticias.jpg\" \/>\n\t\t<meta property=\"og:image:width\" content=\"655\" \/>\n\t\t<meta property=\"og:image:height\" content=\"360\" \/>\n\t\t<meta property=\"article:published_time\" content=\"2016-08-02T01:07:31+00:00\" \/>\n\t\t<meta property=\"article:modified_time\" content=\"2016-08-02T01:07:31+00:00\" \/>\n\t\t<meta property=\"article:publisher\" content=\"https:\/\/www.facebook.com\/Nachofdezber\" \/>\n\t\t<meta property=\"article:author\" content=\"https:\/\/www.facebook.com\/carrenoactualidad\" \/>\n\t\t<meta name=\"twitter:card\" content=\"summary_large_image\" \/>\n\t\t<meta name=\"twitter:site\" content=\"@NabercoDigital\" \/>\n\t\t<meta name=\"twitter:title\" content=\"Ministra alemana Defensa: Ej\u00e9rcito se prepara para misiones internas | Cand\u00e1s 365\" \/>\n\t\t<meta name=\"twitter:description\" content=\"Berl\u00edn, 1 ago (dpa) - La ministra alemana de Defensa, Ursula von der Leyen, quiere contar pronto con las bases para que el Ej\u00e9rcito pueda llevar a cabo misiones en el interior del pa\u00eds en caso de atentados terroristas, seg\u00fan declaraciones publicadas hoy en el diario alem\u00e1n &quot;Bild&quot;. &quot;A finales de verano decidiremos con la\" \/>\n\t\t<meta name=\"twitter:creator\" content=\"@nbasturias\" \/>\n\t\t<meta name=\"twitter:image\" content=\"https:\/\/candas365.es\/noticias\/wp-content\/uploads\/2015\/09\/c365noticias.jpg\" \/>\n\t\t<meta name=\"twitter:label1\" content=\"Escrito por\" \/>\n\t\t<meta name=\"twitter:data1\" content=\"Cand\u00e1s 365\" \/>\n\t\t<meta name=\"twitter:label2\" content=\"Tiempo de lectura estimado\" \/>\n\t\t<meta name=\"twitter:data2\" content=\"2 minutos\" \/>\n\t\t<script type=\"application\/ld+json\" class=\"aioseo-schema\">\n\t\t\t{\"@context\":\"https:\\\/\\\/schema.org\",\"@graph\":[{\"@type\":\"BreadcrumbList\",\"@id\":\"https:\\\/\\\/candas365.es\\\/noticias\\\/ministra-alemana-defensa-ejercito-se-prepara-para-misiones-internas\\\/#breadcrumblist\",\"itemListElement\":[{\"@type\":\"ListItem\",\"@id\":\"https:\\\/\\\/candas365.es\\\/noticias#listItem\",\"position\":1,\"name\":\"Home\",\"item\":\"https:\\\/\\\/candas365.es\\\/noticias\",\"nextItem\":{\"@type\":\"ListItem\",\"@id\":\"https:\\\/\\\/candas365.es\\\/noticias\\\/category\\\/actualidad\\\/#listItem\",\"name\":\"Actualidad\"}},{\"@type\":\"ListItem\",\"@id\":\"https:\\\/\\\/candas365.es\\\/noticias\\\/category\\\/actualidad\\\/#listItem\",\"position\":2,\"name\":\"Actualidad\",\"item\":\"https:\\\/\\\/candas365.es\\\/noticias\\\/category\\\/actualidad\\\/\",\"nextItem\":{\"@type\":\"ListItem\",\"@id\":\"https:\\\/\\\/candas365.es\\\/noticias\\\/ministra-alemana-defensa-ejercito-se-prepara-para-misiones-internas\\\/#listItem\",\"name\":\"Ministra alemana Defensa: Ej\\u00e9rcito se prepara para misiones internas\"},\"previousItem\":{\"@type\":\"ListItem\",\"@id\":\"https:\\\/\\\/candas365.es\\\/noticias#listItem\",\"name\":\"Home\"}},{\"@type\":\"ListItem\",\"@id\":\"https:\\\/\\\/candas365.es\\\/noticias\\\/ministra-alemana-defensa-ejercito-se-prepara-para-misiones-internas\\\/#listItem\",\"position\":3,\"name\":\"Ministra alemana Defensa: Ej\\u00e9rcito se prepara para misiones internas\",\"previousItem\":{\"@type\":\"ListItem\",\"@id\":\"https:\\\/\\\/candas365.es\\\/noticias\\\/category\\\/actualidad\\\/#listItem\",\"name\":\"Actualidad\"}}]},{\"@type\":\"NewsArticle\",\"@id\":\"https:\\\/\\\/candas365.es\\\/noticias\\\/ministra-alemana-defensa-ejercito-se-prepara-para-misiones-internas\\\/#newsarticle\",\"name\":\"Ministra alemana Defensa: Ej\\u00e9rcito se prepara para misiones internas | Cand\\u00e1s 365\",\"headline\":\"Ministra alemana Defensa: Ej\\u00e9rcito se prepara para misiones internas\",\"author\":{\"@id\":\"https:\\\/\\\/candas365.es\\\/noticias\\\/author\\\/admin\\\/#author\"},\"publisher\":{\"@id\":\"https:\\\/\\\/candas365.es\\\/noticias\\\/#organization\"},\"image\":{\"@type\":\"ImageObject\",\"url\":\"https:\\\/\\\/candas365.es\\\/noticias\\\/wp-content\\\/uploads\\\/2015\\\/09\\\/c365noticias.jpg\",\"width\":655,\"height\":360},\"datePublished\":\"2016-08-02T02:37:31+02:00\",\"dateModified\":\"2016-08-02T02:37:31+02:00\",\"inLanguage\":\"es-ES\",\"mainEntityOfPage\":{\"@id\":\"https:\\\/\\\/candas365.es\\\/noticias\\\/ministra-alemana-defensa-ejercito-se-prepara-para-misiones-internas\\\/#webpage\"},\"isPartOf\":{\"@id\":\"https:\\\/\\\/candas365.es\\\/noticias\\\/ministra-alemana-defensa-ejercito-se-prepara-para-misiones-internas\\\/#webpage\"},\"articleSection\":\"Actualidad\",\"dateline\":\"Publicado el agosto 2, 2016.\"},{\"@type\":\"Organization\",\"@id\":\"https:\\\/\\\/candas365.es\\\/noticias\\\/#organization\",\"name\":\"Cand\\u00e1s 365\",\"description\":\"Cand\\u00e1s 365 es un diario digital independiente, fundado en 2012, con base en Asturias. Informamos con rigor sobre actualidad, sociedad, cultura y ocio, con una mirada local y global.\",\"url\":\"https:\\\/\\\/candas365.es\\\/noticias\\\/\",\"email\":\"info@candas365.es\",\"telephone\":\"+34652131393\",\"foundingDate\":\"2012-06-10\",\"logo\":{\"@type\":\"ImageObject\",\"url\":\"https:\\\/\\\/candas365.es\\\/noticias\\\/wp-content\\\/uploads\\\/2024\\\/09\\\/Candas-365-Redes.jpg\",\"@id\":\"https:\\\/\\\/candas365.es\\\/noticias\\\/ministra-alemana-defensa-ejercito-se-prepara-para-misiones-internas\\\/#organizationLogo\",\"width\":1152,\"height\":864,\"caption\":\"Cand\\u00e1s 365 Redes\"},\"image\":{\"@id\":\"https:\\\/\\\/candas365.es\\\/noticias\\\/ministra-alemana-defensa-ejercito-se-prepara-para-misiones-internas\\\/#organizationLogo\"},\"sameAs\":[\"https:\\\/\\\/www.facebook.com\\\/Nachofdezber\",\"https:\\\/\\\/x.com\\\/NabercoDigital\",\"https:\\\/\\\/www.instagram.com\\\/nachofdezber\\\/\",\"https:\\\/\\\/www.youtube.com\\\/channel\\\/UCZP-2wLEB9Rv6erhFmqVnvg\"],\"address\":{\"@id\":\"https:\\\/\\\/candas365.es\\\/noticias\\\/#postaladdress\",\"@type\":\"PostalAddress\",\"streetAddress\":\"san antonio 4, san antonio 4\",\"postalCode\":\"33430\",\"addressLocality\":\"Cand\\u00e1s\",\"addressRegion\":\"Asturias\",\"addressCountry\":\"ES\"}},{\"@type\":\"Person\",\"@id\":\"https:\\\/\\\/candas365.es\\\/noticias\\\/author\\\/admin\\\/#author\",\"url\":\"https:\\\/\\\/candas365.es\\\/noticias\\\/author\\\/admin\\\/\",\"name\":\"Cand\\u00e1s 365\",\"image\":{\"@type\":\"ImageObject\",\"@id\":\"https:\\\/\\\/candas365.es\\\/noticias\\\/ministra-alemana-defensa-ejercito-se-prepara-para-misiones-internas\\\/#authorImage\",\"url\":\"https:\\\/\\\/secure.gravatar.com\\\/avatar\\\/496a8e03d0c493ede1718b7934145dbdf8d89be1036b0eec9544e1094c9de390?s=96&d=mm&r=g\",\"width\":96,\"height\":96,\"caption\":\"Cand\\u00e1s 365\"},\"sameAs\":[\"https:\\\/\\\/www.facebook.com\\\/carrenoactualidad\",\"https:\\\/\\\/twitter.com\\\/nbasturias\",\"https:\\\/\\\/www.instagram.com\\\/nachofdezber\\\/\",\"https:\\\/\\\/www.youtube.com\\\/channel\\\/UCZP-2wLEB9Rv6erhFmqVnvg\"]},{\"@type\":\"WebPage\",\"@id\":\"https:\\\/\\\/candas365.es\\\/noticias\\\/ministra-alemana-defensa-ejercito-se-prepara-para-misiones-internas\\\/#webpage\",\"url\":\"https:\\\/\\\/candas365.es\\\/noticias\\\/ministra-alemana-defensa-ejercito-se-prepara-para-misiones-internas\\\/\",\"name\":\"Ministra alemana Defensa: Ej\\u00e9rcito se prepara para misiones internas | Cand\\u00e1s 365\",\"description\":\"Berl\\u00edn, 1 ago (dpa) - La ministra alemana de Defensa, Ursula von der Leyen, quiere contar pronto con las bases para que el Ej\\u00e9rcito pueda llevar a cabo misiones en el interior del pa\\u00eds en caso de atentados terroristas, seg\\u00fan declaraciones publicadas hoy en el diario alem\\u00e1n \\\"Bild\\\". \\\"A finales de verano decidiremos con la\",\"inLanguage\":\"es-ES\",\"isPartOf\":{\"@id\":\"https:\\\/\\\/candas365.es\\\/noticias\\\/#website\"},\"breadcrumb\":{\"@id\":\"https:\\\/\\\/candas365.es\\\/noticias\\\/ministra-alemana-defensa-ejercito-se-prepara-para-misiones-internas\\\/#breadcrumblist\"},\"author\":{\"@id\":\"https:\\\/\\\/candas365.es\\\/noticias\\\/author\\\/admin\\\/#author\"},\"creator\":{\"@id\":\"https:\\\/\\\/candas365.es\\\/noticias\\\/author\\\/admin\\\/#author\"},\"image\":{\"@type\":\"ImageObject\",\"url\":\"https:\\\/\\\/candas365.es\\\/noticias\\\/wp-content\\\/uploads\\\/2015\\\/09\\\/c365noticias.jpg\",\"@id\":\"https:\\\/\\\/candas365.es\\\/noticias\\\/ministra-alemana-defensa-ejercito-se-prepara-para-misiones-internas\\\/#mainImage\",\"width\":655,\"height\":360},\"primaryImageOfPage\":{\"@id\":\"https:\\\/\\\/candas365.es\\\/noticias\\\/ministra-alemana-defensa-ejercito-se-prepara-para-misiones-internas\\\/#mainImage\"},\"datePublished\":\"2016-08-02T02:37:31+02:00\",\"dateModified\":\"2016-08-02T02:37:31+02:00\"},{\"@type\":\"WebSite\",\"@id\":\"https:\\\/\\\/candas365.es\\\/noticias\\\/#website\",\"url\":\"https:\\\/\\\/candas365.es\\\/noticias\\\/\",\"name\":\"Cand\\u00e1s 365\",\"alternateName\":\"Cand\\u00e1s 365 Noticias\",\"description\":\"Actualidad desde Carre\\u00f1o para el mundo\",\"inLanguage\":\"es-ES\",\"publisher\":{\"@id\":\"https:\\\/\\\/candas365.es\\\/noticias\\\/#organization\"}}]}\n\t\t<\/script>\n\t\t<!-- All in One SEO Pro -->\r\n\t\t<title>Ministra alemana Defensa: Ej\u00e9rcito se prepara para misiones internas | Cand\u00e1s 365<\/title>\n\n","aioseo_head_json":{"title":"Ministra alemana Defensa: Ej\u00e9rcito se prepara para misiones internas | Cand\u00e1s 365","description":"Berl\u00edn, 1 ago (dpa) - La ministra alemana de Defensa, Ursula von der Leyen, quiere contar pronto con las bases para que el Ej\u00e9rcito pueda llevar a cabo misiones en el interior del pa\u00eds en caso de atentados terroristas, seg\u00fan declaraciones publicadas hoy en el diario alem\u00e1n \"Bild\". \"A finales de verano decidiremos con la","canonical_url":"https:\/\/candas365.es\/noticias\/ministra-alemana-defensa-ejercito-se-prepara-para-misiones-internas\/","robots":"max-image-preview:large","keywords":"actualidad","webmasterTools":{"google-site-verification":"UA-32230408-1","msvalidate.01":"354F3CDFB2DA171B47FBE9ABF1F88D5","miscellaneous":""},"schema":{"@context":"https:\/\/schema.org","@graph":[{"@type":"BreadcrumbList","@id":"https:\/\/candas365.es\/noticias\/ministra-alemana-defensa-ejercito-se-prepara-para-misiones-internas\/#breadcrumblist","itemListElement":[{"@type":"ListItem","@id":"https:\/\/candas365.es\/noticias#listItem","position":1,"name":"Home","item":"https:\/\/candas365.es\/noticias","nextItem":{"@type":"ListItem","@id":"https:\/\/candas365.es\/noticias\/category\/actualidad\/#listItem","name":"Actualidad"}},{"@type":"ListItem","@id":"https:\/\/candas365.es\/noticias\/category\/actualidad\/#listItem","position":2,"name":"Actualidad","item":"https:\/\/candas365.es\/noticias\/category\/actualidad\/","nextItem":{"@type":"ListItem","@id":"https:\/\/candas365.es\/noticias\/ministra-alemana-defensa-ejercito-se-prepara-para-misiones-internas\/#listItem","name":"Ministra alemana Defensa: Ej\u00e9rcito se prepara para misiones internas"},"previousItem":{"@type":"ListItem","@id":"https:\/\/candas365.es\/noticias#listItem","name":"Home"}},{"@type":"ListItem","@id":"https:\/\/candas365.es\/noticias\/ministra-alemana-defensa-ejercito-se-prepara-para-misiones-internas\/#listItem","position":3,"name":"Ministra alemana Defensa: Ej\u00e9rcito se prepara para misiones internas","previousItem":{"@type":"ListItem","@id":"https:\/\/candas365.es\/noticias\/category\/actualidad\/#listItem","name":"Actualidad"}}]},{"@type":"NewsArticle","@id":"https:\/\/candas365.es\/noticias\/ministra-alemana-defensa-ejercito-se-prepara-para-misiones-internas\/#newsarticle","name":"Ministra alemana Defensa: Ej\u00e9rcito se prepara para misiones internas | Cand\u00e1s 365","headline":"Ministra alemana Defensa: Ej\u00e9rcito se prepara para misiones internas","author":{"@id":"https:\/\/candas365.es\/noticias\/author\/admin\/#author"},"publisher":{"@id":"https:\/\/candas365.es\/noticias\/#organization"},"image":{"@type":"ImageObject","url":"https:\/\/candas365.es\/noticias\/wp-content\/uploads\/2015\/09\/c365noticias.jpg","width":655,"height":360},"datePublished":"2016-08-02T02:37:31+02:00","dateModified":"2016-08-02T02:37:31+02:00","inLanguage":"es-ES","mainEntityOfPage":{"@id":"https:\/\/candas365.es\/noticias\/ministra-alemana-defensa-ejercito-se-prepara-para-misiones-internas\/#webpage"},"isPartOf":{"@id":"https:\/\/candas365.es\/noticias\/ministra-alemana-defensa-ejercito-se-prepara-para-misiones-internas\/#webpage"},"articleSection":"Actualidad","dateline":"Publicado el agosto 2, 2016."},{"@type":"Organization","@id":"https:\/\/candas365.es\/noticias\/#organization","name":"Cand\u00e1s 365","description":"Cand\u00e1s 365 es un diario digital independiente, fundado en 2012, con base en Asturias. Informamos con rigor sobre actualidad, sociedad, cultura y ocio, con una mirada local y global.","url":"https:\/\/candas365.es\/noticias\/","email":"info@candas365.es","telephone":"+34652131393","foundingDate":"2012-06-10","logo":{"@type":"ImageObject","url":"https:\/\/candas365.es\/noticias\/wp-content\/uploads\/2024\/09\/Candas-365-Redes.jpg","@id":"https:\/\/candas365.es\/noticias\/ministra-alemana-defensa-ejercito-se-prepara-para-misiones-internas\/#organizationLogo","width":1152,"height":864,"caption":"Cand\u00e1s 365 Redes"},"image":{"@id":"https:\/\/candas365.es\/noticias\/ministra-alemana-defensa-ejercito-se-prepara-para-misiones-internas\/#organizationLogo"},"sameAs":["https:\/\/www.facebook.com\/Nachofdezber","https:\/\/x.com\/NabercoDigital","https:\/\/www.instagram.com\/nachofdezber\/","https:\/\/www.youtube.com\/channel\/UCZP-2wLEB9Rv6erhFmqVnvg"],"address":{"@id":"https:\/\/candas365.es\/noticias\/#postaladdress","@type":"PostalAddress","streetAddress":"san antonio 4, san antonio 4","postalCode":"33430","addressLocality":"Cand\u00e1s","addressRegion":"Asturias","addressCountry":"ES"}},{"@type":"Person","@id":"https:\/\/candas365.es\/noticias\/author\/admin\/#author","url":"https:\/\/candas365.es\/noticias\/author\/admin\/","name":"Cand\u00e1s 365","image":{"@type":"ImageObject","@id":"https:\/\/candas365.es\/noticias\/ministra-alemana-defensa-ejercito-se-prepara-para-misiones-internas\/#authorImage","url":"https:\/\/secure.gravatar.com\/avatar\/496a8e03d0c493ede1718b7934145dbdf8d89be1036b0eec9544e1094c9de390?s=96&d=mm&r=g","width":96,"height":96,"caption":"Cand\u00e1s 365"},"sameAs":["https:\/\/www.facebook.com\/carrenoactualidad","https:\/\/twitter.com\/nbasturias","https:\/\/www.instagram.com\/nachofdezber\/","https:\/\/www.youtube.com\/channel\/UCZP-2wLEB9Rv6erhFmqVnvg"]},{"@type":"WebPage","@id":"https:\/\/candas365.es\/noticias\/ministra-alemana-defensa-ejercito-se-prepara-para-misiones-internas\/#webpage","url":"https:\/\/candas365.es\/noticias\/ministra-alemana-defensa-ejercito-se-prepara-para-misiones-internas\/","name":"Ministra alemana Defensa: Ej\u00e9rcito se prepara para misiones internas | Cand\u00e1s 365","description":"Berl\u00edn, 1 ago (dpa) - La ministra alemana de Defensa, Ursula von der Leyen, quiere contar pronto con las bases para que el Ej\u00e9rcito pueda llevar a cabo misiones en el interior del pa\u00eds en caso de atentados terroristas, seg\u00fan declaraciones publicadas hoy en el diario alem\u00e1n \"Bild\". \"A finales de verano decidiremos con la","inLanguage":"es-ES","isPartOf":{"@id":"https:\/\/candas365.es\/noticias\/#website"},"breadcrumb":{"@id":"https:\/\/candas365.es\/noticias\/ministra-alemana-defensa-ejercito-se-prepara-para-misiones-internas\/#breadcrumblist"},"author":{"@id":"https:\/\/candas365.es\/noticias\/author\/admin\/#author"},"creator":{"@id":"https:\/\/candas365.es\/noticias\/author\/admin\/#author"},"image":{"@type":"ImageObject","url":"https:\/\/candas365.es\/noticias\/wp-content\/uploads\/2015\/09\/c365noticias.jpg","@id":"https:\/\/candas365.es\/noticias\/ministra-alemana-defensa-ejercito-se-prepara-para-misiones-internas\/#mainImage","width":655,"height":360},"primaryImageOfPage":{"@id":"https:\/\/candas365.es\/noticias\/ministra-alemana-defensa-ejercito-se-prepara-para-misiones-internas\/#mainImage"},"datePublished":"2016-08-02T02:37:31+02:00","dateModified":"2016-08-02T02:37:31+02:00"},{"@type":"WebSite","@id":"https:\/\/candas365.es\/noticias\/#website","url":"https:\/\/candas365.es\/noticias\/","name":"Cand\u00e1s 365","alternateName":"Cand\u00e1s 365 Noticias","description":"Actualidad desde Carre\u00f1o para el mundo","inLanguage":"es-ES","publisher":{"@id":"https:\/\/candas365.es\/noticias\/#organization"}}]},"og:locale":"es_ES","og:site_name":"Cand\u00e1s 365","og:type":"article","og:title":"Ministra alemana Defensa: Ej\u00e9rcito se prepara para misiones internas | Cand\u00e1s 365","og:description":"Berl\u00edn, 1 ago (dpa) - La ministra alemana de Defensa, Ursula von der Leyen, quiere contar pronto con las bases para que el Ej\u00e9rcito pueda llevar a cabo misiones en el interior del pa\u00eds en caso de atentados terroristas, seg\u00fan declaraciones publicadas hoy en el diario alem\u00e1n &quot;Bild&quot;. &quot;A finales de verano decidiremos con la","og:url":"https:\/\/candas365.es\/noticias\/ministra-alemana-defensa-ejercito-se-prepara-para-misiones-internas\/","og:image":"https:\/\/candas365.es\/noticias\/wp-content\/uploads\/2015\/09\/c365noticias.jpg","og:image:secure_url":"https:\/\/candas365.es\/noticias\/wp-content\/uploads\/2015\/09\/c365noticias.jpg","og:image:width":655,"og:image:height":360,"article:published_time":"2016-08-02T01:07:31+00:00","article:modified_time":"2016-08-02T01:07:31+00:00","article:publisher":"https:\/\/www.facebook.com\/Nachofdezber","article:author":"https:\/\/www.facebook.com\/carrenoactualidad","twitter:card":"summary_large_image","twitter:site":"@NabercoDigital","twitter:title":"Ministra alemana Defensa: Ej\u00e9rcito se prepara para misiones internas | Cand\u00e1s 365","twitter:description":"Berl\u00edn, 1 ago (dpa) - La ministra alemana de Defensa, Ursula von der Leyen, quiere contar pronto con las bases para que el Ej\u00e9rcito pueda llevar a cabo misiones en el interior del pa\u00eds en caso de atentados terroristas, seg\u00fan declaraciones publicadas hoy en el diario alem\u00e1n &quot;Bild&quot;. &quot;A finales de verano decidiremos con la","twitter:creator":"@nbasturias","twitter:image":"https:\/\/candas365.es\/noticias\/wp-content\/uploads\/2015\/09\/c365noticias.jpg","twitter:label1":"Escrito por","twitter:data1":"Cand\u00e1s 365","twitter:label2":"Tiempo de lectura estimado","twitter:data2":"2 minutos"},"aioseo_meta_data":{"post_id":"33059","title":null,"description":null,"keywords":null,"keyphrases":null,"primary_term":null,"canonical_url":null,"og_title":null,"og_description":null,"og_object_type":"default","og_image_type":"default","og_image_url":null,"og_image_width":null,"og_image_height":null,"og_image_custom_url":null,"og_image_custom_fields":null,"og_video":null,"og_custom_url":null,"og_article_section":null,"og_article_tags":null,"twitter_use_og":false,"twitter_card":"default","twitter_image_type":"default","twitter_image_url":null,"twitter_image_custom_url":null,"twitter_image_custom_fields":null,"twitter_title":null,"twitter_description":null,"schema":{"blockGraphs":[],"customGraphs":[],"default":{"data":{"Article":[],"Course":[],"Dataset":[],"FAQPage":[],"Movie":[],"Person":[],"Product":[],"ProductReview":[],"Car":[],"Recipe":[],"Service":[],"SoftwareApplication":[],"WebPage":[]},"graphName":"","isEnabled":true},"graphs":[]},"schema_type":null,"schema_type_options":null,"pillar_content":false,"robots_default":true,"robots_noindex":false,"robots_noarchive":false,"robots_nosnippet":false,"robots_nofollow":false,"robots_noimageindex":false,"robots_noodp":false,"robots_notranslate":false,"robots_max_snippet":null,"robots_max_videopreview":null,"robots_max_imagepreview":"large","priority":null,"frequency":null,"location":null,"local_seo":null,"seo_analyzer_scan_date":"2025-08-24 16:20:15","breadcrumb_settings":null,"limit_modified_date":false,"reviewed_by":null,"open_ai":null,"ai":null,"created":"2020-12-21 13:05:48","updated":"2025-08-24 16:20:15"},"aioseo_breadcrumb":"<div class=\"aioseo-breadcrumbs\"><span class=\"aioseo-breadcrumb\">\n\t<a href=\"https:\/\/candas365.es\/noticias\" title=\"Home\">Home<\/a>\n<\/span><span class=\"aioseo-breadcrumb-separator\">&ndash;<\/span><span class=\"aioseo-breadcrumb\">\n\t<a href=\"https:\/\/candas365.es\/noticias\/category\/actualidad\/\" title=\"Actualidad\">Actualidad<\/a>\n<\/span><span class=\"aioseo-breadcrumb-separator\">&ndash;<\/span><span class=\"aioseo-breadcrumb\">\n\tMinistra alemana Defensa: Ej\u00e9rcito se prepara para misiones internas\n<\/span><\/div>","aioseo_breadcrumb_json":[{"label":"Home","link":"https:\/\/candas365.es\/noticias"},{"label":"Actualidad","link":"https:\/\/candas365.es\/noticias\/category\/actualidad\/"},{"label":"Ministra alemana Defensa: Ej\u00e9rcito se prepara para misiones internas","link":"https:\/\/candas365.es\/noticias\/ministra-alemana-defensa-ejercito-se-prepara-para-misiones-internas\/"}],"_links":{"self":[{"href":"https:\/\/candas365.es\/noticias\/wp-json\/wp\/v2\/posts\/33059","targetHints":{"allow":["GET"]}}],"collection":[{"href":"https:\/\/candas365.es\/noticias\/wp-json\/wp\/v2\/posts"}],"about":[{"href":"https:\/\/candas365.es\/noticias\/wp-json\/wp\/v2\/types\/post"}],"author":[{"embeddable":true,"href":"https:\/\/candas365.es\/noticias\/wp-json\/wp\/v2\/users\/1"}],"replies":[{"embeddable":true,"href":"https:\/\/candas365.es\/noticias\/wp-json\/wp\/v2\/comments?post=33059"}],"version-history":[{"count":0,"href":"https:\/\/candas365.es\/noticias\/wp-json\/wp\/v2\/posts\/33059\/revisions"}],"wp:featuredmedia":[{"embeddable":true,"href":"https:\/\/candas365.es\/noticias\/wp-json\/wp\/v2\/media\/16457"}],"wp:attachment":[{"href":"https:\/\/candas365.es\/noticias\/wp-json\/wp\/v2\/media?parent=33059"}],"wp:term":[{"taxonomy":"category","embeddable":true,"href":"https:\/\/candas365.es\/noticias\/wp-json\/wp\/v2\/categories?post=33059"},{"taxonomy":"post_tag","embeddable":true,"href":"https:\/\/candas365.es\/noticias\/wp-json\/wp\/v2\/tags?post=33059"}],"curies":[{"name":"wp","href":"https:\/\/api.w.org\/{rel}","templated":true}]}}