{"id":33057,"date":"2016-08-02T02:36:24","date_gmt":"2016-08-02T01:06:24","guid":{"rendered":"http:\/\/candas365.es\/noticias\/?p=33057"},"modified":"2016-08-02T02:36:24","modified_gmt":"2016-08-02T01:06:24","slug":"bravo-y-ter-stegen-inician-la-gran-batalla-por-el-arco-del-barcelona","status":"publish","type":"post","link":"https:\/\/candas365.es\/noticias\/bravo-y-ter-stegen-inician-la-gran-batalla-por-el-arco-del-barcelona\/","title":{"rendered":"Bravo y Ter Stegen inician la gran batalla por el arco del Barcelona"},"content":{"rendered":"<p>Madrid\/Barcelona, 1 ago (dpa) &#8211; La lucha por la porter\u00eda del Barcelona vivi\u00f3 hoy su \u00abd\u00eda uno\u00bb con la reincorporaci\u00f3n al trabajo del chileno Claudio Bravo y el alem\u00e1n Marc-Andr\u00e9 Ter Stegen, una batalla que promete ser dura y con consecuencias imprevisibles.<\/p>\n<p>Acabaron las vacaciones para ambos despu\u00e9s de la participaci\u00f3n de Bravo en la Copa Am\u00e9rica y de Ter Stegen en la Eurocopa. En el caso del alem\u00e1n, renunci\u00f3 a las vacaciones que ten\u00eda hasta el 8 de agosto con el fin de competir. No quer\u00eda que el chileno tomara ventaja en la preparaci\u00f3n.<\/p>\n<p>As\u00ed lo confes\u00f3 al diario alem\u00e1n \u00abBild\u00bb: \u00abSimplemente es para pon\u00e9rselo dif\u00edcil al t\u00e9cnico y jugar el m\u00e1ximo de competiciones posible\u00bb.<\/p>\n<p>En las dos \u00faltimas temporadas, el entrenador espa\u00f1ol Luis Enrique tom\u00f3 la decisi\u00f3n de alternar a ambos seg\u00fan los torneos. Bravo jug\u00f3 los partidos de la Liga espa\u00f1ola y Ter Stegen se qued\u00f3 con Liga de Campeones y Copa del Rey.<\/p>\n<p>Es un reparto desigual, sin embargo. As\u00ed, y si todo sigue igual, Bravo podr\u00eda llegar a disputar un m\u00e1ximo de 38 partidos, coincidiendo con el n\u00famero total de jornadas de la Liga espa\u00f1ola, mientras Ter Stegen s\u00f3lo optar\u00eda a un m\u00e1ximo de 22, suponiendo que el Barcelona llegara a las finales de la Liga de Campeones y Copa del Rey.<\/p>\n<p>El equilibrio comienza a ser dif\u00edcil para Luis Enrique por dos razones: la impaciencia de Ter Stegen y los rumores sobre eventuales ofertas para los dos porteros.<\/p>\n<p>El alem\u00e1n ya se quej\u00f3 al final de la pasada temporada: \u00abSi esto no cambia, habr\u00eda que hablar\u00bb. Seg\u00fan los medios espa\u00f1oles, el Barcelona le pidi\u00f3 paciencia entonces y la cadena \u00abTV3\u00bb anunci\u00f3 hace unos d\u00edas que Ter Stegen ser\u00eda el titular del equipo por delante de Bravo.<\/p>\n<p>Pero todo son rumores y s\u00f3lo el tiempo dir\u00e1 si Luis Enrique mantiene el \u00abstatus quo\u00bb o si decide variar lo que no cambi\u00f3 en los dos \u00faltimos a\u00f1os.<\/p>\n<p>Mientras tanto, la prensa inglesa y espa\u00f1ola habl\u00f3 de un presunto inter\u00e9s del Manchester City por ambos porteros. Dicen que su t\u00e9cnico, Josep Guardiola, quiere un recambio para Joe Hart y Willy Caballero, y se habr\u00eda fijado en los dos arqueros de su antiguo equipo. De momento, s\u00f3lo son rumores.  <\/p>\n<p>El Barcelona abrir\u00e1 su temporada oficial el 14 y 17 de agosto con la disputa de la Supercopa de Espa\u00f1a ante el Sevilla, a doble partido. Pero m\u00e1s decisiva ser\u00e1 la fecha del inicio de la Liga espa\u00f1ola para el campe\u00f3n. Ser\u00e1 el 21 de agosto, ante el Betis. Ah\u00ed se sabr\u00e1 qu\u00e9 decisi\u00f3n final de Luis Enrique.<\/p>\n<p>Mientras tanto, los dos jugadores dar\u00e1n lo m\u00e1ximo en los entrenamientos. No ser\u00e1 una pretemporada normal. M\u00e1s que una preparaci\u00f3n, se adivina una batalla.<\/p>\n<p>\u00abLos dos saben que hoy empieza una nueva y apasionante partida: se llama presente contra futuro. Todo un desaf\u00edo\u00bb, resumi\u00f3 el diario \u00abSport\u00bb.<\/p>\n<p>Por Alberto Bravo <\/p>\n","protected":false},"excerpt":{"rendered":"<p>Madrid\/Barcelona, 1 ago (dpa) &#8211; La lucha por la porter\u00eda del Barcelona vivi\u00f3 hoy su \u00abd\u00eda uno\u00bb con la reincorporaci\u00f3n al trabajo del chileno Claudio Bravo y el alem\u00e1n Marc-Andr\u00e9 Ter Stegen, una batalla que promete ser dura y con consecuencias imprevisibles. Acabaron las vacaciones para ambos despu\u00e9s de la participaci\u00f3n de Bravo en la<\/p>\n","protected":false},"author":1,"featured_media":16457,"comment_status":"closed","ping_status":"closed","sticky":false,"template":"","format":"standard","meta":{"footnotes":""},"categories":[343],"tags":[],"class_list":{"0":"post-33057","1":"post","2":"type-post","3":"status-publish","4":"format-standard","5":"has-post-thumbnail","7":"category-actualidad"},"aioseo_notices":[],"aioseo_head":"\n\t\t<!-- All in One SEO Pro 4.9.6.2 - aioseo.com -->\n\t<meta name=\"description\" content=\"Madrid\/Barcelona, 1 ago (dpa) - La lucha por la porter\u00eda del Barcelona vivi\u00f3 hoy su &quot;d\u00eda uno&quot; con la reincorporaci\u00f3n al trabajo del chileno Claudio Bravo y el alem\u00e1n Marc-Andr\u00e9 Ter Stegen, una batalla que promete ser dura y con consecuencias imprevisibles. Acabaron las vacaciones para ambos despu\u00e9s de la participaci\u00f3n de Bravo en la\" \/>\n\t<meta name=\"robots\" content=\"max-image-preview:large\" \/>\n\t<meta name=\"author\" content=\"Cand\u00e1s 365\"\/>\n\t<meta name=\"google-site-verification\" content=\"UA-32230408-1\" \/>\n\t<meta name=\"msvalidate.01\" content=\"354F3CDFB2DA171B47FBE9ABF1F88D5\" \/>\n\t<meta name=\"keywords\" content=\"actualidad\" \/>\n\t<link rel=\"canonical\" href=\"https:\/\/candas365.es\/noticias\/bravo-y-ter-stegen-inician-la-gran-batalla-por-el-arco-del-barcelona\/\" \/>\n\t<meta name=\"generator\" content=\"All in One SEO Pro (AIOSEO) 4.9.6.2\" \/>\n\t\t<meta property=\"og:locale\" content=\"es_ES\" \/>\n\t\t<meta property=\"og:site_name\" content=\"Cand\u00e1s 365\" \/>\n\t\t<meta property=\"og:type\" content=\"article\" \/>\n\t\t<meta property=\"og:title\" content=\"Bravo y Ter Stegen inician la gran batalla por el arco del Barcelona | Cand\u00e1s 365\" \/>\n\t\t<meta property=\"og:description\" content=\"Madrid\/Barcelona, 1 ago (dpa) - La lucha por la porter\u00eda del Barcelona vivi\u00f3 hoy su &quot;d\u00eda uno&quot; con la reincorporaci\u00f3n al trabajo del chileno Claudio Bravo y el alem\u00e1n Marc-Andr\u00e9 Ter Stegen, una batalla que promete ser dura y con consecuencias imprevisibles. Acabaron las vacaciones para ambos despu\u00e9s de la participaci\u00f3n de Bravo en la\" \/>\n\t\t<meta property=\"og:url\" content=\"https:\/\/candas365.es\/noticias\/bravo-y-ter-stegen-inician-la-gran-batalla-por-el-arco-del-barcelona\/\" \/>\n\t\t<meta property=\"og:image\" content=\"https:\/\/candas365.es\/noticias\/wp-content\/uploads\/2015\/09\/c365noticias.jpg\" \/>\n\t\t<meta property=\"og:image:secure_url\" content=\"https:\/\/candas365.es\/noticias\/wp-content\/uploads\/2015\/09\/c365noticias.jpg\" \/>\n\t\t<meta property=\"og:image:width\" content=\"655\" \/>\n\t\t<meta property=\"og:image:height\" content=\"360\" \/>\n\t\t<meta property=\"article:published_time\" content=\"2016-08-02T01:06:24+00:00\" \/>\n\t\t<meta property=\"article:modified_time\" content=\"2016-08-02T01:06:24+00:00\" \/>\n\t\t<meta property=\"article:publisher\" content=\"https:\/\/www.facebook.com\/Nachofdezber\" \/>\n\t\t<meta property=\"article:author\" content=\"https:\/\/www.facebook.com\/carrenoactualidad\" \/>\n\t\t<meta name=\"twitter:card\" content=\"summary_large_image\" \/>\n\t\t<meta name=\"twitter:site\" content=\"@NabercoDigital\" \/>\n\t\t<meta name=\"twitter:title\" content=\"Bravo y Ter Stegen inician la gran batalla por el arco del Barcelona | Cand\u00e1s 365\" \/>\n\t\t<meta name=\"twitter:description\" content=\"Madrid\/Barcelona, 1 ago (dpa) - La lucha por la porter\u00eda del Barcelona vivi\u00f3 hoy su &quot;d\u00eda uno&quot; con la reincorporaci\u00f3n al trabajo del chileno Claudio Bravo y el alem\u00e1n Marc-Andr\u00e9 Ter Stegen, una batalla que promete ser dura y con consecuencias imprevisibles. Acabaron las vacaciones para ambos despu\u00e9s de la participaci\u00f3n de Bravo en la\" \/>\n\t\t<meta name=\"twitter:creator\" content=\"@nbasturias\" \/>\n\t\t<meta name=\"twitter:image\" content=\"https:\/\/candas365.es\/noticias\/wp-content\/uploads\/2015\/09\/c365noticias.jpg\" \/>\n\t\t<meta name=\"twitter:label1\" content=\"Escrito por\" \/>\n\t\t<meta name=\"twitter:data1\" content=\"Cand\u00e1s 365\" \/>\n\t\t<meta name=\"twitter:label2\" content=\"Tiempo de lectura estimado\" \/>\n\t\t<meta name=\"twitter:data2\" content=\"3 minutos\" \/>\n\t\t<script type=\"application\/ld+json\" class=\"aioseo-schema\">\n\t\t\t{\"@context\":\"https:\\\/\\\/schema.org\",\"@graph\":[{\"@type\":\"BreadcrumbList\",\"@id\":\"https:\\\/\\\/candas365.es\\\/noticias\\\/bravo-y-ter-stegen-inician-la-gran-batalla-por-el-arco-del-barcelona\\\/#breadcrumblist\",\"itemListElement\":[{\"@type\":\"ListItem\",\"@id\":\"https:\\\/\\\/candas365.es\\\/noticias#listItem\",\"position\":1,\"name\":\"Home\",\"item\":\"https:\\\/\\\/candas365.es\\\/noticias\",\"nextItem\":{\"@type\":\"ListItem\",\"@id\":\"https:\\\/\\\/candas365.es\\\/noticias\\\/category\\\/actualidad\\\/#listItem\",\"name\":\"Actualidad\"}},{\"@type\":\"ListItem\",\"@id\":\"https:\\\/\\\/candas365.es\\\/noticias\\\/category\\\/actualidad\\\/#listItem\",\"position\":2,\"name\":\"Actualidad\",\"item\":\"https:\\\/\\\/candas365.es\\\/noticias\\\/category\\\/actualidad\\\/\",\"nextItem\":{\"@type\":\"ListItem\",\"@id\":\"https:\\\/\\\/candas365.es\\\/noticias\\\/bravo-y-ter-stegen-inician-la-gran-batalla-por-el-arco-del-barcelona\\\/#listItem\",\"name\":\"Bravo y Ter Stegen inician la gran batalla por el arco del Barcelona\"},\"previousItem\":{\"@type\":\"ListItem\",\"@id\":\"https:\\\/\\\/candas365.es\\\/noticias#listItem\",\"name\":\"Home\"}},{\"@type\":\"ListItem\",\"@id\":\"https:\\\/\\\/candas365.es\\\/noticias\\\/bravo-y-ter-stegen-inician-la-gran-batalla-por-el-arco-del-barcelona\\\/#listItem\",\"position\":3,\"name\":\"Bravo y Ter Stegen inician la gran batalla por el arco del Barcelona\",\"previousItem\":{\"@type\":\"ListItem\",\"@id\":\"https:\\\/\\\/candas365.es\\\/noticias\\\/category\\\/actualidad\\\/#listItem\",\"name\":\"Actualidad\"}}]},{\"@type\":\"NewsArticle\",\"@id\":\"https:\\\/\\\/candas365.es\\\/noticias\\\/bravo-y-ter-stegen-inician-la-gran-batalla-por-el-arco-del-barcelona\\\/#newsarticle\",\"name\":\"Bravo y Ter Stegen inician la gran batalla por el arco del Barcelona | Cand\\u00e1s 365\",\"headline\":\"Bravo y Ter Stegen inician la gran batalla por el arco del Barcelona\",\"author\":{\"@id\":\"https:\\\/\\\/candas365.es\\\/noticias\\\/author\\\/admin\\\/#author\"},\"publisher\":{\"@id\":\"https:\\\/\\\/candas365.es\\\/noticias\\\/#organization\"},\"image\":{\"@type\":\"ImageObject\",\"url\":\"https:\\\/\\\/candas365.es\\\/noticias\\\/wp-content\\\/uploads\\\/2015\\\/09\\\/c365noticias.jpg\",\"width\":655,\"height\":360},\"datePublished\":\"2016-08-02T02:36:24+02:00\",\"dateModified\":\"2016-08-02T02:36:24+02:00\",\"inLanguage\":\"es-ES\",\"mainEntityOfPage\":{\"@id\":\"https:\\\/\\\/candas365.es\\\/noticias\\\/bravo-y-ter-stegen-inician-la-gran-batalla-por-el-arco-del-barcelona\\\/#webpage\"},\"isPartOf\":{\"@id\":\"https:\\\/\\\/candas365.es\\\/noticias\\\/bravo-y-ter-stegen-inician-la-gran-batalla-por-el-arco-del-barcelona\\\/#webpage\"},\"articleSection\":\"Actualidad\",\"dateline\":\"Publicado el agosto 2, 2016.\"},{\"@type\":\"Organization\",\"@id\":\"https:\\\/\\\/candas365.es\\\/noticias\\\/#organization\",\"name\":\"Cand\\u00e1s 365\",\"description\":\"Cand\\u00e1s 365 es un diario digital independiente, fundado en 2012, con base en Asturias. Informamos con rigor sobre actualidad, sociedad, cultura y ocio, con una mirada local y global.\",\"url\":\"https:\\\/\\\/candas365.es\\\/noticias\\\/\",\"email\":\"info@candas365.es\",\"telephone\":\"+34652131393\",\"foundingDate\":\"2012-06-10\",\"logo\":{\"@type\":\"ImageObject\",\"url\":\"https:\\\/\\\/candas365.es\\\/noticias\\\/wp-content\\\/uploads\\\/2024\\\/09\\\/Candas-365-Redes.jpg\",\"@id\":\"https:\\\/\\\/candas365.es\\\/noticias\\\/bravo-y-ter-stegen-inician-la-gran-batalla-por-el-arco-del-barcelona\\\/#organizationLogo\",\"width\":1152,\"height\":864,\"caption\":\"Cand\\u00e1s 365 Redes\"},\"image\":{\"@id\":\"https:\\\/\\\/candas365.es\\\/noticias\\\/bravo-y-ter-stegen-inician-la-gran-batalla-por-el-arco-del-barcelona\\\/#organizationLogo\"},\"sameAs\":[\"https:\\\/\\\/www.facebook.com\\\/Nachofdezber\",\"https:\\\/\\\/x.com\\\/NabercoDigital\",\"https:\\\/\\\/www.instagram.com\\\/nachofdezber\\\/\",\"https:\\\/\\\/www.youtube.com\\\/channel\\\/UCZP-2wLEB9Rv6erhFmqVnvg\"],\"address\":{\"@id\":\"https:\\\/\\\/candas365.es\\\/noticias\\\/#postaladdress\",\"@type\":\"PostalAddress\",\"streetAddress\":\"san antonio 4, san antonio 4\",\"postalCode\":\"33430\",\"addressLocality\":\"Cand\\u00e1s\",\"addressRegion\":\"Asturias\",\"addressCountry\":\"ES\"}},{\"@type\":\"Person\",\"@id\":\"https:\\\/\\\/candas365.es\\\/noticias\\\/author\\\/admin\\\/#author\",\"url\":\"https:\\\/\\\/candas365.es\\\/noticias\\\/author\\\/admin\\\/\",\"name\":\"Cand\\u00e1s 365\",\"image\":{\"@type\":\"ImageObject\",\"@id\":\"https:\\\/\\\/candas365.es\\\/noticias\\\/bravo-y-ter-stegen-inician-la-gran-batalla-por-el-arco-del-barcelona\\\/#authorImage\",\"url\":\"https:\\\/\\\/secure.gravatar.com\\\/avatar\\\/496a8e03d0c493ede1718b7934145dbdf8d89be1036b0eec9544e1094c9de390?s=96&d=mm&r=g\",\"width\":96,\"height\":96,\"caption\":\"Cand\\u00e1s 365\"},\"sameAs\":[\"https:\\\/\\\/www.facebook.com\\\/carrenoactualidad\",\"https:\\\/\\\/twitter.com\\\/nbasturias\",\"https:\\\/\\\/www.instagram.com\\\/nachofdezber\\\/\",\"https:\\\/\\\/www.youtube.com\\\/channel\\\/UCZP-2wLEB9Rv6erhFmqVnvg\"]},{\"@type\":\"WebPage\",\"@id\":\"https:\\\/\\\/candas365.es\\\/noticias\\\/bravo-y-ter-stegen-inician-la-gran-batalla-por-el-arco-del-barcelona\\\/#webpage\",\"url\":\"https:\\\/\\\/candas365.es\\\/noticias\\\/bravo-y-ter-stegen-inician-la-gran-batalla-por-el-arco-del-barcelona\\\/\",\"name\":\"Bravo y Ter Stegen inician la gran batalla por el arco del Barcelona | Cand\\u00e1s 365\",\"description\":\"Madrid\\\/Barcelona, 1 ago (dpa) - La lucha por la porter\\u00eda del Barcelona vivi\\u00f3 hoy su \\\"d\\u00eda uno\\\" con la reincorporaci\\u00f3n al trabajo del chileno Claudio Bravo y el alem\\u00e1n Marc-Andr\\u00e9 Ter Stegen, una batalla que promete ser dura y con consecuencias imprevisibles. Acabaron las vacaciones para ambos despu\\u00e9s de la participaci\\u00f3n de Bravo en la\",\"inLanguage\":\"es-ES\",\"isPartOf\":{\"@id\":\"https:\\\/\\\/candas365.es\\\/noticias\\\/#website\"},\"breadcrumb\":{\"@id\":\"https:\\\/\\\/candas365.es\\\/noticias\\\/bravo-y-ter-stegen-inician-la-gran-batalla-por-el-arco-del-barcelona\\\/#breadcrumblist\"},\"author\":{\"@id\":\"https:\\\/\\\/candas365.es\\\/noticias\\\/author\\\/admin\\\/#author\"},\"creator\":{\"@id\":\"https:\\\/\\\/candas365.es\\\/noticias\\\/author\\\/admin\\\/#author\"},\"image\":{\"@type\":\"ImageObject\",\"url\":\"https:\\\/\\\/candas365.es\\\/noticias\\\/wp-content\\\/uploads\\\/2015\\\/09\\\/c365noticias.jpg\",\"@id\":\"https:\\\/\\\/candas365.es\\\/noticias\\\/bravo-y-ter-stegen-inician-la-gran-batalla-por-el-arco-del-barcelona\\\/#mainImage\",\"width\":655,\"height\":360},\"primaryImageOfPage\":{\"@id\":\"https:\\\/\\\/candas365.es\\\/noticias\\\/bravo-y-ter-stegen-inician-la-gran-batalla-por-el-arco-del-barcelona\\\/#mainImage\"},\"datePublished\":\"2016-08-02T02:36:24+02:00\",\"dateModified\":\"2016-08-02T02:36:24+02:00\"},{\"@type\":\"WebSite\",\"@id\":\"https:\\\/\\\/candas365.es\\\/noticias\\\/#website\",\"url\":\"https:\\\/\\\/candas365.es\\\/noticias\\\/\",\"name\":\"Cand\\u00e1s 365\",\"alternateName\":\"Cand\\u00e1s 365 Noticias\",\"description\":\"Actualidad desde Carre\\u00f1o para el mundo\",\"inLanguage\":\"es-ES\",\"publisher\":{\"@id\":\"https:\\\/\\\/candas365.es\\\/noticias\\\/#organization\"}}]}\n\t\t<\/script>\n\t\t<!-- All in One SEO Pro -->\r\n\t\t<title>Bravo y Ter Stegen inician la gran batalla por el arco del Barcelona | Cand\u00e1s 365<\/title>\n\n","aioseo_head_json":{"title":"Bravo y Ter Stegen inician la gran batalla por el arco del Barcelona | Cand\u00e1s 365","description":"Madrid\/Barcelona, 1 ago (dpa) - La lucha por la porter\u00eda del Barcelona vivi\u00f3 hoy su \"d\u00eda uno\" con la reincorporaci\u00f3n al trabajo del chileno Claudio Bravo y el alem\u00e1n Marc-Andr\u00e9 Ter Stegen, una batalla que promete ser dura y con consecuencias imprevisibles. Acabaron las vacaciones para ambos despu\u00e9s de la participaci\u00f3n de Bravo en la","canonical_url":"https:\/\/candas365.es\/noticias\/bravo-y-ter-stegen-inician-la-gran-batalla-por-el-arco-del-barcelona\/","robots":"max-image-preview:large","keywords":"actualidad","webmasterTools":{"google-site-verification":"UA-32230408-1","msvalidate.01":"354F3CDFB2DA171B47FBE9ABF1F88D5","miscellaneous":""},"schema":{"@context":"https:\/\/schema.org","@graph":[{"@type":"BreadcrumbList","@id":"https:\/\/candas365.es\/noticias\/bravo-y-ter-stegen-inician-la-gran-batalla-por-el-arco-del-barcelona\/#breadcrumblist","itemListElement":[{"@type":"ListItem","@id":"https:\/\/candas365.es\/noticias#listItem","position":1,"name":"Home","item":"https:\/\/candas365.es\/noticias","nextItem":{"@type":"ListItem","@id":"https:\/\/candas365.es\/noticias\/category\/actualidad\/#listItem","name":"Actualidad"}},{"@type":"ListItem","@id":"https:\/\/candas365.es\/noticias\/category\/actualidad\/#listItem","position":2,"name":"Actualidad","item":"https:\/\/candas365.es\/noticias\/category\/actualidad\/","nextItem":{"@type":"ListItem","@id":"https:\/\/candas365.es\/noticias\/bravo-y-ter-stegen-inician-la-gran-batalla-por-el-arco-del-barcelona\/#listItem","name":"Bravo y Ter Stegen inician la gran batalla por el arco del Barcelona"},"previousItem":{"@type":"ListItem","@id":"https:\/\/candas365.es\/noticias#listItem","name":"Home"}},{"@type":"ListItem","@id":"https:\/\/candas365.es\/noticias\/bravo-y-ter-stegen-inician-la-gran-batalla-por-el-arco-del-barcelona\/#listItem","position":3,"name":"Bravo y Ter Stegen inician la gran batalla por el arco del Barcelona","previousItem":{"@type":"ListItem","@id":"https:\/\/candas365.es\/noticias\/category\/actualidad\/#listItem","name":"Actualidad"}}]},{"@type":"NewsArticle","@id":"https:\/\/candas365.es\/noticias\/bravo-y-ter-stegen-inician-la-gran-batalla-por-el-arco-del-barcelona\/#newsarticle","name":"Bravo y Ter Stegen inician la gran batalla por el arco del Barcelona | Cand\u00e1s 365","headline":"Bravo y Ter Stegen inician la gran batalla por el arco del Barcelona","author":{"@id":"https:\/\/candas365.es\/noticias\/author\/admin\/#author"},"publisher":{"@id":"https:\/\/candas365.es\/noticias\/#organization"},"image":{"@type":"ImageObject","url":"https:\/\/candas365.es\/noticias\/wp-content\/uploads\/2015\/09\/c365noticias.jpg","width":655,"height":360},"datePublished":"2016-08-02T02:36:24+02:00","dateModified":"2016-08-02T02:36:24+02:00","inLanguage":"es-ES","mainEntityOfPage":{"@id":"https:\/\/candas365.es\/noticias\/bravo-y-ter-stegen-inician-la-gran-batalla-por-el-arco-del-barcelona\/#webpage"},"isPartOf":{"@id":"https:\/\/candas365.es\/noticias\/bravo-y-ter-stegen-inician-la-gran-batalla-por-el-arco-del-barcelona\/#webpage"},"articleSection":"Actualidad","dateline":"Publicado el agosto 2, 2016."},{"@type":"Organization","@id":"https:\/\/candas365.es\/noticias\/#organization","name":"Cand\u00e1s 365","description":"Cand\u00e1s 365 es un diario digital independiente, fundado en 2012, con base en Asturias. Informamos con rigor sobre actualidad, sociedad, cultura y ocio, con una mirada local y global.","url":"https:\/\/candas365.es\/noticias\/","email":"info@candas365.es","telephone":"+34652131393","foundingDate":"2012-06-10","logo":{"@type":"ImageObject","url":"https:\/\/candas365.es\/noticias\/wp-content\/uploads\/2024\/09\/Candas-365-Redes.jpg","@id":"https:\/\/candas365.es\/noticias\/bravo-y-ter-stegen-inician-la-gran-batalla-por-el-arco-del-barcelona\/#organizationLogo","width":1152,"height":864,"caption":"Cand\u00e1s 365 Redes"},"image":{"@id":"https:\/\/candas365.es\/noticias\/bravo-y-ter-stegen-inician-la-gran-batalla-por-el-arco-del-barcelona\/#organizationLogo"},"sameAs":["https:\/\/www.facebook.com\/Nachofdezber","https:\/\/x.com\/NabercoDigital","https:\/\/www.instagram.com\/nachofdezber\/","https:\/\/www.youtube.com\/channel\/UCZP-2wLEB9Rv6erhFmqVnvg"],"address":{"@id":"https:\/\/candas365.es\/noticias\/#postaladdress","@type":"PostalAddress","streetAddress":"san antonio 4, san antonio 4","postalCode":"33430","addressLocality":"Cand\u00e1s","addressRegion":"Asturias","addressCountry":"ES"}},{"@type":"Person","@id":"https:\/\/candas365.es\/noticias\/author\/admin\/#author","url":"https:\/\/candas365.es\/noticias\/author\/admin\/","name":"Cand\u00e1s 365","image":{"@type":"ImageObject","@id":"https:\/\/candas365.es\/noticias\/bravo-y-ter-stegen-inician-la-gran-batalla-por-el-arco-del-barcelona\/#authorImage","url":"https:\/\/secure.gravatar.com\/avatar\/496a8e03d0c493ede1718b7934145dbdf8d89be1036b0eec9544e1094c9de390?s=96&d=mm&r=g","width":96,"height":96,"caption":"Cand\u00e1s 365"},"sameAs":["https:\/\/www.facebook.com\/carrenoactualidad","https:\/\/twitter.com\/nbasturias","https:\/\/www.instagram.com\/nachofdezber\/","https:\/\/www.youtube.com\/channel\/UCZP-2wLEB9Rv6erhFmqVnvg"]},{"@type":"WebPage","@id":"https:\/\/candas365.es\/noticias\/bravo-y-ter-stegen-inician-la-gran-batalla-por-el-arco-del-barcelona\/#webpage","url":"https:\/\/candas365.es\/noticias\/bravo-y-ter-stegen-inician-la-gran-batalla-por-el-arco-del-barcelona\/","name":"Bravo y Ter Stegen inician la gran batalla por el arco del Barcelona | Cand\u00e1s 365","description":"Madrid\/Barcelona, 1 ago (dpa) - La lucha por la porter\u00eda del Barcelona vivi\u00f3 hoy su \"d\u00eda uno\" con la reincorporaci\u00f3n al trabajo del chileno Claudio Bravo y el alem\u00e1n Marc-Andr\u00e9 Ter Stegen, una batalla que promete ser dura y con consecuencias imprevisibles. Acabaron las vacaciones para ambos despu\u00e9s de la participaci\u00f3n de Bravo en la","inLanguage":"es-ES","isPartOf":{"@id":"https:\/\/candas365.es\/noticias\/#website"},"breadcrumb":{"@id":"https:\/\/candas365.es\/noticias\/bravo-y-ter-stegen-inician-la-gran-batalla-por-el-arco-del-barcelona\/#breadcrumblist"},"author":{"@id":"https:\/\/candas365.es\/noticias\/author\/admin\/#author"},"creator":{"@id":"https:\/\/candas365.es\/noticias\/author\/admin\/#author"},"image":{"@type":"ImageObject","url":"https:\/\/candas365.es\/noticias\/wp-content\/uploads\/2015\/09\/c365noticias.jpg","@id":"https:\/\/candas365.es\/noticias\/bravo-y-ter-stegen-inician-la-gran-batalla-por-el-arco-del-barcelona\/#mainImage","width":655,"height":360},"primaryImageOfPage":{"@id":"https:\/\/candas365.es\/noticias\/bravo-y-ter-stegen-inician-la-gran-batalla-por-el-arco-del-barcelona\/#mainImage"},"datePublished":"2016-08-02T02:36:24+02:00","dateModified":"2016-08-02T02:36:24+02:00"},{"@type":"WebSite","@id":"https:\/\/candas365.es\/noticias\/#website","url":"https:\/\/candas365.es\/noticias\/","name":"Cand\u00e1s 365","alternateName":"Cand\u00e1s 365 Noticias","description":"Actualidad desde Carre\u00f1o para el mundo","inLanguage":"es-ES","publisher":{"@id":"https:\/\/candas365.es\/noticias\/#organization"}}]},"og:locale":"es_ES","og:site_name":"Cand\u00e1s 365","og:type":"article","og:title":"Bravo y Ter Stegen inician la gran batalla por el arco del Barcelona | Cand\u00e1s 365","og:description":"Madrid\/Barcelona, 1 ago (dpa) - La lucha por la porter\u00eda del Barcelona vivi\u00f3 hoy su &quot;d\u00eda uno&quot; con la reincorporaci\u00f3n al trabajo del chileno Claudio Bravo y el alem\u00e1n Marc-Andr\u00e9 Ter Stegen, una batalla que promete ser dura y con consecuencias imprevisibles. Acabaron las vacaciones para ambos despu\u00e9s de la participaci\u00f3n de Bravo en la","og:url":"https:\/\/candas365.es\/noticias\/bravo-y-ter-stegen-inician-la-gran-batalla-por-el-arco-del-barcelona\/","og:image":"https:\/\/candas365.es\/noticias\/wp-content\/uploads\/2015\/09\/c365noticias.jpg","og:image:secure_url":"https:\/\/candas365.es\/noticias\/wp-content\/uploads\/2015\/09\/c365noticias.jpg","og:image:width":655,"og:image:height":360,"article:published_time":"2016-08-02T01:06:24+00:00","article:modified_time":"2016-08-02T01:06:24+00:00","article:publisher":"https:\/\/www.facebook.com\/Nachofdezber","article:author":"https:\/\/www.facebook.com\/carrenoactualidad","twitter:card":"summary_large_image","twitter:site":"@NabercoDigital","twitter:title":"Bravo y Ter Stegen inician la gran batalla por el arco del Barcelona | Cand\u00e1s 365","twitter:description":"Madrid\/Barcelona, 1 ago (dpa) - La lucha por la porter\u00eda del Barcelona vivi\u00f3 hoy su &quot;d\u00eda uno&quot; con la reincorporaci\u00f3n al trabajo del chileno Claudio Bravo y el alem\u00e1n Marc-Andr\u00e9 Ter Stegen, una batalla que promete ser dura y con consecuencias imprevisibles. Acabaron las vacaciones para ambos despu\u00e9s de la participaci\u00f3n de Bravo en la","twitter:creator":"@nbasturias","twitter:image":"https:\/\/candas365.es\/noticias\/wp-content\/uploads\/2015\/09\/c365noticias.jpg","twitter:label1":"Escrito por","twitter:data1":"Cand\u00e1s 365","twitter:label2":"Tiempo de lectura estimado","twitter:data2":"3 minutos"},"aioseo_meta_data":{"post_id":"33057","title":null,"description":null,"keywords":null,"keyphrases":null,"primary_term":null,"canonical_url":null,"og_title":null,"og_description":null,"og_object_type":"default","og_image_type":"default","og_image_url":null,"og_image_width":null,"og_image_height":null,"og_image_custom_url":null,"og_image_custom_fields":null,"og_video":null,"og_custom_url":null,"og_article_section":null,"og_article_tags":null,"twitter_use_og":false,"twitter_card":"default","twitter_image_type":"default","twitter_image_url":null,"twitter_image_custom_url":null,"twitter_image_custom_fields":null,"twitter_title":null,"twitter_description":null,"schema":{"blockGraphs":[],"customGraphs":[],"default":{"data":{"Article":[],"Course":[],"Dataset":[],"FAQPage":[],"Movie":[],"Person":[],"Product":[],"ProductReview":[],"Car":[],"Recipe":[],"Service":[],"SoftwareApplication":[],"WebPage":[]},"graphName":"","isEnabled":true},"graphs":[],"defaultGraph":"","defaultPostTypeGraph":""},"schema_type":null,"schema_type_options":null,"pillar_content":false,"robots_default":true,"robots_noindex":false,"robots_noarchive":false,"robots_nosnippet":false,"robots_nofollow":false,"robots_noimageindex":false,"robots_noodp":false,"robots_notranslate":false,"robots_max_snippet":null,"robots_max_videopreview":null,"robots_max_imagepreview":"large","priority":null,"frequency":null,"location":null,"local_seo":null,"seo_analyzer_scan_date":"2025-08-24 16:20:14","breadcrumb_settings":null,"limit_modified_date":false,"reviewed_by":null,"open_ai":null,"ai":null,"created":"2020-12-21 13:05:48","updated":"2025-08-24 16:20:14"},"aioseo_breadcrumb":"<div class=\"aioseo-breadcrumbs\"><span class=\"aioseo-breadcrumb\">\n\t<a href=\"https:\/\/candas365.es\/noticias\" title=\"Home\">Home<\/a>\n<\/span><span class=\"aioseo-breadcrumb-separator\">&ndash;<\/span><span class=\"aioseo-breadcrumb\">\n\t<a href=\"https:\/\/candas365.es\/noticias\/category\/actualidad\/\" title=\"Actualidad\">Actualidad<\/a>\n<\/span><span class=\"aioseo-breadcrumb-separator\">&ndash;<\/span><span class=\"aioseo-breadcrumb\">\n\tBravo y Ter Stegen inician la gran batalla por el arco del Barcelona\n<\/span><\/div>","aioseo_breadcrumb_json":[{"label":"Home","link":"https:\/\/candas365.es\/noticias"},{"label":"Actualidad","link":"https:\/\/candas365.es\/noticias\/category\/actualidad\/"},{"label":"Bravo y Ter Stegen inician la gran batalla por el arco del Barcelona","link":"https:\/\/candas365.es\/noticias\/bravo-y-ter-stegen-inician-la-gran-batalla-por-el-arco-del-barcelona\/"}],"_links":{"self":[{"href":"https:\/\/candas365.es\/noticias\/wp-json\/wp\/v2\/posts\/33057","targetHints":{"allow":["GET"]}}],"collection":[{"href":"https:\/\/candas365.es\/noticias\/wp-json\/wp\/v2\/posts"}],"about":[{"href":"https:\/\/candas365.es\/noticias\/wp-json\/wp\/v2\/types\/post"}],"author":[{"embeddable":true,"href":"https:\/\/candas365.es\/noticias\/wp-json\/wp\/v2\/users\/1"}],"replies":[{"embeddable":true,"href":"https:\/\/candas365.es\/noticias\/wp-json\/wp\/v2\/comments?post=33057"}],"version-history":[{"count":0,"href":"https:\/\/candas365.es\/noticias\/wp-json\/wp\/v2\/posts\/33057\/revisions"}],"wp:featuredmedia":[{"embeddable":true,"href":"https:\/\/candas365.es\/noticias\/wp-json\/wp\/v2\/media\/16457"}],"wp:attachment":[{"href":"https:\/\/candas365.es\/noticias\/wp-json\/wp\/v2\/media?parent=33057"}],"wp:term":[{"taxonomy":"category","embeddable":true,"href":"https:\/\/candas365.es\/noticias\/wp-json\/wp\/v2\/categories?post=33057"},{"taxonomy":"post_tag","embeddable":true,"href":"https:\/\/candas365.es\/noticias\/wp-json\/wp\/v2\/tags?post=33057"}],"curies":[{"name":"wp","href":"https:\/\/api.w.org\/{rel}","templated":true}]}}