{"id":33055,"date":"2016-08-02T01:32:01","date_gmt":"2016-08-02T00:02:01","guid":{"rendered":"http:\/\/candas365.es\/noticias\/?p=33055"},"modified":"2016-08-02T01:32:01","modified_gmt":"2016-08-02T00:02:01","slug":"sigmar-gabriel-en-ningun-caso-alemania-o-europa-pueden-dejarse-extorsionar","status":"publish","type":"post","link":"https:\/\/candas365.es\/noticias\/sigmar-gabriel-en-ningun-caso-alemania-o-europa-pueden-dejarse-extorsionar\/","title":{"rendered":"Sigmar Gabriel: \u00abEn ning\u00fan caso Alemania o Europa pueden dejarse extorsionar\u00bb"},"content":{"rendered":"<p>Rostock (Alemania), 1 ago (dpa) &#8211; El vicecanciller alem\u00e1n y l\u00edder del Partido Socialdem\u00f3crata (SPD), Sigmar Gabriel, rechaz\u00f3 hoy duramente la amenaza de Turqu\u00eda de romper el acuerdo sobre los refugiados en el caso de que no se elimine pr\u00f3ximamente la obligaci\u00f3n de visado para los ciudadanos turcos.<\/p>\n<p>\u00abEn ning\u00fan caso Alemania o Europa pueden dejarse extorsionar\u00bb, afirm\u00f3 Gabriel durante un acto en Rostock, en el norte del pa\u00eds.<\/p>\n<p>El ministro de Econom\u00eda record\u00f3 que el Gobierno turco debe cumplir con los est\u00e1ndares necesarios para ser exonerados de la visa. \u00abEst\u00e1 en manos de Turqu\u00eda si pueden ser liberados o no del visado\u00bb, explic\u00f3.<\/p>\n<p>Asimismo, con la mirada puesta en el reciente desarrollo de los acontecimientos en Turqu\u00eda tras el fallido golpe de Estado, Gabriel advirti\u00f3 que \u00abun pa\u00eds que va por el camino de reintroducir la pena de muerte se aleja dr\u00e1sticamente de Europa y con ello, naturalmente, sobran todas las conversaciones sobre la entrada en la Uni\u00f3n Europea\u00bb. La introducci\u00f3n de la pena de muerte va en contra de la Carta Magna de la UE.<\/p>\n<p>Por su parte, el portavoz del Ministerio de Exteriores alem\u00e1n, Martin Sch\u00e4fer, insisti\u00f3 hoy en que Ankara debe cumplir todos los requisitos. \u00abEntonces se podr\u00e1 dar el siguiente paso\u00bb, record\u00f3. Sin embargo, a diferencia de Gabriel, indic\u00f3 que no ve las recientes declaraciones efectuadas desde Turqu\u00eda como \u00abun ultim\u00e1tum o una amenaza\u00bb.<\/p>\n<p>Respecto a la reciente pol\u00e9mica sobre la decisi\u00f3n de prohibir una conexi\u00f3n en directo del presidente turco, Recep Tayyip Erdogan, con los presentes en la manifestaci\u00f3n del domingo en Colonia, Gabriel afirm\u00f3 que la decisi\u00f3n fue \u00ababsolutamente correcta y legal\u00bb.<\/p>\n<p>Intentar desde el extranjero dividir la sociedad en Alemania es inaceptable, indic\u00f3. Se ha logrado mucho en la convivencia entre alemanes y personas de origen turco en Alemania, agreg\u00f3 despu\u00e9s de que Turqu\u00eda convocara hoy al embajador alem\u00e1n para presentarle una protesta por las restricciones impuestas en la manifestaci\u00f3n, que congreg\u00f3 a unas 40.000 personas.<\/p>\n<p>El acuerdo sobre los refugiados y la construcci\u00f3n de una cerca fronteriza en Macedonia han reducido notablemente el n\u00famero de migrantes que llegan a las islas griegas y la cantidad de personas que se aventuran por la ruta de los Balcanes, ya cerrada, en direcci\u00f3n al norte, sobre todo hacia Alemania.<\/p>\n<p>Dentro de este pacto se acord\u00f3 la exenci\u00f3n de visado. La obligaci\u00f3n de visado para los ciudadanos turcos deb\u00eda levantarse originalmente en julio. Pero esa fecha se posterg\u00f3 dado que Turqu\u00eda a\u00fan no cumple con las 72 condiciones que se le impusieron, entre ellas la reforma de las leyes antiterroristas. La UE quiere que sean modificadas para evitar abusos en perjuicio de opositores pol\u00edticos.<\/p>\n","protected":false},"excerpt":{"rendered":"<p>Rostock (Alemania), 1 ago (dpa) &#8211; El vicecanciller alem\u00e1n y l\u00edder del Partido Socialdem\u00f3crata (SPD), Sigmar Gabriel, rechaz\u00f3 hoy duramente la amenaza de Turqu\u00eda de romper el acuerdo sobre los refugiados en el caso de que no se elimine pr\u00f3ximamente la obligaci\u00f3n de visado para los ciudadanos turcos. \u00abEn ning\u00fan caso Alemania o Europa pueden<\/p>\n","protected":false},"author":1,"featured_media":16457,"comment_status":"closed","ping_status":"closed","sticky":false,"template":"","format":"standard","meta":{"footnotes":""},"categories":[343],"tags":[],"class_list":{"0":"post-33055","1":"post","2":"type-post","3":"status-publish","4":"format-standard","5":"has-post-thumbnail","7":"category-actualidad"},"aioseo_notices":[],"aioseo_head":"\n\t\t<!-- All in One SEO Pro 4.9.6.2 - aioseo.com -->\n\t<meta name=\"description\" content=\"Rostock (Alemania), 1 ago (dpa) - El vicecanciller alem\u00e1n y l\u00edder del Partido Socialdem\u00f3crata (SPD), Sigmar Gabriel, rechaz\u00f3 hoy duramente la amenaza de Turqu\u00eda de romper el acuerdo sobre los refugiados en el caso de que no se elimine pr\u00f3ximamente la obligaci\u00f3n de visado para los ciudadanos turcos. &quot;En ning\u00fan caso Alemania o Europa pueden\" \/>\n\t<meta name=\"robots\" content=\"max-image-preview:large\" \/>\n\t<meta name=\"author\" content=\"Cand\u00e1s 365\"\/>\n\t<meta name=\"google-site-verification\" content=\"UA-32230408-1\" \/>\n\t<meta name=\"msvalidate.01\" content=\"354F3CDFB2DA171B47FBE9ABF1F88D5\" \/>\n\t<meta name=\"keywords\" content=\"actualidad\" \/>\n\t<link rel=\"canonical\" href=\"https:\/\/candas365.es\/noticias\/sigmar-gabriel-en-ningun-caso-alemania-o-europa-pueden-dejarse-extorsionar\/\" \/>\n\t<meta name=\"generator\" content=\"All in One SEO Pro (AIOSEO) 4.9.6.2\" \/>\n\t\t<meta property=\"og:locale\" content=\"es_ES\" \/>\n\t\t<meta property=\"og:site_name\" content=\"Cand\u00e1s 365\" \/>\n\t\t<meta property=\"og:type\" content=\"article\" \/>\n\t\t<meta property=\"og:title\" content=\"Sigmar Gabriel: \u00abEn ning\u00fan caso Alemania o Europa pueden dejarse extorsionar\u00bb | Cand\u00e1s 365\" \/>\n\t\t<meta property=\"og:description\" content=\"Rostock (Alemania), 1 ago (dpa) - El vicecanciller alem\u00e1n y l\u00edder del Partido Socialdem\u00f3crata (SPD), Sigmar Gabriel, rechaz\u00f3 hoy duramente la amenaza de Turqu\u00eda de romper el acuerdo sobre los refugiados en el caso de que no se elimine pr\u00f3ximamente la obligaci\u00f3n de visado para los ciudadanos turcos. &quot;En ning\u00fan caso Alemania o Europa pueden\" \/>\n\t\t<meta property=\"og:url\" content=\"https:\/\/candas365.es\/noticias\/sigmar-gabriel-en-ningun-caso-alemania-o-europa-pueden-dejarse-extorsionar\/\" \/>\n\t\t<meta property=\"og:image\" content=\"https:\/\/candas365.es\/noticias\/wp-content\/uploads\/2015\/09\/c365noticias.jpg\" \/>\n\t\t<meta property=\"og:image:secure_url\" content=\"https:\/\/candas365.es\/noticias\/wp-content\/uploads\/2015\/09\/c365noticias.jpg\" \/>\n\t\t<meta property=\"og:image:width\" content=\"655\" \/>\n\t\t<meta property=\"og:image:height\" content=\"360\" \/>\n\t\t<meta property=\"article:published_time\" content=\"2016-08-02T00:02:01+00:00\" \/>\n\t\t<meta property=\"article:modified_time\" content=\"2016-08-02T00:02:01+00:00\" \/>\n\t\t<meta property=\"article:publisher\" content=\"https:\/\/www.facebook.com\/Nachofdezber\" \/>\n\t\t<meta property=\"article:author\" content=\"https:\/\/www.facebook.com\/carrenoactualidad\" \/>\n\t\t<meta name=\"twitter:card\" content=\"summary_large_image\" \/>\n\t\t<meta name=\"twitter:site\" content=\"@NabercoDigital\" \/>\n\t\t<meta name=\"twitter:title\" content=\"Sigmar Gabriel: \u00abEn ning\u00fan caso Alemania o Europa pueden dejarse extorsionar\u00bb | Cand\u00e1s 365\" \/>\n\t\t<meta name=\"twitter:description\" content=\"Rostock (Alemania), 1 ago (dpa) - El vicecanciller alem\u00e1n y l\u00edder del Partido Socialdem\u00f3crata (SPD), Sigmar Gabriel, rechaz\u00f3 hoy duramente la amenaza de Turqu\u00eda de romper el acuerdo sobre los refugiados en el caso de que no se elimine pr\u00f3ximamente la obligaci\u00f3n de visado para los ciudadanos turcos. &quot;En ning\u00fan caso Alemania o Europa pueden\" \/>\n\t\t<meta name=\"twitter:creator\" content=\"@nbasturias\" \/>\n\t\t<meta name=\"twitter:image\" content=\"https:\/\/candas365.es\/noticias\/wp-content\/uploads\/2015\/09\/c365noticias.jpg\" \/>\n\t\t<meta name=\"twitter:label1\" content=\"Escrito por\" \/>\n\t\t<meta name=\"twitter:data1\" content=\"Cand\u00e1s 365\" \/>\n\t\t<meta name=\"twitter:label2\" content=\"Tiempo de lectura estimado\" \/>\n\t\t<meta name=\"twitter:data2\" content=\"2 minutos\" \/>\n\t\t<script type=\"application\/ld+json\" class=\"aioseo-schema\">\n\t\t\t{\"@context\":\"https:\\\/\\\/schema.org\",\"@graph\":[{\"@type\":\"BreadcrumbList\",\"@id\":\"https:\\\/\\\/candas365.es\\\/noticias\\\/sigmar-gabriel-en-ningun-caso-alemania-o-europa-pueden-dejarse-extorsionar\\\/#breadcrumblist\",\"itemListElement\":[{\"@type\":\"ListItem\",\"@id\":\"https:\\\/\\\/candas365.es\\\/noticias#listItem\",\"position\":1,\"name\":\"Home\",\"item\":\"https:\\\/\\\/candas365.es\\\/noticias\",\"nextItem\":{\"@type\":\"ListItem\",\"@id\":\"https:\\\/\\\/candas365.es\\\/noticias\\\/category\\\/actualidad\\\/#listItem\",\"name\":\"Actualidad\"}},{\"@type\":\"ListItem\",\"@id\":\"https:\\\/\\\/candas365.es\\\/noticias\\\/category\\\/actualidad\\\/#listItem\",\"position\":2,\"name\":\"Actualidad\",\"item\":\"https:\\\/\\\/candas365.es\\\/noticias\\\/category\\\/actualidad\\\/\",\"nextItem\":{\"@type\":\"ListItem\",\"@id\":\"https:\\\/\\\/candas365.es\\\/noticias\\\/sigmar-gabriel-en-ningun-caso-alemania-o-europa-pueden-dejarse-extorsionar\\\/#listItem\",\"name\":\"Sigmar Gabriel: \\u00abEn ning\\u00fan caso Alemania o Europa pueden dejarse extorsionar\\u00bb\"},\"previousItem\":{\"@type\":\"ListItem\",\"@id\":\"https:\\\/\\\/candas365.es\\\/noticias#listItem\",\"name\":\"Home\"}},{\"@type\":\"ListItem\",\"@id\":\"https:\\\/\\\/candas365.es\\\/noticias\\\/sigmar-gabriel-en-ningun-caso-alemania-o-europa-pueden-dejarse-extorsionar\\\/#listItem\",\"position\":3,\"name\":\"Sigmar Gabriel: \\u00abEn ning\\u00fan caso Alemania o Europa pueden dejarse extorsionar\\u00bb\",\"previousItem\":{\"@type\":\"ListItem\",\"@id\":\"https:\\\/\\\/candas365.es\\\/noticias\\\/category\\\/actualidad\\\/#listItem\",\"name\":\"Actualidad\"}}]},{\"@type\":\"NewsArticle\",\"@id\":\"https:\\\/\\\/candas365.es\\\/noticias\\\/sigmar-gabriel-en-ningun-caso-alemania-o-europa-pueden-dejarse-extorsionar\\\/#newsarticle\",\"name\":\"Sigmar Gabriel: \\u00abEn ning\\u00fan caso Alemania o Europa pueden dejarse extorsionar\\u00bb | Cand\\u00e1s 365\",\"headline\":\"Sigmar Gabriel: \\u00abEn ning\\u00fan caso Alemania o Europa pueden dejarse extorsionar\\u00bb\",\"author\":{\"@id\":\"https:\\\/\\\/candas365.es\\\/noticias\\\/author\\\/admin\\\/#author\"},\"publisher\":{\"@id\":\"https:\\\/\\\/candas365.es\\\/noticias\\\/#organization\"},\"image\":{\"@type\":\"ImageObject\",\"url\":\"https:\\\/\\\/candas365.es\\\/noticias\\\/wp-content\\\/uploads\\\/2015\\\/09\\\/c365noticias.jpg\",\"width\":655,\"height\":360},\"datePublished\":\"2016-08-02T01:32:01+02:00\",\"dateModified\":\"2016-08-02T01:32:01+02:00\",\"inLanguage\":\"es-ES\",\"mainEntityOfPage\":{\"@id\":\"https:\\\/\\\/candas365.es\\\/noticias\\\/sigmar-gabriel-en-ningun-caso-alemania-o-europa-pueden-dejarse-extorsionar\\\/#webpage\"},\"isPartOf\":{\"@id\":\"https:\\\/\\\/candas365.es\\\/noticias\\\/sigmar-gabriel-en-ningun-caso-alemania-o-europa-pueden-dejarse-extorsionar\\\/#webpage\"},\"articleSection\":\"Actualidad\",\"dateline\":\"Publicado el agosto 2, 2016.\"},{\"@type\":\"Organization\",\"@id\":\"https:\\\/\\\/candas365.es\\\/noticias\\\/#organization\",\"name\":\"Cand\\u00e1s 365\",\"description\":\"Cand\\u00e1s 365 es un diario digital independiente, fundado en 2012, con base en Asturias. Informamos con rigor sobre actualidad, sociedad, cultura y ocio, con una mirada local y global.\",\"url\":\"https:\\\/\\\/candas365.es\\\/noticias\\\/\",\"email\":\"info@candas365.es\",\"telephone\":\"+34652131393\",\"foundingDate\":\"2012-06-10\",\"logo\":{\"@type\":\"ImageObject\",\"url\":\"https:\\\/\\\/candas365.es\\\/noticias\\\/wp-content\\\/uploads\\\/2024\\\/09\\\/Candas-365-Redes.jpg\",\"@id\":\"https:\\\/\\\/candas365.es\\\/noticias\\\/sigmar-gabriel-en-ningun-caso-alemania-o-europa-pueden-dejarse-extorsionar\\\/#organizationLogo\",\"width\":1152,\"height\":864,\"caption\":\"Cand\\u00e1s 365 Redes\"},\"image\":{\"@id\":\"https:\\\/\\\/candas365.es\\\/noticias\\\/sigmar-gabriel-en-ningun-caso-alemania-o-europa-pueden-dejarse-extorsionar\\\/#organizationLogo\"},\"sameAs\":[\"https:\\\/\\\/www.facebook.com\\\/Nachofdezber\",\"https:\\\/\\\/x.com\\\/NabercoDigital\",\"https:\\\/\\\/www.instagram.com\\\/nachofdezber\\\/\",\"https:\\\/\\\/www.youtube.com\\\/channel\\\/UCZP-2wLEB9Rv6erhFmqVnvg\"],\"address\":{\"@id\":\"https:\\\/\\\/candas365.es\\\/noticias\\\/#postaladdress\",\"@type\":\"PostalAddress\",\"streetAddress\":\"san antonio 4, san antonio 4\",\"postalCode\":\"33430\",\"addressLocality\":\"Cand\\u00e1s\",\"addressRegion\":\"Asturias\",\"addressCountry\":\"ES\"}},{\"@type\":\"Person\",\"@id\":\"https:\\\/\\\/candas365.es\\\/noticias\\\/author\\\/admin\\\/#author\",\"url\":\"https:\\\/\\\/candas365.es\\\/noticias\\\/author\\\/admin\\\/\",\"name\":\"Cand\\u00e1s 365\",\"image\":{\"@type\":\"ImageObject\",\"@id\":\"https:\\\/\\\/candas365.es\\\/noticias\\\/sigmar-gabriel-en-ningun-caso-alemania-o-europa-pueden-dejarse-extorsionar\\\/#authorImage\",\"url\":\"https:\\\/\\\/secure.gravatar.com\\\/avatar\\\/496a8e03d0c493ede1718b7934145dbdf8d89be1036b0eec9544e1094c9de390?s=96&d=mm&r=g\",\"width\":96,\"height\":96,\"caption\":\"Cand\\u00e1s 365\"},\"sameAs\":[\"https:\\\/\\\/www.facebook.com\\\/carrenoactualidad\",\"https:\\\/\\\/twitter.com\\\/nbasturias\",\"https:\\\/\\\/www.instagram.com\\\/nachofdezber\\\/\",\"https:\\\/\\\/www.youtube.com\\\/channel\\\/UCZP-2wLEB9Rv6erhFmqVnvg\"]},{\"@type\":\"WebPage\",\"@id\":\"https:\\\/\\\/candas365.es\\\/noticias\\\/sigmar-gabriel-en-ningun-caso-alemania-o-europa-pueden-dejarse-extorsionar\\\/#webpage\",\"url\":\"https:\\\/\\\/candas365.es\\\/noticias\\\/sigmar-gabriel-en-ningun-caso-alemania-o-europa-pueden-dejarse-extorsionar\\\/\",\"name\":\"Sigmar Gabriel: \\u00abEn ning\\u00fan caso Alemania o Europa pueden dejarse extorsionar\\u00bb | Cand\\u00e1s 365\",\"description\":\"Rostock (Alemania), 1 ago (dpa) - El vicecanciller alem\\u00e1n y l\\u00edder del Partido Socialdem\\u00f3crata (SPD), Sigmar Gabriel, rechaz\\u00f3 hoy duramente la amenaza de Turqu\\u00eda de romper el acuerdo sobre los refugiados en el caso de que no se elimine pr\\u00f3ximamente la obligaci\\u00f3n de visado para los ciudadanos turcos. \\\"En ning\\u00fan caso Alemania o Europa pueden\",\"inLanguage\":\"es-ES\",\"isPartOf\":{\"@id\":\"https:\\\/\\\/candas365.es\\\/noticias\\\/#website\"},\"breadcrumb\":{\"@id\":\"https:\\\/\\\/candas365.es\\\/noticias\\\/sigmar-gabriel-en-ningun-caso-alemania-o-europa-pueden-dejarse-extorsionar\\\/#breadcrumblist\"},\"author\":{\"@id\":\"https:\\\/\\\/candas365.es\\\/noticias\\\/author\\\/admin\\\/#author\"},\"creator\":{\"@id\":\"https:\\\/\\\/candas365.es\\\/noticias\\\/author\\\/admin\\\/#author\"},\"image\":{\"@type\":\"ImageObject\",\"url\":\"https:\\\/\\\/candas365.es\\\/noticias\\\/wp-content\\\/uploads\\\/2015\\\/09\\\/c365noticias.jpg\",\"@id\":\"https:\\\/\\\/candas365.es\\\/noticias\\\/sigmar-gabriel-en-ningun-caso-alemania-o-europa-pueden-dejarse-extorsionar\\\/#mainImage\",\"width\":655,\"height\":360},\"primaryImageOfPage\":{\"@id\":\"https:\\\/\\\/candas365.es\\\/noticias\\\/sigmar-gabriel-en-ningun-caso-alemania-o-europa-pueden-dejarse-extorsionar\\\/#mainImage\"},\"datePublished\":\"2016-08-02T01:32:01+02:00\",\"dateModified\":\"2016-08-02T01:32:01+02:00\"},{\"@type\":\"WebSite\",\"@id\":\"https:\\\/\\\/candas365.es\\\/noticias\\\/#website\",\"url\":\"https:\\\/\\\/candas365.es\\\/noticias\\\/\",\"name\":\"Cand\\u00e1s 365\",\"alternateName\":\"Cand\\u00e1s 365 Noticias\",\"description\":\"Actualidad desde Carre\\u00f1o para el mundo\",\"inLanguage\":\"es-ES\",\"publisher\":{\"@id\":\"https:\\\/\\\/candas365.es\\\/noticias\\\/#organization\"}}]}\n\t\t<\/script>\n\t\t<!-- All in One SEO Pro -->\r\n\t\t<title>Sigmar Gabriel: \u00abEn ning\u00fan caso Alemania o Europa pueden dejarse extorsionar\u00bb | Cand\u00e1s 365<\/title>\n\n","aioseo_head_json":{"title":"Sigmar Gabriel: \u00abEn ning\u00fan caso Alemania o Europa pueden dejarse extorsionar\u00bb | Cand\u00e1s 365","description":"Rostock (Alemania), 1 ago (dpa) - El vicecanciller alem\u00e1n y l\u00edder del Partido Socialdem\u00f3crata (SPD), Sigmar Gabriel, rechaz\u00f3 hoy duramente la amenaza de Turqu\u00eda de romper el acuerdo sobre los refugiados en el caso de que no se elimine pr\u00f3ximamente la obligaci\u00f3n de visado para los ciudadanos turcos. \"En ning\u00fan caso Alemania o Europa pueden","canonical_url":"https:\/\/candas365.es\/noticias\/sigmar-gabriel-en-ningun-caso-alemania-o-europa-pueden-dejarse-extorsionar\/","robots":"max-image-preview:large","keywords":"actualidad","webmasterTools":{"google-site-verification":"UA-32230408-1","msvalidate.01":"354F3CDFB2DA171B47FBE9ABF1F88D5","miscellaneous":""},"schema":{"@context":"https:\/\/schema.org","@graph":[{"@type":"BreadcrumbList","@id":"https:\/\/candas365.es\/noticias\/sigmar-gabriel-en-ningun-caso-alemania-o-europa-pueden-dejarse-extorsionar\/#breadcrumblist","itemListElement":[{"@type":"ListItem","@id":"https:\/\/candas365.es\/noticias#listItem","position":1,"name":"Home","item":"https:\/\/candas365.es\/noticias","nextItem":{"@type":"ListItem","@id":"https:\/\/candas365.es\/noticias\/category\/actualidad\/#listItem","name":"Actualidad"}},{"@type":"ListItem","@id":"https:\/\/candas365.es\/noticias\/category\/actualidad\/#listItem","position":2,"name":"Actualidad","item":"https:\/\/candas365.es\/noticias\/category\/actualidad\/","nextItem":{"@type":"ListItem","@id":"https:\/\/candas365.es\/noticias\/sigmar-gabriel-en-ningun-caso-alemania-o-europa-pueden-dejarse-extorsionar\/#listItem","name":"Sigmar Gabriel: \u00abEn ning\u00fan caso Alemania o Europa pueden dejarse extorsionar\u00bb"},"previousItem":{"@type":"ListItem","@id":"https:\/\/candas365.es\/noticias#listItem","name":"Home"}},{"@type":"ListItem","@id":"https:\/\/candas365.es\/noticias\/sigmar-gabriel-en-ningun-caso-alemania-o-europa-pueden-dejarse-extorsionar\/#listItem","position":3,"name":"Sigmar Gabriel: \u00abEn ning\u00fan caso Alemania o Europa pueden dejarse extorsionar\u00bb","previousItem":{"@type":"ListItem","@id":"https:\/\/candas365.es\/noticias\/category\/actualidad\/#listItem","name":"Actualidad"}}]},{"@type":"NewsArticle","@id":"https:\/\/candas365.es\/noticias\/sigmar-gabriel-en-ningun-caso-alemania-o-europa-pueden-dejarse-extorsionar\/#newsarticle","name":"Sigmar Gabriel: \u00abEn ning\u00fan caso Alemania o Europa pueden dejarse extorsionar\u00bb | Cand\u00e1s 365","headline":"Sigmar Gabriel: \u00abEn ning\u00fan caso Alemania o Europa pueden dejarse extorsionar\u00bb","author":{"@id":"https:\/\/candas365.es\/noticias\/author\/admin\/#author"},"publisher":{"@id":"https:\/\/candas365.es\/noticias\/#organization"},"image":{"@type":"ImageObject","url":"https:\/\/candas365.es\/noticias\/wp-content\/uploads\/2015\/09\/c365noticias.jpg","width":655,"height":360},"datePublished":"2016-08-02T01:32:01+02:00","dateModified":"2016-08-02T01:32:01+02:00","inLanguage":"es-ES","mainEntityOfPage":{"@id":"https:\/\/candas365.es\/noticias\/sigmar-gabriel-en-ningun-caso-alemania-o-europa-pueden-dejarse-extorsionar\/#webpage"},"isPartOf":{"@id":"https:\/\/candas365.es\/noticias\/sigmar-gabriel-en-ningun-caso-alemania-o-europa-pueden-dejarse-extorsionar\/#webpage"},"articleSection":"Actualidad","dateline":"Publicado el agosto 2, 2016."},{"@type":"Organization","@id":"https:\/\/candas365.es\/noticias\/#organization","name":"Cand\u00e1s 365","description":"Cand\u00e1s 365 es un diario digital independiente, fundado en 2012, con base en Asturias. Informamos con rigor sobre actualidad, sociedad, cultura y ocio, con una mirada local y global.","url":"https:\/\/candas365.es\/noticias\/","email":"info@candas365.es","telephone":"+34652131393","foundingDate":"2012-06-10","logo":{"@type":"ImageObject","url":"https:\/\/candas365.es\/noticias\/wp-content\/uploads\/2024\/09\/Candas-365-Redes.jpg","@id":"https:\/\/candas365.es\/noticias\/sigmar-gabriel-en-ningun-caso-alemania-o-europa-pueden-dejarse-extorsionar\/#organizationLogo","width":1152,"height":864,"caption":"Cand\u00e1s 365 Redes"},"image":{"@id":"https:\/\/candas365.es\/noticias\/sigmar-gabriel-en-ningun-caso-alemania-o-europa-pueden-dejarse-extorsionar\/#organizationLogo"},"sameAs":["https:\/\/www.facebook.com\/Nachofdezber","https:\/\/x.com\/NabercoDigital","https:\/\/www.instagram.com\/nachofdezber\/","https:\/\/www.youtube.com\/channel\/UCZP-2wLEB9Rv6erhFmqVnvg"],"address":{"@id":"https:\/\/candas365.es\/noticias\/#postaladdress","@type":"PostalAddress","streetAddress":"san antonio 4, san antonio 4","postalCode":"33430","addressLocality":"Cand\u00e1s","addressRegion":"Asturias","addressCountry":"ES"}},{"@type":"Person","@id":"https:\/\/candas365.es\/noticias\/author\/admin\/#author","url":"https:\/\/candas365.es\/noticias\/author\/admin\/","name":"Cand\u00e1s 365","image":{"@type":"ImageObject","@id":"https:\/\/candas365.es\/noticias\/sigmar-gabriel-en-ningun-caso-alemania-o-europa-pueden-dejarse-extorsionar\/#authorImage","url":"https:\/\/secure.gravatar.com\/avatar\/496a8e03d0c493ede1718b7934145dbdf8d89be1036b0eec9544e1094c9de390?s=96&d=mm&r=g","width":96,"height":96,"caption":"Cand\u00e1s 365"},"sameAs":["https:\/\/www.facebook.com\/carrenoactualidad","https:\/\/twitter.com\/nbasturias","https:\/\/www.instagram.com\/nachofdezber\/","https:\/\/www.youtube.com\/channel\/UCZP-2wLEB9Rv6erhFmqVnvg"]},{"@type":"WebPage","@id":"https:\/\/candas365.es\/noticias\/sigmar-gabriel-en-ningun-caso-alemania-o-europa-pueden-dejarse-extorsionar\/#webpage","url":"https:\/\/candas365.es\/noticias\/sigmar-gabriel-en-ningun-caso-alemania-o-europa-pueden-dejarse-extorsionar\/","name":"Sigmar Gabriel: \u00abEn ning\u00fan caso Alemania o Europa pueden dejarse extorsionar\u00bb | Cand\u00e1s 365","description":"Rostock (Alemania), 1 ago (dpa) - El vicecanciller alem\u00e1n y l\u00edder del Partido Socialdem\u00f3crata (SPD), Sigmar Gabriel, rechaz\u00f3 hoy duramente la amenaza de Turqu\u00eda de romper el acuerdo sobre los refugiados en el caso de que no se elimine pr\u00f3ximamente la obligaci\u00f3n de visado para los ciudadanos turcos. \"En ning\u00fan caso Alemania o Europa pueden","inLanguage":"es-ES","isPartOf":{"@id":"https:\/\/candas365.es\/noticias\/#website"},"breadcrumb":{"@id":"https:\/\/candas365.es\/noticias\/sigmar-gabriel-en-ningun-caso-alemania-o-europa-pueden-dejarse-extorsionar\/#breadcrumblist"},"author":{"@id":"https:\/\/candas365.es\/noticias\/author\/admin\/#author"},"creator":{"@id":"https:\/\/candas365.es\/noticias\/author\/admin\/#author"},"image":{"@type":"ImageObject","url":"https:\/\/candas365.es\/noticias\/wp-content\/uploads\/2015\/09\/c365noticias.jpg","@id":"https:\/\/candas365.es\/noticias\/sigmar-gabriel-en-ningun-caso-alemania-o-europa-pueden-dejarse-extorsionar\/#mainImage","width":655,"height":360},"primaryImageOfPage":{"@id":"https:\/\/candas365.es\/noticias\/sigmar-gabriel-en-ningun-caso-alemania-o-europa-pueden-dejarse-extorsionar\/#mainImage"},"datePublished":"2016-08-02T01:32:01+02:00","dateModified":"2016-08-02T01:32:01+02:00"},{"@type":"WebSite","@id":"https:\/\/candas365.es\/noticias\/#website","url":"https:\/\/candas365.es\/noticias\/","name":"Cand\u00e1s 365","alternateName":"Cand\u00e1s 365 Noticias","description":"Actualidad desde Carre\u00f1o para el mundo","inLanguage":"es-ES","publisher":{"@id":"https:\/\/candas365.es\/noticias\/#organization"}}]},"og:locale":"es_ES","og:site_name":"Cand\u00e1s 365","og:type":"article","og:title":"Sigmar Gabriel: \u00abEn ning\u00fan caso Alemania o Europa pueden dejarse extorsionar\u00bb | Cand\u00e1s 365","og:description":"Rostock (Alemania), 1 ago (dpa) - El vicecanciller alem\u00e1n y l\u00edder del Partido Socialdem\u00f3crata (SPD), Sigmar Gabriel, rechaz\u00f3 hoy duramente la amenaza de Turqu\u00eda de romper el acuerdo sobre los refugiados en el caso de que no se elimine pr\u00f3ximamente la obligaci\u00f3n de visado para los ciudadanos turcos. &quot;En ning\u00fan caso Alemania o Europa pueden","og:url":"https:\/\/candas365.es\/noticias\/sigmar-gabriel-en-ningun-caso-alemania-o-europa-pueden-dejarse-extorsionar\/","og:image":"https:\/\/candas365.es\/noticias\/wp-content\/uploads\/2015\/09\/c365noticias.jpg","og:image:secure_url":"https:\/\/candas365.es\/noticias\/wp-content\/uploads\/2015\/09\/c365noticias.jpg","og:image:width":655,"og:image:height":360,"article:published_time":"2016-08-02T00:02:01+00:00","article:modified_time":"2016-08-02T00:02:01+00:00","article:publisher":"https:\/\/www.facebook.com\/Nachofdezber","article:author":"https:\/\/www.facebook.com\/carrenoactualidad","twitter:card":"summary_large_image","twitter:site":"@NabercoDigital","twitter:title":"Sigmar Gabriel: \u00abEn ning\u00fan caso Alemania o Europa pueden dejarse extorsionar\u00bb | Cand\u00e1s 365","twitter:description":"Rostock (Alemania), 1 ago (dpa) - El vicecanciller alem\u00e1n y l\u00edder del Partido Socialdem\u00f3crata (SPD), Sigmar Gabriel, rechaz\u00f3 hoy duramente la amenaza de Turqu\u00eda de romper el acuerdo sobre los refugiados en el caso de que no se elimine pr\u00f3ximamente la obligaci\u00f3n de visado para los ciudadanos turcos. &quot;En ning\u00fan caso Alemania o Europa pueden","twitter:creator":"@nbasturias","twitter:image":"https:\/\/candas365.es\/noticias\/wp-content\/uploads\/2015\/09\/c365noticias.jpg","twitter:label1":"Escrito por","twitter:data1":"Cand\u00e1s 365","twitter:label2":"Tiempo de lectura estimado","twitter:data2":"2 minutos"},"aioseo_meta_data":{"post_id":"33055","title":null,"description":null,"keywords":null,"keyphrases":null,"primary_term":null,"canonical_url":null,"og_title":null,"og_description":null,"og_object_type":"default","og_image_type":"default","og_image_url":null,"og_image_width":null,"og_image_height":null,"og_image_custom_url":null,"og_image_custom_fields":null,"og_video":null,"og_custom_url":null,"og_article_section":null,"og_article_tags":null,"twitter_use_og":false,"twitter_card":"default","twitter_image_type":"default","twitter_image_url":null,"twitter_image_custom_url":null,"twitter_image_custom_fields":null,"twitter_title":null,"twitter_description":null,"schema":{"blockGraphs":[],"customGraphs":[],"default":{"data":{"Article":[],"Course":[],"Dataset":[],"FAQPage":[],"Movie":[],"Person":[],"Product":[],"ProductReview":[],"Car":[],"Recipe":[],"Service":[],"SoftwareApplication":[],"WebPage":[]},"graphName":"","isEnabled":true},"graphs":[]},"schema_type":null,"schema_type_options":null,"pillar_content":false,"robots_default":true,"robots_noindex":false,"robots_noarchive":false,"robots_nosnippet":false,"robots_nofollow":false,"robots_noimageindex":false,"robots_noodp":false,"robots_notranslate":false,"robots_max_snippet":null,"robots_max_videopreview":null,"robots_max_imagepreview":"large","priority":null,"frequency":null,"location":null,"local_seo":null,"seo_analyzer_scan_date":"2025-08-24 16:20:12","breadcrumb_settings":null,"limit_modified_date":false,"reviewed_by":null,"open_ai":null,"ai":null,"created":"2020-12-21 13:05:48","updated":"2025-08-24 16:20:12"},"aioseo_breadcrumb":"<div class=\"aioseo-breadcrumbs\"><span class=\"aioseo-breadcrumb\">\n\t<a href=\"https:\/\/candas365.es\/noticias\" title=\"Home\">Home<\/a>\n<\/span><span class=\"aioseo-breadcrumb-separator\">&ndash;<\/span><span class=\"aioseo-breadcrumb\">\n\t<a href=\"https:\/\/candas365.es\/noticias\/category\/actualidad\/\" title=\"Actualidad\">Actualidad<\/a>\n<\/span><span class=\"aioseo-breadcrumb-separator\">&ndash;<\/span><span class=\"aioseo-breadcrumb\">\n\tSigmar Gabriel: \u00abEn ning\u00fan caso Alemania o Europa pueden dejarse extorsionar\u00bb\n<\/span><\/div>","aioseo_breadcrumb_json":[{"label":"Home","link":"https:\/\/candas365.es\/noticias"},{"label":"Actualidad","link":"https:\/\/candas365.es\/noticias\/category\/actualidad\/"},{"label":"Sigmar Gabriel: \u00abEn ning\u00fan caso Alemania o Europa pueden dejarse extorsionar\u00bb","link":"https:\/\/candas365.es\/noticias\/sigmar-gabriel-en-ningun-caso-alemania-o-europa-pueden-dejarse-extorsionar\/"}],"_links":{"self":[{"href":"https:\/\/candas365.es\/noticias\/wp-json\/wp\/v2\/posts\/33055","targetHints":{"allow":["GET"]}}],"collection":[{"href":"https:\/\/candas365.es\/noticias\/wp-json\/wp\/v2\/posts"}],"about":[{"href":"https:\/\/candas365.es\/noticias\/wp-json\/wp\/v2\/types\/post"}],"author":[{"embeddable":true,"href":"https:\/\/candas365.es\/noticias\/wp-json\/wp\/v2\/users\/1"}],"replies":[{"embeddable":true,"href":"https:\/\/candas365.es\/noticias\/wp-json\/wp\/v2\/comments?post=33055"}],"version-history":[{"count":0,"href":"https:\/\/candas365.es\/noticias\/wp-json\/wp\/v2\/posts\/33055\/revisions"}],"wp:featuredmedia":[{"embeddable":true,"href":"https:\/\/candas365.es\/noticias\/wp-json\/wp\/v2\/media\/16457"}],"wp:attachment":[{"href":"https:\/\/candas365.es\/noticias\/wp-json\/wp\/v2\/media?parent=33055"}],"wp:term":[{"taxonomy":"category","embeddable":true,"href":"https:\/\/candas365.es\/noticias\/wp-json\/wp\/v2\/categories?post=33055"},{"taxonomy":"post_tag","embeddable":true,"href":"https:\/\/candas365.es\/noticias\/wp-json\/wp\/v2\/tags?post=33055"}],"curies":[{"name":"wp","href":"https:\/\/api.w.org\/{rel}","templated":true}]}}