{"id":33043,"date":"2016-08-01T19:12:26","date_gmt":"2016-08-01T17:42:26","guid":{"rendered":"http:\/\/candas365.es\/noticias\/?p=33043"},"modified":"2016-08-01T19:12:26","modified_gmt":"2016-08-01T17:42:26","slug":"alemania-inaugura-muestra-sobre-final-del-mundial-de-1966-en-wembley","status":"publish","type":"post","link":"https:\/\/candas365.es\/noticias\/alemania-inaugura-muestra-sobre-final-del-mundial-de-1966-en-wembley\/","title":{"rendered":"Alemania inaugura muestra sobre final del Mundial de 1966 en Wembley"},"content":{"rendered":"<p>Dortmund (Alemania), 1 ago (dpa) &#8211; El presidente de la Federaci\u00f3n Alemana de F\u00fatbol (DFB), Reinhard Grindel, inaugur\u00f3 ayer una exposici\u00f3n sobre la emblem\u00e1tica final del Mundial de f\u00fatbol de 1966 en la que Inglaterra se impuso a la selecci\u00f3n germana por 4-2.<\/p>\n<p>La inauguraci\u00f3n de la exposici\u00f3n temporal en el Museo del F\u00fatbol en Dortmund titulada \u00ab50 a\u00f1os de Wembley: El mito en instant\u00e1neas\u00bb cont\u00f3 con la presencia de doce de los protagonistas de la final, entre los que se encontraban Uwe Seeler, Hans Tilkowski, Willi Schulz, Horst-Dieter H\u00f6ttges, Wolfgang Overath y Sigfried \u00abSiggi\u00bb Held.<\/p>\n<p>\u00abTen\u00eda cuatro a\u00f1os en el Mundial de F\u00fatbol de 1966. Sin embargo, Uwe Seeler, Hans Tilkowski, Sepp Maier, fueron los h\u00e9roes de nuestra infancia. Es un gran honor poder estar hoy aqu\u00ed con el equipo\u00bb, declar\u00f3 Grindel. \u00abEste equipo fue campe\u00f3n del mundo en nuestros corazones\u00bb, agreg\u00f3.<\/p>\n<p>La final, disputada el 30 de julio de 1966, se decidi\u00f3 por el famoso \u00abgol de Wembley\u00bb, el 3-2 que logr\u00f3 Geoff Hurst en la pr\u00f3rroga y que a\u00fan no est\u00e1 claro si fue gol v\u00e1lido o no. Unos sostienen que el bal\u00f3n traspas\u00f3 la l\u00ednea, otros que no.<\/p>\n<p>\u00abMe hubiera gustado ganar. Por desgracia tuvimos un poco de mala suerte con el \u00e1rbitro\u00bb, se\u00f1al\u00f3 Seeler sobre el pol\u00e9mico gol fantasma de Hurst.<\/p>\n<p>\u00abLos ingleses saben que el bal\u00f3n nunca lleg\u00f3 a entrar, pero no lo admiten\u00bb, agreg\u00f3 el entonces arquero Hans Tilkowski sobre la decisi\u00f3n del \u00e1rbitro suizo Gottfried Dienst y el juez de l\u00ednea sovi\u00e9tico Tofiq Bahramow.<\/p>\n<p>En el centro de la exposici\u00f3n que podr\u00e1 visitarse hasta el 15 de enero de 2017 se encuentra una instalaci\u00f3n medi\u00e1tica sobre la final de Wembley, en la que puede verse en parte material f\u00edlmico desconocido hasta el momento.<\/p>\n","protected":false},"excerpt":{"rendered":"<p>Dortmund (Alemania), 1 ago (dpa) &#8211; El presidente de la Federaci\u00f3n Alemana de F\u00fatbol (DFB), Reinhard Grindel, inaugur\u00f3 ayer una exposici\u00f3n sobre la emblem\u00e1tica final del Mundial de f\u00fatbol de 1966 en la que Inglaterra se impuso a la selecci\u00f3n germana por 4-2. La inauguraci\u00f3n de la exposici\u00f3n temporal en el Museo del F\u00fatbol en<\/p>\n","protected":false},"author":1,"featured_media":16457,"comment_status":"closed","ping_status":"closed","sticky":false,"template":"","format":"standard","meta":{"footnotes":""},"categories":[343],"tags":[],"class_list":{"0":"post-33043","1":"post","2":"type-post","3":"status-publish","4":"format-standard","5":"has-post-thumbnail","7":"category-actualidad"},"aioseo_notices":[],"aioseo_head":"\n\t\t<!-- All in One SEO Pro 4.9.6.2 - aioseo.com -->\n\t<meta name=\"description\" content=\"Dortmund (Alemania), 1 ago (dpa) - El presidente de la Federaci\u00f3n Alemana de F\u00fatbol (DFB), Reinhard Grindel, inaugur\u00f3 ayer una exposici\u00f3n sobre la emblem\u00e1tica final del Mundial de f\u00fatbol de 1966 en la que Inglaterra se impuso a la selecci\u00f3n germana por 4-2. La inauguraci\u00f3n de la exposici\u00f3n temporal en el Museo del F\u00fatbol en\" \/>\n\t<meta name=\"robots\" content=\"max-image-preview:large\" \/>\n\t<meta name=\"author\" content=\"Cand\u00e1s 365\"\/>\n\t<meta name=\"google-site-verification\" content=\"UA-32230408-1\" \/>\n\t<meta name=\"msvalidate.01\" content=\"354F3CDFB2DA171B47FBE9ABF1F88D5\" \/>\n\t<meta name=\"keywords\" content=\"actualidad\" \/>\n\t<link rel=\"canonical\" href=\"https:\/\/candas365.es\/noticias\/alemania-inaugura-muestra-sobre-final-del-mundial-de-1966-en-wembley\/\" \/>\n\t<meta name=\"generator\" content=\"All in One SEO Pro (AIOSEO) 4.9.6.2\" \/>\n\t\t<meta property=\"og:locale\" content=\"es_ES\" \/>\n\t\t<meta property=\"og:site_name\" content=\"Cand\u00e1s 365\" \/>\n\t\t<meta property=\"og:type\" content=\"article\" \/>\n\t\t<meta property=\"og:title\" content=\"Alemania inaugura muestra sobre final del Mundial de 1966 en Wembley | Cand\u00e1s 365\" \/>\n\t\t<meta property=\"og:description\" content=\"Dortmund (Alemania), 1 ago (dpa) - El presidente de la Federaci\u00f3n Alemana de F\u00fatbol (DFB), Reinhard Grindel, inaugur\u00f3 ayer una exposici\u00f3n sobre la emblem\u00e1tica final del Mundial de f\u00fatbol de 1966 en la que Inglaterra se impuso a la selecci\u00f3n germana por 4-2. La inauguraci\u00f3n de la exposici\u00f3n temporal en el Museo del F\u00fatbol en\" \/>\n\t\t<meta property=\"og:url\" content=\"https:\/\/candas365.es\/noticias\/alemania-inaugura-muestra-sobre-final-del-mundial-de-1966-en-wembley\/\" \/>\n\t\t<meta property=\"og:image\" content=\"https:\/\/candas365.es\/noticias\/wp-content\/uploads\/2015\/09\/c365noticias.jpg\" \/>\n\t\t<meta property=\"og:image:secure_url\" content=\"https:\/\/candas365.es\/noticias\/wp-content\/uploads\/2015\/09\/c365noticias.jpg\" \/>\n\t\t<meta property=\"og:image:width\" content=\"655\" \/>\n\t\t<meta property=\"og:image:height\" content=\"360\" \/>\n\t\t<meta property=\"article:published_time\" content=\"2016-08-01T17:42:26+00:00\" \/>\n\t\t<meta property=\"article:modified_time\" content=\"2016-08-01T17:42:26+00:00\" \/>\n\t\t<meta property=\"article:publisher\" content=\"https:\/\/www.facebook.com\/Nachofdezber\" \/>\n\t\t<meta property=\"article:author\" content=\"https:\/\/www.facebook.com\/carrenoactualidad\" \/>\n\t\t<meta name=\"twitter:card\" content=\"summary_large_image\" \/>\n\t\t<meta name=\"twitter:site\" content=\"@NabercoDigital\" \/>\n\t\t<meta name=\"twitter:title\" content=\"Alemania inaugura muestra sobre final del Mundial de 1966 en Wembley | Cand\u00e1s 365\" \/>\n\t\t<meta name=\"twitter:description\" content=\"Dortmund (Alemania), 1 ago (dpa) - El presidente de la Federaci\u00f3n Alemana de F\u00fatbol (DFB), Reinhard Grindel, inaugur\u00f3 ayer una exposici\u00f3n sobre la emblem\u00e1tica final del Mundial de f\u00fatbol de 1966 en la que Inglaterra se impuso a la selecci\u00f3n germana por 4-2. La inauguraci\u00f3n de la exposici\u00f3n temporal en el Museo del F\u00fatbol en\" \/>\n\t\t<meta name=\"twitter:creator\" content=\"@nbasturias\" \/>\n\t\t<meta name=\"twitter:image\" content=\"https:\/\/candas365.es\/noticias\/wp-content\/uploads\/2015\/09\/c365noticias.jpg\" \/>\n\t\t<meta name=\"twitter:label1\" content=\"Escrito por\" \/>\n\t\t<meta name=\"twitter:data1\" content=\"Cand\u00e1s 365\" \/>\n\t\t<meta name=\"twitter:label2\" content=\"Tiempo de lectura estimado\" \/>\n\t\t<meta name=\"twitter:data2\" content=\"2 minutos\" \/>\n\t\t<script type=\"application\/ld+json\" class=\"aioseo-schema\">\n\t\t\t{\"@context\":\"https:\\\/\\\/schema.org\",\"@graph\":[{\"@type\":\"BreadcrumbList\",\"@id\":\"https:\\\/\\\/candas365.es\\\/noticias\\\/alemania-inaugura-muestra-sobre-final-del-mundial-de-1966-en-wembley\\\/#breadcrumblist\",\"itemListElement\":[{\"@type\":\"ListItem\",\"@id\":\"https:\\\/\\\/candas365.es\\\/noticias#listItem\",\"position\":1,\"name\":\"Home\",\"item\":\"https:\\\/\\\/candas365.es\\\/noticias\",\"nextItem\":{\"@type\":\"ListItem\",\"@id\":\"https:\\\/\\\/candas365.es\\\/noticias\\\/category\\\/actualidad\\\/#listItem\",\"name\":\"Actualidad\"}},{\"@type\":\"ListItem\",\"@id\":\"https:\\\/\\\/candas365.es\\\/noticias\\\/category\\\/actualidad\\\/#listItem\",\"position\":2,\"name\":\"Actualidad\",\"item\":\"https:\\\/\\\/candas365.es\\\/noticias\\\/category\\\/actualidad\\\/\",\"nextItem\":{\"@type\":\"ListItem\",\"@id\":\"https:\\\/\\\/candas365.es\\\/noticias\\\/alemania-inaugura-muestra-sobre-final-del-mundial-de-1966-en-wembley\\\/#listItem\",\"name\":\"Alemania inaugura muestra sobre final del Mundial de 1966 en Wembley\"},\"previousItem\":{\"@type\":\"ListItem\",\"@id\":\"https:\\\/\\\/candas365.es\\\/noticias#listItem\",\"name\":\"Home\"}},{\"@type\":\"ListItem\",\"@id\":\"https:\\\/\\\/candas365.es\\\/noticias\\\/alemania-inaugura-muestra-sobre-final-del-mundial-de-1966-en-wembley\\\/#listItem\",\"position\":3,\"name\":\"Alemania inaugura muestra sobre final del Mundial de 1966 en Wembley\",\"previousItem\":{\"@type\":\"ListItem\",\"@id\":\"https:\\\/\\\/candas365.es\\\/noticias\\\/category\\\/actualidad\\\/#listItem\",\"name\":\"Actualidad\"}}]},{\"@type\":\"NewsArticle\",\"@id\":\"https:\\\/\\\/candas365.es\\\/noticias\\\/alemania-inaugura-muestra-sobre-final-del-mundial-de-1966-en-wembley\\\/#newsarticle\",\"name\":\"Alemania inaugura muestra sobre final del Mundial de 1966 en Wembley | Cand\\u00e1s 365\",\"headline\":\"Alemania inaugura muestra sobre final del Mundial de 1966 en Wembley\",\"author\":{\"@id\":\"https:\\\/\\\/candas365.es\\\/noticias\\\/author\\\/admin\\\/#author\"},\"publisher\":{\"@id\":\"https:\\\/\\\/candas365.es\\\/noticias\\\/#organization\"},\"image\":{\"@type\":\"ImageObject\",\"url\":\"https:\\\/\\\/candas365.es\\\/noticias\\\/wp-content\\\/uploads\\\/2015\\\/09\\\/c365noticias.jpg\",\"width\":655,\"height\":360},\"datePublished\":\"2016-08-01T19:12:26+02:00\",\"dateModified\":\"2016-08-01T19:12:26+02:00\",\"inLanguage\":\"es-ES\",\"mainEntityOfPage\":{\"@id\":\"https:\\\/\\\/candas365.es\\\/noticias\\\/alemania-inaugura-muestra-sobre-final-del-mundial-de-1966-en-wembley\\\/#webpage\"},\"isPartOf\":{\"@id\":\"https:\\\/\\\/candas365.es\\\/noticias\\\/alemania-inaugura-muestra-sobre-final-del-mundial-de-1966-en-wembley\\\/#webpage\"},\"articleSection\":\"Actualidad\",\"dateline\":\"Publicado el agosto 1, 2016.\"},{\"@type\":\"Organization\",\"@id\":\"https:\\\/\\\/candas365.es\\\/noticias\\\/#organization\",\"name\":\"Cand\\u00e1s 365\",\"description\":\"Cand\\u00e1s 365 es un diario digital independiente, fundado en 2012, con base en Asturias. Informamos con rigor sobre actualidad, sociedad, cultura y ocio, con una mirada local y global.\",\"url\":\"https:\\\/\\\/candas365.es\\\/noticias\\\/\",\"email\":\"info@candas365.es\",\"telephone\":\"+34652131393\",\"foundingDate\":\"2012-06-10\",\"logo\":{\"@type\":\"ImageObject\",\"url\":\"https:\\\/\\\/candas365.es\\\/noticias\\\/wp-content\\\/uploads\\\/2024\\\/09\\\/Candas-365-Redes.jpg\",\"@id\":\"https:\\\/\\\/candas365.es\\\/noticias\\\/alemania-inaugura-muestra-sobre-final-del-mundial-de-1966-en-wembley\\\/#organizationLogo\",\"width\":1152,\"height\":864,\"caption\":\"Cand\\u00e1s 365 Redes\"},\"image\":{\"@id\":\"https:\\\/\\\/candas365.es\\\/noticias\\\/alemania-inaugura-muestra-sobre-final-del-mundial-de-1966-en-wembley\\\/#organizationLogo\"},\"sameAs\":[\"https:\\\/\\\/www.facebook.com\\\/Nachofdezber\",\"https:\\\/\\\/x.com\\\/NabercoDigital\",\"https:\\\/\\\/www.instagram.com\\\/nachofdezber\\\/\",\"https:\\\/\\\/www.youtube.com\\\/channel\\\/UCZP-2wLEB9Rv6erhFmqVnvg\"],\"address\":{\"@id\":\"https:\\\/\\\/candas365.es\\\/noticias\\\/#postaladdress\",\"@type\":\"PostalAddress\",\"streetAddress\":\"san antonio 4, san antonio 4\",\"postalCode\":\"33430\",\"addressLocality\":\"Cand\\u00e1s\",\"addressRegion\":\"Asturias\",\"addressCountry\":\"ES\"}},{\"@type\":\"Person\",\"@id\":\"https:\\\/\\\/candas365.es\\\/noticias\\\/author\\\/admin\\\/#author\",\"url\":\"https:\\\/\\\/candas365.es\\\/noticias\\\/author\\\/admin\\\/\",\"name\":\"Cand\\u00e1s 365\",\"image\":{\"@type\":\"ImageObject\",\"@id\":\"https:\\\/\\\/candas365.es\\\/noticias\\\/alemania-inaugura-muestra-sobre-final-del-mundial-de-1966-en-wembley\\\/#authorImage\",\"url\":\"https:\\\/\\\/secure.gravatar.com\\\/avatar\\\/496a8e03d0c493ede1718b7934145dbdf8d89be1036b0eec9544e1094c9de390?s=96&d=mm&r=g\",\"width\":96,\"height\":96,\"caption\":\"Cand\\u00e1s 365\"},\"sameAs\":[\"https:\\\/\\\/www.facebook.com\\\/carrenoactualidad\",\"https:\\\/\\\/twitter.com\\\/nbasturias\",\"https:\\\/\\\/www.instagram.com\\\/nachofdezber\\\/\",\"https:\\\/\\\/www.youtube.com\\\/channel\\\/UCZP-2wLEB9Rv6erhFmqVnvg\"]},{\"@type\":\"WebPage\",\"@id\":\"https:\\\/\\\/candas365.es\\\/noticias\\\/alemania-inaugura-muestra-sobre-final-del-mundial-de-1966-en-wembley\\\/#webpage\",\"url\":\"https:\\\/\\\/candas365.es\\\/noticias\\\/alemania-inaugura-muestra-sobre-final-del-mundial-de-1966-en-wembley\\\/\",\"name\":\"Alemania inaugura muestra sobre final del Mundial de 1966 en Wembley | Cand\\u00e1s 365\",\"description\":\"Dortmund (Alemania), 1 ago (dpa) - El presidente de la Federaci\\u00f3n Alemana de F\\u00fatbol (DFB), Reinhard Grindel, inaugur\\u00f3 ayer una exposici\\u00f3n sobre la emblem\\u00e1tica final del Mundial de f\\u00fatbol de 1966 en la que Inglaterra se impuso a la selecci\\u00f3n germana por 4-2. La inauguraci\\u00f3n de la exposici\\u00f3n temporal en el Museo del F\\u00fatbol en\",\"inLanguage\":\"es-ES\",\"isPartOf\":{\"@id\":\"https:\\\/\\\/candas365.es\\\/noticias\\\/#website\"},\"breadcrumb\":{\"@id\":\"https:\\\/\\\/candas365.es\\\/noticias\\\/alemania-inaugura-muestra-sobre-final-del-mundial-de-1966-en-wembley\\\/#breadcrumblist\"},\"author\":{\"@id\":\"https:\\\/\\\/candas365.es\\\/noticias\\\/author\\\/admin\\\/#author\"},\"creator\":{\"@id\":\"https:\\\/\\\/candas365.es\\\/noticias\\\/author\\\/admin\\\/#author\"},\"image\":{\"@type\":\"ImageObject\",\"url\":\"https:\\\/\\\/candas365.es\\\/noticias\\\/wp-content\\\/uploads\\\/2015\\\/09\\\/c365noticias.jpg\",\"@id\":\"https:\\\/\\\/candas365.es\\\/noticias\\\/alemania-inaugura-muestra-sobre-final-del-mundial-de-1966-en-wembley\\\/#mainImage\",\"width\":655,\"height\":360},\"primaryImageOfPage\":{\"@id\":\"https:\\\/\\\/candas365.es\\\/noticias\\\/alemania-inaugura-muestra-sobre-final-del-mundial-de-1966-en-wembley\\\/#mainImage\"},\"datePublished\":\"2016-08-01T19:12:26+02:00\",\"dateModified\":\"2016-08-01T19:12:26+02:00\"},{\"@type\":\"WebSite\",\"@id\":\"https:\\\/\\\/candas365.es\\\/noticias\\\/#website\",\"url\":\"https:\\\/\\\/candas365.es\\\/noticias\\\/\",\"name\":\"Cand\\u00e1s 365\",\"alternateName\":\"Cand\\u00e1s 365 Noticias\",\"description\":\"Actualidad desde Carre\\u00f1o para el mundo\",\"inLanguage\":\"es-ES\",\"publisher\":{\"@id\":\"https:\\\/\\\/candas365.es\\\/noticias\\\/#organization\"}}]}\n\t\t<\/script>\n\t\t<!-- All in One SEO Pro -->\r\n\t\t<title>Alemania inaugura muestra sobre final del Mundial de 1966 en Wembley | Cand\u00e1s 365<\/title>\n\n","aioseo_head_json":{"title":"Alemania inaugura muestra sobre final del Mundial de 1966 en Wembley | Cand\u00e1s 365","description":"Dortmund (Alemania), 1 ago (dpa) - El presidente de la Federaci\u00f3n Alemana de F\u00fatbol (DFB), Reinhard Grindel, inaugur\u00f3 ayer una exposici\u00f3n sobre la emblem\u00e1tica final del Mundial de f\u00fatbol de 1966 en la que Inglaterra se impuso a la selecci\u00f3n germana por 4-2. La inauguraci\u00f3n de la exposici\u00f3n temporal en el Museo del F\u00fatbol en","canonical_url":"https:\/\/candas365.es\/noticias\/alemania-inaugura-muestra-sobre-final-del-mundial-de-1966-en-wembley\/","robots":"max-image-preview:large","keywords":"actualidad","webmasterTools":{"google-site-verification":"UA-32230408-1","msvalidate.01":"354F3CDFB2DA171B47FBE9ABF1F88D5","miscellaneous":""},"schema":{"@context":"https:\/\/schema.org","@graph":[{"@type":"BreadcrumbList","@id":"https:\/\/candas365.es\/noticias\/alemania-inaugura-muestra-sobre-final-del-mundial-de-1966-en-wembley\/#breadcrumblist","itemListElement":[{"@type":"ListItem","@id":"https:\/\/candas365.es\/noticias#listItem","position":1,"name":"Home","item":"https:\/\/candas365.es\/noticias","nextItem":{"@type":"ListItem","@id":"https:\/\/candas365.es\/noticias\/category\/actualidad\/#listItem","name":"Actualidad"}},{"@type":"ListItem","@id":"https:\/\/candas365.es\/noticias\/category\/actualidad\/#listItem","position":2,"name":"Actualidad","item":"https:\/\/candas365.es\/noticias\/category\/actualidad\/","nextItem":{"@type":"ListItem","@id":"https:\/\/candas365.es\/noticias\/alemania-inaugura-muestra-sobre-final-del-mundial-de-1966-en-wembley\/#listItem","name":"Alemania inaugura muestra sobre final del Mundial de 1966 en Wembley"},"previousItem":{"@type":"ListItem","@id":"https:\/\/candas365.es\/noticias#listItem","name":"Home"}},{"@type":"ListItem","@id":"https:\/\/candas365.es\/noticias\/alemania-inaugura-muestra-sobre-final-del-mundial-de-1966-en-wembley\/#listItem","position":3,"name":"Alemania inaugura muestra sobre final del Mundial de 1966 en Wembley","previousItem":{"@type":"ListItem","@id":"https:\/\/candas365.es\/noticias\/category\/actualidad\/#listItem","name":"Actualidad"}}]},{"@type":"NewsArticle","@id":"https:\/\/candas365.es\/noticias\/alemania-inaugura-muestra-sobre-final-del-mundial-de-1966-en-wembley\/#newsarticle","name":"Alemania inaugura muestra sobre final del Mundial de 1966 en Wembley | Cand\u00e1s 365","headline":"Alemania inaugura muestra sobre final del Mundial de 1966 en Wembley","author":{"@id":"https:\/\/candas365.es\/noticias\/author\/admin\/#author"},"publisher":{"@id":"https:\/\/candas365.es\/noticias\/#organization"},"image":{"@type":"ImageObject","url":"https:\/\/candas365.es\/noticias\/wp-content\/uploads\/2015\/09\/c365noticias.jpg","width":655,"height":360},"datePublished":"2016-08-01T19:12:26+02:00","dateModified":"2016-08-01T19:12:26+02:00","inLanguage":"es-ES","mainEntityOfPage":{"@id":"https:\/\/candas365.es\/noticias\/alemania-inaugura-muestra-sobre-final-del-mundial-de-1966-en-wembley\/#webpage"},"isPartOf":{"@id":"https:\/\/candas365.es\/noticias\/alemania-inaugura-muestra-sobre-final-del-mundial-de-1966-en-wembley\/#webpage"},"articleSection":"Actualidad","dateline":"Publicado el agosto 1, 2016."},{"@type":"Organization","@id":"https:\/\/candas365.es\/noticias\/#organization","name":"Cand\u00e1s 365","description":"Cand\u00e1s 365 es un diario digital independiente, fundado en 2012, con base en Asturias. Informamos con rigor sobre actualidad, sociedad, cultura y ocio, con una mirada local y global.","url":"https:\/\/candas365.es\/noticias\/","email":"info@candas365.es","telephone":"+34652131393","foundingDate":"2012-06-10","logo":{"@type":"ImageObject","url":"https:\/\/candas365.es\/noticias\/wp-content\/uploads\/2024\/09\/Candas-365-Redes.jpg","@id":"https:\/\/candas365.es\/noticias\/alemania-inaugura-muestra-sobre-final-del-mundial-de-1966-en-wembley\/#organizationLogo","width":1152,"height":864,"caption":"Cand\u00e1s 365 Redes"},"image":{"@id":"https:\/\/candas365.es\/noticias\/alemania-inaugura-muestra-sobre-final-del-mundial-de-1966-en-wembley\/#organizationLogo"},"sameAs":["https:\/\/www.facebook.com\/Nachofdezber","https:\/\/x.com\/NabercoDigital","https:\/\/www.instagram.com\/nachofdezber\/","https:\/\/www.youtube.com\/channel\/UCZP-2wLEB9Rv6erhFmqVnvg"],"address":{"@id":"https:\/\/candas365.es\/noticias\/#postaladdress","@type":"PostalAddress","streetAddress":"san antonio 4, san antonio 4","postalCode":"33430","addressLocality":"Cand\u00e1s","addressRegion":"Asturias","addressCountry":"ES"}},{"@type":"Person","@id":"https:\/\/candas365.es\/noticias\/author\/admin\/#author","url":"https:\/\/candas365.es\/noticias\/author\/admin\/","name":"Cand\u00e1s 365","image":{"@type":"ImageObject","@id":"https:\/\/candas365.es\/noticias\/alemania-inaugura-muestra-sobre-final-del-mundial-de-1966-en-wembley\/#authorImage","url":"https:\/\/secure.gravatar.com\/avatar\/496a8e03d0c493ede1718b7934145dbdf8d89be1036b0eec9544e1094c9de390?s=96&d=mm&r=g","width":96,"height":96,"caption":"Cand\u00e1s 365"},"sameAs":["https:\/\/www.facebook.com\/carrenoactualidad","https:\/\/twitter.com\/nbasturias","https:\/\/www.instagram.com\/nachofdezber\/","https:\/\/www.youtube.com\/channel\/UCZP-2wLEB9Rv6erhFmqVnvg"]},{"@type":"WebPage","@id":"https:\/\/candas365.es\/noticias\/alemania-inaugura-muestra-sobre-final-del-mundial-de-1966-en-wembley\/#webpage","url":"https:\/\/candas365.es\/noticias\/alemania-inaugura-muestra-sobre-final-del-mundial-de-1966-en-wembley\/","name":"Alemania inaugura muestra sobre final del Mundial de 1966 en Wembley | Cand\u00e1s 365","description":"Dortmund (Alemania), 1 ago (dpa) - El presidente de la Federaci\u00f3n Alemana de F\u00fatbol (DFB), Reinhard Grindel, inaugur\u00f3 ayer una exposici\u00f3n sobre la emblem\u00e1tica final del Mundial de f\u00fatbol de 1966 en la que Inglaterra se impuso a la selecci\u00f3n germana por 4-2. La inauguraci\u00f3n de la exposici\u00f3n temporal en el Museo del F\u00fatbol en","inLanguage":"es-ES","isPartOf":{"@id":"https:\/\/candas365.es\/noticias\/#website"},"breadcrumb":{"@id":"https:\/\/candas365.es\/noticias\/alemania-inaugura-muestra-sobre-final-del-mundial-de-1966-en-wembley\/#breadcrumblist"},"author":{"@id":"https:\/\/candas365.es\/noticias\/author\/admin\/#author"},"creator":{"@id":"https:\/\/candas365.es\/noticias\/author\/admin\/#author"},"image":{"@type":"ImageObject","url":"https:\/\/candas365.es\/noticias\/wp-content\/uploads\/2015\/09\/c365noticias.jpg","@id":"https:\/\/candas365.es\/noticias\/alemania-inaugura-muestra-sobre-final-del-mundial-de-1966-en-wembley\/#mainImage","width":655,"height":360},"primaryImageOfPage":{"@id":"https:\/\/candas365.es\/noticias\/alemania-inaugura-muestra-sobre-final-del-mundial-de-1966-en-wembley\/#mainImage"},"datePublished":"2016-08-01T19:12:26+02:00","dateModified":"2016-08-01T19:12:26+02:00"},{"@type":"WebSite","@id":"https:\/\/candas365.es\/noticias\/#website","url":"https:\/\/candas365.es\/noticias\/","name":"Cand\u00e1s 365","alternateName":"Cand\u00e1s 365 Noticias","description":"Actualidad desde Carre\u00f1o para el mundo","inLanguage":"es-ES","publisher":{"@id":"https:\/\/candas365.es\/noticias\/#organization"}}]},"og:locale":"es_ES","og:site_name":"Cand\u00e1s 365","og:type":"article","og:title":"Alemania inaugura muestra sobre final del Mundial de 1966 en Wembley | Cand\u00e1s 365","og:description":"Dortmund (Alemania), 1 ago (dpa) - El presidente de la Federaci\u00f3n Alemana de F\u00fatbol (DFB), Reinhard Grindel, inaugur\u00f3 ayer una exposici\u00f3n sobre la emblem\u00e1tica final del Mundial de f\u00fatbol de 1966 en la que Inglaterra se impuso a la selecci\u00f3n germana por 4-2. La inauguraci\u00f3n de la exposici\u00f3n temporal en el Museo del F\u00fatbol en","og:url":"https:\/\/candas365.es\/noticias\/alemania-inaugura-muestra-sobre-final-del-mundial-de-1966-en-wembley\/","og:image":"https:\/\/candas365.es\/noticias\/wp-content\/uploads\/2015\/09\/c365noticias.jpg","og:image:secure_url":"https:\/\/candas365.es\/noticias\/wp-content\/uploads\/2015\/09\/c365noticias.jpg","og:image:width":655,"og:image:height":360,"article:published_time":"2016-08-01T17:42:26+00:00","article:modified_time":"2016-08-01T17:42:26+00:00","article:publisher":"https:\/\/www.facebook.com\/Nachofdezber","article:author":"https:\/\/www.facebook.com\/carrenoactualidad","twitter:card":"summary_large_image","twitter:site":"@NabercoDigital","twitter:title":"Alemania inaugura muestra sobre final del Mundial de 1966 en Wembley | Cand\u00e1s 365","twitter:description":"Dortmund (Alemania), 1 ago (dpa) - El presidente de la Federaci\u00f3n Alemana de F\u00fatbol (DFB), Reinhard Grindel, inaugur\u00f3 ayer una exposici\u00f3n sobre la emblem\u00e1tica final del Mundial de f\u00fatbol de 1966 en la que Inglaterra se impuso a la selecci\u00f3n germana por 4-2. La inauguraci\u00f3n de la exposici\u00f3n temporal en el Museo del F\u00fatbol en","twitter:creator":"@nbasturias","twitter:image":"https:\/\/candas365.es\/noticias\/wp-content\/uploads\/2015\/09\/c365noticias.jpg","twitter:label1":"Escrito por","twitter:data1":"Cand\u00e1s 365","twitter:label2":"Tiempo de lectura estimado","twitter:data2":"2 minutos"},"aioseo_meta_data":{"post_id":"33043","title":null,"description":null,"keywords":null,"keyphrases":null,"primary_term":null,"canonical_url":null,"og_title":null,"og_description":null,"og_object_type":"default","og_image_type":"default","og_image_url":null,"og_image_width":null,"og_image_height":null,"og_image_custom_url":null,"og_image_custom_fields":null,"og_video":null,"og_custom_url":null,"og_article_section":null,"og_article_tags":null,"twitter_use_og":false,"twitter_card":"default","twitter_image_type":"default","twitter_image_url":null,"twitter_image_custom_url":null,"twitter_image_custom_fields":null,"twitter_title":null,"twitter_description":null,"schema":{"blockGraphs":[],"customGraphs":[],"default":{"data":{"Article":[],"Course":[],"Dataset":[],"FAQPage":[],"Movie":[],"Person":[],"Product":[],"ProductReview":[],"Car":[],"Recipe":[],"Service":[],"SoftwareApplication":[],"WebPage":[]},"graphName":"","isEnabled":true},"graphs":[],"defaultGraph":"","defaultPostTypeGraph":""},"schema_type":null,"schema_type_options":null,"pillar_content":false,"robots_default":true,"robots_noindex":false,"robots_noarchive":false,"robots_nosnippet":false,"robots_nofollow":false,"robots_noimageindex":false,"robots_noodp":false,"robots_notranslate":false,"robots_max_snippet":null,"robots_max_videopreview":null,"robots_max_imagepreview":"large","priority":null,"frequency":null,"location":null,"local_seo":null,"seo_analyzer_scan_date":"2025-08-24 16:18:19","breadcrumb_settings":null,"limit_modified_date":false,"reviewed_by":null,"open_ai":null,"ai":null,"created":"2020-12-21 13:05:48","updated":"2025-08-24 16:18:19"},"aioseo_breadcrumb":"<div class=\"aioseo-breadcrumbs\"><span class=\"aioseo-breadcrumb\">\n\t<a href=\"https:\/\/candas365.es\/noticias\" title=\"Home\">Home<\/a>\n<\/span><span class=\"aioseo-breadcrumb-separator\">&ndash;<\/span><span class=\"aioseo-breadcrumb\">\n\t<a href=\"https:\/\/candas365.es\/noticias\/category\/actualidad\/\" title=\"Actualidad\">Actualidad<\/a>\n<\/span><span class=\"aioseo-breadcrumb-separator\">&ndash;<\/span><span class=\"aioseo-breadcrumb\">\n\tAlemania inaugura muestra sobre final del Mundial de 1966 en Wembley\n<\/span><\/div>","aioseo_breadcrumb_json":[{"label":"Home","link":"https:\/\/candas365.es\/noticias"},{"label":"Actualidad","link":"https:\/\/candas365.es\/noticias\/category\/actualidad\/"},{"label":"Alemania inaugura muestra sobre final del Mundial de 1966 en Wembley","link":"https:\/\/candas365.es\/noticias\/alemania-inaugura-muestra-sobre-final-del-mundial-de-1966-en-wembley\/"}],"_links":{"self":[{"href":"https:\/\/candas365.es\/noticias\/wp-json\/wp\/v2\/posts\/33043","targetHints":{"allow":["GET"]}}],"collection":[{"href":"https:\/\/candas365.es\/noticias\/wp-json\/wp\/v2\/posts"}],"about":[{"href":"https:\/\/candas365.es\/noticias\/wp-json\/wp\/v2\/types\/post"}],"author":[{"embeddable":true,"href":"https:\/\/candas365.es\/noticias\/wp-json\/wp\/v2\/users\/1"}],"replies":[{"embeddable":true,"href":"https:\/\/candas365.es\/noticias\/wp-json\/wp\/v2\/comments?post=33043"}],"version-history":[{"count":0,"href":"https:\/\/candas365.es\/noticias\/wp-json\/wp\/v2\/posts\/33043\/revisions"}],"wp:featuredmedia":[{"embeddable":true,"href":"https:\/\/candas365.es\/noticias\/wp-json\/wp\/v2\/media\/16457"}],"wp:attachment":[{"href":"https:\/\/candas365.es\/noticias\/wp-json\/wp\/v2\/media?parent=33043"}],"wp:term":[{"taxonomy":"category","embeddable":true,"href":"https:\/\/candas365.es\/noticias\/wp-json\/wp\/v2\/categories?post=33043"},{"taxonomy":"post_tag","embeddable":true,"href":"https:\/\/candas365.es\/noticias\/wp-json\/wp\/v2\/tags?post=33043"}],"curies":[{"name":"wp","href":"https:\/\/api.w.org\/{rel}","templated":true}]}}