{"id":33041,"date":"2016-08-01T19:11:39","date_gmt":"2016-08-01T17:41:39","guid":{"rendered":"http:\/\/candas365.es\/noticias\/?p=33041"},"modified":"2016-08-01T19:11:39","modified_gmt":"2016-08-01T17:41:39","slug":"alemania-recuerda-a-las-victimas-del-ataque-de-munich","status":"publish","type":"post","link":"https:\/\/candas365.es\/noticias\/alemania-recuerda-a-las-victimas-del-ataque-de-munich\/","title":{"rendered":"Alemania recuerda a las v\u00edctimas del ataque de M\u00fanich"},"content":{"rendered":"<p>M\u00fanich, 31 jul (dpa) &#8211; Alemania record\u00f3 hoy con una misa en la Frauenkirche (Catedral de Nuestra Se\u00f1ora) de M\u00fanich a las v\u00edctimas del ataque del estudiante germano-iran\u00ed que asesin\u00f3 la semana pasada en la capital b\u00e1vara a nueve personas antes de suicidarse.<\/p>\n<p>La ceremonia, a la que acudieron la canciller alemana, Angela Merkel, y el presidente federal, Joachim Gauck, junto con el ministro de Interior, Thomas de Maizi\u00e8re, y el primer ministro b\u00e1varo, Horst Seehofer, para acompa\u00f1ar a los familiares de las v\u00edctimas, fue conducida por el cardenal de M\u00fanich y arzobispo, Reinhard Marx, as\u00ed como por el obispo Heinrich Bedford-Strohm. <\/p>\n<p>Debido a que siete de los muertos eran musulmanes, estuvo presente una representante del islam encargada de una oraci\u00f3n. Tambi\u00e9n miembros de otras iglesias cristianas y de la comunidad jud\u00eda estuvieron presentes. <\/p>\n<p>\u00abAl\u00e1, te pedimos que nos ayudes a no perder nuestra humanidad\u00bb, afirm\u00f3 Dhari Hajer, del consejo de musulmanes de M\u00fanich. <\/p>\n<p>Todas las personas son hijos de Ad\u00e1n, independientemente de su nacionalidad, religi\u00f3n o color de piel, indic\u00f3 al mismo tiempo que record\u00f3 el Cor\u00e1n: \u00abQuien mate a una persona ser\u00e1 como si matara a todas las personas\u00bb. \u00abProtege a esta bella ciudad y a sus habitantes, protege a Alemania\u00bb, apel\u00f3 a Al\u00e1. <\/p>\n<p>Por su parte, el cardenal Marx se\u00f1al\u00f3 que lo que ahora se impone es la reconciliaci\u00f3n, no la separaci\u00f3n. Hay que tener en mente lo que nos une con independencia de la religi\u00f3n o el or\u00edgen, indic\u00f3. \u00abLo que nos une es que somos personas\u00bb, agreg\u00f3. <\/p>\n<p>Para Bedford-Strohm, el ataque ha dejado claro la necesidad de contar con una nueva confianza en Dios. \u00abUna confianza que nos lleve desde la par\u00e1lisis a una libertad\u00bb, afirm\u00f3. Asimismo, record\u00f3 la reacci\u00f3n de la gente ante el ataque y su disposici\u00f3n a ayudar a los dem\u00e1s. \u00abOdio y violencia no se impondr\u00e1n en nuestros corazones mientras la gente est\u00e9 ah\u00ed para los dem\u00e1s\u00bb, agreg\u00f3. <\/p>\n<p>Posteriormente, una vez concluido el acto religioso, la plana pol\u00edtica se dirigi\u00f3 a un acto organizado en el Parlamento de Baviera, al que estaban invitados los familiares de las nueve v\u00edctimas. <\/p>\n<p>\u00abNo nos obligar\u00e1n a odiar como ellos odian. No nos mantendr\u00e1n en el cautiverio del miedo. Seguiremos siendo como somos: una sociedad humana y solidaria\u00bb, afirm\u00f3 Gauck en el Parlamento b\u00e1varo, de acuerdo con un escrito proporcionado por la presidencia. <\/p>\n<p>Gauck reconoci\u00f3 que no existe protecci\u00f3n absoluta alguna contra los atacantes. \u00abSin embargo, una alianza de \u00f3rganos del Estado y ciudadanos atentos y m\u00e1s activos sigue siendo el mejor seguro\u00bb, declar\u00f3. <\/p>\n<p>El 22 de julio, a alrededor de las seis de la tarde, el joven de 18 a\u00f1os abri\u00f3 fuego en las inmediaciones de un restaurante de comida r\u00e1pida situado frente al centro comercial Olympia de la capital b\u00e1vara. Mat\u00f3 a nueve personas, en su mayor\u00eda j\u00f3venes, para a continuaci\u00f3n quitarse la vida delante la polic\u00eda. <\/p>\n","protected":false},"excerpt":{"rendered":"<p>M\u00fanich, 31 jul (dpa) &#8211; Alemania record\u00f3 hoy con una misa en la Frauenkirche (Catedral de Nuestra Se\u00f1ora) de M\u00fanich a las v\u00edctimas del ataque del estudiante germano-iran\u00ed que asesin\u00f3 la semana pasada en la capital b\u00e1vara a nueve personas antes de suicidarse. La ceremonia, a la que acudieron la canciller alemana, Angela Merkel, y<\/p>\n","protected":false},"author":1,"featured_media":16457,"comment_status":"closed","ping_status":"closed","sticky":false,"template":"","format":"standard","meta":{"footnotes":""},"categories":[343],"tags":[],"class_list":{"0":"post-33041","1":"post","2":"type-post","3":"status-publish","4":"format-standard","5":"has-post-thumbnail","7":"category-actualidad"},"aioseo_notices":[],"aioseo_head":"\n\t\t<!-- All in One SEO Pro 4.9.6.2 - aioseo.com -->\n\t<meta name=\"description\" content=\"M\u00fanich, 31 jul (dpa) - Alemania record\u00f3 hoy con una misa en la Frauenkirche (Catedral de Nuestra Se\u00f1ora) de M\u00fanich a las v\u00edctimas del ataque del estudiante germano-iran\u00ed que asesin\u00f3 la semana pasada en la capital b\u00e1vara a nueve personas antes de suicidarse. La ceremonia, a la que acudieron la canciller alemana, Angela Merkel, y\" \/>\n\t<meta name=\"robots\" content=\"max-image-preview:large\" \/>\n\t<meta name=\"author\" content=\"Cand\u00e1s 365\"\/>\n\t<meta name=\"google-site-verification\" content=\"UA-32230408-1\" \/>\n\t<meta name=\"msvalidate.01\" content=\"354F3CDFB2DA171B47FBE9ABF1F88D5\" \/>\n\t<meta name=\"keywords\" content=\"actualidad\" \/>\n\t<link rel=\"canonical\" href=\"https:\/\/candas365.es\/noticias\/alemania-recuerda-a-las-victimas-del-ataque-de-munich\/\" \/>\n\t<meta name=\"generator\" content=\"All in One SEO Pro (AIOSEO) 4.9.6.2\" \/>\n\t\t<meta property=\"og:locale\" content=\"es_ES\" \/>\n\t\t<meta property=\"og:site_name\" content=\"Cand\u00e1s 365\" \/>\n\t\t<meta property=\"og:type\" content=\"article\" \/>\n\t\t<meta property=\"og:title\" content=\"Alemania recuerda a las v\u00edctimas del ataque de M\u00fanich | Cand\u00e1s 365\" \/>\n\t\t<meta property=\"og:description\" content=\"M\u00fanich, 31 jul (dpa) - Alemania record\u00f3 hoy con una misa en la Frauenkirche (Catedral de Nuestra Se\u00f1ora) de M\u00fanich a las v\u00edctimas del ataque del estudiante germano-iran\u00ed que asesin\u00f3 la semana pasada en la capital b\u00e1vara a nueve personas antes de suicidarse. La ceremonia, a la que acudieron la canciller alemana, Angela Merkel, y\" \/>\n\t\t<meta property=\"og:url\" content=\"https:\/\/candas365.es\/noticias\/alemania-recuerda-a-las-victimas-del-ataque-de-munich\/\" \/>\n\t\t<meta property=\"og:image\" content=\"https:\/\/candas365.es\/noticias\/wp-content\/uploads\/2015\/09\/c365noticias.jpg\" \/>\n\t\t<meta property=\"og:image:secure_url\" content=\"https:\/\/candas365.es\/noticias\/wp-content\/uploads\/2015\/09\/c365noticias.jpg\" \/>\n\t\t<meta property=\"og:image:width\" content=\"655\" \/>\n\t\t<meta property=\"og:image:height\" content=\"360\" \/>\n\t\t<meta property=\"article:published_time\" content=\"2016-08-01T17:41:39+00:00\" \/>\n\t\t<meta property=\"article:modified_time\" content=\"2016-08-01T17:41:39+00:00\" \/>\n\t\t<meta property=\"article:publisher\" content=\"https:\/\/www.facebook.com\/Nachofdezber\" \/>\n\t\t<meta property=\"article:author\" content=\"https:\/\/www.facebook.com\/carrenoactualidad\" \/>\n\t\t<meta name=\"twitter:card\" content=\"summary_large_image\" \/>\n\t\t<meta name=\"twitter:site\" content=\"@NabercoDigital\" \/>\n\t\t<meta name=\"twitter:title\" content=\"Alemania recuerda a las v\u00edctimas del ataque de M\u00fanich | Cand\u00e1s 365\" \/>\n\t\t<meta name=\"twitter:description\" content=\"M\u00fanich, 31 jul (dpa) - Alemania record\u00f3 hoy con una misa en la Frauenkirche (Catedral de Nuestra Se\u00f1ora) de M\u00fanich a las v\u00edctimas del ataque del estudiante germano-iran\u00ed que asesin\u00f3 la semana pasada en la capital b\u00e1vara a nueve personas antes de suicidarse. La ceremonia, a la que acudieron la canciller alemana, Angela Merkel, y\" \/>\n\t\t<meta name=\"twitter:creator\" content=\"@nbasturias\" \/>\n\t\t<meta name=\"twitter:image\" content=\"https:\/\/candas365.es\/noticias\/wp-content\/uploads\/2015\/09\/c365noticias.jpg\" \/>\n\t\t<meta name=\"twitter:label1\" content=\"Escrito por\" \/>\n\t\t<meta name=\"twitter:data1\" content=\"Cand\u00e1s 365\" \/>\n\t\t<meta name=\"twitter:label2\" content=\"Tiempo de lectura estimado\" \/>\n\t\t<meta name=\"twitter:data2\" content=\"3 minutos\" \/>\n\t\t<script type=\"application\/ld+json\" class=\"aioseo-schema\">\n\t\t\t{\"@context\":\"https:\\\/\\\/schema.org\",\"@graph\":[{\"@type\":\"BreadcrumbList\",\"@id\":\"https:\\\/\\\/candas365.es\\\/noticias\\\/alemania-recuerda-a-las-victimas-del-ataque-de-munich\\\/#breadcrumblist\",\"itemListElement\":[{\"@type\":\"ListItem\",\"@id\":\"https:\\\/\\\/candas365.es\\\/noticias#listItem\",\"position\":1,\"name\":\"Home\",\"item\":\"https:\\\/\\\/candas365.es\\\/noticias\",\"nextItem\":{\"@type\":\"ListItem\",\"@id\":\"https:\\\/\\\/candas365.es\\\/noticias\\\/category\\\/actualidad\\\/#listItem\",\"name\":\"Actualidad\"}},{\"@type\":\"ListItem\",\"@id\":\"https:\\\/\\\/candas365.es\\\/noticias\\\/category\\\/actualidad\\\/#listItem\",\"position\":2,\"name\":\"Actualidad\",\"item\":\"https:\\\/\\\/candas365.es\\\/noticias\\\/category\\\/actualidad\\\/\",\"nextItem\":{\"@type\":\"ListItem\",\"@id\":\"https:\\\/\\\/candas365.es\\\/noticias\\\/alemania-recuerda-a-las-victimas-del-ataque-de-munich\\\/#listItem\",\"name\":\"Alemania recuerda a las v\\u00edctimas del ataque de M\\u00fanich\"},\"previousItem\":{\"@type\":\"ListItem\",\"@id\":\"https:\\\/\\\/candas365.es\\\/noticias#listItem\",\"name\":\"Home\"}},{\"@type\":\"ListItem\",\"@id\":\"https:\\\/\\\/candas365.es\\\/noticias\\\/alemania-recuerda-a-las-victimas-del-ataque-de-munich\\\/#listItem\",\"position\":3,\"name\":\"Alemania recuerda a las v\\u00edctimas del ataque de M\\u00fanich\",\"previousItem\":{\"@type\":\"ListItem\",\"@id\":\"https:\\\/\\\/candas365.es\\\/noticias\\\/category\\\/actualidad\\\/#listItem\",\"name\":\"Actualidad\"}}]},{\"@type\":\"NewsArticle\",\"@id\":\"https:\\\/\\\/candas365.es\\\/noticias\\\/alemania-recuerda-a-las-victimas-del-ataque-de-munich\\\/#newsarticle\",\"name\":\"Alemania recuerda a las v\\u00edctimas del ataque de M\\u00fanich | Cand\\u00e1s 365\",\"headline\":\"Alemania recuerda a las v\\u00edctimas del ataque de M\\u00fanich\",\"author\":{\"@id\":\"https:\\\/\\\/candas365.es\\\/noticias\\\/author\\\/admin\\\/#author\"},\"publisher\":{\"@id\":\"https:\\\/\\\/candas365.es\\\/noticias\\\/#organization\"},\"image\":{\"@type\":\"ImageObject\",\"url\":\"https:\\\/\\\/candas365.es\\\/noticias\\\/wp-content\\\/uploads\\\/2015\\\/09\\\/c365noticias.jpg\",\"width\":655,\"height\":360},\"datePublished\":\"2016-08-01T19:11:39+02:00\",\"dateModified\":\"2016-08-01T19:11:39+02:00\",\"inLanguage\":\"es-ES\",\"mainEntityOfPage\":{\"@id\":\"https:\\\/\\\/candas365.es\\\/noticias\\\/alemania-recuerda-a-las-victimas-del-ataque-de-munich\\\/#webpage\"},\"isPartOf\":{\"@id\":\"https:\\\/\\\/candas365.es\\\/noticias\\\/alemania-recuerda-a-las-victimas-del-ataque-de-munich\\\/#webpage\"},\"articleSection\":\"Actualidad\",\"dateline\":\"Publicado el agosto 1, 2016.\"},{\"@type\":\"Organization\",\"@id\":\"https:\\\/\\\/candas365.es\\\/noticias\\\/#organization\",\"name\":\"Cand\\u00e1s 365\",\"description\":\"Cand\\u00e1s 365 es un diario digital independiente, fundado en 2012, con base en Asturias. Informamos con rigor sobre actualidad, sociedad, cultura y ocio, con una mirada local y global.\",\"url\":\"https:\\\/\\\/candas365.es\\\/noticias\\\/\",\"email\":\"info@candas365.es\",\"telephone\":\"+34652131393\",\"foundingDate\":\"2012-06-10\",\"logo\":{\"@type\":\"ImageObject\",\"url\":\"https:\\\/\\\/candas365.es\\\/noticias\\\/wp-content\\\/uploads\\\/2024\\\/09\\\/Candas-365-Redes.jpg\",\"@id\":\"https:\\\/\\\/candas365.es\\\/noticias\\\/alemania-recuerda-a-las-victimas-del-ataque-de-munich\\\/#organizationLogo\",\"width\":1152,\"height\":864,\"caption\":\"Cand\\u00e1s 365 Redes\"},\"image\":{\"@id\":\"https:\\\/\\\/candas365.es\\\/noticias\\\/alemania-recuerda-a-las-victimas-del-ataque-de-munich\\\/#organizationLogo\"},\"sameAs\":[\"https:\\\/\\\/www.facebook.com\\\/Nachofdezber\",\"https:\\\/\\\/x.com\\\/NabercoDigital\",\"https:\\\/\\\/www.instagram.com\\\/nachofdezber\\\/\",\"https:\\\/\\\/www.youtube.com\\\/channel\\\/UCZP-2wLEB9Rv6erhFmqVnvg\"],\"address\":{\"@id\":\"https:\\\/\\\/candas365.es\\\/noticias\\\/#postaladdress\",\"@type\":\"PostalAddress\",\"streetAddress\":\"san antonio 4, san antonio 4\",\"postalCode\":\"33430\",\"addressLocality\":\"Cand\\u00e1s\",\"addressRegion\":\"Asturias\",\"addressCountry\":\"ES\"}},{\"@type\":\"Person\",\"@id\":\"https:\\\/\\\/candas365.es\\\/noticias\\\/author\\\/admin\\\/#author\",\"url\":\"https:\\\/\\\/candas365.es\\\/noticias\\\/author\\\/admin\\\/\",\"name\":\"Cand\\u00e1s 365\",\"image\":{\"@type\":\"ImageObject\",\"@id\":\"https:\\\/\\\/candas365.es\\\/noticias\\\/alemania-recuerda-a-las-victimas-del-ataque-de-munich\\\/#authorImage\",\"url\":\"https:\\\/\\\/secure.gravatar.com\\\/avatar\\\/496a8e03d0c493ede1718b7934145dbdf8d89be1036b0eec9544e1094c9de390?s=96&d=mm&r=g\",\"width\":96,\"height\":96,\"caption\":\"Cand\\u00e1s 365\"},\"sameAs\":[\"https:\\\/\\\/www.facebook.com\\\/carrenoactualidad\",\"https:\\\/\\\/twitter.com\\\/nbasturias\",\"https:\\\/\\\/www.instagram.com\\\/nachofdezber\\\/\",\"https:\\\/\\\/www.youtube.com\\\/channel\\\/UCZP-2wLEB9Rv6erhFmqVnvg\"]},{\"@type\":\"WebPage\",\"@id\":\"https:\\\/\\\/candas365.es\\\/noticias\\\/alemania-recuerda-a-las-victimas-del-ataque-de-munich\\\/#webpage\",\"url\":\"https:\\\/\\\/candas365.es\\\/noticias\\\/alemania-recuerda-a-las-victimas-del-ataque-de-munich\\\/\",\"name\":\"Alemania recuerda a las v\\u00edctimas del ataque de M\\u00fanich | Cand\\u00e1s 365\",\"description\":\"M\\u00fanich, 31 jul (dpa) - Alemania record\\u00f3 hoy con una misa en la Frauenkirche (Catedral de Nuestra Se\\u00f1ora) de M\\u00fanich a las v\\u00edctimas del ataque del estudiante germano-iran\\u00ed que asesin\\u00f3 la semana pasada en la capital b\\u00e1vara a nueve personas antes de suicidarse. La ceremonia, a la que acudieron la canciller alemana, Angela Merkel, y\",\"inLanguage\":\"es-ES\",\"isPartOf\":{\"@id\":\"https:\\\/\\\/candas365.es\\\/noticias\\\/#website\"},\"breadcrumb\":{\"@id\":\"https:\\\/\\\/candas365.es\\\/noticias\\\/alemania-recuerda-a-las-victimas-del-ataque-de-munich\\\/#breadcrumblist\"},\"author\":{\"@id\":\"https:\\\/\\\/candas365.es\\\/noticias\\\/author\\\/admin\\\/#author\"},\"creator\":{\"@id\":\"https:\\\/\\\/candas365.es\\\/noticias\\\/author\\\/admin\\\/#author\"},\"image\":{\"@type\":\"ImageObject\",\"url\":\"https:\\\/\\\/candas365.es\\\/noticias\\\/wp-content\\\/uploads\\\/2015\\\/09\\\/c365noticias.jpg\",\"@id\":\"https:\\\/\\\/candas365.es\\\/noticias\\\/alemania-recuerda-a-las-victimas-del-ataque-de-munich\\\/#mainImage\",\"width\":655,\"height\":360},\"primaryImageOfPage\":{\"@id\":\"https:\\\/\\\/candas365.es\\\/noticias\\\/alemania-recuerda-a-las-victimas-del-ataque-de-munich\\\/#mainImage\"},\"datePublished\":\"2016-08-01T19:11:39+02:00\",\"dateModified\":\"2016-08-01T19:11:39+02:00\"},{\"@type\":\"WebSite\",\"@id\":\"https:\\\/\\\/candas365.es\\\/noticias\\\/#website\",\"url\":\"https:\\\/\\\/candas365.es\\\/noticias\\\/\",\"name\":\"Cand\\u00e1s 365\",\"alternateName\":\"Cand\\u00e1s 365 Noticias\",\"description\":\"Actualidad desde Carre\\u00f1o para el mundo\",\"inLanguage\":\"es-ES\",\"publisher\":{\"@id\":\"https:\\\/\\\/candas365.es\\\/noticias\\\/#organization\"}}]}\n\t\t<\/script>\n\t\t<!-- All in One SEO Pro -->\r\n\t\t<title>Alemania recuerda a las v\u00edctimas del ataque de M\u00fanich | Cand\u00e1s 365<\/title>\n\n","aioseo_head_json":{"title":"Alemania recuerda a las v\u00edctimas del ataque de M\u00fanich | Cand\u00e1s 365","description":"M\u00fanich, 31 jul (dpa) - Alemania record\u00f3 hoy con una misa en la Frauenkirche (Catedral de Nuestra Se\u00f1ora) de M\u00fanich a las v\u00edctimas del ataque del estudiante germano-iran\u00ed que asesin\u00f3 la semana pasada en la capital b\u00e1vara a nueve personas antes de suicidarse. La ceremonia, a la que acudieron la canciller alemana, Angela Merkel, y","canonical_url":"https:\/\/candas365.es\/noticias\/alemania-recuerda-a-las-victimas-del-ataque-de-munich\/","robots":"max-image-preview:large","keywords":"actualidad","webmasterTools":{"google-site-verification":"UA-32230408-1","msvalidate.01":"354F3CDFB2DA171B47FBE9ABF1F88D5","miscellaneous":""},"schema":{"@context":"https:\/\/schema.org","@graph":[{"@type":"BreadcrumbList","@id":"https:\/\/candas365.es\/noticias\/alemania-recuerda-a-las-victimas-del-ataque-de-munich\/#breadcrumblist","itemListElement":[{"@type":"ListItem","@id":"https:\/\/candas365.es\/noticias#listItem","position":1,"name":"Home","item":"https:\/\/candas365.es\/noticias","nextItem":{"@type":"ListItem","@id":"https:\/\/candas365.es\/noticias\/category\/actualidad\/#listItem","name":"Actualidad"}},{"@type":"ListItem","@id":"https:\/\/candas365.es\/noticias\/category\/actualidad\/#listItem","position":2,"name":"Actualidad","item":"https:\/\/candas365.es\/noticias\/category\/actualidad\/","nextItem":{"@type":"ListItem","@id":"https:\/\/candas365.es\/noticias\/alemania-recuerda-a-las-victimas-del-ataque-de-munich\/#listItem","name":"Alemania recuerda a las v\u00edctimas del ataque de M\u00fanich"},"previousItem":{"@type":"ListItem","@id":"https:\/\/candas365.es\/noticias#listItem","name":"Home"}},{"@type":"ListItem","@id":"https:\/\/candas365.es\/noticias\/alemania-recuerda-a-las-victimas-del-ataque-de-munich\/#listItem","position":3,"name":"Alemania recuerda a las v\u00edctimas del ataque de M\u00fanich","previousItem":{"@type":"ListItem","@id":"https:\/\/candas365.es\/noticias\/category\/actualidad\/#listItem","name":"Actualidad"}}]},{"@type":"NewsArticle","@id":"https:\/\/candas365.es\/noticias\/alemania-recuerda-a-las-victimas-del-ataque-de-munich\/#newsarticle","name":"Alemania recuerda a las v\u00edctimas del ataque de M\u00fanich | Cand\u00e1s 365","headline":"Alemania recuerda a las v\u00edctimas del ataque de M\u00fanich","author":{"@id":"https:\/\/candas365.es\/noticias\/author\/admin\/#author"},"publisher":{"@id":"https:\/\/candas365.es\/noticias\/#organization"},"image":{"@type":"ImageObject","url":"https:\/\/candas365.es\/noticias\/wp-content\/uploads\/2015\/09\/c365noticias.jpg","width":655,"height":360},"datePublished":"2016-08-01T19:11:39+02:00","dateModified":"2016-08-01T19:11:39+02:00","inLanguage":"es-ES","mainEntityOfPage":{"@id":"https:\/\/candas365.es\/noticias\/alemania-recuerda-a-las-victimas-del-ataque-de-munich\/#webpage"},"isPartOf":{"@id":"https:\/\/candas365.es\/noticias\/alemania-recuerda-a-las-victimas-del-ataque-de-munich\/#webpage"},"articleSection":"Actualidad","dateline":"Publicado el agosto 1, 2016."},{"@type":"Organization","@id":"https:\/\/candas365.es\/noticias\/#organization","name":"Cand\u00e1s 365","description":"Cand\u00e1s 365 es un diario digital independiente, fundado en 2012, con base en Asturias. Informamos con rigor sobre actualidad, sociedad, cultura y ocio, con una mirada local y global.","url":"https:\/\/candas365.es\/noticias\/","email":"info@candas365.es","telephone":"+34652131393","foundingDate":"2012-06-10","logo":{"@type":"ImageObject","url":"https:\/\/candas365.es\/noticias\/wp-content\/uploads\/2024\/09\/Candas-365-Redes.jpg","@id":"https:\/\/candas365.es\/noticias\/alemania-recuerda-a-las-victimas-del-ataque-de-munich\/#organizationLogo","width":1152,"height":864,"caption":"Cand\u00e1s 365 Redes"},"image":{"@id":"https:\/\/candas365.es\/noticias\/alemania-recuerda-a-las-victimas-del-ataque-de-munich\/#organizationLogo"},"sameAs":["https:\/\/www.facebook.com\/Nachofdezber","https:\/\/x.com\/NabercoDigital","https:\/\/www.instagram.com\/nachofdezber\/","https:\/\/www.youtube.com\/channel\/UCZP-2wLEB9Rv6erhFmqVnvg"],"address":{"@id":"https:\/\/candas365.es\/noticias\/#postaladdress","@type":"PostalAddress","streetAddress":"san antonio 4, san antonio 4","postalCode":"33430","addressLocality":"Cand\u00e1s","addressRegion":"Asturias","addressCountry":"ES"}},{"@type":"Person","@id":"https:\/\/candas365.es\/noticias\/author\/admin\/#author","url":"https:\/\/candas365.es\/noticias\/author\/admin\/","name":"Cand\u00e1s 365","image":{"@type":"ImageObject","@id":"https:\/\/candas365.es\/noticias\/alemania-recuerda-a-las-victimas-del-ataque-de-munich\/#authorImage","url":"https:\/\/secure.gravatar.com\/avatar\/496a8e03d0c493ede1718b7934145dbdf8d89be1036b0eec9544e1094c9de390?s=96&d=mm&r=g","width":96,"height":96,"caption":"Cand\u00e1s 365"},"sameAs":["https:\/\/www.facebook.com\/carrenoactualidad","https:\/\/twitter.com\/nbasturias","https:\/\/www.instagram.com\/nachofdezber\/","https:\/\/www.youtube.com\/channel\/UCZP-2wLEB9Rv6erhFmqVnvg"]},{"@type":"WebPage","@id":"https:\/\/candas365.es\/noticias\/alemania-recuerda-a-las-victimas-del-ataque-de-munich\/#webpage","url":"https:\/\/candas365.es\/noticias\/alemania-recuerda-a-las-victimas-del-ataque-de-munich\/","name":"Alemania recuerda a las v\u00edctimas del ataque de M\u00fanich | Cand\u00e1s 365","description":"M\u00fanich, 31 jul (dpa) - Alemania record\u00f3 hoy con una misa en la Frauenkirche (Catedral de Nuestra Se\u00f1ora) de M\u00fanich a las v\u00edctimas del ataque del estudiante germano-iran\u00ed que asesin\u00f3 la semana pasada en la capital b\u00e1vara a nueve personas antes de suicidarse. La ceremonia, a la que acudieron la canciller alemana, Angela Merkel, y","inLanguage":"es-ES","isPartOf":{"@id":"https:\/\/candas365.es\/noticias\/#website"},"breadcrumb":{"@id":"https:\/\/candas365.es\/noticias\/alemania-recuerda-a-las-victimas-del-ataque-de-munich\/#breadcrumblist"},"author":{"@id":"https:\/\/candas365.es\/noticias\/author\/admin\/#author"},"creator":{"@id":"https:\/\/candas365.es\/noticias\/author\/admin\/#author"},"image":{"@type":"ImageObject","url":"https:\/\/candas365.es\/noticias\/wp-content\/uploads\/2015\/09\/c365noticias.jpg","@id":"https:\/\/candas365.es\/noticias\/alemania-recuerda-a-las-victimas-del-ataque-de-munich\/#mainImage","width":655,"height":360},"primaryImageOfPage":{"@id":"https:\/\/candas365.es\/noticias\/alemania-recuerda-a-las-victimas-del-ataque-de-munich\/#mainImage"},"datePublished":"2016-08-01T19:11:39+02:00","dateModified":"2016-08-01T19:11:39+02:00"},{"@type":"WebSite","@id":"https:\/\/candas365.es\/noticias\/#website","url":"https:\/\/candas365.es\/noticias\/","name":"Cand\u00e1s 365","alternateName":"Cand\u00e1s 365 Noticias","description":"Actualidad desde Carre\u00f1o para el mundo","inLanguage":"es-ES","publisher":{"@id":"https:\/\/candas365.es\/noticias\/#organization"}}]},"og:locale":"es_ES","og:site_name":"Cand\u00e1s 365","og:type":"article","og:title":"Alemania recuerda a las v\u00edctimas del ataque de M\u00fanich | Cand\u00e1s 365","og:description":"M\u00fanich, 31 jul (dpa) - Alemania record\u00f3 hoy con una misa en la Frauenkirche (Catedral de Nuestra Se\u00f1ora) de M\u00fanich a las v\u00edctimas del ataque del estudiante germano-iran\u00ed que asesin\u00f3 la semana pasada en la capital b\u00e1vara a nueve personas antes de suicidarse. La ceremonia, a la que acudieron la canciller alemana, Angela Merkel, y","og:url":"https:\/\/candas365.es\/noticias\/alemania-recuerda-a-las-victimas-del-ataque-de-munich\/","og:image":"https:\/\/candas365.es\/noticias\/wp-content\/uploads\/2015\/09\/c365noticias.jpg","og:image:secure_url":"https:\/\/candas365.es\/noticias\/wp-content\/uploads\/2015\/09\/c365noticias.jpg","og:image:width":655,"og:image:height":360,"article:published_time":"2016-08-01T17:41:39+00:00","article:modified_time":"2016-08-01T17:41:39+00:00","article:publisher":"https:\/\/www.facebook.com\/Nachofdezber","article:author":"https:\/\/www.facebook.com\/carrenoactualidad","twitter:card":"summary_large_image","twitter:site":"@NabercoDigital","twitter:title":"Alemania recuerda a las v\u00edctimas del ataque de M\u00fanich | Cand\u00e1s 365","twitter:description":"M\u00fanich, 31 jul (dpa) - Alemania record\u00f3 hoy con una misa en la Frauenkirche (Catedral de Nuestra Se\u00f1ora) de M\u00fanich a las v\u00edctimas del ataque del estudiante germano-iran\u00ed que asesin\u00f3 la semana pasada en la capital b\u00e1vara a nueve personas antes de suicidarse. La ceremonia, a la que acudieron la canciller alemana, Angela Merkel, y","twitter:creator":"@nbasturias","twitter:image":"https:\/\/candas365.es\/noticias\/wp-content\/uploads\/2015\/09\/c365noticias.jpg","twitter:label1":"Escrito por","twitter:data1":"Cand\u00e1s 365","twitter:label2":"Tiempo de lectura estimado","twitter:data2":"3 minutos"},"aioseo_meta_data":{"post_id":"33041","title":null,"description":null,"keywords":null,"keyphrases":null,"primary_term":null,"canonical_url":null,"og_title":null,"og_description":null,"og_object_type":"default","og_image_type":"default","og_image_url":null,"og_image_width":null,"og_image_height":null,"og_image_custom_url":null,"og_image_custom_fields":null,"og_video":null,"og_custom_url":null,"og_article_section":null,"og_article_tags":null,"twitter_use_og":false,"twitter_card":"default","twitter_image_type":"default","twitter_image_url":null,"twitter_image_custom_url":null,"twitter_image_custom_fields":null,"twitter_title":null,"twitter_description":null,"schema":{"blockGraphs":[],"customGraphs":[],"default":{"data":{"Article":[],"Course":[],"Dataset":[],"FAQPage":[],"Movie":[],"Person":[],"Product":[],"ProductReview":[],"Car":[],"Recipe":[],"Service":[],"SoftwareApplication":[],"WebPage":[]},"graphName":"","isEnabled":true},"graphs":[],"defaultGraph":"","defaultPostTypeGraph":""},"schema_type":null,"schema_type_options":null,"pillar_content":false,"robots_default":true,"robots_noindex":false,"robots_noarchive":false,"robots_nosnippet":false,"robots_nofollow":false,"robots_noimageindex":false,"robots_noodp":false,"robots_notranslate":false,"robots_max_snippet":null,"robots_max_videopreview":null,"robots_max_imagepreview":"large","priority":null,"frequency":null,"location":null,"local_seo":null,"seo_analyzer_scan_date":"2025-08-24 16:18:18","breadcrumb_settings":null,"limit_modified_date":false,"reviewed_by":null,"open_ai":null,"ai":null,"created":"2020-12-21 13:05:48","updated":"2025-08-24 16:18:18"},"aioseo_breadcrumb":"<div class=\"aioseo-breadcrumbs\"><span class=\"aioseo-breadcrumb\">\n\t<a href=\"https:\/\/candas365.es\/noticias\" title=\"Home\">Home<\/a>\n<\/span><span class=\"aioseo-breadcrumb-separator\">&ndash;<\/span><span class=\"aioseo-breadcrumb\">\n\t<a href=\"https:\/\/candas365.es\/noticias\/category\/actualidad\/\" title=\"Actualidad\">Actualidad<\/a>\n<\/span><span class=\"aioseo-breadcrumb-separator\">&ndash;<\/span><span class=\"aioseo-breadcrumb\">\n\tAlemania recuerda a las v\u00edctimas del ataque de M\u00fanich\n<\/span><\/div>","aioseo_breadcrumb_json":[{"label":"Home","link":"https:\/\/candas365.es\/noticias"},{"label":"Actualidad","link":"https:\/\/candas365.es\/noticias\/category\/actualidad\/"},{"label":"Alemania recuerda a las v\u00edctimas del ataque de M\u00fanich","link":"https:\/\/candas365.es\/noticias\/alemania-recuerda-a-las-victimas-del-ataque-de-munich\/"}],"_links":{"self":[{"href":"https:\/\/candas365.es\/noticias\/wp-json\/wp\/v2\/posts\/33041","targetHints":{"allow":["GET"]}}],"collection":[{"href":"https:\/\/candas365.es\/noticias\/wp-json\/wp\/v2\/posts"}],"about":[{"href":"https:\/\/candas365.es\/noticias\/wp-json\/wp\/v2\/types\/post"}],"author":[{"embeddable":true,"href":"https:\/\/candas365.es\/noticias\/wp-json\/wp\/v2\/users\/1"}],"replies":[{"embeddable":true,"href":"https:\/\/candas365.es\/noticias\/wp-json\/wp\/v2\/comments?post=33041"}],"version-history":[{"count":0,"href":"https:\/\/candas365.es\/noticias\/wp-json\/wp\/v2\/posts\/33041\/revisions"}],"wp:featuredmedia":[{"embeddable":true,"href":"https:\/\/candas365.es\/noticias\/wp-json\/wp\/v2\/media\/16457"}],"wp:attachment":[{"href":"https:\/\/candas365.es\/noticias\/wp-json\/wp\/v2\/media?parent=33041"}],"wp:term":[{"taxonomy":"category","embeddable":true,"href":"https:\/\/candas365.es\/noticias\/wp-json\/wp\/v2\/categories?post=33041"},{"taxonomy":"post_tag","embeddable":true,"href":"https:\/\/candas365.es\/noticias\/wp-json\/wp\/v2\/tags?post=33041"}],"curies":[{"name":"wp","href":"https:\/\/api.w.org\/{rel}","templated":true}]}}