{"id":33039,"date":"2016-08-01T19:10:52","date_gmt":"2016-08-01T17:40:52","guid":{"rendered":"http:\/\/candas365.es\/noticias\/?p=33039"},"modified":"2016-08-01T19:10:52","modified_gmt":"2016-08-01T17:40:52","slug":"miles-de-manifestantes-a-favor-de-erdogan-en-alemania-es-un-heroe","status":"publish","type":"post","link":"https:\/\/candas365.es\/noticias\/miles-de-manifestantes-a-favor-de-erdogan-en-alemania-es-un-heroe\/","title":{"rendered":"Miles de manifestantes a favor de Erdogan en Alemania: \u00abEs un h\u00e9roe\u00bb"},"content":{"rendered":"<p><img fetchpriority=\"high\" decoding=\"async\" class=\"alignleft size-medium wp-image-16457\" src=\"https:\/\/candas365.es\/noticias\/wp-content\/uploads\/2015\/09\/c365noticias-360x198.jpg\" alt=\"c365noticias\" width=\"360\" height=\"198\" srcset=\"https:\/\/candas365.es\/noticias\/wp-content\/uploads\/2015\/09\/c365noticias-360x198.jpg 360w, https:\/\/candas365.es\/noticias\/wp-content\/uploads\/2015\/09\/c365noticias-650x357.jpg 650w, https:\/\/candas365.es\/noticias\/wp-content\/uploads\/2015\/09\/c365noticias-150x82.jpg 150w, https:\/\/candas365.es\/noticias\/wp-content\/uploads\/2015\/09\/c365noticias-450x247.jpg 450w, https:\/\/candas365.es\/noticias\/wp-content\/uploads\/2015\/09\/c365noticias.jpg 655w\" sizes=\"(max-width: 360px) 100vw, 360px\" \/>Colonia (Alemania), 31 jul (dpa) &#8211; Un mar de banderas rojas con la media luna, numerosas personas envueltas en la bandera nacional turca: cerca de 20.000 personas tomaron hoy las calles de la ciudad alemana de Colonia para mostrar su apoyo al presidente turco, Recep Tayyip Erdogan, y su repulsa al fallido golpe de Estado.<\/p>\n<p>La lluvia no amedrent\u00f3 a los participantes, la mayor\u00eda de origen turco, en la manifestaci\u00f3n organizada por la Uni\u00f3n de Dem\u00f3cratas Turcos Europeos (UETD) bajo el lema \u00abS\u00ed a la democracia. No al golpe\u00bb.<\/p>\n<p>Los himnos de Alemania y Turqu\u00eda sonaron en la ciudad situada en el oeste del pa\u00eds y los presentes guardaron un minuto de silencio por las v\u00edctimas del fallido golpe en Turqu\u00eda y tambi\u00e9n por los muertos en los ataques registrados en Alemania y Francia.<\/p>\n<p>Sin embargo, en el centro de todo se encontraba Erdogan, que respondi\u00f3 al conato de golpe de Estado de mediados de julio con detenciones y despidos masivos en las Fuerzas Armadas, la Justicia, la administraci\u00f3n p\u00fablica, escuelas y universidades y dispuso tambi\u00e9n el cierre de numerosos medios de informaci\u00f3n.<\/p>\n<p>Cabuk Kenan, uno de los manifestantes, cree que est\u00e1 haciendo lo correcto. \u00abEst\u00e1 bien que Erdogan tome medidas ahora\u00bb, opin\u00f3 el joven de 29 a\u00f1os que lleg\u00f3 procedente de los Pa\u00edses Bajos. \u00abQueremos mostrar que estamos de su lado y del Gobierno\u00bb, agreg\u00f3.<\/p>\n<p>Tambi\u00e9n Habib Aydin lo ve as\u00ed. \u00abNo veo mal la ola de detenciones. Deb\u00eda hacerse una limpieza. El intento de golpe de Estado se dirigi\u00f3 contra la democracia\u00bb, se\u00f1al\u00f3 el joven de 26 a\u00f1os de Stuttgart. Es un error que los cr\u00edticos y los medios de comunicaci\u00f3n califiquen a Erdogan como un dictador, agreg\u00f3.<\/p>\n<p>Los organizadores hicieron un llamamiento a la cohesi\u00f3n. \u00abHoy se trata de la convivencia pac\u00edfica y armoniosa y del respeto mutuo\u00bb, indic\u00f3 el secretario general de la UETD, B\u00fclent Bilgi.<\/p>\n<p>Sin embargo, Melek Kum, ataviado con una bandera turca y alemana, reconoci\u00f3 estar preocupado por la divisi\u00f3n en la comunidad turca. \u00abDa igual si se es partidario de Erdogan o contrario a \u00e9l, debemos estar todos unidos\u00bb, declar\u00f3 el hombre de 32 a\u00f1os de Krefeld, al norte de Colonia.<\/p>\n<p>La UETD, muy cercana al partido de Erdogan, AKP, intent\u00f3 proyectar en pantalla gigante una conexi\u00f3n con Erdogan, algo que fue prohibido por el Constitucional alem\u00e1n. No obstante, Ankara mand\u00f3 al ministro de Deportes, Akif Cagatay Kilic.<\/p>\n<p>Ya antes del golpe algunos expertos se hab\u00edan mostrado sorprendidos por el \u00ablargo brazo\u00bb del presidente turco en Alemania, donde residen cerca de tres millones de personas con ra\u00edces turcas.<\/p>\n<p>En comparaci\u00f3n con el resto de pa\u00edses europeos, en Alemania es donde Erdogan cuenta con m\u00e1s seguidores, indic\u00f3 el diputado de Renania del Norte Westfalia Serap G\u00fcler. Algo que concuerda con la imagen dada hoy en Colonia. \u00abErdogan es un h\u00e9roe\u00bb se pod\u00eda leer en un cartel.<\/p>\n<p>Pero no todos los habitantes de Colonia mostraron comprensi\u00f3n por la manifestaci\u00f3n. \u00abNo veo bien que la lucha pol\u00edtica en Turqu\u00eda se traslade a Alemania\u00bb, coment\u00f3 Rainer Musculus, residente en la ciudad.<\/p>\n<p>\u00abHe vivido mucho tiempo en Turqu\u00eda. Muchos de mis amigos all\u00ed son cr\u00edticos con Erdogan y tienen mucho miedo ahora. El hecho de que ahora se puedan manifestar aqu\u00ed los seguidores de Erdogan es algo que me resulta muy dif\u00edcil de aceptar\u00bb, opin\u00f3 por su parte Karl Z\u00fchlka.<\/p>\n<p>\u00abNunca se permitir\u00eda una manifestaci\u00f3n a favor de (la canciller alemana Angela) Merkel en Turqu\u00eda. Y por ello es un error la de hoy en Colonia\u00bb, apunt\u00f3 Nele Skipp.<\/p>\n<p>En total, 2.700 polic\u00edas fueron desplegados para velar por la seguridad en la ciudad. Tambi\u00e9n se dispusieron camiones lanzaagua por si surg\u00edan enfrentamientos entre los partidarios de Erdogan y las cuatro contramanifestaciones, una de ellas convocada por el partido de extrema derecha Pro NRW bajo el lema \u00abNing\u00fan homenaje a Erdogan en Alemania: Detener a los aut\u00f3cratas islamistas del B\u00f3sforo\u00bb, que congreg\u00f3 a 250 personas y que fue disuelta por la Polic\u00eda.<\/p>\n<p><span class=\" readonly\" title=\"\"><em>Por Yuriko Wahl-Immel y Christoph Driessen <\/em><\/span><\/p>\n","protected":false},"excerpt":{"rendered":"<p>Colonia (Alemania), 31 jul (dpa) &#8211; Un mar de banderas rojas con la media luna, numerosas personas envueltas en la bandera nacional turca: cerca de 20.000 personas tomaron hoy las calles de la ciudad alemana de Colonia para mostrar su apoyo al presidente turco, Recep Tayyip Erdogan, y su repulsa al fallido golpe de Estado.<\/p>\n","protected":false},"author":1,"featured_media":16457,"comment_status":"closed","ping_status":"closed","sticky":false,"template":"","format":"standard","meta":{"footnotes":""},"categories":[343],"tags":[],"class_list":{"0":"post-33039","1":"post","2":"type-post","3":"status-publish","4":"format-standard","5":"has-post-thumbnail","7":"category-actualidad"},"aioseo_notices":[],"aioseo_head":"\n\t\t<!-- All in One SEO Pro 4.9.6.2 - aioseo.com -->\n\t<meta name=\"description\" content=\"Colonia (Alemania), 31 jul (dpa) - Un mar de banderas rojas con la media luna, numerosas personas envueltas en la bandera nacional turca: cerca de 20.000 personas tomaron hoy las calles de la ciudad alemana de Colonia para mostrar su apoyo al presidente turco, Recep Tayyip Erdogan, y su repulsa al fallido golpe de Estado.\" \/>\n\t<meta name=\"robots\" content=\"max-image-preview:large\" \/>\n\t<meta name=\"author\" content=\"Cand\u00e1s 365\"\/>\n\t<meta name=\"google-site-verification\" content=\"UA-32230408-1\" \/>\n\t<meta name=\"msvalidate.01\" content=\"354F3CDFB2DA171B47FBE9ABF1F88D5\" \/>\n\t<meta name=\"keywords\" content=\"actualidad\" \/>\n\t<link rel=\"canonical\" href=\"https:\/\/candas365.es\/noticias\/miles-de-manifestantes-a-favor-de-erdogan-en-alemania-es-un-heroe\/\" \/>\n\t<meta name=\"generator\" content=\"All in One SEO Pro (AIOSEO) 4.9.6.2\" \/>\n\t\t<meta property=\"og:locale\" content=\"es_ES\" \/>\n\t\t<meta property=\"og:site_name\" content=\"Cand\u00e1s 365\" \/>\n\t\t<meta property=\"og:type\" content=\"article\" \/>\n\t\t<meta property=\"og:title\" content=\"Miles de manifestantes a favor de Erdogan en Alemania: \u00abEs un h\u00e9roe\u00bb | Cand\u00e1s 365\" \/>\n\t\t<meta property=\"og:description\" content=\"Colonia (Alemania), 31 jul (dpa) - Un mar de banderas rojas con la media luna, numerosas personas envueltas en la bandera nacional turca: cerca de 20.000 personas tomaron hoy las calles de la ciudad alemana de Colonia para mostrar su apoyo al presidente turco, Recep Tayyip Erdogan, y su repulsa al fallido golpe de Estado.\" \/>\n\t\t<meta property=\"og:url\" content=\"https:\/\/candas365.es\/noticias\/miles-de-manifestantes-a-favor-de-erdogan-en-alemania-es-un-heroe\/\" \/>\n\t\t<meta property=\"og:image\" content=\"https:\/\/candas365.es\/noticias\/wp-content\/uploads\/2015\/09\/c365noticias.jpg\" \/>\n\t\t<meta property=\"og:image:secure_url\" content=\"https:\/\/candas365.es\/noticias\/wp-content\/uploads\/2015\/09\/c365noticias.jpg\" \/>\n\t\t<meta property=\"og:image:width\" content=\"655\" \/>\n\t\t<meta property=\"og:image:height\" content=\"360\" \/>\n\t\t<meta property=\"article:published_time\" content=\"2016-08-01T17:40:52+00:00\" \/>\n\t\t<meta property=\"article:modified_time\" content=\"2016-08-01T17:40:52+00:00\" \/>\n\t\t<meta property=\"article:publisher\" content=\"https:\/\/www.facebook.com\/Nachofdezber\" \/>\n\t\t<meta property=\"article:author\" content=\"https:\/\/www.facebook.com\/carrenoactualidad\" \/>\n\t\t<meta name=\"twitter:card\" content=\"summary_large_image\" \/>\n\t\t<meta name=\"twitter:site\" content=\"@NabercoDigital\" \/>\n\t\t<meta name=\"twitter:title\" content=\"Miles de manifestantes a favor de Erdogan en Alemania: \u00abEs un h\u00e9roe\u00bb | Cand\u00e1s 365\" \/>\n\t\t<meta name=\"twitter:description\" content=\"Colonia (Alemania), 31 jul (dpa) - Un mar de banderas rojas con la media luna, numerosas personas envueltas en la bandera nacional turca: cerca de 20.000 personas tomaron hoy las calles de la ciudad alemana de Colonia para mostrar su apoyo al presidente turco, Recep Tayyip Erdogan, y su repulsa al fallido golpe de Estado.\" \/>\n\t\t<meta name=\"twitter:creator\" content=\"@nbasturias\" \/>\n\t\t<meta name=\"twitter:image\" content=\"https:\/\/candas365.es\/noticias\/wp-content\/uploads\/2015\/09\/c365noticias.jpg\" \/>\n\t\t<meta name=\"twitter:label1\" content=\"Escrito por\" \/>\n\t\t<meta name=\"twitter:data1\" content=\"Cand\u00e1s 365\" \/>\n\t\t<meta name=\"twitter:label2\" content=\"Tiempo de lectura estimado\" \/>\n\t\t<meta name=\"twitter:data2\" content=\"4 minutos\" \/>\n\t\t<script type=\"application\/ld+json\" class=\"aioseo-schema\">\n\t\t\t{\"@context\":\"https:\\\/\\\/schema.org\",\"@graph\":[{\"@type\":\"BreadcrumbList\",\"@id\":\"https:\\\/\\\/candas365.es\\\/noticias\\\/miles-de-manifestantes-a-favor-de-erdogan-en-alemania-es-un-heroe\\\/#breadcrumblist\",\"itemListElement\":[{\"@type\":\"ListItem\",\"@id\":\"https:\\\/\\\/candas365.es\\\/noticias#listItem\",\"position\":1,\"name\":\"Home\",\"item\":\"https:\\\/\\\/candas365.es\\\/noticias\",\"nextItem\":{\"@type\":\"ListItem\",\"@id\":\"https:\\\/\\\/candas365.es\\\/noticias\\\/category\\\/actualidad\\\/#listItem\",\"name\":\"Actualidad\"}},{\"@type\":\"ListItem\",\"@id\":\"https:\\\/\\\/candas365.es\\\/noticias\\\/category\\\/actualidad\\\/#listItem\",\"position\":2,\"name\":\"Actualidad\",\"item\":\"https:\\\/\\\/candas365.es\\\/noticias\\\/category\\\/actualidad\\\/\",\"nextItem\":{\"@type\":\"ListItem\",\"@id\":\"https:\\\/\\\/candas365.es\\\/noticias\\\/miles-de-manifestantes-a-favor-de-erdogan-en-alemania-es-un-heroe\\\/#listItem\",\"name\":\"Miles de manifestantes a favor de Erdogan en Alemania: \\u00abEs un h\\u00e9roe\\u00bb\"},\"previousItem\":{\"@type\":\"ListItem\",\"@id\":\"https:\\\/\\\/candas365.es\\\/noticias#listItem\",\"name\":\"Home\"}},{\"@type\":\"ListItem\",\"@id\":\"https:\\\/\\\/candas365.es\\\/noticias\\\/miles-de-manifestantes-a-favor-de-erdogan-en-alemania-es-un-heroe\\\/#listItem\",\"position\":3,\"name\":\"Miles de manifestantes a favor de Erdogan en Alemania: \\u00abEs un h\\u00e9roe\\u00bb\",\"previousItem\":{\"@type\":\"ListItem\",\"@id\":\"https:\\\/\\\/candas365.es\\\/noticias\\\/category\\\/actualidad\\\/#listItem\",\"name\":\"Actualidad\"}}]},{\"@type\":\"NewsArticle\",\"@id\":\"https:\\\/\\\/candas365.es\\\/noticias\\\/miles-de-manifestantes-a-favor-de-erdogan-en-alemania-es-un-heroe\\\/#newsarticle\",\"name\":\"Miles de manifestantes a favor de Erdogan en Alemania: \\u00abEs un h\\u00e9roe\\u00bb | Cand\\u00e1s 365\",\"headline\":\"Miles de manifestantes a favor de Erdogan en Alemania: \\u00abEs un h\\u00e9roe\\u00bb\",\"author\":{\"@id\":\"https:\\\/\\\/candas365.es\\\/noticias\\\/author\\\/admin\\\/#author\"},\"publisher\":{\"@id\":\"https:\\\/\\\/candas365.es\\\/noticias\\\/#organization\"},\"image\":{\"@type\":\"ImageObject\",\"url\":\"https:\\\/\\\/candas365.es\\\/noticias\\\/wp-content\\\/uploads\\\/2015\\\/09\\\/c365noticias.jpg\",\"width\":655,\"height\":360},\"datePublished\":\"2016-08-01T19:10:52+02:00\",\"dateModified\":\"2016-08-01T19:10:52+02:00\",\"inLanguage\":\"es-ES\",\"mainEntityOfPage\":{\"@id\":\"https:\\\/\\\/candas365.es\\\/noticias\\\/miles-de-manifestantes-a-favor-de-erdogan-en-alemania-es-un-heroe\\\/#webpage\"},\"isPartOf\":{\"@id\":\"https:\\\/\\\/candas365.es\\\/noticias\\\/miles-de-manifestantes-a-favor-de-erdogan-en-alemania-es-un-heroe\\\/#webpage\"},\"articleSection\":\"Actualidad\",\"dateline\":\"Publicado el agosto 1, 2016.\"},{\"@type\":\"Organization\",\"@id\":\"https:\\\/\\\/candas365.es\\\/noticias\\\/#organization\",\"name\":\"Cand\\u00e1s 365\",\"description\":\"Cand\\u00e1s 365 es un diario digital independiente, fundado en 2012, con base en Asturias. Informamos con rigor sobre actualidad, sociedad, cultura y ocio, con una mirada local y global.\",\"url\":\"https:\\\/\\\/candas365.es\\\/noticias\\\/\",\"email\":\"info@candas365.es\",\"telephone\":\"+34652131393\",\"foundingDate\":\"2012-06-10\",\"logo\":{\"@type\":\"ImageObject\",\"url\":\"https:\\\/\\\/candas365.es\\\/noticias\\\/wp-content\\\/uploads\\\/2024\\\/09\\\/Candas-365-Redes.jpg\",\"@id\":\"https:\\\/\\\/candas365.es\\\/noticias\\\/miles-de-manifestantes-a-favor-de-erdogan-en-alemania-es-un-heroe\\\/#organizationLogo\",\"width\":1152,\"height\":864,\"caption\":\"Cand\\u00e1s 365 Redes\"},\"image\":{\"@id\":\"https:\\\/\\\/candas365.es\\\/noticias\\\/miles-de-manifestantes-a-favor-de-erdogan-en-alemania-es-un-heroe\\\/#organizationLogo\"},\"sameAs\":[\"https:\\\/\\\/www.facebook.com\\\/Nachofdezber\",\"https:\\\/\\\/x.com\\\/NabercoDigital\",\"https:\\\/\\\/www.instagram.com\\\/nachofdezber\\\/\",\"https:\\\/\\\/www.youtube.com\\\/channel\\\/UCZP-2wLEB9Rv6erhFmqVnvg\"],\"address\":{\"@id\":\"https:\\\/\\\/candas365.es\\\/noticias\\\/#postaladdress\",\"@type\":\"PostalAddress\",\"streetAddress\":\"san antonio 4, san antonio 4\",\"postalCode\":\"33430\",\"addressLocality\":\"Cand\\u00e1s\",\"addressRegion\":\"Asturias\",\"addressCountry\":\"ES\"}},{\"@type\":\"Person\",\"@id\":\"https:\\\/\\\/candas365.es\\\/noticias\\\/author\\\/admin\\\/#author\",\"url\":\"https:\\\/\\\/candas365.es\\\/noticias\\\/author\\\/admin\\\/\",\"name\":\"Cand\\u00e1s 365\",\"image\":{\"@type\":\"ImageObject\",\"@id\":\"https:\\\/\\\/candas365.es\\\/noticias\\\/miles-de-manifestantes-a-favor-de-erdogan-en-alemania-es-un-heroe\\\/#authorImage\",\"url\":\"https:\\\/\\\/secure.gravatar.com\\\/avatar\\\/496a8e03d0c493ede1718b7934145dbdf8d89be1036b0eec9544e1094c9de390?s=96&d=mm&r=g\",\"width\":96,\"height\":96,\"caption\":\"Cand\\u00e1s 365\"},\"sameAs\":[\"https:\\\/\\\/www.facebook.com\\\/carrenoactualidad\",\"https:\\\/\\\/twitter.com\\\/nbasturias\",\"https:\\\/\\\/www.instagram.com\\\/nachofdezber\\\/\",\"https:\\\/\\\/www.youtube.com\\\/channel\\\/UCZP-2wLEB9Rv6erhFmqVnvg\"]},{\"@type\":\"WebPage\",\"@id\":\"https:\\\/\\\/candas365.es\\\/noticias\\\/miles-de-manifestantes-a-favor-de-erdogan-en-alemania-es-un-heroe\\\/#webpage\",\"url\":\"https:\\\/\\\/candas365.es\\\/noticias\\\/miles-de-manifestantes-a-favor-de-erdogan-en-alemania-es-un-heroe\\\/\",\"name\":\"Miles de manifestantes a favor de Erdogan en Alemania: \\u00abEs un h\\u00e9roe\\u00bb | Cand\\u00e1s 365\",\"description\":\"Colonia (Alemania), 31 jul (dpa) - Un mar de banderas rojas con la media luna, numerosas personas envueltas en la bandera nacional turca: cerca de 20.000 personas tomaron hoy las calles de la ciudad alemana de Colonia para mostrar su apoyo al presidente turco, Recep Tayyip Erdogan, y su repulsa al fallido golpe de Estado.\",\"inLanguage\":\"es-ES\",\"isPartOf\":{\"@id\":\"https:\\\/\\\/candas365.es\\\/noticias\\\/#website\"},\"breadcrumb\":{\"@id\":\"https:\\\/\\\/candas365.es\\\/noticias\\\/miles-de-manifestantes-a-favor-de-erdogan-en-alemania-es-un-heroe\\\/#breadcrumblist\"},\"author\":{\"@id\":\"https:\\\/\\\/candas365.es\\\/noticias\\\/author\\\/admin\\\/#author\"},\"creator\":{\"@id\":\"https:\\\/\\\/candas365.es\\\/noticias\\\/author\\\/admin\\\/#author\"},\"image\":{\"@type\":\"ImageObject\",\"url\":\"https:\\\/\\\/candas365.es\\\/noticias\\\/wp-content\\\/uploads\\\/2015\\\/09\\\/c365noticias.jpg\",\"@id\":\"https:\\\/\\\/candas365.es\\\/noticias\\\/miles-de-manifestantes-a-favor-de-erdogan-en-alemania-es-un-heroe\\\/#mainImage\",\"width\":655,\"height\":360},\"primaryImageOfPage\":{\"@id\":\"https:\\\/\\\/candas365.es\\\/noticias\\\/miles-de-manifestantes-a-favor-de-erdogan-en-alemania-es-un-heroe\\\/#mainImage\"},\"datePublished\":\"2016-08-01T19:10:52+02:00\",\"dateModified\":\"2016-08-01T19:10:52+02:00\"},{\"@type\":\"WebSite\",\"@id\":\"https:\\\/\\\/candas365.es\\\/noticias\\\/#website\",\"url\":\"https:\\\/\\\/candas365.es\\\/noticias\\\/\",\"name\":\"Cand\\u00e1s 365\",\"alternateName\":\"Cand\\u00e1s 365 Noticias\",\"description\":\"Actualidad desde Carre\\u00f1o para el mundo\",\"inLanguage\":\"es-ES\",\"publisher\":{\"@id\":\"https:\\\/\\\/candas365.es\\\/noticias\\\/#organization\"}}]}\n\t\t<\/script>\n\t\t<!-- All in One SEO Pro -->\r\n\t\t<title>Miles de manifestantes a favor de Erdogan en Alemania: \u00abEs un h\u00e9roe\u00bb | Cand\u00e1s 365<\/title>\n\n","aioseo_head_json":{"title":"Miles de manifestantes a favor de Erdogan en Alemania: \u00abEs un h\u00e9roe\u00bb | Cand\u00e1s 365","description":"Colonia (Alemania), 31 jul (dpa) - Un mar de banderas rojas con la media luna, numerosas personas envueltas en la bandera nacional turca: cerca de 20.000 personas tomaron hoy las calles de la ciudad alemana de Colonia para mostrar su apoyo al presidente turco, Recep Tayyip Erdogan, y su repulsa al fallido golpe de Estado.","canonical_url":"https:\/\/candas365.es\/noticias\/miles-de-manifestantes-a-favor-de-erdogan-en-alemania-es-un-heroe\/","robots":"max-image-preview:large","keywords":"actualidad","webmasterTools":{"google-site-verification":"UA-32230408-1","msvalidate.01":"354F3CDFB2DA171B47FBE9ABF1F88D5","miscellaneous":""},"schema":{"@context":"https:\/\/schema.org","@graph":[{"@type":"BreadcrumbList","@id":"https:\/\/candas365.es\/noticias\/miles-de-manifestantes-a-favor-de-erdogan-en-alemania-es-un-heroe\/#breadcrumblist","itemListElement":[{"@type":"ListItem","@id":"https:\/\/candas365.es\/noticias#listItem","position":1,"name":"Home","item":"https:\/\/candas365.es\/noticias","nextItem":{"@type":"ListItem","@id":"https:\/\/candas365.es\/noticias\/category\/actualidad\/#listItem","name":"Actualidad"}},{"@type":"ListItem","@id":"https:\/\/candas365.es\/noticias\/category\/actualidad\/#listItem","position":2,"name":"Actualidad","item":"https:\/\/candas365.es\/noticias\/category\/actualidad\/","nextItem":{"@type":"ListItem","@id":"https:\/\/candas365.es\/noticias\/miles-de-manifestantes-a-favor-de-erdogan-en-alemania-es-un-heroe\/#listItem","name":"Miles de manifestantes a favor de Erdogan en Alemania: \u00abEs un h\u00e9roe\u00bb"},"previousItem":{"@type":"ListItem","@id":"https:\/\/candas365.es\/noticias#listItem","name":"Home"}},{"@type":"ListItem","@id":"https:\/\/candas365.es\/noticias\/miles-de-manifestantes-a-favor-de-erdogan-en-alemania-es-un-heroe\/#listItem","position":3,"name":"Miles de manifestantes a favor de Erdogan en Alemania: \u00abEs un h\u00e9roe\u00bb","previousItem":{"@type":"ListItem","@id":"https:\/\/candas365.es\/noticias\/category\/actualidad\/#listItem","name":"Actualidad"}}]},{"@type":"NewsArticle","@id":"https:\/\/candas365.es\/noticias\/miles-de-manifestantes-a-favor-de-erdogan-en-alemania-es-un-heroe\/#newsarticle","name":"Miles de manifestantes a favor de Erdogan en Alemania: \u00abEs un h\u00e9roe\u00bb | Cand\u00e1s 365","headline":"Miles de manifestantes a favor de Erdogan en Alemania: \u00abEs un h\u00e9roe\u00bb","author":{"@id":"https:\/\/candas365.es\/noticias\/author\/admin\/#author"},"publisher":{"@id":"https:\/\/candas365.es\/noticias\/#organization"},"image":{"@type":"ImageObject","url":"https:\/\/candas365.es\/noticias\/wp-content\/uploads\/2015\/09\/c365noticias.jpg","width":655,"height":360},"datePublished":"2016-08-01T19:10:52+02:00","dateModified":"2016-08-01T19:10:52+02:00","inLanguage":"es-ES","mainEntityOfPage":{"@id":"https:\/\/candas365.es\/noticias\/miles-de-manifestantes-a-favor-de-erdogan-en-alemania-es-un-heroe\/#webpage"},"isPartOf":{"@id":"https:\/\/candas365.es\/noticias\/miles-de-manifestantes-a-favor-de-erdogan-en-alemania-es-un-heroe\/#webpage"},"articleSection":"Actualidad","dateline":"Publicado el agosto 1, 2016."},{"@type":"Organization","@id":"https:\/\/candas365.es\/noticias\/#organization","name":"Cand\u00e1s 365","description":"Cand\u00e1s 365 es un diario digital independiente, fundado en 2012, con base en Asturias. Informamos con rigor sobre actualidad, sociedad, cultura y ocio, con una mirada local y global.","url":"https:\/\/candas365.es\/noticias\/","email":"info@candas365.es","telephone":"+34652131393","foundingDate":"2012-06-10","logo":{"@type":"ImageObject","url":"https:\/\/candas365.es\/noticias\/wp-content\/uploads\/2024\/09\/Candas-365-Redes.jpg","@id":"https:\/\/candas365.es\/noticias\/miles-de-manifestantes-a-favor-de-erdogan-en-alemania-es-un-heroe\/#organizationLogo","width":1152,"height":864,"caption":"Cand\u00e1s 365 Redes"},"image":{"@id":"https:\/\/candas365.es\/noticias\/miles-de-manifestantes-a-favor-de-erdogan-en-alemania-es-un-heroe\/#organizationLogo"},"sameAs":["https:\/\/www.facebook.com\/Nachofdezber","https:\/\/x.com\/NabercoDigital","https:\/\/www.instagram.com\/nachofdezber\/","https:\/\/www.youtube.com\/channel\/UCZP-2wLEB9Rv6erhFmqVnvg"],"address":{"@id":"https:\/\/candas365.es\/noticias\/#postaladdress","@type":"PostalAddress","streetAddress":"san antonio 4, san antonio 4","postalCode":"33430","addressLocality":"Cand\u00e1s","addressRegion":"Asturias","addressCountry":"ES"}},{"@type":"Person","@id":"https:\/\/candas365.es\/noticias\/author\/admin\/#author","url":"https:\/\/candas365.es\/noticias\/author\/admin\/","name":"Cand\u00e1s 365","image":{"@type":"ImageObject","@id":"https:\/\/candas365.es\/noticias\/miles-de-manifestantes-a-favor-de-erdogan-en-alemania-es-un-heroe\/#authorImage","url":"https:\/\/secure.gravatar.com\/avatar\/496a8e03d0c493ede1718b7934145dbdf8d89be1036b0eec9544e1094c9de390?s=96&d=mm&r=g","width":96,"height":96,"caption":"Cand\u00e1s 365"},"sameAs":["https:\/\/www.facebook.com\/carrenoactualidad","https:\/\/twitter.com\/nbasturias","https:\/\/www.instagram.com\/nachofdezber\/","https:\/\/www.youtube.com\/channel\/UCZP-2wLEB9Rv6erhFmqVnvg"]},{"@type":"WebPage","@id":"https:\/\/candas365.es\/noticias\/miles-de-manifestantes-a-favor-de-erdogan-en-alemania-es-un-heroe\/#webpage","url":"https:\/\/candas365.es\/noticias\/miles-de-manifestantes-a-favor-de-erdogan-en-alemania-es-un-heroe\/","name":"Miles de manifestantes a favor de Erdogan en Alemania: \u00abEs un h\u00e9roe\u00bb | Cand\u00e1s 365","description":"Colonia (Alemania), 31 jul (dpa) - Un mar de banderas rojas con la media luna, numerosas personas envueltas en la bandera nacional turca: cerca de 20.000 personas tomaron hoy las calles de la ciudad alemana de Colonia para mostrar su apoyo al presidente turco, Recep Tayyip Erdogan, y su repulsa al fallido golpe de Estado.","inLanguage":"es-ES","isPartOf":{"@id":"https:\/\/candas365.es\/noticias\/#website"},"breadcrumb":{"@id":"https:\/\/candas365.es\/noticias\/miles-de-manifestantes-a-favor-de-erdogan-en-alemania-es-un-heroe\/#breadcrumblist"},"author":{"@id":"https:\/\/candas365.es\/noticias\/author\/admin\/#author"},"creator":{"@id":"https:\/\/candas365.es\/noticias\/author\/admin\/#author"},"image":{"@type":"ImageObject","url":"https:\/\/candas365.es\/noticias\/wp-content\/uploads\/2015\/09\/c365noticias.jpg","@id":"https:\/\/candas365.es\/noticias\/miles-de-manifestantes-a-favor-de-erdogan-en-alemania-es-un-heroe\/#mainImage","width":655,"height":360},"primaryImageOfPage":{"@id":"https:\/\/candas365.es\/noticias\/miles-de-manifestantes-a-favor-de-erdogan-en-alemania-es-un-heroe\/#mainImage"},"datePublished":"2016-08-01T19:10:52+02:00","dateModified":"2016-08-01T19:10:52+02:00"},{"@type":"WebSite","@id":"https:\/\/candas365.es\/noticias\/#website","url":"https:\/\/candas365.es\/noticias\/","name":"Cand\u00e1s 365","alternateName":"Cand\u00e1s 365 Noticias","description":"Actualidad desde Carre\u00f1o para el mundo","inLanguage":"es-ES","publisher":{"@id":"https:\/\/candas365.es\/noticias\/#organization"}}]},"og:locale":"es_ES","og:site_name":"Cand\u00e1s 365","og:type":"article","og:title":"Miles de manifestantes a favor de Erdogan en Alemania: \u00abEs un h\u00e9roe\u00bb | Cand\u00e1s 365","og:description":"Colonia (Alemania), 31 jul (dpa) - Un mar de banderas rojas con la media luna, numerosas personas envueltas en la bandera nacional turca: cerca de 20.000 personas tomaron hoy las calles de la ciudad alemana de Colonia para mostrar su apoyo al presidente turco, Recep Tayyip Erdogan, y su repulsa al fallido golpe de Estado.","og:url":"https:\/\/candas365.es\/noticias\/miles-de-manifestantes-a-favor-de-erdogan-en-alemania-es-un-heroe\/","og:image":"https:\/\/candas365.es\/noticias\/wp-content\/uploads\/2015\/09\/c365noticias.jpg","og:image:secure_url":"https:\/\/candas365.es\/noticias\/wp-content\/uploads\/2015\/09\/c365noticias.jpg","og:image:width":655,"og:image:height":360,"article:published_time":"2016-08-01T17:40:52+00:00","article:modified_time":"2016-08-01T17:40:52+00:00","article:publisher":"https:\/\/www.facebook.com\/Nachofdezber","article:author":"https:\/\/www.facebook.com\/carrenoactualidad","twitter:card":"summary_large_image","twitter:site":"@NabercoDigital","twitter:title":"Miles de manifestantes a favor de Erdogan en Alemania: \u00abEs un h\u00e9roe\u00bb | Cand\u00e1s 365","twitter:description":"Colonia (Alemania), 31 jul (dpa) - Un mar de banderas rojas con la media luna, numerosas personas envueltas en la bandera nacional turca: cerca de 20.000 personas tomaron hoy las calles de la ciudad alemana de Colonia para mostrar su apoyo al presidente turco, Recep Tayyip Erdogan, y su repulsa al fallido golpe de Estado.","twitter:creator":"@nbasturias","twitter:image":"https:\/\/candas365.es\/noticias\/wp-content\/uploads\/2015\/09\/c365noticias.jpg","twitter:label1":"Escrito por","twitter:data1":"Cand\u00e1s 365","twitter:label2":"Tiempo de lectura estimado","twitter:data2":"4 minutos"},"aioseo_meta_data":{"post_id":"33039","title":null,"description":null,"keywords":null,"keyphrases":null,"primary_term":null,"canonical_url":null,"og_title":null,"og_description":null,"og_object_type":"default","og_image_type":"default","og_image_url":null,"og_image_width":null,"og_image_height":null,"og_image_custom_url":null,"og_image_custom_fields":null,"og_video":null,"og_custom_url":null,"og_article_section":null,"og_article_tags":null,"twitter_use_og":false,"twitter_card":"default","twitter_image_type":"default","twitter_image_url":null,"twitter_image_custom_url":null,"twitter_image_custom_fields":null,"twitter_title":null,"twitter_description":null,"schema":{"blockGraphs":[],"customGraphs":[],"default":{"data":{"Article":[],"Course":[],"Dataset":[],"FAQPage":[],"Movie":[],"Person":[],"Product":[],"ProductReview":[],"Car":[],"Recipe":[],"Service":[],"SoftwareApplication":[],"WebPage":[]},"graphName":"","isEnabled":true},"graphs":[],"defaultGraph":"","defaultPostTypeGraph":""},"schema_type":null,"schema_type_options":null,"pillar_content":false,"robots_default":true,"robots_noindex":false,"robots_noarchive":false,"robots_nosnippet":false,"robots_nofollow":false,"robots_noimageindex":false,"robots_noodp":false,"robots_notranslate":false,"robots_max_snippet":null,"robots_max_videopreview":null,"robots_max_imagepreview":"large","priority":null,"frequency":null,"location":null,"local_seo":null,"seo_analyzer_scan_date":"2025-08-24 16:18:17","breadcrumb_settings":null,"limit_modified_date":false,"reviewed_by":null,"open_ai":null,"ai":null,"created":"2020-12-21 13:05:48","updated":"2025-08-24 16:18:17"},"aioseo_breadcrumb":"<div class=\"aioseo-breadcrumbs\"><span class=\"aioseo-breadcrumb\">\n\t<a href=\"https:\/\/candas365.es\/noticias\" title=\"Home\">Home<\/a>\n<\/span><span class=\"aioseo-breadcrumb-separator\">&ndash;<\/span><span class=\"aioseo-breadcrumb\">\n\t<a href=\"https:\/\/candas365.es\/noticias\/category\/actualidad\/\" title=\"Actualidad\">Actualidad<\/a>\n<\/span><span class=\"aioseo-breadcrumb-separator\">&ndash;<\/span><span class=\"aioseo-breadcrumb\">\n\tMiles de manifestantes a favor de Erdogan en Alemania: \u00abEs un h\u00e9roe\u00bb\n<\/span><\/div>","aioseo_breadcrumb_json":[{"label":"Home","link":"https:\/\/candas365.es\/noticias"},{"label":"Actualidad","link":"https:\/\/candas365.es\/noticias\/category\/actualidad\/"},{"label":"Miles de manifestantes a favor de Erdogan en Alemania: \u00abEs un h\u00e9roe\u00bb","link":"https:\/\/candas365.es\/noticias\/miles-de-manifestantes-a-favor-de-erdogan-en-alemania-es-un-heroe\/"}],"_links":{"self":[{"href":"https:\/\/candas365.es\/noticias\/wp-json\/wp\/v2\/posts\/33039","targetHints":{"allow":["GET"]}}],"collection":[{"href":"https:\/\/candas365.es\/noticias\/wp-json\/wp\/v2\/posts"}],"about":[{"href":"https:\/\/candas365.es\/noticias\/wp-json\/wp\/v2\/types\/post"}],"author":[{"embeddable":true,"href":"https:\/\/candas365.es\/noticias\/wp-json\/wp\/v2\/users\/1"}],"replies":[{"embeddable":true,"href":"https:\/\/candas365.es\/noticias\/wp-json\/wp\/v2\/comments?post=33039"}],"version-history":[{"count":0,"href":"https:\/\/candas365.es\/noticias\/wp-json\/wp\/v2\/posts\/33039\/revisions"}],"wp:featuredmedia":[{"embeddable":true,"href":"https:\/\/candas365.es\/noticias\/wp-json\/wp\/v2\/media\/16457"}],"wp:attachment":[{"href":"https:\/\/candas365.es\/noticias\/wp-json\/wp\/v2\/media?parent=33039"}],"wp:term":[{"taxonomy":"category","embeddable":true,"href":"https:\/\/candas365.es\/noticias\/wp-json\/wp\/v2\/categories?post=33039"},{"taxonomy":"post_tag","embeddable":true,"href":"https:\/\/candas365.es\/noticias\/wp-json\/wp\/v2\/tags?post=33039"}],"curies":[{"name":"wp","href":"https:\/\/api.w.org\/{rel}","templated":true}]}}