{"id":33001,"date":"2016-07-31T17:33:01","date_gmt":"2016-07-31T16:03:01","guid":{"rendered":"http:\/\/candas365.es\/noticias\/?p=33001"},"modified":"2016-07-31T17:33:01","modified_gmt":"2016-07-31T16:03:01","slug":"horst-seehofer-merkel-no-es-responsable-del-peligro-de-terrorismo","status":"publish","type":"post","link":"https:\/\/candas365.es\/noticias\/horst-seehofer-merkel-no-es-responsable-del-peligro-de-terrorismo\/","title":{"rendered":"Horst Seehofer: \u00abMerkel no es responsable del peligro de terrorismo\u00bb"},"content":{"rendered":"<p><img fetchpriority=\"high\" decoding=\"async\" class=\"alignleft size-medium wp-image-14622\" src=\"https:\/\/candas365.es\/noticias\/wp-content\/uploads\/2015\/08\/merkel-360x198.jpg\" alt=\"merkel\" width=\"360\" height=\"198\" srcset=\"https:\/\/candas365.es\/noticias\/wp-content\/uploads\/2015\/08\/merkel-360x198.jpg 360w, https:\/\/candas365.es\/noticias\/wp-content\/uploads\/2015\/08\/merkel-650x357.jpg 650w, https:\/\/candas365.es\/noticias\/wp-content\/uploads\/2015\/08\/merkel-150x82.jpg 150w, https:\/\/candas365.es\/noticias\/wp-content\/uploads\/2015\/08\/merkel-450x247.jpg 450w, https:\/\/candas365.es\/noticias\/wp-content\/uploads\/2015\/08\/merkel.jpg 655w\" sizes=\"(max-width: 360px) 100vw, 360px\" \/>Berl\u00edn, 31 jul (dpa) &#8211; El primer ministro de Baviera y socio de la canciller Angela Merkel en el Gobierno alem\u00e1n, Horst Seehofer, afirm\u00f3 hoy que la mandataria no tiene culpa alguna del peligro de un atentado terrorista a manos de un refugiado que haya sido influenciado por los islamistas.<\/p>\n<p>\u00abEso no lo ha afirmado nadie de nosotros\u00bb, declar\u00f3 el l\u00edder de la Uni\u00f3n Cristianosocial (CSU), partido hermanado a la Uni\u00f3n Cristianodem\u00f3crata (CDU) de Merkel, durante la entrevista de verano con la cadena p\u00fablica alemana ZDF.<\/p>\n<p>Sin embargo, es necesario contar con una mayor presencia de la Polic\u00eda, una mejor lucha contra la criminalidad en Internet, as\u00ed como una regla m\u00e1s clara sobre la misi\u00f3n del Ej\u00e9rcito en el interior, apunt\u00f3 Seehofer tras los ataques vividos recientemente en Baviera, dos de ellos cometidos por solicitantes de asilo.<\/p>\n<p>En su opini\u00f3n, en Berl\u00edn y en Bruselas no se ha hecho todo lo necesario, pero tampoco en M\u00fanich. Asimismo, Seehofer, una de las voces m\u00e1s cr\u00edticas del Gobierno alem\u00e1n con la pol\u00edtica migratoria de Merkel, asegur\u00f3 que no equipara a los terroristas con los refugiados.<\/p>\n<p>Baviera es abierta y liberal, declar\u00f3. \u00abNo estamos a favor del aislamiento. Estamos a favor de la ley y el orden y de un n\u00famero razonable de inmigrantes\u00bb, apunt\u00f3.<\/p>\n<p>A la pregunta de si cree que la frase de Merkel \u00abLo lograremos\u00bb no ser\u00e1 posible y que Alemania no podr\u00e1 hacer frente a la crisis de refugiados, Seehofer respondi\u00f3 con una evasiva indicando que ante los nuevos desaf\u00edos \u00e9l responde siempre con nuevos contenidos e instrumentos.<\/p>\n<p>Sin embargo, el s\u00e1bado Seehofer se distanci\u00f3 de la emblem\u00e1tica frase de la canciller alemana y asegur\u00f3 que no podr\u00eda hacerla suya ni aunque quisiera. \u00abEl problema es demasiado grande\u00bb, alert\u00f3 sobre el gran n\u00famero de refugiados en el pa\u00eds, que en 2015 lleg\u00f3 hasta los 1,1 millones de personas. En su opini\u00f3n, se trata de no decir \u00abmentiras a la opini\u00f3n p\u00fablica\u00bb.<\/p>\n<p>Seehofer explic\u00f3 que estas declaraciones se basan en numerosos an\u00e1lisis de los organismos de seguridad. \u00abEsto me llev\u00f3 a ver que la situaci\u00f3n del problema es grave y que debemos mejorar en el \u00e1mbito de la seguridad. Si continuamos como hasta ahora, no lo lograremos\u00bb, se\u00f1al\u00f3 en el dominical alem\u00e1n \u00abBild am Sonntag\u00bb.<\/p>\n<p>Estas declaraciones desataron una oleada de cr\u00edticas entre los partidos pol\u00edticos y llev\u00f3 al ministro de Interior, Thomas de Maizi\u00e8re, a llamar a los partidos pol\u00edticos a la unidad para hacer frente a la amenaza terrorista en el pa\u00eds.<\/p>\n<p>Mientras, Thomas Strobl, vicepresidente de la CDU, alert\u00f3 al considerado como el hermano disc\u00f3lo del sur de nuevas disputas internas. \u00abMi deseo y esperanza ser\u00edan que se aprendiera de los errores del pasado\u00bb, afirm\u00f3, al mismo tiempo que se\u00f1al\u00f3 que a los que m\u00e1s da\u00f1a una disputa as\u00ed es a la CDU y a la CSU.<\/p>\n<p>&nbsp;<\/p>\n","protected":false},"excerpt":{"rendered":"<p>Berl\u00edn, 31 jul (dpa) &#8211; El primer ministro de Baviera y socio de la canciller Angela Merkel en el Gobierno alem\u00e1n, Horst Seehofer, afirm\u00f3 hoy que la mandataria no tiene culpa alguna del peligro de un atentado terrorista a manos de un refugiado que haya sido influenciado por los islamistas. \u00abEso no lo ha afirmado<\/p>\n","protected":false},"author":1,"featured_media":14622,"comment_status":"closed","ping_status":"closed","sticky":false,"template":"","format":"standard","meta":{"footnotes":""},"categories":[343],"tags":[],"class_list":{"0":"post-33001","1":"post","2":"type-post","3":"status-publish","4":"format-standard","5":"has-post-thumbnail","7":"category-actualidad"},"aioseo_notices":[],"aioseo_head":"\n\t\t<!-- All in One SEO Pro 4.9.6.2 - aioseo.com -->\n\t<meta name=\"description\" content=\"Berl\u00edn, 31 jul (dpa) - El primer ministro de Baviera y socio de la canciller Angela Merkel en el Gobierno alem\u00e1n, Horst Seehofer, afirm\u00f3 hoy que la mandataria no tiene culpa alguna del peligro de un atentado terrorista a manos de un refugiado que haya sido influenciado por los islamistas. &quot;Eso no lo ha afirmado\" \/>\n\t<meta name=\"robots\" content=\"max-image-preview:large\" \/>\n\t<meta name=\"author\" content=\"Cand\u00e1s 365\"\/>\n\t<meta name=\"google-site-verification\" content=\"UA-32230408-1\" \/>\n\t<meta name=\"msvalidate.01\" content=\"354F3CDFB2DA171B47FBE9ABF1F88D5\" \/>\n\t<meta name=\"keywords\" content=\"actualidad\" \/>\n\t<link rel=\"canonical\" href=\"https:\/\/candas365.es\/noticias\/horst-seehofer-merkel-no-es-responsable-del-peligro-de-terrorismo\/\" \/>\n\t<meta name=\"generator\" content=\"All in One SEO Pro (AIOSEO) 4.9.6.2\" \/>\n\t\t<meta property=\"og:locale\" content=\"es_ES\" \/>\n\t\t<meta property=\"og:site_name\" content=\"Cand\u00e1s 365\" \/>\n\t\t<meta property=\"og:type\" content=\"article\" \/>\n\t\t<meta property=\"og:title\" content=\"Horst Seehofer: \u00abMerkel no es responsable del peligro de terrorismo\u00bb | Cand\u00e1s 365\" \/>\n\t\t<meta property=\"og:description\" content=\"Berl\u00edn, 31 jul (dpa) - El primer ministro de Baviera y socio de la canciller Angela Merkel en el Gobierno alem\u00e1n, Horst Seehofer, afirm\u00f3 hoy que la mandataria no tiene culpa alguna del peligro de un atentado terrorista a manos de un refugiado que haya sido influenciado por los islamistas. &quot;Eso no lo ha afirmado\" \/>\n\t\t<meta property=\"og:url\" content=\"https:\/\/candas365.es\/noticias\/horst-seehofer-merkel-no-es-responsable-del-peligro-de-terrorismo\/\" \/>\n\t\t<meta property=\"og:image\" content=\"https:\/\/candas365.es\/noticias\/wp-content\/uploads\/2015\/08\/merkel.jpg\" \/>\n\t\t<meta property=\"og:image:secure_url\" content=\"https:\/\/candas365.es\/noticias\/wp-content\/uploads\/2015\/08\/merkel.jpg\" \/>\n\t\t<meta property=\"og:image:width\" content=\"655\" \/>\n\t\t<meta property=\"og:image:height\" content=\"360\" \/>\n\t\t<meta property=\"article:published_time\" content=\"2016-07-31T16:03:01+00:00\" \/>\n\t\t<meta property=\"article:modified_time\" content=\"2016-07-31T16:03:01+00:00\" \/>\n\t\t<meta property=\"article:publisher\" content=\"https:\/\/www.facebook.com\/Nachofdezber\" \/>\n\t\t<meta property=\"article:author\" content=\"https:\/\/www.facebook.com\/carrenoactualidad\" \/>\n\t\t<meta name=\"twitter:card\" content=\"summary_large_image\" \/>\n\t\t<meta name=\"twitter:site\" content=\"@NabercoDigital\" \/>\n\t\t<meta name=\"twitter:title\" content=\"Horst Seehofer: \u00abMerkel no es responsable del peligro de terrorismo\u00bb | Cand\u00e1s 365\" \/>\n\t\t<meta name=\"twitter:description\" content=\"Berl\u00edn, 31 jul (dpa) - El primer ministro de Baviera y socio de la canciller Angela Merkel en el Gobierno alem\u00e1n, Horst Seehofer, afirm\u00f3 hoy que la mandataria no tiene culpa alguna del peligro de un atentado terrorista a manos de un refugiado que haya sido influenciado por los islamistas. &quot;Eso no lo ha afirmado\" \/>\n\t\t<meta name=\"twitter:creator\" content=\"@nbasturias\" \/>\n\t\t<meta name=\"twitter:image\" content=\"https:\/\/candas365.es\/noticias\/wp-content\/uploads\/2015\/08\/merkel.jpg\" \/>\n\t\t<meta name=\"twitter:label1\" content=\"Escrito por\" \/>\n\t\t<meta name=\"twitter:data1\" content=\"Cand\u00e1s 365\" \/>\n\t\t<meta name=\"twitter:label2\" content=\"Tiempo de lectura estimado\" \/>\n\t\t<meta name=\"twitter:data2\" content=\"3 minutos\" \/>\n\t\t<script type=\"application\/ld+json\" class=\"aioseo-schema\">\n\t\t\t{\"@context\":\"https:\\\/\\\/schema.org\",\"@graph\":[{\"@type\":\"BreadcrumbList\",\"@id\":\"https:\\\/\\\/candas365.es\\\/noticias\\\/horst-seehofer-merkel-no-es-responsable-del-peligro-de-terrorismo\\\/#breadcrumblist\",\"itemListElement\":[{\"@type\":\"ListItem\",\"@id\":\"https:\\\/\\\/candas365.es\\\/noticias#listItem\",\"position\":1,\"name\":\"Home\",\"item\":\"https:\\\/\\\/candas365.es\\\/noticias\",\"nextItem\":{\"@type\":\"ListItem\",\"@id\":\"https:\\\/\\\/candas365.es\\\/noticias\\\/category\\\/actualidad\\\/#listItem\",\"name\":\"Actualidad\"}},{\"@type\":\"ListItem\",\"@id\":\"https:\\\/\\\/candas365.es\\\/noticias\\\/category\\\/actualidad\\\/#listItem\",\"position\":2,\"name\":\"Actualidad\",\"item\":\"https:\\\/\\\/candas365.es\\\/noticias\\\/category\\\/actualidad\\\/\",\"nextItem\":{\"@type\":\"ListItem\",\"@id\":\"https:\\\/\\\/candas365.es\\\/noticias\\\/horst-seehofer-merkel-no-es-responsable-del-peligro-de-terrorismo\\\/#listItem\",\"name\":\"Horst Seehofer: \\u00abMerkel no es responsable del peligro de terrorismo\\u00bb\"},\"previousItem\":{\"@type\":\"ListItem\",\"@id\":\"https:\\\/\\\/candas365.es\\\/noticias#listItem\",\"name\":\"Home\"}},{\"@type\":\"ListItem\",\"@id\":\"https:\\\/\\\/candas365.es\\\/noticias\\\/horst-seehofer-merkel-no-es-responsable-del-peligro-de-terrorismo\\\/#listItem\",\"position\":3,\"name\":\"Horst Seehofer: \\u00abMerkel no es responsable del peligro de terrorismo\\u00bb\",\"previousItem\":{\"@type\":\"ListItem\",\"@id\":\"https:\\\/\\\/candas365.es\\\/noticias\\\/category\\\/actualidad\\\/#listItem\",\"name\":\"Actualidad\"}}]},{\"@type\":\"NewsArticle\",\"@id\":\"https:\\\/\\\/candas365.es\\\/noticias\\\/horst-seehofer-merkel-no-es-responsable-del-peligro-de-terrorismo\\\/#newsarticle\",\"name\":\"Horst Seehofer: \\u00abMerkel no es responsable del peligro de terrorismo\\u00bb | Cand\\u00e1s 365\",\"headline\":\"Horst Seehofer: \\u00abMerkel no es responsable del peligro de terrorismo\\u00bb\",\"author\":{\"@id\":\"https:\\\/\\\/candas365.es\\\/noticias\\\/author\\\/admin\\\/#author\"},\"publisher\":{\"@id\":\"https:\\\/\\\/candas365.es\\\/noticias\\\/#organization\"},\"image\":{\"@type\":\"ImageObject\",\"url\":\"https:\\\/\\\/candas365.es\\\/noticias\\\/wp-content\\\/uploads\\\/2015\\\/08\\\/merkel.jpg\",\"width\":655,\"height\":360},\"datePublished\":\"2016-07-31T17:33:01+02:00\",\"dateModified\":\"2016-07-31T17:33:01+02:00\",\"inLanguage\":\"es-ES\",\"mainEntityOfPage\":{\"@id\":\"https:\\\/\\\/candas365.es\\\/noticias\\\/horst-seehofer-merkel-no-es-responsable-del-peligro-de-terrorismo\\\/#webpage\"},\"isPartOf\":{\"@id\":\"https:\\\/\\\/candas365.es\\\/noticias\\\/horst-seehofer-merkel-no-es-responsable-del-peligro-de-terrorismo\\\/#webpage\"},\"articleSection\":\"Actualidad\",\"dateline\":\"Publicado el julio 31, 2016.\"},{\"@type\":\"Organization\",\"@id\":\"https:\\\/\\\/candas365.es\\\/noticias\\\/#organization\",\"name\":\"Cand\\u00e1s 365\",\"description\":\"Cand\\u00e1s 365 es un diario digital independiente, fundado en 2012, con base en Asturias. Informamos con rigor sobre actualidad, sociedad, cultura y ocio, con una mirada local y global.\",\"url\":\"https:\\\/\\\/candas365.es\\\/noticias\\\/\",\"email\":\"info@candas365.es\",\"telephone\":\"+34652131393\",\"foundingDate\":\"2012-06-10\",\"logo\":{\"@type\":\"ImageObject\",\"url\":\"https:\\\/\\\/candas365.es\\\/noticias\\\/wp-content\\\/uploads\\\/2024\\\/09\\\/Candas-365-Redes.jpg\",\"@id\":\"https:\\\/\\\/candas365.es\\\/noticias\\\/horst-seehofer-merkel-no-es-responsable-del-peligro-de-terrorismo\\\/#organizationLogo\",\"width\":1152,\"height\":864,\"caption\":\"Cand\\u00e1s 365 Redes\"},\"image\":{\"@id\":\"https:\\\/\\\/candas365.es\\\/noticias\\\/horst-seehofer-merkel-no-es-responsable-del-peligro-de-terrorismo\\\/#organizationLogo\"},\"sameAs\":[\"https:\\\/\\\/www.facebook.com\\\/Nachofdezber\",\"https:\\\/\\\/x.com\\\/NabercoDigital\",\"https:\\\/\\\/www.instagram.com\\\/nachofdezber\\\/\",\"https:\\\/\\\/www.youtube.com\\\/channel\\\/UCZP-2wLEB9Rv6erhFmqVnvg\"],\"address\":{\"@id\":\"https:\\\/\\\/candas365.es\\\/noticias\\\/#postaladdress\",\"@type\":\"PostalAddress\",\"streetAddress\":\"san antonio 4, san antonio 4\",\"postalCode\":\"33430\",\"addressLocality\":\"Cand\\u00e1s\",\"addressRegion\":\"Asturias\",\"addressCountry\":\"ES\"}},{\"@type\":\"Person\",\"@id\":\"https:\\\/\\\/candas365.es\\\/noticias\\\/author\\\/admin\\\/#author\",\"url\":\"https:\\\/\\\/candas365.es\\\/noticias\\\/author\\\/admin\\\/\",\"name\":\"Cand\\u00e1s 365\",\"image\":{\"@type\":\"ImageObject\",\"@id\":\"https:\\\/\\\/candas365.es\\\/noticias\\\/horst-seehofer-merkel-no-es-responsable-del-peligro-de-terrorismo\\\/#authorImage\",\"url\":\"https:\\\/\\\/secure.gravatar.com\\\/avatar\\\/496a8e03d0c493ede1718b7934145dbdf8d89be1036b0eec9544e1094c9de390?s=96&d=mm&r=g\",\"width\":96,\"height\":96,\"caption\":\"Cand\\u00e1s 365\"},\"sameAs\":[\"https:\\\/\\\/www.facebook.com\\\/carrenoactualidad\",\"https:\\\/\\\/twitter.com\\\/nbasturias\",\"https:\\\/\\\/www.instagram.com\\\/nachofdezber\\\/\",\"https:\\\/\\\/www.youtube.com\\\/channel\\\/UCZP-2wLEB9Rv6erhFmqVnvg\"]},{\"@type\":\"WebPage\",\"@id\":\"https:\\\/\\\/candas365.es\\\/noticias\\\/horst-seehofer-merkel-no-es-responsable-del-peligro-de-terrorismo\\\/#webpage\",\"url\":\"https:\\\/\\\/candas365.es\\\/noticias\\\/horst-seehofer-merkel-no-es-responsable-del-peligro-de-terrorismo\\\/\",\"name\":\"Horst Seehofer: \\u00abMerkel no es responsable del peligro de terrorismo\\u00bb | Cand\\u00e1s 365\",\"description\":\"Berl\\u00edn, 31 jul (dpa) - El primer ministro de Baviera y socio de la canciller Angela Merkel en el Gobierno alem\\u00e1n, Horst Seehofer, afirm\\u00f3 hoy que la mandataria no tiene culpa alguna del peligro de un atentado terrorista a manos de un refugiado que haya sido influenciado por los islamistas. \\\"Eso no lo ha afirmado\",\"inLanguage\":\"es-ES\",\"isPartOf\":{\"@id\":\"https:\\\/\\\/candas365.es\\\/noticias\\\/#website\"},\"breadcrumb\":{\"@id\":\"https:\\\/\\\/candas365.es\\\/noticias\\\/horst-seehofer-merkel-no-es-responsable-del-peligro-de-terrorismo\\\/#breadcrumblist\"},\"author\":{\"@id\":\"https:\\\/\\\/candas365.es\\\/noticias\\\/author\\\/admin\\\/#author\"},\"creator\":{\"@id\":\"https:\\\/\\\/candas365.es\\\/noticias\\\/author\\\/admin\\\/#author\"},\"image\":{\"@type\":\"ImageObject\",\"url\":\"https:\\\/\\\/candas365.es\\\/noticias\\\/wp-content\\\/uploads\\\/2015\\\/08\\\/merkel.jpg\",\"@id\":\"https:\\\/\\\/candas365.es\\\/noticias\\\/horst-seehofer-merkel-no-es-responsable-del-peligro-de-terrorismo\\\/#mainImage\",\"width\":655,\"height\":360},\"primaryImageOfPage\":{\"@id\":\"https:\\\/\\\/candas365.es\\\/noticias\\\/horst-seehofer-merkel-no-es-responsable-del-peligro-de-terrorismo\\\/#mainImage\"},\"datePublished\":\"2016-07-31T17:33:01+02:00\",\"dateModified\":\"2016-07-31T17:33:01+02:00\"},{\"@type\":\"WebSite\",\"@id\":\"https:\\\/\\\/candas365.es\\\/noticias\\\/#website\",\"url\":\"https:\\\/\\\/candas365.es\\\/noticias\\\/\",\"name\":\"Cand\\u00e1s 365\",\"alternateName\":\"Cand\\u00e1s 365 Noticias\",\"description\":\"Actualidad desde Carre\\u00f1o para el mundo\",\"inLanguage\":\"es-ES\",\"publisher\":{\"@id\":\"https:\\\/\\\/candas365.es\\\/noticias\\\/#organization\"}}]}\n\t\t<\/script>\n\t\t<!-- All in One SEO Pro -->\r\n\t\t<title>Horst Seehofer: \u00abMerkel no es responsable del peligro de terrorismo\u00bb | Cand\u00e1s 365<\/title>\n\n","aioseo_head_json":{"title":"Horst Seehofer: \u00abMerkel no es responsable del peligro de terrorismo\u00bb | Cand\u00e1s 365","description":"Berl\u00edn, 31 jul (dpa) - El primer ministro de Baviera y socio de la canciller Angela Merkel en el Gobierno alem\u00e1n, Horst Seehofer, afirm\u00f3 hoy que la mandataria no tiene culpa alguna del peligro de un atentado terrorista a manos de un refugiado que haya sido influenciado por los islamistas. \"Eso no lo ha afirmado","canonical_url":"https:\/\/candas365.es\/noticias\/horst-seehofer-merkel-no-es-responsable-del-peligro-de-terrorismo\/","robots":"max-image-preview:large","keywords":"actualidad","webmasterTools":{"google-site-verification":"UA-32230408-1","msvalidate.01":"354F3CDFB2DA171B47FBE9ABF1F88D5","miscellaneous":""},"schema":{"@context":"https:\/\/schema.org","@graph":[{"@type":"BreadcrumbList","@id":"https:\/\/candas365.es\/noticias\/horst-seehofer-merkel-no-es-responsable-del-peligro-de-terrorismo\/#breadcrumblist","itemListElement":[{"@type":"ListItem","@id":"https:\/\/candas365.es\/noticias#listItem","position":1,"name":"Home","item":"https:\/\/candas365.es\/noticias","nextItem":{"@type":"ListItem","@id":"https:\/\/candas365.es\/noticias\/category\/actualidad\/#listItem","name":"Actualidad"}},{"@type":"ListItem","@id":"https:\/\/candas365.es\/noticias\/category\/actualidad\/#listItem","position":2,"name":"Actualidad","item":"https:\/\/candas365.es\/noticias\/category\/actualidad\/","nextItem":{"@type":"ListItem","@id":"https:\/\/candas365.es\/noticias\/horst-seehofer-merkel-no-es-responsable-del-peligro-de-terrorismo\/#listItem","name":"Horst Seehofer: \u00abMerkel no es responsable del peligro de terrorismo\u00bb"},"previousItem":{"@type":"ListItem","@id":"https:\/\/candas365.es\/noticias#listItem","name":"Home"}},{"@type":"ListItem","@id":"https:\/\/candas365.es\/noticias\/horst-seehofer-merkel-no-es-responsable-del-peligro-de-terrorismo\/#listItem","position":3,"name":"Horst Seehofer: \u00abMerkel no es responsable del peligro de terrorismo\u00bb","previousItem":{"@type":"ListItem","@id":"https:\/\/candas365.es\/noticias\/category\/actualidad\/#listItem","name":"Actualidad"}}]},{"@type":"NewsArticle","@id":"https:\/\/candas365.es\/noticias\/horst-seehofer-merkel-no-es-responsable-del-peligro-de-terrorismo\/#newsarticle","name":"Horst Seehofer: \u00abMerkel no es responsable del peligro de terrorismo\u00bb | Cand\u00e1s 365","headline":"Horst Seehofer: \u00abMerkel no es responsable del peligro de terrorismo\u00bb","author":{"@id":"https:\/\/candas365.es\/noticias\/author\/admin\/#author"},"publisher":{"@id":"https:\/\/candas365.es\/noticias\/#organization"},"image":{"@type":"ImageObject","url":"https:\/\/candas365.es\/noticias\/wp-content\/uploads\/2015\/08\/merkel.jpg","width":655,"height":360},"datePublished":"2016-07-31T17:33:01+02:00","dateModified":"2016-07-31T17:33:01+02:00","inLanguage":"es-ES","mainEntityOfPage":{"@id":"https:\/\/candas365.es\/noticias\/horst-seehofer-merkel-no-es-responsable-del-peligro-de-terrorismo\/#webpage"},"isPartOf":{"@id":"https:\/\/candas365.es\/noticias\/horst-seehofer-merkel-no-es-responsable-del-peligro-de-terrorismo\/#webpage"},"articleSection":"Actualidad","dateline":"Publicado el julio 31, 2016."},{"@type":"Organization","@id":"https:\/\/candas365.es\/noticias\/#organization","name":"Cand\u00e1s 365","description":"Cand\u00e1s 365 es un diario digital independiente, fundado en 2012, con base en Asturias. Informamos con rigor sobre actualidad, sociedad, cultura y ocio, con una mirada local y global.","url":"https:\/\/candas365.es\/noticias\/","email":"info@candas365.es","telephone":"+34652131393","foundingDate":"2012-06-10","logo":{"@type":"ImageObject","url":"https:\/\/candas365.es\/noticias\/wp-content\/uploads\/2024\/09\/Candas-365-Redes.jpg","@id":"https:\/\/candas365.es\/noticias\/horst-seehofer-merkel-no-es-responsable-del-peligro-de-terrorismo\/#organizationLogo","width":1152,"height":864,"caption":"Cand\u00e1s 365 Redes"},"image":{"@id":"https:\/\/candas365.es\/noticias\/horst-seehofer-merkel-no-es-responsable-del-peligro-de-terrorismo\/#organizationLogo"},"sameAs":["https:\/\/www.facebook.com\/Nachofdezber","https:\/\/x.com\/NabercoDigital","https:\/\/www.instagram.com\/nachofdezber\/","https:\/\/www.youtube.com\/channel\/UCZP-2wLEB9Rv6erhFmqVnvg"],"address":{"@id":"https:\/\/candas365.es\/noticias\/#postaladdress","@type":"PostalAddress","streetAddress":"san antonio 4, san antonio 4","postalCode":"33430","addressLocality":"Cand\u00e1s","addressRegion":"Asturias","addressCountry":"ES"}},{"@type":"Person","@id":"https:\/\/candas365.es\/noticias\/author\/admin\/#author","url":"https:\/\/candas365.es\/noticias\/author\/admin\/","name":"Cand\u00e1s 365","image":{"@type":"ImageObject","@id":"https:\/\/candas365.es\/noticias\/horst-seehofer-merkel-no-es-responsable-del-peligro-de-terrorismo\/#authorImage","url":"https:\/\/secure.gravatar.com\/avatar\/496a8e03d0c493ede1718b7934145dbdf8d89be1036b0eec9544e1094c9de390?s=96&d=mm&r=g","width":96,"height":96,"caption":"Cand\u00e1s 365"},"sameAs":["https:\/\/www.facebook.com\/carrenoactualidad","https:\/\/twitter.com\/nbasturias","https:\/\/www.instagram.com\/nachofdezber\/","https:\/\/www.youtube.com\/channel\/UCZP-2wLEB9Rv6erhFmqVnvg"]},{"@type":"WebPage","@id":"https:\/\/candas365.es\/noticias\/horst-seehofer-merkel-no-es-responsable-del-peligro-de-terrorismo\/#webpage","url":"https:\/\/candas365.es\/noticias\/horst-seehofer-merkel-no-es-responsable-del-peligro-de-terrorismo\/","name":"Horst Seehofer: \u00abMerkel no es responsable del peligro de terrorismo\u00bb | Cand\u00e1s 365","description":"Berl\u00edn, 31 jul (dpa) - El primer ministro de Baviera y socio de la canciller Angela Merkel en el Gobierno alem\u00e1n, Horst Seehofer, afirm\u00f3 hoy que la mandataria no tiene culpa alguna del peligro de un atentado terrorista a manos de un refugiado que haya sido influenciado por los islamistas. \"Eso no lo ha afirmado","inLanguage":"es-ES","isPartOf":{"@id":"https:\/\/candas365.es\/noticias\/#website"},"breadcrumb":{"@id":"https:\/\/candas365.es\/noticias\/horst-seehofer-merkel-no-es-responsable-del-peligro-de-terrorismo\/#breadcrumblist"},"author":{"@id":"https:\/\/candas365.es\/noticias\/author\/admin\/#author"},"creator":{"@id":"https:\/\/candas365.es\/noticias\/author\/admin\/#author"},"image":{"@type":"ImageObject","url":"https:\/\/candas365.es\/noticias\/wp-content\/uploads\/2015\/08\/merkel.jpg","@id":"https:\/\/candas365.es\/noticias\/horst-seehofer-merkel-no-es-responsable-del-peligro-de-terrorismo\/#mainImage","width":655,"height":360},"primaryImageOfPage":{"@id":"https:\/\/candas365.es\/noticias\/horst-seehofer-merkel-no-es-responsable-del-peligro-de-terrorismo\/#mainImage"},"datePublished":"2016-07-31T17:33:01+02:00","dateModified":"2016-07-31T17:33:01+02:00"},{"@type":"WebSite","@id":"https:\/\/candas365.es\/noticias\/#website","url":"https:\/\/candas365.es\/noticias\/","name":"Cand\u00e1s 365","alternateName":"Cand\u00e1s 365 Noticias","description":"Actualidad desde Carre\u00f1o para el mundo","inLanguage":"es-ES","publisher":{"@id":"https:\/\/candas365.es\/noticias\/#organization"}}]},"og:locale":"es_ES","og:site_name":"Cand\u00e1s 365","og:type":"article","og:title":"Horst Seehofer: \u00abMerkel no es responsable del peligro de terrorismo\u00bb | Cand\u00e1s 365","og:description":"Berl\u00edn, 31 jul (dpa) - El primer ministro de Baviera y socio de la canciller Angela Merkel en el Gobierno alem\u00e1n, Horst Seehofer, afirm\u00f3 hoy que la mandataria no tiene culpa alguna del peligro de un atentado terrorista a manos de un refugiado que haya sido influenciado por los islamistas. &quot;Eso no lo ha afirmado","og:url":"https:\/\/candas365.es\/noticias\/horst-seehofer-merkel-no-es-responsable-del-peligro-de-terrorismo\/","og:image":"https:\/\/candas365.es\/noticias\/wp-content\/uploads\/2015\/08\/merkel.jpg","og:image:secure_url":"https:\/\/candas365.es\/noticias\/wp-content\/uploads\/2015\/08\/merkel.jpg","og:image:width":655,"og:image:height":360,"article:published_time":"2016-07-31T16:03:01+00:00","article:modified_time":"2016-07-31T16:03:01+00:00","article:publisher":"https:\/\/www.facebook.com\/Nachofdezber","article:author":"https:\/\/www.facebook.com\/carrenoactualidad","twitter:card":"summary_large_image","twitter:site":"@NabercoDigital","twitter:title":"Horst Seehofer: \u00abMerkel no es responsable del peligro de terrorismo\u00bb | Cand\u00e1s 365","twitter:description":"Berl\u00edn, 31 jul (dpa) - El primer ministro de Baviera y socio de la canciller Angela Merkel en el Gobierno alem\u00e1n, Horst Seehofer, afirm\u00f3 hoy que la mandataria no tiene culpa alguna del peligro de un atentado terrorista a manos de un refugiado que haya sido influenciado por los islamistas. &quot;Eso no lo ha afirmado","twitter:creator":"@nbasturias","twitter:image":"https:\/\/candas365.es\/noticias\/wp-content\/uploads\/2015\/08\/merkel.jpg","twitter:label1":"Escrito por","twitter:data1":"Cand\u00e1s 365","twitter:label2":"Tiempo de lectura estimado","twitter:data2":"3 minutos"},"aioseo_meta_data":{"post_id":"33001","title":null,"description":null,"keywords":null,"keyphrases":null,"primary_term":null,"canonical_url":null,"og_title":null,"og_description":null,"og_object_type":"default","og_image_type":"default","og_image_url":null,"og_image_width":null,"og_image_height":null,"og_image_custom_url":null,"og_image_custom_fields":null,"og_video":null,"og_custom_url":null,"og_article_section":null,"og_article_tags":null,"twitter_use_og":false,"twitter_card":"default","twitter_image_type":"default","twitter_image_url":null,"twitter_image_custom_url":null,"twitter_image_custom_fields":null,"twitter_title":null,"twitter_description":null,"schema":{"blockGraphs":[],"customGraphs":[],"default":{"data":{"Article":[],"Course":[],"Dataset":[],"FAQPage":[],"Movie":[],"Person":[],"Product":[],"ProductReview":[],"Car":[],"Recipe":[],"Service":[],"SoftwareApplication":[],"WebPage":[]},"graphName":"","isEnabled":true},"graphs":[],"defaultGraph":"","defaultPostTypeGraph":""},"schema_type":null,"schema_type_options":null,"pillar_content":false,"robots_default":true,"robots_noindex":false,"robots_noarchive":false,"robots_nosnippet":false,"robots_nofollow":false,"robots_noimageindex":false,"robots_noodp":false,"robots_notranslate":false,"robots_max_snippet":null,"robots_max_videopreview":null,"robots_max_imagepreview":"large","priority":null,"frequency":null,"location":null,"local_seo":null,"seo_analyzer_scan_date":"2025-08-24 16:14:10","breadcrumb_settings":null,"limit_modified_date":false,"reviewed_by":null,"open_ai":null,"ai":null,"created":"2020-12-21 13:05:47","updated":"2025-08-24 16:14:10"},"aioseo_breadcrumb":"<div class=\"aioseo-breadcrumbs\"><span class=\"aioseo-breadcrumb\">\n\t<a href=\"https:\/\/candas365.es\/noticias\" title=\"Home\">Home<\/a>\n<\/span><span class=\"aioseo-breadcrumb-separator\">&ndash;<\/span><span class=\"aioseo-breadcrumb\">\n\t<a href=\"https:\/\/candas365.es\/noticias\/category\/actualidad\/\" title=\"Actualidad\">Actualidad<\/a>\n<\/span><span class=\"aioseo-breadcrumb-separator\">&ndash;<\/span><span class=\"aioseo-breadcrumb\">\n\tHorst Seehofer: \u00abMerkel no es responsable del peligro de terrorismo\u00bb\n<\/span><\/div>","aioseo_breadcrumb_json":[{"label":"Home","link":"https:\/\/candas365.es\/noticias"},{"label":"Actualidad","link":"https:\/\/candas365.es\/noticias\/category\/actualidad\/"},{"label":"Horst Seehofer: \u00abMerkel no es responsable del peligro de terrorismo\u00bb","link":"https:\/\/candas365.es\/noticias\/horst-seehofer-merkel-no-es-responsable-del-peligro-de-terrorismo\/"}],"_links":{"self":[{"href":"https:\/\/candas365.es\/noticias\/wp-json\/wp\/v2\/posts\/33001","targetHints":{"allow":["GET"]}}],"collection":[{"href":"https:\/\/candas365.es\/noticias\/wp-json\/wp\/v2\/posts"}],"about":[{"href":"https:\/\/candas365.es\/noticias\/wp-json\/wp\/v2\/types\/post"}],"author":[{"embeddable":true,"href":"https:\/\/candas365.es\/noticias\/wp-json\/wp\/v2\/users\/1"}],"replies":[{"embeddable":true,"href":"https:\/\/candas365.es\/noticias\/wp-json\/wp\/v2\/comments?post=33001"}],"version-history":[{"count":0,"href":"https:\/\/candas365.es\/noticias\/wp-json\/wp\/v2\/posts\/33001\/revisions"}],"wp:featuredmedia":[{"embeddable":true,"href":"https:\/\/candas365.es\/noticias\/wp-json\/wp\/v2\/media\/14622"}],"wp:attachment":[{"href":"https:\/\/candas365.es\/noticias\/wp-json\/wp\/v2\/media?parent=33001"}],"wp:term":[{"taxonomy":"category","embeddable":true,"href":"https:\/\/candas365.es\/noticias\/wp-json\/wp\/v2\/categories?post=33001"},{"taxonomy":"post_tag","embeddable":true,"href":"https:\/\/candas365.es\/noticias\/wp-json\/wp\/v2\/tags?post=33001"}],"curies":[{"name":"wp","href":"https:\/\/api.w.org\/{rel}","templated":true}]}}