{"id":32997,"date":"2016-07-31T17:30:33","date_gmt":"2016-07-31T16:00:33","guid":{"rendered":"http:\/\/candas365.es\/noticias\/?p=32997"},"modified":"2016-07-31T17:30:33","modified_gmt":"2016-07-31T16:00:33","slug":"miles-de-personas-se-manifiestan-en-alemania-a-favor-de-erdogan","status":"publish","type":"post","link":"https:\/\/candas365.es\/noticias\/miles-de-personas-se-manifiestan-en-alemania-a-favor-de-erdogan\/","title":{"rendered":"Miles de personas se manifiestan en Alemania a favor de Erdogan"},"content":{"rendered":"<p>Colonia (Alemania), 31 jul (dpa) &#8211; Miles de personas salieron hoy a la calle en la ciudad alemana de Colonia, en el oeste del pa\u00eds, para manifestarse a favor del presidente turco, Recep Tayyip Erdogan. <\/p>\n<p>Varios miles de turco-alemanes se reunieron en la orilla derecha del Rin, muchos de ellos portando banderas turcas, bajo el lema \u00abS\u00ed a la democracia. No al golpe\u00bb. <\/p>\n<p>De acuerdo con datos de la Polic\u00eda, poco antes de que diera comienzo a las 15:00 horas hab\u00eda cerca de 10.000 personas. Al mismo tiempo que los partidarios de Erdogan salieron contramanifestantes de la extrema derecha. <\/p>\n<p>La asociaci\u00f3n Uni\u00f3n de Dem\u00f3cratas Turcos Europeos (UETD), organizadora de la manifestaci\u00f3n en apoyo a Erdogan tras el intento fallido de golpe de Estado, esperaba cerca de 30.000 personas. Asimismo, hab\u00edan previsto una conexi\u00f3n con Erdogan en pantalla gigante durante la manifestaci\u00f3n, que fue prohibida finalmente por el Constitucional alem\u00e1n. <\/p>\n<p>El ministro turco de Deportes, Akif Cagatay Kilic, anunci\u00f3 previamente su intenci\u00f3n de estar presente en Colonia para hablar ante los manifestantes. <\/p>\n<p>En total, 2.700 polic\u00edas han sido desplegados para velar por la seguridad en la ciudad. Tambi\u00e9n se han preparado camiones lanza agua por si surgen enfrentamientos entre los partidarios de Erdogan y las cuatro contramanifestaciones, una de ellas convocada por el partido de extrema derecha Pro NRW bajo el lema \u00abNing\u00fan homenaje a Erdogan en Alemania: Detener a los aut\u00f3cratas islamistas del B\u00f3sforo\u00bb. <\/p>\n<p>El secretario general de la UETD, B\u00fclent Bilgi, resalt\u00f3 el car\u00e1cter pac\u00edfico y democr\u00e1tico del evento. \u00abHoy se trata de la convivencia pac\u00edfica y armoniosa y del respeto mutuo\u00bb, indic\u00f3. <\/p>\n<p>Erdogan respondi\u00f3 al conato de golpe de Estado de mediados de julio con detenciones y despidos masivos en las Fuerzas Armadas, la Justicia, la administraci\u00f3n p\u00fablica, escuelas y universidades. Tambi\u00e9n dispuso el cierre de numerosos medios de informaci\u00f3n. <\/p>\n","protected":false},"excerpt":{"rendered":"<p>Colonia (Alemania), 31 jul (dpa) &#8211; Miles de personas salieron hoy a la calle en la ciudad alemana de Colonia, en el oeste del pa\u00eds, para manifestarse a favor del presidente turco, Recep Tayyip Erdogan. Varios miles de turco-alemanes se reunieron en la orilla derecha del Rin, muchos de ellos portando banderas turcas, bajo el<\/p>\n","protected":false},"author":1,"featured_media":16457,"comment_status":"closed","ping_status":"closed","sticky":false,"template":"","format":"standard","meta":{"footnotes":""},"categories":[343],"tags":[],"class_list":{"0":"post-32997","1":"post","2":"type-post","3":"status-publish","4":"format-standard","5":"has-post-thumbnail","7":"category-actualidad"},"aioseo_notices":[],"aioseo_head":"\n\t\t<!-- All in One SEO Pro 4.9.6.2 - aioseo.com -->\n\t<meta name=\"description\" content=\"Colonia (Alemania), 31 jul (dpa) - Miles de personas salieron hoy a la calle en la ciudad alemana de Colonia, en el oeste del pa\u00eds, para manifestarse a favor del presidente turco, Recep Tayyip Erdogan. Varios miles de turco-alemanes se reunieron en la orilla derecha del Rin, muchos de ellos portando banderas turcas, bajo el\" \/>\n\t<meta name=\"robots\" content=\"max-image-preview:large\" \/>\n\t<meta name=\"author\" content=\"Cand\u00e1s 365\"\/>\n\t<meta name=\"google-site-verification\" content=\"UA-32230408-1\" \/>\n\t<meta name=\"msvalidate.01\" content=\"354F3CDFB2DA171B47FBE9ABF1F88D5\" \/>\n\t<meta name=\"keywords\" content=\"actualidad\" \/>\n\t<link rel=\"canonical\" href=\"https:\/\/candas365.es\/noticias\/miles-de-personas-se-manifiestan-en-alemania-a-favor-de-erdogan\/\" \/>\n\t<meta name=\"generator\" content=\"All in One SEO Pro (AIOSEO) 4.9.6.2\" \/>\n\t\t<meta property=\"og:locale\" content=\"es_ES\" \/>\n\t\t<meta property=\"og:site_name\" content=\"Cand\u00e1s 365\" \/>\n\t\t<meta property=\"og:type\" content=\"article\" \/>\n\t\t<meta property=\"og:title\" content=\"Miles de personas se manifiestan en Alemania a favor de Erdogan | Cand\u00e1s 365\" \/>\n\t\t<meta property=\"og:description\" content=\"Colonia (Alemania), 31 jul (dpa) - Miles de personas salieron hoy a la calle en la ciudad alemana de Colonia, en el oeste del pa\u00eds, para manifestarse a favor del presidente turco, Recep Tayyip Erdogan. Varios miles de turco-alemanes se reunieron en la orilla derecha del Rin, muchos de ellos portando banderas turcas, bajo el\" \/>\n\t\t<meta property=\"og:url\" content=\"https:\/\/candas365.es\/noticias\/miles-de-personas-se-manifiestan-en-alemania-a-favor-de-erdogan\/\" \/>\n\t\t<meta property=\"og:image\" content=\"https:\/\/candas365.es\/noticias\/wp-content\/uploads\/2015\/09\/c365noticias.jpg\" \/>\n\t\t<meta property=\"og:image:secure_url\" content=\"https:\/\/candas365.es\/noticias\/wp-content\/uploads\/2015\/09\/c365noticias.jpg\" \/>\n\t\t<meta property=\"og:image:width\" content=\"655\" \/>\n\t\t<meta property=\"og:image:height\" content=\"360\" \/>\n\t\t<meta property=\"article:published_time\" content=\"2016-07-31T16:00:33+00:00\" \/>\n\t\t<meta property=\"article:modified_time\" content=\"2016-07-31T16:00:33+00:00\" \/>\n\t\t<meta property=\"article:publisher\" content=\"https:\/\/www.facebook.com\/Nachofdezber\" \/>\n\t\t<meta property=\"article:author\" content=\"https:\/\/www.facebook.com\/carrenoactualidad\" \/>\n\t\t<meta name=\"twitter:card\" content=\"summary_large_image\" \/>\n\t\t<meta name=\"twitter:site\" content=\"@NabercoDigital\" \/>\n\t\t<meta name=\"twitter:title\" content=\"Miles de personas se manifiestan en Alemania a favor de Erdogan | Cand\u00e1s 365\" \/>\n\t\t<meta name=\"twitter:description\" content=\"Colonia (Alemania), 31 jul (dpa) - Miles de personas salieron hoy a la calle en la ciudad alemana de Colonia, en el oeste del pa\u00eds, para manifestarse a favor del presidente turco, Recep Tayyip Erdogan. Varios miles de turco-alemanes se reunieron en la orilla derecha del Rin, muchos de ellos portando banderas turcas, bajo el\" \/>\n\t\t<meta name=\"twitter:creator\" content=\"@nbasturias\" \/>\n\t\t<meta name=\"twitter:image\" content=\"https:\/\/candas365.es\/noticias\/wp-content\/uploads\/2015\/09\/c365noticias.jpg\" \/>\n\t\t<meta name=\"twitter:label1\" content=\"Escrito por\" \/>\n\t\t<meta name=\"twitter:data1\" content=\"Cand\u00e1s 365\" \/>\n\t\t<meta name=\"twitter:label2\" content=\"Tiempo de lectura estimado\" \/>\n\t\t<meta name=\"twitter:data2\" content=\"2 minutos\" \/>\n\t\t<script type=\"application\/ld+json\" class=\"aioseo-schema\">\n\t\t\t{\"@context\":\"https:\\\/\\\/schema.org\",\"@graph\":[{\"@type\":\"BreadcrumbList\",\"@id\":\"https:\\\/\\\/candas365.es\\\/noticias\\\/miles-de-personas-se-manifiestan-en-alemania-a-favor-de-erdogan\\\/#breadcrumblist\",\"itemListElement\":[{\"@type\":\"ListItem\",\"@id\":\"https:\\\/\\\/candas365.es\\\/noticias#listItem\",\"position\":1,\"name\":\"Home\",\"item\":\"https:\\\/\\\/candas365.es\\\/noticias\",\"nextItem\":{\"@type\":\"ListItem\",\"@id\":\"https:\\\/\\\/candas365.es\\\/noticias\\\/category\\\/actualidad\\\/#listItem\",\"name\":\"Actualidad\"}},{\"@type\":\"ListItem\",\"@id\":\"https:\\\/\\\/candas365.es\\\/noticias\\\/category\\\/actualidad\\\/#listItem\",\"position\":2,\"name\":\"Actualidad\",\"item\":\"https:\\\/\\\/candas365.es\\\/noticias\\\/category\\\/actualidad\\\/\",\"nextItem\":{\"@type\":\"ListItem\",\"@id\":\"https:\\\/\\\/candas365.es\\\/noticias\\\/miles-de-personas-se-manifiestan-en-alemania-a-favor-de-erdogan\\\/#listItem\",\"name\":\"Miles de personas se manifiestan en Alemania a favor de Erdogan\"},\"previousItem\":{\"@type\":\"ListItem\",\"@id\":\"https:\\\/\\\/candas365.es\\\/noticias#listItem\",\"name\":\"Home\"}},{\"@type\":\"ListItem\",\"@id\":\"https:\\\/\\\/candas365.es\\\/noticias\\\/miles-de-personas-se-manifiestan-en-alemania-a-favor-de-erdogan\\\/#listItem\",\"position\":3,\"name\":\"Miles de personas se manifiestan en Alemania a favor de Erdogan\",\"previousItem\":{\"@type\":\"ListItem\",\"@id\":\"https:\\\/\\\/candas365.es\\\/noticias\\\/category\\\/actualidad\\\/#listItem\",\"name\":\"Actualidad\"}}]},{\"@type\":\"NewsArticle\",\"@id\":\"https:\\\/\\\/candas365.es\\\/noticias\\\/miles-de-personas-se-manifiestan-en-alemania-a-favor-de-erdogan\\\/#newsarticle\",\"name\":\"Miles de personas se manifiestan en Alemania a favor de Erdogan | Cand\\u00e1s 365\",\"headline\":\"Miles de personas se manifiestan en Alemania a favor de Erdogan\",\"author\":{\"@id\":\"https:\\\/\\\/candas365.es\\\/noticias\\\/author\\\/admin\\\/#author\"},\"publisher\":{\"@id\":\"https:\\\/\\\/candas365.es\\\/noticias\\\/#organization\"},\"image\":{\"@type\":\"ImageObject\",\"url\":\"https:\\\/\\\/candas365.es\\\/noticias\\\/wp-content\\\/uploads\\\/2015\\\/09\\\/c365noticias.jpg\",\"width\":655,\"height\":360},\"datePublished\":\"2016-07-31T17:30:33+02:00\",\"dateModified\":\"2016-07-31T17:30:33+02:00\",\"inLanguage\":\"es-ES\",\"mainEntityOfPage\":{\"@id\":\"https:\\\/\\\/candas365.es\\\/noticias\\\/miles-de-personas-se-manifiestan-en-alemania-a-favor-de-erdogan\\\/#webpage\"},\"isPartOf\":{\"@id\":\"https:\\\/\\\/candas365.es\\\/noticias\\\/miles-de-personas-se-manifiestan-en-alemania-a-favor-de-erdogan\\\/#webpage\"},\"articleSection\":\"Actualidad\",\"dateline\":\"Publicado el julio 31, 2016.\"},{\"@type\":\"Organization\",\"@id\":\"https:\\\/\\\/candas365.es\\\/noticias\\\/#organization\",\"name\":\"Cand\\u00e1s 365\",\"description\":\"Cand\\u00e1s 365 es un diario digital independiente, fundado en 2012, con base en Asturias. Informamos con rigor sobre actualidad, sociedad, cultura y ocio, con una mirada local y global.\",\"url\":\"https:\\\/\\\/candas365.es\\\/noticias\\\/\",\"email\":\"info@candas365.es\",\"telephone\":\"+34652131393\",\"foundingDate\":\"2012-06-10\",\"logo\":{\"@type\":\"ImageObject\",\"url\":\"https:\\\/\\\/candas365.es\\\/noticias\\\/wp-content\\\/uploads\\\/2024\\\/09\\\/Candas-365-Redes.jpg\",\"@id\":\"https:\\\/\\\/candas365.es\\\/noticias\\\/miles-de-personas-se-manifiestan-en-alemania-a-favor-de-erdogan\\\/#organizationLogo\",\"width\":1152,\"height\":864,\"caption\":\"Cand\\u00e1s 365 Redes\"},\"image\":{\"@id\":\"https:\\\/\\\/candas365.es\\\/noticias\\\/miles-de-personas-se-manifiestan-en-alemania-a-favor-de-erdogan\\\/#organizationLogo\"},\"sameAs\":[\"https:\\\/\\\/www.facebook.com\\\/Nachofdezber\",\"https:\\\/\\\/x.com\\\/NabercoDigital\",\"https:\\\/\\\/www.instagram.com\\\/nachofdezber\\\/\",\"https:\\\/\\\/www.youtube.com\\\/channel\\\/UCZP-2wLEB9Rv6erhFmqVnvg\"],\"address\":{\"@id\":\"https:\\\/\\\/candas365.es\\\/noticias\\\/#postaladdress\",\"@type\":\"PostalAddress\",\"streetAddress\":\"san antonio 4, san antonio 4\",\"postalCode\":\"33430\",\"addressLocality\":\"Cand\\u00e1s\",\"addressRegion\":\"Asturias\",\"addressCountry\":\"ES\"}},{\"@type\":\"Person\",\"@id\":\"https:\\\/\\\/candas365.es\\\/noticias\\\/author\\\/admin\\\/#author\",\"url\":\"https:\\\/\\\/candas365.es\\\/noticias\\\/author\\\/admin\\\/\",\"name\":\"Cand\\u00e1s 365\",\"image\":{\"@type\":\"ImageObject\",\"@id\":\"https:\\\/\\\/candas365.es\\\/noticias\\\/miles-de-personas-se-manifiestan-en-alemania-a-favor-de-erdogan\\\/#authorImage\",\"url\":\"https:\\\/\\\/secure.gravatar.com\\\/avatar\\\/496a8e03d0c493ede1718b7934145dbdf8d89be1036b0eec9544e1094c9de390?s=96&d=mm&r=g\",\"width\":96,\"height\":96,\"caption\":\"Cand\\u00e1s 365\"},\"sameAs\":[\"https:\\\/\\\/www.facebook.com\\\/carrenoactualidad\",\"https:\\\/\\\/twitter.com\\\/nbasturias\",\"https:\\\/\\\/www.instagram.com\\\/nachofdezber\\\/\",\"https:\\\/\\\/www.youtube.com\\\/channel\\\/UCZP-2wLEB9Rv6erhFmqVnvg\"]},{\"@type\":\"WebPage\",\"@id\":\"https:\\\/\\\/candas365.es\\\/noticias\\\/miles-de-personas-se-manifiestan-en-alemania-a-favor-de-erdogan\\\/#webpage\",\"url\":\"https:\\\/\\\/candas365.es\\\/noticias\\\/miles-de-personas-se-manifiestan-en-alemania-a-favor-de-erdogan\\\/\",\"name\":\"Miles de personas se manifiestan en Alemania a favor de Erdogan | Cand\\u00e1s 365\",\"description\":\"Colonia (Alemania), 31 jul (dpa) - Miles de personas salieron hoy a la calle en la ciudad alemana de Colonia, en el oeste del pa\\u00eds, para manifestarse a favor del presidente turco, Recep Tayyip Erdogan. Varios miles de turco-alemanes se reunieron en la orilla derecha del Rin, muchos de ellos portando banderas turcas, bajo el\",\"inLanguage\":\"es-ES\",\"isPartOf\":{\"@id\":\"https:\\\/\\\/candas365.es\\\/noticias\\\/#website\"},\"breadcrumb\":{\"@id\":\"https:\\\/\\\/candas365.es\\\/noticias\\\/miles-de-personas-se-manifiestan-en-alemania-a-favor-de-erdogan\\\/#breadcrumblist\"},\"author\":{\"@id\":\"https:\\\/\\\/candas365.es\\\/noticias\\\/author\\\/admin\\\/#author\"},\"creator\":{\"@id\":\"https:\\\/\\\/candas365.es\\\/noticias\\\/author\\\/admin\\\/#author\"},\"image\":{\"@type\":\"ImageObject\",\"url\":\"https:\\\/\\\/candas365.es\\\/noticias\\\/wp-content\\\/uploads\\\/2015\\\/09\\\/c365noticias.jpg\",\"@id\":\"https:\\\/\\\/candas365.es\\\/noticias\\\/miles-de-personas-se-manifiestan-en-alemania-a-favor-de-erdogan\\\/#mainImage\",\"width\":655,\"height\":360},\"primaryImageOfPage\":{\"@id\":\"https:\\\/\\\/candas365.es\\\/noticias\\\/miles-de-personas-se-manifiestan-en-alemania-a-favor-de-erdogan\\\/#mainImage\"},\"datePublished\":\"2016-07-31T17:30:33+02:00\",\"dateModified\":\"2016-07-31T17:30:33+02:00\"},{\"@type\":\"WebSite\",\"@id\":\"https:\\\/\\\/candas365.es\\\/noticias\\\/#website\",\"url\":\"https:\\\/\\\/candas365.es\\\/noticias\\\/\",\"name\":\"Cand\\u00e1s 365\",\"alternateName\":\"Cand\\u00e1s 365 Noticias\",\"description\":\"Actualidad desde Carre\\u00f1o para el mundo\",\"inLanguage\":\"es-ES\",\"publisher\":{\"@id\":\"https:\\\/\\\/candas365.es\\\/noticias\\\/#organization\"}}]}\n\t\t<\/script>\n\t\t<!-- All in One SEO Pro -->\r\n\t\t<title>Miles de personas se manifiestan en Alemania a favor de Erdogan | Cand\u00e1s 365<\/title>\n\n","aioseo_head_json":{"title":"Miles de personas se manifiestan en Alemania a favor de Erdogan | Cand\u00e1s 365","description":"Colonia (Alemania), 31 jul (dpa) - Miles de personas salieron hoy a la calle en la ciudad alemana de Colonia, en el oeste del pa\u00eds, para manifestarse a favor del presidente turco, Recep Tayyip Erdogan. Varios miles de turco-alemanes se reunieron en la orilla derecha del Rin, muchos de ellos portando banderas turcas, bajo el","canonical_url":"https:\/\/candas365.es\/noticias\/miles-de-personas-se-manifiestan-en-alemania-a-favor-de-erdogan\/","robots":"max-image-preview:large","keywords":"actualidad","webmasterTools":{"google-site-verification":"UA-32230408-1","msvalidate.01":"354F3CDFB2DA171B47FBE9ABF1F88D5","miscellaneous":""},"schema":{"@context":"https:\/\/schema.org","@graph":[{"@type":"BreadcrumbList","@id":"https:\/\/candas365.es\/noticias\/miles-de-personas-se-manifiestan-en-alemania-a-favor-de-erdogan\/#breadcrumblist","itemListElement":[{"@type":"ListItem","@id":"https:\/\/candas365.es\/noticias#listItem","position":1,"name":"Home","item":"https:\/\/candas365.es\/noticias","nextItem":{"@type":"ListItem","@id":"https:\/\/candas365.es\/noticias\/category\/actualidad\/#listItem","name":"Actualidad"}},{"@type":"ListItem","@id":"https:\/\/candas365.es\/noticias\/category\/actualidad\/#listItem","position":2,"name":"Actualidad","item":"https:\/\/candas365.es\/noticias\/category\/actualidad\/","nextItem":{"@type":"ListItem","@id":"https:\/\/candas365.es\/noticias\/miles-de-personas-se-manifiestan-en-alemania-a-favor-de-erdogan\/#listItem","name":"Miles de personas se manifiestan en Alemania a favor de Erdogan"},"previousItem":{"@type":"ListItem","@id":"https:\/\/candas365.es\/noticias#listItem","name":"Home"}},{"@type":"ListItem","@id":"https:\/\/candas365.es\/noticias\/miles-de-personas-se-manifiestan-en-alemania-a-favor-de-erdogan\/#listItem","position":3,"name":"Miles de personas se manifiestan en Alemania a favor de Erdogan","previousItem":{"@type":"ListItem","@id":"https:\/\/candas365.es\/noticias\/category\/actualidad\/#listItem","name":"Actualidad"}}]},{"@type":"NewsArticle","@id":"https:\/\/candas365.es\/noticias\/miles-de-personas-se-manifiestan-en-alemania-a-favor-de-erdogan\/#newsarticle","name":"Miles de personas se manifiestan en Alemania a favor de Erdogan | Cand\u00e1s 365","headline":"Miles de personas se manifiestan en Alemania a favor de Erdogan","author":{"@id":"https:\/\/candas365.es\/noticias\/author\/admin\/#author"},"publisher":{"@id":"https:\/\/candas365.es\/noticias\/#organization"},"image":{"@type":"ImageObject","url":"https:\/\/candas365.es\/noticias\/wp-content\/uploads\/2015\/09\/c365noticias.jpg","width":655,"height":360},"datePublished":"2016-07-31T17:30:33+02:00","dateModified":"2016-07-31T17:30:33+02:00","inLanguage":"es-ES","mainEntityOfPage":{"@id":"https:\/\/candas365.es\/noticias\/miles-de-personas-se-manifiestan-en-alemania-a-favor-de-erdogan\/#webpage"},"isPartOf":{"@id":"https:\/\/candas365.es\/noticias\/miles-de-personas-se-manifiestan-en-alemania-a-favor-de-erdogan\/#webpage"},"articleSection":"Actualidad","dateline":"Publicado el julio 31, 2016."},{"@type":"Organization","@id":"https:\/\/candas365.es\/noticias\/#organization","name":"Cand\u00e1s 365","description":"Cand\u00e1s 365 es un diario digital independiente, fundado en 2012, con base en Asturias. Informamos con rigor sobre actualidad, sociedad, cultura y ocio, con una mirada local y global.","url":"https:\/\/candas365.es\/noticias\/","email":"info@candas365.es","telephone":"+34652131393","foundingDate":"2012-06-10","logo":{"@type":"ImageObject","url":"https:\/\/candas365.es\/noticias\/wp-content\/uploads\/2024\/09\/Candas-365-Redes.jpg","@id":"https:\/\/candas365.es\/noticias\/miles-de-personas-se-manifiestan-en-alemania-a-favor-de-erdogan\/#organizationLogo","width":1152,"height":864,"caption":"Cand\u00e1s 365 Redes"},"image":{"@id":"https:\/\/candas365.es\/noticias\/miles-de-personas-se-manifiestan-en-alemania-a-favor-de-erdogan\/#organizationLogo"},"sameAs":["https:\/\/www.facebook.com\/Nachofdezber","https:\/\/x.com\/NabercoDigital","https:\/\/www.instagram.com\/nachofdezber\/","https:\/\/www.youtube.com\/channel\/UCZP-2wLEB9Rv6erhFmqVnvg"],"address":{"@id":"https:\/\/candas365.es\/noticias\/#postaladdress","@type":"PostalAddress","streetAddress":"san antonio 4, san antonio 4","postalCode":"33430","addressLocality":"Cand\u00e1s","addressRegion":"Asturias","addressCountry":"ES"}},{"@type":"Person","@id":"https:\/\/candas365.es\/noticias\/author\/admin\/#author","url":"https:\/\/candas365.es\/noticias\/author\/admin\/","name":"Cand\u00e1s 365","image":{"@type":"ImageObject","@id":"https:\/\/candas365.es\/noticias\/miles-de-personas-se-manifiestan-en-alemania-a-favor-de-erdogan\/#authorImage","url":"https:\/\/secure.gravatar.com\/avatar\/496a8e03d0c493ede1718b7934145dbdf8d89be1036b0eec9544e1094c9de390?s=96&d=mm&r=g","width":96,"height":96,"caption":"Cand\u00e1s 365"},"sameAs":["https:\/\/www.facebook.com\/carrenoactualidad","https:\/\/twitter.com\/nbasturias","https:\/\/www.instagram.com\/nachofdezber\/","https:\/\/www.youtube.com\/channel\/UCZP-2wLEB9Rv6erhFmqVnvg"]},{"@type":"WebPage","@id":"https:\/\/candas365.es\/noticias\/miles-de-personas-se-manifiestan-en-alemania-a-favor-de-erdogan\/#webpage","url":"https:\/\/candas365.es\/noticias\/miles-de-personas-se-manifiestan-en-alemania-a-favor-de-erdogan\/","name":"Miles de personas se manifiestan en Alemania a favor de Erdogan | Cand\u00e1s 365","description":"Colonia (Alemania), 31 jul (dpa) - Miles de personas salieron hoy a la calle en la ciudad alemana de Colonia, en el oeste del pa\u00eds, para manifestarse a favor del presidente turco, Recep Tayyip Erdogan. Varios miles de turco-alemanes se reunieron en la orilla derecha del Rin, muchos de ellos portando banderas turcas, bajo el","inLanguage":"es-ES","isPartOf":{"@id":"https:\/\/candas365.es\/noticias\/#website"},"breadcrumb":{"@id":"https:\/\/candas365.es\/noticias\/miles-de-personas-se-manifiestan-en-alemania-a-favor-de-erdogan\/#breadcrumblist"},"author":{"@id":"https:\/\/candas365.es\/noticias\/author\/admin\/#author"},"creator":{"@id":"https:\/\/candas365.es\/noticias\/author\/admin\/#author"},"image":{"@type":"ImageObject","url":"https:\/\/candas365.es\/noticias\/wp-content\/uploads\/2015\/09\/c365noticias.jpg","@id":"https:\/\/candas365.es\/noticias\/miles-de-personas-se-manifiestan-en-alemania-a-favor-de-erdogan\/#mainImage","width":655,"height":360},"primaryImageOfPage":{"@id":"https:\/\/candas365.es\/noticias\/miles-de-personas-se-manifiestan-en-alemania-a-favor-de-erdogan\/#mainImage"},"datePublished":"2016-07-31T17:30:33+02:00","dateModified":"2016-07-31T17:30:33+02:00"},{"@type":"WebSite","@id":"https:\/\/candas365.es\/noticias\/#website","url":"https:\/\/candas365.es\/noticias\/","name":"Cand\u00e1s 365","alternateName":"Cand\u00e1s 365 Noticias","description":"Actualidad desde Carre\u00f1o para el mundo","inLanguage":"es-ES","publisher":{"@id":"https:\/\/candas365.es\/noticias\/#organization"}}]},"og:locale":"es_ES","og:site_name":"Cand\u00e1s 365","og:type":"article","og:title":"Miles de personas se manifiestan en Alemania a favor de Erdogan | Cand\u00e1s 365","og:description":"Colonia (Alemania), 31 jul (dpa) - Miles de personas salieron hoy a la calle en la ciudad alemana de Colonia, en el oeste del pa\u00eds, para manifestarse a favor del presidente turco, Recep Tayyip Erdogan. Varios miles de turco-alemanes se reunieron en la orilla derecha del Rin, muchos de ellos portando banderas turcas, bajo el","og:url":"https:\/\/candas365.es\/noticias\/miles-de-personas-se-manifiestan-en-alemania-a-favor-de-erdogan\/","og:image":"https:\/\/candas365.es\/noticias\/wp-content\/uploads\/2015\/09\/c365noticias.jpg","og:image:secure_url":"https:\/\/candas365.es\/noticias\/wp-content\/uploads\/2015\/09\/c365noticias.jpg","og:image:width":655,"og:image:height":360,"article:published_time":"2016-07-31T16:00:33+00:00","article:modified_time":"2016-07-31T16:00:33+00:00","article:publisher":"https:\/\/www.facebook.com\/Nachofdezber","article:author":"https:\/\/www.facebook.com\/carrenoactualidad","twitter:card":"summary_large_image","twitter:site":"@NabercoDigital","twitter:title":"Miles de personas se manifiestan en Alemania a favor de Erdogan | Cand\u00e1s 365","twitter:description":"Colonia (Alemania), 31 jul (dpa) - Miles de personas salieron hoy a la calle en la ciudad alemana de Colonia, en el oeste del pa\u00eds, para manifestarse a favor del presidente turco, Recep Tayyip Erdogan. Varios miles de turco-alemanes se reunieron en la orilla derecha del Rin, muchos de ellos portando banderas turcas, bajo el","twitter:creator":"@nbasturias","twitter:image":"https:\/\/candas365.es\/noticias\/wp-content\/uploads\/2015\/09\/c365noticias.jpg","twitter:label1":"Escrito por","twitter:data1":"Cand\u00e1s 365","twitter:label2":"Tiempo de lectura estimado","twitter:data2":"2 minutos"},"aioseo_meta_data":{"post_id":"32997","title":null,"description":null,"keywords":null,"keyphrases":null,"primary_term":null,"canonical_url":null,"og_title":null,"og_description":null,"og_object_type":"default","og_image_type":"default","og_image_url":null,"og_image_width":null,"og_image_height":null,"og_image_custom_url":null,"og_image_custom_fields":null,"og_video":null,"og_custom_url":null,"og_article_section":null,"og_article_tags":null,"twitter_use_og":false,"twitter_card":"default","twitter_image_type":"default","twitter_image_url":null,"twitter_image_custom_url":null,"twitter_image_custom_fields":null,"twitter_title":null,"twitter_description":null,"schema":{"blockGraphs":[],"customGraphs":[],"default":{"data":{"Article":[],"Course":[],"Dataset":[],"FAQPage":[],"Movie":[],"Person":[],"Product":[],"ProductReview":[],"Car":[],"Recipe":[],"Service":[],"SoftwareApplication":[],"WebPage":[]},"graphName":"","isEnabled":true},"graphs":[]},"schema_type":null,"schema_type_options":null,"pillar_content":false,"robots_default":true,"robots_noindex":false,"robots_noarchive":false,"robots_nosnippet":false,"robots_nofollow":false,"robots_noimageindex":false,"robots_noodp":false,"robots_notranslate":false,"robots_max_snippet":null,"robots_max_videopreview":null,"robots_max_imagepreview":"large","priority":null,"frequency":null,"location":null,"local_seo":null,"seo_analyzer_scan_date":"2025-08-24 16:14:09","breadcrumb_settings":null,"limit_modified_date":false,"reviewed_by":null,"open_ai":null,"ai":null,"created":"2020-12-21 13:05:47","updated":"2025-08-24 16:14:09"},"aioseo_breadcrumb":"<div class=\"aioseo-breadcrumbs\"><span class=\"aioseo-breadcrumb\">\n\t<a href=\"https:\/\/candas365.es\/noticias\" title=\"Home\">Home<\/a>\n<\/span><span class=\"aioseo-breadcrumb-separator\">&ndash;<\/span><span class=\"aioseo-breadcrumb\">\n\t<a href=\"https:\/\/candas365.es\/noticias\/category\/actualidad\/\" title=\"Actualidad\">Actualidad<\/a>\n<\/span><span class=\"aioseo-breadcrumb-separator\">&ndash;<\/span><span class=\"aioseo-breadcrumb\">\n\tMiles de personas se manifiestan en Alemania a favor de Erdogan\n<\/span><\/div>","aioseo_breadcrumb_json":[{"label":"Home","link":"https:\/\/candas365.es\/noticias"},{"label":"Actualidad","link":"https:\/\/candas365.es\/noticias\/category\/actualidad\/"},{"label":"Miles de personas se manifiestan en Alemania a favor de Erdogan","link":"https:\/\/candas365.es\/noticias\/miles-de-personas-se-manifiestan-en-alemania-a-favor-de-erdogan\/"}],"_links":{"self":[{"href":"https:\/\/candas365.es\/noticias\/wp-json\/wp\/v2\/posts\/32997","targetHints":{"allow":["GET"]}}],"collection":[{"href":"https:\/\/candas365.es\/noticias\/wp-json\/wp\/v2\/posts"}],"about":[{"href":"https:\/\/candas365.es\/noticias\/wp-json\/wp\/v2\/types\/post"}],"author":[{"embeddable":true,"href":"https:\/\/candas365.es\/noticias\/wp-json\/wp\/v2\/users\/1"}],"replies":[{"embeddable":true,"href":"https:\/\/candas365.es\/noticias\/wp-json\/wp\/v2\/comments?post=32997"}],"version-history":[{"count":0,"href":"https:\/\/candas365.es\/noticias\/wp-json\/wp\/v2\/posts\/32997\/revisions"}],"wp:featuredmedia":[{"embeddable":true,"href":"https:\/\/candas365.es\/noticias\/wp-json\/wp\/v2\/media\/16457"}],"wp:attachment":[{"href":"https:\/\/candas365.es\/noticias\/wp-json\/wp\/v2\/media?parent=32997"}],"wp:term":[{"taxonomy":"category","embeddable":true,"href":"https:\/\/candas365.es\/noticias\/wp-json\/wp\/v2\/categories?post=32997"},{"taxonomy":"post_tag","embeddable":true,"href":"https:\/\/candas365.es\/noticias\/wp-json\/wp\/v2\/tags?post=32997"}],"curies":[{"name":"wp","href":"https:\/\/api.w.org\/{rel}","templated":true}]}}