{"id":32989,"date":"2016-07-31T17:26:48","date_gmt":"2016-07-31T15:56:48","guid":{"rendered":"http:\/\/candas365.es\/noticias\/?p=32989"},"modified":"2016-07-31T17:26:48","modified_gmt":"2016-07-31T15:56:48","slug":"vettel-sobre-schumacher-es-un-destino-brutal","status":"publish","type":"post","link":"https:\/\/candas365.es\/noticias\/vettel-sobre-schumacher-es-un-destino-brutal\/","title":{"rendered":"Vettel sobre Schumacher: \u00abEs un destino brutal\u00bb"},"content":{"rendered":"<p><img fetchpriority=\"high\" decoding=\"async\" class=\"alignleft size-medium wp-image-26631\" src=\"https:\/\/candas365.es\/noticias\/wp-content\/uploads\/2016\/02\/schumi-360x265.jpg\" alt=\"schumi\" width=\"360\" height=\"265\" srcset=\"https:\/\/candas365.es\/noticias\/wp-content\/uploads\/2016\/02\/schumi-360x265.jpg 360w, https:\/\/candas365.es\/noticias\/wp-content\/uploads\/2016\/02\/schumi-150x110.jpg 150w, https:\/\/candas365.es\/noticias\/wp-content\/uploads\/2016\/02\/schumi-80x60.jpg 80w, https:\/\/candas365.es\/noticias\/wp-content\/uploads\/2016\/02\/schumi-338x250.jpg 338w, https:\/\/candas365.es\/noticias\/wp-content\/uploads\/2016\/02\/schumi-90x67.jpg 90w, https:\/\/candas365.es\/noticias\/wp-content\/uploads\/2016\/02\/schumi.jpg 400w\" sizes=\"(max-width: 360px) 100vw, 360px\" \/>Hockenheim (Alemania), 31 jul (dpa) &#8211; El piloto alem\u00e1n Sebastian Vettel lament\u00f3 de nuevo el estado de salud en que se encuentra su compatriota Michael Schumacher, una leyenda de la F\u00f3rmula 1, aunque record\u00f3 que la esperanza de que se recupere sigue estando presente.<\/p>\n<p>\u00abEs un destino brutal. Sin embargo, la esperanza siempre est\u00e1 ah\u00ed. Quien lo conoci\u00f3 en su tiempo en activo sabe que Michael es un luchador. Si hay alguien que lo puede lograr, \u00e9se es \u00e9l\u00bb, declar\u00f3 Vettel, de Ferrari, en una entrevista conjunta con el jugador alem\u00e1n de baloncesto Dirk Nowitzki publicada hoy en el dominical \u00abBild am Sonntag\u00bb.<\/p>\n<p>\u00abNo debemos dejar de creer en ello\u00bb, a\u00f1adi\u00f3 Vettel.<\/p>\n<p>Schumacher, heptacampe\u00f3n del mundo de F\u00f3rmula 1, tuvo un accidente de esqu\u00ed el 29 de diciembre de 2013 que le provoc\u00f3 una grave lesi\u00f3n craneoencef\u00e1lica a pesar de llevar casco.<\/p>\n<p>Tras meses en coma, en septiembre de 2014 pudo regresar a casa despu\u00e9s de pasar unas semanas en una cl\u00ednica de rehabilitaci\u00f3n en Lausana, Suiza. Su estado de salud actual es una inc\u00f3gnita.<\/p>\n<p>Nowitzki reconoci\u00f3 que lo que le pas\u00f3 a Schumacher le dio que pensar. Sin embargo, no se puede vivir la vida en constante miedo, opin\u00f3 la estrella de los Dallas Mavericks.<\/p>\n<p>\u00abDebo jugar a pleno rendimiento en cada entrenamiento y partido\u00bb, indic\u00f3. \u00abCuando se est\u00e1 inmerso en un campeonato, como estamos nosotros, no te lo puedes permitir\u00bb.<\/p>\n<p>\u00abEn general no se puede andar por la ciudad y tener el constante miedo de que algo puede pasar. Entonces la vida ya no valdr\u00eda la pena. Hay que disfrutar de la vida\u00bb, agreg\u00f3 Vettel, que junto con Nowitzki particip\u00f3 en un partido ben\u00e9fico en honor de Schumacher en Maguncia.<\/p>\n<p>&nbsp;<\/p>\n","protected":false},"excerpt":{"rendered":"<p>Hockenheim (Alemania), 31 jul (dpa) &#8211; El piloto alem\u00e1n Sebastian Vettel lament\u00f3 de nuevo el estado de salud en que se encuentra su compatriota Michael Schumacher, una leyenda de la F\u00f3rmula 1, aunque record\u00f3 que la esperanza de que se recupere sigue estando presente. \u00abEs un destino brutal. Sin embargo, la esperanza siempre est\u00e1 ah\u00ed.<\/p>\n","protected":false},"author":1,"featured_media":26631,"comment_status":"closed","ping_status":"closed","sticky":false,"template":"","format":"standard","meta":{"footnotes":""},"categories":[343],"tags":[],"class_list":{"0":"post-32989","1":"post","2":"type-post","3":"status-publish","4":"format-standard","5":"has-post-thumbnail","7":"category-actualidad"},"aioseo_notices":[],"aioseo_head":"\n\t\t<!-- All in One SEO Pro 4.9.6.2 - aioseo.com -->\n\t<meta name=\"description\" content=\"Hockenheim (Alemania), 31 jul (dpa) - El piloto alem\u00e1n Sebastian Vettel lament\u00f3 de nuevo el estado de salud en que se encuentra su compatriota Michael Schumacher, una leyenda de la F\u00f3rmula 1, aunque record\u00f3 que la esperanza de que se recupere sigue estando presente. &quot;Es un destino brutal. Sin embargo, la esperanza siempre est\u00e1 ah\u00ed.\" \/>\n\t<meta name=\"robots\" content=\"max-image-preview:large\" \/>\n\t<meta name=\"author\" content=\"Cand\u00e1s 365\"\/>\n\t<meta name=\"google-site-verification\" content=\"UA-32230408-1\" \/>\n\t<meta name=\"msvalidate.01\" content=\"354F3CDFB2DA171B47FBE9ABF1F88D5\" \/>\n\t<meta name=\"keywords\" content=\"actualidad\" \/>\n\t<link rel=\"canonical\" href=\"https:\/\/candas365.es\/noticias\/vettel-sobre-schumacher-es-un-destino-brutal\/\" \/>\n\t<meta name=\"generator\" content=\"All in One SEO Pro (AIOSEO) 4.9.6.2\" \/>\n\t\t<meta property=\"og:locale\" content=\"es_ES\" \/>\n\t\t<meta property=\"og:site_name\" content=\"Cand\u00e1s 365\" \/>\n\t\t<meta property=\"og:type\" content=\"article\" \/>\n\t\t<meta property=\"og:title\" content=\"Vettel sobre Schumacher: \u00abEs un destino brutal\u00bb | Cand\u00e1s 365\" \/>\n\t\t<meta property=\"og:description\" content=\"Hockenheim (Alemania), 31 jul (dpa) - El piloto alem\u00e1n Sebastian Vettel lament\u00f3 de nuevo el estado de salud en que se encuentra su compatriota Michael Schumacher, una leyenda de la F\u00f3rmula 1, aunque record\u00f3 que la esperanza de que se recupere sigue estando presente. &quot;Es un destino brutal. Sin embargo, la esperanza siempre est\u00e1 ah\u00ed.\" \/>\n\t\t<meta property=\"og:url\" content=\"https:\/\/candas365.es\/noticias\/vettel-sobre-schumacher-es-un-destino-brutal\/\" \/>\n\t\t<meta property=\"og:image\" content=\"https:\/\/candas365.es\/noticias\/wp-content\/uploads\/2016\/02\/schumi.jpg\" \/>\n\t\t<meta property=\"og:image:secure_url\" content=\"https:\/\/candas365.es\/noticias\/wp-content\/uploads\/2016\/02\/schumi.jpg\" \/>\n\t\t<meta property=\"og:image:width\" content=\"400\" \/>\n\t\t<meta property=\"og:image:height\" content=\"294\" \/>\n\t\t<meta property=\"article:published_time\" content=\"2016-07-31T15:56:48+00:00\" \/>\n\t\t<meta property=\"article:modified_time\" content=\"2016-07-31T15:56:48+00:00\" \/>\n\t\t<meta property=\"article:publisher\" content=\"https:\/\/www.facebook.com\/Nachofdezber\" \/>\n\t\t<meta property=\"article:author\" content=\"https:\/\/www.facebook.com\/carrenoactualidad\" \/>\n\t\t<meta name=\"twitter:card\" content=\"summary_large_image\" \/>\n\t\t<meta name=\"twitter:site\" content=\"@NabercoDigital\" \/>\n\t\t<meta name=\"twitter:title\" content=\"Vettel sobre Schumacher: \u00abEs un destino brutal\u00bb | Cand\u00e1s 365\" \/>\n\t\t<meta name=\"twitter:description\" content=\"Hockenheim (Alemania), 31 jul (dpa) - El piloto alem\u00e1n Sebastian Vettel lament\u00f3 de nuevo el estado de salud en que se encuentra su compatriota Michael Schumacher, una leyenda de la F\u00f3rmula 1, aunque record\u00f3 que la esperanza de que se recupere sigue estando presente. &quot;Es un destino brutal. Sin embargo, la esperanza siempre est\u00e1 ah\u00ed.\" \/>\n\t\t<meta name=\"twitter:creator\" content=\"@nbasturias\" \/>\n\t\t<meta name=\"twitter:image\" content=\"https:\/\/candas365.es\/noticias\/wp-content\/uploads\/2016\/02\/schumi.jpg\" \/>\n\t\t<meta name=\"twitter:label1\" content=\"Escrito por\" \/>\n\t\t<meta name=\"twitter:data1\" content=\"Cand\u00e1s 365\" \/>\n\t\t<meta name=\"twitter:label2\" content=\"Tiempo de lectura estimado\" \/>\n\t\t<meta name=\"twitter:data2\" content=\"1 minuto\" \/>\n\t\t<script type=\"application\/ld+json\" class=\"aioseo-schema\">\n\t\t\t{\"@context\":\"https:\\\/\\\/schema.org\",\"@graph\":[{\"@type\":\"BreadcrumbList\",\"@id\":\"https:\\\/\\\/candas365.es\\\/noticias\\\/vettel-sobre-schumacher-es-un-destino-brutal\\\/#breadcrumblist\",\"itemListElement\":[{\"@type\":\"ListItem\",\"@id\":\"https:\\\/\\\/candas365.es\\\/noticias#listItem\",\"position\":1,\"name\":\"Home\",\"item\":\"https:\\\/\\\/candas365.es\\\/noticias\",\"nextItem\":{\"@type\":\"ListItem\",\"@id\":\"https:\\\/\\\/candas365.es\\\/noticias\\\/category\\\/actualidad\\\/#listItem\",\"name\":\"Actualidad\"}},{\"@type\":\"ListItem\",\"@id\":\"https:\\\/\\\/candas365.es\\\/noticias\\\/category\\\/actualidad\\\/#listItem\",\"position\":2,\"name\":\"Actualidad\",\"item\":\"https:\\\/\\\/candas365.es\\\/noticias\\\/category\\\/actualidad\\\/\",\"nextItem\":{\"@type\":\"ListItem\",\"@id\":\"https:\\\/\\\/candas365.es\\\/noticias\\\/vettel-sobre-schumacher-es-un-destino-brutal\\\/#listItem\",\"name\":\"Vettel sobre Schumacher: \\u00abEs un destino brutal\\u00bb\"},\"previousItem\":{\"@type\":\"ListItem\",\"@id\":\"https:\\\/\\\/candas365.es\\\/noticias#listItem\",\"name\":\"Home\"}},{\"@type\":\"ListItem\",\"@id\":\"https:\\\/\\\/candas365.es\\\/noticias\\\/vettel-sobre-schumacher-es-un-destino-brutal\\\/#listItem\",\"position\":3,\"name\":\"Vettel sobre Schumacher: \\u00abEs un destino brutal\\u00bb\",\"previousItem\":{\"@type\":\"ListItem\",\"@id\":\"https:\\\/\\\/candas365.es\\\/noticias\\\/category\\\/actualidad\\\/#listItem\",\"name\":\"Actualidad\"}}]},{\"@type\":\"NewsArticle\",\"@id\":\"https:\\\/\\\/candas365.es\\\/noticias\\\/vettel-sobre-schumacher-es-un-destino-brutal\\\/#newsarticle\",\"name\":\"Vettel sobre Schumacher: \\u00abEs un destino brutal\\u00bb | Cand\\u00e1s 365\",\"headline\":\"Vettel sobre Schumacher: \\u00abEs un destino brutal\\u00bb\",\"author\":{\"@id\":\"https:\\\/\\\/candas365.es\\\/noticias\\\/author\\\/admin\\\/#author\"},\"publisher\":{\"@id\":\"https:\\\/\\\/candas365.es\\\/noticias\\\/#organization\"},\"image\":{\"@type\":\"ImageObject\",\"url\":\"https:\\\/\\\/candas365.es\\\/noticias\\\/wp-content\\\/uploads\\\/2016\\\/02\\\/schumi.jpg\",\"width\":400,\"height\":294},\"datePublished\":\"2016-07-31T17:26:48+02:00\",\"dateModified\":\"2016-07-31T17:26:48+02:00\",\"inLanguage\":\"es-ES\",\"mainEntityOfPage\":{\"@id\":\"https:\\\/\\\/candas365.es\\\/noticias\\\/vettel-sobre-schumacher-es-un-destino-brutal\\\/#webpage\"},\"isPartOf\":{\"@id\":\"https:\\\/\\\/candas365.es\\\/noticias\\\/vettel-sobre-schumacher-es-un-destino-brutal\\\/#webpage\"},\"articleSection\":\"Actualidad\",\"dateline\":\"Publicado el julio 31, 2016.\"},{\"@type\":\"Organization\",\"@id\":\"https:\\\/\\\/candas365.es\\\/noticias\\\/#organization\",\"name\":\"Cand\\u00e1s 365\",\"description\":\"Cand\\u00e1s 365 es un diario digital independiente, fundado en 2012, con base en Asturias. Informamos con rigor sobre actualidad, sociedad, cultura y ocio, con una mirada local y global.\",\"url\":\"https:\\\/\\\/candas365.es\\\/noticias\\\/\",\"email\":\"info@candas365.es\",\"telephone\":\"+34652131393\",\"foundingDate\":\"2012-06-10\",\"logo\":{\"@type\":\"ImageObject\",\"url\":\"https:\\\/\\\/candas365.es\\\/noticias\\\/wp-content\\\/uploads\\\/2024\\\/09\\\/Candas-365-Redes.jpg\",\"@id\":\"https:\\\/\\\/candas365.es\\\/noticias\\\/vettel-sobre-schumacher-es-un-destino-brutal\\\/#organizationLogo\",\"width\":1152,\"height\":864,\"caption\":\"Cand\\u00e1s 365 Redes\"},\"image\":{\"@id\":\"https:\\\/\\\/candas365.es\\\/noticias\\\/vettel-sobre-schumacher-es-un-destino-brutal\\\/#organizationLogo\"},\"sameAs\":[\"https:\\\/\\\/www.facebook.com\\\/Nachofdezber\",\"https:\\\/\\\/x.com\\\/NabercoDigital\",\"https:\\\/\\\/www.instagram.com\\\/nachofdezber\\\/\",\"https:\\\/\\\/www.youtube.com\\\/channel\\\/UCZP-2wLEB9Rv6erhFmqVnvg\"],\"address\":{\"@id\":\"https:\\\/\\\/candas365.es\\\/noticias\\\/#postaladdress\",\"@type\":\"PostalAddress\",\"streetAddress\":\"san antonio 4, san antonio 4\",\"postalCode\":\"33430\",\"addressLocality\":\"Cand\\u00e1s\",\"addressRegion\":\"Asturias\",\"addressCountry\":\"ES\"}},{\"@type\":\"Person\",\"@id\":\"https:\\\/\\\/candas365.es\\\/noticias\\\/author\\\/admin\\\/#author\",\"url\":\"https:\\\/\\\/candas365.es\\\/noticias\\\/author\\\/admin\\\/\",\"name\":\"Cand\\u00e1s 365\",\"image\":{\"@type\":\"ImageObject\",\"@id\":\"https:\\\/\\\/candas365.es\\\/noticias\\\/vettel-sobre-schumacher-es-un-destino-brutal\\\/#authorImage\",\"url\":\"https:\\\/\\\/secure.gravatar.com\\\/avatar\\\/496a8e03d0c493ede1718b7934145dbdf8d89be1036b0eec9544e1094c9de390?s=96&d=mm&r=g\",\"width\":96,\"height\":96,\"caption\":\"Cand\\u00e1s 365\"},\"sameAs\":[\"https:\\\/\\\/www.facebook.com\\\/carrenoactualidad\",\"https:\\\/\\\/twitter.com\\\/nbasturias\",\"https:\\\/\\\/www.instagram.com\\\/nachofdezber\\\/\",\"https:\\\/\\\/www.youtube.com\\\/channel\\\/UCZP-2wLEB9Rv6erhFmqVnvg\"]},{\"@type\":\"WebPage\",\"@id\":\"https:\\\/\\\/candas365.es\\\/noticias\\\/vettel-sobre-schumacher-es-un-destino-brutal\\\/#webpage\",\"url\":\"https:\\\/\\\/candas365.es\\\/noticias\\\/vettel-sobre-schumacher-es-un-destino-brutal\\\/\",\"name\":\"Vettel sobre Schumacher: \\u00abEs un destino brutal\\u00bb | Cand\\u00e1s 365\",\"description\":\"Hockenheim (Alemania), 31 jul (dpa) - El piloto alem\\u00e1n Sebastian Vettel lament\\u00f3 de nuevo el estado de salud en que se encuentra su compatriota Michael Schumacher, una leyenda de la F\\u00f3rmula 1, aunque record\\u00f3 que la esperanza de que se recupere sigue estando presente. \\\"Es un destino brutal. Sin embargo, la esperanza siempre est\\u00e1 ah\\u00ed.\",\"inLanguage\":\"es-ES\",\"isPartOf\":{\"@id\":\"https:\\\/\\\/candas365.es\\\/noticias\\\/#website\"},\"breadcrumb\":{\"@id\":\"https:\\\/\\\/candas365.es\\\/noticias\\\/vettel-sobre-schumacher-es-un-destino-brutal\\\/#breadcrumblist\"},\"author\":{\"@id\":\"https:\\\/\\\/candas365.es\\\/noticias\\\/author\\\/admin\\\/#author\"},\"creator\":{\"@id\":\"https:\\\/\\\/candas365.es\\\/noticias\\\/author\\\/admin\\\/#author\"},\"image\":{\"@type\":\"ImageObject\",\"url\":\"https:\\\/\\\/candas365.es\\\/noticias\\\/wp-content\\\/uploads\\\/2016\\\/02\\\/schumi.jpg\",\"@id\":\"https:\\\/\\\/candas365.es\\\/noticias\\\/vettel-sobre-schumacher-es-un-destino-brutal\\\/#mainImage\",\"width\":400,\"height\":294},\"primaryImageOfPage\":{\"@id\":\"https:\\\/\\\/candas365.es\\\/noticias\\\/vettel-sobre-schumacher-es-un-destino-brutal\\\/#mainImage\"},\"datePublished\":\"2016-07-31T17:26:48+02:00\",\"dateModified\":\"2016-07-31T17:26:48+02:00\"},{\"@type\":\"WebSite\",\"@id\":\"https:\\\/\\\/candas365.es\\\/noticias\\\/#website\",\"url\":\"https:\\\/\\\/candas365.es\\\/noticias\\\/\",\"name\":\"Cand\\u00e1s 365\",\"alternateName\":\"Cand\\u00e1s 365 Noticias\",\"description\":\"Actualidad desde Carre\\u00f1o para el mundo\",\"inLanguage\":\"es-ES\",\"publisher\":{\"@id\":\"https:\\\/\\\/candas365.es\\\/noticias\\\/#organization\"}}]}\n\t\t<\/script>\n\t\t<!-- All in One SEO Pro -->\r\n\t\t<title>Vettel sobre Schumacher: \u00abEs un destino brutal\u00bb | Cand\u00e1s 365<\/title>\n\n","aioseo_head_json":{"title":"Vettel sobre Schumacher: \u00abEs un destino brutal\u00bb | Cand\u00e1s 365","description":"Hockenheim (Alemania), 31 jul (dpa) - El piloto alem\u00e1n Sebastian Vettel lament\u00f3 de nuevo el estado de salud en que se encuentra su compatriota Michael Schumacher, una leyenda de la F\u00f3rmula 1, aunque record\u00f3 que la esperanza de que se recupere sigue estando presente. \"Es un destino brutal. Sin embargo, la esperanza siempre est\u00e1 ah\u00ed.","canonical_url":"https:\/\/candas365.es\/noticias\/vettel-sobre-schumacher-es-un-destino-brutal\/","robots":"max-image-preview:large","keywords":"actualidad","webmasterTools":{"google-site-verification":"UA-32230408-1","msvalidate.01":"354F3CDFB2DA171B47FBE9ABF1F88D5","miscellaneous":""},"schema":{"@context":"https:\/\/schema.org","@graph":[{"@type":"BreadcrumbList","@id":"https:\/\/candas365.es\/noticias\/vettel-sobre-schumacher-es-un-destino-brutal\/#breadcrumblist","itemListElement":[{"@type":"ListItem","@id":"https:\/\/candas365.es\/noticias#listItem","position":1,"name":"Home","item":"https:\/\/candas365.es\/noticias","nextItem":{"@type":"ListItem","@id":"https:\/\/candas365.es\/noticias\/category\/actualidad\/#listItem","name":"Actualidad"}},{"@type":"ListItem","@id":"https:\/\/candas365.es\/noticias\/category\/actualidad\/#listItem","position":2,"name":"Actualidad","item":"https:\/\/candas365.es\/noticias\/category\/actualidad\/","nextItem":{"@type":"ListItem","@id":"https:\/\/candas365.es\/noticias\/vettel-sobre-schumacher-es-un-destino-brutal\/#listItem","name":"Vettel sobre Schumacher: \u00abEs un destino brutal\u00bb"},"previousItem":{"@type":"ListItem","@id":"https:\/\/candas365.es\/noticias#listItem","name":"Home"}},{"@type":"ListItem","@id":"https:\/\/candas365.es\/noticias\/vettel-sobre-schumacher-es-un-destino-brutal\/#listItem","position":3,"name":"Vettel sobre Schumacher: \u00abEs un destino brutal\u00bb","previousItem":{"@type":"ListItem","@id":"https:\/\/candas365.es\/noticias\/category\/actualidad\/#listItem","name":"Actualidad"}}]},{"@type":"NewsArticle","@id":"https:\/\/candas365.es\/noticias\/vettel-sobre-schumacher-es-un-destino-brutal\/#newsarticle","name":"Vettel sobre Schumacher: \u00abEs un destino brutal\u00bb | Cand\u00e1s 365","headline":"Vettel sobre Schumacher: \u00abEs un destino brutal\u00bb","author":{"@id":"https:\/\/candas365.es\/noticias\/author\/admin\/#author"},"publisher":{"@id":"https:\/\/candas365.es\/noticias\/#organization"},"image":{"@type":"ImageObject","url":"https:\/\/candas365.es\/noticias\/wp-content\/uploads\/2016\/02\/schumi.jpg","width":400,"height":294},"datePublished":"2016-07-31T17:26:48+02:00","dateModified":"2016-07-31T17:26:48+02:00","inLanguage":"es-ES","mainEntityOfPage":{"@id":"https:\/\/candas365.es\/noticias\/vettel-sobre-schumacher-es-un-destino-brutal\/#webpage"},"isPartOf":{"@id":"https:\/\/candas365.es\/noticias\/vettel-sobre-schumacher-es-un-destino-brutal\/#webpage"},"articleSection":"Actualidad","dateline":"Publicado el julio 31, 2016."},{"@type":"Organization","@id":"https:\/\/candas365.es\/noticias\/#organization","name":"Cand\u00e1s 365","description":"Cand\u00e1s 365 es un diario digital independiente, fundado en 2012, con base en Asturias. Informamos con rigor sobre actualidad, sociedad, cultura y ocio, con una mirada local y global.","url":"https:\/\/candas365.es\/noticias\/","email":"info@candas365.es","telephone":"+34652131393","foundingDate":"2012-06-10","logo":{"@type":"ImageObject","url":"https:\/\/candas365.es\/noticias\/wp-content\/uploads\/2024\/09\/Candas-365-Redes.jpg","@id":"https:\/\/candas365.es\/noticias\/vettel-sobre-schumacher-es-un-destino-brutal\/#organizationLogo","width":1152,"height":864,"caption":"Cand\u00e1s 365 Redes"},"image":{"@id":"https:\/\/candas365.es\/noticias\/vettel-sobre-schumacher-es-un-destino-brutal\/#organizationLogo"},"sameAs":["https:\/\/www.facebook.com\/Nachofdezber","https:\/\/x.com\/NabercoDigital","https:\/\/www.instagram.com\/nachofdezber\/","https:\/\/www.youtube.com\/channel\/UCZP-2wLEB9Rv6erhFmqVnvg"],"address":{"@id":"https:\/\/candas365.es\/noticias\/#postaladdress","@type":"PostalAddress","streetAddress":"san antonio 4, san antonio 4","postalCode":"33430","addressLocality":"Cand\u00e1s","addressRegion":"Asturias","addressCountry":"ES"}},{"@type":"Person","@id":"https:\/\/candas365.es\/noticias\/author\/admin\/#author","url":"https:\/\/candas365.es\/noticias\/author\/admin\/","name":"Cand\u00e1s 365","image":{"@type":"ImageObject","@id":"https:\/\/candas365.es\/noticias\/vettel-sobre-schumacher-es-un-destino-brutal\/#authorImage","url":"https:\/\/secure.gravatar.com\/avatar\/496a8e03d0c493ede1718b7934145dbdf8d89be1036b0eec9544e1094c9de390?s=96&d=mm&r=g","width":96,"height":96,"caption":"Cand\u00e1s 365"},"sameAs":["https:\/\/www.facebook.com\/carrenoactualidad","https:\/\/twitter.com\/nbasturias","https:\/\/www.instagram.com\/nachofdezber\/","https:\/\/www.youtube.com\/channel\/UCZP-2wLEB9Rv6erhFmqVnvg"]},{"@type":"WebPage","@id":"https:\/\/candas365.es\/noticias\/vettel-sobre-schumacher-es-un-destino-brutal\/#webpage","url":"https:\/\/candas365.es\/noticias\/vettel-sobre-schumacher-es-un-destino-brutal\/","name":"Vettel sobre Schumacher: \u00abEs un destino brutal\u00bb | Cand\u00e1s 365","description":"Hockenheim (Alemania), 31 jul (dpa) - El piloto alem\u00e1n Sebastian Vettel lament\u00f3 de nuevo el estado de salud en que se encuentra su compatriota Michael Schumacher, una leyenda de la F\u00f3rmula 1, aunque record\u00f3 que la esperanza de que se recupere sigue estando presente. \"Es un destino brutal. Sin embargo, la esperanza siempre est\u00e1 ah\u00ed.","inLanguage":"es-ES","isPartOf":{"@id":"https:\/\/candas365.es\/noticias\/#website"},"breadcrumb":{"@id":"https:\/\/candas365.es\/noticias\/vettel-sobre-schumacher-es-un-destino-brutal\/#breadcrumblist"},"author":{"@id":"https:\/\/candas365.es\/noticias\/author\/admin\/#author"},"creator":{"@id":"https:\/\/candas365.es\/noticias\/author\/admin\/#author"},"image":{"@type":"ImageObject","url":"https:\/\/candas365.es\/noticias\/wp-content\/uploads\/2016\/02\/schumi.jpg","@id":"https:\/\/candas365.es\/noticias\/vettel-sobre-schumacher-es-un-destino-brutal\/#mainImage","width":400,"height":294},"primaryImageOfPage":{"@id":"https:\/\/candas365.es\/noticias\/vettel-sobre-schumacher-es-un-destino-brutal\/#mainImage"},"datePublished":"2016-07-31T17:26:48+02:00","dateModified":"2016-07-31T17:26:48+02:00"},{"@type":"WebSite","@id":"https:\/\/candas365.es\/noticias\/#website","url":"https:\/\/candas365.es\/noticias\/","name":"Cand\u00e1s 365","alternateName":"Cand\u00e1s 365 Noticias","description":"Actualidad desde Carre\u00f1o para el mundo","inLanguage":"es-ES","publisher":{"@id":"https:\/\/candas365.es\/noticias\/#organization"}}]},"og:locale":"es_ES","og:site_name":"Cand\u00e1s 365","og:type":"article","og:title":"Vettel sobre Schumacher: \u00abEs un destino brutal\u00bb | Cand\u00e1s 365","og:description":"Hockenheim (Alemania), 31 jul (dpa) - El piloto alem\u00e1n Sebastian Vettel lament\u00f3 de nuevo el estado de salud en que se encuentra su compatriota Michael Schumacher, una leyenda de la F\u00f3rmula 1, aunque record\u00f3 que la esperanza de que se recupere sigue estando presente. &quot;Es un destino brutal. Sin embargo, la esperanza siempre est\u00e1 ah\u00ed.","og:url":"https:\/\/candas365.es\/noticias\/vettel-sobre-schumacher-es-un-destino-brutal\/","og:image":"https:\/\/candas365.es\/noticias\/wp-content\/uploads\/2016\/02\/schumi.jpg","og:image:secure_url":"https:\/\/candas365.es\/noticias\/wp-content\/uploads\/2016\/02\/schumi.jpg","og:image:width":400,"og:image:height":294,"article:published_time":"2016-07-31T15:56:48+00:00","article:modified_time":"2016-07-31T15:56:48+00:00","article:publisher":"https:\/\/www.facebook.com\/Nachofdezber","article:author":"https:\/\/www.facebook.com\/carrenoactualidad","twitter:card":"summary_large_image","twitter:site":"@NabercoDigital","twitter:title":"Vettel sobre Schumacher: \u00abEs un destino brutal\u00bb | Cand\u00e1s 365","twitter:description":"Hockenheim (Alemania), 31 jul (dpa) - El piloto alem\u00e1n Sebastian Vettel lament\u00f3 de nuevo el estado de salud en que se encuentra su compatriota Michael Schumacher, una leyenda de la F\u00f3rmula 1, aunque record\u00f3 que la esperanza de que se recupere sigue estando presente. &quot;Es un destino brutal. Sin embargo, la esperanza siempre est\u00e1 ah\u00ed.","twitter:creator":"@nbasturias","twitter:image":"https:\/\/candas365.es\/noticias\/wp-content\/uploads\/2016\/02\/schumi.jpg","twitter:label1":"Escrito por","twitter:data1":"Cand\u00e1s 365","twitter:label2":"Tiempo de lectura estimado","twitter:data2":"1 minuto"},"aioseo_meta_data":{"post_id":"32989","title":null,"description":null,"keywords":null,"keyphrases":null,"primary_term":null,"canonical_url":null,"og_title":null,"og_description":null,"og_object_type":"default","og_image_type":"default","og_image_url":null,"og_image_width":null,"og_image_height":null,"og_image_custom_url":null,"og_image_custom_fields":null,"og_video":null,"og_custom_url":null,"og_article_section":null,"og_article_tags":null,"twitter_use_og":false,"twitter_card":"default","twitter_image_type":"default","twitter_image_url":null,"twitter_image_custom_url":null,"twitter_image_custom_fields":null,"twitter_title":null,"twitter_description":null,"schema":{"blockGraphs":[],"customGraphs":[],"default":{"data":{"Article":[],"Course":[],"Dataset":[],"FAQPage":[],"Movie":[],"Person":[],"Product":[],"ProductReview":[],"Car":[],"Recipe":[],"Service":[],"SoftwareApplication":[],"WebPage":[]},"graphName":"","isEnabled":true},"graphs":[]},"schema_type":null,"schema_type_options":null,"pillar_content":false,"robots_default":true,"robots_noindex":false,"robots_noarchive":false,"robots_nosnippet":false,"robots_nofollow":false,"robots_noimageindex":false,"robots_noodp":false,"robots_notranslate":false,"robots_max_snippet":null,"robots_max_videopreview":null,"robots_max_imagepreview":"large","priority":null,"frequency":null,"location":null,"local_seo":null,"seo_analyzer_scan_date":"2025-08-24 16:13:13","breadcrumb_settings":null,"limit_modified_date":false,"reviewed_by":null,"open_ai":null,"ai":null,"created":"2020-12-21 10:55:13","updated":"2025-08-24 16:13:13"},"aioseo_breadcrumb":"<div class=\"aioseo-breadcrumbs\"><span class=\"aioseo-breadcrumb\">\n\t<a href=\"https:\/\/candas365.es\/noticias\" title=\"Home\">Home<\/a>\n<\/span><span class=\"aioseo-breadcrumb-separator\">&ndash;<\/span><span class=\"aioseo-breadcrumb\">\n\t<a href=\"https:\/\/candas365.es\/noticias\/category\/actualidad\/\" title=\"Actualidad\">Actualidad<\/a>\n<\/span><span class=\"aioseo-breadcrumb-separator\">&ndash;<\/span><span class=\"aioseo-breadcrumb\">\n\tVettel sobre Schumacher: \u00abEs un destino brutal\u00bb\n<\/span><\/div>","aioseo_breadcrumb_json":[{"label":"Home","link":"https:\/\/candas365.es\/noticias"},{"label":"Actualidad","link":"https:\/\/candas365.es\/noticias\/category\/actualidad\/"},{"label":"Vettel sobre Schumacher: \u00abEs un destino brutal\u00bb","link":"https:\/\/candas365.es\/noticias\/vettel-sobre-schumacher-es-un-destino-brutal\/"}],"_links":{"self":[{"href":"https:\/\/candas365.es\/noticias\/wp-json\/wp\/v2\/posts\/32989","targetHints":{"allow":["GET"]}}],"collection":[{"href":"https:\/\/candas365.es\/noticias\/wp-json\/wp\/v2\/posts"}],"about":[{"href":"https:\/\/candas365.es\/noticias\/wp-json\/wp\/v2\/types\/post"}],"author":[{"embeddable":true,"href":"https:\/\/candas365.es\/noticias\/wp-json\/wp\/v2\/users\/1"}],"replies":[{"embeddable":true,"href":"https:\/\/candas365.es\/noticias\/wp-json\/wp\/v2\/comments?post=32989"}],"version-history":[{"count":0,"href":"https:\/\/candas365.es\/noticias\/wp-json\/wp\/v2\/posts\/32989\/revisions"}],"wp:featuredmedia":[{"embeddable":true,"href":"https:\/\/candas365.es\/noticias\/wp-json\/wp\/v2\/media\/26631"}],"wp:attachment":[{"href":"https:\/\/candas365.es\/noticias\/wp-json\/wp\/v2\/media?parent=32989"}],"wp:term":[{"taxonomy":"category","embeddable":true,"href":"https:\/\/candas365.es\/noticias\/wp-json\/wp\/v2\/categories?post=32989"},{"taxonomy":"post_tag","embeddable":true,"href":"https:\/\/candas365.es\/noticias\/wp-json\/wp\/v2\/tags?post=32989"}],"curies":[{"name":"wp","href":"https:\/\/api.w.org\/{rel}","templated":true}]}}