{"id":32984,"date":"2016-07-31T17:21:35","date_gmt":"2016-07-31T15:51:35","guid":{"rendered":"http:\/\/candas365.es\/noticias\/?p=32984"},"modified":"2016-07-31T17:21:41","modified_gmt":"2016-07-31T15:51:41","slug":"padre-de-atacante-de-munich-dice-que-fue-amenazado-de-muerte","status":"publish","type":"post","link":"https:\/\/candas365.es\/noticias\/padre-de-atacante-de-munich-dice-que-fue-amenazado-de-muerte\/","title":{"rendered":"Padre de atacante de M\u00fanich dice que fue amenazado de muerte"},"content":{"rendered":"<p>Berl\u00edn, 31 jul (dpa) &#8211; Poco m\u00e1s de una semana despu\u00e9s del tiroteo en M\u00fanich, el padre del agresor habl\u00f3 por primera vez y dijo que \u00e9l y su esposa estaban recibiendo amenzas de muerte.<\/p>\n<p>\u00abEstoy mal. Recibimos amenazas de muerte. Mi esposa llora desde hace una semana. Nuestra vida en M\u00fanich est\u00e1 acabada\u00bb, dijo Masoud Sonboly en declaraciones al dominical \u00abBild am Sonntag\u00bb.<\/p>\n<p>Sonboly afirm\u00f3 que no ten\u00eda idea de los planes de su hijo. \u00ab(Yo) No sab\u00eda nada de un arma\u00bb, dijo. El joven alem\u00e1n-iran\u00ed de 18 a\u00f1os mat\u00f3 a nueve personas el 22 de julio y luego se suicid\u00f3. Al parecer hab\u00eda comprado la pistola con la que mat\u00f3 a las personas secretamente por Internet.<\/p>\n<p>Sonboly indic\u00f3 que su hijo nunca le hab\u00eda contado que lo burlaban en la escuela. Sin embargo, se enter\u00f3 de las bromas hace cuatro a\u00f1os por un compa\u00f1ero de escuela de su hijo. \u00abMe llev\u00e9 a Ali del colegio y habl\u00e9 con la maestra\u00bb, cont\u00f3. \u00abDenunci\u00e9 a algunos de los alumnos que le hac\u00edan &#8216;mobbing'\u00bb, a\u00f1adi\u00f3. Sin embargo, las investigaciones no prosperaron.<\/p>\n<p>De acuerdo con las investigaciones actuales, el joven estaba fascinado con Anders Behring Breivik, el extremista de derecha noruego que llev\u00f3 a cabo un ba\u00f1o de sangre que se cobr\u00f3 la vida de 77 personas hace cinco a\u00f1os en Oslo y en la isla de Utoya.<\/p>\n<p>&nbsp;<\/p>\n","protected":false},"excerpt":{"rendered":"<p>Berl\u00edn, 31 jul (dpa) &#8211; Poco m\u00e1s de una semana despu\u00e9s del tiroteo en M\u00fanich, el padre del agresor habl\u00f3 por primera vez y dijo que \u00e9l y su esposa estaban recibiendo amenzas de muerte. \u00abEstoy mal. Recibimos amenazas de muerte. Mi esposa llora desde hace una semana. Nuestra vida en M\u00fanich est\u00e1 acabada\u00bb, dijo<\/p>\n","protected":false},"author":1,"featured_media":16457,"comment_status":"closed","ping_status":"closed","sticky":false,"template":"","format":"standard","meta":{"footnotes":""},"categories":[343],"tags":[],"class_list":{"0":"post-32984","1":"post","2":"type-post","3":"status-publish","4":"format-standard","5":"has-post-thumbnail","7":"category-actualidad"},"aioseo_notices":[],"aioseo_head":"\n\t\t<!-- All in One SEO Pro 4.9.6.2 - aioseo.com -->\n\t<meta name=\"description\" content=\"Berl\u00edn, 31 jul (dpa) - Poco m\u00e1s de una semana despu\u00e9s del tiroteo en M\u00fanich, el padre del agresor habl\u00f3 por primera vez y dijo que \u00e9l y su esposa estaban recibiendo amenzas de muerte. &quot;Estoy mal. Recibimos amenazas de muerte. Mi esposa llora desde hace una semana. Nuestra vida en M\u00fanich est\u00e1 acabada&quot;, dijo\" \/>\n\t<meta name=\"robots\" content=\"max-image-preview:large\" \/>\n\t<meta name=\"author\" content=\"Cand\u00e1s 365\"\/>\n\t<meta name=\"google-site-verification\" content=\"UA-32230408-1\" \/>\n\t<meta name=\"msvalidate.01\" content=\"354F3CDFB2DA171B47FBE9ABF1F88D5\" \/>\n\t<meta name=\"keywords\" content=\"actualidad\" \/>\n\t<link rel=\"canonical\" href=\"https:\/\/candas365.es\/noticias\/padre-de-atacante-de-munich-dice-que-fue-amenazado-de-muerte\/\" \/>\n\t<meta name=\"generator\" content=\"All in One SEO Pro (AIOSEO) 4.9.6.2\" \/>\n\t\t<meta property=\"og:locale\" content=\"es_ES\" \/>\n\t\t<meta property=\"og:site_name\" content=\"Cand\u00e1s 365\" \/>\n\t\t<meta property=\"og:type\" content=\"article\" \/>\n\t\t<meta property=\"og:title\" content=\"Padre de atacante de M\u00fanich dice que fue amenazado de muerte | Cand\u00e1s 365\" \/>\n\t\t<meta property=\"og:description\" content=\"Berl\u00edn, 31 jul (dpa) - Poco m\u00e1s de una semana despu\u00e9s del tiroteo en M\u00fanich, el padre del agresor habl\u00f3 por primera vez y dijo que \u00e9l y su esposa estaban recibiendo amenzas de muerte. &quot;Estoy mal. Recibimos amenazas de muerte. Mi esposa llora desde hace una semana. Nuestra vida en M\u00fanich est\u00e1 acabada&quot;, dijo\" \/>\n\t\t<meta property=\"og:url\" content=\"https:\/\/candas365.es\/noticias\/padre-de-atacante-de-munich-dice-que-fue-amenazado-de-muerte\/\" \/>\n\t\t<meta property=\"og:image\" content=\"https:\/\/candas365.es\/noticias\/wp-content\/uploads\/2015\/09\/c365noticias.jpg\" \/>\n\t\t<meta property=\"og:image:secure_url\" content=\"https:\/\/candas365.es\/noticias\/wp-content\/uploads\/2015\/09\/c365noticias.jpg\" \/>\n\t\t<meta property=\"og:image:width\" content=\"655\" \/>\n\t\t<meta property=\"og:image:height\" content=\"360\" \/>\n\t\t<meta property=\"article:published_time\" content=\"2016-07-31T15:51:35+00:00\" \/>\n\t\t<meta property=\"article:modified_time\" content=\"2016-07-31T15:51:41+00:00\" \/>\n\t\t<meta property=\"article:publisher\" content=\"https:\/\/www.facebook.com\/Nachofdezber\" \/>\n\t\t<meta property=\"article:author\" content=\"https:\/\/www.facebook.com\/carrenoactualidad\" \/>\n\t\t<meta name=\"twitter:card\" content=\"summary_large_image\" \/>\n\t\t<meta name=\"twitter:site\" content=\"@NabercoDigital\" \/>\n\t\t<meta name=\"twitter:title\" content=\"Padre de atacante de M\u00fanich dice que fue amenazado de muerte | Cand\u00e1s 365\" \/>\n\t\t<meta name=\"twitter:description\" content=\"Berl\u00edn, 31 jul (dpa) - Poco m\u00e1s de una semana despu\u00e9s del tiroteo en M\u00fanich, el padre del agresor habl\u00f3 por primera vez y dijo que \u00e9l y su esposa estaban recibiendo amenzas de muerte. &quot;Estoy mal. Recibimos amenazas de muerte. Mi esposa llora desde hace una semana. Nuestra vida en M\u00fanich est\u00e1 acabada&quot;, dijo\" \/>\n\t\t<meta name=\"twitter:creator\" content=\"@nbasturias\" \/>\n\t\t<meta name=\"twitter:image\" content=\"https:\/\/candas365.es\/noticias\/wp-content\/uploads\/2015\/09\/c365noticias.jpg\" \/>\n\t\t<meta name=\"twitter:label1\" content=\"Escrito por\" \/>\n\t\t<meta name=\"twitter:data1\" content=\"Cand\u00e1s 365\" \/>\n\t\t<meta name=\"twitter:label2\" content=\"Tiempo de lectura estimado\" \/>\n\t\t<meta name=\"twitter:data2\" content=\"1 minuto\" \/>\n\t\t<script type=\"application\/ld+json\" class=\"aioseo-schema\">\n\t\t\t{\"@context\":\"https:\\\/\\\/schema.org\",\"@graph\":[{\"@type\":\"BreadcrumbList\",\"@id\":\"https:\\\/\\\/candas365.es\\\/noticias\\\/padre-de-atacante-de-munich-dice-que-fue-amenazado-de-muerte\\\/#breadcrumblist\",\"itemListElement\":[{\"@type\":\"ListItem\",\"@id\":\"https:\\\/\\\/candas365.es\\\/noticias#listItem\",\"position\":1,\"name\":\"Home\",\"item\":\"https:\\\/\\\/candas365.es\\\/noticias\",\"nextItem\":{\"@type\":\"ListItem\",\"@id\":\"https:\\\/\\\/candas365.es\\\/noticias\\\/category\\\/actualidad\\\/#listItem\",\"name\":\"Actualidad\"}},{\"@type\":\"ListItem\",\"@id\":\"https:\\\/\\\/candas365.es\\\/noticias\\\/category\\\/actualidad\\\/#listItem\",\"position\":2,\"name\":\"Actualidad\",\"item\":\"https:\\\/\\\/candas365.es\\\/noticias\\\/category\\\/actualidad\\\/\",\"nextItem\":{\"@type\":\"ListItem\",\"@id\":\"https:\\\/\\\/candas365.es\\\/noticias\\\/padre-de-atacante-de-munich-dice-que-fue-amenazado-de-muerte\\\/#listItem\",\"name\":\"Padre de atacante de M\\u00fanich dice que fue amenazado de muerte\"},\"previousItem\":{\"@type\":\"ListItem\",\"@id\":\"https:\\\/\\\/candas365.es\\\/noticias#listItem\",\"name\":\"Home\"}},{\"@type\":\"ListItem\",\"@id\":\"https:\\\/\\\/candas365.es\\\/noticias\\\/padre-de-atacante-de-munich-dice-que-fue-amenazado-de-muerte\\\/#listItem\",\"position\":3,\"name\":\"Padre de atacante de M\\u00fanich dice que fue amenazado de muerte\",\"previousItem\":{\"@type\":\"ListItem\",\"@id\":\"https:\\\/\\\/candas365.es\\\/noticias\\\/category\\\/actualidad\\\/#listItem\",\"name\":\"Actualidad\"}}]},{\"@type\":\"NewsArticle\",\"@id\":\"https:\\\/\\\/candas365.es\\\/noticias\\\/padre-de-atacante-de-munich-dice-que-fue-amenazado-de-muerte\\\/#newsarticle\",\"name\":\"Padre de atacante de M\\u00fanich dice que fue amenazado de muerte | Cand\\u00e1s 365\",\"headline\":\"Padre de atacante de M\\u00fanich dice que fue amenazado de muerte\",\"author\":{\"@id\":\"https:\\\/\\\/candas365.es\\\/noticias\\\/author\\\/admin\\\/#author\"},\"publisher\":{\"@id\":\"https:\\\/\\\/candas365.es\\\/noticias\\\/#organization\"},\"image\":{\"@type\":\"ImageObject\",\"url\":\"https:\\\/\\\/candas365.es\\\/noticias\\\/wp-content\\\/uploads\\\/2015\\\/09\\\/c365noticias.jpg\",\"width\":655,\"height\":360},\"datePublished\":\"2016-07-31T17:21:35+02:00\",\"dateModified\":\"2016-07-31T17:21:41+02:00\",\"inLanguage\":\"es-ES\",\"mainEntityOfPage\":{\"@id\":\"https:\\\/\\\/candas365.es\\\/noticias\\\/padre-de-atacante-de-munich-dice-que-fue-amenazado-de-muerte\\\/#webpage\"},\"isPartOf\":{\"@id\":\"https:\\\/\\\/candas365.es\\\/noticias\\\/padre-de-atacante-de-munich-dice-que-fue-amenazado-de-muerte\\\/#webpage\"},\"articleSection\":\"Actualidad\",\"dateline\":\"Publicado el julio 31, 2016.\"},{\"@type\":\"Organization\",\"@id\":\"https:\\\/\\\/candas365.es\\\/noticias\\\/#organization\",\"name\":\"Cand\\u00e1s 365\",\"description\":\"Cand\\u00e1s 365 es un diario digital independiente, fundado en 2012, con base en Asturias. Informamos con rigor sobre actualidad, sociedad, cultura y ocio, con una mirada local y global.\",\"url\":\"https:\\\/\\\/candas365.es\\\/noticias\\\/\",\"email\":\"info@candas365.es\",\"telephone\":\"+34652131393\",\"foundingDate\":\"2012-06-10\",\"logo\":{\"@type\":\"ImageObject\",\"url\":\"https:\\\/\\\/candas365.es\\\/noticias\\\/wp-content\\\/uploads\\\/2024\\\/09\\\/Candas-365-Redes.jpg\",\"@id\":\"https:\\\/\\\/candas365.es\\\/noticias\\\/padre-de-atacante-de-munich-dice-que-fue-amenazado-de-muerte\\\/#organizationLogo\",\"width\":1152,\"height\":864,\"caption\":\"Cand\\u00e1s 365 Redes\"},\"image\":{\"@id\":\"https:\\\/\\\/candas365.es\\\/noticias\\\/padre-de-atacante-de-munich-dice-que-fue-amenazado-de-muerte\\\/#organizationLogo\"},\"sameAs\":[\"https:\\\/\\\/www.facebook.com\\\/Nachofdezber\",\"https:\\\/\\\/x.com\\\/NabercoDigital\",\"https:\\\/\\\/www.instagram.com\\\/nachofdezber\\\/\",\"https:\\\/\\\/www.youtube.com\\\/channel\\\/UCZP-2wLEB9Rv6erhFmqVnvg\"],\"address\":{\"@id\":\"https:\\\/\\\/candas365.es\\\/noticias\\\/#postaladdress\",\"@type\":\"PostalAddress\",\"streetAddress\":\"san antonio 4, san antonio 4\",\"postalCode\":\"33430\",\"addressLocality\":\"Cand\\u00e1s\",\"addressRegion\":\"Asturias\",\"addressCountry\":\"ES\"}},{\"@type\":\"Person\",\"@id\":\"https:\\\/\\\/candas365.es\\\/noticias\\\/author\\\/admin\\\/#author\",\"url\":\"https:\\\/\\\/candas365.es\\\/noticias\\\/author\\\/admin\\\/\",\"name\":\"Cand\\u00e1s 365\",\"image\":{\"@type\":\"ImageObject\",\"@id\":\"https:\\\/\\\/candas365.es\\\/noticias\\\/padre-de-atacante-de-munich-dice-que-fue-amenazado-de-muerte\\\/#authorImage\",\"url\":\"https:\\\/\\\/secure.gravatar.com\\\/avatar\\\/496a8e03d0c493ede1718b7934145dbdf8d89be1036b0eec9544e1094c9de390?s=96&d=mm&r=g\",\"width\":96,\"height\":96,\"caption\":\"Cand\\u00e1s 365\"},\"sameAs\":[\"https:\\\/\\\/www.facebook.com\\\/carrenoactualidad\",\"https:\\\/\\\/twitter.com\\\/nbasturias\",\"https:\\\/\\\/www.instagram.com\\\/nachofdezber\\\/\",\"https:\\\/\\\/www.youtube.com\\\/channel\\\/UCZP-2wLEB9Rv6erhFmqVnvg\"]},{\"@type\":\"WebPage\",\"@id\":\"https:\\\/\\\/candas365.es\\\/noticias\\\/padre-de-atacante-de-munich-dice-que-fue-amenazado-de-muerte\\\/#webpage\",\"url\":\"https:\\\/\\\/candas365.es\\\/noticias\\\/padre-de-atacante-de-munich-dice-que-fue-amenazado-de-muerte\\\/\",\"name\":\"Padre de atacante de M\\u00fanich dice que fue amenazado de muerte | Cand\\u00e1s 365\",\"description\":\"Berl\\u00edn, 31 jul (dpa) - Poco m\\u00e1s de una semana despu\\u00e9s del tiroteo en M\\u00fanich, el padre del agresor habl\\u00f3 por primera vez y dijo que \\u00e9l y su esposa estaban recibiendo amenzas de muerte. \\\"Estoy mal. Recibimos amenazas de muerte. Mi esposa llora desde hace una semana. Nuestra vida en M\\u00fanich est\\u00e1 acabada\\\", dijo\",\"inLanguage\":\"es-ES\",\"isPartOf\":{\"@id\":\"https:\\\/\\\/candas365.es\\\/noticias\\\/#website\"},\"breadcrumb\":{\"@id\":\"https:\\\/\\\/candas365.es\\\/noticias\\\/padre-de-atacante-de-munich-dice-que-fue-amenazado-de-muerte\\\/#breadcrumblist\"},\"author\":{\"@id\":\"https:\\\/\\\/candas365.es\\\/noticias\\\/author\\\/admin\\\/#author\"},\"creator\":{\"@id\":\"https:\\\/\\\/candas365.es\\\/noticias\\\/author\\\/admin\\\/#author\"},\"image\":{\"@type\":\"ImageObject\",\"url\":\"https:\\\/\\\/candas365.es\\\/noticias\\\/wp-content\\\/uploads\\\/2015\\\/09\\\/c365noticias.jpg\",\"@id\":\"https:\\\/\\\/candas365.es\\\/noticias\\\/padre-de-atacante-de-munich-dice-que-fue-amenazado-de-muerte\\\/#mainImage\",\"width\":655,\"height\":360},\"primaryImageOfPage\":{\"@id\":\"https:\\\/\\\/candas365.es\\\/noticias\\\/padre-de-atacante-de-munich-dice-que-fue-amenazado-de-muerte\\\/#mainImage\"},\"datePublished\":\"2016-07-31T17:21:35+02:00\",\"dateModified\":\"2016-07-31T17:21:41+02:00\"},{\"@type\":\"WebSite\",\"@id\":\"https:\\\/\\\/candas365.es\\\/noticias\\\/#website\",\"url\":\"https:\\\/\\\/candas365.es\\\/noticias\\\/\",\"name\":\"Cand\\u00e1s 365\",\"alternateName\":\"Cand\\u00e1s 365 Noticias\",\"description\":\"Actualidad desde Carre\\u00f1o para el mundo\",\"inLanguage\":\"es-ES\",\"publisher\":{\"@id\":\"https:\\\/\\\/candas365.es\\\/noticias\\\/#organization\"}}]}\n\t\t<\/script>\n\t\t<!-- All in One SEO Pro -->\r\n\t\t<title>Padre de atacante de M\u00fanich dice que fue amenazado de muerte | Cand\u00e1s 365<\/title>\n\n","aioseo_head_json":{"title":"Padre de atacante de M\u00fanich dice que fue amenazado de muerte | Cand\u00e1s 365","description":"Berl\u00edn, 31 jul (dpa) - Poco m\u00e1s de una semana despu\u00e9s del tiroteo en M\u00fanich, el padre del agresor habl\u00f3 por primera vez y dijo que \u00e9l y su esposa estaban recibiendo amenzas de muerte. \"Estoy mal. Recibimos amenazas de muerte. Mi esposa llora desde hace una semana. Nuestra vida en M\u00fanich est\u00e1 acabada\", dijo","canonical_url":"https:\/\/candas365.es\/noticias\/padre-de-atacante-de-munich-dice-que-fue-amenazado-de-muerte\/","robots":"max-image-preview:large","keywords":"actualidad","webmasterTools":{"google-site-verification":"UA-32230408-1","msvalidate.01":"354F3CDFB2DA171B47FBE9ABF1F88D5","miscellaneous":""},"schema":{"@context":"https:\/\/schema.org","@graph":[{"@type":"BreadcrumbList","@id":"https:\/\/candas365.es\/noticias\/padre-de-atacante-de-munich-dice-que-fue-amenazado-de-muerte\/#breadcrumblist","itemListElement":[{"@type":"ListItem","@id":"https:\/\/candas365.es\/noticias#listItem","position":1,"name":"Home","item":"https:\/\/candas365.es\/noticias","nextItem":{"@type":"ListItem","@id":"https:\/\/candas365.es\/noticias\/category\/actualidad\/#listItem","name":"Actualidad"}},{"@type":"ListItem","@id":"https:\/\/candas365.es\/noticias\/category\/actualidad\/#listItem","position":2,"name":"Actualidad","item":"https:\/\/candas365.es\/noticias\/category\/actualidad\/","nextItem":{"@type":"ListItem","@id":"https:\/\/candas365.es\/noticias\/padre-de-atacante-de-munich-dice-que-fue-amenazado-de-muerte\/#listItem","name":"Padre de atacante de M\u00fanich dice que fue amenazado de muerte"},"previousItem":{"@type":"ListItem","@id":"https:\/\/candas365.es\/noticias#listItem","name":"Home"}},{"@type":"ListItem","@id":"https:\/\/candas365.es\/noticias\/padre-de-atacante-de-munich-dice-que-fue-amenazado-de-muerte\/#listItem","position":3,"name":"Padre de atacante de M\u00fanich dice que fue amenazado de muerte","previousItem":{"@type":"ListItem","@id":"https:\/\/candas365.es\/noticias\/category\/actualidad\/#listItem","name":"Actualidad"}}]},{"@type":"NewsArticle","@id":"https:\/\/candas365.es\/noticias\/padre-de-atacante-de-munich-dice-que-fue-amenazado-de-muerte\/#newsarticle","name":"Padre de atacante de M\u00fanich dice que fue amenazado de muerte | Cand\u00e1s 365","headline":"Padre de atacante de M\u00fanich dice que fue amenazado de muerte","author":{"@id":"https:\/\/candas365.es\/noticias\/author\/admin\/#author"},"publisher":{"@id":"https:\/\/candas365.es\/noticias\/#organization"},"image":{"@type":"ImageObject","url":"https:\/\/candas365.es\/noticias\/wp-content\/uploads\/2015\/09\/c365noticias.jpg","width":655,"height":360},"datePublished":"2016-07-31T17:21:35+02:00","dateModified":"2016-07-31T17:21:41+02:00","inLanguage":"es-ES","mainEntityOfPage":{"@id":"https:\/\/candas365.es\/noticias\/padre-de-atacante-de-munich-dice-que-fue-amenazado-de-muerte\/#webpage"},"isPartOf":{"@id":"https:\/\/candas365.es\/noticias\/padre-de-atacante-de-munich-dice-que-fue-amenazado-de-muerte\/#webpage"},"articleSection":"Actualidad","dateline":"Publicado el julio 31, 2016."},{"@type":"Organization","@id":"https:\/\/candas365.es\/noticias\/#organization","name":"Cand\u00e1s 365","description":"Cand\u00e1s 365 es un diario digital independiente, fundado en 2012, con base en Asturias. Informamos con rigor sobre actualidad, sociedad, cultura y ocio, con una mirada local y global.","url":"https:\/\/candas365.es\/noticias\/","email":"info@candas365.es","telephone":"+34652131393","foundingDate":"2012-06-10","logo":{"@type":"ImageObject","url":"https:\/\/candas365.es\/noticias\/wp-content\/uploads\/2024\/09\/Candas-365-Redes.jpg","@id":"https:\/\/candas365.es\/noticias\/padre-de-atacante-de-munich-dice-que-fue-amenazado-de-muerte\/#organizationLogo","width":1152,"height":864,"caption":"Cand\u00e1s 365 Redes"},"image":{"@id":"https:\/\/candas365.es\/noticias\/padre-de-atacante-de-munich-dice-que-fue-amenazado-de-muerte\/#organizationLogo"},"sameAs":["https:\/\/www.facebook.com\/Nachofdezber","https:\/\/x.com\/NabercoDigital","https:\/\/www.instagram.com\/nachofdezber\/","https:\/\/www.youtube.com\/channel\/UCZP-2wLEB9Rv6erhFmqVnvg"],"address":{"@id":"https:\/\/candas365.es\/noticias\/#postaladdress","@type":"PostalAddress","streetAddress":"san antonio 4, san antonio 4","postalCode":"33430","addressLocality":"Cand\u00e1s","addressRegion":"Asturias","addressCountry":"ES"}},{"@type":"Person","@id":"https:\/\/candas365.es\/noticias\/author\/admin\/#author","url":"https:\/\/candas365.es\/noticias\/author\/admin\/","name":"Cand\u00e1s 365","image":{"@type":"ImageObject","@id":"https:\/\/candas365.es\/noticias\/padre-de-atacante-de-munich-dice-que-fue-amenazado-de-muerte\/#authorImage","url":"https:\/\/secure.gravatar.com\/avatar\/496a8e03d0c493ede1718b7934145dbdf8d89be1036b0eec9544e1094c9de390?s=96&d=mm&r=g","width":96,"height":96,"caption":"Cand\u00e1s 365"},"sameAs":["https:\/\/www.facebook.com\/carrenoactualidad","https:\/\/twitter.com\/nbasturias","https:\/\/www.instagram.com\/nachofdezber\/","https:\/\/www.youtube.com\/channel\/UCZP-2wLEB9Rv6erhFmqVnvg"]},{"@type":"WebPage","@id":"https:\/\/candas365.es\/noticias\/padre-de-atacante-de-munich-dice-que-fue-amenazado-de-muerte\/#webpage","url":"https:\/\/candas365.es\/noticias\/padre-de-atacante-de-munich-dice-que-fue-amenazado-de-muerte\/","name":"Padre de atacante de M\u00fanich dice que fue amenazado de muerte | Cand\u00e1s 365","description":"Berl\u00edn, 31 jul (dpa) - Poco m\u00e1s de una semana despu\u00e9s del tiroteo en M\u00fanich, el padre del agresor habl\u00f3 por primera vez y dijo que \u00e9l y su esposa estaban recibiendo amenzas de muerte. \"Estoy mal. Recibimos amenazas de muerte. Mi esposa llora desde hace una semana. Nuestra vida en M\u00fanich est\u00e1 acabada\", dijo","inLanguage":"es-ES","isPartOf":{"@id":"https:\/\/candas365.es\/noticias\/#website"},"breadcrumb":{"@id":"https:\/\/candas365.es\/noticias\/padre-de-atacante-de-munich-dice-que-fue-amenazado-de-muerte\/#breadcrumblist"},"author":{"@id":"https:\/\/candas365.es\/noticias\/author\/admin\/#author"},"creator":{"@id":"https:\/\/candas365.es\/noticias\/author\/admin\/#author"},"image":{"@type":"ImageObject","url":"https:\/\/candas365.es\/noticias\/wp-content\/uploads\/2015\/09\/c365noticias.jpg","@id":"https:\/\/candas365.es\/noticias\/padre-de-atacante-de-munich-dice-que-fue-amenazado-de-muerte\/#mainImage","width":655,"height":360},"primaryImageOfPage":{"@id":"https:\/\/candas365.es\/noticias\/padre-de-atacante-de-munich-dice-que-fue-amenazado-de-muerte\/#mainImage"},"datePublished":"2016-07-31T17:21:35+02:00","dateModified":"2016-07-31T17:21:41+02:00"},{"@type":"WebSite","@id":"https:\/\/candas365.es\/noticias\/#website","url":"https:\/\/candas365.es\/noticias\/","name":"Cand\u00e1s 365","alternateName":"Cand\u00e1s 365 Noticias","description":"Actualidad desde Carre\u00f1o para el mundo","inLanguage":"es-ES","publisher":{"@id":"https:\/\/candas365.es\/noticias\/#organization"}}]},"og:locale":"es_ES","og:site_name":"Cand\u00e1s 365","og:type":"article","og:title":"Padre de atacante de M\u00fanich dice que fue amenazado de muerte | Cand\u00e1s 365","og:description":"Berl\u00edn, 31 jul (dpa) - Poco m\u00e1s de una semana despu\u00e9s del tiroteo en M\u00fanich, el padre del agresor habl\u00f3 por primera vez y dijo que \u00e9l y su esposa estaban recibiendo amenzas de muerte. &quot;Estoy mal. Recibimos amenazas de muerte. Mi esposa llora desde hace una semana. Nuestra vida en M\u00fanich est\u00e1 acabada&quot;, dijo","og:url":"https:\/\/candas365.es\/noticias\/padre-de-atacante-de-munich-dice-que-fue-amenazado-de-muerte\/","og:image":"https:\/\/candas365.es\/noticias\/wp-content\/uploads\/2015\/09\/c365noticias.jpg","og:image:secure_url":"https:\/\/candas365.es\/noticias\/wp-content\/uploads\/2015\/09\/c365noticias.jpg","og:image:width":655,"og:image:height":360,"article:published_time":"2016-07-31T15:51:35+00:00","article:modified_time":"2016-07-31T15:51:41+00:00","article:publisher":"https:\/\/www.facebook.com\/Nachofdezber","article:author":"https:\/\/www.facebook.com\/carrenoactualidad","twitter:card":"summary_large_image","twitter:site":"@NabercoDigital","twitter:title":"Padre de atacante de M\u00fanich dice que fue amenazado de muerte | Cand\u00e1s 365","twitter:description":"Berl\u00edn, 31 jul (dpa) - Poco m\u00e1s de una semana despu\u00e9s del tiroteo en M\u00fanich, el padre del agresor habl\u00f3 por primera vez y dijo que \u00e9l y su esposa estaban recibiendo amenzas de muerte. &quot;Estoy mal. Recibimos amenazas de muerte. Mi esposa llora desde hace una semana. Nuestra vida en M\u00fanich est\u00e1 acabada&quot;, dijo","twitter:creator":"@nbasturias","twitter:image":"https:\/\/candas365.es\/noticias\/wp-content\/uploads\/2015\/09\/c365noticias.jpg","twitter:label1":"Escrito por","twitter:data1":"Cand\u00e1s 365","twitter:label2":"Tiempo de lectura estimado","twitter:data2":"1 minuto"},"aioseo_meta_data":{"post_id":"32984","title":null,"description":null,"keywords":null,"keyphrases":null,"primary_term":null,"canonical_url":null,"og_title":null,"og_description":null,"og_object_type":"default","og_image_type":"default","og_image_url":null,"og_image_width":null,"og_image_height":null,"og_image_custom_url":null,"og_image_custom_fields":null,"og_video":null,"og_custom_url":null,"og_article_section":null,"og_article_tags":null,"twitter_use_og":false,"twitter_card":"default","twitter_image_type":"default","twitter_image_url":null,"twitter_image_custom_url":null,"twitter_image_custom_fields":null,"twitter_title":null,"twitter_description":null,"schema":{"blockGraphs":[],"customGraphs":[],"default":{"data":{"Article":[],"Course":[],"Dataset":[],"FAQPage":[],"Movie":[],"Person":[],"Product":[],"ProductReview":[],"Car":[],"Recipe":[],"Service":[],"SoftwareApplication":[],"WebPage":[]},"graphName":"","isEnabled":true},"graphs":[],"defaultGraph":"","defaultPostTypeGraph":""},"schema_type":null,"schema_type_options":null,"pillar_content":false,"robots_default":true,"robots_noindex":false,"robots_noarchive":false,"robots_nosnippet":false,"robots_nofollow":false,"robots_noimageindex":false,"robots_noodp":false,"robots_notranslate":false,"robots_max_snippet":null,"robots_max_videopreview":null,"robots_max_imagepreview":"large","priority":null,"frequency":null,"location":null,"local_seo":null,"seo_analyzer_scan_date":"2025-08-24 16:13:11","breadcrumb_settings":null,"limit_modified_date":false,"reviewed_by":null,"open_ai":null,"ai":null,"created":"2020-12-21 13:05:47","updated":"2025-08-24 16:13:11"},"aioseo_breadcrumb":"<div class=\"aioseo-breadcrumbs\"><span class=\"aioseo-breadcrumb\">\n\t<a href=\"https:\/\/candas365.es\/noticias\" title=\"Home\">Home<\/a>\n<\/span><span class=\"aioseo-breadcrumb-separator\">&ndash;<\/span><span class=\"aioseo-breadcrumb\">\n\t<a href=\"https:\/\/candas365.es\/noticias\/category\/actualidad\/\" title=\"Actualidad\">Actualidad<\/a>\n<\/span><span class=\"aioseo-breadcrumb-separator\">&ndash;<\/span><span class=\"aioseo-breadcrumb\">\n\tPadre de atacante de M\u00fanich dice que fue amenazado de muerte\n<\/span><\/div>","aioseo_breadcrumb_json":[{"label":"Home","link":"https:\/\/candas365.es\/noticias"},{"label":"Actualidad","link":"https:\/\/candas365.es\/noticias\/category\/actualidad\/"},{"label":"Padre de atacante de M\u00fanich dice que fue amenazado de muerte","link":"https:\/\/candas365.es\/noticias\/padre-de-atacante-de-munich-dice-que-fue-amenazado-de-muerte\/"}],"_links":{"self":[{"href":"https:\/\/candas365.es\/noticias\/wp-json\/wp\/v2\/posts\/32984","targetHints":{"allow":["GET"]}}],"collection":[{"href":"https:\/\/candas365.es\/noticias\/wp-json\/wp\/v2\/posts"}],"about":[{"href":"https:\/\/candas365.es\/noticias\/wp-json\/wp\/v2\/types\/post"}],"author":[{"embeddable":true,"href":"https:\/\/candas365.es\/noticias\/wp-json\/wp\/v2\/users\/1"}],"replies":[{"embeddable":true,"href":"https:\/\/candas365.es\/noticias\/wp-json\/wp\/v2\/comments?post=32984"}],"version-history":[{"count":0,"href":"https:\/\/candas365.es\/noticias\/wp-json\/wp\/v2\/posts\/32984\/revisions"}],"wp:featuredmedia":[{"embeddable":true,"href":"https:\/\/candas365.es\/noticias\/wp-json\/wp\/v2\/media\/16457"}],"wp:attachment":[{"href":"https:\/\/candas365.es\/noticias\/wp-json\/wp\/v2\/media?parent=32984"}],"wp:term":[{"taxonomy":"category","embeddable":true,"href":"https:\/\/candas365.es\/noticias\/wp-json\/wp\/v2\/categories?post=32984"},{"taxonomy":"post_tag","embeddable":true,"href":"https:\/\/candas365.es\/noticias\/wp-json\/wp\/v2\/tags?post=32984"}],"curies":[{"name":"wp","href":"https:\/\/api.w.org\/{rel}","templated":true}]}}