{"id":32957,"date":"2016-07-30T22:41:40","date_gmt":"2016-07-30T21:11:40","guid":{"rendered":"http:\/\/candas365.es\/noticias\/?p=32957"},"modified":"2016-07-30T22:41:40","modified_gmt":"2016-07-30T21:11:40","slug":"ministro-aleman-rree-llama-a-los-turcos-en-el-pais-a-la-moderacion","status":"publish","type":"post","link":"https:\/\/candas365.es\/noticias\/ministro-aleman-rree-llama-a-los-turcos-en-el-pais-a-la-moderacion\/","title":{"rendered":"Ministro alem\u00e1n RREE llama a los turcos en el pa\u00eds a la moderaci\u00f3n"},"content":{"rendered":"<p>Berl\u00edn, 30 jul (dpa) &#8211; El ministro alem\u00e1n de Exteriores, Frank-Walter Steinmeier, llam\u00f3 a los turcos residentes en Alemania a la moderaci\u00f3n de cara a la manifestaci\u00f3n de partidarios y contrarios al presidente turco, Recep Tayyip Erdogan, que tendr\u00e1 lugar ma\u00f1ana en Colonia.<\/p>\n<p>\u00abNo puede ser que se lleven a Alemania las tensiones de pol\u00edtica interna de Turqu\u00eda para amedrentar a personas con otras ideas pol\u00edticas\u00bb, asegur\u00f3 el pol\u00edtico socialdem\u00f3crata al diario germano \u00abS\u00fcddeutsche Zeitung\u00bb. \u00abNo hay espacio alguno para ello en Alemania y tampoco lo permitiremos\u00bb, agreg\u00f3.<\/p>\n<p>Tras el golpe fallido en Turqu\u00eda, se espera que cerca de 30.000 partidarios de Erdogan salgan el domingo a la calle en Colonia, en el oeste de Alemania, para manifestarse a favor del presidente turco.<\/p>\n<p>Hay previstas cuatro contramanifestaciones, una de ellas convocada por el partido de extrema derecha Pro NRW. La Polic\u00eda desplegar\u00e1 2.300 efectivos y anunci\u00f3 el viernes que actuar\u00e1 con \u00abmano dura\u00bb contra cualquier tipo de violencia.<\/p>\n<p>El l\u00edder del Partido Socialdem\u00f3crata (SPD) y socio de la canciller Angela Merkel en el poder, Sigmar Gabriel, escribi\u00f3 en su p\u00e1gina de Facebook en alem\u00e1n y en turco que en su opini\u00f3n Turqu\u00eda est\u00e1 profundamente dividida. Todos deber\u00edan colaborar para que esta divisi\u00f3n de la sociedad no contin\u00fae entre nosotros, solicit\u00f3.<\/p>\n<p>\u00abMi ruego es que traten con respeto a los que piensan diferente. Tampoco diferentes opiniones deber\u00edan provocar una divisi\u00f3n entre nosotros. Alemania tiene que ser la patria de todas las personas que viven aqu\u00ed\u00bb, escribi\u00f3 el ministro de Econom\u00eda de Alemania, donde viven cerca de tres millones de personas con ra\u00edces turcas.<\/p>\n<p>Por su parte, el presidente de Los Verdes, Cem \u00d6zdemir, critic\u00f3 los intentos masivos de intimidaci\u00f3n contra los cr\u00edticos con Erdogan en Alemania. \u00abExperimentamos aqu\u00ed una caza contra los opositores turcos\u00bb, coment\u00f3 el pol\u00edtico alem\u00e1n de origen turco al grupo medi\u00e1tico Funke. \u00abSe deber\u00eda aplicar toda la fuerza de la ley a los partidarios de Erdogan que quieran intimidar a otros\u00bb, agreg\u00f3.<\/p>\n","protected":false},"excerpt":{"rendered":"<p>Berl\u00edn, 30 jul (dpa) &#8211; El ministro alem\u00e1n de Exteriores, Frank-Walter Steinmeier, llam\u00f3 a los turcos residentes en Alemania a la moderaci\u00f3n de cara a la manifestaci\u00f3n de partidarios y contrarios al presidente turco, Recep Tayyip Erdogan, que tendr\u00e1 lugar ma\u00f1ana en Colonia. \u00abNo puede ser que se lleven a Alemania las tensiones de pol\u00edtica<\/p>\n","protected":false},"author":1,"featured_media":16457,"comment_status":"closed","ping_status":"closed","sticky":false,"template":"","format":"standard","meta":{"footnotes":""},"categories":[343],"tags":[],"class_list":{"0":"post-32957","1":"post","2":"type-post","3":"status-publish","4":"format-standard","5":"has-post-thumbnail","7":"category-actualidad"},"aioseo_notices":[],"aioseo_head":"\n\t\t<!-- All in One SEO Pro 4.9.6.2 - aioseo.com -->\n\t<meta name=\"description\" content=\"Berl\u00edn, 30 jul (dpa) - El ministro alem\u00e1n de Exteriores, Frank-Walter Steinmeier, llam\u00f3 a los turcos residentes en Alemania a la moderaci\u00f3n de cara a la manifestaci\u00f3n de partidarios y contrarios al presidente turco, Recep Tayyip Erdogan, que tendr\u00e1 lugar ma\u00f1ana en Colonia. &quot;No puede ser que se lleven a Alemania las tensiones de pol\u00edtica\" \/>\n\t<meta name=\"robots\" content=\"max-image-preview:large\" \/>\n\t<meta name=\"author\" content=\"Cand\u00e1s 365\"\/>\n\t<meta name=\"google-site-verification\" content=\"UA-32230408-1\" \/>\n\t<meta name=\"msvalidate.01\" content=\"354F3CDFB2DA171B47FBE9ABF1F88D5\" \/>\n\t<meta name=\"keywords\" content=\"actualidad\" \/>\n\t<link rel=\"canonical\" href=\"https:\/\/candas365.es\/noticias\/ministro-aleman-rree-llama-a-los-turcos-en-el-pais-a-la-moderacion\/\" \/>\n\t<meta name=\"generator\" content=\"All in One SEO Pro (AIOSEO) 4.9.6.2\" \/>\n\t\t<meta property=\"og:locale\" content=\"es_ES\" \/>\n\t\t<meta property=\"og:site_name\" content=\"Cand\u00e1s 365\" \/>\n\t\t<meta property=\"og:type\" content=\"article\" \/>\n\t\t<meta property=\"og:title\" content=\"Ministro alem\u00e1n RREE llama a los turcos en el pa\u00eds a la moderaci\u00f3n | Cand\u00e1s 365\" \/>\n\t\t<meta property=\"og:description\" content=\"Berl\u00edn, 30 jul (dpa) - El ministro alem\u00e1n de Exteriores, Frank-Walter Steinmeier, llam\u00f3 a los turcos residentes en Alemania a la moderaci\u00f3n de cara a la manifestaci\u00f3n de partidarios y contrarios al presidente turco, Recep Tayyip Erdogan, que tendr\u00e1 lugar ma\u00f1ana en Colonia. &quot;No puede ser que se lleven a Alemania las tensiones de pol\u00edtica\" \/>\n\t\t<meta property=\"og:url\" content=\"https:\/\/candas365.es\/noticias\/ministro-aleman-rree-llama-a-los-turcos-en-el-pais-a-la-moderacion\/\" \/>\n\t\t<meta property=\"og:image\" content=\"https:\/\/candas365.es\/noticias\/wp-content\/uploads\/2015\/09\/c365noticias.jpg\" \/>\n\t\t<meta property=\"og:image:secure_url\" content=\"https:\/\/candas365.es\/noticias\/wp-content\/uploads\/2015\/09\/c365noticias.jpg\" \/>\n\t\t<meta property=\"og:image:width\" content=\"655\" \/>\n\t\t<meta property=\"og:image:height\" content=\"360\" \/>\n\t\t<meta property=\"article:published_time\" content=\"2016-07-30T21:11:40+00:00\" \/>\n\t\t<meta property=\"article:modified_time\" content=\"2016-07-30T21:11:40+00:00\" \/>\n\t\t<meta property=\"article:publisher\" content=\"https:\/\/www.facebook.com\/Nachofdezber\" \/>\n\t\t<meta property=\"article:author\" content=\"https:\/\/www.facebook.com\/carrenoactualidad\" \/>\n\t\t<meta name=\"twitter:card\" content=\"summary_large_image\" \/>\n\t\t<meta name=\"twitter:site\" content=\"@NabercoDigital\" \/>\n\t\t<meta name=\"twitter:title\" content=\"Ministro alem\u00e1n RREE llama a los turcos en el pa\u00eds a la moderaci\u00f3n | Cand\u00e1s 365\" \/>\n\t\t<meta name=\"twitter:description\" content=\"Berl\u00edn, 30 jul (dpa) - El ministro alem\u00e1n de Exteriores, Frank-Walter Steinmeier, llam\u00f3 a los turcos residentes en Alemania a la moderaci\u00f3n de cara a la manifestaci\u00f3n de partidarios y contrarios al presidente turco, Recep Tayyip Erdogan, que tendr\u00e1 lugar ma\u00f1ana en Colonia. &quot;No puede ser que se lleven a Alemania las tensiones de pol\u00edtica\" \/>\n\t\t<meta name=\"twitter:creator\" content=\"@nbasturias\" \/>\n\t\t<meta name=\"twitter:image\" content=\"https:\/\/candas365.es\/noticias\/wp-content\/uploads\/2015\/09\/c365noticias.jpg\" \/>\n\t\t<meta name=\"twitter:label1\" content=\"Escrito por\" \/>\n\t\t<meta name=\"twitter:data1\" content=\"Cand\u00e1s 365\" \/>\n\t\t<meta name=\"twitter:label2\" content=\"Tiempo de lectura estimado\" \/>\n\t\t<meta name=\"twitter:data2\" content=\"2 minutos\" \/>\n\t\t<script type=\"application\/ld+json\" class=\"aioseo-schema\">\n\t\t\t{\"@context\":\"https:\\\/\\\/schema.org\",\"@graph\":[{\"@type\":\"BreadcrumbList\",\"@id\":\"https:\\\/\\\/candas365.es\\\/noticias\\\/ministro-aleman-rree-llama-a-los-turcos-en-el-pais-a-la-moderacion\\\/#breadcrumblist\",\"itemListElement\":[{\"@type\":\"ListItem\",\"@id\":\"https:\\\/\\\/candas365.es\\\/noticias#listItem\",\"position\":1,\"name\":\"Home\",\"item\":\"https:\\\/\\\/candas365.es\\\/noticias\",\"nextItem\":{\"@type\":\"ListItem\",\"@id\":\"https:\\\/\\\/candas365.es\\\/noticias\\\/category\\\/actualidad\\\/#listItem\",\"name\":\"Actualidad\"}},{\"@type\":\"ListItem\",\"@id\":\"https:\\\/\\\/candas365.es\\\/noticias\\\/category\\\/actualidad\\\/#listItem\",\"position\":2,\"name\":\"Actualidad\",\"item\":\"https:\\\/\\\/candas365.es\\\/noticias\\\/category\\\/actualidad\\\/\",\"nextItem\":{\"@type\":\"ListItem\",\"@id\":\"https:\\\/\\\/candas365.es\\\/noticias\\\/ministro-aleman-rree-llama-a-los-turcos-en-el-pais-a-la-moderacion\\\/#listItem\",\"name\":\"Ministro alem\\u00e1n RREE llama a los turcos en el pa\\u00eds a la moderaci\\u00f3n\"},\"previousItem\":{\"@type\":\"ListItem\",\"@id\":\"https:\\\/\\\/candas365.es\\\/noticias#listItem\",\"name\":\"Home\"}},{\"@type\":\"ListItem\",\"@id\":\"https:\\\/\\\/candas365.es\\\/noticias\\\/ministro-aleman-rree-llama-a-los-turcos-en-el-pais-a-la-moderacion\\\/#listItem\",\"position\":3,\"name\":\"Ministro alem\\u00e1n RREE llama a los turcos en el pa\\u00eds a la moderaci\\u00f3n\",\"previousItem\":{\"@type\":\"ListItem\",\"@id\":\"https:\\\/\\\/candas365.es\\\/noticias\\\/category\\\/actualidad\\\/#listItem\",\"name\":\"Actualidad\"}}]},{\"@type\":\"NewsArticle\",\"@id\":\"https:\\\/\\\/candas365.es\\\/noticias\\\/ministro-aleman-rree-llama-a-los-turcos-en-el-pais-a-la-moderacion\\\/#newsarticle\",\"name\":\"Ministro alem\\u00e1n RREE llama a los turcos en el pa\\u00eds a la moderaci\\u00f3n | Cand\\u00e1s 365\",\"headline\":\"Ministro alem\\u00e1n RREE llama a los turcos en el pa\\u00eds a la moderaci\\u00f3n\",\"author\":{\"@id\":\"https:\\\/\\\/candas365.es\\\/noticias\\\/author\\\/admin\\\/#author\"},\"publisher\":{\"@id\":\"https:\\\/\\\/candas365.es\\\/noticias\\\/#organization\"},\"image\":{\"@type\":\"ImageObject\",\"url\":\"https:\\\/\\\/candas365.es\\\/noticias\\\/wp-content\\\/uploads\\\/2015\\\/09\\\/c365noticias.jpg\",\"width\":655,\"height\":360},\"datePublished\":\"2016-07-30T22:41:40+02:00\",\"dateModified\":\"2016-07-30T22:41:40+02:00\",\"inLanguage\":\"es-ES\",\"mainEntityOfPage\":{\"@id\":\"https:\\\/\\\/candas365.es\\\/noticias\\\/ministro-aleman-rree-llama-a-los-turcos-en-el-pais-a-la-moderacion\\\/#webpage\"},\"isPartOf\":{\"@id\":\"https:\\\/\\\/candas365.es\\\/noticias\\\/ministro-aleman-rree-llama-a-los-turcos-en-el-pais-a-la-moderacion\\\/#webpage\"},\"articleSection\":\"Actualidad\",\"dateline\":\"Publicado el julio 30, 2016.\"},{\"@type\":\"Organization\",\"@id\":\"https:\\\/\\\/candas365.es\\\/noticias\\\/#organization\",\"name\":\"Cand\\u00e1s 365\",\"description\":\"Cand\\u00e1s 365 es un diario digital independiente, fundado en 2012, con base en Asturias. Informamos con rigor sobre actualidad, sociedad, cultura y ocio, con una mirada local y global.\",\"url\":\"https:\\\/\\\/candas365.es\\\/noticias\\\/\",\"email\":\"info@candas365.es\",\"telephone\":\"+34652131393\",\"foundingDate\":\"2012-06-10\",\"logo\":{\"@type\":\"ImageObject\",\"url\":\"https:\\\/\\\/candas365.es\\\/noticias\\\/wp-content\\\/uploads\\\/2024\\\/09\\\/Candas-365-Redes.jpg\",\"@id\":\"https:\\\/\\\/candas365.es\\\/noticias\\\/ministro-aleman-rree-llama-a-los-turcos-en-el-pais-a-la-moderacion\\\/#organizationLogo\",\"width\":1152,\"height\":864,\"caption\":\"Cand\\u00e1s 365 Redes\"},\"image\":{\"@id\":\"https:\\\/\\\/candas365.es\\\/noticias\\\/ministro-aleman-rree-llama-a-los-turcos-en-el-pais-a-la-moderacion\\\/#organizationLogo\"},\"sameAs\":[\"https:\\\/\\\/www.facebook.com\\\/Nachofdezber\",\"https:\\\/\\\/x.com\\\/NabercoDigital\",\"https:\\\/\\\/www.instagram.com\\\/nachofdezber\\\/\",\"https:\\\/\\\/www.youtube.com\\\/channel\\\/UCZP-2wLEB9Rv6erhFmqVnvg\"],\"address\":{\"@id\":\"https:\\\/\\\/candas365.es\\\/noticias\\\/#postaladdress\",\"@type\":\"PostalAddress\",\"streetAddress\":\"san antonio 4, san antonio 4\",\"postalCode\":\"33430\",\"addressLocality\":\"Cand\\u00e1s\",\"addressRegion\":\"Asturias\",\"addressCountry\":\"ES\"}},{\"@type\":\"Person\",\"@id\":\"https:\\\/\\\/candas365.es\\\/noticias\\\/author\\\/admin\\\/#author\",\"url\":\"https:\\\/\\\/candas365.es\\\/noticias\\\/author\\\/admin\\\/\",\"name\":\"Cand\\u00e1s 365\",\"image\":{\"@type\":\"ImageObject\",\"@id\":\"https:\\\/\\\/candas365.es\\\/noticias\\\/ministro-aleman-rree-llama-a-los-turcos-en-el-pais-a-la-moderacion\\\/#authorImage\",\"url\":\"https:\\\/\\\/secure.gravatar.com\\\/avatar\\\/496a8e03d0c493ede1718b7934145dbdf8d89be1036b0eec9544e1094c9de390?s=96&d=mm&r=g\",\"width\":96,\"height\":96,\"caption\":\"Cand\\u00e1s 365\"},\"sameAs\":[\"https:\\\/\\\/www.facebook.com\\\/carrenoactualidad\",\"https:\\\/\\\/twitter.com\\\/nbasturias\",\"https:\\\/\\\/www.instagram.com\\\/nachofdezber\\\/\",\"https:\\\/\\\/www.youtube.com\\\/channel\\\/UCZP-2wLEB9Rv6erhFmqVnvg\"]},{\"@type\":\"WebPage\",\"@id\":\"https:\\\/\\\/candas365.es\\\/noticias\\\/ministro-aleman-rree-llama-a-los-turcos-en-el-pais-a-la-moderacion\\\/#webpage\",\"url\":\"https:\\\/\\\/candas365.es\\\/noticias\\\/ministro-aleman-rree-llama-a-los-turcos-en-el-pais-a-la-moderacion\\\/\",\"name\":\"Ministro alem\\u00e1n RREE llama a los turcos en el pa\\u00eds a la moderaci\\u00f3n | Cand\\u00e1s 365\",\"description\":\"Berl\\u00edn, 30 jul (dpa) - El ministro alem\\u00e1n de Exteriores, Frank-Walter Steinmeier, llam\\u00f3 a los turcos residentes en Alemania a la moderaci\\u00f3n de cara a la manifestaci\\u00f3n de partidarios y contrarios al presidente turco, Recep Tayyip Erdogan, que tendr\\u00e1 lugar ma\\u00f1ana en Colonia. \\\"No puede ser que se lleven a Alemania las tensiones de pol\\u00edtica\",\"inLanguage\":\"es-ES\",\"isPartOf\":{\"@id\":\"https:\\\/\\\/candas365.es\\\/noticias\\\/#website\"},\"breadcrumb\":{\"@id\":\"https:\\\/\\\/candas365.es\\\/noticias\\\/ministro-aleman-rree-llama-a-los-turcos-en-el-pais-a-la-moderacion\\\/#breadcrumblist\"},\"author\":{\"@id\":\"https:\\\/\\\/candas365.es\\\/noticias\\\/author\\\/admin\\\/#author\"},\"creator\":{\"@id\":\"https:\\\/\\\/candas365.es\\\/noticias\\\/author\\\/admin\\\/#author\"},\"image\":{\"@type\":\"ImageObject\",\"url\":\"https:\\\/\\\/candas365.es\\\/noticias\\\/wp-content\\\/uploads\\\/2015\\\/09\\\/c365noticias.jpg\",\"@id\":\"https:\\\/\\\/candas365.es\\\/noticias\\\/ministro-aleman-rree-llama-a-los-turcos-en-el-pais-a-la-moderacion\\\/#mainImage\",\"width\":655,\"height\":360},\"primaryImageOfPage\":{\"@id\":\"https:\\\/\\\/candas365.es\\\/noticias\\\/ministro-aleman-rree-llama-a-los-turcos-en-el-pais-a-la-moderacion\\\/#mainImage\"},\"datePublished\":\"2016-07-30T22:41:40+02:00\",\"dateModified\":\"2016-07-30T22:41:40+02:00\"},{\"@type\":\"WebSite\",\"@id\":\"https:\\\/\\\/candas365.es\\\/noticias\\\/#website\",\"url\":\"https:\\\/\\\/candas365.es\\\/noticias\\\/\",\"name\":\"Cand\\u00e1s 365\",\"alternateName\":\"Cand\\u00e1s 365 Noticias\",\"description\":\"Actualidad desde Carre\\u00f1o para el mundo\",\"inLanguage\":\"es-ES\",\"publisher\":{\"@id\":\"https:\\\/\\\/candas365.es\\\/noticias\\\/#organization\"}}]}\n\t\t<\/script>\n\t\t<!-- All in One SEO Pro -->\r\n\t\t<title>Ministro alem\u00e1n RREE llama a los turcos en el pa\u00eds a la moderaci\u00f3n | Cand\u00e1s 365<\/title>\n\n","aioseo_head_json":{"title":"Ministro alem\u00e1n RREE llama a los turcos en el pa\u00eds a la moderaci\u00f3n | Cand\u00e1s 365","description":"Berl\u00edn, 30 jul (dpa) - El ministro alem\u00e1n de Exteriores, Frank-Walter Steinmeier, llam\u00f3 a los turcos residentes en Alemania a la moderaci\u00f3n de cara a la manifestaci\u00f3n de partidarios y contrarios al presidente turco, Recep Tayyip Erdogan, que tendr\u00e1 lugar ma\u00f1ana en Colonia. \"No puede ser que se lleven a Alemania las tensiones de pol\u00edtica","canonical_url":"https:\/\/candas365.es\/noticias\/ministro-aleman-rree-llama-a-los-turcos-en-el-pais-a-la-moderacion\/","robots":"max-image-preview:large","keywords":"actualidad","webmasterTools":{"google-site-verification":"UA-32230408-1","msvalidate.01":"354F3CDFB2DA171B47FBE9ABF1F88D5","miscellaneous":""},"schema":{"@context":"https:\/\/schema.org","@graph":[{"@type":"BreadcrumbList","@id":"https:\/\/candas365.es\/noticias\/ministro-aleman-rree-llama-a-los-turcos-en-el-pais-a-la-moderacion\/#breadcrumblist","itemListElement":[{"@type":"ListItem","@id":"https:\/\/candas365.es\/noticias#listItem","position":1,"name":"Home","item":"https:\/\/candas365.es\/noticias","nextItem":{"@type":"ListItem","@id":"https:\/\/candas365.es\/noticias\/category\/actualidad\/#listItem","name":"Actualidad"}},{"@type":"ListItem","@id":"https:\/\/candas365.es\/noticias\/category\/actualidad\/#listItem","position":2,"name":"Actualidad","item":"https:\/\/candas365.es\/noticias\/category\/actualidad\/","nextItem":{"@type":"ListItem","@id":"https:\/\/candas365.es\/noticias\/ministro-aleman-rree-llama-a-los-turcos-en-el-pais-a-la-moderacion\/#listItem","name":"Ministro alem\u00e1n RREE llama a los turcos en el pa\u00eds a la moderaci\u00f3n"},"previousItem":{"@type":"ListItem","@id":"https:\/\/candas365.es\/noticias#listItem","name":"Home"}},{"@type":"ListItem","@id":"https:\/\/candas365.es\/noticias\/ministro-aleman-rree-llama-a-los-turcos-en-el-pais-a-la-moderacion\/#listItem","position":3,"name":"Ministro alem\u00e1n RREE llama a los turcos en el pa\u00eds a la moderaci\u00f3n","previousItem":{"@type":"ListItem","@id":"https:\/\/candas365.es\/noticias\/category\/actualidad\/#listItem","name":"Actualidad"}}]},{"@type":"NewsArticle","@id":"https:\/\/candas365.es\/noticias\/ministro-aleman-rree-llama-a-los-turcos-en-el-pais-a-la-moderacion\/#newsarticle","name":"Ministro alem\u00e1n RREE llama a los turcos en el pa\u00eds a la moderaci\u00f3n | Cand\u00e1s 365","headline":"Ministro alem\u00e1n RREE llama a los turcos en el pa\u00eds a la moderaci\u00f3n","author":{"@id":"https:\/\/candas365.es\/noticias\/author\/admin\/#author"},"publisher":{"@id":"https:\/\/candas365.es\/noticias\/#organization"},"image":{"@type":"ImageObject","url":"https:\/\/candas365.es\/noticias\/wp-content\/uploads\/2015\/09\/c365noticias.jpg","width":655,"height":360},"datePublished":"2016-07-30T22:41:40+02:00","dateModified":"2016-07-30T22:41:40+02:00","inLanguage":"es-ES","mainEntityOfPage":{"@id":"https:\/\/candas365.es\/noticias\/ministro-aleman-rree-llama-a-los-turcos-en-el-pais-a-la-moderacion\/#webpage"},"isPartOf":{"@id":"https:\/\/candas365.es\/noticias\/ministro-aleman-rree-llama-a-los-turcos-en-el-pais-a-la-moderacion\/#webpage"},"articleSection":"Actualidad","dateline":"Publicado el julio 30, 2016."},{"@type":"Organization","@id":"https:\/\/candas365.es\/noticias\/#organization","name":"Cand\u00e1s 365","description":"Cand\u00e1s 365 es un diario digital independiente, fundado en 2012, con base en Asturias. Informamos con rigor sobre actualidad, sociedad, cultura y ocio, con una mirada local y global.","url":"https:\/\/candas365.es\/noticias\/","email":"info@candas365.es","telephone":"+34652131393","foundingDate":"2012-06-10","logo":{"@type":"ImageObject","url":"https:\/\/candas365.es\/noticias\/wp-content\/uploads\/2024\/09\/Candas-365-Redes.jpg","@id":"https:\/\/candas365.es\/noticias\/ministro-aleman-rree-llama-a-los-turcos-en-el-pais-a-la-moderacion\/#organizationLogo","width":1152,"height":864,"caption":"Cand\u00e1s 365 Redes"},"image":{"@id":"https:\/\/candas365.es\/noticias\/ministro-aleman-rree-llama-a-los-turcos-en-el-pais-a-la-moderacion\/#organizationLogo"},"sameAs":["https:\/\/www.facebook.com\/Nachofdezber","https:\/\/x.com\/NabercoDigital","https:\/\/www.instagram.com\/nachofdezber\/","https:\/\/www.youtube.com\/channel\/UCZP-2wLEB9Rv6erhFmqVnvg"],"address":{"@id":"https:\/\/candas365.es\/noticias\/#postaladdress","@type":"PostalAddress","streetAddress":"san antonio 4, san antonio 4","postalCode":"33430","addressLocality":"Cand\u00e1s","addressRegion":"Asturias","addressCountry":"ES"}},{"@type":"Person","@id":"https:\/\/candas365.es\/noticias\/author\/admin\/#author","url":"https:\/\/candas365.es\/noticias\/author\/admin\/","name":"Cand\u00e1s 365","image":{"@type":"ImageObject","@id":"https:\/\/candas365.es\/noticias\/ministro-aleman-rree-llama-a-los-turcos-en-el-pais-a-la-moderacion\/#authorImage","url":"https:\/\/secure.gravatar.com\/avatar\/496a8e03d0c493ede1718b7934145dbdf8d89be1036b0eec9544e1094c9de390?s=96&d=mm&r=g","width":96,"height":96,"caption":"Cand\u00e1s 365"},"sameAs":["https:\/\/www.facebook.com\/carrenoactualidad","https:\/\/twitter.com\/nbasturias","https:\/\/www.instagram.com\/nachofdezber\/","https:\/\/www.youtube.com\/channel\/UCZP-2wLEB9Rv6erhFmqVnvg"]},{"@type":"WebPage","@id":"https:\/\/candas365.es\/noticias\/ministro-aleman-rree-llama-a-los-turcos-en-el-pais-a-la-moderacion\/#webpage","url":"https:\/\/candas365.es\/noticias\/ministro-aleman-rree-llama-a-los-turcos-en-el-pais-a-la-moderacion\/","name":"Ministro alem\u00e1n RREE llama a los turcos en el pa\u00eds a la moderaci\u00f3n | Cand\u00e1s 365","description":"Berl\u00edn, 30 jul (dpa) - El ministro alem\u00e1n de Exteriores, Frank-Walter Steinmeier, llam\u00f3 a los turcos residentes en Alemania a la moderaci\u00f3n de cara a la manifestaci\u00f3n de partidarios y contrarios al presidente turco, Recep Tayyip Erdogan, que tendr\u00e1 lugar ma\u00f1ana en Colonia. \"No puede ser que se lleven a Alemania las tensiones de pol\u00edtica","inLanguage":"es-ES","isPartOf":{"@id":"https:\/\/candas365.es\/noticias\/#website"},"breadcrumb":{"@id":"https:\/\/candas365.es\/noticias\/ministro-aleman-rree-llama-a-los-turcos-en-el-pais-a-la-moderacion\/#breadcrumblist"},"author":{"@id":"https:\/\/candas365.es\/noticias\/author\/admin\/#author"},"creator":{"@id":"https:\/\/candas365.es\/noticias\/author\/admin\/#author"},"image":{"@type":"ImageObject","url":"https:\/\/candas365.es\/noticias\/wp-content\/uploads\/2015\/09\/c365noticias.jpg","@id":"https:\/\/candas365.es\/noticias\/ministro-aleman-rree-llama-a-los-turcos-en-el-pais-a-la-moderacion\/#mainImage","width":655,"height":360},"primaryImageOfPage":{"@id":"https:\/\/candas365.es\/noticias\/ministro-aleman-rree-llama-a-los-turcos-en-el-pais-a-la-moderacion\/#mainImage"},"datePublished":"2016-07-30T22:41:40+02:00","dateModified":"2016-07-30T22:41:40+02:00"},{"@type":"WebSite","@id":"https:\/\/candas365.es\/noticias\/#website","url":"https:\/\/candas365.es\/noticias\/","name":"Cand\u00e1s 365","alternateName":"Cand\u00e1s 365 Noticias","description":"Actualidad desde Carre\u00f1o para el mundo","inLanguage":"es-ES","publisher":{"@id":"https:\/\/candas365.es\/noticias\/#organization"}}]},"og:locale":"es_ES","og:site_name":"Cand\u00e1s 365","og:type":"article","og:title":"Ministro alem\u00e1n RREE llama a los turcos en el pa\u00eds a la moderaci\u00f3n | Cand\u00e1s 365","og:description":"Berl\u00edn, 30 jul (dpa) - El ministro alem\u00e1n de Exteriores, Frank-Walter Steinmeier, llam\u00f3 a los turcos residentes en Alemania a la moderaci\u00f3n de cara a la manifestaci\u00f3n de partidarios y contrarios al presidente turco, Recep Tayyip Erdogan, que tendr\u00e1 lugar ma\u00f1ana en Colonia. &quot;No puede ser que se lleven a Alemania las tensiones de pol\u00edtica","og:url":"https:\/\/candas365.es\/noticias\/ministro-aleman-rree-llama-a-los-turcos-en-el-pais-a-la-moderacion\/","og:image":"https:\/\/candas365.es\/noticias\/wp-content\/uploads\/2015\/09\/c365noticias.jpg","og:image:secure_url":"https:\/\/candas365.es\/noticias\/wp-content\/uploads\/2015\/09\/c365noticias.jpg","og:image:width":655,"og:image:height":360,"article:published_time":"2016-07-30T21:11:40+00:00","article:modified_time":"2016-07-30T21:11:40+00:00","article:publisher":"https:\/\/www.facebook.com\/Nachofdezber","article:author":"https:\/\/www.facebook.com\/carrenoactualidad","twitter:card":"summary_large_image","twitter:site":"@NabercoDigital","twitter:title":"Ministro alem\u00e1n RREE llama a los turcos en el pa\u00eds a la moderaci\u00f3n | Cand\u00e1s 365","twitter:description":"Berl\u00edn, 30 jul (dpa) - El ministro alem\u00e1n de Exteriores, Frank-Walter Steinmeier, llam\u00f3 a los turcos residentes en Alemania a la moderaci\u00f3n de cara a la manifestaci\u00f3n de partidarios y contrarios al presidente turco, Recep Tayyip Erdogan, que tendr\u00e1 lugar ma\u00f1ana en Colonia. &quot;No puede ser que se lleven a Alemania las tensiones de pol\u00edtica","twitter:creator":"@nbasturias","twitter:image":"https:\/\/candas365.es\/noticias\/wp-content\/uploads\/2015\/09\/c365noticias.jpg","twitter:label1":"Escrito por","twitter:data1":"Cand\u00e1s 365","twitter:label2":"Tiempo de lectura estimado","twitter:data2":"2 minutos"},"aioseo_meta_data":{"post_id":"32957","title":null,"description":null,"keywords":null,"keyphrases":null,"primary_term":null,"canonical_url":null,"og_title":null,"og_description":null,"og_object_type":"default","og_image_type":"default","og_image_url":null,"og_image_width":null,"og_image_height":null,"og_image_custom_url":null,"og_image_custom_fields":null,"og_video":null,"og_custom_url":null,"og_article_section":null,"og_article_tags":null,"twitter_use_og":false,"twitter_card":"default","twitter_image_type":"default","twitter_image_url":null,"twitter_image_custom_url":null,"twitter_image_custom_fields":null,"twitter_title":null,"twitter_description":null,"schema":{"blockGraphs":[],"customGraphs":[],"default":{"data":{"Article":[],"Course":[],"Dataset":[],"FAQPage":[],"Movie":[],"Person":[],"Product":[],"ProductReview":[],"Car":[],"Recipe":[],"Service":[],"SoftwareApplication":[],"WebPage":[]},"graphName":"","isEnabled":true},"graphs":[],"defaultGraph":"","defaultPostTypeGraph":""},"schema_type":null,"schema_type_options":null,"pillar_content":false,"robots_default":true,"robots_noindex":false,"robots_noarchive":false,"robots_nosnippet":false,"robots_nofollow":false,"robots_noimageindex":false,"robots_noodp":false,"robots_notranslate":false,"robots_max_snippet":null,"robots_max_videopreview":null,"robots_max_imagepreview":"large","priority":null,"frequency":null,"location":null,"local_seo":null,"seo_analyzer_scan_date":"2025-08-24 16:09:16","breadcrumb_settings":null,"limit_modified_date":false,"reviewed_by":null,"open_ai":null,"ai":null,"created":"2020-12-21 13:05:33","updated":"2025-08-24 16:09:16"},"aioseo_breadcrumb":"<div class=\"aioseo-breadcrumbs\"><span class=\"aioseo-breadcrumb\">\n\t<a href=\"https:\/\/candas365.es\/noticias\" title=\"Home\">Home<\/a>\n<\/span><span class=\"aioseo-breadcrumb-separator\">&ndash;<\/span><span class=\"aioseo-breadcrumb\">\n\t<a href=\"https:\/\/candas365.es\/noticias\/category\/actualidad\/\" title=\"Actualidad\">Actualidad<\/a>\n<\/span><span class=\"aioseo-breadcrumb-separator\">&ndash;<\/span><span class=\"aioseo-breadcrumb\">\n\tMinistro alem\u00e1n RREE llama a los turcos en el pa\u00eds a la moderaci\u00f3n\n<\/span><\/div>","aioseo_breadcrumb_json":[{"label":"Home","link":"https:\/\/candas365.es\/noticias"},{"label":"Actualidad","link":"https:\/\/candas365.es\/noticias\/category\/actualidad\/"},{"label":"Ministro alem\u00e1n RREE llama a los turcos en el pa\u00eds a la moderaci\u00f3n","link":"https:\/\/candas365.es\/noticias\/ministro-aleman-rree-llama-a-los-turcos-en-el-pais-a-la-moderacion\/"}],"_links":{"self":[{"href":"https:\/\/candas365.es\/noticias\/wp-json\/wp\/v2\/posts\/32957","targetHints":{"allow":["GET"]}}],"collection":[{"href":"https:\/\/candas365.es\/noticias\/wp-json\/wp\/v2\/posts"}],"about":[{"href":"https:\/\/candas365.es\/noticias\/wp-json\/wp\/v2\/types\/post"}],"author":[{"embeddable":true,"href":"https:\/\/candas365.es\/noticias\/wp-json\/wp\/v2\/users\/1"}],"replies":[{"embeddable":true,"href":"https:\/\/candas365.es\/noticias\/wp-json\/wp\/v2\/comments?post=32957"}],"version-history":[{"count":0,"href":"https:\/\/candas365.es\/noticias\/wp-json\/wp\/v2\/posts\/32957\/revisions"}],"wp:featuredmedia":[{"embeddable":true,"href":"https:\/\/candas365.es\/noticias\/wp-json\/wp\/v2\/media\/16457"}],"wp:attachment":[{"href":"https:\/\/candas365.es\/noticias\/wp-json\/wp\/v2\/media?parent=32957"}],"wp:term":[{"taxonomy":"category","embeddable":true,"href":"https:\/\/candas365.es\/noticias\/wp-json\/wp\/v2\/categories?post=32957"},{"taxonomy":"post_tag","embeddable":true,"href":"https:\/\/candas365.es\/noticias\/wp-json\/wp\/v2\/tags?post=32957"}],"curies":[{"name":"wp","href":"https:\/\/api.w.org\/{rel}","templated":true}]}}