{"id":32951,"date":"2016-07-30T22:37:19","date_gmt":"2016-07-30T21:07:19","guid":{"rendered":"http:\/\/candas365.es\/noticias\/?p=32951"},"modified":"2016-07-30T22:37:19","modified_gmt":"2016-07-30T21:07:19","slug":"socio-de-merkel-se-distancia-del-lo-lograremos-de-la-canciller","status":"publish","type":"post","link":"https:\/\/candas365.es\/noticias\/socio-de-merkel-se-distancia-del-lo-lograremos-de-la-canciller\/","title":{"rendered":"Socio de Merkel se distancia del \u00abLo lograremos\u00bb de la canciller"},"content":{"rendered":"<p>Gmund (Alemania), 30 jul (dpa) &#8211; El primer ministro b\u00e1varo, Horst Seehofer, socio de la canciller Angela Merkel en el Gobierno alem\u00e1n, se distanci\u00f3 hoy de manera tajante de la famosa frase \u00abLo lograremos\u00bb esgrimida por la mandataria alemana para convencer a sus compatriotas de que podr\u00e1n gestionar la gran afluencia de refugiados al pa\u00eds. <\/p>\n<p>El l\u00edder de la Uni\u00f3n Cristianosocial, partido hermanado de la Uni\u00f3n Cristianodem\u00f3crata (CDU) de Merkel, no lo ve as\u00ed y aprovech\u00f3 el cierre de una reuni\u00f3n del Gobierno b\u00e1varo para distanciarse una vez m\u00e1s de la pol\u00edtica de refugiados de la canciller y de la famosa frase que la mandataria germana volvi\u00f3 a repetir esta semana. <\/p>\n<p>En su opini\u00f3n, la frase de Merkel \u00abLo lograremos\u00bb no podr\u00eda hacerla suya ni aunque quisiera. \u00abEl problema es demasiado grande\u00bb, alert\u00f3 sobre el gran n\u00famero de refugiados en el pa\u00eds, que en 2015 lleg\u00f3 hasta los 1,1 millones de personas. <\/p>\n<p>Seehofer, una de las voces m\u00e1s cr\u00edticas del Gobierno alem\u00e1n con la pol\u00edtica de Merkel desde que comenzara la crisis de los refugiados el pasado a\u00f1o, ve de manera \u00abdemasiado insatisfactoria\u00bb las decisiones tomadas hasta ahora. <\/p>\n<p>\u00abY por ello debemos en Alemania mejorar en gran medida en todos los \u00e1mbitos\u00bb, afirm\u00f3 al mismo tiempo que asegur\u00f3 que no lo dice de manera \u00abfr\u00edvola\u00bb y que no quiere ninguna disputa. Para Seehofer no se trata de diferencias entre los dos partidos, si no de no decir \u00abmentiras a la opini\u00f3n p\u00fablica\u00bb. <\/p>\n<p>Asimismo, Seehofer aprovech\u00f3 su comparecencia para insistir en la necesidad de limitar la entrada de refugiados al pa\u00eds despu\u00e9s de los ataques registrados la semana pasada en Baviera, dos de ellos perpetrados por solicitantes de asilo. <\/p>\n<p>\u00abLimitar la inmigraci\u00f3n es un requisito para la seguridad en el pa\u00eds\u00bb, afirm\u00f3 el pol\u00edtico b\u00e1varo. Sin embargo, la limitaci\u00f3n es tambi\u00e9n un requisito para la integraci\u00f3n de aquellos que necesiten recibir protecci\u00f3n, indic\u00f3. <\/p>\n<p>En los \u00faltimos meses el n\u00famero de refugiados que llegan al pa\u00eds se redujo dr\u00e1sticamente gracias principalmente al acuerdo firmado entre la Uni\u00f3n Europea y Turqu\u00eda.<\/p>\n<p>Alemania fue sacudida por una serie de hechos violentos desde el 18 de julio. El pasado s\u00e1bado, un refugiado sirio se suicid\u00f3 y caus\u00f3 heridas a 15 personas al detonar una bomba en su mochila en la entrada de un concierto en la localidad de Ansbach. <\/p>\n<p>El 18 de julio, un refugiado de 17 a\u00f1os, probablemente de Afganist\u00e1n, protagoniz\u00f3 un ataque con hacha y cuchillo en un tren regional, hiriendo a cinco personas, entre ellas cuatro turistas de Hong Kong. La milicia terrorista Estado Isl\u00e1mico reclam\u00f3 la autor\u00eda de ambos atentados.<\/p>\n","protected":false},"excerpt":{"rendered":"<p>Gmund (Alemania), 30 jul (dpa) &#8211; El primer ministro b\u00e1varo, Horst Seehofer, socio de la canciller Angela Merkel en el Gobierno alem\u00e1n, se distanci\u00f3 hoy de manera tajante de la famosa frase \u00abLo lograremos\u00bb esgrimida por la mandataria alemana para convencer a sus compatriotas de que podr\u00e1n gestionar la gran afluencia de refugiados al pa\u00eds.<\/p>\n","protected":false},"author":1,"featured_media":16457,"comment_status":"closed","ping_status":"closed","sticky":false,"template":"","format":"standard","meta":{"footnotes":""},"categories":[343],"tags":[],"class_list":{"0":"post-32951","1":"post","2":"type-post","3":"status-publish","4":"format-standard","5":"has-post-thumbnail","7":"category-actualidad"},"aioseo_notices":[],"aioseo_head":"\n\t\t<!-- All in One SEO Pro 4.9.6.2 - aioseo.com -->\n\t<meta name=\"description\" content=\"Gmund (Alemania), 30 jul (dpa) - El primer ministro b\u00e1varo, Horst Seehofer, socio de la canciller Angela Merkel en el Gobierno alem\u00e1n, se distanci\u00f3 hoy de manera tajante de la famosa frase &quot;Lo lograremos&quot; esgrimida por la mandataria alemana para convencer a sus compatriotas de que podr\u00e1n gestionar la gran afluencia de refugiados al pa\u00eds.\" \/>\n\t<meta name=\"robots\" content=\"max-image-preview:large\" \/>\n\t<meta name=\"author\" content=\"Cand\u00e1s 365\"\/>\n\t<meta name=\"google-site-verification\" content=\"UA-32230408-1\" \/>\n\t<meta name=\"msvalidate.01\" content=\"354F3CDFB2DA171B47FBE9ABF1F88D5\" \/>\n\t<meta name=\"keywords\" content=\"actualidad\" \/>\n\t<link rel=\"canonical\" href=\"https:\/\/candas365.es\/noticias\/socio-de-merkel-se-distancia-del-lo-lograremos-de-la-canciller\/\" \/>\n\t<meta name=\"generator\" content=\"All in One SEO Pro (AIOSEO) 4.9.6.2\" \/>\n\t\t<meta property=\"og:locale\" content=\"es_ES\" \/>\n\t\t<meta property=\"og:site_name\" content=\"Cand\u00e1s 365\" \/>\n\t\t<meta property=\"og:type\" content=\"article\" \/>\n\t\t<meta property=\"og:title\" content=\"Socio de Merkel se distancia del \u00abLo lograremos\u00bb de la canciller | Cand\u00e1s 365\" \/>\n\t\t<meta property=\"og:description\" content=\"Gmund (Alemania), 30 jul (dpa) - El primer ministro b\u00e1varo, Horst Seehofer, socio de la canciller Angela Merkel en el Gobierno alem\u00e1n, se distanci\u00f3 hoy de manera tajante de la famosa frase &quot;Lo lograremos&quot; esgrimida por la mandataria alemana para convencer a sus compatriotas de que podr\u00e1n gestionar la gran afluencia de refugiados al pa\u00eds.\" \/>\n\t\t<meta property=\"og:url\" content=\"https:\/\/candas365.es\/noticias\/socio-de-merkel-se-distancia-del-lo-lograremos-de-la-canciller\/\" \/>\n\t\t<meta property=\"og:image\" content=\"https:\/\/candas365.es\/noticias\/wp-content\/uploads\/2015\/09\/c365noticias.jpg\" \/>\n\t\t<meta property=\"og:image:secure_url\" content=\"https:\/\/candas365.es\/noticias\/wp-content\/uploads\/2015\/09\/c365noticias.jpg\" \/>\n\t\t<meta property=\"og:image:width\" content=\"655\" \/>\n\t\t<meta property=\"og:image:height\" content=\"360\" \/>\n\t\t<meta property=\"article:published_time\" content=\"2016-07-30T21:07:19+00:00\" \/>\n\t\t<meta property=\"article:modified_time\" content=\"2016-07-30T21:07:19+00:00\" \/>\n\t\t<meta property=\"article:publisher\" content=\"https:\/\/www.facebook.com\/Nachofdezber\" \/>\n\t\t<meta property=\"article:author\" content=\"https:\/\/www.facebook.com\/carrenoactualidad\" \/>\n\t\t<meta name=\"twitter:card\" content=\"summary_large_image\" \/>\n\t\t<meta name=\"twitter:site\" content=\"@NabercoDigital\" \/>\n\t\t<meta name=\"twitter:title\" content=\"Socio de Merkel se distancia del \u00abLo lograremos\u00bb de la canciller | Cand\u00e1s 365\" \/>\n\t\t<meta name=\"twitter:description\" content=\"Gmund (Alemania), 30 jul (dpa) - El primer ministro b\u00e1varo, Horst Seehofer, socio de la canciller Angela Merkel en el Gobierno alem\u00e1n, se distanci\u00f3 hoy de manera tajante de la famosa frase &quot;Lo lograremos&quot; esgrimida por la mandataria alemana para convencer a sus compatriotas de que podr\u00e1n gestionar la gran afluencia de refugiados al pa\u00eds.\" \/>\n\t\t<meta name=\"twitter:creator\" content=\"@nbasturias\" \/>\n\t\t<meta name=\"twitter:image\" content=\"https:\/\/candas365.es\/noticias\/wp-content\/uploads\/2015\/09\/c365noticias.jpg\" \/>\n\t\t<meta name=\"twitter:label1\" content=\"Escrito por\" \/>\n\t\t<meta name=\"twitter:data1\" content=\"Cand\u00e1s 365\" \/>\n\t\t<meta name=\"twitter:label2\" content=\"Tiempo de lectura estimado\" \/>\n\t\t<meta name=\"twitter:data2\" content=\"2 minutos\" \/>\n\t\t<script type=\"application\/ld+json\" class=\"aioseo-schema\">\n\t\t\t{\"@context\":\"https:\\\/\\\/schema.org\",\"@graph\":[{\"@type\":\"BreadcrumbList\",\"@id\":\"https:\\\/\\\/candas365.es\\\/noticias\\\/socio-de-merkel-se-distancia-del-lo-lograremos-de-la-canciller\\\/#breadcrumblist\",\"itemListElement\":[{\"@type\":\"ListItem\",\"@id\":\"https:\\\/\\\/candas365.es\\\/noticias#listItem\",\"position\":1,\"name\":\"Home\",\"item\":\"https:\\\/\\\/candas365.es\\\/noticias\",\"nextItem\":{\"@type\":\"ListItem\",\"@id\":\"https:\\\/\\\/candas365.es\\\/noticias\\\/category\\\/actualidad\\\/#listItem\",\"name\":\"Actualidad\"}},{\"@type\":\"ListItem\",\"@id\":\"https:\\\/\\\/candas365.es\\\/noticias\\\/category\\\/actualidad\\\/#listItem\",\"position\":2,\"name\":\"Actualidad\",\"item\":\"https:\\\/\\\/candas365.es\\\/noticias\\\/category\\\/actualidad\\\/\",\"nextItem\":{\"@type\":\"ListItem\",\"@id\":\"https:\\\/\\\/candas365.es\\\/noticias\\\/socio-de-merkel-se-distancia-del-lo-lograremos-de-la-canciller\\\/#listItem\",\"name\":\"Socio de Merkel se distancia del \\u00abLo lograremos\\u00bb de la canciller\"},\"previousItem\":{\"@type\":\"ListItem\",\"@id\":\"https:\\\/\\\/candas365.es\\\/noticias#listItem\",\"name\":\"Home\"}},{\"@type\":\"ListItem\",\"@id\":\"https:\\\/\\\/candas365.es\\\/noticias\\\/socio-de-merkel-se-distancia-del-lo-lograremos-de-la-canciller\\\/#listItem\",\"position\":3,\"name\":\"Socio de Merkel se distancia del \\u00abLo lograremos\\u00bb de la canciller\",\"previousItem\":{\"@type\":\"ListItem\",\"@id\":\"https:\\\/\\\/candas365.es\\\/noticias\\\/category\\\/actualidad\\\/#listItem\",\"name\":\"Actualidad\"}}]},{\"@type\":\"NewsArticle\",\"@id\":\"https:\\\/\\\/candas365.es\\\/noticias\\\/socio-de-merkel-se-distancia-del-lo-lograremos-de-la-canciller\\\/#newsarticle\",\"name\":\"Socio de Merkel se distancia del \\u00abLo lograremos\\u00bb de la canciller | Cand\\u00e1s 365\",\"headline\":\"Socio de Merkel se distancia del \\u00abLo lograremos\\u00bb de la canciller\",\"author\":{\"@id\":\"https:\\\/\\\/candas365.es\\\/noticias\\\/author\\\/admin\\\/#author\"},\"publisher\":{\"@id\":\"https:\\\/\\\/candas365.es\\\/noticias\\\/#organization\"},\"image\":{\"@type\":\"ImageObject\",\"url\":\"https:\\\/\\\/candas365.es\\\/noticias\\\/wp-content\\\/uploads\\\/2015\\\/09\\\/c365noticias.jpg\",\"width\":655,\"height\":360},\"datePublished\":\"2016-07-30T22:37:19+02:00\",\"dateModified\":\"2016-07-30T22:37:19+02:00\",\"inLanguage\":\"es-ES\",\"mainEntityOfPage\":{\"@id\":\"https:\\\/\\\/candas365.es\\\/noticias\\\/socio-de-merkel-se-distancia-del-lo-lograremos-de-la-canciller\\\/#webpage\"},\"isPartOf\":{\"@id\":\"https:\\\/\\\/candas365.es\\\/noticias\\\/socio-de-merkel-se-distancia-del-lo-lograremos-de-la-canciller\\\/#webpage\"},\"articleSection\":\"Actualidad\",\"dateline\":\"Publicado el julio 30, 2016.\"},{\"@type\":\"Organization\",\"@id\":\"https:\\\/\\\/candas365.es\\\/noticias\\\/#organization\",\"name\":\"Cand\\u00e1s 365\",\"description\":\"Cand\\u00e1s 365 es un diario digital independiente, fundado en 2012, con base en Asturias. Informamos con rigor sobre actualidad, sociedad, cultura y ocio, con una mirada local y global.\",\"url\":\"https:\\\/\\\/candas365.es\\\/noticias\\\/\",\"email\":\"info@candas365.es\",\"telephone\":\"+34652131393\",\"foundingDate\":\"2012-06-10\",\"logo\":{\"@type\":\"ImageObject\",\"url\":\"https:\\\/\\\/candas365.es\\\/noticias\\\/wp-content\\\/uploads\\\/2024\\\/09\\\/Candas-365-Redes.jpg\",\"@id\":\"https:\\\/\\\/candas365.es\\\/noticias\\\/socio-de-merkel-se-distancia-del-lo-lograremos-de-la-canciller\\\/#organizationLogo\",\"width\":1152,\"height\":864,\"caption\":\"Cand\\u00e1s 365 Redes\"},\"image\":{\"@id\":\"https:\\\/\\\/candas365.es\\\/noticias\\\/socio-de-merkel-se-distancia-del-lo-lograremos-de-la-canciller\\\/#organizationLogo\"},\"sameAs\":[\"https:\\\/\\\/www.facebook.com\\\/Nachofdezber\",\"https:\\\/\\\/x.com\\\/NabercoDigital\",\"https:\\\/\\\/www.instagram.com\\\/nachofdezber\\\/\",\"https:\\\/\\\/www.youtube.com\\\/channel\\\/UCZP-2wLEB9Rv6erhFmqVnvg\"],\"address\":{\"@id\":\"https:\\\/\\\/candas365.es\\\/noticias\\\/#postaladdress\",\"@type\":\"PostalAddress\",\"streetAddress\":\"san antonio 4, san antonio 4\",\"postalCode\":\"33430\",\"addressLocality\":\"Cand\\u00e1s\",\"addressRegion\":\"Asturias\",\"addressCountry\":\"ES\"}},{\"@type\":\"Person\",\"@id\":\"https:\\\/\\\/candas365.es\\\/noticias\\\/author\\\/admin\\\/#author\",\"url\":\"https:\\\/\\\/candas365.es\\\/noticias\\\/author\\\/admin\\\/\",\"name\":\"Cand\\u00e1s 365\",\"image\":{\"@type\":\"ImageObject\",\"@id\":\"https:\\\/\\\/candas365.es\\\/noticias\\\/socio-de-merkel-se-distancia-del-lo-lograremos-de-la-canciller\\\/#authorImage\",\"url\":\"https:\\\/\\\/secure.gravatar.com\\\/avatar\\\/496a8e03d0c493ede1718b7934145dbdf8d89be1036b0eec9544e1094c9de390?s=96&d=mm&r=g\",\"width\":96,\"height\":96,\"caption\":\"Cand\\u00e1s 365\"},\"sameAs\":[\"https:\\\/\\\/www.facebook.com\\\/carrenoactualidad\",\"https:\\\/\\\/twitter.com\\\/nbasturias\",\"https:\\\/\\\/www.instagram.com\\\/nachofdezber\\\/\",\"https:\\\/\\\/www.youtube.com\\\/channel\\\/UCZP-2wLEB9Rv6erhFmqVnvg\"]},{\"@type\":\"WebPage\",\"@id\":\"https:\\\/\\\/candas365.es\\\/noticias\\\/socio-de-merkel-se-distancia-del-lo-lograremos-de-la-canciller\\\/#webpage\",\"url\":\"https:\\\/\\\/candas365.es\\\/noticias\\\/socio-de-merkel-se-distancia-del-lo-lograremos-de-la-canciller\\\/\",\"name\":\"Socio de Merkel se distancia del \\u00abLo lograremos\\u00bb de la canciller | Cand\\u00e1s 365\",\"description\":\"Gmund (Alemania), 30 jul (dpa) - El primer ministro b\\u00e1varo, Horst Seehofer, socio de la canciller Angela Merkel en el Gobierno alem\\u00e1n, se distanci\\u00f3 hoy de manera tajante de la famosa frase \\\"Lo lograremos\\\" esgrimida por la mandataria alemana para convencer a sus compatriotas de que podr\\u00e1n gestionar la gran afluencia de refugiados al pa\\u00eds.\",\"inLanguage\":\"es-ES\",\"isPartOf\":{\"@id\":\"https:\\\/\\\/candas365.es\\\/noticias\\\/#website\"},\"breadcrumb\":{\"@id\":\"https:\\\/\\\/candas365.es\\\/noticias\\\/socio-de-merkel-se-distancia-del-lo-lograremos-de-la-canciller\\\/#breadcrumblist\"},\"author\":{\"@id\":\"https:\\\/\\\/candas365.es\\\/noticias\\\/author\\\/admin\\\/#author\"},\"creator\":{\"@id\":\"https:\\\/\\\/candas365.es\\\/noticias\\\/author\\\/admin\\\/#author\"},\"image\":{\"@type\":\"ImageObject\",\"url\":\"https:\\\/\\\/candas365.es\\\/noticias\\\/wp-content\\\/uploads\\\/2015\\\/09\\\/c365noticias.jpg\",\"@id\":\"https:\\\/\\\/candas365.es\\\/noticias\\\/socio-de-merkel-se-distancia-del-lo-lograremos-de-la-canciller\\\/#mainImage\",\"width\":655,\"height\":360},\"primaryImageOfPage\":{\"@id\":\"https:\\\/\\\/candas365.es\\\/noticias\\\/socio-de-merkel-se-distancia-del-lo-lograremos-de-la-canciller\\\/#mainImage\"},\"datePublished\":\"2016-07-30T22:37:19+02:00\",\"dateModified\":\"2016-07-30T22:37:19+02:00\"},{\"@type\":\"WebSite\",\"@id\":\"https:\\\/\\\/candas365.es\\\/noticias\\\/#website\",\"url\":\"https:\\\/\\\/candas365.es\\\/noticias\\\/\",\"name\":\"Cand\\u00e1s 365\",\"alternateName\":\"Cand\\u00e1s 365 Noticias\",\"description\":\"Actualidad desde Carre\\u00f1o para el mundo\",\"inLanguage\":\"es-ES\",\"publisher\":{\"@id\":\"https:\\\/\\\/candas365.es\\\/noticias\\\/#organization\"}}]}\n\t\t<\/script>\n\t\t<!-- All in One SEO Pro -->\r\n\t\t<title>Socio de Merkel se distancia del \u00abLo lograremos\u00bb de la canciller | Cand\u00e1s 365<\/title>\n\n","aioseo_head_json":{"title":"Socio de Merkel se distancia del \u00abLo lograremos\u00bb de la canciller | Cand\u00e1s 365","description":"Gmund (Alemania), 30 jul (dpa) - El primer ministro b\u00e1varo, Horst Seehofer, socio de la canciller Angela Merkel en el Gobierno alem\u00e1n, se distanci\u00f3 hoy de manera tajante de la famosa frase \"Lo lograremos\" esgrimida por la mandataria alemana para convencer a sus compatriotas de que podr\u00e1n gestionar la gran afluencia de refugiados al pa\u00eds.","canonical_url":"https:\/\/candas365.es\/noticias\/socio-de-merkel-se-distancia-del-lo-lograremos-de-la-canciller\/","robots":"max-image-preview:large","keywords":"actualidad","webmasterTools":{"google-site-verification":"UA-32230408-1","msvalidate.01":"354F3CDFB2DA171B47FBE9ABF1F88D5","miscellaneous":""},"schema":{"@context":"https:\/\/schema.org","@graph":[{"@type":"BreadcrumbList","@id":"https:\/\/candas365.es\/noticias\/socio-de-merkel-se-distancia-del-lo-lograremos-de-la-canciller\/#breadcrumblist","itemListElement":[{"@type":"ListItem","@id":"https:\/\/candas365.es\/noticias#listItem","position":1,"name":"Home","item":"https:\/\/candas365.es\/noticias","nextItem":{"@type":"ListItem","@id":"https:\/\/candas365.es\/noticias\/category\/actualidad\/#listItem","name":"Actualidad"}},{"@type":"ListItem","@id":"https:\/\/candas365.es\/noticias\/category\/actualidad\/#listItem","position":2,"name":"Actualidad","item":"https:\/\/candas365.es\/noticias\/category\/actualidad\/","nextItem":{"@type":"ListItem","@id":"https:\/\/candas365.es\/noticias\/socio-de-merkel-se-distancia-del-lo-lograremos-de-la-canciller\/#listItem","name":"Socio de Merkel se distancia del \u00abLo lograremos\u00bb de la canciller"},"previousItem":{"@type":"ListItem","@id":"https:\/\/candas365.es\/noticias#listItem","name":"Home"}},{"@type":"ListItem","@id":"https:\/\/candas365.es\/noticias\/socio-de-merkel-se-distancia-del-lo-lograremos-de-la-canciller\/#listItem","position":3,"name":"Socio de Merkel se distancia del \u00abLo lograremos\u00bb de la canciller","previousItem":{"@type":"ListItem","@id":"https:\/\/candas365.es\/noticias\/category\/actualidad\/#listItem","name":"Actualidad"}}]},{"@type":"NewsArticle","@id":"https:\/\/candas365.es\/noticias\/socio-de-merkel-se-distancia-del-lo-lograremos-de-la-canciller\/#newsarticle","name":"Socio de Merkel se distancia del \u00abLo lograremos\u00bb de la canciller | Cand\u00e1s 365","headline":"Socio de Merkel se distancia del \u00abLo lograremos\u00bb de la canciller","author":{"@id":"https:\/\/candas365.es\/noticias\/author\/admin\/#author"},"publisher":{"@id":"https:\/\/candas365.es\/noticias\/#organization"},"image":{"@type":"ImageObject","url":"https:\/\/candas365.es\/noticias\/wp-content\/uploads\/2015\/09\/c365noticias.jpg","width":655,"height":360},"datePublished":"2016-07-30T22:37:19+02:00","dateModified":"2016-07-30T22:37:19+02:00","inLanguage":"es-ES","mainEntityOfPage":{"@id":"https:\/\/candas365.es\/noticias\/socio-de-merkel-se-distancia-del-lo-lograremos-de-la-canciller\/#webpage"},"isPartOf":{"@id":"https:\/\/candas365.es\/noticias\/socio-de-merkel-se-distancia-del-lo-lograremos-de-la-canciller\/#webpage"},"articleSection":"Actualidad","dateline":"Publicado el julio 30, 2016."},{"@type":"Organization","@id":"https:\/\/candas365.es\/noticias\/#organization","name":"Cand\u00e1s 365","description":"Cand\u00e1s 365 es un diario digital independiente, fundado en 2012, con base en Asturias. Informamos con rigor sobre actualidad, sociedad, cultura y ocio, con una mirada local y global.","url":"https:\/\/candas365.es\/noticias\/","email":"info@candas365.es","telephone":"+34652131393","foundingDate":"2012-06-10","logo":{"@type":"ImageObject","url":"https:\/\/candas365.es\/noticias\/wp-content\/uploads\/2024\/09\/Candas-365-Redes.jpg","@id":"https:\/\/candas365.es\/noticias\/socio-de-merkel-se-distancia-del-lo-lograremos-de-la-canciller\/#organizationLogo","width":1152,"height":864,"caption":"Cand\u00e1s 365 Redes"},"image":{"@id":"https:\/\/candas365.es\/noticias\/socio-de-merkel-se-distancia-del-lo-lograremos-de-la-canciller\/#organizationLogo"},"sameAs":["https:\/\/www.facebook.com\/Nachofdezber","https:\/\/x.com\/NabercoDigital","https:\/\/www.instagram.com\/nachofdezber\/","https:\/\/www.youtube.com\/channel\/UCZP-2wLEB9Rv6erhFmqVnvg"],"address":{"@id":"https:\/\/candas365.es\/noticias\/#postaladdress","@type":"PostalAddress","streetAddress":"san antonio 4, san antonio 4","postalCode":"33430","addressLocality":"Cand\u00e1s","addressRegion":"Asturias","addressCountry":"ES"}},{"@type":"Person","@id":"https:\/\/candas365.es\/noticias\/author\/admin\/#author","url":"https:\/\/candas365.es\/noticias\/author\/admin\/","name":"Cand\u00e1s 365","image":{"@type":"ImageObject","@id":"https:\/\/candas365.es\/noticias\/socio-de-merkel-se-distancia-del-lo-lograremos-de-la-canciller\/#authorImage","url":"https:\/\/secure.gravatar.com\/avatar\/496a8e03d0c493ede1718b7934145dbdf8d89be1036b0eec9544e1094c9de390?s=96&d=mm&r=g","width":96,"height":96,"caption":"Cand\u00e1s 365"},"sameAs":["https:\/\/www.facebook.com\/carrenoactualidad","https:\/\/twitter.com\/nbasturias","https:\/\/www.instagram.com\/nachofdezber\/","https:\/\/www.youtube.com\/channel\/UCZP-2wLEB9Rv6erhFmqVnvg"]},{"@type":"WebPage","@id":"https:\/\/candas365.es\/noticias\/socio-de-merkel-se-distancia-del-lo-lograremos-de-la-canciller\/#webpage","url":"https:\/\/candas365.es\/noticias\/socio-de-merkel-se-distancia-del-lo-lograremos-de-la-canciller\/","name":"Socio de Merkel se distancia del \u00abLo lograremos\u00bb de la canciller | Cand\u00e1s 365","description":"Gmund (Alemania), 30 jul (dpa) - El primer ministro b\u00e1varo, Horst Seehofer, socio de la canciller Angela Merkel en el Gobierno alem\u00e1n, se distanci\u00f3 hoy de manera tajante de la famosa frase \"Lo lograremos\" esgrimida por la mandataria alemana para convencer a sus compatriotas de que podr\u00e1n gestionar la gran afluencia de refugiados al pa\u00eds.","inLanguage":"es-ES","isPartOf":{"@id":"https:\/\/candas365.es\/noticias\/#website"},"breadcrumb":{"@id":"https:\/\/candas365.es\/noticias\/socio-de-merkel-se-distancia-del-lo-lograremos-de-la-canciller\/#breadcrumblist"},"author":{"@id":"https:\/\/candas365.es\/noticias\/author\/admin\/#author"},"creator":{"@id":"https:\/\/candas365.es\/noticias\/author\/admin\/#author"},"image":{"@type":"ImageObject","url":"https:\/\/candas365.es\/noticias\/wp-content\/uploads\/2015\/09\/c365noticias.jpg","@id":"https:\/\/candas365.es\/noticias\/socio-de-merkel-se-distancia-del-lo-lograremos-de-la-canciller\/#mainImage","width":655,"height":360},"primaryImageOfPage":{"@id":"https:\/\/candas365.es\/noticias\/socio-de-merkel-se-distancia-del-lo-lograremos-de-la-canciller\/#mainImage"},"datePublished":"2016-07-30T22:37:19+02:00","dateModified":"2016-07-30T22:37:19+02:00"},{"@type":"WebSite","@id":"https:\/\/candas365.es\/noticias\/#website","url":"https:\/\/candas365.es\/noticias\/","name":"Cand\u00e1s 365","alternateName":"Cand\u00e1s 365 Noticias","description":"Actualidad desde Carre\u00f1o para el mundo","inLanguage":"es-ES","publisher":{"@id":"https:\/\/candas365.es\/noticias\/#organization"}}]},"og:locale":"es_ES","og:site_name":"Cand\u00e1s 365","og:type":"article","og:title":"Socio de Merkel se distancia del \u00abLo lograremos\u00bb de la canciller | Cand\u00e1s 365","og:description":"Gmund (Alemania), 30 jul (dpa) - El primer ministro b\u00e1varo, Horst Seehofer, socio de la canciller Angela Merkel en el Gobierno alem\u00e1n, se distanci\u00f3 hoy de manera tajante de la famosa frase &quot;Lo lograremos&quot; esgrimida por la mandataria alemana para convencer a sus compatriotas de que podr\u00e1n gestionar la gran afluencia de refugiados al pa\u00eds.","og:url":"https:\/\/candas365.es\/noticias\/socio-de-merkel-se-distancia-del-lo-lograremos-de-la-canciller\/","og:image":"https:\/\/candas365.es\/noticias\/wp-content\/uploads\/2015\/09\/c365noticias.jpg","og:image:secure_url":"https:\/\/candas365.es\/noticias\/wp-content\/uploads\/2015\/09\/c365noticias.jpg","og:image:width":655,"og:image:height":360,"article:published_time":"2016-07-30T21:07:19+00:00","article:modified_time":"2016-07-30T21:07:19+00:00","article:publisher":"https:\/\/www.facebook.com\/Nachofdezber","article:author":"https:\/\/www.facebook.com\/carrenoactualidad","twitter:card":"summary_large_image","twitter:site":"@NabercoDigital","twitter:title":"Socio de Merkel se distancia del \u00abLo lograremos\u00bb de la canciller | Cand\u00e1s 365","twitter:description":"Gmund (Alemania), 30 jul (dpa) - El primer ministro b\u00e1varo, Horst Seehofer, socio de la canciller Angela Merkel en el Gobierno alem\u00e1n, se distanci\u00f3 hoy de manera tajante de la famosa frase &quot;Lo lograremos&quot; esgrimida por la mandataria alemana para convencer a sus compatriotas de que podr\u00e1n gestionar la gran afluencia de refugiados al pa\u00eds.","twitter:creator":"@nbasturias","twitter:image":"https:\/\/candas365.es\/noticias\/wp-content\/uploads\/2015\/09\/c365noticias.jpg","twitter:label1":"Escrito por","twitter:data1":"Cand\u00e1s 365","twitter:label2":"Tiempo de lectura estimado","twitter:data2":"2 minutos"},"aioseo_meta_data":{"post_id":"32951","title":null,"description":null,"keywords":null,"keyphrases":null,"primary_term":null,"canonical_url":null,"og_title":null,"og_description":null,"og_object_type":"default","og_image_type":"default","og_image_url":null,"og_image_width":null,"og_image_height":null,"og_image_custom_url":null,"og_image_custom_fields":null,"og_video":null,"og_custom_url":null,"og_article_section":null,"og_article_tags":null,"twitter_use_og":false,"twitter_card":"default","twitter_image_type":"default","twitter_image_url":null,"twitter_image_custom_url":null,"twitter_image_custom_fields":null,"twitter_title":null,"twitter_description":null,"schema":{"blockGraphs":[],"customGraphs":[],"default":{"data":{"Article":[],"Course":[],"Dataset":[],"FAQPage":[],"Movie":[],"Person":[],"Product":[],"ProductReview":[],"Car":[],"Recipe":[],"Service":[],"SoftwareApplication":[],"WebPage":[]},"graphName":"","isEnabled":true},"graphs":[]},"schema_type":null,"schema_type_options":null,"pillar_content":false,"robots_default":true,"robots_noindex":false,"robots_noarchive":false,"robots_nosnippet":false,"robots_nofollow":false,"robots_noimageindex":false,"robots_noodp":false,"robots_notranslate":false,"robots_max_snippet":null,"robots_max_videopreview":null,"robots_max_imagepreview":"large","priority":null,"frequency":null,"location":null,"local_seo":null,"seo_analyzer_scan_date":"2025-08-24 16:09:13","breadcrumb_settings":null,"limit_modified_date":false,"reviewed_by":null,"open_ai":null,"ai":null,"created":"2020-12-21 13:05:33","updated":"2025-08-24 16:09:13"},"aioseo_breadcrumb":"<div class=\"aioseo-breadcrumbs\"><span class=\"aioseo-breadcrumb\">\n\t<a href=\"https:\/\/candas365.es\/noticias\" title=\"Home\">Home<\/a>\n<\/span><span class=\"aioseo-breadcrumb-separator\">&ndash;<\/span><span class=\"aioseo-breadcrumb\">\n\t<a href=\"https:\/\/candas365.es\/noticias\/category\/actualidad\/\" title=\"Actualidad\">Actualidad<\/a>\n<\/span><span class=\"aioseo-breadcrumb-separator\">&ndash;<\/span><span class=\"aioseo-breadcrumb\">\n\tSocio de Merkel se distancia del \u00abLo lograremos\u00bb de la canciller\n<\/span><\/div>","aioseo_breadcrumb_json":[{"label":"Home","link":"https:\/\/candas365.es\/noticias"},{"label":"Actualidad","link":"https:\/\/candas365.es\/noticias\/category\/actualidad\/"},{"label":"Socio de Merkel se distancia del \u00abLo lograremos\u00bb de la canciller","link":"https:\/\/candas365.es\/noticias\/socio-de-merkel-se-distancia-del-lo-lograremos-de-la-canciller\/"}],"_links":{"self":[{"href":"https:\/\/candas365.es\/noticias\/wp-json\/wp\/v2\/posts\/32951","targetHints":{"allow":["GET"]}}],"collection":[{"href":"https:\/\/candas365.es\/noticias\/wp-json\/wp\/v2\/posts"}],"about":[{"href":"https:\/\/candas365.es\/noticias\/wp-json\/wp\/v2\/types\/post"}],"author":[{"embeddable":true,"href":"https:\/\/candas365.es\/noticias\/wp-json\/wp\/v2\/users\/1"}],"replies":[{"embeddable":true,"href":"https:\/\/candas365.es\/noticias\/wp-json\/wp\/v2\/comments?post=32951"}],"version-history":[{"count":0,"href":"https:\/\/candas365.es\/noticias\/wp-json\/wp\/v2\/posts\/32951\/revisions"}],"wp:featuredmedia":[{"embeddable":true,"href":"https:\/\/candas365.es\/noticias\/wp-json\/wp\/v2\/media\/16457"}],"wp:attachment":[{"href":"https:\/\/candas365.es\/noticias\/wp-json\/wp\/v2\/media?parent=32951"}],"wp:term":[{"taxonomy":"category","embeddable":true,"href":"https:\/\/candas365.es\/noticias\/wp-json\/wp\/v2\/categories?post=32951"},{"taxonomy":"post_tag","embeddable":true,"href":"https:\/\/candas365.es\/noticias\/wp-json\/wp\/v2\/tags?post=32951"}],"curies":[{"name":"wp","href":"https:\/\/api.w.org\/{rel}","templated":true}]}}