{"id":32949,"date":"2016-07-30T22:36:33","date_gmt":"2016-07-30T21:06:33","guid":{"rendered":"http:\/\/candas365.es\/noticias\/?p=32949"},"modified":"2016-07-30T22:36:33","modified_gmt":"2016-07-30T21:06:33","slug":"comisario-ue-sobre-deficit-espana-nuestra-amenaza-va-en-serio","status":"publish","type":"post","link":"https:\/\/candas365.es\/noticias\/comisario-ue-sobre-deficit-espana-nuestra-amenaza-va-en-serio\/","title":{"rendered":"Comisario UE sobre d\u00e9ficit Espa\u00f1a: \u00abNuestra amenaza va en serio\u00bb"},"content":{"rendered":"<p>Berl\u00edn, 30 jul (dpa) &#8211; El comisario de Econom\u00eda y Sociedad Digital de la Uni\u00f3n Europea (UE), G\u00fcnther Oettinger, record\u00f3 a Espa\u00f1a y Portugal que la amenaza de la Comisi\u00f3n Europea de recortar los fondos estructurales va en serio si no ponen en orden sus presupuestos, en una entrevista publicada hoy en la revista alemana \u00abDer Spiegel\u00bb. <\/p>\n<p>Oettinger rechaz\u00f3 que el Pacto de Estabilidad y Crecimiento haya muerto despu\u00e9s de que la Comisi\u00f3n Europea recomendara que ni Espa\u00f1a ni Portugal tengan que pagar multas por haber superado las metas de d\u00e9ficit a las que se hab\u00edan comprometido en 2015, teniendo en cuenta circunstancias atenuantes.<\/p>\n<p>\u00abTenemos una segunda opci\u00f3n. Nuestra amenaza de recortar los fondos estructurales del presupuesto de la UE para Espa\u00f1a y Portugal el pr\u00f3ximo a\u00f1o va en serio. Los dos pa\u00edses deben poner en orden urgentemente sus presupuestos si no quieren poner en riesgo la transferencia de miles de millones\u00bb, afirm\u00f3. <\/p>\n<p>El comisario alem\u00e1n descart\u00f3 que se produjera una lucha de votos en el seno de la CE. \u00abSin embargo, yo abogu\u00e9 por aplicar una multa moderada. Tambi\u00e9n otros compa\u00f1eros se mostraron a favor de las sanciones\u00bb, indic\u00f3. <\/p>\n<p>Espa\u00f1a tuvo en 2015 un d\u00e9ficit de un 5,1 por ciento del PIB, pese a haberse comprometido a un 4,2 por ciento, y en teor\u00eda deber\u00eda llegar este a\u00f1o al 3,0 por ciento, algo que no conseguir\u00e1.<\/p>\n<p>Por su parte, en Portugal el d\u00e9ficit fue del 4,4 por ciento en 2015, superando el 2,5 por ciento acordado con la Comisi\u00f3n. Este pa\u00eds recibe como plazo ahora hasta finales de este a\u00f1o para llegar al 2,5 por ciento. <\/p>\n","protected":false},"excerpt":{"rendered":"<p>Berl\u00edn, 30 jul (dpa) &#8211; El comisario de Econom\u00eda y Sociedad Digital de la Uni\u00f3n Europea (UE), G\u00fcnther Oettinger, record\u00f3 a Espa\u00f1a y Portugal que la amenaza de la Comisi\u00f3n Europea de recortar los fondos estructurales va en serio si no ponen en orden sus presupuestos, en una entrevista publicada hoy en la revista alemana<\/p>\n","protected":false},"author":1,"featured_media":19556,"comment_status":"closed","ping_status":"closed","sticky":false,"template":"","format":"standard","meta":{"footnotes":""},"categories":[343],"tags":[],"class_list":{"0":"post-32949","1":"post","2":"type-post","3":"status-publish","4":"format-standard","5":"has-post-thumbnail","7":"category-actualidad"},"aioseo_notices":[],"aioseo_head":"\n\t\t<!-- All in One SEO Pro 4.9.6.2 - aioseo.com -->\n\t<meta name=\"description\" content=\"Berl\u00edn, 30 jul (dpa) - El comisario de Econom\u00eda y Sociedad Digital de la Uni\u00f3n Europea (UE), G\u00fcnther Oettinger, record\u00f3 a Espa\u00f1a y Portugal que la amenaza de la Comisi\u00f3n Europea de recortar los fondos estructurales va en serio si no ponen en orden sus presupuestos, en una entrevista publicada hoy en la revista alemana\" \/>\n\t<meta name=\"robots\" content=\"max-image-preview:large\" \/>\n\t<meta name=\"author\" content=\"Cand\u00e1s 365\"\/>\n\t<meta name=\"google-site-verification\" content=\"UA-32230408-1\" \/>\n\t<meta name=\"msvalidate.01\" content=\"354F3CDFB2DA171B47FBE9ABF1F88D5\" \/>\n\t<meta name=\"keywords\" content=\"actualidad\" \/>\n\t<link rel=\"canonical\" href=\"https:\/\/candas365.es\/noticias\/comisario-ue-sobre-deficit-espana-nuestra-amenaza-va-en-serio\/\" \/>\n\t<meta name=\"generator\" content=\"All in One SEO Pro (AIOSEO) 4.9.6.2\" \/>\n\t\t<meta property=\"og:locale\" content=\"es_ES\" \/>\n\t\t<meta property=\"og:site_name\" content=\"Cand\u00e1s 365\" \/>\n\t\t<meta property=\"og:type\" content=\"article\" \/>\n\t\t<meta property=\"og:title\" content=\"Comisario UE sobre d\u00e9ficit Espa\u00f1a: \u00abNuestra amenaza va en serio\u00bb | Cand\u00e1s 365\" \/>\n\t\t<meta property=\"og:description\" content=\"Berl\u00edn, 30 jul (dpa) - El comisario de Econom\u00eda y Sociedad Digital de la Uni\u00f3n Europea (UE), G\u00fcnther Oettinger, record\u00f3 a Espa\u00f1a y Portugal que la amenaza de la Comisi\u00f3n Europea de recortar los fondos estructurales va en serio si no ponen en orden sus presupuestos, en una entrevista publicada hoy en la revista alemana\" \/>\n\t\t<meta property=\"og:url\" content=\"https:\/\/candas365.es\/noticias\/comisario-ue-sobre-deficit-espana-nuestra-amenaza-va-en-serio\/\" \/>\n\t\t<meta property=\"og:image\" content=\"https:\/\/candas365.es\/noticias\/wp-content\/uploads\/2015\/11\/euros.jpg\" \/>\n\t\t<meta property=\"og:image:secure_url\" content=\"https:\/\/candas365.es\/noticias\/wp-content\/uploads\/2015\/11\/euros.jpg\" \/>\n\t\t<meta property=\"og:image:width\" content=\"655\" \/>\n\t\t<meta property=\"og:image:height\" content=\"360\" \/>\n\t\t<meta property=\"article:published_time\" content=\"2016-07-30T21:06:33+00:00\" \/>\n\t\t<meta property=\"article:modified_time\" content=\"2016-07-30T21:06:33+00:00\" \/>\n\t\t<meta property=\"article:publisher\" content=\"https:\/\/www.facebook.com\/Nachofdezber\" \/>\n\t\t<meta property=\"article:author\" content=\"https:\/\/www.facebook.com\/carrenoactualidad\" \/>\n\t\t<meta name=\"twitter:card\" content=\"summary_large_image\" \/>\n\t\t<meta name=\"twitter:site\" content=\"@NabercoDigital\" \/>\n\t\t<meta name=\"twitter:title\" content=\"Comisario UE sobre d\u00e9ficit Espa\u00f1a: \u00abNuestra amenaza va en serio\u00bb | Cand\u00e1s 365\" \/>\n\t\t<meta name=\"twitter:description\" content=\"Berl\u00edn, 30 jul (dpa) - El comisario de Econom\u00eda y Sociedad Digital de la Uni\u00f3n Europea (UE), G\u00fcnther Oettinger, record\u00f3 a Espa\u00f1a y Portugal que la amenaza de la Comisi\u00f3n Europea de recortar los fondos estructurales va en serio si no ponen en orden sus presupuestos, en una entrevista publicada hoy en la revista alemana\" \/>\n\t\t<meta name=\"twitter:creator\" content=\"@nbasturias\" \/>\n\t\t<meta name=\"twitter:image\" content=\"https:\/\/candas365.es\/noticias\/wp-content\/uploads\/2015\/11\/euros.jpg\" \/>\n\t\t<meta name=\"twitter:label1\" content=\"Escrito por\" \/>\n\t\t<meta name=\"twitter:data1\" content=\"Cand\u00e1s 365\" \/>\n\t\t<meta name=\"twitter:label2\" content=\"Tiempo de lectura estimado\" \/>\n\t\t<meta name=\"twitter:data2\" content=\"1 minuto\" \/>\n\t\t<script type=\"application\/ld+json\" class=\"aioseo-schema\">\n\t\t\t{\"@context\":\"https:\\\/\\\/schema.org\",\"@graph\":[{\"@type\":\"BreadcrumbList\",\"@id\":\"https:\\\/\\\/candas365.es\\\/noticias\\\/comisario-ue-sobre-deficit-espana-nuestra-amenaza-va-en-serio\\\/#breadcrumblist\",\"itemListElement\":[{\"@type\":\"ListItem\",\"@id\":\"https:\\\/\\\/candas365.es\\\/noticias#listItem\",\"position\":1,\"name\":\"Home\",\"item\":\"https:\\\/\\\/candas365.es\\\/noticias\",\"nextItem\":{\"@type\":\"ListItem\",\"@id\":\"https:\\\/\\\/candas365.es\\\/noticias\\\/category\\\/actualidad\\\/#listItem\",\"name\":\"Actualidad\"}},{\"@type\":\"ListItem\",\"@id\":\"https:\\\/\\\/candas365.es\\\/noticias\\\/category\\\/actualidad\\\/#listItem\",\"position\":2,\"name\":\"Actualidad\",\"item\":\"https:\\\/\\\/candas365.es\\\/noticias\\\/category\\\/actualidad\\\/\",\"nextItem\":{\"@type\":\"ListItem\",\"@id\":\"https:\\\/\\\/candas365.es\\\/noticias\\\/comisario-ue-sobre-deficit-espana-nuestra-amenaza-va-en-serio\\\/#listItem\",\"name\":\"Comisario UE sobre d\\u00e9ficit Espa\\u00f1a: \\u00abNuestra amenaza va en serio\\u00bb\"},\"previousItem\":{\"@type\":\"ListItem\",\"@id\":\"https:\\\/\\\/candas365.es\\\/noticias#listItem\",\"name\":\"Home\"}},{\"@type\":\"ListItem\",\"@id\":\"https:\\\/\\\/candas365.es\\\/noticias\\\/comisario-ue-sobre-deficit-espana-nuestra-amenaza-va-en-serio\\\/#listItem\",\"position\":3,\"name\":\"Comisario UE sobre d\\u00e9ficit Espa\\u00f1a: \\u00abNuestra amenaza va en serio\\u00bb\",\"previousItem\":{\"@type\":\"ListItem\",\"@id\":\"https:\\\/\\\/candas365.es\\\/noticias\\\/category\\\/actualidad\\\/#listItem\",\"name\":\"Actualidad\"}}]},{\"@type\":\"NewsArticle\",\"@id\":\"https:\\\/\\\/candas365.es\\\/noticias\\\/comisario-ue-sobre-deficit-espana-nuestra-amenaza-va-en-serio\\\/#newsarticle\",\"name\":\"Comisario UE sobre d\\u00e9ficit Espa\\u00f1a: \\u00abNuestra amenaza va en serio\\u00bb | Cand\\u00e1s 365\",\"headline\":\"Comisario UE sobre d\\u00e9ficit Espa\\u00f1a: \\u00abNuestra amenaza va en serio\\u00bb\",\"author\":{\"@id\":\"https:\\\/\\\/candas365.es\\\/noticias\\\/author\\\/admin\\\/#author\"},\"publisher\":{\"@id\":\"https:\\\/\\\/candas365.es\\\/noticias\\\/#organization\"},\"image\":{\"@type\":\"ImageObject\",\"url\":\"https:\\\/\\\/candas365.es\\\/noticias\\\/wp-content\\\/uploads\\\/2015\\\/11\\\/euros.jpg\",\"width\":655,\"height\":360},\"datePublished\":\"2016-07-30T22:36:33+02:00\",\"dateModified\":\"2016-07-30T22:36:33+02:00\",\"inLanguage\":\"es-ES\",\"mainEntityOfPage\":{\"@id\":\"https:\\\/\\\/candas365.es\\\/noticias\\\/comisario-ue-sobre-deficit-espana-nuestra-amenaza-va-en-serio\\\/#webpage\"},\"isPartOf\":{\"@id\":\"https:\\\/\\\/candas365.es\\\/noticias\\\/comisario-ue-sobre-deficit-espana-nuestra-amenaza-va-en-serio\\\/#webpage\"},\"articleSection\":\"Actualidad\",\"dateline\":\"Publicado el julio 30, 2016.\"},{\"@type\":\"Organization\",\"@id\":\"https:\\\/\\\/candas365.es\\\/noticias\\\/#organization\",\"name\":\"Cand\\u00e1s 365\",\"description\":\"Cand\\u00e1s 365 es un diario digital independiente, fundado en 2012, con base en Asturias. Informamos con rigor sobre actualidad, sociedad, cultura y ocio, con una mirada local y global.\",\"url\":\"https:\\\/\\\/candas365.es\\\/noticias\\\/\",\"email\":\"info@candas365.es\",\"telephone\":\"+34652131393\",\"foundingDate\":\"2012-06-10\",\"logo\":{\"@type\":\"ImageObject\",\"url\":\"https:\\\/\\\/candas365.es\\\/noticias\\\/wp-content\\\/uploads\\\/2024\\\/09\\\/Candas-365-Redes.jpg\",\"@id\":\"https:\\\/\\\/candas365.es\\\/noticias\\\/comisario-ue-sobre-deficit-espana-nuestra-amenaza-va-en-serio\\\/#organizationLogo\",\"width\":1152,\"height\":864,\"caption\":\"Cand\\u00e1s 365 Redes\"},\"image\":{\"@id\":\"https:\\\/\\\/candas365.es\\\/noticias\\\/comisario-ue-sobre-deficit-espana-nuestra-amenaza-va-en-serio\\\/#organizationLogo\"},\"sameAs\":[\"https:\\\/\\\/www.facebook.com\\\/Nachofdezber\",\"https:\\\/\\\/x.com\\\/NabercoDigital\",\"https:\\\/\\\/www.instagram.com\\\/nachofdezber\\\/\",\"https:\\\/\\\/www.youtube.com\\\/channel\\\/UCZP-2wLEB9Rv6erhFmqVnvg\"],\"address\":{\"@id\":\"https:\\\/\\\/candas365.es\\\/noticias\\\/#postaladdress\",\"@type\":\"PostalAddress\",\"streetAddress\":\"san antonio 4, san antonio 4\",\"postalCode\":\"33430\",\"addressLocality\":\"Cand\\u00e1s\",\"addressRegion\":\"Asturias\",\"addressCountry\":\"ES\"}},{\"@type\":\"Person\",\"@id\":\"https:\\\/\\\/candas365.es\\\/noticias\\\/author\\\/admin\\\/#author\",\"url\":\"https:\\\/\\\/candas365.es\\\/noticias\\\/author\\\/admin\\\/\",\"name\":\"Cand\\u00e1s 365\",\"image\":{\"@type\":\"ImageObject\",\"@id\":\"https:\\\/\\\/candas365.es\\\/noticias\\\/comisario-ue-sobre-deficit-espana-nuestra-amenaza-va-en-serio\\\/#authorImage\",\"url\":\"https:\\\/\\\/secure.gravatar.com\\\/avatar\\\/496a8e03d0c493ede1718b7934145dbdf8d89be1036b0eec9544e1094c9de390?s=96&d=mm&r=g\",\"width\":96,\"height\":96,\"caption\":\"Cand\\u00e1s 365\"},\"sameAs\":[\"https:\\\/\\\/www.facebook.com\\\/carrenoactualidad\",\"https:\\\/\\\/twitter.com\\\/nbasturias\",\"https:\\\/\\\/www.instagram.com\\\/nachofdezber\\\/\",\"https:\\\/\\\/www.youtube.com\\\/channel\\\/UCZP-2wLEB9Rv6erhFmqVnvg\"]},{\"@type\":\"WebPage\",\"@id\":\"https:\\\/\\\/candas365.es\\\/noticias\\\/comisario-ue-sobre-deficit-espana-nuestra-amenaza-va-en-serio\\\/#webpage\",\"url\":\"https:\\\/\\\/candas365.es\\\/noticias\\\/comisario-ue-sobre-deficit-espana-nuestra-amenaza-va-en-serio\\\/\",\"name\":\"Comisario UE sobre d\\u00e9ficit Espa\\u00f1a: \\u00abNuestra amenaza va en serio\\u00bb | Cand\\u00e1s 365\",\"description\":\"Berl\\u00edn, 30 jul (dpa) - El comisario de Econom\\u00eda y Sociedad Digital de la Uni\\u00f3n Europea (UE), G\\u00fcnther Oettinger, record\\u00f3 a Espa\\u00f1a y Portugal que la amenaza de la Comisi\\u00f3n Europea de recortar los fondos estructurales va en serio si no ponen en orden sus presupuestos, en una entrevista publicada hoy en la revista alemana\",\"inLanguage\":\"es-ES\",\"isPartOf\":{\"@id\":\"https:\\\/\\\/candas365.es\\\/noticias\\\/#website\"},\"breadcrumb\":{\"@id\":\"https:\\\/\\\/candas365.es\\\/noticias\\\/comisario-ue-sobre-deficit-espana-nuestra-amenaza-va-en-serio\\\/#breadcrumblist\"},\"author\":{\"@id\":\"https:\\\/\\\/candas365.es\\\/noticias\\\/author\\\/admin\\\/#author\"},\"creator\":{\"@id\":\"https:\\\/\\\/candas365.es\\\/noticias\\\/author\\\/admin\\\/#author\"},\"image\":{\"@type\":\"ImageObject\",\"url\":\"https:\\\/\\\/candas365.es\\\/noticias\\\/wp-content\\\/uploads\\\/2015\\\/11\\\/euros.jpg\",\"@id\":\"https:\\\/\\\/candas365.es\\\/noticias\\\/comisario-ue-sobre-deficit-espana-nuestra-amenaza-va-en-serio\\\/#mainImage\",\"width\":655,\"height\":360},\"primaryImageOfPage\":{\"@id\":\"https:\\\/\\\/candas365.es\\\/noticias\\\/comisario-ue-sobre-deficit-espana-nuestra-amenaza-va-en-serio\\\/#mainImage\"},\"datePublished\":\"2016-07-30T22:36:33+02:00\",\"dateModified\":\"2016-07-30T22:36:33+02:00\"},{\"@type\":\"WebSite\",\"@id\":\"https:\\\/\\\/candas365.es\\\/noticias\\\/#website\",\"url\":\"https:\\\/\\\/candas365.es\\\/noticias\\\/\",\"name\":\"Cand\\u00e1s 365\",\"alternateName\":\"Cand\\u00e1s 365 Noticias\",\"description\":\"Actualidad desde Carre\\u00f1o para el mundo\",\"inLanguage\":\"es-ES\",\"publisher\":{\"@id\":\"https:\\\/\\\/candas365.es\\\/noticias\\\/#organization\"}}]}\n\t\t<\/script>\n\t\t<!-- All in One SEO Pro -->\r\n\t\t<title>Comisario UE sobre d\u00e9ficit Espa\u00f1a: \u00abNuestra amenaza va en serio\u00bb | Cand\u00e1s 365<\/title>\n\n","aioseo_head_json":{"title":"Comisario UE sobre d\u00e9ficit Espa\u00f1a: \u00abNuestra amenaza va en serio\u00bb | Cand\u00e1s 365","description":"Berl\u00edn, 30 jul (dpa) - El comisario de Econom\u00eda y Sociedad Digital de la Uni\u00f3n Europea (UE), G\u00fcnther Oettinger, record\u00f3 a Espa\u00f1a y Portugal que la amenaza de la Comisi\u00f3n Europea de recortar los fondos estructurales va en serio si no ponen en orden sus presupuestos, en una entrevista publicada hoy en la revista alemana","canonical_url":"https:\/\/candas365.es\/noticias\/comisario-ue-sobre-deficit-espana-nuestra-amenaza-va-en-serio\/","robots":"max-image-preview:large","keywords":"actualidad","webmasterTools":{"google-site-verification":"UA-32230408-1","msvalidate.01":"354F3CDFB2DA171B47FBE9ABF1F88D5","miscellaneous":""},"schema":{"@context":"https:\/\/schema.org","@graph":[{"@type":"BreadcrumbList","@id":"https:\/\/candas365.es\/noticias\/comisario-ue-sobre-deficit-espana-nuestra-amenaza-va-en-serio\/#breadcrumblist","itemListElement":[{"@type":"ListItem","@id":"https:\/\/candas365.es\/noticias#listItem","position":1,"name":"Home","item":"https:\/\/candas365.es\/noticias","nextItem":{"@type":"ListItem","@id":"https:\/\/candas365.es\/noticias\/category\/actualidad\/#listItem","name":"Actualidad"}},{"@type":"ListItem","@id":"https:\/\/candas365.es\/noticias\/category\/actualidad\/#listItem","position":2,"name":"Actualidad","item":"https:\/\/candas365.es\/noticias\/category\/actualidad\/","nextItem":{"@type":"ListItem","@id":"https:\/\/candas365.es\/noticias\/comisario-ue-sobre-deficit-espana-nuestra-amenaza-va-en-serio\/#listItem","name":"Comisario UE sobre d\u00e9ficit Espa\u00f1a: \u00abNuestra amenaza va en serio\u00bb"},"previousItem":{"@type":"ListItem","@id":"https:\/\/candas365.es\/noticias#listItem","name":"Home"}},{"@type":"ListItem","@id":"https:\/\/candas365.es\/noticias\/comisario-ue-sobre-deficit-espana-nuestra-amenaza-va-en-serio\/#listItem","position":3,"name":"Comisario UE sobre d\u00e9ficit Espa\u00f1a: \u00abNuestra amenaza va en serio\u00bb","previousItem":{"@type":"ListItem","@id":"https:\/\/candas365.es\/noticias\/category\/actualidad\/#listItem","name":"Actualidad"}}]},{"@type":"NewsArticle","@id":"https:\/\/candas365.es\/noticias\/comisario-ue-sobre-deficit-espana-nuestra-amenaza-va-en-serio\/#newsarticle","name":"Comisario UE sobre d\u00e9ficit Espa\u00f1a: \u00abNuestra amenaza va en serio\u00bb | Cand\u00e1s 365","headline":"Comisario UE sobre d\u00e9ficit Espa\u00f1a: \u00abNuestra amenaza va en serio\u00bb","author":{"@id":"https:\/\/candas365.es\/noticias\/author\/admin\/#author"},"publisher":{"@id":"https:\/\/candas365.es\/noticias\/#organization"},"image":{"@type":"ImageObject","url":"https:\/\/candas365.es\/noticias\/wp-content\/uploads\/2015\/11\/euros.jpg","width":655,"height":360},"datePublished":"2016-07-30T22:36:33+02:00","dateModified":"2016-07-30T22:36:33+02:00","inLanguage":"es-ES","mainEntityOfPage":{"@id":"https:\/\/candas365.es\/noticias\/comisario-ue-sobre-deficit-espana-nuestra-amenaza-va-en-serio\/#webpage"},"isPartOf":{"@id":"https:\/\/candas365.es\/noticias\/comisario-ue-sobre-deficit-espana-nuestra-amenaza-va-en-serio\/#webpage"},"articleSection":"Actualidad","dateline":"Publicado el julio 30, 2016."},{"@type":"Organization","@id":"https:\/\/candas365.es\/noticias\/#organization","name":"Cand\u00e1s 365","description":"Cand\u00e1s 365 es un diario digital independiente, fundado en 2012, con base en Asturias. Informamos con rigor sobre actualidad, sociedad, cultura y ocio, con una mirada local y global.","url":"https:\/\/candas365.es\/noticias\/","email":"info@candas365.es","telephone":"+34652131393","foundingDate":"2012-06-10","logo":{"@type":"ImageObject","url":"https:\/\/candas365.es\/noticias\/wp-content\/uploads\/2024\/09\/Candas-365-Redes.jpg","@id":"https:\/\/candas365.es\/noticias\/comisario-ue-sobre-deficit-espana-nuestra-amenaza-va-en-serio\/#organizationLogo","width":1152,"height":864,"caption":"Cand\u00e1s 365 Redes"},"image":{"@id":"https:\/\/candas365.es\/noticias\/comisario-ue-sobre-deficit-espana-nuestra-amenaza-va-en-serio\/#organizationLogo"},"sameAs":["https:\/\/www.facebook.com\/Nachofdezber","https:\/\/x.com\/NabercoDigital","https:\/\/www.instagram.com\/nachofdezber\/","https:\/\/www.youtube.com\/channel\/UCZP-2wLEB9Rv6erhFmqVnvg"],"address":{"@id":"https:\/\/candas365.es\/noticias\/#postaladdress","@type":"PostalAddress","streetAddress":"san antonio 4, san antonio 4","postalCode":"33430","addressLocality":"Cand\u00e1s","addressRegion":"Asturias","addressCountry":"ES"}},{"@type":"Person","@id":"https:\/\/candas365.es\/noticias\/author\/admin\/#author","url":"https:\/\/candas365.es\/noticias\/author\/admin\/","name":"Cand\u00e1s 365","image":{"@type":"ImageObject","@id":"https:\/\/candas365.es\/noticias\/comisario-ue-sobre-deficit-espana-nuestra-amenaza-va-en-serio\/#authorImage","url":"https:\/\/secure.gravatar.com\/avatar\/496a8e03d0c493ede1718b7934145dbdf8d89be1036b0eec9544e1094c9de390?s=96&d=mm&r=g","width":96,"height":96,"caption":"Cand\u00e1s 365"},"sameAs":["https:\/\/www.facebook.com\/carrenoactualidad","https:\/\/twitter.com\/nbasturias","https:\/\/www.instagram.com\/nachofdezber\/","https:\/\/www.youtube.com\/channel\/UCZP-2wLEB9Rv6erhFmqVnvg"]},{"@type":"WebPage","@id":"https:\/\/candas365.es\/noticias\/comisario-ue-sobre-deficit-espana-nuestra-amenaza-va-en-serio\/#webpage","url":"https:\/\/candas365.es\/noticias\/comisario-ue-sobre-deficit-espana-nuestra-amenaza-va-en-serio\/","name":"Comisario UE sobre d\u00e9ficit Espa\u00f1a: \u00abNuestra amenaza va en serio\u00bb | Cand\u00e1s 365","description":"Berl\u00edn, 30 jul (dpa) - El comisario de Econom\u00eda y Sociedad Digital de la Uni\u00f3n Europea (UE), G\u00fcnther Oettinger, record\u00f3 a Espa\u00f1a y Portugal que la amenaza de la Comisi\u00f3n Europea de recortar los fondos estructurales va en serio si no ponen en orden sus presupuestos, en una entrevista publicada hoy en la revista alemana","inLanguage":"es-ES","isPartOf":{"@id":"https:\/\/candas365.es\/noticias\/#website"},"breadcrumb":{"@id":"https:\/\/candas365.es\/noticias\/comisario-ue-sobre-deficit-espana-nuestra-amenaza-va-en-serio\/#breadcrumblist"},"author":{"@id":"https:\/\/candas365.es\/noticias\/author\/admin\/#author"},"creator":{"@id":"https:\/\/candas365.es\/noticias\/author\/admin\/#author"},"image":{"@type":"ImageObject","url":"https:\/\/candas365.es\/noticias\/wp-content\/uploads\/2015\/11\/euros.jpg","@id":"https:\/\/candas365.es\/noticias\/comisario-ue-sobre-deficit-espana-nuestra-amenaza-va-en-serio\/#mainImage","width":655,"height":360},"primaryImageOfPage":{"@id":"https:\/\/candas365.es\/noticias\/comisario-ue-sobre-deficit-espana-nuestra-amenaza-va-en-serio\/#mainImage"},"datePublished":"2016-07-30T22:36:33+02:00","dateModified":"2016-07-30T22:36:33+02:00"},{"@type":"WebSite","@id":"https:\/\/candas365.es\/noticias\/#website","url":"https:\/\/candas365.es\/noticias\/","name":"Cand\u00e1s 365","alternateName":"Cand\u00e1s 365 Noticias","description":"Actualidad desde Carre\u00f1o para el mundo","inLanguage":"es-ES","publisher":{"@id":"https:\/\/candas365.es\/noticias\/#organization"}}]},"og:locale":"es_ES","og:site_name":"Cand\u00e1s 365","og:type":"article","og:title":"Comisario UE sobre d\u00e9ficit Espa\u00f1a: \u00abNuestra amenaza va en serio\u00bb | Cand\u00e1s 365","og:description":"Berl\u00edn, 30 jul (dpa) - El comisario de Econom\u00eda y Sociedad Digital de la Uni\u00f3n Europea (UE), G\u00fcnther Oettinger, record\u00f3 a Espa\u00f1a y Portugal que la amenaza de la Comisi\u00f3n Europea de recortar los fondos estructurales va en serio si no ponen en orden sus presupuestos, en una entrevista publicada hoy en la revista alemana","og:url":"https:\/\/candas365.es\/noticias\/comisario-ue-sobre-deficit-espana-nuestra-amenaza-va-en-serio\/","og:image":"https:\/\/candas365.es\/noticias\/wp-content\/uploads\/2015\/11\/euros.jpg","og:image:secure_url":"https:\/\/candas365.es\/noticias\/wp-content\/uploads\/2015\/11\/euros.jpg","og:image:width":655,"og:image:height":360,"article:published_time":"2016-07-30T21:06:33+00:00","article:modified_time":"2016-07-30T21:06:33+00:00","article:publisher":"https:\/\/www.facebook.com\/Nachofdezber","article:author":"https:\/\/www.facebook.com\/carrenoactualidad","twitter:card":"summary_large_image","twitter:site":"@NabercoDigital","twitter:title":"Comisario UE sobre d\u00e9ficit Espa\u00f1a: \u00abNuestra amenaza va en serio\u00bb | Cand\u00e1s 365","twitter:description":"Berl\u00edn, 30 jul (dpa) - El comisario de Econom\u00eda y Sociedad Digital de la Uni\u00f3n Europea (UE), G\u00fcnther Oettinger, record\u00f3 a Espa\u00f1a y Portugal que la amenaza de la Comisi\u00f3n Europea de recortar los fondos estructurales va en serio si no ponen en orden sus presupuestos, en una entrevista publicada hoy en la revista alemana","twitter:creator":"@nbasturias","twitter:image":"https:\/\/candas365.es\/noticias\/wp-content\/uploads\/2015\/11\/euros.jpg","twitter:label1":"Escrito por","twitter:data1":"Cand\u00e1s 365","twitter:label2":"Tiempo de lectura estimado","twitter:data2":"1 minuto"},"aioseo_meta_data":{"post_id":"32949","title":null,"description":null,"keywords":null,"keyphrases":null,"primary_term":null,"canonical_url":null,"og_title":null,"og_description":null,"og_object_type":"default","og_image_type":"default","og_image_url":null,"og_image_width":null,"og_image_height":null,"og_image_custom_url":null,"og_image_custom_fields":null,"og_video":null,"og_custom_url":null,"og_article_section":null,"og_article_tags":null,"twitter_use_og":false,"twitter_card":"default","twitter_image_type":"default","twitter_image_url":null,"twitter_image_custom_url":null,"twitter_image_custom_fields":null,"twitter_title":null,"twitter_description":null,"schema":{"blockGraphs":[],"customGraphs":[],"default":{"data":{"Article":[],"Course":[],"Dataset":[],"FAQPage":[],"Movie":[],"Person":[],"Product":[],"ProductReview":[],"Car":[],"Recipe":[],"Service":[],"SoftwareApplication":[],"WebPage":[]},"graphName":"","isEnabled":true},"graphs":[]},"schema_type":null,"schema_type_options":null,"pillar_content":false,"robots_default":true,"robots_noindex":false,"robots_noarchive":false,"robots_nosnippet":false,"robots_nofollow":false,"robots_noimageindex":false,"robots_noodp":false,"robots_notranslate":false,"robots_max_snippet":null,"robots_max_videopreview":null,"robots_max_imagepreview":"large","priority":null,"frequency":null,"location":null,"local_seo":null,"seo_analyzer_scan_date":"2025-08-24 16:09:12","breadcrumb_settings":null,"limit_modified_date":false,"reviewed_by":null,"open_ai":null,"ai":null,"created":"2020-12-21 13:05:33","updated":"2025-08-24 16:09:12"},"aioseo_breadcrumb":"<div class=\"aioseo-breadcrumbs\"><span class=\"aioseo-breadcrumb\">\n\t<a href=\"https:\/\/candas365.es\/noticias\" title=\"Home\">Home<\/a>\n<\/span><span class=\"aioseo-breadcrumb-separator\">&ndash;<\/span><span class=\"aioseo-breadcrumb\">\n\t<a href=\"https:\/\/candas365.es\/noticias\/category\/actualidad\/\" title=\"Actualidad\">Actualidad<\/a>\n<\/span><span class=\"aioseo-breadcrumb-separator\">&ndash;<\/span><span class=\"aioseo-breadcrumb\">\n\tComisario UE sobre d\u00e9ficit Espa\u00f1a: \u00abNuestra amenaza va en serio\u00bb\n<\/span><\/div>","aioseo_breadcrumb_json":[{"label":"Home","link":"https:\/\/candas365.es\/noticias"},{"label":"Actualidad","link":"https:\/\/candas365.es\/noticias\/category\/actualidad\/"},{"label":"Comisario UE sobre d\u00e9ficit Espa\u00f1a: \u00abNuestra amenaza va en serio\u00bb","link":"https:\/\/candas365.es\/noticias\/comisario-ue-sobre-deficit-espana-nuestra-amenaza-va-en-serio\/"}],"_links":{"self":[{"href":"https:\/\/candas365.es\/noticias\/wp-json\/wp\/v2\/posts\/32949","targetHints":{"allow":["GET"]}}],"collection":[{"href":"https:\/\/candas365.es\/noticias\/wp-json\/wp\/v2\/posts"}],"about":[{"href":"https:\/\/candas365.es\/noticias\/wp-json\/wp\/v2\/types\/post"}],"author":[{"embeddable":true,"href":"https:\/\/candas365.es\/noticias\/wp-json\/wp\/v2\/users\/1"}],"replies":[{"embeddable":true,"href":"https:\/\/candas365.es\/noticias\/wp-json\/wp\/v2\/comments?post=32949"}],"version-history":[{"count":0,"href":"https:\/\/candas365.es\/noticias\/wp-json\/wp\/v2\/posts\/32949\/revisions"}],"wp:featuredmedia":[{"embeddable":true,"href":"https:\/\/candas365.es\/noticias\/wp-json\/wp\/v2\/media\/19556"}],"wp:attachment":[{"href":"https:\/\/candas365.es\/noticias\/wp-json\/wp\/v2\/media?parent=32949"}],"wp:term":[{"taxonomy":"category","embeddable":true,"href":"https:\/\/candas365.es\/noticias\/wp-json\/wp\/v2\/categories?post=32949"},{"taxonomy":"post_tag","embeddable":true,"href":"https:\/\/candas365.es\/noticias\/wp-json\/wp\/v2\/tags?post=32949"}],"curies":[{"name":"wp","href":"https:\/\/api.w.org\/{rel}","templated":true}]}}