{"id":32945,"date":"2016-07-30T22:34:59","date_gmt":"2016-07-30T21:04:59","guid":{"rendered":"http:\/\/candas365.es\/noticias\/?p=32945"},"modified":"2016-07-30T22:34:59","modified_gmt":"2016-07-30T21:04:59","slug":"mayoria-de-alemanes-no-creen-en-el-lo-lograremos-de-merkel","status":"publish","type":"post","link":"https:\/\/candas365.es\/noticias\/mayoria-de-alemanes-no-creen-en-el-lo-lograremos-de-merkel\/","title":{"rendered":"Mayor\u00eda de alemanes no creen en el \u00abLo lograremos\u00bb de Merkel"},"content":{"rendered":"<p>Berl\u00edn, 30 jul (dpa) &#8211; La mayor\u00eda de los alemanes no creen m\u00e1s en la emblem\u00e1tica frase \u00abLo lograremos\u00bb esgrimida por la canciller alemana, Angela Merkel, para convencer a sus ciudadanos de que el pa\u00eds podr\u00eda hacer frente a la fuerte oleada de refugiados, que en 2015 alcanz\u00f3 los 1,1 millones de personas, seg\u00fan una encuesta publicada hoy.<\/p>\n<p>La frase pronunciada a finales de agosto del pasado a\u00f1o, en plena crisis de refugiados, para motivar a sus compatriotas volvi\u00f3 a ser repetida por la mandataria el jueves despu\u00e9s de los ataques vividos en el sur del pa\u00eds, dos de ellos a manos de solicitantes de asilo. <\/p>\n<p>De acuerdo con el sondeo elaborado por el instituto de demoscopia YouGov, s\u00f3lo un ocho por ciento de la poblaci\u00f3n conf\u00eda en la famosa frase. <\/p>\n<p>El sondeo elaborado entre el 26 y 29 de julio, despu\u00e9s de los ataques registrados en Baviera, revela que un 66 por ciento de los encuestados no est\u00e1n de acuerdo con ella. Es el peor valor registrado desde el pasado a\u00f1o, aunque nunca cont\u00f3 con mucho apoyo excepto a principios de septiembre de 2015 cuando un 43 por ciento de los encuestados apoyaron la frase de Merkel, frente a un 51 por ciento en contra. <\/p>\n<p>Alemania fue sacudida por una serie de hechos violentos desde el 18 de julio. El pasado s\u00e1bado, un refugiado sirio se suicid\u00f3 y caus\u00f3 heridas a 15 personas al detonar una bomba en su mochila en la entrada de un concierto en la localidad de Ansbach. <\/p>\n<p>El 18 de julio, un refugiado de 17 a\u00f1os, probablemente de Afganist\u00e1n, protagoniz\u00f3 un ataque con hacha y cuchillo en un tren regional, hiriendo a cinco personas, entre ellas cuatro turistas de Hong Kong. La milicia terrorista Estado Isl\u00e1mico reclam\u00f3 la autor\u00eda de ambos atentados.<\/p>\n","protected":false},"excerpt":{"rendered":"<p>Berl\u00edn, 30 jul (dpa) &#8211; La mayor\u00eda de los alemanes no creen m\u00e1s en la emblem\u00e1tica frase \u00abLo lograremos\u00bb esgrimida por la canciller alemana, Angela Merkel, para convencer a sus ciudadanos de que el pa\u00eds podr\u00eda hacer frente a la fuerte oleada de refugiados, que en 2015 alcanz\u00f3 los 1,1 millones de personas, seg\u00fan una<\/p>\n","protected":false},"author":1,"featured_media":14622,"comment_status":"closed","ping_status":"closed","sticky":false,"template":"","format":"standard","meta":{"footnotes":""},"categories":[343],"tags":[],"class_list":{"0":"post-32945","1":"post","2":"type-post","3":"status-publish","4":"format-standard","5":"has-post-thumbnail","7":"category-actualidad"},"aioseo_notices":[],"aioseo_head":"\n\t\t<!-- All in One SEO Pro 4.9.6.2 - aioseo.com -->\n\t<meta name=\"description\" content=\"Berl\u00edn, 30 jul (dpa) - La mayor\u00eda de los alemanes no creen m\u00e1s en la emblem\u00e1tica frase &quot;Lo lograremos&quot; esgrimida por la canciller alemana, Angela Merkel, para convencer a sus ciudadanos de que el pa\u00eds podr\u00eda hacer frente a la fuerte oleada de refugiados, que en 2015 alcanz\u00f3 los 1,1 millones de personas, seg\u00fan una\" \/>\n\t<meta name=\"robots\" content=\"max-image-preview:large\" \/>\n\t<meta name=\"author\" content=\"Cand\u00e1s 365\"\/>\n\t<meta name=\"google-site-verification\" content=\"UA-32230408-1\" \/>\n\t<meta name=\"msvalidate.01\" content=\"354F3CDFB2DA171B47FBE9ABF1F88D5\" \/>\n\t<meta name=\"keywords\" content=\"actualidad\" \/>\n\t<link rel=\"canonical\" href=\"https:\/\/candas365.es\/noticias\/mayoria-de-alemanes-no-creen-en-el-lo-lograremos-de-merkel\/\" \/>\n\t<meta name=\"generator\" content=\"All in One SEO Pro (AIOSEO) 4.9.6.2\" \/>\n\t\t<meta property=\"og:locale\" content=\"es_ES\" \/>\n\t\t<meta property=\"og:site_name\" content=\"Cand\u00e1s 365\" \/>\n\t\t<meta property=\"og:type\" content=\"article\" \/>\n\t\t<meta property=\"og:title\" content=\"Mayor\u00eda de alemanes no creen en el \u00abLo lograremos\u00bb de Merkel | Cand\u00e1s 365\" \/>\n\t\t<meta property=\"og:description\" content=\"Berl\u00edn, 30 jul (dpa) - La mayor\u00eda de los alemanes no creen m\u00e1s en la emblem\u00e1tica frase &quot;Lo lograremos&quot; esgrimida por la canciller alemana, Angela Merkel, para convencer a sus ciudadanos de que el pa\u00eds podr\u00eda hacer frente a la fuerte oleada de refugiados, que en 2015 alcanz\u00f3 los 1,1 millones de personas, seg\u00fan una\" \/>\n\t\t<meta property=\"og:url\" content=\"https:\/\/candas365.es\/noticias\/mayoria-de-alemanes-no-creen-en-el-lo-lograremos-de-merkel\/\" \/>\n\t\t<meta property=\"og:image\" content=\"https:\/\/candas365.es\/noticias\/wp-content\/uploads\/2015\/08\/merkel.jpg\" \/>\n\t\t<meta property=\"og:image:secure_url\" content=\"https:\/\/candas365.es\/noticias\/wp-content\/uploads\/2015\/08\/merkel.jpg\" \/>\n\t\t<meta property=\"og:image:width\" content=\"655\" \/>\n\t\t<meta property=\"og:image:height\" content=\"360\" \/>\n\t\t<meta property=\"article:published_time\" content=\"2016-07-30T21:04:59+00:00\" \/>\n\t\t<meta property=\"article:modified_time\" content=\"2016-07-30T21:04:59+00:00\" \/>\n\t\t<meta property=\"article:publisher\" content=\"https:\/\/www.facebook.com\/Nachofdezber\" \/>\n\t\t<meta property=\"article:author\" content=\"https:\/\/www.facebook.com\/carrenoactualidad\" \/>\n\t\t<meta name=\"twitter:card\" content=\"summary_large_image\" \/>\n\t\t<meta name=\"twitter:site\" content=\"@NabercoDigital\" \/>\n\t\t<meta name=\"twitter:title\" content=\"Mayor\u00eda de alemanes no creen en el \u00abLo lograremos\u00bb de Merkel | Cand\u00e1s 365\" \/>\n\t\t<meta name=\"twitter:description\" content=\"Berl\u00edn, 30 jul (dpa) - La mayor\u00eda de los alemanes no creen m\u00e1s en la emblem\u00e1tica frase &quot;Lo lograremos&quot; esgrimida por la canciller alemana, Angela Merkel, para convencer a sus ciudadanos de que el pa\u00eds podr\u00eda hacer frente a la fuerte oleada de refugiados, que en 2015 alcanz\u00f3 los 1,1 millones de personas, seg\u00fan una\" \/>\n\t\t<meta name=\"twitter:creator\" content=\"@nbasturias\" \/>\n\t\t<meta name=\"twitter:image\" content=\"https:\/\/candas365.es\/noticias\/wp-content\/uploads\/2015\/08\/merkel.jpg\" \/>\n\t\t<meta name=\"twitter:label1\" content=\"Escrito por\" \/>\n\t\t<meta name=\"twitter:data1\" content=\"Cand\u00e1s 365\" \/>\n\t\t<meta name=\"twitter:label2\" content=\"Tiempo de lectura estimado\" \/>\n\t\t<meta name=\"twitter:data2\" content=\"2 minutos\" \/>\n\t\t<script type=\"application\/ld+json\" class=\"aioseo-schema\">\n\t\t\t{\"@context\":\"https:\\\/\\\/schema.org\",\"@graph\":[{\"@type\":\"BreadcrumbList\",\"@id\":\"https:\\\/\\\/candas365.es\\\/noticias\\\/mayoria-de-alemanes-no-creen-en-el-lo-lograremos-de-merkel\\\/#breadcrumblist\",\"itemListElement\":[{\"@type\":\"ListItem\",\"@id\":\"https:\\\/\\\/candas365.es\\\/noticias#listItem\",\"position\":1,\"name\":\"Home\",\"item\":\"https:\\\/\\\/candas365.es\\\/noticias\",\"nextItem\":{\"@type\":\"ListItem\",\"@id\":\"https:\\\/\\\/candas365.es\\\/noticias\\\/category\\\/actualidad\\\/#listItem\",\"name\":\"Actualidad\"}},{\"@type\":\"ListItem\",\"@id\":\"https:\\\/\\\/candas365.es\\\/noticias\\\/category\\\/actualidad\\\/#listItem\",\"position\":2,\"name\":\"Actualidad\",\"item\":\"https:\\\/\\\/candas365.es\\\/noticias\\\/category\\\/actualidad\\\/\",\"nextItem\":{\"@type\":\"ListItem\",\"@id\":\"https:\\\/\\\/candas365.es\\\/noticias\\\/mayoria-de-alemanes-no-creen-en-el-lo-lograremos-de-merkel\\\/#listItem\",\"name\":\"Mayor\\u00eda de alemanes no creen en el \\u00abLo lograremos\\u00bb de Merkel\"},\"previousItem\":{\"@type\":\"ListItem\",\"@id\":\"https:\\\/\\\/candas365.es\\\/noticias#listItem\",\"name\":\"Home\"}},{\"@type\":\"ListItem\",\"@id\":\"https:\\\/\\\/candas365.es\\\/noticias\\\/mayoria-de-alemanes-no-creen-en-el-lo-lograremos-de-merkel\\\/#listItem\",\"position\":3,\"name\":\"Mayor\\u00eda de alemanes no creen en el \\u00abLo lograremos\\u00bb de Merkel\",\"previousItem\":{\"@type\":\"ListItem\",\"@id\":\"https:\\\/\\\/candas365.es\\\/noticias\\\/category\\\/actualidad\\\/#listItem\",\"name\":\"Actualidad\"}}]},{\"@type\":\"NewsArticle\",\"@id\":\"https:\\\/\\\/candas365.es\\\/noticias\\\/mayoria-de-alemanes-no-creen-en-el-lo-lograremos-de-merkel\\\/#newsarticle\",\"name\":\"Mayor\\u00eda de alemanes no creen en el \\u00abLo lograremos\\u00bb de Merkel | Cand\\u00e1s 365\",\"headline\":\"Mayor\\u00eda de alemanes no creen en el \\u00abLo lograremos\\u00bb de Merkel\",\"author\":{\"@id\":\"https:\\\/\\\/candas365.es\\\/noticias\\\/author\\\/admin\\\/#author\"},\"publisher\":{\"@id\":\"https:\\\/\\\/candas365.es\\\/noticias\\\/#organization\"},\"image\":{\"@type\":\"ImageObject\",\"url\":\"https:\\\/\\\/candas365.es\\\/noticias\\\/wp-content\\\/uploads\\\/2015\\\/08\\\/merkel.jpg\",\"width\":655,\"height\":360},\"datePublished\":\"2016-07-30T22:34:59+02:00\",\"dateModified\":\"2016-07-30T22:34:59+02:00\",\"inLanguage\":\"es-ES\",\"mainEntityOfPage\":{\"@id\":\"https:\\\/\\\/candas365.es\\\/noticias\\\/mayoria-de-alemanes-no-creen-en-el-lo-lograremos-de-merkel\\\/#webpage\"},\"isPartOf\":{\"@id\":\"https:\\\/\\\/candas365.es\\\/noticias\\\/mayoria-de-alemanes-no-creen-en-el-lo-lograremos-de-merkel\\\/#webpage\"},\"articleSection\":\"Actualidad\",\"dateline\":\"Publicado el julio 30, 2016.\"},{\"@type\":\"Organization\",\"@id\":\"https:\\\/\\\/candas365.es\\\/noticias\\\/#organization\",\"name\":\"Cand\\u00e1s 365\",\"description\":\"Cand\\u00e1s 365 es un diario digital independiente, fundado en 2012, con base en Asturias. Informamos con rigor sobre actualidad, sociedad, cultura y ocio, con una mirada local y global.\",\"url\":\"https:\\\/\\\/candas365.es\\\/noticias\\\/\",\"email\":\"info@candas365.es\",\"telephone\":\"+34652131393\",\"foundingDate\":\"2012-06-10\",\"logo\":{\"@type\":\"ImageObject\",\"url\":\"https:\\\/\\\/candas365.es\\\/noticias\\\/wp-content\\\/uploads\\\/2024\\\/09\\\/Candas-365-Redes.jpg\",\"@id\":\"https:\\\/\\\/candas365.es\\\/noticias\\\/mayoria-de-alemanes-no-creen-en-el-lo-lograremos-de-merkel\\\/#organizationLogo\",\"width\":1152,\"height\":864,\"caption\":\"Cand\\u00e1s 365 Redes\"},\"image\":{\"@id\":\"https:\\\/\\\/candas365.es\\\/noticias\\\/mayoria-de-alemanes-no-creen-en-el-lo-lograremos-de-merkel\\\/#organizationLogo\"},\"sameAs\":[\"https:\\\/\\\/www.facebook.com\\\/Nachofdezber\",\"https:\\\/\\\/x.com\\\/NabercoDigital\",\"https:\\\/\\\/www.instagram.com\\\/nachofdezber\\\/\",\"https:\\\/\\\/www.youtube.com\\\/channel\\\/UCZP-2wLEB9Rv6erhFmqVnvg\"],\"address\":{\"@id\":\"https:\\\/\\\/candas365.es\\\/noticias\\\/#postaladdress\",\"@type\":\"PostalAddress\",\"streetAddress\":\"san antonio 4, san antonio 4\",\"postalCode\":\"33430\",\"addressLocality\":\"Cand\\u00e1s\",\"addressRegion\":\"Asturias\",\"addressCountry\":\"ES\"}},{\"@type\":\"Person\",\"@id\":\"https:\\\/\\\/candas365.es\\\/noticias\\\/author\\\/admin\\\/#author\",\"url\":\"https:\\\/\\\/candas365.es\\\/noticias\\\/author\\\/admin\\\/\",\"name\":\"Cand\\u00e1s 365\",\"image\":{\"@type\":\"ImageObject\",\"@id\":\"https:\\\/\\\/candas365.es\\\/noticias\\\/mayoria-de-alemanes-no-creen-en-el-lo-lograremos-de-merkel\\\/#authorImage\",\"url\":\"https:\\\/\\\/secure.gravatar.com\\\/avatar\\\/496a8e03d0c493ede1718b7934145dbdf8d89be1036b0eec9544e1094c9de390?s=96&d=mm&r=g\",\"width\":96,\"height\":96,\"caption\":\"Cand\\u00e1s 365\"},\"sameAs\":[\"https:\\\/\\\/www.facebook.com\\\/carrenoactualidad\",\"https:\\\/\\\/twitter.com\\\/nbasturias\",\"https:\\\/\\\/www.instagram.com\\\/nachofdezber\\\/\",\"https:\\\/\\\/www.youtube.com\\\/channel\\\/UCZP-2wLEB9Rv6erhFmqVnvg\"]},{\"@type\":\"WebPage\",\"@id\":\"https:\\\/\\\/candas365.es\\\/noticias\\\/mayoria-de-alemanes-no-creen-en-el-lo-lograremos-de-merkel\\\/#webpage\",\"url\":\"https:\\\/\\\/candas365.es\\\/noticias\\\/mayoria-de-alemanes-no-creen-en-el-lo-lograremos-de-merkel\\\/\",\"name\":\"Mayor\\u00eda de alemanes no creen en el \\u00abLo lograremos\\u00bb de Merkel | Cand\\u00e1s 365\",\"description\":\"Berl\\u00edn, 30 jul (dpa) - La mayor\\u00eda de los alemanes no creen m\\u00e1s en la emblem\\u00e1tica frase \\\"Lo lograremos\\\" esgrimida por la canciller alemana, Angela Merkel, para convencer a sus ciudadanos de que el pa\\u00eds podr\\u00eda hacer frente a la fuerte oleada de refugiados, que en 2015 alcanz\\u00f3 los 1,1 millones de personas, seg\\u00fan una\",\"inLanguage\":\"es-ES\",\"isPartOf\":{\"@id\":\"https:\\\/\\\/candas365.es\\\/noticias\\\/#website\"},\"breadcrumb\":{\"@id\":\"https:\\\/\\\/candas365.es\\\/noticias\\\/mayoria-de-alemanes-no-creen-en-el-lo-lograremos-de-merkel\\\/#breadcrumblist\"},\"author\":{\"@id\":\"https:\\\/\\\/candas365.es\\\/noticias\\\/author\\\/admin\\\/#author\"},\"creator\":{\"@id\":\"https:\\\/\\\/candas365.es\\\/noticias\\\/author\\\/admin\\\/#author\"},\"image\":{\"@type\":\"ImageObject\",\"url\":\"https:\\\/\\\/candas365.es\\\/noticias\\\/wp-content\\\/uploads\\\/2015\\\/08\\\/merkel.jpg\",\"@id\":\"https:\\\/\\\/candas365.es\\\/noticias\\\/mayoria-de-alemanes-no-creen-en-el-lo-lograremos-de-merkel\\\/#mainImage\",\"width\":655,\"height\":360},\"primaryImageOfPage\":{\"@id\":\"https:\\\/\\\/candas365.es\\\/noticias\\\/mayoria-de-alemanes-no-creen-en-el-lo-lograremos-de-merkel\\\/#mainImage\"},\"datePublished\":\"2016-07-30T22:34:59+02:00\",\"dateModified\":\"2016-07-30T22:34:59+02:00\"},{\"@type\":\"WebSite\",\"@id\":\"https:\\\/\\\/candas365.es\\\/noticias\\\/#website\",\"url\":\"https:\\\/\\\/candas365.es\\\/noticias\\\/\",\"name\":\"Cand\\u00e1s 365\",\"alternateName\":\"Cand\\u00e1s 365 Noticias\",\"description\":\"Actualidad desde Carre\\u00f1o para el mundo\",\"inLanguage\":\"es-ES\",\"publisher\":{\"@id\":\"https:\\\/\\\/candas365.es\\\/noticias\\\/#organization\"}}]}\n\t\t<\/script>\n\t\t<!-- All in One SEO Pro -->\r\n\t\t<title>Mayor\u00eda de alemanes no creen en el \u00abLo lograremos\u00bb de Merkel | Cand\u00e1s 365<\/title>\n\n","aioseo_head_json":{"title":"Mayor\u00eda de alemanes no creen en el \u00abLo lograremos\u00bb de Merkel | Cand\u00e1s 365","description":"Berl\u00edn, 30 jul (dpa) - La mayor\u00eda de los alemanes no creen m\u00e1s en la emblem\u00e1tica frase \"Lo lograremos\" esgrimida por la canciller alemana, Angela Merkel, para convencer a sus ciudadanos de que el pa\u00eds podr\u00eda hacer frente a la fuerte oleada de refugiados, que en 2015 alcanz\u00f3 los 1,1 millones de personas, seg\u00fan una","canonical_url":"https:\/\/candas365.es\/noticias\/mayoria-de-alemanes-no-creen-en-el-lo-lograremos-de-merkel\/","robots":"max-image-preview:large","keywords":"actualidad","webmasterTools":{"google-site-verification":"UA-32230408-1","msvalidate.01":"354F3CDFB2DA171B47FBE9ABF1F88D5","miscellaneous":""},"schema":{"@context":"https:\/\/schema.org","@graph":[{"@type":"BreadcrumbList","@id":"https:\/\/candas365.es\/noticias\/mayoria-de-alemanes-no-creen-en-el-lo-lograremos-de-merkel\/#breadcrumblist","itemListElement":[{"@type":"ListItem","@id":"https:\/\/candas365.es\/noticias#listItem","position":1,"name":"Home","item":"https:\/\/candas365.es\/noticias","nextItem":{"@type":"ListItem","@id":"https:\/\/candas365.es\/noticias\/category\/actualidad\/#listItem","name":"Actualidad"}},{"@type":"ListItem","@id":"https:\/\/candas365.es\/noticias\/category\/actualidad\/#listItem","position":2,"name":"Actualidad","item":"https:\/\/candas365.es\/noticias\/category\/actualidad\/","nextItem":{"@type":"ListItem","@id":"https:\/\/candas365.es\/noticias\/mayoria-de-alemanes-no-creen-en-el-lo-lograremos-de-merkel\/#listItem","name":"Mayor\u00eda de alemanes no creen en el \u00abLo lograremos\u00bb de Merkel"},"previousItem":{"@type":"ListItem","@id":"https:\/\/candas365.es\/noticias#listItem","name":"Home"}},{"@type":"ListItem","@id":"https:\/\/candas365.es\/noticias\/mayoria-de-alemanes-no-creen-en-el-lo-lograremos-de-merkel\/#listItem","position":3,"name":"Mayor\u00eda de alemanes no creen en el \u00abLo lograremos\u00bb de Merkel","previousItem":{"@type":"ListItem","@id":"https:\/\/candas365.es\/noticias\/category\/actualidad\/#listItem","name":"Actualidad"}}]},{"@type":"NewsArticle","@id":"https:\/\/candas365.es\/noticias\/mayoria-de-alemanes-no-creen-en-el-lo-lograremos-de-merkel\/#newsarticle","name":"Mayor\u00eda de alemanes no creen en el \u00abLo lograremos\u00bb de Merkel | Cand\u00e1s 365","headline":"Mayor\u00eda de alemanes no creen en el \u00abLo lograremos\u00bb de Merkel","author":{"@id":"https:\/\/candas365.es\/noticias\/author\/admin\/#author"},"publisher":{"@id":"https:\/\/candas365.es\/noticias\/#organization"},"image":{"@type":"ImageObject","url":"https:\/\/candas365.es\/noticias\/wp-content\/uploads\/2015\/08\/merkel.jpg","width":655,"height":360},"datePublished":"2016-07-30T22:34:59+02:00","dateModified":"2016-07-30T22:34:59+02:00","inLanguage":"es-ES","mainEntityOfPage":{"@id":"https:\/\/candas365.es\/noticias\/mayoria-de-alemanes-no-creen-en-el-lo-lograremos-de-merkel\/#webpage"},"isPartOf":{"@id":"https:\/\/candas365.es\/noticias\/mayoria-de-alemanes-no-creen-en-el-lo-lograremos-de-merkel\/#webpage"},"articleSection":"Actualidad","dateline":"Publicado el julio 30, 2016."},{"@type":"Organization","@id":"https:\/\/candas365.es\/noticias\/#organization","name":"Cand\u00e1s 365","description":"Cand\u00e1s 365 es un diario digital independiente, fundado en 2012, con base en Asturias. Informamos con rigor sobre actualidad, sociedad, cultura y ocio, con una mirada local y global.","url":"https:\/\/candas365.es\/noticias\/","email":"info@candas365.es","telephone":"+34652131393","foundingDate":"2012-06-10","logo":{"@type":"ImageObject","url":"https:\/\/candas365.es\/noticias\/wp-content\/uploads\/2024\/09\/Candas-365-Redes.jpg","@id":"https:\/\/candas365.es\/noticias\/mayoria-de-alemanes-no-creen-en-el-lo-lograremos-de-merkel\/#organizationLogo","width":1152,"height":864,"caption":"Cand\u00e1s 365 Redes"},"image":{"@id":"https:\/\/candas365.es\/noticias\/mayoria-de-alemanes-no-creen-en-el-lo-lograremos-de-merkel\/#organizationLogo"},"sameAs":["https:\/\/www.facebook.com\/Nachofdezber","https:\/\/x.com\/NabercoDigital","https:\/\/www.instagram.com\/nachofdezber\/","https:\/\/www.youtube.com\/channel\/UCZP-2wLEB9Rv6erhFmqVnvg"],"address":{"@id":"https:\/\/candas365.es\/noticias\/#postaladdress","@type":"PostalAddress","streetAddress":"san antonio 4, san antonio 4","postalCode":"33430","addressLocality":"Cand\u00e1s","addressRegion":"Asturias","addressCountry":"ES"}},{"@type":"Person","@id":"https:\/\/candas365.es\/noticias\/author\/admin\/#author","url":"https:\/\/candas365.es\/noticias\/author\/admin\/","name":"Cand\u00e1s 365","image":{"@type":"ImageObject","@id":"https:\/\/candas365.es\/noticias\/mayoria-de-alemanes-no-creen-en-el-lo-lograremos-de-merkel\/#authorImage","url":"https:\/\/secure.gravatar.com\/avatar\/496a8e03d0c493ede1718b7934145dbdf8d89be1036b0eec9544e1094c9de390?s=96&d=mm&r=g","width":96,"height":96,"caption":"Cand\u00e1s 365"},"sameAs":["https:\/\/www.facebook.com\/carrenoactualidad","https:\/\/twitter.com\/nbasturias","https:\/\/www.instagram.com\/nachofdezber\/","https:\/\/www.youtube.com\/channel\/UCZP-2wLEB9Rv6erhFmqVnvg"]},{"@type":"WebPage","@id":"https:\/\/candas365.es\/noticias\/mayoria-de-alemanes-no-creen-en-el-lo-lograremos-de-merkel\/#webpage","url":"https:\/\/candas365.es\/noticias\/mayoria-de-alemanes-no-creen-en-el-lo-lograremos-de-merkel\/","name":"Mayor\u00eda de alemanes no creen en el \u00abLo lograremos\u00bb de Merkel | Cand\u00e1s 365","description":"Berl\u00edn, 30 jul (dpa) - La mayor\u00eda de los alemanes no creen m\u00e1s en la emblem\u00e1tica frase \"Lo lograremos\" esgrimida por la canciller alemana, Angela Merkel, para convencer a sus ciudadanos de que el pa\u00eds podr\u00eda hacer frente a la fuerte oleada de refugiados, que en 2015 alcanz\u00f3 los 1,1 millones de personas, seg\u00fan una","inLanguage":"es-ES","isPartOf":{"@id":"https:\/\/candas365.es\/noticias\/#website"},"breadcrumb":{"@id":"https:\/\/candas365.es\/noticias\/mayoria-de-alemanes-no-creen-en-el-lo-lograremos-de-merkel\/#breadcrumblist"},"author":{"@id":"https:\/\/candas365.es\/noticias\/author\/admin\/#author"},"creator":{"@id":"https:\/\/candas365.es\/noticias\/author\/admin\/#author"},"image":{"@type":"ImageObject","url":"https:\/\/candas365.es\/noticias\/wp-content\/uploads\/2015\/08\/merkel.jpg","@id":"https:\/\/candas365.es\/noticias\/mayoria-de-alemanes-no-creen-en-el-lo-lograremos-de-merkel\/#mainImage","width":655,"height":360},"primaryImageOfPage":{"@id":"https:\/\/candas365.es\/noticias\/mayoria-de-alemanes-no-creen-en-el-lo-lograremos-de-merkel\/#mainImage"},"datePublished":"2016-07-30T22:34:59+02:00","dateModified":"2016-07-30T22:34:59+02:00"},{"@type":"WebSite","@id":"https:\/\/candas365.es\/noticias\/#website","url":"https:\/\/candas365.es\/noticias\/","name":"Cand\u00e1s 365","alternateName":"Cand\u00e1s 365 Noticias","description":"Actualidad desde Carre\u00f1o para el mundo","inLanguage":"es-ES","publisher":{"@id":"https:\/\/candas365.es\/noticias\/#organization"}}]},"og:locale":"es_ES","og:site_name":"Cand\u00e1s 365","og:type":"article","og:title":"Mayor\u00eda de alemanes no creen en el \u00abLo lograremos\u00bb de Merkel | Cand\u00e1s 365","og:description":"Berl\u00edn, 30 jul (dpa) - La mayor\u00eda de los alemanes no creen m\u00e1s en la emblem\u00e1tica frase &quot;Lo lograremos&quot; esgrimida por la canciller alemana, Angela Merkel, para convencer a sus ciudadanos de que el pa\u00eds podr\u00eda hacer frente a la fuerte oleada de refugiados, que en 2015 alcanz\u00f3 los 1,1 millones de personas, seg\u00fan una","og:url":"https:\/\/candas365.es\/noticias\/mayoria-de-alemanes-no-creen-en-el-lo-lograremos-de-merkel\/","og:image":"https:\/\/candas365.es\/noticias\/wp-content\/uploads\/2015\/08\/merkel.jpg","og:image:secure_url":"https:\/\/candas365.es\/noticias\/wp-content\/uploads\/2015\/08\/merkel.jpg","og:image:width":655,"og:image:height":360,"article:published_time":"2016-07-30T21:04:59+00:00","article:modified_time":"2016-07-30T21:04:59+00:00","article:publisher":"https:\/\/www.facebook.com\/Nachofdezber","article:author":"https:\/\/www.facebook.com\/carrenoactualidad","twitter:card":"summary_large_image","twitter:site":"@NabercoDigital","twitter:title":"Mayor\u00eda de alemanes no creen en el \u00abLo lograremos\u00bb de Merkel | Cand\u00e1s 365","twitter:description":"Berl\u00edn, 30 jul (dpa) - La mayor\u00eda de los alemanes no creen m\u00e1s en la emblem\u00e1tica frase &quot;Lo lograremos&quot; esgrimida por la canciller alemana, Angela Merkel, para convencer a sus ciudadanos de que el pa\u00eds podr\u00eda hacer frente a la fuerte oleada de refugiados, que en 2015 alcanz\u00f3 los 1,1 millones de personas, seg\u00fan una","twitter:creator":"@nbasturias","twitter:image":"https:\/\/candas365.es\/noticias\/wp-content\/uploads\/2015\/08\/merkel.jpg","twitter:label1":"Escrito por","twitter:data1":"Cand\u00e1s 365","twitter:label2":"Tiempo de lectura estimado","twitter:data2":"2 minutos"},"aioseo_meta_data":{"post_id":"32945","title":null,"description":null,"keywords":null,"keyphrases":null,"primary_term":null,"canonical_url":null,"og_title":null,"og_description":null,"og_object_type":"default","og_image_type":"default","og_image_url":null,"og_image_width":null,"og_image_height":null,"og_image_custom_url":null,"og_image_custom_fields":null,"og_video":null,"og_custom_url":null,"og_article_section":null,"og_article_tags":null,"twitter_use_og":false,"twitter_card":"default","twitter_image_type":"default","twitter_image_url":null,"twitter_image_custom_url":null,"twitter_image_custom_fields":null,"twitter_title":null,"twitter_description":null,"schema":{"blockGraphs":[],"customGraphs":[],"default":{"data":{"Article":[],"Course":[],"Dataset":[],"FAQPage":[],"Movie":[],"Person":[],"Product":[],"ProductReview":[],"Car":[],"Recipe":[],"Service":[],"SoftwareApplication":[],"WebPage":[]},"graphName":"","isEnabled":true},"graphs":[]},"schema_type":null,"schema_type_options":null,"pillar_content":false,"robots_default":true,"robots_noindex":false,"robots_noarchive":false,"robots_nosnippet":false,"robots_nofollow":false,"robots_noimageindex":false,"robots_noodp":false,"robots_notranslate":false,"robots_max_snippet":null,"robots_max_videopreview":null,"robots_max_imagepreview":"large","priority":null,"frequency":null,"location":null,"local_seo":null,"seo_analyzer_scan_date":"2025-08-24 16:09:10","breadcrumb_settings":null,"limit_modified_date":false,"reviewed_by":null,"open_ai":null,"ai":null,"created":"2020-12-21 13:05:33","updated":"2025-08-24 16:09:10"},"aioseo_breadcrumb":"<div class=\"aioseo-breadcrumbs\"><span class=\"aioseo-breadcrumb\">\n\t<a href=\"https:\/\/candas365.es\/noticias\" title=\"Home\">Home<\/a>\n<\/span><span class=\"aioseo-breadcrumb-separator\">&ndash;<\/span><span class=\"aioseo-breadcrumb\">\n\t<a href=\"https:\/\/candas365.es\/noticias\/category\/actualidad\/\" title=\"Actualidad\">Actualidad<\/a>\n<\/span><span class=\"aioseo-breadcrumb-separator\">&ndash;<\/span><span class=\"aioseo-breadcrumb\">\n\tMayor\u00eda de alemanes no creen en el \u00abLo lograremos\u00bb de Merkel\n<\/span><\/div>","aioseo_breadcrumb_json":[{"label":"Home","link":"https:\/\/candas365.es\/noticias"},{"label":"Actualidad","link":"https:\/\/candas365.es\/noticias\/category\/actualidad\/"},{"label":"Mayor\u00eda de alemanes no creen en el \u00abLo lograremos\u00bb de Merkel","link":"https:\/\/candas365.es\/noticias\/mayoria-de-alemanes-no-creen-en-el-lo-lograremos-de-merkel\/"}],"_links":{"self":[{"href":"https:\/\/candas365.es\/noticias\/wp-json\/wp\/v2\/posts\/32945","targetHints":{"allow":["GET"]}}],"collection":[{"href":"https:\/\/candas365.es\/noticias\/wp-json\/wp\/v2\/posts"}],"about":[{"href":"https:\/\/candas365.es\/noticias\/wp-json\/wp\/v2\/types\/post"}],"author":[{"embeddable":true,"href":"https:\/\/candas365.es\/noticias\/wp-json\/wp\/v2\/users\/1"}],"replies":[{"embeddable":true,"href":"https:\/\/candas365.es\/noticias\/wp-json\/wp\/v2\/comments?post=32945"}],"version-history":[{"count":0,"href":"https:\/\/candas365.es\/noticias\/wp-json\/wp\/v2\/posts\/32945\/revisions"}],"wp:featuredmedia":[{"embeddable":true,"href":"https:\/\/candas365.es\/noticias\/wp-json\/wp\/v2\/media\/14622"}],"wp:attachment":[{"href":"https:\/\/candas365.es\/noticias\/wp-json\/wp\/v2\/media?parent=32945"}],"wp:term":[{"taxonomy":"category","embeddable":true,"href":"https:\/\/candas365.es\/noticias\/wp-json\/wp\/v2\/categories?post=32945"},{"taxonomy":"post_tag","embeddable":true,"href":"https:\/\/candas365.es\/noticias\/wp-json\/wp\/v2\/tags?post=32945"}],"curies":[{"name":"wp","href":"https:\/\/api.w.org\/{rel}","templated":true}]}}