{"id":32941,"date":"2016-07-30T22:32:53","date_gmt":"2016-07-30T21:02:53","guid":{"rendered":"http:\/\/candas365.es\/noticias\/?p=32941"},"modified":"2016-07-30T22:32:53","modified_gmt":"2016-07-30T21:02:53","slug":"ministro-aleman-rree-ve-innecesarias-misiones-del-ejercito-en-el-pais","status":"publish","type":"post","link":"https:\/\/candas365.es\/noticias\/ministro-aleman-rree-ve-innecesarias-misiones-del-ejercito-en-el-pais\/","title":{"rendered":"Ministro alem\u00e1n RREE ve innecesarias misiones del Ej\u00e9rcito en el pa\u00eds"},"content":{"rendered":"<p>Passau (Alemania), 29 jul (dpa) &#8211; El ministro alem\u00e1n de Exteriores, Frank-Walter Steinmeier, ve innecesario modificar la Constituci\u00f3n alemana para posibilitar que el Ej\u00e9rcito pueda actuar en el interior del pa\u00eds para luchar contra el terrorismo, seg\u00fan declaraciones publicadas hoy en el diario alem\u00e1n \u00abPassauer Neue Presse\u00bb.<\/p>\n<p>\u00abLos acontecimientos de la semana pasada mostraron la rapidez y la enorme profesionalidad de las fuerzas de la Polic\u00eda\u00bb, asegur\u00f3 el pol\u00edtico socialdem\u00f3crata (SPD).<\/p>\n<p>\u00abNo hubo ning\u00fan agujero que hubiera podido o debido ser rellenado por el Ej\u00e9rcito. No hay raz\u00f3n alguna razonable para la nueva reavivaci\u00f3n del debate sobre una misi\u00f3n del Ej\u00e9rcito en el interior\u00bb, indic\u00f3. \u00abNo hay necesidad alguna para modificar la Constituci\u00f3n\u00bb, agreg\u00f3.<\/p>\n<p>Por su parte, el experto en defensa del SPD Rainer Arnold lo calific\u00f3 como un \u00abfalso debate\u00bb. \u00abLo que la Uni\u00f3n Cristianosocial (CSU) reclama provoca s\u00f3lo una seguridad m\u00e1s aparente, pero no es m\u00e1s seguro contar con soldados armados en la estaci\u00f3n de trenes\u00bb, afirm\u00f3 a dpa.<\/p>\n<p>La Uni\u00f3n -formada por la CSU y la Uni\u00f3n Cristianodem\u00f3crata (CDU) de la canciller Angela Merkel- no cuenta con un socio en el Parlamento para llevar a cabo la modificaci\u00f3n de la Constituci\u00f3n, agreg\u00f3.<\/p>\n<p>Arnold record\u00f3 que el art\u00edculo 35 de la Constituci\u00f3n regula el uso del Ej\u00e9rcito en el pa\u00eds como \u00faltima soluci\u00f3n en caso de cat\u00e1strofes. Una misi\u00f3n en un acontecimiento como el vivido en la masacre en M\u00fanich no se encuentra entre los supuestos. Algunos miembros de la Uni\u00f3n intentan ahora rebajar el umbral del art\u00edculo 35, critic\u00f3.<\/p>\n<p>Alemania tiene previsto comenzar a preparar los ejercicios conjuntos de lucha antiterrorista del Ej\u00e9rcito y la Polic\u00eda en una reuni\u00f3n de ministros en agosto, seg\u00fan informaciones cercanas al Gobierno alem\u00e1n a las que tuvo acceso hoy dpa.<\/p>\n<p>Esta operaci\u00f3n forma parte del plan de nueve puntos, presentado el jueves por Merkel, destinado a mejorar la seguridad de Alemania tras los ataques y atentados que sacudieron el pa\u00eds los \u00faltimos d\u00edas, dos de ellos perpetrados por solicitantes de asilo.<\/p>\n<p>Desde hace a\u00f1os existe un debate abierto sobre la posibilidad de llevar a cabo misiones del Ej\u00e9rcito alem\u00e1n en el interior del pa\u00eds. Desde la CDU y la CSU siempre han reclamado un cambio de la Constituci\u00f3n para apoyar este tipo de misiones. Mientras, el SPD est\u00e1 en contra.<\/p>\n<p>En el conocido como \u00abLibro Blanco\u00bb, que recoge las directrices en pol\u00edtica de seguridad y que fue presentado recientemente, el Gobierno alem\u00e1n alcanz\u00f3 un acuerdo para desplegar el Ej\u00e9rcito en caso de grandes atentados terroristas, evacuaciones o emergencias sanitarias, sin necesidad de modificar la Constituci\u00f3n. Sobre este acuerdo se basan ahora los previstos ejercicios del Ej\u00e9rcito.<\/p>\n","protected":false},"excerpt":{"rendered":"<p>Passau (Alemania), 29 jul (dpa) &#8211; El ministro alem\u00e1n de Exteriores, Frank-Walter Steinmeier, ve innecesario modificar la Constituci\u00f3n alemana para posibilitar que el Ej\u00e9rcito pueda actuar en el interior del pa\u00eds para luchar contra el terrorismo, seg\u00fan declaraciones publicadas hoy en el diario alem\u00e1n \u00abPassauer Neue Presse\u00bb. \u00abLos acontecimientos de la semana pasada mostraron la<\/p>\n","protected":false},"author":1,"featured_media":16457,"comment_status":"closed","ping_status":"closed","sticky":false,"template":"","format":"standard","meta":{"footnotes":""},"categories":[343],"tags":[],"class_list":{"0":"post-32941","1":"post","2":"type-post","3":"status-publish","4":"format-standard","5":"has-post-thumbnail","7":"category-actualidad"},"aioseo_notices":[],"aioseo_head":"\n\t\t<!-- All in One SEO Pro 4.9.6.2 - aioseo.com -->\n\t<meta name=\"description\" content=\"Passau (Alemania), 29 jul (dpa) - El ministro alem\u00e1n de Exteriores, Frank-Walter Steinmeier, ve innecesario modificar la Constituci\u00f3n alemana para posibilitar que el Ej\u00e9rcito pueda actuar en el interior del pa\u00eds para luchar contra el terrorismo, seg\u00fan declaraciones publicadas hoy en el diario alem\u00e1n &quot;Passauer Neue Presse&quot;. &quot;Los acontecimientos de la semana pasada mostraron la\" \/>\n\t<meta name=\"robots\" content=\"max-image-preview:large\" \/>\n\t<meta name=\"author\" content=\"Cand\u00e1s 365\"\/>\n\t<meta name=\"google-site-verification\" content=\"UA-32230408-1\" \/>\n\t<meta name=\"msvalidate.01\" content=\"354F3CDFB2DA171B47FBE9ABF1F88D5\" \/>\n\t<meta name=\"keywords\" content=\"actualidad\" \/>\n\t<link rel=\"canonical\" href=\"https:\/\/candas365.es\/noticias\/ministro-aleman-rree-ve-innecesarias-misiones-del-ejercito-en-el-pais\/\" \/>\n\t<meta name=\"generator\" content=\"All in One SEO Pro (AIOSEO) 4.9.6.2\" \/>\n\t\t<meta property=\"og:locale\" content=\"es_ES\" \/>\n\t\t<meta property=\"og:site_name\" content=\"Cand\u00e1s 365\" \/>\n\t\t<meta property=\"og:type\" content=\"article\" \/>\n\t\t<meta property=\"og:title\" content=\"Ministro alem\u00e1n RREE ve innecesarias misiones del Ej\u00e9rcito en el pa\u00eds | Cand\u00e1s 365\" \/>\n\t\t<meta property=\"og:description\" content=\"Passau (Alemania), 29 jul (dpa) - El ministro alem\u00e1n de Exteriores, Frank-Walter Steinmeier, ve innecesario modificar la Constituci\u00f3n alemana para posibilitar que el Ej\u00e9rcito pueda actuar en el interior del pa\u00eds para luchar contra el terrorismo, seg\u00fan declaraciones publicadas hoy en el diario alem\u00e1n &quot;Passauer Neue Presse&quot;. &quot;Los acontecimientos de la semana pasada mostraron la\" \/>\n\t\t<meta property=\"og:url\" content=\"https:\/\/candas365.es\/noticias\/ministro-aleman-rree-ve-innecesarias-misiones-del-ejercito-en-el-pais\/\" \/>\n\t\t<meta property=\"og:image\" content=\"https:\/\/candas365.es\/noticias\/wp-content\/uploads\/2015\/09\/c365noticias.jpg\" \/>\n\t\t<meta property=\"og:image:secure_url\" content=\"https:\/\/candas365.es\/noticias\/wp-content\/uploads\/2015\/09\/c365noticias.jpg\" \/>\n\t\t<meta property=\"og:image:width\" content=\"655\" \/>\n\t\t<meta property=\"og:image:height\" content=\"360\" \/>\n\t\t<meta property=\"article:published_time\" content=\"2016-07-30T21:02:53+00:00\" \/>\n\t\t<meta property=\"article:modified_time\" content=\"2016-07-30T21:02:53+00:00\" \/>\n\t\t<meta property=\"article:publisher\" content=\"https:\/\/www.facebook.com\/Nachofdezber\" \/>\n\t\t<meta property=\"article:author\" content=\"https:\/\/www.facebook.com\/carrenoactualidad\" \/>\n\t\t<meta name=\"twitter:card\" content=\"summary_large_image\" \/>\n\t\t<meta name=\"twitter:site\" content=\"@NabercoDigital\" \/>\n\t\t<meta name=\"twitter:title\" content=\"Ministro alem\u00e1n RREE ve innecesarias misiones del Ej\u00e9rcito en el pa\u00eds | Cand\u00e1s 365\" \/>\n\t\t<meta name=\"twitter:description\" content=\"Passau (Alemania), 29 jul (dpa) - El ministro alem\u00e1n de Exteriores, Frank-Walter Steinmeier, ve innecesario modificar la Constituci\u00f3n alemana para posibilitar que el Ej\u00e9rcito pueda actuar en el interior del pa\u00eds para luchar contra el terrorismo, seg\u00fan declaraciones publicadas hoy en el diario alem\u00e1n &quot;Passauer Neue Presse&quot;. &quot;Los acontecimientos de la semana pasada mostraron la\" \/>\n\t\t<meta name=\"twitter:creator\" content=\"@nbasturias\" \/>\n\t\t<meta name=\"twitter:image\" content=\"https:\/\/candas365.es\/noticias\/wp-content\/uploads\/2015\/09\/c365noticias.jpg\" \/>\n\t\t<meta name=\"twitter:label1\" content=\"Escrito por\" \/>\n\t\t<meta name=\"twitter:data1\" content=\"Cand\u00e1s 365\" \/>\n\t\t<meta name=\"twitter:label2\" content=\"Tiempo de lectura estimado\" \/>\n\t\t<meta name=\"twitter:data2\" content=\"2 minutos\" \/>\n\t\t<script type=\"application\/ld+json\" class=\"aioseo-schema\">\n\t\t\t{\"@context\":\"https:\\\/\\\/schema.org\",\"@graph\":[{\"@type\":\"BreadcrumbList\",\"@id\":\"https:\\\/\\\/candas365.es\\\/noticias\\\/ministro-aleman-rree-ve-innecesarias-misiones-del-ejercito-en-el-pais\\\/#breadcrumblist\",\"itemListElement\":[{\"@type\":\"ListItem\",\"@id\":\"https:\\\/\\\/candas365.es\\\/noticias#listItem\",\"position\":1,\"name\":\"Home\",\"item\":\"https:\\\/\\\/candas365.es\\\/noticias\",\"nextItem\":{\"@type\":\"ListItem\",\"@id\":\"https:\\\/\\\/candas365.es\\\/noticias\\\/category\\\/actualidad\\\/#listItem\",\"name\":\"Actualidad\"}},{\"@type\":\"ListItem\",\"@id\":\"https:\\\/\\\/candas365.es\\\/noticias\\\/category\\\/actualidad\\\/#listItem\",\"position\":2,\"name\":\"Actualidad\",\"item\":\"https:\\\/\\\/candas365.es\\\/noticias\\\/category\\\/actualidad\\\/\",\"nextItem\":{\"@type\":\"ListItem\",\"@id\":\"https:\\\/\\\/candas365.es\\\/noticias\\\/ministro-aleman-rree-ve-innecesarias-misiones-del-ejercito-en-el-pais\\\/#listItem\",\"name\":\"Ministro alem\\u00e1n RREE ve innecesarias misiones del Ej\\u00e9rcito en el pa\\u00eds\"},\"previousItem\":{\"@type\":\"ListItem\",\"@id\":\"https:\\\/\\\/candas365.es\\\/noticias#listItem\",\"name\":\"Home\"}},{\"@type\":\"ListItem\",\"@id\":\"https:\\\/\\\/candas365.es\\\/noticias\\\/ministro-aleman-rree-ve-innecesarias-misiones-del-ejercito-en-el-pais\\\/#listItem\",\"position\":3,\"name\":\"Ministro alem\\u00e1n RREE ve innecesarias misiones del Ej\\u00e9rcito en el pa\\u00eds\",\"previousItem\":{\"@type\":\"ListItem\",\"@id\":\"https:\\\/\\\/candas365.es\\\/noticias\\\/category\\\/actualidad\\\/#listItem\",\"name\":\"Actualidad\"}}]},{\"@type\":\"NewsArticle\",\"@id\":\"https:\\\/\\\/candas365.es\\\/noticias\\\/ministro-aleman-rree-ve-innecesarias-misiones-del-ejercito-en-el-pais\\\/#newsarticle\",\"name\":\"Ministro alem\\u00e1n RREE ve innecesarias misiones del Ej\\u00e9rcito en el pa\\u00eds | Cand\\u00e1s 365\",\"headline\":\"Ministro alem\\u00e1n RREE ve innecesarias misiones del Ej\\u00e9rcito en el pa\\u00eds\",\"author\":{\"@id\":\"https:\\\/\\\/candas365.es\\\/noticias\\\/author\\\/admin\\\/#author\"},\"publisher\":{\"@id\":\"https:\\\/\\\/candas365.es\\\/noticias\\\/#organization\"},\"image\":{\"@type\":\"ImageObject\",\"url\":\"https:\\\/\\\/candas365.es\\\/noticias\\\/wp-content\\\/uploads\\\/2015\\\/09\\\/c365noticias.jpg\",\"width\":655,\"height\":360},\"datePublished\":\"2016-07-30T22:32:53+02:00\",\"dateModified\":\"2016-07-30T22:32:53+02:00\",\"inLanguage\":\"es-ES\",\"mainEntityOfPage\":{\"@id\":\"https:\\\/\\\/candas365.es\\\/noticias\\\/ministro-aleman-rree-ve-innecesarias-misiones-del-ejercito-en-el-pais\\\/#webpage\"},\"isPartOf\":{\"@id\":\"https:\\\/\\\/candas365.es\\\/noticias\\\/ministro-aleman-rree-ve-innecesarias-misiones-del-ejercito-en-el-pais\\\/#webpage\"},\"articleSection\":\"Actualidad\",\"dateline\":\"Publicado el julio 30, 2016.\"},{\"@type\":\"Organization\",\"@id\":\"https:\\\/\\\/candas365.es\\\/noticias\\\/#organization\",\"name\":\"Cand\\u00e1s 365\",\"description\":\"Cand\\u00e1s 365 es un diario digital independiente, fundado en 2012, con base en Asturias. Informamos con rigor sobre actualidad, sociedad, cultura y ocio, con una mirada local y global.\",\"url\":\"https:\\\/\\\/candas365.es\\\/noticias\\\/\",\"email\":\"info@candas365.es\",\"telephone\":\"+34652131393\",\"foundingDate\":\"2012-06-10\",\"logo\":{\"@type\":\"ImageObject\",\"url\":\"https:\\\/\\\/candas365.es\\\/noticias\\\/wp-content\\\/uploads\\\/2024\\\/09\\\/Candas-365-Redes.jpg\",\"@id\":\"https:\\\/\\\/candas365.es\\\/noticias\\\/ministro-aleman-rree-ve-innecesarias-misiones-del-ejercito-en-el-pais\\\/#organizationLogo\",\"width\":1152,\"height\":864,\"caption\":\"Cand\\u00e1s 365 Redes\"},\"image\":{\"@id\":\"https:\\\/\\\/candas365.es\\\/noticias\\\/ministro-aleman-rree-ve-innecesarias-misiones-del-ejercito-en-el-pais\\\/#organizationLogo\"},\"sameAs\":[\"https:\\\/\\\/www.facebook.com\\\/Nachofdezber\",\"https:\\\/\\\/x.com\\\/NabercoDigital\",\"https:\\\/\\\/www.instagram.com\\\/nachofdezber\\\/\",\"https:\\\/\\\/www.youtube.com\\\/channel\\\/UCZP-2wLEB9Rv6erhFmqVnvg\"],\"address\":{\"@id\":\"https:\\\/\\\/candas365.es\\\/noticias\\\/#postaladdress\",\"@type\":\"PostalAddress\",\"streetAddress\":\"san antonio 4, san antonio 4\",\"postalCode\":\"33430\",\"addressLocality\":\"Cand\\u00e1s\",\"addressRegion\":\"Asturias\",\"addressCountry\":\"ES\"}},{\"@type\":\"Person\",\"@id\":\"https:\\\/\\\/candas365.es\\\/noticias\\\/author\\\/admin\\\/#author\",\"url\":\"https:\\\/\\\/candas365.es\\\/noticias\\\/author\\\/admin\\\/\",\"name\":\"Cand\\u00e1s 365\",\"image\":{\"@type\":\"ImageObject\",\"@id\":\"https:\\\/\\\/candas365.es\\\/noticias\\\/ministro-aleman-rree-ve-innecesarias-misiones-del-ejercito-en-el-pais\\\/#authorImage\",\"url\":\"https:\\\/\\\/secure.gravatar.com\\\/avatar\\\/496a8e03d0c493ede1718b7934145dbdf8d89be1036b0eec9544e1094c9de390?s=96&d=mm&r=g\",\"width\":96,\"height\":96,\"caption\":\"Cand\\u00e1s 365\"},\"sameAs\":[\"https:\\\/\\\/www.facebook.com\\\/carrenoactualidad\",\"https:\\\/\\\/twitter.com\\\/nbasturias\",\"https:\\\/\\\/www.instagram.com\\\/nachofdezber\\\/\",\"https:\\\/\\\/www.youtube.com\\\/channel\\\/UCZP-2wLEB9Rv6erhFmqVnvg\"]},{\"@type\":\"WebPage\",\"@id\":\"https:\\\/\\\/candas365.es\\\/noticias\\\/ministro-aleman-rree-ve-innecesarias-misiones-del-ejercito-en-el-pais\\\/#webpage\",\"url\":\"https:\\\/\\\/candas365.es\\\/noticias\\\/ministro-aleman-rree-ve-innecesarias-misiones-del-ejercito-en-el-pais\\\/\",\"name\":\"Ministro alem\\u00e1n RREE ve innecesarias misiones del Ej\\u00e9rcito en el pa\\u00eds | Cand\\u00e1s 365\",\"description\":\"Passau (Alemania), 29 jul (dpa) - El ministro alem\\u00e1n de Exteriores, Frank-Walter Steinmeier, ve innecesario modificar la Constituci\\u00f3n alemana para posibilitar que el Ej\\u00e9rcito pueda actuar en el interior del pa\\u00eds para luchar contra el terrorismo, seg\\u00fan declaraciones publicadas hoy en el diario alem\\u00e1n \\\"Passauer Neue Presse\\\". \\\"Los acontecimientos de la semana pasada mostraron la\",\"inLanguage\":\"es-ES\",\"isPartOf\":{\"@id\":\"https:\\\/\\\/candas365.es\\\/noticias\\\/#website\"},\"breadcrumb\":{\"@id\":\"https:\\\/\\\/candas365.es\\\/noticias\\\/ministro-aleman-rree-ve-innecesarias-misiones-del-ejercito-en-el-pais\\\/#breadcrumblist\"},\"author\":{\"@id\":\"https:\\\/\\\/candas365.es\\\/noticias\\\/author\\\/admin\\\/#author\"},\"creator\":{\"@id\":\"https:\\\/\\\/candas365.es\\\/noticias\\\/author\\\/admin\\\/#author\"},\"image\":{\"@type\":\"ImageObject\",\"url\":\"https:\\\/\\\/candas365.es\\\/noticias\\\/wp-content\\\/uploads\\\/2015\\\/09\\\/c365noticias.jpg\",\"@id\":\"https:\\\/\\\/candas365.es\\\/noticias\\\/ministro-aleman-rree-ve-innecesarias-misiones-del-ejercito-en-el-pais\\\/#mainImage\",\"width\":655,\"height\":360},\"primaryImageOfPage\":{\"@id\":\"https:\\\/\\\/candas365.es\\\/noticias\\\/ministro-aleman-rree-ve-innecesarias-misiones-del-ejercito-en-el-pais\\\/#mainImage\"},\"datePublished\":\"2016-07-30T22:32:53+02:00\",\"dateModified\":\"2016-07-30T22:32:53+02:00\"},{\"@type\":\"WebSite\",\"@id\":\"https:\\\/\\\/candas365.es\\\/noticias\\\/#website\",\"url\":\"https:\\\/\\\/candas365.es\\\/noticias\\\/\",\"name\":\"Cand\\u00e1s 365\",\"alternateName\":\"Cand\\u00e1s 365 Noticias\",\"description\":\"Actualidad desde Carre\\u00f1o para el mundo\",\"inLanguage\":\"es-ES\",\"publisher\":{\"@id\":\"https:\\\/\\\/candas365.es\\\/noticias\\\/#organization\"}}]}\n\t\t<\/script>\n\t\t<!-- All in One SEO Pro -->\r\n\t\t<title>Ministro alem\u00e1n RREE ve innecesarias misiones del Ej\u00e9rcito en el pa\u00eds | Cand\u00e1s 365<\/title>\n\n","aioseo_head_json":{"title":"Ministro alem\u00e1n RREE ve innecesarias misiones del Ej\u00e9rcito en el pa\u00eds | Cand\u00e1s 365","description":"Passau (Alemania), 29 jul (dpa) - El ministro alem\u00e1n de Exteriores, Frank-Walter Steinmeier, ve innecesario modificar la Constituci\u00f3n alemana para posibilitar que el Ej\u00e9rcito pueda actuar en el interior del pa\u00eds para luchar contra el terrorismo, seg\u00fan declaraciones publicadas hoy en el diario alem\u00e1n \"Passauer Neue Presse\". \"Los acontecimientos de la semana pasada mostraron la","canonical_url":"https:\/\/candas365.es\/noticias\/ministro-aleman-rree-ve-innecesarias-misiones-del-ejercito-en-el-pais\/","robots":"max-image-preview:large","keywords":"actualidad","webmasterTools":{"google-site-verification":"UA-32230408-1","msvalidate.01":"354F3CDFB2DA171B47FBE9ABF1F88D5","miscellaneous":""},"schema":{"@context":"https:\/\/schema.org","@graph":[{"@type":"BreadcrumbList","@id":"https:\/\/candas365.es\/noticias\/ministro-aleman-rree-ve-innecesarias-misiones-del-ejercito-en-el-pais\/#breadcrumblist","itemListElement":[{"@type":"ListItem","@id":"https:\/\/candas365.es\/noticias#listItem","position":1,"name":"Home","item":"https:\/\/candas365.es\/noticias","nextItem":{"@type":"ListItem","@id":"https:\/\/candas365.es\/noticias\/category\/actualidad\/#listItem","name":"Actualidad"}},{"@type":"ListItem","@id":"https:\/\/candas365.es\/noticias\/category\/actualidad\/#listItem","position":2,"name":"Actualidad","item":"https:\/\/candas365.es\/noticias\/category\/actualidad\/","nextItem":{"@type":"ListItem","@id":"https:\/\/candas365.es\/noticias\/ministro-aleman-rree-ve-innecesarias-misiones-del-ejercito-en-el-pais\/#listItem","name":"Ministro alem\u00e1n RREE ve innecesarias misiones del Ej\u00e9rcito en el pa\u00eds"},"previousItem":{"@type":"ListItem","@id":"https:\/\/candas365.es\/noticias#listItem","name":"Home"}},{"@type":"ListItem","@id":"https:\/\/candas365.es\/noticias\/ministro-aleman-rree-ve-innecesarias-misiones-del-ejercito-en-el-pais\/#listItem","position":3,"name":"Ministro alem\u00e1n RREE ve innecesarias misiones del Ej\u00e9rcito en el pa\u00eds","previousItem":{"@type":"ListItem","@id":"https:\/\/candas365.es\/noticias\/category\/actualidad\/#listItem","name":"Actualidad"}}]},{"@type":"NewsArticle","@id":"https:\/\/candas365.es\/noticias\/ministro-aleman-rree-ve-innecesarias-misiones-del-ejercito-en-el-pais\/#newsarticle","name":"Ministro alem\u00e1n RREE ve innecesarias misiones del Ej\u00e9rcito en el pa\u00eds | Cand\u00e1s 365","headline":"Ministro alem\u00e1n RREE ve innecesarias misiones del Ej\u00e9rcito en el pa\u00eds","author":{"@id":"https:\/\/candas365.es\/noticias\/author\/admin\/#author"},"publisher":{"@id":"https:\/\/candas365.es\/noticias\/#organization"},"image":{"@type":"ImageObject","url":"https:\/\/candas365.es\/noticias\/wp-content\/uploads\/2015\/09\/c365noticias.jpg","width":655,"height":360},"datePublished":"2016-07-30T22:32:53+02:00","dateModified":"2016-07-30T22:32:53+02:00","inLanguage":"es-ES","mainEntityOfPage":{"@id":"https:\/\/candas365.es\/noticias\/ministro-aleman-rree-ve-innecesarias-misiones-del-ejercito-en-el-pais\/#webpage"},"isPartOf":{"@id":"https:\/\/candas365.es\/noticias\/ministro-aleman-rree-ve-innecesarias-misiones-del-ejercito-en-el-pais\/#webpage"},"articleSection":"Actualidad","dateline":"Publicado el julio 30, 2016."},{"@type":"Organization","@id":"https:\/\/candas365.es\/noticias\/#organization","name":"Cand\u00e1s 365","description":"Cand\u00e1s 365 es un diario digital independiente, fundado en 2012, con base en Asturias. Informamos con rigor sobre actualidad, sociedad, cultura y ocio, con una mirada local y global.","url":"https:\/\/candas365.es\/noticias\/","email":"info@candas365.es","telephone":"+34652131393","foundingDate":"2012-06-10","logo":{"@type":"ImageObject","url":"https:\/\/candas365.es\/noticias\/wp-content\/uploads\/2024\/09\/Candas-365-Redes.jpg","@id":"https:\/\/candas365.es\/noticias\/ministro-aleman-rree-ve-innecesarias-misiones-del-ejercito-en-el-pais\/#organizationLogo","width":1152,"height":864,"caption":"Cand\u00e1s 365 Redes"},"image":{"@id":"https:\/\/candas365.es\/noticias\/ministro-aleman-rree-ve-innecesarias-misiones-del-ejercito-en-el-pais\/#organizationLogo"},"sameAs":["https:\/\/www.facebook.com\/Nachofdezber","https:\/\/x.com\/NabercoDigital","https:\/\/www.instagram.com\/nachofdezber\/","https:\/\/www.youtube.com\/channel\/UCZP-2wLEB9Rv6erhFmqVnvg"],"address":{"@id":"https:\/\/candas365.es\/noticias\/#postaladdress","@type":"PostalAddress","streetAddress":"san antonio 4, san antonio 4","postalCode":"33430","addressLocality":"Cand\u00e1s","addressRegion":"Asturias","addressCountry":"ES"}},{"@type":"Person","@id":"https:\/\/candas365.es\/noticias\/author\/admin\/#author","url":"https:\/\/candas365.es\/noticias\/author\/admin\/","name":"Cand\u00e1s 365","image":{"@type":"ImageObject","@id":"https:\/\/candas365.es\/noticias\/ministro-aleman-rree-ve-innecesarias-misiones-del-ejercito-en-el-pais\/#authorImage","url":"https:\/\/secure.gravatar.com\/avatar\/496a8e03d0c493ede1718b7934145dbdf8d89be1036b0eec9544e1094c9de390?s=96&d=mm&r=g","width":96,"height":96,"caption":"Cand\u00e1s 365"},"sameAs":["https:\/\/www.facebook.com\/carrenoactualidad","https:\/\/twitter.com\/nbasturias","https:\/\/www.instagram.com\/nachofdezber\/","https:\/\/www.youtube.com\/channel\/UCZP-2wLEB9Rv6erhFmqVnvg"]},{"@type":"WebPage","@id":"https:\/\/candas365.es\/noticias\/ministro-aleman-rree-ve-innecesarias-misiones-del-ejercito-en-el-pais\/#webpage","url":"https:\/\/candas365.es\/noticias\/ministro-aleman-rree-ve-innecesarias-misiones-del-ejercito-en-el-pais\/","name":"Ministro alem\u00e1n RREE ve innecesarias misiones del Ej\u00e9rcito en el pa\u00eds | Cand\u00e1s 365","description":"Passau (Alemania), 29 jul (dpa) - El ministro alem\u00e1n de Exteriores, Frank-Walter Steinmeier, ve innecesario modificar la Constituci\u00f3n alemana para posibilitar que el Ej\u00e9rcito pueda actuar en el interior del pa\u00eds para luchar contra el terrorismo, seg\u00fan declaraciones publicadas hoy en el diario alem\u00e1n \"Passauer Neue Presse\". \"Los acontecimientos de la semana pasada mostraron la","inLanguage":"es-ES","isPartOf":{"@id":"https:\/\/candas365.es\/noticias\/#website"},"breadcrumb":{"@id":"https:\/\/candas365.es\/noticias\/ministro-aleman-rree-ve-innecesarias-misiones-del-ejercito-en-el-pais\/#breadcrumblist"},"author":{"@id":"https:\/\/candas365.es\/noticias\/author\/admin\/#author"},"creator":{"@id":"https:\/\/candas365.es\/noticias\/author\/admin\/#author"},"image":{"@type":"ImageObject","url":"https:\/\/candas365.es\/noticias\/wp-content\/uploads\/2015\/09\/c365noticias.jpg","@id":"https:\/\/candas365.es\/noticias\/ministro-aleman-rree-ve-innecesarias-misiones-del-ejercito-en-el-pais\/#mainImage","width":655,"height":360},"primaryImageOfPage":{"@id":"https:\/\/candas365.es\/noticias\/ministro-aleman-rree-ve-innecesarias-misiones-del-ejercito-en-el-pais\/#mainImage"},"datePublished":"2016-07-30T22:32:53+02:00","dateModified":"2016-07-30T22:32:53+02:00"},{"@type":"WebSite","@id":"https:\/\/candas365.es\/noticias\/#website","url":"https:\/\/candas365.es\/noticias\/","name":"Cand\u00e1s 365","alternateName":"Cand\u00e1s 365 Noticias","description":"Actualidad desde Carre\u00f1o para el mundo","inLanguage":"es-ES","publisher":{"@id":"https:\/\/candas365.es\/noticias\/#organization"}}]},"og:locale":"es_ES","og:site_name":"Cand\u00e1s 365","og:type":"article","og:title":"Ministro alem\u00e1n RREE ve innecesarias misiones del Ej\u00e9rcito en el pa\u00eds | Cand\u00e1s 365","og:description":"Passau (Alemania), 29 jul (dpa) - El ministro alem\u00e1n de Exteriores, Frank-Walter Steinmeier, ve innecesario modificar la Constituci\u00f3n alemana para posibilitar que el Ej\u00e9rcito pueda actuar en el interior del pa\u00eds para luchar contra el terrorismo, seg\u00fan declaraciones publicadas hoy en el diario alem\u00e1n &quot;Passauer Neue Presse&quot;. &quot;Los acontecimientos de la semana pasada mostraron la","og:url":"https:\/\/candas365.es\/noticias\/ministro-aleman-rree-ve-innecesarias-misiones-del-ejercito-en-el-pais\/","og:image":"https:\/\/candas365.es\/noticias\/wp-content\/uploads\/2015\/09\/c365noticias.jpg","og:image:secure_url":"https:\/\/candas365.es\/noticias\/wp-content\/uploads\/2015\/09\/c365noticias.jpg","og:image:width":655,"og:image:height":360,"article:published_time":"2016-07-30T21:02:53+00:00","article:modified_time":"2016-07-30T21:02:53+00:00","article:publisher":"https:\/\/www.facebook.com\/Nachofdezber","article:author":"https:\/\/www.facebook.com\/carrenoactualidad","twitter:card":"summary_large_image","twitter:site":"@NabercoDigital","twitter:title":"Ministro alem\u00e1n RREE ve innecesarias misiones del Ej\u00e9rcito en el pa\u00eds | Cand\u00e1s 365","twitter:description":"Passau (Alemania), 29 jul (dpa) - El ministro alem\u00e1n de Exteriores, Frank-Walter Steinmeier, ve innecesario modificar la Constituci\u00f3n alemana para posibilitar que el Ej\u00e9rcito pueda actuar en el interior del pa\u00eds para luchar contra el terrorismo, seg\u00fan declaraciones publicadas hoy en el diario alem\u00e1n &quot;Passauer Neue Presse&quot;. &quot;Los acontecimientos de la semana pasada mostraron la","twitter:creator":"@nbasturias","twitter:image":"https:\/\/candas365.es\/noticias\/wp-content\/uploads\/2015\/09\/c365noticias.jpg","twitter:label1":"Escrito por","twitter:data1":"Cand\u00e1s 365","twitter:label2":"Tiempo de lectura estimado","twitter:data2":"2 minutos"},"aioseo_meta_data":{"post_id":"32941","title":null,"description":null,"keywords":null,"keyphrases":null,"primary_term":null,"canonical_url":null,"og_title":null,"og_description":null,"og_object_type":"default","og_image_type":"default","og_image_url":null,"og_image_width":null,"og_image_height":null,"og_image_custom_url":null,"og_image_custom_fields":null,"og_video":null,"og_custom_url":null,"og_article_section":null,"og_article_tags":null,"twitter_use_og":false,"twitter_card":"default","twitter_image_type":"default","twitter_image_url":null,"twitter_image_custom_url":null,"twitter_image_custom_fields":null,"twitter_title":null,"twitter_description":null,"schema":{"blockGraphs":[],"customGraphs":[],"default":{"data":{"Article":[],"Course":[],"Dataset":[],"FAQPage":[],"Movie":[],"Person":[],"Product":[],"ProductReview":[],"Car":[],"Recipe":[],"Service":[],"SoftwareApplication":[],"WebPage":[]},"graphName":"","isEnabled":true},"graphs":[]},"schema_type":null,"schema_type_options":null,"pillar_content":false,"robots_default":true,"robots_noindex":false,"robots_noarchive":false,"robots_nosnippet":false,"robots_nofollow":false,"robots_noimageindex":false,"robots_noodp":false,"robots_notranslate":false,"robots_max_snippet":null,"robots_max_videopreview":null,"robots_max_imagepreview":"large","priority":null,"frequency":null,"location":null,"local_seo":null,"seo_analyzer_scan_date":"2025-08-24 16:07:16","breadcrumb_settings":null,"limit_modified_date":false,"reviewed_by":null,"open_ai":null,"ai":null,"created":"2020-12-21 13:05:33","updated":"2025-08-24 16:07:16"},"aioseo_breadcrumb":"<div class=\"aioseo-breadcrumbs\"><span class=\"aioseo-breadcrumb\">\n\t<a href=\"https:\/\/candas365.es\/noticias\" title=\"Home\">Home<\/a>\n<\/span><span class=\"aioseo-breadcrumb-separator\">&ndash;<\/span><span class=\"aioseo-breadcrumb\">\n\t<a href=\"https:\/\/candas365.es\/noticias\/category\/actualidad\/\" title=\"Actualidad\">Actualidad<\/a>\n<\/span><span class=\"aioseo-breadcrumb-separator\">&ndash;<\/span><span class=\"aioseo-breadcrumb\">\n\tMinistro alem\u00e1n RREE ve innecesarias misiones del Ej\u00e9rcito en el pa\u00eds\n<\/span><\/div>","aioseo_breadcrumb_json":[{"label":"Home","link":"https:\/\/candas365.es\/noticias"},{"label":"Actualidad","link":"https:\/\/candas365.es\/noticias\/category\/actualidad\/"},{"label":"Ministro alem\u00e1n RREE ve innecesarias misiones del Ej\u00e9rcito en el pa\u00eds","link":"https:\/\/candas365.es\/noticias\/ministro-aleman-rree-ve-innecesarias-misiones-del-ejercito-en-el-pais\/"}],"_links":{"self":[{"href":"https:\/\/candas365.es\/noticias\/wp-json\/wp\/v2\/posts\/32941","targetHints":{"allow":["GET"]}}],"collection":[{"href":"https:\/\/candas365.es\/noticias\/wp-json\/wp\/v2\/posts"}],"about":[{"href":"https:\/\/candas365.es\/noticias\/wp-json\/wp\/v2\/types\/post"}],"author":[{"embeddable":true,"href":"https:\/\/candas365.es\/noticias\/wp-json\/wp\/v2\/users\/1"}],"replies":[{"embeddable":true,"href":"https:\/\/candas365.es\/noticias\/wp-json\/wp\/v2\/comments?post=32941"}],"version-history":[{"count":0,"href":"https:\/\/candas365.es\/noticias\/wp-json\/wp\/v2\/posts\/32941\/revisions"}],"wp:featuredmedia":[{"embeddable":true,"href":"https:\/\/candas365.es\/noticias\/wp-json\/wp\/v2\/media\/16457"}],"wp:attachment":[{"href":"https:\/\/candas365.es\/noticias\/wp-json\/wp\/v2\/media?parent=32941"}],"wp:term":[{"taxonomy":"category","embeddable":true,"href":"https:\/\/candas365.es\/noticias\/wp-json\/wp\/v2\/categories?post=32941"},{"taxonomy":"post_tag","embeddable":true,"href":"https:\/\/candas365.es\/noticias\/wp-json\/wp\/v2\/tags?post=32941"}],"curies":[{"name":"wp","href":"https:\/\/api.w.org\/{rel}","templated":true}]}}