{"id":32937,"date":"2016-07-30T22:30:59","date_gmt":"2016-07-30T21:00:59","guid":{"rendered":"http:\/\/candas365.es\/noticias\/?p=32937"},"modified":"2016-07-30T22:30:59","modified_gmt":"2016-07-30T21:00:59","slug":"preocupacion-en-alemania-por-manifestacion-de-partidarios-de-erdogan","status":"publish","type":"post","link":"https:\/\/candas365.es\/noticias\/preocupacion-en-alemania-por-manifestacion-de-partidarios-de-erdogan\/","title":{"rendered":"Preocupaci\u00f3n en Alemania por manifestaci\u00f3n de partidarios de Erdogan"},"content":{"rendered":"<p>Colonia (Alemania), 29 jul (dpa) &#8211; La manifestaci\u00f3n convocada para el domingo en la ciudad alemana de Colonia por partidarios del presidente turco, Recep Tayyip Erdogan, desat\u00f3 hoy la pol\u00e9mica y la preocupaci\u00f3n en el pa\u00eds europeo, donde viven cerca de tres millones de personas con ra\u00edces turcas.<\/p>\n<p>La Polic\u00eda espera que acudan hasta 30.000 manifestantes a la marcha en el oeste del pa\u00eds. De acuerdo con la Polic\u00eda de Colonia, los organizadores planean tambi\u00e9n contar con alg\u00fan representante del Gobierno turco como orador.<\/p>\n<p>A pesar de las presiones para prohibir la manifestaci\u00f3n, el jefe de la Polic\u00eda de Colonia, J\u00fcrgen Mathies, indic\u00f3 que no existe de momento indicio alguno de que se est\u00e9n planeando delitos o que se vaya a alterar la seguridad p\u00fablica. Por ello no puede ser prohibida, indic\u00f3 Mathies, al mismo tiempo que asegur\u00f3 que actuar\u00e1n con \u00abmano dura\u00bb contra cualquier forma de violencia.<\/p>\n<p>La ciudad desplegar\u00e1 2.300 polic\u00edas con motivo de la manifestaci\u00f3n y de las cuatro contramanifestaciones previstas para ese d\u00eda.<\/p>\n<p>El Gobierno de Ankara reclam\u00f3 a Alemania esta semana que extradite a los seguidores el cl\u00e9rigo Fetullah G\u00fclen, a quien acusa de haber organizado el intento de golpe de Estado del 15 de julio en Turqu\u00eda.<\/p>\n<p>Mientras, el c\u00f3nsul general turco en Stuttgart, Ahmet Akinti, mand\u00f3 una carta al Gobierno de Baden-Wurtemberg en el que exige analizar las instalaciones y asociaciones del movimiento G\u00fclen para llevar a cabo una \u00abnueva evaluaci\u00f3n\u00bb.<\/p>\n<p>\u00abEvidentemente no lo haremos\u00bb, asegur\u00f3 el primer ministro de Baden-Wurtemberg, Winfried Kretschmann. No hay prueba alguna de que el movimiento de G\u00fclen est\u00e9 detr\u00e1s del golpe, agreg\u00f3. El movimiento G\u00fclen gestiona en Alemania, seg\u00fan sus datos, cerca de 30 escuelas.<\/p>\n<p>\u00abErdogan quiere extender su dictadura tambi\u00e9n a Alemania. No debemos permitirlo\u00bb, alert\u00f3 el diputado de La Izquierda Sevim Dagdelen. Mientras, el presidente de la comunidad turca en Alemania, G\u00f6kay Sofuoglu, asegur\u00f3 a dpa que se ha producido una fisura en la sociedad turca en el pa\u00eds. \u00abSe romper\u00e1n amistades y tambi\u00e9n en el seno de las familias hay problemas\u00bb, indic\u00f3.<\/p>\n<p>El experto en Interior de la Uni\u00f3n Cristianodem\u00f3crata Wolfgang Bosbach alert\u00f3 del incremento de la influencia de Ankara en Alemania y lament\u00f3 que sea posible presuntamente movilizar a miles de personas entusiasmadas con el hecho de que Turqu\u00eda d\u00e9 pasos gigantes para alejarse de la democracia en direcci\u00f3n a un r\u00e9gimen autoritario, afirm\u00f3 en la emisora alemana SWR.<\/p>\n<p>Por su parte, el pol\u00edtico de la CDU Jens Spahn fue un paso m\u00e1s all\u00e1 y cuestion\u00f3 la doble nacionalidad de la que disfrutan miles de turcos en Alemania.<\/p>\n<p>Aquellos corazones que latan a favor de Erdogan y quien salga a la calle a mostrarle su apoyo a \u00e9l y a su partido AKP (el partido isl\u00e1mico conservador Justicia y Desarrollo) deber\u00eda hacerlo mejor en Turqu\u00eda, se\u00f1al\u00f3 en el diario alem\u00e1n \u00abTagesspiegel\u00bb.<\/p>\n<p>\u00abY deber\u00edamos exigirles que tomen una decisi\u00f3n clara\u00bb, apunt\u00f3. Los turcos que viven en Alemania deber\u00edan decidir a cu\u00e1l de los dos Estados le muestran lealtad, agreg\u00f3.<\/p>\n<p>Erdogan respondi\u00f3 al conato de golpe de Estado de mediados de julio con detenciones y despidos masivos en las Fuerzas Armadas, la Justicia, la administraci\u00f3n p\u00fablica, escuelas y universidades. Tambi\u00e9n dispuso el cierre de numerosos medios de informaci\u00f3n.<\/p>\n","protected":false},"excerpt":{"rendered":"<p>Colonia (Alemania), 29 jul (dpa) &#8211; La manifestaci\u00f3n convocada para el domingo en la ciudad alemana de Colonia por partidarios del presidente turco, Recep Tayyip Erdogan, desat\u00f3 hoy la pol\u00e9mica y la preocupaci\u00f3n en el pa\u00eds europeo, donde viven cerca de tres millones de personas con ra\u00edces turcas. La Polic\u00eda espera que acudan hasta 30.000<\/p>\n","protected":false},"author":1,"featured_media":16457,"comment_status":"closed","ping_status":"closed","sticky":false,"template":"","format":"standard","meta":{"footnotes":""},"categories":[343],"tags":[],"class_list":{"0":"post-32937","1":"post","2":"type-post","3":"status-publish","4":"format-standard","5":"has-post-thumbnail","7":"category-actualidad"},"aioseo_notices":[],"aioseo_head":"\n\t\t<!-- All in One SEO Pro 4.9.6.2 - aioseo.com -->\n\t<meta name=\"description\" content=\"Colonia (Alemania), 29 jul (dpa) - La manifestaci\u00f3n convocada para el domingo en la ciudad alemana de Colonia por partidarios del presidente turco, Recep Tayyip Erdogan, desat\u00f3 hoy la pol\u00e9mica y la preocupaci\u00f3n en el pa\u00eds europeo, donde viven cerca de tres millones de personas con ra\u00edces turcas. La Polic\u00eda espera que acudan hasta 30.000\" \/>\n\t<meta name=\"robots\" content=\"max-image-preview:large\" \/>\n\t<meta name=\"author\" content=\"Cand\u00e1s 365\"\/>\n\t<meta name=\"google-site-verification\" content=\"UA-32230408-1\" \/>\n\t<meta name=\"msvalidate.01\" content=\"354F3CDFB2DA171B47FBE9ABF1F88D5\" \/>\n\t<meta name=\"keywords\" content=\"actualidad\" \/>\n\t<link rel=\"canonical\" href=\"https:\/\/candas365.es\/noticias\/preocupacion-en-alemania-por-manifestacion-de-partidarios-de-erdogan\/\" \/>\n\t<meta name=\"generator\" content=\"All in One SEO Pro (AIOSEO) 4.9.6.2\" \/>\n\t\t<meta property=\"og:locale\" content=\"es_ES\" \/>\n\t\t<meta property=\"og:site_name\" content=\"Cand\u00e1s 365\" \/>\n\t\t<meta property=\"og:type\" content=\"article\" \/>\n\t\t<meta property=\"og:title\" content=\"Preocupaci\u00f3n en Alemania por manifestaci\u00f3n de partidarios de Erdogan | Cand\u00e1s 365\" \/>\n\t\t<meta property=\"og:description\" content=\"Colonia (Alemania), 29 jul (dpa) - La manifestaci\u00f3n convocada para el domingo en la ciudad alemana de Colonia por partidarios del presidente turco, Recep Tayyip Erdogan, desat\u00f3 hoy la pol\u00e9mica y la preocupaci\u00f3n en el pa\u00eds europeo, donde viven cerca de tres millones de personas con ra\u00edces turcas. La Polic\u00eda espera que acudan hasta 30.000\" \/>\n\t\t<meta property=\"og:url\" content=\"https:\/\/candas365.es\/noticias\/preocupacion-en-alemania-por-manifestacion-de-partidarios-de-erdogan\/\" \/>\n\t\t<meta property=\"og:image\" content=\"https:\/\/candas365.es\/noticias\/wp-content\/uploads\/2015\/09\/c365noticias.jpg\" \/>\n\t\t<meta property=\"og:image:secure_url\" content=\"https:\/\/candas365.es\/noticias\/wp-content\/uploads\/2015\/09\/c365noticias.jpg\" \/>\n\t\t<meta property=\"og:image:width\" content=\"655\" \/>\n\t\t<meta property=\"og:image:height\" content=\"360\" \/>\n\t\t<meta property=\"article:published_time\" content=\"2016-07-30T21:00:59+00:00\" \/>\n\t\t<meta property=\"article:modified_time\" content=\"2016-07-30T21:00:59+00:00\" \/>\n\t\t<meta property=\"article:publisher\" content=\"https:\/\/www.facebook.com\/Nachofdezber\" \/>\n\t\t<meta property=\"article:author\" content=\"https:\/\/www.facebook.com\/carrenoactualidad\" \/>\n\t\t<meta name=\"twitter:card\" content=\"summary_large_image\" \/>\n\t\t<meta name=\"twitter:site\" content=\"@NabercoDigital\" \/>\n\t\t<meta name=\"twitter:title\" content=\"Preocupaci\u00f3n en Alemania por manifestaci\u00f3n de partidarios de Erdogan | Cand\u00e1s 365\" \/>\n\t\t<meta name=\"twitter:description\" content=\"Colonia (Alemania), 29 jul (dpa) - La manifestaci\u00f3n convocada para el domingo en la ciudad alemana de Colonia por partidarios del presidente turco, Recep Tayyip Erdogan, desat\u00f3 hoy la pol\u00e9mica y la preocupaci\u00f3n en el pa\u00eds europeo, donde viven cerca de tres millones de personas con ra\u00edces turcas. La Polic\u00eda espera que acudan hasta 30.000\" \/>\n\t\t<meta name=\"twitter:creator\" content=\"@nbasturias\" \/>\n\t\t<meta name=\"twitter:image\" content=\"https:\/\/candas365.es\/noticias\/wp-content\/uploads\/2015\/09\/c365noticias.jpg\" \/>\n\t\t<meta name=\"twitter:label1\" content=\"Escrito por\" \/>\n\t\t<meta name=\"twitter:data1\" content=\"Cand\u00e1s 365\" \/>\n\t\t<meta name=\"twitter:label2\" content=\"Tiempo de lectura estimado\" \/>\n\t\t<meta name=\"twitter:data2\" content=\"3 minutos\" \/>\n\t\t<script type=\"application\/ld+json\" class=\"aioseo-schema\">\n\t\t\t{\"@context\":\"https:\\\/\\\/schema.org\",\"@graph\":[{\"@type\":\"BreadcrumbList\",\"@id\":\"https:\\\/\\\/candas365.es\\\/noticias\\\/preocupacion-en-alemania-por-manifestacion-de-partidarios-de-erdogan\\\/#breadcrumblist\",\"itemListElement\":[{\"@type\":\"ListItem\",\"@id\":\"https:\\\/\\\/candas365.es\\\/noticias#listItem\",\"position\":1,\"name\":\"Home\",\"item\":\"https:\\\/\\\/candas365.es\\\/noticias\",\"nextItem\":{\"@type\":\"ListItem\",\"@id\":\"https:\\\/\\\/candas365.es\\\/noticias\\\/category\\\/actualidad\\\/#listItem\",\"name\":\"Actualidad\"}},{\"@type\":\"ListItem\",\"@id\":\"https:\\\/\\\/candas365.es\\\/noticias\\\/category\\\/actualidad\\\/#listItem\",\"position\":2,\"name\":\"Actualidad\",\"item\":\"https:\\\/\\\/candas365.es\\\/noticias\\\/category\\\/actualidad\\\/\",\"nextItem\":{\"@type\":\"ListItem\",\"@id\":\"https:\\\/\\\/candas365.es\\\/noticias\\\/preocupacion-en-alemania-por-manifestacion-de-partidarios-de-erdogan\\\/#listItem\",\"name\":\"Preocupaci\\u00f3n en Alemania por manifestaci\\u00f3n de partidarios de Erdogan\"},\"previousItem\":{\"@type\":\"ListItem\",\"@id\":\"https:\\\/\\\/candas365.es\\\/noticias#listItem\",\"name\":\"Home\"}},{\"@type\":\"ListItem\",\"@id\":\"https:\\\/\\\/candas365.es\\\/noticias\\\/preocupacion-en-alemania-por-manifestacion-de-partidarios-de-erdogan\\\/#listItem\",\"position\":3,\"name\":\"Preocupaci\\u00f3n en Alemania por manifestaci\\u00f3n de partidarios de Erdogan\",\"previousItem\":{\"@type\":\"ListItem\",\"@id\":\"https:\\\/\\\/candas365.es\\\/noticias\\\/category\\\/actualidad\\\/#listItem\",\"name\":\"Actualidad\"}}]},{\"@type\":\"NewsArticle\",\"@id\":\"https:\\\/\\\/candas365.es\\\/noticias\\\/preocupacion-en-alemania-por-manifestacion-de-partidarios-de-erdogan\\\/#newsarticle\",\"name\":\"Preocupaci\\u00f3n en Alemania por manifestaci\\u00f3n de partidarios de Erdogan | Cand\\u00e1s 365\",\"headline\":\"Preocupaci\\u00f3n en Alemania por manifestaci\\u00f3n de partidarios de Erdogan\",\"author\":{\"@id\":\"https:\\\/\\\/candas365.es\\\/noticias\\\/author\\\/admin\\\/#author\"},\"publisher\":{\"@id\":\"https:\\\/\\\/candas365.es\\\/noticias\\\/#organization\"},\"image\":{\"@type\":\"ImageObject\",\"url\":\"https:\\\/\\\/candas365.es\\\/noticias\\\/wp-content\\\/uploads\\\/2015\\\/09\\\/c365noticias.jpg\",\"width\":655,\"height\":360},\"datePublished\":\"2016-07-30T22:30:59+02:00\",\"dateModified\":\"2016-07-30T22:30:59+02:00\",\"inLanguage\":\"es-ES\",\"mainEntityOfPage\":{\"@id\":\"https:\\\/\\\/candas365.es\\\/noticias\\\/preocupacion-en-alemania-por-manifestacion-de-partidarios-de-erdogan\\\/#webpage\"},\"isPartOf\":{\"@id\":\"https:\\\/\\\/candas365.es\\\/noticias\\\/preocupacion-en-alemania-por-manifestacion-de-partidarios-de-erdogan\\\/#webpage\"},\"articleSection\":\"Actualidad\",\"dateline\":\"Publicado el julio 30, 2016.\"},{\"@type\":\"Organization\",\"@id\":\"https:\\\/\\\/candas365.es\\\/noticias\\\/#organization\",\"name\":\"Cand\\u00e1s 365\",\"description\":\"Cand\\u00e1s 365 es un diario digital independiente, fundado en 2012, con base en Asturias. Informamos con rigor sobre actualidad, sociedad, cultura y ocio, con una mirada local y global.\",\"url\":\"https:\\\/\\\/candas365.es\\\/noticias\\\/\",\"email\":\"info@candas365.es\",\"telephone\":\"+34652131393\",\"foundingDate\":\"2012-06-10\",\"logo\":{\"@type\":\"ImageObject\",\"url\":\"https:\\\/\\\/candas365.es\\\/noticias\\\/wp-content\\\/uploads\\\/2024\\\/09\\\/Candas-365-Redes.jpg\",\"@id\":\"https:\\\/\\\/candas365.es\\\/noticias\\\/preocupacion-en-alemania-por-manifestacion-de-partidarios-de-erdogan\\\/#organizationLogo\",\"width\":1152,\"height\":864,\"caption\":\"Cand\\u00e1s 365 Redes\"},\"image\":{\"@id\":\"https:\\\/\\\/candas365.es\\\/noticias\\\/preocupacion-en-alemania-por-manifestacion-de-partidarios-de-erdogan\\\/#organizationLogo\"},\"sameAs\":[\"https:\\\/\\\/www.facebook.com\\\/Nachofdezber\",\"https:\\\/\\\/x.com\\\/NabercoDigital\",\"https:\\\/\\\/www.instagram.com\\\/nachofdezber\\\/\",\"https:\\\/\\\/www.youtube.com\\\/channel\\\/UCZP-2wLEB9Rv6erhFmqVnvg\"],\"address\":{\"@id\":\"https:\\\/\\\/candas365.es\\\/noticias\\\/#postaladdress\",\"@type\":\"PostalAddress\",\"streetAddress\":\"san antonio 4, san antonio 4\",\"postalCode\":\"33430\",\"addressLocality\":\"Cand\\u00e1s\",\"addressRegion\":\"Asturias\",\"addressCountry\":\"ES\"}},{\"@type\":\"Person\",\"@id\":\"https:\\\/\\\/candas365.es\\\/noticias\\\/author\\\/admin\\\/#author\",\"url\":\"https:\\\/\\\/candas365.es\\\/noticias\\\/author\\\/admin\\\/\",\"name\":\"Cand\\u00e1s 365\",\"image\":{\"@type\":\"ImageObject\",\"@id\":\"https:\\\/\\\/candas365.es\\\/noticias\\\/preocupacion-en-alemania-por-manifestacion-de-partidarios-de-erdogan\\\/#authorImage\",\"url\":\"https:\\\/\\\/secure.gravatar.com\\\/avatar\\\/496a8e03d0c493ede1718b7934145dbdf8d89be1036b0eec9544e1094c9de390?s=96&d=mm&r=g\",\"width\":96,\"height\":96,\"caption\":\"Cand\\u00e1s 365\"},\"sameAs\":[\"https:\\\/\\\/www.facebook.com\\\/carrenoactualidad\",\"https:\\\/\\\/twitter.com\\\/nbasturias\",\"https:\\\/\\\/www.instagram.com\\\/nachofdezber\\\/\",\"https:\\\/\\\/www.youtube.com\\\/channel\\\/UCZP-2wLEB9Rv6erhFmqVnvg\"]},{\"@type\":\"WebPage\",\"@id\":\"https:\\\/\\\/candas365.es\\\/noticias\\\/preocupacion-en-alemania-por-manifestacion-de-partidarios-de-erdogan\\\/#webpage\",\"url\":\"https:\\\/\\\/candas365.es\\\/noticias\\\/preocupacion-en-alemania-por-manifestacion-de-partidarios-de-erdogan\\\/\",\"name\":\"Preocupaci\\u00f3n en Alemania por manifestaci\\u00f3n de partidarios de Erdogan | Cand\\u00e1s 365\",\"description\":\"Colonia (Alemania), 29 jul (dpa) - La manifestaci\\u00f3n convocada para el domingo en la ciudad alemana de Colonia por partidarios del presidente turco, Recep Tayyip Erdogan, desat\\u00f3 hoy la pol\\u00e9mica y la preocupaci\\u00f3n en el pa\\u00eds europeo, donde viven cerca de tres millones de personas con ra\\u00edces turcas. La Polic\\u00eda espera que acudan hasta 30.000\",\"inLanguage\":\"es-ES\",\"isPartOf\":{\"@id\":\"https:\\\/\\\/candas365.es\\\/noticias\\\/#website\"},\"breadcrumb\":{\"@id\":\"https:\\\/\\\/candas365.es\\\/noticias\\\/preocupacion-en-alemania-por-manifestacion-de-partidarios-de-erdogan\\\/#breadcrumblist\"},\"author\":{\"@id\":\"https:\\\/\\\/candas365.es\\\/noticias\\\/author\\\/admin\\\/#author\"},\"creator\":{\"@id\":\"https:\\\/\\\/candas365.es\\\/noticias\\\/author\\\/admin\\\/#author\"},\"image\":{\"@type\":\"ImageObject\",\"url\":\"https:\\\/\\\/candas365.es\\\/noticias\\\/wp-content\\\/uploads\\\/2015\\\/09\\\/c365noticias.jpg\",\"@id\":\"https:\\\/\\\/candas365.es\\\/noticias\\\/preocupacion-en-alemania-por-manifestacion-de-partidarios-de-erdogan\\\/#mainImage\",\"width\":655,\"height\":360},\"primaryImageOfPage\":{\"@id\":\"https:\\\/\\\/candas365.es\\\/noticias\\\/preocupacion-en-alemania-por-manifestacion-de-partidarios-de-erdogan\\\/#mainImage\"},\"datePublished\":\"2016-07-30T22:30:59+02:00\",\"dateModified\":\"2016-07-30T22:30:59+02:00\"},{\"@type\":\"WebSite\",\"@id\":\"https:\\\/\\\/candas365.es\\\/noticias\\\/#website\",\"url\":\"https:\\\/\\\/candas365.es\\\/noticias\\\/\",\"name\":\"Cand\\u00e1s 365\",\"alternateName\":\"Cand\\u00e1s 365 Noticias\",\"description\":\"Actualidad desde Carre\\u00f1o para el mundo\",\"inLanguage\":\"es-ES\",\"publisher\":{\"@id\":\"https:\\\/\\\/candas365.es\\\/noticias\\\/#organization\"}}]}\n\t\t<\/script>\n\t\t<!-- All in One SEO Pro -->\r\n\t\t<title>Preocupaci\u00f3n en Alemania por manifestaci\u00f3n de partidarios de Erdogan | Cand\u00e1s 365<\/title>\n\n","aioseo_head_json":{"title":"Preocupaci\u00f3n en Alemania por manifestaci\u00f3n de partidarios de Erdogan | Cand\u00e1s 365","description":"Colonia (Alemania), 29 jul (dpa) - La manifestaci\u00f3n convocada para el domingo en la ciudad alemana de Colonia por partidarios del presidente turco, Recep Tayyip Erdogan, desat\u00f3 hoy la pol\u00e9mica y la preocupaci\u00f3n en el pa\u00eds europeo, donde viven cerca de tres millones de personas con ra\u00edces turcas. La Polic\u00eda espera que acudan hasta 30.000","canonical_url":"https:\/\/candas365.es\/noticias\/preocupacion-en-alemania-por-manifestacion-de-partidarios-de-erdogan\/","robots":"max-image-preview:large","keywords":"actualidad","webmasterTools":{"google-site-verification":"UA-32230408-1","msvalidate.01":"354F3CDFB2DA171B47FBE9ABF1F88D5","miscellaneous":""},"schema":{"@context":"https:\/\/schema.org","@graph":[{"@type":"BreadcrumbList","@id":"https:\/\/candas365.es\/noticias\/preocupacion-en-alemania-por-manifestacion-de-partidarios-de-erdogan\/#breadcrumblist","itemListElement":[{"@type":"ListItem","@id":"https:\/\/candas365.es\/noticias#listItem","position":1,"name":"Home","item":"https:\/\/candas365.es\/noticias","nextItem":{"@type":"ListItem","@id":"https:\/\/candas365.es\/noticias\/category\/actualidad\/#listItem","name":"Actualidad"}},{"@type":"ListItem","@id":"https:\/\/candas365.es\/noticias\/category\/actualidad\/#listItem","position":2,"name":"Actualidad","item":"https:\/\/candas365.es\/noticias\/category\/actualidad\/","nextItem":{"@type":"ListItem","@id":"https:\/\/candas365.es\/noticias\/preocupacion-en-alemania-por-manifestacion-de-partidarios-de-erdogan\/#listItem","name":"Preocupaci\u00f3n en Alemania por manifestaci\u00f3n de partidarios de Erdogan"},"previousItem":{"@type":"ListItem","@id":"https:\/\/candas365.es\/noticias#listItem","name":"Home"}},{"@type":"ListItem","@id":"https:\/\/candas365.es\/noticias\/preocupacion-en-alemania-por-manifestacion-de-partidarios-de-erdogan\/#listItem","position":3,"name":"Preocupaci\u00f3n en Alemania por manifestaci\u00f3n de partidarios de Erdogan","previousItem":{"@type":"ListItem","@id":"https:\/\/candas365.es\/noticias\/category\/actualidad\/#listItem","name":"Actualidad"}}]},{"@type":"NewsArticle","@id":"https:\/\/candas365.es\/noticias\/preocupacion-en-alemania-por-manifestacion-de-partidarios-de-erdogan\/#newsarticle","name":"Preocupaci\u00f3n en Alemania por manifestaci\u00f3n de partidarios de Erdogan | Cand\u00e1s 365","headline":"Preocupaci\u00f3n en Alemania por manifestaci\u00f3n de partidarios de Erdogan","author":{"@id":"https:\/\/candas365.es\/noticias\/author\/admin\/#author"},"publisher":{"@id":"https:\/\/candas365.es\/noticias\/#organization"},"image":{"@type":"ImageObject","url":"https:\/\/candas365.es\/noticias\/wp-content\/uploads\/2015\/09\/c365noticias.jpg","width":655,"height":360},"datePublished":"2016-07-30T22:30:59+02:00","dateModified":"2016-07-30T22:30:59+02:00","inLanguage":"es-ES","mainEntityOfPage":{"@id":"https:\/\/candas365.es\/noticias\/preocupacion-en-alemania-por-manifestacion-de-partidarios-de-erdogan\/#webpage"},"isPartOf":{"@id":"https:\/\/candas365.es\/noticias\/preocupacion-en-alemania-por-manifestacion-de-partidarios-de-erdogan\/#webpage"},"articleSection":"Actualidad","dateline":"Publicado el julio 30, 2016."},{"@type":"Organization","@id":"https:\/\/candas365.es\/noticias\/#organization","name":"Cand\u00e1s 365","description":"Cand\u00e1s 365 es un diario digital independiente, fundado en 2012, con base en Asturias. Informamos con rigor sobre actualidad, sociedad, cultura y ocio, con una mirada local y global.","url":"https:\/\/candas365.es\/noticias\/","email":"info@candas365.es","telephone":"+34652131393","foundingDate":"2012-06-10","logo":{"@type":"ImageObject","url":"https:\/\/candas365.es\/noticias\/wp-content\/uploads\/2024\/09\/Candas-365-Redes.jpg","@id":"https:\/\/candas365.es\/noticias\/preocupacion-en-alemania-por-manifestacion-de-partidarios-de-erdogan\/#organizationLogo","width":1152,"height":864,"caption":"Cand\u00e1s 365 Redes"},"image":{"@id":"https:\/\/candas365.es\/noticias\/preocupacion-en-alemania-por-manifestacion-de-partidarios-de-erdogan\/#organizationLogo"},"sameAs":["https:\/\/www.facebook.com\/Nachofdezber","https:\/\/x.com\/NabercoDigital","https:\/\/www.instagram.com\/nachofdezber\/","https:\/\/www.youtube.com\/channel\/UCZP-2wLEB9Rv6erhFmqVnvg"],"address":{"@id":"https:\/\/candas365.es\/noticias\/#postaladdress","@type":"PostalAddress","streetAddress":"san antonio 4, san antonio 4","postalCode":"33430","addressLocality":"Cand\u00e1s","addressRegion":"Asturias","addressCountry":"ES"}},{"@type":"Person","@id":"https:\/\/candas365.es\/noticias\/author\/admin\/#author","url":"https:\/\/candas365.es\/noticias\/author\/admin\/","name":"Cand\u00e1s 365","image":{"@type":"ImageObject","@id":"https:\/\/candas365.es\/noticias\/preocupacion-en-alemania-por-manifestacion-de-partidarios-de-erdogan\/#authorImage","url":"https:\/\/secure.gravatar.com\/avatar\/496a8e03d0c493ede1718b7934145dbdf8d89be1036b0eec9544e1094c9de390?s=96&d=mm&r=g","width":96,"height":96,"caption":"Cand\u00e1s 365"},"sameAs":["https:\/\/www.facebook.com\/carrenoactualidad","https:\/\/twitter.com\/nbasturias","https:\/\/www.instagram.com\/nachofdezber\/","https:\/\/www.youtube.com\/channel\/UCZP-2wLEB9Rv6erhFmqVnvg"]},{"@type":"WebPage","@id":"https:\/\/candas365.es\/noticias\/preocupacion-en-alemania-por-manifestacion-de-partidarios-de-erdogan\/#webpage","url":"https:\/\/candas365.es\/noticias\/preocupacion-en-alemania-por-manifestacion-de-partidarios-de-erdogan\/","name":"Preocupaci\u00f3n en Alemania por manifestaci\u00f3n de partidarios de Erdogan | Cand\u00e1s 365","description":"Colonia (Alemania), 29 jul (dpa) - La manifestaci\u00f3n convocada para el domingo en la ciudad alemana de Colonia por partidarios del presidente turco, Recep Tayyip Erdogan, desat\u00f3 hoy la pol\u00e9mica y la preocupaci\u00f3n en el pa\u00eds europeo, donde viven cerca de tres millones de personas con ra\u00edces turcas. La Polic\u00eda espera que acudan hasta 30.000","inLanguage":"es-ES","isPartOf":{"@id":"https:\/\/candas365.es\/noticias\/#website"},"breadcrumb":{"@id":"https:\/\/candas365.es\/noticias\/preocupacion-en-alemania-por-manifestacion-de-partidarios-de-erdogan\/#breadcrumblist"},"author":{"@id":"https:\/\/candas365.es\/noticias\/author\/admin\/#author"},"creator":{"@id":"https:\/\/candas365.es\/noticias\/author\/admin\/#author"},"image":{"@type":"ImageObject","url":"https:\/\/candas365.es\/noticias\/wp-content\/uploads\/2015\/09\/c365noticias.jpg","@id":"https:\/\/candas365.es\/noticias\/preocupacion-en-alemania-por-manifestacion-de-partidarios-de-erdogan\/#mainImage","width":655,"height":360},"primaryImageOfPage":{"@id":"https:\/\/candas365.es\/noticias\/preocupacion-en-alemania-por-manifestacion-de-partidarios-de-erdogan\/#mainImage"},"datePublished":"2016-07-30T22:30:59+02:00","dateModified":"2016-07-30T22:30:59+02:00"},{"@type":"WebSite","@id":"https:\/\/candas365.es\/noticias\/#website","url":"https:\/\/candas365.es\/noticias\/","name":"Cand\u00e1s 365","alternateName":"Cand\u00e1s 365 Noticias","description":"Actualidad desde Carre\u00f1o para el mundo","inLanguage":"es-ES","publisher":{"@id":"https:\/\/candas365.es\/noticias\/#organization"}}]},"og:locale":"es_ES","og:site_name":"Cand\u00e1s 365","og:type":"article","og:title":"Preocupaci\u00f3n en Alemania por manifestaci\u00f3n de partidarios de Erdogan | Cand\u00e1s 365","og:description":"Colonia (Alemania), 29 jul (dpa) - La manifestaci\u00f3n convocada para el domingo en la ciudad alemana de Colonia por partidarios del presidente turco, Recep Tayyip Erdogan, desat\u00f3 hoy la pol\u00e9mica y la preocupaci\u00f3n en el pa\u00eds europeo, donde viven cerca de tres millones de personas con ra\u00edces turcas. La Polic\u00eda espera que acudan hasta 30.000","og:url":"https:\/\/candas365.es\/noticias\/preocupacion-en-alemania-por-manifestacion-de-partidarios-de-erdogan\/","og:image":"https:\/\/candas365.es\/noticias\/wp-content\/uploads\/2015\/09\/c365noticias.jpg","og:image:secure_url":"https:\/\/candas365.es\/noticias\/wp-content\/uploads\/2015\/09\/c365noticias.jpg","og:image:width":655,"og:image:height":360,"article:published_time":"2016-07-30T21:00:59+00:00","article:modified_time":"2016-07-30T21:00:59+00:00","article:publisher":"https:\/\/www.facebook.com\/Nachofdezber","article:author":"https:\/\/www.facebook.com\/carrenoactualidad","twitter:card":"summary_large_image","twitter:site":"@NabercoDigital","twitter:title":"Preocupaci\u00f3n en Alemania por manifestaci\u00f3n de partidarios de Erdogan | Cand\u00e1s 365","twitter:description":"Colonia (Alemania), 29 jul (dpa) - La manifestaci\u00f3n convocada para el domingo en la ciudad alemana de Colonia por partidarios del presidente turco, Recep Tayyip Erdogan, desat\u00f3 hoy la pol\u00e9mica y la preocupaci\u00f3n en el pa\u00eds europeo, donde viven cerca de tres millones de personas con ra\u00edces turcas. La Polic\u00eda espera que acudan hasta 30.000","twitter:creator":"@nbasturias","twitter:image":"https:\/\/candas365.es\/noticias\/wp-content\/uploads\/2015\/09\/c365noticias.jpg","twitter:label1":"Escrito por","twitter:data1":"Cand\u00e1s 365","twitter:label2":"Tiempo de lectura estimado","twitter:data2":"3 minutos"},"aioseo_meta_data":{"post_id":"32937","title":null,"description":null,"keywords":null,"keyphrases":null,"primary_term":null,"canonical_url":null,"og_title":null,"og_description":null,"og_object_type":"default","og_image_type":"default","og_image_url":null,"og_image_width":null,"og_image_height":null,"og_image_custom_url":null,"og_image_custom_fields":null,"og_video":null,"og_custom_url":null,"og_article_section":null,"og_article_tags":null,"twitter_use_og":false,"twitter_card":"default","twitter_image_type":"default","twitter_image_url":null,"twitter_image_custom_url":null,"twitter_image_custom_fields":null,"twitter_title":null,"twitter_description":null,"schema":{"blockGraphs":[],"customGraphs":[],"default":{"data":{"Article":[],"Course":[],"Dataset":[],"FAQPage":[],"Movie":[],"Person":[],"Product":[],"ProductReview":[],"Car":[],"Recipe":[],"Service":[],"SoftwareApplication":[],"WebPage":[]},"graphName":"","isEnabled":true},"graphs":[],"defaultGraph":"","defaultPostTypeGraph":""},"schema_type":null,"schema_type_options":null,"pillar_content":false,"robots_default":true,"robots_noindex":false,"robots_noarchive":false,"robots_nosnippet":false,"robots_nofollow":false,"robots_noimageindex":false,"robots_noodp":false,"robots_notranslate":false,"robots_max_snippet":null,"robots_max_videopreview":null,"robots_max_imagepreview":"large","priority":null,"frequency":null,"location":null,"local_seo":null,"seo_analyzer_scan_date":"2025-08-24 16:07:14","breadcrumb_settings":null,"limit_modified_date":false,"reviewed_by":null,"open_ai":null,"ai":null,"created":"2020-12-21 13:05:33","updated":"2025-08-24 16:07:14"},"aioseo_breadcrumb":"<div class=\"aioseo-breadcrumbs\"><span class=\"aioseo-breadcrumb\">\n\t<a href=\"https:\/\/candas365.es\/noticias\" title=\"Home\">Home<\/a>\n<\/span><span class=\"aioseo-breadcrumb-separator\">&ndash;<\/span><span class=\"aioseo-breadcrumb\">\n\t<a href=\"https:\/\/candas365.es\/noticias\/category\/actualidad\/\" title=\"Actualidad\">Actualidad<\/a>\n<\/span><span class=\"aioseo-breadcrumb-separator\">&ndash;<\/span><span class=\"aioseo-breadcrumb\">\n\tPreocupaci\u00f3n en Alemania por manifestaci\u00f3n de partidarios de Erdogan\n<\/span><\/div>","aioseo_breadcrumb_json":[{"label":"Home","link":"https:\/\/candas365.es\/noticias"},{"label":"Actualidad","link":"https:\/\/candas365.es\/noticias\/category\/actualidad\/"},{"label":"Preocupaci\u00f3n en Alemania por manifestaci\u00f3n de partidarios de Erdogan","link":"https:\/\/candas365.es\/noticias\/preocupacion-en-alemania-por-manifestacion-de-partidarios-de-erdogan\/"}],"_links":{"self":[{"href":"https:\/\/candas365.es\/noticias\/wp-json\/wp\/v2\/posts\/32937","targetHints":{"allow":["GET"]}}],"collection":[{"href":"https:\/\/candas365.es\/noticias\/wp-json\/wp\/v2\/posts"}],"about":[{"href":"https:\/\/candas365.es\/noticias\/wp-json\/wp\/v2\/types\/post"}],"author":[{"embeddable":true,"href":"https:\/\/candas365.es\/noticias\/wp-json\/wp\/v2\/users\/1"}],"replies":[{"embeddable":true,"href":"https:\/\/candas365.es\/noticias\/wp-json\/wp\/v2\/comments?post=32937"}],"version-history":[{"count":0,"href":"https:\/\/candas365.es\/noticias\/wp-json\/wp\/v2\/posts\/32937\/revisions"}],"wp:featuredmedia":[{"embeddable":true,"href":"https:\/\/candas365.es\/noticias\/wp-json\/wp\/v2\/media\/16457"}],"wp:attachment":[{"href":"https:\/\/candas365.es\/noticias\/wp-json\/wp\/v2\/media?parent=32937"}],"wp:term":[{"taxonomy":"category","embeddable":true,"href":"https:\/\/candas365.es\/noticias\/wp-json\/wp\/v2\/categories?post=32937"},{"taxonomy":"post_tag","embeddable":true,"href":"https:\/\/candas365.es\/noticias\/wp-json\/wp\/v2\/tags?post=32937"}],"curies":[{"name":"wp","href":"https:\/\/api.w.org\/{rel}","templated":true}]}}