{"id":32935,"date":"2016-07-30T22:30:09","date_gmt":"2016-07-30T21:00:09","guid":{"rendered":"http:\/\/candas365.es\/noticias\/?p=32935"},"modified":"2016-07-30T22:30:09","modified_gmt":"2016-07-30T21:00:09","slug":"el-gol-de-wembley-cumple-50-anos","status":"publish","type":"post","link":"https:\/\/candas365.es\/noticias\/el-gol-de-wembley-cumple-50-anos\/","title":{"rendered":"El gol de Wembley cumple 50 a\u00f1os"},"content":{"rendered":"<p>Londres, 29 jul (dpa) &#8211; \u00ab\u00a1No ha entrado! \u00a1No es gol!\u00bb, grit\u00f3 el comentarista Rudi Michel. \u00ab\u00bfO s\u00ed? Habr\u00e1 que ver lo que dice el linier\u00bb, rectific\u00f3 al instante el alem\u00e1n. Era el 30 de julio de 1966 y los casi 100.000 hinchas que asistieron a Wembley contuvieron el aliento durante unos largu\u00edsimos segundos, los que tard\u00f3 el \u00e1rbitro en conceder el gol posiblemente m\u00e1s pol\u00e9mico de la historia del f\u00fatbol.<\/p>\n<p>Ma\u00f1ana se cumplen 50 a\u00f1os del famoso \u00abgol de Wembley\u00bb, el que dio a Inglaterra el \u00fanico t\u00edtulo que brilla en su palmar\u00e9s, el Mundial de 1966.<\/p>\n<p>Poco antes de que el partido llegara al minuto 90, el alem\u00e1n Wolfgang Weber anot\u00f3 el 2-2 que llevar\u00eda el partido a la pr\u00f3rroga. La Reina Isabel II de Inglaterra y alrededor de 97.000 espectadores vieron como el marcador mostraba \u00abEngland 2 Germany W. 2\u00bb.<\/p>\n<p>La historia cambi\u00f3 cuando el ingl\u00e9s Geoff Hurst recibi\u00f3 un pase de Alan Ball en el minuto 101. Acto seguido chut\u00f3, el bal\u00f3n se estrell\u00f3 en la parte inferior del larguero para caer sobre la l\u00ednea de gol y salir disparado hacia fuera.<\/p>\n<p>Los ingleses empezaron a celebrar y los alemanes protestaban. El colegiado suizo del partido, Gottfried Dienst, no supo decidir y tuvo que pedir consejo a su linier. El kazajo Tofiq Bahramov, que ten\u00eda la mejor visi\u00f3n durante la jugada, valid\u00f3 el gol. \u00ab\u00a1Es gol!\u00bb, anunci\u00f3 un emocionado Kenneth Wolstenholme, comentarista ingl\u00e9s de la \u00abBBC\u00bb.<\/p>\n<p>Cincuenta a\u00f1os despu\u00e9s, el autor del gol sigue convencido. \u00abEl bal\u00f3n entr\u00f3\u00bb, dijo Hurst. \u00abYo ten\u00eda la peor visi\u00f3n en todo el estadio. Me hab\u00eda ca\u00eddo y mir\u00e9 por encima del hombro. El bal\u00f3n cay\u00f3 justo detr\u00e1s del arquero Hans Tilkowski\u00bb, record\u00f3 el ex futbolista en una columna para el diario \u00abThe Daily Mail\u00bb.<\/p>\n<p>La im\u00e1genes dicen que el bal\u00f3n nunca se encontr\u00f3 al cien por ciento por detr\u00e1s de la l\u00ednea de gol. No obstante, en Inglaterra se ense\u00f1a una imagen en la que parece que la pelota s\u00ed sobrepas\u00f3 la l\u00ednea. \u00abDespu\u00e9s de tanto tiempo, estoy seguro de que el bal\u00f3n no entr\u00f3\u00bb, dijo Tilkowski en una entrevista con \u00abSport Bild\u00bb. \u00abPara eso no necesito ning\u00fan video, fue muy claro\u00bb, a\u00f1adi\u00f3.<\/p>\n<p>\u00abTodos sabemos que no fue gol\u00bb, asegur\u00f3 Uwe Seeler, el capit\u00e1n alem\u00e1n de la final. \u00abDienst era un \u00e1rbitro de primera clase. No s\u00e9 qu\u00e9 le pas\u00f3. Pero no podemos enfadarnos con los ingleses. Si hubiera sido al rev\u00e9s tambi\u00e9n lo hubi\u00e9ramos celebrado\u00bb, a\u00f1adi\u00f3.<\/p>\n<p>Alemania tambi\u00e9n se quej\u00f3 por el cuarto y definitivo gol, que lleg\u00f3 en el minuto 120 otra vez por medio de Hurst. Los aficionados ingleses invadieron el c\u00e9sped antes de que llegara el tanto. \u00abSe creen que ya ha acabado\u00bb, dijo el comentarista Wolstenholme en la BBC para poco despu\u00e9s celebrar el gol que significaba el primer mundial de Inglaterra.<\/p>\n<p>La final de 1966 no pas\u00f3 a la historia s\u00f3lo por el famoso \u00abgol de Wembley\u00bb, sino tambi\u00e9n porque ha sido la \u00fanica gran victoria de los \u00abpross\u00bb. \u00abSi alguien nos hubiera dicho que despu\u00e9s de 50 a\u00f1os no \u00edbamos a ganar nada m\u00e1s, nos hubi\u00e9ramos sorprendido\u00bb, dijo Greg Dyke, ex presidente de la asociaci\u00f3n de f\u00fatbol inglesa poco antes de la eliminaci\u00f3n contra Islandia en la Eurocopa de Francia.<\/p>\n<p>Los ingleses todav\u00eda sue\u00f1an con aquella gran final que les coron\u00f3 como los reyes del f\u00fatbol. La \u00abBBC\u00bb ha organizado una gran fiesta tem\u00e1tica al lado del hist\u00f3rico estadio londinense \u00abpara fortalecer a los fans ingleses despu\u00e9s de otro decepcionante torneo\u00bb.<\/p>\n<p>Por otro lado, a los alemanes no les gusta recordar esa final. Alemania ha vivido desde entonces muchos \u00e9xitos futbol\u00edsticos, el m\u00e1s reciente en el Mundial de 2014, donde se proclam\u00f3 por cuarta vez campeones del mundo.<\/p>\n<p>En el pa\u00eds germano el 50 aniversario de la final solamente ser\u00e1 recordado con una exposici\u00f3n fotogr\u00e1fica en Dortmund, que ser\u00e1 inaugurada el domingo con la presencia de Seeler y Tilkowski, entre otros. No se podr\u00e1 esperar mucha discusi\u00f3n, ya que el punto de vista alem\u00e1n es bastante claro: \u00ab\u00a1No ha entrado! \u00a1No es gol!\u00bb.<\/p>\n<p>Por Philip Dethlefs <\/p>\n","protected":false},"excerpt":{"rendered":"<p>Londres, 29 jul (dpa) &#8211; \u00ab\u00a1No ha entrado! \u00a1No es gol!\u00bb, grit\u00f3 el comentarista Rudi Michel. \u00ab\u00bfO s\u00ed? Habr\u00e1 que ver lo que dice el linier\u00bb, rectific\u00f3 al instante el alem\u00e1n. Era el 30 de julio de 1966 y los casi 100.000 hinchas que asistieron a Wembley contuvieron el aliento durante unos largu\u00edsimos segundos, los<\/p>\n","protected":false},"author":1,"featured_media":16457,"comment_status":"closed","ping_status":"closed","sticky":false,"template":"","format":"standard","meta":{"footnotes":""},"categories":[343],"tags":[],"class_list":{"0":"post-32935","1":"post","2":"type-post","3":"status-publish","4":"format-standard","5":"has-post-thumbnail","7":"category-actualidad"},"aioseo_notices":[],"aioseo_head":"\n\t\t<!-- All in One SEO Pro 4.9.6.2 - aioseo.com -->\n\t<meta name=\"description\" content=\"Londres, 29 jul (dpa) - &quot;\u00a1No ha entrado! \u00a1No es gol!&quot;, grit\u00f3 el comentarista Rudi Michel. &quot;\u00bfO s\u00ed? Habr\u00e1 que ver lo que dice el linier&quot;, rectific\u00f3 al instante el alem\u00e1n. Era el 30 de julio de 1966 y los casi 100.000 hinchas que asistieron a Wembley contuvieron el aliento durante unos largu\u00edsimos segundos, los\" \/>\n\t<meta name=\"robots\" content=\"max-image-preview:large\" \/>\n\t<meta name=\"author\" content=\"Cand\u00e1s 365\"\/>\n\t<meta name=\"google-site-verification\" content=\"UA-32230408-1\" \/>\n\t<meta name=\"msvalidate.01\" content=\"354F3CDFB2DA171B47FBE9ABF1F88D5\" \/>\n\t<meta name=\"keywords\" content=\"actualidad\" \/>\n\t<link rel=\"canonical\" href=\"https:\/\/candas365.es\/noticias\/el-gol-de-wembley-cumple-50-anos\/\" \/>\n\t<meta name=\"generator\" content=\"All in One SEO Pro (AIOSEO) 4.9.6.2\" \/>\n\t\t<meta property=\"og:locale\" content=\"es_ES\" \/>\n\t\t<meta property=\"og:site_name\" content=\"Cand\u00e1s 365\" \/>\n\t\t<meta property=\"og:type\" content=\"article\" \/>\n\t\t<meta property=\"og:title\" content=\"El gol de Wembley cumple 50 a\u00f1os | Cand\u00e1s 365\" \/>\n\t\t<meta property=\"og:description\" content=\"Londres, 29 jul (dpa) - &quot;\u00a1No ha entrado! \u00a1No es gol!&quot;, grit\u00f3 el comentarista Rudi Michel. &quot;\u00bfO s\u00ed? Habr\u00e1 que ver lo que dice el linier&quot;, rectific\u00f3 al instante el alem\u00e1n. Era el 30 de julio de 1966 y los casi 100.000 hinchas que asistieron a Wembley contuvieron el aliento durante unos largu\u00edsimos segundos, los\" \/>\n\t\t<meta property=\"og:url\" content=\"https:\/\/candas365.es\/noticias\/el-gol-de-wembley-cumple-50-anos\/\" \/>\n\t\t<meta property=\"og:image\" content=\"https:\/\/candas365.es\/noticias\/wp-content\/uploads\/2015\/09\/c365noticias.jpg\" \/>\n\t\t<meta property=\"og:image:secure_url\" content=\"https:\/\/candas365.es\/noticias\/wp-content\/uploads\/2015\/09\/c365noticias.jpg\" \/>\n\t\t<meta property=\"og:image:width\" content=\"655\" \/>\n\t\t<meta property=\"og:image:height\" content=\"360\" \/>\n\t\t<meta property=\"article:published_time\" content=\"2016-07-30T21:00:09+00:00\" \/>\n\t\t<meta property=\"article:modified_time\" content=\"2016-07-30T21:00:09+00:00\" \/>\n\t\t<meta property=\"article:publisher\" content=\"https:\/\/www.facebook.com\/Nachofdezber\" \/>\n\t\t<meta property=\"article:author\" content=\"https:\/\/www.facebook.com\/carrenoactualidad\" \/>\n\t\t<meta name=\"twitter:card\" content=\"summary_large_image\" \/>\n\t\t<meta name=\"twitter:site\" content=\"@NabercoDigital\" \/>\n\t\t<meta name=\"twitter:title\" content=\"El gol de Wembley cumple 50 a\u00f1os | Cand\u00e1s 365\" \/>\n\t\t<meta name=\"twitter:description\" content=\"Londres, 29 jul (dpa) - &quot;\u00a1No ha entrado! \u00a1No es gol!&quot;, grit\u00f3 el comentarista Rudi Michel. &quot;\u00bfO s\u00ed? Habr\u00e1 que ver lo que dice el linier&quot;, rectific\u00f3 al instante el alem\u00e1n. Era el 30 de julio de 1966 y los casi 100.000 hinchas que asistieron a Wembley contuvieron el aliento durante unos largu\u00edsimos segundos, los\" \/>\n\t\t<meta name=\"twitter:creator\" content=\"@nbasturias\" \/>\n\t\t<meta name=\"twitter:image\" content=\"https:\/\/candas365.es\/noticias\/wp-content\/uploads\/2015\/09\/c365noticias.jpg\" \/>\n\t\t<meta name=\"twitter:label1\" content=\"Escrito por\" \/>\n\t\t<meta name=\"twitter:data1\" content=\"Cand\u00e1s 365\" \/>\n\t\t<meta name=\"twitter:label2\" content=\"Tiempo de lectura estimado\" \/>\n\t\t<meta name=\"twitter:data2\" content=\"4 minutos\" \/>\n\t\t<script type=\"application\/ld+json\" class=\"aioseo-schema\">\n\t\t\t{\"@context\":\"https:\\\/\\\/schema.org\",\"@graph\":[{\"@type\":\"BreadcrumbList\",\"@id\":\"https:\\\/\\\/candas365.es\\\/noticias\\\/el-gol-de-wembley-cumple-50-anos\\\/#breadcrumblist\",\"itemListElement\":[{\"@type\":\"ListItem\",\"@id\":\"https:\\\/\\\/candas365.es\\\/noticias#listItem\",\"position\":1,\"name\":\"Home\",\"item\":\"https:\\\/\\\/candas365.es\\\/noticias\",\"nextItem\":{\"@type\":\"ListItem\",\"@id\":\"https:\\\/\\\/candas365.es\\\/noticias\\\/category\\\/actualidad\\\/#listItem\",\"name\":\"Actualidad\"}},{\"@type\":\"ListItem\",\"@id\":\"https:\\\/\\\/candas365.es\\\/noticias\\\/category\\\/actualidad\\\/#listItem\",\"position\":2,\"name\":\"Actualidad\",\"item\":\"https:\\\/\\\/candas365.es\\\/noticias\\\/category\\\/actualidad\\\/\",\"nextItem\":{\"@type\":\"ListItem\",\"@id\":\"https:\\\/\\\/candas365.es\\\/noticias\\\/el-gol-de-wembley-cumple-50-anos\\\/#listItem\",\"name\":\"El gol de Wembley cumple 50 a\\u00f1os\"},\"previousItem\":{\"@type\":\"ListItem\",\"@id\":\"https:\\\/\\\/candas365.es\\\/noticias#listItem\",\"name\":\"Home\"}},{\"@type\":\"ListItem\",\"@id\":\"https:\\\/\\\/candas365.es\\\/noticias\\\/el-gol-de-wembley-cumple-50-anos\\\/#listItem\",\"position\":3,\"name\":\"El gol de Wembley cumple 50 a\\u00f1os\",\"previousItem\":{\"@type\":\"ListItem\",\"@id\":\"https:\\\/\\\/candas365.es\\\/noticias\\\/category\\\/actualidad\\\/#listItem\",\"name\":\"Actualidad\"}}]},{\"@type\":\"NewsArticle\",\"@id\":\"https:\\\/\\\/candas365.es\\\/noticias\\\/el-gol-de-wembley-cumple-50-anos\\\/#newsarticle\",\"name\":\"El gol de Wembley cumple 50 a\\u00f1os | Cand\\u00e1s 365\",\"headline\":\"El gol de Wembley cumple 50 a\\u00f1os\",\"author\":{\"@id\":\"https:\\\/\\\/candas365.es\\\/noticias\\\/author\\\/admin\\\/#author\"},\"publisher\":{\"@id\":\"https:\\\/\\\/candas365.es\\\/noticias\\\/#organization\"},\"image\":{\"@type\":\"ImageObject\",\"url\":\"https:\\\/\\\/candas365.es\\\/noticias\\\/wp-content\\\/uploads\\\/2015\\\/09\\\/c365noticias.jpg\",\"width\":655,\"height\":360},\"datePublished\":\"2016-07-30T22:30:09+02:00\",\"dateModified\":\"2016-07-30T22:30:09+02:00\",\"inLanguage\":\"es-ES\",\"mainEntityOfPage\":{\"@id\":\"https:\\\/\\\/candas365.es\\\/noticias\\\/el-gol-de-wembley-cumple-50-anos\\\/#webpage\"},\"isPartOf\":{\"@id\":\"https:\\\/\\\/candas365.es\\\/noticias\\\/el-gol-de-wembley-cumple-50-anos\\\/#webpage\"},\"articleSection\":\"Actualidad\",\"dateline\":\"Publicado el julio 30, 2016.\"},{\"@type\":\"Organization\",\"@id\":\"https:\\\/\\\/candas365.es\\\/noticias\\\/#organization\",\"name\":\"Cand\\u00e1s 365\",\"description\":\"Cand\\u00e1s 365 es un diario digital independiente, fundado en 2012, con base en Asturias. Informamos con rigor sobre actualidad, sociedad, cultura y ocio, con una mirada local y global.\",\"url\":\"https:\\\/\\\/candas365.es\\\/noticias\\\/\",\"email\":\"info@candas365.es\",\"telephone\":\"+34652131393\",\"foundingDate\":\"2012-06-10\",\"logo\":{\"@type\":\"ImageObject\",\"url\":\"https:\\\/\\\/candas365.es\\\/noticias\\\/wp-content\\\/uploads\\\/2024\\\/09\\\/Candas-365-Redes.jpg\",\"@id\":\"https:\\\/\\\/candas365.es\\\/noticias\\\/el-gol-de-wembley-cumple-50-anos\\\/#organizationLogo\",\"width\":1152,\"height\":864,\"caption\":\"Cand\\u00e1s 365 Redes\"},\"image\":{\"@id\":\"https:\\\/\\\/candas365.es\\\/noticias\\\/el-gol-de-wembley-cumple-50-anos\\\/#organizationLogo\"},\"sameAs\":[\"https:\\\/\\\/www.facebook.com\\\/Nachofdezber\",\"https:\\\/\\\/x.com\\\/NabercoDigital\",\"https:\\\/\\\/www.instagram.com\\\/nachofdezber\\\/\",\"https:\\\/\\\/www.youtube.com\\\/channel\\\/UCZP-2wLEB9Rv6erhFmqVnvg\"],\"address\":{\"@id\":\"https:\\\/\\\/candas365.es\\\/noticias\\\/#postaladdress\",\"@type\":\"PostalAddress\",\"streetAddress\":\"san antonio 4, san antonio 4\",\"postalCode\":\"33430\",\"addressLocality\":\"Cand\\u00e1s\",\"addressRegion\":\"Asturias\",\"addressCountry\":\"ES\"}},{\"@type\":\"Person\",\"@id\":\"https:\\\/\\\/candas365.es\\\/noticias\\\/author\\\/admin\\\/#author\",\"url\":\"https:\\\/\\\/candas365.es\\\/noticias\\\/author\\\/admin\\\/\",\"name\":\"Cand\\u00e1s 365\",\"image\":{\"@type\":\"ImageObject\",\"@id\":\"https:\\\/\\\/candas365.es\\\/noticias\\\/el-gol-de-wembley-cumple-50-anos\\\/#authorImage\",\"url\":\"https:\\\/\\\/secure.gravatar.com\\\/avatar\\\/496a8e03d0c493ede1718b7934145dbdf8d89be1036b0eec9544e1094c9de390?s=96&d=mm&r=g\",\"width\":96,\"height\":96,\"caption\":\"Cand\\u00e1s 365\"},\"sameAs\":[\"https:\\\/\\\/www.facebook.com\\\/carrenoactualidad\",\"https:\\\/\\\/twitter.com\\\/nbasturias\",\"https:\\\/\\\/www.instagram.com\\\/nachofdezber\\\/\",\"https:\\\/\\\/www.youtube.com\\\/channel\\\/UCZP-2wLEB9Rv6erhFmqVnvg\"]},{\"@type\":\"WebPage\",\"@id\":\"https:\\\/\\\/candas365.es\\\/noticias\\\/el-gol-de-wembley-cumple-50-anos\\\/#webpage\",\"url\":\"https:\\\/\\\/candas365.es\\\/noticias\\\/el-gol-de-wembley-cumple-50-anos\\\/\",\"name\":\"El gol de Wembley cumple 50 a\\u00f1os | Cand\\u00e1s 365\",\"description\":\"Londres, 29 jul (dpa) - \\\"\\u00a1No ha entrado! \\u00a1No es gol!\\\", grit\\u00f3 el comentarista Rudi Michel. \\\"\\u00bfO s\\u00ed? Habr\\u00e1 que ver lo que dice el linier\\\", rectific\\u00f3 al instante el alem\\u00e1n. Era el 30 de julio de 1966 y los casi 100.000 hinchas que asistieron a Wembley contuvieron el aliento durante unos largu\\u00edsimos segundos, los\",\"inLanguage\":\"es-ES\",\"isPartOf\":{\"@id\":\"https:\\\/\\\/candas365.es\\\/noticias\\\/#website\"},\"breadcrumb\":{\"@id\":\"https:\\\/\\\/candas365.es\\\/noticias\\\/el-gol-de-wembley-cumple-50-anos\\\/#breadcrumblist\"},\"author\":{\"@id\":\"https:\\\/\\\/candas365.es\\\/noticias\\\/author\\\/admin\\\/#author\"},\"creator\":{\"@id\":\"https:\\\/\\\/candas365.es\\\/noticias\\\/author\\\/admin\\\/#author\"},\"image\":{\"@type\":\"ImageObject\",\"url\":\"https:\\\/\\\/candas365.es\\\/noticias\\\/wp-content\\\/uploads\\\/2015\\\/09\\\/c365noticias.jpg\",\"@id\":\"https:\\\/\\\/candas365.es\\\/noticias\\\/el-gol-de-wembley-cumple-50-anos\\\/#mainImage\",\"width\":655,\"height\":360},\"primaryImageOfPage\":{\"@id\":\"https:\\\/\\\/candas365.es\\\/noticias\\\/el-gol-de-wembley-cumple-50-anos\\\/#mainImage\"},\"datePublished\":\"2016-07-30T22:30:09+02:00\",\"dateModified\":\"2016-07-30T22:30:09+02:00\"},{\"@type\":\"WebSite\",\"@id\":\"https:\\\/\\\/candas365.es\\\/noticias\\\/#website\",\"url\":\"https:\\\/\\\/candas365.es\\\/noticias\\\/\",\"name\":\"Cand\\u00e1s 365\",\"alternateName\":\"Cand\\u00e1s 365 Noticias\",\"description\":\"Actualidad desde Carre\\u00f1o para el mundo\",\"inLanguage\":\"es-ES\",\"publisher\":{\"@id\":\"https:\\\/\\\/candas365.es\\\/noticias\\\/#organization\"}}]}\n\t\t<\/script>\n\t\t<!-- All in One SEO Pro -->\r\n\t\t<title>El gol de Wembley cumple 50 a\u00f1os | Cand\u00e1s 365<\/title>\n\n","aioseo_head_json":{"title":"El gol de Wembley cumple 50 a\u00f1os | Cand\u00e1s 365","description":"Londres, 29 jul (dpa) - \"\u00a1No ha entrado! \u00a1No es gol!\", grit\u00f3 el comentarista Rudi Michel. \"\u00bfO s\u00ed? Habr\u00e1 que ver lo que dice el linier\", rectific\u00f3 al instante el alem\u00e1n. Era el 30 de julio de 1966 y los casi 100.000 hinchas que asistieron a Wembley contuvieron el aliento durante unos largu\u00edsimos segundos, los","canonical_url":"https:\/\/candas365.es\/noticias\/el-gol-de-wembley-cumple-50-anos\/","robots":"max-image-preview:large","keywords":"actualidad","webmasterTools":{"google-site-verification":"UA-32230408-1","msvalidate.01":"354F3CDFB2DA171B47FBE9ABF1F88D5","miscellaneous":""},"schema":{"@context":"https:\/\/schema.org","@graph":[{"@type":"BreadcrumbList","@id":"https:\/\/candas365.es\/noticias\/el-gol-de-wembley-cumple-50-anos\/#breadcrumblist","itemListElement":[{"@type":"ListItem","@id":"https:\/\/candas365.es\/noticias#listItem","position":1,"name":"Home","item":"https:\/\/candas365.es\/noticias","nextItem":{"@type":"ListItem","@id":"https:\/\/candas365.es\/noticias\/category\/actualidad\/#listItem","name":"Actualidad"}},{"@type":"ListItem","@id":"https:\/\/candas365.es\/noticias\/category\/actualidad\/#listItem","position":2,"name":"Actualidad","item":"https:\/\/candas365.es\/noticias\/category\/actualidad\/","nextItem":{"@type":"ListItem","@id":"https:\/\/candas365.es\/noticias\/el-gol-de-wembley-cumple-50-anos\/#listItem","name":"El gol de Wembley cumple 50 a\u00f1os"},"previousItem":{"@type":"ListItem","@id":"https:\/\/candas365.es\/noticias#listItem","name":"Home"}},{"@type":"ListItem","@id":"https:\/\/candas365.es\/noticias\/el-gol-de-wembley-cumple-50-anos\/#listItem","position":3,"name":"El gol de Wembley cumple 50 a\u00f1os","previousItem":{"@type":"ListItem","@id":"https:\/\/candas365.es\/noticias\/category\/actualidad\/#listItem","name":"Actualidad"}}]},{"@type":"NewsArticle","@id":"https:\/\/candas365.es\/noticias\/el-gol-de-wembley-cumple-50-anos\/#newsarticle","name":"El gol de Wembley cumple 50 a\u00f1os | Cand\u00e1s 365","headline":"El gol de Wembley cumple 50 a\u00f1os","author":{"@id":"https:\/\/candas365.es\/noticias\/author\/admin\/#author"},"publisher":{"@id":"https:\/\/candas365.es\/noticias\/#organization"},"image":{"@type":"ImageObject","url":"https:\/\/candas365.es\/noticias\/wp-content\/uploads\/2015\/09\/c365noticias.jpg","width":655,"height":360},"datePublished":"2016-07-30T22:30:09+02:00","dateModified":"2016-07-30T22:30:09+02:00","inLanguage":"es-ES","mainEntityOfPage":{"@id":"https:\/\/candas365.es\/noticias\/el-gol-de-wembley-cumple-50-anos\/#webpage"},"isPartOf":{"@id":"https:\/\/candas365.es\/noticias\/el-gol-de-wembley-cumple-50-anos\/#webpage"},"articleSection":"Actualidad","dateline":"Publicado el julio 30, 2016."},{"@type":"Organization","@id":"https:\/\/candas365.es\/noticias\/#organization","name":"Cand\u00e1s 365","description":"Cand\u00e1s 365 es un diario digital independiente, fundado en 2012, con base en Asturias. Informamos con rigor sobre actualidad, sociedad, cultura y ocio, con una mirada local y global.","url":"https:\/\/candas365.es\/noticias\/","email":"info@candas365.es","telephone":"+34652131393","foundingDate":"2012-06-10","logo":{"@type":"ImageObject","url":"https:\/\/candas365.es\/noticias\/wp-content\/uploads\/2024\/09\/Candas-365-Redes.jpg","@id":"https:\/\/candas365.es\/noticias\/el-gol-de-wembley-cumple-50-anos\/#organizationLogo","width":1152,"height":864,"caption":"Cand\u00e1s 365 Redes"},"image":{"@id":"https:\/\/candas365.es\/noticias\/el-gol-de-wembley-cumple-50-anos\/#organizationLogo"},"sameAs":["https:\/\/www.facebook.com\/Nachofdezber","https:\/\/x.com\/NabercoDigital","https:\/\/www.instagram.com\/nachofdezber\/","https:\/\/www.youtube.com\/channel\/UCZP-2wLEB9Rv6erhFmqVnvg"],"address":{"@id":"https:\/\/candas365.es\/noticias\/#postaladdress","@type":"PostalAddress","streetAddress":"san antonio 4, san antonio 4","postalCode":"33430","addressLocality":"Cand\u00e1s","addressRegion":"Asturias","addressCountry":"ES"}},{"@type":"Person","@id":"https:\/\/candas365.es\/noticias\/author\/admin\/#author","url":"https:\/\/candas365.es\/noticias\/author\/admin\/","name":"Cand\u00e1s 365","image":{"@type":"ImageObject","@id":"https:\/\/candas365.es\/noticias\/el-gol-de-wembley-cumple-50-anos\/#authorImage","url":"https:\/\/secure.gravatar.com\/avatar\/496a8e03d0c493ede1718b7934145dbdf8d89be1036b0eec9544e1094c9de390?s=96&d=mm&r=g","width":96,"height":96,"caption":"Cand\u00e1s 365"},"sameAs":["https:\/\/www.facebook.com\/carrenoactualidad","https:\/\/twitter.com\/nbasturias","https:\/\/www.instagram.com\/nachofdezber\/","https:\/\/www.youtube.com\/channel\/UCZP-2wLEB9Rv6erhFmqVnvg"]},{"@type":"WebPage","@id":"https:\/\/candas365.es\/noticias\/el-gol-de-wembley-cumple-50-anos\/#webpage","url":"https:\/\/candas365.es\/noticias\/el-gol-de-wembley-cumple-50-anos\/","name":"El gol de Wembley cumple 50 a\u00f1os | Cand\u00e1s 365","description":"Londres, 29 jul (dpa) - \"\u00a1No ha entrado! \u00a1No es gol!\", grit\u00f3 el comentarista Rudi Michel. \"\u00bfO s\u00ed? Habr\u00e1 que ver lo que dice el linier\", rectific\u00f3 al instante el alem\u00e1n. Era el 30 de julio de 1966 y los casi 100.000 hinchas que asistieron a Wembley contuvieron el aliento durante unos largu\u00edsimos segundos, los","inLanguage":"es-ES","isPartOf":{"@id":"https:\/\/candas365.es\/noticias\/#website"},"breadcrumb":{"@id":"https:\/\/candas365.es\/noticias\/el-gol-de-wembley-cumple-50-anos\/#breadcrumblist"},"author":{"@id":"https:\/\/candas365.es\/noticias\/author\/admin\/#author"},"creator":{"@id":"https:\/\/candas365.es\/noticias\/author\/admin\/#author"},"image":{"@type":"ImageObject","url":"https:\/\/candas365.es\/noticias\/wp-content\/uploads\/2015\/09\/c365noticias.jpg","@id":"https:\/\/candas365.es\/noticias\/el-gol-de-wembley-cumple-50-anos\/#mainImage","width":655,"height":360},"primaryImageOfPage":{"@id":"https:\/\/candas365.es\/noticias\/el-gol-de-wembley-cumple-50-anos\/#mainImage"},"datePublished":"2016-07-30T22:30:09+02:00","dateModified":"2016-07-30T22:30:09+02:00"},{"@type":"WebSite","@id":"https:\/\/candas365.es\/noticias\/#website","url":"https:\/\/candas365.es\/noticias\/","name":"Cand\u00e1s 365","alternateName":"Cand\u00e1s 365 Noticias","description":"Actualidad desde Carre\u00f1o para el mundo","inLanguage":"es-ES","publisher":{"@id":"https:\/\/candas365.es\/noticias\/#organization"}}]},"og:locale":"es_ES","og:site_name":"Cand\u00e1s 365","og:type":"article","og:title":"El gol de Wembley cumple 50 a\u00f1os | Cand\u00e1s 365","og:description":"Londres, 29 jul (dpa) - &quot;\u00a1No ha entrado! \u00a1No es gol!&quot;, grit\u00f3 el comentarista Rudi Michel. &quot;\u00bfO s\u00ed? Habr\u00e1 que ver lo que dice el linier&quot;, rectific\u00f3 al instante el alem\u00e1n. Era el 30 de julio de 1966 y los casi 100.000 hinchas que asistieron a Wembley contuvieron el aliento durante unos largu\u00edsimos segundos, los","og:url":"https:\/\/candas365.es\/noticias\/el-gol-de-wembley-cumple-50-anos\/","og:image":"https:\/\/candas365.es\/noticias\/wp-content\/uploads\/2015\/09\/c365noticias.jpg","og:image:secure_url":"https:\/\/candas365.es\/noticias\/wp-content\/uploads\/2015\/09\/c365noticias.jpg","og:image:width":655,"og:image:height":360,"article:published_time":"2016-07-30T21:00:09+00:00","article:modified_time":"2016-07-30T21:00:09+00:00","article:publisher":"https:\/\/www.facebook.com\/Nachofdezber","article:author":"https:\/\/www.facebook.com\/carrenoactualidad","twitter:card":"summary_large_image","twitter:site":"@NabercoDigital","twitter:title":"El gol de Wembley cumple 50 a\u00f1os | Cand\u00e1s 365","twitter:description":"Londres, 29 jul (dpa) - &quot;\u00a1No ha entrado! \u00a1No es gol!&quot;, grit\u00f3 el comentarista Rudi Michel. &quot;\u00bfO s\u00ed? Habr\u00e1 que ver lo que dice el linier&quot;, rectific\u00f3 al instante el alem\u00e1n. Era el 30 de julio de 1966 y los casi 100.000 hinchas que asistieron a Wembley contuvieron el aliento durante unos largu\u00edsimos segundos, los","twitter:creator":"@nbasturias","twitter:image":"https:\/\/candas365.es\/noticias\/wp-content\/uploads\/2015\/09\/c365noticias.jpg","twitter:label1":"Escrito por","twitter:data1":"Cand\u00e1s 365","twitter:label2":"Tiempo de lectura estimado","twitter:data2":"4 minutos"},"aioseo_meta_data":{"post_id":"32935","title":null,"description":null,"keywords":null,"keyphrases":null,"primary_term":null,"canonical_url":null,"og_title":null,"og_description":null,"og_object_type":"default","og_image_type":"default","og_image_url":null,"og_image_width":null,"og_image_height":null,"og_image_custom_url":null,"og_image_custom_fields":null,"og_video":null,"og_custom_url":null,"og_article_section":null,"og_article_tags":null,"twitter_use_og":false,"twitter_card":"default","twitter_image_type":"default","twitter_image_url":null,"twitter_image_custom_url":null,"twitter_image_custom_fields":null,"twitter_title":null,"twitter_description":null,"schema":{"blockGraphs":[],"customGraphs":[],"default":{"data":{"Article":[],"Course":[],"Dataset":[],"FAQPage":[],"Movie":[],"Person":[],"Product":[],"ProductReview":[],"Car":[],"Recipe":[],"Service":[],"SoftwareApplication":[],"WebPage":[]},"graphName":"","isEnabled":true},"graphs":[],"defaultGraph":"","defaultPostTypeGraph":""},"schema_type":null,"schema_type_options":null,"pillar_content":false,"robots_default":true,"robots_noindex":false,"robots_noarchive":false,"robots_nosnippet":false,"robots_nofollow":false,"robots_noimageindex":false,"robots_noodp":false,"robots_notranslate":false,"robots_max_snippet":null,"robots_max_videopreview":null,"robots_max_imagepreview":"large","priority":null,"frequency":null,"location":null,"local_seo":null,"seo_analyzer_scan_date":"2025-08-24 16:07:13","breadcrumb_settings":null,"limit_modified_date":false,"reviewed_by":null,"open_ai":null,"ai":null,"created":"2020-12-21 13:05:33","updated":"2025-08-24 16:07:13"},"aioseo_breadcrumb":"<div class=\"aioseo-breadcrumbs\"><span class=\"aioseo-breadcrumb\">\n\t<a href=\"https:\/\/candas365.es\/noticias\" title=\"Home\">Home<\/a>\n<\/span><span class=\"aioseo-breadcrumb-separator\">&ndash;<\/span><span class=\"aioseo-breadcrumb\">\n\t<a href=\"https:\/\/candas365.es\/noticias\/category\/actualidad\/\" title=\"Actualidad\">Actualidad<\/a>\n<\/span><span class=\"aioseo-breadcrumb-separator\">&ndash;<\/span><span class=\"aioseo-breadcrumb\">\n\tEl gol de Wembley cumple 50 a\u00f1os\n<\/span><\/div>","aioseo_breadcrumb_json":[{"label":"Home","link":"https:\/\/candas365.es\/noticias"},{"label":"Actualidad","link":"https:\/\/candas365.es\/noticias\/category\/actualidad\/"},{"label":"El gol de Wembley cumple 50 a\u00f1os","link":"https:\/\/candas365.es\/noticias\/el-gol-de-wembley-cumple-50-anos\/"}],"_links":{"self":[{"href":"https:\/\/candas365.es\/noticias\/wp-json\/wp\/v2\/posts\/32935","targetHints":{"allow":["GET"]}}],"collection":[{"href":"https:\/\/candas365.es\/noticias\/wp-json\/wp\/v2\/posts"}],"about":[{"href":"https:\/\/candas365.es\/noticias\/wp-json\/wp\/v2\/types\/post"}],"author":[{"embeddable":true,"href":"https:\/\/candas365.es\/noticias\/wp-json\/wp\/v2\/users\/1"}],"replies":[{"embeddable":true,"href":"https:\/\/candas365.es\/noticias\/wp-json\/wp\/v2\/comments?post=32935"}],"version-history":[{"count":0,"href":"https:\/\/candas365.es\/noticias\/wp-json\/wp\/v2\/posts\/32935\/revisions"}],"wp:featuredmedia":[{"embeddable":true,"href":"https:\/\/candas365.es\/noticias\/wp-json\/wp\/v2\/media\/16457"}],"wp:attachment":[{"href":"https:\/\/candas365.es\/noticias\/wp-json\/wp\/v2\/media?parent=32935"}],"wp:term":[{"taxonomy":"category","embeddable":true,"href":"https:\/\/candas365.es\/noticias\/wp-json\/wp\/v2\/categories?post=32935"},{"taxonomy":"post_tag","embeddable":true,"href":"https:\/\/candas365.es\/noticias\/wp-json\/wp\/v2\/tags?post=32935"}],"curies":[{"name":"wp","href":"https:\/\/api.w.org\/{rel}","templated":true}]}}