{"id":32907,"date":"2016-07-30T00:12:24","date_gmt":"2016-07-29T22:42:24","guid":{"rendered":"http:\/\/candas365.es\/noticias\/?p=32907"},"modified":"2016-07-30T00:12:24","modified_gmt":"2016-07-29T22:42:24","slug":"schweinsteiger-dice-adios-a-la-seleccion-alemana-de-futbol","status":"publish","type":"post","link":"https:\/\/candas365.es\/noticias\/schweinsteiger-dice-adios-a-la-seleccion-alemana-de-futbol\/","title":{"rendered":"Schweinsteiger dice adi\u00f3s a la selecci\u00f3n alemana de f\u00fatbol"},"content":{"rendered":"<p><img fetchpriority=\"high\" decoding=\"async\" class=\"alignleft size-medium wp-image-32908\" src=\"https:\/\/candas365.es\/noticias\/wp-content\/uploads\/2016\/07\/Bastian-360x198.jpg\" alt=\"Bastian\" width=\"360\" height=\"198\" srcset=\"https:\/\/candas365.es\/noticias\/wp-content\/uploads\/2016\/07\/Bastian-360x198.jpg 360w, https:\/\/candas365.es\/noticias\/wp-content\/uploads\/2016\/07\/Bastian-650x357.jpg 650w, https:\/\/candas365.es\/noticias\/wp-content\/uploads\/2016\/07\/Bastian-150x82.jpg 150w, https:\/\/candas365.es\/noticias\/wp-content\/uploads\/2016\/07\/Bastian-450x247.jpg 450w, https:\/\/candas365.es\/noticias\/wp-content\/uploads\/2016\/07\/Bastian.jpg 655w\" sizes=\"(max-width: 360px) 100vw, 360px\" \/>Berl\u00edn, 29 jul (dpa) &#8211; Bastian Schweinsteiger, capit\u00e1n de la selecci\u00f3n alemana de f\u00fatbol, anunci\u00f3 hoy su decisi\u00f3n de dejar el equipo con el que se proclam\u00f3 campe\u00f3n del mundo en Brasil 2014.<\/p>\n<p>\u00abHe pedido al seleccionador alem\u00e1n (Joachim L\u00f6w) que no me tenga m\u00e1s en cuenta en el futuro en las nominaciones para la selecci\u00f3n alemana, ya que me gustar\u00eda renunciar a ella\u00bb, inform\u00f3 el jugador de 31 a\u00f1os en un comunicado colgado en las redes sociales.<\/p>\n<p>El centrocampista del Manchester United pone as\u00ed fin a su carrera en la \u00abMannschaft\u00bb tras 120 partidos vistiendo la camiseta de su pa\u00eds. El \u00faltimo lo disput\u00f3 hace 22 d\u00edas en la semifinal de la Eurocopa de Francia ante el anfitri\u00f3n, un duelo que acab\u00f3 perdiendo Alemania 2-0.<\/p>\n<p>\u00abJogi L\u00f6w sab\u00eda lo mucho que la Eurocopa 2016 significaba para m\u00ed, porque quer\u00eda ganar a toda costa el t\u00edtulo que desde 1996 no pudimos traer a Alemania. No pudo ser y debo aceptarlo\u00bb, explic\u00f3 el jugador, que comenz\u00f3 su carrera en la selecci\u00f3n en 2004 y que luci\u00f3 el brazalete desde 2014.<\/p>\n<p>En las \u00faltimas temporadas, Schweinsteiger tuvo que hacer frente a una serie de lesiones en la rodilla que lo tuvieron apartado mucho tiempo del terreno de juego y que hicieron dudar de su participaci\u00f3n en la Eurocopa de Francia.<\/p>\n<p>\u00abMi agradecimiento a los fans, al equipo, a la DFB (Federaci\u00f3n Alemana de F\u00fatbol), al entrenador y su equipo. Tuve la oportunidad de disputar 120 partidos internacionales y vivir momentos que fueron indescriptiblemente buenos y exitosos\u00bb, escribi\u00f3 en su carta de despedida colgada en su p\u00e1gina web y en sus perfiles de Twitter y Facebook.<\/p>\n<p>El triunfo en R\u00edo de Janeiro en 2014 fue el momento m\u00e1s especial en la carrera internacional del centrocampista. \u00abCon el t\u00edtulo del Mundial de f\u00fatbol de 2014 logramos algo hist\u00f3rico y tambi\u00e9n emocional que no volver\u00e9 a repetir en mi carrera\u00bb, escribi\u00f3 Schweinsteiger. \u00abPor ello es correcto y sensato concluir ahora y desearle todo lo mejor al equipo para la clasificaci\u00f3n y el Mundial de 2018\u00bb, agreg\u00f3 sobre la cita deportiva que tendr\u00e1 lugar en Rusia.<\/p>\n<p>L\u00f6w, que tuvo a sus \u00f3rdenes a Schweinsteiger primero dos a\u00f1os como asistente del entrenador y despu\u00e9s una d\u00e9cada como seleccionador alem\u00e1n, agradeci\u00f3 al jugador por los \u00abdoce a\u00f1os de cooperaci\u00f3n y de confianza tanto a nivel deportivo como humano\u00bb.<\/p>\n<p>\u00abEntre nosotros dos domin\u00f3 una absoluta confianza. Pod\u00edamos hablar en cualquier momento sobre temas deportivos y humanos y su comportamiento caracteriz\u00f3 tambi\u00e9n al equipo\u00bb, explic\u00f3. \u00abYo como entrenador me he beneficiado mucho de \u00e9l y s\u00f3lo puedo sencillamente darle las gracias por todo\u00bb, agreg\u00f3.<\/p>\n<p>El t\u00e9cnico Jupp Heynckes, con quien consigui\u00f3 un hist\u00f3rico triplete en el Bayern M\u00fanich, alab\u00f3 su decisi\u00f3n. \u00abFue una decisi\u00f3n inteligente y correcta dar este paso\u00bb.<\/p>\n<p>\u00abEn su carrera ha logrado todo con lo que un joven jugador sue\u00f1a. Con el triplete y la victoria en el Mundial lleg\u00f3 a los corazones de los fans y es uno de los mejores y m\u00e1s grandes futbolistas de todos los tiempos. Fue un privilegio ocuparme de \u00e9l como entrenador\u00bb, declar\u00f3.<\/p>\n<p>Por su parte, su compa\u00f1ero de equipo Lukas Podolski record\u00f3 el tiempo juntos. \u00abHermanos, mejor amigo, camarada de equipo, compa\u00f1ero de habitaci\u00f3n y campe\u00f3n del mundo. Hemos jugado juntos al menos 100 partidos\u00bb, afirm\u00f3.<\/p>\n<p>\u00abLlevar la camiseta de la DFB es el mayor honor. Y juntos la hemos llevado en cuatro Eurocopas y tres Mundiales. He disfrutado cada momento contigo en el campo y fuera de \u00e9l. Nuestro momento m\u00e1s grande que pudimos compartir fue proclamarnos campeones del mundo y lograr la cuarta estrella\u00bb, agreg\u00f3.<\/p>\n<p>Schweinsteiger cumplir\u00e1 el lunes 32 a\u00f1os, despu\u00e9s de casarse hace dos semanas en Venecia con la tenista serbia Ana Ivanovic. Ahora parece tener abierto su futuro en el Manchester United, a donde lleg\u00f3 el pasado verano boreal tras 17 a\u00f1os en el Bayern M\u00fanich. Seg\u00fan la prensa inglesa, el nuevo entrenador del club, Jos\u00e9 Mourinho, no contar\u00eda m\u00e1s con \u00e9l.<\/p>\n<p>L\u00f6w lo nombr\u00f3 capit\u00e1n despu\u00e9s de la decisi\u00f3n de Philipp Lahm de dejar la selecci\u00f3n alemana tras el triunfo en el Mundial de Brasil. Sin embargo, Schweinsteiger apenas consigui\u00f3 llegar en forma a la Eurocopa tras sufrir tres lesiones en la rodilla derecha.<\/p>\n<p>Su mano ante Francia, que provoc\u00f3 un penal y el primer gol del partido, acab\u00f3 con el sue\u00f1o de alzarse con la Eurocopa. \u00abPero las derrotas forman parte de esto, tambi\u00e9n aunque duelan\u00bb, asegur\u00f3 entonces el centrocampista.<\/p>\n<p><span class=\" readonly\" title=\"\"><em>Por Jens Mende y Almudena de Cabo <\/em><\/span><\/p>\n","protected":false},"excerpt":{"rendered":"<p>Berl\u00edn, 29 jul (dpa) &#8211; Bastian Schweinsteiger, capit\u00e1n de la selecci\u00f3n alemana de f\u00fatbol, anunci\u00f3 hoy su decisi\u00f3n de dejar el equipo con el que se proclam\u00f3 campe\u00f3n del mundo en Brasil 2014. \u00abHe pedido al seleccionador alem\u00e1n (Joachim L\u00f6w) que no me tenga m\u00e1s en cuenta en el futuro en las nominaciones para la<\/p>\n","protected":false},"author":1,"featured_media":32908,"comment_status":"closed","ping_status":"closed","sticky":false,"template":"","format":"standard","meta":{"footnotes":""},"categories":[343],"tags":[],"class_list":{"0":"post-32907","1":"post","2":"type-post","3":"status-publish","4":"format-standard","5":"has-post-thumbnail","7":"category-actualidad"},"aioseo_notices":[],"aioseo_head":"\n\t\t<!-- All in One SEO Pro 4.9.6.2 - aioseo.com -->\n\t<meta name=\"description\" content=\"Berl\u00edn, 29 jul (dpa) - Bastian Schweinsteiger, capit\u00e1n de la selecci\u00f3n alemana de f\u00fatbol, anunci\u00f3 hoy su decisi\u00f3n de dejar el equipo con el que se proclam\u00f3 campe\u00f3n del mundo en Brasil 2014. &quot;He pedido al seleccionador alem\u00e1n (Joachim L\u00f6w) que no me tenga m\u00e1s en cuenta en el futuro en las nominaciones para la\" \/>\n\t<meta name=\"robots\" content=\"max-image-preview:large\" \/>\n\t<meta name=\"author\" content=\"Cand\u00e1s 365\"\/>\n\t<meta name=\"google-site-verification\" content=\"UA-32230408-1\" \/>\n\t<meta name=\"msvalidate.01\" content=\"354F3CDFB2DA171B47FBE9ABF1F88D5\" \/>\n\t<meta name=\"keywords\" content=\"actualidad\" \/>\n\t<link rel=\"canonical\" href=\"https:\/\/candas365.es\/noticias\/schweinsteiger-dice-adios-a-la-seleccion-alemana-de-futbol\/\" \/>\n\t<meta name=\"generator\" content=\"All in One SEO Pro (AIOSEO) 4.9.6.2\" \/>\n\t\t<meta property=\"og:locale\" content=\"es_ES\" \/>\n\t\t<meta property=\"og:site_name\" content=\"Cand\u00e1s 365\" \/>\n\t\t<meta property=\"og:type\" content=\"article\" \/>\n\t\t<meta property=\"og:title\" content=\"Schweinsteiger dice adi\u00f3s a la selecci\u00f3n alemana de f\u00fatbol | Cand\u00e1s 365\" \/>\n\t\t<meta property=\"og:description\" content=\"Berl\u00edn, 29 jul (dpa) - Bastian Schweinsteiger, capit\u00e1n de la selecci\u00f3n alemana de f\u00fatbol, anunci\u00f3 hoy su decisi\u00f3n de dejar el equipo con el que se proclam\u00f3 campe\u00f3n del mundo en Brasil 2014. &quot;He pedido al seleccionador alem\u00e1n (Joachim L\u00f6w) que no me tenga m\u00e1s en cuenta en el futuro en las nominaciones para la\" \/>\n\t\t<meta property=\"og:url\" content=\"https:\/\/candas365.es\/noticias\/schweinsteiger-dice-adios-a-la-seleccion-alemana-de-futbol\/\" \/>\n\t\t<meta property=\"og:image\" content=\"https:\/\/candas365.es\/noticias\/wp-content\/uploads\/2016\/07\/Bastian.jpg\" \/>\n\t\t<meta property=\"og:image:secure_url\" content=\"https:\/\/candas365.es\/noticias\/wp-content\/uploads\/2016\/07\/Bastian.jpg\" \/>\n\t\t<meta property=\"og:image:width\" content=\"655\" \/>\n\t\t<meta property=\"og:image:height\" content=\"360\" \/>\n\t\t<meta property=\"article:published_time\" content=\"2016-07-29T22:42:24+00:00\" \/>\n\t\t<meta property=\"article:modified_time\" content=\"2016-07-29T22:42:24+00:00\" \/>\n\t\t<meta property=\"article:publisher\" content=\"https:\/\/www.facebook.com\/Nachofdezber\" \/>\n\t\t<meta property=\"article:author\" content=\"https:\/\/www.facebook.com\/carrenoactualidad\" \/>\n\t\t<meta name=\"twitter:card\" content=\"summary_large_image\" \/>\n\t\t<meta name=\"twitter:site\" content=\"@NabercoDigital\" \/>\n\t\t<meta name=\"twitter:title\" content=\"Schweinsteiger dice adi\u00f3s a la selecci\u00f3n alemana de f\u00fatbol | Cand\u00e1s 365\" \/>\n\t\t<meta name=\"twitter:description\" content=\"Berl\u00edn, 29 jul (dpa) - Bastian Schweinsteiger, capit\u00e1n de la selecci\u00f3n alemana de f\u00fatbol, anunci\u00f3 hoy su decisi\u00f3n de dejar el equipo con el que se proclam\u00f3 campe\u00f3n del mundo en Brasil 2014. &quot;He pedido al seleccionador alem\u00e1n (Joachim L\u00f6w) que no me tenga m\u00e1s en cuenta en el futuro en las nominaciones para la\" \/>\n\t\t<meta name=\"twitter:creator\" content=\"@nbasturias\" \/>\n\t\t<meta name=\"twitter:image\" content=\"https:\/\/candas365.es\/noticias\/wp-content\/uploads\/2016\/07\/Bastian.jpg\" \/>\n\t\t<meta name=\"twitter:label1\" content=\"Escrito por\" \/>\n\t\t<meta name=\"twitter:data1\" content=\"Cand\u00e1s 365\" \/>\n\t\t<meta name=\"twitter:label2\" content=\"Tiempo de lectura estimado\" \/>\n\t\t<meta name=\"twitter:data2\" content=\"4 minutos\" \/>\n\t\t<script type=\"application\/ld+json\" class=\"aioseo-schema\">\n\t\t\t{\"@context\":\"https:\\\/\\\/schema.org\",\"@graph\":[{\"@type\":\"BreadcrumbList\",\"@id\":\"https:\\\/\\\/candas365.es\\\/noticias\\\/schweinsteiger-dice-adios-a-la-seleccion-alemana-de-futbol\\\/#breadcrumblist\",\"itemListElement\":[{\"@type\":\"ListItem\",\"@id\":\"https:\\\/\\\/candas365.es\\\/noticias#listItem\",\"position\":1,\"name\":\"Home\",\"item\":\"https:\\\/\\\/candas365.es\\\/noticias\",\"nextItem\":{\"@type\":\"ListItem\",\"@id\":\"https:\\\/\\\/candas365.es\\\/noticias\\\/category\\\/actualidad\\\/#listItem\",\"name\":\"Actualidad\"}},{\"@type\":\"ListItem\",\"@id\":\"https:\\\/\\\/candas365.es\\\/noticias\\\/category\\\/actualidad\\\/#listItem\",\"position\":2,\"name\":\"Actualidad\",\"item\":\"https:\\\/\\\/candas365.es\\\/noticias\\\/category\\\/actualidad\\\/\",\"nextItem\":{\"@type\":\"ListItem\",\"@id\":\"https:\\\/\\\/candas365.es\\\/noticias\\\/schweinsteiger-dice-adios-a-la-seleccion-alemana-de-futbol\\\/#listItem\",\"name\":\"Schweinsteiger dice adi\\u00f3s a la selecci\\u00f3n alemana de f\\u00fatbol\"},\"previousItem\":{\"@type\":\"ListItem\",\"@id\":\"https:\\\/\\\/candas365.es\\\/noticias#listItem\",\"name\":\"Home\"}},{\"@type\":\"ListItem\",\"@id\":\"https:\\\/\\\/candas365.es\\\/noticias\\\/schweinsteiger-dice-adios-a-la-seleccion-alemana-de-futbol\\\/#listItem\",\"position\":3,\"name\":\"Schweinsteiger dice adi\\u00f3s a la selecci\\u00f3n alemana de f\\u00fatbol\",\"previousItem\":{\"@type\":\"ListItem\",\"@id\":\"https:\\\/\\\/candas365.es\\\/noticias\\\/category\\\/actualidad\\\/#listItem\",\"name\":\"Actualidad\"}}]},{\"@type\":\"NewsArticle\",\"@id\":\"https:\\\/\\\/candas365.es\\\/noticias\\\/schweinsteiger-dice-adios-a-la-seleccion-alemana-de-futbol\\\/#newsarticle\",\"name\":\"Schweinsteiger dice adi\\u00f3s a la selecci\\u00f3n alemana de f\\u00fatbol | Cand\\u00e1s 365\",\"headline\":\"Schweinsteiger dice adi\\u00f3s a la selecci\\u00f3n alemana de f\\u00fatbol\",\"author\":{\"@id\":\"https:\\\/\\\/candas365.es\\\/noticias\\\/author\\\/admin\\\/#author\"},\"publisher\":{\"@id\":\"https:\\\/\\\/candas365.es\\\/noticias\\\/#organization\"},\"image\":{\"@type\":\"ImageObject\",\"url\":\"https:\\\/\\\/candas365.es\\\/noticias\\\/wp-content\\\/uploads\\\/2016\\\/07\\\/Bastian.jpg\",\"width\":655,\"height\":360},\"datePublished\":\"2016-07-30T00:12:24+02:00\",\"dateModified\":\"2016-07-30T00:12:24+02:00\",\"inLanguage\":\"es-ES\",\"mainEntityOfPage\":{\"@id\":\"https:\\\/\\\/candas365.es\\\/noticias\\\/schweinsteiger-dice-adios-a-la-seleccion-alemana-de-futbol\\\/#webpage\"},\"isPartOf\":{\"@id\":\"https:\\\/\\\/candas365.es\\\/noticias\\\/schweinsteiger-dice-adios-a-la-seleccion-alemana-de-futbol\\\/#webpage\"},\"articleSection\":\"Actualidad\",\"dateline\":\"Publicado el julio 30, 2016.\"},{\"@type\":\"Organization\",\"@id\":\"https:\\\/\\\/candas365.es\\\/noticias\\\/#organization\",\"name\":\"Cand\\u00e1s 365\",\"description\":\"Cand\\u00e1s 365 es un diario digital independiente, fundado en 2012, con base en Asturias. Informamos con rigor sobre actualidad, sociedad, cultura y ocio, con una mirada local y global.\",\"url\":\"https:\\\/\\\/candas365.es\\\/noticias\\\/\",\"email\":\"info@candas365.es\",\"telephone\":\"+34652131393\",\"foundingDate\":\"2012-06-10\",\"logo\":{\"@type\":\"ImageObject\",\"url\":\"https:\\\/\\\/candas365.es\\\/noticias\\\/wp-content\\\/uploads\\\/2024\\\/09\\\/Candas-365-Redes.jpg\",\"@id\":\"https:\\\/\\\/candas365.es\\\/noticias\\\/schweinsteiger-dice-adios-a-la-seleccion-alemana-de-futbol\\\/#organizationLogo\",\"width\":1152,\"height\":864,\"caption\":\"Cand\\u00e1s 365 Redes\"},\"image\":{\"@id\":\"https:\\\/\\\/candas365.es\\\/noticias\\\/schweinsteiger-dice-adios-a-la-seleccion-alemana-de-futbol\\\/#organizationLogo\"},\"sameAs\":[\"https:\\\/\\\/www.facebook.com\\\/Nachofdezber\",\"https:\\\/\\\/x.com\\\/NabercoDigital\",\"https:\\\/\\\/www.instagram.com\\\/nachofdezber\\\/\",\"https:\\\/\\\/www.youtube.com\\\/channel\\\/UCZP-2wLEB9Rv6erhFmqVnvg\"],\"address\":{\"@id\":\"https:\\\/\\\/candas365.es\\\/noticias\\\/#postaladdress\",\"@type\":\"PostalAddress\",\"streetAddress\":\"san antonio 4, san antonio 4\",\"postalCode\":\"33430\",\"addressLocality\":\"Cand\\u00e1s\",\"addressRegion\":\"Asturias\",\"addressCountry\":\"ES\"}},{\"@type\":\"Person\",\"@id\":\"https:\\\/\\\/candas365.es\\\/noticias\\\/author\\\/admin\\\/#author\",\"url\":\"https:\\\/\\\/candas365.es\\\/noticias\\\/author\\\/admin\\\/\",\"name\":\"Cand\\u00e1s 365\",\"image\":{\"@type\":\"ImageObject\",\"@id\":\"https:\\\/\\\/candas365.es\\\/noticias\\\/schweinsteiger-dice-adios-a-la-seleccion-alemana-de-futbol\\\/#authorImage\",\"url\":\"https:\\\/\\\/secure.gravatar.com\\\/avatar\\\/496a8e03d0c493ede1718b7934145dbdf8d89be1036b0eec9544e1094c9de390?s=96&d=mm&r=g\",\"width\":96,\"height\":96,\"caption\":\"Cand\\u00e1s 365\"},\"sameAs\":[\"https:\\\/\\\/www.facebook.com\\\/carrenoactualidad\",\"https:\\\/\\\/twitter.com\\\/nbasturias\",\"https:\\\/\\\/www.instagram.com\\\/nachofdezber\\\/\",\"https:\\\/\\\/www.youtube.com\\\/channel\\\/UCZP-2wLEB9Rv6erhFmqVnvg\"]},{\"@type\":\"WebPage\",\"@id\":\"https:\\\/\\\/candas365.es\\\/noticias\\\/schweinsteiger-dice-adios-a-la-seleccion-alemana-de-futbol\\\/#webpage\",\"url\":\"https:\\\/\\\/candas365.es\\\/noticias\\\/schweinsteiger-dice-adios-a-la-seleccion-alemana-de-futbol\\\/\",\"name\":\"Schweinsteiger dice adi\\u00f3s a la selecci\\u00f3n alemana de f\\u00fatbol | Cand\\u00e1s 365\",\"description\":\"Berl\\u00edn, 29 jul (dpa) - Bastian Schweinsteiger, capit\\u00e1n de la selecci\\u00f3n alemana de f\\u00fatbol, anunci\\u00f3 hoy su decisi\\u00f3n de dejar el equipo con el que se proclam\\u00f3 campe\\u00f3n del mundo en Brasil 2014. \\\"He pedido al seleccionador alem\\u00e1n (Joachim L\\u00f6w) que no me tenga m\\u00e1s en cuenta en el futuro en las nominaciones para la\",\"inLanguage\":\"es-ES\",\"isPartOf\":{\"@id\":\"https:\\\/\\\/candas365.es\\\/noticias\\\/#website\"},\"breadcrumb\":{\"@id\":\"https:\\\/\\\/candas365.es\\\/noticias\\\/schweinsteiger-dice-adios-a-la-seleccion-alemana-de-futbol\\\/#breadcrumblist\"},\"author\":{\"@id\":\"https:\\\/\\\/candas365.es\\\/noticias\\\/author\\\/admin\\\/#author\"},\"creator\":{\"@id\":\"https:\\\/\\\/candas365.es\\\/noticias\\\/author\\\/admin\\\/#author\"},\"image\":{\"@type\":\"ImageObject\",\"url\":\"https:\\\/\\\/candas365.es\\\/noticias\\\/wp-content\\\/uploads\\\/2016\\\/07\\\/Bastian.jpg\",\"@id\":\"https:\\\/\\\/candas365.es\\\/noticias\\\/schweinsteiger-dice-adios-a-la-seleccion-alemana-de-futbol\\\/#mainImage\",\"width\":655,\"height\":360},\"primaryImageOfPage\":{\"@id\":\"https:\\\/\\\/candas365.es\\\/noticias\\\/schweinsteiger-dice-adios-a-la-seleccion-alemana-de-futbol\\\/#mainImage\"},\"datePublished\":\"2016-07-30T00:12:24+02:00\",\"dateModified\":\"2016-07-30T00:12:24+02:00\"},{\"@type\":\"WebSite\",\"@id\":\"https:\\\/\\\/candas365.es\\\/noticias\\\/#website\",\"url\":\"https:\\\/\\\/candas365.es\\\/noticias\\\/\",\"name\":\"Cand\\u00e1s 365\",\"alternateName\":\"Cand\\u00e1s 365 Noticias\",\"description\":\"Actualidad desde Carre\\u00f1o para el mundo\",\"inLanguage\":\"es-ES\",\"publisher\":{\"@id\":\"https:\\\/\\\/candas365.es\\\/noticias\\\/#organization\"}}]}\n\t\t<\/script>\n\t\t<!-- All in One SEO Pro -->\r\n\t\t<title>Schweinsteiger dice adi\u00f3s a la selecci\u00f3n alemana de f\u00fatbol | Cand\u00e1s 365<\/title>\n\n","aioseo_head_json":{"title":"Schweinsteiger dice adi\u00f3s a la selecci\u00f3n alemana de f\u00fatbol | Cand\u00e1s 365","description":"Berl\u00edn, 29 jul (dpa) - Bastian Schweinsteiger, capit\u00e1n de la selecci\u00f3n alemana de f\u00fatbol, anunci\u00f3 hoy su decisi\u00f3n de dejar el equipo con el que se proclam\u00f3 campe\u00f3n del mundo en Brasil 2014. \"He pedido al seleccionador alem\u00e1n (Joachim L\u00f6w) que no me tenga m\u00e1s en cuenta en el futuro en las nominaciones para la","canonical_url":"https:\/\/candas365.es\/noticias\/schweinsteiger-dice-adios-a-la-seleccion-alemana-de-futbol\/","robots":"max-image-preview:large","keywords":"actualidad","webmasterTools":{"google-site-verification":"UA-32230408-1","msvalidate.01":"354F3CDFB2DA171B47FBE9ABF1F88D5","miscellaneous":""},"schema":{"@context":"https:\/\/schema.org","@graph":[{"@type":"BreadcrumbList","@id":"https:\/\/candas365.es\/noticias\/schweinsteiger-dice-adios-a-la-seleccion-alemana-de-futbol\/#breadcrumblist","itemListElement":[{"@type":"ListItem","@id":"https:\/\/candas365.es\/noticias#listItem","position":1,"name":"Home","item":"https:\/\/candas365.es\/noticias","nextItem":{"@type":"ListItem","@id":"https:\/\/candas365.es\/noticias\/category\/actualidad\/#listItem","name":"Actualidad"}},{"@type":"ListItem","@id":"https:\/\/candas365.es\/noticias\/category\/actualidad\/#listItem","position":2,"name":"Actualidad","item":"https:\/\/candas365.es\/noticias\/category\/actualidad\/","nextItem":{"@type":"ListItem","@id":"https:\/\/candas365.es\/noticias\/schweinsteiger-dice-adios-a-la-seleccion-alemana-de-futbol\/#listItem","name":"Schweinsteiger dice adi\u00f3s a la selecci\u00f3n alemana de f\u00fatbol"},"previousItem":{"@type":"ListItem","@id":"https:\/\/candas365.es\/noticias#listItem","name":"Home"}},{"@type":"ListItem","@id":"https:\/\/candas365.es\/noticias\/schweinsteiger-dice-adios-a-la-seleccion-alemana-de-futbol\/#listItem","position":3,"name":"Schweinsteiger dice adi\u00f3s a la selecci\u00f3n alemana de f\u00fatbol","previousItem":{"@type":"ListItem","@id":"https:\/\/candas365.es\/noticias\/category\/actualidad\/#listItem","name":"Actualidad"}}]},{"@type":"NewsArticle","@id":"https:\/\/candas365.es\/noticias\/schweinsteiger-dice-adios-a-la-seleccion-alemana-de-futbol\/#newsarticle","name":"Schweinsteiger dice adi\u00f3s a la selecci\u00f3n alemana de f\u00fatbol | Cand\u00e1s 365","headline":"Schweinsteiger dice adi\u00f3s a la selecci\u00f3n alemana de f\u00fatbol","author":{"@id":"https:\/\/candas365.es\/noticias\/author\/admin\/#author"},"publisher":{"@id":"https:\/\/candas365.es\/noticias\/#organization"},"image":{"@type":"ImageObject","url":"https:\/\/candas365.es\/noticias\/wp-content\/uploads\/2016\/07\/Bastian.jpg","width":655,"height":360},"datePublished":"2016-07-30T00:12:24+02:00","dateModified":"2016-07-30T00:12:24+02:00","inLanguage":"es-ES","mainEntityOfPage":{"@id":"https:\/\/candas365.es\/noticias\/schweinsteiger-dice-adios-a-la-seleccion-alemana-de-futbol\/#webpage"},"isPartOf":{"@id":"https:\/\/candas365.es\/noticias\/schweinsteiger-dice-adios-a-la-seleccion-alemana-de-futbol\/#webpage"},"articleSection":"Actualidad","dateline":"Publicado el julio 30, 2016."},{"@type":"Organization","@id":"https:\/\/candas365.es\/noticias\/#organization","name":"Cand\u00e1s 365","description":"Cand\u00e1s 365 es un diario digital independiente, fundado en 2012, con base en Asturias. Informamos con rigor sobre actualidad, sociedad, cultura y ocio, con una mirada local y global.","url":"https:\/\/candas365.es\/noticias\/","email":"info@candas365.es","telephone":"+34652131393","foundingDate":"2012-06-10","logo":{"@type":"ImageObject","url":"https:\/\/candas365.es\/noticias\/wp-content\/uploads\/2024\/09\/Candas-365-Redes.jpg","@id":"https:\/\/candas365.es\/noticias\/schweinsteiger-dice-adios-a-la-seleccion-alemana-de-futbol\/#organizationLogo","width":1152,"height":864,"caption":"Cand\u00e1s 365 Redes"},"image":{"@id":"https:\/\/candas365.es\/noticias\/schweinsteiger-dice-adios-a-la-seleccion-alemana-de-futbol\/#organizationLogo"},"sameAs":["https:\/\/www.facebook.com\/Nachofdezber","https:\/\/x.com\/NabercoDigital","https:\/\/www.instagram.com\/nachofdezber\/","https:\/\/www.youtube.com\/channel\/UCZP-2wLEB9Rv6erhFmqVnvg"],"address":{"@id":"https:\/\/candas365.es\/noticias\/#postaladdress","@type":"PostalAddress","streetAddress":"san antonio 4, san antonio 4","postalCode":"33430","addressLocality":"Cand\u00e1s","addressRegion":"Asturias","addressCountry":"ES"}},{"@type":"Person","@id":"https:\/\/candas365.es\/noticias\/author\/admin\/#author","url":"https:\/\/candas365.es\/noticias\/author\/admin\/","name":"Cand\u00e1s 365","image":{"@type":"ImageObject","@id":"https:\/\/candas365.es\/noticias\/schweinsteiger-dice-adios-a-la-seleccion-alemana-de-futbol\/#authorImage","url":"https:\/\/secure.gravatar.com\/avatar\/496a8e03d0c493ede1718b7934145dbdf8d89be1036b0eec9544e1094c9de390?s=96&d=mm&r=g","width":96,"height":96,"caption":"Cand\u00e1s 365"},"sameAs":["https:\/\/www.facebook.com\/carrenoactualidad","https:\/\/twitter.com\/nbasturias","https:\/\/www.instagram.com\/nachofdezber\/","https:\/\/www.youtube.com\/channel\/UCZP-2wLEB9Rv6erhFmqVnvg"]},{"@type":"WebPage","@id":"https:\/\/candas365.es\/noticias\/schweinsteiger-dice-adios-a-la-seleccion-alemana-de-futbol\/#webpage","url":"https:\/\/candas365.es\/noticias\/schweinsteiger-dice-adios-a-la-seleccion-alemana-de-futbol\/","name":"Schweinsteiger dice adi\u00f3s a la selecci\u00f3n alemana de f\u00fatbol | Cand\u00e1s 365","description":"Berl\u00edn, 29 jul (dpa) - Bastian Schweinsteiger, capit\u00e1n de la selecci\u00f3n alemana de f\u00fatbol, anunci\u00f3 hoy su decisi\u00f3n de dejar el equipo con el que se proclam\u00f3 campe\u00f3n del mundo en Brasil 2014. \"He pedido al seleccionador alem\u00e1n (Joachim L\u00f6w) que no me tenga m\u00e1s en cuenta en el futuro en las nominaciones para la","inLanguage":"es-ES","isPartOf":{"@id":"https:\/\/candas365.es\/noticias\/#website"},"breadcrumb":{"@id":"https:\/\/candas365.es\/noticias\/schweinsteiger-dice-adios-a-la-seleccion-alemana-de-futbol\/#breadcrumblist"},"author":{"@id":"https:\/\/candas365.es\/noticias\/author\/admin\/#author"},"creator":{"@id":"https:\/\/candas365.es\/noticias\/author\/admin\/#author"},"image":{"@type":"ImageObject","url":"https:\/\/candas365.es\/noticias\/wp-content\/uploads\/2016\/07\/Bastian.jpg","@id":"https:\/\/candas365.es\/noticias\/schweinsteiger-dice-adios-a-la-seleccion-alemana-de-futbol\/#mainImage","width":655,"height":360},"primaryImageOfPage":{"@id":"https:\/\/candas365.es\/noticias\/schweinsteiger-dice-adios-a-la-seleccion-alemana-de-futbol\/#mainImage"},"datePublished":"2016-07-30T00:12:24+02:00","dateModified":"2016-07-30T00:12:24+02:00"},{"@type":"WebSite","@id":"https:\/\/candas365.es\/noticias\/#website","url":"https:\/\/candas365.es\/noticias\/","name":"Cand\u00e1s 365","alternateName":"Cand\u00e1s 365 Noticias","description":"Actualidad desde Carre\u00f1o para el mundo","inLanguage":"es-ES","publisher":{"@id":"https:\/\/candas365.es\/noticias\/#organization"}}]},"og:locale":"es_ES","og:site_name":"Cand\u00e1s 365","og:type":"article","og:title":"Schweinsteiger dice adi\u00f3s a la selecci\u00f3n alemana de f\u00fatbol | Cand\u00e1s 365","og:description":"Berl\u00edn, 29 jul (dpa) - Bastian Schweinsteiger, capit\u00e1n de la selecci\u00f3n alemana de f\u00fatbol, anunci\u00f3 hoy su decisi\u00f3n de dejar el equipo con el que se proclam\u00f3 campe\u00f3n del mundo en Brasil 2014. &quot;He pedido al seleccionador alem\u00e1n (Joachim L\u00f6w) que no me tenga m\u00e1s en cuenta en el futuro en las nominaciones para la","og:url":"https:\/\/candas365.es\/noticias\/schweinsteiger-dice-adios-a-la-seleccion-alemana-de-futbol\/","og:image":"https:\/\/candas365.es\/noticias\/wp-content\/uploads\/2016\/07\/Bastian.jpg","og:image:secure_url":"https:\/\/candas365.es\/noticias\/wp-content\/uploads\/2016\/07\/Bastian.jpg","og:image:width":655,"og:image:height":360,"article:published_time":"2016-07-29T22:42:24+00:00","article:modified_time":"2016-07-29T22:42:24+00:00","article:publisher":"https:\/\/www.facebook.com\/Nachofdezber","article:author":"https:\/\/www.facebook.com\/carrenoactualidad","twitter:card":"summary_large_image","twitter:site":"@NabercoDigital","twitter:title":"Schweinsteiger dice adi\u00f3s a la selecci\u00f3n alemana de f\u00fatbol | Cand\u00e1s 365","twitter:description":"Berl\u00edn, 29 jul (dpa) - Bastian Schweinsteiger, capit\u00e1n de la selecci\u00f3n alemana de f\u00fatbol, anunci\u00f3 hoy su decisi\u00f3n de dejar el equipo con el que se proclam\u00f3 campe\u00f3n del mundo en Brasil 2014. &quot;He pedido al seleccionador alem\u00e1n (Joachim L\u00f6w) que no me tenga m\u00e1s en cuenta en el futuro en las nominaciones para la","twitter:creator":"@nbasturias","twitter:image":"https:\/\/candas365.es\/noticias\/wp-content\/uploads\/2016\/07\/Bastian.jpg","twitter:label1":"Escrito por","twitter:data1":"Cand\u00e1s 365","twitter:label2":"Tiempo de lectura estimado","twitter:data2":"4 minutos"},"aioseo_meta_data":{"post_id":"32907","title":null,"description":null,"keywords":null,"keyphrases":null,"primary_term":null,"canonical_url":null,"og_title":null,"og_description":null,"og_object_type":"default","og_image_type":"default","og_image_url":null,"og_image_width":null,"og_image_height":null,"og_image_custom_url":null,"og_image_custom_fields":null,"og_video":null,"og_custom_url":null,"og_article_section":null,"og_article_tags":null,"twitter_use_og":false,"twitter_card":"default","twitter_image_type":"default","twitter_image_url":null,"twitter_image_custom_url":null,"twitter_image_custom_fields":null,"twitter_title":null,"twitter_description":null,"schema":{"blockGraphs":[],"customGraphs":[],"default":{"data":{"Article":[],"Course":[],"Dataset":[],"FAQPage":[],"Movie":[],"Person":[],"Product":[],"ProductReview":[],"Car":[],"Recipe":[],"Service":[],"SoftwareApplication":[],"WebPage":[]},"graphName":"","isEnabled":true},"graphs":[],"defaultGraph":"","defaultPostTypeGraph":""},"schema_type":null,"schema_type_options":null,"pillar_content":false,"robots_default":true,"robots_noindex":false,"robots_noarchive":false,"robots_nosnippet":false,"robots_nofollow":false,"robots_noimageindex":false,"robots_noodp":false,"robots_notranslate":false,"robots_max_snippet":null,"robots_max_videopreview":null,"robots_max_imagepreview":"large","priority":null,"frequency":null,"location":null,"local_seo":null,"seo_analyzer_scan_date":"2025-08-24 16:05:12","breadcrumb_settings":null,"limit_modified_date":false,"reviewed_by":null,"open_ai":null,"ai":null,"created":"2020-12-21 13:05:33","updated":"2025-08-24 16:05:12"},"aioseo_breadcrumb":"<div class=\"aioseo-breadcrumbs\"><span class=\"aioseo-breadcrumb\">\n\t<a href=\"https:\/\/candas365.es\/noticias\" title=\"Home\">Home<\/a>\n<\/span><span class=\"aioseo-breadcrumb-separator\">&ndash;<\/span><span class=\"aioseo-breadcrumb\">\n\t<a href=\"https:\/\/candas365.es\/noticias\/category\/actualidad\/\" title=\"Actualidad\">Actualidad<\/a>\n<\/span><span class=\"aioseo-breadcrumb-separator\">&ndash;<\/span><span class=\"aioseo-breadcrumb\">\n\tSchweinsteiger dice adi\u00f3s a la selecci\u00f3n alemana de f\u00fatbol\n<\/span><\/div>","aioseo_breadcrumb_json":[{"label":"Home","link":"https:\/\/candas365.es\/noticias"},{"label":"Actualidad","link":"https:\/\/candas365.es\/noticias\/category\/actualidad\/"},{"label":"Schweinsteiger dice adi\u00f3s a la selecci\u00f3n alemana de f\u00fatbol","link":"https:\/\/candas365.es\/noticias\/schweinsteiger-dice-adios-a-la-seleccion-alemana-de-futbol\/"}],"_links":{"self":[{"href":"https:\/\/candas365.es\/noticias\/wp-json\/wp\/v2\/posts\/32907","targetHints":{"allow":["GET"]}}],"collection":[{"href":"https:\/\/candas365.es\/noticias\/wp-json\/wp\/v2\/posts"}],"about":[{"href":"https:\/\/candas365.es\/noticias\/wp-json\/wp\/v2\/types\/post"}],"author":[{"embeddable":true,"href":"https:\/\/candas365.es\/noticias\/wp-json\/wp\/v2\/users\/1"}],"replies":[{"embeddable":true,"href":"https:\/\/candas365.es\/noticias\/wp-json\/wp\/v2\/comments?post=32907"}],"version-history":[{"count":0,"href":"https:\/\/candas365.es\/noticias\/wp-json\/wp\/v2\/posts\/32907\/revisions"}],"wp:featuredmedia":[{"embeddable":true,"href":"https:\/\/candas365.es\/noticias\/wp-json\/wp\/v2\/media\/32908"}],"wp:attachment":[{"href":"https:\/\/candas365.es\/noticias\/wp-json\/wp\/v2\/media?parent=32907"}],"wp:term":[{"taxonomy":"category","embeddable":true,"href":"https:\/\/candas365.es\/noticias\/wp-json\/wp\/v2\/categories?post=32907"},{"taxonomy":"post_tag","embeddable":true,"href":"https:\/\/candas365.es\/noticias\/wp-json\/wp\/v2\/tags?post=32907"}],"curies":[{"name":"wp","href":"https:\/\/api.w.org\/{rel}","templated":true}]}}