{"id":32903,"date":"2016-07-30T00:06:01","date_gmt":"2016-07-29T22:36:01","guid":{"rendered":"http:\/\/candas365.es\/noticias\/?p=32903"},"modified":"2016-07-30T00:06:01","modified_gmt":"2016-07-29T22:36:01","slug":"la-tensa-situacion-politica-en-turquia-tambien-afecta-al-futbol","status":"publish","type":"post","link":"https:\/\/candas365.es\/noticias\/la-tensa-situacion-politica-en-turquia-tambien-afecta-al-futbol\/","title":{"rendered":"La tensa situaci\u00f3n pol\u00edtica en Turqu\u00eda tambi\u00e9n afecta al f\u00fatbol"},"content":{"rendered":"<p>Estambul, 29 jul (dpa) &#8211; La tensa situaci\u00f3n pol\u00edtica en Turqu\u00eda tras el atentado terrorista en el aeropuerto de Atat\u00fcrk y el intento de golpe de Estado ha afectado mucho tambi\u00e9n al f\u00fatbol del pa\u00eds, sobre todo en Estambul, ciudad donde se encuentran la mayor parte de los grandes clubes turcos.<\/p>\n<p>Hace tan s\u00f3lo dos meses el alem\u00e1n Mario G\u00f3mez y el argentino Jos\u00e9 Ernesto Sosa celebraban el primer t\u00edtulo liguero del Besiktas desde 2009. Los futbolistas fueron art\u00edfices de la gran actuaci\u00f3n de las \u00ab\u00e1guilas negras\u00bb. El alem\u00e1n acab\u00f3 la temporada con 26 goles mientras que el centrocampista argentino se convirti\u00f3 en el mayor asistente de la Liga turca con 12 pases de gol y siete tantos.<\/p>\n<p>A d\u00eda de hoy el futuro de ambos futbolistas est\u00e1 lejos del campe\u00f3n turco. G\u00f3mez anunci\u00f3 la semana pasada que no seguir\u00eda \u00abpor la situaci\u00f3n pol\u00edtica del pa\u00eds\u00bb. Previamente, Sosa hab\u00eda expresado su deseo de marcharse en las redes sociales. \u00abLa raz\u00f3n es que mi mujer tiene miedo de vivir en Estambul y yo me preocupo por mis hijas\u00bb, escribi\u00f3 el ex del Atl\u00e9tico de Madrid.<\/p>\n<p>No obstante, existen jugadores como el alem\u00e1n Lukas Podolski que mantienen la idea de seguir jugando en Turqu\u00eda. \u00abNo he pretendido otra cosa\u00bb, asegur\u00f3 el delantero del Galatasaray, que fue m\u00e1ximo goleador del equipo la pasada temporada. \u00abQue los medios especulen, yo solo quiero volver al terreno de juego y jugar\u00bb, dijo el internacional alem\u00e1n.<\/p>\n<p>En su declaraci\u00f3n de por qu\u00e9 quer\u00eda dejar Turqu\u00eda, Sosa se refer\u00eda al atentado terrorista en el aeropuerto de Estambul a finales de junio, en el que murieron 44 personas. La decisi\u00f3n de G\u00f3mez lleg\u00f3 tras el intento de golpe de Estado por parte de militares turcos que le cost\u00f3 la vida a unas 290 personas.<\/p>\n<p>A diferencia de G\u00f3mez, el argentino todav\u00eda tiene sin embargo contrato en vigor con el Besiktas y el club no quiere facilitar su salida. El presidente, Fikret Orman, acusa a Sosa de utilizar la excusa del terrorismo para \u00abcomportarse de manera poco profesional\u00bb.<\/p>\n<p>\u00abEn Par\u00eds tambi\u00e9n estallaron bombas fuera del estadio, \u00bflos jugadores del PSG tambi\u00e9n quisieron cambiar? Este mundo ha vivido el 11 de septiembre, \u00bflos jugadores de baloncesto de Nueva York ya no quisieron jugar all\u00ed despu\u00e9s de eso?\u00bb, pregunt\u00f3 Orman. \u00abTerrorismo existe en todas las partes del mundo\u00bb, a\u00f1adi\u00f3.<\/p>\n<p>El turco tambi\u00e9n asegur\u00f3 que la situaci\u00f3n pol\u00edtica est\u00e1 dificultando la contrataci\u00f3n de muchos jugadores. \u00abLos jugadores que queremos en nuestros equipos reciben llamadas para que no vengan a Turqu\u00eda\u00bb, dijo el presidente del Besiktas.<\/p>\n<p>En otros equipos grandes turcos como el Fenerbahce o el Galatasaray tambi\u00e9n ha habido jugadores que han puesto en duda su continuidad.<\/p>\n<p>\u00abNo voy a mentir. He estado pensando sobre si mi cambio a Turqu\u00eda fue un error\u00bb, dijo el central eslovaco Martin Skrtel, que acaba de ser transferido del Liverpool al Fenerbahce.<\/p>\n<p>Tambi\u00e9n el holand\u00e9s Ryan Donk asegur\u00f3 haberse planteado dejar el pa\u00eds. \u00abEs la primera vez que vivo algo as\u00ed\u00bb, explic\u00f3 el jugador del Galatasaray.<\/p>\n<p>La situaci\u00f3n m\u00e1s peculiar es la del ex del Schalke Roman Neust\u00e4dter. El ruso firm\u00f3 por el Fenerbahce pese a que sobrevivi\u00f3 al atentado en Estambul por los pelos, seg\u00fan public\u00f3 el peri\u00f3dico \u00abH\u00fcrriyet\u00bb.<\/p>\n<p>El centrocampista se encontraba en el aeropuerto Atat\u00fcrk t\u00e1n solo una hora antes de la explosi\u00f3n, ya que hab\u00eda viajado a la ciudad turca para firmar el contrato con su nuevo club.<\/p>\n<p>Pese a la situaci\u00f3n actual, la S\u00fcper Lig empezar\u00e1 tal y como estaba previsto, a finales de agosto.<\/p>\n<p><span class=\" readonly\" title=\"\"><em>Por Cihan Acar <\/em><\/span><\/p>\n","protected":false},"excerpt":{"rendered":"<p>Estambul, 29 jul (dpa) &#8211; La tensa situaci\u00f3n pol\u00edtica en Turqu\u00eda tras el atentado terrorista en el aeropuerto de Atat\u00fcrk y el intento de golpe de Estado ha afectado mucho tambi\u00e9n al f\u00fatbol del pa\u00eds, sobre todo en Estambul, ciudad donde se encuentran la mayor parte de los grandes clubes turcos. Hace tan s\u00f3lo dos<\/p>\n","protected":false},"author":1,"featured_media":16457,"comment_status":"closed","ping_status":"closed","sticky":false,"template":"","format":"standard","meta":{"footnotes":""},"categories":[343],"tags":[],"class_list":{"0":"post-32903","1":"post","2":"type-post","3":"status-publish","4":"format-standard","5":"has-post-thumbnail","7":"category-actualidad"},"aioseo_notices":[],"aioseo_head":"\n\t\t<!-- All in One SEO Pro 4.9.6.2 - aioseo.com -->\n\t<meta name=\"description\" content=\"Estambul, 29 jul (dpa) - La tensa situaci\u00f3n pol\u00edtica en Turqu\u00eda tras el atentado terrorista en el aeropuerto de Atat\u00fcrk y el intento de golpe de Estado ha afectado mucho tambi\u00e9n al f\u00fatbol del pa\u00eds, sobre todo en Estambul, ciudad donde se encuentran la mayor parte de los grandes clubes turcos. Hace tan s\u00f3lo dos\" \/>\n\t<meta name=\"robots\" content=\"max-image-preview:large\" \/>\n\t<meta name=\"author\" content=\"Cand\u00e1s 365\"\/>\n\t<meta name=\"google-site-verification\" content=\"UA-32230408-1\" \/>\n\t<meta name=\"msvalidate.01\" content=\"354F3CDFB2DA171B47FBE9ABF1F88D5\" \/>\n\t<meta name=\"keywords\" content=\"actualidad\" \/>\n\t<link rel=\"canonical\" href=\"https:\/\/candas365.es\/noticias\/la-tensa-situacion-politica-en-turquia-tambien-afecta-al-futbol\/\" \/>\n\t<meta name=\"generator\" content=\"All in One SEO Pro (AIOSEO) 4.9.6.2\" \/>\n\t\t<meta property=\"og:locale\" content=\"es_ES\" \/>\n\t\t<meta property=\"og:site_name\" content=\"Cand\u00e1s 365\" \/>\n\t\t<meta property=\"og:type\" content=\"article\" \/>\n\t\t<meta property=\"og:title\" content=\"La tensa situaci\u00f3n pol\u00edtica en Turqu\u00eda tambi\u00e9n afecta al f\u00fatbol | Cand\u00e1s 365\" \/>\n\t\t<meta property=\"og:description\" content=\"Estambul, 29 jul (dpa) - La tensa situaci\u00f3n pol\u00edtica en Turqu\u00eda tras el atentado terrorista en el aeropuerto de Atat\u00fcrk y el intento de golpe de Estado ha afectado mucho tambi\u00e9n al f\u00fatbol del pa\u00eds, sobre todo en Estambul, ciudad donde se encuentran la mayor parte de los grandes clubes turcos. Hace tan s\u00f3lo dos\" \/>\n\t\t<meta property=\"og:url\" content=\"https:\/\/candas365.es\/noticias\/la-tensa-situacion-politica-en-turquia-tambien-afecta-al-futbol\/\" \/>\n\t\t<meta property=\"og:image\" content=\"https:\/\/candas365.es\/noticias\/wp-content\/uploads\/2015\/09\/c365noticias.jpg\" \/>\n\t\t<meta property=\"og:image:secure_url\" content=\"https:\/\/candas365.es\/noticias\/wp-content\/uploads\/2015\/09\/c365noticias.jpg\" \/>\n\t\t<meta property=\"og:image:width\" content=\"655\" \/>\n\t\t<meta property=\"og:image:height\" content=\"360\" \/>\n\t\t<meta property=\"article:published_time\" content=\"2016-07-29T22:36:01+00:00\" \/>\n\t\t<meta property=\"article:modified_time\" content=\"2016-07-29T22:36:01+00:00\" \/>\n\t\t<meta property=\"article:publisher\" content=\"https:\/\/www.facebook.com\/Nachofdezber\" \/>\n\t\t<meta property=\"article:author\" content=\"https:\/\/www.facebook.com\/carrenoactualidad\" \/>\n\t\t<meta name=\"twitter:card\" content=\"summary_large_image\" \/>\n\t\t<meta name=\"twitter:site\" content=\"@NabercoDigital\" \/>\n\t\t<meta name=\"twitter:title\" content=\"La tensa situaci\u00f3n pol\u00edtica en Turqu\u00eda tambi\u00e9n afecta al f\u00fatbol | Cand\u00e1s 365\" \/>\n\t\t<meta name=\"twitter:description\" content=\"Estambul, 29 jul (dpa) - La tensa situaci\u00f3n pol\u00edtica en Turqu\u00eda tras el atentado terrorista en el aeropuerto de Atat\u00fcrk y el intento de golpe de Estado ha afectado mucho tambi\u00e9n al f\u00fatbol del pa\u00eds, sobre todo en Estambul, ciudad donde se encuentran la mayor parte de los grandes clubes turcos. Hace tan s\u00f3lo dos\" \/>\n\t\t<meta name=\"twitter:creator\" content=\"@nbasturias\" \/>\n\t\t<meta name=\"twitter:image\" content=\"https:\/\/candas365.es\/noticias\/wp-content\/uploads\/2015\/09\/c365noticias.jpg\" \/>\n\t\t<meta name=\"twitter:label1\" content=\"Escrito por\" \/>\n\t\t<meta name=\"twitter:data1\" content=\"Cand\u00e1s 365\" \/>\n\t\t<meta name=\"twitter:label2\" content=\"Tiempo de lectura estimado\" \/>\n\t\t<meta name=\"twitter:data2\" content=\"3 minutos\" \/>\n\t\t<script type=\"application\/ld+json\" class=\"aioseo-schema\">\n\t\t\t{\"@context\":\"https:\\\/\\\/schema.org\",\"@graph\":[{\"@type\":\"BreadcrumbList\",\"@id\":\"https:\\\/\\\/candas365.es\\\/noticias\\\/la-tensa-situacion-politica-en-turquia-tambien-afecta-al-futbol\\\/#breadcrumblist\",\"itemListElement\":[{\"@type\":\"ListItem\",\"@id\":\"https:\\\/\\\/candas365.es\\\/noticias#listItem\",\"position\":1,\"name\":\"Home\",\"item\":\"https:\\\/\\\/candas365.es\\\/noticias\",\"nextItem\":{\"@type\":\"ListItem\",\"@id\":\"https:\\\/\\\/candas365.es\\\/noticias\\\/category\\\/actualidad\\\/#listItem\",\"name\":\"Actualidad\"}},{\"@type\":\"ListItem\",\"@id\":\"https:\\\/\\\/candas365.es\\\/noticias\\\/category\\\/actualidad\\\/#listItem\",\"position\":2,\"name\":\"Actualidad\",\"item\":\"https:\\\/\\\/candas365.es\\\/noticias\\\/category\\\/actualidad\\\/\",\"nextItem\":{\"@type\":\"ListItem\",\"@id\":\"https:\\\/\\\/candas365.es\\\/noticias\\\/la-tensa-situacion-politica-en-turquia-tambien-afecta-al-futbol\\\/#listItem\",\"name\":\"La tensa situaci\\u00f3n pol\\u00edtica en Turqu\\u00eda tambi\\u00e9n afecta al f\\u00fatbol\"},\"previousItem\":{\"@type\":\"ListItem\",\"@id\":\"https:\\\/\\\/candas365.es\\\/noticias#listItem\",\"name\":\"Home\"}},{\"@type\":\"ListItem\",\"@id\":\"https:\\\/\\\/candas365.es\\\/noticias\\\/la-tensa-situacion-politica-en-turquia-tambien-afecta-al-futbol\\\/#listItem\",\"position\":3,\"name\":\"La tensa situaci\\u00f3n pol\\u00edtica en Turqu\\u00eda tambi\\u00e9n afecta al f\\u00fatbol\",\"previousItem\":{\"@type\":\"ListItem\",\"@id\":\"https:\\\/\\\/candas365.es\\\/noticias\\\/category\\\/actualidad\\\/#listItem\",\"name\":\"Actualidad\"}}]},{\"@type\":\"NewsArticle\",\"@id\":\"https:\\\/\\\/candas365.es\\\/noticias\\\/la-tensa-situacion-politica-en-turquia-tambien-afecta-al-futbol\\\/#newsarticle\",\"name\":\"La tensa situaci\\u00f3n pol\\u00edtica en Turqu\\u00eda tambi\\u00e9n afecta al f\\u00fatbol | Cand\\u00e1s 365\",\"headline\":\"La tensa situaci\\u00f3n pol\\u00edtica en Turqu\\u00eda tambi\\u00e9n afecta al f\\u00fatbol\",\"author\":{\"@id\":\"https:\\\/\\\/candas365.es\\\/noticias\\\/author\\\/admin\\\/#author\"},\"publisher\":{\"@id\":\"https:\\\/\\\/candas365.es\\\/noticias\\\/#organization\"},\"image\":{\"@type\":\"ImageObject\",\"url\":\"https:\\\/\\\/candas365.es\\\/noticias\\\/wp-content\\\/uploads\\\/2015\\\/09\\\/c365noticias.jpg\",\"width\":655,\"height\":360},\"datePublished\":\"2016-07-30T00:06:01+02:00\",\"dateModified\":\"2016-07-30T00:06:01+02:00\",\"inLanguage\":\"es-ES\",\"mainEntityOfPage\":{\"@id\":\"https:\\\/\\\/candas365.es\\\/noticias\\\/la-tensa-situacion-politica-en-turquia-tambien-afecta-al-futbol\\\/#webpage\"},\"isPartOf\":{\"@id\":\"https:\\\/\\\/candas365.es\\\/noticias\\\/la-tensa-situacion-politica-en-turquia-tambien-afecta-al-futbol\\\/#webpage\"},\"articleSection\":\"Actualidad\",\"dateline\":\"Publicado el julio 30, 2016.\"},{\"@type\":\"Organization\",\"@id\":\"https:\\\/\\\/candas365.es\\\/noticias\\\/#organization\",\"name\":\"Cand\\u00e1s 365\",\"description\":\"Cand\\u00e1s 365 es un diario digital independiente, fundado en 2012, con base en Asturias. Informamos con rigor sobre actualidad, sociedad, cultura y ocio, con una mirada local y global.\",\"url\":\"https:\\\/\\\/candas365.es\\\/noticias\\\/\",\"email\":\"info@candas365.es\",\"telephone\":\"+34652131393\",\"foundingDate\":\"2012-06-10\",\"logo\":{\"@type\":\"ImageObject\",\"url\":\"https:\\\/\\\/candas365.es\\\/noticias\\\/wp-content\\\/uploads\\\/2024\\\/09\\\/Candas-365-Redes.jpg\",\"@id\":\"https:\\\/\\\/candas365.es\\\/noticias\\\/la-tensa-situacion-politica-en-turquia-tambien-afecta-al-futbol\\\/#organizationLogo\",\"width\":1152,\"height\":864,\"caption\":\"Cand\\u00e1s 365 Redes\"},\"image\":{\"@id\":\"https:\\\/\\\/candas365.es\\\/noticias\\\/la-tensa-situacion-politica-en-turquia-tambien-afecta-al-futbol\\\/#organizationLogo\"},\"sameAs\":[\"https:\\\/\\\/www.facebook.com\\\/Nachofdezber\",\"https:\\\/\\\/x.com\\\/NabercoDigital\",\"https:\\\/\\\/www.instagram.com\\\/nachofdezber\\\/\",\"https:\\\/\\\/www.youtube.com\\\/channel\\\/UCZP-2wLEB9Rv6erhFmqVnvg\"],\"address\":{\"@id\":\"https:\\\/\\\/candas365.es\\\/noticias\\\/#postaladdress\",\"@type\":\"PostalAddress\",\"streetAddress\":\"san antonio 4, san antonio 4\",\"postalCode\":\"33430\",\"addressLocality\":\"Cand\\u00e1s\",\"addressRegion\":\"Asturias\",\"addressCountry\":\"ES\"}},{\"@type\":\"Person\",\"@id\":\"https:\\\/\\\/candas365.es\\\/noticias\\\/author\\\/admin\\\/#author\",\"url\":\"https:\\\/\\\/candas365.es\\\/noticias\\\/author\\\/admin\\\/\",\"name\":\"Cand\\u00e1s 365\",\"image\":{\"@type\":\"ImageObject\",\"@id\":\"https:\\\/\\\/candas365.es\\\/noticias\\\/la-tensa-situacion-politica-en-turquia-tambien-afecta-al-futbol\\\/#authorImage\",\"url\":\"https:\\\/\\\/secure.gravatar.com\\\/avatar\\\/496a8e03d0c493ede1718b7934145dbdf8d89be1036b0eec9544e1094c9de390?s=96&d=mm&r=g\",\"width\":96,\"height\":96,\"caption\":\"Cand\\u00e1s 365\"},\"sameAs\":[\"https:\\\/\\\/www.facebook.com\\\/carrenoactualidad\",\"https:\\\/\\\/twitter.com\\\/nbasturias\",\"https:\\\/\\\/www.instagram.com\\\/nachofdezber\\\/\",\"https:\\\/\\\/www.youtube.com\\\/channel\\\/UCZP-2wLEB9Rv6erhFmqVnvg\"]},{\"@type\":\"WebPage\",\"@id\":\"https:\\\/\\\/candas365.es\\\/noticias\\\/la-tensa-situacion-politica-en-turquia-tambien-afecta-al-futbol\\\/#webpage\",\"url\":\"https:\\\/\\\/candas365.es\\\/noticias\\\/la-tensa-situacion-politica-en-turquia-tambien-afecta-al-futbol\\\/\",\"name\":\"La tensa situaci\\u00f3n pol\\u00edtica en Turqu\\u00eda tambi\\u00e9n afecta al f\\u00fatbol | Cand\\u00e1s 365\",\"description\":\"Estambul, 29 jul (dpa) - La tensa situaci\\u00f3n pol\\u00edtica en Turqu\\u00eda tras el atentado terrorista en el aeropuerto de Atat\\u00fcrk y el intento de golpe de Estado ha afectado mucho tambi\\u00e9n al f\\u00fatbol del pa\\u00eds, sobre todo en Estambul, ciudad donde se encuentran la mayor parte de los grandes clubes turcos. Hace tan s\\u00f3lo dos\",\"inLanguage\":\"es-ES\",\"isPartOf\":{\"@id\":\"https:\\\/\\\/candas365.es\\\/noticias\\\/#website\"},\"breadcrumb\":{\"@id\":\"https:\\\/\\\/candas365.es\\\/noticias\\\/la-tensa-situacion-politica-en-turquia-tambien-afecta-al-futbol\\\/#breadcrumblist\"},\"author\":{\"@id\":\"https:\\\/\\\/candas365.es\\\/noticias\\\/author\\\/admin\\\/#author\"},\"creator\":{\"@id\":\"https:\\\/\\\/candas365.es\\\/noticias\\\/author\\\/admin\\\/#author\"},\"image\":{\"@type\":\"ImageObject\",\"url\":\"https:\\\/\\\/candas365.es\\\/noticias\\\/wp-content\\\/uploads\\\/2015\\\/09\\\/c365noticias.jpg\",\"@id\":\"https:\\\/\\\/candas365.es\\\/noticias\\\/la-tensa-situacion-politica-en-turquia-tambien-afecta-al-futbol\\\/#mainImage\",\"width\":655,\"height\":360},\"primaryImageOfPage\":{\"@id\":\"https:\\\/\\\/candas365.es\\\/noticias\\\/la-tensa-situacion-politica-en-turquia-tambien-afecta-al-futbol\\\/#mainImage\"},\"datePublished\":\"2016-07-30T00:06:01+02:00\",\"dateModified\":\"2016-07-30T00:06:01+02:00\"},{\"@type\":\"WebSite\",\"@id\":\"https:\\\/\\\/candas365.es\\\/noticias\\\/#website\",\"url\":\"https:\\\/\\\/candas365.es\\\/noticias\\\/\",\"name\":\"Cand\\u00e1s 365\",\"alternateName\":\"Cand\\u00e1s 365 Noticias\",\"description\":\"Actualidad desde Carre\\u00f1o para el mundo\",\"inLanguage\":\"es-ES\",\"publisher\":{\"@id\":\"https:\\\/\\\/candas365.es\\\/noticias\\\/#organization\"}}]}\n\t\t<\/script>\n\t\t<!-- All in One SEO Pro -->\r\n\t\t<title>La tensa situaci\u00f3n pol\u00edtica en Turqu\u00eda tambi\u00e9n afecta al f\u00fatbol | Cand\u00e1s 365<\/title>\n\n","aioseo_head_json":{"title":"La tensa situaci\u00f3n pol\u00edtica en Turqu\u00eda tambi\u00e9n afecta al f\u00fatbol | Cand\u00e1s 365","description":"Estambul, 29 jul (dpa) - La tensa situaci\u00f3n pol\u00edtica en Turqu\u00eda tras el atentado terrorista en el aeropuerto de Atat\u00fcrk y el intento de golpe de Estado ha afectado mucho tambi\u00e9n al f\u00fatbol del pa\u00eds, sobre todo en Estambul, ciudad donde se encuentran la mayor parte de los grandes clubes turcos. Hace tan s\u00f3lo dos","canonical_url":"https:\/\/candas365.es\/noticias\/la-tensa-situacion-politica-en-turquia-tambien-afecta-al-futbol\/","robots":"max-image-preview:large","keywords":"actualidad","webmasterTools":{"google-site-verification":"UA-32230408-1","msvalidate.01":"354F3CDFB2DA171B47FBE9ABF1F88D5","miscellaneous":""},"schema":{"@context":"https:\/\/schema.org","@graph":[{"@type":"BreadcrumbList","@id":"https:\/\/candas365.es\/noticias\/la-tensa-situacion-politica-en-turquia-tambien-afecta-al-futbol\/#breadcrumblist","itemListElement":[{"@type":"ListItem","@id":"https:\/\/candas365.es\/noticias#listItem","position":1,"name":"Home","item":"https:\/\/candas365.es\/noticias","nextItem":{"@type":"ListItem","@id":"https:\/\/candas365.es\/noticias\/category\/actualidad\/#listItem","name":"Actualidad"}},{"@type":"ListItem","@id":"https:\/\/candas365.es\/noticias\/category\/actualidad\/#listItem","position":2,"name":"Actualidad","item":"https:\/\/candas365.es\/noticias\/category\/actualidad\/","nextItem":{"@type":"ListItem","@id":"https:\/\/candas365.es\/noticias\/la-tensa-situacion-politica-en-turquia-tambien-afecta-al-futbol\/#listItem","name":"La tensa situaci\u00f3n pol\u00edtica en Turqu\u00eda tambi\u00e9n afecta al f\u00fatbol"},"previousItem":{"@type":"ListItem","@id":"https:\/\/candas365.es\/noticias#listItem","name":"Home"}},{"@type":"ListItem","@id":"https:\/\/candas365.es\/noticias\/la-tensa-situacion-politica-en-turquia-tambien-afecta-al-futbol\/#listItem","position":3,"name":"La tensa situaci\u00f3n pol\u00edtica en Turqu\u00eda tambi\u00e9n afecta al f\u00fatbol","previousItem":{"@type":"ListItem","@id":"https:\/\/candas365.es\/noticias\/category\/actualidad\/#listItem","name":"Actualidad"}}]},{"@type":"NewsArticle","@id":"https:\/\/candas365.es\/noticias\/la-tensa-situacion-politica-en-turquia-tambien-afecta-al-futbol\/#newsarticle","name":"La tensa situaci\u00f3n pol\u00edtica en Turqu\u00eda tambi\u00e9n afecta al f\u00fatbol | Cand\u00e1s 365","headline":"La tensa situaci\u00f3n pol\u00edtica en Turqu\u00eda tambi\u00e9n afecta al f\u00fatbol","author":{"@id":"https:\/\/candas365.es\/noticias\/author\/admin\/#author"},"publisher":{"@id":"https:\/\/candas365.es\/noticias\/#organization"},"image":{"@type":"ImageObject","url":"https:\/\/candas365.es\/noticias\/wp-content\/uploads\/2015\/09\/c365noticias.jpg","width":655,"height":360},"datePublished":"2016-07-30T00:06:01+02:00","dateModified":"2016-07-30T00:06:01+02:00","inLanguage":"es-ES","mainEntityOfPage":{"@id":"https:\/\/candas365.es\/noticias\/la-tensa-situacion-politica-en-turquia-tambien-afecta-al-futbol\/#webpage"},"isPartOf":{"@id":"https:\/\/candas365.es\/noticias\/la-tensa-situacion-politica-en-turquia-tambien-afecta-al-futbol\/#webpage"},"articleSection":"Actualidad","dateline":"Publicado el julio 30, 2016."},{"@type":"Organization","@id":"https:\/\/candas365.es\/noticias\/#organization","name":"Cand\u00e1s 365","description":"Cand\u00e1s 365 es un diario digital independiente, fundado en 2012, con base en Asturias. Informamos con rigor sobre actualidad, sociedad, cultura y ocio, con una mirada local y global.","url":"https:\/\/candas365.es\/noticias\/","email":"info@candas365.es","telephone":"+34652131393","foundingDate":"2012-06-10","logo":{"@type":"ImageObject","url":"https:\/\/candas365.es\/noticias\/wp-content\/uploads\/2024\/09\/Candas-365-Redes.jpg","@id":"https:\/\/candas365.es\/noticias\/la-tensa-situacion-politica-en-turquia-tambien-afecta-al-futbol\/#organizationLogo","width":1152,"height":864,"caption":"Cand\u00e1s 365 Redes"},"image":{"@id":"https:\/\/candas365.es\/noticias\/la-tensa-situacion-politica-en-turquia-tambien-afecta-al-futbol\/#organizationLogo"},"sameAs":["https:\/\/www.facebook.com\/Nachofdezber","https:\/\/x.com\/NabercoDigital","https:\/\/www.instagram.com\/nachofdezber\/","https:\/\/www.youtube.com\/channel\/UCZP-2wLEB9Rv6erhFmqVnvg"],"address":{"@id":"https:\/\/candas365.es\/noticias\/#postaladdress","@type":"PostalAddress","streetAddress":"san antonio 4, san antonio 4","postalCode":"33430","addressLocality":"Cand\u00e1s","addressRegion":"Asturias","addressCountry":"ES"}},{"@type":"Person","@id":"https:\/\/candas365.es\/noticias\/author\/admin\/#author","url":"https:\/\/candas365.es\/noticias\/author\/admin\/","name":"Cand\u00e1s 365","image":{"@type":"ImageObject","@id":"https:\/\/candas365.es\/noticias\/la-tensa-situacion-politica-en-turquia-tambien-afecta-al-futbol\/#authorImage","url":"https:\/\/secure.gravatar.com\/avatar\/496a8e03d0c493ede1718b7934145dbdf8d89be1036b0eec9544e1094c9de390?s=96&d=mm&r=g","width":96,"height":96,"caption":"Cand\u00e1s 365"},"sameAs":["https:\/\/www.facebook.com\/carrenoactualidad","https:\/\/twitter.com\/nbasturias","https:\/\/www.instagram.com\/nachofdezber\/","https:\/\/www.youtube.com\/channel\/UCZP-2wLEB9Rv6erhFmqVnvg"]},{"@type":"WebPage","@id":"https:\/\/candas365.es\/noticias\/la-tensa-situacion-politica-en-turquia-tambien-afecta-al-futbol\/#webpage","url":"https:\/\/candas365.es\/noticias\/la-tensa-situacion-politica-en-turquia-tambien-afecta-al-futbol\/","name":"La tensa situaci\u00f3n pol\u00edtica en Turqu\u00eda tambi\u00e9n afecta al f\u00fatbol | Cand\u00e1s 365","description":"Estambul, 29 jul (dpa) - La tensa situaci\u00f3n pol\u00edtica en Turqu\u00eda tras el atentado terrorista en el aeropuerto de Atat\u00fcrk y el intento de golpe de Estado ha afectado mucho tambi\u00e9n al f\u00fatbol del pa\u00eds, sobre todo en Estambul, ciudad donde se encuentran la mayor parte de los grandes clubes turcos. Hace tan s\u00f3lo dos","inLanguage":"es-ES","isPartOf":{"@id":"https:\/\/candas365.es\/noticias\/#website"},"breadcrumb":{"@id":"https:\/\/candas365.es\/noticias\/la-tensa-situacion-politica-en-turquia-tambien-afecta-al-futbol\/#breadcrumblist"},"author":{"@id":"https:\/\/candas365.es\/noticias\/author\/admin\/#author"},"creator":{"@id":"https:\/\/candas365.es\/noticias\/author\/admin\/#author"},"image":{"@type":"ImageObject","url":"https:\/\/candas365.es\/noticias\/wp-content\/uploads\/2015\/09\/c365noticias.jpg","@id":"https:\/\/candas365.es\/noticias\/la-tensa-situacion-politica-en-turquia-tambien-afecta-al-futbol\/#mainImage","width":655,"height":360},"primaryImageOfPage":{"@id":"https:\/\/candas365.es\/noticias\/la-tensa-situacion-politica-en-turquia-tambien-afecta-al-futbol\/#mainImage"},"datePublished":"2016-07-30T00:06:01+02:00","dateModified":"2016-07-30T00:06:01+02:00"},{"@type":"WebSite","@id":"https:\/\/candas365.es\/noticias\/#website","url":"https:\/\/candas365.es\/noticias\/","name":"Cand\u00e1s 365","alternateName":"Cand\u00e1s 365 Noticias","description":"Actualidad desde Carre\u00f1o para el mundo","inLanguage":"es-ES","publisher":{"@id":"https:\/\/candas365.es\/noticias\/#organization"}}]},"og:locale":"es_ES","og:site_name":"Cand\u00e1s 365","og:type":"article","og:title":"La tensa situaci\u00f3n pol\u00edtica en Turqu\u00eda tambi\u00e9n afecta al f\u00fatbol | Cand\u00e1s 365","og:description":"Estambul, 29 jul (dpa) - La tensa situaci\u00f3n pol\u00edtica en Turqu\u00eda tras el atentado terrorista en el aeropuerto de Atat\u00fcrk y el intento de golpe de Estado ha afectado mucho tambi\u00e9n al f\u00fatbol del pa\u00eds, sobre todo en Estambul, ciudad donde se encuentran la mayor parte de los grandes clubes turcos. Hace tan s\u00f3lo dos","og:url":"https:\/\/candas365.es\/noticias\/la-tensa-situacion-politica-en-turquia-tambien-afecta-al-futbol\/","og:image":"https:\/\/candas365.es\/noticias\/wp-content\/uploads\/2015\/09\/c365noticias.jpg","og:image:secure_url":"https:\/\/candas365.es\/noticias\/wp-content\/uploads\/2015\/09\/c365noticias.jpg","og:image:width":655,"og:image:height":360,"article:published_time":"2016-07-29T22:36:01+00:00","article:modified_time":"2016-07-29T22:36:01+00:00","article:publisher":"https:\/\/www.facebook.com\/Nachofdezber","article:author":"https:\/\/www.facebook.com\/carrenoactualidad","twitter:card":"summary_large_image","twitter:site":"@NabercoDigital","twitter:title":"La tensa situaci\u00f3n pol\u00edtica en Turqu\u00eda tambi\u00e9n afecta al f\u00fatbol | Cand\u00e1s 365","twitter:description":"Estambul, 29 jul (dpa) - La tensa situaci\u00f3n pol\u00edtica en Turqu\u00eda tras el atentado terrorista en el aeropuerto de Atat\u00fcrk y el intento de golpe de Estado ha afectado mucho tambi\u00e9n al f\u00fatbol del pa\u00eds, sobre todo en Estambul, ciudad donde se encuentran la mayor parte de los grandes clubes turcos. Hace tan s\u00f3lo dos","twitter:creator":"@nbasturias","twitter:image":"https:\/\/candas365.es\/noticias\/wp-content\/uploads\/2015\/09\/c365noticias.jpg","twitter:label1":"Escrito por","twitter:data1":"Cand\u00e1s 365","twitter:label2":"Tiempo de lectura estimado","twitter:data2":"3 minutos"},"aioseo_meta_data":{"post_id":"32903","title":null,"description":null,"keywords":null,"keyphrases":null,"primary_term":null,"canonical_url":null,"og_title":null,"og_description":null,"og_object_type":"default","og_image_type":"default","og_image_url":null,"og_image_width":null,"og_image_height":null,"og_image_custom_url":null,"og_image_custom_fields":null,"og_video":null,"og_custom_url":null,"og_article_section":null,"og_article_tags":null,"twitter_use_og":false,"twitter_card":"default","twitter_image_type":"default","twitter_image_url":null,"twitter_image_custom_url":null,"twitter_image_custom_fields":null,"twitter_title":null,"twitter_description":null,"schema":{"blockGraphs":[],"customGraphs":[],"default":{"data":{"Article":[],"Course":[],"Dataset":[],"FAQPage":[],"Movie":[],"Person":[],"Product":[],"ProductReview":[],"Car":[],"Recipe":[],"Service":[],"SoftwareApplication":[],"WebPage":[]},"graphName":"","isEnabled":true},"graphs":[],"defaultGraph":"","defaultPostTypeGraph":""},"schema_type":null,"schema_type_options":null,"pillar_content":false,"robots_default":true,"robots_noindex":false,"robots_noarchive":false,"robots_nosnippet":false,"robots_nofollow":false,"robots_noimageindex":false,"robots_noodp":false,"robots_notranslate":false,"robots_max_snippet":null,"robots_max_videopreview":null,"robots_max_imagepreview":"large","priority":null,"frequency":null,"location":null,"local_seo":null,"seo_analyzer_scan_date":"2025-08-24 16:05:09","breadcrumb_settings":null,"limit_modified_date":false,"reviewed_by":null,"open_ai":null,"ai":null,"created":"2020-12-21 13:05:33","updated":"2025-08-24 16:05:09"},"aioseo_breadcrumb":"<div class=\"aioseo-breadcrumbs\"><span class=\"aioseo-breadcrumb\">\n\t<a href=\"https:\/\/candas365.es\/noticias\" title=\"Home\">Home<\/a>\n<\/span><span class=\"aioseo-breadcrumb-separator\">&ndash;<\/span><span class=\"aioseo-breadcrumb\">\n\t<a href=\"https:\/\/candas365.es\/noticias\/category\/actualidad\/\" title=\"Actualidad\">Actualidad<\/a>\n<\/span><span class=\"aioseo-breadcrumb-separator\">&ndash;<\/span><span class=\"aioseo-breadcrumb\">\n\tLa tensa situaci\u00f3n pol\u00edtica en Turqu\u00eda tambi\u00e9n afecta al f\u00fatbol\n<\/span><\/div>","aioseo_breadcrumb_json":[{"label":"Home","link":"https:\/\/candas365.es\/noticias"},{"label":"Actualidad","link":"https:\/\/candas365.es\/noticias\/category\/actualidad\/"},{"label":"La tensa situaci\u00f3n pol\u00edtica en Turqu\u00eda tambi\u00e9n afecta al f\u00fatbol","link":"https:\/\/candas365.es\/noticias\/la-tensa-situacion-politica-en-turquia-tambien-afecta-al-futbol\/"}],"_links":{"self":[{"href":"https:\/\/candas365.es\/noticias\/wp-json\/wp\/v2\/posts\/32903","targetHints":{"allow":["GET"]}}],"collection":[{"href":"https:\/\/candas365.es\/noticias\/wp-json\/wp\/v2\/posts"}],"about":[{"href":"https:\/\/candas365.es\/noticias\/wp-json\/wp\/v2\/types\/post"}],"author":[{"embeddable":true,"href":"https:\/\/candas365.es\/noticias\/wp-json\/wp\/v2\/users\/1"}],"replies":[{"embeddable":true,"href":"https:\/\/candas365.es\/noticias\/wp-json\/wp\/v2\/comments?post=32903"}],"version-history":[{"count":0,"href":"https:\/\/candas365.es\/noticias\/wp-json\/wp\/v2\/posts\/32903\/revisions"}],"wp:featuredmedia":[{"embeddable":true,"href":"https:\/\/candas365.es\/noticias\/wp-json\/wp\/v2\/media\/16457"}],"wp:attachment":[{"href":"https:\/\/candas365.es\/noticias\/wp-json\/wp\/v2\/media?parent=32903"}],"wp:term":[{"taxonomy":"category","embeddable":true,"href":"https:\/\/candas365.es\/noticias\/wp-json\/wp\/v2\/categories?post=32903"},{"taxonomy":"post_tag","embeddable":true,"href":"https:\/\/candas365.es\/noticias\/wp-json\/wp\/v2\/tags?post=32903"}],"curies":[{"name":"wp","href":"https:\/\/api.w.org\/{rel}","templated":true}]}}