{"id":32901,"date":"2016-07-30T00:05:04","date_gmt":"2016-07-29T22:35:04","guid":{"rendered":"http:\/\/candas365.es\/noticias\/?p=32901"},"modified":"2016-07-30T00:05:04","modified_gmt":"2016-07-29T22:35:04","slug":"golpe-del-constitucional-espanol-a-las-victimas-de-la-talidomida","status":"publish","type":"post","link":"https:\/\/candas365.es\/noticias\/golpe-del-constitucional-espanol-a-las-victimas-de-la-talidomida\/","title":{"rendered":"Golpe del Constitucional espa\u00f1ol a las v\u00edctimas de la talidomida"},"content":{"rendered":"<p>El Tribunal Constitucional de Espa\u00f1a tumb\u00f3 ayer la esperanza de las v\u00edctimas espa\u00f1olas de la talidomida, que hab\u00edan solicitado una indemnizaci\u00f3n al laboratorio alem\u00e1n que comercializ\u00f3 el f\u00e1rmaco por las malformaciones f\u00edsicas que el medicamento les caus\u00f3.<\/p>\n<p>El alto tribunal decidi\u00f3 no admitir el recurso presentado contra la sentencia del Tribunal Supremo, que en septiembre neg\u00f3 el derecho de los afectados a compensaciones por parte de Gr\u00fcnenthal. Era la \u00faltima opci\u00f3n judicial que les quedaba en Espa\u00f1a.<\/p>\n<p>\u00abEl laboratorio que asesin\u00f3 y mutil\u00f3 a m\u00e1s de 3.000 personas en Espa\u00f1a ha salido indemne\u00bb, dijo a dpa el presidente de la Asociaci\u00f3n espa\u00f1ola de V\u00edctimas de la Talidomida, Jos\u00e9 Riquelme.<\/p>\n<p>El afectado avanz\u00f3 que las v\u00edctimas no abandonar\u00e1n hasta conseguir su objetivo y que recurrir\u00e1n ante el Tribunal Europeo de Derechos Humanos. \u00abLa \u00e9tica y la moral no prescriben\u00bb, destac\u00f3.<\/p>\n<p>El juicio por el esc\u00e1ndalo de la talidomida en Espa\u00f1a se celebr\u00f3 en 2013. Unas 180 v\u00edctimas del pa\u00eds reclamaron 204 millones de euros de indemnizaci\u00f3n al laboratorio alem\u00e1n, que pidi\u00f3 la desestimaci\u00f3n de la demanda al considerar los hechos prescritos.<\/p>\n<p>Poco despu\u00e9s, una juez de Madrid dio la raz\u00f3n a los afectados al considerar que Gr\u00fcnenthal \u00abtuvo un comportamiento negligente\u00bb por distribuir el f\u00e1rmaco en Espa\u00f1a a sabiendas de sus efectos \u00abnocivos\u00bb.<\/p>\n<p>Pero la Audiencia Provincial de Madrid dio la vuelta a la situaci\u00f3n al estimar el recurso interpuesto por la farmac\u00e9utica y considerar prescrito el caso por el tiempo transcurrido. El Supremo lo ratific\u00f3.<\/p>\n<p>La talidomida afect\u00f3 desde mediados del siglo XX a miles reci\u00e9n nacidos de todo el mundo al comercializarse para paliar las n\u00e1useas de mujeres embarazadas. En 1961, el f\u00e1rmaco fue retirado del mercado alem\u00e1n al comprobarse una serie de efectos secundarios, pero en Espa\u00f1a continu\u00f3 distribuy\u00e9ndose.<\/p>\n<p>La mayor parte de los afectados sufre malformaciones en brazos y piernas y tambi\u00e9n da\u00f1os en \u00f3rganos, especialmente internos.<\/p>\n","protected":false},"excerpt":{"rendered":"<p>El Tribunal Constitucional de Espa\u00f1a tumb\u00f3 ayer la esperanza de las v\u00edctimas espa\u00f1olas de la talidomida, que hab\u00edan solicitado una indemnizaci\u00f3n al laboratorio alem\u00e1n que comercializ\u00f3 el f\u00e1rmaco por las malformaciones f\u00edsicas que el medicamento les caus\u00f3. El alto tribunal decidi\u00f3 no admitir el recurso presentado contra la sentencia del Tribunal Supremo, que en septiembre<\/p>\n","protected":false},"author":1,"featured_media":16457,"comment_status":"closed","ping_status":"closed","sticky":false,"template":"","format":"standard","meta":{"footnotes":""},"categories":[343],"tags":[],"class_list":{"0":"post-32901","1":"post","2":"type-post","3":"status-publish","4":"format-standard","5":"has-post-thumbnail","7":"category-actualidad"},"aioseo_notices":[],"aioseo_head":"\n\t\t<!-- All in One SEO Pro 4.9.6.2 - aioseo.com -->\n\t<meta name=\"description\" content=\"El Tribunal Constitucional de Espa\u00f1a tumb\u00f3 ayer la esperanza de las v\u00edctimas espa\u00f1olas de la talidomida, que hab\u00edan solicitado una indemnizaci\u00f3n al laboratorio alem\u00e1n que comercializ\u00f3 el f\u00e1rmaco por las malformaciones f\u00edsicas que el medicamento les caus\u00f3. El alto tribunal decidi\u00f3 no admitir el recurso presentado contra la sentencia del Tribunal Supremo, que en septiembre\" \/>\n\t<meta name=\"robots\" content=\"max-image-preview:large\" \/>\n\t<meta name=\"author\" content=\"Cand\u00e1s 365\"\/>\n\t<meta name=\"google-site-verification\" content=\"UA-32230408-1\" \/>\n\t<meta name=\"msvalidate.01\" content=\"354F3CDFB2DA171B47FBE9ABF1F88D5\" \/>\n\t<meta name=\"keywords\" content=\"actualidad\" \/>\n\t<link rel=\"canonical\" href=\"https:\/\/candas365.es\/noticias\/golpe-del-constitucional-espanol-a-las-victimas-de-la-talidomida\/\" \/>\n\t<meta name=\"generator\" content=\"All in One SEO Pro (AIOSEO) 4.9.6.2\" \/>\n\t\t<meta property=\"og:locale\" content=\"es_ES\" \/>\n\t\t<meta property=\"og:site_name\" content=\"Cand\u00e1s 365\" \/>\n\t\t<meta property=\"og:type\" content=\"article\" \/>\n\t\t<meta property=\"og:title\" content=\"Golpe del Constitucional espa\u00f1ol a las v\u00edctimas de la talidomida | Cand\u00e1s 365\" \/>\n\t\t<meta property=\"og:description\" content=\"El Tribunal Constitucional de Espa\u00f1a tumb\u00f3 ayer la esperanza de las v\u00edctimas espa\u00f1olas de la talidomida, que hab\u00edan solicitado una indemnizaci\u00f3n al laboratorio alem\u00e1n que comercializ\u00f3 el f\u00e1rmaco por las malformaciones f\u00edsicas que el medicamento les caus\u00f3. El alto tribunal decidi\u00f3 no admitir el recurso presentado contra la sentencia del Tribunal Supremo, que en septiembre\" \/>\n\t\t<meta property=\"og:url\" content=\"https:\/\/candas365.es\/noticias\/golpe-del-constitucional-espanol-a-las-victimas-de-la-talidomida\/\" \/>\n\t\t<meta property=\"og:image\" content=\"https:\/\/candas365.es\/noticias\/wp-content\/uploads\/2015\/09\/c365noticias.jpg\" \/>\n\t\t<meta property=\"og:image:secure_url\" content=\"https:\/\/candas365.es\/noticias\/wp-content\/uploads\/2015\/09\/c365noticias.jpg\" \/>\n\t\t<meta property=\"og:image:width\" content=\"655\" \/>\n\t\t<meta property=\"og:image:height\" content=\"360\" \/>\n\t\t<meta property=\"article:published_time\" content=\"2016-07-29T22:35:04+00:00\" \/>\n\t\t<meta property=\"article:modified_time\" content=\"2016-07-29T22:35:04+00:00\" \/>\n\t\t<meta property=\"article:publisher\" content=\"https:\/\/www.facebook.com\/Nachofdezber\" \/>\n\t\t<meta property=\"article:author\" content=\"https:\/\/www.facebook.com\/carrenoactualidad\" \/>\n\t\t<meta name=\"twitter:card\" content=\"summary_large_image\" \/>\n\t\t<meta name=\"twitter:site\" content=\"@NabercoDigital\" \/>\n\t\t<meta name=\"twitter:title\" content=\"Golpe del Constitucional espa\u00f1ol a las v\u00edctimas de la talidomida | Cand\u00e1s 365\" \/>\n\t\t<meta name=\"twitter:description\" content=\"El Tribunal Constitucional de Espa\u00f1a tumb\u00f3 ayer la esperanza de las v\u00edctimas espa\u00f1olas de la talidomida, que hab\u00edan solicitado una indemnizaci\u00f3n al laboratorio alem\u00e1n que comercializ\u00f3 el f\u00e1rmaco por las malformaciones f\u00edsicas que el medicamento les caus\u00f3. El alto tribunal decidi\u00f3 no admitir el recurso presentado contra la sentencia del Tribunal Supremo, que en septiembre\" \/>\n\t\t<meta name=\"twitter:creator\" content=\"@nbasturias\" \/>\n\t\t<meta name=\"twitter:image\" content=\"https:\/\/candas365.es\/noticias\/wp-content\/uploads\/2015\/09\/c365noticias.jpg\" \/>\n\t\t<meta name=\"twitter:label1\" content=\"Escrito por\" \/>\n\t\t<meta name=\"twitter:data1\" content=\"Cand\u00e1s 365\" \/>\n\t\t<meta name=\"twitter:label2\" content=\"Tiempo de lectura estimado\" \/>\n\t\t<meta name=\"twitter:data2\" content=\"2 minutos\" \/>\n\t\t<script type=\"application\/ld+json\" class=\"aioseo-schema\">\n\t\t\t{\"@context\":\"https:\\\/\\\/schema.org\",\"@graph\":[{\"@type\":\"BreadcrumbList\",\"@id\":\"https:\\\/\\\/candas365.es\\\/noticias\\\/golpe-del-constitucional-espanol-a-las-victimas-de-la-talidomida\\\/#breadcrumblist\",\"itemListElement\":[{\"@type\":\"ListItem\",\"@id\":\"https:\\\/\\\/candas365.es\\\/noticias#listItem\",\"position\":1,\"name\":\"Home\",\"item\":\"https:\\\/\\\/candas365.es\\\/noticias\",\"nextItem\":{\"@type\":\"ListItem\",\"@id\":\"https:\\\/\\\/candas365.es\\\/noticias\\\/category\\\/actualidad\\\/#listItem\",\"name\":\"Actualidad\"}},{\"@type\":\"ListItem\",\"@id\":\"https:\\\/\\\/candas365.es\\\/noticias\\\/category\\\/actualidad\\\/#listItem\",\"position\":2,\"name\":\"Actualidad\",\"item\":\"https:\\\/\\\/candas365.es\\\/noticias\\\/category\\\/actualidad\\\/\",\"nextItem\":{\"@type\":\"ListItem\",\"@id\":\"https:\\\/\\\/candas365.es\\\/noticias\\\/golpe-del-constitucional-espanol-a-las-victimas-de-la-talidomida\\\/#listItem\",\"name\":\"Golpe del Constitucional espa\\u00f1ol a las v\\u00edctimas de la talidomida\"},\"previousItem\":{\"@type\":\"ListItem\",\"@id\":\"https:\\\/\\\/candas365.es\\\/noticias#listItem\",\"name\":\"Home\"}},{\"@type\":\"ListItem\",\"@id\":\"https:\\\/\\\/candas365.es\\\/noticias\\\/golpe-del-constitucional-espanol-a-las-victimas-de-la-talidomida\\\/#listItem\",\"position\":3,\"name\":\"Golpe del Constitucional espa\\u00f1ol a las v\\u00edctimas de la talidomida\",\"previousItem\":{\"@type\":\"ListItem\",\"@id\":\"https:\\\/\\\/candas365.es\\\/noticias\\\/category\\\/actualidad\\\/#listItem\",\"name\":\"Actualidad\"}}]},{\"@type\":\"NewsArticle\",\"@id\":\"https:\\\/\\\/candas365.es\\\/noticias\\\/golpe-del-constitucional-espanol-a-las-victimas-de-la-talidomida\\\/#newsarticle\",\"name\":\"Golpe del Constitucional espa\\u00f1ol a las v\\u00edctimas de la talidomida | Cand\\u00e1s 365\",\"headline\":\"Golpe del Constitucional espa\\u00f1ol a las v\\u00edctimas de la talidomida\",\"author\":{\"@id\":\"https:\\\/\\\/candas365.es\\\/noticias\\\/author\\\/admin\\\/#author\"},\"publisher\":{\"@id\":\"https:\\\/\\\/candas365.es\\\/noticias\\\/#organization\"},\"image\":{\"@type\":\"ImageObject\",\"url\":\"https:\\\/\\\/candas365.es\\\/noticias\\\/wp-content\\\/uploads\\\/2015\\\/09\\\/c365noticias.jpg\",\"width\":655,\"height\":360},\"datePublished\":\"2016-07-30T00:05:04+02:00\",\"dateModified\":\"2016-07-30T00:05:04+02:00\",\"inLanguage\":\"es-ES\",\"mainEntityOfPage\":{\"@id\":\"https:\\\/\\\/candas365.es\\\/noticias\\\/golpe-del-constitucional-espanol-a-las-victimas-de-la-talidomida\\\/#webpage\"},\"isPartOf\":{\"@id\":\"https:\\\/\\\/candas365.es\\\/noticias\\\/golpe-del-constitucional-espanol-a-las-victimas-de-la-talidomida\\\/#webpage\"},\"articleSection\":\"Actualidad\",\"dateline\":\"Publicado el julio 30, 2016.\"},{\"@type\":\"Organization\",\"@id\":\"https:\\\/\\\/candas365.es\\\/noticias\\\/#organization\",\"name\":\"Cand\\u00e1s 365\",\"description\":\"Cand\\u00e1s 365 es un diario digital independiente, fundado en 2012, con base en Asturias. Informamos con rigor sobre actualidad, sociedad, cultura y ocio, con una mirada local y global.\",\"url\":\"https:\\\/\\\/candas365.es\\\/noticias\\\/\",\"email\":\"info@candas365.es\",\"telephone\":\"+34652131393\",\"foundingDate\":\"2012-06-10\",\"logo\":{\"@type\":\"ImageObject\",\"url\":\"https:\\\/\\\/candas365.es\\\/noticias\\\/wp-content\\\/uploads\\\/2024\\\/09\\\/Candas-365-Redes.jpg\",\"@id\":\"https:\\\/\\\/candas365.es\\\/noticias\\\/golpe-del-constitucional-espanol-a-las-victimas-de-la-talidomida\\\/#organizationLogo\",\"width\":1152,\"height\":864,\"caption\":\"Cand\\u00e1s 365 Redes\"},\"image\":{\"@id\":\"https:\\\/\\\/candas365.es\\\/noticias\\\/golpe-del-constitucional-espanol-a-las-victimas-de-la-talidomida\\\/#organizationLogo\"},\"sameAs\":[\"https:\\\/\\\/www.facebook.com\\\/Nachofdezber\",\"https:\\\/\\\/x.com\\\/NabercoDigital\",\"https:\\\/\\\/www.instagram.com\\\/nachofdezber\\\/\",\"https:\\\/\\\/www.youtube.com\\\/channel\\\/UCZP-2wLEB9Rv6erhFmqVnvg\"],\"address\":{\"@id\":\"https:\\\/\\\/candas365.es\\\/noticias\\\/#postaladdress\",\"@type\":\"PostalAddress\",\"streetAddress\":\"san antonio 4, san antonio 4\",\"postalCode\":\"33430\",\"addressLocality\":\"Cand\\u00e1s\",\"addressRegion\":\"Asturias\",\"addressCountry\":\"ES\"}},{\"@type\":\"Person\",\"@id\":\"https:\\\/\\\/candas365.es\\\/noticias\\\/author\\\/admin\\\/#author\",\"url\":\"https:\\\/\\\/candas365.es\\\/noticias\\\/author\\\/admin\\\/\",\"name\":\"Cand\\u00e1s 365\",\"image\":{\"@type\":\"ImageObject\",\"@id\":\"https:\\\/\\\/candas365.es\\\/noticias\\\/golpe-del-constitucional-espanol-a-las-victimas-de-la-talidomida\\\/#authorImage\",\"url\":\"https:\\\/\\\/secure.gravatar.com\\\/avatar\\\/496a8e03d0c493ede1718b7934145dbdf8d89be1036b0eec9544e1094c9de390?s=96&d=mm&r=g\",\"width\":96,\"height\":96,\"caption\":\"Cand\\u00e1s 365\"},\"sameAs\":[\"https:\\\/\\\/www.facebook.com\\\/carrenoactualidad\",\"https:\\\/\\\/twitter.com\\\/nbasturias\",\"https:\\\/\\\/www.instagram.com\\\/nachofdezber\\\/\",\"https:\\\/\\\/www.youtube.com\\\/channel\\\/UCZP-2wLEB9Rv6erhFmqVnvg\"]},{\"@type\":\"WebPage\",\"@id\":\"https:\\\/\\\/candas365.es\\\/noticias\\\/golpe-del-constitucional-espanol-a-las-victimas-de-la-talidomida\\\/#webpage\",\"url\":\"https:\\\/\\\/candas365.es\\\/noticias\\\/golpe-del-constitucional-espanol-a-las-victimas-de-la-talidomida\\\/\",\"name\":\"Golpe del Constitucional espa\\u00f1ol a las v\\u00edctimas de la talidomida | Cand\\u00e1s 365\",\"description\":\"El Tribunal Constitucional de Espa\\u00f1a tumb\\u00f3 ayer la esperanza de las v\\u00edctimas espa\\u00f1olas de la talidomida, que hab\\u00edan solicitado una indemnizaci\\u00f3n al laboratorio alem\\u00e1n que comercializ\\u00f3 el f\\u00e1rmaco por las malformaciones f\\u00edsicas que el medicamento les caus\\u00f3. El alto tribunal decidi\\u00f3 no admitir el recurso presentado contra la sentencia del Tribunal Supremo, que en septiembre\",\"inLanguage\":\"es-ES\",\"isPartOf\":{\"@id\":\"https:\\\/\\\/candas365.es\\\/noticias\\\/#website\"},\"breadcrumb\":{\"@id\":\"https:\\\/\\\/candas365.es\\\/noticias\\\/golpe-del-constitucional-espanol-a-las-victimas-de-la-talidomida\\\/#breadcrumblist\"},\"author\":{\"@id\":\"https:\\\/\\\/candas365.es\\\/noticias\\\/author\\\/admin\\\/#author\"},\"creator\":{\"@id\":\"https:\\\/\\\/candas365.es\\\/noticias\\\/author\\\/admin\\\/#author\"},\"image\":{\"@type\":\"ImageObject\",\"url\":\"https:\\\/\\\/candas365.es\\\/noticias\\\/wp-content\\\/uploads\\\/2015\\\/09\\\/c365noticias.jpg\",\"@id\":\"https:\\\/\\\/candas365.es\\\/noticias\\\/golpe-del-constitucional-espanol-a-las-victimas-de-la-talidomida\\\/#mainImage\",\"width\":655,\"height\":360},\"primaryImageOfPage\":{\"@id\":\"https:\\\/\\\/candas365.es\\\/noticias\\\/golpe-del-constitucional-espanol-a-las-victimas-de-la-talidomida\\\/#mainImage\"},\"datePublished\":\"2016-07-30T00:05:04+02:00\",\"dateModified\":\"2016-07-30T00:05:04+02:00\"},{\"@type\":\"WebSite\",\"@id\":\"https:\\\/\\\/candas365.es\\\/noticias\\\/#website\",\"url\":\"https:\\\/\\\/candas365.es\\\/noticias\\\/\",\"name\":\"Cand\\u00e1s 365\",\"alternateName\":\"Cand\\u00e1s 365 Noticias\",\"description\":\"Actualidad desde Carre\\u00f1o para el mundo\",\"inLanguage\":\"es-ES\",\"publisher\":{\"@id\":\"https:\\\/\\\/candas365.es\\\/noticias\\\/#organization\"}}]}\n\t\t<\/script>\n\t\t<!-- All in One SEO Pro -->\r\n\t\t<title>Golpe del Constitucional espa\u00f1ol a las v\u00edctimas de la talidomida | Cand\u00e1s 365<\/title>\n\n","aioseo_head_json":{"title":"Golpe del Constitucional espa\u00f1ol a las v\u00edctimas de la talidomida | Cand\u00e1s 365","description":"El Tribunal Constitucional de Espa\u00f1a tumb\u00f3 ayer la esperanza de las v\u00edctimas espa\u00f1olas de la talidomida, que hab\u00edan solicitado una indemnizaci\u00f3n al laboratorio alem\u00e1n que comercializ\u00f3 el f\u00e1rmaco por las malformaciones f\u00edsicas que el medicamento les caus\u00f3. El alto tribunal decidi\u00f3 no admitir el recurso presentado contra la sentencia del Tribunal Supremo, que en septiembre","canonical_url":"https:\/\/candas365.es\/noticias\/golpe-del-constitucional-espanol-a-las-victimas-de-la-talidomida\/","robots":"max-image-preview:large","keywords":"actualidad","webmasterTools":{"google-site-verification":"UA-32230408-1","msvalidate.01":"354F3CDFB2DA171B47FBE9ABF1F88D5","miscellaneous":""},"schema":{"@context":"https:\/\/schema.org","@graph":[{"@type":"BreadcrumbList","@id":"https:\/\/candas365.es\/noticias\/golpe-del-constitucional-espanol-a-las-victimas-de-la-talidomida\/#breadcrumblist","itemListElement":[{"@type":"ListItem","@id":"https:\/\/candas365.es\/noticias#listItem","position":1,"name":"Home","item":"https:\/\/candas365.es\/noticias","nextItem":{"@type":"ListItem","@id":"https:\/\/candas365.es\/noticias\/category\/actualidad\/#listItem","name":"Actualidad"}},{"@type":"ListItem","@id":"https:\/\/candas365.es\/noticias\/category\/actualidad\/#listItem","position":2,"name":"Actualidad","item":"https:\/\/candas365.es\/noticias\/category\/actualidad\/","nextItem":{"@type":"ListItem","@id":"https:\/\/candas365.es\/noticias\/golpe-del-constitucional-espanol-a-las-victimas-de-la-talidomida\/#listItem","name":"Golpe del Constitucional espa\u00f1ol a las v\u00edctimas de la talidomida"},"previousItem":{"@type":"ListItem","@id":"https:\/\/candas365.es\/noticias#listItem","name":"Home"}},{"@type":"ListItem","@id":"https:\/\/candas365.es\/noticias\/golpe-del-constitucional-espanol-a-las-victimas-de-la-talidomida\/#listItem","position":3,"name":"Golpe del Constitucional espa\u00f1ol a las v\u00edctimas de la talidomida","previousItem":{"@type":"ListItem","@id":"https:\/\/candas365.es\/noticias\/category\/actualidad\/#listItem","name":"Actualidad"}}]},{"@type":"NewsArticle","@id":"https:\/\/candas365.es\/noticias\/golpe-del-constitucional-espanol-a-las-victimas-de-la-talidomida\/#newsarticle","name":"Golpe del Constitucional espa\u00f1ol a las v\u00edctimas de la talidomida | Cand\u00e1s 365","headline":"Golpe del Constitucional espa\u00f1ol a las v\u00edctimas de la talidomida","author":{"@id":"https:\/\/candas365.es\/noticias\/author\/admin\/#author"},"publisher":{"@id":"https:\/\/candas365.es\/noticias\/#organization"},"image":{"@type":"ImageObject","url":"https:\/\/candas365.es\/noticias\/wp-content\/uploads\/2015\/09\/c365noticias.jpg","width":655,"height":360},"datePublished":"2016-07-30T00:05:04+02:00","dateModified":"2016-07-30T00:05:04+02:00","inLanguage":"es-ES","mainEntityOfPage":{"@id":"https:\/\/candas365.es\/noticias\/golpe-del-constitucional-espanol-a-las-victimas-de-la-talidomida\/#webpage"},"isPartOf":{"@id":"https:\/\/candas365.es\/noticias\/golpe-del-constitucional-espanol-a-las-victimas-de-la-talidomida\/#webpage"},"articleSection":"Actualidad","dateline":"Publicado el julio 30, 2016."},{"@type":"Organization","@id":"https:\/\/candas365.es\/noticias\/#organization","name":"Cand\u00e1s 365","description":"Cand\u00e1s 365 es un diario digital independiente, fundado en 2012, con base en Asturias. Informamos con rigor sobre actualidad, sociedad, cultura y ocio, con una mirada local y global.","url":"https:\/\/candas365.es\/noticias\/","email":"info@candas365.es","telephone":"+34652131393","foundingDate":"2012-06-10","logo":{"@type":"ImageObject","url":"https:\/\/candas365.es\/noticias\/wp-content\/uploads\/2024\/09\/Candas-365-Redes.jpg","@id":"https:\/\/candas365.es\/noticias\/golpe-del-constitucional-espanol-a-las-victimas-de-la-talidomida\/#organizationLogo","width":1152,"height":864,"caption":"Cand\u00e1s 365 Redes"},"image":{"@id":"https:\/\/candas365.es\/noticias\/golpe-del-constitucional-espanol-a-las-victimas-de-la-talidomida\/#organizationLogo"},"sameAs":["https:\/\/www.facebook.com\/Nachofdezber","https:\/\/x.com\/NabercoDigital","https:\/\/www.instagram.com\/nachofdezber\/","https:\/\/www.youtube.com\/channel\/UCZP-2wLEB9Rv6erhFmqVnvg"],"address":{"@id":"https:\/\/candas365.es\/noticias\/#postaladdress","@type":"PostalAddress","streetAddress":"san antonio 4, san antonio 4","postalCode":"33430","addressLocality":"Cand\u00e1s","addressRegion":"Asturias","addressCountry":"ES"}},{"@type":"Person","@id":"https:\/\/candas365.es\/noticias\/author\/admin\/#author","url":"https:\/\/candas365.es\/noticias\/author\/admin\/","name":"Cand\u00e1s 365","image":{"@type":"ImageObject","@id":"https:\/\/candas365.es\/noticias\/golpe-del-constitucional-espanol-a-las-victimas-de-la-talidomida\/#authorImage","url":"https:\/\/secure.gravatar.com\/avatar\/496a8e03d0c493ede1718b7934145dbdf8d89be1036b0eec9544e1094c9de390?s=96&d=mm&r=g","width":96,"height":96,"caption":"Cand\u00e1s 365"},"sameAs":["https:\/\/www.facebook.com\/carrenoactualidad","https:\/\/twitter.com\/nbasturias","https:\/\/www.instagram.com\/nachofdezber\/","https:\/\/www.youtube.com\/channel\/UCZP-2wLEB9Rv6erhFmqVnvg"]},{"@type":"WebPage","@id":"https:\/\/candas365.es\/noticias\/golpe-del-constitucional-espanol-a-las-victimas-de-la-talidomida\/#webpage","url":"https:\/\/candas365.es\/noticias\/golpe-del-constitucional-espanol-a-las-victimas-de-la-talidomida\/","name":"Golpe del Constitucional espa\u00f1ol a las v\u00edctimas de la talidomida | Cand\u00e1s 365","description":"El Tribunal Constitucional de Espa\u00f1a tumb\u00f3 ayer la esperanza de las v\u00edctimas espa\u00f1olas de la talidomida, que hab\u00edan solicitado una indemnizaci\u00f3n al laboratorio alem\u00e1n que comercializ\u00f3 el f\u00e1rmaco por las malformaciones f\u00edsicas que el medicamento les caus\u00f3. El alto tribunal decidi\u00f3 no admitir el recurso presentado contra la sentencia del Tribunal Supremo, que en septiembre","inLanguage":"es-ES","isPartOf":{"@id":"https:\/\/candas365.es\/noticias\/#website"},"breadcrumb":{"@id":"https:\/\/candas365.es\/noticias\/golpe-del-constitucional-espanol-a-las-victimas-de-la-talidomida\/#breadcrumblist"},"author":{"@id":"https:\/\/candas365.es\/noticias\/author\/admin\/#author"},"creator":{"@id":"https:\/\/candas365.es\/noticias\/author\/admin\/#author"},"image":{"@type":"ImageObject","url":"https:\/\/candas365.es\/noticias\/wp-content\/uploads\/2015\/09\/c365noticias.jpg","@id":"https:\/\/candas365.es\/noticias\/golpe-del-constitucional-espanol-a-las-victimas-de-la-talidomida\/#mainImage","width":655,"height":360},"primaryImageOfPage":{"@id":"https:\/\/candas365.es\/noticias\/golpe-del-constitucional-espanol-a-las-victimas-de-la-talidomida\/#mainImage"},"datePublished":"2016-07-30T00:05:04+02:00","dateModified":"2016-07-30T00:05:04+02:00"},{"@type":"WebSite","@id":"https:\/\/candas365.es\/noticias\/#website","url":"https:\/\/candas365.es\/noticias\/","name":"Cand\u00e1s 365","alternateName":"Cand\u00e1s 365 Noticias","description":"Actualidad desde Carre\u00f1o para el mundo","inLanguage":"es-ES","publisher":{"@id":"https:\/\/candas365.es\/noticias\/#organization"}}]},"og:locale":"es_ES","og:site_name":"Cand\u00e1s 365","og:type":"article","og:title":"Golpe del Constitucional espa\u00f1ol a las v\u00edctimas de la talidomida | Cand\u00e1s 365","og:description":"El Tribunal Constitucional de Espa\u00f1a tumb\u00f3 ayer la esperanza de las v\u00edctimas espa\u00f1olas de la talidomida, que hab\u00edan solicitado una indemnizaci\u00f3n al laboratorio alem\u00e1n que comercializ\u00f3 el f\u00e1rmaco por las malformaciones f\u00edsicas que el medicamento les caus\u00f3. El alto tribunal decidi\u00f3 no admitir el recurso presentado contra la sentencia del Tribunal Supremo, que en septiembre","og:url":"https:\/\/candas365.es\/noticias\/golpe-del-constitucional-espanol-a-las-victimas-de-la-talidomida\/","og:image":"https:\/\/candas365.es\/noticias\/wp-content\/uploads\/2015\/09\/c365noticias.jpg","og:image:secure_url":"https:\/\/candas365.es\/noticias\/wp-content\/uploads\/2015\/09\/c365noticias.jpg","og:image:width":655,"og:image:height":360,"article:published_time":"2016-07-29T22:35:04+00:00","article:modified_time":"2016-07-29T22:35:04+00:00","article:publisher":"https:\/\/www.facebook.com\/Nachofdezber","article:author":"https:\/\/www.facebook.com\/carrenoactualidad","twitter:card":"summary_large_image","twitter:site":"@NabercoDigital","twitter:title":"Golpe del Constitucional espa\u00f1ol a las v\u00edctimas de la talidomida | Cand\u00e1s 365","twitter:description":"El Tribunal Constitucional de Espa\u00f1a tumb\u00f3 ayer la esperanza de las v\u00edctimas espa\u00f1olas de la talidomida, que hab\u00edan solicitado una indemnizaci\u00f3n al laboratorio alem\u00e1n que comercializ\u00f3 el f\u00e1rmaco por las malformaciones f\u00edsicas que el medicamento les caus\u00f3. El alto tribunal decidi\u00f3 no admitir el recurso presentado contra la sentencia del Tribunal Supremo, que en septiembre","twitter:creator":"@nbasturias","twitter:image":"https:\/\/candas365.es\/noticias\/wp-content\/uploads\/2015\/09\/c365noticias.jpg","twitter:label1":"Escrito por","twitter:data1":"Cand\u00e1s 365","twitter:label2":"Tiempo de lectura estimado","twitter:data2":"2 minutos"},"aioseo_meta_data":{"post_id":"32901","title":null,"description":null,"keywords":null,"keyphrases":null,"primary_term":null,"canonical_url":null,"og_title":null,"og_description":null,"og_object_type":"default","og_image_type":"default","og_image_url":null,"og_image_width":null,"og_image_height":null,"og_image_custom_url":null,"og_image_custom_fields":null,"og_video":null,"og_custom_url":null,"og_article_section":null,"og_article_tags":null,"twitter_use_og":false,"twitter_card":"default","twitter_image_type":"default","twitter_image_url":null,"twitter_image_custom_url":null,"twitter_image_custom_fields":null,"twitter_title":null,"twitter_description":null,"schema":{"blockGraphs":[],"customGraphs":[],"default":{"data":{"Article":[],"Course":[],"Dataset":[],"FAQPage":[],"Movie":[],"Person":[],"Product":[],"ProductReview":[],"Car":[],"Recipe":[],"Service":[],"SoftwareApplication":[],"WebPage":[]},"graphName":"","isEnabled":true},"graphs":[]},"schema_type":null,"schema_type_options":null,"pillar_content":false,"robots_default":true,"robots_noindex":false,"robots_noarchive":false,"robots_nosnippet":false,"robots_nofollow":false,"robots_noimageindex":false,"robots_noodp":false,"robots_notranslate":false,"robots_max_snippet":null,"robots_max_videopreview":null,"robots_max_imagepreview":"large","priority":null,"frequency":null,"location":null,"local_seo":null,"seo_analyzer_scan_date":"2025-08-24 16:05:08","breadcrumb_settings":null,"limit_modified_date":false,"reviewed_by":null,"open_ai":null,"ai":null,"created":"2020-12-21 13:05:33","updated":"2025-08-24 16:05:08"},"aioseo_breadcrumb":"<div class=\"aioseo-breadcrumbs\"><span class=\"aioseo-breadcrumb\">\n\t<a href=\"https:\/\/candas365.es\/noticias\" title=\"Home\">Home<\/a>\n<\/span><span class=\"aioseo-breadcrumb-separator\">&ndash;<\/span><span class=\"aioseo-breadcrumb\">\n\t<a href=\"https:\/\/candas365.es\/noticias\/category\/actualidad\/\" title=\"Actualidad\">Actualidad<\/a>\n<\/span><span class=\"aioseo-breadcrumb-separator\">&ndash;<\/span><span class=\"aioseo-breadcrumb\">\n\tGolpe del Constitucional espa\u00f1ol a las v\u00edctimas de la talidomida\n<\/span><\/div>","aioseo_breadcrumb_json":[{"label":"Home","link":"https:\/\/candas365.es\/noticias"},{"label":"Actualidad","link":"https:\/\/candas365.es\/noticias\/category\/actualidad\/"},{"label":"Golpe del Constitucional espa\u00f1ol a las v\u00edctimas de la talidomida","link":"https:\/\/candas365.es\/noticias\/golpe-del-constitucional-espanol-a-las-victimas-de-la-talidomida\/"}],"_links":{"self":[{"href":"https:\/\/candas365.es\/noticias\/wp-json\/wp\/v2\/posts\/32901","targetHints":{"allow":["GET"]}}],"collection":[{"href":"https:\/\/candas365.es\/noticias\/wp-json\/wp\/v2\/posts"}],"about":[{"href":"https:\/\/candas365.es\/noticias\/wp-json\/wp\/v2\/types\/post"}],"author":[{"embeddable":true,"href":"https:\/\/candas365.es\/noticias\/wp-json\/wp\/v2\/users\/1"}],"replies":[{"embeddable":true,"href":"https:\/\/candas365.es\/noticias\/wp-json\/wp\/v2\/comments?post=32901"}],"version-history":[{"count":0,"href":"https:\/\/candas365.es\/noticias\/wp-json\/wp\/v2\/posts\/32901\/revisions"}],"wp:featuredmedia":[{"embeddable":true,"href":"https:\/\/candas365.es\/noticias\/wp-json\/wp\/v2\/media\/16457"}],"wp:attachment":[{"href":"https:\/\/candas365.es\/noticias\/wp-json\/wp\/v2\/media?parent=32901"}],"wp:term":[{"taxonomy":"category","embeddable":true,"href":"https:\/\/candas365.es\/noticias\/wp-json\/wp\/v2\/categories?post=32901"},{"taxonomy":"post_tag","embeddable":true,"href":"https:\/\/candas365.es\/noticias\/wp-json\/wp\/v2\/tags?post=32901"}],"curies":[{"name":"wp","href":"https:\/\/api.w.org\/{rel}","templated":true}]}}