{"id":32899,"date":"2016-07-30T00:04:18","date_gmt":"2016-07-29T22:34:18","guid":{"rendered":"http:\/\/candas365.es\/noticias\/?p=32899"},"modified":"2016-07-30T00:04:18","modified_gmt":"2016-07-29T22:34:18","slug":"alemania-preparara-ejercicios-antiterroristas-del-ejercito-en-agosto","status":"publish","type":"post","link":"https:\/\/candas365.es\/noticias\/alemania-preparara-ejercicios-antiterroristas-del-ejercito-en-agosto\/","title":{"rendered":"Alemania preparar\u00e1 ejercicios antiterroristas del Ej\u00e9rcito en agosto"},"content":{"rendered":"<p><img fetchpriority=\"high\" decoding=\"async\" class=\"alignleft size-medium wp-image-16457\" src=\"https:\/\/candas365.es\/noticias\/wp-content\/uploads\/2015\/09\/c365noticias-360x198.jpg\" alt=\"c365noticias\" width=\"360\" height=\"198\" srcset=\"https:\/\/candas365.es\/noticias\/wp-content\/uploads\/2015\/09\/c365noticias-360x198.jpg 360w, https:\/\/candas365.es\/noticias\/wp-content\/uploads\/2015\/09\/c365noticias-650x357.jpg 650w, https:\/\/candas365.es\/noticias\/wp-content\/uploads\/2015\/09\/c365noticias-150x82.jpg 150w, https:\/\/candas365.es\/noticias\/wp-content\/uploads\/2015\/09\/c365noticias-450x247.jpg 450w, https:\/\/candas365.es\/noticias\/wp-content\/uploads\/2015\/09\/c365noticias.jpg 655w\" sizes=\"(max-width: 360px) 100vw, 360px\" \/>Berl\u00edn, 29 jul (dpa) &#8211; Alemania comenzar\u00e1 a preparar los ejercicios conjuntos de lucha antiterrorista del Ej\u00e9rcito y la Polic\u00eda en una reuni\u00f3n de ministros en agosto, seg\u00fan informaciones cercanas al Gobierno alem\u00e1n a las que tuvo acceso hoy dpa.<\/p>\n<p>La ministra alemana de Defensa, Ursula von der Leyen, y el ministro de Interior, Thomas de Maizi\u00e8re, quieren analizar con tres ministros regionales de Interior del lado conservador y socialdem\u00f3crata las modalidades de este tipo de ejercicios que estar\u00edan bajo la direcci\u00f3n de la Polic\u00eda.<\/p>\n<p>Esta operaci\u00f3n forma parte del plan de nueve puntos, presentado el jueves por la canciller Angela Merkel, destinado a mejorar la seguridad de Alemania tras los ataques y atentados que sacudieron el pa\u00eds los \u00faltimos d\u00edas, dos de ellos perpetrados por solicitantes de asilo.<\/p>\n<p>Sin embargo, la idea ya estaba sobre la mesa antes de que un solicitante de asilo atacara con hacha y cuchillo a los pasajeros en un tren regional en la localidad b\u00e1vara de Wurzburgo y del atentado suicida con bomba en Ansbach, tambi\u00e9n en Baviera.<\/p>\n<p>En el encuentro participar\u00e1n el presidente de la Conferencia de Ministros regionales de Interior, Klaus Bouillon, as\u00ed como los ministros de Interior de Renania del Norte-Westfalia y Meclemburgo-Antepomerania, Ralf J\u00e4ger y Lorenz Caffier, respectivamente.<\/p>\n<p>Desde hace a\u00f1os existe un debate abierto sobre la posibilidad de llevar a cabo misiones del Ej\u00e9rcito alem\u00e1n en el interior del pa\u00eds. Desde la Uni\u00f3n Cristianodem\u00f3crata (CDU) y la Uni\u00f3n Cristianosocial (CSU) siempre han reclamado un cambio de la Constituci\u00f3n para apoyar este tipo de misiones. Mientras, el Partido Socialdem\u00f3crata (SPD) est\u00e1 en contra.<\/p>\n<p>En el conocido como \u00abLibro Blanco\u00bb, que recoge las directrices en pol\u00edtica de seguridad y que fue presentado recientemente, el Gobierno alem\u00e1n alcanz\u00f3 un acuerdo para desplegar el Ej\u00e9rcito en caso de grandes atentados terroristas, evacuaciones o emergencias sanitarias, sin necesidad de modificar la Constituci\u00f3n. Sobre este acuerdo se basan ahora los previstos ejercicios del Ej\u00e9rcito.<\/p>\n","protected":false},"excerpt":{"rendered":"<p>Berl\u00edn, 29 jul (dpa) &#8211; Alemania comenzar\u00e1 a preparar los ejercicios conjuntos de lucha antiterrorista del Ej\u00e9rcito y la Polic\u00eda en una reuni\u00f3n de ministros en agosto, seg\u00fan informaciones cercanas al Gobierno alem\u00e1n a las que tuvo acceso hoy dpa. La ministra alemana de Defensa, Ursula von der Leyen, y el ministro de Interior, Thomas<\/p>\n","protected":false},"author":1,"featured_media":16457,"comment_status":"closed","ping_status":"closed","sticky":false,"template":"","format":"standard","meta":{"footnotes":""},"categories":[343],"tags":[],"class_list":{"0":"post-32899","1":"post","2":"type-post","3":"status-publish","4":"format-standard","5":"has-post-thumbnail","7":"category-actualidad"},"aioseo_notices":[],"aioseo_head":"\n\t\t<!-- All in One SEO Pro 4.9.6.2 - aioseo.com -->\n\t<meta name=\"description\" content=\"Berl\u00edn, 29 jul (dpa) - Alemania comenzar\u00e1 a preparar los ejercicios conjuntos de lucha antiterrorista del Ej\u00e9rcito y la Polic\u00eda en una reuni\u00f3n de ministros en agosto, seg\u00fan informaciones cercanas al Gobierno alem\u00e1n a las que tuvo acceso hoy dpa. La ministra alemana de Defensa, Ursula von der Leyen, y el ministro de Interior, Thomas\" \/>\n\t<meta name=\"robots\" content=\"max-image-preview:large\" \/>\n\t<meta name=\"author\" content=\"Cand\u00e1s 365\"\/>\n\t<meta name=\"google-site-verification\" content=\"UA-32230408-1\" \/>\n\t<meta name=\"msvalidate.01\" content=\"354F3CDFB2DA171B47FBE9ABF1F88D5\" \/>\n\t<meta name=\"keywords\" content=\"actualidad\" \/>\n\t<link rel=\"canonical\" href=\"https:\/\/candas365.es\/noticias\/alemania-preparara-ejercicios-antiterroristas-del-ejercito-en-agosto\/\" \/>\n\t<meta name=\"generator\" content=\"All in One SEO Pro (AIOSEO) 4.9.6.2\" \/>\n\t\t<meta property=\"og:locale\" content=\"es_ES\" \/>\n\t\t<meta property=\"og:site_name\" content=\"Cand\u00e1s 365\" \/>\n\t\t<meta property=\"og:type\" content=\"article\" \/>\n\t\t<meta property=\"og:title\" content=\"Alemania preparar\u00e1 ejercicios antiterroristas del Ej\u00e9rcito en agosto | Cand\u00e1s 365\" \/>\n\t\t<meta property=\"og:description\" content=\"Berl\u00edn, 29 jul (dpa) - Alemania comenzar\u00e1 a preparar los ejercicios conjuntos de lucha antiterrorista del Ej\u00e9rcito y la Polic\u00eda en una reuni\u00f3n de ministros en agosto, seg\u00fan informaciones cercanas al Gobierno alem\u00e1n a las que tuvo acceso hoy dpa. La ministra alemana de Defensa, Ursula von der Leyen, y el ministro de Interior, Thomas\" \/>\n\t\t<meta property=\"og:url\" content=\"https:\/\/candas365.es\/noticias\/alemania-preparara-ejercicios-antiterroristas-del-ejercito-en-agosto\/\" \/>\n\t\t<meta property=\"og:image\" content=\"https:\/\/candas365.es\/noticias\/wp-content\/uploads\/2015\/09\/c365noticias.jpg\" \/>\n\t\t<meta property=\"og:image:secure_url\" content=\"https:\/\/candas365.es\/noticias\/wp-content\/uploads\/2015\/09\/c365noticias.jpg\" \/>\n\t\t<meta property=\"og:image:width\" content=\"655\" \/>\n\t\t<meta property=\"og:image:height\" content=\"360\" \/>\n\t\t<meta property=\"article:published_time\" content=\"2016-07-29T22:34:18+00:00\" \/>\n\t\t<meta property=\"article:modified_time\" content=\"2016-07-29T22:34:18+00:00\" \/>\n\t\t<meta property=\"article:publisher\" content=\"https:\/\/www.facebook.com\/Nachofdezber\" \/>\n\t\t<meta property=\"article:author\" content=\"https:\/\/www.facebook.com\/carrenoactualidad\" \/>\n\t\t<meta name=\"twitter:card\" content=\"summary_large_image\" \/>\n\t\t<meta name=\"twitter:site\" content=\"@NabercoDigital\" \/>\n\t\t<meta name=\"twitter:title\" content=\"Alemania preparar\u00e1 ejercicios antiterroristas del Ej\u00e9rcito en agosto | Cand\u00e1s 365\" \/>\n\t\t<meta name=\"twitter:description\" content=\"Berl\u00edn, 29 jul (dpa) - Alemania comenzar\u00e1 a preparar los ejercicios conjuntos de lucha antiterrorista del Ej\u00e9rcito y la Polic\u00eda en una reuni\u00f3n de ministros en agosto, seg\u00fan informaciones cercanas al Gobierno alem\u00e1n a las que tuvo acceso hoy dpa. La ministra alemana de Defensa, Ursula von der Leyen, y el ministro de Interior, Thomas\" \/>\n\t\t<meta name=\"twitter:creator\" content=\"@nbasturias\" \/>\n\t\t<meta name=\"twitter:image\" content=\"https:\/\/candas365.es\/noticias\/wp-content\/uploads\/2015\/09\/c365noticias.jpg\" \/>\n\t\t<meta name=\"twitter:label1\" content=\"Escrito por\" \/>\n\t\t<meta name=\"twitter:data1\" content=\"Cand\u00e1s 365\" \/>\n\t\t<meta name=\"twitter:label2\" content=\"Tiempo de lectura estimado\" \/>\n\t\t<meta name=\"twitter:data2\" content=\"2 minutos\" \/>\n\t\t<script type=\"application\/ld+json\" class=\"aioseo-schema\">\n\t\t\t{\"@context\":\"https:\\\/\\\/schema.org\",\"@graph\":[{\"@type\":\"BreadcrumbList\",\"@id\":\"https:\\\/\\\/candas365.es\\\/noticias\\\/alemania-preparara-ejercicios-antiterroristas-del-ejercito-en-agosto\\\/#breadcrumblist\",\"itemListElement\":[{\"@type\":\"ListItem\",\"@id\":\"https:\\\/\\\/candas365.es\\\/noticias#listItem\",\"position\":1,\"name\":\"Home\",\"item\":\"https:\\\/\\\/candas365.es\\\/noticias\",\"nextItem\":{\"@type\":\"ListItem\",\"@id\":\"https:\\\/\\\/candas365.es\\\/noticias\\\/category\\\/actualidad\\\/#listItem\",\"name\":\"Actualidad\"}},{\"@type\":\"ListItem\",\"@id\":\"https:\\\/\\\/candas365.es\\\/noticias\\\/category\\\/actualidad\\\/#listItem\",\"position\":2,\"name\":\"Actualidad\",\"item\":\"https:\\\/\\\/candas365.es\\\/noticias\\\/category\\\/actualidad\\\/\",\"nextItem\":{\"@type\":\"ListItem\",\"@id\":\"https:\\\/\\\/candas365.es\\\/noticias\\\/alemania-preparara-ejercicios-antiterroristas-del-ejercito-en-agosto\\\/#listItem\",\"name\":\"Alemania preparar\\u00e1 ejercicios antiterroristas del Ej\\u00e9rcito en agosto\"},\"previousItem\":{\"@type\":\"ListItem\",\"@id\":\"https:\\\/\\\/candas365.es\\\/noticias#listItem\",\"name\":\"Home\"}},{\"@type\":\"ListItem\",\"@id\":\"https:\\\/\\\/candas365.es\\\/noticias\\\/alemania-preparara-ejercicios-antiterroristas-del-ejercito-en-agosto\\\/#listItem\",\"position\":3,\"name\":\"Alemania preparar\\u00e1 ejercicios antiterroristas del Ej\\u00e9rcito en agosto\",\"previousItem\":{\"@type\":\"ListItem\",\"@id\":\"https:\\\/\\\/candas365.es\\\/noticias\\\/category\\\/actualidad\\\/#listItem\",\"name\":\"Actualidad\"}}]},{\"@type\":\"NewsArticle\",\"@id\":\"https:\\\/\\\/candas365.es\\\/noticias\\\/alemania-preparara-ejercicios-antiterroristas-del-ejercito-en-agosto\\\/#newsarticle\",\"name\":\"Alemania preparar\\u00e1 ejercicios antiterroristas del Ej\\u00e9rcito en agosto | Cand\\u00e1s 365\",\"headline\":\"Alemania preparar\\u00e1 ejercicios antiterroristas del Ej\\u00e9rcito en agosto\",\"author\":{\"@id\":\"https:\\\/\\\/candas365.es\\\/noticias\\\/author\\\/admin\\\/#author\"},\"publisher\":{\"@id\":\"https:\\\/\\\/candas365.es\\\/noticias\\\/#organization\"},\"image\":{\"@type\":\"ImageObject\",\"url\":\"https:\\\/\\\/candas365.es\\\/noticias\\\/wp-content\\\/uploads\\\/2015\\\/09\\\/c365noticias.jpg\",\"width\":655,\"height\":360},\"datePublished\":\"2016-07-30T00:04:18+02:00\",\"dateModified\":\"2016-07-30T00:04:18+02:00\",\"inLanguage\":\"es-ES\",\"mainEntityOfPage\":{\"@id\":\"https:\\\/\\\/candas365.es\\\/noticias\\\/alemania-preparara-ejercicios-antiterroristas-del-ejercito-en-agosto\\\/#webpage\"},\"isPartOf\":{\"@id\":\"https:\\\/\\\/candas365.es\\\/noticias\\\/alemania-preparara-ejercicios-antiterroristas-del-ejercito-en-agosto\\\/#webpage\"},\"articleSection\":\"Actualidad\",\"dateline\":\"Publicado el julio 30, 2016.\"},{\"@type\":\"Organization\",\"@id\":\"https:\\\/\\\/candas365.es\\\/noticias\\\/#organization\",\"name\":\"Cand\\u00e1s 365\",\"description\":\"Cand\\u00e1s 365 es un diario digital independiente, fundado en 2012, con base en Asturias. Informamos con rigor sobre actualidad, sociedad, cultura y ocio, con una mirada local y global.\",\"url\":\"https:\\\/\\\/candas365.es\\\/noticias\\\/\",\"email\":\"info@candas365.es\",\"telephone\":\"+34652131393\",\"foundingDate\":\"2012-06-10\",\"logo\":{\"@type\":\"ImageObject\",\"url\":\"https:\\\/\\\/candas365.es\\\/noticias\\\/wp-content\\\/uploads\\\/2024\\\/09\\\/Candas-365-Redes.jpg\",\"@id\":\"https:\\\/\\\/candas365.es\\\/noticias\\\/alemania-preparara-ejercicios-antiterroristas-del-ejercito-en-agosto\\\/#organizationLogo\",\"width\":1152,\"height\":864,\"caption\":\"Cand\\u00e1s 365 Redes\"},\"image\":{\"@id\":\"https:\\\/\\\/candas365.es\\\/noticias\\\/alemania-preparara-ejercicios-antiterroristas-del-ejercito-en-agosto\\\/#organizationLogo\"},\"sameAs\":[\"https:\\\/\\\/www.facebook.com\\\/Nachofdezber\",\"https:\\\/\\\/x.com\\\/NabercoDigital\",\"https:\\\/\\\/www.instagram.com\\\/nachofdezber\\\/\",\"https:\\\/\\\/www.youtube.com\\\/channel\\\/UCZP-2wLEB9Rv6erhFmqVnvg\"],\"address\":{\"@id\":\"https:\\\/\\\/candas365.es\\\/noticias\\\/#postaladdress\",\"@type\":\"PostalAddress\",\"streetAddress\":\"san antonio 4, san antonio 4\",\"postalCode\":\"33430\",\"addressLocality\":\"Cand\\u00e1s\",\"addressRegion\":\"Asturias\",\"addressCountry\":\"ES\"}},{\"@type\":\"Person\",\"@id\":\"https:\\\/\\\/candas365.es\\\/noticias\\\/author\\\/admin\\\/#author\",\"url\":\"https:\\\/\\\/candas365.es\\\/noticias\\\/author\\\/admin\\\/\",\"name\":\"Cand\\u00e1s 365\",\"image\":{\"@type\":\"ImageObject\",\"@id\":\"https:\\\/\\\/candas365.es\\\/noticias\\\/alemania-preparara-ejercicios-antiterroristas-del-ejercito-en-agosto\\\/#authorImage\",\"url\":\"https:\\\/\\\/secure.gravatar.com\\\/avatar\\\/496a8e03d0c493ede1718b7934145dbdf8d89be1036b0eec9544e1094c9de390?s=96&d=mm&r=g\",\"width\":96,\"height\":96,\"caption\":\"Cand\\u00e1s 365\"},\"sameAs\":[\"https:\\\/\\\/www.facebook.com\\\/carrenoactualidad\",\"https:\\\/\\\/twitter.com\\\/nbasturias\",\"https:\\\/\\\/www.instagram.com\\\/nachofdezber\\\/\",\"https:\\\/\\\/www.youtube.com\\\/channel\\\/UCZP-2wLEB9Rv6erhFmqVnvg\"]},{\"@type\":\"WebPage\",\"@id\":\"https:\\\/\\\/candas365.es\\\/noticias\\\/alemania-preparara-ejercicios-antiterroristas-del-ejercito-en-agosto\\\/#webpage\",\"url\":\"https:\\\/\\\/candas365.es\\\/noticias\\\/alemania-preparara-ejercicios-antiterroristas-del-ejercito-en-agosto\\\/\",\"name\":\"Alemania preparar\\u00e1 ejercicios antiterroristas del Ej\\u00e9rcito en agosto | Cand\\u00e1s 365\",\"description\":\"Berl\\u00edn, 29 jul (dpa) - Alemania comenzar\\u00e1 a preparar los ejercicios conjuntos de lucha antiterrorista del Ej\\u00e9rcito y la Polic\\u00eda en una reuni\\u00f3n de ministros en agosto, seg\\u00fan informaciones cercanas al Gobierno alem\\u00e1n a las que tuvo acceso hoy dpa. La ministra alemana de Defensa, Ursula von der Leyen, y el ministro de Interior, Thomas\",\"inLanguage\":\"es-ES\",\"isPartOf\":{\"@id\":\"https:\\\/\\\/candas365.es\\\/noticias\\\/#website\"},\"breadcrumb\":{\"@id\":\"https:\\\/\\\/candas365.es\\\/noticias\\\/alemania-preparara-ejercicios-antiterroristas-del-ejercito-en-agosto\\\/#breadcrumblist\"},\"author\":{\"@id\":\"https:\\\/\\\/candas365.es\\\/noticias\\\/author\\\/admin\\\/#author\"},\"creator\":{\"@id\":\"https:\\\/\\\/candas365.es\\\/noticias\\\/author\\\/admin\\\/#author\"},\"image\":{\"@type\":\"ImageObject\",\"url\":\"https:\\\/\\\/candas365.es\\\/noticias\\\/wp-content\\\/uploads\\\/2015\\\/09\\\/c365noticias.jpg\",\"@id\":\"https:\\\/\\\/candas365.es\\\/noticias\\\/alemania-preparara-ejercicios-antiterroristas-del-ejercito-en-agosto\\\/#mainImage\",\"width\":655,\"height\":360},\"primaryImageOfPage\":{\"@id\":\"https:\\\/\\\/candas365.es\\\/noticias\\\/alemania-preparara-ejercicios-antiterroristas-del-ejercito-en-agosto\\\/#mainImage\"},\"datePublished\":\"2016-07-30T00:04:18+02:00\",\"dateModified\":\"2016-07-30T00:04:18+02:00\"},{\"@type\":\"WebSite\",\"@id\":\"https:\\\/\\\/candas365.es\\\/noticias\\\/#website\",\"url\":\"https:\\\/\\\/candas365.es\\\/noticias\\\/\",\"name\":\"Cand\\u00e1s 365\",\"alternateName\":\"Cand\\u00e1s 365 Noticias\",\"description\":\"Actualidad desde Carre\\u00f1o para el mundo\",\"inLanguage\":\"es-ES\",\"publisher\":{\"@id\":\"https:\\\/\\\/candas365.es\\\/noticias\\\/#organization\"}}]}\n\t\t<\/script>\n\t\t<!-- All in One SEO Pro -->\r\n\t\t<title>Alemania preparar\u00e1 ejercicios antiterroristas del Ej\u00e9rcito en agosto | Cand\u00e1s 365<\/title>\n\n","aioseo_head_json":{"title":"Alemania preparar\u00e1 ejercicios antiterroristas del Ej\u00e9rcito en agosto | Cand\u00e1s 365","description":"Berl\u00edn, 29 jul (dpa) - Alemania comenzar\u00e1 a preparar los ejercicios conjuntos de lucha antiterrorista del Ej\u00e9rcito y la Polic\u00eda en una reuni\u00f3n de ministros en agosto, seg\u00fan informaciones cercanas al Gobierno alem\u00e1n a las que tuvo acceso hoy dpa. La ministra alemana de Defensa, Ursula von der Leyen, y el ministro de Interior, Thomas","canonical_url":"https:\/\/candas365.es\/noticias\/alemania-preparara-ejercicios-antiterroristas-del-ejercito-en-agosto\/","robots":"max-image-preview:large","keywords":"actualidad","webmasterTools":{"google-site-verification":"UA-32230408-1","msvalidate.01":"354F3CDFB2DA171B47FBE9ABF1F88D5","miscellaneous":""},"schema":{"@context":"https:\/\/schema.org","@graph":[{"@type":"BreadcrumbList","@id":"https:\/\/candas365.es\/noticias\/alemania-preparara-ejercicios-antiterroristas-del-ejercito-en-agosto\/#breadcrumblist","itemListElement":[{"@type":"ListItem","@id":"https:\/\/candas365.es\/noticias#listItem","position":1,"name":"Home","item":"https:\/\/candas365.es\/noticias","nextItem":{"@type":"ListItem","@id":"https:\/\/candas365.es\/noticias\/category\/actualidad\/#listItem","name":"Actualidad"}},{"@type":"ListItem","@id":"https:\/\/candas365.es\/noticias\/category\/actualidad\/#listItem","position":2,"name":"Actualidad","item":"https:\/\/candas365.es\/noticias\/category\/actualidad\/","nextItem":{"@type":"ListItem","@id":"https:\/\/candas365.es\/noticias\/alemania-preparara-ejercicios-antiterroristas-del-ejercito-en-agosto\/#listItem","name":"Alemania preparar\u00e1 ejercicios antiterroristas del Ej\u00e9rcito en agosto"},"previousItem":{"@type":"ListItem","@id":"https:\/\/candas365.es\/noticias#listItem","name":"Home"}},{"@type":"ListItem","@id":"https:\/\/candas365.es\/noticias\/alemania-preparara-ejercicios-antiterroristas-del-ejercito-en-agosto\/#listItem","position":3,"name":"Alemania preparar\u00e1 ejercicios antiterroristas del Ej\u00e9rcito en agosto","previousItem":{"@type":"ListItem","@id":"https:\/\/candas365.es\/noticias\/category\/actualidad\/#listItem","name":"Actualidad"}}]},{"@type":"NewsArticle","@id":"https:\/\/candas365.es\/noticias\/alemania-preparara-ejercicios-antiterroristas-del-ejercito-en-agosto\/#newsarticle","name":"Alemania preparar\u00e1 ejercicios antiterroristas del Ej\u00e9rcito en agosto | Cand\u00e1s 365","headline":"Alemania preparar\u00e1 ejercicios antiterroristas del Ej\u00e9rcito en agosto","author":{"@id":"https:\/\/candas365.es\/noticias\/author\/admin\/#author"},"publisher":{"@id":"https:\/\/candas365.es\/noticias\/#organization"},"image":{"@type":"ImageObject","url":"https:\/\/candas365.es\/noticias\/wp-content\/uploads\/2015\/09\/c365noticias.jpg","width":655,"height":360},"datePublished":"2016-07-30T00:04:18+02:00","dateModified":"2016-07-30T00:04:18+02:00","inLanguage":"es-ES","mainEntityOfPage":{"@id":"https:\/\/candas365.es\/noticias\/alemania-preparara-ejercicios-antiterroristas-del-ejercito-en-agosto\/#webpage"},"isPartOf":{"@id":"https:\/\/candas365.es\/noticias\/alemania-preparara-ejercicios-antiterroristas-del-ejercito-en-agosto\/#webpage"},"articleSection":"Actualidad","dateline":"Publicado el julio 30, 2016."},{"@type":"Organization","@id":"https:\/\/candas365.es\/noticias\/#organization","name":"Cand\u00e1s 365","description":"Cand\u00e1s 365 es un diario digital independiente, fundado en 2012, con base en Asturias. Informamos con rigor sobre actualidad, sociedad, cultura y ocio, con una mirada local y global.","url":"https:\/\/candas365.es\/noticias\/","email":"info@candas365.es","telephone":"+34652131393","foundingDate":"2012-06-10","logo":{"@type":"ImageObject","url":"https:\/\/candas365.es\/noticias\/wp-content\/uploads\/2024\/09\/Candas-365-Redes.jpg","@id":"https:\/\/candas365.es\/noticias\/alemania-preparara-ejercicios-antiterroristas-del-ejercito-en-agosto\/#organizationLogo","width":1152,"height":864,"caption":"Cand\u00e1s 365 Redes"},"image":{"@id":"https:\/\/candas365.es\/noticias\/alemania-preparara-ejercicios-antiterroristas-del-ejercito-en-agosto\/#organizationLogo"},"sameAs":["https:\/\/www.facebook.com\/Nachofdezber","https:\/\/x.com\/NabercoDigital","https:\/\/www.instagram.com\/nachofdezber\/","https:\/\/www.youtube.com\/channel\/UCZP-2wLEB9Rv6erhFmqVnvg"],"address":{"@id":"https:\/\/candas365.es\/noticias\/#postaladdress","@type":"PostalAddress","streetAddress":"san antonio 4, san antonio 4","postalCode":"33430","addressLocality":"Cand\u00e1s","addressRegion":"Asturias","addressCountry":"ES"}},{"@type":"Person","@id":"https:\/\/candas365.es\/noticias\/author\/admin\/#author","url":"https:\/\/candas365.es\/noticias\/author\/admin\/","name":"Cand\u00e1s 365","image":{"@type":"ImageObject","@id":"https:\/\/candas365.es\/noticias\/alemania-preparara-ejercicios-antiterroristas-del-ejercito-en-agosto\/#authorImage","url":"https:\/\/secure.gravatar.com\/avatar\/496a8e03d0c493ede1718b7934145dbdf8d89be1036b0eec9544e1094c9de390?s=96&d=mm&r=g","width":96,"height":96,"caption":"Cand\u00e1s 365"},"sameAs":["https:\/\/www.facebook.com\/carrenoactualidad","https:\/\/twitter.com\/nbasturias","https:\/\/www.instagram.com\/nachofdezber\/","https:\/\/www.youtube.com\/channel\/UCZP-2wLEB9Rv6erhFmqVnvg"]},{"@type":"WebPage","@id":"https:\/\/candas365.es\/noticias\/alemania-preparara-ejercicios-antiterroristas-del-ejercito-en-agosto\/#webpage","url":"https:\/\/candas365.es\/noticias\/alemania-preparara-ejercicios-antiterroristas-del-ejercito-en-agosto\/","name":"Alemania preparar\u00e1 ejercicios antiterroristas del Ej\u00e9rcito en agosto | Cand\u00e1s 365","description":"Berl\u00edn, 29 jul (dpa) - Alemania comenzar\u00e1 a preparar los ejercicios conjuntos de lucha antiterrorista del Ej\u00e9rcito y la Polic\u00eda en una reuni\u00f3n de ministros en agosto, seg\u00fan informaciones cercanas al Gobierno alem\u00e1n a las que tuvo acceso hoy dpa. La ministra alemana de Defensa, Ursula von der Leyen, y el ministro de Interior, Thomas","inLanguage":"es-ES","isPartOf":{"@id":"https:\/\/candas365.es\/noticias\/#website"},"breadcrumb":{"@id":"https:\/\/candas365.es\/noticias\/alemania-preparara-ejercicios-antiterroristas-del-ejercito-en-agosto\/#breadcrumblist"},"author":{"@id":"https:\/\/candas365.es\/noticias\/author\/admin\/#author"},"creator":{"@id":"https:\/\/candas365.es\/noticias\/author\/admin\/#author"},"image":{"@type":"ImageObject","url":"https:\/\/candas365.es\/noticias\/wp-content\/uploads\/2015\/09\/c365noticias.jpg","@id":"https:\/\/candas365.es\/noticias\/alemania-preparara-ejercicios-antiterroristas-del-ejercito-en-agosto\/#mainImage","width":655,"height":360},"primaryImageOfPage":{"@id":"https:\/\/candas365.es\/noticias\/alemania-preparara-ejercicios-antiterroristas-del-ejercito-en-agosto\/#mainImage"},"datePublished":"2016-07-30T00:04:18+02:00","dateModified":"2016-07-30T00:04:18+02:00"},{"@type":"WebSite","@id":"https:\/\/candas365.es\/noticias\/#website","url":"https:\/\/candas365.es\/noticias\/","name":"Cand\u00e1s 365","alternateName":"Cand\u00e1s 365 Noticias","description":"Actualidad desde Carre\u00f1o para el mundo","inLanguage":"es-ES","publisher":{"@id":"https:\/\/candas365.es\/noticias\/#organization"}}]},"og:locale":"es_ES","og:site_name":"Cand\u00e1s 365","og:type":"article","og:title":"Alemania preparar\u00e1 ejercicios antiterroristas del Ej\u00e9rcito en agosto | Cand\u00e1s 365","og:description":"Berl\u00edn, 29 jul (dpa) - Alemania comenzar\u00e1 a preparar los ejercicios conjuntos de lucha antiterrorista del Ej\u00e9rcito y la Polic\u00eda en una reuni\u00f3n de ministros en agosto, seg\u00fan informaciones cercanas al Gobierno alem\u00e1n a las que tuvo acceso hoy dpa. La ministra alemana de Defensa, Ursula von der Leyen, y el ministro de Interior, Thomas","og:url":"https:\/\/candas365.es\/noticias\/alemania-preparara-ejercicios-antiterroristas-del-ejercito-en-agosto\/","og:image":"https:\/\/candas365.es\/noticias\/wp-content\/uploads\/2015\/09\/c365noticias.jpg","og:image:secure_url":"https:\/\/candas365.es\/noticias\/wp-content\/uploads\/2015\/09\/c365noticias.jpg","og:image:width":655,"og:image:height":360,"article:published_time":"2016-07-29T22:34:18+00:00","article:modified_time":"2016-07-29T22:34:18+00:00","article:publisher":"https:\/\/www.facebook.com\/Nachofdezber","article:author":"https:\/\/www.facebook.com\/carrenoactualidad","twitter:card":"summary_large_image","twitter:site":"@NabercoDigital","twitter:title":"Alemania preparar\u00e1 ejercicios antiterroristas del Ej\u00e9rcito en agosto | Cand\u00e1s 365","twitter:description":"Berl\u00edn, 29 jul (dpa) - Alemania comenzar\u00e1 a preparar los ejercicios conjuntos de lucha antiterrorista del Ej\u00e9rcito y la Polic\u00eda en una reuni\u00f3n de ministros en agosto, seg\u00fan informaciones cercanas al Gobierno alem\u00e1n a las que tuvo acceso hoy dpa. La ministra alemana de Defensa, Ursula von der Leyen, y el ministro de Interior, Thomas","twitter:creator":"@nbasturias","twitter:image":"https:\/\/candas365.es\/noticias\/wp-content\/uploads\/2015\/09\/c365noticias.jpg","twitter:label1":"Escrito por","twitter:data1":"Cand\u00e1s 365","twitter:label2":"Tiempo de lectura estimado","twitter:data2":"2 minutos"},"aioseo_meta_data":{"post_id":"32899","title":null,"description":null,"keywords":null,"keyphrases":null,"primary_term":null,"canonical_url":null,"og_title":null,"og_description":null,"og_object_type":"default","og_image_type":"default","og_image_url":null,"og_image_width":null,"og_image_height":null,"og_image_custom_url":null,"og_image_custom_fields":null,"og_video":null,"og_custom_url":null,"og_article_section":null,"og_article_tags":null,"twitter_use_og":false,"twitter_card":"default","twitter_image_type":"default","twitter_image_url":null,"twitter_image_custom_url":null,"twitter_image_custom_fields":null,"twitter_title":null,"twitter_description":null,"schema":{"blockGraphs":[],"customGraphs":[],"default":{"data":{"Article":[],"Course":[],"Dataset":[],"FAQPage":[],"Movie":[],"Person":[],"Product":[],"ProductReview":[],"Car":[],"Recipe":[],"Service":[],"SoftwareApplication":[],"WebPage":[]},"graphName":"","isEnabled":true},"graphs":[]},"schema_type":null,"schema_type_options":null,"pillar_content":false,"robots_default":true,"robots_noindex":false,"robots_noarchive":false,"robots_nosnippet":false,"robots_nofollow":false,"robots_noimageindex":false,"robots_noodp":false,"robots_notranslate":false,"robots_max_snippet":null,"robots_max_videopreview":null,"robots_max_imagepreview":"large","priority":null,"frequency":null,"location":null,"local_seo":null,"seo_analyzer_scan_date":"2025-08-24 16:04:14","breadcrumb_settings":null,"limit_modified_date":false,"reviewed_by":null,"open_ai":null,"ai":null,"created":"2020-12-21 13:05:33","updated":"2025-08-24 16:04:14"},"aioseo_breadcrumb":"<div class=\"aioseo-breadcrumbs\"><span class=\"aioseo-breadcrumb\">\n\t<a href=\"https:\/\/candas365.es\/noticias\" title=\"Home\">Home<\/a>\n<\/span><span class=\"aioseo-breadcrumb-separator\">&ndash;<\/span><span class=\"aioseo-breadcrumb\">\n\t<a href=\"https:\/\/candas365.es\/noticias\/category\/actualidad\/\" title=\"Actualidad\">Actualidad<\/a>\n<\/span><span class=\"aioseo-breadcrumb-separator\">&ndash;<\/span><span class=\"aioseo-breadcrumb\">\n\tAlemania preparar\u00e1 ejercicios antiterroristas del Ej\u00e9rcito en agosto\n<\/span><\/div>","aioseo_breadcrumb_json":[{"label":"Home","link":"https:\/\/candas365.es\/noticias"},{"label":"Actualidad","link":"https:\/\/candas365.es\/noticias\/category\/actualidad\/"},{"label":"Alemania preparar\u00e1 ejercicios antiterroristas del Ej\u00e9rcito en agosto","link":"https:\/\/candas365.es\/noticias\/alemania-preparara-ejercicios-antiterroristas-del-ejercito-en-agosto\/"}],"_links":{"self":[{"href":"https:\/\/candas365.es\/noticias\/wp-json\/wp\/v2\/posts\/32899","targetHints":{"allow":["GET"]}}],"collection":[{"href":"https:\/\/candas365.es\/noticias\/wp-json\/wp\/v2\/posts"}],"about":[{"href":"https:\/\/candas365.es\/noticias\/wp-json\/wp\/v2\/types\/post"}],"author":[{"embeddable":true,"href":"https:\/\/candas365.es\/noticias\/wp-json\/wp\/v2\/users\/1"}],"replies":[{"embeddable":true,"href":"https:\/\/candas365.es\/noticias\/wp-json\/wp\/v2\/comments?post=32899"}],"version-history":[{"count":0,"href":"https:\/\/candas365.es\/noticias\/wp-json\/wp\/v2\/posts\/32899\/revisions"}],"wp:featuredmedia":[{"embeddable":true,"href":"https:\/\/candas365.es\/noticias\/wp-json\/wp\/v2\/media\/16457"}],"wp:attachment":[{"href":"https:\/\/candas365.es\/noticias\/wp-json\/wp\/v2\/media?parent=32899"}],"wp:term":[{"taxonomy":"category","embeddable":true,"href":"https:\/\/candas365.es\/noticias\/wp-json\/wp\/v2\/categories?post=32899"},{"taxonomy":"post_tag","embeddable":true,"href":"https:\/\/candas365.es\/noticias\/wp-json\/wp\/v2\/tags?post=32899"}],"curies":[{"name":"wp","href":"https:\/\/api.w.org\/{rel}","templated":true}]}}