{"id":32846,"date":"2016-07-29T00:16:34","date_gmt":"2016-07-28T22:46:34","guid":{"rendered":"http:\/\/candas365.es\/noticias\/?p=32846"},"modified":"2016-07-29T00:16:34","modified_gmt":"2016-07-28T22:46:34","slug":"angela-merkel-rechaza-cambiar-su-politica-de-refugiados-por-los-atentados","status":"publish","type":"post","link":"https:\/\/candas365.es\/noticias\/angela-merkel-rechaza-cambiar-su-politica-de-refugiados-por-los-atentados\/","title":{"rendered":"Angela Merkel rechaza cambiar su pol\u00edtica de refugiados por los atentados"},"content":{"rendered":"<p><img fetchpriority=\"high\" decoding=\"async\" class=\"alignleft size-medium wp-image-14622\" src=\"https:\/\/candas365.es\/noticias\/wp-content\/uploads\/2015\/08\/merkel-360x198.jpg\" alt=\"merkel\" width=\"360\" height=\"198\" srcset=\"https:\/\/candas365.es\/noticias\/wp-content\/uploads\/2015\/08\/merkel-360x198.jpg 360w, https:\/\/candas365.es\/noticias\/wp-content\/uploads\/2015\/08\/merkel-650x357.jpg 650w, https:\/\/candas365.es\/noticias\/wp-content\/uploads\/2015\/08\/merkel-150x82.jpg 150w, https:\/\/candas365.es\/noticias\/wp-content\/uploads\/2015\/08\/merkel-450x247.jpg 450w, https:\/\/candas365.es\/noticias\/wp-content\/uploads\/2015\/08\/merkel.jpg 655w\" sizes=\"(max-width: 360px) 100vw, 360px\" \/>Berl\u00edn, 28 jul (dpa) &#8211; La canciller alemana, Angela Merkel, conden\u00f3 hoy los ataques que buscaron generar \u00abodio y miedo\u00bb en Alemania y descart\u00f3 cambiar de rumbo en su pol\u00edtica de brazos abiertos hacia los refugiados pese al descontento y la inseguridad generados por el hecho de que dos atentados fuesen obra de solicitantes de asilo.<\/p>\n<p>\u00abLo lograremos\u00bb, dijo Merkel ante la prensa en Berl\u00edn, repitiendo la emblem\u00e1tica frase con que llam\u00f3 hace casi un a\u00f1o a sus compatriotas a recibir a cientos de miles de refugiados que llegaban del Cercano Oriente y \u00c1frica.<\/p>\n<p>\u00abHace 11 meses no dije que fuera a ser algo f\u00e1cil que pudi\u00e9semos solucionar al paso\u00bb, aclar\u00f3 Merkel en su rueda anual de prensa, que adelant\u00f3 por cuatro hechos de violencia que golpearon estos d\u00edas el pa\u00eds.<\/p>\n<p>\u00abPero hoy como entonces estoy convencida de que conseguiremos estar a la altura de nuestra tarea hist\u00f3rica -y esta es una tarea hist\u00f3rica en tiempos de la globalizaci\u00f3n-. Lo lograremos. Y, por cierto, hemos conseguido en los \u00faltimos meses mucho, much\u00edsimo\u00bb, recalc\u00f3 la mandataria.<\/p>\n<p>En su conferencia de prensa de verano del 31 de agosto de 2015, Merkel hab\u00eda asegurado a sus compatriotas que lograr\u00edan dar cobijo a los cientos de miles que llegaban huyendo de conflictos y que acabaron siendo m\u00e1s de 1,2 millones.<\/p>\n<p>Pero muchos alemanes no tuvieron claro c\u00f3mo se lograr\u00eda. Las cr\u00edticas a Merkel arreciaron, tambi\u00e9n de sus socios de la Uni\u00f3n Social Cristiana en Baviera y muchos de su propio partido, la Uni\u00f3n Dem\u00f3crata Cristiana (CDU). El descontento se aplac\u00f3 con el cierre de la llamada ruta de los Balcanes y ha resurgido tras los ataques de los \u00faltimos d\u00edas.<\/p>\n<p>Merkel conden\u00f3 los atentados de Wurzburgo y Ansbach a cargo de refugiados radicalizados calific\u00e1ndolos como \u00abterrorismo islamista\u00bb. \u00abEstos atentados son horrorosos, oprimentes y deprimentes\u00bb, dijo la mandataria. \u00abSe est\u00e1n violando tab\u00faes civilizatorios. Los hechos suceden en lugares en los que cualquiera de nosotros pudiera estar\u00bb.<\/p>\n<p>Al mismo tiempo, asegur\u00f3 a los alemanes que las autoridades har\u00e1n todo lo posible para esclarecer \u00abestos hechos b\u00e1rbaros\u00bb.<\/p>\n<p>Para ello present\u00f3 un cat\u00e1logo de nueve puntos que incluyen medidas para facilitar la deportaci\u00f3n de peticionarios a quienes se deneg\u00f3 la solicitud de asilo, mejorar el llamado \u00absistema de alerta temprana\u00bb para prevenir la radicalizaci\u00f3n de refugiados y la intervenci\u00f3n del Ej\u00e9rcito en operaciones antiterroristas dentro del pa\u00eds, algo que hasta ahora no permite la Constituci\u00f3n.<\/p>\n<p>Merkel sostuvo que estos atentados afectan \u00abal n\u00facleo de la sociedad\u00bb y llam\u00f3 a los alemanes a continuar viviendo como hasta ahora. \u00abNo podemos permitir que nos arruinen nuestra forma de vida\u00bb, urgi\u00f3.<\/p>\n<p>La l\u00edder alemana llam\u00f3 a no confundir el terrorismo islamista con la religi\u00f3n isl\u00e1mica. \u00abPara m\u00ed hay algo muy importante: No estamos en guerra o luchando contra el islam, sino que luchamos contra el terrorismo islamista\u00bb.<\/p>\n<p>Alemania fue sacudida por una serie de hechos violentos desde el 18 de julio. El s\u00e1bado, un refugiado sirio se suicid\u00f3 y caus\u00f3 heridas a 15 personas al detonar una bomba en su mochila en la entrada de un concierto en la localidad de Ansbach .<\/p>\n<p>El 18 de julio, un refugiado de 17 a\u00f1os, probablemente de Afganist\u00e1n, protagoniz\u00f3 un ataque con hacha y cuchillo en un tren regional, hiriendo a cinco personas, entre ellas cuatro turistas de Hong Kong. La milicia terrorista Estado Isl\u00e1mico reclam\u00f3 la autor\u00eda de ambos atentados.<\/p>\n<p>En otro orden, Merkel consider\u00f3 que la decisi\u00f3n de la Uni\u00f3n Europea de no multar a Espa\u00f1a y Portugal por incumplir el d\u00e9ficit presupuestario acordado no debilita el Pacto de Estabilidad. \u00abNo puedo ver ning\u00fan fin del Pacto de Estabilidad\u00bb.<\/p>\n<p>Asimismo, apel\u00f3 al presidente turco, Recep Tayyip Erdogan, a actuar con \u00abproporcionalidad\u00bb tras el fallido golpe de Estado. M\u00e1s all\u00e1 del derecho de actuar contra los golpistas, en un Estado de derecho debe regir el principio de la proporcionalidad, opin\u00f3 Merkel. \u00abEste principio debe ser garantizado a toda costa\u00bb.<\/p>\n<p>La tradicional rueda de prensa de la canciller estaba programada para finales de agosto. Tras los ataques, Merkel interrumpi\u00f3 sus vacaciones y adelant\u00f3 su comparecencia ante la prensa.<\/p>\n<p><span class=\" readonly\" title=\"\"><em>Por Mar\u00eda Laura Ar\u00e1oz <\/em><\/span><\/p>\n<p>&nbsp;<\/p>\n","protected":false},"excerpt":{"rendered":"<p>Berl\u00edn, 28 jul (dpa) &#8211; La canciller alemana, Angela Merkel, conden\u00f3 hoy los ataques que buscaron generar \u00abodio y miedo\u00bb en Alemania y descart\u00f3 cambiar de rumbo en su pol\u00edtica de brazos abiertos hacia los refugiados pese al descontento y la inseguridad generados por el hecho de que dos atentados fuesen obra de solicitantes de<\/p>\n","protected":false},"author":1,"featured_media":14622,"comment_status":"closed","ping_status":"closed","sticky":false,"template":"","format":"standard","meta":{"footnotes":""},"categories":[343],"tags":[],"class_list":{"0":"post-32846","1":"post","2":"type-post","3":"status-publish","4":"format-standard","5":"has-post-thumbnail","7":"category-actualidad"},"aioseo_notices":[],"aioseo_head":"\n\t\t<!-- All in One SEO Pro 4.9.6.2 - aioseo.com -->\n\t<meta name=\"description\" content=\"Berl\u00edn, 28 jul (dpa) - La canciller alemana, Angela Merkel, conden\u00f3 hoy los ataques que buscaron generar &quot;odio y miedo&quot; en Alemania y descart\u00f3 cambiar de rumbo en su pol\u00edtica de brazos abiertos hacia los refugiados pese al descontento y la inseguridad generados por el hecho de que dos atentados fuesen obra de solicitantes de\" \/>\n\t<meta name=\"robots\" content=\"max-image-preview:large\" \/>\n\t<meta name=\"author\" content=\"Cand\u00e1s 365\"\/>\n\t<meta name=\"google-site-verification\" content=\"UA-32230408-1\" \/>\n\t<meta name=\"msvalidate.01\" content=\"354F3CDFB2DA171B47FBE9ABF1F88D5\" \/>\n\t<meta name=\"keywords\" content=\"actualidad\" \/>\n\t<link rel=\"canonical\" href=\"https:\/\/candas365.es\/noticias\/angela-merkel-rechaza-cambiar-su-politica-de-refugiados-por-los-atentados\/\" \/>\n\t<meta name=\"generator\" content=\"All in One SEO Pro (AIOSEO) 4.9.6.2\" \/>\n\t\t<meta property=\"og:locale\" content=\"es_ES\" \/>\n\t\t<meta property=\"og:site_name\" content=\"Cand\u00e1s 365\" \/>\n\t\t<meta property=\"og:type\" content=\"article\" \/>\n\t\t<meta property=\"og:title\" content=\"Angela Merkel rechaza cambiar su pol\u00edtica de refugiados por los atentados | Cand\u00e1s 365\" \/>\n\t\t<meta property=\"og:description\" content=\"Berl\u00edn, 28 jul (dpa) - La canciller alemana, Angela Merkel, conden\u00f3 hoy los ataques que buscaron generar &quot;odio y miedo&quot; en Alemania y descart\u00f3 cambiar de rumbo en su pol\u00edtica de brazos abiertos hacia los refugiados pese al descontento y la inseguridad generados por el hecho de que dos atentados fuesen obra de solicitantes de\" \/>\n\t\t<meta property=\"og:url\" content=\"https:\/\/candas365.es\/noticias\/angela-merkel-rechaza-cambiar-su-politica-de-refugiados-por-los-atentados\/\" \/>\n\t\t<meta property=\"og:image\" content=\"https:\/\/candas365.es\/noticias\/wp-content\/uploads\/2015\/08\/merkel.jpg\" \/>\n\t\t<meta property=\"og:image:secure_url\" content=\"https:\/\/candas365.es\/noticias\/wp-content\/uploads\/2015\/08\/merkel.jpg\" \/>\n\t\t<meta property=\"og:image:width\" content=\"655\" \/>\n\t\t<meta property=\"og:image:height\" content=\"360\" \/>\n\t\t<meta property=\"article:published_time\" content=\"2016-07-28T22:46:34+00:00\" \/>\n\t\t<meta property=\"article:modified_time\" content=\"2016-07-28T22:46:34+00:00\" \/>\n\t\t<meta property=\"article:publisher\" content=\"https:\/\/www.facebook.com\/Nachofdezber\" \/>\n\t\t<meta property=\"article:author\" content=\"https:\/\/www.facebook.com\/carrenoactualidad\" \/>\n\t\t<meta name=\"twitter:card\" content=\"summary_large_image\" \/>\n\t\t<meta name=\"twitter:site\" content=\"@NabercoDigital\" \/>\n\t\t<meta name=\"twitter:title\" content=\"Angela Merkel rechaza cambiar su pol\u00edtica de refugiados por los atentados | Cand\u00e1s 365\" \/>\n\t\t<meta name=\"twitter:description\" content=\"Berl\u00edn, 28 jul (dpa) - La canciller alemana, Angela Merkel, conden\u00f3 hoy los ataques que buscaron generar &quot;odio y miedo&quot; en Alemania y descart\u00f3 cambiar de rumbo en su pol\u00edtica de brazos abiertos hacia los refugiados pese al descontento y la inseguridad generados por el hecho de que dos atentados fuesen obra de solicitantes de\" \/>\n\t\t<meta name=\"twitter:creator\" content=\"@nbasturias\" \/>\n\t\t<meta name=\"twitter:image\" content=\"https:\/\/candas365.es\/noticias\/wp-content\/uploads\/2015\/08\/merkel.jpg\" \/>\n\t\t<meta name=\"twitter:label1\" content=\"Escrito por\" \/>\n\t\t<meta name=\"twitter:data1\" content=\"Cand\u00e1s 365\" \/>\n\t\t<meta name=\"twitter:label2\" content=\"Tiempo de lectura estimado\" \/>\n\t\t<meta name=\"twitter:data2\" content=\"4 minutos\" \/>\n\t\t<script type=\"application\/ld+json\" class=\"aioseo-schema\">\n\t\t\t{\"@context\":\"https:\\\/\\\/schema.org\",\"@graph\":[{\"@type\":\"BreadcrumbList\",\"@id\":\"https:\\\/\\\/candas365.es\\\/noticias\\\/angela-merkel-rechaza-cambiar-su-politica-de-refugiados-por-los-atentados\\\/#breadcrumblist\",\"itemListElement\":[{\"@type\":\"ListItem\",\"@id\":\"https:\\\/\\\/candas365.es\\\/noticias#listItem\",\"position\":1,\"name\":\"Home\",\"item\":\"https:\\\/\\\/candas365.es\\\/noticias\",\"nextItem\":{\"@type\":\"ListItem\",\"@id\":\"https:\\\/\\\/candas365.es\\\/noticias\\\/category\\\/actualidad\\\/#listItem\",\"name\":\"Actualidad\"}},{\"@type\":\"ListItem\",\"@id\":\"https:\\\/\\\/candas365.es\\\/noticias\\\/category\\\/actualidad\\\/#listItem\",\"position\":2,\"name\":\"Actualidad\",\"item\":\"https:\\\/\\\/candas365.es\\\/noticias\\\/category\\\/actualidad\\\/\",\"nextItem\":{\"@type\":\"ListItem\",\"@id\":\"https:\\\/\\\/candas365.es\\\/noticias\\\/angela-merkel-rechaza-cambiar-su-politica-de-refugiados-por-los-atentados\\\/#listItem\",\"name\":\"Angela Merkel rechaza cambiar su pol\\u00edtica de refugiados por los atentados\"},\"previousItem\":{\"@type\":\"ListItem\",\"@id\":\"https:\\\/\\\/candas365.es\\\/noticias#listItem\",\"name\":\"Home\"}},{\"@type\":\"ListItem\",\"@id\":\"https:\\\/\\\/candas365.es\\\/noticias\\\/angela-merkel-rechaza-cambiar-su-politica-de-refugiados-por-los-atentados\\\/#listItem\",\"position\":3,\"name\":\"Angela Merkel rechaza cambiar su pol\\u00edtica de refugiados por los atentados\",\"previousItem\":{\"@type\":\"ListItem\",\"@id\":\"https:\\\/\\\/candas365.es\\\/noticias\\\/category\\\/actualidad\\\/#listItem\",\"name\":\"Actualidad\"}}]},{\"@type\":\"NewsArticle\",\"@id\":\"https:\\\/\\\/candas365.es\\\/noticias\\\/angela-merkel-rechaza-cambiar-su-politica-de-refugiados-por-los-atentados\\\/#newsarticle\",\"name\":\"Angela Merkel rechaza cambiar su pol\\u00edtica de refugiados por los atentados | Cand\\u00e1s 365\",\"headline\":\"Angela Merkel rechaza cambiar su pol\\u00edtica de refugiados por los atentados\",\"author\":{\"@id\":\"https:\\\/\\\/candas365.es\\\/noticias\\\/author\\\/admin\\\/#author\"},\"publisher\":{\"@id\":\"https:\\\/\\\/candas365.es\\\/noticias\\\/#organization\"},\"image\":{\"@type\":\"ImageObject\",\"url\":\"https:\\\/\\\/candas365.es\\\/noticias\\\/wp-content\\\/uploads\\\/2015\\\/08\\\/merkel.jpg\",\"width\":655,\"height\":360},\"datePublished\":\"2016-07-29T00:16:34+02:00\",\"dateModified\":\"2016-07-29T00:16:34+02:00\",\"inLanguage\":\"es-ES\",\"mainEntityOfPage\":{\"@id\":\"https:\\\/\\\/candas365.es\\\/noticias\\\/angela-merkel-rechaza-cambiar-su-politica-de-refugiados-por-los-atentados\\\/#webpage\"},\"isPartOf\":{\"@id\":\"https:\\\/\\\/candas365.es\\\/noticias\\\/angela-merkel-rechaza-cambiar-su-politica-de-refugiados-por-los-atentados\\\/#webpage\"},\"articleSection\":\"Actualidad\",\"dateline\":\"Publicado el julio 29, 2016.\"},{\"@type\":\"Organization\",\"@id\":\"https:\\\/\\\/candas365.es\\\/noticias\\\/#organization\",\"name\":\"Cand\\u00e1s 365\",\"description\":\"Cand\\u00e1s 365 es un diario digital independiente, fundado en 2012, con base en Asturias. Informamos con rigor sobre actualidad, sociedad, cultura y ocio, con una mirada local y global.\",\"url\":\"https:\\\/\\\/candas365.es\\\/noticias\\\/\",\"email\":\"info@candas365.es\",\"telephone\":\"+34652131393\",\"foundingDate\":\"2012-06-10\",\"logo\":{\"@type\":\"ImageObject\",\"url\":\"https:\\\/\\\/candas365.es\\\/noticias\\\/wp-content\\\/uploads\\\/2024\\\/09\\\/Candas-365-Redes.jpg\",\"@id\":\"https:\\\/\\\/candas365.es\\\/noticias\\\/angela-merkel-rechaza-cambiar-su-politica-de-refugiados-por-los-atentados\\\/#organizationLogo\",\"width\":1152,\"height\":864,\"caption\":\"Cand\\u00e1s 365 Redes\"},\"image\":{\"@id\":\"https:\\\/\\\/candas365.es\\\/noticias\\\/angela-merkel-rechaza-cambiar-su-politica-de-refugiados-por-los-atentados\\\/#organizationLogo\"},\"sameAs\":[\"https:\\\/\\\/www.facebook.com\\\/Nachofdezber\",\"https:\\\/\\\/x.com\\\/NabercoDigital\",\"https:\\\/\\\/www.instagram.com\\\/nachofdezber\\\/\",\"https:\\\/\\\/www.youtube.com\\\/channel\\\/UCZP-2wLEB9Rv6erhFmqVnvg\"],\"address\":{\"@id\":\"https:\\\/\\\/candas365.es\\\/noticias\\\/#postaladdress\",\"@type\":\"PostalAddress\",\"streetAddress\":\"san antonio 4, san antonio 4\",\"postalCode\":\"33430\",\"addressLocality\":\"Cand\\u00e1s\",\"addressRegion\":\"Asturias\",\"addressCountry\":\"ES\"}},{\"@type\":\"Person\",\"@id\":\"https:\\\/\\\/candas365.es\\\/noticias\\\/author\\\/admin\\\/#author\",\"url\":\"https:\\\/\\\/candas365.es\\\/noticias\\\/author\\\/admin\\\/\",\"name\":\"Cand\\u00e1s 365\",\"image\":{\"@type\":\"ImageObject\",\"@id\":\"https:\\\/\\\/candas365.es\\\/noticias\\\/angela-merkel-rechaza-cambiar-su-politica-de-refugiados-por-los-atentados\\\/#authorImage\",\"url\":\"https:\\\/\\\/secure.gravatar.com\\\/avatar\\\/496a8e03d0c493ede1718b7934145dbdf8d89be1036b0eec9544e1094c9de390?s=96&d=mm&r=g\",\"width\":96,\"height\":96,\"caption\":\"Cand\\u00e1s 365\"},\"sameAs\":[\"https:\\\/\\\/www.facebook.com\\\/carrenoactualidad\",\"https:\\\/\\\/twitter.com\\\/nbasturias\",\"https:\\\/\\\/www.instagram.com\\\/nachofdezber\\\/\",\"https:\\\/\\\/www.youtube.com\\\/channel\\\/UCZP-2wLEB9Rv6erhFmqVnvg\"]},{\"@type\":\"WebPage\",\"@id\":\"https:\\\/\\\/candas365.es\\\/noticias\\\/angela-merkel-rechaza-cambiar-su-politica-de-refugiados-por-los-atentados\\\/#webpage\",\"url\":\"https:\\\/\\\/candas365.es\\\/noticias\\\/angela-merkel-rechaza-cambiar-su-politica-de-refugiados-por-los-atentados\\\/\",\"name\":\"Angela Merkel rechaza cambiar su pol\\u00edtica de refugiados por los atentados | Cand\\u00e1s 365\",\"description\":\"Berl\\u00edn, 28 jul (dpa) - La canciller alemana, Angela Merkel, conden\\u00f3 hoy los ataques que buscaron generar \\\"odio y miedo\\\" en Alemania y descart\\u00f3 cambiar de rumbo en su pol\\u00edtica de brazos abiertos hacia los refugiados pese al descontento y la inseguridad generados por el hecho de que dos atentados fuesen obra de solicitantes de\",\"inLanguage\":\"es-ES\",\"isPartOf\":{\"@id\":\"https:\\\/\\\/candas365.es\\\/noticias\\\/#website\"},\"breadcrumb\":{\"@id\":\"https:\\\/\\\/candas365.es\\\/noticias\\\/angela-merkel-rechaza-cambiar-su-politica-de-refugiados-por-los-atentados\\\/#breadcrumblist\"},\"author\":{\"@id\":\"https:\\\/\\\/candas365.es\\\/noticias\\\/author\\\/admin\\\/#author\"},\"creator\":{\"@id\":\"https:\\\/\\\/candas365.es\\\/noticias\\\/author\\\/admin\\\/#author\"},\"image\":{\"@type\":\"ImageObject\",\"url\":\"https:\\\/\\\/candas365.es\\\/noticias\\\/wp-content\\\/uploads\\\/2015\\\/08\\\/merkel.jpg\",\"@id\":\"https:\\\/\\\/candas365.es\\\/noticias\\\/angela-merkel-rechaza-cambiar-su-politica-de-refugiados-por-los-atentados\\\/#mainImage\",\"width\":655,\"height\":360},\"primaryImageOfPage\":{\"@id\":\"https:\\\/\\\/candas365.es\\\/noticias\\\/angela-merkel-rechaza-cambiar-su-politica-de-refugiados-por-los-atentados\\\/#mainImage\"},\"datePublished\":\"2016-07-29T00:16:34+02:00\",\"dateModified\":\"2016-07-29T00:16:34+02:00\"},{\"@type\":\"WebSite\",\"@id\":\"https:\\\/\\\/candas365.es\\\/noticias\\\/#website\",\"url\":\"https:\\\/\\\/candas365.es\\\/noticias\\\/\",\"name\":\"Cand\\u00e1s 365\",\"alternateName\":\"Cand\\u00e1s 365 Noticias\",\"description\":\"Actualidad desde Carre\\u00f1o para el mundo\",\"inLanguage\":\"es-ES\",\"publisher\":{\"@id\":\"https:\\\/\\\/candas365.es\\\/noticias\\\/#organization\"}}]}\n\t\t<\/script>\n\t\t<!-- All in One SEO Pro -->\r\n\t\t<title>Angela Merkel rechaza cambiar su pol\u00edtica de refugiados por los atentados | Cand\u00e1s 365<\/title>\n\n","aioseo_head_json":{"title":"Angela Merkel rechaza cambiar su pol\u00edtica de refugiados por los atentados | Cand\u00e1s 365","description":"Berl\u00edn, 28 jul (dpa) - La canciller alemana, Angela Merkel, conden\u00f3 hoy los ataques que buscaron generar \"odio y miedo\" en Alemania y descart\u00f3 cambiar de rumbo en su pol\u00edtica de brazos abiertos hacia los refugiados pese al descontento y la inseguridad generados por el hecho de que dos atentados fuesen obra de solicitantes de","canonical_url":"https:\/\/candas365.es\/noticias\/angela-merkel-rechaza-cambiar-su-politica-de-refugiados-por-los-atentados\/","robots":"max-image-preview:large","keywords":"actualidad","webmasterTools":{"google-site-verification":"UA-32230408-1","msvalidate.01":"354F3CDFB2DA171B47FBE9ABF1F88D5","miscellaneous":""},"schema":{"@context":"https:\/\/schema.org","@graph":[{"@type":"BreadcrumbList","@id":"https:\/\/candas365.es\/noticias\/angela-merkel-rechaza-cambiar-su-politica-de-refugiados-por-los-atentados\/#breadcrumblist","itemListElement":[{"@type":"ListItem","@id":"https:\/\/candas365.es\/noticias#listItem","position":1,"name":"Home","item":"https:\/\/candas365.es\/noticias","nextItem":{"@type":"ListItem","@id":"https:\/\/candas365.es\/noticias\/category\/actualidad\/#listItem","name":"Actualidad"}},{"@type":"ListItem","@id":"https:\/\/candas365.es\/noticias\/category\/actualidad\/#listItem","position":2,"name":"Actualidad","item":"https:\/\/candas365.es\/noticias\/category\/actualidad\/","nextItem":{"@type":"ListItem","@id":"https:\/\/candas365.es\/noticias\/angela-merkel-rechaza-cambiar-su-politica-de-refugiados-por-los-atentados\/#listItem","name":"Angela Merkel rechaza cambiar su pol\u00edtica de refugiados por los atentados"},"previousItem":{"@type":"ListItem","@id":"https:\/\/candas365.es\/noticias#listItem","name":"Home"}},{"@type":"ListItem","@id":"https:\/\/candas365.es\/noticias\/angela-merkel-rechaza-cambiar-su-politica-de-refugiados-por-los-atentados\/#listItem","position":3,"name":"Angela Merkel rechaza cambiar su pol\u00edtica de refugiados por los atentados","previousItem":{"@type":"ListItem","@id":"https:\/\/candas365.es\/noticias\/category\/actualidad\/#listItem","name":"Actualidad"}}]},{"@type":"NewsArticle","@id":"https:\/\/candas365.es\/noticias\/angela-merkel-rechaza-cambiar-su-politica-de-refugiados-por-los-atentados\/#newsarticle","name":"Angela Merkel rechaza cambiar su pol\u00edtica de refugiados por los atentados | Cand\u00e1s 365","headline":"Angela Merkel rechaza cambiar su pol\u00edtica de refugiados por los atentados","author":{"@id":"https:\/\/candas365.es\/noticias\/author\/admin\/#author"},"publisher":{"@id":"https:\/\/candas365.es\/noticias\/#organization"},"image":{"@type":"ImageObject","url":"https:\/\/candas365.es\/noticias\/wp-content\/uploads\/2015\/08\/merkel.jpg","width":655,"height":360},"datePublished":"2016-07-29T00:16:34+02:00","dateModified":"2016-07-29T00:16:34+02:00","inLanguage":"es-ES","mainEntityOfPage":{"@id":"https:\/\/candas365.es\/noticias\/angela-merkel-rechaza-cambiar-su-politica-de-refugiados-por-los-atentados\/#webpage"},"isPartOf":{"@id":"https:\/\/candas365.es\/noticias\/angela-merkel-rechaza-cambiar-su-politica-de-refugiados-por-los-atentados\/#webpage"},"articleSection":"Actualidad","dateline":"Publicado el julio 29, 2016."},{"@type":"Organization","@id":"https:\/\/candas365.es\/noticias\/#organization","name":"Cand\u00e1s 365","description":"Cand\u00e1s 365 es un diario digital independiente, fundado en 2012, con base en Asturias. Informamos con rigor sobre actualidad, sociedad, cultura y ocio, con una mirada local y global.","url":"https:\/\/candas365.es\/noticias\/","email":"info@candas365.es","telephone":"+34652131393","foundingDate":"2012-06-10","logo":{"@type":"ImageObject","url":"https:\/\/candas365.es\/noticias\/wp-content\/uploads\/2024\/09\/Candas-365-Redes.jpg","@id":"https:\/\/candas365.es\/noticias\/angela-merkel-rechaza-cambiar-su-politica-de-refugiados-por-los-atentados\/#organizationLogo","width":1152,"height":864,"caption":"Cand\u00e1s 365 Redes"},"image":{"@id":"https:\/\/candas365.es\/noticias\/angela-merkel-rechaza-cambiar-su-politica-de-refugiados-por-los-atentados\/#organizationLogo"},"sameAs":["https:\/\/www.facebook.com\/Nachofdezber","https:\/\/x.com\/NabercoDigital","https:\/\/www.instagram.com\/nachofdezber\/","https:\/\/www.youtube.com\/channel\/UCZP-2wLEB9Rv6erhFmqVnvg"],"address":{"@id":"https:\/\/candas365.es\/noticias\/#postaladdress","@type":"PostalAddress","streetAddress":"san antonio 4, san antonio 4","postalCode":"33430","addressLocality":"Cand\u00e1s","addressRegion":"Asturias","addressCountry":"ES"}},{"@type":"Person","@id":"https:\/\/candas365.es\/noticias\/author\/admin\/#author","url":"https:\/\/candas365.es\/noticias\/author\/admin\/","name":"Cand\u00e1s 365","image":{"@type":"ImageObject","@id":"https:\/\/candas365.es\/noticias\/angela-merkel-rechaza-cambiar-su-politica-de-refugiados-por-los-atentados\/#authorImage","url":"https:\/\/secure.gravatar.com\/avatar\/496a8e03d0c493ede1718b7934145dbdf8d89be1036b0eec9544e1094c9de390?s=96&d=mm&r=g","width":96,"height":96,"caption":"Cand\u00e1s 365"},"sameAs":["https:\/\/www.facebook.com\/carrenoactualidad","https:\/\/twitter.com\/nbasturias","https:\/\/www.instagram.com\/nachofdezber\/","https:\/\/www.youtube.com\/channel\/UCZP-2wLEB9Rv6erhFmqVnvg"]},{"@type":"WebPage","@id":"https:\/\/candas365.es\/noticias\/angela-merkel-rechaza-cambiar-su-politica-de-refugiados-por-los-atentados\/#webpage","url":"https:\/\/candas365.es\/noticias\/angela-merkel-rechaza-cambiar-su-politica-de-refugiados-por-los-atentados\/","name":"Angela Merkel rechaza cambiar su pol\u00edtica de refugiados por los atentados | Cand\u00e1s 365","description":"Berl\u00edn, 28 jul (dpa) - La canciller alemana, Angela Merkel, conden\u00f3 hoy los ataques que buscaron generar \"odio y miedo\" en Alemania y descart\u00f3 cambiar de rumbo en su pol\u00edtica de brazos abiertos hacia los refugiados pese al descontento y la inseguridad generados por el hecho de que dos atentados fuesen obra de solicitantes de","inLanguage":"es-ES","isPartOf":{"@id":"https:\/\/candas365.es\/noticias\/#website"},"breadcrumb":{"@id":"https:\/\/candas365.es\/noticias\/angela-merkel-rechaza-cambiar-su-politica-de-refugiados-por-los-atentados\/#breadcrumblist"},"author":{"@id":"https:\/\/candas365.es\/noticias\/author\/admin\/#author"},"creator":{"@id":"https:\/\/candas365.es\/noticias\/author\/admin\/#author"},"image":{"@type":"ImageObject","url":"https:\/\/candas365.es\/noticias\/wp-content\/uploads\/2015\/08\/merkel.jpg","@id":"https:\/\/candas365.es\/noticias\/angela-merkel-rechaza-cambiar-su-politica-de-refugiados-por-los-atentados\/#mainImage","width":655,"height":360},"primaryImageOfPage":{"@id":"https:\/\/candas365.es\/noticias\/angela-merkel-rechaza-cambiar-su-politica-de-refugiados-por-los-atentados\/#mainImage"},"datePublished":"2016-07-29T00:16:34+02:00","dateModified":"2016-07-29T00:16:34+02:00"},{"@type":"WebSite","@id":"https:\/\/candas365.es\/noticias\/#website","url":"https:\/\/candas365.es\/noticias\/","name":"Cand\u00e1s 365","alternateName":"Cand\u00e1s 365 Noticias","description":"Actualidad desde Carre\u00f1o para el mundo","inLanguage":"es-ES","publisher":{"@id":"https:\/\/candas365.es\/noticias\/#organization"}}]},"og:locale":"es_ES","og:site_name":"Cand\u00e1s 365","og:type":"article","og:title":"Angela Merkel rechaza cambiar su pol\u00edtica de refugiados por los atentados | Cand\u00e1s 365","og:description":"Berl\u00edn, 28 jul (dpa) - La canciller alemana, Angela Merkel, conden\u00f3 hoy los ataques que buscaron generar &quot;odio y miedo&quot; en Alemania y descart\u00f3 cambiar de rumbo en su pol\u00edtica de brazos abiertos hacia los refugiados pese al descontento y la inseguridad generados por el hecho de que dos atentados fuesen obra de solicitantes de","og:url":"https:\/\/candas365.es\/noticias\/angela-merkel-rechaza-cambiar-su-politica-de-refugiados-por-los-atentados\/","og:image":"https:\/\/candas365.es\/noticias\/wp-content\/uploads\/2015\/08\/merkel.jpg","og:image:secure_url":"https:\/\/candas365.es\/noticias\/wp-content\/uploads\/2015\/08\/merkel.jpg","og:image:width":655,"og:image:height":360,"article:published_time":"2016-07-28T22:46:34+00:00","article:modified_time":"2016-07-28T22:46:34+00:00","article:publisher":"https:\/\/www.facebook.com\/Nachofdezber","article:author":"https:\/\/www.facebook.com\/carrenoactualidad","twitter:card":"summary_large_image","twitter:site":"@NabercoDigital","twitter:title":"Angela Merkel rechaza cambiar su pol\u00edtica de refugiados por los atentados | Cand\u00e1s 365","twitter:description":"Berl\u00edn, 28 jul (dpa) - La canciller alemana, Angela Merkel, conden\u00f3 hoy los ataques que buscaron generar &quot;odio y miedo&quot; en Alemania y descart\u00f3 cambiar de rumbo en su pol\u00edtica de brazos abiertos hacia los refugiados pese al descontento y la inseguridad generados por el hecho de que dos atentados fuesen obra de solicitantes de","twitter:creator":"@nbasturias","twitter:image":"https:\/\/candas365.es\/noticias\/wp-content\/uploads\/2015\/08\/merkel.jpg","twitter:label1":"Escrito por","twitter:data1":"Cand\u00e1s 365","twitter:label2":"Tiempo de lectura estimado","twitter:data2":"4 minutos"},"aioseo_meta_data":{"post_id":"32846","title":null,"description":null,"keywords":null,"keyphrases":null,"primary_term":null,"canonical_url":null,"og_title":null,"og_description":null,"og_object_type":"default","og_image_type":"default","og_image_url":null,"og_image_width":null,"og_image_height":null,"og_image_custom_url":null,"og_image_custom_fields":null,"og_video":null,"og_custom_url":null,"og_article_section":null,"og_article_tags":null,"twitter_use_og":false,"twitter_card":"default","twitter_image_type":"default","twitter_image_url":null,"twitter_image_custom_url":null,"twitter_image_custom_fields":null,"twitter_title":null,"twitter_description":null,"schema":{"blockGraphs":[],"customGraphs":[],"default":{"data":{"Article":[],"Course":[],"Dataset":[],"FAQPage":[],"Movie":[],"Person":[],"Product":[],"ProductReview":[],"Car":[],"Recipe":[],"Service":[],"SoftwareApplication":[],"WebPage":[]},"graphName":"","isEnabled":true},"graphs":[],"defaultGraph":"","defaultPostTypeGraph":""},"schema_type":null,"schema_type_options":null,"pillar_content":false,"robots_default":true,"robots_noindex":false,"robots_noarchive":false,"robots_nosnippet":false,"robots_nofollow":false,"robots_noimageindex":false,"robots_noodp":false,"robots_notranslate":false,"robots_max_snippet":null,"robots_max_videopreview":null,"robots_max_imagepreview":"large","priority":null,"frequency":null,"location":null,"local_seo":null,"seo_analyzer_scan_date":"2025-08-24 16:00:13","breadcrumb_settings":null,"limit_modified_date":false,"reviewed_by":null,"open_ai":null,"ai":null,"created":"2020-12-21 13:05:17","updated":"2025-08-24 16:00:13"},"aioseo_breadcrumb":"<div class=\"aioseo-breadcrumbs\"><span class=\"aioseo-breadcrumb\">\n\t<a href=\"https:\/\/candas365.es\/noticias\" title=\"Home\">Home<\/a>\n<\/span><span class=\"aioseo-breadcrumb-separator\">&ndash;<\/span><span class=\"aioseo-breadcrumb\">\n\t<a href=\"https:\/\/candas365.es\/noticias\/category\/actualidad\/\" title=\"Actualidad\">Actualidad<\/a>\n<\/span><span class=\"aioseo-breadcrumb-separator\">&ndash;<\/span><span class=\"aioseo-breadcrumb\">\n\tAngela Merkel rechaza cambiar su pol\u00edtica de refugiados por los atentados\n<\/span><\/div>","aioseo_breadcrumb_json":[{"label":"Home","link":"https:\/\/candas365.es\/noticias"},{"label":"Actualidad","link":"https:\/\/candas365.es\/noticias\/category\/actualidad\/"},{"label":"Angela Merkel rechaza cambiar su pol\u00edtica de refugiados por los atentados","link":"https:\/\/candas365.es\/noticias\/angela-merkel-rechaza-cambiar-su-politica-de-refugiados-por-los-atentados\/"}],"_links":{"self":[{"href":"https:\/\/candas365.es\/noticias\/wp-json\/wp\/v2\/posts\/32846","targetHints":{"allow":["GET"]}}],"collection":[{"href":"https:\/\/candas365.es\/noticias\/wp-json\/wp\/v2\/posts"}],"about":[{"href":"https:\/\/candas365.es\/noticias\/wp-json\/wp\/v2\/types\/post"}],"author":[{"embeddable":true,"href":"https:\/\/candas365.es\/noticias\/wp-json\/wp\/v2\/users\/1"}],"replies":[{"embeddable":true,"href":"https:\/\/candas365.es\/noticias\/wp-json\/wp\/v2\/comments?post=32846"}],"version-history":[{"count":0,"href":"https:\/\/candas365.es\/noticias\/wp-json\/wp\/v2\/posts\/32846\/revisions"}],"wp:featuredmedia":[{"embeddable":true,"href":"https:\/\/candas365.es\/noticias\/wp-json\/wp\/v2\/media\/14622"}],"wp:attachment":[{"href":"https:\/\/candas365.es\/noticias\/wp-json\/wp\/v2\/media?parent=32846"}],"wp:term":[{"taxonomy":"category","embeddable":true,"href":"https:\/\/candas365.es\/noticias\/wp-json\/wp\/v2\/categories?post=32846"},{"taxonomy":"post_tag","embeddable":true,"href":"https:\/\/candas365.es\/noticias\/wp-json\/wp\/v2\/tags?post=32846"}],"curies":[{"name":"wp","href":"https:\/\/api.w.org\/{rel}","templated":true}]}}