{"id":32844,"date":"2016-07-29T00:15:03","date_gmt":"2016-07-28T22:45:03","guid":{"rendered":"http:\/\/candas365.es\/noticias\/?p=32844"},"modified":"2016-07-29T00:15:03","modified_gmt":"2016-07-28T22:45:03","slug":"registran-mezquita-y-apartamentos-de-presuntos-islamistas-en-alemania","status":"publish","type":"post","link":"https:\/\/candas365.es\/noticias\/registran-mezquita-y-apartamentos-de-presuntos-islamistas-en-alemania\/","title":{"rendered":"Registran mezquita y apartamentos de presuntos islamistas en Alemania"},"content":{"rendered":"<p>Hildesheim, 28 jul (dpa) &#8211; La Polic\u00eda alemana efectu\u00f3 registros en una mezquita y en viviendas de ocho presuntos islamistas en la ciudad de Hildesheim, uno de los principales centros de la corriente extremista salafista en el pa\u00eds.<\/p>\n<p>Los agentes allanaron en la noche del mi\u00e9rcoles la mezquita del llamado \u00abC\u00edrculo isl\u00e1mico germanoparlante Hildesheim\u00bb (DIK, por sus siglas en alem\u00e1n) as\u00ed como los apartamentos de ocho miembros de su directiva y confiscaron cuantioso material de prueba, trascendi\u00f3 hoy de c\u00edrculos policiales. No se practicaron detenciones.<\/p>\n<p>\u00abEl DIK en Hildesheim es un punto caliente de la escena radical salafista en todo el pa\u00eds\u00bb, dijo el ministro del Interior del estado de Baja Sajonia, Boris Pistorius. \u00abCon estos registros y tras meses de preparativos hemos dado un paso importante hacia la prohibici\u00f3n de la asociaci\u00f3n\u00bb.<\/p>\n<p>Las autoridades tienen conocimiento de que en esta asociaci\u00f3n se radicalizan musulmanes y se los motiva a sumarse a la llamada \u00abyihad\u00bb (guerra santa) en las regiones en conflicto, agreg\u00f3.<\/p>\n<p>El ministerio del Interior regional tiene pruebas de que muchos de los que acuden a la mezquita han viajado a Siria e Irak, tambi\u00e9n para sumarse a las milicias terroristas de Estado Isl\u00e1mico. \u00abVamos a combatir esto con todos los medios que nos ofrece el Estado de derecho\u00bb, sostuvo Pistorius.<\/p>\n<p>La regi\u00f3n de Hildesheim\/Gotinga se ha convertido en un centro del salafismo en Alemania. Un tercio de todos los yihadistas alemanes que viajaron a Siria e Irak provienen de esta zona, seg\u00fan indican cifras de los servicios de inteligencia interior de 2015. Su n\u00famero trep\u00f3 de 400 en 2014 a 540 en 2015.<\/p>\n<p>Alemania ha sido sacudida por una serie de ataques violentos desde el 18 de julio. Un ataque con hacha y cuchillo en un tren regional en Baviera y un atentado suicida con bomba en la localidad b\u00e1vara de Ansbach fueron perpetrados por solicitantes de asilo presuntamente vinculados a la milicia terrorista Estado Isl\u00e1mico.<\/p>\n<p>El gobierno b\u00e1varo formul\u00f3 hoy una estrategia antiterrorista y anunci\u00f3 la contrataci\u00f3n de 2.000 polic\u00edas hasta 2020 y planes para promover una enmienda constitucional que permita al Ej\u00e9rcito intervenir dentro del pa\u00eds en casos de terrorismo.<\/p>\n<p>Los cr\u00edticos alegan que la Bundeswehr alemana no est\u00e1 ni entrenada ni equipada para participar en operaciones policiales durante ataques terroristas.<\/p>\n","protected":false},"excerpt":{"rendered":"<p>Hildesheim, 28 jul (dpa) &#8211; La Polic\u00eda alemana efectu\u00f3 registros en una mezquita y en viviendas de ocho presuntos islamistas en la ciudad de Hildesheim, uno de los principales centros de la corriente extremista salafista en el pa\u00eds. Los agentes allanaron en la noche del mi\u00e9rcoles la mezquita del llamado \u00abC\u00edrculo isl\u00e1mico germanoparlante Hildesheim\u00bb (DIK,<\/p>\n","protected":false},"author":1,"featured_media":16457,"comment_status":"closed","ping_status":"closed","sticky":false,"template":"","format":"standard","meta":{"footnotes":""},"categories":[343],"tags":[],"class_list":{"0":"post-32844","1":"post","2":"type-post","3":"status-publish","4":"format-standard","5":"has-post-thumbnail","7":"category-actualidad"},"aioseo_notices":[],"aioseo_head":"\n\t\t<!-- All in One SEO Pro 4.9.6.2 - aioseo.com -->\n\t<meta name=\"description\" content=\"Hildesheim, 28 jul (dpa) - La Polic\u00eda alemana efectu\u00f3 registros en una mezquita y en viviendas de ocho presuntos islamistas en la ciudad de Hildesheim, uno de los principales centros de la corriente extremista salafista en el pa\u00eds. Los agentes allanaron en la noche del mi\u00e9rcoles la mezquita del llamado &quot;C\u00edrculo isl\u00e1mico germanoparlante Hildesheim&quot; (DIK,\" \/>\n\t<meta name=\"robots\" content=\"max-image-preview:large\" \/>\n\t<meta name=\"author\" content=\"Cand\u00e1s 365\"\/>\n\t<meta name=\"google-site-verification\" content=\"UA-32230408-1\" \/>\n\t<meta name=\"msvalidate.01\" content=\"354F3CDFB2DA171B47FBE9ABF1F88D5\" \/>\n\t<meta name=\"keywords\" content=\"actualidad\" \/>\n\t<link rel=\"canonical\" href=\"https:\/\/candas365.es\/noticias\/registran-mezquita-y-apartamentos-de-presuntos-islamistas-en-alemania\/\" \/>\n\t<meta name=\"generator\" content=\"All in One SEO Pro (AIOSEO) 4.9.6.2\" \/>\n\t\t<meta property=\"og:locale\" content=\"es_ES\" \/>\n\t\t<meta property=\"og:site_name\" content=\"Cand\u00e1s 365\" \/>\n\t\t<meta property=\"og:type\" content=\"article\" \/>\n\t\t<meta property=\"og:title\" content=\"Registran mezquita y apartamentos de presuntos islamistas en Alemania | Cand\u00e1s 365\" \/>\n\t\t<meta property=\"og:description\" content=\"Hildesheim, 28 jul (dpa) - La Polic\u00eda alemana efectu\u00f3 registros en una mezquita y en viviendas de ocho presuntos islamistas en la ciudad de Hildesheim, uno de los principales centros de la corriente extremista salafista en el pa\u00eds. Los agentes allanaron en la noche del mi\u00e9rcoles la mezquita del llamado &quot;C\u00edrculo isl\u00e1mico germanoparlante Hildesheim&quot; (DIK,\" \/>\n\t\t<meta property=\"og:url\" content=\"https:\/\/candas365.es\/noticias\/registran-mezquita-y-apartamentos-de-presuntos-islamistas-en-alemania\/\" \/>\n\t\t<meta property=\"og:image\" content=\"https:\/\/candas365.es\/noticias\/wp-content\/uploads\/2015\/09\/c365noticias.jpg\" \/>\n\t\t<meta property=\"og:image:secure_url\" content=\"https:\/\/candas365.es\/noticias\/wp-content\/uploads\/2015\/09\/c365noticias.jpg\" \/>\n\t\t<meta property=\"og:image:width\" content=\"655\" \/>\n\t\t<meta property=\"og:image:height\" content=\"360\" \/>\n\t\t<meta property=\"article:published_time\" content=\"2016-07-28T22:45:03+00:00\" \/>\n\t\t<meta property=\"article:modified_time\" content=\"2016-07-28T22:45:03+00:00\" \/>\n\t\t<meta property=\"article:publisher\" content=\"https:\/\/www.facebook.com\/Nachofdezber\" \/>\n\t\t<meta property=\"article:author\" content=\"https:\/\/www.facebook.com\/carrenoactualidad\" \/>\n\t\t<meta name=\"twitter:card\" content=\"summary_large_image\" \/>\n\t\t<meta name=\"twitter:site\" content=\"@NabercoDigital\" \/>\n\t\t<meta name=\"twitter:title\" content=\"Registran mezquita y apartamentos de presuntos islamistas en Alemania | Cand\u00e1s 365\" \/>\n\t\t<meta name=\"twitter:description\" content=\"Hildesheim, 28 jul (dpa) - La Polic\u00eda alemana efectu\u00f3 registros en una mezquita y en viviendas de ocho presuntos islamistas en la ciudad de Hildesheim, uno de los principales centros de la corriente extremista salafista en el pa\u00eds. Los agentes allanaron en la noche del mi\u00e9rcoles la mezquita del llamado &quot;C\u00edrculo isl\u00e1mico germanoparlante Hildesheim&quot; (DIK,\" \/>\n\t\t<meta name=\"twitter:creator\" content=\"@nbasturias\" \/>\n\t\t<meta name=\"twitter:image\" content=\"https:\/\/candas365.es\/noticias\/wp-content\/uploads\/2015\/09\/c365noticias.jpg\" \/>\n\t\t<meta name=\"twitter:label1\" content=\"Escrito por\" \/>\n\t\t<meta name=\"twitter:data1\" content=\"Cand\u00e1s 365\" \/>\n\t\t<meta name=\"twitter:label2\" content=\"Tiempo de lectura estimado\" \/>\n\t\t<meta name=\"twitter:data2\" content=\"2 minutos\" \/>\n\t\t<script type=\"application\/ld+json\" class=\"aioseo-schema\">\n\t\t\t{\"@context\":\"https:\\\/\\\/schema.org\",\"@graph\":[{\"@type\":\"BreadcrumbList\",\"@id\":\"https:\\\/\\\/candas365.es\\\/noticias\\\/registran-mezquita-y-apartamentos-de-presuntos-islamistas-en-alemania\\\/#breadcrumblist\",\"itemListElement\":[{\"@type\":\"ListItem\",\"@id\":\"https:\\\/\\\/candas365.es\\\/noticias#listItem\",\"position\":1,\"name\":\"Home\",\"item\":\"https:\\\/\\\/candas365.es\\\/noticias\",\"nextItem\":{\"@type\":\"ListItem\",\"@id\":\"https:\\\/\\\/candas365.es\\\/noticias\\\/category\\\/actualidad\\\/#listItem\",\"name\":\"Actualidad\"}},{\"@type\":\"ListItem\",\"@id\":\"https:\\\/\\\/candas365.es\\\/noticias\\\/category\\\/actualidad\\\/#listItem\",\"position\":2,\"name\":\"Actualidad\",\"item\":\"https:\\\/\\\/candas365.es\\\/noticias\\\/category\\\/actualidad\\\/\",\"nextItem\":{\"@type\":\"ListItem\",\"@id\":\"https:\\\/\\\/candas365.es\\\/noticias\\\/registran-mezquita-y-apartamentos-de-presuntos-islamistas-en-alemania\\\/#listItem\",\"name\":\"Registran mezquita y apartamentos de presuntos islamistas en Alemania\"},\"previousItem\":{\"@type\":\"ListItem\",\"@id\":\"https:\\\/\\\/candas365.es\\\/noticias#listItem\",\"name\":\"Home\"}},{\"@type\":\"ListItem\",\"@id\":\"https:\\\/\\\/candas365.es\\\/noticias\\\/registran-mezquita-y-apartamentos-de-presuntos-islamistas-en-alemania\\\/#listItem\",\"position\":3,\"name\":\"Registran mezquita y apartamentos de presuntos islamistas en Alemania\",\"previousItem\":{\"@type\":\"ListItem\",\"@id\":\"https:\\\/\\\/candas365.es\\\/noticias\\\/category\\\/actualidad\\\/#listItem\",\"name\":\"Actualidad\"}}]},{\"@type\":\"NewsArticle\",\"@id\":\"https:\\\/\\\/candas365.es\\\/noticias\\\/registran-mezquita-y-apartamentos-de-presuntos-islamistas-en-alemania\\\/#newsarticle\",\"name\":\"Registran mezquita y apartamentos de presuntos islamistas en Alemania | Cand\\u00e1s 365\",\"headline\":\"Registran mezquita y apartamentos de presuntos islamistas en Alemania\",\"author\":{\"@id\":\"https:\\\/\\\/candas365.es\\\/noticias\\\/author\\\/admin\\\/#author\"},\"publisher\":{\"@id\":\"https:\\\/\\\/candas365.es\\\/noticias\\\/#organization\"},\"image\":{\"@type\":\"ImageObject\",\"url\":\"https:\\\/\\\/candas365.es\\\/noticias\\\/wp-content\\\/uploads\\\/2015\\\/09\\\/c365noticias.jpg\",\"width\":655,\"height\":360},\"datePublished\":\"2016-07-29T00:15:03+02:00\",\"dateModified\":\"2016-07-29T00:15:03+02:00\",\"inLanguage\":\"es-ES\",\"mainEntityOfPage\":{\"@id\":\"https:\\\/\\\/candas365.es\\\/noticias\\\/registran-mezquita-y-apartamentos-de-presuntos-islamistas-en-alemania\\\/#webpage\"},\"isPartOf\":{\"@id\":\"https:\\\/\\\/candas365.es\\\/noticias\\\/registran-mezquita-y-apartamentos-de-presuntos-islamistas-en-alemania\\\/#webpage\"},\"articleSection\":\"Actualidad\",\"dateline\":\"Publicado el julio 29, 2016.\"},{\"@type\":\"Organization\",\"@id\":\"https:\\\/\\\/candas365.es\\\/noticias\\\/#organization\",\"name\":\"Cand\\u00e1s 365\",\"description\":\"Cand\\u00e1s 365 es un diario digital independiente, fundado en 2012, con base en Asturias. Informamos con rigor sobre actualidad, sociedad, cultura y ocio, con una mirada local y global.\",\"url\":\"https:\\\/\\\/candas365.es\\\/noticias\\\/\",\"email\":\"info@candas365.es\",\"telephone\":\"+34652131393\",\"foundingDate\":\"2012-06-10\",\"logo\":{\"@type\":\"ImageObject\",\"url\":\"https:\\\/\\\/candas365.es\\\/noticias\\\/wp-content\\\/uploads\\\/2024\\\/09\\\/Candas-365-Redes.jpg\",\"@id\":\"https:\\\/\\\/candas365.es\\\/noticias\\\/registran-mezquita-y-apartamentos-de-presuntos-islamistas-en-alemania\\\/#organizationLogo\",\"width\":1152,\"height\":864,\"caption\":\"Cand\\u00e1s 365 Redes\"},\"image\":{\"@id\":\"https:\\\/\\\/candas365.es\\\/noticias\\\/registran-mezquita-y-apartamentos-de-presuntos-islamistas-en-alemania\\\/#organizationLogo\"},\"sameAs\":[\"https:\\\/\\\/www.facebook.com\\\/Nachofdezber\",\"https:\\\/\\\/x.com\\\/NabercoDigital\",\"https:\\\/\\\/www.instagram.com\\\/nachofdezber\\\/\",\"https:\\\/\\\/www.youtube.com\\\/channel\\\/UCZP-2wLEB9Rv6erhFmqVnvg\"],\"address\":{\"@id\":\"https:\\\/\\\/candas365.es\\\/noticias\\\/#postaladdress\",\"@type\":\"PostalAddress\",\"streetAddress\":\"san antonio 4, san antonio 4\",\"postalCode\":\"33430\",\"addressLocality\":\"Cand\\u00e1s\",\"addressRegion\":\"Asturias\",\"addressCountry\":\"ES\"}},{\"@type\":\"Person\",\"@id\":\"https:\\\/\\\/candas365.es\\\/noticias\\\/author\\\/admin\\\/#author\",\"url\":\"https:\\\/\\\/candas365.es\\\/noticias\\\/author\\\/admin\\\/\",\"name\":\"Cand\\u00e1s 365\",\"image\":{\"@type\":\"ImageObject\",\"@id\":\"https:\\\/\\\/candas365.es\\\/noticias\\\/registran-mezquita-y-apartamentos-de-presuntos-islamistas-en-alemania\\\/#authorImage\",\"url\":\"https:\\\/\\\/secure.gravatar.com\\\/avatar\\\/496a8e03d0c493ede1718b7934145dbdf8d89be1036b0eec9544e1094c9de390?s=96&d=mm&r=g\",\"width\":96,\"height\":96,\"caption\":\"Cand\\u00e1s 365\"},\"sameAs\":[\"https:\\\/\\\/www.facebook.com\\\/carrenoactualidad\",\"https:\\\/\\\/twitter.com\\\/nbasturias\",\"https:\\\/\\\/www.instagram.com\\\/nachofdezber\\\/\",\"https:\\\/\\\/www.youtube.com\\\/channel\\\/UCZP-2wLEB9Rv6erhFmqVnvg\"]},{\"@type\":\"WebPage\",\"@id\":\"https:\\\/\\\/candas365.es\\\/noticias\\\/registran-mezquita-y-apartamentos-de-presuntos-islamistas-en-alemania\\\/#webpage\",\"url\":\"https:\\\/\\\/candas365.es\\\/noticias\\\/registran-mezquita-y-apartamentos-de-presuntos-islamistas-en-alemania\\\/\",\"name\":\"Registran mezquita y apartamentos de presuntos islamistas en Alemania | Cand\\u00e1s 365\",\"description\":\"Hildesheim, 28 jul (dpa) - La Polic\\u00eda alemana efectu\\u00f3 registros en una mezquita y en viviendas de ocho presuntos islamistas en la ciudad de Hildesheim, uno de los principales centros de la corriente extremista salafista en el pa\\u00eds. Los agentes allanaron en la noche del mi\\u00e9rcoles la mezquita del llamado \\\"C\\u00edrculo isl\\u00e1mico germanoparlante Hildesheim\\\" (DIK,\",\"inLanguage\":\"es-ES\",\"isPartOf\":{\"@id\":\"https:\\\/\\\/candas365.es\\\/noticias\\\/#website\"},\"breadcrumb\":{\"@id\":\"https:\\\/\\\/candas365.es\\\/noticias\\\/registran-mezquita-y-apartamentos-de-presuntos-islamistas-en-alemania\\\/#breadcrumblist\"},\"author\":{\"@id\":\"https:\\\/\\\/candas365.es\\\/noticias\\\/author\\\/admin\\\/#author\"},\"creator\":{\"@id\":\"https:\\\/\\\/candas365.es\\\/noticias\\\/author\\\/admin\\\/#author\"},\"image\":{\"@type\":\"ImageObject\",\"url\":\"https:\\\/\\\/candas365.es\\\/noticias\\\/wp-content\\\/uploads\\\/2015\\\/09\\\/c365noticias.jpg\",\"@id\":\"https:\\\/\\\/candas365.es\\\/noticias\\\/registran-mezquita-y-apartamentos-de-presuntos-islamistas-en-alemania\\\/#mainImage\",\"width\":655,\"height\":360},\"primaryImageOfPage\":{\"@id\":\"https:\\\/\\\/candas365.es\\\/noticias\\\/registran-mezquita-y-apartamentos-de-presuntos-islamistas-en-alemania\\\/#mainImage\"},\"datePublished\":\"2016-07-29T00:15:03+02:00\",\"dateModified\":\"2016-07-29T00:15:03+02:00\"},{\"@type\":\"WebSite\",\"@id\":\"https:\\\/\\\/candas365.es\\\/noticias\\\/#website\",\"url\":\"https:\\\/\\\/candas365.es\\\/noticias\\\/\",\"name\":\"Cand\\u00e1s 365\",\"alternateName\":\"Cand\\u00e1s 365 Noticias\",\"description\":\"Actualidad desde Carre\\u00f1o para el mundo\",\"inLanguage\":\"es-ES\",\"publisher\":{\"@id\":\"https:\\\/\\\/candas365.es\\\/noticias\\\/#organization\"}}]}\n\t\t<\/script>\n\t\t<!-- All in One SEO Pro -->\r\n\t\t<title>Registran mezquita y apartamentos de presuntos islamistas en Alemania | Cand\u00e1s 365<\/title>\n\n","aioseo_head_json":{"title":"Registran mezquita y apartamentos de presuntos islamistas en Alemania | Cand\u00e1s 365","description":"Hildesheim, 28 jul (dpa) - La Polic\u00eda alemana efectu\u00f3 registros en una mezquita y en viviendas de ocho presuntos islamistas en la ciudad de Hildesheim, uno de los principales centros de la corriente extremista salafista en el pa\u00eds. Los agentes allanaron en la noche del mi\u00e9rcoles la mezquita del llamado \"C\u00edrculo isl\u00e1mico germanoparlante Hildesheim\" (DIK,","canonical_url":"https:\/\/candas365.es\/noticias\/registran-mezquita-y-apartamentos-de-presuntos-islamistas-en-alemania\/","robots":"max-image-preview:large","keywords":"actualidad","webmasterTools":{"google-site-verification":"UA-32230408-1","msvalidate.01":"354F3CDFB2DA171B47FBE9ABF1F88D5","miscellaneous":""},"schema":{"@context":"https:\/\/schema.org","@graph":[{"@type":"BreadcrumbList","@id":"https:\/\/candas365.es\/noticias\/registran-mezquita-y-apartamentos-de-presuntos-islamistas-en-alemania\/#breadcrumblist","itemListElement":[{"@type":"ListItem","@id":"https:\/\/candas365.es\/noticias#listItem","position":1,"name":"Home","item":"https:\/\/candas365.es\/noticias","nextItem":{"@type":"ListItem","@id":"https:\/\/candas365.es\/noticias\/category\/actualidad\/#listItem","name":"Actualidad"}},{"@type":"ListItem","@id":"https:\/\/candas365.es\/noticias\/category\/actualidad\/#listItem","position":2,"name":"Actualidad","item":"https:\/\/candas365.es\/noticias\/category\/actualidad\/","nextItem":{"@type":"ListItem","@id":"https:\/\/candas365.es\/noticias\/registran-mezquita-y-apartamentos-de-presuntos-islamistas-en-alemania\/#listItem","name":"Registran mezquita y apartamentos de presuntos islamistas en Alemania"},"previousItem":{"@type":"ListItem","@id":"https:\/\/candas365.es\/noticias#listItem","name":"Home"}},{"@type":"ListItem","@id":"https:\/\/candas365.es\/noticias\/registran-mezquita-y-apartamentos-de-presuntos-islamistas-en-alemania\/#listItem","position":3,"name":"Registran mezquita y apartamentos de presuntos islamistas en Alemania","previousItem":{"@type":"ListItem","@id":"https:\/\/candas365.es\/noticias\/category\/actualidad\/#listItem","name":"Actualidad"}}]},{"@type":"NewsArticle","@id":"https:\/\/candas365.es\/noticias\/registran-mezquita-y-apartamentos-de-presuntos-islamistas-en-alemania\/#newsarticle","name":"Registran mezquita y apartamentos de presuntos islamistas en Alemania | Cand\u00e1s 365","headline":"Registran mezquita y apartamentos de presuntos islamistas en Alemania","author":{"@id":"https:\/\/candas365.es\/noticias\/author\/admin\/#author"},"publisher":{"@id":"https:\/\/candas365.es\/noticias\/#organization"},"image":{"@type":"ImageObject","url":"https:\/\/candas365.es\/noticias\/wp-content\/uploads\/2015\/09\/c365noticias.jpg","width":655,"height":360},"datePublished":"2016-07-29T00:15:03+02:00","dateModified":"2016-07-29T00:15:03+02:00","inLanguage":"es-ES","mainEntityOfPage":{"@id":"https:\/\/candas365.es\/noticias\/registran-mezquita-y-apartamentos-de-presuntos-islamistas-en-alemania\/#webpage"},"isPartOf":{"@id":"https:\/\/candas365.es\/noticias\/registran-mezquita-y-apartamentos-de-presuntos-islamistas-en-alemania\/#webpage"},"articleSection":"Actualidad","dateline":"Publicado el julio 29, 2016."},{"@type":"Organization","@id":"https:\/\/candas365.es\/noticias\/#organization","name":"Cand\u00e1s 365","description":"Cand\u00e1s 365 es un diario digital independiente, fundado en 2012, con base en Asturias. Informamos con rigor sobre actualidad, sociedad, cultura y ocio, con una mirada local y global.","url":"https:\/\/candas365.es\/noticias\/","email":"info@candas365.es","telephone":"+34652131393","foundingDate":"2012-06-10","logo":{"@type":"ImageObject","url":"https:\/\/candas365.es\/noticias\/wp-content\/uploads\/2024\/09\/Candas-365-Redes.jpg","@id":"https:\/\/candas365.es\/noticias\/registran-mezquita-y-apartamentos-de-presuntos-islamistas-en-alemania\/#organizationLogo","width":1152,"height":864,"caption":"Cand\u00e1s 365 Redes"},"image":{"@id":"https:\/\/candas365.es\/noticias\/registran-mezquita-y-apartamentos-de-presuntos-islamistas-en-alemania\/#organizationLogo"},"sameAs":["https:\/\/www.facebook.com\/Nachofdezber","https:\/\/x.com\/NabercoDigital","https:\/\/www.instagram.com\/nachofdezber\/","https:\/\/www.youtube.com\/channel\/UCZP-2wLEB9Rv6erhFmqVnvg"],"address":{"@id":"https:\/\/candas365.es\/noticias\/#postaladdress","@type":"PostalAddress","streetAddress":"san antonio 4, san antonio 4","postalCode":"33430","addressLocality":"Cand\u00e1s","addressRegion":"Asturias","addressCountry":"ES"}},{"@type":"Person","@id":"https:\/\/candas365.es\/noticias\/author\/admin\/#author","url":"https:\/\/candas365.es\/noticias\/author\/admin\/","name":"Cand\u00e1s 365","image":{"@type":"ImageObject","@id":"https:\/\/candas365.es\/noticias\/registran-mezquita-y-apartamentos-de-presuntos-islamistas-en-alemania\/#authorImage","url":"https:\/\/secure.gravatar.com\/avatar\/496a8e03d0c493ede1718b7934145dbdf8d89be1036b0eec9544e1094c9de390?s=96&d=mm&r=g","width":96,"height":96,"caption":"Cand\u00e1s 365"},"sameAs":["https:\/\/www.facebook.com\/carrenoactualidad","https:\/\/twitter.com\/nbasturias","https:\/\/www.instagram.com\/nachofdezber\/","https:\/\/www.youtube.com\/channel\/UCZP-2wLEB9Rv6erhFmqVnvg"]},{"@type":"WebPage","@id":"https:\/\/candas365.es\/noticias\/registran-mezquita-y-apartamentos-de-presuntos-islamistas-en-alemania\/#webpage","url":"https:\/\/candas365.es\/noticias\/registran-mezquita-y-apartamentos-de-presuntos-islamistas-en-alemania\/","name":"Registran mezquita y apartamentos de presuntos islamistas en Alemania | Cand\u00e1s 365","description":"Hildesheim, 28 jul (dpa) - La Polic\u00eda alemana efectu\u00f3 registros en una mezquita y en viviendas de ocho presuntos islamistas en la ciudad de Hildesheim, uno de los principales centros de la corriente extremista salafista en el pa\u00eds. Los agentes allanaron en la noche del mi\u00e9rcoles la mezquita del llamado \"C\u00edrculo isl\u00e1mico germanoparlante Hildesheim\" (DIK,","inLanguage":"es-ES","isPartOf":{"@id":"https:\/\/candas365.es\/noticias\/#website"},"breadcrumb":{"@id":"https:\/\/candas365.es\/noticias\/registran-mezquita-y-apartamentos-de-presuntos-islamistas-en-alemania\/#breadcrumblist"},"author":{"@id":"https:\/\/candas365.es\/noticias\/author\/admin\/#author"},"creator":{"@id":"https:\/\/candas365.es\/noticias\/author\/admin\/#author"},"image":{"@type":"ImageObject","url":"https:\/\/candas365.es\/noticias\/wp-content\/uploads\/2015\/09\/c365noticias.jpg","@id":"https:\/\/candas365.es\/noticias\/registran-mezquita-y-apartamentos-de-presuntos-islamistas-en-alemania\/#mainImage","width":655,"height":360},"primaryImageOfPage":{"@id":"https:\/\/candas365.es\/noticias\/registran-mezquita-y-apartamentos-de-presuntos-islamistas-en-alemania\/#mainImage"},"datePublished":"2016-07-29T00:15:03+02:00","dateModified":"2016-07-29T00:15:03+02:00"},{"@type":"WebSite","@id":"https:\/\/candas365.es\/noticias\/#website","url":"https:\/\/candas365.es\/noticias\/","name":"Cand\u00e1s 365","alternateName":"Cand\u00e1s 365 Noticias","description":"Actualidad desde Carre\u00f1o para el mundo","inLanguage":"es-ES","publisher":{"@id":"https:\/\/candas365.es\/noticias\/#organization"}}]},"og:locale":"es_ES","og:site_name":"Cand\u00e1s 365","og:type":"article","og:title":"Registran mezquita y apartamentos de presuntos islamistas en Alemania | Cand\u00e1s 365","og:description":"Hildesheim, 28 jul (dpa) - La Polic\u00eda alemana efectu\u00f3 registros en una mezquita y en viviendas de ocho presuntos islamistas en la ciudad de Hildesheim, uno de los principales centros de la corriente extremista salafista en el pa\u00eds. Los agentes allanaron en la noche del mi\u00e9rcoles la mezquita del llamado &quot;C\u00edrculo isl\u00e1mico germanoparlante Hildesheim&quot; (DIK,","og:url":"https:\/\/candas365.es\/noticias\/registran-mezquita-y-apartamentos-de-presuntos-islamistas-en-alemania\/","og:image":"https:\/\/candas365.es\/noticias\/wp-content\/uploads\/2015\/09\/c365noticias.jpg","og:image:secure_url":"https:\/\/candas365.es\/noticias\/wp-content\/uploads\/2015\/09\/c365noticias.jpg","og:image:width":655,"og:image:height":360,"article:published_time":"2016-07-28T22:45:03+00:00","article:modified_time":"2016-07-28T22:45:03+00:00","article:publisher":"https:\/\/www.facebook.com\/Nachofdezber","article:author":"https:\/\/www.facebook.com\/carrenoactualidad","twitter:card":"summary_large_image","twitter:site":"@NabercoDigital","twitter:title":"Registran mezquita y apartamentos de presuntos islamistas en Alemania | Cand\u00e1s 365","twitter:description":"Hildesheim, 28 jul (dpa) - La Polic\u00eda alemana efectu\u00f3 registros en una mezquita y en viviendas de ocho presuntos islamistas en la ciudad de Hildesheim, uno de los principales centros de la corriente extremista salafista en el pa\u00eds. Los agentes allanaron en la noche del mi\u00e9rcoles la mezquita del llamado &quot;C\u00edrculo isl\u00e1mico germanoparlante Hildesheim&quot; (DIK,","twitter:creator":"@nbasturias","twitter:image":"https:\/\/candas365.es\/noticias\/wp-content\/uploads\/2015\/09\/c365noticias.jpg","twitter:label1":"Escrito por","twitter:data1":"Cand\u00e1s 365","twitter:label2":"Tiempo de lectura estimado","twitter:data2":"2 minutos"},"aioseo_meta_data":{"post_id":"32844","title":null,"description":null,"keywords":null,"keyphrases":null,"primary_term":null,"canonical_url":null,"og_title":null,"og_description":null,"og_object_type":"default","og_image_type":"default","og_image_url":null,"og_image_width":null,"og_image_height":null,"og_image_custom_url":null,"og_image_custom_fields":null,"og_video":null,"og_custom_url":null,"og_article_section":null,"og_article_tags":null,"twitter_use_og":false,"twitter_card":"default","twitter_image_type":"default","twitter_image_url":null,"twitter_image_custom_url":null,"twitter_image_custom_fields":null,"twitter_title":null,"twitter_description":null,"schema":{"blockGraphs":[],"customGraphs":[],"default":{"data":{"Article":[],"Course":[],"Dataset":[],"FAQPage":[],"Movie":[],"Person":[],"Product":[],"ProductReview":[],"Car":[],"Recipe":[],"Service":[],"SoftwareApplication":[],"WebPage":[]},"graphName":"","isEnabled":true},"graphs":[]},"schema_type":null,"schema_type_options":null,"pillar_content":false,"robots_default":true,"robots_noindex":false,"robots_noarchive":false,"robots_nosnippet":false,"robots_nofollow":false,"robots_noimageindex":false,"robots_noodp":false,"robots_notranslate":false,"robots_max_snippet":null,"robots_max_videopreview":null,"robots_max_imagepreview":"large","priority":null,"frequency":null,"location":null,"local_seo":null,"seo_analyzer_scan_date":"2025-08-24 16:00:10","breadcrumb_settings":null,"limit_modified_date":false,"reviewed_by":null,"open_ai":null,"ai":null,"created":"2020-12-21 13:05:17","updated":"2025-08-24 16:00:10"},"aioseo_breadcrumb":"<div class=\"aioseo-breadcrumbs\"><span class=\"aioseo-breadcrumb\">\n\t<a href=\"https:\/\/candas365.es\/noticias\" title=\"Home\">Home<\/a>\n<\/span><span class=\"aioseo-breadcrumb-separator\">&ndash;<\/span><span class=\"aioseo-breadcrumb\">\n\t<a href=\"https:\/\/candas365.es\/noticias\/category\/actualidad\/\" title=\"Actualidad\">Actualidad<\/a>\n<\/span><span class=\"aioseo-breadcrumb-separator\">&ndash;<\/span><span class=\"aioseo-breadcrumb\">\n\tRegistran mezquita y apartamentos de presuntos islamistas en Alemania\n<\/span><\/div>","aioseo_breadcrumb_json":[{"label":"Home","link":"https:\/\/candas365.es\/noticias"},{"label":"Actualidad","link":"https:\/\/candas365.es\/noticias\/category\/actualidad\/"},{"label":"Registran mezquita y apartamentos de presuntos islamistas en Alemania","link":"https:\/\/candas365.es\/noticias\/registran-mezquita-y-apartamentos-de-presuntos-islamistas-en-alemania\/"}],"_links":{"self":[{"href":"https:\/\/candas365.es\/noticias\/wp-json\/wp\/v2\/posts\/32844","targetHints":{"allow":["GET"]}}],"collection":[{"href":"https:\/\/candas365.es\/noticias\/wp-json\/wp\/v2\/posts"}],"about":[{"href":"https:\/\/candas365.es\/noticias\/wp-json\/wp\/v2\/types\/post"}],"author":[{"embeddable":true,"href":"https:\/\/candas365.es\/noticias\/wp-json\/wp\/v2\/users\/1"}],"replies":[{"embeddable":true,"href":"https:\/\/candas365.es\/noticias\/wp-json\/wp\/v2\/comments?post=32844"}],"version-history":[{"count":0,"href":"https:\/\/candas365.es\/noticias\/wp-json\/wp\/v2\/posts\/32844\/revisions"}],"wp:featuredmedia":[{"embeddable":true,"href":"https:\/\/candas365.es\/noticias\/wp-json\/wp\/v2\/media\/16457"}],"wp:attachment":[{"href":"https:\/\/candas365.es\/noticias\/wp-json\/wp\/v2\/media?parent=32844"}],"wp:term":[{"taxonomy":"category","embeddable":true,"href":"https:\/\/candas365.es\/noticias\/wp-json\/wp\/v2\/categories?post=32844"},{"taxonomy":"post_tag","embeddable":true,"href":"https:\/\/candas365.es\/noticias\/wp-json\/wp\/v2\/tags?post=32844"}],"curies":[{"name":"wp","href":"https:\/\/api.w.org\/{rel}","templated":true}]}}