{"id":32838,"date":"2016-07-29T00:12:16","date_gmt":"2016-07-28T22:42:16","guid":{"rendered":"http:\/\/candas365.es\/noticias\/?p=32838"},"modified":"2016-07-29T00:12:16","modified_gmt":"2016-07-28T22:42:16","slug":"aparecen-imagenes-privadas-de-hitler-en-festival-de-bayreuth","status":"publish","type":"post","link":"https:\/\/candas365.es\/noticias\/aparecen-imagenes-privadas-de-hitler-en-festival-de-bayreuth\/","title":{"rendered":"Aparecen im\u00e1genes privadas de Hitler en Festival de Bayreuth"},"content":{"rendered":"<p>Bayreuth (Alemania), 28 jul (dpa) &#8211; En las instalaciones del Festival de M\u00fasica Wagneriana de Bayreuth aparecieron dos pel\u00edculas hasta ahora desconocidas que muestran al dictador Adolf Hitler en privado junto a la familia del m\u00fasico Richard Wagner.<\/p>\n<p>Se trata de filmaciones en blanco y negro de casi 15 minutos de duraci\u00f3n que hab\u00edan sido dadas por desaparecidas y que estuvieron guardadas durante a\u00f1os en el recinto del Festival Wagneriano.<\/p>\n<p>La pel\u00edcula muda fue rodada por Wolfgang Wagner, el nieto del compositor Richard Wagner y posterior director del festival, cuando ten\u00eda 16 a\u00f1os.<\/p>\n<p>Wolfgang Wagner film\u00f3 a Hitler en el verano de 1936 y algunas im\u00e1genes muestran al l\u00edder nacionalsocialista de visita en la mansi\u00f3n de la familia Wagner, la Villa Wahnfried, en Bayreuth, se\u00f1ala el semanario \u00abDie Zeit\u00bb.<\/p>\n<p>El material fue grabado en CD y podr\u00e1 ser visto con fines cient\u00edficos, dijo a dpa la directora del Archivo Estatal de Baviera, Sylvia Krauss.<\/p>\n<p>\u00abUno ve las escenas con cierta angustia\u00bb, coment\u00f3 la historiadora. \u00abSe lo ve en una pose muy poco conocida, no como estadista, sino muy afable\u00bb.<\/p>\n<p>Las im\u00e1genes que muestran a un Hitler vestido de civil y distendido fueron captadas en dos pel\u00edculas, una de m\u00e1s de cuatro minutos y otra de 10:40 minutos.<\/p>\n<p>Krauss explic\u00f3 que las filmaciones no pueden ser mostradas al p\u00fablico porque en ellas tambi\u00e9n se ve a Verena Lafferentz, una hermana de Wolfgang Wagner que a\u00fan vive y cuyos derechos a la privacidad deben ser protegidos.<\/p>\n<p>La actual directora del Festival de Wagner, Katharina Wagner, cedi\u00f3 el legado de su padre al archivo en 2013.<\/p>\n","protected":false},"excerpt":{"rendered":"<p>Bayreuth (Alemania), 28 jul (dpa) &#8211; En las instalaciones del Festival de M\u00fasica Wagneriana de Bayreuth aparecieron dos pel\u00edculas hasta ahora desconocidas que muestran al dictador Adolf Hitler en privado junto a la familia del m\u00fasico Richard Wagner. Se trata de filmaciones en blanco y negro de casi 15 minutos de duraci\u00f3n que hab\u00edan sido<\/p>\n","protected":false},"author":1,"featured_media":16457,"comment_status":"closed","ping_status":"closed","sticky":false,"template":"","format":"standard","meta":{"footnotes":""},"categories":[343],"tags":[],"class_list":{"0":"post-32838","1":"post","2":"type-post","3":"status-publish","4":"format-standard","5":"has-post-thumbnail","7":"category-actualidad"},"aioseo_notices":[],"aioseo_head":"\n\t\t<!-- All in One SEO Pro 4.9.6.2 - aioseo.com -->\n\t<meta name=\"description\" content=\"Bayreuth (Alemania), 28 jul (dpa) - En las instalaciones del Festival de M\u00fasica Wagneriana de Bayreuth aparecieron dos pel\u00edculas hasta ahora desconocidas que muestran al dictador Adolf Hitler en privado junto a la familia del m\u00fasico Richard Wagner. Se trata de filmaciones en blanco y negro de casi 15 minutos de duraci\u00f3n que hab\u00edan sido\" \/>\n\t<meta name=\"robots\" content=\"max-image-preview:large\" \/>\n\t<meta name=\"author\" content=\"Cand\u00e1s 365\"\/>\n\t<meta name=\"google-site-verification\" content=\"UA-32230408-1\" \/>\n\t<meta name=\"msvalidate.01\" content=\"354F3CDFB2DA171B47FBE9ABF1F88D5\" \/>\n\t<meta name=\"keywords\" content=\"actualidad\" \/>\n\t<link rel=\"canonical\" href=\"https:\/\/candas365.es\/noticias\/aparecen-imagenes-privadas-de-hitler-en-festival-de-bayreuth\/\" \/>\n\t<meta name=\"generator\" content=\"All in One SEO Pro (AIOSEO) 4.9.6.2\" \/>\n\t\t<meta property=\"og:locale\" content=\"es_ES\" \/>\n\t\t<meta property=\"og:site_name\" content=\"Cand\u00e1s 365\" \/>\n\t\t<meta property=\"og:type\" content=\"article\" \/>\n\t\t<meta property=\"og:title\" content=\"Aparecen im\u00e1genes privadas de Hitler en Festival de Bayreuth | Cand\u00e1s 365\" \/>\n\t\t<meta property=\"og:description\" content=\"Bayreuth (Alemania), 28 jul (dpa) - En las instalaciones del Festival de M\u00fasica Wagneriana de Bayreuth aparecieron dos pel\u00edculas hasta ahora desconocidas que muestran al dictador Adolf Hitler en privado junto a la familia del m\u00fasico Richard Wagner. Se trata de filmaciones en blanco y negro de casi 15 minutos de duraci\u00f3n que hab\u00edan sido\" \/>\n\t\t<meta property=\"og:url\" content=\"https:\/\/candas365.es\/noticias\/aparecen-imagenes-privadas-de-hitler-en-festival-de-bayreuth\/\" \/>\n\t\t<meta property=\"og:image\" content=\"https:\/\/candas365.es\/noticias\/wp-content\/uploads\/2015\/09\/c365noticias.jpg\" \/>\n\t\t<meta property=\"og:image:secure_url\" content=\"https:\/\/candas365.es\/noticias\/wp-content\/uploads\/2015\/09\/c365noticias.jpg\" \/>\n\t\t<meta property=\"og:image:width\" content=\"655\" \/>\n\t\t<meta property=\"og:image:height\" content=\"360\" \/>\n\t\t<meta property=\"article:published_time\" content=\"2016-07-28T22:42:16+00:00\" \/>\n\t\t<meta property=\"article:modified_time\" content=\"2016-07-28T22:42:16+00:00\" \/>\n\t\t<meta property=\"article:publisher\" content=\"https:\/\/www.facebook.com\/Nachofdezber\" \/>\n\t\t<meta property=\"article:author\" content=\"https:\/\/www.facebook.com\/carrenoactualidad\" \/>\n\t\t<meta name=\"twitter:card\" content=\"summary_large_image\" \/>\n\t\t<meta name=\"twitter:site\" content=\"@NabercoDigital\" \/>\n\t\t<meta name=\"twitter:title\" content=\"Aparecen im\u00e1genes privadas de Hitler en Festival de Bayreuth | Cand\u00e1s 365\" \/>\n\t\t<meta name=\"twitter:description\" content=\"Bayreuth (Alemania), 28 jul (dpa) - En las instalaciones del Festival de M\u00fasica Wagneriana de Bayreuth aparecieron dos pel\u00edculas hasta ahora desconocidas que muestran al dictador Adolf Hitler en privado junto a la familia del m\u00fasico Richard Wagner. Se trata de filmaciones en blanco y negro de casi 15 minutos de duraci\u00f3n que hab\u00edan sido\" \/>\n\t\t<meta name=\"twitter:creator\" content=\"@nbasturias\" \/>\n\t\t<meta name=\"twitter:image\" content=\"https:\/\/candas365.es\/noticias\/wp-content\/uploads\/2015\/09\/c365noticias.jpg\" \/>\n\t\t<meta name=\"twitter:label1\" content=\"Escrito por\" \/>\n\t\t<meta name=\"twitter:data1\" content=\"Cand\u00e1s 365\" \/>\n\t\t<meta name=\"twitter:label2\" content=\"Tiempo de lectura estimado\" \/>\n\t\t<meta name=\"twitter:data2\" content=\"1 minuto\" \/>\n\t\t<script type=\"application\/ld+json\" class=\"aioseo-schema\">\n\t\t\t{\"@context\":\"https:\\\/\\\/schema.org\",\"@graph\":[{\"@type\":\"BreadcrumbList\",\"@id\":\"https:\\\/\\\/candas365.es\\\/noticias\\\/aparecen-imagenes-privadas-de-hitler-en-festival-de-bayreuth\\\/#breadcrumblist\",\"itemListElement\":[{\"@type\":\"ListItem\",\"@id\":\"https:\\\/\\\/candas365.es\\\/noticias#listItem\",\"position\":1,\"name\":\"Home\",\"item\":\"https:\\\/\\\/candas365.es\\\/noticias\",\"nextItem\":{\"@type\":\"ListItem\",\"@id\":\"https:\\\/\\\/candas365.es\\\/noticias\\\/category\\\/actualidad\\\/#listItem\",\"name\":\"Actualidad\"}},{\"@type\":\"ListItem\",\"@id\":\"https:\\\/\\\/candas365.es\\\/noticias\\\/category\\\/actualidad\\\/#listItem\",\"position\":2,\"name\":\"Actualidad\",\"item\":\"https:\\\/\\\/candas365.es\\\/noticias\\\/category\\\/actualidad\\\/\",\"nextItem\":{\"@type\":\"ListItem\",\"@id\":\"https:\\\/\\\/candas365.es\\\/noticias\\\/aparecen-imagenes-privadas-de-hitler-en-festival-de-bayreuth\\\/#listItem\",\"name\":\"Aparecen im\\u00e1genes privadas de Hitler en Festival de Bayreuth\"},\"previousItem\":{\"@type\":\"ListItem\",\"@id\":\"https:\\\/\\\/candas365.es\\\/noticias#listItem\",\"name\":\"Home\"}},{\"@type\":\"ListItem\",\"@id\":\"https:\\\/\\\/candas365.es\\\/noticias\\\/aparecen-imagenes-privadas-de-hitler-en-festival-de-bayreuth\\\/#listItem\",\"position\":3,\"name\":\"Aparecen im\\u00e1genes privadas de Hitler en Festival de Bayreuth\",\"previousItem\":{\"@type\":\"ListItem\",\"@id\":\"https:\\\/\\\/candas365.es\\\/noticias\\\/category\\\/actualidad\\\/#listItem\",\"name\":\"Actualidad\"}}]},{\"@type\":\"NewsArticle\",\"@id\":\"https:\\\/\\\/candas365.es\\\/noticias\\\/aparecen-imagenes-privadas-de-hitler-en-festival-de-bayreuth\\\/#newsarticle\",\"name\":\"Aparecen im\\u00e1genes privadas de Hitler en Festival de Bayreuth | Cand\\u00e1s 365\",\"headline\":\"Aparecen im\\u00e1genes privadas de Hitler en Festival de Bayreuth\",\"author\":{\"@id\":\"https:\\\/\\\/candas365.es\\\/noticias\\\/author\\\/admin\\\/#author\"},\"publisher\":{\"@id\":\"https:\\\/\\\/candas365.es\\\/noticias\\\/#organization\"},\"image\":{\"@type\":\"ImageObject\",\"url\":\"https:\\\/\\\/candas365.es\\\/noticias\\\/wp-content\\\/uploads\\\/2015\\\/09\\\/c365noticias.jpg\",\"width\":655,\"height\":360},\"datePublished\":\"2016-07-29T00:12:16+02:00\",\"dateModified\":\"2016-07-29T00:12:16+02:00\",\"inLanguage\":\"es-ES\",\"mainEntityOfPage\":{\"@id\":\"https:\\\/\\\/candas365.es\\\/noticias\\\/aparecen-imagenes-privadas-de-hitler-en-festival-de-bayreuth\\\/#webpage\"},\"isPartOf\":{\"@id\":\"https:\\\/\\\/candas365.es\\\/noticias\\\/aparecen-imagenes-privadas-de-hitler-en-festival-de-bayreuth\\\/#webpage\"},\"articleSection\":\"Actualidad\",\"dateline\":\"Publicado el julio 29, 2016.\"},{\"@type\":\"Organization\",\"@id\":\"https:\\\/\\\/candas365.es\\\/noticias\\\/#organization\",\"name\":\"Cand\\u00e1s 365\",\"description\":\"Cand\\u00e1s 365 es un diario digital independiente, fundado en 2012, con base en Asturias. Informamos con rigor sobre actualidad, sociedad, cultura y ocio, con una mirada local y global.\",\"url\":\"https:\\\/\\\/candas365.es\\\/noticias\\\/\",\"email\":\"info@candas365.es\",\"telephone\":\"+34652131393\",\"foundingDate\":\"2012-06-10\",\"logo\":{\"@type\":\"ImageObject\",\"url\":\"https:\\\/\\\/candas365.es\\\/noticias\\\/wp-content\\\/uploads\\\/2024\\\/09\\\/Candas-365-Redes.jpg\",\"@id\":\"https:\\\/\\\/candas365.es\\\/noticias\\\/aparecen-imagenes-privadas-de-hitler-en-festival-de-bayreuth\\\/#organizationLogo\",\"width\":1152,\"height\":864,\"caption\":\"Cand\\u00e1s 365 Redes\"},\"image\":{\"@id\":\"https:\\\/\\\/candas365.es\\\/noticias\\\/aparecen-imagenes-privadas-de-hitler-en-festival-de-bayreuth\\\/#organizationLogo\"},\"sameAs\":[\"https:\\\/\\\/www.facebook.com\\\/Nachofdezber\",\"https:\\\/\\\/x.com\\\/NabercoDigital\",\"https:\\\/\\\/www.instagram.com\\\/nachofdezber\\\/\",\"https:\\\/\\\/www.youtube.com\\\/channel\\\/UCZP-2wLEB9Rv6erhFmqVnvg\"],\"address\":{\"@id\":\"https:\\\/\\\/candas365.es\\\/noticias\\\/#postaladdress\",\"@type\":\"PostalAddress\",\"streetAddress\":\"san antonio 4, san antonio 4\",\"postalCode\":\"33430\",\"addressLocality\":\"Cand\\u00e1s\",\"addressRegion\":\"Asturias\",\"addressCountry\":\"ES\"}},{\"@type\":\"Person\",\"@id\":\"https:\\\/\\\/candas365.es\\\/noticias\\\/author\\\/admin\\\/#author\",\"url\":\"https:\\\/\\\/candas365.es\\\/noticias\\\/author\\\/admin\\\/\",\"name\":\"Cand\\u00e1s 365\",\"image\":{\"@type\":\"ImageObject\",\"@id\":\"https:\\\/\\\/candas365.es\\\/noticias\\\/aparecen-imagenes-privadas-de-hitler-en-festival-de-bayreuth\\\/#authorImage\",\"url\":\"https:\\\/\\\/secure.gravatar.com\\\/avatar\\\/496a8e03d0c493ede1718b7934145dbdf8d89be1036b0eec9544e1094c9de390?s=96&d=mm&r=g\",\"width\":96,\"height\":96,\"caption\":\"Cand\\u00e1s 365\"},\"sameAs\":[\"https:\\\/\\\/www.facebook.com\\\/carrenoactualidad\",\"https:\\\/\\\/twitter.com\\\/nbasturias\",\"https:\\\/\\\/www.instagram.com\\\/nachofdezber\\\/\",\"https:\\\/\\\/www.youtube.com\\\/channel\\\/UCZP-2wLEB9Rv6erhFmqVnvg\"]},{\"@type\":\"WebPage\",\"@id\":\"https:\\\/\\\/candas365.es\\\/noticias\\\/aparecen-imagenes-privadas-de-hitler-en-festival-de-bayreuth\\\/#webpage\",\"url\":\"https:\\\/\\\/candas365.es\\\/noticias\\\/aparecen-imagenes-privadas-de-hitler-en-festival-de-bayreuth\\\/\",\"name\":\"Aparecen im\\u00e1genes privadas de Hitler en Festival de Bayreuth | Cand\\u00e1s 365\",\"description\":\"Bayreuth (Alemania), 28 jul (dpa) - En las instalaciones del Festival de M\\u00fasica Wagneriana de Bayreuth aparecieron dos pel\\u00edculas hasta ahora desconocidas que muestran al dictador Adolf Hitler en privado junto a la familia del m\\u00fasico Richard Wagner. Se trata de filmaciones en blanco y negro de casi 15 minutos de duraci\\u00f3n que hab\\u00edan sido\",\"inLanguage\":\"es-ES\",\"isPartOf\":{\"@id\":\"https:\\\/\\\/candas365.es\\\/noticias\\\/#website\"},\"breadcrumb\":{\"@id\":\"https:\\\/\\\/candas365.es\\\/noticias\\\/aparecen-imagenes-privadas-de-hitler-en-festival-de-bayreuth\\\/#breadcrumblist\"},\"author\":{\"@id\":\"https:\\\/\\\/candas365.es\\\/noticias\\\/author\\\/admin\\\/#author\"},\"creator\":{\"@id\":\"https:\\\/\\\/candas365.es\\\/noticias\\\/author\\\/admin\\\/#author\"},\"image\":{\"@type\":\"ImageObject\",\"url\":\"https:\\\/\\\/candas365.es\\\/noticias\\\/wp-content\\\/uploads\\\/2015\\\/09\\\/c365noticias.jpg\",\"@id\":\"https:\\\/\\\/candas365.es\\\/noticias\\\/aparecen-imagenes-privadas-de-hitler-en-festival-de-bayreuth\\\/#mainImage\",\"width\":655,\"height\":360},\"primaryImageOfPage\":{\"@id\":\"https:\\\/\\\/candas365.es\\\/noticias\\\/aparecen-imagenes-privadas-de-hitler-en-festival-de-bayreuth\\\/#mainImage\"},\"datePublished\":\"2016-07-29T00:12:16+02:00\",\"dateModified\":\"2016-07-29T00:12:16+02:00\"},{\"@type\":\"WebSite\",\"@id\":\"https:\\\/\\\/candas365.es\\\/noticias\\\/#website\",\"url\":\"https:\\\/\\\/candas365.es\\\/noticias\\\/\",\"name\":\"Cand\\u00e1s 365\",\"alternateName\":\"Cand\\u00e1s 365 Noticias\",\"description\":\"Actualidad desde Carre\\u00f1o para el mundo\",\"inLanguage\":\"es-ES\",\"publisher\":{\"@id\":\"https:\\\/\\\/candas365.es\\\/noticias\\\/#organization\"}}]}\n\t\t<\/script>\n\t\t<!-- All in One SEO Pro -->\r\n\t\t<title>Aparecen im\u00e1genes privadas de Hitler en Festival de Bayreuth | Cand\u00e1s 365<\/title>\n\n","aioseo_head_json":{"title":"Aparecen im\u00e1genes privadas de Hitler en Festival de Bayreuth | Cand\u00e1s 365","description":"Bayreuth (Alemania), 28 jul (dpa) - En las instalaciones del Festival de M\u00fasica Wagneriana de Bayreuth aparecieron dos pel\u00edculas hasta ahora desconocidas que muestran al dictador Adolf Hitler en privado junto a la familia del m\u00fasico Richard Wagner. Se trata de filmaciones en blanco y negro de casi 15 minutos de duraci\u00f3n que hab\u00edan sido","canonical_url":"https:\/\/candas365.es\/noticias\/aparecen-imagenes-privadas-de-hitler-en-festival-de-bayreuth\/","robots":"max-image-preview:large","keywords":"actualidad","webmasterTools":{"google-site-verification":"UA-32230408-1","msvalidate.01":"354F3CDFB2DA171B47FBE9ABF1F88D5","miscellaneous":""},"schema":{"@context":"https:\/\/schema.org","@graph":[{"@type":"BreadcrumbList","@id":"https:\/\/candas365.es\/noticias\/aparecen-imagenes-privadas-de-hitler-en-festival-de-bayreuth\/#breadcrumblist","itemListElement":[{"@type":"ListItem","@id":"https:\/\/candas365.es\/noticias#listItem","position":1,"name":"Home","item":"https:\/\/candas365.es\/noticias","nextItem":{"@type":"ListItem","@id":"https:\/\/candas365.es\/noticias\/category\/actualidad\/#listItem","name":"Actualidad"}},{"@type":"ListItem","@id":"https:\/\/candas365.es\/noticias\/category\/actualidad\/#listItem","position":2,"name":"Actualidad","item":"https:\/\/candas365.es\/noticias\/category\/actualidad\/","nextItem":{"@type":"ListItem","@id":"https:\/\/candas365.es\/noticias\/aparecen-imagenes-privadas-de-hitler-en-festival-de-bayreuth\/#listItem","name":"Aparecen im\u00e1genes privadas de Hitler en Festival de Bayreuth"},"previousItem":{"@type":"ListItem","@id":"https:\/\/candas365.es\/noticias#listItem","name":"Home"}},{"@type":"ListItem","@id":"https:\/\/candas365.es\/noticias\/aparecen-imagenes-privadas-de-hitler-en-festival-de-bayreuth\/#listItem","position":3,"name":"Aparecen im\u00e1genes privadas de Hitler en Festival de Bayreuth","previousItem":{"@type":"ListItem","@id":"https:\/\/candas365.es\/noticias\/category\/actualidad\/#listItem","name":"Actualidad"}}]},{"@type":"NewsArticle","@id":"https:\/\/candas365.es\/noticias\/aparecen-imagenes-privadas-de-hitler-en-festival-de-bayreuth\/#newsarticle","name":"Aparecen im\u00e1genes privadas de Hitler en Festival de Bayreuth | Cand\u00e1s 365","headline":"Aparecen im\u00e1genes privadas de Hitler en Festival de Bayreuth","author":{"@id":"https:\/\/candas365.es\/noticias\/author\/admin\/#author"},"publisher":{"@id":"https:\/\/candas365.es\/noticias\/#organization"},"image":{"@type":"ImageObject","url":"https:\/\/candas365.es\/noticias\/wp-content\/uploads\/2015\/09\/c365noticias.jpg","width":655,"height":360},"datePublished":"2016-07-29T00:12:16+02:00","dateModified":"2016-07-29T00:12:16+02:00","inLanguage":"es-ES","mainEntityOfPage":{"@id":"https:\/\/candas365.es\/noticias\/aparecen-imagenes-privadas-de-hitler-en-festival-de-bayreuth\/#webpage"},"isPartOf":{"@id":"https:\/\/candas365.es\/noticias\/aparecen-imagenes-privadas-de-hitler-en-festival-de-bayreuth\/#webpage"},"articleSection":"Actualidad","dateline":"Publicado el julio 29, 2016."},{"@type":"Organization","@id":"https:\/\/candas365.es\/noticias\/#organization","name":"Cand\u00e1s 365","description":"Cand\u00e1s 365 es un diario digital independiente, fundado en 2012, con base en Asturias. Informamos con rigor sobre actualidad, sociedad, cultura y ocio, con una mirada local y global.","url":"https:\/\/candas365.es\/noticias\/","email":"info@candas365.es","telephone":"+34652131393","foundingDate":"2012-06-10","logo":{"@type":"ImageObject","url":"https:\/\/candas365.es\/noticias\/wp-content\/uploads\/2024\/09\/Candas-365-Redes.jpg","@id":"https:\/\/candas365.es\/noticias\/aparecen-imagenes-privadas-de-hitler-en-festival-de-bayreuth\/#organizationLogo","width":1152,"height":864,"caption":"Cand\u00e1s 365 Redes"},"image":{"@id":"https:\/\/candas365.es\/noticias\/aparecen-imagenes-privadas-de-hitler-en-festival-de-bayreuth\/#organizationLogo"},"sameAs":["https:\/\/www.facebook.com\/Nachofdezber","https:\/\/x.com\/NabercoDigital","https:\/\/www.instagram.com\/nachofdezber\/","https:\/\/www.youtube.com\/channel\/UCZP-2wLEB9Rv6erhFmqVnvg"],"address":{"@id":"https:\/\/candas365.es\/noticias\/#postaladdress","@type":"PostalAddress","streetAddress":"san antonio 4, san antonio 4","postalCode":"33430","addressLocality":"Cand\u00e1s","addressRegion":"Asturias","addressCountry":"ES"}},{"@type":"Person","@id":"https:\/\/candas365.es\/noticias\/author\/admin\/#author","url":"https:\/\/candas365.es\/noticias\/author\/admin\/","name":"Cand\u00e1s 365","image":{"@type":"ImageObject","@id":"https:\/\/candas365.es\/noticias\/aparecen-imagenes-privadas-de-hitler-en-festival-de-bayreuth\/#authorImage","url":"https:\/\/secure.gravatar.com\/avatar\/496a8e03d0c493ede1718b7934145dbdf8d89be1036b0eec9544e1094c9de390?s=96&d=mm&r=g","width":96,"height":96,"caption":"Cand\u00e1s 365"},"sameAs":["https:\/\/www.facebook.com\/carrenoactualidad","https:\/\/twitter.com\/nbasturias","https:\/\/www.instagram.com\/nachofdezber\/","https:\/\/www.youtube.com\/channel\/UCZP-2wLEB9Rv6erhFmqVnvg"]},{"@type":"WebPage","@id":"https:\/\/candas365.es\/noticias\/aparecen-imagenes-privadas-de-hitler-en-festival-de-bayreuth\/#webpage","url":"https:\/\/candas365.es\/noticias\/aparecen-imagenes-privadas-de-hitler-en-festival-de-bayreuth\/","name":"Aparecen im\u00e1genes privadas de Hitler en Festival de Bayreuth | Cand\u00e1s 365","description":"Bayreuth (Alemania), 28 jul (dpa) - En las instalaciones del Festival de M\u00fasica Wagneriana de Bayreuth aparecieron dos pel\u00edculas hasta ahora desconocidas que muestran al dictador Adolf Hitler en privado junto a la familia del m\u00fasico Richard Wagner. Se trata de filmaciones en blanco y negro de casi 15 minutos de duraci\u00f3n que hab\u00edan sido","inLanguage":"es-ES","isPartOf":{"@id":"https:\/\/candas365.es\/noticias\/#website"},"breadcrumb":{"@id":"https:\/\/candas365.es\/noticias\/aparecen-imagenes-privadas-de-hitler-en-festival-de-bayreuth\/#breadcrumblist"},"author":{"@id":"https:\/\/candas365.es\/noticias\/author\/admin\/#author"},"creator":{"@id":"https:\/\/candas365.es\/noticias\/author\/admin\/#author"},"image":{"@type":"ImageObject","url":"https:\/\/candas365.es\/noticias\/wp-content\/uploads\/2015\/09\/c365noticias.jpg","@id":"https:\/\/candas365.es\/noticias\/aparecen-imagenes-privadas-de-hitler-en-festival-de-bayreuth\/#mainImage","width":655,"height":360},"primaryImageOfPage":{"@id":"https:\/\/candas365.es\/noticias\/aparecen-imagenes-privadas-de-hitler-en-festival-de-bayreuth\/#mainImage"},"datePublished":"2016-07-29T00:12:16+02:00","dateModified":"2016-07-29T00:12:16+02:00"},{"@type":"WebSite","@id":"https:\/\/candas365.es\/noticias\/#website","url":"https:\/\/candas365.es\/noticias\/","name":"Cand\u00e1s 365","alternateName":"Cand\u00e1s 365 Noticias","description":"Actualidad desde Carre\u00f1o para el mundo","inLanguage":"es-ES","publisher":{"@id":"https:\/\/candas365.es\/noticias\/#organization"}}]},"og:locale":"es_ES","og:site_name":"Cand\u00e1s 365","og:type":"article","og:title":"Aparecen im\u00e1genes privadas de Hitler en Festival de Bayreuth | Cand\u00e1s 365","og:description":"Bayreuth (Alemania), 28 jul (dpa) - En las instalaciones del Festival de M\u00fasica Wagneriana de Bayreuth aparecieron dos pel\u00edculas hasta ahora desconocidas que muestran al dictador Adolf Hitler en privado junto a la familia del m\u00fasico Richard Wagner. Se trata de filmaciones en blanco y negro de casi 15 minutos de duraci\u00f3n que hab\u00edan sido","og:url":"https:\/\/candas365.es\/noticias\/aparecen-imagenes-privadas-de-hitler-en-festival-de-bayreuth\/","og:image":"https:\/\/candas365.es\/noticias\/wp-content\/uploads\/2015\/09\/c365noticias.jpg","og:image:secure_url":"https:\/\/candas365.es\/noticias\/wp-content\/uploads\/2015\/09\/c365noticias.jpg","og:image:width":655,"og:image:height":360,"article:published_time":"2016-07-28T22:42:16+00:00","article:modified_time":"2016-07-28T22:42:16+00:00","article:publisher":"https:\/\/www.facebook.com\/Nachofdezber","article:author":"https:\/\/www.facebook.com\/carrenoactualidad","twitter:card":"summary_large_image","twitter:site":"@NabercoDigital","twitter:title":"Aparecen im\u00e1genes privadas de Hitler en Festival de Bayreuth | Cand\u00e1s 365","twitter:description":"Bayreuth (Alemania), 28 jul (dpa) - En las instalaciones del Festival de M\u00fasica Wagneriana de Bayreuth aparecieron dos pel\u00edculas hasta ahora desconocidas que muestran al dictador Adolf Hitler en privado junto a la familia del m\u00fasico Richard Wagner. Se trata de filmaciones en blanco y negro de casi 15 minutos de duraci\u00f3n que hab\u00edan sido","twitter:creator":"@nbasturias","twitter:image":"https:\/\/candas365.es\/noticias\/wp-content\/uploads\/2015\/09\/c365noticias.jpg","twitter:label1":"Escrito por","twitter:data1":"Cand\u00e1s 365","twitter:label2":"Tiempo de lectura estimado","twitter:data2":"1 minuto"},"aioseo_meta_data":{"post_id":"32838","title":null,"description":null,"keywords":null,"keyphrases":null,"primary_term":null,"canonical_url":null,"og_title":null,"og_description":null,"og_object_type":"default","og_image_type":"default","og_image_url":null,"og_image_width":null,"og_image_height":null,"og_image_custom_url":null,"og_image_custom_fields":null,"og_video":null,"og_custom_url":null,"og_article_section":null,"og_article_tags":null,"twitter_use_og":false,"twitter_card":"default","twitter_image_type":"default","twitter_image_url":null,"twitter_image_custom_url":null,"twitter_image_custom_fields":null,"twitter_title":null,"twitter_description":null,"schema":{"blockGraphs":[],"customGraphs":[],"default":{"data":{"Article":[],"Course":[],"Dataset":[],"FAQPage":[],"Movie":[],"Person":[],"Product":[],"ProductReview":[],"Car":[],"Recipe":[],"Service":[],"SoftwareApplication":[],"WebPage":[]},"graphName":"","isEnabled":true},"graphs":[],"defaultGraph":"","defaultPostTypeGraph":""},"schema_type":null,"schema_type_options":null,"pillar_content":false,"robots_default":true,"robots_noindex":false,"robots_noarchive":false,"robots_nosnippet":false,"robots_nofollow":false,"robots_noimageindex":false,"robots_noodp":false,"robots_notranslate":false,"robots_max_snippet":null,"robots_max_videopreview":null,"robots_max_imagepreview":"large","priority":null,"frequency":null,"location":null,"local_seo":null,"seo_analyzer_scan_date":"2025-08-24 15:59:11","breadcrumb_settings":null,"limit_modified_date":false,"reviewed_by":null,"open_ai":null,"ai":null,"created":"2020-12-21 13:05:17","updated":"2025-08-24 15:59:11"},"aioseo_breadcrumb":"<div class=\"aioseo-breadcrumbs\"><span class=\"aioseo-breadcrumb\">\n\t<a href=\"https:\/\/candas365.es\/noticias\" title=\"Home\">Home<\/a>\n<\/span><span class=\"aioseo-breadcrumb-separator\">&ndash;<\/span><span class=\"aioseo-breadcrumb\">\n\t<a href=\"https:\/\/candas365.es\/noticias\/category\/actualidad\/\" title=\"Actualidad\">Actualidad<\/a>\n<\/span><span class=\"aioseo-breadcrumb-separator\">&ndash;<\/span><span class=\"aioseo-breadcrumb\">\n\tAparecen im\u00e1genes privadas de Hitler en Festival de Bayreuth\n<\/span><\/div>","aioseo_breadcrumb_json":[{"label":"Home","link":"https:\/\/candas365.es\/noticias"},{"label":"Actualidad","link":"https:\/\/candas365.es\/noticias\/category\/actualidad\/"},{"label":"Aparecen im\u00e1genes privadas de Hitler en Festival de Bayreuth","link":"https:\/\/candas365.es\/noticias\/aparecen-imagenes-privadas-de-hitler-en-festival-de-bayreuth\/"}],"_links":{"self":[{"href":"https:\/\/candas365.es\/noticias\/wp-json\/wp\/v2\/posts\/32838","targetHints":{"allow":["GET"]}}],"collection":[{"href":"https:\/\/candas365.es\/noticias\/wp-json\/wp\/v2\/posts"}],"about":[{"href":"https:\/\/candas365.es\/noticias\/wp-json\/wp\/v2\/types\/post"}],"author":[{"embeddable":true,"href":"https:\/\/candas365.es\/noticias\/wp-json\/wp\/v2\/users\/1"}],"replies":[{"embeddable":true,"href":"https:\/\/candas365.es\/noticias\/wp-json\/wp\/v2\/comments?post=32838"}],"version-history":[{"count":0,"href":"https:\/\/candas365.es\/noticias\/wp-json\/wp\/v2\/posts\/32838\/revisions"}],"wp:featuredmedia":[{"embeddable":true,"href":"https:\/\/candas365.es\/noticias\/wp-json\/wp\/v2\/media\/16457"}],"wp:attachment":[{"href":"https:\/\/candas365.es\/noticias\/wp-json\/wp\/v2\/media?parent=32838"}],"wp:term":[{"taxonomy":"category","embeddable":true,"href":"https:\/\/candas365.es\/noticias\/wp-json\/wp\/v2\/categories?post=32838"},{"taxonomy":"post_tag","embeddable":true,"href":"https:\/\/candas365.es\/noticias\/wp-json\/wp\/v2\/tags?post=32838"}],"curies":[{"name":"wp","href":"https:\/\/api.w.org\/{rel}","templated":true}]}}