{"id":32836,"date":"2016-07-29T00:11:31","date_gmt":"2016-07-28T22:41:31","guid":{"rendered":"http:\/\/candas365.es\/noticias\/?p=32836"},"modified":"2016-07-29T00:11:31","modified_gmt":"2016-07-28T22:41:31","slug":"el-atacante-de-munich-tenia-ideas-de-ultraderecha","status":"publish","type":"post","link":"https:\/\/candas365.es\/noticias\/el-atacante-de-munich-tenia-ideas-de-ultraderecha\/","title":{"rendered":"El atacante de M\u00fanich ten\u00eda ideas de ultraderecha"},"content":{"rendered":"<p>M\u00fanich, 28 jul (dpa) &#8211; El atacante que abati\u00f3 a tiros a nueve personas el viernes pasado en un centro comercial de M\u00fanich ten\u00eda ideas de ultraderecha, afirm\u00f3 ayer el diario \u00abFrankfurter Allgemeine Zeitung\u00bb en base a fuentes de seguridad.<\/p>\n<p>Seg\u00fan la informaci\u00f3n, el joven germano-iran\u00ed de 18 a\u00f1os odiaba a los turcos y a los \u00e1rabes, respecto a los cuales se sent\u00eda superior y estaba orgulloso de cumplir a\u00f1os el mismo d\u00eda que el dictador Adolf Hitler, el 20 de abril.<\/p>\n<p>La Polic\u00eda criminal de Baviera declin\u00f3 confirmar la versi\u00f3n y tampoco el ministro del Interior quiso efectuar declaraciones al respecto. \u00abEstamos examinando los motivos de este homicida en todas las direcciones\u00bb, se limit\u00f3 a se\u00f1alar la fiscal\u00eda de M\u00fanich que lleva el caso.<\/p>\n<p>El joven dispar\u00f3 a quemarropa fuera y dentro de un centro comercial en la tarde del viernes y poco despu\u00e9s se suicid\u00f3. Las v\u00edctimas eran mayormente adolescentes de fe musulmana y descend\u00edan de familias de Turqu\u00eda y Kosovo.<\/p>\n<p>Hasta ahora, las investigaciones apuntaban a que M\u00fanich hab\u00eda sido escenario de un ataque de locura homicida y se descartaban motivos pol\u00edticos.<\/p>\n<p>Sin embargo, se sabe que el atacante estaba fascinado por el ultraderechista noruego Anders Behring Breivik, autor del ba\u00f1o de sangre que se cobr\u00f3 la vida de 77 personas hace cinco a\u00f1os en Oslo y en la isla de Utoya.<\/p>\n<p>A tenor del diario, declaraciones del entorno m\u00e1s cercano del agresor de M\u00fanich se\u00f1alan que estaba orgulloso de ser \u00abario\u00bb como iran\u00ed y alem\u00e1n.<\/p>\n<p>Ir\u00e1n es considerado el lugar de origen de los arios, un pueblo del Asia Central con idioma indogerm\u00e1nico. Las nacionalsocialistas utilizaron el t\u00e9rmino \u00abario\u00bb para denominar lo que consideraban una \u00abraza superior\u00bb.<\/p>\n<p>Tambi\u00e9n se sabe que el atacante de M\u00fanich era adicto a los juegos de computadora violentos como \u00abCounterstrike\u00bb. La web \u00abSpiegel Online\u00bb precisa que jugaba con nombres como \u00abOdio\u00bb o \u00abAmoklauf\u00bb (ataque homicida) y que asustaba a los dem\u00e1s jugadores con frases racistas, especialmente sobre los turcos.<\/p>\n<p>En un video que circul\u00f3 en la red sobre una discusi\u00f3n a gritos que libr\u00f3 poco despu\u00e9s del ataque se escucha al germano-iran\u00ed decir \u00absoy alem\u00e1n\u00bb y \u00abturcos de mierda\u00bb.<\/p>\n<p>&nbsp;<\/p>\n","protected":false},"excerpt":{"rendered":"<p>M\u00fanich, 28 jul (dpa) &#8211; El atacante que abati\u00f3 a tiros a nueve personas el viernes pasado en un centro comercial de M\u00fanich ten\u00eda ideas de ultraderecha, afirm\u00f3 ayer el diario \u00abFrankfurter Allgemeine Zeitung\u00bb en base a fuentes de seguridad. Seg\u00fan la informaci\u00f3n, el joven germano-iran\u00ed de 18 a\u00f1os odiaba a los turcos y a<\/p>\n","protected":false},"author":1,"featured_media":16457,"comment_status":"closed","ping_status":"closed","sticky":false,"template":"","format":"standard","meta":{"footnotes":""},"categories":[343],"tags":[],"class_list":{"0":"post-32836","1":"post","2":"type-post","3":"status-publish","4":"format-standard","5":"has-post-thumbnail","7":"category-actualidad"},"aioseo_notices":[],"aioseo_head":"\n\t\t<!-- All in One SEO Pro 4.9.6.2 - aioseo.com -->\n\t<meta name=\"description\" content=\"M\u00fanich, 28 jul (dpa) - El atacante que abati\u00f3 a tiros a nueve personas el viernes pasado en un centro comercial de M\u00fanich ten\u00eda ideas de ultraderecha, afirm\u00f3 ayer el diario &quot;Frankfurter Allgemeine Zeitung&quot; en base a fuentes de seguridad. Seg\u00fan la informaci\u00f3n, el joven germano-iran\u00ed de 18 a\u00f1os odiaba a los turcos y a\" \/>\n\t<meta name=\"robots\" content=\"max-image-preview:large\" \/>\n\t<meta name=\"author\" content=\"Cand\u00e1s 365\"\/>\n\t<meta name=\"google-site-verification\" content=\"UA-32230408-1\" \/>\n\t<meta name=\"msvalidate.01\" content=\"354F3CDFB2DA171B47FBE9ABF1F88D5\" \/>\n\t<meta name=\"keywords\" content=\"actualidad\" \/>\n\t<link rel=\"canonical\" href=\"https:\/\/candas365.es\/noticias\/el-atacante-de-munich-tenia-ideas-de-ultraderecha\/\" \/>\n\t<meta name=\"generator\" content=\"All in One SEO Pro (AIOSEO) 4.9.6.2\" \/>\n\t\t<meta property=\"og:locale\" content=\"es_ES\" \/>\n\t\t<meta property=\"og:site_name\" content=\"Cand\u00e1s 365\" \/>\n\t\t<meta property=\"og:type\" content=\"article\" \/>\n\t\t<meta property=\"og:title\" content=\"El atacante de M\u00fanich ten\u00eda ideas de ultraderecha | Cand\u00e1s 365\" \/>\n\t\t<meta property=\"og:description\" content=\"M\u00fanich, 28 jul (dpa) - El atacante que abati\u00f3 a tiros a nueve personas el viernes pasado en un centro comercial de M\u00fanich ten\u00eda ideas de ultraderecha, afirm\u00f3 ayer el diario &quot;Frankfurter Allgemeine Zeitung&quot; en base a fuentes de seguridad. Seg\u00fan la informaci\u00f3n, el joven germano-iran\u00ed de 18 a\u00f1os odiaba a los turcos y a\" \/>\n\t\t<meta property=\"og:url\" content=\"https:\/\/candas365.es\/noticias\/el-atacante-de-munich-tenia-ideas-de-ultraderecha\/\" \/>\n\t\t<meta property=\"og:image\" content=\"https:\/\/candas365.es\/noticias\/wp-content\/uploads\/2015\/09\/c365noticias.jpg\" \/>\n\t\t<meta property=\"og:image:secure_url\" content=\"https:\/\/candas365.es\/noticias\/wp-content\/uploads\/2015\/09\/c365noticias.jpg\" \/>\n\t\t<meta property=\"og:image:width\" content=\"655\" \/>\n\t\t<meta property=\"og:image:height\" content=\"360\" \/>\n\t\t<meta property=\"article:published_time\" content=\"2016-07-28T22:41:31+00:00\" \/>\n\t\t<meta property=\"article:modified_time\" content=\"2016-07-28T22:41:31+00:00\" \/>\n\t\t<meta property=\"article:publisher\" content=\"https:\/\/www.facebook.com\/Nachofdezber\" \/>\n\t\t<meta property=\"article:author\" content=\"https:\/\/www.facebook.com\/carrenoactualidad\" \/>\n\t\t<meta name=\"twitter:card\" content=\"summary_large_image\" \/>\n\t\t<meta name=\"twitter:site\" content=\"@NabercoDigital\" \/>\n\t\t<meta name=\"twitter:title\" content=\"El atacante de M\u00fanich ten\u00eda ideas de ultraderecha | Cand\u00e1s 365\" \/>\n\t\t<meta name=\"twitter:description\" content=\"M\u00fanich, 28 jul (dpa) - El atacante que abati\u00f3 a tiros a nueve personas el viernes pasado en un centro comercial de M\u00fanich ten\u00eda ideas de ultraderecha, afirm\u00f3 ayer el diario &quot;Frankfurter Allgemeine Zeitung&quot; en base a fuentes de seguridad. Seg\u00fan la informaci\u00f3n, el joven germano-iran\u00ed de 18 a\u00f1os odiaba a los turcos y a\" \/>\n\t\t<meta name=\"twitter:creator\" content=\"@nbasturias\" \/>\n\t\t<meta name=\"twitter:image\" content=\"https:\/\/candas365.es\/noticias\/wp-content\/uploads\/2015\/09\/c365noticias.jpg\" \/>\n\t\t<meta name=\"twitter:label1\" content=\"Escrito por\" \/>\n\t\t<meta name=\"twitter:data1\" content=\"Cand\u00e1s 365\" \/>\n\t\t<meta name=\"twitter:label2\" content=\"Tiempo de lectura estimado\" \/>\n\t\t<meta name=\"twitter:data2\" content=\"2 minutos\" \/>\n\t\t<script type=\"application\/ld+json\" class=\"aioseo-schema\">\n\t\t\t{\"@context\":\"https:\\\/\\\/schema.org\",\"@graph\":[{\"@type\":\"BreadcrumbList\",\"@id\":\"https:\\\/\\\/candas365.es\\\/noticias\\\/el-atacante-de-munich-tenia-ideas-de-ultraderecha\\\/#breadcrumblist\",\"itemListElement\":[{\"@type\":\"ListItem\",\"@id\":\"https:\\\/\\\/candas365.es\\\/noticias#listItem\",\"position\":1,\"name\":\"Home\",\"item\":\"https:\\\/\\\/candas365.es\\\/noticias\",\"nextItem\":{\"@type\":\"ListItem\",\"@id\":\"https:\\\/\\\/candas365.es\\\/noticias\\\/category\\\/actualidad\\\/#listItem\",\"name\":\"Actualidad\"}},{\"@type\":\"ListItem\",\"@id\":\"https:\\\/\\\/candas365.es\\\/noticias\\\/category\\\/actualidad\\\/#listItem\",\"position\":2,\"name\":\"Actualidad\",\"item\":\"https:\\\/\\\/candas365.es\\\/noticias\\\/category\\\/actualidad\\\/\",\"nextItem\":{\"@type\":\"ListItem\",\"@id\":\"https:\\\/\\\/candas365.es\\\/noticias\\\/el-atacante-de-munich-tenia-ideas-de-ultraderecha\\\/#listItem\",\"name\":\"El atacante de M\\u00fanich ten\\u00eda ideas de ultraderecha\"},\"previousItem\":{\"@type\":\"ListItem\",\"@id\":\"https:\\\/\\\/candas365.es\\\/noticias#listItem\",\"name\":\"Home\"}},{\"@type\":\"ListItem\",\"@id\":\"https:\\\/\\\/candas365.es\\\/noticias\\\/el-atacante-de-munich-tenia-ideas-de-ultraderecha\\\/#listItem\",\"position\":3,\"name\":\"El atacante de M\\u00fanich ten\\u00eda ideas de ultraderecha\",\"previousItem\":{\"@type\":\"ListItem\",\"@id\":\"https:\\\/\\\/candas365.es\\\/noticias\\\/category\\\/actualidad\\\/#listItem\",\"name\":\"Actualidad\"}}]},{\"@type\":\"NewsArticle\",\"@id\":\"https:\\\/\\\/candas365.es\\\/noticias\\\/el-atacante-de-munich-tenia-ideas-de-ultraderecha\\\/#newsarticle\",\"name\":\"El atacante de M\\u00fanich ten\\u00eda ideas de ultraderecha | Cand\\u00e1s 365\",\"headline\":\"El atacante de M\\u00fanich ten\\u00eda ideas de ultraderecha\",\"author\":{\"@id\":\"https:\\\/\\\/candas365.es\\\/noticias\\\/author\\\/admin\\\/#author\"},\"publisher\":{\"@id\":\"https:\\\/\\\/candas365.es\\\/noticias\\\/#organization\"},\"image\":{\"@type\":\"ImageObject\",\"url\":\"https:\\\/\\\/candas365.es\\\/noticias\\\/wp-content\\\/uploads\\\/2015\\\/09\\\/c365noticias.jpg\",\"width\":655,\"height\":360},\"datePublished\":\"2016-07-29T00:11:31+02:00\",\"dateModified\":\"2016-07-29T00:11:31+02:00\",\"inLanguage\":\"es-ES\",\"mainEntityOfPage\":{\"@id\":\"https:\\\/\\\/candas365.es\\\/noticias\\\/el-atacante-de-munich-tenia-ideas-de-ultraderecha\\\/#webpage\"},\"isPartOf\":{\"@id\":\"https:\\\/\\\/candas365.es\\\/noticias\\\/el-atacante-de-munich-tenia-ideas-de-ultraderecha\\\/#webpage\"},\"articleSection\":\"Actualidad\",\"dateline\":\"Publicado el julio 29, 2016.\"},{\"@type\":\"Organization\",\"@id\":\"https:\\\/\\\/candas365.es\\\/noticias\\\/#organization\",\"name\":\"Cand\\u00e1s 365\",\"description\":\"Cand\\u00e1s 365 es un diario digital independiente, fundado en 2012, con base en Asturias. Informamos con rigor sobre actualidad, sociedad, cultura y ocio, con una mirada local y global.\",\"url\":\"https:\\\/\\\/candas365.es\\\/noticias\\\/\",\"email\":\"info@candas365.es\",\"telephone\":\"+34652131393\",\"foundingDate\":\"2012-06-10\",\"logo\":{\"@type\":\"ImageObject\",\"url\":\"https:\\\/\\\/candas365.es\\\/noticias\\\/wp-content\\\/uploads\\\/2024\\\/09\\\/Candas-365-Redes.jpg\",\"@id\":\"https:\\\/\\\/candas365.es\\\/noticias\\\/el-atacante-de-munich-tenia-ideas-de-ultraderecha\\\/#organizationLogo\",\"width\":1152,\"height\":864,\"caption\":\"Cand\\u00e1s 365 Redes\"},\"image\":{\"@id\":\"https:\\\/\\\/candas365.es\\\/noticias\\\/el-atacante-de-munich-tenia-ideas-de-ultraderecha\\\/#organizationLogo\"},\"sameAs\":[\"https:\\\/\\\/www.facebook.com\\\/Nachofdezber\",\"https:\\\/\\\/x.com\\\/NabercoDigital\",\"https:\\\/\\\/www.instagram.com\\\/nachofdezber\\\/\",\"https:\\\/\\\/www.youtube.com\\\/channel\\\/UCZP-2wLEB9Rv6erhFmqVnvg\"],\"address\":{\"@id\":\"https:\\\/\\\/candas365.es\\\/noticias\\\/#postaladdress\",\"@type\":\"PostalAddress\",\"streetAddress\":\"san antonio 4, san antonio 4\",\"postalCode\":\"33430\",\"addressLocality\":\"Cand\\u00e1s\",\"addressRegion\":\"Asturias\",\"addressCountry\":\"ES\"}},{\"@type\":\"Person\",\"@id\":\"https:\\\/\\\/candas365.es\\\/noticias\\\/author\\\/admin\\\/#author\",\"url\":\"https:\\\/\\\/candas365.es\\\/noticias\\\/author\\\/admin\\\/\",\"name\":\"Cand\\u00e1s 365\",\"image\":{\"@type\":\"ImageObject\",\"@id\":\"https:\\\/\\\/candas365.es\\\/noticias\\\/el-atacante-de-munich-tenia-ideas-de-ultraderecha\\\/#authorImage\",\"url\":\"https:\\\/\\\/secure.gravatar.com\\\/avatar\\\/496a8e03d0c493ede1718b7934145dbdf8d89be1036b0eec9544e1094c9de390?s=96&d=mm&r=g\",\"width\":96,\"height\":96,\"caption\":\"Cand\\u00e1s 365\"},\"sameAs\":[\"https:\\\/\\\/www.facebook.com\\\/carrenoactualidad\",\"https:\\\/\\\/twitter.com\\\/nbasturias\",\"https:\\\/\\\/www.instagram.com\\\/nachofdezber\\\/\",\"https:\\\/\\\/www.youtube.com\\\/channel\\\/UCZP-2wLEB9Rv6erhFmqVnvg\"]},{\"@type\":\"WebPage\",\"@id\":\"https:\\\/\\\/candas365.es\\\/noticias\\\/el-atacante-de-munich-tenia-ideas-de-ultraderecha\\\/#webpage\",\"url\":\"https:\\\/\\\/candas365.es\\\/noticias\\\/el-atacante-de-munich-tenia-ideas-de-ultraderecha\\\/\",\"name\":\"El atacante de M\\u00fanich ten\\u00eda ideas de ultraderecha | Cand\\u00e1s 365\",\"description\":\"M\\u00fanich, 28 jul (dpa) - El atacante que abati\\u00f3 a tiros a nueve personas el viernes pasado en un centro comercial de M\\u00fanich ten\\u00eda ideas de ultraderecha, afirm\\u00f3 ayer el diario \\\"Frankfurter Allgemeine Zeitung\\\" en base a fuentes de seguridad. Seg\\u00fan la informaci\\u00f3n, el joven germano-iran\\u00ed de 18 a\\u00f1os odiaba a los turcos y a\",\"inLanguage\":\"es-ES\",\"isPartOf\":{\"@id\":\"https:\\\/\\\/candas365.es\\\/noticias\\\/#website\"},\"breadcrumb\":{\"@id\":\"https:\\\/\\\/candas365.es\\\/noticias\\\/el-atacante-de-munich-tenia-ideas-de-ultraderecha\\\/#breadcrumblist\"},\"author\":{\"@id\":\"https:\\\/\\\/candas365.es\\\/noticias\\\/author\\\/admin\\\/#author\"},\"creator\":{\"@id\":\"https:\\\/\\\/candas365.es\\\/noticias\\\/author\\\/admin\\\/#author\"},\"image\":{\"@type\":\"ImageObject\",\"url\":\"https:\\\/\\\/candas365.es\\\/noticias\\\/wp-content\\\/uploads\\\/2015\\\/09\\\/c365noticias.jpg\",\"@id\":\"https:\\\/\\\/candas365.es\\\/noticias\\\/el-atacante-de-munich-tenia-ideas-de-ultraderecha\\\/#mainImage\",\"width\":655,\"height\":360},\"primaryImageOfPage\":{\"@id\":\"https:\\\/\\\/candas365.es\\\/noticias\\\/el-atacante-de-munich-tenia-ideas-de-ultraderecha\\\/#mainImage\"},\"datePublished\":\"2016-07-29T00:11:31+02:00\",\"dateModified\":\"2016-07-29T00:11:31+02:00\"},{\"@type\":\"WebSite\",\"@id\":\"https:\\\/\\\/candas365.es\\\/noticias\\\/#website\",\"url\":\"https:\\\/\\\/candas365.es\\\/noticias\\\/\",\"name\":\"Cand\\u00e1s 365\",\"alternateName\":\"Cand\\u00e1s 365 Noticias\",\"description\":\"Actualidad desde Carre\\u00f1o para el mundo\",\"inLanguage\":\"es-ES\",\"publisher\":{\"@id\":\"https:\\\/\\\/candas365.es\\\/noticias\\\/#organization\"}}]}\n\t\t<\/script>\n\t\t<!-- All in One SEO Pro -->\r\n\t\t<title>El atacante de M\u00fanich ten\u00eda ideas de ultraderecha | Cand\u00e1s 365<\/title>\n\n","aioseo_head_json":{"title":"El atacante de M\u00fanich ten\u00eda ideas de ultraderecha | Cand\u00e1s 365","description":"M\u00fanich, 28 jul (dpa) - El atacante que abati\u00f3 a tiros a nueve personas el viernes pasado en un centro comercial de M\u00fanich ten\u00eda ideas de ultraderecha, afirm\u00f3 ayer el diario \"Frankfurter Allgemeine Zeitung\" en base a fuentes de seguridad. Seg\u00fan la informaci\u00f3n, el joven germano-iran\u00ed de 18 a\u00f1os odiaba a los turcos y a","canonical_url":"https:\/\/candas365.es\/noticias\/el-atacante-de-munich-tenia-ideas-de-ultraderecha\/","robots":"max-image-preview:large","keywords":"actualidad","webmasterTools":{"google-site-verification":"UA-32230408-1","msvalidate.01":"354F3CDFB2DA171B47FBE9ABF1F88D5","miscellaneous":""},"schema":{"@context":"https:\/\/schema.org","@graph":[{"@type":"BreadcrumbList","@id":"https:\/\/candas365.es\/noticias\/el-atacante-de-munich-tenia-ideas-de-ultraderecha\/#breadcrumblist","itemListElement":[{"@type":"ListItem","@id":"https:\/\/candas365.es\/noticias#listItem","position":1,"name":"Home","item":"https:\/\/candas365.es\/noticias","nextItem":{"@type":"ListItem","@id":"https:\/\/candas365.es\/noticias\/category\/actualidad\/#listItem","name":"Actualidad"}},{"@type":"ListItem","@id":"https:\/\/candas365.es\/noticias\/category\/actualidad\/#listItem","position":2,"name":"Actualidad","item":"https:\/\/candas365.es\/noticias\/category\/actualidad\/","nextItem":{"@type":"ListItem","@id":"https:\/\/candas365.es\/noticias\/el-atacante-de-munich-tenia-ideas-de-ultraderecha\/#listItem","name":"El atacante de M\u00fanich ten\u00eda ideas de ultraderecha"},"previousItem":{"@type":"ListItem","@id":"https:\/\/candas365.es\/noticias#listItem","name":"Home"}},{"@type":"ListItem","@id":"https:\/\/candas365.es\/noticias\/el-atacante-de-munich-tenia-ideas-de-ultraderecha\/#listItem","position":3,"name":"El atacante de M\u00fanich ten\u00eda ideas de ultraderecha","previousItem":{"@type":"ListItem","@id":"https:\/\/candas365.es\/noticias\/category\/actualidad\/#listItem","name":"Actualidad"}}]},{"@type":"NewsArticle","@id":"https:\/\/candas365.es\/noticias\/el-atacante-de-munich-tenia-ideas-de-ultraderecha\/#newsarticle","name":"El atacante de M\u00fanich ten\u00eda ideas de ultraderecha | Cand\u00e1s 365","headline":"El atacante de M\u00fanich ten\u00eda ideas de ultraderecha","author":{"@id":"https:\/\/candas365.es\/noticias\/author\/admin\/#author"},"publisher":{"@id":"https:\/\/candas365.es\/noticias\/#organization"},"image":{"@type":"ImageObject","url":"https:\/\/candas365.es\/noticias\/wp-content\/uploads\/2015\/09\/c365noticias.jpg","width":655,"height":360},"datePublished":"2016-07-29T00:11:31+02:00","dateModified":"2016-07-29T00:11:31+02:00","inLanguage":"es-ES","mainEntityOfPage":{"@id":"https:\/\/candas365.es\/noticias\/el-atacante-de-munich-tenia-ideas-de-ultraderecha\/#webpage"},"isPartOf":{"@id":"https:\/\/candas365.es\/noticias\/el-atacante-de-munich-tenia-ideas-de-ultraderecha\/#webpage"},"articleSection":"Actualidad","dateline":"Publicado el julio 29, 2016."},{"@type":"Organization","@id":"https:\/\/candas365.es\/noticias\/#organization","name":"Cand\u00e1s 365","description":"Cand\u00e1s 365 es un diario digital independiente, fundado en 2012, con base en Asturias. Informamos con rigor sobre actualidad, sociedad, cultura y ocio, con una mirada local y global.","url":"https:\/\/candas365.es\/noticias\/","email":"info@candas365.es","telephone":"+34652131393","foundingDate":"2012-06-10","logo":{"@type":"ImageObject","url":"https:\/\/candas365.es\/noticias\/wp-content\/uploads\/2024\/09\/Candas-365-Redes.jpg","@id":"https:\/\/candas365.es\/noticias\/el-atacante-de-munich-tenia-ideas-de-ultraderecha\/#organizationLogo","width":1152,"height":864,"caption":"Cand\u00e1s 365 Redes"},"image":{"@id":"https:\/\/candas365.es\/noticias\/el-atacante-de-munich-tenia-ideas-de-ultraderecha\/#organizationLogo"},"sameAs":["https:\/\/www.facebook.com\/Nachofdezber","https:\/\/x.com\/NabercoDigital","https:\/\/www.instagram.com\/nachofdezber\/","https:\/\/www.youtube.com\/channel\/UCZP-2wLEB9Rv6erhFmqVnvg"],"address":{"@id":"https:\/\/candas365.es\/noticias\/#postaladdress","@type":"PostalAddress","streetAddress":"san antonio 4, san antonio 4","postalCode":"33430","addressLocality":"Cand\u00e1s","addressRegion":"Asturias","addressCountry":"ES"}},{"@type":"Person","@id":"https:\/\/candas365.es\/noticias\/author\/admin\/#author","url":"https:\/\/candas365.es\/noticias\/author\/admin\/","name":"Cand\u00e1s 365","image":{"@type":"ImageObject","@id":"https:\/\/candas365.es\/noticias\/el-atacante-de-munich-tenia-ideas-de-ultraderecha\/#authorImage","url":"https:\/\/secure.gravatar.com\/avatar\/496a8e03d0c493ede1718b7934145dbdf8d89be1036b0eec9544e1094c9de390?s=96&d=mm&r=g","width":96,"height":96,"caption":"Cand\u00e1s 365"},"sameAs":["https:\/\/www.facebook.com\/carrenoactualidad","https:\/\/twitter.com\/nbasturias","https:\/\/www.instagram.com\/nachofdezber\/","https:\/\/www.youtube.com\/channel\/UCZP-2wLEB9Rv6erhFmqVnvg"]},{"@type":"WebPage","@id":"https:\/\/candas365.es\/noticias\/el-atacante-de-munich-tenia-ideas-de-ultraderecha\/#webpage","url":"https:\/\/candas365.es\/noticias\/el-atacante-de-munich-tenia-ideas-de-ultraderecha\/","name":"El atacante de M\u00fanich ten\u00eda ideas de ultraderecha | Cand\u00e1s 365","description":"M\u00fanich, 28 jul (dpa) - El atacante que abati\u00f3 a tiros a nueve personas el viernes pasado en un centro comercial de M\u00fanich ten\u00eda ideas de ultraderecha, afirm\u00f3 ayer el diario \"Frankfurter Allgemeine Zeitung\" en base a fuentes de seguridad. Seg\u00fan la informaci\u00f3n, el joven germano-iran\u00ed de 18 a\u00f1os odiaba a los turcos y a","inLanguage":"es-ES","isPartOf":{"@id":"https:\/\/candas365.es\/noticias\/#website"},"breadcrumb":{"@id":"https:\/\/candas365.es\/noticias\/el-atacante-de-munich-tenia-ideas-de-ultraderecha\/#breadcrumblist"},"author":{"@id":"https:\/\/candas365.es\/noticias\/author\/admin\/#author"},"creator":{"@id":"https:\/\/candas365.es\/noticias\/author\/admin\/#author"},"image":{"@type":"ImageObject","url":"https:\/\/candas365.es\/noticias\/wp-content\/uploads\/2015\/09\/c365noticias.jpg","@id":"https:\/\/candas365.es\/noticias\/el-atacante-de-munich-tenia-ideas-de-ultraderecha\/#mainImage","width":655,"height":360},"primaryImageOfPage":{"@id":"https:\/\/candas365.es\/noticias\/el-atacante-de-munich-tenia-ideas-de-ultraderecha\/#mainImage"},"datePublished":"2016-07-29T00:11:31+02:00","dateModified":"2016-07-29T00:11:31+02:00"},{"@type":"WebSite","@id":"https:\/\/candas365.es\/noticias\/#website","url":"https:\/\/candas365.es\/noticias\/","name":"Cand\u00e1s 365","alternateName":"Cand\u00e1s 365 Noticias","description":"Actualidad desde Carre\u00f1o para el mundo","inLanguage":"es-ES","publisher":{"@id":"https:\/\/candas365.es\/noticias\/#organization"}}]},"og:locale":"es_ES","og:site_name":"Cand\u00e1s 365","og:type":"article","og:title":"El atacante de M\u00fanich ten\u00eda ideas de ultraderecha | Cand\u00e1s 365","og:description":"M\u00fanich, 28 jul (dpa) - El atacante que abati\u00f3 a tiros a nueve personas el viernes pasado en un centro comercial de M\u00fanich ten\u00eda ideas de ultraderecha, afirm\u00f3 ayer el diario &quot;Frankfurter Allgemeine Zeitung&quot; en base a fuentes de seguridad. Seg\u00fan la informaci\u00f3n, el joven germano-iran\u00ed de 18 a\u00f1os odiaba a los turcos y a","og:url":"https:\/\/candas365.es\/noticias\/el-atacante-de-munich-tenia-ideas-de-ultraderecha\/","og:image":"https:\/\/candas365.es\/noticias\/wp-content\/uploads\/2015\/09\/c365noticias.jpg","og:image:secure_url":"https:\/\/candas365.es\/noticias\/wp-content\/uploads\/2015\/09\/c365noticias.jpg","og:image:width":655,"og:image:height":360,"article:published_time":"2016-07-28T22:41:31+00:00","article:modified_time":"2016-07-28T22:41:31+00:00","article:publisher":"https:\/\/www.facebook.com\/Nachofdezber","article:author":"https:\/\/www.facebook.com\/carrenoactualidad","twitter:card":"summary_large_image","twitter:site":"@NabercoDigital","twitter:title":"El atacante de M\u00fanich ten\u00eda ideas de ultraderecha | Cand\u00e1s 365","twitter:description":"M\u00fanich, 28 jul (dpa) - El atacante que abati\u00f3 a tiros a nueve personas el viernes pasado en un centro comercial de M\u00fanich ten\u00eda ideas de ultraderecha, afirm\u00f3 ayer el diario &quot;Frankfurter Allgemeine Zeitung&quot; en base a fuentes de seguridad. Seg\u00fan la informaci\u00f3n, el joven germano-iran\u00ed de 18 a\u00f1os odiaba a los turcos y a","twitter:creator":"@nbasturias","twitter:image":"https:\/\/candas365.es\/noticias\/wp-content\/uploads\/2015\/09\/c365noticias.jpg","twitter:label1":"Escrito por","twitter:data1":"Cand\u00e1s 365","twitter:label2":"Tiempo de lectura estimado","twitter:data2":"2 minutos"},"aioseo_meta_data":{"post_id":"32836","title":null,"description":null,"keywords":null,"keyphrases":null,"primary_term":null,"canonical_url":null,"og_title":null,"og_description":null,"og_object_type":"default","og_image_type":"default","og_image_url":null,"og_image_width":null,"og_image_height":null,"og_image_custom_url":null,"og_image_custom_fields":null,"og_video":null,"og_custom_url":null,"og_article_section":null,"og_article_tags":null,"twitter_use_og":false,"twitter_card":"default","twitter_image_type":"default","twitter_image_url":null,"twitter_image_custom_url":null,"twitter_image_custom_fields":null,"twitter_title":null,"twitter_description":null,"schema":{"blockGraphs":[],"customGraphs":[],"default":{"data":{"Article":[],"Course":[],"Dataset":[],"FAQPage":[],"Movie":[],"Person":[],"Product":[],"ProductReview":[],"Car":[],"Recipe":[],"Service":[],"SoftwareApplication":[],"WebPage":[]},"graphName":"","isEnabled":true},"graphs":[],"defaultGraph":"","defaultPostTypeGraph":""},"schema_type":null,"schema_type_options":null,"pillar_content":false,"robots_default":true,"robots_noindex":false,"robots_noarchive":false,"robots_nosnippet":false,"robots_nofollow":false,"robots_noimageindex":false,"robots_noodp":false,"robots_notranslate":false,"robots_max_snippet":null,"robots_max_videopreview":null,"robots_max_imagepreview":"large","priority":null,"frequency":null,"location":null,"local_seo":null,"seo_analyzer_scan_date":"2025-08-24 15:59:10","breadcrumb_settings":null,"limit_modified_date":false,"reviewed_by":null,"open_ai":null,"ai":null,"created":"2020-12-21 13:05:17","updated":"2025-08-24 15:59:10"},"aioseo_breadcrumb":"<div class=\"aioseo-breadcrumbs\"><span class=\"aioseo-breadcrumb\">\n\t<a href=\"https:\/\/candas365.es\/noticias\" title=\"Home\">Home<\/a>\n<\/span><span class=\"aioseo-breadcrumb-separator\">&ndash;<\/span><span class=\"aioseo-breadcrumb\">\n\t<a href=\"https:\/\/candas365.es\/noticias\/category\/actualidad\/\" title=\"Actualidad\">Actualidad<\/a>\n<\/span><span class=\"aioseo-breadcrumb-separator\">&ndash;<\/span><span class=\"aioseo-breadcrumb\">\n\tEl atacante de M\u00fanich ten\u00eda ideas de ultraderecha\n<\/span><\/div>","aioseo_breadcrumb_json":[{"label":"Home","link":"https:\/\/candas365.es\/noticias"},{"label":"Actualidad","link":"https:\/\/candas365.es\/noticias\/category\/actualidad\/"},{"label":"El atacante de M\u00fanich ten\u00eda ideas de ultraderecha","link":"https:\/\/candas365.es\/noticias\/el-atacante-de-munich-tenia-ideas-de-ultraderecha\/"}],"_links":{"self":[{"href":"https:\/\/candas365.es\/noticias\/wp-json\/wp\/v2\/posts\/32836","targetHints":{"allow":["GET"]}}],"collection":[{"href":"https:\/\/candas365.es\/noticias\/wp-json\/wp\/v2\/posts"}],"about":[{"href":"https:\/\/candas365.es\/noticias\/wp-json\/wp\/v2\/types\/post"}],"author":[{"embeddable":true,"href":"https:\/\/candas365.es\/noticias\/wp-json\/wp\/v2\/users\/1"}],"replies":[{"embeddable":true,"href":"https:\/\/candas365.es\/noticias\/wp-json\/wp\/v2\/comments?post=32836"}],"version-history":[{"count":0,"href":"https:\/\/candas365.es\/noticias\/wp-json\/wp\/v2\/posts\/32836\/revisions"}],"wp:featuredmedia":[{"embeddable":true,"href":"https:\/\/candas365.es\/noticias\/wp-json\/wp\/v2\/media\/16457"}],"wp:attachment":[{"href":"https:\/\/candas365.es\/noticias\/wp-json\/wp\/v2\/media?parent=32836"}],"wp:term":[{"taxonomy":"category","embeddable":true,"href":"https:\/\/candas365.es\/noticias\/wp-json\/wp\/v2\/categories?post=32836"},{"taxonomy":"post_tag","embeddable":true,"href":"https:\/\/candas365.es\/noticias\/wp-json\/wp\/v2\/tags?post=32836"}],"curies":[{"name":"wp","href":"https:\/\/api.w.org\/{rel}","templated":true}]}}