{"id":32828,"date":"2016-07-29T00:07:59","date_gmt":"2016-07-28T22:37:59","guid":{"rendered":"http:\/\/candas365.es\/noticias\/?p=32828"},"modified":"2016-07-29T00:07:59","modified_gmt":"2016-07-28T22:37:59","slug":"bolivia-aguarda-apoyo-aleman-para-construir-tren-bioceanico","status":"publish","type":"post","link":"https:\/\/candas365.es\/noticias\/bolivia-aguarda-apoyo-aleman-para-construir-tren-bioceanico\/","title":{"rendered":"Bolivia aguarda apoyo alem\u00e1n para construir tren bioce\u00e1nico"},"content":{"rendered":"<p>La Paz, 28 jul (dpa) &#8211; El Gobierno de Bolivia aguarda el apoyo econ\u00f3mico de Alemania para la construcci\u00f3n del tren bioce\u00e1nico, que unir\u00e1 el puerto brasile\u00f1o de Santos, pasando por Bolivia, hasta el puerto peruano de Ilo, inform\u00f3 ayer el ministro boliviano de Obras P\u00fablicas, Milton Claros.<\/p>\n<p>El trazado Santos-Campo Grande (Brasil), Puerto Su\u00e1rez-Santa Cruz de la Sierra-La Paz (Bolivia) e Ilo (Per\u00fa) de 3.600 kil\u00f3metros costar\u00eda unos 14.000 millones de d\u00f3lares, dijo el ministro.<\/p>\n<p>\u00abAlemania tiene inter\u00e9s en el financiamiento y construcci\u00f3n del tren bioce\u00e1nico. En noviembre llegar\u00e1 al pa\u00eds una misi\u00f3n que encabezar\u00e1 el ministro de Transporte (Alexander Dobrindt) y el viceministro Rainer Bomba\u00bb, anunci\u00f3 Claros.<\/p>\n<p>Bolivia reiniciar\u00e1 en las pr\u00f3ximas semanas negociaciones con Per\u00fa y Brasil para consolidar el proyecto ferroviario que unir\u00e1 los oce\u00e1nos Atl\u00e1ntico y Pac\u00edfico.<\/p>\n<p>\u00abTenemos cuatro estudios sobre inversi\u00f3n, evaluaci\u00f3n ambiental, dise\u00f1o b\u00e1sico, costos de producci\u00f3n y operaci\u00f3n\u00bb, precis\u00f3 el ministro boliviano.<\/p>\n<p>El viceministro alem\u00e1n de Transporte e Infraestructura Digital, Rainer Bomba, visit\u00f3 La Paz en enero y dialog\u00f3 con autoridades bolivianas sobre el tren bioce\u00e1nico y otros proyectos energ\u00e9ticos en Bolivia.<\/p>\n<p>Bomba estuvo acompa\u00f1ado de representantes de las empresas alemanas Molinari Rail AG, Walo Bertschinger AG, ErvoCom International AG, Enercon, Dr\u00e4gerwerk AG &#038; Co. KGaA, Schwihag AG, Aerodata AG, KfW IPEX &#8211; Bank, DB International, Siemens y K-Utec AG Salt Technologies.<\/p>\n","protected":false},"excerpt":{"rendered":"<p>La Paz, 28 jul (dpa) &#8211; El Gobierno de Bolivia aguarda el apoyo econ\u00f3mico de Alemania para la construcci\u00f3n del tren bioce\u00e1nico, que unir\u00e1 el puerto brasile\u00f1o de Santos, pasando por Bolivia, hasta el puerto peruano de Ilo, inform\u00f3 ayer el ministro boliviano de Obras P\u00fablicas, Milton Claros. El trazado Santos-Campo Grande (Brasil), Puerto Su\u00e1rez-Santa<\/p>\n","protected":false},"author":1,"featured_media":16457,"comment_status":"closed","ping_status":"closed","sticky":false,"template":"","format":"standard","meta":{"footnotes":""},"categories":[343],"tags":[],"class_list":{"0":"post-32828","1":"post","2":"type-post","3":"status-publish","4":"format-standard","5":"has-post-thumbnail","7":"category-actualidad"},"aioseo_notices":[],"aioseo_head":"\n\t\t<!-- All in One SEO Pro 4.9.6.2 - aioseo.com -->\n\t<meta name=\"description\" content=\"La Paz, 28 jul (dpa) - El Gobierno de Bolivia aguarda el apoyo econ\u00f3mico de Alemania para la construcci\u00f3n del tren bioce\u00e1nico, que unir\u00e1 el puerto brasile\u00f1o de Santos, pasando por Bolivia, hasta el puerto peruano de Ilo, inform\u00f3 ayer el ministro boliviano de Obras P\u00fablicas, Milton Claros. El trazado Santos-Campo Grande (Brasil), Puerto Su\u00e1rez-Santa\" \/>\n\t<meta name=\"robots\" content=\"max-image-preview:large\" \/>\n\t<meta name=\"author\" content=\"Cand\u00e1s 365\"\/>\n\t<meta name=\"google-site-verification\" content=\"UA-32230408-1\" \/>\n\t<meta name=\"msvalidate.01\" content=\"354F3CDFB2DA171B47FBE9ABF1F88D5\" \/>\n\t<meta name=\"keywords\" content=\"actualidad\" \/>\n\t<link rel=\"canonical\" href=\"https:\/\/candas365.es\/noticias\/bolivia-aguarda-apoyo-aleman-para-construir-tren-bioceanico\/\" \/>\n\t<meta name=\"generator\" content=\"All in One SEO Pro (AIOSEO) 4.9.6.2\" \/>\n\t\t<meta property=\"og:locale\" content=\"es_ES\" \/>\n\t\t<meta property=\"og:site_name\" content=\"Cand\u00e1s 365\" \/>\n\t\t<meta property=\"og:type\" content=\"article\" \/>\n\t\t<meta property=\"og:title\" content=\"Bolivia aguarda apoyo alem\u00e1n para construir tren bioce\u00e1nico | Cand\u00e1s 365\" \/>\n\t\t<meta property=\"og:description\" content=\"La Paz, 28 jul (dpa) - El Gobierno de Bolivia aguarda el apoyo econ\u00f3mico de Alemania para la construcci\u00f3n del tren bioce\u00e1nico, que unir\u00e1 el puerto brasile\u00f1o de Santos, pasando por Bolivia, hasta el puerto peruano de Ilo, inform\u00f3 ayer el ministro boliviano de Obras P\u00fablicas, Milton Claros. El trazado Santos-Campo Grande (Brasil), Puerto Su\u00e1rez-Santa\" \/>\n\t\t<meta property=\"og:url\" content=\"https:\/\/candas365.es\/noticias\/bolivia-aguarda-apoyo-aleman-para-construir-tren-bioceanico\/\" \/>\n\t\t<meta property=\"og:image\" content=\"https:\/\/candas365.es\/noticias\/wp-content\/uploads\/2015\/09\/c365noticias.jpg\" \/>\n\t\t<meta property=\"og:image:secure_url\" content=\"https:\/\/candas365.es\/noticias\/wp-content\/uploads\/2015\/09\/c365noticias.jpg\" \/>\n\t\t<meta property=\"og:image:width\" content=\"655\" \/>\n\t\t<meta property=\"og:image:height\" content=\"360\" \/>\n\t\t<meta property=\"article:published_time\" content=\"2016-07-28T22:37:59+00:00\" \/>\n\t\t<meta property=\"article:modified_time\" content=\"2016-07-28T22:37:59+00:00\" \/>\n\t\t<meta property=\"article:publisher\" content=\"https:\/\/www.facebook.com\/Nachofdezber\" \/>\n\t\t<meta property=\"article:author\" content=\"https:\/\/www.facebook.com\/carrenoactualidad\" \/>\n\t\t<meta name=\"twitter:card\" content=\"summary_large_image\" \/>\n\t\t<meta name=\"twitter:site\" content=\"@NabercoDigital\" \/>\n\t\t<meta name=\"twitter:title\" content=\"Bolivia aguarda apoyo alem\u00e1n para construir tren bioce\u00e1nico | Cand\u00e1s 365\" \/>\n\t\t<meta name=\"twitter:description\" content=\"La Paz, 28 jul (dpa) - El Gobierno de Bolivia aguarda el apoyo econ\u00f3mico de Alemania para la construcci\u00f3n del tren bioce\u00e1nico, que unir\u00e1 el puerto brasile\u00f1o de Santos, pasando por Bolivia, hasta el puerto peruano de Ilo, inform\u00f3 ayer el ministro boliviano de Obras P\u00fablicas, Milton Claros. El trazado Santos-Campo Grande (Brasil), Puerto Su\u00e1rez-Santa\" \/>\n\t\t<meta name=\"twitter:creator\" content=\"@nbasturias\" \/>\n\t\t<meta name=\"twitter:image\" content=\"https:\/\/candas365.es\/noticias\/wp-content\/uploads\/2015\/09\/c365noticias.jpg\" \/>\n\t\t<meta name=\"twitter:label1\" content=\"Escrito por\" \/>\n\t\t<meta name=\"twitter:data1\" content=\"Cand\u00e1s 365\" \/>\n\t\t<meta name=\"twitter:label2\" content=\"Tiempo de lectura estimado\" \/>\n\t\t<meta name=\"twitter:data2\" content=\"1 minuto\" \/>\n\t\t<script type=\"application\/ld+json\" class=\"aioseo-schema\">\n\t\t\t{\"@context\":\"https:\\\/\\\/schema.org\",\"@graph\":[{\"@type\":\"BreadcrumbList\",\"@id\":\"https:\\\/\\\/candas365.es\\\/noticias\\\/bolivia-aguarda-apoyo-aleman-para-construir-tren-bioceanico\\\/#breadcrumblist\",\"itemListElement\":[{\"@type\":\"ListItem\",\"@id\":\"https:\\\/\\\/candas365.es\\\/noticias#listItem\",\"position\":1,\"name\":\"Home\",\"item\":\"https:\\\/\\\/candas365.es\\\/noticias\",\"nextItem\":{\"@type\":\"ListItem\",\"@id\":\"https:\\\/\\\/candas365.es\\\/noticias\\\/category\\\/actualidad\\\/#listItem\",\"name\":\"Actualidad\"}},{\"@type\":\"ListItem\",\"@id\":\"https:\\\/\\\/candas365.es\\\/noticias\\\/category\\\/actualidad\\\/#listItem\",\"position\":2,\"name\":\"Actualidad\",\"item\":\"https:\\\/\\\/candas365.es\\\/noticias\\\/category\\\/actualidad\\\/\",\"nextItem\":{\"@type\":\"ListItem\",\"@id\":\"https:\\\/\\\/candas365.es\\\/noticias\\\/bolivia-aguarda-apoyo-aleman-para-construir-tren-bioceanico\\\/#listItem\",\"name\":\"Bolivia aguarda apoyo alem\\u00e1n para construir tren bioce\\u00e1nico\"},\"previousItem\":{\"@type\":\"ListItem\",\"@id\":\"https:\\\/\\\/candas365.es\\\/noticias#listItem\",\"name\":\"Home\"}},{\"@type\":\"ListItem\",\"@id\":\"https:\\\/\\\/candas365.es\\\/noticias\\\/bolivia-aguarda-apoyo-aleman-para-construir-tren-bioceanico\\\/#listItem\",\"position\":3,\"name\":\"Bolivia aguarda apoyo alem\\u00e1n para construir tren bioce\\u00e1nico\",\"previousItem\":{\"@type\":\"ListItem\",\"@id\":\"https:\\\/\\\/candas365.es\\\/noticias\\\/category\\\/actualidad\\\/#listItem\",\"name\":\"Actualidad\"}}]},{\"@type\":\"NewsArticle\",\"@id\":\"https:\\\/\\\/candas365.es\\\/noticias\\\/bolivia-aguarda-apoyo-aleman-para-construir-tren-bioceanico\\\/#newsarticle\",\"name\":\"Bolivia aguarda apoyo alem\\u00e1n para construir tren bioce\\u00e1nico | Cand\\u00e1s 365\",\"headline\":\"Bolivia aguarda apoyo alem\\u00e1n para construir tren bioce\\u00e1nico\",\"author\":{\"@id\":\"https:\\\/\\\/candas365.es\\\/noticias\\\/author\\\/admin\\\/#author\"},\"publisher\":{\"@id\":\"https:\\\/\\\/candas365.es\\\/noticias\\\/#organization\"},\"image\":{\"@type\":\"ImageObject\",\"url\":\"https:\\\/\\\/candas365.es\\\/noticias\\\/wp-content\\\/uploads\\\/2015\\\/09\\\/c365noticias.jpg\",\"width\":655,\"height\":360},\"datePublished\":\"2016-07-29T00:07:59+02:00\",\"dateModified\":\"2016-07-29T00:07:59+02:00\",\"inLanguage\":\"es-ES\",\"mainEntityOfPage\":{\"@id\":\"https:\\\/\\\/candas365.es\\\/noticias\\\/bolivia-aguarda-apoyo-aleman-para-construir-tren-bioceanico\\\/#webpage\"},\"isPartOf\":{\"@id\":\"https:\\\/\\\/candas365.es\\\/noticias\\\/bolivia-aguarda-apoyo-aleman-para-construir-tren-bioceanico\\\/#webpage\"},\"articleSection\":\"Actualidad\",\"dateline\":\"Publicado el julio 29, 2016.\"},{\"@type\":\"Organization\",\"@id\":\"https:\\\/\\\/candas365.es\\\/noticias\\\/#organization\",\"name\":\"Cand\\u00e1s 365\",\"description\":\"Cand\\u00e1s 365 es un diario digital independiente, fundado en 2012, con base en Asturias. Informamos con rigor sobre actualidad, sociedad, cultura y ocio, con una mirada local y global.\",\"url\":\"https:\\\/\\\/candas365.es\\\/noticias\\\/\",\"email\":\"info@candas365.es\",\"telephone\":\"+34652131393\",\"foundingDate\":\"2012-06-10\",\"logo\":{\"@type\":\"ImageObject\",\"url\":\"https:\\\/\\\/candas365.es\\\/noticias\\\/wp-content\\\/uploads\\\/2024\\\/09\\\/Candas-365-Redes.jpg\",\"@id\":\"https:\\\/\\\/candas365.es\\\/noticias\\\/bolivia-aguarda-apoyo-aleman-para-construir-tren-bioceanico\\\/#organizationLogo\",\"width\":1152,\"height\":864,\"caption\":\"Cand\\u00e1s 365 Redes\"},\"image\":{\"@id\":\"https:\\\/\\\/candas365.es\\\/noticias\\\/bolivia-aguarda-apoyo-aleman-para-construir-tren-bioceanico\\\/#organizationLogo\"},\"sameAs\":[\"https:\\\/\\\/www.facebook.com\\\/Nachofdezber\",\"https:\\\/\\\/x.com\\\/NabercoDigital\",\"https:\\\/\\\/www.instagram.com\\\/nachofdezber\\\/\",\"https:\\\/\\\/www.youtube.com\\\/channel\\\/UCZP-2wLEB9Rv6erhFmqVnvg\"],\"address\":{\"@id\":\"https:\\\/\\\/candas365.es\\\/noticias\\\/#postaladdress\",\"@type\":\"PostalAddress\",\"streetAddress\":\"san antonio 4, san antonio 4\",\"postalCode\":\"33430\",\"addressLocality\":\"Cand\\u00e1s\",\"addressRegion\":\"Asturias\",\"addressCountry\":\"ES\"}},{\"@type\":\"Person\",\"@id\":\"https:\\\/\\\/candas365.es\\\/noticias\\\/author\\\/admin\\\/#author\",\"url\":\"https:\\\/\\\/candas365.es\\\/noticias\\\/author\\\/admin\\\/\",\"name\":\"Cand\\u00e1s 365\",\"image\":{\"@type\":\"ImageObject\",\"@id\":\"https:\\\/\\\/candas365.es\\\/noticias\\\/bolivia-aguarda-apoyo-aleman-para-construir-tren-bioceanico\\\/#authorImage\",\"url\":\"https:\\\/\\\/secure.gravatar.com\\\/avatar\\\/496a8e03d0c493ede1718b7934145dbdf8d89be1036b0eec9544e1094c9de390?s=96&d=mm&r=g\",\"width\":96,\"height\":96,\"caption\":\"Cand\\u00e1s 365\"},\"sameAs\":[\"https:\\\/\\\/www.facebook.com\\\/carrenoactualidad\",\"https:\\\/\\\/twitter.com\\\/nbasturias\",\"https:\\\/\\\/www.instagram.com\\\/nachofdezber\\\/\",\"https:\\\/\\\/www.youtube.com\\\/channel\\\/UCZP-2wLEB9Rv6erhFmqVnvg\"]},{\"@type\":\"WebPage\",\"@id\":\"https:\\\/\\\/candas365.es\\\/noticias\\\/bolivia-aguarda-apoyo-aleman-para-construir-tren-bioceanico\\\/#webpage\",\"url\":\"https:\\\/\\\/candas365.es\\\/noticias\\\/bolivia-aguarda-apoyo-aleman-para-construir-tren-bioceanico\\\/\",\"name\":\"Bolivia aguarda apoyo alem\\u00e1n para construir tren bioce\\u00e1nico | Cand\\u00e1s 365\",\"description\":\"La Paz, 28 jul (dpa) - El Gobierno de Bolivia aguarda el apoyo econ\\u00f3mico de Alemania para la construcci\\u00f3n del tren bioce\\u00e1nico, que unir\\u00e1 el puerto brasile\\u00f1o de Santos, pasando por Bolivia, hasta el puerto peruano de Ilo, inform\\u00f3 ayer el ministro boliviano de Obras P\\u00fablicas, Milton Claros. El trazado Santos-Campo Grande (Brasil), Puerto Su\\u00e1rez-Santa\",\"inLanguage\":\"es-ES\",\"isPartOf\":{\"@id\":\"https:\\\/\\\/candas365.es\\\/noticias\\\/#website\"},\"breadcrumb\":{\"@id\":\"https:\\\/\\\/candas365.es\\\/noticias\\\/bolivia-aguarda-apoyo-aleman-para-construir-tren-bioceanico\\\/#breadcrumblist\"},\"author\":{\"@id\":\"https:\\\/\\\/candas365.es\\\/noticias\\\/author\\\/admin\\\/#author\"},\"creator\":{\"@id\":\"https:\\\/\\\/candas365.es\\\/noticias\\\/author\\\/admin\\\/#author\"},\"image\":{\"@type\":\"ImageObject\",\"url\":\"https:\\\/\\\/candas365.es\\\/noticias\\\/wp-content\\\/uploads\\\/2015\\\/09\\\/c365noticias.jpg\",\"@id\":\"https:\\\/\\\/candas365.es\\\/noticias\\\/bolivia-aguarda-apoyo-aleman-para-construir-tren-bioceanico\\\/#mainImage\",\"width\":655,\"height\":360},\"primaryImageOfPage\":{\"@id\":\"https:\\\/\\\/candas365.es\\\/noticias\\\/bolivia-aguarda-apoyo-aleman-para-construir-tren-bioceanico\\\/#mainImage\"},\"datePublished\":\"2016-07-29T00:07:59+02:00\",\"dateModified\":\"2016-07-29T00:07:59+02:00\"},{\"@type\":\"WebSite\",\"@id\":\"https:\\\/\\\/candas365.es\\\/noticias\\\/#website\",\"url\":\"https:\\\/\\\/candas365.es\\\/noticias\\\/\",\"name\":\"Cand\\u00e1s 365\",\"alternateName\":\"Cand\\u00e1s 365 Noticias\",\"description\":\"Actualidad desde Carre\\u00f1o para el mundo\",\"inLanguage\":\"es-ES\",\"publisher\":{\"@id\":\"https:\\\/\\\/candas365.es\\\/noticias\\\/#organization\"}}]}\n\t\t<\/script>\n\t\t<!-- All in One SEO Pro -->\r\n\t\t<title>Bolivia aguarda apoyo alem\u00e1n para construir tren bioce\u00e1nico | Cand\u00e1s 365<\/title>\n\n","aioseo_head_json":{"title":"Bolivia aguarda apoyo alem\u00e1n para construir tren bioce\u00e1nico | Cand\u00e1s 365","description":"La Paz, 28 jul (dpa) - El Gobierno de Bolivia aguarda el apoyo econ\u00f3mico de Alemania para la construcci\u00f3n del tren bioce\u00e1nico, que unir\u00e1 el puerto brasile\u00f1o de Santos, pasando por Bolivia, hasta el puerto peruano de Ilo, inform\u00f3 ayer el ministro boliviano de Obras P\u00fablicas, Milton Claros. El trazado Santos-Campo Grande (Brasil), Puerto Su\u00e1rez-Santa","canonical_url":"https:\/\/candas365.es\/noticias\/bolivia-aguarda-apoyo-aleman-para-construir-tren-bioceanico\/","robots":"max-image-preview:large","keywords":"actualidad","webmasterTools":{"google-site-verification":"UA-32230408-1","msvalidate.01":"354F3CDFB2DA171B47FBE9ABF1F88D5","miscellaneous":""},"schema":{"@context":"https:\/\/schema.org","@graph":[{"@type":"BreadcrumbList","@id":"https:\/\/candas365.es\/noticias\/bolivia-aguarda-apoyo-aleman-para-construir-tren-bioceanico\/#breadcrumblist","itemListElement":[{"@type":"ListItem","@id":"https:\/\/candas365.es\/noticias#listItem","position":1,"name":"Home","item":"https:\/\/candas365.es\/noticias","nextItem":{"@type":"ListItem","@id":"https:\/\/candas365.es\/noticias\/category\/actualidad\/#listItem","name":"Actualidad"}},{"@type":"ListItem","@id":"https:\/\/candas365.es\/noticias\/category\/actualidad\/#listItem","position":2,"name":"Actualidad","item":"https:\/\/candas365.es\/noticias\/category\/actualidad\/","nextItem":{"@type":"ListItem","@id":"https:\/\/candas365.es\/noticias\/bolivia-aguarda-apoyo-aleman-para-construir-tren-bioceanico\/#listItem","name":"Bolivia aguarda apoyo alem\u00e1n para construir tren bioce\u00e1nico"},"previousItem":{"@type":"ListItem","@id":"https:\/\/candas365.es\/noticias#listItem","name":"Home"}},{"@type":"ListItem","@id":"https:\/\/candas365.es\/noticias\/bolivia-aguarda-apoyo-aleman-para-construir-tren-bioceanico\/#listItem","position":3,"name":"Bolivia aguarda apoyo alem\u00e1n para construir tren bioce\u00e1nico","previousItem":{"@type":"ListItem","@id":"https:\/\/candas365.es\/noticias\/category\/actualidad\/#listItem","name":"Actualidad"}}]},{"@type":"NewsArticle","@id":"https:\/\/candas365.es\/noticias\/bolivia-aguarda-apoyo-aleman-para-construir-tren-bioceanico\/#newsarticle","name":"Bolivia aguarda apoyo alem\u00e1n para construir tren bioce\u00e1nico | Cand\u00e1s 365","headline":"Bolivia aguarda apoyo alem\u00e1n para construir tren bioce\u00e1nico","author":{"@id":"https:\/\/candas365.es\/noticias\/author\/admin\/#author"},"publisher":{"@id":"https:\/\/candas365.es\/noticias\/#organization"},"image":{"@type":"ImageObject","url":"https:\/\/candas365.es\/noticias\/wp-content\/uploads\/2015\/09\/c365noticias.jpg","width":655,"height":360},"datePublished":"2016-07-29T00:07:59+02:00","dateModified":"2016-07-29T00:07:59+02:00","inLanguage":"es-ES","mainEntityOfPage":{"@id":"https:\/\/candas365.es\/noticias\/bolivia-aguarda-apoyo-aleman-para-construir-tren-bioceanico\/#webpage"},"isPartOf":{"@id":"https:\/\/candas365.es\/noticias\/bolivia-aguarda-apoyo-aleman-para-construir-tren-bioceanico\/#webpage"},"articleSection":"Actualidad","dateline":"Publicado el julio 29, 2016."},{"@type":"Organization","@id":"https:\/\/candas365.es\/noticias\/#organization","name":"Cand\u00e1s 365","description":"Cand\u00e1s 365 es un diario digital independiente, fundado en 2012, con base en Asturias. Informamos con rigor sobre actualidad, sociedad, cultura y ocio, con una mirada local y global.","url":"https:\/\/candas365.es\/noticias\/","email":"info@candas365.es","telephone":"+34652131393","foundingDate":"2012-06-10","logo":{"@type":"ImageObject","url":"https:\/\/candas365.es\/noticias\/wp-content\/uploads\/2024\/09\/Candas-365-Redes.jpg","@id":"https:\/\/candas365.es\/noticias\/bolivia-aguarda-apoyo-aleman-para-construir-tren-bioceanico\/#organizationLogo","width":1152,"height":864,"caption":"Cand\u00e1s 365 Redes"},"image":{"@id":"https:\/\/candas365.es\/noticias\/bolivia-aguarda-apoyo-aleman-para-construir-tren-bioceanico\/#organizationLogo"},"sameAs":["https:\/\/www.facebook.com\/Nachofdezber","https:\/\/x.com\/NabercoDigital","https:\/\/www.instagram.com\/nachofdezber\/","https:\/\/www.youtube.com\/channel\/UCZP-2wLEB9Rv6erhFmqVnvg"],"address":{"@id":"https:\/\/candas365.es\/noticias\/#postaladdress","@type":"PostalAddress","streetAddress":"san antonio 4, san antonio 4","postalCode":"33430","addressLocality":"Cand\u00e1s","addressRegion":"Asturias","addressCountry":"ES"}},{"@type":"Person","@id":"https:\/\/candas365.es\/noticias\/author\/admin\/#author","url":"https:\/\/candas365.es\/noticias\/author\/admin\/","name":"Cand\u00e1s 365","image":{"@type":"ImageObject","@id":"https:\/\/candas365.es\/noticias\/bolivia-aguarda-apoyo-aleman-para-construir-tren-bioceanico\/#authorImage","url":"https:\/\/secure.gravatar.com\/avatar\/496a8e03d0c493ede1718b7934145dbdf8d89be1036b0eec9544e1094c9de390?s=96&d=mm&r=g","width":96,"height":96,"caption":"Cand\u00e1s 365"},"sameAs":["https:\/\/www.facebook.com\/carrenoactualidad","https:\/\/twitter.com\/nbasturias","https:\/\/www.instagram.com\/nachofdezber\/","https:\/\/www.youtube.com\/channel\/UCZP-2wLEB9Rv6erhFmqVnvg"]},{"@type":"WebPage","@id":"https:\/\/candas365.es\/noticias\/bolivia-aguarda-apoyo-aleman-para-construir-tren-bioceanico\/#webpage","url":"https:\/\/candas365.es\/noticias\/bolivia-aguarda-apoyo-aleman-para-construir-tren-bioceanico\/","name":"Bolivia aguarda apoyo alem\u00e1n para construir tren bioce\u00e1nico | Cand\u00e1s 365","description":"La Paz, 28 jul (dpa) - El Gobierno de Bolivia aguarda el apoyo econ\u00f3mico de Alemania para la construcci\u00f3n del tren bioce\u00e1nico, que unir\u00e1 el puerto brasile\u00f1o de Santos, pasando por Bolivia, hasta el puerto peruano de Ilo, inform\u00f3 ayer el ministro boliviano de Obras P\u00fablicas, Milton Claros. El trazado Santos-Campo Grande (Brasil), Puerto Su\u00e1rez-Santa","inLanguage":"es-ES","isPartOf":{"@id":"https:\/\/candas365.es\/noticias\/#website"},"breadcrumb":{"@id":"https:\/\/candas365.es\/noticias\/bolivia-aguarda-apoyo-aleman-para-construir-tren-bioceanico\/#breadcrumblist"},"author":{"@id":"https:\/\/candas365.es\/noticias\/author\/admin\/#author"},"creator":{"@id":"https:\/\/candas365.es\/noticias\/author\/admin\/#author"},"image":{"@type":"ImageObject","url":"https:\/\/candas365.es\/noticias\/wp-content\/uploads\/2015\/09\/c365noticias.jpg","@id":"https:\/\/candas365.es\/noticias\/bolivia-aguarda-apoyo-aleman-para-construir-tren-bioceanico\/#mainImage","width":655,"height":360},"primaryImageOfPage":{"@id":"https:\/\/candas365.es\/noticias\/bolivia-aguarda-apoyo-aleman-para-construir-tren-bioceanico\/#mainImage"},"datePublished":"2016-07-29T00:07:59+02:00","dateModified":"2016-07-29T00:07:59+02:00"},{"@type":"WebSite","@id":"https:\/\/candas365.es\/noticias\/#website","url":"https:\/\/candas365.es\/noticias\/","name":"Cand\u00e1s 365","alternateName":"Cand\u00e1s 365 Noticias","description":"Actualidad desde Carre\u00f1o para el mundo","inLanguage":"es-ES","publisher":{"@id":"https:\/\/candas365.es\/noticias\/#organization"}}]},"og:locale":"es_ES","og:site_name":"Cand\u00e1s 365","og:type":"article","og:title":"Bolivia aguarda apoyo alem\u00e1n para construir tren bioce\u00e1nico | Cand\u00e1s 365","og:description":"La Paz, 28 jul (dpa) - El Gobierno de Bolivia aguarda el apoyo econ\u00f3mico de Alemania para la construcci\u00f3n del tren bioce\u00e1nico, que unir\u00e1 el puerto brasile\u00f1o de Santos, pasando por Bolivia, hasta el puerto peruano de Ilo, inform\u00f3 ayer el ministro boliviano de Obras P\u00fablicas, Milton Claros. El trazado Santos-Campo Grande (Brasil), Puerto Su\u00e1rez-Santa","og:url":"https:\/\/candas365.es\/noticias\/bolivia-aguarda-apoyo-aleman-para-construir-tren-bioceanico\/","og:image":"https:\/\/candas365.es\/noticias\/wp-content\/uploads\/2015\/09\/c365noticias.jpg","og:image:secure_url":"https:\/\/candas365.es\/noticias\/wp-content\/uploads\/2015\/09\/c365noticias.jpg","og:image:width":655,"og:image:height":360,"article:published_time":"2016-07-28T22:37:59+00:00","article:modified_time":"2016-07-28T22:37:59+00:00","article:publisher":"https:\/\/www.facebook.com\/Nachofdezber","article:author":"https:\/\/www.facebook.com\/carrenoactualidad","twitter:card":"summary_large_image","twitter:site":"@NabercoDigital","twitter:title":"Bolivia aguarda apoyo alem\u00e1n para construir tren bioce\u00e1nico | Cand\u00e1s 365","twitter:description":"La Paz, 28 jul (dpa) - El Gobierno de Bolivia aguarda el apoyo econ\u00f3mico de Alemania para la construcci\u00f3n del tren bioce\u00e1nico, que unir\u00e1 el puerto brasile\u00f1o de Santos, pasando por Bolivia, hasta el puerto peruano de Ilo, inform\u00f3 ayer el ministro boliviano de Obras P\u00fablicas, Milton Claros. El trazado Santos-Campo Grande (Brasil), Puerto Su\u00e1rez-Santa","twitter:creator":"@nbasturias","twitter:image":"https:\/\/candas365.es\/noticias\/wp-content\/uploads\/2015\/09\/c365noticias.jpg","twitter:label1":"Escrito por","twitter:data1":"Cand\u00e1s 365","twitter:label2":"Tiempo de lectura estimado","twitter:data2":"1 minuto"},"aioseo_meta_data":{"post_id":"32828","title":null,"description":null,"keywords":null,"keyphrases":null,"primary_term":null,"canonical_url":null,"og_title":null,"og_description":null,"og_object_type":"default","og_image_type":"default","og_image_url":null,"og_image_width":null,"og_image_height":null,"og_image_custom_url":null,"og_image_custom_fields":null,"og_video":null,"og_custom_url":null,"og_article_section":null,"og_article_tags":null,"twitter_use_og":false,"twitter_card":"default","twitter_image_type":"default","twitter_image_url":null,"twitter_image_custom_url":null,"twitter_image_custom_fields":null,"twitter_title":null,"twitter_description":null,"schema":{"blockGraphs":[],"customGraphs":[],"default":{"data":{"Article":[],"Course":[],"Dataset":[],"FAQPage":[],"Movie":[],"Person":[],"Product":[],"ProductReview":[],"Car":[],"Recipe":[],"Service":[],"SoftwareApplication":[],"WebPage":[]},"graphName":"","isEnabled":true},"graphs":[],"defaultGraph":"","defaultPostTypeGraph":""},"schema_type":null,"schema_type_options":null,"pillar_content":false,"robots_default":true,"robots_noindex":false,"robots_noarchive":false,"robots_nosnippet":false,"robots_nofollow":false,"robots_noimageindex":false,"robots_noodp":false,"robots_notranslate":false,"robots_max_snippet":null,"robots_max_videopreview":null,"robots_max_imagepreview":"large","priority":null,"frequency":null,"location":null,"local_seo":null,"seo_analyzer_scan_date":"2025-08-24 15:57:15","breadcrumb_settings":null,"limit_modified_date":false,"reviewed_by":null,"open_ai":null,"ai":null,"created":"2020-12-21 13:05:17","updated":"2025-08-24 15:57:15"},"aioseo_breadcrumb":"<div class=\"aioseo-breadcrumbs\"><span class=\"aioseo-breadcrumb\">\n\t<a href=\"https:\/\/candas365.es\/noticias\" title=\"Home\">Home<\/a>\n<\/span><span class=\"aioseo-breadcrumb-separator\">&ndash;<\/span><span class=\"aioseo-breadcrumb\">\n\t<a href=\"https:\/\/candas365.es\/noticias\/category\/actualidad\/\" title=\"Actualidad\">Actualidad<\/a>\n<\/span><span class=\"aioseo-breadcrumb-separator\">&ndash;<\/span><span class=\"aioseo-breadcrumb\">\n\tBolivia aguarda apoyo alem\u00e1n para construir tren bioce\u00e1nico\n<\/span><\/div>","aioseo_breadcrumb_json":[{"label":"Home","link":"https:\/\/candas365.es\/noticias"},{"label":"Actualidad","link":"https:\/\/candas365.es\/noticias\/category\/actualidad\/"},{"label":"Bolivia aguarda apoyo alem\u00e1n para construir tren bioce\u00e1nico","link":"https:\/\/candas365.es\/noticias\/bolivia-aguarda-apoyo-aleman-para-construir-tren-bioceanico\/"}],"_links":{"self":[{"href":"https:\/\/candas365.es\/noticias\/wp-json\/wp\/v2\/posts\/32828","targetHints":{"allow":["GET"]}}],"collection":[{"href":"https:\/\/candas365.es\/noticias\/wp-json\/wp\/v2\/posts"}],"about":[{"href":"https:\/\/candas365.es\/noticias\/wp-json\/wp\/v2\/types\/post"}],"author":[{"embeddable":true,"href":"https:\/\/candas365.es\/noticias\/wp-json\/wp\/v2\/users\/1"}],"replies":[{"embeddable":true,"href":"https:\/\/candas365.es\/noticias\/wp-json\/wp\/v2\/comments?post=32828"}],"version-history":[{"count":0,"href":"https:\/\/candas365.es\/noticias\/wp-json\/wp\/v2\/posts\/32828\/revisions"}],"wp:featuredmedia":[{"embeddable":true,"href":"https:\/\/candas365.es\/noticias\/wp-json\/wp\/v2\/media\/16457"}],"wp:attachment":[{"href":"https:\/\/candas365.es\/noticias\/wp-json\/wp\/v2\/media?parent=32828"}],"wp:term":[{"taxonomy":"category","embeddable":true,"href":"https:\/\/candas365.es\/noticias\/wp-json\/wp\/v2\/categories?post=32828"},{"taxonomy":"post_tag","embeddable":true,"href":"https:\/\/candas365.es\/noticias\/wp-json\/wp\/v2\/tags?post=32828"}],"curies":[{"name":"wp","href":"https:\/\/api.w.org\/{rel}","templated":true}]}}